{"id":64794,"date":"2018-11-22T18:12:36","date_gmt":"2018-11-22T21:12:36","guid":{"rendered":"http:\/\/anoticiaonline.com.br\/site\/?p=64794"},"modified":"2018-11-23T09:55:05","modified_gmt":"2018-11-23T12:55:05","slug":"duilio-e-o-novo-tecnico-do-nac-de-muriae","status":"publish","type":"post","link":"https:\/\/anoticiaonline.com.br\/site\/duilio-e-o-novo-tecnico-do-nac-de-muriae\/","title":{"rendered":"Du\u00edlio \u00e9 o novo t\u00e9cnico do NAC de Muria\u00e9"},"content":{"rendered":"<p><a href=\"https:\/\/anoticiaonline.com.br\/site\/wp-content\/uploads\/2018\/11\/Du\u00edlio-\u00e9-o-novo-t\u00e9cnico-do-NAC-de-Muria\u00e9.jpg\"><img fetchpriority=\"high\" decoding=\"async\" class=\"alignnone size-full wp-image-64795\" src=\"https:\/\/anoticiaonline.com.br\/site\/wp-content\/uploads\/2018\/11\/Du\u00edlio-\u00e9-o-novo-t\u00e9cnico-do-NAC-de-Muria\u00e9.jpg\" alt=\"\" width=\"800\" height=\"800\" srcset=\"https:\/\/anoticiaonline.com.br\/site\/wp-content\/uploads\/2018\/11\/Du\u00edlio-\u00e9-o-novo-t\u00e9cnico-do-NAC-de-Muria\u00e9.jpg 800w, https:\/\/anoticiaonline.com.br\/site\/wp-content\/uploads\/2018\/11\/Du\u00edlio-\u00e9-o-novo-t\u00e9cnico-do-NAC-de-Muria\u00e9-150x150.jpg 150w, https:\/\/anoticiaonline.com.br\/site\/wp-content\/uploads\/2018\/11\/Du\u00edlio-\u00e9-o-novo-t\u00e9cnico-do-NAC-de-Muria\u00e9-300x300.jpg 300w, https:\/\/anoticiaonline.com.br\/site\/wp-content\/uploads\/2018\/11\/Du\u00edlio-\u00e9-o-novo-t\u00e9cnico-do-NAC-de-Muria\u00e9-768x768.jpg 768w\" sizes=\"(max-width: 800px) 100vw, 800px\" \/><\/a><\/p>\n<p>Na quinta-feira (22), o Nacional de Muria\u00e9 divulgou, em suas redes sociais, que Du\u00edlio ser\u00e1 o comandante da equipe na disputa do M\u00f3dulo II do Campeonato Mineiro, que tem in\u00edcio marcado para fevereiro. Aos 61 anos, essa ser\u00e1 a primeira passagem de Du\u00edlio como t\u00e9cnico em Minas Gerais. Em 2018, ele trabalhou no futebol carioca, treinando o Am\u00e9rica, na 1\u00aa divis\u00e3o, e o Tigres do Brasil, na 2\u00aa divis\u00e3o.<\/p>\n<p><!--more--><\/p>\n<p>Du\u00edlio foi jogador de futebol e atuou como zagueiro, tendo conseguido grande sucesso nas passagens vitoriosas por Coritiba,\u00a0Portuguesa, Am\u00e9rica (RJ), Sporting, de Portugal e principalmente no Fluminense, onde foi bicampe\u00e3o carioca em 1983 e 1984 e conquistou o t\u00edtulo do Campeonato Brasileiro de 1984.<\/p>\n<p>Fora dos campos, iniciou a carreira com um est\u00e1gio no Belenenses, de Portugal, passando ainda pelo Am\u00e9rica (RJ) at\u00e9 retornar ao Fluminense, onde permaneceu por tr\u00eas temporadas como auxiliar-t\u00e9cnico, trabalhando com nomes como Carlos Alberto Parreira e Valdir Espinosa. Chegou a dirigir o Tricolor Carioca por algumas partidas, de forma interina.<\/p>\n<p>J\u00e1 como treinador, comandou Anapolina (GO) e Nova Igua\u00e7u (RJ), antes de partir para experi\u00eancias no exterior. Em 2004, foi para o Qadsia FC, do Kuwait, e conquistou quatro t\u00edtulos: Emir Cup, Krourafi Cup e dois campeonatos nacionais. Trabalhou ainda no Cazaquist\u00e3o e Emirados \u00c1rabes.<\/p>\n<p>No retorno ao Brasil, passou por v\u00e1rios clubes cariocas, como Portuguesa, Serrano, novamente pelo Nova Igua\u00e7u, Bonsucesso, Americano, Am\u00e9rica e Tigres.<br \/>\nTeve passagens tamb\u00e9m pelo futebol do Esp\u00edrito Santos e obteve destaque ao levar o Rio Branco ao t\u00edtulo do Campeonato Capixaba de 2015 em uma campanha hist\u00f3rica, terminando de forma invicta, com 15 vit\u00f3rias em 20 jogos.<\/p>\n<p>A data de apresenta\u00e7\u00e3o do novo treinador ainda ser\u00e1 definida. Em breve tamb\u00e9m ser\u00e3o anunciados os demais integrantes da comiss\u00e3o t\u00e9cnica.<\/p>\n<p>&nbsp;<\/p>\n<p>Cr\u00e9ditos: \/www.facebook.com\/nacmuriae\/<\/p>\n","protected":false},"excerpt":{"rendered":"<p>Na quinta-feira (22), o Nacional de Muria\u00e9 divulgou, em suas redes sociais, que Du\u00edlio ser\u00e1 o comandante da equipe na disputa do M\u00f3dulo II do Campeonato Mineiro, que tem in\u00edcio marcado para fevereiro. Aos 61 anos, essa ser\u00e1 a primeira passagem de Du\u00edlio como t\u00e9cnico em Minas Gerais. Em 2018, ele trabalhou no futebol carioca, &#8230; <a title=\"Du\u00edlio \u00e9 o novo t\u00e9cnico do NAC de Muria\u00e9\" class=\"read-more\" href=\"https:\/\/anoticiaonline.com.br\/site\/duilio-e-o-novo-tecnico-do-nac-de-muriae\/\" aria-label=\"Read more about Du\u00edlio \u00e9 o novo t\u00e9cnico do NAC de Muria\u00e9\">Ler mais<\/a><\/p>\n","protected":false},"author":2,"featured_media":64795,"comment_status":"open","ping_status":"open","sticky":false,"template":"","format":"standard","meta":{"_acf_changed":false,"_monsterinsights_skip_tracking":false,"footnotes":""},"categories":[30,29],"tags":[3429,47,326,74,325],"class_list":["post-64794","post","type-post","status-publish","format-standard","has-post-thumbnail","hentry","category-muriae","category-esporte","tag-duilio","tag-esporte","tag-futebol","tag-muriae","tag-nac"],"acf":[],"aioseo_notices":[],"aioseo_head":"\n\t\t<!-- All in One SEO 5.0.0.1 - aioseo.com -->\n\t<meta name=\"description\" content=\"Na quinta-feira (22), o Nacional de Muria\u00e9 divulgou, em suas redes sociais, que Du\u00edlio ser\u00e1 o comandante da equipe na disputa do M\u00f3dulo II do Campeonato Mineiro, que tem in\u00edcio marcado para fevereiro. Aos 61 anos, essa ser\u00e1 a primeira passagem de Du\u00edlio como t\u00e9cnico em Minas Gerais. Em 2018, ele trabalhou no futebol carioca,\" \/>\n\t<meta name=\"robots\" content=\"max-image-preview:large\" \/>\n\t<meta name=\"author\" content=\"Juliana Laviola\"\/>\n\t<link rel=\"canonical\" href=\"https:\/\/anoticiaonline.com.br\/site\/duilio-e-o-novo-tecnico-do-nac-de-muriae\/\" \/>\n\t<meta name=\"generator\" content=\"All in One SEO (AIOSEO) 5.0.0.1\" \/>\n\t\t<meta property=\"og:locale\" content=\"pt_BR\" \/>\n\t\t<meta property=\"og:site_name\" content=\"A Not\u00edcia Online - Noticias de Muria\u00e9 e regi\u00e3o\" \/>\n\t\t<meta property=\"og:type\" content=\"article\" \/>\n\t\t<meta property=\"og:title\" content=\"Du\u00edlio \u00e9 o novo t\u00e9cnico do NAC de Muria\u00e9 - A Not\u00edcia Online\" \/>\n\t\t<meta property=\"og:description\" content=\"Na quinta-feira (22), o Nacional de Muria\u00e9 divulgou, em suas redes sociais, que Du\u00edlio ser\u00e1 o comandante da equipe na disputa do M\u00f3dulo II do Campeonato Mineiro, que tem in\u00edcio marcado para fevereiro. Aos 61 anos, essa ser\u00e1 a primeira passagem de Du\u00edlio como t\u00e9cnico em Minas Gerais. Em 2018, ele trabalhou no futebol carioca,\" \/>\n\t\t<meta property=\"og:url\" content=\"https:\/\/anoticiaonline.com.br\/site\/duilio-e-o-novo-tecnico-do-nac-de-muriae\/\" \/>\n\t\t<meta property=\"og:image\" content=\"https:\/\/scontent-gig4-1.xx.fbcdn.net\/v\/t39.30808-1\/270437624_4564083193639691_6907940295614233970_n.jpg?stp=dst-jpg_s200x200_tt6&#038;_nc_cat=111&#038;ccb=1-7&#038;_nc_sid=f907e8&#038;_nc_ohc=SM1wRlP3lJwQ7kNvwEPuBYA&#038;_nc_oc=AdnqrjDN_BNjSSHWO-GbkIWH6fkGMLw4bqvL_NH6e2wMveX7G-rP2dAqsDSq1mJMOaY&#038;_nc_zt=24&#038;_nc_ht=scontent-gig4-1.xx&#038;_nc_gid=AoBFJeGrT1hVaew_6rchkQ&#038;oh=00_AfX7QmFGhQhG2jAllVgXCiM1ZrWgvtp80-Bfppyexh1QEg&#038;oe=689E923C\" \/>\n\t\t<meta property=\"og:image:secure_url\" content=\"https:\/\/scontent-gig4-1.xx.fbcdn.net\/v\/t39.30808-1\/270437624_4564083193639691_6907940295614233970_n.jpg?stp=dst-jpg_s200x200_tt6&#038;_nc_cat=111&#038;ccb=1-7&#038;_nc_sid=f907e8&#038;_nc_ohc=SM1wRlP3lJwQ7kNvwEPuBYA&#038;_nc_oc=AdnqrjDN_BNjSSHWO-GbkIWH6fkGMLw4bqvL_NH6e2wMveX7G-rP2dAqsDSq1mJMOaY&#038;_nc_zt=24&#038;_nc_ht=scontent-gig4-1.xx&#038;_nc_gid=AoBFJeGrT1hVaew_6rchkQ&#038;oh=00_AfX7QmFGhQhG2jAllVgXCiM1ZrWgvtp80-Bfppyexh1QEg&#038;oe=689E923C\" \/>\n\t\t<meta property=\"article:published_time\" content=\"2018-11-22T21:12:36+00:00\" \/>\n\t\t<meta property=\"article:modified_time\" content=\"2018-11-23T12:55:05+00:00\" \/>\n\t\t<meta name=\"twitter:card\" content=\"summary_large_image\" \/>\n\t\t<meta name=\"twitter:title\" content=\"Du\u00edlio \u00e9 o novo t\u00e9cnico do NAC de Muria\u00e9 - A Not\u00edcia Online\" \/>\n\t\t<meta name=\"twitter:description\" content=\"Na quinta-feira (22), o Nacional de Muria\u00e9 divulgou, em suas redes sociais, que Du\u00edlio ser\u00e1 o comandante da equipe na disputa do M\u00f3dulo II do Campeonato Mineiro, que tem in\u00edcio marcado para fevereiro. Aos 61 anos, essa ser\u00e1 a primeira passagem de Du\u00edlio como t\u00e9cnico em Minas Gerais. Em 2018, ele trabalhou no futebol carioca,\" \/>\n\t\t<meta name=\"twitter:image\" content=\"https:\/\/scontent-gig4-1.xx.fbcdn.net\/v\/t39.30808-1\/270437624_4564083193639691_6907940295614233970_n.jpg?stp=dst-jpg_s200x200_tt6&amp;_nc_cat=111&amp;ccb=1-7&amp;_nc_sid=f907e8&amp;_nc_ohc=SM1wRlP3lJwQ7kNvwEPuBYA&amp;_nc_oc=AdnqrjDN_BNjSSHWO-GbkIWH6fkGMLw4bqvL_NH6e2wMveX7G-rP2dAqsDSq1mJMOaY&amp;_nc_zt=24&amp;_nc_ht=scontent-gig4-1.xx&amp;_nc_gid=AoBFJeGrT1hVaew_6rchkQ&amp;oh=00_AfX7QmFGhQhG2jAllVgXCiM1ZrWgvtp80-Bfppyexh1QEg&amp;oe=689E923C\" \/>\n\t\t<script type=\"application\/ld+json\" class=\"aioseo-schema\">\n\t\t\t{\"@context\":\"https:\\\/\\\/schema.org\",\"@graph\":[{\"@type\":\"BlogPosting\",\"@id\":\"https:\\\/\\\/anoticiaonline.com.br\\\/site\\\/duilio-e-o-novo-tecnico-do-nac-de-muriae\\\/#blogposting\",\"name\":\"Du\\u00edlio \\u00e9 o novo t\\u00e9cnico do NAC de Muria\\u00e9 - A Not\\u00edcia Online\",\"headline\":\"Du\\u00edlio \\u00e9 o novo t\\u00e9cnico do NAC de Muria\\u00e9\",\"author\":{\"@id\":\"https:\\\/\\\/anoticiaonline.com.br\\\/site\\\/author\\\/juliana\\\/#author\"},\"publisher\":{\"@id\":\"https:\\\/\\\/anoticiaonline.com.br\\\/site\\\/#organization\"},\"image\":{\"@type\":\"ImageObject\",\"url\":\"https:\\\/\\\/anoticiaonline.com.br\\\/site\\\/wp-content\\\/uploads\\\/2018\\\/11\\\/Du\\u00edlio-\\u00e9-o-novo-t\\u00e9cnico-do-NAC-de-Muria\\u00e9.jpg\",\"width\":800,\"height\":800},\"datePublished\":\"2018-11-22T18:12:36-03:00\",\"dateModified\":\"2018-11-23T09:55:05-03:00\",\"inLanguage\":\"pt-BR\",\"mainEntityOfPage\":{\"@id\":\"https:\\\/\\\/anoticiaonline.com.br\\\/site\\\/duilio-e-o-novo-tecnico-do-nac-de-muriae\\\/#webpage\"},\"isPartOf\":{\"@id\":\"https:\\\/\\\/anoticiaonline.com.br\\\/site\\\/duilio-e-o-novo-tecnico-do-nac-de-muriae\\\/#webpage\"},\"articleSection\":\"Blog, Esporte, du\\u00edlio, esporte, futebol, Muria\\u00e9, nac\"},{\"@type\":\"BreadcrumbList\",\"@id\":\"https:\\\/\\\/anoticiaonline.com.br\\\/site\\\/duilio-e-o-novo-tecnico-do-nac-de-muriae\\\/#breadcrumblist\",\"itemListElement\":[{\"@type\":\"ListItem\",\"@id\":\"https:\\\/\\\/anoticiaonline.com.br\\\/site#listItem\",\"position\":1,\"name\":\"Home\",\"item\":\"https:\\\/\\\/anoticiaonline.com.br\\\/site\",\"nextItem\":{\"@type\":\"ListItem\",\"@id\":\"https:\\\/\\\/anoticiaonline.com.br\\\/site\\\/categoria\\\/esporte\\\/#listItem\",\"name\":\"Esporte\"}},{\"@type\":\"ListItem\",\"@id\":\"https:\\\/\\\/anoticiaonline.com.br\\\/site\\\/categoria\\\/esporte\\\/#listItem\",\"position\":2,\"name\":\"Esporte\",\"item\":\"https:\\\/\\\/anoticiaonline.com.br\\\/site\\\/categoria\\\/esporte\\\/\",\"nextItem\":{\"@type\":\"ListItem\",\"@id\":\"https:\\\/\\\/anoticiaonline.com.br\\\/site\\\/duilio-e-o-novo-tecnico-do-nac-de-muriae\\\/#listItem\",\"name\":\"Du\\u00edlio \\u00e9 o novo t\\u00e9cnico do NAC de Muria\\u00e9\"},\"previousItem\":{\"@type\":\"ListItem\",\"@id\":\"https:\\\/\\\/anoticiaonline.com.br\\\/site#listItem\",\"name\":\"Home\"}},{\"@type\":\"ListItem\",\"@id\":\"https:\\\/\\\/anoticiaonline.com.br\\\/site\\\/duilio-e-o-novo-tecnico-do-nac-de-muriae\\\/#listItem\",\"position\":3,\"name\":\"Du\\u00edlio \\u00e9 o novo t\\u00e9cnico do NAC de Muria\\u00e9\",\"previousItem\":{\"@type\":\"ListItem\",\"@id\":\"https:\\\/\\\/anoticiaonline.com.br\\\/site\\\/categoria\\\/esporte\\\/#listItem\",\"name\":\"Esporte\"}}]},{\"@type\":\"Organization\",\"@id\":\"https:\\\/\\\/anoticiaonline.com.br\\\/site\\\/#organization\",\"name\":\"A Not\\u00edcia Online\",\"description\":\"Noticias de Muria\\u00e9 e regi\\u00e3o\",\"url\":\"https:\\\/\\\/anoticiaonline.com.br\\\/site\\\/\",\"logo\":{\"@type\":\"ImageObject\",\"url\":\"https:\\\/\\\/scontent-gig4-1.xx.fbcdn.net\\\/v\\\/t39.30808-1\\\/270437624_4564083193639691_6907940295614233970_n.jpg?stp=dst-jpg_s200x200_tt6&_nc_cat=111&ccb=1-7&_nc_sid=f907e8&_nc_ohc=SM1wRlP3lJwQ7kNvwEPuBYA&_nc_oc=AdnqrjDN_BNjSSHWO-GbkIWH6fkGMLw4bqvL_NH6e2wMveX7G-rP2dAqsDSq1mJMOaY&_nc_zt=24&_nc_ht=scontent-gig4-1.xx&_nc_gid=AoBFJeGrT1hVaew_6rchkQ&oh=00_AfX7QmFGhQhG2jAllVgXCiM1ZrWgvtp80-Bfppyexh1QEg&oe=689E923C\",\"@id\":\"https:\\\/\\\/anoticiaonline.com.br\\\/site\\\/duilio-e-o-novo-tecnico-do-nac-de-muriae\\\/#organizationLogo\"},\"image\":{\"@id\":\"https:\\\/\\\/anoticiaonline.com.br\\\/site\\\/duilio-e-o-novo-tecnico-do-nac-de-muriae\\\/#organizationLogo\"}},{\"@type\":\"Person\",\"@id\":\"https:\\\/\\\/anoticiaonline.com.br\\\/site\\\/author\\\/juliana\\\/#author\",\"url\":\"https:\\\/\\\/anoticiaonline.com.br\\\/site\\\/author\\\/juliana\\\/\",\"name\":\"Juliana Laviola\",\"image\":{\"@type\":\"ImageObject\",\"@id\":\"https:\\\/\\\/anoticiaonline.com.br\\\/site\\\/duilio-e-o-novo-tecnico-do-nac-de-muriae\\\/#authorImage\",\"url\":\"https:\\\/\\\/secure.gravatar.com\\\/avatar\\\/b8d45f5c699b100dfaf0e543582f38f38bf94cb7ae3a5e9abf8d891a34773335?s=96&d=mm&r=g\",\"width\":96,\"height\":96,\"caption\":\"Juliana Laviola\"}},{\"@type\":\"WebPage\",\"@id\":\"https:\\\/\\\/anoticiaonline.com.br\\\/site\\\/duilio-e-o-novo-tecnico-do-nac-de-muriae\\\/#webpage\",\"url\":\"https:\\\/\\\/anoticiaonline.com.br\\\/site\\\/duilio-e-o-novo-tecnico-do-nac-de-muriae\\\/\",\"name\":\"Du\\u00edlio \\u00e9 o novo t\\u00e9cnico do NAC de Muria\\u00e9 - A Not\\u00edcia Online\",\"description\":\"Na quinta-feira (22), o Nacional de Muria\\u00e9 divulgou, em suas redes sociais, que Du\\u00edlio ser\\u00e1 o comandante da equipe na disputa do M\\u00f3dulo II do Campeonato Mineiro, que tem in\\u00edcio marcado para fevereiro. Aos 61 anos, essa ser\\u00e1 a primeira passagem de Du\\u00edlio como t\\u00e9cnico em Minas Gerais. Em 2018, ele trabalhou no futebol carioca,\",\"inLanguage\":\"pt-BR\",\"isPartOf\":{\"@id\":\"https:\\\/\\\/anoticiaonline.com.br\\\/site\\\/#website\"},\"breadcrumb\":{\"@id\":\"https:\\\/\\\/anoticiaonline.com.br\\\/site\\\/duilio-e-o-novo-tecnico-do-nac-de-muriae\\\/#breadcrumblist\"},\"author\":{\"@id\":\"https:\\\/\\\/anoticiaonline.com.br\\\/site\\\/author\\\/juliana\\\/#author\"},\"creator\":{\"@id\":\"https:\\\/\\\/anoticiaonline.com.br\\\/site\\\/author\\\/juliana\\\/#author\"},\"image\":{\"@type\":\"ImageObject\",\"url\":\"https:\\\/\\\/anoticiaonline.com.br\\\/site\\\/wp-content\\\/uploads\\\/2018\\\/11\\\/Du\\u00edlio-\\u00e9-o-novo-t\\u00e9cnico-do-NAC-de-Muria\\u00e9.jpg\",\"@id\":\"https:\\\/\\\/anoticiaonline.com.br\\\/site\\\/duilio-e-o-novo-tecnico-do-nac-de-muriae\\\/#mainImage\",\"width\":800,\"height\":800},\"primaryImageOfPage\":{\"@id\":\"https:\\\/\\\/anoticiaonline.com.br\\\/site\\\/duilio-e-o-novo-tecnico-do-nac-de-muriae\\\/#mainImage\"},\"datePublished\":\"2018-11-22T18:12:36-03:00\",\"dateModified\":\"2018-11-23T09:55:05-03:00\"},{\"@type\":\"WebSite\",\"@id\":\"https:\\\/\\\/anoticiaonline.com.br\\\/site\\\/#website\",\"url\":\"https:\\\/\\\/anoticiaonline.com.br\\\/site\\\/\",\"name\":\"A Not\\u00edcia Online\",\"description\":\"Noticias de Muria\\u00e9 e regi\\u00e3o\",\"inLanguage\":\"pt-BR\",\"publisher\":{\"@id\":\"https:\\\/\\\/anoticiaonline.com.br\\\/site\\\/#organization\"}}]}\n\t\t<\/script>\n\t\t<!-- All in One SEO -->\n\n","aioseo_head_json":{"title":"Du\u00edlio \u00e9 o novo t\u00e9cnico do NAC de Muria\u00e9 - A Not\u00edcia Online","description":"Na quinta-feira (22), o Nacional de Muria\u00e9 divulgou, em suas redes sociais, que Du\u00edlio ser\u00e1 o comandante da equipe na disputa do M\u00f3dulo II do Campeonato Mineiro, que tem in\u00edcio marcado para fevereiro. Aos 61 anos, essa ser\u00e1 a primeira passagem de Du\u00edlio como t\u00e9cnico em Minas Gerais. Em 2018, ele trabalhou no futebol carioca,","canonical_url":"https:\/\/anoticiaonline.com.br\/site\/duilio-e-o-novo-tecnico-do-nac-de-muriae\/","robots":"max-image-preview:large","keywords":"","webmasterTools":{"miscellaneous":""},"schema":{"@context":"https:\/\/schema.org","@graph":[{"@type":"BlogPosting","@id":"https:\/\/anoticiaonline.com.br\/site\/duilio-e-o-novo-tecnico-do-nac-de-muriae\/#blogposting","name":"Du\u00edlio \u00e9 o novo t\u00e9cnico do NAC de Muria\u00e9 - A Not\u00edcia Online","headline":"Du\u00edlio \u00e9 o novo t\u00e9cnico do NAC de Muria\u00e9","author":{"@id":"https:\/\/anoticiaonline.com.br\/site\/author\/juliana\/#author"},"publisher":{"@id":"https:\/\/anoticiaonline.com.br\/site\/#organization"},"image":{"@type":"ImageObject","url":"https:\/\/anoticiaonline.com.br\/site\/wp-content\/uploads\/2018\/11\/Du\u00edlio-\u00e9-o-novo-t\u00e9cnico-do-NAC-de-Muria\u00e9.jpg","width":800,"height":800},"datePublished":"2018-11-22T18:12:36-03:00","dateModified":"2018-11-23T09:55:05-03:00","inLanguage":"pt-BR","mainEntityOfPage":{"@id":"https:\/\/anoticiaonline.com.br\/site\/duilio-e-o-novo-tecnico-do-nac-de-muriae\/#webpage"},"isPartOf":{"@id":"https:\/\/anoticiaonline.com.br\/site\/duilio-e-o-novo-tecnico-do-nac-de-muriae\/#webpage"},"articleSection":"Blog, Esporte, du\u00edlio, esporte, futebol, Muria\u00e9, nac"},{"@type":"BreadcrumbList","@id":"https:\/\/anoticiaonline.com.br\/site\/duilio-e-o-novo-tecnico-do-nac-de-muriae\/#breadcrumblist","itemListElement":[{"@type":"ListItem","@id":"https:\/\/anoticiaonline.com.br\/site#listItem","position":1,"name":"Home","item":"https:\/\/anoticiaonline.com.br\/site","nextItem":{"@type":"ListItem","@id":"https:\/\/anoticiaonline.com.br\/site\/categoria\/esporte\/#listItem","name":"Esporte"}},{"@type":"ListItem","@id":"https:\/\/anoticiaonline.com.br\/site\/categoria\/esporte\/#listItem","position":2,"name":"Esporte","item":"https:\/\/anoticiaonline.com.br\/site\/categoria\/esporte\/","nextItem":{"@type":"ListItem","@id":"https:\/\/anoticiaonline.com.br\/site\/duilio-e-o-novo-tecnico-do-nac-de-muriae\/#listItem","name":"Du\u00edlio \u00e9 o novo t\u00e9cnico do NAC de Muria\u00e9"},"previousItem":{"@type":"ListItem","@id":"https:\/\/anoticiaonline.com.br\/site#listItem","name":"Home"}},{"@type":"ListItem","@id":"https:\/\/anoticiaonline.com.br\/site\/duilio-e-o-novo-tecnico-do-nac-de-muriae\/#listItem","position":3,"name":"Du\u00edlio \u00e9 o novo t\u00e9cnico do NAC de Muria\u00e9","previousItem":{"@type":"ListItem","@id":"https:\/\/anoticiaonline.com.br\/site\/categoria\/esporte\/#listItem","name":"Esporte"}}]},{"@type":"Organization","@id":"https:\/\/anoticiaonline.com.br\/site\/#organization","name":"A Not\u00edcia Online","description":"Noticias de Muria\u00e9 e regi\u00e3o","url":"https:\/\/anoticiaonline.com.br\/site\/","logo":{"@type":"ImageObject","url":"https:\/\/scontent-gig4-1.xx.fbcdn.net\/v\/t39.30808-1\/270437624_4564083193639691_6907940295614233970_n.jpg?stp=dst-jpg_s200x200_tt6&_nc_cat=111&ccb=1-7&_nc_sid=f907e8&_nc_ohc=SM1wRlP3lJwQ7kNvwEPuBYA&_nc_oc=AdnqrjDN_BNjSSHWO-GbkIWH6fkGMLw4bqvL_NH6e2wMveX7G-rP2dAqsDSq1mJMOaY&_nc_zt=24&_nc_ht=scontent-gig4-1.xx&_nc_gid=AoBFJeGrT1hVaew_6rchkQ&oh=00_AfX7QmFGhQhG2jAllVgXCiM1ZrWgvtp80-Bfppyexh1QEg&oe=689E923C","@id":"https:\/\/anoticiaonline.com.br\/site\/duilio-e-o-novo-tecnico-do-nac-de-muriae\/#organizationLogo"},"image":{"@id":"https:\/\/anoticiaonline.com.br\/site\/duilio-e-o-novo-tecnico-do-nac-de-muriae\/#organizationLogo"}},{"@type":"Person","@id":"https:\/\/anoticiaonline.com.br\/site\/author\/juliana\/#author","url":"https:\/\/anoticiaonline.com.br\/site\/author\/juliana\/","name":"Juliana Laviola","image":{"@type":"ImageObject","@id":"https:\/\/anoticiaonline.com.br\/site\/duilio-e-o-novo-tecnico-do-nac-de-muriae\/#authorImage","url":"https:\/\/secure.gravatar.com\/avatar\/b8d45f5c699b100dfaf0e543582f38f38bf94cb7ae3a5e9abf8d891a34773335?s=96&d=mm&r=g","width":96,"height":96,"caption":"Juliana Laviola"}},{"@type":"WebPage","@id":"https:\/\/anoticiaonline.com.br\/site\/duilio-e-o-novo-tecnico-do-nac-de-muriae\/#webpage","url":"https:\/\/anoticiaonline.com.br\/site\/duilio-e-o-novo-tecnico-do-nac-de-muriae\/","name":"Du\u00edlio \u00e9 o novo t\u00e9cnico do NAC de Muria\u00e9 - A Not\u00edcia Online","description":"Na quinta-feira (22), o Nacional de Muria\u00e9 divulgou, em suas redes sociais, que Du\u00edlio ser\u00e1 o comandante da equipe na disputa do M\u00f3dulo II do Campeonato Mineiro, que tem in\u00edcio marcado para fevereiro. Aos 61 anos, essa ser\u00e1 a primeira passagem de Du\u00edlio como t\u00e9cnico em Minas Gerais. Em 2018, ele trabalhou no futebol carioca,","inLanguage":"pt-BR","isPartOf":{"@id":"https:\/\/anoticiaonline.com.br\/site\/#website"},"breadcrumb":{"@id":"https:\/\/anoticiaonline.com.br\/site\/duilio-e-o-novo-tecnico-do-nac-de-muriae\/#breadcrumblist"},"author":{"@id":"https:\/\/anoticiaonline.com.br\/site\/author\/juliana\/#author"},"creator":{"@id":"https:\/\/anoticiaonline.com.br\/site\/author\/juliana\/#author"},"image":{"@type":"ImageObject","url":"https:\/\/anoticiaonline.com.br\/site\/wp-content\/uploads\/2018\/11\/Du\u00edlio-\u00e9-o-novo-t\u00e9cnico-do-NAC-de-Muria\u00e9.jpg","@id":"https:\/\/anoticiaonline.com.br\/site\/duilio-e-o-novo-tecnico-do-nac-de-muriae\/#mainImage","width":800,"height":800},"primaryImageOfPage":{"@id":"https:\/\/anoticiaonline.com.br\/site\/duilio-e-o-novo-tecnico-do-nac-de-muriae\/#mainImage"},"datePublished":"2018-11-22T18:12:36-03:00","dateModified":"2018-11-23T09:55:05-03:00"},{"@type":"WebSite","@id":"https:\/\/anoticiaonline.com.br\/site\/#website","url":"https:\/\/anoticiaonline.com.br\/site\/","name":"A Not\u00edcia Online","description":"Noticias de Muria\u00e9 e regi\u00e3o","inLanguage":"pt-BR","publisher":{"@id":"https:\/\/anoticiaonline.com.br\/site\/#organization"}}]},"og:locale":"pt_BR","og:site_name":"A Not\u00edcia Online - Noticias de Muria\u00e9 e regi\u00e3o","og:type":"article","og:title":"Du\u00edlio \u00e9 o novo t\u00e9cnico do NAC de Muria\u00e9 - A Not\u00edcia Online","og:description":"Na quinta-feira (22), o Nacional de Muria\u00e9 divulgou, em suas redes sociais, que Du\u00edlio ser\u00e1 o comandante da equipe na disputa do M\u00f3dulo II do Campeonato Mineiro, que tem in\u00edcio marcado para fevereiro. Aos 61 anos, essa ser\u00e1 a primeira passagem de Du\u00edlio como t\u00e9cnico em Minas Gerais. Em 2018, ele trabalhou no futebol carioca,","og:url":"https:\/\/anoticiaonline.com.br\/site\/duilio-e-o-novo-tecnico-do-nac-de-muriae\/","og:image":"https:\/\/scontent-gig4-1.xx.fbcdn.net\/v\/t39.30808-1\/270437624_4564083193639691_6907940295614233970_n.jpg?stp=dst-jpg_s200x200_tt6&#038;_nc_cat=111&#038;ccb=1-7&#038;_nc_sid=f907e8&#038;_nc_ohc=SM1wRlP3lJwQ7kNvwEPuBYA&#038;_nc_oc=AdnqrjDN_BNjSSHWO-GbkIWH6fkGMLw4bqvL_NH6e2wMveX7G-rP2dAqsDSq1mJMOaY&#038;_nc_zt=24&#038;_nc_ht=scontent-gig4-1.xx&#038;_nc_gid=AoBFJeGrT1hVaew_6rchkQ&#038;oh=00_AfX7QmFGhQhG2jAllVgXCiM1ZrWgvtp80-Bfppyexh1QEg&#038;oe=689E923C","og:image:secure_url":"https:\/\/scontent-gig4-1.xx.fbcdn.net\/v\/t39.30808-1\/270437624_4564083193639691_6907940295614233970_n.jpg?stp=dst-jpg_s200x200_tt6&#038;_nc_cat=111&#038;ccb=1-7&#038;_nc_sid=f907e8&#038;_nc_ohc=SM1wRlP3lJwQ7kNvwEPuBYA&#038;_nc_oc=AdnqrjDN_BNjSSHWO-GbkIWH6fkGMLw4bqvL_NH6e2wMveX7G-rP2dAqsDSq1mJMOaY&#038;_nc_zt=24&#038;_nc_ht=scontent-gig4-1.xx&#038;_nc_gid=AoBFJeGrT1hVaew_6rchkQ&#038;oh=00_AfX7QmFGhQhG2jAllVgXCiM1ZrWgvtp80-Bfppyexh1QEg&#038;oe=689E923C","article:published_time":"2018-11-22T21:12:36+00:00","article:modified_time":"2018-11-23T12:55:05+00:00","twitter:card":"summary_large_image","twitter:title":"Du\u00edlio \u00e9 o novo t\u00e9cnico do NAC de Muria\u00e9 - A Not\u00edcia Online","twitter:description":"Na quinta-feira (22), o Nacional de Muria\u00e9 divulgou, em suas redes sociais, que Du\u00edlio ser\u00e1 o comandante da equipe na disputa do M\u00f3dulo II do Campeonato Mineiro, que tem in\u00edcio marcado para fevereiro. Aos 61 anos, essa ser\u00e1 a primeira passagem de Du\u00edlio como t\u00e9cnico em Minas Gerais. Em 2018, ele trabalhou no futebol carioca,","twitter:image":"https:\/\/scontent-gig4-1.xx.fbcdn.net\/v\/t39.30808-1\/270437624_4564083193639691_6907940295614233970_n.jpg?stp=dst-jpg_s200x200_tt6&_nc_cat=111&ccb=1-7&_nc_sid=f907e8&_nc_ohc=SM1wRlP3lJwQ7kNvwEPuBYA&_nc_oc=AdnqrjDN_BNjSSHWO-GbkIWH6fkGMLw4bqvL_NH6e2wMveX7G-rP2dAqsDSq1mJMOaY&_nc_zt=24&_nc_ht=scontent-gig4-1.xx&_nc_gid=AoBFJeGrT1hVaew_6rchkQ&oh=00_AfX7QmFGhQhG2jAllVgXCiM1ZrWgvtp80-Bfppyexh1QEg&oe=689E923C"},"aioseo_meta_data":{"post_id":"64794","title":null,"description":null,"keywords":null,"keyphrases":null,"primary_term":null,"canonical_url":null,"og_title":null,"og_description":null,"og_object_type":"default","og_image_type":"default","og_image_url":null,"og_image_width":null,"og_image_height":null,"og_image_custom_url":null,"og_image_custom_fields":null,"og_video":null,"og_custom_url":null,"og_article_section":null,"og_article_tags":null,"twitter_use_og":false,"twitter_card":"default","twitter_image_type":"default","twitter_image_url":null,"twitter_image_custom_url":null,"twitter_image_custom_fields":null,"twitter_title":null,"twitter_description":null,"schema":{"blockGraphs":[],"customGraphs":[],"default":{"data":{"Article":[],"Course":[],"Dataset":[],"FAQPage":[],"Movie":[],"Person":[],"Product":[],"ProductReview":[],"Car":[],"Recipe":[],"Service":[],"SoftwareApplication":[],"WebPage":[]},"graphName":"","isEnabled":true},"graphs":[]},"schema_type":"default","schema_type_options":null,"pillar_content":false,"robots_default":true,"robots_noindex":false,"robots_noarchive":false,"robots_nosnippet":false,"robots_nofollow":false,"robots_noimageindex":false,"robots_noodp":false,"robots_notranslate":false,"robots_max_snippet":null,"robots_max_videopreview":null,"robots_max_imagepreview":"large","priority":null,"frequency":null,"local_seo":null,"breadcrumb_settings":null,"limit_modified_date":false,"ai":null,"created":"2025-08-16 22:15:03","updated":"2025-08-16 22:15:03","focus_keyword":null,"additional_keywords":null,"truseo_locale":null,"seo_analyzer_scan_date":null},"aioseo_breadcrumb":"<div class=\"aioseo-breadcrumbs\"><span class=\"aioseo-breadcrumb\">\n\t\t\t<a href=\"https:\/\/anoticiaonline.com.br\/site\" title=\"Home\">Home<\/a>\n\t\t<\/span><span class=\"aioseo-breadcrumb-separator\">&raquo;<\/span><span class=\"aioseo-breadcrumb\">\n\t\t\t<a href=\"https:\/\/anoticiaonline.com.br\/site\/categoria\/esporte\/\" title=\"Esporte\">Esporte<\/a>\n\t\t<\/span><span class=\"aioseo-breadcrumb-separator\">&raquo;<\/span><span class=\"aioseo-breadcrumb\">\n\t\t\tDu\u00edlio \u00e9 o novo t\u00e9cnico do NAC de Muria\u00e9\n\t\t<\/span><\/div>","aioseo_breadcrumb_json":[{"label":"Home","link":"https:\/\/anoticiaonline.com.br\/site"},{"label":"Esporte","link":"https:\/\/anoticiaonline.com.br\/site\/categoria\/esporte\/"},{"label":"Du\u00edlio \u00e9 o novo t\u00e9cnico do NAC de Muria\u00e9","link":"https:\/\/anoticiaonline.com.br\/site\/duilio-e-o-novo-tecnico-do-nac-de-muriae\/"}],"views":148,"_links":{"self":[{"href":"https:\/\/anoticiaonline.com.br\/site\/wp-json\/wp\/v2\/posts\/64794","targetHints":{"allow":["GET"]}}],"collection":[{"href":"https:\/\/anoticiaonline.com.br\/site\/wp-json\/wp\/v2\/posts"}],"about":[{"href":"https:\/\/anoticiaonline.com.br\/site\/wp-json\/wp\/v2\/types\/post"}],"author":[{"embeddable":true,"href":"https:\/\/anoticiaonline.com.br\/site\/wp-json\/wp\/v2\/users\/2"}],"replies":[{"embeddable":true,"href":"https:\/\/anoticiaonline.com.br\/site\/wp-json\/wp\/v2\/comments?post=64794"}],"version-history":[{"count":0,"href":"https:\/\/anoticiaonline.com.br\/site\/wp-json\/wp\/v2\/posts\/64794\/revisions"}],"wp:featuredmedia":[{"embeddable":true,"href":"https:\/\/anoticiaonline.com.br\/site\/wp-json\/wp\/v2\/media\/64795"}],"wp:attachment":[{"href":"https:\/\/anoticiaonline.com.br\/site\/wp-json\/wp\/v2\/media?parent=64794"}],"wp:term":[{"taxonomy":"category","embeddable":true,"href":"https:\/\/anoticiaonline.com.br\/site\/wp-json\/wp\/v2\/categories?post=64794"},{"taxonomy":"post_tag","embeddable":true,"href":"https:\/\/anoticiaonline.com.br\/site\/wp-json\/wp\/v2\/tags?post=64794"}],"curies":[{"name":"wp","href":"https:\/\/api.w.org\/{rel}","templated":true}]}}