{"id":64779,"date":"2018-11-22T17:14:27","date_gmt":"2018-11-22T20:14:27","guid":{"rendered":"http:\/\/anoticiaonline.com.br\/site\/?p=64779"},"modified":"2018-11-23T09:57:29","modified_gmt":"2018-11-23T12:57:29","slug":"corpo-que-estava-desaparecido-ha-tres-dias-e-encontrado-no-bairro-jose-cirilo","status":"publish","type":"post","link":"https:\/\/anoticiaonline.com.br\/site\/corpo-que-estava-desaparecido-ha-tres-dias-e-encontrado-no-bairro-jose-cirilo\/","title":{"rendered":"Corpo que estava desaparecido h\u00e1 tr\u00eas dias \u00e9 encontrado no Rio Muria\u00e9"},"content":{"rendered":"<p><a href=\"https:\/\/anoticiaonline.com.br\/site\/wp-content\/uploads\/2018\/11\/WhatsApp-Image-2018-11-22-at-18.41.01-1.jpeg\"><img fetchpriority=\"high\" decoding=\"async\" class=\"alignnone size-full wp-image-64784\" src=\"https:\/\/anoticiaonline.com.br\/site\/wp-content\/uploads\/2018\/11\/WhatsApp-Image-2018-11-22-at-18.41.01-1.jpeg\" alt=\"\" width=\"1000\" height=\"750\" srcset=\"https:\/\/anoticiaonline.com.br\/site\/wp-content\/uploads\/2018\/11\/WhatsApp-Image-2018-11-22-at-18.41.01-1.jpeg 1000w, https:\/\/anoticiaonline.com.br\/site\/wp-content\/uploads\/2018\/11\/WhatsApp-Image-2018-11-22-at-18.41.01-1-300x225.jpeg 300w, https:\/\/anoticiaonline.com.br\/site\/wp-content\/uploads\/2018\/11\/WhatsApp-Image-2018-11-22-at-18.41.01-1-768x576.jpeg 768w, https:\/\/anoticiaonline.com.br\/site\/wp-content\/uploads\/2018\/11\/WhatsApp-Image-2018-11-22-at-18.41.01-1-105x80.jpeg 105w\" sizes=\"(max-width: 1000px) 100vw, 1000px\" \/><\/a> <a href=\"https:\/\/anoticiaonline.com.br\/site\/wp-content\/uploads\/2018\/11\/WhatsApp-Image-2018-11-22-at-18.41.01.jpeg\"><img decoding=\"async\" class=\"alignnone size-full wp-image-64785\" src=\"https:\/\/anoticiaonline.com.br\/site\/wp-content\/uploads\/2018\/11\/WhatsApp-Image-2018-11-22-at-18.41.01.jpeg\" alt=\"\" width=\"1000\" height=\"750\" srcset=\"https:\/\/anoticiaonline.com.br\/site\/wp-content\/uploads\/2018\/11\/WhatsApp-Image-2018-11-22-at-18.41.01.jpeg 1000w, https:\/\/anoticiaonline.com.br\/site\/wp-content\/uploads\/2018\/11\/WhatsApp-Image-2018-11-22-at-18.41.01-300x225.jpeg 300w, https:\/\/anoticiaonline.com.br\/site\/wp-content\/uploads\/2018\/11\/WhatsApp-Image-2018-11-22-at-18.41.01-768x576.jpeg 768w, https:\/\/anoticiaonline.com.br\/site\/wp-content\/uploads\/2018\/11\/WhatsApp-Image-2018-11-22-at-18.41.01-105x80.jpeg 105w\" sizes=\"(max-width: 1000px) 100vw, 1000px\" \/><\/a><\/p>\n<p>Ap\u00f3s tr\u00eas dias de buscas pelo Rio Muria\u00e9, o Corpo de Bombeiros localizou o corpo de\u00a0Alo\u00edsio Fernando Sergio, de 32 anos, morador do bairro Bom Pastor,\u00a0 na tarde de quinta-feira (22).<\/p>\n<p>Na quarta-feira (21), o Corpo de Bombeiros realizava as buscas com o uso de um pequeno bote. Segundo os militares, no local ao menos duas pessoas relataram ter visto um homem desaparecer nas \u00e1guas do rio ap\u00f3s pular da ponte do Santana, na ter\u00e7a-feira (20).<\/p>\n<p><a href=\"https:\/\/anoticiaonline.com.br\/site\/wp-content\/uploads\/2018\/11\/Corpo-que-estava-desaparecido-h\u00e1-tr\u00eas-dias-\u00e9-encontrado-no-Bairro-Jos\u00e9-Cirilo-2.jpeg\"><img decoding=\"async\" class=\"wp-image-64780 size-full\" src=\"https:\/\/anoticiaonline.com.br\/site\/wp-content\/uploads\/2018\/11\/Corpo-que-estava-desaparecido-h\u00e1-tr\u00eas-dias-\u00e9-encontrado-no-Bairro-Jos\u00e9-Cirilo-2.jpeg\" alt=\"\" width=\"1000\" height=\"750\" srcset=\"https:\/\/anoticiaonline.com.br\/site\/wp-content\/uploads\/2018\/11\/Corpo-que-estava-desaparecido-h\u00e1-tr\u00eas-dias-\u00e9-encontrado-no-Bairro-Jos\u00e9-Cirilo-2.jpeg 1000w, https:\/\/anoticiaonline.com.br\/site\/wp-content\/uploads\/2018\/11\/Corpo-que-estava-desaparecido-h\u00e1-tr\u00eas-dias-\u00e9-encontrado-no-Bairro-Jos\u00e9-Cirilo-2-300x225.jpeg 300w, https:\/\/anoticiaonline.com.br\/site\/wp-content\/uploads\/2018\/11\/Corpo-que-estava-desaparecido-h\u00e1-tr\u00eas-dias-\u00e9-encontrado-no-Bairro-Jos\u00e9-Cirilo-2-768x576.jpeg 768w, https:\/\/anoticiaonline.com.br\/site\/wp-content\/uploads\/2018\/11\/Corpo-que-estava-desaparecido-h\u00e1-tr\u00eas-dias-\u00e9-encontrado-no-Bairro-Jos\u00e9-Cirilo-2-105x80.jpeg 105w\" sizes=\"(max-width: 1000px) 100vw, 1000px\" \/><\/a><\/p>\n<p>Na quarta-feira (21), o Corpo de Bombeiros, com o uso de um pequeno bote, realizava buscas \u00e0s margens do Rio Muria\u00e9<a href=\"https:\/\/anoticiaonline.com.br\/site\/wp-content\/uploads\/2018\/11\/Corpo-que-estava-desaparecido-h\u00e1-tr\u00eas-dias-\u00e9-encontrado-no-Bairro-Jos\u00e9-Cirilo.jpeg\"><img loading=\"lazy\" decoding=\"async\" class=\"alignnone size-full wp-image-64781\" src=\"https:\/\/anoticiaonline.com.br\/site\/wp-content\/uploads\/2018\/11\/Corpo-que-estava-desaparecido-h\u00e1-tr\u00eas-dias-\u00e9-encontrado-no-Bairro-Jos\u00e9-Cirilo.jpeg\" alt=\"\" width=\"1000\" height=\"750\" srcset=\"https:\/\/anoticiaonline.com.br\/site\/wp-content\/uploads\/2018\/11\/Corpo-que-estava-desaparecido-h\u00e1-tr\u00eas-dias-\u00e9-encontrado-no-Bairro-Jos\u00e9-Cirilo.jpeg 1000w, https:\/\/anoticiaonline.com.br\/site\/wp-content\/uploads\/2018\/11\/Corpo-que-estava-desaparecido-h\u00e1-tr\u00eas-dias-\u00e9-encontrado-no-Bairro-Jos\u00e9-Cirilo-300x225.jpeg 300w, https:\/\/anoticiaonline.com.br\/site\/wp-content\/uploads\/2018\/11\/Corpo-que-estava-desaparecido-h\u00e1-tr\u00eas-dias-\u00e9-encontrado-no-Bairro-Jos\u00e9-Cirilo-768x576.jpeg 768w, https:\/\/anoticiaonline.com.br\/site\/wp-content\/uploads\/2018\/11\/Corpo-que-estava-desaparecido-h\u00e1-tr\u00eas-dias-\u00e9-encontrado-no-Bairro-Jos\u00e9-Cirilo-105x80.jpeg 105w\" sizes=\"(max-width: 1000px) 100vw, 1000px\" \/><\/a><\/p>\n<p>Cr\u00e9ditos: Corpo de Bombeiros de Muria\u00e9<\/p>\n","protected":false},"excerpt":{"rendered":"<p>Ap\u00f3s tr\u00eas dias de buscas pelo Rio Muria\u00e9, o Corpo de Bombeiros localizou o corpo de\u00a0Alo\u00edsio Fernando Sergio, de 32 anos, morador do bairro Bom Pastor,\u00a0 na tarde de quinta-feira (22). Na quarta-feira (21), o Corpo de Bombeiros realizava as buscas com o uso de um pequeno bote. Segundo os militares, no local ao menos &#8230; <a title=\"Corpo que estava desaparecido h\u00e1 tr\u00eas dias \u00e9 encontrado no Rio Muria\u00e9\" class=\"read-more\" href=\"https:\/\/anoticiaonline.com.br\/site\/corpo-que-estava-desaparecido-ha-tres-dias-e-encontrado-no-bairro-jose-cirilo\/\" aria-label=\"Read more about Corpo que estava desaparecido h\u00e1 tr\u00eas dias \u00e9 encontrado no Rio Muria\u00e9\">Ler mais<\/a><\/p>\n","protected":false},"author":2,"featured_media":64785,"comment_status":"open","ping_status":"open","sticky":false,"template":"","format":"standard","meta":{"_acf_changed":false,"_monsterinsights_skip_tracking":false,"footnotes":""},"categories":[30,2893,2892],"tags":[1038,1951,74,3428,823],"class_list":["post-64779","post","type-post","status-publish","format-standard","has-post-thumbnail","hentry","category-muriae","category-cotidiano","category-policia","tag-bombeiros","tag-corpo","tag-muriae","tag-resgate","tag-rio"],"acf":[],"aioseo_notices":[],"aioseo_head":"\n\t\t<!-- All in One SEO 5.0.0.1 - aioseo.com -->\n\t<meta name=\"description\" content=\"Ap\u00f3s tr\u00eas dias de buscas pelo Rio Muria\u00e9, o Corpo de Bombeiros localizou o corpo de Alo\u00edsio Fernando Sergio, de 32 anos, morador do bairro Bom Pastor, na tarde de quinta-feira (22). Na quarta-feira (21), o Corpo de Bombeiros realizava as buscas com o uso de um pequeno bote. Segundo os militares, no local ao menos\" \/>\n\t<meta name=\"robots\" content=\"max-image-preview:large\" \/>\n\t<meta name=\"author\" content=\"Juliana Laviola\"\/>\n\t<link rel=\"canonical\" href=\"https:\/\/anoticiaonline.com.br\/site\/corpo-que-estava-desaparecido-ha-tres-dias-e-encontrado-no-bairro-jose-cirilo\/\" \/>\n\t<meta name=\"generator\" content=\"All in One SEO (AIOSEO) 5.0.0.1\" \/>\n\t\t<meta property=\"og:locale\" content=\"pt_BR\" \/>\n\t\t<meta property=\"og:site_name\" content=\"A Not\u00edcia Online - Noticias de Muria\u00e9 e regi\u00e3o\" \/>\n\t\t<meta property=\"og:type\" content=\"article\" \/>\n\t\t<meta property=\"og:title\" content=\"Corpo que estava desaparecido h\u00e1 tr\u00eas dias \u00e9 encontrado no Rio Muria\u00e9 - A Not\u00edcia Online\" \/>\n\t\t<meta property=\"og:description\" content=\"Ap\u00f3s tr\u00eas dias de buscas pelo Rio Muria\u00e9, o Corpo de Bombeiros localizou o corpo de Alo\u00edsio Fernando Sergio, de 32 anos, morador do bairro Bom Pastor, na tarde de quinta-feira (22). Na quarta-feira (21), o Corpo de Bombeiros realizava as buscas com o uso de um pequeno bote. Segundo os militares, no local ao menos\" \/>\n\t\t<meta property=\"og:url\" content=\"https:\/\/anoticiaonline.com.br\/site\/corpo-que-estava-desaparecido-ha-tres-dias-e-encontrado-no-bairro-jose-cirilo\/\" \/>\n\t\t<meta property=\"og:image\" content=\"https:\/\/scontent-gig4-1.xx.fbcdn.net\/v\/t39.30808-1\/270437624_4564083193639691_6907940295614233970_n.jpg?stp=dst-jpg_s200x200_tt6&#038;_nc_cat=111&#038;ccb=1-7&#038;_nc_sid=f907e8&#038;_nc_ohc=SM1wRlP3lJwQ7kNvwEPuBYA&#038;_nc_oc=AdnqrjDN_BNjSSHWO-GbkIWH6fkGMLw4bqvL_NH6e2wMveX7G-rP2dAqsDSq1mJMOaY&#038;_nc_zt=24&#038;_nc_ht=scontent-gig4-1.xx&#038;_nc_gid=AoBFJeGrT1hVaew_6rchkQ&#038;oh=00_AfX7QmFGhQhG2jAllVgXCiM1ZrWgvtp80-Bfppyexh1QEg&#038;oe=689E923C\" \/>\n\t\t<meta property=\"og:image:secure_url\" content=\"https:\/\/scontent-gig4-1.xx.fbcdn.net\/v\/t39.30808-1\/270437624_4564083193639691_6907940295614233970_n.jpg?stp=dst-jpg_s200x200_tt6&#038;_nc_cat=111&#038;ccb=1-7&#038;_nc_sid=f907e8&#038;_nc_ohc=SM1wRlP3lJwQ7kNvwEPuBYA&#038;_nc_oc=AdnqrjDN_BNjSSHWO-GbkIWH6fkGMLw4bqvL_NH6e2wMveX7G-rP2dAqsDSq1mJMOaY&#038;_nc_zt=24&#038;_nc_ht=scontent-gig4-1.xx&#038;_nc_gid=AoBFJeGrT1hVaew_6rchkQ&#038;oh=00_AfX7QmFGhQhG2jAllVgXCiM1ZrWgvtp80-Bfppyexh1QEg&#038;oe=689E923C\" \/>\n\t\t<meta property=\"article:published_time\" content=\"2018-11-22T20:14:27+00:00\" \/>\n\t\t<meta property=\"article:modified_time\" content=\"2018-11-23T12:57:29+00:00\" \/>\n\t\t<meta name=\"twitter:card\" content=\"summary_large_image\" \/>\n\t\t<meta name=\"twitter:title\" content=\"Corpo que estava desaparecido h\u00e1 tr\u00eas dias \u00e9 encontrado no Rio Muria\u00e9 - A Not\u00edcia Online\" \/>\n\t\t<meta name=\"twitter:description\" content=\"Ap\u00f3s tr\u00eas dias de buscas pelo Rio Muria\u00e9, o Corpo de Bombeiros localizou o corpo de Alo\u00edsio Fernando Sergio, de 32 anos, morador do bairro Bom Pastor, na tarde de quinta-feira (22). Na quarta-feira (21), o Corpo de Bombeiros realizava as buscas com o uso de um pequeno bote. Segundo os militares, no local ao menos\" \/>\n\t\t<meta name=\"twitter:image\" content=\"https:\/\/scontent-gig4-1.xx.fbcdn.net\/v\/t39.30808-1\/270437624_4564083193639691_6907940295614233970_n.jpg?stp=dst-jpg_s200x200_tt6&amp;_nc_cat=111&amp;ccb=1-7&amp;_nc_sid=f907e8&amp;_nc_ohc=SM1wRlP3lJwQ7kNvwEPuBYA&amp;_nc_oc=AdnqrjDN_BNjSSHWO-GbkIWH6fkGMLw4bqvL_NH6e2wMveX7G-rP2dAqsDSq1mJMOaY&amp;_nc_zt=24&amp;_nc_ht=scontent-gig4-1.xx&amp;_nc_gid=AoBFJeGrT1hVaew_6rchkQ&amp;oh=00_AfX7QmFGhQhG2jAllVgXCiM1ZrWgvtp80-Bfppyexh1QEg&amp;oe=689E923C\" \/>\n\t\t<script type=\"application\/ld+json\" class=\"aioseo-schema\">\n\t\t\t{\"@context\":\"https:\\\/\\\/schema.org\",\"@graph\":[{\"@type\":\"BlogPosting\",\"@id\":\"https:\\\/\\\/anoticiaonline.com.br\\\/site\\\/corpo-que-estava-desaparecido-ha-tres-dias-e-encontrado-no-bairro-jose-cirilo\\\/#blogposting\",\"name\":\"Corpo que estava desaparecido h\\u00e1 tr\\u00eas dias \\u00e9 encontrado no Rio Muria\\u00e9 - A Not\\u00edcia Online\",\"headline\":\"Corpo que estava desaparecido h\\u00e1 tr\\u00eas dias \\u00e9 encontrado no Rio Muria\\u00e9\",\"author\":{\"@id\":\"https:\\\/\\\/anoticiaonline.com.br\\\/site\\\/author\\\/juliana\\\/#author\"},\"publisher\":{\"@id\":\"https:\\\/\\\/anoticiaonline.com.br\\\/site\\\/#organization\"},\"image\":{\"@type\":\"ImageObject\",\"url\":\"https:\\\/\\\/anoticiaonline.com.br\\\/site\\\/wp-content\\\/uploads\\\/2018\\\/11\\\/WhatsApp-Image-2018-11-22-at-18.41.01.jpeg\",\"width\":1000,\"height\":750},\"datePublished\":\"2018-11-22T17:14:27-03:00\",\"dateModified\":\"2018-11-23T09:57:29-03:00\",\"inLanguage\":\"pt-BR\",\"mainEntityOfPage\":{\"@id\":\"https:\\\/\\\/anoticiaonline.com.br\\\/site\\\/corpo-que-estava-desaparecido-ha-tres-dias-e-encontrado-no-bairro-jose-cirilo\\\/#webpage\"},\"isPartOf\":{\"@id\":\"https:\\\/\\\/anoticiaonline.com.br\\\/site\\\/corpo-que-estava-desaparecido-ha-tres-dias-e-encontrado-no-bairro-jose-cirilo\\\/#webpage\"},\"articleSection\":\"Blog, Cotidiano, Pol\\u00edcia, bombeiros, corpo, Muria\\u00e9, resgate, rio\"},{\"@type\":\"BreadcrumbList\",\"@id\":\"https:\\\/\\\/anoticiaonline.com.br\\\/site\\\/corpo-que-estava-desaparecido-ha-tres-dias-e-encontrado-no-bairro-jose-cirilo\\\/#breadcrumblist\",\"itemListElement\":[{\"@type\":\"ListItem\",\"@id\":\"https:\\\/\\\/anoticiaonline.com.br\\\/site#listItem\",\"position\":1,\"name\":\"Home\",\"item\":\"https:\\\/\\\/anoticiaonline.com.br\\\/site\",\"nextItem\":{\"@type\":\"ListItem\",\"@id\":\"https:\\\/\\\/anoticiaonline.com.br\\\/site\\\/categoria\\\/muriae\\\/#listItem\",\"name\":\"Blog\"}},{\"@type\":\"ListItem\",\"@id\":\"https:\\\/\\\/anoticiaonline.com.br\\\/site\\\/categoria\\\/muriae\\\/#listItem\",\"position\":2,\"name\":\"Blog\",\"item\":\"https:\\\/\\\/anoticiaonline.com.br\\\/site\\\/categoria\\\/muriae\\\/\",\"nextItem\":{\"@type\":\"ListItem\",\"@id\":\"https:\\\/\\\/anoticiaonline.com.br\\\/site\\\/categoria\\\/muriae\\\/policia\\\/#listItem\",\"name\":\"Pol\\u00edcia\"},\"previousItem\":{\"@type\":\"ListItem\",\"@id\":\"https:\\\/\\\/anoticiaonline.com.br\\\/site#listItem\",\"name\":\"Home\"}},{\"@type\":\"ListItem\",\"@id\":\"https:\\\/\\\/anoticiaonline.com.br\\\/site\\\/categoria\\\/muriae\\\/policia\\\/#listItem\",\"position\":3,\"name\":\"Pol\\u00edcia\",\"item\":\"https:\\\/\\\/anoticiaonline.com.br\\\/site\\\/categoria\\\/muriae\\\/policia\\\/\",\"nextItem\":{\"@type\":\"ListItem\",\"@id\":\"https:\\\/\\\/anoticiaonline.com.br\\\/site\\\/corpo-que-estava-desaparecido-ha-tres-dias-e-encontrado-no-bairro-jose-cirilo\\\/#listItem\",\"name\":\"Corpo que estava desaparecido h\\u00e1 tr\\u00eas dias \\u00e9 encontrado no Rio Muria\\u00e9\"},\"previousItem\":{\"@type\":\"ListItem\",\"@id\":\"https:\\\/\\\/anoticiaonline.com.br\\\/site\\\/categoria\\\/muriae\\\/#listItem\",\"name\":\"Blog\"}},{\"@type\":\"ListItem\",\"@id\":\"https:\\\/\\\/anoticiaonline.com.br\\\/site\\\/corpo-que-estava-desaparecido-ha-tres-dias-e-encontrado-no-bairro-jose-cirilo\\\/#listItem\",\"position\":4,\"name\":\"Corpo que estava desaparecido h\\u00e1 tr\\u00eas dias \\u00e9 encontrado no Rio Muria\\u00e9\",\"previousItem\":{\"@type\":\"ListItem\",\"@id\":\"https:\\\/\\\/anoticiaonline.com.br\\\/site\\\/categoria\\\/muriae\\\/policia\\\/#listItem\",\"name\":\"Pol\\u00edcia\"}}]},{\"@type\":\"Organization\",\"@id\":\"https:\\\/\\\/anoticiaonline.com.br\\\/site\\\/#organization\",\"name\":\"A Not\\u00edcia Online\",\"description\":\"Noticias de Muria\\u00e9 e regi\\u00e3o\",\"url\":\"https:\\\/\\\/anoticiaonline.com.br\\\/site\\\/\",\"logo\":{\"@type\":\"ImageObject\",\"url\":\"https:\\\/\\\/scontent-gig4-1.xx.fbcdn.net\\\/v\\\/t39.30808-1\\\/270437624_4564083193639691_6907940295614233970_n.jpg?stp=dst-jpg_s200x200_tt6&_nc_cat=111&ccb=1-7&_nc_sid=f907e8&_nc_ohc=SM1wRlP3lJwQ7kNvwEPuBYA&_nc_oc=AdnqrjDN_BNjSSHWO-GbkIWH6fkGMLw4bqvL_NH6e2wMveX7G-rP2dAqsDSq1mJMOaY&_nc_zt=24&_nc_ht=scontent-gig4-1.xx&_nc_gid=AoBFJeGrT1hVaew_6rchkQ&oh=00_AfX7QmFGhQhG2jAllVgXCiM1ZrWgvtp80-Bfppyexh1QEg&oe=689E923C\",\"@id\":\"https:\\\/\\\/anoticiaonline.com.br\\\/site\\\/corpo-que-estava-desaparecido-ha-tres-dias-e-encontrado-no-bairro-jose-cirilo\\\/#organizationLogo\"},\"image\":{\"@id\":\"https:\\\/\\\/anoticiaonline.com.br\\\/site\\\/corpo-que-estava-desaparecido-ha-tres-dias-e-encontrado-no-bairro-jose-cirilo\\\/#organizationLogo\"}},{\"@type\":\"Person\",\"@id\":\"https:\\\/\\\/anoticiaonline.com.br\\\/site\\\/author\\\/juliana\\\/#author\",\"url\":\"https:\\\/\\\/anoticiaonline.com.br\\\/site\\\/author\\\/juliana\\\/\",\"name\":\"Juliana Laviola\",\"image\":{\"@type\":\"ImageObject\",\"@id\":\"https:\\\/\\\/anoticiaonline.com.br\\\/site\\\/corpo-que-estava-desaparecido-ha-tres-dias-e-encontrado-no-bairro-jose-cirilo\\\/#authorImage\",\"url\":\"https:\\\/\\\/secure.gravatar.com\\\/avatar\\\/b8d45f5c699b100dfaf0e543582f38f38bf94cb7ae3a5e9abf8d891a34773335?s=96&d=mm&r=g\",\"width\":96,\"height\":96,\"caption\":\"Juliana Laviola\"}},{\"@type\":\"WebPage\",\"@id\":\"https:\\\/\\\/anoticiaonline.com.br\\\/site\\\/corpo-que-estava-desaparecido-ha-tres-dias-e-encontrado-no-bairro-jose-cirilo\\\/#webpage\",\"url\":\"https:\\\/\\\/anoticiaonline.com.br\\\/site\\\/corpo-que-estava-desaparecido-ha-tres-dias-e-encontrado-no-bairro-jose-cirilo\\\/\",\"name\":\"Corpo que estava desaparecido h\\u00e1 tr\\u00eas dias \\u00e9 encontrado no Rio Muria\\u00e9 - A Not\\u00edcia Online\",\"description\":\"Ap\\u00f3s tr\\u00eas dias de buscas pelo Rio Muria\\u00e9, o Corpo de Bombeiros localizou o corpo de Alo\\u00edsio Fernando Sergio, de 32 anos, morador do bairro Bom Pastor, na tarde de quinta-feira (22). Na quarta-feira (21), o Corpo de Bombeiros realizava as buscas com o uso de um pequeno bote. Segundo os militares, no local ao menos\",\"inLanguage\":\"pt-BR\",\"isPartOf\":{\"@id\":\"https:\\\/\\\/anoticiaonline.com.br\\\/site\\\/#website\"},\"breadcrumb\":{\"@id\":\"https:\\\/\\\/anoticiaonline.com.br\\\/site\\\/corpo-que-estava-desaparecido-ha-tres-dias-e-encontrado-no-bairro-jose-cirilo\\\/#breadcrumblist\"},\"author\":{\"@id\":\"https:\\\/\\\/anoticiaonline.com.br\\\/site\\\/author\\\/juliana\\\/#author\"},\"creator\":{\"@id\":\"https:\\\/\\\/anoticiaonline.com.br\\\/site\\\/author\\\/juliana\\\/#author\"},\"image\":{\"@type\":\"ImageObject\",\"url\":\"https:\\\/\\\/anoticiaonline.com.br\\\/site\\\/wp-content\\\/uploads\\\/2018\\\/11\\\/WhatsApp-Image-2018-11-22-at-18.41.01.jpeg\",\"@id\":\"https:\\\/\\\/anoticiaonline.com.br\\\/site\\\/corpo-que-estava-desaparecido-ha-tres-dias-e-encontrado-no-bairro-jose-cirilo\\\/#mainImage\",\"width\":1000,\"height\":750},\"primaryImageOfPage\":{\"@id\":\"https:\\\/\\\/anoticiaonline.com.br\\\/site\\\/corpo-que-estava-desaparecido-ha-tres-dias-e-encontrado-no-bairro-jose-cirilo\\\/#mainImage\"},\"datePublished\":\"2018-11-22T17:14:27-03:00\",\"dateModified\":\"2018-11-23T09:57:29-03:00\"},{\"@type\":\"WebSite\",\"@id\":\"https:\\\/\\\/anoticiaonline.com.br\\\/site\\\/#website\",\"url\":\"https:\\\/\\\/anoticiaonline.com.br\\\/site\\\/\",\"name\":\"A Not\\u00edcia Online\",\"description\":\"Noticias de Muria\\u00e9 e regi\\u00e3o\",\"inLanguage\":\"pt-BR\",\"publisher\":{\"@id\":\"https:\\\/\\\/anoticiaonline.com.br\\\/site\\\/#organization\"}}]}\n\t\t<\/script>\n\t\t<!-- All in One SEO -->\n\n","aioseo_head_json":{"title":"Corpo que estava desaparecido h\u00e1 tr\u00eas dias \u00e9 encontrado no Rio Muria\u00e9 - A Not\u00edcia Online","description":"Ap\u00f3s tr\u00eas dias de buscas pelo Rio Muria\u00e9, o Corpo de Bombeiros localizou o corpo de Alo\u00edsio Fernando Sergio, de 32 anos, morador do bairro Bom Pastor, na tarde de quinta-feira (22). Na quarta-feira (21), o Corpo de Bombeiros realizava as buscas com o uso de um pequeno bote. Segundo os militares, no local ao menos","canonical_url":"https:\/\/anoticiaonline.com.br\/site\/corpo-que-estava-desaparecido-ha-tres-dias-e-encontrado-no-bairro-jose-cirilo\/","robots":"max-image-preview:large","keywords":"","webmasterTools":{"miscellaneous":""},"schema":{"@context":"https:\/\/schema.org","@graph":[{"@type":"BlogPosting","@id":"https:\/\/anoticiaonline.com.br\/site\/corpo-que-estava-desaparecido-ha-tres-dias-e-encontrado-no-bairro-jose-cirilo\/#blogposting","name":"Corpo que estava desaparecido h\u00e1 tr\u00eas dias \u00e9 encontrado no Rio Muria\u00e9 - A Not\u00edcia Online","headline":"Corpo que estava desaparecido h\u00e1 tr\u00eas dias \u00e9 encontrado no Rio Muria\u00e9","author":{"@id":"https:\/\/anoticiaonline.com.br\/site\/author\/juliana\/#author"},"publisher":{"@id":"https:\/\/anoticiaonline.com.br\/site\/#organization"},"image":{"@type":"ImageObject","url":"https:\/\/anoticiaonline.com.br\/site\/wp-content\/uploads\/2018\/11\/WhatsApp-Image-2018-11-22-at-18.41.01.jpeg","width":1000,"height":750},"datePublished":"2018-11-22T17:14:27-03:00","dateModified":"2018-11-23T09:57:29-03:00","inLanguage":"pt-BR","mainEntityOfPage":{"@id":"https:\/\/anoticiaonline.com.br\/site\/corpo-que-estava-desaparecido-ha-tres-dias-e-encontrado-no-bairro-jose-cirilo\/#webpage"},"isPartOf":{"@id":"https:\/\/anoticiaonline.com.br\/site\/corpo-que-estava-desaparecido-ha-tres-dias-e-encontrado-no-bairro-jose-cirilo\/#webpage"},"articleSection":"Blog, Cotidiano, Pol\u00edcia, bombeiros, corpo, Muria\u00e9, resgate, rio"},{"@type":"BreadcrumbList","@id":"https:\/\/anoticiaonline.com.br\/site\/corpo-que-estava-desaparecido-ha-tres-dias-e-encontrado-no-bairro-jose-cirilo\/#breadcrumblist","itemListElement":[{"@type":"ListItem","@id":"https:\/\/anoticiaonline.com.br\/site#listItem","position":1,"name":"Home","item":"https:\/\/anoticiaonline.com.br\/site","nextItem":{"@type":"ListItem","@id":"https:\/\/anoticiaonline.com.br\/site\/categoria\/muriae\/#listItem","name":"Blog"}},{"@type":"ListItem","@id":"https:\/\/anoticiaonline.com.br\/site\/categoria\/muriae\/#listItem","position":2,"name":"Blog","item":"https:\/\/anoticiaonline.com.br\/site\/categoria\/muriae\/","nextItem":{"@type":"ListItem","@id":"https:\/\/anoticiaonline.com.br\/site\/categoria\/muriae\/policia\/#listItem","name":"Pol\u00edcia"},"previousItem":{"@type":"ListItem","@id":"https:\/\/anoticiaonline.com.br\/site#listItem","name":"Home"}},{"@type":"ListItem","@id":"https:\/\/anoticiaonline.com.br\/site\/categoria\/muriae\/policia\/#listItem","position":3,"name":"Pol\u00edcia","item":"https:\/\/anoticiaonline.com.br\/site\/categoria\/muriae\/policia\/","nextItem":{"@type":"ListItem","@id":"https:\/\/anoticiaonline.com.br\/site\/corpo-que-estava-desaparecido-ha-tres-dias-e-encontrado-no-bairro-jose-cirilo\/#listItem","name":"Corpo que estava desaparecido h\u00e1 tr\u00eas dias \u00e9 encontrado no Rio Muria\u00e9"},"previousItem":{"@type":"ListItem","@id":"https:\/\/anoticiaonline.com.br\/site\/categoria\/muriae\/#listItem","name":"Blog"}},{"@type":"ListItem","@id":"https:\/\/anoticiaonline.com.br\/site\/corpo-que-estava-desaparecido-ha-tres-dias-e-encontrado-no-bairro-jose-cirilo\/#listItem","position":4,"name":"Corpo que estava desaparecido h\u00e1 tr\u00eas dias \u00e9 encontrado no Rio Muria\u00e9","previousItem":{"@type":"ListItem","@id":"https:\/\/anoticiaonline.com.br\/site\/categoria\/muriae\/policia\/#listItem","name":"Pol\u00edcia"}}]},{"@type":"Organization","@id":"https:\/\/anoticiaonline.com.br\/site\/#organization","name":"A Not\u00edcia Online","description":"Noticias de Muria\u00e9 e regi\u00e3o","url":"https:\/\/anoticiaonline.com.br\/site\/","logo":{"@type":"ImageObject","url":"https:\/\/scontent-gig4-1.xx.fbcdn.net\/v\/t39.30808-1\/270437624_4564083193639691_6907940295614233970_n.jpg?stp=dst-jpg_s200x200_tt6&_nc_cat=111&ccb=1-7&_nc_sid=f907e8&_nc_ohc=SM1wRlP3lJwQ7kNvwEPuBYA&_nc_oc=AdnqrjDN_BNjSSHWO-GbkIWH6fkGMLw4bqvL_NH6e2wMveX7G-rP2dAqsDSq1mJMOaY&_nc_zt=24&_nc_ht=scontent-gig4-1.xx&_nc_gid=AoBFJeGrT1hVaew_6rchkQ&oh=00_AfX7QmFGhQhG2jAllVgXCiM1ZrWgvtp80-Bfppyexh1QEg&oe=689E923C","@id":"https:\/\/anoticiaonline.com.br\/site\/corpo-que-estava-desaparecido-ha-tres-dias-e-encontrado-no-bairro-jose-cirilo\/#organizationLogo"},"image":{"@id":"https:\/\/anoticiaonline.com.br\/site\/corpo-que-estava-desaparecido-ha-tres-dias-e-encontrado-no-bairro-jose-cirilo\/#organizationLogo"}},{"@type":"Person","@id":"https:\/\/anoticiaonline.com.br\/site\/author\/juliana\/#author","url":"https:\/\/anoticiaonline.com.br\/site\/author\/juliana\/","name":"Juliana Laviola","image":{"@type":"ImageObject","@id":"https:\/\/anoticiaonline.com.br\/site\/corpo-que-estava-desaparecido-ha-tres-dias-e-encontrado-no-bairro-jose-cirilo\/#authorImage","url":"https:\/\/secure.gravatar.com\/avatar\/b8d45f5c699b100dfaf0e543582f38f38bf94cb7ae3a5e9abf8d891a34773335?s=96&d=mm&r=g","width":96,"height":96,"caption":"Juliana Laviola"}},{"@type":"WebPage","@id":"https:\/\/anoticiaonline.com.br\/site\/corpo-que-estava-desaparecido-ha-tres-dias-e-encontrado-no-bairro-jose-cirilo\/#webpage","url":"https:\/\/anoticiaonline.com.br\/site\/corpo-que-estava-desaparecido-ha-tres-dias-e-encontrado-no-bairro-jose-cirilo\/","name":"Corpo que estava desaparecido h\u00e1 tr\u00eas dias \u00e9 encontrado no Rio Muria\u00e9 - A Not\u00edcia Online","description":"Ap\u00f3s tr\u00eas dias de buscas pelo Rio Muria\u00e9, o Corpo de Bombeiros localizou o corpo de Alo\u00edsio Fernando Sergio, de 32 anos, morador do bairro Bom Pastor, na tarde de quinta-feira (22). Na quarta-feira (21), o Corpo de Bombeiros realizava as buscas com o uso de um pequeno bote. Segundo os militares, no local ao menos","inLanguage":"pt-BR","isPartOf":{"@id":"https:\/\/anoticiaonline.com.br\/site\/#website"},"breadcrumb":{"@id":"https:\/\/anoticiaonline.com.br\/site\/corpo-que-estava-desaparecido-ha-tres-dias-e-encontrado-no-bairro-jose-cirilo\/#breadcrumblist"},"author":{"@id":"https:\/\/anoticiaonline.com.br\/site\/author\/juliana\/#author"},"creator":{"@id":"https:\/\/anoticiaonline.com.br\/site\/author\/juliana\/#author"},"image":{"@type":"ImageObject","url":"https:\/\/anoticiaonline.com.br\/site\/wp-content\/uploads\/2018\/11\/WhatsApp-Image-2018-11-22-at-18.41.01.jpeg","@id":"https:\/\/anoticiaonline.com.br\/site\/corpo-que-estava-desaparecido-ha-tres-dias-e-encontrado-no-bairro-jose-cirilo\/#mainImage","width":1000,"height":750},"primaryImageOfPage":{"@id":"https:\/\/anoticiaonline.com.br\/site\/corpo-que-estava-desaparecido-ha-tres-dias-e-encontrado-no-bairro-jose-cirilo\/#mainImage"},"datePublished":"2018-11-22T17:14:27-03:00","dateModified":"2018-11-23T09:57:29-03:00"},{"@type":"WebSite","@id":"https:\/\/anoticiaonline.com.br\/site\/#website","url":"https:\/\/anoticiaonline.com.br\/site\/","name":"A Not\u00edcia Online","description":"Noticias de Muria\u00e9 e regi\u00e3o","inLanguage":"pt-BR","publisher":{"@id":"https:\/\/anoticiaonline.com.br\/site\/#organization"}}]},"og:locale":"pt_BR","og:site_name":"A Not\u00edcia Online - Noticias de Muria\u00e9 e regi\u00e3o","og:type":"article","og:title":"Corpo que estava desaparecido h\u00e1 tr\u00eas dias \u00e9 encontrado no Rio Muria\u00e9 - A Not\u00edcia Online","og:description":"Ap\u00f3s tr\u00eas dias de buscas pelo Rio Muria\u00e9, o Corpo de Bombeiros localizou o corpo de Alo\u00edsio Fernando Sergio, de 32 anos, morador do bairro Bom Pastor, na tarde de quinta-feira (22). Na quarta-feira (21), o Corpo de Bombeiros realizava as buscas com o uso de um pequeno bote. Segundo os militares, no local ao menos","og:url":"https:\/\/anoticiaonline.com.br\/site\/corpo-que-estava-desaparecido-ha-tres-dias-e-encontrado-no-bairro-jose-cirilo\/","og:image":"https:\/\/scontent-gig4-1.xx.fbcdn.net\/v\/t39.30808-1\/270437624_4564083193639691_6907940295614233970_n.jpg?stp=dst-jpg_s200x200_tt6&#038;_nc_cat=111&#038;ccb=1-7&#038;_nc_sid=f907e8&#038;_nc_ohc=SM1wRlP3lJwQ7kNvwEPuBYA&#038;_nc_oc=AdnqrjDN_BNjSSHWO-GbkIWH6fkGMLw4bqvL_NH6e2wMveX7G-rP2dAqsDSq1mJMOaY&#038;_nc_zt=24&#038;_nc_ht=scontent-gig4-1.xx&#038;_nc_gid=AoBFJeGrT1hVaew_6rchkQ&#038;oh=00_AfX7QmFGhQhG2jAllVgXCiM1ZrWgvtp80-Bfppyexh1QEg&#038;oe=689E923C","og:image:secure_url":"https:\/\/scontent-gig4-1.xx.fbcdn.net\/v\/t39.30808-1\/270437624_4564083193639691_6907940295614233970_n.jpg?stp=dst-jpg_s200x200_tt6&#038;_nc_cat=111&#038;ccb=1-7&#038;_nc_sid=f907e8&#038;_nc_ohc=SM1wRlP3lJwQ7kNvwEPuBYA&#038;_nc_oc=AdnqrjDN_BNjSSHWO-GbkIWH6fkGMLw4bqvL_NH6e2wMveX7G-rP2dAqsDSq1mJMOaY&#038;_nc_zt=24&#038;_nc_ht=scontent-gig4-1.xx&#038;_nc_gid=AoBFJeGrT1hVaew_6rchkQ&#038;oh=00_AfX7QmFGhQhG2jAllVgXCiM1ZrWgvtp80-Bfppyexh1QEg&#038;oe=689E923C","article:published_time":"2018-11-22T20:14:27+00:00","article:modified_time":"2018-11-23T12:57:29+00:00","twitter:card":"summary_large_image","twitter:title":"Corpo que estava desaparecido h\u00e1 tr\u00eas dias \u00e9 encontrado no Rio Muria\u00e9 - A Not\u00edcia Online","twitter:description":"Ap\u00f3s tr\u00eas dias de buscas pelo Rio Muria\u00e9, o Corpo de Bombeiros localizou o corpo de Alo\u00edsio Fernando Sergio, de 32 anos, morador do bairro Bom Pastor, na tarde de quinta-feira (22). Na quarta-feira (21), o Corpo de Bombeiros realizava as buscas com o uso de um pequeno bote. Segundo os militares, no local ao menos","twitter:image":"https:\/\/scontent-gig4-1.xx.fbcdn.net\/v\/t39.30808-1\/270437624_4564083193639691_6907940295614233970_n.jpg?stp=dst-jpg_s200x200_tt6&_nc_cat=111&ccb=1-7&_nc_sid=f907e8&_nc_ohc=SM1wRlP3lJwQ7kNvwEPuBYA&_nc_oc=AdnqrjDN_BNjSSHWO-GbkIWH6fkGMLw4bqvL_NH6e2wMveX7G-rP2dAqsDSq1mJMOaY&_nc_zt=24&_nc_ht=scontent-gig4-1.xx&_nc_gid=AoBFJeGrT1hVaew_6rchkQ&oh=00_AfX7QmFGhQhG2jAllVgXCiM1ZrWgvtp80-Bfppyexh1QEg&oe=689E923C"},"aioseo_meta_data":{"post_id":"64779","title":null,"description":null,"keywords":null,"keyphrases":null,"primary_term":null,"canonical_url":null,"og_title":null,"og_description":null,"og_object_type":"default","og_image_type":"default","og_image_url":null,"og_image_width":null,"og_image_height":null,"og_image_custom_url":null,"og_image_custom_fields":null,"og_video":null,"og_custom_url":null,"og_article_section":null,"og_article_tags":null,"twitter_use_og":false,"twitter_card":"default","twitter_image_type":"default","twitter_image_url":null,"twitter_image_custom_url":null,"twitter_image_custom_fields":null,"twitter_title":null,"twitter_description":null,"schema":{"blockGraphs":[],"customGraphs":[],"default":{"data":{"Article":[],"Course":[],"Dataset":[],"FAQPage":[],"Movie":[],"Person":[],"Product":[],"ProductReview":[],"Car":[],"Recipe":[],"Service":[],"SoftwareApplication":[],"WebPage":[]},"graphName":"","isEnabled":true},"graphs":[]},"schema_type":"default","schema_type_options":null,"pillar_content":false,"robots_default":true,"robots_noindex":false,"robots_noarchive":false,"robots_nosnippet":false,"robots_nofollow":false,"robots_noimageindex":false,"robots_noodp":false,"robots_notranslate":false,"robots_max_snippet":null,"robots_max_videopreview":null,"robots_max_imagepreview":"large","priority":null,"frequency":null,"local_seo":null,"breadcrumb_settings":null,"limit_modified_date":false,"ai":null,"created":"2025-08-16 22:15:02","updated":"2025-08-16 22:15:02","focus_keyword":null,"additional_keywords":null,"truseo_locale":null,"seo_analyzer_scan_date":null},"aioseo_breadcrumb":"<div class=\"aioseo-breadcrumbs\"><span class=\"aioseo-breadcrumb\">\n\t\t\t<a href=\"https:\/\/anoticiaonline.com.br\/site\" title=\"Home\">Home<\/a>\n\t\t<\/span><span class=\"aioseo-breadcrumb-separator\">&raquo;<\/span><span class=\"aioseo-breadcrumb\">\n\t\t\t<a href=\"https:\/\/anoticiaonline.com.br\/site\/categoria\/muriae\/\" title=\"Blog\">Blog<\/a>\n\t\t<\/span><span class=\"aioseo-breadcrumb-separator\">&raquo;<\/span><span class=\"aioseo-breadcrumb\">\n\t\t\t<a href=\"https:\/\/anoticiaonline.com.br\/site\/categoria\/muriae\/policia\/\" title=\"Pol\u00edcia\">Pol\u00edcia<\/a>\n\t\t<\/span><span class=\"aioseo-breadcrumb-separator\">&raquo;<\/span><span class=\"aioseo-breadcrumb\">\n\t\t\tCorpo que estava desaparecido h\u00e1 tr\u00eas dias \u00e9 encontrado no Rio Muria\u00e9\n\t\t<\/span><\/div>","aioseo_breadcrumb_json":[{"label":"Home","link":"https:\/\/anoticiaonline.com.br\/site"},{"label":"Blog","link":"https:\/\/anoticiaonline.com.br\/site\/categoria\/muriae\/"},{"label":"Pol\u00edcia","link":"https:\/\/anoticiaonline.com.br\/site\/categoria\/muriae\/policia\/"},{"label":"Corpo que estava desaparecido h\u00e1 tr\u00eas dias \u00e9 encontrado no Rio Muria\u00e9","link":"https:\/\/anoticiaonline.com.br\/site\/corpo-que-estava-desaparecido-ha-tres-dias-e-encontrado-no-bairro-jose-cirilo\/"}],"views":199,"_links":{"self":[{"href":"https:\/\/anoticiaonline.com.br\/site\/wp-json\/wp\/v2\/posts\/64779","targetHints":{"allow":["GET"]}}],"collection":[{"href":"https:\/\/anoticiaonline.com.br\/site\/wp-json\/wp\/v2\/posts"}],"about":[{"href":"https:\/\/anoticiaonline.com.br\/site\/wp-json\/wp\/v2\/types\/post"}],"author":[{"embeddable":true,"href":"https:\/\/anoticiaonline.com.br\/site\/wp-json\/wp\/v2\/users\/2"}],"replies":[{"embeddable":true,"href":"https:\/\/anoticiaonline.com.br\/site\/wp-json\/wp\/v2\/comments?post=64779"}],"version-history":[{"count":0,"href":"https:\/\/anoticiaonline.com.br\/site\/wp-json\/wp\/v2\/posts\/64779\/revisions"}],"wp:featuredmedia":[{"embeddable":true,"href":"https:\/\/anoticiaonline.com.br\/site\/wp-json\/wp\/v2\/media\/64785"}],"wp:attachment":[{"href":"https:\/\/anoticiaonline.com.br\/site\/wp-json\/wp\/v2\/media?parent=64779"}],"wp:term":[{"taxonomy":"category","embeddable":true,"href":"https:\/\/anoticiaonline.com.br\/site\/wp-json\/wp\/v2\/categories?post=64779"},{"taxonomy":"post_tag","embeddable":true,"href":"https:\/\/anoticiaonline.com.br\/site\/wp-json\/wp\/v2\/tags?post=64779"}],"curies":[{"name":"wp","href":"https:\/\/api.w.org\/{rel}","templated":true}]}}