{"id":64735,"date":"2018-11-19T16:28:35","date_gmt":"2018-11-19T19:28:35","guid":{"rendered":"http:\/\/anoticiaonline.com.br\/site\/?p=64735"},"modified":"2018-11-23T10:05:12","modified_gmt":"2018-11-23T13:05:12","slug":"prefeitura-lanca-edital","status":"publish","type":"post","link":"https:\/\/anoticiaonline.com.br\/site\/prefeitura-lanca-edital\/","title":{"rendered":"Prefeitura lan\u00e7a edital"},"content":{"rendered":"<h1><b>Prefeitura lan\u00e7a edital de processo seletivo para o Crian\u00e7a Feliz<\/b><\/h1>\n<p><i>H\u00e1 vagas para n\u00edvel m\u00e9dio e superior em Psicologia, Servi\u00e7o Social ou Pedagogia; inscri\u00e7\u00f5es podem ser feitas de 19 a 23 de novembro<\/i><\/p>\n<p class=\"m_-1110455578628129238gmail-MsoNoSpacing\">A Prefeitura de Muria\u00e9 lan\u00e7ou edital de processo seletivo para o Programa Crian\u00e7a Feliz, desenvolvido na cidade pela Secretaria Municipal de Desenvolvimento Social (SMDS). H\u00e1 vagas para n\u00edvel m\u00e9dio e superior em Psicologia, Servi\u00e7o Social ou Pedagogia.<\/p>\n<p><!--more--><\/p>\n<p class=\"m_-1110455578628129238gmail-MsoNoSpacing\">O processo seletivo ter\u00e1 validade de 15 meses, podendo ser prorrogado uma vez, por igual per\u00edodo, a crit\u00e9rio da SMDS. Com carga hor\u00e1ria de 40 horas semanais, os vencimentos s\u00e3o de R$ 1.330,74 e R$ 2.032,71 para o n\u00edvel m\u00e9dio e superior, respectivamente.<\/p>\n<p class=\"m_-1110455578628129238gmail-MsoNoSpacing\">O resultado e o edital podem ser conferidos no site da Prefeitura (<a href=\"http:\/\/www.muriae.mg.gov.br\/\" target=\"_blank\" rel=\"noopener\" data-saferedirecturl=\"http:\/\/www.google.com\/url?q=http:\/\/www.muriae.mg.gov.br&amp;source=gmail&amp;ust=1542739443647000&amp;usg=AFQjCNFFxFzmpmRjCDjPuVLjcnwxx7J6MQ\">www.muriae.mg.gov.br<\/a>, link \u201cCidad\u00e3o\u201d, aba \u201cConcursos e Processos Seletivos\u201d) e no Di\u00e1rio Oficial dos Munic\u00edpios (<a href=\"http:\/\/www.diariomunicipal.com.br\/amm-mg\" target=\"_blank\" rel=\"noopener\" data-saferedirecturl=\"http:\/\/www.google.com\/url?q=http:\/\/www.diariomunicipal.com.br\/amm-mg&amp;source=gmail&amp;ust=1542739443647000&amp;usg=AFQjCNGBlDMIoiG09D7Zmus9yGMaODysrw\">www.diariomunicipal.com.br\/<wbr \/>amm-mg<\/a>).<\/p>\n<p class=\"m_-1110455578628129238gmail-MsoNoSpacing\"><b>Inscri\u00e7\u00f5es &#8211;<\/b>\u00a0As inscri\u00e7\u00f5es podem ser feitas de 19 a 23 de novembro (exceto feriados), das 13h \u00e0s 17h, na Secretaria de Desenvolvimento Social, localizada no 1\u00ba andar do Centro Administrativo. O valor \u00e9 de R$30,00 para n\u00edvel m\u00e9dio e de R$50,00 para candidatos de n\u00edvel superior.<\/p>\n<p class=\"m_-1110455578628129238gmail-MsoNoSpacing\">No ato da inscri\u00e7\u00e3o, devem ser apresentados: formul\u00e1rio de inscri\u00e7\u00e3o preenchido (anexo no edital); c\u00f3pia de documento de identidade, c\u00f3pia do CPF, envelope contendo a documenta\u00e7\u00e3o para a qualifica\u00e7\u00e3o t\u00e9cnica (para ambos os n\u00edveis) e c\u00f3pia simples da comprova\u00e7\u00e3o de inscri\u00e7\u00e3o no \u00f3rg\u00e3o da categoria profissional (para candidatos de n\u00edvel superior).<\/p>\n<p class=\"m_-1110455578628129238gmail-MsoNoSpacing\"><b>Servi\u00e7o<\/b><\/p>\n<p class=\"m_-1110455578628129238gmail-MsoNoSpacing\"><b>Processo seletivo para o Programa Crian\u00e7a Feliz:<\/b><\/p>\n<p class=\"m_-1110455578628129238gmail-MsoNoSpacing\">Data: de 19 a 23 de novembro<\/p>\n<p class=\"m_-1110455578628129238gmail-MsoNoSpacing\">Local: 13h \u00e0s 17h<\/p>\n<p class=\"m_-1110455578628129238gmail-MsoNoSpacing\">Hor\u00e1rio: Secretaria de Desenvolvimento Social, localizada no 1\u00ba andar do Centro Administrativo<\/p>\n<p class=\"m_-1110455578628129238gmail-MsoNoSpacing\">Edital:\u00a0<a href=\"http:\/\/www.muriae.mg.gov.br\/\" target=\"_blank\" rel=\"noopener\" data-saferedirecturl=\"http:\/\/www.google.com\/url?q=http:\/\/www.muriae.mg.gov.br&amp;source=gmail&amp;ust=1542739443647000&amp;usg=AFQjCNFFxFzmpmRjCDjPuVLjcnwxx7J6MQ\">www.muriae.mg.gov.br<\/a>, link \u201cCidad\u00e3o\u201d, aba \u201cConcursos e Processos Seletivos\u201d<\/p>\n<p class=\"m_-1110455578628129238gmail-MsoNoSpacing\">Valor:<\/p>\n<p class=\"m_-1110455578628129238gmail-MsoNoSpacing\">&#8211; R$30,00 (n\u00edvel m\u00e9dio)<\/p>\n<p class=\"m_-1110455578628129238gmail-MsoNoSpacing\">&#8211; R$50,00 (n\u00edvel superior)<\/p>\n<p class=\"m_-1110455578628129238gmail-MsoNoSpacing\">Documentos para inscri\u00e7\u00e3o:<\/p>\n<p class=\"m_-1110455578628129238gmail-MsoNoSpacing\">\u00a0&#8211; Formul\u00e1rio de inscri\u00e7\u00e3o preenchido (anexo no edital);<\/p>\n<p class=\"m_-1110455578628129238gmail-MsoNoSpacing\">\u00a0&#8211; C\u00f3pia de documento de identidade;<\/p>\n<p class=\"m_-1110455578628129238gmail-MsoNoSpacing\">\u00a0&#8211; C\u00f3pia do CPF quando n\u00e3o constar do documento de identidade, ou do comprovante de inscri\u00e7\u00e3o no CPF, impresso a partir do endere\u00e7o eletr\u00f4nico da Secretaria da Receita Federal do Brasil, ou emitido pela entidade conveniada;<\/p>\n<p class=\"m_-1110455578628129238gmail-MsoNoSpacing\">\u00a0\u00a0&#8211; Envelope contendo a documenta\u00e7\u00e3o para a qualifica\u00e7\u00e3o t\u00e9cnica (para candidatos de n\u00edvel m\u00e9dio e superior);<\/p>\n<p class=\"m_-1110455578628129238gmail-MsoNoSpacing\">&#8211; C\u00f3pia simples da comprova\u00e7\u00e3o de inscri\u00e7\u00e3o no \u00f3rg\u00e3o da categoria profissional (para candidatos de n\u00edvel superior).<\/p>\n","protected":false},"excerpt":{"rendered":"<p>Prefeitura lan\u00e7a edital de processo seletivo para o Crian\u00e7a Feliz H\u00e1 vagas para n\u00edvel m\u00e9dio e superior em Psicologia, Servi\u00e7o Social ou Pedagogia; inscri\u00e7\u00f5es podem ser feitas de 19 a 23 de novembro A Prefeitura de Muria\u00e9 lan\u00e7ou edital de processo seletivo para o Programa Crian\u00e7a Feliz, desenvolvido na cidade pela Secretaria Municipal de Desenvolvimento &#8230; <a title=\"Prefeitura lan\u00e7a edital\" class=\"read-more\" href=\"https:\/\/anoticiaonline.com.br\/site\/prefeitura-lanca-edital\/\" aria-label=\"Read more about Prefeitura lan\u00e7a edital\">Ler mais<\/a><\/p>\n","protected":false},"author":7,"featured_media":64736,"comment_status":"open","ping_status":"open","sticky":false,"template":"","format":"standard","meta":{"_acf_changed":false,"_monsterinsights_skip_tracking":false,"footnotes":""},"categories":[30,1],"tags":[99,3425],"class_list":["post-64735","post","type-post","status-publish","format-standard","has-post-thumbnail","hentry","category-muriae","category-gerais","tag-prefeitura-de-muriae","tag-programa-crianca-feliz"],"acf":[],"aioseo_notices":[],"aioseo_head":"\n\t\t<!-- All in One SEO 5.0.0.1 - aioseo.com -->\n\t<meta name=\"description\" content=\"Prefeitura lan\u00e7a edital de processo seletivo para o Crian\u00e7a Feliz H\u00e1 vagas para n\u00edvel m\u00e9dio e superior em Psicologia, Servi\u00e7o Social ou Pedagogia; inscri\u00e7\u00f5es podem ser feitas de 19 a 23 de novembro A Prefeitura de Muria\u00e9 lan\u00e7ou edital de processo seletivo para o Programa Crian\u00e7a Feliz, desenvolvido na cidade pela Secretaria Municipal de Desenvolvimento\" \/>\n\t<meta name=\"robots\" content=\"max-image-preview:large\" \/>\n\t<meta name=\"author\" content=\"Leandro Bebiano\"\/>\n\t<link rel=\"canonical\" href=\"https:\/\/anoticiaonline.com.br\/site\/prefeitura-lanca-edital\/\" \/>\n\t<meta name=\"generator\" content=\"All in One SEO (AIOSEO) 5.0.0.1\" \/>\n\t\t<meta property=\"og:locale\" content=\"pt_BR\" \/>\n\t\t<meta property=\"og:site_name\" content=\"A Not\u00edcia Online - Noticias de Muria\u00e9 e regi\u00e3o\" \/>\n\t\t<meta property=\"og:type\" content=\"article\" \/>\n\t\t<meta property=\"og:title\" content=\"Prefeitura lan\u00e7a edital - A Not\u00edcia Online\" \/>\n\t\t<meta property=\"og:description\" content=\"Prefeitura lan\u00e7a edital de processo seletivo para o Crian\u00e7a Feliz H\u00e1 vagas para n\u00edvel m\u00e9dio e superior em Psicologia, Servi\u00e7o Social ou Pedagogia; inscri\u00e7\u00f5es podem ser feitas de 19 a 23 de novembro A Prefeitura de Muria\u00e9 lan\u00e7ou edital de processo seletivo para o Programa Crian\u00e7a Feliz, desenvolvido na cidade pela Secretaria Municipal de Desenvolvimento\" \/>\n\t\t<meta property=\"og:url\" content=\"https:\/\/anoticiaonline.com.br\/site\/prefeitura-lanca-edital\/\" \/>\n\t\t<meta property=\"og:image\" content=\"https:\/\/scontent-gig4-1.xx.fbcdn.net\/v\/t39.30808-1\/270437624_4564083193639691_6907940295614233970_n.jpg?stp=dst-jpg_s200x200_tt6&#038;_nc_cat=111&#038;ccb=1-7&#038;_nc_sid=f907e8&#038;_nc_ohc=SM1wRlP3lJwQ7kNvwEPuBYA&#038;_nc_oc=AdnqrjDN_BNjSSHWO-GbkIWH6fkGMLw4bqvL_NH6e2wMveX7G-rP2dAqsDSq1mJMOaY&#038;_nc_zt=24&#038;_nc_ht=scontent-gig4-1.xx&#038;_nc_gid=AoBFJeGrT1hVaew_6rchkQ&#038;oh=00_AfX7QmFGhQhG2jAllVgXCiM1ZrWgvtp80-Bfppyexh1QEg&#038;oe=689E923C\" \/>\n\t\t<meta property=\"og:image:secure_url\" content=\"https:\/\/scontent-gig4-1.xx.fbcdn.net\/v\/t39.30808-1\/270437624_4564083193639691_6907940295614233970_n.jpg?stp=dst-jpg_s200x200_tt6&#038;_nc_cat=111&#038;ccb=1-7&#038;_nc_sid=f907e8&#038;_nc_ohc=SM1wRlP3lJwQ7kNvwEPuBYA&#038;_nc_oc=AdnqrjDN_BNjSSHWO-GbkIWH6fkGMLw4bqvL_NH6e2wMveX7G-rP2dAqsDSq1mJMOaY&#038;_nc_zt=24&#038;_nc_ht=scontent-gig4-1.xx&#038;_nc_gid=AoBFJeGrT1hVaew_6rchkQ&#038;oh=00_AfX7QmFGhQhG2jAllVgXCiM1ZrWgvtp80-Bfppyexh1QEg&#038;oe=689E923C\" \/>\n\t\t<meta property=\"article:published_time\" content=\"2018-11-19T19:28:35+00:00\" \/>\n\t\t<meta property=\"article:modified_time\" content=\"2018-11-23T13:05:12+00:00\" \/>\n\t\t<meta name=\"twitter:card\" content=\"summary_large_image\" \/>\n\t\t<meta name=\"twitter:title\" content=\"Prefeitura lan\u00e7a edital - A Not\u00edcia Online\" \/>\n\t\t<meta name=\"twitter:description\" content=\"Prefeitura lan\u00e7a edital de processo seletivo para o Crian\u00e7a Feliz H\u00e1 vagas para n\u00edvel m\u00e9dio e superior em Psicologia, Servi\u00e7o Social ou Pedagogia; inscri\u00e7\u00f5es podem ser feitas de 19 a 23 de novembro A Prefeitura de Muria\u00e9 lan\u00e7ou edital de processo seletivo para o Programa Crian\u00e7a Feliz, desenvolvido na cidade pela Secretaria Municipal de Desenvolvimento\" \/>\n\t\t<meta name=\"twitter:image\" content=\"https:\/\/scontent-gig4-1.xx.fbcdn.net\/v\/t39.30808-1\/270437624_4564083193639691_6907940295614233970_n.jpg?stp=dst-jpg_s200x200_tt6&amp;_nc_cat=111&amp;ccb=1-7&amp;_nc_sid=f907e8&amp;_nc_ohc=SM1wRlP3lJwQ7kNvwEPuBYA&amp;_nc_oc=AdnqrjDN_BNjSSHWO-GbkIWH6fkGMLw4bqvL_NH6e2wMveX7G-rP2dAqsDSq1mJMOaY&amp;_nc_zt=24&amp;_nc_ht=scontent-gig4-1.xx&amp;_nc_gid=AoBFJeGrT1hVaew_6rchkQ&amp;oh=00_AfX7QmFGhQhG2jAllVgXCiM1ZrWgvtp80-Bfppyexh1QEg&amp;oe=689E923C\" \/>\n\t\t<script type=\"application\/ld+json\" class=\"aioseo-schema\">\n\t\t\t{\"@context\":\"https:\\\/\\\/schema.org\",\"@graph\":[{\"@type\":\"BlogPosting\",\"@id\":\"https:\\\/\\\/anoticiaonline.com.br\\\/site\\\/prefeitura-lanca-edital\\\/#blogposting\",\"name\":\"Prefeitura lan\\u00e7a edital - A Not\\u00edcia Online\",\"headline\":\"Prefeitura lan\\u00e7a edital\",\"author\":{\"@id\":\"https:\\\/\\\/anoticiaonline.com.br\\\/site\\\/author\\\/leandro\\\/#author\"},\"publisher\":{\"@id\":\"https:\\\/\\\/anoticiaonline.com.br\\\/site\\\/#organization\"},\"image\":{\"@type\":\"ImageObject\",\"url\":\"https:\\\/\\\/anoticiaonline.com.br\\\/site\\\/wp-content\\\/uploads\\\/2018\\\/11\\\/Centro-Administrativo-2.jpg\",\"width\":1000,\"height\":775},\"datePublished\":\"2018-11-19T16:28:35-03:00\",\"dateModified\":\"2018-11-23T10:05:12-03:00\",\"inLanguage\":\"pt-BR\",\"mainEntityOfPage\":{\"@id\":\"https:\\\/\\\/anoticiaonline.com.br\\\/site\\\/prefeitura-lanca-edital\\\/#webpage\"},\"isPartOf\":{\"@id\":\"https:\\\/\\\/anoticiaonline.com.br\\\/site\\\/prefeitura-lanca-edital\\\/#webpage\"},\"articleSection\":\"Blog, Gerais, prefeitura de muria\\u00e9, Programa Crian\\u00e7a Feliz\"},{\"@type\":\"BreadcrumbList\",\"@id\":\"https:\\\/\\\/anoticiaonline.com.br\\\/site\\\/prefeitura-lanca-edital\\\/#breadcrumblist\",\"itemListElement\":[{\"@type\":\"ListItem\",\"@id\":\"https:\\\/\\\/anoticiaonline.com.br\\\/site#listItem\",\"position\":1,\"name\":\"Home\",\"item\":\"https:\\\/\\\/anoticiaonline.com.br\\\/site\",\"nextItem\":{\"@type\":\"ListItem\",\"@id\":\"https:\\\/\\\/anoticiaonline.com.br\\\/site\\\/categoria\\\/gerais\\\/#listItem\",\"name\":\"Gerais\"}},{\"@type\":\"ListItem\",\"@id\":\"https:\\\/\\\/anoticiaonline.com.br\\\/site\\\/categoria\\\/gerais\\\/#listItem\",\"position\":2,\"name\":\"Gerais\",\"item\":\"https:\\\/\\\/anoticiaonline.com.br\\\/site\\\/categoria\\\/gerais\\\/\",\"nextItem\":{\"@type\":\"ListItem\",\"@id\":\"https:\\\/\\\/anoticiaonline.com.br\\\/site\\\/prefeitura-lanca-edital\\\/#listItem\",\"name\":\"Prefeitura lan\\u00e7a edital\"},\"previousItem\":{\"@type\":\"ListItem\",\"@id\":\"https:\\\/\\\/anoticiaonline.com.br\\\/site#listItem\",\"name\":\"Home\"}},{\"@type\":\"ListItem\",\"@id\":\"https:\\\/\\\/anoticiaonline.com.br\\\/site\\\/prefeitura-lanca-edital\\\/#listItem\",\"position\":3,\"name\":\"Prefeitura lan\\u00e7a edital\",\"previousItem\":{\"@type\":\"ListItem\",\"@id\":\"https:\\\/\\\/anoticiaonline.com.br\\\/site\\\/categoria\\\/gerais\\\/#listItem\",\"name\":\"Gerais\"}}]},{\"@type\":\"Organization\",\"@id\":\"https:\\\/\\\/anoticiaonline.com.br\\\/site\\\/#organization\",\"name\":\"A Not\\u00edcia Online\",\"description\":\"Noticias de Muria\\u00e9 e regi\\u00e3o\",\"url\":\"https:\\\/\\\/anoticiaonline.com.br\\\/site\\\/\",\"logo\":{\"@type\":\"ImageObject\",\"url\":\"https:\\\/\\\/scontent-gig4-1.xx.fbcdn.net\\\/v\\\/t39.30808-1\\\/270437624_4564083193639691_6907940295614233970_n.jpg?stp=dst-jpg_s200x200_tt6&_nc_cat=111&ccb=1-7&_nc_sid=f907e8&_nc_ohc=SM1wRlP3lJwQ7kNvwEPuBYA&_nc_oc=AdnqrjDN_BNjSSHWO-GbkIWH6fkGMLw4bqvL_NH6e2wMveX7G-rP2dAqsDSq1mJMOaY&_nc_zt=24&_nc_ht=scontent-gig4-1.xx&_nc_gid=AoBFJeGrT1hVaew_6rchkQ&oh=00_AfX7QmFGhQhG2jAllVgXCiM1ZrWgvtp80-Bfppyexh1QEg&oe=689E923C\",\"@id\":\"https:\\\/\\\/anoticiaonline.com.br\\\/site\\\/prefeitura-lanca-edital\\\/#organizationLogo\"},\"image\":{\"@id\":\"https:\\\/\\\/anoticiaonline.com.br\\\/site\\\/prefeitura-lanca-edital\\\/#organizationLogo\"}},{\"@type\":\"Person\",\"@id\":\"https:\\\/\\\/anoticiaonline.com.br\\\/site\\\/author\\\/leandro\\\/#author\",\"url\":\"https:\\\/\\\/anoticiaonline.com.br\\\/site\\\/author\\\/leandro\\\/\",\"name\":\"Leandro Bebiano\",\"image\":{\"@type\":\"ImageObject\",\"@id\":\"https:\\\/\\\/anoticiaonline.com.br\\\/site\\\/prefeitura-lanca-edital\\\/#authorImage\",\"url\":\"https:\\\/\\\/secure.gravatar.com\\\/avatar\\\/99966a20c143db97c8590c2013307c7c234a4cca48ed5657cbb47e22a400bd5f?s=96&d=mm&r=g\",\"width\":96,\"height\":96,\"caption\":\"Leandro Bebiano\"}},{\"@type\":\"WebPage\",\"@id\":\"https:\\\/\\\/anoticiaonline.com.br\\\/site\\\/prefeitura-lanca-edital\\\/#webpage\",\"url\":\"https:\\\/\\\/anoticiaonline.com.br\\\/site\\\/prefeitura-lanca-edital\\\/\",\"name\":\"Prefeitura lan\\u00e7a edital - A Not\\u00edcia Online\",\"description\":\"Prefeitura lan\\u00e7a edital de processo seletivo para o Crian\\u00e7a Feliz H\\u00e1 vagas para n\\u00edvel m\\u00e9dio e superior em Psicologia, Servi\\u00e7o Social ou Pedagogia; inscri\\u00e7\\u00f5es podem ser feitas de 19 a 23 de novembro A Prefeitura de Muria\\u00e9 lan\\u00e7ou edital de processo seletivo para o Programa Crian\\u00e7a Feliz, desenvolvido na cidade pela Secretaria Municipal de Desenvolvimento\",\"inLanguage\":\"pt-BR\",\"isPartOf\":{\"@id\":\"https:\\\/\\\/anoticiaonline.com.br\\\/site\\\/#website\"},\"breadcrumb\":{\"@id\":\"https:\\\/\\\/anoticiaonline.com.br\\\/site\\\/prefeitura-lanca-edital\\\/#breadcrumblist\"},\"author\":{\"@id\":\"https:\\\/\\\/anoticiaonline.com.br\\\/site\\\/author\\\/leandro\\\/#author\"},\"creator\":{\"@id\":\"https:\\\/\\\/anoticiaonline.com.br\\\/site\\\/author\\\/leandro\\\/#author\"},\"image\":{\"@type\":\"ImageObject\",\"url\":\"https:\\\/\\\/anoticiaonline.com.br\\\/site\\\/wp-content\\\/uploads\\\/2018\\\/11\\\/Centro-Administrativo-2.jpg\",\"@id\":\"https:\\\/\\\/anoticiaonline.com.br\\\/site\\\/prefeitura-lanca-edital\\\/#mainImage\",\"width\":1000,\"height\":775},\"primaryImageOfPage\":{\"@id\":\"https:\\\/\\\/anoticiaonline.com.br\\\/site\\\/prefeitura-lanca-edital\\\/#mainImage\"},\"datePublished\":\"2018-11-19T16:28:35-03:00\",\"dateModified\":\"2018-11-23T10:05:12-03:00\"},{\"@type\":\"WebSite\",\"@id\":\"https:\\\/\\\/anoticiaonline.com.br\\\/site\\\/#website\",\"url\":\"https:\\\/\\\/anoticiaonline.com.br\\\/site\\\/\",\"name\":\"A Not\\u00edcia Online\",\"description\":\"Noticias de Muria\\u00e9 e regi\\u00e3o\",\"inLanguage\":\"pt-BR\",\"publisher\":{\"@id\":\"https:\\\/\\\/anoticiaonline.com.br\\\/site\\\/#organization\"}}]}\n\t\t<\/script>\n\t\t<!-- All in One SEO -->\n\n","aioseo_head_json":{"title":"Prefeitura lan\u00e7a edital - A Not\u00edcia Online","description":"Prefeitura lan\u00e7a edital de processo seletivo para o Crian\u00e7a Feliz H\u00e1 vagas para n\u00edvel m\u00e9dio e superior em Psicologia, Servi\u00e7o Social ou Pedagogia; inscri\u00e7\u00f5es podem ser feitas de 19 a 23 de novembro A Prefeitura de Muria\u00e9 lan\u00e7ou edital de processo seletivo para o Programa Crian\u00e7a Feliz, desenvolvido na cidade pela Secretaria Municipal de Desenvolvimento","canonical_url":"https:\/\/anoticiaonline.com.br\/site\/prefeitura-lanca-edital\/","robots":"max-image-preview:large","keywords":"","webmasterTools":{"miscellaneous":""},"schema":{"@context":"https:\/\/schema.org","@graph":[{"@type":"BlogPosting","@id":"https:\/\/anoticiaonline.com.br\/site\/prefeitura-lanca-edital\/#blogposting","name":"Prefeitura lan\u00e7a edital - A Not\u00edcia Online","headline":"Prefeitura lan\u00e7a edital","author":{"@id":"https:\/\/anoticiaonline.com.br\/site\/author\/leandro\/#author"},"publisher":{"@id":"https:\/\/anoticiaonline.com.br\/site\/#organization"},"image":{"@type":"ImageObject","url":"https:\/\/anoticiaonline.com.br\/site\/wp-content\/uploads\/2018\/11\/Centro-Administrativo-2.jpg","width":1000,"height":775},"datePublished":"2018-11-19T16:28:35-03:00","dateModified":"2018-11-23T10:05:12-03:00","inLanguage":"pt-BR","mainEntityOfPage":{"@id":"https:\/\/anoticiaonline.com.br\/site\/prefeitura-lanca-edital\/#webpage"},"isPartOf":{"@id":"https:\/\/anoticiaonline.com.br\/site\/prefeitura-lanca-edital\/#webpage"},"articleSection":"Blog, Gerais, prefeitura de muria\u00e9, Programa Crian\u00e7a Feliz"},{"@type":"BreadcrumbList","@id":"https:\/\/anoticiaonline.com.br\/site\/prefeitura-lanca-edital\/#breadcrumblist","itemListElement":[{"@type":"ListItem","@id":"https:\/\/anoticiaonline.com.br\/site#listItem","position":1,"name":"Home","item":"https:\/\/anoticiaonline.com.br\/site","nextItem":{"@type":"ListItem","@id":"https:\/\/anoticiaonline.com.br\/site\/categoria\/gerais\/#listItem","name":"Gerais"}},{"@type":"ListItem","@id":"https:\/\/anoticiaonline.com.br\/site\/categoria\/gerais\/#listItem","position":2,"name":"Gerais","item":"https:\/\/anoticiaonline.com.br\/site\/categoria\/gerais\/","nextItem":{"@type":"ListItem","@id":"https:\/\/anoticiaonline.com.br\/site\/prefeitura-lanca-edital\/#listItem","name":"Prefeitura lan\u00e7a edital"},"previousItem":{"@type":"ListItem","@id":"https:\/\/anoticiaonline.com.br\/site#listItem","name":"Home"}},{"@type":"ListItem","@id":"https:\/\/anoticiaonline.com.br\/site\/prefeitura-lanca-edital\/#listItem","position":3,"name":"Prefeitura lan\u00e7a edital","previousItem":{"@type":"ListItem","@id":"https:\/\/anoticiaonline.com.br\/site\/categoria\/gerais\/#listItem","name":"Gerais"}}]},{"@type":"Organization","@id":"https:\/\/anoticiaonline.com.br\/site\/#organization","name":"A Not\u00edcia Online","description":"Noticias de Muria\u00e9 e regi\u00e3o","url":"https:\/\/anoticiaonline.com.br\/site\/","logo":{"@type":"ImageObject","url":"https:\/\/scontent-gig4-1.xx.fbcdn.net\/v\/t39.30808-1\/270437624_4564083193639691_6907940295614233970_n.jpg?stp=dst-jpg_s200x200_tt6&_nc_cat=111&ccb=1-7&_nc_sid=f907e8&_nc_ohc=SM1wRlP3lJwQ7kNvwEPuBYA&_nc_oc=AdnqrjDN_BNjSSHWO-GbkIWH6fkGMLw4bqvL_NH6e2wMveX7G-rP2dAqsDSq1mJMOaY&_nc_zt=24&_nc_ht=scontent-gig4-1.xx&_nc_gid=AoBFJeGrT1hVaew_6rchkQ&oh=00_AfX7QmFGhQhG2jAllVgXCiM1ZrWgvtp80-Bfppyexh1QEg&oe=689E923C","@id":"https:\/\/anoticiaonline.com.br\/site\/prefeitura-lanca-edital\/#organizationLogo"},"image":{"@id":"https:\/\/anoticiaonline.com.br\/site\/prefeitura-lanca-edital\/#organizationLogo"}},{"@type":"Person","@id":"https:\/\/anoticiaonline.com.br\/site\/author\/leandro\/#author","url":"https:\/\/anoticiaonline.com.br\/site\/author\/leandro\/","name":"Leandro Bebiano","image":{"@type":"ImageObject","@id":"https:\/\/anoticiaonline.com.br\/site\/prefeitura-lanca-edital\/#authorImage","url":"https:\/\/secure.gravatar.com\/avatar\/99966a20c143db97c8590c2013307c7c234a4cca48ed5657cbb47e22a400bd5f?s=96&d=mm&r=g","width":96,"height":96,"caption":"Leandro Bebiano"}},{"@type":"WebPage","@id":"https:\/\/anoticiaonline.com.br\/site\/prefeitura-lanca-edital\/#webpage","url":"https:\/\/anoticiaonline.com.br\/site\/prefeitura-lanca-edital\/","name":"Prefeitura lan\u00e7a edital - A Not\u00edcia Online","description":"Prefeitura lan\u00e7a edital de processo seletivo para o Crian\u00e7a Feliz H\u00e1 vagas para n\u00edvel m\u00e9dio e superior em Psicologia, Servi\u00e7o Social ou Pedagogia; inscri\u00e7\u00f5es podem ser feitas de 19 a 23 de novembro A Prefeitura de Muria\u00e9 lan\u00e7ou edital de processo seletivo para o Programa Crian\u00e7a Feliz, desenvolvido na cidade pela Secretaria Municipal de Desenvolvimento","inLanguage":"pt-BR","isPartOf":{"@id":"https:\/\/anoticiaonline.com.br\/site\/#website"},"breadcrumb":{"@id":"https:\/\/anoticiaonline.com.br\/site\/prefeitura-lanca-edital\/#breadcrumblist"},"author":{"@id":"https:\/\/anoticiaonline.com.br\/site\/author\/leandro\/#author"},"creator":{"@id":"https:\/\/anoticiaonline.com.br\/site\/author\/leandro\/#author"},"image":{"@type":"ImageObject","url":"https:\/\/anoticiaonline.com.br\/site\/wp-content\/uploads\/2018\/11\/Centro-Administrativo-2.jpg","@id":"https:\/\/anoticiaonline.com.br\/site\/prefeitura-lanca-edital\/#mainImage","width":1000,"height":775},"primaryImageOfPage":{"@id":"https:\/\/anoticiaonline.com.br\/site\/prefeitura-lanca-edital\/#mainImage"},"datePublished":"2018-11-19T16:28:35-03:00","dateModified":"2018-11-23T10:05:12-03:00"},{"@type":"WebSite","@id":"https:\/\/anoticiaonline.com.br\/site\/#website","url":"https:\/\/anoticiaonline.com.br\/site\/","name":"A Not\u00edcia Online","description":"Noticias de Muria\u00e9 e regi\u00e3o","inLanguage":"pt-BR","publisher":{"@id":"https:\/\/anoticiaonline.com.br\/site\/#organization"}}]},"og:locale":"pt_BR","og:site_name":"A Not\u00edcia Online - Noticias de Muria\u00e9 e regi\u00e3o","og:type":"article","og:title":"Prefeitura lan\u00e7a edital - A Not\u00edcia Online","og:description":"Prefeitura lan\u00e7a edital de processo seletivo para o Crian\u00e7a Feliz H\u00e1 vagas para n\u00edvel m\u00e9dio e superior em Psicologia, Servi\u00e7o Social ou Pedagogia; inscri\u00e7\u00f5es podem ser feitas de 19 a 23 de novembro A Prefeitura de Muria\u00e9 lan\u00e7ou edital de processo seletivo para o Programa Crian\u00e7a Feliz, desenvolvido na cidade pela Secretaria Municipal de Desenvolvimento","og:url":"https:\/\/anoticiaonline.com.br\/site\/prefeitura-lanca-edital\/","og:image":"https:\/\/scontent-gig4-1.xx.fbcdn.net\/v\/t39.30808-1\/270437624_4564083193639691_6907940295614233970_n.jpg?stp=dst-jpg_s200x200_tt6&#038;_nc_cat=111&#038;ccb=1-7&#038;_nc_sid=f907e8&#038;_nc_ohc=SM1wRlP3lJwQ7kNvwEPuBYA&#038;_nc_oc=AdnqrjDN_BNjSSHWO-GbkIWH6fkGMLw4bqvL_NH6e2wMveX7G-rP2dAqsDSq1mJMOaY&#038;_nc_zt=24&#038;_nc_ht=scontent-gig4-1.xx&#038;_nc_gid=AoBFJeGrT1hVaew_6rchkQ&#038;oh=00_AfX7QmFGhQhG2jAllVgXCiM1ZrWgvtp80-Bfppyexh1QEg&#038;oe=689E923C","og:image:secure_url":"https:\/\/scontent-gig4-1.xx.fbcdn.net\/v\/t39.30808-1\/270437624_4564083193639691_6907940295614233970_n.jpg?stp=dst-jpg_s200x200_tt6&#038;_nc_cat=111&#038;ccb=1-7&#038;_nc_sid=f907e8&#038;_nc_ohc=SM1wRlP3lJwQ7kNvwEPuBYA&#038;_nc_oc=AdnqrjDN_BNjSSHWO-GbkIWH6fkGMLw4bqvL_NH6e2wMveX7G-rP2dAqsDSq1mJMOaY&#038;_nc_zt=24&#038;_nc_ht=scontent-gig4-1.xx&#038;_nc_gid=AoBFJeGrT1hVaew_6rchkQ&#038;oh=00_AfX7QmFGhQhG2jAllVgXCiM1ZrWgvtp80-Bfppyexh1QEg&#038;oe=689E923C","article:published_time":"2018-11-19T19:28:35+00:00","article:modified_time":"2018-11-23T13:05:12+00:00","twitter:card":"summary_large_image","twitter:title":"Prefeitura lan\u00e7a edital - A Not\u00edcia Online","twitter:description":"Prefeitura lan\u00e7a edital de processo seletivo para o Crian\u00e7a Feliz H\u00e1 vagas para n\u00edvel m\u00e9dio e superior em Psicologia, Servi\u00e7o Social ou Pedagogia; inscri\u00e7\u00f5es podem ser feitas de 19 a 23 de novembro A Prefeitura de Muria\u00e9 lan\u00e7ou edital de processo seletivo para o Programa Crian\u00e7a Feliz, desenvolvido na cidade pela Secretaria Municipal de Desenvolvimento","twitter:image":"https:\/\/scontent-gig4-1.xx.fbcdn.net\/v\/t39.30808-1\/270437624_4564083193639691_6907940295614233970_n.jpg?stp=dst-jpg_s200x200_tt6&_nc_cat=111&ccb=1-7&_nc_sid=f907e8&_nc_ohc=SM1wRlP3lJwQ7kNvwEPuBYA&_nc_oc=AdnqrjDN_BNjSSHWO-GbkIWH6fkGMLw4bqvL_NH6e2wMveX7G-rP2dAqsDSq1mJMOaY&_nc_zt=24&_nc_ht=scontent-gig4-1.xx&_nc_gid=AoBFJeGrT1hVaew_6rchkQ&oh=00_AfX7QmFGhQhG2jAllVgXCiM1ZrWgvtp80-Bfppyexh1QEg&oe=689E923C"},"aioseo_meta_data":{"post_id":"64735","title":null,"description":null,"keywords":null,"keyphrases":null,"primary_term":null,"canonical_url":null,"og_title":null,"og_description":null,"og_object_type":"default","og_image_type":"default","og_image_url":null,"og_image_width":null,"og_image_height":null,"og_image_custom_url":null,"og_image_custom_fields":null,"og_video":null,"og_custom_url":null,"og_article_section":null,"og_article_tags":null,"twitter_use_og":false,"twitter_card":"default","twitter_image_type":"default","twitter_image_url":null,"twitter_image_custom_url":null,"twitter_image_custom_fields":null,"twitter_title":null,"twitter_description":null,"schema":{"blockGraphs":[],"customGraphs":[],"default":{"data":{"Article":[],"Course":[],"Dataset":[],"FAQPage":[],"Movie":[],"Person":[],"Product":[],"ProductReview":[],"Car":[],"Recipe":[],"Service":[],"SoftwareApplication":[],"WebPage":[]},"graphName":"","isEnabled":true},"graphs":[]},"schema_type":"default","schema_type_options":null,"pillar_content":false,"robots_default":true,"robots_noindex":false,"robots_noarchive":false,"robots_nosnippet":false,"robots_nofollow":false,"robots_noimageindex":false,"robots_noodp":false,"robots_notranslate":false,"robots_max_snippet":null,"robots_max_videopreview":null,"robots_max_imagepreview":"large","priority":null,"frequency":null,"local_seo":null,"breadcrumb_settings":null,"limit_modified_date":false,"ai":null,"created":"2025-08-16 22:08:13","updated":"2025-08-16 22:08:13","focus_keyword":null,"additional_keywords":null,"truseo_locale":null,"seo_analyzer_scan_date":null},"aioseo_breadcrumb":"<div class=\"aioseo-breadcrumbs\"><span class=\"aioseo-breadcrumb\">\n\t\t\t<a href=\"https:\/\/anoticiaonline.com.br\/site\" title=\"Home\">Home<\/a>\n\t\t<\/span><span class=\"aioseo-breadcrumb-separator\">&raquo;<\/span><span class=\"aioseo-breadcrumb\">\n\t\t\t<a href=\"https:\/\/anoticiaonline.com.br\/site\/categoria\/gerais\/\" title=\"Gerais\">Gerais<\/a>\n\t\t<\/span><span class=\"aioseo-breadcrumb-separator\">&raquo;<\/span><span class=\"aioseo-breadcrumb\">\n\t\t\tPrefeitura lan\u00e7a edital\n\t\t<\/span><\/div>","aioseo_breadcrumb_json":[{"label":"Home","link":"https:\/\/anoticiaonline.com.br\/site"},{"label":"Gerais","link":"https:\/\/anoticiaonline.com.br\/site\/categoria\/gerais\/"},{"label":"Prefeitura lan\u00e7a edital","link":"https:\/\/anoticiaonline.com.br\/site\/prefeitura-lanca-edital\/"}],"views":178,"_links":{"self":[{"href":"https:\/\/anoticiaonline.com.br\/site\/wp-json\/wp\/v2\/posts\/64735","targetHints":{"allow":["GET"]}}],"collection":[{"href":"https:\/\/anoticiaonline.com.br\/site\/wp-json\/wp\/v2\/posts"}],"about":[{"href":"https:\/\/anoticiaonline.com.br\/site\/wp-json\/wp\/v2\/types\/post"}],"author":[{"embeddable":true,"href":"https:\/\/anoticiaonline.com.br\/site\/wp-json\/wp\/v2\/users\/7"}],"replies":[{"embeddable":true,"href":"https:\/\/anoticiaonline.com.br\/site\/wp-json\/wp\/v2\/comments?post=64735"}],"version-history":[{"count":0,"href":"https:\/\/anoticiaonline.com.br\/site\/wp-json\/wp\/v2\/posts\/64735\/revisions"}],"wp:featuredmedia":[{"embeddable":true,"href":"https:\/\/anoticiaonline.com.br\/site\/wp-json\/wp\/v2\/media\/64736"}],"wp:attachment":[{"href":"https:\/\/anoticiaonline.com.br\/site\/wp-json\/wp\/v2\/media?parent=64735"}],"wp:term":[{"taxonomy":"category","embeddable":true,"href":"https:\/\/anoticiaonline.com.br\/site\/wp-json\/wp\/v2\/categories?post=64735"},{"taxonomy":"post_tag","embeddable":true,"href":"https:\/\/anoticiaonline.com.br\/site\/wp-json\/wp\/v2\/tags?post=64735"}],"curies":[{"name":"wp","href":"https:\/\/api.w.org\/{rel}","templated":true}]}}