{"id":6466,"date":"2015-11-17T08:03:39","date_gmt":"2015-11-17T11:03:39","guid":{"rendered":"http:\/\/anoticiaonline.com.br\/site\/?p=6466"},"modified":"2015-11-17T08:03:39","modified_gmt":"2015-11-17T11:03:39","slug":"compensacao-emocional-diante-da-dor","status":"publish","type":"post","link":"https:\/\/anoticiaonline.com.br\/site\/compensacao-emocional-diante-da-dor\/","title":{"rendered":"Compensa\u00e7\u00e3o emocional diante da dor"},"content":{"rendered":"<p><em>\u201cN\u00e3o se turbe o vosso cora\u00e7\u00e3o; credes em Deus, crede tamb\u00e9m em mim.\u201d &#8211; Jesus (Jo., 14:1.)<\/em><\/p>\n<p>O equil\u00edbrio emocional nas horas dif\u00edceis dimensiona o grau de confian\u00e7a que j\u00e1 conseguimos efetivamente depositar em Deus, em Jesus e em n\u00f3s pr\u00f3prios&#8230;\u00a0 Sustentar a serenidade nos transes dolorosos e desagrad\u00e1veis \u00e9 a prova de que j\u00e1 possu\u00edmos os \u201ctesouros do C\u00e9u\u201d emboscados no relic\u00e1rio de nossas aquisi\u00e7\u00f5es maiores.<\/p>\n<p>Emmanuel nos aconselha a meditar <em>\u201cnas afli\u00e7\u00f5es que explodir\u00e3o por nossa causa naqueles que nos cercam, se nos entregarmos \u00e0 irrita\u00e7\u00e3o ou ao desalento\u201d.<\/em><\/p>\n<p>\u201cTens f\u00e9? Tem-na em ti mesmo, diante de Deus\u201d \u2013 escreveu\u00a0 Paulo aos Romanos.<\/p>\n<p>Emmanuel amplia ainda mais as considera\u00e7\u00f5es do Ap\u00f3stolo dos Gentios : <em>\u201cno mecanismo das realiza\u00e7\u00f5es di\u00e1rias, n\u00e3o \u00e9 poss\u00edvel esquecer a criatura aquela express\u00e3o de confian\u00e7a em si mesma, e que deve manter na esfera das obriga\u00e7\u00f5es que tem de cumprir \u00e0 face de Deus.<\/em><\/p>\n<p><em>Os que vivem na certeza das promessas divinas s\u00e3o os que guardam a f\u00e9 no poder relativo que lhes foi confiado e, aumentando-o pelo pr\u00f3prio esfor\u00e7o, prosseguem nas edifica\u00e7\u00f5es definitivas, com vistas \u00e0 Eternidade. Os que, no entanto, permanecem desalentados quanto \u00e0s suas possibilidades, esperando em promessas humanas, d\u00e3o a ideia de fragmentos de corti\u00e7a, sem finalidade pr\u00f3pria, ao sabor das \u00e1guas, sem roteiro e sem ancoradouro.<\/em><\/p>\n<p><em>Na esfera de cada criatura, Deus pode tudo; n\u00e3o dispensa, por\u00e9m, a coopera\u00e7\u00e3o, a vontade e a confian\u00e7a do filho para realizar.<\/em><\/p>\n<p><em>\u00c9 ineg\u00e1vel que em vosso aprendizado terrestre atravessareis dias de inverno r\u00edspido, em que ser\u00e1 indispens\u00e1vel recorrer \u00e0s provis\u00f5es armazenadas no \u00edntimo, nas colheitas dos dias de equil\u00edbrio e abund\u00e2ncia. Quando surgir um dia assim em vossos horizontes, compelindo-vos \u00e0 inquieta\u00e7\u00e3o e \u00e0 amargura, certo n\u00e3o vos ser\u00e1 proibido chorar. Entretanto, \u00e9 necess\u00e1rio n\u00e3o esquecer a divina companhia do Senhor Jesus.<\/em><\/p>\n<p><em>(&#8230;) Nos transes aflitivos a criatura demonstra sempre onde se localizam as for\u00e7as exteriores que lhe subjugam a alma. Nas grandes horas de testemunho no sofrimento ou na morte, os avarentos clamam pelas posses ef\u00eameras, os arbitr\u00e1rios exigem obedi\u00eancia de que se julgam credores, os supersentimentais reclamam o objeto de suas afei\u00e7\u00f5es&#8230; Jesus, todavia, no campo supremo das \u00faltimas horas terrestres, mostrava-Se absoluto senhor de Si mesmo, ensinando-nos a sublime identifica\u00e7\u00e3o com os prop\u00f3sitos do Pai, como o mais avan\u00e7ado recurso de dom\u00ednio pr\u00f3prio.\u00a0\u00a0 A cruz n\u00e3o Lhe altera a serenidade. Suspenso no madeiro, roga desculpas para a ignor\u00e2ncia do povo\u201d.<\/em><\/p>\n<p>Atentemos nas explica\u00e7\u00f5es de \u201cUm Esp\u00edrito Amigo\u201d : \u201c(&#8230;) h\u00e1 indiv\u00edduos que se entregam \u00e0 vontade de Deus, porque resolvem acomodar-se, fugindo \u00e0 responsabilidade dos acontecimentos que lhes cumpre conduzir. Este \u00e9, sem d\u00favida, um estado de alimenta\u00e7\u00e3o neur\u00f3tica.<\/p>\n<p>Sucessos e fracassos, mais insucessos certamente, lhes ocorrem porque, dizem, Deus assim o quer, quando tudo os convida \u00e0 realiza\u00e7\u00e3o din\u00e2mica e produtiva do bem com saldos favor\u00e1veis para a sua realiza\u00e7\u00e3o. Outros existem que permanecem aguardando milagres capazes de lhes alterar o destino, sem a contribui\u00e7\u00e3o do seu esfor\u00e7o.\u00a0 Diversos portadores de sentimentos de culpa buscam a fuga religiosa como processo escapista para o enfrentamento com a consci\u00eancia. N\u00e3o falta quem procure transferir suas responsabilidades para Deus, utilizando-se do processo infantil de ser cuidado por algu\u00e9m&#8230;\u00a0 Esses crentes s\u00e3o portadores de conflitos, sem d\u00favida, mas a culpa n\u00e3o \u00e9 da religi\u00e3o que abra\u00e7am, e sim deles pr\u00f3prios.<\/p>\n<p>A religi\u00e3o deve possuir os recursos terap\u00eauticos de otimismo, de afirma\u00e7\u00e3o para o indiv\u00edduo e de identifica\u00e7\u00e3o pessoal com a vida.\u00a0 N\u00e3o se impondo a ningu\u00e9m, ajuda a discernir quais as melhores metas existenciais e como consegui-las.\u00a0\u00a0 Apoiando-se no racioc\u00ednio, liberta o homem dos totens e tabus at\u00e1vicos, aplicando-lhes as regras \u00e9ticas de conduta, que o tornam seguro e calmo no processo de crescimento \u00edntimo.<\/p>\n<p>A religi\u00e3o propicia amadurecimento psicol\u00f3gico, gra\u00e7as \u00e0s propostas desafiadoras com que se apresenta.\u00a0\u00a0 O crente que se conscientiza os postulados religiosos que abra\u00e7a, entrega-se a uma din\u00e2mica de maturidade e realiza\u00e7\u00e3o que o propele a conquistas novas: amplia\u00e7\u00e3o das aptid\u00f5es, capacidade de amar, for\u00e7a de trabalho, alegria na luta, compensa\u00e7\u00e3o emocional diante da dor, esp\u00edrito de combatividade e calma nas atitudes\u201d.<\/p>\n","protected":false},"excerpt":{"rendered":"<p>\u201cN\u00e3o se turbe o vosso cora\u00e7\u00e3o; credes em Deus, crede tamb\u00e9m em mim.\u201d &#8211; Jesus (Jo., 14:1.) O equil\u00edbrio emocional nas horas dif\u00edceis dimensiona o grau de confian\u00e7a que j\u00e1 conseguimos efetivamente depositar em Deus, em Jesus e em n\u00f3s pr\u00f3prios&#8230;\u00a0 Sustentar a serenidade nos transes dolorosos e desagrad\u00e1veis \u00e9 a prova de que j\u00e1 &#8230; <a title=\"Compensa\u00e7\u00e3o emocional diante da dor\" class=\"read-more\" href=\"https:\/\/anoticiaonline.com.br\/site\/compensacao-emocional-diante-da-dor\/\" aria-label=\"Read more about Compensa\u00e7\u00e3o emocional diante da dor\">Ler mais<\/a><\/p>\n","protected":false},"author":2,"featured_media":0,"comment_status":"open","ping_status":"open","sticky":false,"template":"","format":"standard","meta":{"_acf_changed":false,"_monsterinsights_skip_tracking":false,"footnotes":""},"categories":[44],"tags":[],"class_list":["post-6466","post","type-post","status-publish","format-standard","hentry","category-espiritismo-em-foco-de-rogerio-coelho"],"acf":[],"aioseo_notices":[],"aioseo_head":"\n\t\t<!-- All in One SEO 5.0.0.1 - aioseo.com -->\n\t<meta name=\"description\" content=\"\u201cN\u00e3o se turbe o vosso cora\u00e7\u00e3o; credes em Deus, crede tamb\u00e9m em mim.\u201d - Jesus (Jo., 14:1.) O equil\u00edbrio emocional nas horas dif\u00edceis dimensiona o grau de confian\u00e7a que j\u00e1 conseguimos efetivamente depositar em Deus, em Jesus e em n\u00f3s pr\u00f3prios... Sustentar a serenidade nos transes dolorosos e desagrad\u00e1veis \u00e9 a prova de que j\u00e1\" \/>\n\t<meta name=\"robots\" content=\"max-image-preview:large\" \/>\n\t<meta name=\"author\" content=\"Juliana Laviola\"\/>\n\t<link rel=\"canonical\" href=\"https:\/\/anoticiaonline.com.br\/site\/compensacao-emocional-diante-da-dor\/\" \/>\n\t<meta name=\"generator\" content=\"All in One SEO (AIOSEO) 5.0.0.1\" \/>\n\t\t<meta property=\"og:locale\" content=\"pt_BR\" \/>\n\t\t<meta property=\"og:site_name\" content=\"A Not\u00edcia Online - Noticias de Muria\u00e9 e regi\u00e3o\" \/>\n\t\t<meta property=\"og:type\" content=\"article\" \/>\n\t\t<meta property=\"og:title\" content=\"Compensa\u00e7\u00e3o emocional diante da dor - A Not\u00edcia Online\" \/>\n\t\t<meta property=\"og:description\" content=\"\u201cN\u00e3o se turbe o vosso cora\u00e7\u00e3o; credes em Deus, crede tamb\u00e9m em mim.\u201d - Jesus (Jo., 14:1.) O equil\u00edbrio emocional nas horas dif\u00edceis dimensiona o grau de confian\u00e7a que j\u00e1 conseguimos efetivamente depositar em Deus, em Jesus e em n\u00f3s pr\u00f3prios... Sustentar a serenidade nos transes dolorosos e desagrad\u00e1veis \u00e9 a prova de que j\u00e1\" \/>\n\t\t<meta property=\"og:url\" content=\"https:\/\/anoticiaonline.com.br\/site\/compensacao-emocional-diante-da-dor\/\" \/>\n\t\t<meta property=\"og:image\" content=\"https:\/\/scontent-gig4-1.xx.fbcdn.net\/v\/t39.30808-1\/270437624_4564083193639691_6907940295614233970_n.jpg?stp=dst-jpg_s200x200_tt6&#038;_nc_cat=111&#038;ccb=1-7&#038;_nc_sid=f907e8&#038;_nc_ohc=SM1wRlP3lJwQ7kNvwEPuBYA&#038;_nc_oc=AdnqrjDN_BNjSSHWO-GbkIWH6fkGMLw4bqvL_NH6e2wMveX7G-rP2dAqsDSq1mJMOaY&#038;_nc_zt=24&#038;_nc_ht=scontent-gig4-1.xx&#038;_nc_gid=AoBFJeGrT1hVaew_6rchkQ&#038;oh=00_AfX7QmFGhQhG2jAllVgXCiM1ZrWgvtp80-Bfppyexh1QEg&#038;oe=689E923C\" \/>\n\t\t<meta property=\"og:image:secure_url\" content=\"https:\/\/scontent-gig4-1.xx.fbcdn.net\/v\/t39.30808-1\/270437624_4564083193639691_6907940295614233970_n.jpg?stp=dst-jpg_s200x200_tt6&#038;_nc_cat=111&#038;ccb=1-7&#038;_nc_sid=f907e8&#038;_nc_ohc=SM1wRlP3lJwQ7kNvwEPuBYA&#038;_nc_oc=AdnqrjDN_BNjSSHWO-GbkIWH6fkGMLw4bqvL_NH6e2wMveX7G-rP2dAqsDSq1mJMOaY&#038;_nc_zt=24&#038;_nc_ht=scontent-gig4-1.xx&#038;_nc_gid=AoBFJeGrT1hVaew_6rchkQ&#038;oh=00_AfX7QmFGhQhG2jAllVgXCiM1ZrWgvtp80-Bfppyexh1QEg&#038;oe=689E923C\" \/>\n\t\t<meta property=\"article:published_time\" content=\"2015-11-17T11:03:39+00:00\" \/>\n\t\t<meta property=\"article:modified_time\" content=\"2015-11-17T11:03:39+00:00\" \/>\n\t\t<meta name=\"twitter:card\" content=\"summary_large_image\" \/>\n\t\t<meta name=\"twitter:title\" content=\"Compensa\u00e7\u00e3o emocional diante da dor - A Not\u00edcia Online\" \/>\n\t\t<meta name=\"twitter:description\" content=\"\u201cN\u00e3o se turbe o vosso cora\u00e7\u00e3o; credes em Deus, crede tamb\u00e9m em mim.\u201d - Jesus (Jo., 14:1.) O equil\u00edbrio emocional nas horas dif\u00edceis dimensiona o grau de confian\u00e7a que j\u00e1 conseguimos efetivamente depositar em Deus, em Jesus e em n\u00f3s pr\u00f3prios... Sustentar a serenidade nos transes dolorosos e desagrad\u00e1veis \u00e9 a prova de que j\u00e1\" \/>\n\t\t<meta name=\"twitter:image\" content=\"https:\/\/scontent-gig4-1.xx.fbcdn.net\/v\/t39.30808-1\/270437624_4564083193639691_6907940295614233970_n.jpg?stp=dst-jpg_s200x200_tt6&amp;_nc_cat=111&amp;ccb=1-7&amp;_nc_sid=f907e8&amp;_nc_ohc=SM1wRlP3lJwQ7kNvwEPuBYA&amp;_nc_oc=AdnqrjDN_BNjSSHWO-GbkIWH6fkGMLw4bqvL_NH6e2wMveX7G-rP2dAqsDSq1mJMOaY&amp;_nc_zt=24&amp;_nc_ht=scontent-gig4-1.xx&amp;_nc_gid=AoBFJeGrT1hVaew_6rchkQ&amp;oh=00_AfX7QmFGhQhG2jAllVgXCiM1ZrWgvtp80-Bfppyexh1QEg&amp;oe=689E923C\" \/>\n\t\t<script type=\"application\/ld+json\" class=\"aioseo-schema\">\n\t\t\t{\"@context\":\"https:\\\/\\\/schema.org\",\"@graph\":[{\"@type\":\"BlogPosting\",\"@id\":\"https:\\\/\\\/anoticiaonline.com.br\\\/site\\\/compensacao-emocional-diante-da-dor\\\/#blogposting\",\"name\":\"Compensa\\u00e7\\u00e3o emocional diante da dor - A Not\\u00edcia Online\",\"headline\":\"Compensa\\u00e7\\u00e3o emocional diante da dor\",\"author\":{\"@id\":\"https:\\\/\\\/anoticiaonline.com.br\\\/site\\\/author\\\/juliana\\\/#author\"},\"publisher\":{\"@id\":\"https:\\\/\\\/anoticiaonline.com.br\\\/site\\\/#organization\"},\"image\":{\"@type\":\"ImageObject\",\"url\":\"https:\\\/\\\/scontent-gig4-1.xx.fbcdn.net\\\/v\\\/t39.30808-1\\\/270437624_4564083193639691_6907940295614233970_n.jpg?stp=dst-jpg_s200x200_tt6&_nc_cat=111&ccb=1-7&_nc_sid=f907e8&_nc_ohc=SM1wRlP3lJwQ7kNvwEPuBYA&_nc_oc=AdnqrjDN_BNjSSHWO-GbkIWH6fkGMLw4bqvL_NH6e2wMveX7G-rP2dAqsDSq1mJMOaY&_nc_zt=24&_nc_ht=scontent-gig4-1.xx&_nc_gid=AoBFJeGrT1hVaew_6rchkQ&oh=00_AfX7QmFGhQhG2jAllVgXCiM1ZrWgvtp80-Bfppyexh1QEg&oe=689E923C\",\"@id\":\"https:\\\/\\\/anoticiaonline.com.br\\\/site\\\/#articleImage\"},\"datePublished\":\"2015-11-17T08:03:39-03:00\",\"dateModified\":\"2015-11-17T08:03:39-03:00\",\"inLanguage\":\"pt-BR\",\"mainEntityOfPage\":{\"@id\":\"https:\\\/\\\/anoticiaonline.com.br\\\/site\\\/compensacao-emocional-diante-da-dor\\\/#webpage\"},\"isPartOf\":{\"@id\":\"https:\\\/\\\/anoticiaonline.com.br\\\/site\\\/compensacao-emocional-diante-da-dor\\\/#webpage\"},\"articleSection\":\"Espiritismo em Foco, por Rog\\u00e9rio Coelho\"},{\"@type\":\"BreadcrumbList\",\"@id\":\"https:\\\/\\\/anoticiaonline.com.br\\\/site\\\/compensacao-emocional-diante-da-dor\\\/#breadcrumblist\",\"itemListElement\":[{\"@type\":\"ListItem\",\"@id\":\"https:\\\/\\\/anoticiaonline.com.br\\\/site#listItem\",\"position\":1,\"name\":\"Home\",\"item\":\"https:\\\/\\\/anoticiaonline.com.br\\\/site\",\"nextItem\":{\"@type\":\"ListItem\",\"@id\":\"https:\\\/\\\/anoticiaonline.com.br\\\/site\\\/categoria\\\/colunistas\\\/#listItem\",\"name\":\"Colunistas\"}},{\"@type\":\"ListItem\",\"@id\":\"https:\\\/\\\/anoticiaonline.com.br\\\/site\\\/categoria\\\/colunistas\\\/#listItem\",\"position\":2,\"name\":\"Colunistas\",\"item\":\"https:\\\/\\\/anoticiaonline.com.br\\\/site\\\/categoria\\\/colunistas\\\/\",\"nextItem\":{\"@type\":\"ListItem\",\"@id\":\"https:\\\/\\\/anoticiaonline.com.br\\\/site\\\/categoria\\\/colunistas\\\/espiritismo-em-foco-de-rogerio-coelho\\\/#listItem\",\"name\":\"Espiritismo em Foco, por Rog\\u00e9rio Coelho\"},\"previousItem\":{\"@type\":\"ListItem\",\"@id\":\"https:\\\/\\\/anoticiaonline.com.br\\\/site#listItem\",\"name\":\"Home\"}},{\"@type\":\"ListItem\",\"@id\":\"https:\\\/\\\/anoticiaonline.com.br\\\/site\\\/categoria\\\/colunistas\\\/espiritismo-em-foco-de-rogerio-coelho\\\/#listItem\",\"position\":3,\"name\":\"Espiritismo em Foco, por Rog\\u00e9rio Coelho\",\"item\":\"https:\\\/\\\/anoticiaonline.com.br\\\/site\\\/categoria\\\/colunistas\\\/espiritismo-em-foco-de-rogerio-coelho\\\/\",\"nextItem\":{\"@type\":\"ListItem\",\"@id\":\"https:\\\/\\\/anoticiaonline.com.br\\\/site\\\/compensacao-emocional-diante-da-dor\\\/#listItem\",\"name\":\"Compensa\\u00e7\\u00e3o emocional diante da dor\"},\"previousItem\":{\"@type\":\"ListItem\",\"@id\":\"https:\\\/\\\/anoticiaonline.com.br\\\/site\\\/categoria\\\/colunistas\\\/#listItem\",\"name\":\"Colunistas\"}},{\"@type\":\"ListItem\",\"@id\":\"https:\\\/\\\/anoticiaonline.com.br\\\/site\\\/compensacao-emocional-diante-da-dor\\\/#listItem\",\"position\":4,\"name\":\"Compensa\\u00e7\\u00e3o emocional diante da dor\",\"previousItem\":{\"@type\":\"ListItem\",\"@id\":\"https:\\\/\\\/anoticiaonline.com.br\\\/site\\\/categoria\\\/colunistas\\\/espiritismo-em-foco-de-rogerio-coelho\\\/#listItem\",\"name\":\"Espiritismo em Foco, por Rog\\u00e9rio Coelho\"}}]},{\"@type\":\"Organization\",\"@id\":\"https:\\\/\\\/anoticiaonline.com.br\\\/site\\\/#organization\",\"name\":\"A Not\\u00edcia Online\",\"description\":\"Noticias de Muria\\u00e9 e regi\\u00e3o\",\"url\":\"https:\\\/\\\/anoticiaonline.com.br\\\/site\\\/\",\"logo\":{\"@type\":\"ImageObject\",\"url\":\"https:\\\/\\\/scontent-gig4-1.xx.fbcdn.net\\\/v\\\/t39.30808-1\\\/270437624_4564083193639691_6907940295614233970_n.jpg?stp=dst-jpg_s200x200_tt6&_nc_cat=111&ccb=1-7&_nc_sid=f907e8&_nc_ohc=SM1wRlP3lJwQ7kNvwEPuBYA&_nc_oc=AdnqrjDN_BNjSSHWO-GbkIWH6fkGMLw4bqvL_NH6e2wMveX7G-rP2dAqsDSq1mJMOaY&_nc_zt=24&_nc_ht=scontent-gig4-1.xx&_nc_gid=AoBFJeGrT1hVaew_6rchkQ&oh=00_AfX7QmFGhQhG2jAllVgXCiM1ZrWgvtp80-Bfppyexh1QEg&oe=689E923C\",\"@id\":\"https:\\\/\\\/anoticiaonline.com.br\\\/site\\\/compensacao-emocional-diante-da-dor\\\/#organizationLogo\"},\"image\":{\"@id\":\"https:\\\/\\\/anoticiaonline.com.br\\\/site\\\/compensacao-emocional-diante-da-dor\\\/#organizationLogo\"}},{\"@type\":\"Person\",\"@id\":\"https:\\\/\\\/anoticiaonline.com.br\\\/site\\\/author\\\/juliana\\\/#author\",\"url\":\"https:\\\/\\\/anoticiaonline.com.br\\\/site\\\/author\\\/juliana\\\/\",\"name\":\"Juliana Laviola\",\"image\":{\"@type\":\"ImageObject\",\"@id\":\"https:\\\/\\\/anoticiaonline.com.br\\\/site\\\/compensacao-emocional-diante-da-dor\\\/#authorImage\",\"url\":\"https:\\\/\\\/secure.gravatar.com\\\/avatar\\\/b8d45f5c699b100dfaf0e543582f38f38bf94cb7ae3a5e9abf8d891a34773335?s=96&d=mm&r=g\",\"width\":96,\"height\":96,\"caption\":\"Juliana Laviola\"}},{\"@type\":\"WebPage\",\"@id\":\"https:\\\/\\\/anoticiaonline.com.br\\\/site\\\/compensacao-emocional-diante-da-dor\\\/#webpage\",\"url\":\"https:\\\/\\\/anoticiaonline.com.br\\\/site\\\/compensacao-emocional-diante-da-dor\\\/\",\"name\":\"Compensa\\u00e7\\u00e3o emocional diante da dor - A Not\\u00edcia Online\",\"description\":\"\\u201cN\\u00e3o se turbe o vosso cora\\u00e7\\u00e3o; credes em Deus, crede tamb\\u00e9m em mim.\\u201d - Jesus (Jo., 14:1.) O equil\\u00edbrio emocional nas horas dif\\u00edceis dimensiona o grau de confian\\u00e7a que j\\u00e1 conseguimos efetivamente depositar em Deus, em Jesus e em n\\u00f3s pr\\u00f3prios... Sustentar a serenidade nos transes dolorosos e desagrad\\u00e1veis \\u00e9 a prova de que j\\u00e1\",\"inLanguage\":\"pt-BR\",\"isPartOf\":{\"@id\":\"https:\\\/\\\/anoticiaonline.com.br\\\/site\\\/#website\"},\"breadcrumb\":{\"@id\":\"https:\\\/\\\/anoticiaonline.com.br\\\/site\\\/compensacao-emocional-diante-da-dor\\\/#breadcrumblist\"},\"author\":{\"@id\":\"https:\\\/\\\/anoticiaonline.com.br\\\/site\\\/author\\\/juliana\\\/#author\"},\"creator\":{\"@id\":\"https:\\\/\\\/anoticiaonline.com.br\\\/site\\\/author\\\/juliana\\\/#author\"},\"datePublished\":\"2015-11-17T08:03:39-03:00\",\"dateModified\":\"2015-11-17T08:03:39-03:00\"},{\"@type\":\"WebSite\",\"@id\":\"https:\\\/\\\/anoticiaonline.com.br\\\/site\\\/#website\",\"url\":\"https:\\\/\\\/anoticiaonline.com.br\\\/site\\\/\",\"name\":\"A Not\\u00edcia Online\",\"description\":\"Noticias de Muria\\u00e9 e regi\\u00e3o\",\"inLanguage\":\"pt-BR\",\"publisher\":{\"@id\":\"https:\\\/\\\/anoticiaonline.com.br\\\/site\\\/#organization\"}}]}\n\t\t<\/script>\n\t\t<!-- All in One SEO -->\n\n","aioseo_head_json":{"title":"Compensa\u00e7\u00e3o emocional diante da dor - A Not\u00edcia Online","description":"\u201cN\u00e3o se turbe o vosso cora\u00e7\u00e3o; credes em Deus, crede tamb\u00e9m em mim.\u201d - Jesus (Jo., 14:1.) O equil\u00edbrio emocional nas horas dif\u00edceis dimensiona o grau de confian\u00e7a que j\u00e1 conseguimos efetivamente depositar em Deus, em Jesus e em n\u00f3s pr\u00f3prios... Sustentar a serenidade nos transes dolorosos e desagrad\u00e1veis \u00e9 a prova de que j\u00e1","canonical_url":"https:\/\/anoticiaonline.com.br\/site\/compensacao-emocional-diante-da-dor\/","robots":"max-image-preview:large","keywords":"","webmasterTools":{"miscellaneous":""},"schema":{"@context":"https:\/\/schema.org","@graph":[{"@type":"BlogPosting","@id":"https:\/\/anoticiaonline.com.br\/site\/compensacao-emocional-diante-da-dor\/#blogposting","name":"Compensa\u00e7\u00e3o emocional diante da dor - A Not\u00edcia Online","headline":"Compensa\u00e7\u00e3o emocional diante da dor","author":{"@id":"https:\/\/anoticiaonline.com.br\/site\/author\/juliana\/#author"},"publisher":{"@id":"https:\/\/anoticiaonline.com.br\/site\/#organization"},"image":{"@type":"ImageObject","url":"https:\/\/scontent-gig4-1.xx.fbcdn.net\/v\/t39.30808-1\/270437624_4564083193639691_6907940295614233970_n.jpg?stp=dst-jpg_s200x200_tt6&_nc_cat=111&ccb=1-7&_nc_sid=f907e8&_nc_ohc=SM1wRlP3lJwQ7kNvwEPuBYA&_nc_oc=AdnqrjDN_BNjSSHWO-GbkIWH6fkGMLw4bqvL_NH6e2wMveX7G-rP2dAqsDSq1mJMOaY&_nc_zt=24&_nc_ht=scontent-gig4-1.xx&_nc_gid=AoBFJeGrT1hVaew_6rchkQ&oh=00_AfX7QmFGhQhG2jAllVgXCiM1ZrWgvtp80-Bfppyexh1QEg&oe=689E923C","@id":"https:\/\/anoticiaonline.com.br\/site\/#articleImage"},"datePublished":"2015-11-17T08:03:39-03:00","dateModified":"2015-11-17T08:03:39-03:00","inLanguage":"pt-BR","mainEntityOfPage":{"@id":"https:\/\/anoticiaonline.com.br\/site\/compensacao-emocional-diante-da-dor\/#webpage"},"isPartOf":{"@id":"https:\/\/anoticiaonline.com.br\/site\/compensacao-emocional-diante-da-dor\/#webpage"},"articleSection":"Espiritismo em Foco, por Rog\u00e9rio Coelho"},{"@type":"BreadcrumbList","@id":"https:\/\/anoticiaonline.com.br\/site\/compensacao-emocional-diante-da-dor\/#breadcrumblist","itemListElement":[{"@type":"ListItem","@id":"https:\/\/anoticiaonline.com.br\/site#listItem","position":1,"name":"Home","item":"https:\/\/anoticiaonline.com.br\/site","nextItem":{"@type":"ListItem","@id":"https:\/\/anoticiaonline.com.br\/site\/categoria\/colunistas\/#listItem","name":"Colunistas"}},{"@type":"ListItem","@id":"https:\/\/anoticiaonline.com.br\/site\/categoria\/colunistas\/#listItem","position":2,"name":"Colunistas","item":"https:\/\/anoticiaonline.com.br\/site\/categoria\/colunistas\/","nextItem":{"@type":"ListItem","@id":"https:\/\/anoticiaonline.com.br\/site\/categoria\/colunistas\/espiritismo-em-foco-de-rogerio-coelho\/#listItem","name":"Espiritismo em Foco, por Rog\u00e9rio Coelho"},"previousItem":{"@type":"ListItem","@id":"https:\/\/anoticiaonline.com.br\/site#listItem","name":"Home"}},{"@type":"ListItem","@id":"https:\/\/anoticiaonline.com.br\/site\/categoria\/colunistas\/espiritismo-em-foco-de-rogerio-coelho\/#listItem","position":3,"name":"Espiritismo em Foco, por Rog\u00e9rio Coelho","item":"https:\/\/anoticiaonline.com.br\/site\/categoria\/colunistas\/espiritismo-em-foco-de-rogerio-coelho\/","nextItem":{"@type":"ListItem","@id":"https:\/\/anoticiaonline.com.br\/site\/compensacao-emocional-diante-da-dor\/#listItem","name":"Compensa\u00e7\u00e3o emocional diante da dor"},"previousItem":{"@type":"ListItem","@id":"https:\/\/anoticiaonline.com.br\/site\/categoria\/colunistas\/#listItem","name":"Colunistas"}},{"@type":"ListItem","@id":"https:\/\/anoticiaonline.com.br\/site\/compensacao-emocional-diante-da-dor\/#listItem","position":4,"name":"Compensa\u00e7\u00e3o emocional diante da dor","previousItem":{"@type":"ListItem","@id":"https:\/\/anoticiaonline.com.br\/site\/categoria\/colunistas\/espiritismo-em-foco-de-rogerio-coelho\/#listItem","name":"Espiritismo em Foco, por Rog\u00e9rio Coelho"}}]},{"@type":"Organization","@id":"https:\/\/anoticiaonline.com.br\/site\/#organization","name":"A Not\u00edcia Online","description":"Noticias de Muria\u00e9 e regi\u00e3o","url":"https:\/\/anoticiaonline.com.br\/site\/","logo":{"@type":"ImageObject","url":"https:\/\/scontent-gig4-1.xx.fbcdn.net\/v\/t39.30808-1\/270437624_4564083193639691_6907940295614233970_n.jpg?stp=dst-jpg_s200x200_tt6&_nc_cat=111&ccb=1-7&_nc_sid=f907e8&_nc_ohc=SM1wRlP3lJwQ7kNvwEPuBYA&_nc_oc=AdnqrjDN_BNjSSHWO-GbkIWH6fkGMLw4bqvL_NH6e2wMveX7G-rP2dAqsDSq1mJMOaY&_nc_zt=24&_nc_ht=scontent-gig4-1.xx&_nc_gid=AoBFJeGrT1hVaew_6rchkQ&oh=00_AfX7QmFGhQhG2jAllVgXCiM1ZrWgvtp80-Bfppyexh1QEg&oe=689E923C","@id":"https:\/\/anoticiaonline.com.br\/site\/compensacao-emocional-diante-da-dor\/#organizationLogo"},"image":{"@id":"https:\/\/anoticiaonline.com.br\/site\/compensacao-emocional-diante-da-dor\/#organizationLogo"}},{"@type":"Person","@id":"https:\/\/anoticiaonline.com.br\/site\/author\/juliana\/#author","url":"https:\/\/anoticiaonline.com.br\/site\/author\/juliana\/","name":"Juliana Laviola","image":{"@type":"ImageObject","@id":"https:\/\/anoticiaonline.com.br\/site\/compensacao-emocional-diante-da-dor\/#authorImage","url":"https:\/\/secure.gravatar.com\/avatar\/b8d45f5c699b100dfaf0e543582f38f38bf94cb7ae3a5e9abf8d891a34773335?s=96&d=mm&r=g","width":96,"height":96,"caption":"Juliana Laviola"}},{"@type":"WebPage","@id":"https:\/\/anoticiaonline.com.br\/site\/compensacao-emocional-diante-da-dor\/#webpage","url":"https:\/\/anoticiaonline.com.br\/site\/compensacao-emocional-diante-da-dor\/","name":"Compensa\u00e7\u00e3o emocional diante da dor - A Not\u00edcia Online","description":"\u201cN\u00e3o se turbe o vosso cora\u00e7\u00e3o; credes em Deus, crede tamb\u00e9m em mim.\u201d - Jesus (Jo., 14:1.) O equil\u00edbrio emocional nas horas dif\u00edceis dimensiona o grau de confian\u00e7a que j\u00e1 conseguimos efetivamente depositar em Deus, em Jesus e em n\u00f3s pr\u00f3prios... Sustentar a serenidade nos transes dolorosos e desagrad\u00e1veis \u00e9 a prova de que j\u00e1","inLanguage":"pt-BR","isPartOf":{"@id":"https:\/\/anoticiaonline.com.br\/site\/#website"},"breadcrumb":{"@id":"https:\/\/anoticiaonline.com.br\/site\/compensacao-emocional-diante-da-dor\/#breadcrumblist"},"author":{"@id":"https:\/\/anoticiaonline.com.br\/site\/author\/juliana\/#author"},"creator":{"@id":"https:\/\/anoticiaonline.com.br\/site\/author\/juliana\/#author"},"datePublished":"2015-11-17T08:03:39-03:00","dateModified":"2015-11-17T08:03:39-03:00"},{"@type":"WebSite","@id":"https:\/\/anoticiaonline.com.br\/site\/#website","url":"https:\/\/anoticiaonline.com.br\/site\/","name":"A Not\u00edcia Online","description":"Noticias de Muria\u00e9 e regi\u00e3o","inLanguage":"pt-BR","publisher":{"@id":"https:\/\/anoticiaonline.com.br\/site\/#organization"}}]},"og:locale":"pt_BR","og:site_name":"A Not\u00edcia Online - Noticias de Muria\u00e9 e regi\u00e3o","og:type":"article","og:title":"Compensa\u00e7\u00e3o emocional diante da dor - A Not\u00edcia Online","og:description":"\u201cN\u00e3o se turbe o vosso cora\u00e7\u00e3o; credes em Deus, crede tamb\u00e9m em mim.\u201d - Jesus (Jo., 14:1.) O equil\u00edbrio emocional nas horas dif\u00edceis dimensiona o grau de confian\u00e7a que j\u00e1 conseguimos efetivamente depositar em Deus, em Jesus e em n\u00f3s pr\u00f3prios... Sustentar a serenidade nos transes dolorosos e desagrad\u00e1veis \u00e9 a prova de que j\u00e1","og:url":"https:\/\/anoticiaonline.com.br\/site\/compensacao-emocional-diante-da-dor\/","og:image":"https:\/\/scontent-gig4-1.xx.fbcdn.net\/v\/t39.30808-1\/270437624_4564083193639691_6907940295614233970_n.jpg?stp=dst-jpg_s200x200_tt6&#038;_nc_cat=111&#038;ccb=1-7&#038;_nc_sid=f907e8&#038;_nc_ohc=SM1wRlP3lJwQ7kNvwEPuBYA&#038;_nc_oc=AdnqrjDN_BNjSSHWO-GbkIWH6fkGMLw4bqvL_NH6e2wMveX7G-rP2dAqsDSq1mJMOaY&#038;_nc_zt=24&#038;_nc_ht=scontent-gig4-1.xx&#038;_nc_gid=AoBFJeGrT1hVaew_6rchkQ&#038;oh=00_AfX7QmFGhQhG2jAllVgXCiM1ZrWgvtp80-Bfppyexh1QEg&#038;oe=689E923C","og:image:secure_url":"https:\/\/scontent-gig4-1.xx.fbcdn.net\/v\/t39.30808-1\/270437624_4564083193639691_6907940295614233970_n.jpg?stp=dst-jpg_s200x200_tt6&#038;_nc_cat=111&#038;ccb=1-7&#038;_nc_sid=f907e8&#038;_nc_ohc=SM1wRlP3lJwQ7kNvwEPuBYA&#038;_nc_oc=AdnqrjDN_BNjSSHWO-GbkIWH6fkGMLw4bqvL_NH6e2wMveX7G-rP2dAqsDSq1mJMOaY&#038;_nc_zt=24&#038;_nc_ht=scontent-gig4-1.xx&#038;_nc_gid=AoBFJeGrT1hVaew_6rchkQ&#038;oh=00_AfX7QmFGhQhG2jAllVgXCiM1ZrWgvtp80-Bfppyexh1QEg&#038;oe=689E923C","article:published_time":"2015-11-17T11:03:39+00:00","article:modified_time":"2015-11-17T11:03:39+00:00","twitter:card":"summary_large_image","twitter:title":"Compensa\u00e7\u00e3o emocional diante da dor - A Not\u00edcia Online","twitter:description":"\u201cN\u00e3o se turbe o vosso cora\u00e7\u00e3o; credes em Deus, crede tamb\u00e9m em mim.\u201d - Jesus (Jo., 14:1.) O equil\u00edbrio emocional nas horas dif\u00edceis dimensiona o grau de confian\u00e7a que j\u00e1 conseguimos efetivamente depositar em Deus, em Jesus e em n\u00f3s pr\u00f3prios... Sustentar a serenidade nos transes dolorosos e desagrad\u00e1veis \u00e9 a prova de que j\u00e1","twitter:image":"https:\/\/scontent-gig4-1.xx.fbcdn.net\/v\/t39.30808-1\/270437624_4564083193639691_6907940295614233970_n.jpg?stp=dst-jpg_s200x200_tt6&_nc_cat=111&ccb=1-7&_nc_sid=f907e8&_nc_ohc=SM1wRlP3lJwQ7kNvwEPuBYA&_nc_oc=AdnqrjDN_BNjSSHWO-GbkIWH6fkGMLw4bqvL_NH6e2wMveX7G-rP2dAqsDSq1mJMOaY&_nc_zt=24&_nc_ht=scontent-gig4-1.xx&_nc_gid=AoBFJeGrT1hVaew_6rchkQ&oh=00_AfX7QmFGhQhG2jAllVgXCiM1ZrWgvtp80-Bfppyexh1QEg&oe=689E923C"},"aioseo_meta_data":{"post_id":"6466","title":null,"description":null,"keywords":null,"keyphrases":null,"primary_term":null,"canonical_url":null,"og_title":null,"og_description":null,"og_object_type":"default","og_image_type":"default","og_image_url":null,"og_image_width":null,"og_image_height":null,"og_image_custom_url":null,"og_image_custom_fields":null,"og_video":null,"og_custom_url":null,"og_article_section":null,"og_article_tags":null,"twitter_use_og":false,"twitter_card":"default","twitter_image_type":"default","twitter_image_url":null,"twitter_image_custom_url":null,"twitter_image_custom_fields":null,"twitter_title":null,"twitter_description":null,"schema":{"blockGraphs":[],"customGraphs":[],"default":{"data":{"Article":[],"Course":[],"Dataset":[],"FAQPage":[],"Movie":[],"Person":[],"Product":[],"ProductReview":[],"Car":[],"Recipe":[],"Service":[],"SoftwareApplication":[],"WebPage":[]},"graphName":"","isEnabled":true},"graphs":[]},"schema_type":"default","schema_type_options":null,"pillar_content":false,"robots_default":true,"robots_noindex":false,"robots_noarchive":false,"robots_nosnippet":false,"robots_nofollow":false,"robots_noimageindex":false,"robots_noodp":false,"robots_notranslate":false,"robots_max_snippet":null,"robots_max_videopreview":null,"robots_max_imagepreview":"large","priority":null,"frequency":null,"local_seo":null,"breadcrumb_settings":null,"limit_modified_date":false,"ai":null,"created":"2025-08-16 13:57:30","updated":"2025-08-16 13:57:30","focus_keyword":null,"additional_keywords":null,"truseo_locale":null,"seo_analyzer_scan_date":null},"aioseo_breadcrumb":"<div class=\"aioseo-breadcrumbs\"><span class=\"aioseo-breadcrumb\">\n\t\t\t<a href=\"https:\/\/anoticiaonline.com.br\/site\" title=\"Home\">Home<\/a>\n\t\t<\/span><span class=\"aioseo-breadcrumb-separator\">&raquo;<\/span><span class=\"aioseo-breadcrumb\">\n\t\t\t<a href=\"https:\/\/anoticiaonline.com.br\/site\/categoria\/colunistas\/\" title=\"Colunistas\">Colunistas<\/a>\n\t\t<\/span><span class=\"aioseo-breadcrumb-separator\">&raquo;<\/span><span class=\"aioseo-breadcrumb\">\n\t\t\t<a href=\"https:\/\/anoticiaonline.com.br\/site\/categoria\/colunistas\/espiritismo-em-foco-de-rogerio-coelho\/\" title=\"Espiritismo em Foco, por Rog\u00e9rio Coelho\">Espiritismo em Foco, por Rog\u00e9rio Coelho<\/a>\n\t\t<\/span><span class=\"aioseo-breadcrumb-separator\">&raquo;<\/span><span class=\"aioseo-breadcrumb\">\n\t\t\tCompensa\u00e7\u00e3o emocional diante da dor\n\t\t<\/span><\/div>","aioseo_breadcrumb_json":[{"label":"Home","link":"https:\/\/anoticiaonline.com.br\/site"},{"label":"Colunistas","link":"https:\/\/anoticiaonline.com.br\/site\/categoria\/colunistas\/"},{"label":"Espiritismo em Foco, por Rog\u00e9rio Coelho","link":"https:\/\/anoticiaonline.com.br\/site\/categoria\/colunistas\/espiritismo-em-foco-de-rogerio-coelho\/"},{"label":"Compensa\u00e7\u00e3o emocional diante da dor","link":"https:\/\/anoticiaonline.com.br\/site\/compensacao-emocional-diante-da-dor\/"}],"views":108,"_links":{"self":[{"href":"https:\/\/anoticiaonline.com.br\/site\/wp-json\/wp\/v2\/posts\/6466","targetHints":{"allow":["GET"]}}],"collection":[{"href":"https:\/\/anoticiaonline.com.br\/site\/wp-json\/wp\/v2\/posts"}],"about":[{"href":"https:\/\/anoticiaonline.com.br\/site\/wp-json\/wp\/v2\/types\/post"}],"author":[{"embeddable":true,"href":"https:\/\/anoticiaonline.com.br\/site\/wp-json\/wp\/v2\/users\/2"}],"replies":[{"embeddable":true,"href":"https:\/\/anoticiaonline.com.br\/site\/wp-json\/wp\/v2\/comments?post=6466"}],"version-history":[{"count":0,"href":"https:\/\/anoticiaonline.com.br\/site\/wp-json\/wp\/v2\/posts\/6466\/revisions"}],"wp:attachment":[{"href":"https:\/\/anoticiaonline.com.br\/site\/wp-json\/wp\/v2\/media?parent=6466"}],"wp:term":[{"taxonomy":"category","embeddable":true,"href":"https:\/\/anoticiaonline.com.br\/site\/wp-json\/wp\/v2\/categories?post=6466"},{"taxonomy":"post_tag","embeddable":true,"href":"https:\/\/anoticiaonline.com.br\/site\/wp-json\/wp\/v2\/tags?post=6466"}],"curies":[{"name":"wp","href":"https:\/\/api.w.org\/{rel}","templated":true}]}}