{"id":64635,"date":"2018-11-14T19:26:33","date_gmt":"2018-11-14T22:26:33","guid":{"rendered":"http:\/\/anoticiaonline.com.br\/site\/?p=64635"},"modified":"2018-11-14T19:28:01","modified_gmt":"2018-11-14T22:28:01","slug":"unifaminas-promove-a-6a-edicao-donutricao-na-praca","status":"publish","type":"post","link":"https:\/\/anoticiaonline.com.br\/site\/unifaminas-promove-a-6a-edicao-donutricao-na-praca\/","title":{"rendered":"UNIFAMINAS promove a 6\u00aa edi\u00e7\u00e3o do \u201cNutri\u00e7\u00e3o na Pra\u00e7a\u201d"},"content":{"rendered":"<p>Alunos do curso de Nutri\u00e7\u00e3o do UNIFAMINAS participaram, na manh\u00e3 do \u00faltimo s\u00e1bado (10), na Pra\u00e7a Jo\u00e3o Pinheiro, da 6\u00aa edi\u00e7\u00e3o do \u201cNutri\u00e7\u00e3o na Pra\u00e7a\u201d.<\/p>\n<p><a href=\"https:\/\/anoticiaonline.com.br\/site\/wp-content\/uploads\/2018\/11\/capa-nutri.jpg\"><img fetchpriority=\"high\" decoding=\"async\" class=\"alignnone size-full wp-image-64638\" src=\"https:\/\/anoticiaonline.com.br\/site\/wp-content\/uploads\/2018\/11\/capa-nutri.jpg\" alt=\"\" width=\"1000\" height=\"350\" srcset=\"https:\/\/anoticiaonline.com.br\/site\/wp-content\/uploads\/2018\/11\/capa-nutri.jpg 1000w, https:\/\/anoticiaonline.com.br\/site\/wp-content\/uploads\/2018\/11\/capa-nutri-300x105.jpg 300w, https:\/\/anoticiaonline.com.br\/site\/wp-content\/uploads\/2018\/11\/capa-nutri-768x269.jpg 768w\" sizes=\"(max-width: 1000px) 100vw, 1000px\" \/><\/a><\/p>\n<p>Segundo a coordenadora do curso, Mayla Cardoso Fernandes Toffolo, o evento \u00e9 uma a\u00e7\u00e3o comunit\u00e1ria. \u201cN\u00f3s procuramos envolver a popula\u00e7\u00e3o muriaeense demonstrando a import\u00e2ncia do trabalho do nutricionista. Assim, o p\u00fablico pode conhecer um pouco mais sobre o curso de Nutri\u00e7\u00e3o e como o profissional atua na comunidade. Durante o \u2018Nutri\u00e7\u00e3o na Pra\u00e7a\u2019, realizamos orienta\u00e7\u00f5es nutricionais, de acordo com a idade, estilo de vida ou como a alimenta\u00e7\u00e3o pode auxiliar no tratamento e na preven\u00e7\u00e3o de doen\u00e7as\u201d.<\/p>\n<p>De acordo com Mayla, os alunos tamb\u00e9m apresentaram ao p\u00fablico presente orienta\u00e7\u00f5es sobre o uso de ado\u00e7antes. \u201cO mercado oferece diversos tipos de ado\u00e7antes, n\u00f3s trouxemos para a Pra\u00e7a os melhores que podem ser utilizados. Al\u00e9m disso, um grupo de alunos ofereceu tamb\u00e9m orienta\u00e7\u00f5es sobre Nutri\u00e7\u00e3o Esportiva, na qual foram apresentadas refei\u00e7\u00f5es ideais para o pr\u00e9 e p\u00f3s-treino, que auxiliam na otimiza\u00e7\u00e3o de resultados; outros estudantes abordaram sobre o consumo de alimentos industrializados e apresentaram ao p\u00fablico sobre a quantidade de a\u00e7\u00facar e \u00f3leo utilizada na fabrica\u00e7\u00e3o destes produtos, alertando sobre o risco do consumo excessivo. Tivemos uma simula\u00e7\u00e3o de compras, onde auxiliamos as pessoas a escolherem melhor os alimentos que devem ser consumidos no dia a dia, dicas de receitas saud\u00e1veis e avalia\u00e7\u00e3o nutricional dos pacientes\u201d.<\/p>\n<p>Mayla aproveitou para falar sobre o atendimento nutricional gratuito realizado dentro do UNIFAMINAS. \u201cNa Cl\u00ednica Escola, fazemos o atendimento em v\u00e1rios dias da semana. Os interessados podem marcar uma consulta pelo telefone (32) 3729-7523, onde \u00e9 poss\u00edvel fazer o acompanhamento nutricional. Lembrando que, todos os anos, o UNIFAMINAS abre 60 vagas para o curso de Nutri\u00e7\u00e3o e o pr\u00f3ximo vestibular acontecer\u00e1 no dia 8 de dezembro\u201d.<\/p>\n<p>Diovana de Oliveira Souza, aluna do curso de Nutri\u00e7\u00e3o, disse que o \u201cNutri\u00e7\u00e3o na Pra\u00e7a\u201d \u00e9 uma \u00f3tima oportunidade para os alunos colocarem em pr\u00e1tica tudo aquilo que aprendem em sala de aula. \u201cDurante o evento, divulgamos informa\u00e7\u00f5es importantes para a popula\u00e7\u00e3o como a pr\u00e1tica de exerc\u00edcios e alimenta\u00e7\u00e3o balanceada. Este contato \u00e9 ideal para que n\u00f3s alunos possamos ter uma ideia de como funciona o atendimento em um consult\u00f3rio e tamb\u00e9m para termos um contato direto com o p\u00fablico e conhecer suas reais necessidades\u201d.<\/p>\n<p><a href=\"https:\/\/anoticiaonline.com.br\/site\/wp-content\/uploads\/2018\/11\/8a2029d4-3649-4b39-a174-4756d4c47b61.jpg\"><img decoding=\"async\" class=\"alignnone size-full wp-image-64639\" src=\"https:\/\/anoticiaonline.com.br\/site\/wp-content\/uploads\/2018\/11\/8a2029d4-3649-4b39-a174-4756d4c47b61.jpg\" alt=\"\" width=\"1000\" height=\"563\" srcset=\"https:\/\/anoticiaonline.com.br\/site\/wp-content\/uploads\/2018\/11\/8a2029d4-3649-4b39-a174-4756d4c47b61.jpg 1000w, https:\/\/anoticiaonline.com.br\/site\/wp-content\/uploads\/2018\/11\/8a2029d4-3649-4b39-a174-4756d4c47b61-300x169.jpg 300w, https:\/\/anoticiaonline.com.br\/site\/wp-content\/uploads\/2018\/11\/8a2029d4-3649-4b39-a174-4756d4c47b61-768x432.jpg 768w\" sizes=\"(max-width: 1000px) 100vw, 1000px\" \/><\/a> <a href=\"https:\/\/anoticiaonline.com.br\/site\/wp-content\/uploads\/2018\/11\/20a22b4f-d69a-42e6-9e84-4c1634c03d65.jpg\"><img decoding=\"async\" class=\"alignnone size-full wp-image-64640\" src=\"https:\/\/anoticiaonline.com.br\/site\/wp-content\/uploads\/2018\/11\/20a22b4f-d69a-42e6-9e84-4c1634c03d65.jpg\" alt=\"\" width=\"1000\" height=\"563\" srcset=\"https:\/\/anoticiaonline.com.br\/site\/wp-content\/uploads\/2018\/11\/20a22b4f-d69a-42e6-9e84-4c1634c03d65.jpg 1000w, https:\/\/anoticiaonline.com.br\/site\/wp-content\/uploads\/2018\/11\/20a22b4f-d69a-42e6-9e84-4c1634c03d65-300x169.jpg 300w, https:\/\/anoticiaonline.com.br\/site\/wp-content\/uploads\/2018\/11\/20a22b4f-d69a-42e6-9e84-4c1634c03d65-768x432.jpg 768w\" sizes=\"(max-width: 1000px) 100vw, 1000px\" \/><\/a> <a href=\"https:\/\/anoticiaonline.com.br\/site\/wp-content\/uploads\/2018\/11\/139bfff2-7c36-4636-9cd6-4085676621da.jpg\"><img loading=\"lazy\" decoding=\"async\" class=\"alignnone size-full wp-image-64641\" src=\"https:\/\/anoticiaonline.com.br\/site\/wp-content\/uploads\/2018\/11\/139bfff2-7c36-4636-9cd6-4085676621da.jpg\" alt=\"\" width=\"1000\" height=\"563\" srcset=\"https:\/\/anoticiaonline.com.br\/site\/wp-content\/uploads\/2018\/11\/139bfff2-7c36-4636-9cd6-4085676621da.jpg 1000w, https:\/\/anoticiaonline.com.br\/site\/wp-content\/uploads\/2018\/11\/139bfff2-7c36-4636-9cd6-4085676621da-300x169.jpg 300w, https:\/\/anoticiaonline.com.br\/site\/wp-content\/uploads\/2018\/11\/139bfff2-7c36-4636-9cd6-4085676621da-768x432.jpg 768w\" sizes=\"(max-width: 1000px) 100vw, 1000px\" \/><\/a> <a href=\"https:\/\/anoticiaonline.com.br\/site\/wp-content\/uploads\/2018\/11\/2077a046-fb4a-4283-9953-9ddcd46b188a.jpg\"><img loading=\"lazy\" decoding=\"async\" class=\"alignnone size-full wp-image-64642\" src=\"https:\/\/anoticiaonline.com.br\/site\/wp-content\/uploads\/2018\/11\/2077a046-fb4a-4283-9953-9ddcd46b188a.jpg\" alt=\"\" width=\"1000\" height=\"563\" srcset=\"https:\/\/anoticiaonline.com.br\/site\/wp-content\/uploads\/2018\/11\/2077a046-fb4a-4283-9953-9ddcd46b188a.jpg 1000w, https:\/\/anoticiaonline.com.br\/site\/wp-content\/uploads\/2018\/11\/2077a046-fb4a-4283-9953-9ddcd46b188a-300x169.jpg 300w, https:\/\/anoticiaonline.com.br\/site\/wp-content\/uploads\/2018\/11\/2077a046-fb4a-4283-9953-9ddcd46b188a-768x432.jpg 768w\" sizes=\"(max-width: 1000px) 100vw, 1000px\" \/><\/a> <a href=\"https:\/\/anoticiaonline.com.br\/site\/wp-content\/uploads\/2018\/11\/c3c98ec2-2ec1-40e8-b9c5-cae3fae89dc6.jpg\"><img loading=\"lazy\" decoding=\"async\" class=\"alignnone size-full wp-image-64643\" src=\"https:\/\/anoticiaonline.com.br\/site\/wp-content\/uploads\/2018\/11\/c3c98ec2-2ec1-40e8-b9c5-cae3fae89dc6.jpg\" alt=\"\" width=\"1000\" height=\"563\" srcset=\"https:\/\/anoticiaonline.com.br\/site\/wp-content\/uploads\/2018\/11\/c3c98ec2-2ec1-40e8-b9c5-cae3fae89dc6.jpg 1000w, https:\/\/anoticiaonline.com.br\/site\/wp-content\/uploads\/2018\/11\/c3c98ec2-2ec1-40e8-b9c5-cae3fae89dc6-300x169.jpg 300w, https:\/\/anoticiaonline.com.br\/site\/wp-content\/uploads\/2018\/11\/c3c98ec2-2ec1-40e8-b9c5-cae3fae89dc6-768x432.jpg 768w\" sizes=\"(max-width: 1000px) 100vw, 1000px\" \/><\/a> <a href=\"https:\/\/anoticiaonline.com.br\/site\/wp-content\/uploads\/2018\/11\/c9ca5363-8866-45a0-9711-dfd84eaf89a2.jpg\"><img loading=\"lazy\" decoding=\"async\" class=\"alignnone size-full wp-image-64644\" src=\"https:\/\/anoticiaonline.com.br\/site\/wp-content\/uploads\/2018\/11\/c9ca5363-8866-45a0-9711-dfd84eaf89a2.jpg\" alt=\"\" width=\"1000\" height=\"563\" srcset=\"https:\/\/anoticiaonline.com.br\/site\/wp-content\/uploads\/2018\/11\/c9ca5363-8866-45a0-9711-dfd84eaf89a2.jpg 1000w, https:\/\/anoticiaonline.com.br\/site\/wp-content\/uploads\/2018\/11\/c9ca5363-8866-45a0-9711-dfd84eaf89a2-300x169.jpg 300w, https:\/\/anoticiaonline.com.br\/site\/wp-content\/uploads\/2018\/11\/c9ca5363-8866-45a0-9711-dfd84eaf89a2-768x432.jpg 768w\" sizes=\"(max-width: 1000px) 100vw, 1000px\" \/><\/a> <a href=\"https:\/\/anoticiaonline.com.br\/site\/wp-content\/uploads\/2018\/11\/d37c5e31-60d8-4765-b03f-c046654e4a44.jpg\"><img loading=\"lazy\" decoding=\"async\" class=\"alignnone size-full wp-image-64645\" src=\"https:\/\/anoticiaonline.com.br\/site\/wp-content\/uploads\/2018\/11\/d37c5e31-60d8-4765-b03f-c046654e4a44.jpg\" alt=\"\" width=\"1000\" height=\"563\" srcset=\"https:\/\/anoticiaonline.com.br\/site\/wp-content\/uploads\/2018\/11\/d37c5e31-60d8-4765-b03f-c046654e4a44.jpg 1000w, https:\/\/anoticiaonline.com.br\/site\/wp-content\/uploads\/2018\/11\/d37c5e31-60d8-4765-b03f-c046654e4a44-300x169.jpg 300w, https:\/\/anoticiaonline.com.br\/site\/wp-content\/uploads\/2018\/11\/d37c5e31-60d8-4765-b03f-c046654e4a44-768x432.jpg 768w\" sizes=\"(max-width: 1000px) 100vw, 1000px\" \/><\/a> <a href=\"https:\/\/anoticiaonline.com.br\/site\/wp-content\/uploads\/2018\/11\/DSC_0229.jpg\"><img loading=\"lazy\" decoding=\"async\" class=\"alignnone size-full wp-image-64646\" src=\"https:\/\/anoticiaonline.com.br\/site\/wp-content\/uploads\/2018\/11\/DSC_0229.jpg\" alt=\"\" width=\"1000\" height=\"668\" srcset=\"https:\/\/anoticiaonline.com.br\/site\/wp-content\/uploads\/2018\/11\/DSC_0229.jpg 1000w, https:\/\/anoticiaonline.com.br\/site\/wp-content\/uploads\/2018\/11\/DSC_0229-300x200.jpg 300w, https:\/\/anoticiaonline.com.br\/site\/wp-content\/uploads\/2018\/11\/DSC_0229-768x513.jpg 768w\" sizes=\"(max-width: 1000px) 100vw, 1000px\" \/><\/a> <a href=\"https:\/\/anoticiaonline.com.br\/site\/wp-content\/uploads\/2018\/11\/DSC_0240.jpg\"><img loading=\"lazy\" decoding=\"async\" class=\"alignnone size-full wp-image-64647\" src=\"https:\/\/anoticiaonline.com.br\/site\/wp-content\/uploads\/2018\/11\/DSC_0240.jpg\" alt=\"\" width=\"1000\" height=\"668\" srcset=\"https:\/\/anoticiaonline.com.br\/site\/wp-content\/uploads\/2018\/11\/DSC_0240.jpg 1000w, https:\/\/anoticiaonline.com.br\/site\/wp-content\/uploads\/2018\/11\/DSC_0240-300x200.jpg 300w, https:\/\/anoticiaonline.com.br\/site\/wp-content\/uploads\/2018\/11\/DSC_0240-768x513.jpg 768w\" sizes=\"(max-width: 1000px) 100vw, 1000px\" \/><\/a> <a href=\"https:\/\/anoticiaonline.com.br\/site\/wp-content\/uploads\/2018\/11\/DSC_0244.jpg\"><img loading=\"lazy\" decoding=\"async\" class=\"alignnone size-full wp-image-64648\" src=\"https:\/\/anoticiaonline.com.br\/site\/wp-content\/uploads\/2018\/11\/DSC_0244.jpg\" alt=\"\" width=\"1000\" height=\"668\" srcset=\"https:\/\/anoticiaonline.com.br\/site\/wp-content\/uploads\/2018\/11\/DSC_0244.jpg 1000w, https:\/\/anoticiaonline.com.br\/site\/wp-content\/uploads\/2018\/11\/DSC_0244-300x200.jpg 300w, https:\/\/anoticiaonline.com.br\/site\/wp-content\/uploads\/2018\/11\/DSC_0244-768x513.jpg 768w\" sizes=\"(max-width: 1000px) 100vw, 1000px\" \/><\/a> <a href=\"https:\/\/anoticiaonline.com.br\/site\/wp-content\/uploads\/2018\/11\/DSC_0257.jpg\"><img loading=\"lazy\" decoding=\"async\" class=\"alignnone size-full wp-image-64649\" src=\"https:\/\/anoticiaonline.com.br\/site\/wp-content\/uploads\/2018\/11\/DSC_0257.jpg\" alt=\"\" width=\"1000\" height=\"668\" srcset=\"https:\/\/anoticiaonline.com.br\/site\/wp-content\/uploads\/2018\/11\/DSC_0257.jpg 1000w, https:\/\/anoticiaonline.com.br\/site\/wp-content\/uploads\/2018\/11\/DSC_0257-300x200.jpg 300w, https:\/\/anoticiaonline.com.br\/site\/wp-content\/uploads\/2018\/11\/DSC_0257-768x513.jpg 768w\" sizes=\"(max-width: 1000px) 100vw, 1000px\" \/><\/a> <a href=\"https:\/\/anoticiaonline.com.br\/site\/wp-content\/uploads\/2018\/11\/DSC_0272.jpg\"><img loading=\"lazy\" decoding=\"async\" class=\"alignnone size-full wp-image-64650\" src=\"https:\/\/anoticiaonline.com.br\/site\/wp-content\/uploads\/2018\/11\/DSC_0272.jpg\" alt=\"\" width=\"1000\" height=\"668\" srcset=\"https:\/\/anoticiaonline.com.br\/site\/wp-content\/uploads\/2018\/11\/DSC_0272.jpg 1000w, https:\/\/anoticiaonline.com.br\/site\/wp-content\/uploads\/2018\/11\/DSC_0272-300x200.jpg 300w, https:\/\/anoticiaonline.com.br\/site\/wp-content\/uploads\/2018\/11\/DSC_0272-768x513.jpg 768w\" sizes=\"(max-width: 1000px) 100vw, 1000px\" \/><\/a> <a href=\"https:\/\/anoticiaonline.com.br\/site\/wp-content\/uploads\/2018\/11\/DSC_0284.jpg\"><img loading=\"lazy\" decoding=\"async\" class=\"alignnone size-full wp-image-64651\" src=\"https:\/\/anoticiaonline.com.br\/site\/wp-content\/uploads\/2018\/11\/DSC_0284.jpg\" alt=\"\" width=\"1000\" height=\"668\" srcset=\"https:\/\/anoticiaonline.com.br\/site\/wp-content\/uploads\/2018\/11\/DSC_0284.jpg 1000w, https:\/\/anoticiaonline.com.br\/site\/wp-content\/uploads\/2018\/11\/DSC_0284-300x200.jpg 300w, https:\/\/anoticiaonline.com.br\/site\/wp-content\/uploads\/2018\/11\/DSC_0284-768x513.jpg 768w\" sizes=\"(max-width: 1000px) 100vw, 1000px\" \/><\/a> <a href=\"https:\/\/anoticiaonline.com.br\/site\/wp-content\/uploads\/2018\/11\/DSC_0289.jpg\"><img loading=\"lazy\" decoding=\"async\" class=\"alignnone size-full wp-image-64652\" src=\"https:\/\/anoticiaonline.com.br\/site\/wp-content\/uploads\/2018\/11\/DSC_0289.jpg\" alt=\"\" width=\"1000\" height=\"668\" srcset=\"https:\/\/anoticiaonline.com.br\/site\/wp-content\/uploads\/2018\/11\/DSC_0289.jpg 1000w, https:\/\/anoticiaonline.com.br\/site\/wp-content\/uploads\/2018\/11\/DSC_0289-300x200.jpg 300w, https:\/\/anoticiaonline.com.br\/site\/wp-content\/uploads\/2018\/11\/DSC_0289-768x513.jpg 768w\" sizes=\"(max-width: 1000px) 100vw, 1000px\" \/><\/a> <a href=\"https:\/\/anoticiaonline.com.br\/site\/wp-content\/uploads\/2018\/11\/DSC_0305-1.jpg\"><img loading=\"lazy\" decoding=\"async\" class=\"alignnone size-full wp-image-64653\" src=\"https:\/\/anoticiaonline.com.br\/site\/wp-content\/uploads\/2018\/11\/DSC_0305-1.jpg\" alt=\"\" width=\"1000\" height=\"668\" srcset=\"https:\/\/anoticiaonline.com.br\/site\/wp-content\/uploads\/2018\/11\/DSC_0305-1.jpg 1000w, https:\/\/anoticiaonline.com.br\/site\/wp-content\/uploads\/2018\/11\/DSC_0305-1-300x200.jpg 300w, https:\/\/anoticiaonline.com.br\/site\/wp-content\/uploads\/2018\/11\/DSC_0305-1-768x513.jpg 768w\" sizes=\"(max-width: 1000px) 100vw, 1000px\" \/><\/a> <a href=\"https:\/\/anoticiaonline.com.br\/site\/wp-content\/uploads\/2018\/11\/DSC_0308.jpg\"><img loading=\"lazy\" decoding=\"async\" class=\"alignnone size-full wp-image-64654\" src=\"https:\/\/anoticiaonline.com.br\/site\/wp-content\/uploads\/2018\/11\/DSC_0308.jpg\" alt=\"\" width=\"1000\" height=\"668\" srcset=\"https:\/\/anoticiaonline.com.br\/site\/wp-content\/uploads\/2018\/11\/DSC_0308.jpg 1000w, https:\/\/anoticiaonline.com.br\/site\/wp-content\/uploads\/2018\/11\/DSC_0308-300x200.jpg 300w, https:\/\/anoticiaonline.com.br\/site\/wp-content\/uploads\/2018\/11\/DSC_0308-768x513.jpg 768w\" sizes=\"(max-width: 1000px) 100vw, 1000px\" \/><\/a><\/p>\n","protected":false},"excerpt":{"rendered":"<p>Alunos do curso de Nutri\u00e7\u00e3o do UNIFAMINAS participaram, na manh\u00e3 do \u00faltimo s\u00e1bado (10), na Pra\u00e7a Jo\u00e3o Pinheiro, da 6\u00aa edi\u00e7\u00e3o do \u201cNutri\u00e7\u00e3o na Pra\u00e7a\u201d. Segundo a coordenadora do curso, Mayla Cardoso Fernandes Toffolo, o evento \u00e9 uma a\u00e7\u00e3o comunit\u00e1ria. \u201cN\u00f3s procuramos envolver a popula\u00e7\u00e3o muriaeense demonstrando a import\u00e2ncia do trabalho do nutricionista. Assim, o &#8230; <a title=\"UNIFAMINAS promove a 6\u00aa edi\u00e7\u00e3o do \u201cNutri\u00e7\u00e3o na Pra\u00e7a\u201d\" class=\"read-more\" href=\"https:\/\/anoticiaonline.com.br\/site\/unifaminas-promove-a-6a-edicao-donutricao-na-praca\/\" aria-label=\"Read more about UNIFAMINAS promove a 6\u00aa edi\u00e7\u00e3o do \u201cNutri\u00e7\u00e3o na Pra\u00e7a\u201d\">Ler mais<\/a><\/p>\n","protected":false},"author":2,"featured_media":64656,"comment_status":"open","ping_status":"open","sticky":false,"template":"","format":"standard","meta":{"_acf_changed":false,"_monsterinsights_skip_tracking":false,"footnotes":""},"categories":[30],"tags":[74,1170,1874,51,48],"class_list":["post-64635","post","type-post","status-publish","format-standard","has-post-thumbnail","hentry","category-muriae","tag-muriae","tag-nutricao","tag-praca","tag-saude","tag-unifaminas"],"acf":[],"aioseo_notices":[],"aioseo_head":"\n\t\t<!-- All in One SEO 5.0.0.1 - aioseo.com -->\n\t<meta name=\"description\" content=\"Alunos do curso de Nutri\u00e7\u00e3o do UNIFAMINAS participaram, na manh\u00e3 do \u00faltimo s\u00e1bado (10), na Pra\u00e7a Jo\u00e3o Pinheiro, da 6\u00aa edi\u00e7\u00e3o do \u201cNutri\u00e7\u00e3o na Pra\u00e7a\u201d. Segundo a coordenadora do curso, Mayla Cardoso Fernandes Toffolo, o evento \u00e9 uma a\u00e7\u00e3o comunit\u00e1ria. \u201cN\u00f3s procuramos envolver a popula\u00e7\u00e3o muriaeense demonstrando a import\u00e2ncia do trabalho do nutricionista. Assim, o\" \/>\n\t<meta name=\"robots\" content=\"max-image-preview:large\" \/>\n\t<meta name=\"author\" content=\"Juliana Laviola\"\/>\n\t<link rel=\"canonical\" href=\"https:\/\/anoticiaonline.com.br\/site\/unifaminas-promove-a-6a-edicao-donutricao-na-praca\/\" \/>\n\t<meta name=\"generator\" content=\"All in One SEO (AIOSEO) 5.0.0.1\" \/>\n\t\t<meta property=\"og:locale\" content=\"pt_BR\" \/>\n\t\t<meta property=\"og:site_name\" content=\"A Not\u00edcia Online - Noticias de Muria\u00e9 e regi\u00e3o\" \/>\n\t\t<meta property=\"og:type\" content=\"article\" \/>\n\t\t<meta property=\"og:title\" content=\"UNIFAMINAS promove a 6\u00aa edi\u00e7\u00e3o do \u201cNutri\u00e7\u00e3o na Pra\u00e7a\u201d - A Not\u00edcia Online\" \/>\n\t\t<meta property=\"og:description\" content=\"Alunos do curso de Nutri\u00e7\u00e3o do UNIFAMINAS participaram, na manh\u00e3 do \u00faltimo s\u00e1bado (10), na Pra\u00e7a Jo\u00e3o Pinheiro, da 6\u00aa edi\u00e7\u00e3o do \u201cNutri\u00e7\u00e3o na Pra\u00e7a\u201d. Segundo a coordenadora do curso, Mayla Cardoso Fernandes Toffolo, o evento \u00e9 uma a\u00e7\u00e3o comunit\u00e1ria. \u201cN\u00f3s procuramos envolver a popula\u00e7\u00e3o muriaeense demonstrando a import\u00e2ncia do trabalho do nutricionista. Assim, o\" \/>\n\t\t<meta property=\"og:url\" content=\"https:\/\/anoticiaonline.com.br\/site\/unifaminas-promove-a-6a-edicao-donutricao-na-praca\/\" \/>\n\t\t<meta property=\"og:image\" content=\"https:\/\/scontent-gig4-1.xx.fbcdn.net\/v\/t39.30808-1\/270437624_4564083193639691_6907940295614233970_n.jpg?stp=dst-jpg_s200x200_tt6&#038;_nc_cat=111&#038;ccb=1-7&#038;_nc_sid=f907e8&#038;_nc_ohc=SM1wRlP3lJwQ7kNvwEPuBYA&#038;_nc_oc=AdnqrjDN_BNjSSHWO-GbkIWH6fkGMLw4bqvL_NH6e2wMveX7G-rP2dAqsDSq1mJMOaY&#038;_nc_zt=24&#038;_nc_ht=scontent-gig4-1.xx&#038;_nc_gid=AoBFJeGrT1hVaew_6rchkQ&#038;oh=00_AfX7QmFGhQhG2jAllVgXCiM1ZrWgvtp80-Bfppyexh1QEg&#038;oe=689E923C\" \/>\n\t\t<meta property=\"og:image:secure_url\" content=\"https:\/\/scontent-gig4-1.xx.fbcdn.net\/v\/t39.30808-1\/270437624_4564083193639691_6907940295614233970_n.jpg?stp=dst-jpg_s200x200_tt6&#038;_nc_cat=111&#038;ccb=1-7&#038;_nc_sid=f907e8&#038;_nc_ohc=SM1wRlP3lJwQ7kNvwEPuBYA&#038;_nc_oc=AdnqrjDN_BNjSSHWO-GbkIWH6fkGMLw4bqvL_NH6e2wMveX7G-rP2dAqsDSq1mJMOaY&#038;_nc_zt=24&#038;_nc_ht=scontent-gig4-1.xx&#038;_nc_gid=AoBFJeGrT1hVaew_6rchkQ&#038;oh=00_AfX7QmFGhQhG2jAllVgXCiM1ZrWgvtp80-Bfppyexh1QEg&#038;oe=689E923C\" \/>\n\t\t<meta property=\"article:published_time\" content=\"2018-11-14T22:26:33+00:00\" \/>\n\t\t<meta property=\"article:modified_time\" content=\"2018-11-14T22:28:01+00:00\" \/>\n\t\t<meta name=\"twitter:card\" content=\"summary_large_image\" \/>\n\t\t<meta name=\"twitter:title\" content=\"UNIFAMINAS promove a 6\u00aa edi\u00e7\u00e3o do \u201cNutri\u00e7\u00e3o na Pra\u00e7a\u201d - A Not\u00edcia Online\" \/>\n\t\t<meta name=\"twitter:description\" content=\"Alunos do curso de Nutri\u00e7\u00e3o do UNIFAMINAS participaram, na manh\u00e3 do \u00faltimo s\u00e1bado (10), na Pra\u00e7a Jo\u00e3o Pinheiro, da 6\u00aa edi\u00e7\u00e3o do \u201cNutri\u00e7\u00e3o na Pra\u00e7a\u201d. Segundo a coordenadora do curso, Mayla Cardoso Fernandes Toffolo, o evento \u00e9 uma a\u00e7\u00e3o comunit\u00e1ria. \u201cN\u00f3s procuramos envolver a popula\u00e7\u00e3o muriaeense demonstrando a import\u00e2ncia do trabalho do nutricionista. Assim, o\" \/>\n\t\t<meta name=\"twitter:image\" content=\"https:\/\/scontent-gig4-1.xx.fbcdn.net\/v\/t39.30808-1\/270437624_4564083193639691_6907940295614233970_n.jpg?stp=dst-jpg_s200x200_tt6&amp;_nc_cat=111&amp;ccb=1-7&amp;_nc_sid=f907e8&amp;_nc_ohc=SM1wRlP3lJwQ7kNvwEPuBYA&amp;_nc_oc=AdnqrjDN_BNjSSHWO-GbkIWH6fkGMLw4bqvL_NH6e2wMveX7G-rP2dAqsDSq1mJMOaY&amp;_nc_zt=24&amp;_nc_ht=scontent-gig4-1.xx&amp;_nc_gid=AoBFJeGrT1hVaew_6rchkQ&amp;oh=00_AfX7QmFGhQhG2jAllVgXCiM1ZrWgvtp80-Bfppyexh1QEg&amp;oe=689E923C\" \/>\n\t\t<script type=\"application\/ld+json\" class=\"aioseo-schema\">\n\t\t\t{\"@context\":\"https:\\\/\\\/schema.org\",\"@graph\":[{\"@type\":\"BlogPosting\",\"@id\":\"https:\\\/\\\/anoticiaonline.com.br\\\/site\\\/unifaminas-promove-a-6a-edicao-donutricao-na-praca\\\/#blogposting\",\"name\":\"UNIFAMINAS promove a 6\\u00aa edi\\u00e7\\u00e3o do \\u201cNutri\\u00e7\\u00e3o na Pra\\u00e7a\\u201d - A Not\\u00edcia Online\",\"headline\":\"UNIFAMINAS promove a 6\\u00aa edi\\u00e7\\u00e3o do \\u201cNutri\\u00e7\\u00e3o na Pra\\u00e7a\\u201d\",\"author\":{\"@id\":\"https:\\\/\\\/anoticiaonline.com.br\\\/site\\\/author\\\/juliana\\\/#author\"},\"publisher\":{\"@id\":\"https:\\\/\\\/anoticiaonline.com.br\\\/site\\\/#organization\"},\"image\":{\"@type\":\"ImageObject\",\"url\":\"https:\\\/\\\/anoticiaonline.com.br\\\/site\\\/wp-content\\\/uploads\\\/2018\\\/11\\\/capa-nutri-1.jpg\",\"width\":1000,\"height\":350},\"datePublished\":\"2018-11-14T19:26:33-03:00\",\"dateModified\":\"2018-11-14T19:28:01-03:00\",\"inLanguage\":\"pt-BR\",\"mainEntityOfPage\":{\"@id\":\"https:\\\/\\\/anoticiaonline.com.br\\\/site\\\/unifaminas-promove-a-6a-edicao-donutricao-na-praca\\\/#webpage\"},\"isPartOf\":{\"@id\":\"https:\\\/\\\/anoticiaonline.com.br\\\/site\\\/unifaminas-promove-a-6a-edicao-donutricao-na-praca\\\/#webpage\"},\"articleSection\":\"Blog, Muria\\u00e9, Nutri\\u00e7\\u00e3o, pra\\u00e7a, sa\\u00fade, unifaminas\"},{\"@type\":\"BreadcrumbList\",\"@id\":\"https:\\\/\\\/anoticiaonline.com.br\\\/site\\\/unifaminas-promove-a-6a-edicao-donutricao-na-praca\\\/#breadcrumblist\",\"itemListElement\":[{\"@type\":\"ListItem\",\"@id\":\"https:\\\/\\\/anoticiaonline.com.br\\\/site#listItem\",\"position\":1,\"name\":\"Home\",\"item\":\"https:\\\/\\\/anoticiaonline.com.br\\\/site\",\"nextItem\":{\"@type\":\"ListItem\",\"@id\":\"https:\\\/\\\/anoticiaonline.com.br\\\/site\\\/categoria\\\/muriae\\\/#listItem\",\"name\":\"Blog\"}},{\"@type\":\"ListItem\",\"@id\":\"https:\\\/\\\/anoticiaonline.com.br\\\/site\\\/categoria\\\/muriae\\\/#listItem\",\"position\":2,\"name\":\"Blog\",\"item\":\"https:\\\/\\\/anoticiaonline.com.br\\\/site\\\/categoria\\\/muriae\\\/\",\"nextItem\":{\"@type\":\"ListItem\",\"@id\":\"https:\\\/\\\/anoticiaonline.com.br\\\/site\\\/unifaminas-promove-a-6a-edicao-donutricao-na-praca\\\/#listItem\",\"name\":\"UNIFAMINAS promove a 6\\u00aa edi\\u00e7\\u00e3o do \\u201cNutri\\u00e7\\u00e3o na Pra\\u00e7a\\u201d\"},\"previousItem\":{\"@type\":\"ListItem\",\"@id\":\"https:\\\/\\\/anoticiaonline.com.br\\\/site#listItem\",\"name\":\"Home\"}},{\"@type\":\"ListItem\",\"@id\":\"https:\\\/\\\/anoticiaonline.com.br\\\/site\\\/unifaminas-promove-a-6a-edicao-donutricao-na-praca\\\/#listItem\",\"position\":3,\"name\":\"UNIFAMINAS promove a 6\\u00aa edi\\u00e7\\u00e3o do \\u201cNutri\\u00e7\\u00e3o na Pra\\u00e7a\\u201d\",\"previousItem\":{\"@type\":\"ListItem\",\"@id\":\"https:\\\/\\\/anoticiaonline.com.br\\\/site\\\/categoria\\\/muriae\\\/#listItem\",\"name\":\"Blog\"}}]},{\"@type\":\"Organization\",\"@id\":\"https:\\\/\\\/anoticiaonline.com.br\\\/site\\\/#organization\",\"name\":\"A Not\\u00edcia Online\",\"description\":\"Noticias de Muria\\u00e9 e regi\\u00e3o\",\"url\":\"https:\\\/\\\/anoticiaonline.com.br\\\/site\\\/\",\"logo\":{\"@type\":\"ImageObject\",\"url\":\"https:\\\/\\\/scontent-gig4-1.xx.fbcdn.net\\\/v\\\/t39.30808-1\\\/270437624_4564083193639691_6907940295614233970_n.jpg?stp=dst-jpg_s200x200_tt6&_nc_cat=111&ccb=1-7&_nc_sid=f907e8&_nc_ohc=SM1wRlP3lJwQ7kNvwEPuBYA&_nc_oc=AdnqrjDN_BNjSSHWO-GbkIWH6fkGMLw4bqvL_NH6e2wMveX7G-rP2dAqsDSq1mJMOaY&_nc_zt=24&_nc_ht=scontent-gig4-1.xx&_nc_gid=AoBFJeGrT1hVaew_6rchkQ&oh=00_AfX7QmFGhQhG2jAllVgXCiM1ZrWgvtp80-Bfppyexh1QEg&oe=689E923C\",\"@id\":\"https:\\\/\\\/anoticiaonline.com.br\\\/site\\\/unifaminas-promove-a-6a-edicao-donutricao-na-praca\\\/#organizationLogo\"},\"image\":{\"@id\":\"https:\\\/\\\/anoticiaonline.com.br\\\/site\\\/unifaminas-promove-a-6a-edicao-donutricao-na-praca\\\/#organizationLogo\"}},{\"@type\":\"Person\",\"@id\":\"https:\\\/\\\/anoticiaonline.com.br\\\/site\\\/author\\\/juliana\\\/#author\",\"url\":\"https:\\\/\\\/anoticiaonline.com.br\\\/site\\\/author\\\/juliana\\\/\",\"name\":\"Juliana Laviola\",\"image\":{\"@type\":\"ImageObject\",\"@id\":\"https:\\\/\\\/anoticiaonline.com.br\\\/site\\\/unifaminas-promove-a-6a-edicao-donutricao-na-praca\\\/#authorImage\",\"url\":\"https:\\\/\\\/secure.gravatar.com\\\/avatar\\\/b8d45f5c699b100dfaf0e543582f38f38bf94cb7ae3a5e9abf8d891a34773335?s=96&d=mm&r=g\",\"width\":96,\"height\":96,\"caption\":\"Juliana Laviola\"}},{\"@type\":\"WebPage\",\"@id\":\"https:\\\/\\\/anoticiaonline.com.br\\\/site\\\/unifaminas-promove-a-6a-edicao-donutricao-na-praca\\\/#webpage\",\"url\":\"https:\\\/\\\/anoticiaonline.com.br\\\/site\\\/unifaminas-promove-a-6a-edicao-donutricao-na-praca\\\/\",\"name\":\"UNIFAMINAS promove a 6\\u00aa edi\\u00e7\\u00e3o do \\u201cNutri\\u00e7\\u00e3o na Pra\\u00e7a\\u201d - A Not\\u00edcia Online\",\"description\":\"Alunos do curso de Nutri\\u00e7\\u00e3o do UNIFAMINAS participaram, na manh\\u00e3 do \\u00faltimo s\\u00e1bado (10), na Pra\\u00e7a Jo\\u00e3o Pinheiro, da 6\\u00aa edi\\u00e7\\u00e3o do \\u201cNutri\\u00e7\\u00e3o na Pra\\u00e7a\\u201d. Segundo a coordenadora do curso, Mayla Cardoso Fernandes Toffolo, o evento \\u00e9 uma a\\u00e7\\u00e3o comunit\\u00e1ria. \\u201cN\\u00f3s procuramos envolver a popula\\u00e7\\u00e3o muriaeense demonstrando a import\\u00e2ncia do trabalho do nutricionista. Assim, o\",\"inLanguage\":\"pt-BR\",\"isPartOf\":{\"@id\":\"https:\\\/\\\/anoticiaonline.com.br\\\/site\\\/#website\"},\"breadcrumb\":{\"@id\":\"https:\\\/\\\/anoticiaonline.com.br\\\/site\\\/unifaminas-promove-a-6a-edicao-donutricao-na-praca\\\/#breadcrumblist\"},\"author\":{\"@id\":\"https:\\\/\\\/anoticiaonline.com.br\\\/site\\\/author\\\/juliana\\\/#author\"},\"creator\":{\"@id\":\"https:\\\/\\\/anoticiaonline.com.br\\\/site\\\/author\\\/juliana\\\/#author\"},\"image\":{\"@type\":\"ImageObject\",\"url\":\"https:\\\/\\\/anoticiaonline.com.br\\\/site\\\/wp-content\\\/uploads\\\/2018\\\/11\\\/capa-nutri-1.jpg\",\"@id\":\"https:\\\/\\\/anoticiaonline.com.br\\\/site\\\/unifaminas-promove-a-6a-edicao-donutricao-na-praca\\\/#mainImage\",\"width\":1000,\"height\":350},\"primaryImageOfPage\":{\"@id\":\"https:\\\/\\\/anoticiaonline.com.br\\\/site\\\/unifaminas-promove-a-6a-edicao-donutricao-na-praca\\\/#mainImage\"},\"datePublished\":\"2018-11-14T19:26:33-03:00\",\"dateModified\":\"2018-11-14T19:28:01-03:00\"},{\"@type\":\"WebSite\",\"@id\":\"https:\\\/\\\/anoticiaonline.com.br\\\/site\\\/#website\",\"url\":\"https:\\\/\\\/anoticiaonline.com.br\\\/site\\\/\",\"name\":\"A Not\\u00edcia Online\",\"description\":\"Noticias de Muria\\u00e9 e regi\\u00e3o\",\"inLanguage\":\"pt-BR\",\"publisher\":{\"@id\":\"https:\\\/\\\/anoticiaonline.com.br\\\/site\\\/#organization\"}}]}\n\t\t<\/script>\n\t\t<!-- All in One SEO -->\n\n","aioseo_head_json":{"title":"UNIFAMINAS promove a 6\u00aa edi\u00e7\u00e3o do \u201cNutri\u00e7\u00e3o na Pra\u00e7a\u201d - A Not\u00edcia Online","description":"Alunos do curso de Nutri\u00e7\u00e3o do UNIFAMINAS participaram, na manh\u00e3 do \u00faltimo s\u00e1bado (10), na Pra\u00e7a Jo\u00e3o Pinheiro, da 6\u00aa edi\u00e7\u00e3o do \u201cNutri\u00e7\u00e3o na Pra\u00e7a\u201d. Segundo a coordenadora do curso, Mayla Cardoso Fernandes Toffolo, o evento \u00e9 uma a\u00e7\u00e3o comunit\u00e1ria. \u201cN\u00f3s procuramos envolver a popula\u00e7\u00e3o muriaeense demonstrando a import\u00e2ncia do trabalho do nutricionista. Assim, o","canonical_url":"https:\/\/anoticiaonline.com.br\/site\/unifaminas-promove-a-6a-edicao-donutricao-na-praca\/","robots":"max-image-preview:large","keywords":"","webmasterTools":{"miscellaneous":""},"schema":{"@context":"https:\/\/schema.org","@graph":[{"@type":"BlogPosting","@id":"https:\/\/anoticiaonline.com.br\/site\/unifaminas-promove-a-6a-edicao-donutricao-na-praca\/#blogposting","name":"UNIFAMINAS promove a 6\u00aa edi\u00e7\u00e3o do \u201cNutri\u00e7\u00e3o na Pra\u00e7a\u201d - A Not\u00edcia Online","headline":"UNIFAMINAS promove a 6\u00aa edi\u00e7\u00e3o do \u201cNutri\u00e7\u00e3o na Pra\u00e7a\u201d","author":{"@id":"https:\/\/anoticiaonline.com.br\/site\/author\/juliana\/#author"},"publisher":{"@id":"https:\/\/anoticiaonline.com.br\/site\/#organization"},"image":{"@type":"ImageObject","url":"https:\/\/anoticiaonline.com.br\/site\/wp-content\/uploads\/2018\/11\/capa-nutri-1.jpg","width":1000,"height":350},"datePublished":"2018-11-14T19:26:33-03:00","dateModified":"2018-11-14T19:28:01-03:00","inLanguage":"pt-BR","mainEntityOfPage":{"@id":"https:\/\/anoticiaonline.com.br\/site\/unifaminas-promove-a-6a-edicao-donutricao-na-praca\/#webpage"},"isPartOf":{"@id":"https:\/\/anoticiaonline.com.br\/site\/unifaminas-promove-a-6a-edicao-donutricao-na-praca\/#webpage"},"articleSection":"Blog, Muria\u00e9, Nutri\u00e7\u00e3o, pra\u00e7a, sa\u00fade, unifaminas"},{"@type":"BreadcrumbList","@id":"https:\/\/anoticiaonline.com.br\/site\/unifaminas-promove-a-6a-edicao-donutricao-na-praca\/#breadcrumblist","itemListElement":[{"@type":"ListItem","@id":"https:\/\/anoticiaonline.com.br\/site#listItem","position":1,"name":"Home","item":"https:\/\/anoticiaonline.com.br\/site","nextItem":{"@type":"ListItem","@id":"https:\/\/anoticiaonline.com.br\/site\/categoria\/muriae\/#listItem","name":"Blog"}},{"@type":"ListItem","@id":"https:\/\/anoticiaonline.com.br\/site\/categoria\/muriae\/#listItem","position":2,"name":"Blog","item":"https:\/\/anoticiaonline.com.br\/site\/categoria\/muriae\/","nextItem":{"@type":"ListItem","@id":"https:\/\/anoticiaonline.com.br\/site\/unifaminas-promove-a-6a-edicao-donutricao-na-praca\/#listItem","name":"UNIFAMINAS promove a 6\u00aa edi\u00e7\u00e3o do \u201cNutri\u00e7\u00e3o na Pra\u00e7a\u201d"},"previousItem":{"@type":"ListItem","@id":"https:\/\/anoticiaonline.com.br\/site#listItem","name":"Home"}},{"@type":"ListItem","@id":"https:\/\/anoticiaonline.com.br\/site\/unifaminas-promove-a-6a-edicao-donutricao-na-praca\/#listItem","position":3,"name":"UNIFAMINAS promove a 6\u00aa edi\u00e7\u00e3o do \u201cNutri\u00e7\u00e3o na Pra\u00e7a\u201d","previousItem":{"@type":"ListItem","@id":"https:\/\/anoticiaonline.com.br\/site\/categoria\/muriae\/#listItem","name":"Blog"}}]},{"@type":"Organization","@id":"https:\/\/anoticiaonline.com.br\/site\/#organization","name":"A Not\u00edcia Online","description":"Noticias de Muria\u00e9 e regi\u00e3o","url":"https:\/\/anoticiaonline.com.br\/site\/","logo":{"@type":"ImageObject","url":"https:\/\/scontent-gig4-1.xx.fbcdn.net\/v\/t39.30808-1\/270437624_4564083193639691_6907940295614233970_n.jpg?stp=dst-jpg_s200x200_tt6&_nc_cat=111&ccb=1-7&_nc_sid=f907e8&_nc_ohc=SM1wRlP3lJwQ7kNvwEPuBYA&_nc_oc=AdnqrjDN_BNjSSHWO-GbkIWH6fkGMLw4bqvL_NH6e2wMveX7G-rP2dAqsDSq1mJMOaY&_nc_zt=24&_nc_ht=scontent-gig4-1.xx&_nc_gid=AoBFJeGrT1hVaew_6rchkQ&oh=00_AfX7QmFGhQhG2jAllVgXCiM1ZrWgvtp80-Bfppyexh1QEg&oe=689E923C","@id":"https:\/\/anoticiaonline.com.br\/site\/unifaminas-promove-a-6a-edicao-donutricao-na-praca\/#organizationLogo"},"image":{"@id":"https:\/\/anoticiaonline.com.br\/site\/unifaminas-promove-a-6a-edicao-donutricao-na-praca\/#organizationLogo"}},{"@type":"Person","@id":"https:\/\/anoticiaonline.com.br\/site\/author\/juliana\/#author","url":"https:\/\/anoticiaonline.com.br\/site\/author\/juliana\/","name":"Juliana Laviola","image":{"@type":"ImageObject","@id":"https:\/\/anoticiaonline.com.br\/site\/unifaminas-promove-a-6a-edicao-donutricao-na-praca\/#authorImage","url":"https:\/\/secure.gravatar.com\/avatar\/b8d45f5c699b100dfaf0e543582f38f38bf94cb7ae3a5e9abf8d891a34773335?s=96&d=mm&r=g","width":96,"height":96,"caption":"Juliana Laviola"}},{"@type":"WebPage","@id":"https:\/\/anoticiaonline.com.br\/site\/unifaminas-promove-a-6a-edicao-donutricao-na-praca\/#webpage","url":"https:\/\/anoticiaonline.com.br\/site\/unifaminas-promove-a-6a-edicao-donutricao-na-praca\/","name":"UNIFAMINAS promove a 6\u00aa edi\u00e7\u00e3o do \u201cNutri\u00e7\u00e3o na Pra\u00e7a\u201d - A Not\u00edcia Online","description":"Alunos do curso de Nutri\u00e7\u00e3o do UNIFAMINAS participaram, na manh\u00e3 do \u00faltimo s\u00e1bado (10), na Pra\u00e7a Jo\u00e3o Pinheiro, da 6\u00aa edi\u00e7\u00e3o do \u201cNutri\u00e7\u00e3o na Pra\u00e7a\u201d. Segundo a coordenadora do curso, Mayla Cardoso Fernandes Toffolo, o evento \u00e9 uma a\u00e7\u00e3o comunit\u00e1ria. \u201cN\u00f3s procuramos envolver a popula\u00e7\u00e3o muriaeense demonstrando a import\u00e2ncia do trabalho do nutricionista. Assim, o","inLanguage":"pt-BR","isPartOf":{"@id":"https:\/\/anoticiaonline.com.br\/site\/#website"},"breadcrumb":{"@id":"https:\/\/anoticiaonline.com.br\/site\/unifaminas-promove-a-6a-edicao-donutricao-na-praca\/#breadcrumblist"},"author":{"@id":"https:\/\/anoticiaonline.com.br\/site\/author\/juliana\/#author"},"creator":{"@id":"https:\/\/anoticiaonline.com.br\/site\/author\/juliana\/#author"},"image":{"@type":"ImageObject","url":"https:\/\/anoticiaonline.com.br\/site\/wp-content\/uploads\/2018\/11\/capa-nutri-1.jpg","@id":"https:\/\/anoticiaonline.com.br\/site\/unifaminas-promove-a-6a-edicao-donutricao-na-praca\/#mainImage","width":1000,"height":350},"primaryImageOfPage":{"@id":"https:\/\/anoticiaonline.com.br\/site\/unifaminas-promove-a-6a-edicao-donutricao-na-praca\/#mainImage"},"datePublished":"2018-11-14T19:26:33-03:00","dateModified":"2018-11-14T19:28:01-03:00"},{"@type":"WebSite","@id":"https:\/\/anoticiaonline.com.br\/site\/#website","url":"https:\/\/anoticiaonline.com.br\/site\/","name":"A Not\u00edcia Online","description":"Noticias de Muria\u00e9 e regi\u00e3o","inLanguage":"pt-BR","publisher":{"@id":"https:\/\/anoticiaonline.com.br\/site\/#organization"}}]},"og:locale":"pt_BR","og:site_name":"A Not\u00edcia Online - Noticias de Muria\u00e9 e regi\u00e3o","og:type":"article","og:title":"UNIFAMINAS promove a 6\u00aa edi\u00e7\u00e3o do \u201cNutri\u00e7\u00e3o na Pra\u00e7a\u201d - A Not\u00edcia Online","og:description":"Alunos do curso de Nutri\u00e7\u00e3o do UNIFAMINAS participaram, na manh\u00e3 do \u00faltimo s\u00e1bado (10), na Pra\u00e7a Jo\u00e3o Pinheiro, da 6\u00aa edi\u00e7\u00e3o do \u201cNutri\u00e7\u00e3o na Pra\u00e7a\u201d. Segundo a coordenadora do curso, Mayla Cardoso Fernandes Toffolo, o evento \u00e9 uma a\u00e7\u00e3o comunit\u00e1ria. \u201cN\u00f3s procuramos envolver a popula\u00e7\u00e3o muriaeense demonstrando a import\u00e2ncia do trabalho do nutricionista. Assim, o","og:url":"https:\/\/anoticiaonline.com.br\/site\/unifaminas-promove-a-6a-edicao-donutricao-na-praca\/","og:image":"https:\/\/scontent-gig4-1.xx.fbcdn.net\/v\/t39.30808-1\/270437624_4564083193639691_6907940295614233970_n.jpg?stp=dst-jpg_s200x200_tt6&#038;_nc_cat=111&#038;ccb=1-7&#038;_nc_sid=f907e8&#038;_nc_ohc=SM1wRlP3lJwQ7kNvwEPuBYA&#038;_nc_oc=AdnqrjDN_BNjSSHWO-GbkIWH6fkGMLw4bqvL_NH6e2wMveX7G-rP2dAqsDSq1mJMOaY&#038;_nc_zt=24&#038;_nc_ht=scontent-gig4-1.xx&#038;_nc_gid=AoBFJeGrT1hVaew_6rchkQ&#038;oh=00_AfX7QmFGhQhG2jAllVgXCiM1ZrWgvtp80-Bfppyexh1QEg&#038;oe=689E923C","og:image:secure_url":"https:\/\/scontent-gig4-1.xx.fbcdn.net\/v\/t39.30808-1\/270437624_4564083193639691_6907940295614233970_n.jpg?stp=dst-jpg_s200x200_tt6&#038;_nc_cat=111&#038;ccb=1-7&#038;_nc_sid=f907e8&#038;_nc_ohc=SM1wRlP3lJwQ7kNvwEPuBYA&#038;_nc_oc=AdnqrjDN_BNjSSHWO-GbkIWH6fkGMLw4bqvL_NH6e2wMveX7G-rP2dAqsDSq1mJMOaY&#038;_nc_zt=24&#038;_nc_ht=scontent-gig4-1.xx&#038;_nc_gid=AoBFJeGrT1hVaew_6rchkQ&#038;oh=00_AfX7QmFGhQhG2jAllVgXCiM1ZrWgvtp80-Bfppyexh1QEg&#038;oe=689E923C","article:published_time":"2018-11-14T22:26:33+00:00","article:modified_time":"2018-11-14T22:28:01+00:00","twitter:card":"summary_large_image","twitter:title":"UNIFAMINAS promove a 6\u00aa edi\u00e7\u00e3o do \u201cNutri\u00e7\u00e3o na Pra\u00e7a\u201d - A Not\u00edcia Online","twitter:description":"Alunos do curso de Nutri\u00e7\u00e3o do UNIFAMINAS participaram, na manh\u00e3 do \u00faltimo s\u00e1bado (10), na Pra\u00e7a Jo\u00e3o Pinheiro, da 6\u00aa edi\u00e7\u00e3o do \u201cNutri\u00e7\u00e3o na Pra\u00e7a\u201d. Segundo a coordenadora do curso, Mayla Cardoso Fernandes Toffolo, o evento \u00e9 uma a\u00e7\u00e3o comunit\u00e1ria. \u201cN\u00f3s procuramos envolver a popula\u00e7\u00e3o muriaeense demonstrando a import\u00e2ncia do trabalho do nutricionista. Assim, o","twitter:image":"https:\/\/scontent-gig4-1.xx.fbcdn.net\/v\/t39.30808-1\/270437624_4564083193639691_6907940295614233970_n.jpg?stp=dst-jpg_s200x200_tt6&_nc_cat=111&ccb=1-7&_nc_sid=f907e8&_nc_ohc=SM1wRlP3lJwQ7kNvwEPuBYA&_nc_oc=AdnqrjDN_BNjSSHWO-GbkIWH6fkGMLw4bqvL_NH6e2wMveX7G-rP2dAqsDSq1mJMOaY&_nc_zt=24&_nc_ht=scontent-gig4-1.xx&_nc_gid=AoBFJeGrT1hVaew_6rchkQ&oh=00_AfX7QmFGhQhG2jAllVgXCiM1ZrWgvtp80-Bfppyexh1QEg&oe=689E923C"},"aioseo_meta_data":{"post_id":"64635","title":null,"description":null,"keywords":null,"keyphrases":null,"primary_term":null,"canonical_url":null,"og_title":null,"og_description":null,"og_object_type":"default","og_image_type":"default","og_image_url":null,"og_image_width":null,"og_image_height":null,"og_image_custom_url":null,"og_image_custom_fields":null,"og_video":null,"og_custom_url":null,"og_article_section":null,"og_article_tags":null,"twitter_use_og":false,"twitter_card":"default","twitter_image_type":"default","twitter_image_url":null,"twitter_image_custom_url":null,"twitter_image_custom_fields":null,"twitter_title":null,"twitter_description":null,"schema":{"blockGraphs":[],"customGraphs":[],"default":{"data":{"Article":[],"Course":[],"Dataset":[],"FAQPage":[],"Movie":[],"Person":[],"Product":[],"ProductReview":[],"Car":[],"Recipe":[],"Service":[],"SoftwareApplication":[],"WebPage":[]},"graphName":"","isEnabled":true},"graphs":[]},"schema_type":"default","schema_type_options":null,"pillar_content":false,"robots_default":true,"robots_noindex":false,"robots_noarchive":false,"robots_nosnippet":false,"robots_nofollow":false,"robots_noimageindex":false,"robots_noodp":false,"robots_notranslate":false,"robots_max_snippet":null,"robots_max_videopreview":null,"robots_max_imagepreview":"large","priority":null,"frequency":null,"local_seo":null,"breadcrumb_settings":null,"limit_modified_date":false,"ai":null,"created":"2025-08-16 22:06:48","updated":"2025-08-16 22:06:48","focus_keyword":null,"additional_keywords":null,"truseo_locale":null,"seo_analyzer_scan_date":null},"aioseo_breadcrumb":"<div class=\"aioseo-breadcrumbs\"><span class=\"aioseo-breadcrumb\">\n\t\t\t<a href=\"https:\/\/anoticiaonline.com.br\/site\" title=\"Home\">Home<\/a>\n\t\t<\/span><span class=\"aioseo-breadcrumb-separator\">&raquo;<\/span><span class=\"aioseo-breadcrumb\">\n\t\t\t<a href=\"https:\/\/anoticiaonline.com.br\/site\/categoria\/muriae\/\" title=\"Blog\">Blog<\/a>\n\t\t<\/span><span class=\"aioseo-breadcrumb-separator\">&raquo;<\/span><span class=\"aioseo-breadcrumb\">\n\t\t\tUNIFAMINAS promove a 6\u00aa edi\u00e7\u00e3o do \u201cNutri\u00e7\u00e3o na Pra\u00e7a\u201d\n\t\t<\/span><\/div>","aioseo_breadcrumb_json":[{"label":"Home","link":"https:\/\/anoticiaonline.com.br\/site"},{"label":"Blog","link":"https:\/\/anoticiaonline.com.br\/site\/categoria\/muriae\/"},{"label":"UNIFAMINAS promove a 6\u00aa edi\u00e7\u00e3o do \u201cNutri\u00e7\u00e3o na Pra\u00e7a\u201d","link":"https:\/\/anoticiaonline.com.br\/site\/unifaminas-promove-a-6a-edicao-donutricao-na-praca\/"}],"views":145,"_links":{"self":[{"href":"https:\/\/anoticiaonline.com.br\/site\/wp-json\/wp\/v2\/posts\/64635","targetHints":{"allow":["GET"]}}],"collection":[{"href":"https:\/\/anoticiaonline.com.br\/site\/wp-json\/wp\/v2\/posts"}],"about":[{"href":"https:\/\/anoticiaonline.com.br\/site\/wp-json\/wp\/v2\/types\/post"}],"author":[{"embeddable":true,"href":"https:\/\/anoticiaonline.com.br\/site\/wp-json\/wp\/v2\/users\/2"}],"replies":[{"embeddable":true,"href":"https:\/\/anoticiaonline.com.br\/site\/wp-json\/wp\/v2\/comments?post=64635"}],"version-history":[{"count":0,"href":"https:\/\/anoticiaonline.com.br\/site\/wp-json\/wp\/v2\/posts\/64635\/revisions"}],"wp:featuredmedia":[{"embeddable":true,"href":"https:\/\/anoticiaonline.com.br\/site\/wp-json\/wp\/v2\/media\/64656"}],"wp:attachment":[{"href":"https:\/\/anoticiaonline.com.br\/site\/wp-json\/wp\/v2\/media?parent=64635"}],"wp:term":[{"taxonomy":"category","embeddable":true,"href":"https:\/\/anoticiaonline.com.br\/site\/wp-json\/wp\/v2\/categories?post=64635"},{"taxonomy":"post_tag","embeddable":true,"href":"https:\/\/anoticiaonline.com.br\/site\/wp-json\/wp\/v2\/tags?post=64635"}],"curies":[{"name":"wp","href":"https:\/\/api.w.org\/{rel}","templated":true}]}}