{"id":64570,"date":"2018-11-14T19:18:12","date_gmt":"2018-11-14T22:18:12","guid":{"rendered":"http:\/\/anoticiaonline.com.br\/site\/?p=64570"},"modified":"2018-11-14T19:18:12","modified_gmt":"2018-11-14T22:18:12","slug":"noite-dos-amigos-e-sucesso-em-sua-1a-edicao","status":"publish","type":"post","link":"https:\/\/anoticiaonline.com.br\/site\/noite-dos-amigos-e-sucesso-em-sua-1a-edicao\/","title":{"rendered":"\u201cNoite dos Amigos\u201d \u00e9 sucesso em sua 1\u00aa edi\u00e7\u00e3o"},"content":{"rendered":"<p><a href=\"https:\/\/anoticiaonline.com.br\/site\/wp-content\/uploads\/2018\/11\/Um-grande-p\u00fablico-compareceu-ao-Garden-Greem.jpg\"><img fetchpriority=\"high\" decoding=\"async\" class=\"alignnone size-full wp-image-64582\" src=\"https:\/\/anoticiaonline.com.br\/site\/wp-content\/uploads\/2018\/11\/Um-grande-p\u00fablico-compareceu-ao-Garden-Greem.jpg\" alt=\"\" width=\"1000\" height=\"668\" srcset=\"https:\/\/anoticiaonline.com.br\/site\/wp-content\/uploads\/2018\/11\/Um-grande-p\u00fablico-compareceu-ao-Garden-Greem.jpg 1000w, https:\/\/anoticiaonline.com.br\/site\/wp-content\/uploads\/2018\/11\/Um-grande-p\u00fablico-compareceu-ao-Garden-Greem-300x200.jpg 300w, https:\/\/anoticiaonline.com.br\/site\/wp-content\/uploads\/2018\/11\/Um-grande-p\u00fablico-compareceu-ao-Garden-Greem-768x513.jpg 768w\" sizes=\"(max-width: 1000px) 100vw, 1000px\" \/><\/a><\/p>\n<p>A 1\u00aa edi\u00e7\u00e3o da \u201cNoite dos Amigos\u201d foi um verdadeiro sucesso. Realizada no Garden Green \u2013 Buffet e Decora\u00e7\u00f5es, no s\u00e1bado (10), a festa contou com o rock de Evandro Vasques, bebida liberada, DJ e comida de boteco.<\/p>\n<p>A ideia de criar o evento surgiu quando J\u00fanior Botelho e Andrey Vieira de Freitas decidiram promover uma noite de rock para reencontrar os amigos de longa data.<\/p>\n<p>\u201cSeria tamb\u00e9m uma oportunidade para realizar uma confraterniza\u00e7\u00e3o de fim de ano, j\u00e1 que, com a aproxima\u00e7\u00e3o do m\u00eas de dezembro, \u00e9 um pouco mais dif\u00edcil de encontrar uma data ideal. Com isso, colocamos a ideia no papel e criamos a 1\u00ba edi\u00e7\u00e3o da \u2018Noite dos Amigos\u2019, que foi incr\u00edvel\u201d, explica J\u00fanior.<\/p>\n<p><a href=\"https:\/\/anoticiaonline.com.br\/site\/wp-content\/uploads\/2018\/11\/Agnaldo-M\u00e1rcia-Marcelo-Jessica-Alana-J\u00fanior-Botelho-Garden-Green-Mariane-e-Dr-Ant\u00f4nio-Augusto-Cl\u00ednica-Consulte-J\u00c1.jpg\"><img decoding=\"async\" class=\"alignnone size-full wp-image-64584\" src=\"https:\/\/anoticiaonline.com.br\/site\/wp-content\/uploads\/2018\/11\/Agnaldo-M\u00e1rcia-Marcelo-Jessica-Alana-J\u00fanior-Botelho-Garden-Green-Mariane-e-Dr-Ant\u00f4nio-Augusto-Cl\u00ednica-Consulte-J\u00c1.jpg\" alt=\"\" width=\"1000\" height=\"668\" srcset=\"https:\/\/anoticiaonline.com.br\/site\/wp-content\/uploads\/2018\/11\/Agnaldo-M\u00e1rcia-Marcelo-Jessica-Alana-J\u00fanior-Botelho-Garden-Green-Mariane-e-Dr-Ant\u00f4nio-Augusto-Cl\u00ednica-Consulte-J\u00c1.jpg 1000w, https:\/\/anoticiaonline.com.br\/site\/wp-content\/uploads\/2018\/11\/Agnaldo-M\u00e1rcia-Marcelo-Jessica-Alana-J\u00fanior-Botelho-Garden-Green-Mariane-e-Dr-Ant\u00f4nio-Augusto-Cl\u00ednica-Consulte-J\u00c1-300x200.jpg 300w, https:\/\/anoticiaonline.com.br\/site\/wp-content\/uploads\/2018\/11\/Agnaldo-M\u00e1rcia-Marcelo-Jessica-Alana-J\u00fanior-Botelho-Garden-Green-Mariane-e-Dr-Ant\u00f4nio-Augusto-Cl\u00ednica-Consulte-J\u00c1-768x513.jpg 768w\" sizes=\"(max-width: 1000px) 100vw, 1000px\" \/><\/a> <a href=\"https:\/\/anoticiaonline.com.br\/site\/wp-content\/uploads\/2018\/11\/Alcemar-Juliana-Carmem-e-Haroldo.jpg\"><img decoding=\"async\" class=\"alignnone size-full wp-image-64585\" src=\"https:\/\/anoticiaonline.com.br\/site\/wp-content\/uploads\/2018\/11\/Alcemar-Juliana-Carmem-e-Haroldo.jpg\" alt=\"\" width=\"1000\" height=\"668\" srcset=\"https:\/\/anoticiaonline.com.br\/site\/wp-content\/uploads\/2018\/11\/Alcemar-Juliana-Carmem-e-Haroldo.jpg 1000w, https:\/\/anoticiaonline.com.br\/site\/wp-content\/uploads\/2018\/11\/Alcemar-Juliana-Carmem-e-Haroldo-300x200.jpg 300w, https:\/\/anoticiaonline.com.br\/site\/wp-content\/uploads\/2018\/11\/Alcemar-Juliana-Carmem-e-Haroldo-768x513.jpg 768w\" sizes=\"(max-width: 1000px) 100vw, 1000px\" \/><\/a> <a href=\"https:\/\/anoticiaonline.com.br\/site\/wp-content\/uploads\/2018\/11\/Ana-Paula-Botelho-Decoradora-do-Garden-e-J\u00fanior-Botelho.jpg\"><img loading=\"lazy\" decoding=\"async\" class=\"alignnone size-full wp-image-64586\" src=\"https:\/\/anoticiaonline.com.br\/site\/wp-content\/uploads\/2018\/11\/Ana-Paula-Botelho-Decoradora-do-Garden-e-J\u00fanior-Botelho.jpg\" alt=\"\" width=\"1000\" height=\"668\" srcset=\"https:\/\/anoticiaonline.com.br\/site\/wp-content\/uploads\/2018\/11\/Ana-Paula-Botelho-Decoradora-do-Garden-e-J\u00fanior-Botelho.jpg 1000w, https:\/\/anoticiaonline.com.br\/site\/wp-content\/uploads\/2018\/11\/Ana-Paula-Botelho-Decoradora-do-Garden-e-J\u00fanior-Botelho-300x200.jpg 300w, https:\/\/anoticiaonline.com.br\/site\/wp-content\/uploads\/2018\/11\/Ana-Paula-Botelho-Decoradora-do-Garden-e-J\u00fanior-Botelho-768x513.jpg 768w\" sizes=\"(max-width: 1000px) 100vw, 1000px\" \/><\/a> <a href=\"https:\/\/anoticiaonline.com.br\/site\/wp-content\/uploads\/2018\/11\/Andrey-e-J\u00falia.jpg\"><img loading=\"lazy\" decoding=\"async\" class=\"alignnone size-full wp-image-64587\" src=\"https:\/\/anoticiaonline.com.br\/site\/wp-content\/uploads\/2018\/11\/Andrey-e-J\u00falia.jpg\" alt=\"\" width=\"450\" height=\"800\" srcset=\"https:\/\/anoticiaonline.com.br\/site\/wp-content\/uploads\/2018\/11\/Andrey-e-J\u00falia.jpg 450w, https:\/\/anoticiaonline.com.br\/site\/wp-content\/uploads\/2018\/11\/Andrey-e-J\u00falia-169x300.jpg 169w\" sizes=\"(max-width: 450px) 100vw, 450px\" \/><\/a> <a href=\"https:\/\/anoticiaonline.com.br\/site\/wp-content\/uploads\/2018\/11\/Bruno-Paula-Ant\u00f4nio-Jos\u00e9-e-Maria-Ang\u00e9lica.jpg\"><img loading=\"lazy\" decoding=\"async\" class=\"alignnone size-full wp-image-64588\" src=\"https:\/\/anoticiaonline.com.br\/site\/wp-content\/uploads\/2018\/11\/Bruno-Paula-Ant\u00f4nio-Jos\u00e9-e-Maria-Ang\u00e9lica.jpg\" alt=\"\" width=\"1000\" height=\"668\" srcset=\"https:\/\/anoticiaonline.com.br\/site\/wp-content\/uploads\/2018\/11\/Bruno-Paula-Ant\u00f4nio-Jos\u00e9-e-Maria-Ang\u00e9lica.jpg 1000w, https:\/\/anoticiaonline.com.br\/site\/wp-content\/uploads\/2018\/11\/Bruno-Paula-Ant\u00f4nio-Jos\u00e9-e-Maria-Ang\u00e9lica-300x200.jpg 300w, https:\/\/anoticiaonline.com.br\/site\/wp-content\/uploads\/2018\/11\/Bruno-Paula-Ant\u00f4nio-Jos\u00e9-e-Maria-Ang\u00e9lica-768x513.jpg 768w\" sizes=\"(max-width: 1000px) 100vw, 1000px\" \/><\/a> <a href=\"https:\/\/anoticiaonline.com.br\/site\/wp-content\/uploads\/2018\/11\/Dr-Renato-Del-Penho-e-Dra-Giovana-Titoneli.jpg\"><img loading=\"lazy\" decoding=\"async\" class=\"alignnone size-full wp-image-64590\" src=\"https:\/\/anoticiaonline.com.br\/site\/wp-content\/uploads\/2018\/11\/Dr-Renato-Del-Penho-e-Dra-Giovana-Titoneli.jpg\" alt=\"\" width=\"534\" height=\"800\" srcset=\"https:\/\/anoticiaonline.com.br\/site\/wp-content\/uploads\/2018\/11\/Dr-Renato-Del-Penho-e-Dra-Giovana-Titoneli.jpg 534w, https:\/\/anoticiaonline.com.br\/site\/wp-content\/uploads\/2018\/11\/Dr-Renato-Del-Penho-e-Dra-Giovana-Titoneli-200x300.jpg 200w\" sizes=\"(max-width: 534px) 100vw, 534px\" \/><\/a> <a href=\"https:\/\/anoticiaonline.com.br\/site\/wp-content\/uploads\/2018\/11\/DSC_0047.jpg\"><img loading=\"lazy\" decoding=\"async\" class=\"alignnone size-full wp-image-64591\" src=\"https:\/\/anoticiaonline.com.br\/site\/wp-content\/uploads\/2018\/11\/DSC_0047.jpg\" alt=\"\" width=\"1000\" height=\"668\" srcset=\"https:\/\/anoticiaonline.com.br\/site\/wp-content\/uploads\/2018\/11\/DSC_0047.jpg 1000w, https:\/\/anoticiaonline.com.br\/site\/wp-content\/uploads\/2018\/11\/DSC_0047-300x200.jpg 300w, https:\/\/anoticiaonline.com.br\/site\/wp-content\/uploads\/2018\/11\/DSC_0047-768x513.jpg 768w\" sizes=\"(max-width: 1000px) 100vw, 1000px\" \/><\/a> <a href=\"https:\/\/anoticiaonline.com.br\/site\/wp-content\/uploads\/2018\/11\/DSC_0057.jpg\"><img loading=\"lazy\" decoding=\"async\" class=\"alignnone size-full wp-image-64592\" src=\"https:\/\/anoticiaonline.com.br\/site\/wp-content\/uploads\/2018\/11\/DSC_0057.jpg\" alt=\"\" width=\"1000\" height=\"668\" srcset=\"https:\/\/anoticiaonline.com.br\/site\/wp-content\/uploads\/2018\/11\/DSC_0057.jpg 1000w, https:\/\/anoticiaonline.com.br\/site\/wp-content\/uploads\/2018\/11\/DSC_0057-300x200.jpg 300w, https:\/\/anoticiaonline.com.br\/site\/wp-content\/uploads\/2018\/11\/DSC_0057-768x513.jpg 768w\" sizes=\"(max-width: 1000px) 100vw, 1000px\" \/><\/a> <a href=\"https:\/\/anoticiaonline.com.br\/site\/wp-content\/uploads\/2018\/11\/DSC_0075.jpg\"><img loading=\"lazy\" decoding=\"async\" class=\"alignnone size-full wp-image-64593\" src=\"https:\/\/anoticiaonline.com.br\/site\/wp-content\/uploads\/2018\/11\/DSC_0075.jpg\" alt=\"\" width=\"1000\" height=\"668\" srcset=\"https:\/\/anoticiaonline.com.br\/site\/wp-content\/uploads\/2018\/11\/DSC_0075.jpg 1000w, https:\/\/anoticiaonline.com.br\/site\/wp-content\/uploads\/2018\/11\/DSC_0075-300x200.jpg 300w, https:\/\/anoticiaonline.com.br\/site\/wp-content\/uploads\/2018\/11\/DSC_0075-768x513.jpg 768w\" sizes=\"(max-width: 1000px) 100vw, 1000px\" \/><\/a> <a href=\"https:\/\/anoticiaonline.com.br\/site\/wp-content\/uploads\/2018\/11\/Evandro-Vasques.jpg\"><img loading=\"lazy\" decoding=\"async\" class=\"alignnone size-full wp-image-64594\" src=\"https:\/\/anoticiaonline.com.br\/site\/wp-content\/uploads\/2018\/11\/Evandro-Vasques.jpg\" alt=\"\" width=\"1000\" height=\"668\" srcset=\"https:\/\/anoticiaonline.com.br\/site\/wp-content\/uploads\/2018\/11\/Evandro-Vasques.jpg 1000w, https:\/\/anoticiaonline.com.br\/site\/wp-content\/uploads\/2018\/11\/Evandro-Vasques-300x200.jpg 300w, https:\/\/anoticiaonline.com.br\/site\/wp-content\/uploads\/2018\/11\/Evandro-Vasques-768x513.jpg 768w\" sizes=\"(max-width: 1000px) 100vw, 1000px\" \/><\/a> <a href=\"https:\/\/anoticiaonline.com.br\/site\/wp-content\/uploads\/2018\/11\/Gilberto-Sandrinha-Isabela-Patricia-Luiz-Lina-Porcaro-e-Alessandro.jpg\"><img loading=\"lazy\" decoding=\"async\" class=\"alignnone size-full wp-image-64595\" src=\"https:\/\/anoticiaonline.com.br\/site\/wp-content\/uploads\/2018\/11\/Gilberto-Sandrinha-Isabela-Patricia-Luiz-Lina-Porcaro-e-Alessandro.jpg\" alt=\"\" width=\"1000\" height=\"668\" srcset=\"https:\/\/anoticiaonline.com.br\/site\/wp-content\/uploads\/2018\/11\/Gilberto-Sandrinha-Isabela-Patricia-Luiz-Lina-Porcaro-e-Alessandro.jpg 1000w, https:\/\/anoticiaonline.com.br\/site\/wp-content\/uploads\/2018\/11\/Gilberto-Sandrinha-Isabela-Patricia-Luiz-Lina-Porcaro-e-Alessandro-300x200.jpg 300w, https:\/\/anoticiaonline.com.br\/site\/wp-content\/uploads\/2018\/11\/Gilberto-Sandrinha-Isabela-Patricia-Luiz-Lina-Porcaro-e-Alessandro-768x513.jpg 768w\" sizes=\"(max-width: 1000px) 100vw, 1000px\" \/><\/a> <a href=\"https:\/\/anoticiaonline.com.br\/site\/wp-content\/uploads\/2018\/11\/J\u00fanior-Botelho-e-Andrey.jpg\"><img loading=\"lazy\" decoding=\"async\" class=\"alignnone size-full wp-image-64596\" src=\"https:\/\/anoticiaonline.com.br\/site\/wp-content\/uploads\/2018\/11\/J\u00fanior-Botelho-e-Andrey.jpg\" alt=\"\" width=\"1000\" height=\"668\" srcset=\"https:\/\/anoticiaonline.com.br\/site\/wp-content\/uploads\/2018\/11\/J\u00fanior-Botelho-e-Andrey.jpg 1000w, https:\/\/anoticiaonline.com.br\/site\/wp-content\/uploads\/2018\/11\/J\u00fanior-Botelho-e-Andrey-300x200.jpg 300w, https:\/\/anoticiaonline.com.br\/site\/wp-content\/uploads\/2018\/11\/J\u00fanior-Botelho-e-Andrey-768x513.jpg 768w\" sizes=\"(max-width: 1000px) 100vw, 1000px\" \/><\/a> <a href=\"https:\/\/anoticiaonline.com.br\/site\/wp-content\/uploads\/2018\/11\/Rodrigo-Andrey-Adriano-Rose-Feliciana-e-Roberto.jpg\"><img loading=\"lazy\" decoding=\"async\" class=\"alignnone size-full wp-image-64597\" src=\"https:\/\/anoticiaonline.com.br\/site\/wp-content\/uploads\/2018\/11\/Rodrigo-Andrey-Adriano-Rose-Feliciana-e-Roberto.jpg\" alt=\"\" width=\"1000\" height=\"668\" srcset=\"https:\/\/anoticiaonline.com.br\/site\/wp-content\/uploads\/2018\/11\/Rodrigo-Andrey-Adriano-Rose-Feliciana-e-Roberto.jpg 1000w, https:\/\/anoticiaonline.com.br\/site\/wp-content\/uploads\/2018\/11\/Rodrigo-Andrey-Adriano-Rose-Feliciana-e-Roberto-300x200.jpg 300w, https:\/\/anoticiaonline.com.br\/site\/wp-content\/uploads\/2018\/11\/Rodrigo-Andrey-Adriano-Rose-Feliciana-e-Roberto-768x513.jpg 768w\" sizes=\"(max-width: 1000px) 100vw, 1000px\" \/><\/a> <a href=\"https:\/\/anoticiaonline.com.br\/site\/wp-content\/uploads\/2018\/11\/Soraya-Marinez-Jamile-Geovani-Francisco-e-Almiro.jpg\"><img loading=\"lazy\" decoding=\"async\" class=\"alignnone size-full wp-image-64598\" src=\"https:\/\/anoticiaonline.com.br\/site\/wp-content\/uploads\/2018\/11\/Soraya-Marinez-Jamile-Geovani-Francisco-e-Almiro.jpg\" alt=\"\" width=\"1000\" height=\"668\" srcset=\"https:\/\/anoticiaonline.com.br\/site\/wp-content\/uploads\/2018\/11\/Soraya-Marinez-Jamile-Geovani-Francisco-e-Almiro.jpg 1000w, https:\/\/anoticiaonline.com.br\/site\/wp-content\/uploads\/2018\/11\/Soraya-Marinez-Jamile-Geovani-Francisco-e-Almiro-300x200.jpg 300w, https:\/\/anoticiaonline.com.br\/site\/wp-content\/uploads\/2018\/11\/Soraya-Marinez-Jamile-Geovani-Francisco-e-Almiro-768x513.jpg 768w\" sizes=\"(max-width: 1000px) 100vw, 1000px\" \/><\/a> <a href=\"https:\/\/anoticiaonline.com.br\/site\/wp-content\/uploads\/2018\/11\/Tiago-Ronan-Theo-Giseli-Livia-Eliane-Thalyta-e-Wander.jpg\"><img loading=\"lazy\" decoding=\"async\" class=\"alignnone size-full wp-image-64599\" src=\"https:\/\/anoticiaonline.com.br\/site\/wp-content\/uploads\/2018\/11\/Tiago-Ronan-Theo-Giseli-Livia-Eliane-Thalyta-e-Wander.jpg\" alt=\"\" width=\"1000\" height=\"668\" srcset=\"https:\/\/anoticiaonline.com.br\/site\/wp-content\/uploads\/2018\/11\/Tiago-Ronan-Theo-Giseli-Livia-Eliane-Thalyta-e-Wander.jpg 1000w, https:\/\/anoticiaonline.com.br\/site\/wp-content\/uploads\/2018\/11\/Tiago-Ronan-Theo-Giseli-Livia-Eliane-Thalyta-e-Wander-300x200.jpg 300w, https:\/\/anoticiaonline.com.br\/site\/wp-content\/uploads\/2018\/11\/Tiago-Ronan-Theo-Giseli-Livia-Eliane-Thalyta-e-Wander-768x513.jpg 768w\" sizes=\"(max-width: 1000px) 100vw, 1000px\" \/><\/a><\/p>\n<p>&nbsp;<\/p>\n","protected":false},"excerpt":{"rendered":"<p>A 1\u00aa edi\u00e7\u00e3o da \u201cNoite dos Amigos\u201d foi um verdadeiro sucesso. Realizada no Garden Green \u2013 Buffet e Decora\u00e7\u00f5es, no s\u00e1bado (10), a festa contou com o rock de Evandro Vasques, bebida liberada, DJ e comida de boteco. A ideia de criar o evento surgiu quando J\u00fanior Botelho e Andrey Vieira de Freitas decidiram promover &#8230; <a title=\"\u201cNoite dos Amigos\u201d \u00e9 sucesso em sua 1\u00aa edi\u00e7\u00e3o\" class=\"read-more\" href=\"https:\/\/anoticiaonline.com.br\/site\/noite-dos-amigos-e-sucesso-em-sua-1a-edicao\/\" aria-label=\"Read more about \u201cNoite dos Amigos\u201d \u00e9 sucesso em sua 1\u00aa edi\u00e7\u00e3o\">Ler mais<\/a><\/p>\n","protected":false},"author":2,"featured_media":64601,"comment_status":"open","ping_status":"open","sticky":false,"template":"","format":"standard","meta":{"_acf_changed":false,"_monsterinsights_skip_tracking":false,"footnotes":""},"categories":[30],"tags":[3412,3413,74,631],"class_list":["post-64570","post","type-post","status-publish","format-standard","has-post-thumbnail","hentry","category-muriae","tag-amigos","tag-garden","tag-muriae","tag-rock"],"acf":[],"aioseo_notices":[],"aioseo_head":"\n\t\t<!-- All in One SEO 5.0.0.1 - aioseo.com -->\n\t<meta name=\"description\" content=\"A 1\u00aa edi\u00e7\u00e3o da \u201cNoite dos Amigos\u201d foi um verdadeiro sucesso. Realizada no Garden Green \u2013 Buffet e Decora\u00e7\u00f5es, no s\u00e1bado (10), a festa contou com o rock de Evandro Vasques, bebida liberada, DJ e comida de boteco. A ideia de criar o evento surgiu quando J\u00fanior Botelho e Andrey Vieira de Freitas decidiram promover\" \/>\n\t<meta name=\"robots\" content=\"max-image-preview:large\" \/>\n\t<meta name=\"author\" content=\"Juliana Laviola\"\/>\n\t<link rel=\"canonical\" href=\"https:\/\/anoticiaonline.com.br\/site\/noite-dos-amigos-e-sucesso-em-sua-1a-edicao\/\" \/>\n\t<meta name=\"generator\" content=\"All in One SEO (AIOSEO) 5.0.0.1\" \/>\n\t\t<meta property=\"og:locale\" content=\"pt_BR\" \/>\n\t\t<meta property=\"og:site_name\" content=\"A Not\u00edcia Online - Noticias de Muria\u00e9 e regi\u00e3o\" \/>\n\t\t<meta property=\"og:type\" content=\"article\" \/>\n\t\t<meta property=\"og:title\" content=\"\u201cNoite dos Amigos\u201d \u00e9 sucesso em sua 1\u00aa edi\u00e7\u00e3o - A Not\u00edcia Online\" \/>\n\t\t<meta property=\"og:description\" content=\"A 1\u00aa edi\u00e7\u00e3o da \u201cNoite dos Amigos\u201d foi um verdadeiro sucesso. Realizada no Garden Green \u2013 Buffet e Decora\u00e7\u00f5es, no s\u00e1bado (10), a festa contou com o rock de Evandro Vasques, bebida liberada, DJ e comida de boteco. A ideia de criar o evento surgiu quando J\u00fanior Botelho e Andrey Vieira de Freitas decidiram promover\" \/>\n\t\t<meta property=\"og:url\" content=\"https:\/\/anoticiaonline.com.br\/site\/noite-dos-amigos-e-sucesso-em-sua-1a-edicao\/\" \/>\n\t\t<meta property=\"og:image\" content=\"https:\/\/scontent-gig4-1.xx.fbcdn.net\/v\/t39.30808-1\/270437624_4564083193639691_6907940295614233970_n.jpg?stp=dst-jpg_s200x200_tt6&#038;_nc_cat=111&#038;ccb=1-7&#038;_nc_sid=f907e8&#038;_nc_ohc=SM1wRlP3lJwQ7kNvwEPuBYA&#038;_nc_oc=AdnqrjDN_BNjSSHWO-GbkIWH6fkGMLw4bqvL_NH6e2wMveX7G-rP2dAqsDSq1mJMOaY&#038;_nc_zt=24&#038;_nc_ht=scontent-gig4-1.xx&#038;_nc_gid=AoBFJeGrT1hVaew_6rchkQ&#038;oh=00_AfX7QmFGhQhG2jAllVgXCiM1ZrWgvtp80-Bfppyexh1QEg&#038;oe=689E923C\" \/>\n\t\t<meta property=\"og:image:secure_url\" content=\"https:\/\/scontent-gig4-1.xx.fbcdn.net\/v\/t39.30808-1\/270437624_4564083193639691_6907940295614233970_n.jpg?stp=dst-jpg_s200x200_tt6&#038;_nc_cat=111&#038;ccb=1-7&#038;_nc_sid=f907e8&#038;_nc_ohc=SM1wRlP3lJwQ7kNvwEPuBYA&#038;_nc_oc=AdnqrjDN_BNjSSHWO-GbkIWH6fkGMLw4bqvL_NH6e2wMveX7G-rP2dAqsDSq1mJMOaY&#038;_nc_zt=24&#038;_nc_ht=scontent-gig4-1.xx&#038;_nc_gid=AoBFJeGrT1hVaew_6rchkQ&#038;oh=00_AfX7QmFGhQhG2jAllVgXCiM1ZrWgvtp80-Bfppyexh1QEg&#038;oe=689E923C\" \/>\n\t\t<meta property=\"article:published_time\" content=\"2018-11-14T22:18:12+00:00\" \/>\n\t\t<meta property=\"article:modified_time\" content=\"2018-11-14T22:18:12+00:00\" \/>\n\t\t<meta name=\"twitter:card\" content=\"summary_large_image\" \/>\n\t\t<meta name=\"twitter:title\" content=\"\u201cNoite dos Amigos\u201d \u00e9 sucesso em sua 1\u00aa edi\u00e7\u00e3o - A Not\u00edcia Online\" \/>\n\t\t<meta name=\"twitter:description\" content=\"A 1\u00aa edi\u00e7\u00e3o da \u201cNoite dos Amigos\u201d foi um verdadeiro sucesso. Realizada no Garden Green \u2013 Buffet e Decora\u00e7\u00f5es, no s\u00e1bado (10), a festa contou com o rock de Evandro Vasques, bebida liberada, DJ e comida de boteco. A ideia de criar o evento surgiu quando J\u00fanior Botelho e Andrey Vieira de Freitas decidiram promover\" \/>\n\t\t<meta name=\"twitter:image\" content=\"https:\/\/scontent-gig4-1.xx.fbcdn.net\/v\/t39.30808-1\/270437624_4564083193639691_6907940295614233970_n.jpg?stp=dst-jpg_s200x200_tt6&amp;_nc_cat=111&amp;ccb=1-7&amp;_nc_sid=f907e8&amp;_nc_ohc=SM1wRlP3lJwQ7kNvwEPuBYA&amp;_nc_oc=AdnqrjDN_BNjSSHWO-GbkIWH6fkGMLw4bqvL_NH6e2wMveX7G-rP2dAqsDSq1mJMOaY&amp;_nc_zt=24&amp;_nc_ht=scontent-gig4-1.xx&amp;_nc_gid=AoBFJeGrT1hVaew_6rchkQ&amp;oh=00_AfX7QmFGhQhG2jAllVgXCiM1ZrWgvtp80-Bfppyexh1QEg&amp;oe=689E923C\" \/>\n\t\t<script type=\"application\/ld+json\" class=\"aioseo-schema\">\n\t\t\t{\"@context\":\"https:\\\/\\\/schema.org\",\"@graph\":[{\"@type\":\"BlogPosting\",\"@id\":\"https:\\\/\\\/anoticiaonline.com.br\\\/site\\\/noite-dos-amigos-e-sucesso-em-sua-1a-edicao\\\/#blogposting\",\"name\":\"\\u201cNoite dos Amigos\\u201d \\u00e9 sucesso em sua 1\\u00aa edi\\u00e7\\u00e3o - A Not\\u00edcia Online\",\"headline\":\"\\u201cNoite dos Amigos\\u201d \\u00e9 sucesso em sua 1\\u00aa edi\\u00e7\\u00e3o\",\"author\":{\"@id\":\"https:\\\/\\\/anoticiaonline.com.br\\\/site\\\/author\\\/juliana\\\/#author\"},\"publisher\":{\"@id\":\"https:\\\/\\\/anoticiaonline.com.br\\\/site\\\/#organization\"},\"image\":{\"@type\":\"ImageObject\",\"url\":\"https:\\\/\\\/anoticiaonline.com.br\\\/site\\\/wp-content\\\/uploads\\\/2018\\\/11\\\/capa-amigos.jpg\",\"width\":1000,\"height\":350},\"datePublished\":\"2018-11-14T19:18:12-03:00\",\"dateModified\":\"2018-11-14T19:18:12-03:00\",\"inLanguage\":\"pt-BR\",\"mainEntityOfPage\":{\"@id\":\"https:\\\/\\\/anoticiaonline.com.br\\\/site\\\/noite-dos-amigos-e-sucesso-em-sua-1a-edicao\\\/#webpage\"},\"isPartOf\":{\"@id\":\"https:\\\/\\\/anoticiaonline.com.br\\\/site\\\/noite-dos-amigos-e-sucesso-em-sua-1a-edicao\\\/#webpage\"},\"articleSection\":\"Blog, amigos, garden, Muria\\u00e9, rock\"},{\"@type\":\"BreadcrumbList\",\"@id\":\"https:\\\/\\\/anoticiaonline.com.br\\\/site\\\/noite-dos-amigos-e-sucesso-em-sua-1a-edicao\\\/#breadcrumblist\",\"itemListElement\":[{\"@type\":\"ListItem\",\"@id\":\"https:\\\/\\\/anoticiaonline.com.br\\\/site#listItem\",\"position\":1,\"name\":\"Home\",\"item\":\"https:\\\/\\\/anoticiaonline.com.br\\\/site\",\"nextItem\":{\"@type\":\"ListItem\",\"@id\":\"https:\\\/\\\/anoticiaonline.com.br\\\/site\\\/categoria\\\/muriae\\\/#listItem\",\"name\":\"Blog\"}},{\"@type\":\"ListItem\",\"@id\":\"https:\\\/\\\/anoticiaonline.com.br\\\/site\\\/categoria\\\/muriae\\\/#listItem\",\"position\":2,\"name\":\"Blog\",\"item\":\"https:\\\/\\\/anoticiaonline.com.br\\\/site\\\/categoria\\\/muriae\\\/\",\"nextItem\":{\"@type\":\"ListItem\",\"@id\":\"https:\\\/\\\/anoticiaonline.com.br\\\/site\\\/noite-dos-amigos-e-sucesso-em-sua-1a-edicao\\\/#listItem\",\"name\":\"\\u201cNoite dos Amigos\\u201d \\u00e9 sucesso em sua 1\\u00aa edi\\u00e7\\u00e3o\"},\"previousItem\":{\"@type\":\"ListItem\",\"@id\":\"https:\\\/\\\/anoticiaonline.com.br\\\/site#listItem\",\"name\":\"Home\"}},{\"@type\":\"ListItem\",\"@id\":\"https:\\\/\\\/anoticiaonline.com.br\\\/site\\\/noite-dos-amigos-e-sucesso-em-sua-1a-edicao\\\/#listItem\",\"position\":3,\"name\":\"\\u201cNoite dos Amigos\\u201d \\u00e9 sucesso em sua 1\\u00aa edi\\u00e7\\u00e3o\",\"previousItem\":{\"@type\":\"ListItem\",\"@id\":\"https:\\\/\\\/anoticiaonline.com.br\\\/site\\\/categoria\\\/muriae\\\/#listItem\",\"name\":\"Blog\"}}]},{\"@type\":\"Organization\",\"@id\":\"https:\\\/\\\/anoticiaonline.com.br\\\/site\\\/#organization\",\"name\":\"A Not\\u00edcia Online\",\"description\":\"Noticias de Muria\\u00e9 e regi\\u00e3o\",\"url\":\"https:\\\/\\\/anoticiaonline.com.br\\\/site\\\/\",\"logo\":{\"@type\":\"ImageObject\",\"url\":\"https:\\\/\\\/scontent-gig4-1.xx.fbcdn.net\\\/v\\\/t39.30808-1\\\/270437624_4564083193639691_6907940295614233970_n.jpg?stp=dst-jpg_s200x200_tt6&_nc_cat=111&ccb=1-7&_nc_sid=f907e8&_nc_ohc=SM1wRlP3lJwQ7kNvwEPuBYA&_nc_oc=AdnqrjDN_BNjSSHWO-GbkIWH6fkGMLw4bqvL_NH6e2wMveX7G-rP2dAqsDSq1mJMOaY&_nc_zt=24&_nc_ht=scontent-gig4-1.xx&_nc_gid=AoBFJeGrT1hVaew_6rchkQ&oh=00_AfX7QmFGhQhG2jAllVgXCiM1ZrWgvtp80-Bfppyexh1QEg&oe=689E923C\",\"@id\":\"https:\\\/\\\/anoticiaonline.com.br\\\/site\\\/noite-dos-amigos-e-sucesso-em-sua-1a-edicao\\\/#organizationLogo\"},\"image\":{\"@id\":\"https:\\\/\\\/anoticiaonline.com.br\\\/site\\\/noite-dos-amigos-e-sucesso-em-sua-1a-edicao\\\/#organizationLogo\"}},{\"@type\":\"Person\",\"@id\":\"https:\\\/\\\/anoticiaonline.com.br\\\/site\\\/author\\\/juliana\\\/#author\",\"url\":\"https:\\\/\\\/anoticiaonline.com.br\\\/site\\\/author\\\/juliana\\\/\",\"name\":\"Juliana Laviola\",\"image\":{\"@type\":\"ImageObject\",\"@id\":\"https:\\\/\\\/anoticiaonline.com.br\\\/site\\\/noite-dos-amigos-e-sucesso-em-sua-1a-edicao\\\/#authorImage\",\"url\":\"https:\\\/\\\/secure.gravatar.com\\\/avatar\\\/b8d45f5c699b100dfaf0e543582f38f38bf94cb7ae3a5e9abf8d891a34773335?s=96&d=mm&r=g\",\"width\":96,\"height\":96,\"caption\":\"Juliana Laviola\"}},{\"@type\":\"WebPage\",\"@id\":\"https:\\\/\\\/anoticiaonline.com.br\\\/site\\\/noite-dos-amigos-e-sucesso-em-sua-1a-edicao\\\/#webpage\",\"url\":\"https:\\\/\\\/anoticiaonline.com.br\\\/site\\\/noite-dos-amigos-e-sucesso-em-sua-1a-edicao\\\/\",\"name\":\"\\u201cNoite dos Amigos\\u201d \\u00e9 sucesso em sua 1\\u00aa edi\\u00e7\\u00e3o - A Not\\u00edcia Online\",\"description\":\"A 1\\u00aa edi\\u00e7\\u00e3o da \\u201cNoite dos Amigos\\u201d foi um verdadeiro sucesso. Realizada no Garden Green \\u2013 Buffet e Decora\\u00e7\\u00f5es, no s\\u00e1bado (10), a festa contou com o rock de Evandro Vasques, bebida liberada, DJ e comida de boteco. A ideia de criar o evento surgiu quando J\\u00fanior Botelho e Andrey Vieira de Freitas decidiram promover\",\"inLanguage\":\"pt-BR\",\"isPartOf\":{\"@id\":\"https:\\\/\\\/anoticiaonline.com.br\\\/site\\\/#website\"},\"breadcrumb\":{\"@id\":\"https:\\\/\\\/anoticiaonline.com.br\\\/site\\\/noite-dos-amigos-e-sucesso-em-sua-1a-edicao\\\/#breadcrumblist\"},\"author\":{\"@id\":\"https:\\\/\\\/anoticiaonline.com.br\\\/site\\\/author\\\/juliana\\\/#author\"},\"creator\":{\"@id\":\"https:\\\/\\\/anoticiaonline.com.br\\\/site\\\/author\\\/juliana\\\/#author\"},\"image\":{\"@type\":\"ImageObject\",\"url\":\"https:\\\/\\\/anoticiaonline.com.br\\\/site\\\/wp-content\\\/uploads\\\/2018\\\/11\\\/capa-amigos.jpg\",\"@id\":\"https:\\\/\\\/anoticiaonline.com.br\\\/site\\\/noite-dos-amigos-e-sucesso-em-sua-1a-edicao\\\/#mainImage\",\"width\":1000,\"height\":350},\"primaryImageOfPage\":{\"@id\":\"https:\\\/\\\/anoticiaonline.com.br\\\/site\\\/noite-dos-amigos-e-sucesso-em-sua-1a-edicao\\\/#mainImage\"},\"datePublished\":\"2018-11-14T19:18:12-03:00\",\"dateModified\":\"2018-11-14T19:18:12-03:00\"},{\"@type\":\"WebSite\",\"@id\":\"https:\\\/\\\/anoticiaonline.com.br\\\/site\\\/#website\",\"url\":\"https:\\\/\\\/anoticiaonline.com.br\\\/site\\\/\",\"name\":\"A Not\\u00edcia Online\",\"description\":\"Noticias de Muria\\u00e9 e regi\\u00e3o\",\"inLanguage\":\"pt-BR\",\"publisher\":{\"@id\":\"https:\\\/\\\/anoticiaonline.com.br\\\/site\\\/#organization\"}}]}\n\t\t<\/script>\n\t\t<!-- All in One SEO -->\n\n","aioseo_head_json":{"title":"\u201cNoite dos Amigos\u201d \u00e9 sucesso em sua 1\u00aa edi\u00e7\u00e3o - A Not\u00edcia Online","description":"A 1\u00aa edi\u00e7\u00e3o da \u201cNoite dos Amigos\u201d foi um verdadeiro sucesso. Realizada no Garden Green \u2013 Buffet e Decora\u00e7\u00f5es, no s\u00e1bado (10), a festa contou com o rock de Evandro Vasques, bebida liberada, DJ e comida de boteco. A ideia de criar o evento surgiu quando J\u00fanior Botelho e Andrey Vieira de Freitas decidiram promover","canonical_url":"https:\/\/anoticiaonline.com.br\/site\/noite-dos-amigos-e-sucesso-em-sua-1a-edicao\/","robots":"max-image-preview:large","keywords":"","webmasterTools":{"miscellaneous":""},"schema":{"@context":"https:\/\/schema.org","@graph":[{"@type":"BlogPosting","@id":"https:\/\/anoticiaonline.com.br\/site\/noite-dos-amigos-e-sucesso-em-sua-1a-edicao\/#blogposting","name":"\u201cNoite dos Amigos\u201d \u00e9 sucesso em sua 1\u00aa edi\u00e7\u00e3o - A Not\u00edcia Online","headline":"\u201cNoite dos Amigos\u201d \u00e9 sucesso em sua 1\u00aa edi\u00e7\u00e3o","author":{"@id":"https:\/\/anoticiaonline.com.br\/site\/author\/juliana\/#author"},"publisher":{"@id":"https:\/\/anoticiaonline.com.br\/site\/#organization"},"image":{"@type":"ImageObject","url":"https:\/\/anoticiaonline.com.br\/site\/wp-content\/uploads\/2018\/11\/capa-amigos.jpg","width":1000,"height":350},"datePublished":"2018-11-14T19:18:12-03:00","dateModified":"2018-11-14T19:18:12-03:00","inLanguage":"pt-BR","mainEntityOfPage":{"@id":"https:\/\/anoticiaonline.com.br\/site\/noite-dos-amigos-e-sucesso-em-sua-1a-edicao\/#webpage"},"isPartOf":{"@id":"https:\/\/anoticiaonline.com.br\/site\/noite-dos-amigos-e-sucesso-em-sua-1a-edicao\/#webpage"},"articleSection":"Blog, amigos, garden, Muria\u00e9, rock"},{"@type":"BreadcrumbList","@id":"https:\/\/anoticiaonline.com.br\/site\/noite-dos-amigos-e-sucesso-em-sua-1a-edicao\/#breadcrumblist","itemListElement":[{"@type":"ListItem","@id":"https:\/\/anoticiaonline.com.br\/site#listItem","position":1,"name":"Home","item":"https:\/\/anoticiaonline.com.br\/site","nextItem":{"@type":"ListItem","@id":"https:\/\/anoticiaonline.com.br\/site\/categoria\/muriae\/#listItem","name":"Blog"}},{"@type":"ListItem","@id":"https:\/\/anoticiaonline.com.br\/site\/categoria\/muriae\/#listItem","position":2,"name":"Blog","item":"https:\/\/anoticiaonline.com.br\/site\/categoria\/muriae\/","nextItem":{"@type":"ListItem","@id":"https:\/\/anoticiaonline.com.br\/site\/noite-dos-amigos-e-sucesso-em-sua-1a-edicao\/#listItem","name":"\u201cNoite dos Amigos\u201d \u00e9 sucesso em sua 1\u00aa edi\u00e7\u00e3o"},"previousItem":{"@type":"ListItem","@id":"https:\/\/anoticiaonline.com.br\/site#listItem","name":"Home"}},{"@type":"ListItem","@id":"https:\/\/anoticiaonline.com.br\/site\/noite-dos-amigos-e-sucesso-em-sua-1a-edicao\/#listItem","position":3,"name":"\u201cNoite dos Amigos\u201d \u00e9 sucesso em sua 1\u00aa edi\u00e7\u00e3o","previousItem":{"@type":"ListItem","@id":"https:\/\/anoticiaonline.com.br\/site\/categoria\/muriae\/#listItem","name":"Blog"}}]},{"@type":"Organization","@id":"https:\/\/anoticiaonline.com.br\/site\/#organization","name":"A Not\u00edcia Online","description":"Noticias de Muria\u00e9 e regi\u00e3o","url":"https:\/\/anoticiaonline.com.br\/site\/","logo":{"@type":"ImageObject","url":"https:\/\/scontent-gig4-1.xx.fbcdn.net\/v\/t39.30808-1\/270437624_4564083193639691_6907940295614233970_n.jpg?stp=dst-jpg_s200x200_tt6&_nc_cat=111&ccb=1-7&_nc_sid=f907e8&_nc_ohc=SM1wRlP3lJwQ7kNvwEPuBYA&_nc_oc=AdnqrjDN_BNjSSHWO-GbkIWH6fkGMLw4bqvL_NH6e2wMveX7G-rP2dAqsDSq1mJMOaY&_nc_zt=24&_nc_ht=scontent-gig4-1.xx&_nc_gid=AoBFJeGrT1hVaew_6rchkQ&oh=00_AfX7QmFGhQhG2jAllVgXCiM1ZrWgvtp80-Bfppyexh1QEg&oe=689E923C","@id":"https:\/\/anoticiaonline.com.br\/site\/noite-dos-amigos-e-sucesso-em-sua-1a-edicao\/#organizationLogo"},"image":{"@id":"https:\/\/anoticiaonline.com.br\/site\/noite-dos-amigos-e-sucesso-em-sua-1a-edicao\/#organizationLogo"}},{"@type":"Person","@id":"https:\/\/anoticiaonline.com.br\/site\/author\/juliana\/#author","url":"https:\/\/anoticiaonline.com.br\/site\/author\/juliana\/","name":"Juliana Laviola","image":{"@type":"ImageObject","@id":"https:\/\/anoticiaonline.com.br\/site\/noite-dos-amigos-e-sucesso-em-sua-1a-edicao\/#authorImage","url":"https:\/\/secure.gravatar.com\/avatar\/b8d45f5c699b100dfaf0e543582f38f38bf94cb7ae3a5e9abf8d891a34773335?s=96&d=mm&r=g","width":96,"height":96,"caption":"Juliana Laviola"}},{"@type":"WebPage","@id":"https:\/\/anoticiaonline.com.br\/site\/noite-dos-amigos-e-sucesso-em-sua-1a-edicao\/#webpage","url":"https:\/\/anoticiaonline.com.br\/site\/noite-dos-amigos-e-sucesso-em-sua-1a-edicao\/","name":"\u201cNoite dos Amigos\u201d \u00e9 sucesso em sua 1\u00aa edi\u00e7\u00e3o - A Not\u00edcia Online","description":"A 1\u00aa edi\u00e7\u00e3o da \u201cNoite dos Amigos\u201d foi um verdadeiro sucesso. Realizada no Garden Green \u2013 Buffet e Decora\u00e7\u00f5es, no s\u00e1bado (10), a festa contou com o rock de Evandro Vasques, bebida liberada, DJ e comida de boteco. A ideia de criar o evento surgiu quando J\u00fanior Botelho e Andrey Vieira de Freitas decidiram promover","inLanguage":"pt-BR","isPartOf":{"@id":"https:\/\/anoticiaonline.com.br\/site\/#website"},"breadcrumb":{"@id":"https:\/\/anoticiaonline.com.br\/site\/noite-dos-amigos-e-sucesso-em-sua-1a-edicao\/#breadcrumblist"},"author":{"@id":"https:\/\/anoticiaonline.com.br\/site\/author\/juliana\/#author"},"creator":{"@id":"https:\/\/anoticiaonline.com.br\/site\/author\/juliana\/#author"},"image":{"@type":"ImageObject","url":"https:\/\/anoticiaonline.com.br\/site\/wp-content\/uploads\/2018\/11\/capa-amigos.jpg","@id":"https:\/\/anoticiaonline.com.br\/site\/noite-dos-amigos-e-sucesso-em-sua-1a-edicao\/#mainImage","width":1000,"height":350},"primaryImageOfPage":{"@id":"https:\/\/anoticiaonline.com.br\/site\/noite-dos-amigos-e-sucesso-em-sua-1a-edicao\/#mainImage"},"datePublished":"2018-11-14T19:18:12-03:00","dateModified":"2018-11-14T19:18:12-03:00"},{"@type":"WebSite","@id":"https:\/\/anoticiaonline.com.br\/site\/#website","url":"https:\/\/anoticiaonline.com.br\/site\/","name":"A Not\u00edcia Online","description":"Noticias de Muria\u00e9 e regi\u00e3o","inLanguage":"pt-BR","publisher":{"@id":"https:\/\/anoticiaonline.com.br\/site\/#organization"}}]},"og:locale":"pt_BR","og:site_name":"A Not\u00edcia Online - Noticias de Muria\u00e9 e regi\u00e3o","og:type":"article","og:title":"\u201cNoite dos Amigos\u201d \u00e9 sucesso em sua 1\u00aa edi\u00e7\u00e3o - A Not\u00edcia Online","og:description":"A 1\u00aa edi\u00e7\u00e3o da \u201cNoite dos Amigos\u201d foi um verdadeiro sucesso. Realizada no Garden Green \u2013 Buffet e Decora\u00e7\u00f5es, no s\u00e1bado (10), a festa contou com o rock de Evandro Vasques, bebida liberada, DJ e comida de boteco. A ideia de criar o evento surgiu quando J\u00fanior Botelho e Andrey Vieira de Freitas decidiram promover","og:url":"https:\/\/anoticiaonline.com.br\/site\/noite-dos-amigos-e-sucesso-em-sua-1a-edicao\/","og:image":"https:\/\/scontent-gig4-1.xx.fbcdn.net\/v\/t39.30808-1\/270437624_4564083193639691_6907940295614233970_n.jpg?stp=dst-jpg_s200x200_tt6&#038;_nc_cat=111&#038;ccb=1-7&#038;_nc_sid=f907e8&#038;_nc_ohc=SM1wRlP3lJwQ7kNvwEPuBYA&#038;_nc_oc=AdnqrjDN_BNjSSHWO-GbkIWH6fkGMLw4bqvL_NH6e2wMveX7G-rP2dAqsDSq1mJMOaY&#038;_nc_zt=24&#038;_nc_ht=scontent-gig4-1.xx&#038;_nc_gid=AoBFJeGrT1hVaew_6rchkQ&#038;oh=00_AfX7QmFGhQhG2jAllVgXCiM1ZrWgvtp80-Bfppyexh1QEg&#038;oe=689E923C","og:image:secure_url":"https:\/\/scontent-gig4-1.xx.fbcdn.net\/v\/t39.30808-1\/270437624_4564083193639691_6907940295614233970_n.jpg?stp=dst-jpg_s200x200_tt6&#038;_nc_cat=111&#038;ccb=1-7&#038;_nc_sid=f907e8&#038;_nc_ohc=SM1wRlP3lJwQ7kNvwEPuBYA&#038;_nc_oc=AdnqrjDN_BNjSSHWO-GbkIWH6fkGMLw4bqvL_NH6e2wMveX7G-rP2dAqsDSq1mJMOaY&#038;_nc_zt=24&#038;_nc_ht=scontent-gig4-1.xx&#038;_nc_gid=AoBFJeGrT1hVaew_6rchkQ&#038;oh=00_AfX7QmFGhQhG2jAllVgXCiM1ZrWgvtp80-Bfppyexh1QEg&#038;oe=689E923C","article:published_time":"2018-11-14T22:18:12+00:00","article:modified_time":"2018-11-14T22:18:12+00:00","twitter:card":"summary_large_image","twitter:title":"\u201cNoite dos Amigos\u201d \u00e9 sucesso em sua 1\u00aa edi\u00e7\u00e3o - A Not\u00edcia Online","twitter:description":"A 1\u00aa edi\u00e7\u00e3o da \u201cNoite dos Amigos\u201d foi um verdadeiro sucesso. Realizada no Garden Green \u2013 Buffet e Decora\u00e7\u00f5es, no s\u00e1bado (10), a festa contou com o rock de Evandro Vasques, bebida liberada, DJ e comida de boteco. A ideia de criar o evento surgiu quando J\u00fanior Botelho e Andrey Vieira de Freitas decidiram promover","twitter:image":"https:\/\/scontent-gig4-1.xx.fbcdn.net\/v\/t39.30808-1\/270437624_4564083193639691_6907940295614233970_n.jpg?stp=dst-jpg_s200x200_tt6&_nc_cat=111&ccb=1-7&_nc_sid=f907e8&_nc_ohc=SM1wRlP3lJwQ7kNvwEPuBYA&_nc_oc=AdnqrjDN_BNjSSHWO-GbkIWH6fkGMLw4bqvL_NH6e2wMveX7G-rP2dAqsDSq1mJMOaY&_nc_zt=24&_nc_ht=scontent-gig4-1.xx&_nc_gid=AoBFJeGrT1hVaew_6rchkQ&oh=00_AfX7QmFGhQhG2jAllVgXCiM1ZrWgvtp80-Bfppyexh1QEg&oe=689E923C"},"aioseo_meta_data":{"post_id":"64570","title":null,"description":null,"keywords":null,"keyphrases":null,"primary_term":null,"canonical_url":null,"og_title":null,"og_description":null,"og_object_type":"default","og_image_type":"default","og_image_url":null,"og_image_width":null,"og_image_height":null,"og_image_custom_url":null,"og_image_custom_fields":null,"og_video":null,"og_custom_url":null,"og_article_section":null,"og_article_tags":null,"twitter_use_og":false,"twitter_card":"default","twitter_image_type":"default","twitter_image_url":null,"twitter_image_custom_url":null,"twitter_image_custom_fields":null,"twitter_title":null,"twitter_description":null,"schema":{"blockGraphs":[],"customGraphs":[],"default":{"data":{"Article":[],"Course":[],"Dataset":[],"FAQPage":[],"Movie":[],"Person":[],"Product":[],"ProductReview":[],"Car":[],"Recipe":[],"Service":[],"SoftwareApplication":[],"WebPage":[]},"graphName":"","isEnabled":true},"graphs":[]},"schema_type":"default","schema_type_options":null,"pillar_content":false,"robots_default":true,"robots_noindex":false,"robots_noarchive":false,"robots_nosnippet":false,"robots_nofollow":false,"robots_noimageindex":false,"robots_noodp":false,"robots_notranslate":false,"robots_max_snippet":null,"robots_max_videopreview":null,"robots_max_imagepreview":"large","priority":null,"frequency":null,"local_seo":null,"breadcrumb_settings":null,"limit_modified_date":false,"ai":null,"created":"2025-08-16 22:06:47","updated":"2025-08-16 22:06:47","focus_keyword":null,"additional_keywords":null,"truseo_locale":null,"seo_analyzer_scan_date":null},"aioseo_breadcrumb":"<div class=\"aioseo-breadcrumbs\"><span class=\"aioseo-breadcrumb\">\n\t\t\t<a href=\"https:\/\/anoticiaonline.com.br\/site\" title=\"Home\">Home<\/a>\n\t\t<\/span><span class=\"aioseo-breadcrumb-separator\">&raquo;<\/span><span class=\"aioseo-breadcrumb\">\n\t\t\t<a href=\"https:\/\/anoticiaonline.com.br\/site\/categoria\/muriae\/\" title=\"Blog\">Blog<\/a>\n\t\t<\/span><span class=\"aioseo-breadcrumb-separator\">&raquo;<\/span><span class=\"aioseo-breadcrumb\">\n\t\t\t\u201cNoite dos Amigos\u201d \u00e9 sucesso em sua 1\u00aa edi\u00e7\u00e3o\n\t\t<\/span><\/div>","aioseo_breadcrumb_json":[{"label":"Home","link":"https:\/\/anoticiaonline.com.br\/site"},{"label":"Blog","link":"https:\/\/anoticiaonline.com.br\/site\/categoria\/muriae\/"},{"label":"\u201cNoite dos Amigos\u201d \u00e9 sucesso em sua 1\u00aa edi\u00e7\u00e3o","link":"https:\/\/anoticiaonline.com.br\/site\/noite-dos-amigos-e-sucesso-em-sua-1a-edicao\/"}],"views":171,"_links":{"self":[{"href":"https:\/\/anoticiaonline.com.br\/site\/wp-json\/wp\/v2\/posts\/64570","targetHints":{"allow":["GET"]}}],"collection":[{"href":"https:\/\/anoticiaonline.com.br\/site\/wp-json\/wp\/v2\/posts"}],"about":[{"href":"https:\/\/anoticiaonline.com.br\/site\/wp-json\/wp\/v2\/types\/post"}],"author":[{"embeddable":true,"href":"https:\/\/anoticiaonline.com.br\/site\/wp-json\/wp\/v2\/users\/2"}],"replies":[{"embeddable":true,"href":"https:\/\/anoticiaonline.com.br\/site\/wp-json\/wp\/v2\/comments?post=64570"}],"version-history":[{"count":0,"href":"https:\/\/anoticiaonline.com.br\/site\/wp-json\/wp\/v2\/posts\/64570\/revisions"}],"wp:featuredmedia":[{"embeddable":true,"href":"https:\/\/anoticiaonline.com.br\/site\/wp-json\/wp\/v2\/media\/64601"}],"wp:attachment":[{"href":"https:\/\/anoticiaonline.com.br\/site\/wp-json\/wp\/v2\/media?parent=64570"}],"wp:term":[{"taxonomy":"category","embeddable":true,"href":"https:\/\/anoticiaonline.com.br\/site\/wp-json\/wp\/v2\/categories?post=64570"},{"taxonomy":"post_tag","embeddable":true,"href":"https:\/\/anoticiaonline.com.br\/site\/wp-json\/wp\/v2\/tags?post=64570"}],"curies":[{"name":"wp","href":"https:\/\/api.w.org\/{rel}","templated":true}]}}