{"id":64449,"date":"2018-11-13T12:42:31","date_gmt":"2018-11-13T15:42:31","guid":{"rendered":"http:\/\/anoticiaonline.com.br\/site\/?p=64449"},"modified":"2018-11-13T12:47:01","modified_gmt":"2018-11-13T15:47:01","slug":"miradouro-em-acao-rapida-pm-prende-dupla-durante-roubo","status":"publish","type":"post","link":"https:\/\/anoticiaonline.com.br\/site\/miradouro-em-acao-rapida-pm-prende-dupla-durante-roubo\/","title":{"rendered":"Miradouro: Em a\u00e7\u00e3o r\u00e1pida, PM prende dupla durante roubo"},"content":{"rendered":"<p><a href=\"https:\/\/anoticiaonline.com.br\/site\/wp-content\/uploads\/2018\/11\/MIRA11-780x405.jpg\"><img fetchpriority=\"high\" decoding=\"async\" class=\"aligncenter size-full wp-image-64452\" src=\"https:\/\/anoticiaonline.com.br\/site\/wp-content\/uploads\/2018\/11\/MIRA11-780x405.jpg\" alt=\"\" width=\"780\" height=\"405\" srcset=\"https:\/\/anoticiaonline.com.br\/site\/wp-content\/uploads\/2018\/11\/MIRA11-780x405.jpg 780w, https:\/\/anoticiaonline.com.br\/site\/wp-content\/uploads\/2018\/11\/MIRA11-780x405-300x156.jpg 300w, https:\/\/anoticiaonline.com.br\/site\/wp-content\/uploads\/2018\/11\/MIRA11-780x405-768x399.jpg 768w\" sizes=\"(max-width: 780px) 100vw, 780px\" \/><\/a><a href=\"https:\/\/anoticiaonline.com.br\/site\/wp-content\/uploads\/2018\/11\/46174511_1923106604652959_4587036397956759552_n.jpg\"><img decoding=\"async\" class=\"aligncenter size-full wp-image-64451\" src=\"https:\/\/anoticiaonline.com.br\/site\/wp-content\/uploads\/2018\/11\/46174511_1923106604652959_4587036397956759552_n.jpg\" alt=\"\" width=\"960\" height=\"540\" srcset=\"https:\/\/anoticiaonline.com.br\/site\/wp-content\/uploads\/2018\/11\/46174511_1923106604652959_4587036397956759552_n.jpg 960w, https:\/\/anoticiaonline.com.br\/site\/wp-content\/uploads\/2018\/11\/46174511_1923106604652959_4587036397956759552_n-300x169.jpg 300w, https:\/\/anoticiaonline.com.br\/site\/wp-content\/uploads\/2018\/11\/46174511_1923106604652959_4587036397956759552_n-768x432.jpg 768w\" sizes=\"(max-width: 960px) 100vw, 960px\" \/><\/a> <a href=\"https:\/\/anoticiaonline.com.br\/site\/wp-content\/uploads\/2018\/11\/WhatsApp-Image-2018-11-12-at-14.01.41_707x398.jpeg\"><img decoding=\"async\" class=\"aligncenter size-full wp-image-64453\" src=\"https:\/\/anoticiaonline.com.br\/site\/wp-content\/uploads\/2018\/11\/WhatsApp-Image-2018-11-12-at-14.01.41_707x398.jpeg\" alt=\"\" width=\"1000\" height=\"563\" srcset=\"https:\/\/anoticiaonline.com.br\/site\/wp-content\/uploads\/2018\/11\/WhatsApp-Image-2018-11-12-at-14.01.41_707x398.jpeg 1000w, https:\/\/anoticiaonline.com.br\/site\/wp-content\/uploads\/2018\/11\/WhatsApp-Image-2018-11-12-at-14.01.41_707x398-300x169.jpeg 300w, https:\/\/anoticiaonline.com.br\/site\/wp-content\/uploads\/2018\/11\/WhatsApp-Image-2018-11-12-at-14.01.41_707x398-768x432.jpeg 768w\" sizes=\"(max-width: 1000px) 100vw, 1000px\" \/><\/a><\/p>\n<p>Dois homens de 26 e 39 anos foram presos na manh\u00e3 de segunda (12), na cidade de Miradouro, ap\u00f3s a pr\u00e1tica de roubo na ag\u00eancia dos Correios.<\/p>\n<p>A dupla entrou na ag\u00eancia, situada na Pra\u00e7a Santa Rita, e anunciou o assalto aos clientes no interior do estabelecimento. Ap\u00f3s a informa\u00e7\u00e3o via 190 a Pol\u00edcia Militar deslocou-se rapidamente para o local, onde conseguiu efetuar a pris\u00e3o dos autores e a libera\u00e7\u00e3o dos ref\u00e9ns. Com os autores foram apreendidos um revolver calibre 32 com cinco cartuchos, cerca de sete mil reais em moeda corrente, al\u00e9m de um telefone celular.<\/p>\n<p>J\u00e1 em Muria\u00e9 a Pol\u00edcia Militar prendeu um homem de 29 anos que seria co-autor na a\u00e7\u00e3o, sendo o propriet\u00e1rio do ve\u00edculo utilizado pelos assaltantes, um Chevrolet Monza que tamb\u00e9m foi apreendido.<\/p>\n<p>Os autores foram conduzidos para a Delegacia na cidade de Muria\u00e9.<\/p>\n","protected":false},"excerpt":{"rendered":"<p>Dois homens de 26 e 39 anos foram presos na manh\u00e3 de segunda (12), na cidade de Miradouro, ap\u00f3s a pr\u00e1tica de roubo na ag\u00eancia dos Correios. A dupla entrou na ag\u00eancia, situada na Pra\u00e7a Santa Rita, e anunciou o assalto aos clientes no interior do estabelecimento. Ap\u00f3s a informa\u00e7\u00e3o via 190 a Pol\u00edcia Militar &#8230; <a title=\"Miradouro: Em a\u00e7\u00e3o r\u00e1pida, PM prende dupla durante roubo\" class=\"read-more\" href=\"https:\/\/anoticiaonline.com.br\/site\/miradouro-em-acao-rapida-pm-prende-dupla-durante-roubo\/\" aria-label=\"Read more about Miradouro: Em a\u00e7\u00e3o r\u00e1pida, PM prende dupla durante roubo\">Ler mais<\/a><\/p>\n","protected":false},"author":2,"featured_media":64454,"comment_status":"open","ping_status":"open","sticky":false,"template":"","format":"standard","meta":{"_acf_changed":false,"_monsterinsights_skip_tracking":false,"footnotes":""},"categories":[30],"tags":[233,39,230,3399,141],"class_list":["post-64449","post","type-post","status-publish","format-standard","has-post-thumbnail","hentry","category-muriae","tag-correios","tag-miradouro","tag-pm","tag-pm-mg","tag-roubo"],"acf":[],"aioseo_notices":[],"aioseo_head":"\n\t\t<!-- All in One SEO 5.0.0.1 - aioseo.com -->\n\t<meta name=\"description\" content=\"Dois homens de 26 e 39 anos foram presos na manh\u00e3 de segunda (12), na cidade de Miradouro, ap\u00f3s a pr\u00e1tica de roubo na ag\u00eancia dos Correios. A dupla entrou na ag\u00eancia, situada na Pra\u00e7a Santa Rita, e anunciou o assalto aos clientes no interior do estabelecimento. Ap\u00f3s a informa\u00e7\u00e3o via 190 a Pol\u00edcia Militar\" \/>\n\t<meta name=\"robots\" content=\"max-image-preview:large\" \/>\n\t<meta name=\"author\" content=\"Juliana Laviola\"\/>\n\t<link rel=\"canonical\" href=\"https:\/\/anoticiaonline.com.br\/site\/miradouro-em-acao-rapida-pm-prende-dupla-durante-roubo\/\" \/>\n\t<meta name=\"generator\" content=\"All in One SEO (AIOSEO) 5.0.0.1\" \/>\n\t\t<meta property=\"og:locale\" content=\"pt_BR\" \/>\n\t\t<meta property=\"og:site_name\" content=\"A Not\u00edcia Online - Noticias de Muria\u00e9 e regi\u00e3o\" \/>\n\t\t<meta property=\"og:type\" content=\"article\" \/>\n\t\t<meta property=\"og:title\" content=\"Miradouro: Em a\u00e7\u00e3o r\u00e1pida, PM prende dupla durante roubo - A Not\u00edcia Online\" \/>\n\t\t<meta property=\"og:description\" content=\"Dois homens de 26 e 39 anos foram presos na manh\u00e3 de segunda (12), na cidade de Miradouro, ap\u00f3s a pr\u00e1tica de roubo na ag\u00eancia dos Correios. A dupla entrou na ag\u00eancia, situada na Pra\u00e7a Santa Rita, e anunciou o assalto aos clientes no interior do estabelecimento. Ap\u00f3s a informa\u00e7\u00e3o via 190 a Pol\u00edcia Militar\" \/>\n\t\t<meta property=\"og:url\" content=\"https:\/\/anoticiaonline.com.br\/site\/miradouro-em-acao-rapida-pm-prende-dupla-durante-roubo\/\" \/>\n\t\t<meta property=\"og:image\" content=\"https:\/\/scontent-gig4-1.xx.fbcdn.net\/v\/t39.30808-1\/270437624_4564083193639691_6907940295614233970_n.jpg?stp=dst-jpg_s200x200_tt6&#038;_nc_cat=111&#038;ccb=1-7&#038;_nc_sid=f907e8&#038;_nc_ohc=SM1wRlP3lJwQ7kNvwEPuBYA&#038;_nc_oc=AdnqrjDN_BNjSSHWO-GbkIWH6fkGMLw4bqvL_NH6e2wMveX7G-rP2dAqsDSq1mJMOaY&#038;_nc_zt=24&#038;_nc_ht=scontent-gig4-1.xx&#038;_nc_gid=AoBFJeGrT1hVaew_6rchkQ&#038;oh=00_AfX7QmFGhQhG2jAllVgXCiM1ZrWgvtp80-Bfppyexh1QEg&#038;oe=689E923C\" \/>\n\t\t<meta property=\"og:image:secure_url\" content=\"https:\/\/scontent-gig4-1.xx.fbcdn.net\/v\/t39.30808-1\/270437624_4564083193639691_6907940295614233970_n.jpg?stp=dst-jpg_s200x200_tt6&#038;_nc_cat=111&#038;ccb=1-7&#038;_nc_sid=f907e8&#038;_nc_ohc=SM1wRlP3lJwQ7kNvwEPuBYA&#038;_nc_oc=AdnqrjDN_BNjSSHWO-GbkIWH6fkGMLw4bqvL_NH6e2wMveX7G-rP2dAqsDSq1mJMOaY&#038;_nc_zt=24&#038;_nc_ht=scontent-gig4-1.xx&#038;_nc_gid=AoBFJeGrT1hVaew_6rchkQ&#038;oh=00_AfX7QmFGhQhG2jAllVgXCiM1ZrWgvtp80-Bfppyexh1QEg&#038;oe=689E923C\" \/>\n\t\t<meta property=\"article:published_time\" content=\"2018-11-13T15:42:31+00:00\" \/>\n\t\t<meta property=\"article:modified_time\" content=\"2018-11-13T15:47:01+00:00\" \/>\n\t\t<meta name=\"twitter:card\" content=\"summary_large_image\" \/>\n\t\t<meta name=\"twitter:title\" content=\"Miradouro: Em a\u00e7\u00e3o r\u00e1pida, PM prende dupla durante roubo - A Not\u00edcia Online\" \/>\n\t\t<meta name=\"twitter:description\" content=\"Dois homens de 26 e 39 anos foram presos na manh\u00e3 de segunda (12), na cidade de Miradouro, ap\u00f3s a pr\u00e1tica de roubo na ag\u00eancia dos Correios. A dupla entrou na ag\u00eancia, situada na Pra\u00e7a Santa Rita, e anunciou o assalto aos clientes no interior do estabelecimento. Ap\u00f3s a informa\u00e7\u00e3o via 190 a Pol\u00edcia Militar\" \/>\n\t\t<meta name=\"twitter:image\" content=\"https:\/\/scontent-gig4-1.xx.fbcdn.net\/v\/t39.30808-1\/270437624_4564083193639691_6907940295614233970_n.jpg?stp=dst-jpg_s200x200_tt6&amp;_nc_cat=111&amp;ccb=1-7&amp;_nc_sid=f907e8&amp;_nc_ohc=SM1wRlP3lJwQ7kNvwEPuBYA&amp;_nc_oc=AdnqrjDN_BNjSSHWO-GbkIWH6fkGMLw4bqvL_NH6e2wMveX7G-rP2dAqsDSq1mJMOaY&amp;_nc_zt=24&amp;_nc_ht=scontent-gig4-1.xx&amp;_nc_gid=AoBFJeGrT1hVaew_6rchkQ&amp;oh=00_AfX7QmFGhQhG2jAllVgXCiM1ZrWgvtp80-Bfppyexh1QEg&amp;oe=689E923C\" \/>\n\t\t<script type=\"application\/ld+json\" class=\"aioseo-schema\">\n\t\t\t{\"@context\":\"https:\\\/\\\/schema.org\",\"@graph\":[{\"@type\":\"BlogPosting\",\"@id\":\"https:\\\/\\\/anoticiaonline.com.br\\\/site\\\/miradouro-em-acao-rapida-pm-prende-dupla-durante-roubo\\\/#blogposting\",\"name\":\"Miradouro: Em a\\u00e7\\u00e3o r\\u00e1pida, PM prende dupla durante roubo - A Not\\u00edcia Online\",\"headline\":\"Miradouro: Em a\\u00e7\\u00e3o r\\u00e1pida, PM prende dupla durante roubo\",\"author\":{\"@id\":\"https:\\\/\\\/anoticiaonline.com.br\\\/site\\\/author\\\/juliana\\\/#author\"},\"publisher\":{\"@id\":\"https:\\\/\\\/anoticiaonline.com.br\\\/site\\\/#organization\"},\"image\":{\"@type\":\"ImageObject\",\"url\":\"https:\\\/\\\/anoticiaonline.com.br\\\/site\\\/wp-content\\\/uploads\\\/2018\\\/11\\\/capa-3.jpg\",\"width\":1000,\"height\":350},\"datePublished\":\"2018-11-13T12:42:31-03:00\",\"dateModified\":\"2018-11-13T12:47:01-03:00\",\"inLanguage\":\"pt-BR\",\"mainEntityOfPage\":{\"@id\":\"https:\\\/\\\/anoticiaonline.com.br\\\/site\\\/miradouro-em-acao-rapida-pm-prende-dupla-durante-roubo\\\/#webpage\"},\"isPartOf\":{\"@id\":\"https:\\\/\\\/anoticiaonline.com.br\\\/site\\\/miradouro-em-acao-rapida-pm-prende-dupla-durante-roubo\\\/#webpage\"},\"articleSection\":\"Blog, correios, miradouro, pm, PM MG, roubo\"},{\"@type\":\"BreadcrumbList\",\"@id\":\"https:\\\/\\\/anoticiaonline.com.br\\\/site\\\/miradouro-em-acao-rapida-pm-prende-dupla-durante-roubo\\\/#breadcrumblist\",\"itemListElement\":[{\"@type\":\"ListItem\",\"@id\":\"https:\\\/\\\/anoticiaonline.com.br\\\/site#listItem\",\"position\":1,\"name\":\"Home\",\"item\":\"https:\\\/\\\/anoticiaonline.com.br\\\/site\",\"nextItem\":{\"@type\":\"ListItem\",\"@id\":\"https:\\\/\\\/anoticiaonline.com.br\\\/site\\\/categoria\\\/muriae\\\/#listItem\",\"name\":\"Blog\"}},{\"@type\":\"ListItem\",\"@id\":\"https:\\\/\\\/anoticiaonline.com.br\\\/site\\\/categoria\\\/muriae\\\/#listItem\",\"position\":2,\"name\":\"Blog\",\"item\":\"https:\\\/\\\/anoticiaonline.com.br\\\/site\\\/categoria\\\/muriae\\\/\",\"nextItem\":{\"@type\":\"ListItem\",\"@id\":\"https:\\\/\\\/anoticiaonline.com.br\\\/site\\\/miradouro-em-acao-rapida-pm-prende-dupla-durante-roubo\\\/#listItem\",\"name\":\"Miradouro: Em a\\u00e7\\u00e3o r\\u00e1pida, PM prende dupla durante roubo\"},\"previousItem\":{\"@type\":\"ListItem\",\"@id\":\"https:\\\/\\\/anoticiaonline.com.br\\\/site#listItem\",\"name\":\"Home\"}},{\"@type\":\"ListItem\",\"@id\":\"https:\\\/\\\/anoticiaonline.com.br\\\/site\\\/miradouro-em-acao-rapida-pm-prende-dupla-durante-roubo\\\/#listItem\",\"position\":3,\"name\":\"Miradouro: Em a\\u00e7\\u00e3o r\\u00e1pida, PM prende dupla durante roubo\",\"previousItem\":{\"@type\":\"ListItem\",\"@id\":\"https:\\\/\\\/anoticiaonline.com.br\\\/site\\\/categoria\\\/muriae\\\/#listItem\",\"name\":\"Blog\"}}]},{\"@type\":\"Organization\",\"@id\":\"https:\\\/\\\/anoticiaonline.com.br\\\/site\\\/#organization\",\"name\":\"A Not\\u00edcia Online\",\"description\":\"Noticias de Muria\\u00e9 e regi\\u00e3o\",\"url\":\"https:\\\/\\\/anoticiaonline.com.br\\\/site\\\/\",\"logo\":{\"@type\":\"ImageObject\",\"url\":\"https:\\\/\\\/scontent-gig4-1.xx.fbcdn.net\\\/v\\\/t39.30808-1\\\/270437624_4564083193639691_6907940295614233970_n.jpg?stp=dst-jpg_s200x200_tt6&_nc_cat=111&ccb=1-7&_nc_sid=f907e8&_nc_ohc=SM1wRlP3lJwQ7kNvwEPuBYA&_nc_oc=AdnqrjDN_BNjSSHWO-GbkIWH6fkGMLw4bqvL_NH6e2wMveX7G-rP2dAqsDSq1mJMOaY&_nc_zt=24&_nc_ht=scontent-gig4-1.xx&_nc_gid=AoBFJeGrT1hVaew_6rchkQ&oh=00_AfX7QmFGhQhG2jAllVgXCiM1ZrWgvtp80-Bfppyexh1QEg&oe=689E923C\",\"@id\":\"https:\\\/\\\/anoticiaonline.com.br\\\/site\\\/miradouro-em-acao-rapida-pm-prende-dupla-durante-roubo\\\/#organizationLogo\"},\"image\":{\"@id\":\"https:\\\/\\\/anoticiaonline.com.br\\\/site\\\/miradouro-em-acao-rapida-pm-prende-dupla-durante-roubo\\\/#organizationLogo\"}},{\"@type\":\"Person\",\"@id\":\"https:\\\/\\\/anoticiaonline.com.br\\\/site\\\/author\\\/juliana\\\/#author\",\"url\":\"https:\\\/\\\/anoticiaonline.com.br\\\/site\\\/author\\\/juliana\\\/\",\"name\":\"Juliana Laviola\",\"image\":{\"@type\":\"ImageObject\",\"@id\":\"https:\\\/\\\/anoticiaonline.com.br\\\/site\\\/miradouro-em-acao-rapida-pm-prende-dupla-durante-roubo\\\/#authorImage\",\"url\":\"https:\\\/\\\/secure.gravatar.com\\\/avatar\\\/b8d45f5c699b100dfaf0e543582f38f38bf94cb7ae3a5e9abf8d891a34773335?s=96&d=mm&r=g\",\"width\":96,\"height\":96,\"caption\":\"Juliana Laviola\"}},{\"@type\":\"WebPage\",\"@id\":\"https:\\\/\\\/anoticiaonline.com.br\\\/site\\\/miradouro-em-acao-rapida-pm-prende-dupla-durante-roubo\\\/#webpage\",\"url\":\"https:\\\/\\\/anoticiaonline.com.br\\\/site\\\/miradouro-em-acao-rapida-pm-prende-dupla-durante-roubo\\\/\",\"name\":\"Miradouro: Em a\\u00e7\\u00e3o r\\u00e1pida, PM prende dupla durante roubo - A Not\\u00edcia Online\",\"description\":\"Dois homens de 26 e 39 anos foram presos na manh\\u00e3 de segunda (12), na cidade de Miradouro, ap\\u00f3s a pr\\u00e1tica de roubo na ag\\u00eancia dos Correios. A dupla entrou na ag\\u00eancia, situada na Pra\\u00e7a Santa Rita, e anunciou o assalto aos clientes no interior do estabelecimento. Ap\\u00f3s a informa\\u00e7\\u00e3o via 190 a Pol\\u00edcia Militar\",\"inLanguage\":\"pt-BR\",\"isPartOf\":{\"@id\":\"https:\\\/\\\/anoticiaonline.com.br\\\/site\\\/#website\"},\"breadcrumb\":{\"@id\":\"https:\\\/\\\/anoticiaonline.com.br\\\/site\\\/miradouro-em-acao-rapida-pm-prende-dupla-durante-roubo\\\/#breadcrumblist\"},\"author\":{\"@id\":\"https:\\\/\\\/anoticiaonline.com.br\\\/site\\\/author\\\/juliana\\\/#author\"},\"creator\":{\"@id\":\"https:\\\/\\\/anoticiaonline.com.br\\\/site\\\/author\\\/juliana\\\/#author\"},\"image\":{\"@type\":\"ImageObject\",\"url\":\"https:\\\/\\\/anoticiaonline.com.br\\\/site\\\/wp-content\\\/uploads\\\/2018\\\/11\\\/capa-3.jpg\",\"@id\":\"https:\\\/\\\/anoticiaonline.com.br\\\/site\\\/miradouro-em-acao-rapida-pm-prende-dupla-durante-roubo\\\/#mainImage\",\"width\":1000,\"height\":350},\"primaryImageOfPage\":{\"@id\":\"https:\\\/\\\/anoticiaonline.com.br\\\/site\\\/miradouro-em-acao-rapida-pm-prende-dupla-durante-roubo\\\/#mainImage\"},\"datePublished\":\"2018-11-13T12:42:31-03:00\",\"dateModified\":\"2018-11-13T12:47:01-03:00\"},{\"@type\":\"WebSite\",\"@id\":\"https:\\\/\\\/anoticiaonline.com.br\\\/site\\\/#website\",\"url\":\"https:\\\/\\\/anoticiaonline.com.br\\\/site\\\/\",\"name\":\"A Not\\u00edcia Online\",\"description\":\"Noticias de Muria\\u00e9 e regi\\u00e3o\",\"inLanguage\":\"pt-BR\",\"publisher\":{\"@id\":\"https:\\\/\\\/anoticiaonline.com.br\\\/site\\\/#organization\"}}]}\n\t\t<\/script>\n\t\t<!-- All in One SEO -->\n\n","aioseo_head_json":{"title":"Miradouro: Em a\u00e7\u00e3o r\u00e1pida, PM prende dupla durante roubo - A Not\u00edcia Online","description":"Dois homens de 26 e 39 anos foram presos na manh\u00e3 de segunda (12), na cidade de Miradouro, ap\u00f3s a pr\u00e1tica de roubo na ag\u00eancia dos Correios. A dupla entrou na ag\u00eancia, situada na Pra\u00e7a Santa Rita, e anunciou o assalto aos clientes no interior do estabelecimento. Ap\u00f3s a informa\u00e7\u00e3o via 190 a Pol\u00edcia Militar","canonical_url":"https:\/\/anoticiaonline.com.br\/site\/miradouro-em-acao-rapida-pm-prende-dupla-durante-roubo\/","robots":"max-image-preview:large","keywords":"","webmasterTools":{"miscellaneous":""},"schema":{"@context":"https:\/\/schema.org","@graph":[{"@type":"BlogPosting","@id":"https:\/\/anoticiaonline.com.br\/site\/miradouro-em-acao-rapida-pm-prende-dupla-durante-roubo\/#blogposting","name":"Miradouro: Em a\u00e7\u00e3o r\u00e1pida, PM prende dupla durante roubo - A Not\u00edcia Online","headline":"Miradouro: Em a\u00e7\u00e3o r\u00e1pida, PM prende dupla durante roubo","author":{"@id":"https:\/\/anoticiaonline.com.br\/site\/author\/juliana\/#author"},"publisher":{"@id":"https:\/\/anoticiaonline.com.br\/site\/#organization"},"image":{"@type":"ImageObject","url":"https:\/\/anoticiaonline.com.br\/site\/wp-content\/uploads\/2018\/11\/capa-3.jpg","width":1000,"height":350},"datePublished":"2018-11-13T12:42:31-03:00","dateModified":"2018-11-13T12:47:01-03:00","inLanguage":"pt-BR","mainEntityOfPage":{"@id":"https:\/\/anoticiaonline.com.br\/site\/miradouro-em-acao-rapida-pm-prende-dupla-durante-roubo\/#webpage"},"isPartOf":{"@id":"https:\/\/anoticiaonline.com.br\/site\/miradouro-em-acao-rapida-pm-prende-dupla-durante-roubo\/#webpage"},"articleSection":"Blog, correios, miradouro, pm, PM MG, roubo"},{"@type":"BreadcrumbList","@id":"https:\/\/anoticiaonline.com.br\/site\/miradouro-em-acao-rapida-pm-prende-dupla-durante-roubo\/#breadcrumblist","itemListElement":[{"@type":"ListItem","@id":"https:\/\/anoticiaonline.com.br\/site#listItem","position":1,"name":"Home","item":"https:\/\/anoticiaonline.com.br\/site","nextItem":{"@type":"ListItem","@id":"https:\/\/anoticiaonline.com.br\/site\/categoria\/muriae\/#listItem","name":"Blog"}},{"@type":"ListItem","@id":"https:\/\/anoticiaonline.com.br\/site\/categoria\/muriae\/#listItem","position":2,"name":"Blog","item":"https:\/\/anoticiaonline.com.br\/site\/categoria\/muriae\/","nextItem":{"@type":"ListItem","@id":"https:\/\/anoticiaonline.com.br\/site\/miradouro-em-acao-rapida-pm-prende-dupla-durante-roubo\/#listItem","name":"Miradouro: Em a\u00e7\u00e3o r\u00e1pida, PM prende dupla durante roubo"},"previousItem":{"@type":"ListItem","@id":"https:\/\/anoticiaonline.com.br\/site#listItem","name":"Home"}},{"@type":"ListItem","@id":"https:\/\/anoticiaonline.com.br\/site\/miradouro-em-acao-rapida-pm-prende-dupla-durante-roubo\/#listItem","position":3,"name":"Miradouro: Em a\u00e7\u00e3o r\u00e1pida, PM prende dupla durante roubo","previousItem":{"@type":"ListItem","@id":"https:\/\/anoticiaonline.com.br\/site\/categoria\/muriae\/#listItem","name":"Blog"}}]},{"@type":"Organization","@id":"https:\/\/anoticiaonline.com.br\/site\/#organization","name":"A Not\u00edcia Online","description":"Noticias de Muria\u00e9 e regi\u00e3o","url":"https:\/\/anoticiaonline.com.br\/site\/","logo":{"@type":"ImageObject","url":"https:\/\/scontent-gig4-1.xx.fbcdn.net\/v\/t39.30808-1\/270437624_4564083193639691_6907940295614233970_n.jpg?stp=dst-jpg_s200x200_tt6&_nc_cat=111&ccb=1-7&_nc_sid=f907e8&_nc_ohc=SM1wRlP3lJwQ7kNvwEPuBYA&_nc_oc=AdnqrjDN_BNjSSHWO-GbkIWH6fkGMLw4bqvL_NH6e2wMveX7G-rP2dAqsDSq1mJMOaY&_nc_zt=24&_nc_ht=scontent-gig4-1.xx&_nc_gid=AoBFJeGrT1hVaew_6rchkQ&oh=00_AfX7QmFGhQhG2jAllVgXCiM1ZrWgvtp80-Bfppyexh1QEg&oe=689E923C","@id":"https:\/\/anoticiaonline.com.br\/site\/miradouro-em-acao-rapida-pm-prende-dupla-durante-roubo\/#organizationLogo"},"image":{"@id":"https:\/\/anoticiaonline.com.br\/site\/miradouro-em-acao-rapida-pm-prende-dupla-durante-roubo\/#organizationLogo"}},{"@type":"Person","@id":"https:\/\/anoticiaonline.com.br\/site\/author\/juliana\/#author","url":"https:\/\/anoticiaonline.com.br\/site\/author\/juliana\/","name":"Juliana Laviola","image":{"@type":"ImageObject","@id":"https:\/\/anoticiaonline.com.br\/site\/miradouro-em-acao-rapida-pm-prende-dupla-durante-roubo\/#authorImage","url":"https:\/\/secure.gravatar.com\/avatar\/b8d45f5c699b100dfaf0e543582f38f38bf94cb7ae3a5e9abf8d891a34773335?s=96&d=mm&r=g","width":96,"height":96,"caption":"Juliana Laviola"}},{"@type":"WebPage","@id":"https:\/\/anoticiaonline.com.br\/site\/miradouro-em-acao-rapida-pm-prende-dupla-durante-roubo\/#webpage","url":"https:\/\/anoticiaonline.com.br\/site\/miradouro-em-acao-rapida-pm-prende-dupla-durante-roubo\/","name":"Miradouro: Em a\u00e7\u00e3o r\u00e1pida, PM prende dupla durante roubo - A Not\u00edcia Online","description":"Dois homens de 26 e 39 anos foram presos na manh\u00e3 de segunda (12), na cidade de Miradouro, ap\u00f3s a pr\u00e1tica de roubo na ag\u00eancia dos Correios. A dupla entrou na ag\u00eancia, situada na Pra\u00e7a Santa Rita, e anunciou o assalto aos clientes no interior do estabelecimento. Ap\u00f3s a informa\u00e7\u00e3o via 190 a Pol\u00edcia Militar","inLanguage":"pt-BR","isPartOf":{"@id":"https:\/\/anoticiaonline.com.br\/site\/#website"},"breadcrumb":{"@id":"https:\/\/anoticiaonline.com.br\/site\/miradouro-em-acao-rapida-pm-prende-dupla-durante-roubo\/#breadcrumblist"},"author":{"@id":"https:\/\/anoticiaonline.com.br\/site\/author\/juliana\/#author"},"creator":{"@id":"https:\/\/anoticiaonline.com.br\/site\/author\/juliana\/#author"},"image":{"@type":"ImageObject","url":"https:\/\/anoticiaonline.com.br\/site\/wp-content\/uploads\/2018\/11\/capa-3.jpg","@id":"https:\/\/anoticiaonline.com.br\/site\/miradouro-em-acao-rapida-pm-prende-dupla-durante-roubo\/#mainImage","width":1000,"height":350},"primaryImageOfPage":{"@id":"https:\/\/anoticiaonline.com.br\/site\/miradouro-em-acao-rapida-pm-prende-dupla-durante-roubo\/#mainImage"},"datePublished":"2018-11-13T12:42:31-03:00","dateModified":"2018-11-13T12:47:01-03:00"},{"@type":"WebSite","@id":"https:\/\/anoticiaonline.com.br\/site\/#website","url":"https:\/\/anoticiaonline.com.br\/site\/","name":"A Not\u00edcia Online","description":"Noticias de Muria\u00e9 e regi\u00e3o","inLanguage":"pt-BR","publisher":{"@id":"https:\/\/anoticiaonline.com.br\/site\/#organization"}}]},"og:locale":"pt_BR","og:site_name":"A Not\u00edcia Online - Noticias de Muria\u00e9 e regi\u00e3o","og:type":"article","og:title":"Miradouro: Em a\u00e7\u00e3o r\u00e1pida, PM prende dupla durante roubo - A Not\u00edcia Online","og:description":"Dois homens de 26 e 39 anos foram presos na manh\u00e3 de segunda (12), na cidade de Miradouro, ap\u00f3s a pr\u00e1tica de roubo na ag\u00eancia dos Correios. A dupla entrou na ag\u00eancia, situada na Pra\u00e7a Santa Rita, e anunciou o assalto aos clientes no interior do estabelecimento. Ap\u00f3s a informa\u00e7\u00e3o via 190 a Pol\u00edcia Militar","og:url":"https:\/\/anoticiaonline.com.br\/site\/miradouro-em-acao-rapida-pm-prende-dupla-durante-roubo\/","og:image":"https:\/\/scontent-gig4-1.xx.fbcdn.net\/v\/t39.30808-1\/270437624_4564083193639691_6907940295614233970_n.jpg?stp=dst-jpg_s200x200_tt6&#038;_nc_cat=111&#038;ccb=1-7&#038;_nc_sid=f907e8&#038;_nc_ohc=SM1wRlP3lJwQ7kNvwEPuBYA&#038;_nc_oc=AdnqrjDN_BNjSSHWO-GbkIWH6fkGMLw4bqvL_NH6e2wMveX7G-rP2dAqsDSq1mJMOaY&#038;_nc_zt=24&#038;_nc_ht=scontent-gig4-1.xx&#038;_nc_gid=AoBFJeGrT1hVaew_6rchkQ&#038;oh=00_AfX7QmFGhQhG2jAllVgXCiM1ZrWgvtp80-Bfppyexh1QEg&#038;oe=689E923C","og:image:secure_url":"https:\/\/scontent-gig4-1.xx.fbcdn.net\/v\/t39.30808-1\/270437624_4564083193639691_6907940295614233970_n.jpg?stp=dst-jpg_s200x200_tt6&#038;_nc_cat=111&#038;ccb=1-7&#038;_nc_sid=f907e8&#038;_nc_ohc=SM1wRlP3lJwQ7kNvwEPuBYA&#038;_nc_oc=AdnqrjDN_BNjSSHWO-GbkIWH6fkGMLw4bqvL_NH6e2wMveX7G-rP2dAqsDSq1mJMOaY&#038;_nc_zt=24&#038;_nc_ht=scontent-gig4-1.xx&#038;_nc_gid=AoBFJeGrT1hVaew_6rchkQ&#038;oh=00_AfX7QmFGhQhG2jAllVgXCiM1ZrWgvtp80-Bfppyexh1QEg&#038;oe=689E923C","article:published_time":"2018-11-13T15:42:31+00:00","article:modified_time":"2018-11-13T15:47:01+00:00","twitter:card":"summary_large_image","twitter:title":"Miradouro: Em a\u00e7\u00e3o r\u00e1pida, PM prende dupla durante roubo - A Not\u00edcia Online","twitter:description":"Dois homens de 26 e 39 anos foram presos na manh\u00e3 de segunda (12), na cidade de Miradouro, ap\u00f3s a pr\u00e1tica de roubo na ag\u00eancia dos Correios. A dupla entrou na ag\u00eancia, situada na Pra\u00e7a Santa Rita, e anunciou o assalto aos clientes no interior do estabelecimento. Ap\u00f3s a informa\u00e7\u00e3o via 190 a Pol\u00edcia Militar","twitter:image":"https:\/\/scontent-gig4-1.xx.fbcdn.net\/v\/t39.30808-1\/270437624_4564083193639691_6907940295614233970_n.jpg?stp=dst-jpg_s200x200_tt6&_nc_cat=111&ccb=1-7&_nc_sid=f907e8&_nc_ohc=SM1wRlP3lJwQ7kNvwEPuBYA&_nc_oc=AdnqrjDN_BNjSSHWO-GbkIWH6fkGMLw4bqvL_NH6e2wMveX7G-rP2dAqsDSq1mJMOaY&_nc_zt=24&_nc_ht=scontent-gig4-1.xx&_nc_gid=AoBFJeGrT1hVaew_6rchkQ&oh=00_AfX7QmFGhQhG2jAllVgXCiM1ZrWgvtp80-Bfppyexh1QEg&oe=689E923C"},"aioseo_meta_data":{"post_id":"64449","title":null,"description":null,"keywords":null,"keyphrases":null,"primary_term":null,"canonical_url":null,"og_title":null,"og_description":null,"og_object_type":"default","og_image_type":"default","og_image_url":null,"og_image_width":null,"og_image_height":null,"og_image_custom_url":null,"og_image_custom_fields":null,"og_video":null,"og_custom_url":null,"og_article_section":null,"og_article_tags":null,"twitter_use_og":false,"twitter_card":"default","twitter_image_type":"default","twitter_image_url":null,"twitter_image_custom_url":null,"twitter_image_custom_fields":null,"twitter_title":null,"twitter_description":null,"schema":{"blockGraphs":[],"customGraphs":[],"default":{"data":{"Article":[],"Course":[],"Dataset":[],"FAQPage":[],"Movie":[],"Person":[],"Product":[],"ProductReview":[],"Car":[],"Recipe":[],"Service":[],"SoftwareApplication":[],"WebPage":[]},"graphName":"","isEnabled":true},"graphs":[]},"schema_type":"default","schema_type_options":null,"pillar_content":false,"robots_default":true,"robots_noindex":false,"robots_noarchive":false,"robots_nosnippet":false,"robots_nofollow":false,"robots_noimageindex":false,"robots_noodp":false,"robots_notranslate":false,"robots_max_snippet":null,"robots_max_videopreview":null,"robots_max_imagepreview":"large","priority":null,"frequency":null,"local_seo":null,"breadcrumb_settings":null,"limit_modified_date":false,"ai":null,"created":"2025-08-16 22:05:07","updated":"2025-08-16 22:05:07","focus_keyword":null,"additional_keywords":null,"truseo_locale":null,"seo_analyzer_scan_date":null},"aioseo_breadcrumb":"<div class=\"aioseo-breadcrumbs\"><span class=\"aioseo-breadcrumb\">\n\t\t\t<a href=\"https:\/\/anoticiaonline.com.br\/site\" title=\"Home\">Home<\/a>\n\t\t<\/span><span class=\"aioseo-breadcrumb-separator\">&raquo;<\/span><span class=\"aioseo-breadcrumb\">\n\t\t\t<a href=\"https:\/\/anoticiaonline.com.br\/site\/categoria\/muriae\/\" title=\"Blog\">Blog<\/a>\n\t\t<\/span><span class=\"aioseo-breadcrumb-separator\">&raquo;<\/span><span class=\"aioseo-breadcrumb\">\n\t\t\tMiradouro: Em a\u00e7\u00e3o r\u00e1pida, PM prende dupla durante roubo\n\t\t<\/span><\/div>","aioseo_breadcrumb_json":[{"label":"Home","link":"https:\/\/anoticiaonline.com.br\/site"},{"label":"Blog","link":"https:\/\/anoticiaonline.com.br\/site\/categoria\/muriae\/"},{"label":"Miradouro: Em a\u00e7\u00e3o r\u00e1pida, PM prende dupla durante roubo","link":"https:\/\/anoticiaonline.com.br\/site\/miradouro-em-acao-rapida-pm-prende-dupla-durante-roubo\/"}],"views":147,"_links":{"self":[{"href":"https:\/\/anoticiaonline.com.br\/site\/wp-json\/wp\/v2\/posts\/64449","targetHints":{"allow":["GET"]}}],"collection":[{"href":"https:\/\/anoticiaonline.com.br\/site\/wp-json\/wp\/v2\/posts"}],"about":[{"href":"https:\/\/anoticiaonline.com.br\/site\/wp-json\/wp\/v2\/types\/post"}],"author":[{"embeddable":true,"href":"https:\/\/anoticiaonline.com.br\/site\/wp-json\/wp\/v2\/users\/2"}],"replies":[{"embeddable":true,"href":"https:\/\/anoticiaonline.com.br\/site\/wp-json\/wp\/v2\/comments?post=64449"}],"version-history":[{"count":0,"href":"https:\/\/anoticiaonline.com.br\/site\/wp-json\/wp\/v2\/posts\/64449\/revisions"}],"wp:featuredmedia":[{"embeddable":true,"href":"https:\/\/anoticiaonline.com.br\/site\/wp-json\/wp\/v2\/media\/64454"}],"wp:attachment":[{"href":"https:\/\/anoticiaonline.com.br\/site\/wp-json\/wp\/v2\/media?parent=64449"}],"wp:term":[{"taxonomy":"category","embeddable":true,"href":"https:\/\/anoticiaonline.com.br\/site\/wp-json\/wp\/v2\/categories?post=64449"},{"taxonomy":"post_tag","embeddable":true,"href":"https:\/\/anoticiaonline.com.br\/site\/wp-json\/wp\/v2\/tags?post=64449"}],"curies":[{"name":"wp","href":"https:\/\/api.w.org\/{rel}","templated":true}]}}