{"id":64407,"date":"2018-11-12T11:16:49","date_gmt":"2018-11-12T14:16:49","guid":{"rendered":"http:\/\/anoticiaonline.com.br\/site\/?p=64407"},"modified":"2018-11-12T11:16:49","modified_gmt":"2018-11-12T14:16:49","slug":"taxistas-clamam-por-seguranca-justica-e-paz","status":"publish","type":"post","link":"https:\/\/anoticiaonline.com.br\/site\/taxistas-clamam-por-seguranca-justica-e-paz\/","title":{"rendered":"Taxistas clamam por seguran\u00e7a, justi\u00e7a e paz"},"content":{"rendered":"<p>Os taxistas de Muria\u00e9 convidam os motoristas da cidade para que juntos, pe\u00e7am por seguran\u00e7a, justi\u00e7a e paz. O movimento, em homenagem ao taxista assassinado, Marcelo Jos\u00e9 da Silva, come\u00e7a nesta segunda-feira (12), \u00e0s 14h, no Cristo Redentor.<\/p>\n<p><a href=\"https:\/\/anoticiaonline.com.br\/site\/wp-content\/uploads\/2018\/11\/45832662_1841513205896717_7101006259544915968_n.jpg\"><img fetchpriority=\"high\" decoding=\"async\" class=\"alignnone size-full wp-image-64412\" src=\"https:\/\/anoticiaonline.com.br\/site\/wp-content\/uploads\/2018\/11\/45832662_1841513205896717_7101006259544915968_n.jpg\" alt=\"\" width=\"800\" height=\"800\" srcset=\"https:\/\/anoticiaonline.com.br\/site\/wp-content\/uploads\/2018\/11\/45832662_1841513205896717_7101006259544915968_n.jpg 800w, https:\/\/anoticiaonline.com.br\/site\/wp-content\/uploads\/2018\/11\/45832662_1841513205896717_7101006259544915968_n-150x150.jpg 150w, https:\/\/anoticiaonline.com.br\/site\/wp-content\/uploads\/2018\/11\/45832662_1841513205896717_7101006259544915968_n-300x300.jpg 300w, https:\/\/anoticiaonline.com.br\/site\/wp-content\/uploads\/2018\/11\/45832662_1841513205896717_7101006259544915968_n-768x768.jpg 768w\" sizes=\"(max-width: 800px) 100vw, 800px\" \/><\/a><\/p>\n<p><strong>Relembre o caso \u2013<\/strong> O carro do taxista, Marcelo Jos\u00e9 da Silva, de 32 anos, estava desaparecido desde a noite de quinta-feira (8). Segundo informa\u00e7\u00f5es, por volta das 18h20, o motorista saiu de seu ponto, no Terminal Rodovi\u00e1rio, para atender a um chamado, e n\u00e3o foi mais visto.<\/p>\n<p>O carro de Marcelo foi encontrado na manh\u00e3 de sexta-feira (9), no distrito de Macuco. Ap\u00f3s um per\u00edodo de buscas, a Pol\u00edcia Civil localizou, ainda na tarde de sexta-feira, os tr\u00eas jovens, que confessaram ter assassinado Marcelo.<\/p>\n<p>O corpo de Marcelo foi localizado em uma estrada de terra, entre o Bairro Uni\u00e3o e o clube Via Park, na zona rural de Muria\u00e9. O taxista foi morto de forma cruel ap\u00f3s ter sido amarrado e golpeado com o uso de uma faca e uma pedra, segundo depoimento dos autores. A Pol\u00edcia Civil trabalha com a hip\u00f3tese de latroc\u00ednio (roubo seguido de morte).<\/p>\n<figure id=\"attachment_64408\" aria-describedby=\"caption-attachment-64408\" style=\"width: 990px\" class=\"wp-caption alignnone\"><a href=\"https:\/\/anoticiaonline.com.br\/site\/wp-content\/uploads\/2018\/11\/WhatsApp-Image-2018-11-12-at-12.08.37.jpeg\"><img decoding=\"async\" class=\"wp-image-64408 size-full\" src=\"https:\/\/anoticiaonline.com.br\/site\/wp-content\/uploads\/2018\/11\/WhatsApp-Image-2018-11-12-at-12.08.37.jpeg\" alt=\"\" width=\"1000\" height=\"563\" srcset=\"https:\/\/anoticiaonline.com.br\/site\/wp-content\/uploads\/2018\/11\/WhatsApp-Image-2018-11-12-at-12.08.37.jpeg 1000w, https:\/\/anoticiaonline.com.br\/site\/wp-content\/uploads\/2018\/11\/WhatsApp-Image-2018-11-12-at-12.08.37-300x169.jpeg 300w, https:\/\/anoticiaonline.com.br\/site\/wp-content\/uploads\/2018\/11\/WhatsApp-Image-2018-11-12-at-12.08.37-768x432.jpeg 768w\" sizes=\"(max-width: 1000px) 100vw, 1000px\" \/><\/a><figcaption id=\"caption-attachment-64408\" class=\"wp-caption-text\">Taxistas auxiliam na busca pelo colega, na manh\u00e3 de sexta-feira (9)<\/figcaption><\/figure>\n<figure id=\"attachment_64410\" aria-describedby=\"caption-attachment-64410\" style=\"width: 713px\" class=\"wp-caption alignnone\"><a href=\"https:\/\/anoticiaonline.com.br\/site\/wp-content\/uploads\/2018\/11\/WhatsApp-Image-2018-11-12-at-12.08.36.jpeg\"><img decoding=\"async\" class=\"wp-image-64410 size-full\" src=\"https:\/\/anoticiaonline.com.br\/site\/wp-content\/uploads\/2018\/11\/WhatsApp-Image-2018-11-12-at-12.08.36.jpeg\" alt=\"\" width=\"723\" height=\"482\" srcset=\"https:\/\/anoticiaonline.com.br\/site\/wp-content\/uploads\/2018\/11\/WhatsApp-Image-2018-11-12-at-12.08.36.jpeg 723w, https:\/\/anoticiaonline.com.br\/site\/wp-content\/uploads\/2018\/11\/WhatsApp-Image-2018-11-12-at-12.08.36-300x200.jpeg 300w\" sizes=\"(max-width: 723px) 100vw, 723px\" \/><\/a><figcaption id=\"caption-attachment-64410\" class=\"wp-caption-text\">O carro de Marcelo \u00e9 encontrado no distrito de Macuco<\/figcaption><\/figure>\n<p><a href=\"https:\/\/anoticiaonline.com.br\/site\/wp-content\/uploads\/2018\/11\/WhatsApp-Image-2018-11-12-at-12.06.52.jpeg\"><img loading=\"lazy\" decoding=\"async\" class=\"alignnone size-full wp-image-64409\" src=\"https:\/\/anoticiaonline.com.br\/site\/wp-content\/uploads\/2018\/11\/WhatsApp-Image-2018-11-12-at-12.06.52.jpeg\" alt=\"\" width=\"778\" height=\"549\" srcset=\"https:\/\/anoticiaonline.com.br\/site\/wp-content\/uploads\/2018\/11\/WhatsApp-Image-2018-11-12-at-12.06.52.jpeg 778w, https:\/\/anoticiaonline.com.br\/site\/wp-content\/uploads\/2018\/11\/WhatsApp-Image-2018-11-12-at-12.06.52-300x212.jpeg 300w, https:\/\/anoticiaonline.com.br\/site\/wp-content\/uploads\/2018\/11\/WhatsApp-Image-2018-11-12-at-12.06.52-768x542.jpeg 768w\" sizes=\"(max-width: 778px) 100vw, 778px\" \/><\/a><\/p>\n<figure id=\"attachment_64411\" aria-describedby=\"caption-attachment-64411\" style=\"width: 225px\" class=\"wp-caption alignnone\"><a href=\"https:\/\/anoticiaonline.com.br\/site\/wp-content\/uploads\/2018\/11\/WhatsApp-Image-2018-11-12-at-12.08.36-1.jpeg\"><img loading=\"lazy\" decoding=\"async\" class=\"wp-image-64411 size-full\" src=\"https:\/\/anoticiaonline.com.br\/site\/wp-content\/uploads\/2018\/11\/WhatsApp-Image-2018-11-12-at-12.08.36-1.jpeg\" alt=\"\" width=\"235\" height=\"352\" srcset=\"https:\/\/anoticiaonline.com.br\/site\/wp-content\/uploads\/2018\/11\/WhatsApp-Image-2018-11-12-at-12.08.36-1.jpeg 235w, https:\/\/anoticiaonline.com.br\/site\/wp-content\/uploads\/2018\/11\/WhatsApp-Image-2018-11-12-at-12.08.36-1-200x300.jpeg 200w\" sizes=\"(max-width: 235px) 100vw, 235px\" \/><\/a><figcaption id=\"caption-attachment-64411\" class=\"wp-caption-text\">O taxista, Marcelo Jos\u00e9 da Silva, de 32 anos, foi assassinado de forma cruel<\/figcaption><\/figure>\n<p>Cr\u00e9dito foto: leitor do jornal A Not\u00edcia<\/p>\n","protected":false},"excerpt":{"rendered":"<p>Os taxistas de Muria\u00e9 convidam os motoristas da cidade para que juntos, pe\u00e7am por seguran\u00e7a, justi\u00e7a e paz. O movimento, em homenagem ao taxista assassinado, Marcelo Jos\u00e9 da Silva, come\u00e7a nesta segunda-feira (12), \u00e0s 14h, no Cristo Redentor. Relembre o caso \u2013 O carro do taxista, Marcelo Jos\u00e9 da Silva, de 32 anos, estava desaparecido &#8230; <a title=\"Taxistas clamam por seguran\u00e7a, justi\u00e7a e paz\" class=\"read-more\" href=\"https:\/\/anoticiaonline.com.br\/site\/taxistas-clamam-por-seguranca-justica-e-paz\/\" aria-label=\"Read more about Taxistas clamam por seguran\u00e7a, justi\u00e7a e paz\">Ler mais<\/a><\/p>\n","protected":false},"author":2,"featured_media":64412,"comment_status":"open","ping_status":"open","sticky":false,"template":"","format":"standard","meta":{"_acf_changed":false,"_monsterinsights_skip_tracking":false,"footnotes":""},"categories":[30,2892,45],"tags":[301,3390,3391,239,138,3389,414],"class_list":["post-64407","post","type-post","status-publish","format-standard","has-post-thumbnail","hentry","category-muriae","category-policia","category-transito","tag-justica","tag-marcelo","tag-paz","tag-policia","tag-seguranca","tag-taxista","tag-transito"],"acf":[],"aioseo_notices":[],"aioseo_head":"\n\t\t<!-- All in One SEO 5.0.0.1 - aioseo.com -->\n\t<meta name=\"description\" content=\"Os taxistas de Muria\u00e9 convidam os motoristas da cidade para que juntos, pe\u00e7am por seguran\u00e7a, justi\u00e7a e paz. O movimento, em homenagem ao taxista assassinado, Marcelo Jos\u00e9 da Silva, come\u00e7a nesta segunda-feira (12), \u00e0s 14h, no Cristo Redentor. Relembre o caso \u2013 O carro do taxista, Marcelo Jos\u00e9 da Silva, de 32 anos, estava desaparecido\" \/>\n\t<meta name=\"robots\" content=\"max-image-preview:large\" \/>\n\t<meta name=\"author\" content=\"Juliana Laviola\"\/>\n\t<link rel=\"canonical\" href=\"https:\/\/anoticiaonline.com.br\/site\/taxistas-clamam-por-seguranca-justica-e-paz\/\" \/>\n\t<meta name=\"generator\" content=\"All in One SEO (AIOSEO) 5.0.0.1\" \/>\n\t\t<meta property=\"og:locale\" content=\"pt_BR\" \/>\n\t\t<meta property=\"og:site_name\" content=\"A Not\u00edcia Online - Noticias de Muria\u00e9 e regi\u00e3o\" \/>\n\t\t<meta property=\"og:type\" content=\"article\" \/>\n\t\t<meta property=\"og:title\" content=\"Taxistas clamam por seguran\u00e7a, justi\u00e7a e paz - A Not\u00edcia Online\" \/>\n\t\t<meta property=\"og:description\" content=\"Os taxistas de Muria\u00e9 convidam os motoristas da cidade para que juntos, pe\u00e7am por seguran\u00e7a, justi\u00e7a e paz. O movimento, em homenagem ao taxista assassinado, Marcelo Jos\u00e9 da Silva, come\u00e7a nesta segunda-feira (12), \u00e0s 14h, no Cristo Redentor. Relembre o caso \u2013 O carro do taxista, Marcelo Jos\u00e9 da Silva, de 32 anos, estava desaparecido\" \/>\n\t\t<meta property=\"og:url\" content=\"https:\/\/anoticiaonline.com.br\/site\/taxistas-clamam-por-seguranca-justica-e-paz\/\" \/>\n\t\t<meta property=\"og:image\" content=\"https:\/\/scontent-gig4-1.xx.fbcdn.net\/v\/t39.30808-1\/270437624_4564083193639691_6907940295614233970_n.jpg?stp=dst-jpg_s200x200_tt6&#038;_nc_cat=111&#038;ccb=1-7&#038;_nc_sid=f907e8&#038;_nc_ohc=SM1wRlP3lJwQ7kNvwEPuBYA&#038;_nc_oc=AdnqrjDN_BNjSSHWO-GbkIWH6fkGMLw4bqvL_NH6e2wMveX7G-rP2dAqsDSq1mJMOaY&#038;_nc_zt=24&#038;_nc_ht=scontent-gig4-1.xx&#038;_nc_gid=AoBFJeGrT1hVaew_6rchkQ&#038;oh=00_AfX7QmFGhQhG2jAllVgXCiM1ZrWgvtp80-Bfppyexh1QEg&#038;oe=689E923C\" \/>\n\t\t<meta property=\"og:image:secure_url\" content=\"https:\/\/scontent-gig4-1.xx.fbcdn.net\/v\/t39.30808-1\/270437624_4564083193639691_6907940295614233970_n.jpg?stp=dst-jpg_s200x200_tt6&#038;_nc_cat=111&#038;ccb=1-7&#038;_nc_sid=f907e8&#038;_nc_ohc=SM1wRlP3lJwQ7kNvwEPuBYA&#038;_nc_oc=AdnqrjDN_BNjSSHWO-GbkIWH6fkGMLw4bqvL_NH6e2wMveX7G-rP2dAqsDSq1mJMOaY&#038;_nc_zt=24&#038;_nc_ht=scontent-gig4-1.xx&#038;_nc_gid=AoBFJeGrT1hVaew_6rchkQ&#038;oh=00_AfX7QmFGhQhG2jAllVgXCiM1ZrWgvtp80-Bfppyexh1QEg&#038;oe=689E923C\" \/>\n\t\t<meta property=\"article:published_time\" content=\"2018-11-12T14:16:49+00:00\" \/>\n\t\t<meta property=\"article:modified_time\" content=\"2018-11-12T14:16:49+00:00\" \/>\n\t\t<meta name=\"twitter:card\" content=\"summary_large_image\" \/>\n\t\t<meta name=\"twitter:title\" content=\"Taxistas clamam por seguran\u00e7a, justi\u00e7a e paz - A Not\u00edcia Online\" \/>\n\t\t<meta name=\"twitter:description\" content=\"Os taxistas de Muria\u00e9 convidam os motoristas da cidade para que juntos, pe\u00e7am por seguran\u00e7a, justi\u00e7a e paz. O movimento, em homenagem ao taxista assassinado, Marcelo Jos\u00e9 da Silva, come\u00e7a nesta segunda-feira (12), \u00e0s 14h, no Cristo Redentor. Relembre o caso \u2013 O carro do taxista, Marcelo Jos\u00e9 da Silva, de 32 anos, estava desaparecido\" \/>\n\t\t<meta name=\"twitter:image\" content=\"https:\/\/scontent-gig4-1.xx.fbcdn.net\/v\/t39.30808-1\/270437624_4564083193639691_6907940295614233970_n.jpg?stp=dst-jpg_s200x200_tt6&amp;_nc_cat=111&amp;ccb=1-7&amp;_nc_sid=f907e8&amp;_nc_ohc=SM1wRlP3lJwQ7kNvwEPuBYA&amp;_nc_oc=AdnqrjDN_BNjSSHWO-GbkIWH6fkGMLw4bqvL_NH6e2wMveX7G-rP2dAqsDSq1mJMOaY&amp;_nc_zt=24&amp;_nc_ht=scontent-gig4-1.xx&amp;_nc_gid=AoBFJeGrT1hVaew_6rchkQ&amp;oh=00_AfX7QmFGhQhG2jAllVgXCiM1ZrWgvtp80-Bfppyexh1QEg&amp;oe=689E923C\" \/>\n\t\t<script type=\"application\/ld+json\" class=\"aioseo-schema\">\n\t\t\t{\"@context\":\"https:\\\/\\\/schema.org\",\"@graph\":[{\"@type\":\"BlogPosting\",\"@id\":\"https:\\\/\\\/anoticiaonline.com.br\\\/site\\\/taxistas-clamam-por-seguranca-justica-e-paz\\\/#blogposting\",\"name\":\"Taxistas clamam por seguran\\u00e7a, justi\\u00e7a e paz - A Not\\u00edcia Online\",\"headline\":\"Taxistas clamam por seguran\\u00e7a, justi\\u00e7a e paz\",\"author\":{\"@id\":\"https:\\\/\\\/anoticiaonline.com.br\\\/site\\\/author\\\/juliana\\\/#author\"},\"publisher\":{\"@id\":\"https:\\\/\\\/anoticiaonline.com.br\\\/site\\\/#organization\"},\"image\":{\"@type\":\"ImageObject\",\"url\":\"https:\\\/\\\/anoticiaonline.com.br\\\/site\\\/wp-content\\\/uploads\\\/2018\\\/11\\\/45832662_1841513205896717_7101006259544915968_n.jpg\",\"width\":800,\"height\":800},\"datePublished\":\"2018-11-12T11:16:49-03:00\",\"dateModified\":\"2018-11-12T11:16:49-03:00\",\"inLanguage\":\"pt-BR\",\"mainEntityOfPage\":{\"@id\":\"https:\\\/\\\/anoticiaonline.com.br\\\/site\\\/taxistas-clamam-por-seguranca-justica-e-paz\\\/#webpage\"},\"isPartOf\":{\"@id\":\"https:\\\/\\\/anoticiaonline.com.br\\\/site\\\/taxistas-clamam-por-seguranca-justica-e-paz\\\/#webpage\"},\"articleSection\":\"Blog, Pol\\u00edcia, Tr\\u00e2nsito, justi\\u00e7a, marcelo, paz, pol\\u00edcia, seguran\\u00e7a, taxista, tr\\u00e2nsito\"},{\"@type\":\"BreadcrumbList\",\"@id\":\"https:\\\/\\\/anoticiaonline.com.br\\\/site\\\/taxistas-clamam-por-seguranca-justica-e-paz\\\/#breadcrumblist\",\"itemListElement\":[{\"@type\":\"ListItem\",\"@id\":\"https:\\\/\\\/anoticiaonline.com.br\\\/site#listItem\",\"position\":1,\"name\":\"Home\",\"item\":\"https:\\\/\\\/anoticiaonline.com.br\\\/site\",\"nextItem\":{\"@type\":\"ListItem\",\"@id\":\"https:\\\/\\\/anoticiaonline.com.br\\\/site\\\/categoria\\\/muriae\\\/#listItem\",\"name\":\"Blog\"}},{\"@type\":\"ListItem\",\"@id\":\"https:\\\/\\\/anoticiaonline.com.br\\\/site\\\/categoria\\\/muriae\\\/#listItem\",\"position\":2,\"name\":\"Blog\",\"item\":\"https:\\\/\\\/anoticiaonline.com.br\\\/site\\\/categoria\\\/muriae\\\/\",\"nextItem\":{\"@type\":\"ListItem\",\"@id\":\"https:\\\/\\\/anoticiaonline.com.br\\\/site\\\/categoria\\\/muriae\\\/transito\\\/#listItem\",\"name\":\"Tr\\u00e2nsito\"},\"previousItem\":{\"@type\":\"ListItem\",\"@id\":\"https:\\\/\\\/anoticiaonline.com.br\\\/site#listItem\",\"name\":\"Home\"}},{\"@type\":\"ListItem\",\"@id\":\"https:\\\/\\\/anoticiaonline.com.br\\\/site\\\/categoria\\\/muriae\\\/transito\\\/#listItem\",\"position\":3,\"name\":\"Tr\\u00e2nsito\",\"item\":\"https:\\\/\\\/anoticiaonline.com.br\\\/site\\\/categoria\\\/muriae\\\/transito\\\/\",\"nextItem\":{\"@type\":\"ListItem\",\"@id\":\"https:\\\/\\\/anoticiaonline.com.br\\\/site\\\/taxistas-clamam-por-seguranca-justica-e-paz\\\/#listItem\",\"name\":\"Taxistas clamam por seguran\\u00e7a, justi\\u00e7a e paz\"},\"previousItem\":{\"@type\":\"ListItem\",\"@id\":\"https:\\\/\\\/anoticiaonline.com.br\\\/site\\\/categoria\\\/muriae\\\/#listItem\",\"name\":\"Blog\"}},{\"@type\":\"ListItem\",\"@id\":\"https:\\\/\\\/anoticiaonline.com.br\\\/site\\\/taxistas-clamam-por-seguranca-justica-e-paz\\\/#listItem\",\"position\":4,\"name\":\"Taxistas clamam por seguran\\u00e7a, justi\\u00e7a e paz\",\"previousItem\":{\"@type\":\"ListItem\",\"@id\":\"https:\\\/\\\/anoticiaonline.com.br\\\/site\\\/categoria\\\/muriae\\\/transito\\\/#listItem\",\"name\":\"Tr\\u00e2nsito\"}}]},{\"@type\":\"Organization\",\"@id\":\"https:\\\/\\\/anoticiaonline.com.br\\\/site\\\/#organization\",\"name\":\"A Not\\u00edcia Online\",\"description\":\"Noticias de Muria\\u00e9 e regi\\u00e3o\",\"url\":\"https:\\\/\\\/anoticiaonline.com.br\\\/site\\\/\",\"logo\":{\"@type\":\"ImageObject\",\"url\":\"https:\\\/\\\/scontent-gig4-1.xx.fbcdn.net\\\/v\\\/t39.30808-1\\\/270437624_4564083193639691_6907940295614233970_n.jpg?stp=dst-jpg_s200x200_tt6&_nc_cat=111&ccb=1-7&_nc_sid=f907e8&_nc_ohc=SM1wRlP3lJwQ7kNvwEPuBYA&_nc_oc=AdnqrjDN_BNjSSHWO-GbkIWH6fkGMLw4bqvL_NH6e2wMveX7G-rP2dAqsDSq1mJMOaY&_nc_zt=24&_nc_ht=scontent-gig4-1.xx&_nc_gid=AoBFJeGrT1hVaew_6rchkQ&oh=00_AfX7QmFGhQhG2jAllVgXCiM1ZrWgvtp80-Bfppyexh1QEg&oe=689E923C\",\"@id\":\"https:\\\/\\\/anoticiaonline.com.br\\\/site\\\/taxistas-clamam-por-seguranca-justica-e-paz\\\/#organizationLogo\"},\"image\":{\"@id\":\"https:\\\/\\\/anoticiaonline.com.br\\\/site\\\/taxistas-clamam-por-seguranca-justica-e-paz\\\/#organizationLogo\"}},{\"@type\":\"Person\",\"@id\":\"https:\\\/\\\/anoticiaonline.com.br\\\/site\\\/author\\\/juliana\\\/#author\",\"url\":\"https:\\\/\\\/anoticiaonline.com.br\\\/site\\\/author\\\/juliana\\\/\",\"name\":\"Juliana Laviola\",\"image\":{\"@type\":\"ImageObject\",\"@id\":\"https:\\\/\\\/anoticiaonline.com.br\\\/site\\\/taxistas-clamam-por-seguranca-justica-e-paz\\\/#authorImage\",\"url\":\"https:\\\/\\\/secure.gravatar.com\\\/avatar\\\/b8d45f5c699b100dfaf0e543582f38f38bf94cb7ae3a5e9abf8d891a34773335?s=96&d=mm&r=g\",\"width\":96,\"height\":96,\"caption\":\"Juliana Laviola\"}},{\"@type\":\"WebPage\",\"@id\":\"https:\\\/\\\/anoticiaonline.com.br\\\/site\\\/taxistas-clamam-por-seguranca-justica-e-paz\\\/#webpage\",\"url\":\"https:\\\/\\\/anoticiaonline.com.br\\\/site\\\/taxistas-clamam-por-seguranca-justica-e-paz\\\/\",\"name\":\"Taxistas clamam por seguran\\u00e7a, justi\\u00e7a e paz - A Not\\u00edcia Online\",\"description\":\"Os taxistas de Muria\\u00e9 convidam os motoristas da cidade para que juntos, pe\\u00e7am por seguran\\u00e7a, justi\\u00e7a e paz. O movimento, em homenagem ao taxista assassinado, Marcelo Jos\\u00e9 da Silva, come\\u00e7a nesta segunda-feira (12), \\u00e0s 14h, no Cristo Redentor. Relembre o caso \\u2013 O carro do taxista, Marcelo Jos\\u00e9 da Silva, de 32 anos, estava desaparecido\",\"inLanguage\":\"pt-BR\",\"isPartOf\":{\"@id\":\"https:\\\/\\\/anoticiaonline.com.br\\\/site\\\/#website\"},\"breadcrumb\":{\"@id\":\"https:\\\/\\\/anoticiaonline.com.br\\\/site\\\/taxistas-clamam-por-seguranca-justica-e-paz\\\/#breadcrumblist\"},\"author\":{\"@id\":\"https:\\\/\\\/anoticiaonline.com.br\\\/site\\\/author\\\/juliana\\\/#author\"},\"creator\":{\"@id\":\"https:\\\/\\\/anoticiaonline.com.br\\\/site\\\/author\\\/juliana\\\/#author\"},\"image\":{\"@type\":\"ImageObject\",\"url\":\"https:\\\/\\\/anoticiaonline.com.br\\\/site\\\/wp-content\\\/uploads\\\/2018\\\/11\\\/45832662_1841513205896717_7101006259544915968_n.jpg\",\"@id\":\"https:\\\/\\\/anoticiaonline.com.br\\\/site\\\/taxistas-clamam-por-seguranca-justica-e-paz\\\/#mainImage\",\"width\":800,\"height\":800},\"primaryImageOfPage\":{\"@id\":\"https:\\\/\\\/anoticiaonline.com.br\\\/site\\\/taxistas-clamam-por-seguranca-justica-e-paz\\\/#mainImage\"},\"datePublished\":\"2018-11-12T11:16:49-03:00\",\"dateModified\":\"2018-11-12T11:16:49-03:00\"},{\"@type\":\"WebSite\",\"@id\":\"https:\\\/\\\/anoticiaonline.com.br\\\/site\\\/#website\",\"url\":\"https:\\\/\\\/anoticiaonline.com.br\\\/site\\\/\",\"name\":\"A Not\\u00edcia Online\",\"description\":\"Noticias de Muria\\u00e9 e regi\\u00e3o\",\"inLanguage\":\"pt-BR\",\"publisher\":{\"@id\":\"https:\\\/\\\/anoticiaonline.com.br\\\/site\\\/#organization\"}}]}\n\t\t<\/script>\n\t\t<!-- All in One SEO -->\n\n","aioseo_head_json":{"title":"Taxistas clamam por seguran\u00e7a, justi\u00e7a e paz - A Not\u00edcia Online","description":"Os taxistas de Muria\u00e9 convidam os motoristas da cidade para que juntos, pe\u00e7am por seguran\u00e7a, justi\u00e7a e paz. O movimento, em homenagem ao taxista assassinado, Marcelo Jos\u00e9 da Silva, come\u00e7a nesta segunda-feira (12), \u00e0s 14h, no Cristo Redentor. Relembre o caso \u2013 O carro do taxista, Marcelo Jos\u00e9 da Silva, de 32 anos, estava desaparecido","canonical_url":"https:\/\/anoticiaonline.com.br\/site\/taxistas-clamam-por-seguranca-justica-e-paz\/","robots":"max-image-preview:large","keywords":"","webmasterTools":{"miscellaneous":""},"schema":{"@context":"https:\/\/schema.org","@graph":[{"@type":"BlogPosting","@id":"https:\/\/anoticiaonline.com.br\/site\/taxistas-clamam-por-seguranca-justica-e-paz\/#blogposting","name":"Taxistas clamam por seguran\u00e7a, justi\u00e7a e paz - A Not\u00edcia Online","headline":"Taxistas clamam por seguran\u00e7a, justi\u00e7a e paz","author":{"@id":"https:\/\/anoticiaonline.com.br\/site\/author\/juliana\/#author"},"publisher":{"@id":"https:\/\/anoticiaonline.com.br\/site\/#organization"},"image":{"@type":"ImageObject","url":"https:\/\/anoticiaonline.com.br\/site\/wp-content\/uploads\/2018\/11\/45832662_1841513205896717_7101006259544915968_n.jpg","width":800,"height":800},"datePublished":"2018-11-12T11:16:49-03:00","dateModified":"2018-11-12T11:16:49-03:00","inLanguage":"pt-BR","mainEntityOfPage":{"@id":"https:\/\/anoticiaonline.com.br\/site\/taxistas-clamam-por-seguranca-justica-e-paz\/#webpage"},"isPartOf":{"@id":"https:\/\/anoticiaonline.com.br\/site\/taxistas-clamam-por-seguranca-justica-e-paz\/#webpage"},"articleSection":"Blog, Pol\u00edcia, Tr\u00e2nsito, justi\u00e7a, marcelo, paz, pol\u00edcia, seguran\u00e7a, taxista, tr\u00e2nsito"},{"@type":"BreadcrumbList","@id":"https:\/\/anoticiaonline.com.br\/site\/taxistas-clamam-por-seguranca-justica-e-paz\/#breadcrumblist","itemListElement":[{"@type":"ListItem","@id":"https:\/\/anoticiaonline.com.br\/site#listItem","position":1,"name":"Home","item":"https:\/\/anoticiaonline.com.br\/site","nextItem":{"@type":"ListItem","@id":"https:\/\/anoticiaonline.com.br\/site\/categoria\/muriae\/#listItem","name":"Blog"}},{"@type":"ListItem","@id":"https:\/\/anoticiaonline.com.br\/site\/categoria\/muriae\/#listItem","position":2,"name":"Blog","item":"https:\/\/anoticiaonline.com.br\/site\/categoria\/muriae\/","nextItem":{"@type":"ListItem","@id":"https:\/\/anoticiaonline.com.br\/site\/categoria\/muriae\/transito\/#listItem","name":"Tr\u00e2nsito"},"previousItem":{"@type":"ListItem","@id":"https:\/\/anoticiaonline.com.br\/site#listItem","name":"Home"}},{"@type":"ListItem","@id":"https:\/\/anoticiaonline.com.br\/site\/categoria\/muriae\/transito\/#listItem","position":3,"name":"Tr\u00e2nsito","item":"https:\/\/anoticiaonline.com.br\/site\/categoria\/muriae\/transito\/","nextItem":{"@type":"ListItem","@id":"https:\/\/anoticiaonline.com.br\/site\/taxistas-clamam-por-seguranca-justica-e-paz\/#listItem","name":"Taxistas clamam por seguran\u00e7a, justi\u00e7a e paz"},"previousItem":{"@type":"ListItem","@id":"https:\/\/anoticiaonline.com.br\/site\/categoria\/muriae\/#listItem","name":"Blog"}},{"@type":"ListItem","@id":"https:\/\/anoticiaonline.com.br\/site\/taxistas-clamam-por-seguranca-justica-e-paz\/#listItem","position":4,"name":"Taxistas clamam por seguran\u00e7a, justi\u00e7a e paz","previousItem":{"@type":"ListItem","@id":"https:\/\/anoticiaonline.com.br\/site\/categoria\/muriae\/transito\/#listItem","name":"Tr\u00e2nsito"}}]},{"@type":"Organization","@id":"https:\/\/anoticiaonline.com.br\/site\/#organization","name":"A Not\u00edcia Online","description":"Noticias de Muria\u00e9 e regi\u00e3o","url":"https:\/\/anoticiaonline.com.br\/site\/","logo":{"@type":"ImageObject","url":"https:\/\/scontent-gig4-1.xx.fbcdn.net\/v\/t39.30808-1\/270437624_4564083193639691_6907940295614233970_n.jpg?stp=dst-jpg_s200x200_tt6&_nc_cat=111&ccb=1-7&_nc_sid=f907e8&_nc_ohc=SM1wRlP3lJwQ7kNvwEPuBYA&_nc_oc=AdnqrjDN_BNjSSHWO-GbkIWH6fkGMLw4bqvL_NH6e2wMveX7G-rP2dAqsDSq1mJMOaY&_nc_zt=24&_nc_ht=scontent-gig4-1.xx&_nc_gid=AoBFJeGrT1hVaew_6rchkQ&oh=00_AfX7QmFGhQhG2jAllVgXCiM1ZrWgvtp80-Bfppyexh1QEg&oe=689E923C","@id":"https:\/\/anoticiaonline.com.br\/site\/taxistas-clamam-por-seguranca-justica-e-paz\/#organizationLogo"},"image":{"@id":"https:\/\/anoticiaonline.com.br\/site\/taxistas-clamam-por-seguranca-justica-e-paz\/#organizationLogo"}},{"@type":"Person","@id":"https:\/\/anoticiaonline.com.br\/site\/author\/juliana\/#author","url":"https:\/\/anoticiaonline.com.br\/site\/author\/juliana\/","name":"Juliana Laviola","image":{"@type":"ImageObject","@id":"https:\/\/anoticiaonline.com.br\/site\/taxistas-clamam-por-seguranca-justica-e-paz\/#authorImage","url":"https:\/\/secure.gravatar.com\/avatar\/b8d45f5c699b100dfaf0e543582f38f38bf94cb7ae3a5e9abf8d891a34773335?s=96&d=mm&r=g","width":96,"height":96,"caption":"Juliana Laviola"}},{"@type":"WebPage","@id":"https:\/\/anoticiaonline.com.br\/site\/taxistas-clamam-por-seguranca-justica-e-paz\/#webpage","url":"https:\/\/anoticiaonline.com.br\/site\/taxistas-clamam-por-seguranca-justica-e-paz\/","name":"Taxistas clamam por seguran\u00e7a, justi\u00e7a e paz - A Not\u00edcia Online","description":"Os taxistas de Muria\u00e9 convidam os motoristas da cidade para que juntos, pe\u00e7am por seguran\u00e7a, justi\u00e7a e paz. O movimento, em homenagem ao taxista assassinado, Marcelo Jos\u00e9 da Silva, come\u00e7a nesta segunda-feira (12), \u00e0s 14h, no Cristo Redentor. Relembre o caso \u2013 O carro do taxista, Marcelo Jos\u00e9 da Silva, de 32 anos, estava desaparecido","inLanguage":"pt-BR","isPartOf":{"@id":"https:\/\/anoticiaonline.com.br\/site\/#website"},"breadcrumb":{"@id":"https:\/\/anoticiaonline.com.br\/site\/taxistas-clamam-por-seguranca-justica-e-paz\/#breadcrumblist"},"author":{"@id":"https:\/\/anoticiaonline.com.br\/site\/author\/juliana\/#author"},"creator":{"@id":"https:\/\/anoticiaonline.com.br\/site\/author\/juliana\/#author"},"image":{"@type":"ImageObject","url":"https:\/\/anoticiaonline.com.br\/site\/wp-content\/uploads\/2018\/11\/45832662_1841513205896717_7101006259544915968_n.jpg","@id":"https:\/\/anoticiaonline.com.br\/site\/taxistas-clamam-por-seguranca-justica-e-paz\/#mainImage","width":800,"height":800},"primaryImageOfPage":{"@id":"https:\/\/anoticiaonline.com.br\/site\/taxistas-clamam-por-seguranca-justica-e-paz\/#mainImage"},"datePublished":"2018-11-12T11:16:49-03:00","dateModified":"2018-11-12T11:16:49-03:00"},{"@type":"WebSite","@id":"https:\/\/anoticiaonline.com.br\/site\/#website","url":"https:\/\/anoticiaonline.com.br\/site\/","name":"A Not\u00edcia Online","description":"Noticias de Muria\u00e9 e regi\u00e3o","inLanguage":"pt-BR","publisher":{"@id":"https:\/\/anoticiaonline.com.br\/site\/#organization"}}]},"og:locale":"pt_BR","og:site_name":"A Not\u00edcia Online - Noticias de Muria\u00e9 e regi\u00e3o","og:type":"article","og:title":"Taxistas clamam por seguran\u00e7a, justi\u00e7a e paz - A Not\u00edcia Online","og:description":"Os taxistas de Muria\u00e9 convidam os motoristas da cidade para que juntos, pe\u00e7am por seguran\u00e7a, justi\u00e7a e paz. O movimento, em homenagem ao taxista assassinado, Marcelo Jos\u00e9 da Silva, come\u00e7a nesta segunda-feira (12), \u00e0s 14h, no Cristo Redentor. Relembre o caso \u2013 O carro do taxista, Marcelo Jos\u00e9 da Silva, de 32 anos, estava desaparecido","og:url":"https:\/\/anoticiaonline.com.br\/site\/taxistas-clamam-por-seguranca-justica-e-paz\/","og:image":"https:\/\/scontent-gig4-1.xx.fbcdn.net\/v\/t39.30808-1\/270437624_4564083193639691_6907940295614233970_n.jpg?stp=dst-jpg_s200x200_tt6&#038;_nc_cat=111&#038;ccb=1-7&#038;_nc_sid=f907e8&#038;_nc_ohc=SM1wRlP3lJwQ7kNvwEPuBYA&#038;_nc_oc=AdnqrjDN_BNjSSHWO-GbkIWH6fkGMLw4bqvL_NH6e2wMveX7G-rP2dAqsDSq1mJMOaY&#038;_nc_zt=24&#038;_nc_ht=scontent-gig4-1.xx&#038;_nc_gid=AoBFJeGrT1hVaew_6rchkQ&#038;oh=00_AfX7QmFGhQhG2jAllVgXCiM1ZrWgvtp80-Bfppyexh1QEg&#038;oe=689E923C","og:image:secure_url":"https:\/\/scontent-gig4-1.xx.fbcdn.net\/v\/t39.30808-1\/270437624_4564083193639691_6907940295614233970_n.jpg?stp=dst-jpg_s200x200_tt6&#038;_nc_cat=111&#038;ccb=1-7&#038;_nc_sid=f907e8&#038;_nc_ohc=SM1wRlP3lJwQ7kNvwEPuBYA&#038;_nc_oc=AdnqrjDN_BNjSSHWO-GbkIWH6fkGMLw4bqvL_NH6e2wMveX7G-rP2dAqsDSq1mJMOaY&#038;_nc_zt=24&#038;_nc_ht=scontent-gig4-1.xx&#038;_nc_gid=AoBFJeGrT1hVaew_6rchkQ&#038;oh=00_AfX7QmFGhQhG2jAllVgXCiM1ZrWgvtp80-Bfppyexh1QEg&#038;oe=689E923C","article:published_time":"2018-11-12T14:16:49+00:00","article:modified_time":"2018-11-12T14:16:49+00:00","twitter:card":"summary_large_image","twitter:title":"Taxistas clamam por seguran\u00e7a, justi\u00e7a e paz - A Not\u00edcia Online","twitter:description":"Os taxistas de Muria\u00e9 convidam os motoristas da cidade para que juntos, pe\u00e7am por seguran\u00e7a, justi\u00e7a e paz. O movimento, em homenagem ao taxista assassinado, Marcelo Jos\u00e9 da Silva, come\u00e7a nesta segunda-feira (12), \u00e0s 14h, no Cristo Redentor. Relembre o caso \u2013 O carro do taxista, Marcelo Jos\u00e9 da Silva, de 32 anos, estava desaparecido","twitter:image":"https:\/\/scontent-gig4-1.xx.fbcdn.net\/v\/t39.30808-1\/270437624_4564083193639691_6907940295614233970_n.jpg?stp=dst-jpg_s200x200_tt6&_nc_cat=111&ccb=1-7&_nc_sid=f907e8&_nc_ohc=SM1wRlP3lJwQ7kNvwEPuBYA&_nc_oc=AdnqrjDN_BNjSSHWO-GbkIWH6fkGMLw4bqvL_NH6e2wMveX7G-rP2dAqsDSq1mJMOaY&_nc_zt=24&_nc_ht=scontent-gig4-1.xx&_nc_gid=AoBFJeGrT1hVaew_6rchkQ&oh=00_AfX7QmFGhQhG2jAllVgXCiM1ZrWgvtp80-Bfppyexh1QEg&oe=689E923C"},"aioseo_meta_data":{"post_id":"64407","title":null,"description":null,"keywords":null,"keyphrases":null,"primary_term":null,"canonical_url":null,"og_title":null,"og_description":null,"og_object_type":"default","og_image_type":"default","og_image_url":null,"og_image_width":null,"og_image_height":null,"og_image_custom_url":null,"og_image_custom_fields":null,"og_video":null,"og_custom_url":null,"og_article_section":null,"og_article_tags":null,"twitter_use_og":false,"twitter_card":"default","twitter_image_type":"default","twitter_image_url":null,"twitter_image_custom_url":null,"twitter_image_custom_fields":null,"twitter_title":null,"twitter_description":null,"schema":{"blockGraphs":[],"customGraphs":[],"default":{"data":{"Article":[],"Course":[],"Dataset":[],"FAQPage":[],"Movie":[],"Person":[],"Product":[],"ProductReview":[],"Car":[],"Recipe":[],"Service":[],"SoftwareApplication":[],"WebPage":[]},"graphName":"","isEnabled":true},"graphs":[]},"schema_type":"default","schema_type_options":null,"pillar_content":false,"robots_default":true,"robots_noindex":false,"robots_noarchive":false,"robots_nosnippet":false,"robots_nofollow":false,"robots_noimageindex":false,"robots_noodp":false,"robots_notranslate":false,"robots_max_snippet":null,"robots_max_videopreview":null,"robots_max_imagepreview":"large","priority":null,"frequency":null,"local_seo":null,"breadcrumb_settings":null,"limit_modified_date":false,"ai":null,"created":"2025-08-16 22:04:24","updated":"2025-08-16 22:04:24","focus_keyword":null,"additional_keywords":null,"truseo_locale":null,"seo_analyzer_scan_date":null},"aioseo_breadcrumb":"<div class=\"aioseo-breadcrumbs\"><span class=\"aioseo-breadcrumb\">\n\t\t\t<a href=\"https:\/\/anoticiaonline.com.br\/site\" title=\"Home\">Home<\/a>\n\t\t<\/span><span class=\"aioseo-breadcrumb-separator\">&raquo;<\/span><span class=\"aioseo-breadcrumb\">\n\t\t\t<a href=\"https:\/\/anoticiaonline.com.br\/site\/categoria\/muriae\/\" title=\"Blog\">Blog<\/a>\n\t\t<\/span><span class=\"aioseo-breadcrumb-separator\">&raquo;<\/span><span class=\"aioseo-breadcrumb\">\n\t\t\t<a href=\"https:\/\/anoticiaonline.com.br\/site\/categoria\/muriae\/transito\/\" title=\"Tr\u00e2nsito\">Tr\u00e2nsito<\/a>\n\t\t<\/span><span class=\"aioseo-breadcrumb-separator\">&raquo;<\/span><span class=\"aioseo-breadcrumb\">\n\t\t\tTaxistas clamam por seguran\u00e7a, justi\u00e7a e paz\n\t\t<\/span><\/div>","aioseo_breadcrumb_json":[{"label":"Home","link":"https:\/\/anoticiaonline.com.br\/site"},{"label":"Blog","link":"https:\/\/anoticiaonline.com.br\/site\/categoria\/muriae\/"},{"label":"Tr\u00e2nsito","link":"https:\/\/anoticiaonline.com.br\/site\/categoria\/muriae\/transito\/"},{"label":"Taxistas clamam por seguran\u00e7a, justi\u00e7a e paz","link":"https:\/\/anoticiaonline.com.br\/site\/taxistas-clamam-por-seguranca-justica-e-paz\/"}],"views":161,"_links":{"self":[{"href":"https:\/\/anoticiaonline.com.br\/site\/wp-json\/wp\/v2\/posts\/64407","targetHints":{"allow":["GET"]}}],"collection":[{"href":"https:\/\/anoticiaonline.com.br\/site\/wp-json\/wp\/v2\/posts"}],"about":[{"href":"https:\/\/anoticiaonline.com.br\/site\/wp-json\/wp\/v2\/types\/post"}],"author":[{"embeddable":true,"href":"https:\/\/anoticiaonline.com.br\/site\/wp-json\/wp\/v2\/users\/2"}],"replies":[{"embeddable":true,"href":"https:\/\/anoticiaonline.com.br\/site\/wp-json\/wp\/v2\/comments?post=64407"}],"version-history":[{"count":0,"href":"https:\/\/anoticiaonline.com.br\/site\/wp-json\/wp\/v2\/posts\/64407\/revisions"}],"wp:featuredmedia":[{"embeddable":true,"href":"https:\/\/anoticiaonline.com.br\/site\/wp-json\/wp\/v2\/media\/64412"}],"wp:attachment":[{"href":"https:\/\/anoticiaonline.com.br\/site\/wp-json\/wp\/v2\/media?parent=64407"}],"wp:term":[{"taxonomy":"category","embeddable":true,"href":"https:\/\/anoticiaonline.com.br\/site\/wp-json\/wp\/v2\/categories?post=64407"},{"taxonomy":"post_tag","embeddable":true,"href":"https:\/\/anoticiaonline.com.br\/site\/wp-json\/wp\/v2\/tags?post=64407"}],"curies":[{"name":"wp","href":"https:\/\/api.w.org\/{rel}","templated":true}]}}