{"id":64389,"date":"2018-11-08T23:05:48","date_gmt":"2018-11-09T02:05:48","guid":{"rendered":"http:\/\/anoticiaonline.com.br\/site\/?p=64389"},"modified":"2018-11-08T23:05:48","modified_gmt":"2018-11-09T02:05:48","slug":"criadores-marcam-presenca-na-2o-copa-de-marcha-do-nucleo-dos-criadores-do-cavalo-mangalarga-marchador-de-muriae-e-regiao","status":"publish","type":"post","link":"https:\/\/anoticiaonline.com.br\/site\/criadores-marcam-presenca-na-2o-copa-de-marcha-do-nucleo-dos-criadores-do-cavalo-mangalarga-marchador-de-muriae-e-regiao\/","title":{"rendered":"Criadores marcam presen\u00e7a na 2\u00ba Copa de Marcha do N\u00facleo dos Criadores do Cavalo Mangalarga Marchador de Muria\u00e9 e Regi\u00e3o"},"content":{"rendered":"<p><a href=\"https:\/\/anoticiaonline.com.br\/site\/wp-content\/uploads\/2018\/11\/DSC_0458.jpg\"><img fetchpriority=\"high\" decoding=\"async\" class=\"aligncenter size-full wp-image-64390\" src=\"https:\/\/anoticiaonline.com.br\/site\/wp-content\/uploads\/2018\/11\/DSC_0458.jpg\" alt=\"\" width=\"998\" height=\"667\" srcset=\"https:\/\/anoticiaonline.com.br\/site\/wp-content\/uploads\/2018\/11\/DSC_0458.jpg 998w, https:\/\/anoticiaonline.com.br\/site\/wp-content\/uploads\/2018\/11\/DSC_0458-300x201.jpg 300w, https:\/\/anoticiaonline.com.br\/site\/wp-content\/uploads\/2018\/11\/DSC_0458-768x513.jpg 768w\" sizes=\"(max-width: 998px) 100vw, 998px\" \/><\/a>Criadores marcaram presen\u00e7a 2\u00ba Copa de Marcha promovida pelo N\u00facleo dos Criadores do Cavalo Mangalarga Marchador de Muria\u00e9 e Regi\u00e3o (NCCMM), no \u00faltimo s\u00e1bado (3), no Parque de Exposi\u00e7\u00f5es Lael Varella.<\/p>\n<p>Apoiado pelo Sindicato Rural de Muria\u00e9 e com Chancela da Mangalarga Marchador, o evento contou com 15 categorias, premia\u00e7\u00e3o de R$10 mil em dinheiro, arbitragem de M\u00e1rcio Meirelles Leite e concurso para controlados, amazonas e mirim.<\/p>\n<p>Margareth Heloise, presidente do NCCMM, disse que a pr\u00f3xima Copa de Marcha acontecer\u00e1 em setembro de 2019, na mesma data da Exposi\u00e7\u00e3o Agropecu\u00e1ria e Industrial de Muria\u00e9.<\/p>\n<div id='gallery-1' class='gallery galleryid-64389 gallery-columns-1 gallery-size-full'><figure class='gallery-item'>\n\t\t\t<div class='gallery-icon landscape'>\n\t\t\t\t<a href='https:\/\/anoticiaonline.com.br\/site\/wp-content\/uploads\/2018\/11\/DSC_0328.jpg'><img decoding=\"async\" width=\"998\" height=\"667\" src=\"https:\/\/anoticiaonline.com.br\/site\/wp-content\/uploads\/2018\/11\/DSC_0328.jpg\" class=\"attachment-full size-full\" alt=\"\" srcset=\"https:\/\/anoticiaonline.com.br\/site\/wp-content\/uploads\/2018\/11\/DSC_0328.jpg 998w, https:\/\/anoticiaonline.com.br\/site\/wp-content\/uploads\/2018\/11\/DSC_0328-300x201.jpg 300w, https:\/\/anoticiaonline.com.br\/site\/wp-content\/uploads\/2018\/11\/DSC_0328-768x513.jpg 768w\" sizes=\"(max-width: 998px) 100vw, 998px\" \/><\/a>\n\t\t\t<\/div><\/figure><figure class='gallery-item'>\n\t\t\t<div class='gallery-icon landscape'>\n\t\t\t\t<a href='https:\/\/anoticiaonline.com.br\/site\/wp-content\/uploads\/2018\/11\/DSC_0332.jpg'><img decoding=\"async\" width=\"998\" height=\"667\" src=\"https:\/\/anoticiaonline.com.br\/site\/wp-content\/uploads\/2018\/11\/DSC_0332.jpg\" class=\"attachment-full size-full\" alt=\"\" srcset=\"https:\/\/anoticiaonline.com.br\/site\/wp-content\/uploads\/2018\/11\/DSC_0332.jpg 998w, https:\/\/anoticiaonline.com.br\/site\/wp-content\/uploads\/2018\/11\/DSC_0332-300x201.jpg 300w, https:\/\/anoticiaonline.com.br\/site\/wp-content\/uploads\/2018\/11\/DSC_0332-768x513.jpg 768w\" sizes=\"(max-width: 998px) 100vw, 998px\" \/><\/a>\n\t\t\t<\/div><\/figure><figure class='gallery-item'>\n\t\t\t<div class='gallery-icon landscape'>\n\t\t\t\t<a href='https:\/\/anoticiaonline.com.br\/site\/wp-content\/uploads\/2018\/11\/DSC_0487-1.jpg'><img loading=\"lazy\" decoding=\"async\" width=\"998\" height=\"667\" src=\"https:\/\/anoticiaonline.com.br\/site\/wp-content\/uploads\/2018\/11\/DSC_0487-1.jpg\" class=\"attachment-full size-full\" alt=\"\" srcset=\"https:\/\/anoticiaonline.com.br\/site\/wp-content\/uploads\/2018\/11\/DSC_0487-1.jpg 998w, https:\/\/anoticiaonline.com.br\/site\/wp-content\/uploads\/2018\/11\/DSC_0487-1-300x201.jpg 300w, https:\/\/anoticiaonline.com.br\/site\/wp-content\/uploads\/2018\/11\/DSC_0487-1-768x513.jpg 768w\" sizes=\"(max-width: 998px) 100vw, 998px\" \/><\/a>\n\t\t\t<\/div><\/figure>\n\t\t<\/div>\n\n","protected":false},"excerpt":{"rendered":"<p>Criadores marcaram presen\u00e7a 2\u00ba Copa de Marcha promovida pelo N\u00facleo dos Criadores do Cavalo Mangalarga Marchador de Muria\u00e9 e Regi\u00e3o (NCCMM), no \u00faltimo s\u00e1bado (3), no Parque de Exposi\u00e7\u00f5es Lael Varella. Apoiado pelo Sindicato Rural de Muria\u00e9 e com Chancela da Mangalarga Marchador, o evento contou com 15 categorias, premia\u00e7\u00e3o de R$10 mil em dinheiro, &#8230; <a title=\"Criadores marcam presen\u00e7a na 2\u00ba Copa de Marcha do N\u00facleo dos Criadores do Cavalo Mangalarga Marchador de Muria\u00e9 e Regi\u00e3o\" class=\"read-more\" href=\"https:\/\/anoticiaonline.com.br\/site\/criadores-marcam-presenca-na-2o-copa-de-marcha-do-nucleo-dos-criadores-do-cavalo-mangalarga-marchador-de-muriae-e-regiao\/\" aria-label=\"Read more about Criadores marcam presen\u00e7a na 2\u00ba Copa de Marcha do N\u00facleo dos Criadores do Cavalo Mangalarga Marchador de Muria\u00e9 e Regi\u00e3o\">Ler mais<\/a><\/p>\n","protected":false},"author":7,"featured_media":64390,"comment_status":"open","ping_status":"open","sticky":false,"template":"","format":"standard","meta":{"_acf_changed":false,"_monsterinsights_skip_tracking":false,"footnotes":""},"categories":[30,24],"tags":[],"class_list":["post-64389","post","type-post","status-publish","format-standard","has-post-thumbnail","hentry","category-muriae","category-eventos"],"acf":[],"aioseo_notices":[],"aioseo_head":"\n\t\t<!-- All in One SEO 5.0.0.1 - aioseo.com -->\n\t<meta name=\"description\" content=\"Criadores marcaram presen\u00e7a 2\u00ba Copa de Marcha promovida pelo N\u00facleo dos Criadores do Cavalo Mangalarga Marchador de Muria\u00e9 e Regi\u00e3o (NCCMM), no \u00faltimo s\u00e1bado (3), no Parque de Exposi\u00e7\u00f5es Lael Varella. Apoiado pelo Sindicato Rural de Muria\u00e9 e com Chancela da Mangalarga Marchador, o evento contou com 15 categorias, premia\u00e7\u00e3o de R$10 mil em dinheiro,\" \/>\n\t<meta name=\"robots\" content=\"max-image-preview:large\" \/>\n\t<meta name=\"author\" content=\"Leandro Bebiano\"\/>\n\t<link rel=\"canonical\" href=\"https:\/\/anoticiaonline.com.br\/site\/criadores-marcam-presenca-na-2o-copa-de-marcha-do-nucleo-dos-criadores-do-cavalo-mangalarga-marchador-de-muriae-e-regiao\/\" \/>\n\t<meta name=\"generator\" content=\"All in One SEO (AIOSEO) 5.0.0.1\" \/>\n\t\t<meta property=\"og:locale\" content=\"pt_BR\" \/>\n\t\t<meta property=\"og:site_name\" content=\"A Not\u00edcia Online - Noticias de Muria\u00e9 e regi\u00e3o\" \/>\n\t\t<meta property=\"og:type\" content=\"article\" \/>\n\t\t<meta property=\"og:title\" content=\"Criadores marcam presen\u00e7a na 2\u00ba Copa de Marcha do N\u00facleo dos Criadores do Cavalo Mangalarga Marchador de Muria\u00e9 e Regi\u00e3o - A Not\u00edcia Online\" \/>\n\t\t<meta property=\"og:description\" content=\"Criadores marcaram presen\u00e7a 2\u00ba Copa de Marcha promovida pelo N\u00facleo dos Criadores do Cavalo Mangalarga Marchador de Muria\u00e9 e Regi\u00e3o (NCCMM), no \u00faltimo s\u00e1bado (3), no Parque de Exposi\u00e7\u00f5es Lael Varella. Apoiado pelo Sindicato Rural de Muria\u00e9 e com Chancela da Mangalarga Marchador, o evento contou com 15 categorias, premia\u00e7\u00e3o de R$10 mil em dinheiro,\" \/>\n\t\t<meta property=\"og:url\" content=\"https:\/\/anoticiaonline.com.br\/site\/criadores-marcam-presenca-na-2o-copa-de-marcha-do-nucleo-dos-criadores-do-cavalo-mangalarga-marchador-de-muriae-e-regiao\/\" \/>\n\t\t<meta property=\"og:image\" content=\"https:\/\/scontent-gig4-1.xx.fbcdn.net\/v\/t39.30808-1\/270437624_4564083193639691_6907940295614233970_n.jpg?stp=dst-jpg_s200x200_tt6&#038;_nc_cat=111&#038;ccb=1-7&#038;_nc_sid=f907e8&#038;_nc_ohc=SM1wRlP3lJwQ7kNvwEPuBYA&#038;_nc_oc=AdnqrjDN_BNjSSHWO-GbkIWH6fkGMLw4bqvL_NH6e2wMveX7G-rP2dAqsDSq1mJMOaY&#038;_nc_zt=24&#038;_nc_ht=scontent-gig4-1.xx&#038;_nc_gid=AoBFJeGrT1hVaew_6rchkQ&#038;oh=00_AfX7QmFGhQhG2jAllVgXCiM1ZrWgvtp80-Bfppyexh1QEg&#038;oe=689E923C\" \/>\n\t\t<meta property=\"og:image:secure_url\" content=\"https:\/\/scontent-gig4-1.xx.fbcdn.net\/v\/t39.30808-1\/270437624_4564083193639691_6907940295614233970_n.jpg?stp=dst-jpg_s200x200_tt6&#038;_nc_cat=111&#038;ccb=1-7&#038;_nc_sid=f907e8&#038;_nc_ohc=SM1wRlP3lJwQ7kNvwEPuBYA&#038;_nc_oc=AdnqrjDN_BNjSSHWO-GbkIWH6fkGMLw4bqvL_NH6e2wMveX7G-rP2dAqsDSq1mJMOaY&#038;_nc_zt=24&#038;_nc_ht=scontent-gig4-1.xx&#038;_nc_gid=AoBFJeGrT1hVaew_6rchkQ&#038;oh=00_AfX7QmFGhQhG2jAllVgXCiM1ZrWgvtp80-Bfppyexh1QEg&#038;oe=689E923C\" \/>\n\t\t<meta property=\"article:published_time\" content=\"2018-11-09T02:05:48+00:00\" \/>\n\t\t<meta property=\"article:modified_time\" content=\"2018-11-09T02:05:48+00:00\" \/>\n\t\t<meta name=\"twitter:card\" content=\"summary_large_image\" \/>\n\t\t<meta name=\"twitter:title\" content=\"Criadores marcam presen\u00e7a na 2\u00ba Copa de Marcha do N\u00facleo dos Criadores do Cavalo Mangalarga Marchador de Muria\u00e9 e Regi\u00e3o - A Not\u00edcia Online\" \/>\n\t\t<meta name=\"twitter:description\" content=\"Criadores marcaram presen\u00e7a 2\u00ba Copa de Marcha promovida pelo N\u00facleo dos Criadores do Cavalo Mangalarga Marchador de Muria\u00e9 e Regi\u00e3o (NCCMM), no \u00faltimo s\u00e1bado (3), no Parque de Exposi\u00e7\u00f5es Lael Varella. Apoiado pelo Sindicato Rural de Muria\u00e9 e com Chancela da Mangalarga Marchador, o evento contou com 15 categorias, premia\u00e7\u00e3o de R$10 mil em dinheiro,\" \/>\n\t\t<meta name=\"twitter:image\" content=\"https:\/\/scontent-gig4-1.xx.fbcdn.net\/v\/t39.30808-1\/270437624_4564083193639691_6907940295614233970_n.jpg?stp=dst-jpg_s200x200_tt6&amp;_nc_cat=111&amp;ccb=1-7&amp;_nc_sid=f907e8&amp;_nc_ohc=SM1wRlP3lJwQ7kNvwEPuBYA&amp;_nc_oc=AdnqrjDN_BNjSSHWO-GbkIWH6fkGMLw4bqvL_NH6e2wMveX7G-rP2dAqsDSq1mJMOaY&amp;_nc_zt=24&amp;_nc_ht=scontent-gig4-1.xx&amp;_nc_gid=AoBFJeGrT1hVaew_6rchkQ&amp;oh=00_AfX7QmFGhQhG2jAllVgXCiM1ZrWgvtp80-Bfppyexh1QEg&amp;oe=689E923C\" \/>\n\t\t<script type=\"application\/ld+json\" class=\"aioseo-schema\">\n\t\t\t{\"@context\":\"https:\\\/\\\/schema.org\",\"@graph\":[{\"@type\":\"BlogPosting\",\"@id\":\"https:\\\/\\\/anoticiaonline.com.br\\\/site\\\/criadores-marcam-presenca-na-2o-copa-de-marcha-do-nucleo-dos-criadores-do-cavalo-mangalarga-marchador-de-muriae-e-regiao\\\/#blogposting\",\"name\":\"Criadores marcam presen\\u00e7a na 2\\u00ba Copa de Marcha do N\\u00facleo dos Criadores do Cavalo Mangalarga Marchador de Muria\\u00e9 e Regi\\u00e3o - A Not\\u00edcia Online\",\"headline\":\"Criadores marcam presen\\u00e7a na 2\\u00ba Copa de Marcha do N\\u00facleo dos Criadores do Cavalo Mangalarga Marchador de Muria\\u00e9 e Regi\\u00e3o\",\"author\":{\"@id\":\"https:\\\/\\\/anoticiaonline.com.br\\\/site\\\/author\\\/leandro\\\/#author\"},\"publisher\":{\"@id\":\"https:\\\/\\\/anoticiaonline.com.br\\\/site\\\/#organization\"},\"image\":{\"@type\":\"ImageObject\",\"url\":\"https:\\\/\\\/anoticiaonline.com.br\\\/site\\\/wp-content\\\/uploads\\\/2018\\\/11\\\/DSC_0458.jpg\",\"width\":998,\"height\":667},\"datePublished\":\"2018-11-08T23:05:48-03:00\",\"dateModified\":\"2018-11-08T23:05:48-03:00\",\"inLanguage\":\"pt-BR\",\"mainEntityOfPage\":{\"@id\":\"https:\\\/\\\/anoticiaonline.com.br\\\/site\\\/criadores-marcam-presenca-na-2o-copa-de-marcha-do-nucleo-dos-criadores-do-cavalo-mangalarga-marchador-de-muriae-e-regiao\\\/#webpage\"},\"isPartOf\":{\"@id\":\"https:\\\/\\\/anoticiaonline.com.br\\\/site\\\/criadores-marcam-presenca-na-2o-copa-de-marcha-do-nucleo-dos-criadores-do-cavalo-mangalarga-marchador-de-muriae-e-regiao\\\/#webpage\"},\"articleSection\":\"Blog, Eventos\"},{\"@type\":\"BreadcrumbList\",\"@id\":\"https:\\\/\\\/anoticiaonline.com.br\\\/site\\\/criadores-marcam-presenca-na-2o-copa-de-marcha-do-nucleo-dos-criadores-do-cavalo-mangalarga-marchador-de-muriae-e-regiao\\\/#breadcrumblist\",\"itemListElement\":[{\"@type\":\"ListItem\",\"@id\":\"https:\\\/\\\/anoticiaonline.com.br\\\/site#listItem\",\"position\":1,\"name\":\"Home\",\"item\":\"https:\\\/\\\/anoticiaonline.com.br\\\/site\",\"nextItem\":{\"@type\":\"ListItem\",\"@id\":\"https:\\\/\\\/anoticiaonline.com.br\\\/site\\\/categoria\\\/eventos\\\/#listItem\",\"name\":\"Eventos\"}},{\"@type\":\"ListItem\",\"@id\":\"https:\\\/\\\/anoticiaonline.com.br\\\/site\\\/categoria\\\/eventos\\\/#listItem\",\"position\":2,\"name\":\"Eventos\",\"item\":\"https:\\\/\\\/anoticiaonline.com.br\\\/site\\\/categoria\\\/eventos\\\/\",\"nextItem\":{\"@type\":\"ListItem\",\"@id\":\"https:\\\/\\\/anoticiaonline.com.br\\\/site\\\/criadores-marcam-presenca-na-2o-copa-de-marcha-do-nucleo-dos-criadores-do-cavalo-mangalarga-marchador-de-muriae-e-regiao\\\/#listItem\",\"name\":\"Criadores marcam presen\\u00e7a na 2\\u00ba Copa de Marcha do N\\u00facleo dos Criadores do Cavalo Mangalarga Marchador de Muria\\u00e9 e Regi\\u00e3o\"},\"previousItem\":{\"@type\":\"ListItem\",\"@id\":\"https:\\\/\\\/anoticiaonline.com.br\\\/site#listItem\",\"name\":\"Home\"}},{\"@type\":\"ListItem\",\"@id\":\"https:\\\/\\\/anoticiaonline.com.br\\\/site\\\/criadores-marcam-presenca-na-2o-copa-de-marcha-do-nucleo-dos-criadores-do-cavalo-mangalarga-marchador-de-muriae-e-regiao\\\/#listItem\",\"position\":3,\"name\":\"Criadores marcam presen\\u00e7a na 2\\u00ba Copa de Marcha do N\\u00facleo dos Criadores do Cavalo Mangalarga Marchador de Muria\\u00e9 e Regi\\u00e3o\",\"previousItem\":{\"@type\":\"ListItem\",\"@id\":\"https:\\\/\\\/anoticiaonline.com.br\\\/site\\\/categoria\\\/eventos\\\/#listItem\",\"name\":\"Eventos\"}}]},{\"@type\":\"Organization\",\"@id\":\"https:\\\/\\\/anoticiaonline.com.br\\\/site\\\/#organization\",\"name\":\"A Not\\u00edcia Online\",\"description\":\"Noticias de Muria\\u00e9 e regi\\u00e3o\",\"url\":\"https:\\\/\\\/anoticiaonline.com.br\\\/site\\\/\",\"logo\":{\"@type\":\"ImageObject\",\"url\":\"https:\\\/\\\/scontent-gig4-1.xx.fbcdn.net\\\/v\\\/t39.30808-1\\\/270437624_4564083193639691_6907940295614233970_n.jpg?stp=dst-jpg_s200x200_tt6&_nc_cat=111&ccb=1-7&_nc_sid=f907e8&_nc_ohc=SM1wRlP3lJwQ7kNvwEPuBYA&_nc_oc=AdnqrjDN_BNjSSHWO-GbkIWH6fkGMLw4bqvL_NH6e2wMveX7G-rP2dAqsDSq1mJMOaY&_nc_zt=24&_nc_ht=scontent-gig4-1.xx&_nc_gid=AoBFJeGrT1hVaew_6rchkQ&oh=00_AfX7QmFGhQhG2jAllVgXCiM1ZrWgvtp80-Bfppyexh1QEg&oe=689E923C\",\"@id\":\"https:\\\/\\\/anoticiaonline.com.br\\\/site\\\/criadores-marcam-presenca-na-2o-copa-de-marcha-do-nucleo-dos-criadores-do-cavalo-mangalarga-marchador-de-muriae-e-regiao\\\/#organizationLogo\"},\"image\":{\"@id\":\"https:\\\/\\\/anoticiaonline.com.br\\\/site\\\/criadores-marcam-presenca-na-2o-copa-de-marcha-do-nucleo-dos-criadores-do-cavalo-mangalarga-marchador-de-muriae-e-regiao\\\/#organizationLogo\"}},{\"@type\":\"Person\",\"@id\":\"https:\\\/\\\/anoticiaonline.com.br\\\/site\\\/author\\\/leandro\\\/#author\",\"url\":\"https:\\\/\\\/anoticiaonline.com.br\\\/site\\\/author\\\/leandro\\\/\",\"name\":\"Leandro Bebiano\",\"image\":{\"@type\":\"ImageObject\",\"@id\":\"https:\\\/\\\/anoticiaonline.com.br\\\/site\\\/criadores-marcam-presenca-na-2o-copa-de-marcha-do-nucleo-dos-criadores-do-cavalo-mangalarga-marchador-de-muriae-e-regiao\\\/#authorImage\",\"url\":\"https:\\\/\\\/secure.gravatar.com\\\/avatar\\\/99966a20c143db97c8590c2013307c7c234a4cca48ed5657cbb47e22a400bd5f?s=96&d=mm&r=g\",\"width\":96,\"height\":96,\"caption\":\"Leandro Bebiano\"}},{\"@type\":\"WebPage\",\"@id\":\"https:\\\/\\\/anoticiaonline.com.br\\\/site\\\/criadores-marcam-presenca-na-2o-copa-de-marcha-do-nucleo-dos-criadores-do-cavalo-mangalarga-marchador-de-muriae-e-regiao\\\/#webpage\",\"url\":\"https:\\\/\\\/anoticiaonline.com.br\\\/site\\\/criadores-marcam-presenca-na-2o-copa-de-marcha-do-nucleo-dos-criadores-do-cavalo-mangalarga-marchador-de-muriae-e-regiao\\\/\",\"name\":\"Criadores marcam presen\\u00e7a na 2\\u00ba Copa de Marcha do N\\u00facleo dos Criadores do Cavalo Mangalarga Marchador de Muria\\u00e9 e Regi\\u00e3o - A Not\\u00edcia Online\",\"description\":\"Criadores marcaram presen\\u00e7a 2\\u00ba Copa de Marcha promovida pelo N\\u00facleo dos Criadores do Cavalo Mangalarga Marchador de Muria\\u00e9 e Regi\\u00e3o (NCCMM), no \\u00faltimo s\\u00e1bado (3), no Parque de Exposi\\u00e7\\u00f5es Lael Varella. Apoiado pelo Sindicato Rural de Muria\\u00e9 e com Chancela da Mangalarga Marchador, o evento contou com 15 categorias, premia\\u00e7\\u00e3o de R$10 mil em dinheiro,\",\"inLanguage\":\"pt-BR\",\"isPartOf\":{\"@id\":\"https:\\\/\\\/anoticiaonline.com.br\\\/site\\\/#website\"},\"breadcrumb\":{\"@id\":\"https:\\\/\\\/anoticiaonline.com.br\\\/site\\\/criadores-marcam-presenca-na-2o-copa-de-marcha-do-nucleo-dos-criadores-do-cavalo-mangalarga-marchador-de-muriae-e-regiao\\\/#breadcrumblist\"},\"author\":{\"@id\":\"https:\\\/\\\/anoticiaonline.com.br\\\/site\\\/author\\\/leandro\\\/#author\"},\"creator\":{\"@id\":\"https:\\\/\\\/anoticiaonline.com.br\\\/site\\\/author\\\/leandro\\\/#author\"},\"image\":{\"@type\":\"ImageObject\",\"url\":\"https:\\\/\\\/anoticiaonline.com.br\\\/site\\\/wp-content\\\/uploads\\\/2018\\\/11\\\/DSC_0458.jpg\",\"@id\":\"https:\\\/\\\/anoticiaonline.com.br\\\/site\\\/criadores-marcam-presenca-na-2o-copa-de-marcha-do-nucleo-dos-criadores-do-cavalo-mangalarga-marchador-de-muriae-e-regiao\\\/#mainImage\",\"width\":998,\"height\":667},\"primaryImageOfPage\":{\"@id\":\"https:\\\/\\\/anoticiaonline.com.br\\\/site\\\/criadores-marcam-presenca-na-2o-copa-de-marcha-do-nucleo-dos-criadores-do-cavalo-mangalarga-marchador-de-muriae-e-regiao\\\/#mainImage\"},\"datePublished\":\"2018-11-08T23:05:48-03:00\",\"dateModified\":\"2018-11-08T23:05:48-03:00\"},{\"@type\":\"WebSite\",\"@id\":\"https:\\\/\\\/anoticiaonline.com.br\\\/site\\\/#website\",\"url\":\"https:\\\/\\\/anoticiaonline.com.br\\\/site\\\/\",\"name\":\"A Not\\u00edcia Online\",\"description\":\"Noticias de Muria\\u00e9 e regi\\u00e3o\",\"inLanguage\":\"pt-BR\",\"publisher\":{\"@id\":\"https:\\\/\\\/anoticiaonline.com.br\\\/site\\\/#organization\"}}]}\n\t\t<\/script>\n\t\t<!-- All in One SEO -->\n\n","aioseo_head_json":{"title":"Criadores marcam presen\u00e7a na 2\u00ba Copa de Marcha do N\u00facleo dos Criadores do Cavalo Mangalarga Marchador de Muria\u00e9 e Regi\u00e3o - A Not\u00edcia Online","description":"Criadores marcaram presen\u00e7a 2\u00ba Copa de Marcha promovida pelo N\u00facleo dos Criadores do Cavalo Mangalarga Marchador de Muria\u00e9 e Regi\u00e3o (NCCMM), no \u00faltimo s\u00e1bado (3), no Parque de Exposi\u00e7\u00f5es Lael Varella. Apoiado pelo Sindicato Rural de Muria\u00e9 e com Chancela da Mangalarga Marchador, o evento contou com 15 categorias, premia\u00e7\u00e3o de R$10 mil em dinheiro,","canonical_url":"https:\/\/anoticiaonline.com.br\/site\/criadores-marcam-presenca-na-2o-copa-de-marcha-do-nucleo-dos-criadores-do-cavalo-mangalarga-marchador-de-muriae-e-regiao\/","robots":"max-image-preview:large","keywords":"","webmasterTools":{"miscellaneous":""},"schema":{"@context":"https:\/\/schema.org","@graph":[{"@type":"BlogPosting","@id":"https:\/\/anoticiaonline.com.br\/site\/criadores-marcam-presenca-na-2o-copa-de-marcha-do-nucleo-dos-criadores-do-cavalo-mangalarga-marchador-de-muriae-e-regiao\/#blogposting","name":"Criadores marcam presen\u00e7a na 2\u00ba Copa de Marcha do N\u00facleo dos Criadores do Cavalo Mangalarga Marchador de Muria\u00e9 e Regi\u00e3o - A Not\u00edcia Online","headline":"Criadores marcam presen\u00e7a na 2\u00ba Copa de Marcha do N\u00facleo dos Criadores do Cavalo Mangalarga Marchador de Muria\u00e9 e Regi\u00e3o","author":{"@id":"https:\/\/anoticiaonline.com.br\/site\/author\/leandro\/#author"},"publisher":{"@id":"https:\/\/anoticiaonline.com.br\/site\/#organization"},"image":{"@type":"ImageObject","url":"https:\/\/anoticiaonline.com.br\/site\/wp-content\/uploads\/2018\/11\/DSC_0458.jpg","width":998,"height":667},"datePublished":"2018-11-08T23:05:48-03:00","dateModified":"2018-11-08T23:05:48-03:00","inLanguage":"pt-BR","mainEntityOfPage":{"@id":"https:\/\/anoticiaonline.com.br\/site\/criadores-marcam-presenca-na-2o-copa-de-marcha-do-nucleo-dos-criadores-do-cavalo-mangalarga-marchador-de-muriae-e-regiao\/#webpage"},"isPartOf":{"@id":"https:\/\/anoticiaonline.com.br\/site\/criadores-marcam-presenca-na-2o-copa-de-marcha-do-nucleo-dos-criadores-do-cavalo-mangalarga-marchador-de-muriae-e-regiao\/#webpage"},"articleSection":"Blog, Eventos"},{"@type":"BreadcrumbList","@id":"https:\/\/anoticiaonline.com.br\/site\/criadores-marcam-presenca-na-2o-copa-de-marcha-do-nucleo-dos-criadores-do-cavalo-mangalarga-marchador-de-muriae-e-regiao\/#breadcrumblist","itemListElement":[{"@type":"ListItem","@id":"https:\/\/anoticiaonline.com.br\/site#listItem","position":1,"name":"Home","item":"https:\/\/anoticiaonline.com.br\/site","nextItem":{"@type":"ListItem","@id":"https:\/\/anoticiaonline.com.br\/site\/categoria\/eventos\/#listItem","name":"Eventos"}},{"@type":"ListItem","@id":"https:\/\/anoticiaonline.com.br\/site\/categoria\/eventos\/#listItem","position":2,"name":"Eventos","item":"https:\/\/anoticiaonline.com.br\/site\/categoria\/eventos\/","nextItem":{"@type":"ListItem","@id":"https:\/\/anoticiaonline.com.br\/site\/criadores-marcam-presenca-na-2o-copa-de-marcha-do-nucleo-dos-criadores-do-cavalo-mangalarga-marchador-de-muriae-e-regiao\/#listItem","name":"Criadores marcam presen\u00e7a na 2\u00ba Copa de Marcha do N\u00facleo dos Criadores do Cavalo Mangalarga Marchador de Muria\u00e9 e Regi\u00e3o"},"previousItem":{"@type":"ListItem","@id":"https:\/\/anoticiaonline.com.br\/site#listItem","name":"Home"}},{"@type":"ListItem","@id":"https:\/\/anoticiaonline.com.br\/site\/criadores-marcam-presenca-na-2o-copa-de-marcha-do-nucleo-dos-criadores-do-cavalo-mangalarga-marchador-de-muriae-e-regiao\/#listItem","position":3,"name":"Criadores marcam presen\u00e7a na 2\u00ba Copa de Marcha do N\u00facleo dos Criadores do Cavalo Mangalarga Marchador de Muria\u00e9 e Regi\u00e3o","previousItem":{"@type":"ListItem","@id":"https:\/\/anoticiaonline.com.br\/site\/categoria\/eventos\/#listItem","name":"Eventos"}}]},{"@type":"Organization","@id":"https:\/\/anoticiaonline.com.br\/site\/#organization","name":"A Not\u00edcia Online","description":"Noticias de Muria\u00e9 e regi\u00e3o","url":"https:\/\/anoticiaonline.com.br\/site\/","logo":{"@type":"ImageObject","url":"https:\/\/scontent-gig4-1.xx.fbcdn.net\/v\/t39.30808-1\/270437624_4564083193639691_6907940295614233970_n.jpg?stp=dst-jpg_s200x200_tt6&_nc_cat=111&ccb=1-7&_nc_sid=f907e8&_nc_ohc=SM1wRlP3lJwQ7kNvwEPuBYA&_nc_oc=AdnqrjDN_BNjSSHWO-GbkIWH6fkGMLw4bqvL_NH6e2wMveX7G-rP2dAqsDSq1mJMOaY&_nc_zt=24&_nc_ht=scontent-gig4-1.xx&_nc_gid=AoBFJeGrT1hVaew_6rchkQ&oh=00_AfX7QmFGhQhG2jAllVgXCiM1ZrWgvtp80-Bfppyexh1QEg&oe=689E923C","@id":"https:\/\/anoticiaonline.com.br\/site\/criadores-marcam-presenca-na-2o-copa-de-marcha-do-nucleo-dos-criadores-do-cavalo-mangalarga-marchador-de-muriae-e-regiao\/#organizationLogo"},"image":{"@id":"https:\/\/anoticiaonline.com.br\/site\/criadores-marcam-presenca-na-2o-copa-de-marcha-do-nucleo-dos-criadores-do-cavalo-mangalarga-marchador-de-muriae-e-regiao\/#organizationLogo"}},{"@type":"Person","@id":"https:\/\/anoticiaonline.com.br\/site\/author\/leandro\/#author","url":"https:\/\/anoticiaonline.com.br\/site\/author\/leandro\/","name":"Leandro Bebiano","image":{"@type":"ImageObject","@id":"https:\/\/anoticiaonline.com.br\/site\/criadores-marcam-presenca-na-2o-copa-de-marcha-do-nucleo-dos-criadores-do-cavalo-mangalarga-marchador-de-muriae-e-regiao\/#authorImage","url":"https:\/\/secure.gravatar.com\/avatar\/99966a20c143db97c8590c2013307c7c234a4cca48ed5657cbb47e22a400bd5f?s=96&d=mm&r=g","width":96,"height":96,"caption":"Leandro Bebiano"}},{"@type":"WebPage","@id":"https:\/\/anoticiaonline.com.br\/site\/criadores-marcam-presenca-na-2o-copa-de-marcha-do-nucleo-dos-criadores-do-cavalo-mangalarga-marchador-de-muriae-e-regiao\/#webpage","url":"https:\/\/anoticiaonline.com.br\/site\/criadores-marcam-presenca-na-2o-copa-de-marcha-do-nucleo-dos-criadores-do-cavalo-mangalarga-marchador-de-muriae-e-regiao\/","name":"Criadores marcam presen\u00e7a na 2\u00ba Copa de Marcha do N\u00facleo dos Criadores do Cavalo Mangalarga Marchador de Muria\u00e9 e Regi\u00e3o - A Not\u00edcia Online","description":"Criadores marcaram presen\u00e7a 2\u00ba Copa de Marcha promovida pelo N\u00facleo dos Criadores do Cavalo Mangalarga Marchador de Muria\u00e9 e Regi\u00e3o (NCCMM), no \u00faltimo s\u00e1bado (3), no Parque de Exposi\u00e7\u00f5es Lael Varella. Apoiado pelo Sindicato Rural de Muria\u00e9 e com Chancela da Mangalarga Marchador, o evento contou com 15 categorias, premia\u00e7\u00e3o de R$10 mil em dinheiro,","inLanguage":"pt-BR","isPartOf":{"@id":"https:\/\/anoticiaonline.com.br\/site\/#website"},"breadcrumb":{"@id":"https:\/\/anoticiaonline.com.br\/site\/criadores-marcam-presenca-na-2o-copa-de-marcha-do-nucleo-dos-criadores-do-cavalo-mangalarga-marchador-de-muriae-e-regiao\/#breadcrumblist"},"author":{"@id":"https:\/\/anoticiaonline.com.br\/site\/author\/leandro\/#author"},"creator":{"@id":"https:\/\/anoticiaonline.com.br\/site\/author\/leandro\/#author"},"image":{"@type":"ImageObject","url":"https:\/\/anoticiaonline.com.br\/site\/wp-content\/uploads\/2018\/11\/DSC_0458.jpg","@id":"https:\/\/anoticiaonline.com.br\/site\/criadores-marcam-presenca-na-2o-copa-de-marcha-do-nucleo-dos-criadores-do-cavalo-mangalarga-marchador-de-muriae-e-regiao\/#mainImage","width":998,"height":667},"primaryImageOfPage":{"@id":"https:\/\/anoticiaonline.com.br\/site\/criadores-marcam-presenca-na-2o-copa-de-marcha-do-nucleo-dos-criadores-do-cavalo-mangalarga-marchador-de-muriae-e-regiao\/#mainImage"},"datePublished":"2018-11-08T23:05:48-03:00","dateModified":"2018-11-08T23:05:48-03:00"},{"@type":"WebSite","@id":"https:\/\/anoticiaonline.com.br\/site\/#website","url":"https:\/\/anoticiaonline.com.br\/site\/","name":"A Not\u00edcia Online","description":"Noticias de Muria\u00e9 e regi\u00e3o","inLanguage":"pt-BR","publisher":{"@id":"https:\/\/anoticiaonline.com.br\/site\/#organization"}}]},"og:locale":"pt_BR","og:site_name":"A Not\u00edcia Online - Noticias de Muria\u00e9 e regi\u00e3o","og:type":"article","og:title":"Criadores marcam presen\u00e7a na 2\u00ba Copa de Marcha do N\u00facleo dos Criadores do Cavalo Mangalarga Marchador de Muria\u00e9 e Regi\u00e3o - A Not\u00edcia Online","og:description":"Criadores marcaram presen\u00e7a 2\u00ba Copa de Marcha promovida pelo N\u00facleo dos Criadores do Cavalo Mangalarga Marchador de Muria\u00e9 e Regi\u00e3o (NCCMM), no \u00faltimo s\u00e1bado (3), no Parque de Exposi\u00e7\u00f5es Lael Varella. Apoiado pelo Sindicato Rural de Muria\u00e9 e com Chancela da Mangalarga Marchador, o evento contou com 15 categorias, premia\u00e7\u00e3o de R$10 mil em dinheiro,","og:url":"https:\/\/anoticiaonline.com.br\/site\/criadores-marcam-presenca-na-2o-copa-de-marcha-do-nucleo-dos-criadores-do-cavalo-mangalarga-marchador-de-muriae-e-regiao\/","og:image":"https:\/\/scontent-gig4-1.xx.fbcdn.net\/v\/t39.30808-1\/270437624_4564083193639691_6907940295614233970_n.jpg?stp=dst-jpg_s200x200_tt6&#038;_nc_cat=111&#038;ccb=1-7&#038;_nc_sid=f907e8&#038;_nc_ohc=SM1wRlP3lJwQ7kNvwEPuBYA&#038;_nc_oc=AdnqrjDN_BNjSSHWO-GbkIWH6fkGMLw4bqvL_NH6e2wMveX7G-rP2dAqsDSq1mJMOaY&#038;_nc_zt=24&#038;_nc_ht=scontent-gig4-1.xx&#038;_nc_gid=AoBFJeGrT1hVaew_6rchkQ&#038;oh=00_AfX7QmFGhQhG2jAllVgXCiM1ZrWgvtp80-Bfppyexh1QEg&#038;oe=689E923C","og:image:secure_url":"https:\/\/scontent-gig4-1.xx.fbcdn.net\/v\/t39.30808-1\/270437624_4564083193639691_6907940295614233970_n.jpg?stp=dst-jpg_s200x200_tt6&#038;_nc_cat=111&#038;ccb=1-7&#038;_nc_sid=f907e8&#038;_nc_ohc=SM1wRlP3lJwQ7kNvwEPuBYA&#038;_nc_oc=AdnqrjDN_BNjSSHWO-GbkIWH6fkGMLw4bqvL_NH6e2wMveX7G-rP2dAqsDSq1mJMOaY&#038;_nc_zt=24&#038;_nc_ht=scontent-gig4-1.xx&#038;_nc_gid=AoBFJeGrT1hVaew_6rchkQ&#038;oh=00_AfX7QmFGhQhG2jAllVgXCiM1ZrWgvtp80-Bfppyexh1QEg&#038;oe=689E923C","article:published_time":"2018-11-09T02:05:48+00:00","article:modified_time":"2018-11-09T02:05:48+00:00","twitter:card":"summary_large_image","twitter:title":"Criadores marcam presen\u00e7a na 2\u00ba Copa de Marcha do N\u00facleo dos Criadores do Cavalo Mangalarga Marchador de Muria\u00e9 e Regi\u00e3o - A Not\u00edcia Online","twitter:description":"Criadores marcaram presen\u00e7a 2\u00ba Copa de Marcha promovida pelo N\u00facleo dos Criadores do Cavalo Mangalarga Marchador de Muria\u00e9 e Regi\u00e3o (NCCMM), no \u00faltimo s\u00e1bado (3), no Parque de Exposi\u00e7\u00f5es Lael Varella. Apoiado pelo Sindicato Rural de Muria\u00e9 e com Chancela da Mangalarga Marchador, o evento contou com 15 categorias, premia\u00e7\u00e3o de R$10 mil em dinheiro,","twitter:image":"https:\/\/scontent-gig4-1.xx.fbcdn.net\/v\/t39.30808-1\/270437624_4564083193639691_6907940295614233970_n.jpg?stp=dst-jpg_s200x200_tt6&_nc_cat=111&ccb=1-7&_nc_sid=f907e8&_nc_ohc=SM1wRlP3lJwQ7kNvwEPuBYA&_nc_oc=AdnqrjDN_BNjSSHWO-GbkIWH6fkGMLw4bqvL_NH6e2wMveX7G-rP2dAqsDSq1mJMOaY&_nc_zt=24&_nc_ht=scontent-gig4-1.xx&_nc_gid=AoBFJeGrT1hVaew_6rchkQ&oh=00_AfX7QmFGhQhG2jAllVgXCiM1ZrWgvtp80-Bfppyexh1QEg&oe=689E923C"},"aioseo_meta_data":{"post_id":"64389","title":null,"description":null,"keywords":null,"keyphrases":null,"primary_term":null,"canonical_url":null,"og_title":null,"og_description":null,"og_object_type":"default","og_image_type":"default","og_image_url":null,"og_image_width":null,"og_image_height":null,"og_image_custom_url":null,"og_image_custom_fields":null,"og_video":null,"og_custom_url":null,"og_article_section":null,"og_article_tags":null,"twitter_use_og":false,"twitter_card":"default","twitter_image_type":"default","twitter_image_url":null,"twitter_image_custom_url":null,"twitter_image_custom_fields":null,"twitter_title":null,"twitter_description":null,"schema":{"blockGraphs":[],"customGraphs":[],"default":{"data":{"Article":[],"Course":[],"Dataset":[],"FAQPage":[],"Movie":[],"Person":[],"Product":[],"ProductReview":[],"Car":[],"Recipe":[],"Service":[],"SoftwareApplication":[],"WebPage":[]},"graphName":"","isEnabled":true},"graphs":[]},"schema_type":"default","schema_type_options":null,"pillar_content":false,"robots_default":true,"robots_noindex":false,"robots_noarchive":false,"robots_nosnippet":false,"robots_nofollow":false,"robots_noimageindex":false,"robots_noodp":false,"robots_notranslate":false,"robots_max_snippet":null,"robots_max_videopreview":null,"robots_max_imagepreview":"large","priority":null,"frequency":null,"local_seo":null,"breadcrumb_settings":null,"limit_modified_date":false,"ai":null,"created":"2025-08-16 22:04:24","updated":"2025-08-16 22:04:24","focus_keyword":null,"additional_keywords":null,"truseo_locale":null,"seo_analyzer_scan_date":null},"aioseo_breadcrumb":"<div class=\"aioseo-breadcrumbs\"><span class=\"aioseo-breadcrumb\">\n\t\t\t<a href=\"https:\/\/anoticiaonline.com.br\/site\" title=\"Home\">Home<\/a>\n\t\t<\/span><span class=\"aioseo-breadcrumb-separator\">&raquo;<\/span><span class=\"aioseo-breadcrumb\">\n\t\t\t<a href=\"https:\/\/anoticiaonline.com.br\/site\/categoria\/eventos\/\" title=\"Eventos\">Eventos<\/a>\n\t\t<\/span><span class=\"aioseo-breadcrumb-separator\">&raquo;<\/span><span class=\"aioseo-breadcrumb\">\n\t\t\tCriadores marcam presen\u00e7a na 2\u00ba Copa de Marcha do N\u00facleo dos Criadores do Cavalo Mangalarga Marchador de Muria\u00e9 e Regi\u00e3o\n\t\t<\/span><\/div>","aioseo_breadcrumb_json":[{"label":"Home","link":"https:\/\/anoticiaonline.com.br\/site"},{"label":"Eventos","link":"https:\/\/anoticiaonline.com.br\/site\/categoria\/eventos\/"},{"label":"Criadores marcam presen\u00e7a na 2\u00ba Copa de Marcha do N\u00facleo dos Criadores do Cavalo Mangalarga Marchador de Muria\u00e9 e Regi\u00e3o","link":"https:\/\/anoticiaonline.com.br\/site\/criadores-marcam-presenca-na-2o-copa-de-marcha-do-nucleo-dos-criadores-do-cavalo-mangalarga-marchador-de-muriae-e-regiao\/"}],"views":196,"_links":{"self":[{"href":"https:\/\/anoticiaonline.com.br\/site\/wp-json\/wp\/v2\/posts\/64389","targetHints":{"allow":["GET"]}}],"collection":[{"href":"https:\/\/anoticiaonline.com.br\/site\/wp-json\/wp\/v2\/posts"}],"about":[{"href":"https:\/\/anoticiaonline.com.br\/site\/wp-json\/wp\/v2\/types\/post"}],"author":[{"embeddable":true,"href":"https:\/\/anoticiaonline.com.br\/site\/wp-json\/wp\/v2\/users\/7"}],"replies":[{"embeddable":true,"href":"https:\/\/anoticiaonline.com.br\/site\/wp-json\/wp\/v2\/comments?post=64389"}],"version-history":[{"count":0,"href":"https:\/\/anoticiaonline.com.br\/site\/wp-json\/wp\/v2\/posts\/64389\/revisions"}],"wp:featuredmedia":[{"embeddable":true,"href":"https:\/\/anoticiaonline.com.br\/site\/wp-json\/wp\/v2\/media\/64390"}],"wp:attachment":[{"href":"https:\/\/anoticiaonline.com.br\/site\/wp-json\/wp\/v2\/media?parent=64389"}],"wp:term":[{"taxonomy":"category","embeddable":true,"href":"https:\/\/anoticiaonline.com.br\/site\/wp-json\/wp\/v2\/categories?post=64389"},{"taxonomy":"post_tag","embeddable":true,"href":"https:\/\/anoticiaonline.com.br\/site\/wp-json\/wp\/v2\/tags?post=64389"}],"curies":[{"name":"wp","href":"https:\/\/api.w.org\/{rel}","templated":true}]}}