{"id":64359,"date":"2018-11-08T23:03:20","date_gmt":"2018-11-09T02:03:20","guid":{"rendered":"http:\/\/anoticiaonline.com.br\/site\/?p=64359"},"modified":"2018-11-13T11:22:13","modified_gmt":"2018-11-13T14:22:13","slug":"2o-copa-de-marcha-do-nucleo-dos-criadores-do-cavalo-mangalarga-marchador-de-muriae-e-regiao","status":"publish","type":"post","link":"https:\/\/anoticiaonline.com.br\/site\/2o-copa-de-marcha-do-nucleo-dos-criadores-do-cavalo-mangalarga-marchador-de-muriae-e-regiao\/","title":{"rendered":"2\u00ba Copa de Marcha"},"content":{"rendered":"<p>&nbsp;<\/p>\n<h2>2\u00ba Copa de Marcha do N\u00facleo dos Criadores do Cavalo Mangalarga Marchador de Muria\u00e9 e Regi\u00e3o<\/h2>\n<p>&nbsp;<\/p>\n<p><a href=\"https:\/\/anoticiaonline.com.br\/site\/wp-content\/uploads\/2018\/11\/DSC_0228-1.jpg\"><img fetchpriority=\"high\" decoding=\"async\" class=\"aligncenter size-full wp-image-64361\" src=\"https:\/\/anoticiaonline.com.br\/site\/wp-content\/uploads\/2018\/11\/DSC_0228-1.jpg\" alt=\"\" width=\"998\" height=\"667\" srcset=\"https:\/\/anoticiaonline.com.br\/site\/wp-content\/uploads\/2018\/11\/DSC_0228-1.jpg 998w, https:\/\/anoticiaonline.com.br\/site\/wp-content\/uploads\/2018\/11\/DSC_0228-1-300x201.jpg 300w, https:\/\/anoticiaonline.com.br\/site\/wp-content\/uploads\/2018\/11\/DSC_0228-1-768x513.jpg 768w\" sizes=\"(max-width: 998px) 100vw, 998px\" \/><\/a>No \u00faltimo s\u00e1bado (3), o Parque de Exposi\u00e7\u00f5es Lael Varella foi palco da 2\u00ba Copa de Marcha organizada pelo N\u00facleo dos Criadores do Cavalo Mangalarga Marchador de Muria\u00e9 e Regi\u00e3o (NCCMM).<\/p>\n<p>Com apoio do Sindicato Rural de Muria\u00e9 e Chancela da Mangalarga Marchador, o evento contou com 15 categorias, premia\u00e7\u00e3o de R$10 mil em dinheiro, arbitragem de M\u00e1rcio Meirelles Leite, al\u00e9m de concurso para controlados, amazonas e mirim.<\/p>\n<p>Margareth Heloise, propriet\u00e1ria do Haras \u00c1guia Dourada e presidente do N\u00facleo de Criadores, disse que foi uma grande alegria poder realizar a 2\u00aa Copa de Marcha.<\/p>\n<p>\u201cAp\u00f3s um per\u00edodo sem realizar atividades, o NCCMM ressurge com um evento grandioso. Em apenas um dia, nesta 2\u00ba Copa de Marcha, conseguimos reunir animais de excelente qualidade gen\u00e9tica e criadores de diversas regi\u00f5es. Estou muito satisfeita com o sucesso do evento, que superou nossas expectativas. Aproveito a oportunidade para agradecer, primeiramente a Deus, minha fam\u00edlia, meu marido, meus filhos e todos \u00e0queles que sempre nos prestigiam, que gostam de vir a Muria\u00e9, participam dos nossos concursos, dos nossos eventos, das nossas confraterniza\u00e7\u00f5es e compartilham conosco este amor pelo cavalo. Vale dizer que estamos sempre procurando fazer o melhor poss\u00edvel, convidando \u00e1rbitros reconhecidos pela Associa\u00e7\u00e3o Brasileira de Criadores do Cavalo Mangalarga Marchador (ABCCMM), recebendo e atendendo as demandas dos tratadores, pe\u00f5es e todos aqueles que trabalham para alcan\u00e7ar o sucesso do evento e para a credibilidade do NCCMM\u201d.<\/p>\n<p><a href=\"https:\/\/anoticiaonline.com.br\/site\/wp-content\/uploads\/2018\/11\/DSC_0039.jpg\"><img decoding=\"async\" class=\"aligncenter size-full wp-image-64362\" src=\"https:\/\/anoticiaonline.com.br\/site\/wp-content\/uploads\/2018\/11\/DSC_0039.jpg\" alt=\"\" width=\"998\" height=\"667\" srcset=\"https:\/\/anoticiaonline.com.br\/site\/wp-content\/uploads\/2018\/11\/DSC_0039.jpg 998w, https:\/\/anoticiaonline.com.br\/site\/wp-content\/uploads\/2018\/11\/DSC_0039-300x201.jpg 300w, https:\/\/anoticiaonline.com.br\/site\/wp-content\/uploads\/2018\/11\/DSC_0039-768x513.jpg 768w\" sizes=\"(max-width: 998px) 100vw, 998px\" \/><\/a>Margareth Heloise tamb\u00e9m aproveitou a oportunidade para frisar que a pr\u00f3xima Copa de Marcha acontecer\u00e1 em setembro de 2019, mesma data da Exposi\u00e7\u00e3o Agropecu\u00e1ria e Industrial de Muria\u00e9. \u201cExcepcionalmente, este ano, ela aconteceu no m\u00eas de novembro. Al\u00e9m da Copa de Marcha, teremos ainda, em 2019, a Exposi\u00e7\u00e3o de In\u00e9ditos, com animais que nunca foram premiados, que acontecer\u00e1 em fevereiro e reunir\u00e1 criadores de Muria\u00e9 e regi\u00e3o, al\u00e9m da tradicional Exposi\u00e7\u00e3o Especializada que acontece, anualmente, em abril\u201d.<\/p>\n<p>Segundo, Henrique Aquino, presidente do Sindicato Rural de Muria\u00e9, apoiar a 2\u00ba Copa de Marcha do NCCMM \u00e9 de extrema import\u00e2ncia para o agroneg\u00f3cio da cidade e da regi\u00e3o. \u201cSem d\u00favida, este \u00e9 mais um bel\u00edssimo evento apoiado pelo Sindicato e que j\u00e1 faz parte do nosso calend\u00e1rio anual. A ra\u00e7a Mangalarga Marchador atrai criadores da regi\u00e3o e contribui para o desenvolvimento do setor. Aproveito a oportunidade para parabenizar a presidente do NCCMM, Margareth Heloise, pelo brilhante trabalho e para dizer que, no ano que vem, o Sindicato Rural de Muria\u00e9 apoiar\u00e1 a Exposi\u00e7\u00e3o de In\u00e9ditos, a Exposi\u00e7\u00e3o Especializada e 3\u00aa Copa de Marcha\u201d.<\/p>\n<p>Lael Varella Filho, precursor da ra\u00e7a em Muria\u00e9, tamb\u00e9m elogiou a organiza\u00e7\u00e3o do evento. \u201cMinha fam\u00edlia foi pioneira na cria\u00e7\u00e3o do Mangalarga Marchador, come\u00e7ando a atividade no in\u00edcio dos anos 1980. Hoje, com muito orgulho, podemos perceber que, a cada dia, a ra\u00e7a vem crescendo a passos longos, principalmente quando marcamos presen\u00e7a em eventos como este e nas Exposi\u00e7\u00f5es Especializadas\u201d.<\/p>\n<p>De acordo com M\u00e1rcio Meirelles Leite, \u00e1rbitro da 2\u00aa Copa de Marcha, o julgamento se faz nos moldes do regulamento da ABCCMM. \u201cOs animais s\u00e3o separados em machos e f\u00eameas e julgados em suas respectivas categorias, que v\u00e3o do \u201cCavalo J\u00fanior\u201d ao \u201cCavalo S\u00eanior\u201d, posteriormente, s\u00e3o escolhidos os campe\u00f5es macho e f\u00eamea e, ao final, o campe\u00e3o dos campe\u00f5es. Al\u00e9m do trof\u00e9u e do t\u00edtulo, os criadores recebem tamb\u00e9m uma premia\u00e7\u00e3o em dinheiro, o que incentiva, ainda mais, a participa\u00e7\u00e3o nos pr\u00f3ximos eventos. Gostaria de agradecer a oportunidade por estar, mais uma vez, em Muria\u00e9, cidade que j\u00e1 \u00e9 conhecida pela tradicional cria\u00e7\u00e3o e pelo fomento da ra\u00e7a Mangalarga Marchador\u201d.<\/p>\n<p>Agnaldo Machado de Andrade, t\u00e9cnico de registro geneal\u00f3gico da ABCCMM, pela primeira vez em Muria\u00e9, disse que o evento foi muito bem estruturado. \u201cMuria\u00e9 possui uma tradi\u00e7\u00e3o no setor e, por isso, j\u00e1 esperava por um n\u00famero expressivo de animais de alta qualidade. Aproveito a oportunidade para agradecer toda a diretoria do NCCMM pelo convite, aos criadores e todos aqueles que compareceram. Foi muito gratificante para mim\u201d.<\/p>\n<p><strong>Universal Elfar &#8211; <\/strong>O garanh\u00e3o da ra\u00e7a Mangalarga Marchador, Universal Elfar, enviado pelo seu dono Magdi Shaat, como um presente ao N\u00facleo de Muria\u00e9, marcou presen\u00e7a na 2\u00ba Copa de Marcha.<\/p>\n<p>Com o objetivo de angariar fundos para as a\u00e7\u00f5es do N\u00facleo dos Criadores do Cavalo Mangalarga Marchador de Muria\u00e9 e Regi\u00e3o, as coberturas do animal est\u00e3o \u00e0 disposi\u00e7\u00e3o dos criadores, associados ou n\u00e3o. \u201cAceitar o presente de Magdi Shaat foi uma forma que o NCCMM encontrou de ofertar aos criadores da regi\u00e3o uma gen\u00e9tica de alta qualidade a um pre\u00e7o acess\u00edvel. Aqueles que tiverem interesse em adquirir uma cobertura, podem entrar em contato com a diretoria do N\u00facleo, que proporcionar\u00e1 aos criadores de Muria\u00e9 e regi\u00e3o a possibilidade de adquirir uma excelente gen\u00e9tica em seu plantel\u201d, conta Margareth Heloise.<\/p>\n<div id='gallery-1' class='gallery galleryid-64359 gallery-columns-1 gallery-size-full'><figure class='gallery-item'>\n\t\t\t<div class='gallery-icon landscape'>\n\t\t\t\t<a href='https:\/\/anoticiaonline.com.br\/site\/wp-content\/uploads\/2018\/11\/DSC_0018.jpg'><img decoding=\"async\" width=\"998\" height=\"667\" src=\"https:\/\/anoticiaonline.com.br\/site\/wp-content\/uploads\/2018\/11\/DSC_0018.jpg\" class=\"attachment-full size-full\" alt=\"\" srcset=\"https:\/\/anoticiaonline.com.br\/site\/wp-content\/uploads\/2018\/11\/DSC_0018.jpg 998w, https:\/\/anoticiaonline.com.br\/site\/wp-content\/uploads\/2018\/11\/DSC_0018-300x201.jpg 300w, https:\/\/anoticiaonline.com.br\/site\/wp-content\/uploads\/2018\/11\/DSC_0018-768x513.jpg 768w\" sizes=\"(max-width: 998px) 100vw, 998px\" \/><\/a>\n\t\t\t<\/div><\/figure><figure class='gallery-item'>\n\t\t\t<div class='gallery-icon landscape'>\n\t\t\t\t<a href='https:\/\/anoticiaonline.com.br\/site\/wp-content\/uploads\/2018\/11\/DSC_0067-1.jpg'><img loading=\"lazy\" decoding=\"async\" width=\"998\" height=\"667\" src=\"https:\/\/anoticiaonline.com.br\/site\/wp-content\/uploads\/2018\/11\/DSC_0067-1.jpg\" class=\"attachment-full size-full\" alt=\"\" srcset=\"https:\/\/anoticiaonline.com.br\/site\/wp-content\/uploads\/2018\/11\/DSC_0067-1.jpg 998w, https:\/\/anoticiaonline.com.br\/site\/wp-content\/uploads\/2018\/11\/DSC_0067-1-300x201.jpg 300w, https:\/\/anoticiaonline.com.br\/site\/wp-content\/uploads\/2018\/11\/DSC_0067-1-768x513.jpg 768w\" sizes=\"(max-width: 998px) 100vw, 998px\" \/><\/a>\n\t\t\t<\/div><\/figure><figure class='gallery-item'>\n\t\t\t<div class='gallery-icon landscape'>\n\t\t\t\t<a href='https:\/\/anoticiaonline.com.br\/site\/wp-content\/uploads\/2018\/11\/DSC_0252.jpg'><img loading=\"lazy\" decoding=\"async\" width=\"998\" height=\"667\" src=\"https:\/\/anoticiaonline.com.br\/site\/wp-content\/uploads\/2018\/11\/DSC_0252.jpg\" class=\"attachment-full size-full\" alt=\"\" srcset=\"https:\/\/anoticiaonline.com.br\/site\/wp-content\/uploads\/2018\/11\/DSC_0252.jpg 998w, https:\/\/anoticiaonline.com.br\/site\/wp-content\/uploads\/2018\/11\/DSC_0252-300x201.jpg 300w, https:\/\/anoticiaonline.com.br\/site\/wp-content\/uploads\/2018\/11\/DSC_0252-768x513.jpg 768w\" sizes=\"(max-width: 998px) 100vw, 998px\" \/><\/a>\n\t\t\t<\/div><\/figure><figure class='gallery-item'>\n\t\t\t<div class='gallery-icon portrait'>\n\t\t\t\t<a href='https:\/\/anoticiaonline.com.br\/site\/wp-content\/uploads\/2018\/11\/DSC_0390.jpg'><img loading=\"lazy\" decoding=\"async\" width=\"446\" height=\"667\" src=\"https:\/\/anoticiaonline.com.br\/site\/wp-content\/uploads\/2018\/11\/DSC_0390.jpg\" class=\"attachment-full size-full\" alt=\"\" srcset=\"https:\/\/anoticiaonline.com.br\/site\/wp-content\/uploads\/2018\/11\/DSC_0390.jpg 446w, https:\/\/anoticiaonline.com.br\/site\/wp-content\/uploads\/2018\/11\/DSC_0390-201x300.jpg 201w\" sizes=\"(max-width: 446px) 100vw, 446px\" \/><\/a>\n\t\t\t<\/div><\/figure><figure class='gallery-item'>\n\t\t\t<div class='gallery-icon landscape'>\n\t\t\t\t<a href='https:\/\/anoticiaonline.com.br\/site\/wp-content\/uploads\/2018\/11\/DSC_0424.jpg'><img loading=\"lazy\" decoding=\"async\" width=\"998\" height=\"667\" src=\"https:\/\/anoticiaonline.com.br\/site\/wp-content\/uploads\/2018\/11\/DSC_0424.jpg\" class=\"attachment-full size-full\" alt=\"\" srcset=\"https:\/\/anoticiaonline.com.br\/site\/wp-content\/uploads\/2018\/11\/DSC_0424.jpg 998w, https:\/\/anoticiaonline.com.br\/site\/wp-content\/uploads\/2018\/11\/DSC_0424-300x201.jpg 300w, https:\/\/anoticiaonline.com.br\/site\/wp-content\/uploads\/2018\/11\/DSC_0424-768x513.jpg 768w\" sizes=\"(max-width: 998px) 100vw, 998px\" \/><\/a>\n\t\t\t<\/div><\/figure><figure class='gallery-item'>\n\t\t\t<div class='gallery-icon portrait'>\n\t\t\t\t<a href='https:\/\/anoticiaonline.com.br\/site\/wp-content\/uploads\/2018\/11\/DSC_0438.jpg'><img loading=\"lazy\" decoding=\"async\" width=\"446\" height=\"667\" src=\"https:\/\/anoticiaonline.com.br\/site\/wp-content\/uploads\/2018\/11\/DSC_0438.jpg\" class=\"attachment-full size-full\" alt=\"\" srcset=\"https:\/\/anoticiaonline.com.br\/site\/wp-content\/uploads\/2018\/11\/DSC_0438.jpg 446w, https:\/\/anoticiaonline.com.br\/site\/wp-content\/uploads\/2018\/11\/DSC_0438-201x300.jpg 201w\" sizes=\"(max-width: 446px) 100vw, 446px\" \/><\/a>\n\t\t\t<\/div><\/figure><figure class='gallery-item'>\n\t\t\t<div class='gallery-icon landscape'>\n\t\t\t\t<a href='https:\/\/anoticiaonline.com.br\/site\/wp-content\/uploads\/2018\/11\/DSC_0450-1.jpg'><img loading=\"lazy\" decoding=\"async\" width=\"998\" height=\"667\" src=\"https:\/\/anoticiaonline.com.br\/site\/wp-content\/uploads\/2018\/11\/DSC_0450-1.jpg\" class=\"attachment-full size-full\" alt=\"\" srcset=\"https:\/\/anoticiaonline.com.br\/site\/wp-content\/uploads\/2018\/11\/DSC_0450-1.jpg 998w, https:\/\/anoticiaonline.com.br\/site\/wp-content\/uploads\/2018\/11\/DSC_0450-1-300x201.jpg 300w, https:\/\/anoticiaonline.com.br\/site\/wp-content\/uploads\/2018\/11\/DSC_0450-1-768x513.jpg 768w\" sizes=\"(max-width: 998px) 100vw, 998px\" \/><\/a>\n\t\t\t<\/div><\/figure><figure class='gallery-item'>\n\t\t\t<div class='gallery-icon landscape'>\n\t\t\t\t<a href='https:\/\/anoticiaonline.com.br\/site\/wp-content\/uploads\/2018\/11\/DSC_0463-2.jpg'><img loading=\"lazy\" decoding=\"async\" width=\"998\" height=\"667\" src=\"https:\/\/anoticiaonline.com.br\/site\/wp-content\/uploads\/2018\/11\/DSC_0463-2.jpg\" class=\"attachment-full size-full\" alt=\"\" srcset=\"https:\/\/anoticiaonline.com.br\/site\/wp-content\/uploads\/2018\/11\/DSC_0463-2.jpg 998w, https:\/\/anoticiaonline.com.br\/site\/wp-content\/uploads\/2018\/11\/DSC_0463-2-300x201.jpg 300w, https:\/\/anoticiaonline.com.br\/site\/wp-content\/uploads\/2018\/11\/DSC_0463-2-768x513.jpg 768w\" sizes=\"(max-width: 998px) 100vw, 998px\" \/><\/a>\n\t\t\t<\/div><\/figure><figure class='gallery-item'>\n\t\t\t<div class='gallery-icon landscape'>\n\t\t\t\t<a href='https:\/\/anoticiaonline.com.br\/site\/wp-content\/uploads\/2018\/11\/DSC_0470.jpg'><img loading=\"lazy\" decoding=\"async\" width=\"998\" height=\"667\" src=\"https:\/\/anoticiaonline.com.br\/site\/wp-content\/uploads\/2018\/11\/DSC_0470.jpg\" class=\"attachment-full size-full\" alt=\"\" srcset=\"https:\/\/anoticiaonline.com.br\/site\/wp-content\/uploads\/2018\/11\/DSC_0470.jpg 998w, https:\/\/anoticiaonline.com.br\/site\/wp-content\/uploads\/2018\/11\/DSC_0470-300x201.jpg 300w, https:\/\/anoticiaonline.com.br\/site\/wp-content\/uploads\/2018\/11\/DSC_0470-768x513.jpg 768w\" sizes=\"(max-width: 998px) 100vw, 998px\" \/><\/a>\n\t\t\t<\/div><\/figure><figure class='gallery-item'>\n\t\t\t<div class='gallery-icon portrait'>\n\t\t\t\t<a href='https:\/\/anoticiaonline.com.br\/site\/wp-content\/uploads\/2018\/11\/DSC_0483-1.jpg'><img loading=\"lazy\" decoding=\"async\" width=\"446\" height=\"667\" src=\"https:\/\/anoticiaonline.com.br\/site\/wp-content\/uploads\/2018\/11\/DSC_0483-1.jpg\" class=\"attachment-full size-full\" alt=\"\" srcset=\"https:\/\/anoticiaonline.com.br\/site\/wp-content\/uploads\/2018\/11\/DSC_0483-1.jpg 446w, https:\/\/anoticiaonline.com.br\/site\/wp-content\/uploads\/2018\/11\/DSC_0483-1-201x300.jpg 201w\" sizes=\"(max-width: 446px) 100vw, 446px\" \/><\/a>\n\t\t\t<\/div><\/figure><figure class='gallery-item'>\n\t\t\t<div class='gallery-icon portrait'>\n\t\t\t\t<a href='https:\/\/anoticiaonline.com.br\/site\/wp-content\/uploads\/2018\/11\/DSC_0495-1.jpg'><img loading=\"lazy\" decoding=\"async\" width=\"446\" height=\"667\" src=\"https:\/\/anoticiaonline.com.br\/site\/wp-content\/uploads\/2018\/11\/DSC_0495-1.jpg\" class=\"attachment-full size-full\" alt=\"\" srcset=\"https:\/\/anoticiaonline.com.br\/site\/wp-content\/uploads\/2018\/11\/DSC_0495-1.jpg 446w, https:\/\/anoticiaonline.com.br\/site\/wp-content\/uploads\/2018\/11\/DSC_0495-1-201x300.jpg 201w\" sizes=\"(max-width: 446px) 100vw, 446px\" \/><\/a>\n\t\t\t<\/div><\/figure><figure class='gallery-item'>\n\t\t\t<div class='gallery-icon landscape'>\n\t\t\t\t<a href='https:\/\/anoticiaonline.com.br\/site\/wp-content\/uploads\/2018\/11\/DSC_0501.jpg'><img loading=\"lazy\" decoding=\"async\" width=\"998\" height=\"667\" src=\"https:\/\/anoticiaonline.com.br\/site\/wp-content\/uploads\/2018\/11\/DSC_0501.jpg\" class=\"attachment-full size-full\" alt=\"\" srcset=\"https:\/\/anoticiaonline.com.br\/site\/wp-content\/uploads\/2018\/11\/DSC_0501.jpg 998w, https:\/\/anoticiaonline.com.br\/site\/wp-content\/uploads\/2018\/11\/DSC_0501-300x201.jpg 300w, https:\/\/anoticiaonline.com.br\/site\/wp-content\/uploads\/2018\/11\/DSC_0501-768x513.jpg 768w\" sizes=\"(max-width: 998px) 100vw, 998px\" \/><\/a>\n\t\t\t<\/div><\/figure><figure class='gallery-item'>\n\t\t\t<div class='gallery-icon landscape'>\n\t\t\t\t<a href='https:\/\/anoticiaonline.com.br\/site\/wp-content\/uploads\/2018\/11\/DSC_0521-1.jpg'><img loading=\"lazy\" decoding=\"async\" width=\"998\" height=\"667\" src=\"https:\/\/anoticiaonline.com.br\/site\/wp-content\/uploads\/2018\/11\/DSC_0521-1.jpg\" class=\"attachment-full size-full\" alt=\"\" srcset=\"https:\/\/anoticiaonline.com.br\/site\/wp-content\/uploads\/2018\/11\/DSC_0521-1.jpg 998w, https:\/\/anoticiaonline.com.br\/site\/wp-content\/uploads\/2018\/11\/DSC_0521-1-300x201.jpg 300w, https:\/\/anoticiaonline.com.br\/site\/wp-content\/uploads\/2018\/11\/DSC_0521-1-768x513.jpg 768w\" sizes=\"(max-width: 998px) 100vw, 998px\" \/><\/a>\n\t\t\t<\/div><\/figure><figure class='gallery-item'>\n\t\t\t<div class='gallery-icon landscape'>\n\t\t\t\t<a href='https:\/\/anoticiaonline.com.br\/site\/wp-content\/uploads\/2018\/11\/DSC_0527.jpg'><img loading=\"lazy\" decoding=\"async\" width=\"998\" height=\"667\" src=\"https:\/\/anoticiaonline.com.br\/site\/wp-content\/uploads\/2018\/11\/DSC_0527.jpg\" class=\"attachment-full size-full\" alt=\"\" srcset=\"https:\/\/anoticiaonline.com.br\/site\/wp-content\/uploads\/2018\/11\/DSC_0527.jpg 998w, https:\/\/anoticiaonline.com.br\/site\/wp-content\/uploads\/2018\/11\/DSC_0527-300x201.jpg 300w, https:\/\/anoticiaonline.com.br\/site\/wp-content\/uploads\/2018\/11\/DSC_0527-768x513.jpg 768w\" sizes=\"(max-width: 998px) 100vw, 998px\" \/><\/a>\n\t\t\t<\/div><\/figure><figure class='gallery-item'>\n\t\t\t<div class='gallery-icon landscape'>\n\t\t\t\t<a href='https:\/\/anoticiaonline.com.br\/site\/wp-content\/uploads\/2018\/11\/DSC_0570-1.jpg'><img loading=\"lazy\" decoding=\"async\" width=\"998\" height=\"667\" src=\"https:\/\/anoticiaonline.com.br\/site\/wp-content\/uploads\/2018\/11\/DSC_0570-1.jpg\" class=\"attachment-full size-full\" alt=\"\" srcset=\"https:\/\/anoticiaonline.com.br\/site\/wp-content\/uploads\/2018\/11\/DSC_0570-1.jpg 998w, https:\/\/anoticiaonline.com.br\/site\/wp-content\/uploads\/2018\/11\/DSC_0570-1-300x201.jpg 300w, https:\/\/anoticiaonline.com.br\/site\/wp-content\/uploads\/2018\/11\/DSC_0570-1-768x513.jpg 768w\" sizes=\"(max-width: 998px) 100vw, 998px\" \/><\/a>\n\t\t\t<\/div><\/figure><figure class='gallery-item'>\n\t\t\t<div class='gallery-icon landscape'>\n\t\t\t\t<a href='https:\/\/anoticiaonline.com.br\/site\/wp-content\/uploads\/2018\/11\/DSC_0644.jpg'><img loading=\"lazy\" decoding=\"async\" width=\"998\" height=\"667\" src=\"https:\/\/anoticiaonline.com.br\/site\/wp-content\/uploads\/2018\/11\/DSC_0644.jpg\" class=\"attachment-full size-full\" alt=\"\" srcset=\"https:\/\/anoticiaonline.com.br\/site\/wp-content\/uploads\/2018\/11\/DSC_0644.jpg 998w, https:\/\/anoticiaonline.com.br\/site\/wp-content\/uploads\/2018\/11\/DSC_0644-300x201.jpg 300w, https:\/\/anoticiaonline.com.br\/site\/wp-content\/uploads\/2018\/11\/DSC_0644-768x513.jpg 768w\" sizes=\"(max-width: 998px) 100vw, 998px\" \/><\/a>\n\t\t\t<\/div><\/figure><figure class='gallery-item'>\n\t\t\t<div class='gallery-icon landscape'>\n\t\t\t\t<a href='https:\/\/anoticiaonline.com.br\/site\/wp-content\/uploads\/2018\/11\/DSC_0648.jpg'><img loading=\"lazy\" decoding=\"async\" width=\"998\" height=\"667\" src=\"https:\/\/anoticiaonline.com.br\/site\/wp-content\/uploads\/2018\/11\/DSC_0648.jpg\" class=\"attachment-full size-full\" alt=\"\" srcset=\"https:\/\/anoticiaonline.com.br\/site\/wp-content\/uploads\/2018\/11\/DSC_0648.jpg 998w, https:\/\/anoticiaonline.com.br\/site\/wp-content\/uploads\/2018\/11\/DSC_0648-300x201.jpg 300w, https:\/\/anoticiaonline.com.br\/site\/wp-content\/uploads\/2018\/11\/DSC_0648-768x513.jpg 768w\" sizes=\"(max-width: 998px) 100vw, 998px\" \/><\/a>\n\t\t\t<\/div><\/figure><figure class='gallery-item'>\n\t\t\t<div class='gallery-icon landscape'>\n\t\t\t\t<a href='https:\/\/anoticiaonline.com.br\/site\/wp-content\/uploads\/2018\/11\/DSC_0660.jpg'><img loading=\"lazy\" decoding=\"async\" width=\"998\" height=\"667\" src=\"https:\/\/anoticiaonline.com.br\/site\/wp-content\/uploads\/2018\/11\/DSC_0660.jpg\" class=\"attachment-full size-full\" alt=\"\" srcset=\"https:\/\/anoticiaonline.com.br\/site\/wp-content\/uploads\/2018\/11\/DSC_0660.jpg 998w, https:\/\/anoticiaonline.com.br\/site\/wp-content\/uploads\/2018\/11\/DSC_0660-300x201.jpg 300w, https:\/\/anoticiaonline.com.br\/site\/wp-content\/uploads\/2018\/11\/DSC_0660-768x513.jpg 768w\" sizes=\"(max-width: 998px) 100vw, 998px\" \/><\/a>\n\t\t\t<\/div><\/figure><figure class='gallery-item'>\n\t\t\t<div class='gallery-icon portrait'>\n\t\t\t\t<a href='https:\/\/anoticiaonline.com.br\/site\/wp-content\/uploads\/2018\/11\/DSC_0673.jpg'><img loading=\"lazy\" decoding=\"async\" width=\"446\" height=\"667\" src=\"https:\/\/anoticiaonline.com.br\/site\/wp-content\/uploads\/2018\/11\/DSC_0673.jpg\" class=\"attachment-full size-full\" alt=\"\" srcset=\"https:\/\/anoticiaonline.com.br\/site\/wp-content\/uploads\/2018\/11\/DSC_0673.jpg 446w, https:\/\/anoticiaonline.com.br\/site\/wp-content\/uploads\/2018\/11\/DSC_0673-201x300.jpg 201w\" sizes=\"(max-width: 446px) 100vw, 446px\" \/><\/a>\n\t\t\t<\/div><\/figure><figure class='gallery-item'>\n\t\t\t<div class='gallery-icon portrait'>\n\t\t\t\t<a href='https:\/\/anoticiaonline.com.br\/site\/wp-content\/uploads\/2018\/11\/DSC_0674.jpg'><img loading=\"lazy\" decoding=\"async\" width=\"446\" height=\"667\" src=\"https:\/\/anoticiaonline.com.br\/site\/wp-content\/uploads\/2018\/11\/DSC_0674.jpg\" class=\"attachment-full size-full\" alt=\"\" srcset=\"https:\/\/anoticiaonline.com.br\/site\/wp-content\/uploads\/2018\/11\/DSC_0674.jpg 446w, https:\/\/anoticiaonline.com.br\/site\/wp-content\/uploads\/2018\/11\/DSC_0674-201x300.jpg 201w\" sizes=\"(max-width: 446px) 100vw, 446px\" \/><\/a>\n\t\t\t<\/div><\/figure><figure class='gallery-item'>\n\t\t\t<div class='gallery-icon landscape'>\n\t\t\t\t<a href='https:\/\/anoticiaonline.com.br\/site\/wp-content\/uploads\/2018\/11\/DSC_0676.jpg'><img loading=\"lazy\" decoding=\"async\" width=\"998\" height=\"667\" src=\"https:\/\/anoticiaonline.com.br\/site\/wp-content\/uploads\/2018\/11\/DSC_0676.jpg\" class=\"attachment-full size-full\" alt=\"\" srcset=\"https:\/\/anoticiaonline.com.br\/site\/wp-content\/uploads\/2018\/11\/DSC_0676.jpg 998w, https:\/\/anoticiaonline.com.br\/site\/wp-content\/uploads\/2018\/11\/DSC_0676-300x201.jpg 300w, https:\/\/anoticiaonline.com.br\/site\/wp-content\/uploads\/2018\/11\/DSC_0676-768x513.jpg 768w\" sizes=\"(max-width: 998px) 100vw, 998px\" \/><\/a>\n\t\t\t<\/div><\/figure><figure class='gallery-item'>\n\t\t\t<div class='gallery-icon landscape'>\n\t\t\t\t<a href='https:\/\/anoticiaonline.com.br\/site\/wp-content\/uploads\/2018\/11\/IMG_4199.jpg'><img loading=\"lazy\" decoding=\"async\" width=\"889\" height=\"667\" src=\"https:\/\/anoticiaonline.com.br\/site\/wp-content\/uploads\/2018\/11\/IMG_4199.jpg\" class=\"attachment-full size-full\" alt=\"\" srcset=\"https:\/\/anoticiaonline.com.br\/site\/wp-content\/uploads\/2018\/11\/IMG_4199.jpg 889w, https:\/\/anoticiaonline.com.br\/site\/wp-content\/uploads\/2018\/11\/IMG_4199-300x225.jpg 300w, https:\/\/anoticiaonline.com.br\/site\/wp-content\/uploads\/2018\/11\/IMG_4199-768x576.jpg 768w, https:\/\/anoticiaonline.com.br\/site\/wp-content\/uploads\/2018\/11\/IMG_4199-105x80.jpg 105w\" sizes=\"(max-width: 889px) 100vw, 889px\" \/><\/a>\n\t\t\t<\/div><\/figure><figure class='gallery-item'>\n\t\t\t<div class='gallery-icon portrait'>\n\t\t\t\t<a href='https:\/\/anoticiaonline.com.br\/site\/wp-content\/uploads\/2018\/11\/IMG_4235.jpg'><img loading=\"lazy\" decoding=\"async\" width=\"500\" height=\"667\" src=\"https:\/\/anoticiaonline.com.br\/site\/wp-content\/uploads\/2018\/11\/IMG_4235.jpg\" class=\"attachment-full size-full\" alt=\"\" srcset=\"https:\/\/anoticiaonline.com.br\/site\/wp-content\/uploads\/2018\/11\/IMG_4235.jpg 500w, https:\/\/anoticiaonline.com.br\/site\/wp-content\/uploads\/2018\/11\/IMG_4235-225x300.jpg 225w\" sizes=\"(max-width: 500px) 100vw, 500px\" \/><\/a>\n\t\t\t<\/div><\/figure><figure class='gallery-item'>\n\t\t\t<div class='gallery-icon landscape'>\n\t\t\t\t<a href='https:\/\/anoticiaonline.com.br\/site\/wp-content\/uploads\/2018\/11\/IMG_4245.jpg'><img loading=\"lazy\" decoding=\"async\" width=\"889\" height=\"667\" src=\"https:\/\/anoticiaonline.com.br\/site\/wp-content\/uploads\/2018\/11\/IMG_4245.jpg\" class=\"attachment-full size-full\" alt=\"\" srcset=\"https:\/\/anoticiaonline.com.br\/site\/wp-content\/uploads\/2018\/11\/IMG_4245.jpg 889w, https:\/\/anoticiaonline.com.br\/site\/wp-content\/uploads\/2018\/11\/IMG_4245-300x225.jpg 300w, https:\/\/anoticiaonline.com.br\/site\/wp-content\/uploads\/2018\/11\/IMG_4245-768x576.jpg 768w, https:\/\/anoticiaonline.com.br\/site\/wp-content\/uploads\/2018\/11\/IMG_4245-105x80.jpg 105w\" sizes=\"(max-width: 889px) 100vw, 889px\" \/><\/a>\n\t\t\t<\/div><\/figure><figure class='gallery-item'>\n\t\t\t<div class='gallery-icon landscape'>\n\t\t\t\t<a href='https:\/\/anoticiaonline.com.br\/site\/wp-content\/uploads\/2018\/11\/IMG_4264.jpg'><img loading=\"lazy\" decoding=\"async\" width=\"889\" height=\"667\" src=\"https:\/\/anoticiaonline.com.br\/site\/wp-content\/uploads\/2018\/11\/IMG_4264.jpg\" class=\"attachment-full size-full\" alt=\"\" srcset=\"https:\/\/anoticiaonline.com.br\/site\/wp-content\/uploads\/2018\/11\/IMG_4264.jpg 889w, https:\/\/anoticiaonline.com.br\/site\/wp-content\/uploads\/2018\/11\/IMG_4264-300x225.jpg 300w, https:\/\/anoticiaonline.com.br\/site\/wp-content\/uploads\/2018\/11\/IMG_4264-768x576.jpg 768w, https:\/\/anoticiaonline.com.br\/site\/wp-content\/uploads\/2018\/11\/IMG_4264-105x80.jpg 105w\" sizes=\"(max-width: 889px) 100vw, 889px\" \/><\/a>\n\t\t\t<\/div><\/figure>\n\t\t<\/div>\n\n","protected":false},"excerpt":{"rendered":"<p>&nbsp; 2\u00ba Copa de Marcha do N\u00facleo dos Criadores do Cavalo Mangalarga Marchador de Muria\u00e9 e Regi\u00e3o &nbsp; No \u00faltimo s\u00e1bado (3), o Parque de Exposi\u00e7\u00f5es Lael Varella foi palco da 2\u00ba Copa de Marcha organizada pelo N\u00facleo dos Criadores do Cavalo Mangalarga Marchador de Muria\u00e9 e Regi\u00e3o (NCCMM). Com apoio do Sindicato Rural de &#8230; <a title=\"2\u00ba Copa de Marcha\" class=\"read-more\" href=\"https:\/\/anoticiaonline.com.br\/site\/2o-copa-de-marcha-do-nucleo-dos-criadores-do-cavalo-mangalarga-marchador-de-muriae-e-regiao\/\" aria-label=\"Read more about 2\u00ba Copa de Marcha\">Ler mais<\/a><\/p>\n","protected":false},"author":7,"featured_media":64360,"comment_status":"open","ping_status":"open","sticky":false,"template":"","format":"standard","meta":{"_acf_changed":false,"_monsterinsights_skip_tracking":false,"footnotes":""},"categories":[30,24],"tags":[1103],"class_list":["post-64359","post","type-post","status-publish","format-standard","has-post-thumbnail","hentry","category-muriae","category-eventos","tag-nucleo-dos-criadores-do-cavalo-mangalarga-marchador-de-muriae-e-regiao"],"acf":[],"aioseo_notices":[],"aioseo_head":"\n\t\t<!-- All in One SEO 5.0.0.1 - aioseo.com -->\n\t<meta name=\"description\" content=\"2\u00ba Copa de Marcha do N\u00facleo dos Criadores do Cavalo Mangalarga Marchador de Muria\u00e9 e Regi\u00e3o No \u00faltimo s\u00e1bado (3), o Parque de Exposi\u00e7\u00f5es Lael Varella foi palco da 2\u00ba Copa de Marcha organizada pelo N\u00facleo dos Criadores do Cavalo Mangalarga Marchador de Muria\u00e9 e Regi\u00e3o (NCCMM). Com apoio do Sindicato Rural de\" \/>\n\t<meta name=\"robots\" content=\"max-image-preview:large\" \/>\n\t<meta name=\"author\" content=\"Leandro Bebiano\"\/>\n\t<link rel=\"canonical\" href=\"https:\/\/anoticiaonline.com.br\/site\/2o-copa-de-marcha-do-nucleo-dos-criadores-do-cavalo-mangalarga-marchador-de-muriae-e-regiao\/\" \/>\n\t<meta name=\"generator\" content=\"All in One SEO (AIOSEO) 5.0.0.1\" \/>\n\t\t<meta property=\"og:locale\" content=\"pt_BR\" \/>\n\t\t<meta property=\"og:site_name\" content=\"A Not\u00edcia Online - Noticias de Muria\u00e9 e regi\u00e3o\" \/>\n\t\t<meta property=\"og:type\" content=\"article\" \/>\n\t\t<meta property=\"og:title\" content=\"2\u00ba Copa de Marcha - A Not\u00edcia Online\" \/>\n\t\t<meta property=\"og:description\" content=\"2\u00ba Copa de Marcha do N\u00facleo dos Criadores do Cavalo Mangalarga Marchador de Muria\u00e9 e Regi\u00e3o No \u00faltimo s\u00e1bado (3), o Parque de Exposi\u00e7\u00f5es Lael Varella foi palco da 2\u00ba Copa de Marcha organizada pelo N\u00facleo dos Criadores do Cavalo Mangalarga Marchador de Muria\u00e9 e Regi\u00e3o (NCCMM). Com apoio do Sindicato Rural de\" \/>\n\t\t<meta property=\"og:url\" content=\"https:\/\/anoticiaonline.com.br\/site\/2o-copa-de-marcha-do-nucleo-dos-criadores-do-cavalo-mangalarga-marchador-de-muriae-e-regiao\/\" \/>\n\t\t<meta property=\"og:image\" content=\"https:\/\/scontent-gig4-1.xx.fbcdn.net\/v\/t39.30808-1\/270437624_4564083193639691_6907940295614233970_n.jpg?stp=dst-jpg_s200x200_tt6&#038;_nc_cat=111&#038;ccb=1-7&#038;_nc_sid=f907e8&#038;_nc_ohc=SM1wRlP3lJwQ7kNvwEPuBYA&#038;_nc_oc=AdnqrjDN_BNjSSHWO-GbkIWH6fkGMLw4bqvL_NH6e2wMveX7G-rP2dAqsDSq1mJMOaY&#038;_nc_zt=24&#038;_nc_ht=scontent-gig4-1.xx&#038;_nc_gid=AoBFJeGrT1hVaew_6rchkQ&#038;oh=00_AfX7QmFGhQhG2jAllVgXCiM1ZrWgvtp80-Bfppyexh1QEg&#038;oe=689E923C\" \/>\n\t\t<meta property=\"og:image:secure_url\" content=\"https:\/\/scontent-gig4-1.xx.fbcdn.net\/v\/t39.30808-1\/270437624_4564083193639691_6907940295614233970_n.jpg?stp=dst-jpg_s200x200_tt6&#038;_nc_cat=111&#038;ccb=1-7&#038;_nc_sid=f907e8&#038;_nc_ohc=SM1wRlP3lJwQ7kNvwEPuBYA&#038;_nc_oc=AdnqrjDN_BNjSSHWO-GbkIWH6fkGMLw4bqvL_NH6e2wMveX7G-rP2dAqsDSq1mJMOaY&#038;_nc_zt=24&#038;_nc_ht=scontent-gig4-1.xx&#038;_nc_gid=AoBFJeGrT1hVaew_6rchkQ&#038;oh=00_AfX7QmFGhQhG2jAllVgXCiM1ZrWgvtp80-Bfppyexh1QEg&#038;oe=689E923C\" \/>\n\t\t<meta property=\"article:published_time\" content=\"2018-11-09T02:03:20+00:00\" \/>\n\t\t<meta property=\"article:modified_time\" content=\"2018-11-13T14:22:13+00:00\" \/>\n\t\t<meta name=\"twitter:card\" content=\"summary_large_image\" \/>\n\t\t<meta name=\"twitter:title\" content=\"2\u00ba Copa de Marcha - A Not\u00edcia Online\" \/>\n\t\t<meta name=\"twitter:description\" content=\"2\u00ba Copa de Marcha do N\u00facleo dos Criadores do Cavalo Mangalarga Marchador de Muria\u00e9 e Regi\u00e3o No \u00faltimo s\u00e1bado (3), o Parque de Exposi\u00e7\u00f5es Lael Varella foi palco da 2\u00ba Copa de Marcha organizada pelo N\u00facleo dos Criadores do Cavalo Mangalarga Marchador de Muria\u00e9 e Regi\u00e3o (NCCMM). Com apoio do Sindicato Rural de\" \/>\n\t\t<meta name=\"twitter:image\" content=\"https:\/\/scontent-gig4-1.xx.fbcdn.net\/v\/t39.30808-1\/270437624_4564083193639691_6907940295614233970_n.jpg?stp=dst-jpg_s200x200_tt6&amp;_nc_cat=111&amp;ccb=1-7&amp;_nc_sid=f907e8&amp;_nc_ohc=SM1wRlP3lJwQ7kNvwEPuBYA&amp;_nc_oc=AdnqrjDN_BNjSSHWO-GbkIWH6fkGMLw4bqvL_NH6e2wMveX7G-rP2dAqsDSq1mJMOaY&amp;_nc_zt=24&amp;_nc_ht=scontent-gig4-1.xx&amp;_nc_gid=AoBFJeGrT1hVaew_6rchkQ&amp;oh=00_AfX7QmFGhQhG2jAllVgXCiM1ZrWgvtp80-Bfppyexh1QEg&amp;oe=689E923C\" \/>\n\t\t<script type=\"application\/ld+json\" class=\"aioseo-schema\">\n\t\t\t{\"@context\":\"https:\\\/\\\/schema.org\",\"@graph\":[{\"@type\":\"BlogPosting\",\"@id\":\"https:\\\/\\\/anoticiaonline.com.br\\\/site\\\/2o-copa-de-marcha-do-nucleo-dos-criadores-do-cavalo-mangalarga-marchador-de-muriae-e-regiao\\\/#blogposting\",\"name\":\"2\\u00ba Copa de Marcha - A Not\\u00edcia Online\",\"headline\":\"2\\u00ba Copa de Marcha\",\"author\":{\"@id\":\"https:\\\/\\\/anoticiaonline.com.br\\\/site\\\/author\\\/leandro\\\/#author\"},\"publisher\":{\"@id\":\"https:\\\/\\\/anoticiaonline.com.br\\\/site\\\/#organization\"},\"image\":{\"@type\":\"ImageObject\",\"url\":\"https:\\\/\\\/anoticiaonline.com.br\\\/site\\\/wp-content\\\/uploads\\\/2018\\\/11\\\/capa-copa.jpg\",\"width\":1000,\"height\":350},\"datePublished\":\"2018-11-08T23:03:20-03:00\",\"dateModified\":\"2018-11-13T11:22:13-03:00\",\"inLanguage\":\"pt-BR\",\"mainEntityOfPage\":{\"@id\":\"https:\\\/\\\/anoticiaonline.com.br\\\/site\\\/2o-copa-de-marcha-do-nucleo-dos-criadores-do-cavalo-mangalarga-marchador-de-muriae-e-regiao\\\/#webpage\"},\"isPartOf\":{\"@id\":\"https:\\\/\\\/anoticiaonline.com.br\\\/site\\\/2o-copa-de-marcha-do-nucleo-dos-criadores-do-cavalo-mangalarga-marchador-de-muriae-e-regiao\\\/#webpage\"},\"articleSection\":\"Blog, Eventos, N\\u00facleo dos Criadores do Cavalo Mangalarga Marchador de Muria\\u00e9 e Regi\\u00e3o\"},{\"@type\":\"BreadcrumbList\",\"@id\":\"https:\\\/\\\/anoticiaonline.com.br\\\/site\\\/2o-copa-de-marcha-do-nucleo-dos-criadores-do-cavalo-mangalarga-marchador-de-muriae-e-regiao\\\/#breadcrumblist\",\"itemListElement\":[{\"@type\":\"ListItem\",\"@id\":\"https:\\\/\\\/anoticiaonline.com.br\\\/site#listItem\",\"position\":1,\"name\":\"Home\",\"item\":\"https:\\\/\\\/anoticiaonline.com.br\\\/site\",\"nextItem\":{\"@type\":\"ListItem\",\"@id\":\"https:\\\/\\\/anoticiaonline.com.br\\\/site\\\/categoria\\\/eventos\\\/#listItem\",\"name\":\"Eventos\"}},{\"@type\":\"ListItem\",\"@id\":\"https:\\\/\\\/anoticiaonline.com.br\\\/site\\\/categoria\\\/eventos\\\/#listItem\",\"position\":2,\"name\":\"Eventos\",\"item\":\"https:\\\/\\\/anoticiaonline.com.br\\\/site\\\/categoria\\\/eventos\\\/\",\"nextItem\":{\"@type\":\"ListItem\",\"@id\":\"https:\\\/\\\/anoticiaonline.com.br\\\/site\\\/2o-copa-de-marcha-do-nucleo-dos-criadores-do-cavalo-mangalarga-marchador-de-muriae-e-regiao\\\/#listItem\",\"name\":\"2\\u00ba Copa de Marcha\"},\"previousItem\":{\"@type\":\"ListItem\",\"@id\":\"https:\\\/\\\/anoticiaonline.com.br\\\/site#listItem\",\"name\":\"Home\"}},{\"@type\":\"ListItem\",\"@id\":\"https:\\\/\\\/anoticiaonline.com.br\\\/site\\\/2o-copa-de-marcha-do-nucleo-dos-criadores-do-cavalo-mangalarga-marchador-de-muriae-e-regiao\\\/#listItem\",\"position\":3,\"name\":\"2\\u00ba Copa de Marcha\",\"previousItem\":{\"@type\":\"ListItem\",\"@id\":\"https:\\\/\\\/anoticiaonline.com.br\\\/site\\\/categoria\\\/eventos\\\/#listItem\",\"name\":\"Eventos\"}}]},{\"@type\":\"Organization\",\"@id\":\"https:\\\/\\\/anoticiaonline.com.br\\\/site\\\/#organization\",\"name\":\"A Not\\u00edcia Online\",\"description\":\"Noticias de Muria\\u00e9 e regi\\u00e3o\",\"url\":\"https:\\\/\\\/anoticiaonline.com.br\\\/site\\\/\",\"logo\":{\"@type\":\"ImageObject\",\"url\":\"https:\\\/\\\/scontent-gig4-1.xx.fbcdn.net\\\/v\\\/t39.30808-1\\\/270437624_4564083193639691_6907940295614233970_n.jpg?stp=dst-jpg_s200x200_tt6&_nc_cat=111&ccb=1-7&_nc_sid=f907e8&_nc_ohc=SM1wRlP3lJwQ7kNvwEPuBYA&_nc_oc=AdnqrjDN_BNjSSHWO-GbkIWH6fkGMLw4bqvL_NH6e2wMveX7G-rP2dAqsDSq1mJMOaY&_nc_zt=24&_nc_ht=scontent-gig4-1.xx&_nc_gid=AoBFJeGrT1hVaew_6rchkQ&oh=00_AfX7QmFGhQhG2jAllVgXCiM1ZrWgvtp80-Bfppyexh1QEg&oe=689E923C\",\"@id\":\"https:\\\/\\\/anoticiaonline.com.br\\\/site\\\/2o-copa-de-marcha-do-nucleo-dos-criadores-do-cavalo-mangalarga-marchador-de-muriae-e-regiao\\\/#organizationLogo\"},\"image\":{\"@id\":\"https:\\\/\\\/anoticiaonline.com.br\\\/site\\\/2o-copa-de-marcha-do-nucleo-dos-criadores-do-cavalo-mangalarga-marchador-de-muriae-e-regiao\\\/#organizationLogo\"}},{\"@type\":\"Person\",\"@id\":\"https:\\\/\\\/anoticiaonline.com.br\\\/site\\\/author\\\/leandro\\\/#author\",\"url\":\"https:\\\/\\\/anoticiaonline.com.br\\\/site\\\/author\\\/leandro\\\/\",\"name\":\"Leandro Bebiano\",\"image\":{\"@type\":\"ImageObject\",\"@id\":\"https:\\\/\\\/anoticiaonline.com.br\\\/site\\\/2o-copa-de-marcha-do-nucleo-dos-criadores-do-cavalo-mangalarga-marchador-de-muriae-e-regiao\\\/#authorImage\",\"url\":\"https:\\\/\\\/secure.gravatar.com\\\/avatar\\\/99966a20c143db97c8590c2013307c7c234a4cca48ed5657cbb47e22a400bd5f?s=96&d=mm&r=g\",\"width\":96,\"height\":96,\"caption\":\"Leandro Bebiano\"}},{\"@type\":\"WebPage\",\"@id\":\"https:\\\/\\\/anoticiaonline.com.br\\\/site\\\/2o-copa-de-marcha-do-nucleo-dos-criadores-do-cavalo-mangalarga-marchador-de-muriae-e-regiao\\\/#webpage\",\"url\":\"https:\\\/\\\/anoticiaonline.com.br\\\/site\\\/2o-copa-de-marcha-do-nucleo-dos-criadores-do-cavalo-mangalarga-marchador-de-muriae-e-regiao\\\/\",\"name\":\"2\\u00ba Copa de Marcha - A Not\\u00edcia Online\",\"description\":\"2\\u00ba Copa de Marcha do N\\u00facleo dos Criadores do Cavalo Mangalarga Marchador de Muria\\u00e9 e Regi\\u00e3o No \\u00faltimo s\\u00e1bado (3), o Parque de Exposi\\u00e7\\u00f5es Lael Varella foi palco da 2\\u00ba Copa de Marcha organizada pelo N\\u00facleo dos Criadores do Cavalo Mangalarga Marchador de Muria\\u00e9 e Regi\\u00e3o (NCCMM). Com apoio do Sindicato Rural de\",\"inLanguage\":\"pt-BR\",\"isPartOf\":{\"@id\":\"https:\\\/\\\/anoticiaonline.com.br\\\/site\\\/#website\"},\"breadcrumb\":{\"@id\":\"https:\\\/\\\/anoticiaonline.com.br\\\/site\\\/2o-copa-de-marcha-do-nucleo-dos-criadores-do-cavalo-mangalarga-marchador-de-muriae-e-regiao\\\/#breadcrumblist\"},\"author\":{\"@id\":\"https:\\\/\\\/anoticiaonline.com.br\\\/site\\\/author\\\/leandro\\\/#author\"},\"creator\":{\"@id\":\"https:\\\/\\\/anoticiaonline.com.br\\\/site\\\/author\\\/leandro\\\/#author\"},\"image\":{\"@type\":\"ImageObject\",\"url\":\"https:\\\/\\\/anoticiaonline.com.br\\\/site\\\/wp-content\\\/uploads\\\/2018\\\/11\\\/capa-copa.jpg\",\"@id\":\"https:\\\/\\\/anoticiaonline.com.br\\\/site\\\/2o-copa-de-marcha-do-nucleo-dos-criadores-do-cavalo-mangalarga-marchador-de-muriae-e-regiao\\\/#mainImage\",\"width\":1000,\"height\":350},\"primaryImageOfPage\":{\"@id\":\"https:\\\/\\\/anoticiaonline.com.br\\\/site\\\/2o-copa-de-marcha-do-nucleo-dos-criadores-do-cavalo-mangalarga-marchador-de-muriae-e-regiao\\\/#mainImage\"},\"datePublished\":\"2018-11-08T23:03:20-03:00\",\"dateModified\":\"2018-11-13T11:22:13-03:00\"},{\"@type\":\"WebSite\",\"@id\":\"https:\\\/\\\/anoticiaonline.com.br\\\/site\\\/#website\",\"url\":\"https:\\\/\\\/anoticiaonline.com.br\\\/site\\\/\",\"name\":\"A Not\\u00edcia Online\",\"description\":\"Noticias de Muria\\u00e9 e regi\\u00e3o\",\"inLanguage\":\"pt-BR\",\"publisher\":{\"@id\":\"https:\\\/\\\/anoticiaonline.com.br\\\/site\\\/#organization\"}}]}\n\t\t<\/script>\n\t\t<!-- All in One SEO -->\n\n","aioseo_head_json":{"title":"2\u00ba Copa de Marcha - A Not\u00edcia Online","description":"2\u00ba Copa de Marcha do N\u00facleo dos Criadores do Cavalo Mangalarga Marchador de Muria\u00e9 e Regi\u00e3o No \u00faltimo s\u00e1bado (3), o Parque de Exposi\u00e7\u00f5es Lael Varella foi palco da 2\u00ba Copa de Marcha organizada pelo N\u00facleo dos Criadores do Cavalo Mangalarga Marchador de Muria\u00e9 e Regi\u00e3o (NCCMM). Com apoio do Sindicato Rural de","canonical_url":"https:\/\/anoticiaonline.com.br\/site\/2o-copa-de-marcha-do-nucleo-dos-criadores-do-cavalo-mangalarga-marchador-de-muriae-e-regiao\/","robots":"max-image-preview:large","keywords":"","webmasterTools":{"miscellaneous":""},"schema":{"@context":"https:\/\/schema.org","@graph":[{"@type":"BlogPosting","@id":"https:\/\/anoticiaonline.com.br\/site\/2o-copa-de-marcha-do-nucleo-dos-criadores-do-cavalo-mangalarga-marchador-de-muriae-e-regiao\/#blogposting","name":"2\u00ba Copa de Marcha - A Not\u00edcia Online","headline":"2\u00ba Copa de Marcha","author":{"@id":"https:\/\/anoticiaonline.com.br\/site\/author\/leandro\/#author"},"publisher":{"@id":"https:\/\/anoticiaonline.com.br\/site\/#organization"},"image":{"@type":"ImageObject","url":"https:\/\/anoticiaonline.com.br\/site\/wp-content\/uploads\/2018\/11\/capa-copa.jpg","width":1000,"height":350},"datePublished":"2018-11-08T23:03:20-03:00","dateModified":"2018-11-13T11:22:13-03:00","inLanguage":"pt-BR","mainEntityOfPage":{"@id":"https:\/\/anoticiaonline.com.br\/site\/2o-copa-de-marcha-do-nucleo-dos-criadores-do-cavalo-mangalarga-marchador-de-muriae-e-regiao\/#webpage"},"isPartOf":{"@id":"https:\/\/anoticiaonline.com.br\/site\/2o-copa-de-marcha-do-nucleo-dos-criadores-do-cavalo-mangalarga-marchador-de-muriae-e-regiao\/#webpage"},"articleSection":"Blog, Eventos, N\u00facleo dos Criadores do Cavalo Mangalarga Marchador de Muria\u00e9 e Regi\u00e3o"},{"@type":"BreadcrumbList","@id":"https:\/\/anoticiaonline.com.br\/site\/2o-copa-de-marcha-do-nucleo-dos-criadores-do-cavalo-mangalarga-marchador-de-muriae-e-regiao\/#breadcrumblist","itemListElement":[{"@type":"ListItem","@id":"https:\/\/anoticiaonline.com.br\/site#listItem","position":1,"name":"Home","item":"https:\/\/anoticiaonline.com.br\/site","nextItem":{"@type":"ListItem","@id":"https:\/\/anoticiaonline.com.br\/site\/categoria\/eventos\/#listItem","name":"Eventos"}},{"@type":"ListItem","@id":"https:\/\/anoticiaonline.com.br\/site\/categoria\/eventos\/#listItem","position":2,"name":"Eventos","item":"https:\/\/anoticiaonline.com.br\/site\/categoria\/eventos\/","nextItem":{"@type":"ListItem","@id":"https:\/\/anoticiaonline.com.br\/site\/2o-copa-de-marcha-do-nucleo-dos-criadores-do-cavalo-mangalarga-marchador-de-muriae-e-regiao\/#listItem","name":"2\u00ba Copa de Marcha"},"previousItem":{"@type":"ListItem","@id":"https:\/\/anoticiaonline.com.br\/site#listItem","name":"Home"}},{"@type":"ListItem","@id":"https:\/\/anoticiaonline.com.br\/site\/2o-copa-de-marcha-do-nucleo-dos-criadores-do-cavalo-mangalarga-marchador-de-muriae-e-regiao\/#listItem","position":3,"name":"2\u00ba Copa de Marcha","previousItem":{"@type":"ListItem","@id":"https:\/\/anoticiaonline.com.br\/site\/categoria\/eventos\/#listItem","name":"Eventos"}}]},{"@type":"Organization","@id":"https:\/\/anoticiaonline.com.br\/site\/#organization","name":"A Not\u00edcia Online","description":"Noticias de Muria\u00e9 e regi\u00e3o","url":"https:\/\/anoticiaonline.com.br\/site\/","logo":{"@type":"ImageObject","url":"https:\/\/scontent-gig4-1.xx.fbcdn.net\/v\/t39.30808-1\/270437624_4564083193639691_6907940295614233970_n.jpg?stp=dst-jpg_s200x200_tt6&_nc_cat=111&ccb=1-7&_nc_sid=f907e8&_nc_ohc=SM1wRlP3lJwQ7kNvwEPuBYA&_nc_oc=AdnqrjDN_BNjSSHWO-GbkIWH6fkGMLw4bqvL_NH6e2wMveX7G-rP2dAqsDSq1mJMOaY&_nc_zt=24&_nc_ht=scontent-gig4-1.xx&_nc_gid=AoBFJeGrT1hVaew_6rchkQ&oh=00_AfX7QmFGhQhG2jAllVgXCiM1ZrWgvtp80-Bfppyexh1QEg&oe=689E923C","@id":"https:\/\/anoticiaonline.com.br\/site\/2o-copa-de-marcha-do-nucleo-dos-criadores-do-cavalo-mangalarga-marchador-de-muriae-e-regiao\/#organizationLogo"},"image":{"@id":"https:\/\/anoticiaonline.com.br\/site\/2o-copa-de-marcha-do-nucleo-dos-criadores-do-cavalo-mangalarga-marchador-de-muriae-e-regiao\/#organizationLogo"}},{"@type":"Person","@id":"https:\/\/anoticiaonline.com.br\/site\/author\/leandro\/#author","url":"https:\/\/anoticiaonline.com.br\/site\/author\/leandro\/","name":"Leandro Bebiano","image":{"@type":"ImageObject","@id":"https:\/\/anoticiaonline.com.br\/site\/2o-copa-de-marcha-do-nucleo-dos-criadores-do-cavalo-mangalarga-marchador-de-muriae-e-regiao\/#authorImage","url":"https:\/\/secure.gravatar.com\/avatar\/99966a20c143db97c8590c2013307c7c234a4cca48ed5657cbb47e22a400bd5f?s=96&d=mm&r=g","width":96,"height":96,"caption":"Leandro Bebiano"}},{"@type":"WebPage","@id":"https:\/\/anoticiaonline.com.br\/site\/2o-copa-de-marcha-do-nucleo-dos-criadores-do-cavalo-mangalarga-marchador-de-muriae-e-regiao\/#webpage","url":"https:\/\/anoticiaonline.com.br\/site\/2o-copa-de-marcha-do-nucleo-dos-criadores-do-cavalo-mangalarga-marchador-de-muriae-e-regiao\/","name":"2\u00ba Copa de Marcha - A Not\u00edcia Online","description":"2\u00ba Copa de Marcha do N\u00facleo dos Criadores do Cavalo Mangalarga Marchador de Muria\u00e9 e Regi\u00e3o No \u00faltimo s\u00e1bado (3), o Parque de Exposi\u00e7\u00f5es Lael Varella foi palco da 2\u00ba Copa de Marcha organizada pelo N\u00facleo dos Criadores do Cavalo Mangalarga Marchador de Muria\u00e9 e Regi\u00e3o (NCCMM). Com apoio do Sindicato Rural de","inLanguage":"pt-BR","isPartOf":{"@id":"https:\/\/anoticiaonline.com.br\/site\/#website"},"breadcrumb":{"@id":"https:\/\/anoticiaonline.com.br\/site\/2o-copa-de-marcha-do-nucleo-dos-criadores-do-cavalo-mangalarga-marchador-de-muriae-e-regiao\/#breadcrumblist"},"author":{"@id":"https:\/\/anoticiaonline.com.br\/site\/author\/leandro\/#author"},"creator":{"@id":"https:\/\/anoticiaonline.com.br\/site\/author\/leandro\/#author"},"image":{"@type":"ImageObject","url":"https:\/\/anoticiaonline.com.br\/site\/wp-content\/uploads\/2018\/11\/capa-copa.jpg","@id":"https:\/\/anoticiaonline.com.br\/site\/2o-copa-de-marcha-do-nucleo-dos-criadores-do-cavalo-mangalarga-marchador-de-muriae-e-regiao\/#mainImage","width":1000,"height":350},"primaryImageOfPage":{"@id":"https:\/\/anoticiaonline.com.br\/site\/2o-copa-de-marcha-do-nucleo-dos-criadores-do-cavalo-mangalarga-marchador-de-muriae-e-regiao\/#mainImage"},"datePublished":"2018-11-08T23:03:20-03:00","dateModified":"2018-11-13T11:22:13-03:00"},{"@type":"WebSite","@id":"https:\/\/anoticiaonline.com.br\/site\/#website","url":"https:\/\/anoticiaonline.com.br\/site\/","name":"A Not\u00edcia Online","description":"Noticias de Muria\u00e9 e regi\u00e3o","inLanguage":"pt-BR","publisher":{"@id":"https:\/\/anoticiaonline.com.br\/site\/#organization"}}]},"og:locale":"pt_BR","og:site_name":"A Not\u00edcia Online - Noticias de Muria\u00e9 e regi\u00e3o","og:type":"article","og:title":"2\u00ba Copa de Marcha - A Not\u00edcia Online","og:description":"2\u00ba Copa de Marcha do N\u00facleo dos Criadores do Cavalo Mangalarga Marchador de Muria\u00e9 e Regi\u00e3o No \u00faltimo s\u00e1bado (3), o Parque de Exposi\u00e7\u00f5es Lael Varella foi palco da 2\u00ba Copa de Marcha organizada pelo N\u00facleo dos Criadores do Cavalo Mangalarga Marchador de Muria\u00e9 e Regi\u00e3o (NCCMM). Com apoio do Sindicato Rural de","og:url":"https:\/\/anoticiaonline.com.br\/site\/2o-copa-de-marcha-do-nucleo-dos-criadores-do-cavalo-mangalarga-marchador-de-muriae-e-regiao\/","og:image":"https:\/\/scontent-gig4-1.xx.fbcdn.net\/v\/t39.30808-1\/270437624_4564083193639691_6907940295614233970_n.jpg?stp=dst-jpg_s200x200_tt6&#038;_nc_cat=111&#038;ccb=1-7&#038;_nc_sid=f907e8&#038;_nc_ohc=SM1wRlP3lJwQ7kNvwEPuBYA&#038;_nc_oc=AdnqrjDN_BNjSSHWO-GbkIWH6fkGMLw4bqvL_NH6e2wMveX7G-rP2dAqsDSq1mJMOaY&#038;_nc_zt=24&#038;_nc_ht=scontent-gig4-1.xx&#038;_nc_gid=AoBFJeGrT1hVaew_6rchkQ&#038;oh=00_AfX7QmFGhQhG2jAllVgXCiM1ZrWgvtp80-Bfppyexh1QEg&#038;oe=689E923C","og:image:secure_url":"https:\/\/scontent-gig4-1.xx.fbcdn.net\/v\/t39.30808-1\/270437624_4564083193639691_6907940295614233970_n.jpg?stp=dst-jpg_s200x200_tt6&#038;_nc_cat=111&#038;ccb=1-7&#038;_nc_sid=f907e8&#038;_nc_ohc=SM1wRlP3lJwQ7kNvwEPuBYA&#038;_nc_oc=AdnqrjDN_BNjSSHWO-GbkIWH6fkGMLw4bqvL_NH6e2wMveX7G-rP2dAqsDSq1mJMOaY&#038;_nc_zt=24&#038;_nc_ht=scontent-gig4-1.xx&#038;_nc_gid=AoBFJeGrT1hVaew_6rchkQ&#038;oh=00_AfX7QmFGhQhG2jAllVgXCiM1ZrWgvtp80-Bfppyexh1QEg&#038;oe=689E923C","article:published_time":"2018-11-09T02:03:20+00:00","article:modified_time":"2018-11-13T14:22:13+00:00","twitter:card":"summary_large_image","twitter:title":"2\u00ba Copa de Marcha - A Not\u00edcia Online","twitter:description":"2\u00ba Copa de Marcha do N\u00facleo dos Criadores do Cavalo Mangalarga Marchador de Muria\u00e9 e Regi\u00e3o No \u00faltimo s\u00e1bado (3), o Parque de Exposi\u00e7\u00f5es Lael Varella foi palco da 2\u00ba Copa de Marcha organizada pelo N\u00facleo dos Criadores do Cavalo Mangalarga Marchador de Muria\u00e9 e Regi\u00e3o (NCCMM). Com apoio do Sindicato Rural de","twitter:image":"https:\/\/scontent-gig4-1.xx.fbcdn.net\/v\/t39.30808-1\/270437624_4564083193639691_6907940295614233970_n.jpg?stp=dst-jpg_s200x200_tt6&_nc_cat=111&ccb=1-7&_nc_sid=f907e8&_nc_ohc=SM1wRlP3lJwQ7kNvwEPuBYA&_nc_oc=AdnqrjDN_BNjSSHWO-GbkIWH6fkGMLw4bqvL_NH6e2wMveX7G-rP2dAqsDSq1mJMOaY&_nc_zt=24&_nc_ht=scontent-gig4-1.xx&_nc_gid=AoBFJeGrT1hVaew_6rchkQ&oh=00_AfX7QmFGhQhG2jAllVgXCiM1ZrWgvtp80-Bfppyexh1QEg&oe=689E923C"},"aioseo_meta_data":{"post_id":"64359","title":null,"description":null,"keywords":null,"keyphrases":null,"primary_term":null,"canonical_url":null,"og_title":null,"og_description":null,"og_object_type":"default","og_image_type":"default","og_image_url":null,"og_image_width":null,"og_image_height":null,"og_image_custom_url":null,"og_image_custom_fields":null,"og_video":null,"og_custom_url":null,"og_article_section":null,"og_article_tags":null,"twitter_use_og":false,"twitter_card":"default","twitter_image_type":"default","twitter_image_url":null,"twitter_image_custom_url":null,"twitter_image_custom_fields":null,"twitter_title":null,"twitter_description":null,"schema":{"blockGraphs":[],"customGraphs":[],"default":{"data":{"Article":[],"Course":[],"Dataset":[],"FAQPage":[],"Movie":[],"Person":[],"Product":[],"ProductReview":[],"Car":[],"Recipe":[],"Service":[],"SoftwareApplication":[],"WebPage":[]},"graphName":"","isEnabled":true},"graphs":[]},"schema_type":"default","schema_type_options":null,"pillar_content":false,"robots_default":true,"robots_noindex":false,"robots_noarchive":false,"robots_nosnippet":false,"robots_nofollow":false,"robots_noimageindex":false,"robots_noodp":false,"robots_notranslate":false,"robots_max_snippet":null,"robots_max_videopreview":null,"robots_max_imagepreview":"large","priority":null,"frequency":null,"local_seo":null,"breadcrumb_settings":null,"limit_modified_date":false,"ai":null,"created":"2025-08-16 22:04:24","updated":"2025-08-16 22:04:24","focus_keyword":null,"additional_keywords":null,"truseo_locale":null,"seo_analyzer_scan_date":null},"aioseo_breadcrumb":"<div class=\"aioseo-breadcrumbs\"><span class=\"aioseo-breadcrumb\">\n\t\t\t<a href=\"https:\/\/anoticiaonline.com.br\/site\" title=\"Home\">Home<\/a>\n\t\t<\/span><span class=\"aioseo-breadcrumb-separator\">&raquo;<\/span><span class=\"aioseo-breadcrumb\">\n\t\t\t<a href=\"https:\/\/anoticiaonline.com.br\/site\/categoria\/eventos\/\" title=\"Eventos\">Eventos<\/a>\n\t\t<\/span><span class=\"aioseo-breadcrumb-separator\">&raquo;<\/span><span class=\"aioseo-breadcrumb\">\n\t\t\t2\u00ba Copa de Marcha\n\t\t<\/span><\/div>","aioseo_breadcrumb_json":[{"label":"Home","link":"https:\/\/anoticiaonline.com.br\/site"},{"label":"Eventos","link":"https:\/\/anoticiaonline.com.br\/site\/categoria\/eventos\/"},{"label":"2\u00ba Copa de Marcha","link":"https:\/\/anoticiaonline.com.br\/site\/2o-copa-de-marcha-do-nucleo-dos-criadores-do-cavalo-mangalarga-marchador-de-muriae-e-regiao\/"}],"views":227,"_links":{"self":[{"href":"https:\/\/anoticiaonline.com.br\/site\/wp-json\/wp\/v2\/posts\/64359","targetHints":{"allow":["GET"]}}],"collection":[{"href":"https:\/\/anoticiaonline.com.br\/site\/wp-json\/wp\/v2\/posts"}],"about":[{"href":"https:\/\/anoticiaonline.com.br\/site\/wp-json\/wp\/v2\/types\/post"}],"author":[{"embeddable":true,"href":"https:\/\/anoticiaonline.com.br\/site\/wp-json\/wp\/v2\/users\/7"}],"replies":[{"embeddable":true,"href":"https:\/\/anoticiaonline.com.br\/site\/wp-json\/wp\/v2\/comments?post=64359"}],"version-history":[{"count":0,"href":"https:\/\/anoticiaonline.com.br\/site\/wp-json\/wp\/v2\/posts\/64359\/revisions"}],"wp:featuredmedia":[{"embeddable":true,"href":"https:\/\/anoticiaonline.com.br\/site\/wp-json\/wp\/v2\/media\/64360"}],"wp:attachment":[{"href":"https:\/\/anoticiaonline.com.br\/site\/wp-json\/wp\/v2\/media?parent=64359"}],"wp:term":[{"taxonomy":"category","embeddable":true,"href":"https:\/\/anoticiaonline.com.br\/site\/wp-json\/wp\/v2\/categories?post=64359"},{"taxonomy":"post_tag","embeddable":true,"href":"https:\/\/anoticiaonline.com.br\/site\/wp-json\/wp\/v2\/tags?post=64359"}],"curies":[{"name":"wp","href":"https:\/\/api.w.org\/{rel}","templated":true}]}}