{"id":6428,"date":"2015-11-16T08:35:19","date_gmt":"2015-11-16T11:35:19","guid":{"rendered":"http:\/\/anoticiaonline.com.br\/site\/?p=6428"},"modified":"2015-11-16T08:39:59","modified_gmt":"2015-11-16T11:39:59","slug":"escola-do-legislativo-promove-mais-uma-palestra","status":"publish","type":"post","link":"https:\/\/anoticiaonline.com.br\/site\/escola-do-legislativo-promove-mais-uma-palestra\/","title":{"rendered":"Escola do Legislativo promove mais uma palestra"},"content":{"rendered":"<p><a href=\"https:\/\/anoticiaonline.com.br\/site\/wp-content\/uploads\/2015\/11\/C\u00e2mara-Municipal.jpg\"><img fetchpriority=\"high\" decoding=\"async\" class=\" size-medium wp-image-6429 alignleft\" src=\"https:\/\/anoticiaonline.com.br\/site\/wp-content\/uploads\/2015\/11\/C\u00e2mara-Municipal-300x225.jpg\" alt=\"C\u00e2mara Municipal\" width=\"300\" height=\"225\" srcset=\"https:\/\/anoticiaonline.com.br\/site\/wp-content\/uploads\/2015\/11\/C\u00e2mara-Municipal-300x225.jpg 300w, https:\/\/anoticiaonline.com.br\/site\/wp-content\/uploads\/2015\/11\/C\u00e2mara-Municipal.jpg 640w\" sizes=\"(max-width: 300px) 100vw, 300px\" \/><\/a>Nos pr\u00f3ximos dias 19 e 26 de novembro (quinta-feira), a partir de 19h, o consultor organizacional s\u00eanior, Coracy Bandeira, estar\u00e1 na C\u00e2mara de Muria\u00e9 para ministrar a palestra \u201cA Qualidade Total na Gest\u00e3o do Servi\u00e7o Publico\u201d, direcionada a qualquer pessoa interessada no tema e voltada, principalmente, para servidores p\u00fablicos e universit\u00e1rios. O objetivo \u00e9, segundo o palestrante, elevar o n\u00edvel de qualidade das pessoas, para que elas possam, ap\u00f3s a palestra, exercitarem o trabalho com mais qualidade e ainda criar nas empresas o projeto Amigos da Qualidade Total.<\/p>\n<p>A palestra ser\u00e1 dividida em dois m\u00f3dulos. O primeiro, dia 19, e o segundo m\u00f3dulo no dia 25, com dura\u00e7\u00e3o de quatro horas. Os interessados podem se inscrever pelo email: escoladolegislativo@camaramuriae.mg.gov.br ou pelo telefone 3722-4967, ou ainda\u00a0 comparecer \u00e0 recep\u00e7\u00e3o da C\u00e2mara para deixar o nome completo e telefone de contato.<\/p>\n<figure id=\"attachment_6430\" aria-describedby=\"caption-attachment-6430\" style=\"width: 286px\" class=\"wp-caption alignleft\"><a href=\"https:\/\/anoticiaonline.com.br\/site\/wp-content\/uploads\/2015\/11\/coracy.jpg\"><img decoding=\"async\" class=\"size-medium wp-image-6430\" src=\"https:\/\/anoticiaonline.com.br\/site\/wp-content\/uploads\/2015\/11\/coracy-296x300.jpg\" alt=\"O palestrante Coracy Bandeira\" width=\"296\" height=\"300\" srcset=\"https:\/\/anoticiaonline.com.br\/site\/wp-content\/uploads\/2015\/11\/coracy-296x300.jpg 296w, https:\/\/anoticiaonline.com.br\/site\/wp-content\/uploads\/2015\/11\/coracy.jpg 631w\" sizes=\"(max-width: 296px) 100vw, 296px\" \/><\/a><figcaption id=\"caption-attachment-6430\" class=\"wp-caption-text\">O palestrante Coracy Bandeira<\/figcaption><\/figure>\n<p>&nbsp;<\/p>\n","protected":false},"excerpt":{"rendered":"<p>Nos pr\u00f3ximos dias 19 e 26 de novembro (quinta-feira), a partir de 19h, o consultor organizacional s\u00eanior, Coracy Bandeira, estar\u00e1 na C\u00e2mara de Muria\u00e9 para ministrar a palestra \u201cA Qualidade Total na Gest\u00e3o do Servi\u00e7o Publico\u201d, direcionada a qualquer pessoa interessada no tema e voltada, principalmente, para servidores p\u00fablicos e universit\u00e1rios. O objetivo \u00e9, segundo &#8230; <a title=\"Escola do Legislativo promove mais uma palestra\" class=\"read-more\" href=\"https:\/\/anoticiaonline.com.br\/site\/escola-do-legislativo-promove-mais-uma-palestra\/\" aria-label=\"Read more about Escola do Legislativo promove mais uma palestra\">Ler mais<\/a><\/p>\n","protected":false},"author":2,"featured_media":6429,"comment_status":"open","ping_status":"open","sticky":false,"template":"","format":"standard","meta":{"_acf_changed":false,"_monsterinsights_skip_tracking":false,"footnotes":""},"categories":[30],"tags":[3],"class_list":["post-6428","post","type-post","status-publish","format-standard","has-post-thumbnail","hentry","category-muriae","tag-slide"],"acf":[],"aioseo_notices":[],"aioseo_head":"\n\t\t<!-- All in One SEO 5.0.0.1 - aioseo.com -->\n\t<meta name=\"description\" content=\"Nos pr\u00f3ximos dias 19 e 26 de novembro (quinta-feira), a partir de 19h, o consultor organizacional s\u00eanior, Coracy Bandeira, estar\u00e1 na C\u00e2mara de Muria\u00e9 para ministrar a palestra \u201cA Qualidade Total na Gest\u00e3o do Servi\u00e7o Publico\u201d, direcionada a qualquer pessoa interessada no tema e voltada, principalmente, para servidores p\u00fablicos e universit\u00e1rios. O objetivo \u00e9, segundo\" \/>\n\t<meta name=\"robots\" content=\"max-image-preview:large\" \/>\n\t<meta name=\"author\" content=\"Juliana Laviola\"\/>\n\t<link rel=\"canonical\" href=\"https:\/\/anoticiaonline.com.br\/site\/escola-do-legislativo-promove-mais-uma-palestra\/\" \/>\n\t<meta name=\"generator\" content=\"All in One SEO (AIOSEO) 5.0.0.1\" \/>\n\t\t<meta property=\"og:locale\" content=\"pt_BR\" \/>\n\t\t<meta property=\"og:site_name\" content=\"A Not\u00edcia Online - Noticias de Muria\u00e9 e regi\u00e3o\" \/>\n\t\t<meta property=\"og:type\" content=\"article\" \/>\n\t\t<meta property=\"og:title\" content=\"Escola do Legislativo promove mais uma palestra - A Not\u00edcia Online\" \/>\n\t\t<meta property=\"og:description\" content=\"Nos pr\u00f3ximos dias 19 e 26 de novembro (quinta-feira), a partir de 19h, o consultor organizacional s\u00eanior, Coracy Bandeira, estar\u00e1 na C\u00e2mara de Muria\u00e9 para ministrar a palestra \u201cA Qualidade Total na Gest\u00e3o do Servi\u00e7o Publico\u201d, direcionada a qualquer pessoa interessada no tema e voltada, principalmente, para servidores p\u00fablicos e universit\u00e1rios. O objetivo \u00e9, segundo\" \/>\n\t\t<meta property=\"og:url\" content=\"https:\/\/anoticiaonline.com.br\/site\/escola-do-legislativo-promove-mais-uma-palestra\/\" \/>\n\t\t<meta property=\"og:image\" content=\"https:\/\/scontent-gig4-1.xx.fbcdn.net\/v\/t39.30808-1\/270437624_4564083193639691_6907940295614233970_n.jpg?stp=dst-jpg_s200x200_tt6&#038;_nc_cat=111&#038;ccb=1-7&#038;_nc_sid=f907e8&#038;_nc_ohc=SM1wRlP3lJwQ7kNvwEPuBYA&#038;_nc_oc=AdnqrjDN_BNjSSHWO-GbkIWH6fkGMLw4bqvL_NH6e2wMveX7G-rP2dAqsDSq1mJMOaY&#038;_nc_zt=24&#038;_nc_ht=scontent-gig4-1.xx&#038;_nc_gid=AoBFJeGrT1hVaew_6rchkQ&#038;oh=00_AfX7QmFGhQhG2jAllVgXCiM1ZrWgvtp80-Bfppyexh1QEg&#038;oe=689E923C\" \/>\n\t\t<meta property=\"og:image:secure_url\" content=\"https:\/\/scontent-gig4-1.xx.fbcdn.net\/v\/t39.30808-1\/270437624_4564083193639691_6907940295614233970_n.jpg?stp=dst-jpg_s200x200_tt6&#038;_nc_cat=111&#038;ccb=1-7&#038;_nc_sid=f907e8&#038;_nc_ohc=SM1wRlP3lJwQ7kNvwEPuBYA&#038;_nc_oc=AdnqrjDN_BNjSSHWO-GbkIWH6fkGMLw4bqvL_NH6e2wMveX7G-rP2dAqsDSq1mJMOaY&#038;_nc_zt=24&#038;_nc_ht=scontent-gig4-1.xx&#038;_nc_gid=AoBFJeGrT1hVaew_6rchkQ&#038;oh=00_AfX7QmFGhQhG2jAllVgXCiM1ZrWgvtp80-Bfppyexh1QEg&#038;oe=689E923C\" \/>\n\t\t<meta property=\"article:published_time\" content=\"2015-11-16T11:35:19+00:00\" \/>\n\t\t<meta property=\"article:modified_time\" content=\"2015-11-16T11:39:59+00:00\" \/>\n\t\t<meta name=\"twitter:card\" content=\"summary_large_image\" \/>\n\t\t<meta name=\"twitter:title\" content=\"Escola do Legislativo promove mais uma palestra - A Not\u00edcia Online\" \/>\n\t\t<meta name=\"twitter:description\" content=\"Nos pr\u00f3ximos dias 19 e 26 de novembro (quinta-feira), a partir de 19h, o consultor organizacional s\u00eanior, Coracy Bandeira, estar\u00e1 na C\u00e2mara de Muria\u00e9 para ministrar a palestra \u201cA Qualidade Total na Gest\u00e3o do Servi\u00e7o Publico\u201d, direcionada a qualquer pessoa interessada no tema e voltada, principalmente, para servidores p\u00fablicos e universit\u00e1rios. O objetivo \u00e9, segundo\" \/>\n\t\t<meta name=\"twitter:image\" content=\"https:\/\/scontent-gig4-1.xx.fbcdn.net\/v\/t39.30808-1\/270437624_4564083193639691_6907940295614233970_n.jpg?stp=dst-jpg_s200x200_tt6&amp;_nc_cat=111&amp;ccb=1-7&amp;_nc_sid=f907e8&amp;_nc_ohc=SM1wRlP3lJwQ7kNvwEPuBYA&amp;_nc_oc=AdnqrjDN_BNjSSHWO-GbkIWH6fkGMLw4bqvL_NH6e2wMveX7G-rP2dAqsDSq1mJMOaY&amp;_nc_zt=24&amp;_nc_ht=scontent-gig4-1.xx&amp;_nc_gid=AoBFJeGrT1hVaew_6rchkQ&amp;oh=00_AfX7QmFGhQhG2jAllVgXCiM1ZrWgvtp80-Bfppyexh1QEg&amp;oe=689E923C\" \/>\n\t\t<script type=\"application\/ld+json\" class=\"aioseo-schema\">\n\t\t\t{\"@context\":\"https:\\\/\\\/schema.org\",\"@graph\":[{\"@type\":\"BlogPosting\",\"@id\":\"https:\\\/\\\/anoticiaonline.com.br\\\/site\\\/escola-do-legislativo-promove-mais-uma-palestra\\\/#blogposting\",\"name\":\"Escola do Legislativo promove mais uma palestra - A Not\\u00edcia Online\",\"headline\":\"Escola do Legislativo promove mais uma palestra\",\"author\":{\"@id\":\"https:\\\/\\\/anoticiaonline.com.br\\\/site\\\/author\\\/juliana\\\/#author\"},\"publisher\":{\"@id\":\"https:\\\/\\\/anoticiaonline.com.br\\\/site\\\/#organization\"},\"image\":{\"@type\":\"ImageObject\",\"url\":\"https:\\\/\\\/anoticiaonline.com.br\\\/site\\\/wp-content\\\/uploads\\\/2015\\\/11\\\/C\\u00e2mara-Municipal.jpg\",\"width\":640,\"height\":480},\"datePublished\":\"2015-11-16T08:35:19-03:00\",\"dateModified\":\"2015-11-16T08:39:59-03:00\",\"inLanguage\":\"pt-BR\",\"mainEntityOfPage\":{\"@id\":\"https:\\\/\\\/anoticiaonline.com.br\\\/site\\\/escola-do-legislativo-promove-mais-uma-palestra\\\/#webpage\"},\"isPartOf\":{\"@id\":\"https:\\\/\\\/anoticiaonline.com.br\\\/site\\\/escola-do-legislativo-promove-mais-uma-palestra\\\/#webpage\"},\"articleSection\":\"Blog, slide\"},{\"@type\":\"BreadcrumbList\",\"@id\":\"https:\\\/\\\/anoticiaonline.com.br\\\/site\\\/escola-do-legislativo-promove-mais-uma-palestra\\\/#breadcrumblist\",\"itemListElement\":[{\"@type\":\"ListItem\",\"@id\":\"https:\\\/\\\/anoticiaonline.com.br\\\/site#listItem\",\"position\":1,\"name\":\"Home\",\"item\":\"https:\\\/\\\/anoticiaonline.com.br\\\/site\",\"nextItem\":{\"@type\":\"ListItem\",\"@id\":\"https:\\\/\\\/anoticiaonline.com.br\\\/site\\\/categoria\\\/muriae\\\/#listItem\",\"name\":\"Blog\"}},{\"@type\":\"ListItem\",\"@id\":\"https:\\\/\\\/anoticiaonline.com.br\\\/site\\\/categoria\\\/muriae\\\/#listItem\",\"position\":2,\"name\":\"Blog\",\"item\":\"https:\\\/\\\/anoticiaonline.com.br\\\/site\\\/categoria\\\/muriae\\\/\",\"nextItem\":{\"@type\":\"ListItem\",\"@id\":\"https:\\\/\\\/anoticiaonline.com.br\\\/site\\\/escola-do-legislativo-promove-mais-uma-palestra\\\/#listItem\",\"name\":\"Escola do Legislativo promove mais uma palestra\"},\"previousItem\":{\"@type\":\"ListItem\",\"@id\":\"https:\\\/\\\/anoticiaonline.com.br\\\/site#listItem\",\"name\":\"Home\"}},{\"@type\":\"ListItem\",\"@id\":\"https:\\\/\\\/anoticiaonline.com.br\\\/site\\\/escola-do-legislativo-promove-mais-uma-palestra\\\/#listItem\",\"position\":3,\"name\":\"Escola do Legislativo promove mais uma palestra\",\"previousItem\":{\"@type\":\"ListItem\",\"@id\":\"https:\\\/\\\/anoticiaonline.com.br\\\/site\\\/categoria\\\/muriae\\\/#listItem\",\"name\":\"Blog\"}}]},{\"@type\":\"Organization\",\"@id\":\"https:\\\/\\\/anoticiaonline.com.br\\\/site\\\/#organization\",\"name\":\"A Not\\u00edcia Online\",\"description\":\"Noticias de Muria\\u00e9 e regi\\u00e3o\",\"url\":\"https:\\\/\\\/anoticiaonline.com.br\\\/site\\\/\",\"logo\":{\"@type\":\"ImageObject\",\"url\":\"https:\\\/\\\/scontent-gig4-1.xx.fbcdn.net\\\/v\\\/t39.30808-1\\\/270437624_4564083193639691_6907940295614233970_n.jpg?stp=dst-jpg_s200x200_tt6&_nc_cat=111&ccb=1-7&_nc_sid=f907e8&_nc_ohc=SM1wRlP3lJwQ7kNvwEPuBYA&_nc_oc=AdnqrjDN_BNjSSHWO-GbkIWH6fkGMLw4bqvL_NH6e2wMveX7G-rP2dAqsDSq1mJMOaY&_nc_zt=24&_nc_ht=scontent-gig4-1.xx&_nc_gid=AoBFJeGrT1hVaew_6rchkQ&oh=00_AfX7QmFGhQhG2jAllVgXCiM1ZrWgvtp80-Bfppyexh1QEg&oe=689E923C\",\"@id\":\"https:\\\/\\\/anoticiaonline.com.br\\\/site\\\/escola-do-legislativo-promove-mais-uma-palestra\\\/#organizationLogo\"},\"image\":{\"@id\":\"https:\\\/\\\/anoticiaonline.com.br\\\/site\\\/escola-do-legislativo-promove-mais-uma-palestra\\\/#organizationLogo\"}},{\"@type\":\"Person\",\"@id\":\"https:\\\/\\\/anoticiaonline.com.br\\\/site\\\/author\\\/juliana\\\/#author\",\"url\":\"https:\\\/\\\/anoticiaonline.com.br\\\/site\\\/author\\\/juliana\\\/\",\"name\":\"Juliana Laviola\",\"image\":{\"@type\":\"ImageObject\",\"@id\":\"https:\\\/\\\/anoticiaonline.com.br\\\/site\\\/escola-do-legislativo-promove-mais-uma-palestra\\\/#authorImage\",\"url\":\"https:\\\/\\\/secure.gravatar.com\\\/avatar\\\/b8d45f5c699b100dfaf0e543582f38f38bf94cb7ae3a5e9abf8d891a34773335?s=96&d=mm&r=g\",\"width\":96,\"height\":96,\"caption\":\"Juliana Laviola\"}},{\"@type\":\"WebPage\",\"@id\":\"https:\\\/\\\/anoticiaonline.com.br\\\/site\\\/escola-do-legislativo-promove-mais-uma-palestra\\\/#webpage\",\"url\":\"https:\\\/\\\/anoticiaonline.com.br\\\/site\\\/escola-do-legislativo-promove-mais-uma-palestra\\\/\",\"name\":\"Escola do Legislativo promove mais uma palestra - A Not\\u00edcia Online\",\"description\":\"Nos pr\\u00f3ximos dias 19 e 26 de novembro (quinta-feira), a partir de 19h, o consultor organizacional s\\u00eanior, Coracy Bandeira, estar\\u00e1 na C\\u00e2mara de Muria\\u00e9 para ministrar a palestra \\u201cA Qualidade Total na Gest\\u00e3o do Servi\\u00e7o Publico\\u201d, direcionada a qualquer pessoa interessada no tema e voltada, principalmente, para servidores p\\u00fablicos e universit\\u00e1rios. O objetivo \\u00e9, segundo\",\"inLanguage\":\"pt-BR\",\"isPartOf\":{\"@id\":\"https:\\\/\\\/anoticiaonline.com.br\\\/site\\\/#website\"},\"breadcrumb\":{\"@id\":\"https:\\\/\\\/anoticiaonline.com.br\\\/site\\\/escola-do-legislativo-promove-mais-uma-palestra\\\/#breadcrumblist\"},\"author\":{\"@id\":\"https:\\\/\\\/anoticiaonline.com.br\\\/site\\\/author\\\/juliana\\\/#author\"},\"creator\":{\"@id\":\"https:\\\/\\\/anoticiaonline.com.br\\\/site\\\/author\\\/juliana\\\/#author\"},\"image\":{\"@type\":\"ImageObject\",\"url\":\"https:\\\/\\\/anoticiaonline.com.br\\\/site\\\/wp-content\\\/uploads\\\/2015\\\/11\\\/C\\u00e2mara-Municipal.jpg\",\"@id\":\"https:\\\/\\\/anoticiaonline.com.br\\\/site\\\/escola-do-legislativo-promove-mais-uma-palestra\\\/#mainImage\",\"width\":640,\"height\":480},\"primaryImageOfPage\":{\"@id\":\"https:\\\/\\\/anoticiaonline.com.br\\\/site\\\/escola-do-legislativo-promove-mais-uma-palestra\\\/#mainImage\"},\"datePublished\":\"2015-11-16T08:35:19-03:00\",\"dateModified\":\"2015-11-16T08:39:59-03:00\"},{\"@type\":\"WebSite\",\"@id\":\"https:\\\/\\\/anoticiaonline.com.br\\\/site\\\/#website\",\"url\":\"https:\\\/\\\/anoticiaonline.com.br\\\/site\\\/\",\"name\":\"A Not\\u00edcia Online\",\"description\":\"Noticias de Muria\\u00e9 e regi\\u00e3o\",\"inLanguage\":\"pt-BR\",\"publisher\":{\"@id\":\"https:\\\/\\\/anoticiaonline.com.br\\\/site\\\/#organization\"}}]}\n\t\t<\/script>\n\t\t<!-- All in One SEO -->\n\n","aioseo_head_json":{"title":"Escola do Legislativo promove mais uma palestra - A Not\u00edcia Online","description":"Nos pr\u00f3ximos dias 19 e 26 de novembro (quinta-feira), a partir de 19h, o consultor organizacional s\u00eanior, Coracy Bandeira, estar\u00e1 na C\u00e2mara de Muria\u00e9 para ministrar a palestra \u201cA Qualidade Total na Gest\u00e3o do Servi\u00e7o Publico\u201d, direcionada a qualquer pessoa interessada no tema e voltada, principalmente, para servidores p\u00fablicos e universit\u00e1rios. O objetivo \u00e9, segundo","canonical_url":"https:\/\/anoticiaonline.com.br\/site\/escola-do-legislativo-promove-mais-uma-palestra\/","robots":"max-image-preview:large","keywords":"","webmasterTools":{"miscellaneous":""},"schema":{"@context":"https:\/\/schema.org","@graph":[{"@type":"BlogPosting","@id":"https:\/\/anoticiaonline.com.br\/site\/escola-do-legislativo-promove-mais-uma-palestra\/#blogposting","name":"Escola do Legislativo promove mais uma palestra - A Not\u00edcia Online","headline":"Escola do Legislativo promove mais uma palestra","author":{"@id":"https:\/\/anoticiaonline.com.br\/site\/author\/juliana\/#author"},"publisher":{"@id":"https:\/\/anoticiaonline.com.br\/site\/#organization"},"image":{"@type":"ImageObject","url":"https:\/\/anoticiaonline.com.br\/site\/wp-content\/uploads\/2015\/11\/C\u00e2mara-Municipal.jpg","width":640,"height":480},"datePublished":"2015-11-16T08:35:19-03:00","dateModified":"2015-11-16T08:39:59-03:00","inLanguage":"pt-BR","mainEntityOfPage":{"@id":"https:\/\/anoticiaonline.com.br\/site\/escola-do-legislativo-promove-mais-uma-palestra\/#webpage"},"isPartOf":{"@id":"https:\/\/anoticiaonline.com.br\/site\/escola-do-legislativo-promove-mais-uma-palestra\/#webpage"},"articleSection":"Blog, slide"},{"@type":"BreadcrumbList","@id":"https:\/\/anoticiaonline.com.br\/site\/escola-do-legislativo-promove-mais-uma-palestra\/#breadcrumblist","itemListElement":[{"@type":"ListItem","@id":"https:\/\/anoticiaonline.com.br\/site#listItem","position":1,"name":"Home","item":"https:\/\/anoticiaonline.com.br\/site","nextItem":{"@type":"ListItem","@id":"https:\/\/anoticiaonline.com.br\/site\/categoria\/muriae\/#listItem","name":"Blog"}},{"@type":"ListItem","@id":"https:\/\/anoticiaonline.com.br\/site\/categoria\/muriae\/#listItem","position":2,"name":"Blog","item":"https:\/\/anoticiaonline.com.br\/site\/categoria\/muriae\/","nextItem":{"@type":"ListItem","@id":"https:\/\/anoticiaonline.com.br\/site\/escola-do-legislativo-promove-mais-uma-palestra\/#listItem","name":"Escola do Legislativo promove mais uma palestra"},"previousItem":{"@type":"ListItem","@id":"https:\/\/anoticiaonline.com.br\/site#listItem","name":"Home"}},{"@type":"ListItem","@id":"https:\/\/anoticiaonline.com.br\/site\/escola-do-legislativo-promove-mais-uma-palestra\/#listItem","position":3,"name":"Escola do Legislativo promove mais uma palestra","previousItem":{"@type":"ListItem","@id":"https:\/\/anoticiaonline.com.br\/site\/categoria\/muriae\/#listItem","name":"Blog"}}]},{"@type":"Organization","@id":"https:\/\/anoticiaonline.com.br\/site\/#organization","name":"A Not\u00edcia Online","description":"Noticias de Muria\u00e9 e regi\u00e3o","url":"https:\/\/anoticiaonline.com.br\/site\/","logo":{"@type":"ImageObject","url":"https:\/\/scontent-gig4-1.xx.fbcdn.net\/v\/t39.30808-1\/270437624_4564083193639691_6907940295614233970_n.jpg?stp=dst-jpg_s200x200_tt6&_nc_cat=111&ccb=1-7&_nc_sid=f907e8&_nc_ohc=SM1wRlP3lJwQ7kNvwEPuBYA&_nc_oc=AdnqrjDN_BNjSSHWO-GbkIWH6fkGMLw4bqvL_NH6e2wMveX7G-rP2dAqsDSq1mJMOaY&_nc_zt=24&_nc_ht=scontent-gig4-1.xx&_nc_gid=AoBFJeGrT1hVaew_6rchkQ&oh=00_AfX7QmFGhQhG2jAllVgXCiM1ZrWgvtp80-Bfppyexh1QEg&oe=689E923C","@id":"https:\/\/anoticiaonline.com.br\/site\/escola-do-legislativo-promove-mais-uma-palestra\/#organizationLogo"},"image":{"@id":"https:\/\/anoticiaonline.com.br\/site\/escola-do-legislativo-promove-mais-uma-palestra\/#organizationLogo"}},{"@type":"Person","@id":"https:\/\/anoticiaonline.com.br\/site\/author\/juliana\/#author","url":"https:\/\/anoticiaonline.com.br\/site\/author\/juliana\/","name":"Juliana Laviola","image":{"@type":"ImageObject","@id":"https:\/\/anoticiaonline.com.br\/site\/escola-do-legislativo-promove-mais-uma-palestra\/#authorImage","url":"https:\/\/secure.gravatar.com\/avatar\/b8d45f5c699b100dfaf0e543582f38f38bf94cb7ae3a5e9abf8d891a34773335?s=96&d=mm&r=g","width":96,"height":96,"caption":"Juliana Laviola"}},{"@type":"WebPage","@id":"https:\/\/anoticiaonline.com.br\/site\/escola-do-legislativo-promove-mais-uma-palestra\/#webpage","url":"https:\/\/anoticiaonline.com.br\/site\/escola-do-legislativo-promove-mais-uma-palestra\/","name":"Escola do Legislativo promove mais uma palestra - A Not\u00edcia Online","description":"Nos pr\u00f3ximos dias 19 e 26 de novembro (quinta-feira), a partir de 19h, o consultor organizacional s\u00eanior, Coracy Bandeira, estar\u00e1 na C\u00e2mara de Muria\u00e9 para ministrar a palestra \u201cA Qualidade Total na Gest\u00e3o do Servi\u00e7o Publico\u201d, direcionada a qualquer pessoa interessada no tema e voltada, principalmente, para servidores p\u00fablicos e universit\u00e1rios. O objetivo \u00e9, segundo","inLanguage":"pt-BR","isPartOf":{"@id":"https:\/\/anoticiaonline.com.br\/site\/#website"},"breadcrumb":{"@id":"https:\/\/anoticiaonline.com.br\/site\/escola-do-legislativo-promove-mais-uma-palestra\/#breadcrumblist"},"author":{"@id":"https:\/\/anoticiaonline.com.br\/site\/author\/juliana\/#author"},"creator":{"@id":"https:\/\/anoticiaonline.com.br\/site\/author\/juliana\/#author"},"image":{"@type":"ImageObject","url":"https:\/\/anoticiaonline.com.br\/site\/wp-content\/uploads\/2015\/11\/C\u00e2mara-Municipal.jpg","@id":"https:\/\/anoticiaonline.com.br\/site\/escola-do-legislativo-promove-mais-uma-palestra\/#mainImage","width":640,"height":480},"primaryImageOfPage":{"@id":"https:\/\/anoticiaonline.com.br\/site\/escola-do-legislativo-promove-mais-uma-palestra\/#mainImage"},"datePublished":"2015-11-16T08:35:19-03:00","dateModified":"2015-11-16T08:39:59-03:00"},{"@type":"WebSite","@id":"https:\/\/anoticiaonline.com.br\/site\/#website","url":"https:\/\/anoticiaonline.com.br\/site\/","name":"A Not\u00edcia Online","description":"Noticias de Muria\u00e9 e regi\u00e3o","inLanguage":"pt-BR","publisher":{"@id":"https:\/\/anoticiaonline.com.br\/site\/#organization"}}]},"og:locale":"pt_BR","og:site_name":"A Not\u00edcia Online - Noticias de Muria\u00e9 e regi\u00e3o","og:type":"article","og:title":"Escola do Legislativo promove mais uma palestra - A Not\u00edcia Online","og:description":"Nos pr\u00f3ximos dias 19 e 26 de novembro (quinta-feira), a partir de 19h, o consultor organizacional s\u00eanior, Coracy Bandeira, estar\u00e1 na C\u00e2mara de Muria\u00e9 para ministrar a palestra \u201cA Qualidade Total na Gest\u00e3o do Servi\u00e7o Publico\u201d, direcionada a qualquer pessoa interessada no tema e voltada, principalmente, para servidores p\u00fablicos e universit\u00e1rios. O objetivo \u00e9, segundo","og:url":"https:\/\/anoticiaonline.com.br\/site\/escola-do-legislativo-promove-mais-uma-palestra\/","og:image":"https:\/\/scontent-gig4-1.xx.fbcdn.net\/v\/t39.30808-1\/270437624_4564083193639691_6907940295614233970_n.jpg?stp=dst-jpg_s200x200_tt6&#038;_nc_cat=111&#038;ccb=1-7&#038;_nc_sid=f907e8&#038;_nc_ohc=SM1wRlP3lJwQ7kNvwEPuBYA&#038;_nc_oc=AdnqrjDN_BNjSSHWO-GbkIWH6fkGMLw4bqvL_NH6e2wMveX7G-rP2dAqsDSq1mJMOaY&#038;_nc_zt=24&#038;_nc_ht=scontent-gig4-1.xx&#038;_nc_gid=AoBFJeGrT1hVaew_6rchkQ&#038;oh=00_AfX7QmFGhQhG2jAllVgXCiM1ZrWgvtp80-Bfppyexh1QEg&#038;oe=689E923C","og:image:secure_url":"https:\/\/scontent-gig4-1.xx.fbcdn.net\/v\/t39.30808-1\/270437624_4564083193639691_6907940295614233970_n.jpg?stp=dst-jpg_s200x200_tt6&#038;_nc_cat=111&#038;ccb=1-7&#038;_nc_sid=f907e8&#038;_nc_ohc=SM1wRlP3lJwQ7kNvwEPuBYA&#038;_nc_oc=AdnqrjDN_BNjSSHWO-GbkIWH6fkGMLw4bqvL_NH6e2wMveX7G-rP2dAqsDSq1mJMOaY&#038;_nc_zt=24&#038;_nc_ht=scontent-gig4-1.xx&#038;_nc_gid=AoBFJeGrT1hVaew_6rchkQ&#038;oh=00_AfX7QmFGhQhG2jAllVgXCiM1ZrWgvtp80-Bfppyexh1QEg&#038;oe=689E923C","article:published_time":"2015-11-16T11:35:19+00:00","article:modified_time":"2015-11-16T11:39:59+00:00","twitter:card":"summary_large_image","twitter:title":"Escola do Legislativo promove mais uma palestra - A Not\u00edcia Online","twitter:description":"Nos pr\u00f3ximos dias 19 e 26 de novembro (quinta-feira), a partir de 19h, o consultor organizacional s\u00eanior, Coracy Bandeira, estar\u00e1 na C\u00e2mara de Muria\u00e9 para ministrar a palestra \u201cA Qualidade Total na Gest\u00e3o do Servi\u00e7o Publico\u201d, direcionada a qualquer pessoa interessada no tema e voltada, principalmente, para servidores p\u00fablicos e universit\u00e1rios. O objetivo \u00e9, segundo","twitter:image":"https:\/\/scontent-gig4-1.xx.fbcdn.net\/v\/t39.30808-1\/270437624_4564083193639691_6907940295614233970_n.jpg?stp=dst-jpg_s200x200_tt6&_nc_cat=111&ccb=1-7&_nc_sid=f907e8&_nc_ohc=SM1wRlP3lJwQ7kNvwEPuBYA&_nc_oc=AdnqrjDN_BNjSSHWO-GbkIWH6fkGMLw4bqvL_NH6e2wMveX7G-rP2dAqsDSq1mJMOaY&_nc_zt=24&_nc_ht=scontent-gig4-1.xx&_nc_gid=AoBFJeGrT1hVaew_6rchkQ&oh=00_AfX7QmFGhQhG2jAllVgXCiM1ZrWgvtp80-Bfppyexh1QEg&oe=689E923C"},"aioseo_meta_data":{"post_id":"6428","title":null,"description":null,"keywords":null,"keyphrases":null,"primary_term":null,"canonical_url":null,"og_title":null,"og_description":null,"og_object_type":"default","og_image_type":"default","og_image_url":null,"og_image_width":null,"og_image_height":null,"og_image_custom_url":null,"og_image_custom_fields":null,"og_video":null,"og_custom_url":null,"og_article_section":null,"og_article_tags":null,"twitter_use_og":false,"twitter_card":"default","twitter_image_type":"default","twitter_image_url":null,"twitter_image_custom_url":null,"twitter_image_custom_fields":null,"twitter_title":null,"twitter_description":null,"schema":{"blockGraphs":[],"customGraphs":[],"default":{"data":{"Article":[],"Course":[],"Dataset":[],"FAQPage":[],"Movie":[],"Person":[],"Product":[],"ProductReview":[],"Car":[],"Recipe":[],"Service":[],"SoftwareApplication":[],"WebPage":[]},"graphName":"","isEnabled":true},"graphs":[]},"schema_type":"default","schema_type_options":null,"pillar_content":false,"robots_default":true,"robots_noindex":false,"robots_noarchive":false,"robots_nosnippet":false,"robots_nofollow":false,"robots_noimageindex":false,"robots_noodp":false,"robots_notranslate":false,"robots_max_snippet":null,"robots_max_videopreview":null,"robots_max_imagepreview":"large","priority":null,"frequency":null,"local_seo":null,"breadcrumb_settings":null,"limit_modified_date":false,"ai":null,"created":"2025-08-16 13:57:30","updated":"2025-08-16 13:57:30","focus_keyword":null,"additional_keywords":null,"truseo_locale":null,"seo_analyzer_scan_date":null},"aioseo_breadcrumb":"<div class=\"aioseo-breadcrumbs\"><span class=\"aioseo-breadcrumb\">\n\t\t\t<a href=\"https:\/\/anoticiaonline.com.br\/site\" title=\"Home\">Home<\/a>\n\t\t<\/span><span class=\"aioseo-breadcrumb-separator\">&raquo;<\/span><span class=\"aioseo-breadcrumb\">\n\t\t\t<a href=\"https:\/\/anoticiaonline.com.br\/site\/categoria\/muriae\/\" title=\"Blog\">Blog<\/a>\n\t\t<\/span><span class=\"aioseo-breadcrumb-separator\">&raquo;<\/span><span class=\"aioseo-breadcrumb\">\n\t\t\tEscola do Legislativo promove mais uma palestra\n\t\t<\/span><\/div>","aioseo_breadcrumb_json":[{"label":"Home","link":"https:\/\/anoticiaonline.com.br\/site"},{"label":"Blog","link":"https:\/\/anoticiaonline.com.br\/site\/categoria\/muriae\/"},{"label":"Escola do Legislativo promove mais uma palestra","link":"https:\/\/anoticiaonline.com.br\/site\/escola-do-legislativo-promove-mais-uma-palestra\/"}],"views":117,"_links":{"self":[{"href":"https:\/\/anoticiaonline.com.br\/site\/wp-json\/wp\/v2\/posts\/6428","targetHints":{"allow":["GET"]}}],"collection":[{"href":"https:\/\/anoticiaonline.com.br\/site\/wp-json\/wp\/v2\/posts"}],"about":[{"href":"https:\/\/anoticiaonline.com.br\/site\/wp-json\/wp\/v2\/types\/post"}],"author":[{"embeddable":true,"href":"https:\/\/anoticiaonline.com.br\/site\/wp-json\/wp\/v2\/users\/2"}],"replies":[{"embeddable":true,"href":"https:\/\/anoticiaonline.com.br\/site\/wp-json\/wp\/v2\/comments?post=6428"}],"version-history":[{"count":0,"href":"https:\/\/anoticiaonline.com.br\/site\/wp-json\/wp\/v2\/posts\/6428\/revisions"}],"wp:featuredmedia":[{"embeddable":true,"href":"https:\/\/anoticiaonline.com.br\/site\/wp-json\/wp\/v2\/media\/6429"}],"wp:attachment":[{"href":"https:\/\/anoticiaonline.com.br\/site\/wp-json\/wp\/v2\/media?parent=6428"}],"wp:term":[{"taxonomy":"category","embeddable":true,"href":"https:\/\/anoticiaonline.com.br\/site\/wp-json\/wp\/v2\/categories?post=6428"},{"taxonomy":"post_tag","embeddable":true,"href":"https:\/\/anoticiaonline.com.br\/site\/wp-json\/wp\/v2\/tags?post=6428"}],"curies":[{"name":"wp","href":"https:\/\/api.w.org\/{rel}","templated":true}]}}