{"id":64217,"date":"2018-11-08T19:28:15","date_gmt":"2018-11-08T22:28:15","guid":{"rendered":"http:\/\/anoticiaonline.com.br\/site\/?p=64217"},"modified":"2018-11-08T20:15:51","modified_gmt":"2018-11-08T23:15:51","slug":"prefeitos-se-reunem-para-discutir-sobre-falta-de-repasses-por-parte-do-governo-estadual","status":"publish","type":"post","link":"https:\/\/anoticiaonline.com.br\/site\/prefeitos-se-reunem-para-discutir-sobre-falta-de-repasses-por-parte-do-governo-estadual\/","title":{"rendered":"Prefeitos se re\u00fanem para discutir sobre falta de repasses do Governo Estadual"},"content":{"rendered":"<p><a href=\"https:\/\/anoticiaonline.com.br\/site\/wp-content\/uploads\/2018\/11\/2.jpg\"><img fetchpriority=\"high\" decoding=\"async\" class=\"aligncenter size-full wp-image-64230\" src=\"https:\/\/anoticiaonline.com.br\/site\/wp-content\/uploads\/2018\/11\/2.jpg\" alt=\"\" width=\"1000\" height=\"750\" srcset=\"https:\/\/anoticiaonline.com.br\/site\/wp-content\/uploads\/2018\/11\/2.jpg 1000w, https:\/\/anoticiaonline.com.br\/site\/wp-content\/uploads\/2018\/11\/2-300x225.jpg 300w, https:\/\/anoticiaonline.com.br\/site\/wp-content\/uploads\/2018\/11\/2-768x576.jpg 768w, https:\/\/anoticiaonline.com.br\/site\/wp-content\/uploads\/2018\/11\/2-105x80.jpg 105w\" sizes=\"(max-width: 1000px) 100vw, 1000px\" \/><\/a>Prefeitos de Muria\u00e9 e cidades da regi\u00e3o se reuniram na sede do Cisleste (Cons\u00f3rcio Intermunicipal de Sa\u00fade da Mata Leste), na tarde de quinta-feira (8), para discutirem sobre a situa\u00e7\u00e3o dos munic\u00edpios mediante o n\u00e3o repasse financeiro por parte do Governo Estadual, em especial os recursos do Fundeb e do ICMS.<\/p>\n<p>Recentemente, a prefeitura de Muria\u00e9 realizou uma coletiva de imprensa para falar sobre medidas emergenciais em rela\u00e7\u00e3o ao corte de gastos com a implanta\u00e7\u00e3o do decreto 8.768, que pretende garantir que o sal\u00e1rio dos servidores p\u00fablicos municipais seja pago integralmente e sem atrasos ao longo dos pr\u00f3ximos quatro meses. Segundo a prefeitura, a falta de repasse de verbas por parte do Governo de Minas, j\u00e1 ultrapassa a casa de R$61 milh\u00f5es.<\/p>\n<p><a href=\"https:\/\/anoticiaonline.com.br\/site\/wp-content\/uploads\/2018\/11\/1.jpg\"><img decoding=\"async\" class=\"aligncenter size-full wp-image-64231\" src=\"https:\/\/anoticiaonline.com.br\/site\/wp-content\/uploads\/2018\/11\/1.jpg\" alt=\"\" width=\"1000\" height=\"750\" srcset=\"https:\/\/anoticiaonline.com.br\/site\/wp-content\/uploads\/2018\/11\/1.jpg 1000w, https:\/\/anoticiaonline.com.br\/site\/wp-content\/uploads\/2018\/11\/1-300x225.jpg 300w, https:\/\/anoticiaonline.com.br\/site\/wp-content\/uploads\/2018\/11\/1-768x576.jpg 768w, https:\/\/anoticiaonline.com.br\/site\/wp-content\/uploads\/2018\/11\/1-105x80.jpg 105w\" sizes=\"(max-width: 1000px) 100vw, 1000px\" \/><\/a><\/p>\n<p><strong>AMERP<\/strong><strong> faz apelo ao governo do Estado e ao TCE \u2013 <\/strong>Em agosto deste ano, o prefeito de S\u00e3o Sebasti\u00e3o da Vargem Alegre e presidente da Associa\u00e7\u00e3o dos Munic\u00edpios da Microrregi\u00e3o do M\u00e9dio Rio Pomba (AMERP), Claudiomir Vieira, compartilhou atrav\u00e9s de aplicativo de celular, um v\u00eddeo no qual aparece reunido com outros prefeitos da regi\u00e3o para falar sobre a d\u00edvida do governo. \u201cPedimos ao governo e ao Tribunal de Contas do Estado que tenham bom senso. Os valores de nossas arrecada\u00e7\u00f5es est\u00e3o caindo muito, devido \u00e0 falta de compromisso do governo estadual. Os limites de gasto da folha de pagamento e outros mais n\u00e3o est\u00e3o subindo. Pimentel pague a nossa conta\u201d, fazem o apelo durante o v\u00eddeo gravado, na \u00e9poca, na sede da AMERP, em Muria\u00e9.<\/p>\n","protected":false},"excerpt":{"rendered":"<p>Prefeitos de Muria\u00e9 e cidades da regi\u00e3o se reuniram na sede do Cisleste (Cons\u00f3rcio Intermunicipal de Sa\u00fade da Mata Leste), na tarde de quinta-feira (8), para discutirem sobre a situa\u00e7\u00e3o dos munic\u00edpios mediante o n\u00e3o repasse financeiro por parte do Governo Estadual, em especial os recursos do Fundeb e do ICMS. Recentemente, a prefeitura de &#8230; <a title=\"Prefeitos se re\u00fanem para discutir sobre falta de repasses do Governo Estadual\" class=\"read-more\" href=\"https:\/\/anoticiaonline.com.br\/site\/prefeitos-se-reunem-para-discutir-sobre-falta-de-repasses-por-parte-do-governo-estadual\/\" aria-label=\"Read more about Prefeitos se re\u00fanem para discutir sobre falta de repasses do Governo Estadual\">Ler mais<\/a><\/p>\n","protected":false},"author":2,"featured_media":64229,"comment_status":"open","ping_status":"open","sticky":false,"template":"","format":"standard","meta":{"_acf_changed":false,"_monsterinsights_skip_tracking":false,"footnotes":""},"categories":[30,6],"tags":[1771,1770,3378,3379,74,99],"class_list":["post-64217","post","type-post","status-publish","format-standard","has-post-thumbnail","hentry","category-muriae","category-regiao","tag-cisleste","tag-consorcio-intermunicipal-de-saude-da-mata-leste","tag-fundeb","tag-icms","tag-muriae","tag-prefeitura-de-muriae"],"acf":[],"aioseo_notices":[],"aioseo_head":"\n\t\t<!-- All in One SEO 5.0.0.1 - aioseo.com -->\n\t<meta name=\"description\" content=\"Prefeitos de Muria\u00e9 e cidades da regi\u00e3o se reuniram na sede do Cisleste (Cons\u00f3rcio Intermunicipal de Sa\u00fade da Mata Leste), na tarde de quinta-feira (8), para discutirem sobre a situa\u00e7\u00e3o dos munic\u00edpios mediante o n\u00e3o repasse financeiro por parte do Governo Estadual, em especial os recursos do Fundeb e do ICMS. Recentemente, a prefeitura de\" \/>\n\t<meta name=\"robots\" content=\"max-image-preview:large\" \/>\n\t<meta name=\"author\" content=\"Juliana Laviola\"\/>\n\t<link rel=\"canonical\" href=\"https:\/\/anoticiaonline.com.br\/site\/prefeitos-se-reunem-para-discutir-sobre-falta-de-repasses-por-parte-do-governo-estadual\/\" \/>\n\t<meta name=\"generator\" content=\"All in One SEO (AIOSEO) 5.0.0.1\" \/>\n\t\t<meta property=\"og:locale\" content=\"pt_BR\" \/>\n\t\t<meta property=\"og:site_name\" content=\"A Not\u00edcia Online - Noticias de Muria\u00e9 e regi\u00e3o\" \/>\n\t\t<meta property=\"og:type\" content=\"article\" \/>\n\t\t<meta property=\"og:title\" content=\"Prefeitos se re\u00fanem para discutir sobre falta de repasses do Governo Estadual - A Not\u00edcia Online\" \/>\n\t\t<meta property=\"og:description\" content=\"Prefeitos de Muria\u00e9 e cidades da regi\u00e3o se reuniram na sede do Cisleste (Cons\u00f3rcio Intermunicipal de Sa\u00fade da Mata Leste), na tarde de quinta-feira (8), para discutirem sobre a situa\u00e7\u00e3o dos munic\u00edpios mediante o n\u00e3o repasse financeiro por parte do Governo Estadual, em especial os recursos do Fundeb e do ICMS. Recentemente, a prefeitura de\" \/>\n\t\t<meta property=\"og:url\" content=\"https:\/\/anoticiaonline.com.br\/site\/prefeitos-se-reunem-para-discutir-sobre-falta-de-repasses-por-parte-do-governo-estadual\/\" \/>\n\t\t<meta property=\"og:image\" content=\"https:\/\/scontent-gig4-1.xx.fbcdn.net\/v\/t39.30808-1\/270437624_4564083193639691_6907940295614233970_n.jpg?stp=dst-jpg_s200x200_tt6&#038;_nc_cat=111&#038;ccb=1-7&#038;_nc_sid=f907e8&#038;_nc_ohc=SM1wRlP3lJwQ7kNvwEPuBYA&#038;_nc_oc=AdnqrjDN_BNjSSHWO-GbkIWH6fkGMLw4bqvL_NH6e2wMveX7G-rP2dAqsDSq1mJMOaY&#038;_nc_zt=24&#038;_nc_ht=scontent-gig4-1.xx&#038;_nc_gid=AoBFJeGrT1hVaew_6rchkQ&#038;oh=00_AfX7QmFGhQhG2jAllVgXCiM1ZrWgvtp80-Bfppyexh1QEg&#038;oe=689E923C\" \/>\n\t\t<meta property=\"og:image:secure_url\" content=\"https:\/\/scontent-gig4-1.xx.fbcdn.net\/v\/t39.30808-1\/270437624_4564083193639691_6907940295614233970_n.jpg?stp=dst-jpg_s200x200_tt6&#038;_nc_cat=111&#038;ccb=1-7&#038;_nc_sid=f907e8&#038;_nc_ohc=SM1wRlP3lJwQ7kNvwEPuBYA&#038;_nc_oc=AdnqrjDN_BNjSSHWO-GbkIWH6fkGMLw4bqvL_NH6e2wMveX7G-rP2dAqsDSq1mJMOaY&#038;_nc_zt=24&#038;_nc_ht=scontent-gig4-1.xx&#038;_nc_gid=AoBFJeGrT1hVaew_6rchkQ&#038;oh=00_AfX7QmFGhQhG2jAllVgXCiM1ZrWgvtp80-Bfppyexh1QEg&#038;oe=689E923C\" \/>\n\t\t<meta property=\"article:published_time\" content=\"2018-11-08T22:28:15+00:00\" \/>\n\t\t<meta property=\"article:modified_time\" content=\"2018-11-08T23:15:51+00:00\" \/>\n\t\t<meta name=\"twitter:card\" content=\"summary_large_image\" \/>\n\t\t<meta name=\"twitter:title\" content=\"Prefeitos se re\u00fanem para discutir sobre falta de repasses do Governo Estadual - A Not\u00edcia Online\" \/>\n\t\t<meta name=\"twitter:description\" content=\"Prefeitos de Muria\u00e9 e cidades da regi\u00e3o se reuniram na sede do Cisleste (Cons\u00f3rcio Intermunicipal de Sa\u00fade da Mata Leste), na tarde de quinta-feira (8), para discutirem sobre a situa\u00e7\u00e3o dos munic\u00edpios mediante o n\u00e3o repasse financeiro por parte do Governo Estadual, em especial os recursos do Fundeb e do ICMS. Recentemente, a prefeitura de\" \/>\n\t\t<meta name=\"twitter:image\" content=\"https:\/\/scontent-gig4-1.xx.fbcdn.net\/v\/t39.30808-1\/270437624_4564083193639691_6907940295614233970_n.jpg?stp=dst-jpg_s200x200_tt6&amp;_nc_cat=111&amp;ccb=1-7&amp;_nc_sid=f907e8&amp;_nc_ohc=SM1wRlP3lJwQ7kNvwEPuBYA&amp;_nc_oc=AdnqrjDN_BNjSSHWO-GbkIWH6fkGMLw4bqvL_NH6e2wMveX7G-rP2dAqsDSq1mJMOaY&amp;_nc_zt=24&amp;_nc_ht=scontent-gig4-1.xx&amp;_nc_gid=AoBFJeGrT1hVaew_6rchkQ&amp;oh=00_AfX7QmFGhQhG2jAllVgXCiM1ZrWgvtp80-Bfppyexh1QEg&amp;oe=689E923C\" \/>\n\t\t<script type=\"application\/ld+json\" class=\"aioseo-schema\">\n\t\t\t{\"@context\":\"https:\\\/\\\/schema.org\",\"@graph\":[{\"@type\":\"BlogPosting\",\"@id\":\"https:\\\/\\\/anoticiaonline.com.br\\\/site\\\/prefeitos-se-reunem-para-discutir-sobre-falta-de-repasses-por-parte-do-governo-estadual\\\/#blogposting\",\"name\":\"Prefeitos se re\\u00fanem para discutir sobre falta de repasses do Governo Estadual - A Not\\u00edcia Online\",\"headline\":\"Prefeitos se re\\u00fanem para discutir sobre falta de repasses do Governo Estadual\",\"author\":{\"@id\":\"https:\\\/\\\/anoticiaonline.com.br\\\/site\\\/author\\\/juliana\\\/#author\"},\"publisher\":{\"@id\":\"https:\\\/\\\/anoticiaonline.com.br\\\/site\\\/#organization\"},\"image\":{\"@type\":\"ImageObject\",\"url\":\"https:\\\/\\\/anoticiaonline.com.br\\\/site\\\/wp-content\\\/uploads\\\/2018\\\/11\\\/capa.jpg\",\"width\":1000,\"height\":350},\"datePublished\":\"2018-11-08T19:28:15-03:00\",\"dateModified\":\"2018-11-08T20:15:51-03:00\",\"inLanguage\":\"pt-BR\",\"mainEntityOfPage\":{\"@id\":\"https:\\\/\\\/anoticiaonline.com.br\\\/site\\\/prefeitos-se-reunem-para-discutir-sobre-falta-de-repasses-por-parte-do-governo-estadual\\\/#webpage\"},\"isPartOf\":{\"@id\":\"https:\\\/\\\/anoticiaonline.com.br\\\/site\\\/prefeitos-se-reunem-para-discutir-sobre-falta-de-repasses-por-parte-do-governo-estadual\\\/#webpage\"},\"articleSection\":\"Blog, Regi\\u00e3o, Cisleste, Cons\\u00f3rcio Intermunicipal de Sa\\u00fade da Mata Leste, Fundeb, ICMS, Muria\\u00e9, prefeitura de muria\\u00e9\"},{\"@type\":\"BreadcrumbList\",\"@id\":\"https:\\\/\\\/anoticiaonline.com.br\\\/site\\\/prefeitos-se-reunem-para-discutir-sobre-falta-de-repasses-por-parte-do-governo-estadual\\\/#breadcrumblist\",\"itemListElement\":[{\"@type\":\"ListItem\",\"@id\":\"https:\\\/\\\/anoticiaonline.com.br\\\/site#listItem\",\"position\":1,\"name\":\"Home\",\"item\":\"https:\\\/\\\/anoticiaonline.com.br\\\/site\",\"nextItem\":{\"@type\":\"ListItem\",\"@id\":\"https:\\\/\\\/anoticiaonline.com.br\\\/site\\\/categoria\\\/regiao\\\/#listItem\",\"name\":\"Regi\\u00e3o\"}},{\"@type\":\"ListItem\",\"@id\":\"https:\\\/\\\/anoticiaonline.com.br\\\/site\\\/categoria\\\/regiao\\\/#listItem\",\"position\":2,\"name\":\"Regi\\u00e3o\",\"item\":\"https:\\\/\\\/anoticiaonline.com.br\\\/site\\\/categoria\\\/regiao\\\/\",\"nextItem\":{\"@type\":\"ListItem\",\"@id\":\"https:\\\/\\\/anoticiaonline.com.br\\\/site\\\/prefeitos-se-reunem-para-discutir-sobre-falta-de-repasses-por-parte-do-governo-estadual\\\/#listItem\",\"name\":\"Prefeitos se re\\u00fanem para discutir sobre falta de repasses do Governo Estadual\"},\"previousItem\":{\"@type\":\"ListItem\",\"@id\":\"https:\\\/\\\/anoticiaonline.com.br\\\/site#listItem\",\"name\":\"Home\"}},{\"@type\":\"ListItem\",\"@id\":\"https:\\\/\\\/anoticiaonline.com.br\\\/site\\\/prefeitos-se-reunem-para-discutir-sobre-falta-de-repasses-por-parte-do-governo-estadual\\\/#listItem\",\"position\":3,\"name\":\"Prefeitos se re\\u00fanem para discutir sobre falta de repasses do Governo Estadual\",\"previousItem\":{\"@type\":\"ListItem\",\"@id\":\"https:\\\/\\\/anoticiaonline.com.br\\\/site\\\/categoria\\\/regiao\\\/#listItem\",\"name\":\"Regi\\u00e3o\"}}]},{\"@type\":\"Organization\",\"@id\":\"https:\\\/\\\/anoticiaonline.com.br\\\/site\\\/#organization\",\"name\":\"A Not\\u00edcia Online\",\"description\":\"Noticias de Muria\\u00e9 e regi\\u00e3o\",\"url\":\"https:\\\/\\\/anoticiaonline.com.br\\\/site\\\/\",\"logo\":{\"@type\":\"ImageObject\",\"url\":\"https:\\\/\\\/scontent-gig4-1.xx.fbcdn.net\\\/v\\\/t39.30808-1\\\/270437624_4564083193639691_6907940295614233970_n.jpg?stp=dst-jpg_s200x200_tt6&_nc_cat=111&ccb=1-7&_nc_sid=f907e8&_nc_ohc=SM1wRlP3lJwQ7kNvwEPuBYA&_nc_oc=AdnqrjDN_BNjSSHWO-GbkIWH6fkGMLw4bqvL_NH6e2wMveX7G-rP2dAqsDSq1mJMOaY&_nc_zt=24&_nc_ht=scontent-gig4-1.xx&_nc_gid=AoBFJeGrT1hVaew_6rchkQ&oh=00_AfX7QmFGhQhG2jAllVgXCiM1ZrWgvtp80-Bfppyexh1QEg&oe=689E923C\",\"@id\":\"https:\\\/\\\/anoticiaonline.com.br\\\/site\\\/prefeitos-se-reunem-para-discutir-sobre-falta-de-repasses-por-parte-do-governo-estadual\\\/#organizationLogo\"},\"image\":{\"@id\":\"https:\\\/\\\/anoticiaonline.com.br\\\/site\\\/prefeitos-se-reunem-para-discutir-sobre-falta-de-repasses-por-parte-do-governo-estadual\\\/#organizationLogo\"}},{\"@type\":\"Person\",\"@id\":\"https:\\\/\\\/anoticiaonline.com.br\\\/site\\\/author\\\/juliana\\\/#author\",\"url\":\"https:\\\/\\\/anoticiaonline.com.br\\\/site\\\/author\\\/juliana\\\/\",\"name\":\"Juliana Laviola\",\"image\":{\"@type\":\"ImageObject\",\"@id\":\"https:\\\/\\\/anoticiaonline.com.br\\\/site\\\/prefeitos-se-reunem-para-discutir-sobre-falta-de-repasses-por-parte-do-governo-estadual\\\/#authorImage\",\"url\":\"https:\\\/\\\/secure.gravatar.com\\\/avatar\\\/b8d45f5c699b100dfaf0e543582f38f38bf94cb7ae3a5e9abf8d891a34773335?s=96&d=mm&r=g\",\"width\":96,\"height\":96,\"caption\":\"Juliana Laviola\"}},{\"@type\":\"WebPage\",\"@id\":\"https:\\\/\\\/anoticiaonline.com.br\\\/site\\\/prefeitos-se-reunem-para-discutir-sobre-falta-de-repasses-por-parte-do-governo-estadual\\\/#webpage\",\"url\":\"https:\\\/\\\/anoticiaonline.com.br\\\/site\\\/prefeitos-se-reunem-para-discutir-sobre-falta-de-repasses-por-parte-do-governo-estadual\\\/\",\"name\":\"Prefeitos se re\\u00fanem para discutir sobre falta de repasses do Governo Estadual - A Not\\u00edcia Online\",\"description\":\"Prefeitos de Muria\\u00e9 e cidades da regi\\u00e3o se reuniram na sede do Cisleste (Cons\\u00f3rcio Intermunicipal de Sa\\u00fade da Mata Leste), na tarde de quinta-feira (8), para discutirem sobre a situa\\u00e7\\u00e3o dos munic\\u00edpios mediante o n\\u00e3o repasse financeiro por parte do Governo Estadual, em especial os recursos do Fundeb e do ICMS. Recentemente, a prefeitura de\",\"inLanguage\":\"pt-BR\",\"isPartOf\":{\"@id\":\"https:\\\/\\\/anoticiaonline.com.br\\\/site\\\/#website\"},\"breadcrumb\":{\"@id\":\"https:\\\/\\\/anoticiaonline.com.br\\\/site\\\/prefeitos-se-reunem-para-discutir-sobre-falta-de-repasses-por-parte-do-governo-estadual\\\/#breadcrumblist\"},\"author\":{\"@id\":\"https:\\\/\\\/anoticiaonline.com.br\\\/site\\\/author\\\/juliana\\\/#author\"},\"creator\":{\"@id\":\"https:\\\/\\\/anoticiaonline.com.br\\\/site\\\/author\\\/juliana\\\/#author\"},\"image\":{\"@type\":\"ImageObject\",\"url\":\"https:\\\/\\\/anoticiaonline.com.br\\\/site\\\/wp-content\\\/uploads\\\/2018\\\/11\\\/capa.jpg\",\"@id\":\"https:\\\/\\\/anoticiaonline.com.br\\\/site\\\/prefeitos-se-reunem-para-discutir-sobre-falta-de-repasses-por-parte-do-governo-estadual\\\/#mainImage\",\"width\":1000,\"height\":350},\"primaryImageOfPage\":{\"@id\":\"https:\\\/\\\/anoticiaonline.com.br\\\/site\\\/prefeitos-se-reunem-para-discutir-sobre-falta-de-repasses-por-parte-do-governo-estadual\\\/#mainImage\"},\"datePublished\":\"2018-11-08T19:28:15-03:00\",\"dateModified\":\"2018-11-08T20:15:51-03:00\"},{\"@type\":\"WebSite\",\"@id\":\"https:\\\/\\\/anoticiaonline.com.br\\\/site\\\/#website\",\"url\":\"https:\\\/\\\/anoticiaonline.com.br\\\/site\\\/\",\"name\":\"A Not\\u00edcia Online\",\"description\":\"Noticias de Muria\\u00e9 e regi\\u00e3o\",\"inLanguage\":\"pt-BR\",\"publisher\":{\"@id\":\"https:\\\/\\\/anoticiaonline.com.br\\\/site\\\/#organization\"}}]}\n\t\t<\/script>\n\t\t<!-- All in One SEO -->\n\n","aioseo_head_json":{"title":"Prefeitos se re\u00fanem para discutir sobre falta de repasses do Governo Estadual - A Not\u00edcia Online","description":"Prefeitos de Muria\u00e9 e cidades da regi\u00e3o se reuniram na sede do Cisleste (Cons\u00f3rcio Intermunicipal de Sa\u00fade da Mata Leste), na tarde de quinta-feira (8), para discutirem sobre a situa\u00e7\u00e3o dos munic\u00edpios mediante o n\u00e3o repasse financeiro por parte do Governo Estadual, em especial os recursos do Fundeb e do ICMS. Recentemente, a prefeitura de","canonical_url":"https:\/\/anoticiaonline.com.br\/site\/prefeitos-se-reunem-para-discutir-sobre-falta-de-repasses-por-parte-do-governo-estadual\/","robots":"max-image-preview:large","keywords":"","webmasterTools":{"miscellaneous":""},"schema":{"@context":"https:\/\/schema.org","@graph":[{"@type":"BlogPosting","@id":"https:\/\/anoticiaonline.com.br\/site\/prefeitos-se-reunem-para-discutir-sobre-falta-de-repasses-por-parte-do-governo-estadual\/#blogposting","name":"Prefeitos se re\u00fanem para discutir sobre falta de repasses do Governo Estadual - A Not\u00edcia Online","headline":"Prefeitos se re\u00fanem para discutir sobre falta de repasses do Governo Estadual","author":{"@id":"https:\/\/anoticiaonline.com.br\/site\/author\/juliana\/#author"},"publisher":{"@id":"https:\/\/anoticiaonline.com.br\/site\/#organization"},"image":{"@type":"ImageObject","url":"https:\/\/anoticiaonline.com.br\/site\/wp-content\/uploads\/2018\/11\/capa.jpg","width":1000,"height":350},"datePublished":"2018-11-08T19:28:15-03:00","dateModified":"2018-11-08T20:15:51-03:00","inLanguage":"pt-BR","mainEntityOfPage":{"@id":"https:\/\/anoticiaonline.com.br\/site\/prefeitos-se-reunem-para-discutir-sobre-falta-de-repasses-por-parte-do-governo-estadual\/#webpage"},"isPartOf":{"@id":"https:\/\/anoticiaonline.com.br\/site\/prefeitos-se-reunem-para-discutir-sobre-falta-de-repasses-por-parte-do-governo-estadual\/#webpage"},"articleSection":"Blog, Regi\u00e3o, Cisleste, Cons\u00f3rcio Intermunicipal de Sa\u00fade da Mata Leste, Fundeb, ICMS, Muria\u00e9, prefeitura de muria\u00e9"},{"@type":"BreadcrumbList","@id":"https:\/\/anoticiaonline.com.br\/site\/prefeitos-se-reunem-para-discutir-sobre-falta-de-repasses-por-parte-do-governo-estadual\/#breadcrumblist","itemListElement":[{"@type":"ListItem","@id":"https:\/\/anoticiaonline.com.br\/site#listItem","position":1,"name":"Home","item":"https:\/\/anoticiaonline.com.br\/site","nextItem":{"@type":"ListItem","@id":"https:\/\/anoticiaonline.com.br\/site\/categoria\/regiao\/#listItem","name":"Regi\u00e3o"}},{"@type":"ListItem","@id":"https:\/\/anoticiaonline.com.br\/site\/categoria\/regiao\/#listItem","position":2,"name":"Regi\u00e3o","item":"https:\/\/anoticiaonline.com.br\/site\/categoria\/regiao\/","nextItem":{"@type":"ListItem","@id":"https:\/\/anoticiaonline.com.br\/site\/prefeitos-se-reunem-para-discutir-sobre-falta-de-repasses-por-parte-do-governo-estadual\/#listItem","name":"Prefeitos se re\u00fanem para discutir sobre falta de repasses do Governo Estadual"},"previousItem":{"@type":"ListItem","@id":"https:\/\/anoticiaonline.com.br\/site#listItem","name":"Home"}},{"@type":"ListItem","@id":"https:\/\/anoticiaonline.com.br\/site\/prefeitos-se-reunem-para-discutir-sobre-falta-de-repasses-por-parte-do-governo-estadual\/#listItem","position":3,"name":"Prefeitos se re\u00fanem para discutir sobre falta de repasses do Governo Estadual","previousItem":{"@type":"ListItem","@id":"https:\/\/anoticiaonline.com.br\/site\/categoria\/regiao\/#listItem","name":"Regi\u00e3o"}}]},{"@type":"Organization","@id":"https:\/\/anoticiaonline.com.br\/site\/#organization","name":"A Not\u00edcia Online","description":"Noticias de Muria\u00e9 e regi\u00e3o","url":"https:\/\/anoticiaonline.com.br\/site\/","logo":{"@type":"ImageObject","url":"https:\/\/scontent-gig4-1.xx.fbcdn.net\/v\/t39.30808-1\/270437624_4564083193639691_6907940295614233970_n.jpg?stp=dst-jpg_s200x200_tt6&_nc_cat=111&ccb=1-7&_nc_sid=f907e8&_nc_ohc=SM1wRlP3lJwQ7kNvwEPuBYA&_nc_oc=AdnqrjDN_BNjSSHWO-GbkIWH6fkGMLw4bqvL_NH6e2wMveX7G-rP2dAqsDSq1mJMOaY&_nc_zt=24&_nc_ht=scontent-gig4-1.xx&_nc_gid=AoBFJeGrT1hVaew_6rchkQ&oh=00_AfX7QmFGhQhG2jAllVgXCiM1ZrWgvtp80-Bfppyexh1QEg&oe=689E923C","@id":"https:\/\/anoticiaonline.com.br\/site\/prefeitos-se-reunem-para-discutir-sobre-falta-de-repasses-por-parte-do-governo-estadual\/#organizationLogo"},"image":{"@id":"https:\/\/anoticiaonline.com.br\/site\/prefeitos-se-reunem-para-discutir-sobre-falta-de-repasses-por-parte-do-governo-estadual\/#organizationLogo"}},{"@type":"Person","@id":"https:\/\/anoticiaonline.com.br\/site\/author\/juliana\/#author","url":"https:\/\/anoticiaonline.com.br\/site\/author\/juliana\/","name":"Juliana Laviola","image":{"@type":"ImageObject","@id":"https:\/\/anoticiaonline.com.br\/site\/prefeitos-se-reunem-para-discutir-sobre-falta-de-repasses-por-parte-do-governo-estadual\/#authorImage","url":"https:\/\/secure.gravatar.com\/avatar\/b8d45f5c699b100dfaf0e543582f38f38bf94cb7ae3a5e9abf8d891a34773335?s=96&d=mm&r=g","width":96,"height":96,"caption":"Juliana Laviola"}},{"@type":"WebPage","@id":"https:\/\/anoticiaonline.com.br\/site\/prefeitos-se-reunem-para-discutir-sobre-falta-de-repasses-por-parte-do-governo-estadual\/#webpage","url":"https:\/\/anoticiaonline.com.br\/site\/prefeitos-se-reunem-para-discutir-sobre-falta-de-repasses-por-parte-do-governo-estadual\/","name":"Prefeitos se re\u00fanem para discutir sobre falta de repasses do Governo Estadual - A Not\u00edcia Online","description":"Prefeitos de Muria\u00e9 e cidades da regi\u00e3o se reuniram na sede do Cisleste (Cons\u00f3rcio Intermunicipal de Sa\u00fade da Mata Leste), na tarde de quinta-feira (8), para discutirem sobre a situa\u00e7\u00e3o dos munic\u00edpios mediante o n\u00e3o repasse financeiro por parte do Governo Estadual, em especial os recursos do Fundeb e do ICMS. Recentemente, a prefeitura de","inLanguage":"pt-BR","isPartOf":{"@id":"https:\/\/anoticiaonline.com.br\/site\/#website"},"breadcrumb":{"@id":"https:\/\/anoticiaonline.com.br\/site\/prefeitos-se-reunem-para-discutir-sobre-falta-de-repasses-por-parte-do-governo-estadual\/#breadcrumblist"},"author":{"@id":"https:\/\/anoticiaonline.com.br\/site\/author\/juliana\/#author"},"creator":{"@id":"https:\/\/anoticiaonline.com.br\/site\/author\/juliana\/#author"},"image":{"@type":"ImageObject","url":"https:\/\/anoticiaonline.com.br\/site\/wp-content\/uploads\/2018\/11\/capa.jpg","@id":"https:\/\/anoticiaonline.com.br\/site\/prefeitos-se-reunem-para-discutir-sobre-falta-de-repasses-por-parte-do-governo-estadual\/#mainImage","width":1000,"height":350},"primaryImageOfPage":{"@id":"https:\/\/anoticiaonline.com.br\/site\/prefeitos-se-reunem-para-discutir-sobre-falta-de-repasses-por-parte-do-governo-estadual\/#mainImage"},"datePublished":"2018-11-08T19:28:15-03:00","dateModified":"2018-11-08T20:15:51-03:00"},{"@type":"WebSite","@id":"https:\/\/anoticiaonline.com.br\/site\/#website","url":"https:\/\/anoticiaonline.com.br\/site\/","name":"A Not\u00edcia Online","description":"Noticias de Muria\u00e9 e regi\u00e3o","inLanguage":"pt-BR","publisher":{"@id":"https:\/\/anoticiaonline.com.br\/site\/#organization"}}]},"og:locale":"pt_BR","og:site_name":"A Not\u00edcia Online - Noticias de Muria\u00e9 e regi\u00e3o","og:type":"article","og:title":"Prefeitos se re\u00fanem para discutir sobre falta de repasses do Governo Estadual - A Not\u00edcia Online","og:description":"Prefeitos de Muria\u00e9 e cidades da regi\u00e3o se reuniram na sede do Cisleste (Cons\u00f3rcio Intermunicipal de Sa\u00fade da Mata Leste), na tarde de quinta-feira (8), para discutirem sobre a situa\u00e7\u00e3o dos munic\u00edpios mediante o n\u00e3o repasse financeiro por parte do Governo Estadual, em especial os recursos do Fundeb e do ICMS. Recentemente, a prefeitura de","og:url":"https:\/\/anoticiaonline.com.br\/site\/prefeitos-se-reunem-para-discutir-sobre-falta-de-repasses-por-parte-do-governo-estadual\/","og:image":"https:\/\/scontent-gig4-1.xx.fbcdn.net\/v\/t39.30808-1\/270437624_4564083193639691_6907940295614233970_n.jpg?stp=dst-jpg_s200x200_tt6&#038;_nc_cat=111&#038;ccb=1-7&#038;_nc_sid=f907e8&#038;_nc_ohc=SM1wRlP3lJwQ7kNvwEPuBYA&#038;_nc_oc=AdnqrjDN_BNjSSHWO-GbkIWH6fkGMLw4bqvL_NH6e2wMveX7G-rP2dAqsDSq1mJMOaY&#038;_nc_zt=24&#038;_nc_ht=scontent-gig4-1.xx&#038;_nc_gid=AoBFJeGrT1hVaew_6rchkQ&#038;oh=00_AfX7QmFGhQhG2jAllVgXCiM1ZrWgvtp80-Bfppyexh1QEg&#038;oe=689E923C","og:image:secure_url":"https:\/\/scontent-gig4-1.xx.fbcdn.net\/v\/t39.30808-1\/270437624_4564083193639691_6907940295614233970_n.jpg?stp=dst-jpg_s200x200_tt6&#038;_nc_cat=111&#038;ccb=1-7&#038;_nc_sid=f907e8&#038;_nc_ohc=SM1wRlP3lJwQ7kNvwEPuBYA&#038;_nc_oc=AdnqrjDN_BNjSSHWO-GbkIWH6fkGMLw4bqvL_NH6e2wMveX7G-rP2dAqsDSq1mJMOaY&#038;_nc_zt=24&#038;_nc_ht=scontent-gig4-1.xx&#038;_nc_gid=AoBFJeGrT1hVaew_6rchkQ&#038;oh=00_AfX7QmFGhQhG2jAllVgXCiM1ZrWgvtp80-Bfppyexh1QEg&#038;oe=689E923C","article:published_time":"2018-11-08T22:28:15+00:00","article:modified_time":"2018-11-08T23:15:51+00:00","twitter:card":"summary_large_image","twitter:title":"Prefeitos se re\u00fanem para discutir sobre falta de repasses do Governo Estadual - A Not\u00edcia Online","twitter:description":"Prefeitos de Muria\u00e9 e cidades da regi\u00e3o se reuniram na sede do Cisleste (Cons\u00f3rcio Intermunicipal de Sa\u00fade da Mata Leste), na tarde de quinta-feira (8), para discutirem sobre a situa\u00e7\u00e3o dos munic\u00edpios mediante o n\u00e3o repasse financeiro por parte do Governo Estadual, em especial os recursos do Fundeb e do ICMS. Recentemente, a prefeitura de","twitter:image":"https:\/\/scontent-gig4-1.xx.fbcdn.net\/v\/t39.30808-1\/270437624_4564083193639691_6907940295614233970_n.jpg?stp=dst-jpg_s200x200_tt6&_nc_cat=111&ccb=1-7&_nc_sid=f907e8&_nc_ohc=SM1wRlP3lJwQ7kNvwEPuBYA&_nc_oc=AdnqrjDN_BNjSSHWO-GbkIWH6fkGMLw4bqvL_NH6e2wMveX7G-rP2dAqsDSq1mJMOaY&_nc_zt=24&_nc_ht=scontent-gig4-1.xx&_nc_gid=AoBFJeGrT1hVaew_6rchkQ&oh=00_AfX7QmFGhQhG2jAllVgXCiM1ZrWgvtp80-Bfppyexh1QEg&oe=689E923C"},"aioseo_meta_data":{"post_id":"64217","title":null,"description":null,"keywords":null,"keyphrases":null,"primary_term":null,"canonical_url":null,"og_title":null,"og_description":null,"og_object_type":"default","og_image_type":"default","og_image_url":null,"og_image_width":null,"og_image_height":null,"og_image_custom_url":null,"og_image_custom_fields":null,"og_video":null,"og_custom_url":null,"og_article_section":null,"og_article_tags":null,"twitter_use_og":false,"twitter_card":"default","twitter_image_type":"default","twitter_image_url":null,"twitter_image_custom_url":null,"twitter_image_custom_fields":null,"twitter_title":null,"twitter_description":null,"schema":{"blockGraphs":[],"customGraphs":[],"default":{"data":{"Article":[],"Course":[],"Dataset":[],"FAQPage":[],"Movie":[],"Person":[],"Product":[],"ProductReview":[],"Car":[],"Recipe":[],"Service":[],"SoftwareApplication":[],"WebPage":[]},"graphName":"","isEnabled":true},"graphs":[]},"schema_type":"default","schema_type_options":null,"pillar_content":false,"robots_default":true,"robots_noindex":false,"robots_noarchive":false,"robots_nosnippet":false,"robots_nofollow":false,"robots_noimageindex":false,"robots_noodp":false,"robots_notranslate":false,"robots_max_snippet":null,"robots_max_videopreview":null,"robots_max_imagepreview":"large","priority":null,"frequency":null,"local_seo":null,"breadcrumb_settings":null,"limit_modified_date":false,"ai":null,"created":"2025-08-16 22:03:26","updated":"2025-08-16 22:03:26","focus_keyword":null,"additional_keywords":null,"truseo_locale":null,"seo_analyzer_scan_date":null},"aioseo_breadcrumb":"<div class=\"aioseo-breadcrumbs\"><span class=\"aioseo-breadcrumb\">\n\t\t\t<a href=\"https:\/\/anoticiaonline.com.br\/site\" title=\"Home\">Home<\/a>\n\t\t<\/span><span class=\"aioseo-breadcrumb-separator\">&raquo;<\/span><span class=\"aioseo-breadcrumb\">\n\t\t\t<a href=\"https:\/\/anoticiaonline.com.br\/site\/categoria\/regiao\/\" title=\"Regi\u00e3o\">Regi\u00e3o<\/a>\n\t\t<\/span><span class=\"aioseo-breadcrumb-separator\">&raquo;<\/span><span class=\"aioseo-breadcrumb\">\n\t\t\tPrefeitos se re\u00fanem para discutir sobre falta de repasses do Governo Estadual\n\t\t<\/span><\/div>","aioseo_breadcrumb_json":[{"label":"Home","link":"https:\/\/anoticiaonline.com.br\/site"},{"label":"Regi\u00e3o","link":"https:\/\/anoticiaonline.com.br\/site\/categoria\/regiao\/"},{"label":"Prefeitos se re\u00fanem para discutir sobre falta de repasses do Governo Estadual","link":"https:\/\/anoticiaonline.com.br\/site\/prefeitos-se-reunem-para-discutir-sobre-falta-de-repasses-por-parte-do-governo-estadual\/"}],"views":159,"_links":{"self":[{"href":"https:\/\/anoticiaonline.com.br\/site\/wp-json\/wp\/v2\/posts\/64217","targetHints":{"allow":["GET"]}}],"collection":[{"href":"https:\/\/anoticiaonline.com.br\/site\/wp-json\/wp\/v2\/posts"}],"about":[{"href":"https:\/\/anoticiaonline.com.br\/site\/wp-json\/wp\/v2\/types\/post"}],"author":[{"embeddable":true,"href":"https:\/\/anoticiaonline.com.br\/site\/wp-json\/wp\/v2\/users\/2"}],"replies":[{"embeddable":true,"href":"https:\/\/anoticiaonline.com.br\/site\/wp-json\/wp\/v2\/comments?post=64217"}],"version-history":[{"count":0,"href":"https:\/\/anoticiaonline.com.br\/site\/wp-json\/wp\/v2\/posts\/64217\/revisions"}],"wp:featuredmedia":[{"embeddable":true,"href":"https:\/\/anoticiaonline.com.br\/site\/wp-json\/wp\/v2\/media\/64229"}],"wp:attachment":[{"href":"https:\/\/anoticiaonline.com.br\/site\/wp-json\/wp\/v2\/media?parent=64217"}],"wp:term":[{"taxonomy":"category","embeddable":true,"href":"https:\/\/anoticiaonline.com.br\/site\/wp-json\/wp\/v2\/categories?post=64217"},{"taxonomy":"post_tag","embeddable":true,"href":"https:\/\/anoticiaonline.com.br\/site\/wp-json\/wp\/v2\/tags?post=64217"}],"curies":[{"name":"wp","href":"https:\/\/api.w.org\/{rel}","templated":true}]}}