{"id":64209,"date":"2018-11-08T17:32:20","date_gmt":"2018-11-08T20:32:20","guid":{"rendered":"http:\/\/anoticiaonline.com.br\/site\/?p=64209"},"modified":"2018-11-08T17:32:20","modified_gmt":"2018-11-08T20:32:20","slug":"secretaria-de-fazenda-divulga-a-escala-de-pagamento-do-mes-de-novembro","status":"publish","type":"post","link":"https:\/\/anoticiaonline.com.br\/site\/secretaria-de-fazenda-divulga-a-escala-de-pagamento-do-mes-de-novembro\/","title":{"rendered":"Secretaria de Fazenda divulga a escala de pagamento do m\u00eas de novembro"},"content":{"rendered":"<p><em>Parcelas ser\u00e3o depositadas nos pr\u00f3ximos dias 13 e 28<\/em><\/p>\n<p>Ap\u00f3s mais uma reuni\u00e3o com a Comiss\u00e3o de Acompanhamento da Folha de Pessoal, o secret\u00e1rio de Fazenda do Governo de Minas Gerais, Jos\u00e9 Afonso Bicalho, divulgou, na quinta-feira (8), a escala de pagamento do m\u00eas de novembro.<\/p>\n<p>O calend\u00e1rio, definido em comum acordo entre os representantes do governo e dos sindicatos dos servidores, ficou assim estabelecido:<\/p>\n<ul>\n<li>1\u00aa parcela: dia 13\/11 (ter\u00e7a-feira) \u2013 at\u00e9 R$ 3.000,00 para TODOS os servidores (ativos, inativos e pensionistas), sendo que os dep\u00f3sitos ser\u00e3o feitos ao longo do dia;<\/li>\n<li>2\u00aa parcela: dia 28\/11 (quarta-feira) \u2013 o valor restante dos sal\u00e1rios de TODOS os servidores (ativos, inativos e pensionistas). Os dep\u00f3sitos tamb\u00e9m ser\u00e3o feitos ao longo do dia.<\/li>\n<\/ul>\n<p><a href=\"https:\/\/anoticiaonline.com.br\/site\/wp-content\/uploads\/2018\/11\/destaque_leo_drumond.jpg\"><img fetchpriority=\"high\" decoding=\"async\" class=\"alignnone size-full wp-image-64210\" src=\"https:\/\/anoticiaonline.com.br\/site\/wp-content\/uploads\/2018\/11\/destaque_leo_drumond.jpg\" alt=\"\" width=\"1000\" height=\"666\" srcset=\"https:\/\/anoticiaonline.com.br\/site\/wp-content\/uploads\/2018\/11\/destaque_leo_drumond.jpg 1000w, https:\/\/anoticiaonline.com.br\/site\/wp-content\/uploads\/2018\/11\/destaque_leo_drumond-300x200.jpg 300w, https:\/\/anoticiaonline.com.br\/site\/wp-content\/uploads\/2018\/11\/destaque_leo_drumond-768x511.jpg 768w\" sizes=\"(max-width: 1000px) 100vw, 1000px\" \/><\/a><\/p>\n<p>Foto: bh.mg.org<\/p>\n","protected":false},"excerpt":{"rendered":"<p>Parcelas ser\u00e3o depositadas nos pr\u00f3ximos dias 13 e 28 Ap\u00f3s mais uma reuni\u00e3o com a Comiss\u00e3o de Acompanhamento da Folha de Pessoal, o secret\u00e1rio de Fazenda do Governo de Minas Gerais, Jos\u00e9 Afonso Bicalho, divulgou, na quinta-feira (8), a escala de pagamento do m\u00eas de novembro. O calend\u00e1rio, definido em comum acordo entre os representantes &#8230; <a title=\"Secretaria de Fazenda divulga a escala de pagamento do m\u00eas de novembro\" class=\"read-more\" href=\"https:\/\/anoticiaonline.com.br\/site\/secretaria-de-fazenda-divulga-a-escala-de-pagamento-do-mes-de-novembro\/\" aria-label=\"Read more about Secretaria de Fazenda divulga a escala de pagamento do m\u00eas de novembro\">Ler mais<\/a><\/p>\n","protected":false},"author":2,"featured_media":64210,"comment_status":"open","ping_status":"open","sticky":false,"template":"","format":"standard","meta":{"_acf_changed":false,"_monsterinsights_skip_tracking":false,"footnotes":""},"categories":[30,1],"tags":[1092,419,3376,3377],"class_list":["post-64209","post","type-post","status-publish","format-standard","has-post-thumbnail","hentry","category-muriae","category-gerais","tag-governo-de-minas","tag-minas-gerais","tag-pagamentos","tag-secretaria-de-fazenda"],"acf":[],"aioseo_notices":[],"aioseo_head":"\n\t\t<!-- All in One SEO 5.0.0.1 - aioseo.com -->\n\t<meta name=\"description\" content=\"Parcelas ser\u00e3o depositadas nos pr\u00f3ximos dias 13 e 28 Ap\u00f3s mais uma reuni\u00e3o com a Comiss\u00e3o de Acompanhamento da Folha de Pessoal, o secret\u00e1rio de Fazenda do Governo de Minas Gerais, Jos\u00e9 Afonso Bicalho, divulgou, na quinta-feira (8), a escala de pagamento do m\u00eas de novembro. O calend\u00e1rio, definido em comum acordo entre os representantes\" \/>\n\t<meta name=\"robots\" content=\"max-image-preview:large\" \/>\n\t<meta name=\"author\" content=\"Juliana Laviola\"\/>\n\t<link rel=\"canonical\" href=\"https:\/\/anoticiaonline.com.br\/site\/secretaria-de-fazenda-divulga-a-escala-de-pagamento-do-mes-de-novembro\/\" \/>\n\t<meta name=\"generator\" content=\"All in One SEO (AIOSEO) 5.0.0.1\" \/>\n\t\t<meta property=\"og:locale\" content=\"pt_BR\" \/>\n\t\t<meta property=\"og:site_name\" content=\"A Not\u00edcia Online - Noticias de Muria\u00e9 e regi\u00e3o\" \/>\n\t\t<meta property=\"og:type\" content=\"article\" \/>\n\t\t<meta property=\"og:title\" content=\"Secretaria de Fazenda divulga a escala de pagamento do m\u00eas de novembro - A Not\u00edcia Online\" \/>\n\t\t<meta property=\"og:description\" content=\"Parcelas ser\u00e3o depositadas nos pr\u00f3ximos dias 13 e 28 Ap\u00f3s mais uma reuni\u00e3o com a Comiss\u00e3o de Acompanhamento da Folha de Pessoal, o secret\u00e1rio de Fazenda do Governo de Minas Gerais, Jos\u00e9 Afonso Bicalho, divulgou, na quinta-feira (8), a escala de pagamento do m\u00eas de novembro. O calend\u00e1rio, definido em comum acordo entre os representantes\" \/>\n\t\t<meta property=\"og:url\" content=\"https:\/\/anoticiaonline.com.br\/site\/secretaria-de-fazenda-divulga-a-escala-de-pagamento-do-mes-de-novembro\/\" \/>\n\t\t<meta property=\"og:image\" content=\"https:\/\/scontent-gig4-1.xx.fbcdn.net\/v\/t39.30808-1\/270437624_4564083193639691_6907940295614233970_n.jpg?stp=dst-jpg_s200x200_tt6&#038;_nc_cat=111&#038;ccb=1-7&#038;_nc_sid=f907e8&#038;_nc_ohc=SM1wRlP3lJwQ7kNvwEPuBYA&#038;_nc_oc=AdnqrjDN_BNjSSHWO-GbkIWH6fkGMLw4bqvL_NH6e2wMveX7G-rP2dAqsDSq1mJMOaY&#038;_nc_zt=24&#038;_nc_ht=scontent-gig4-1.xx&#038;_nc_gid=AoBFJeGrT1hVaew_6rchkQ&#038;oh=00_AfX7QmFGhQhG2jAllVgXCiM1ZrWgvtp80-Bfppyexh1QEg&#038;oe=689E923C\" \/>\n\t\t<meta property=\"og:image:secure_url\" content=\"https:\/\/scontent-gig4-1.xx.fbcdn.net\/v\/t39.30808-1\/270437624_4564083193639691_6907940295614233970_n.jpg?stp=dst-jpg_s200x200_tt6&#038;_nc_cat=111&#038;ccb=1-7&#038;_nc_sid=f907e8&#038;_nc_ohc=SM1wRlP3lJwQ7kNvwEPuBYA&#038;_nc_oc=AdnqrjDN_BNjSSHWO-GbkIWH6fkGMLw4bqvL_NH6e2wMveX7G-rP2dAqsDSq1mJMOaY&#038;_nc_zt=24&#038;_nc_ht=scontent-gig4-1.xx&#038;_nc_gid=AoBFJeGrT1hVaew_6rchkQ&#038;oh=00_AfX7QmFGhQhG2jAllVgXCiM1ZrWgvtp80-Bfppyexh1QEg&#038;oe=689E923C\" \/>\n\t\t<meta property=\"article:published_time\" content=\"2018-11-08T20:32:20+00:00\" \/>\n\t\t<meta property=\"article:modified_time\" content=\"2018-11-08T20:32:20+00:00\" \/>\n\t\t<meta name=\"twitter:card\" content=\"summary_large_image\" \/>\n\t\t<meta name=\"twitter:title\" content=\"Secretaria de Fazenda divulga a escala de pagamento do m\u00eas de novembro - A Not\u00edcia Online\" \/>\n\t\t<meta name=\"twitter:description\" content=\"Parcelas ser\u00e3o depositadas nos pr\u00f3ximos dias 13 e 28 Ap\u00f3s mais uma reuni\u00e3o com a Comiss\u00e3o de Acompanhamento da Folha de Pessoal, o secret\u00e1rio de Fazenda do Governo de Minas Gerais, Jos\u00e9 Afonso Bicalho, divulgou, na quinta-feira (8), a escala de pagamento do m\u00eas de novembro. O calend\u00e1rio, definido em comum acordo entre os representantes\" \/>\n\t\t<meta name=\"twitter:image\" content=\"https:\/\/scontent-gig4-1.xx.fbcdn.net\/v\/t39.30808-1\/270437624_4564083193639691_6907940295614233970_n.jpg?stp=dst-jpg_s200x200_tt6&amp;_nc_cat=111&amp;ccb=1-7&amp;_nc_sid=f907e8&amp;_nc_ohc=SM1wRlP3lJwQ7kNvwEPuBYA&amp;_nc_oc=AdnqrjDN_BNjSSHWO-GbkIWH6fkGMLw4bqvL_NH6e2wMveX7G-rP2dAqsDSq1mJMOaY&amp;_nc_zt=24&amp;_nc_ht=scontent-gig4-1.xx&amp;_nc_gid=AoBFJeGrT1hVaew_6rchkQ&amp;oh=00_AfX7QmFGhQhG2jAllVgXCiM1ZrWgvtp80-Bfppyexh1QEg&amp;oe=689E923C\" \/>\n\t\t<script type=\"application\/ld+json\" class=\"aioseo-schema\">\n\t\t\t{\"@context\":\"https:\\\/\\\/schema.org\",\"@graph\":[{\"@type\":\"BlogPosting\",\"@id\":\"https:\\\/\\\/anoticiaonline.com.br\\\/site\\\/secretaria-de-fazenda-divulga-a-escala-de-pagamento-do-mes-de-novembro\\\/#blogposting\",\"name\":\"Secretaria de Fazenda divulga a escala de pagamento do m\\u00eas de novembro - A Not\\u00edcia Online\",\"headline\":\"Secretaria de Fazenda divulga a escala de pagamento do m\\u00eas de novembro\",\"author\":{\"@id\":\"https:\\\/\\\/anoticiaonline.com.br\\\/site\\\/author\\\/juliana\\\/#author\"},\"publisher\":{\"@id\":\"https:\\\/\\\/anoticiaonline.com.br\\\/site\\\/#organization\"},\"image\":{\"@type\":\"ImageObject\",\"url\":\"https:\\\/\\\/anoticiaonline.com.br\\\/site\\\/wp-content\\\/uploads\\\/2018\\\/11\\\/destaque_leo_drumond.jpg\",\"width\":1000,\"height\":666},\"datePublished\":\"2018-11-08T17:32:20-03:00\",\"dateModified\":\"2018-11-08T17:32:20-03:00\",\"inLanguage\":\"pt-BR\",\"mainEntityOfPage\":{\"@id\":\"https:\\\/\\\/anoticiaonline.com.br\\\/site\\\/secretaria-de-fazenda-divulga-a-escala-de-pagamento-do-mes-de-novembro\\\/#webpage\"},\"isPartOf\":{\"@id\":\"https:\\\/\\\/anoticiaonline.com.br\\\/site\\\/secretaria-de-fazenda-divulga-a-escala-de-pagamento-do-mes-de-novembro\\\/#webpage\"},\"articleSection\":\"Blog, Gerais, governo de minas, minas gerais, pagamentos, secretaria de fazenda\"},{\"@type\":\"BreadcrumbList\",\"@id\":\"https:\\\/\\\/anoticiaonline.com.br\\\/site\\\/secretaria-de-fazenda-divulga-a-escala-de-pagamento-do-mes-de-novembro\\\/#breadcrumblist\",\"itemListElement\":[{\"@type\":\"ListItem\",\"@id\":\"https:\\\/\\\/anoticiaonline.com.br\\\/site#listItem\",\"position\":1,\"name\":\"Home\",\"item\":\"https:\\\/\\\/anoticiaonline.com.br\\\/site\",\"nextItem\":{\"@type\":\"ListItem\",\"@id\":\"https:\\\/\\\/anoticiaonline.com.br\\\/site\\\/categoria\\\/gerais\\\/#listItem\",\"name\":\"Gerais\"}},{\"@type\":\"ListItem\",\"@id\":\"https:\\\/\\\/anoticiaonline.com.br\\\/site\\\/categoria\\\/gerais\\\/#listItem\",\"position\":2,\"name\":\"Gerais\",\"item\":\"https:\\\/\\\/anoticiaonline.com.br\\\/site\\\/categoria\\\/gerais\\\/\",\"nextItem\":{\"@type\":\"ListItem\",\"@id\":\"https:\\\/\\\/anoticiaonline.com.br\\\/site\\\/secretaria-de-fazenda-divulga-a-escala-de-pagamento-do-mes-de-novembro\\\/#listItem\",\"name\":\"Secretaria de Fazenda divulga a escala de pagamento do m\\u00eas de novembro\"},\"previousItem\":{\"@type\":\"ListItem\",\"@id\":\"https:\\\/\\\/anoticiaonline.com.br\\\/site#listItem\",\"name\":\"Home\"}},{\"@type\":\"ListItem\",\"@id\":\"https:\\\/\\\/anoticiaonline.com.br\\\/site\\\/secretaria-de-fazenda-divulga-a-escala-de-pagamento-do-mes-de-novembro\\\/#listItem\",\"position\":3,\"name\":\"Secretaria de Fazenda divulga a escala de pagamento do m\\u00eas de novembro\",\"previousItem\":{\"@type\":\"ListItem\",\"@id\":\"https:\\\/\\\/anoticiaonline.com.br\\\/site\\\/categoria\\\/gerais\\\/#listItem\",\"name\":\"Gerais\"}}]},{\"@type\":\"Organization\",\"@id\":\"https:\\\/\\\/anoticiaonline.com.br\\\/site\\\/#organization\",\"name\":\"A Not\\u00edcia Online\",\"description\":\"Noticias de Muria\\u00e9 e regi\\u00e3o\",\"url\":\"https:\\\/\\\/anoticiaonline.com.br\\\/site\\\/\",\"logo\":{\"@type\":\"ImageObject\",\"url\":\"https:\\\/\\\/scontent-gig4-1.xx.fbcdn.net\\\/v\\\/t39.30808-1\\\/270437624_4564083193639691_6907940295614233970_n.jpg?stp=dst-jpg_s200x200_tt6&_nc_cat=111&ccb=1-7&_nc_sid=f907e8&_nc_ohc=SM1wRlP3lJwQ7kNvwEPuBYA&_nc_oc=AdnqrjDN_BNjSSHWO-GbkIWH6fkGMLw4bqvL_NH6e2wMveX7G-rP2dAqsDSq1mJMOaY&_nc_zt=24&_nc_ht=scontent-gig4-1.xx&_nc_gid=AoBFJeGrT1hVaew_6rchkQ&oh=00_AfX7QmFGhQhG2jAllVgXCiM1ZrWgvtp80-Bfppyexh1QEg&oe=689E923C\",\"@id\":\"https:\\\/\\\/anoticiaonline.com.br\\\/site\\\/secretaria-de-fazenda-divulga-a-escala-de-pagamento-do-mes-de-novembro\\\/#organizationLogo\"},\"image\":{\"@id\":\"https:\\\/\\\/anoticiaonline.com.br\\\/site\\\/secretaria-de-fazenda-divulga-a-escala-de-pagamento-do-mes-de-novembro\\\/#organizationLogo\"}},{\"@type\":\"Person\",\"@id\":\"https:\\\/\\\/anoticiaonline.com.br\\\/site\\\/author\\\/juliana\\\/#author\",\"url\":\"https:\\\/\\\/anoticiaonline.com.br\\\/site\\\/author\\\/juliana\\\/\",\"name\":\"Juliana Laviola\",\"image\":{\"@type\":\"ImageObject\",\"@id\":\"https:\\\/\\\/anoticiaonline.com.br\\\/site\\\/secretaria-de-fazenda-divulga-a-escala-de-pagamento-do-mes-de-novembro\\\/#authorImage\",\"url\":\"https:\\\/\\\/secure.gravatar.com\\\/avatar\\\/b8d45f5c699b100dfaf0e543582f38f38bf94cb7ae3a5e9abf8d891a34773335?s=96&d=mm&r=g\",\"width\":96,\"height\":96,\"caption\":\"Juliana Laviola\"}},{\"@type\":\"WebPage\",\"@id\":\"https:\\\/\\\/anoticiaonline.com.br\\\/site\\\/secretaria-de-fazenda-divulga-a-escala-de-pagamento-do-mes-de-novembro\\\/#webpage\",\"url\":\"https:\\\/\\\/anoticiaonline.com.br\\\/site\\\/secretaria-de-fazenda-divulga-a-escala-de-pagamento-do-mes-de-novembro\\\/\",\"name\":\"Secretaria de Fazenda divulga a escala de pagamento do m\\u00eas de novembro - A Not\\u00edcia Online\",\"description\":\"Parcelas ser\\u00e3o depositadas nos pr\\u00f3ximos dias 13 e 28 Ap\\u00f3s mais uma reuni\\u00e3o com a Comiss\\u00e3o de Acompanhamento da Folha de Pessoal, o secret\\u00e1rio de Fazenda do Governo de Minas Gerais, Jos\\u00e9 Afonso Bicalho, divulgou, na quinta-feira (8), a escala de pagamento do m\\u00eas de novembro. O calend\\u00e1rio, definido em comum acordo entre os representantes\",\"inLanguage\":\"pt-BR\",\"isPartOf\":{\"@id\":\"https:\\\/\\\/anoticiaonline.com.br\\\/site\\\/#website\"},\"breadcrumb\":{\"@id\":\"https:\\\/\\\/anoticiaonline.com.br\\\/site\\\/secretaria-de-fazenda-divulga-a-escala-de-pagamento-do-mes-de-novembro\\\/#breadcrumblist\"},\"author\":{\"@id\":\"https:\\\/\\\/anoticiaonline.com.br\\\/site\\\/author\\\/juliana\\\/#author\"},\"creator\":{\"@id\":\"https:\\\/\\\/anoticiaonline.com.br\\\/site\\\/author\\\/juliana\\\/#author\"},\"image\":{\"@type\":\"ImageObject\",\"url\":\"https:\\\/\\\/anoticiaonline.com.br\\\/site\\\/wp-content\\\/uploads\\\/2018\\\/11\\\/destaque_leo_drumond.jpg\",\"@id\":\"https:\\\/\\\/anoticiaonline.com.br\\\/site\\\/secretaria-de-fazenda-divulga-a-escala-de-pagamento-do-mes-de-novembro\\\/#mainImage\",\"width\":1000,\"height\":666},\"primaryImageOfPage\":{\"@id\":\"https:\\\/\\\/anoticiaonline.com.br\\\/site\\\/secretaria-de-fazenda-divulga-a-escala-de-pagamento-do-mes-de-novembro\\\/#mainImage\"},\"datePublished\":\"2018-11-08T17:32:20-03:00\",\"dateModified\":\"2018-11-08T17:32:20-03:00\"},{\"@type\":\"WebSite\",\"@id\":\"https:\\\/\\\/anoticiaonline.com.br\\\/site\\\/#website\",\"url\":\"https:\\\/\\\/anoticiaonline.com.br\\\/site\\\/\",\"name\":\"A Not\\u00edcia Online\",\"description\":\"Noticias de Muria\\u00e9 e regi\\u00e3o\",\"inLanguage\":\"pt-BR\",\"publisher\":{\"@id\":\"https:\\\/\\\/anoticiaonline.com.br\\\/site\\\/#organization\"}}]}\n\t\t<\/script>\n\t\t<!-- All in One SEO -->\n\n","aioseo_head_json":{"title":"Secretaria de Fazenda divulga a escala de pagamento do m\u00eas de novembro - A Not\u00edcia Online","description":"Parcelas ser\u00e3o depositadas nos pr\u00f3ximos dias 13 e 28 Ap\u00f3s mais uma reuni\u00e3o com a Comiss\u00e3o de Acompanhamento da Folha de Pessoal, o secret\u00e1rio de Fazenda do Governo de Minas Gerais, Jos\u00e9 Afonso Bicalho, divulgou, na quinta-feira (8), a escala de pagamento do m\u00eas de novembro. O calend\u00e1rio, definido em comum acordo entre os representantes","canonical_url":"https:\/\/anoticiaonline.com.br\/site\/secretaria-de-fazenda-divulga-a-escala-de-pagamento-do-mes-de-novembro\/","robots":"max-image-preview:large","keywords":"","webmasterTools":{"miscellaneous":""},"schema":{"@context":"https:\/\/schema.org","@graph":[{"@type":"BlogPosting","@id":"https:\/\/anoticiaonline.com.br\/site\/secretaria-de-fazenda-divulga-a-escala-de-pagamento-do-mes-de-novembro\/#blogposting","name":"Secretaria de Fazenda divulga a escala de pagamento do m\u00eas de novembro - A Not\u00edcia Online","headline":"Secretaria de Fazenda divulga a escala de pagamento do m\u00eas de novembro","author":{"@id":"https:\/\/anoticiaonline.com.br\/site\/author\/juliana\/#author"},"publisher":{"@id":"https:\/\/anoticiaonline.com.br\/site\/#organization"},"image":{"@type":"ImageObject","url":"https:\/\/anoticiaonline.com.br\/site\/wp-content\/uploads\/2018\/11\/destaque_leo_drumond.jpg","width":1000,"height":666},"datePublished":"2018-11-08T17:32:20-03:00","dateModified":"2018-11-08T17:32:20-03:00","inLanguage":"pt-BR","mainEntityOfPage":{"@id":"https:\/\/anoticiaonline.com.br\/site\/secretaria-de-fazenda-divulga-a-escala-de-pagamento-do-mes-de-novembro\/#webpage"},"isPartOf":{"@id":"https:\/\/anoticiaonline.com.br\/site\/secretaria-de-fazenda-divulga-a-escala-de-pagamento-do-mes-de-novembro\/#webpage"},"articleSection":"Blog, Gerais, governo de minas, minas gerais, pagamentos, secretaria de fazenda"},{"@type":"BreadcrumbList","@id":"https:\/\/anoticiaonline.com.br\/site\/secretaria-de-fazenda-divulga-a-escala-de-pagamento-do-mes-de-novembro\/#breadcrumblist","itemListElement":[{"@type":"ListItem","@id":"https:\/\/anoticiaonline.com.br\/site#listItem","position":1,"name":"Home","item":"https:\/\/anoticiaonline.com.br\/site","nextItem":{"@type":"ListItem","@id":"https:\/\/anoticiaonline.com.br\/site\/categoria\/gerais\/#listItem","name":"Gerais"}},{"@type":"ListItem","@id":"https:\/\/anoticiaonline.com.br\/site\/categoria\/gerais\/#listItem","position":2,"name":"Gerais","item":"https:\/\/anoticiaonline.com.br\/site\/categoria\/gerais\/","nextItem":{"@type":"ListItem","@id":"https:\/\/anoticiaonline.com.br\/site\/secretaria-de-fazenda-divulga-a-escala-de-pagamento-do-mes-de-novembro\/#listItem","name":"Secretaria de Fazenda divulga a escala de pagamento do m\u00eas de novembro"},"previousItem":{"@type":"ListItem","@id":"https:\/\/anoticiaonline.com.br\/site#listItem","name":"Home"}},{"@type":"ListItem","@id":"https:\/\/anoticiaonline.com.br\/site\/secretaria-de-fazenda-divulga-a-escala-de-pagamento-do-mes-de-novembro\/#listItem","position":3,"name":"Secretaria de Fazenda divulga a escala de pagamento do m\u00eas de novembro","previousItem":{"@type":"ListItem","@id":"https:\/\/anoticiaonline.com.br\/site\/categoria\/gerais\/#listItem","name":"Gerais"}}]},{"@type":"Organization","@id":"https:\/\/anoticiaonline.com.br\/site\/#organization","name":"A Not\u00edcia Online","description":"Noticias de Muria\u00e9 e regi\u00e3o","url":"https:\/\/anoticiaonline.com.br\/site\/","logo":{"@type":"ImageObject","url":"https:\/\/scontent-gig4-1.xx.fbcdn.net\/v\/t39.30808-1\/270437624_4564083193639691_6907940295614233970_n.jpg?stp=dst-jpg_s200x200_tt6&_nc_cat=111&ccb=1-7&_nc_sid=f907e8&_nc_ohc=SM1wRlP3lJwQ7kNvwEPuBYA&_nc_oc=AdnqrjDN_BNjSSHWO-GbkIWH6fkGMLw4bqvL_NH6e2wMveX7G-rP2dAqsDSq1mJMOaY&_nc_zt=24&_nc_ht=scontent-gig4-1.xx&_nc_gid=AoBFJeGrT1hVaew_6rchkQ&oh=00_AfX7QmFGhQhG2jAllVgXCiM1ZrWgvtp80-Bfppyexh1QEg&oe=689E923C","@id":"https:\/\/anoticiaonline.com.br\/site\/secretaria-de-fazenda-divulga-a-escala-de-pagamento-do-mes-de-novembro\/#organizationLogo"},"image":{"@id":"https:\/\/anoticiaonline.com.br\/site\/secretaria-de-fazenda-divulga-a-escala-de-pagamento-do-mes-de-novembro\/#organizationLogo"}},{"@type":"Person","@id":"https:\/\/anoticiaonline.com.br\/site\/author\/juliana\/#author","url":"https:\/\/anoticiaonline.com.br\/site\/author\/juliana\/","name":"Juliana Laviola","image":{"@type":"ImageObject","@id":"https:\/\/anoticiaonline.com.br\/site\/secretaria-de-fazenda-divulga-a-escala-de-pagamento-do-mes-de-novembro\/#authorImage","url":"https:\/\/secure.gravatar.com\/avatar\/b8d45f5c699b100dfaf0e543582f38f38bf94cb7ae3a5e9abf8d891a34773335?s=96&d=mm&r=g","width":96,"height":96,"caption":"Juliana Laviola"}},{"@type":"WebPage","@id":"https:\/\/anoticiaonline.com.br\/site\/secretaria-de-fazenda-divulga-a-escala-de-pagamento-do-mes-de-novembro\/#webpage","url":"https:\/\/anoticiaonline.com.br\/site\/secretaria-de-fazenda-divulga-a-escala-de-pagamento-do-mes-de-novembro\/","name":"Secretaria de Fazenda divulga a escala de pagamento do m\u00eas de novembro - A Not\u00edcia Online","description":"Parcelas ser\u00e3o depositadas nos pr\u00f3ximos dias 13 e 28 Ap\u00f3s mais uma reuni\u00e3o com a Comiss\u00e3o de Acompanhamento da Folha de Pessoal, o secret\u00e1rio de Fazenda do Governo de Minas Gerais, Jos\u00e9 Afonso Bicalho, divulgou, na quinta-feira (8), a escala de pagamento do m\u00eas de novembro. O calend\u00e1rio, definido em comum acordo entre os representantes","inLanguage":"pt-BR","isPartOf":{"@id":"https:\/\/anoticiaonline.com.br\/site\/#website"},"breadcrumb":{"@id":"https:\/\/anoticiaonline.com.br\/site\/secretaria-de-fazenda-divulga-a-escala-de-pagamento-do-mes-de-novembro\/#breadcrumblist"},"author":{"@id":"https:\/\/anoticiaonline.com.br\/site\/author\/juliana\/#author"},"creator":{"@id":"https:\/\/anoticiaonline.com.br\/site\/author\/juliana\/#author"},"image":{"@type":"ImageObject","url":"https:\/\/anoticiaonline.com.br\/site\/wp-content\/uploads\/2018\/11\/destaque_leo_drumond.jpg","@id":"https:\/\/anoticiaonline.com.br\/site\/secretaria-de-fazenda-divulga-a-escala-de-pagamento-do-mes-de-novembro\/#mainImage","width":1000,"height":666},"primaryImageOfPage":{"@id":"https:\/\/anoticiaonline.com.br\/site\/secretaria-de-fazenda-divulga-a-escala-de-pagamento-do-mes-de-novembro\/#mainImage"},"datePublished":"2018-11-08T17:32:20-03:00","dateModified":"2018-11-08T17:32:20-03:00"},{"@type":"WebSite","@id":"https:\/\/anoticiaonline.com.br\/site\/#website","url":"https:\/\/anoticiaonline.com.br\/site\/","name":"A Not\u00edcia Online","description":"Noticias de Muria\u00e9 e regi\u00e3o","inLanguage":"pt-BR","publisher":{"@id":"https:\/\/anoticiaonline.com.br\/site\/#organization"}}]},"og:locale":"pt_BR","og:site_name":"A Not\u00edcia Online - Noticias de Muria\u00e9 e regi\u00e3o","og:type":"article","og:title":"Secretaria de Fazenda divulga a escala de pagamento do m\u00eas de novembro - A Not\u00edcia Online","og:description":"Parcelas ser\u00e3o depositadas nos pr\u00f3ximos dias 13 e 28 Ap\u00f3s mais uma reuni\u00e3o com a Comiss\u00e3o de Acompanhamento da Folha de Pessoal, o secret\u00e1rio de Fazenda do Governo de Minas Gerais, Jos\u00e9 Afonso Bicalho, divulgou, na quinta-feira (8), a escala de pagamento do m\u00eas de novembro. O calend\u00e1rio, definido em comum acordo entre os representantes","og:url":"https:\/\/anoticiaonline.com.br\/site\/secretaria-de-fazenda-divulga-a-escala-de-pagamento-do-mes-de-novembro\/","og:image":"https:\/\/scontent-gig4-1.xx.fbcdn.net\/v\/t39.30808-1\/270437624_4564083193639691_6907940295614233970_n.jpg?stp=dst-jpg_s200x200_tt6&#038;_nc_cat=111&#038;ccb=1-7&#038;_nc_sid=f907e8&#038;_nc_ohc=SM1wRlP3lJwQ7kNvwEPuBYA&#038;_nc_oc=AdnqrjDN_BNjSSHWO-GbkIWH6fkGMLw4bqvL_NH6e2wMveX7G-rP2dAqsDSq1mJMOaY&#038;_nc_zt=24&#038;_nc_ht=scontent-gig4-1.xx&#038;_nc_gid=AoBFJeGrT1hVaew_6rchkQ&#038;oh=00_AfX7QmFGhQhG2jAllVgXCiM1ZrWgvtp80-Bfppyexh1QEg&#038;oe=689E923C","og:image:secure_url":"https:\/\/scontent-gig4-1.xx.fbcdn.net\/v\/t39.30808-1\/270437624_4564083193639691_6907940295614233970_n.jpg?stp=dst-jpg_s200x200_tt6&#038;_nc_cat=111&#038;ccb=1-7&#038;_nc_sid=f907e8&#038;_nc_ohc=SM1wRlP3lJwQ7kNvwEPuBYA&#038;_nc_oc=AdnqrjDN_BNjSSHWO-GbkIWH6fkGMLw4bqvL_NH6e2wMveX7G-rP2dAqsDSq1mJMOaY&#038;_nc_zt=24&#038;_nc_ht=scontent-gig4-1.xx&#038;_nc_gid=AoBFJeGrT1hVaew_6rchkQ&#038;oh=00_AfX7QmFGhQhG2jAllVgXCiM1ZrWgvtp80-Bfppyexh1QEg&#038;oe=689E923C","article:published_time":"2018-11-08T20:32:20+00:00","article:modified_time":"2018-11-08T20:32:20+00:00","twitter:card":"summary_large_image","twitter:title":"Secretaria de Fazenda divulga a escala de pagamento do m\u00eas de novembro - A Not\u00edcia Online","twitter:description":"Parcelas ser\u00e3o depositadas nos pr\u00f3ximos dias 13 e 28 Ap\u00f3s mais uma reuni\u00e3o com a Comiss\u00e3o de Acompanhamento da Folha de Pessoal, o secret\u00e1rio de Fazenda do Governo de Minas Gerais, Jos\u00e9 Afonso Bicalho, divulgou, na quinta-feira (8), a escala de pagamento do m\u00eas de novembro. O calend\u00e1rio, definido em comum acordo entre os representantes","twitter:image":"https:\/\/scontent-gig4-1.xx.fbcdn.net\/v\/t39.30808-1\/270437624_4564083193639691_6907940295614233970_n.jpg?stp=dst-jpg_s200x200_tt6&_nc_cat=111&ccb=1-7&_nc_sid=f907e8&_nc_ohc=SM1wRlP3lJwQ7kNvwEPuBYA&_nc_oc=AdnqrjDN_BNjSSHWO-GbkIWH6fkGMLw4bqvL_NH6e2wMveX7G-rP2dAqsDSq1mJMOaY&_nc_zt=24&_nc_ht=scontent-gig4-1.xx&_nc_gid=AoBFJeGrT1hVaew_6rchkQ&oh=00_AfX7QmFGhQhG2jAllVgXCiM1ZrWgvtp80-Bfppyexh1QEg&oe=689E923C"},"aioseo_meta_data":{"post_id":"64209","title":null,"description":null,"keywords":null,"keyphrases":null,"primary_term":null,"canonical_url":null,"og_title":null,"og_description":null,"og_object_type":"default","og_image_type":"default","og_image_url":null,"og_image_width":null,"og_image_height":null,"og_image_custom_url":null,"og_image_custom_fields":null,"og_video":null,"og_custom_url":null,"og_article_section":null,"og_article_tags":null,"twitter_use_og":false,"twitter_card":"default","twitter_image_type":"default","twitter_image_url":null,"twitter_image_custom_url":null,"twitter_image_custom_fields":null,"twitter_title":null,"twitter_description":null,"schema":{"blockGraphs":[],"customGraphs":[],"default":{"data":{"Article":[],"Course":[],"Dataset":[],"FAQPage":[],"Movie":[],"Person":[],"Product":[],"ProductReview":[],"Car":[],"Recipe":[],"Service":[],"SoftwareApplication":[],"WebPage":[]},"graphName":"","isEnabled":true},"graphs":[]},"schema_type":"default","schema_type_options":null,"pillar_content":false,"robots_default":true,"robots_noindex":false,"robots_noarchive":false,"robots_nosnippet":false,"robots_nofollow":false,"robots_noimageindex":false,"robots_noodp":false,"robots_notranslate":false,"robots_max_snippet":null,"robots_max_videopreview":null,"robots_max_imagepreview":"large","priority":null,"frequency":null,"local_seo":null,"breadcrumb_settings":null,"limit_modified_date":false,"ai":null,"created":"2025-08-16 22:03:25","updated":"2025-08-16 22:03:25","focus_keyword":null,"additional_keywords":null,"truseo_locale":null,"seo_analyzer_scan_date":null},"aioseo_breadcrumb":"<div class=\"aioseo-breadcrumbs\"><span class=\"aioseo-breadcrumb\">\n\t\t\t<a href=\"https:\/\/anoticiaonline.com.br\/site\" title=\"Home\">Home<\/a>\n\t\t<\/span><span class=\"aioseo-breadcrumb-separator\">&raquo;<\/span><span class=\"aioseo-breadcrumb\">\n\t\t\t<a href=\"https:\/\/anoticiaonline.com.br\/site\/categoria\/gerais\/\" title=\"Gerais\">Gerais<\/a>\n\t\t<\/span><span class=\"aioseo-breadcrumb-separator\">&raquo;<\/span><span class=\"aioseo-breadcrumb\">\n\t\t\tSecretaria de Fazenda divulga a escala de pagamento do m\u00eas de novembro\n\t\t<\/span><\/div>","aioseo_breadcrumb_json":[{"label":"Home","link":"https:\/\/anoticiaonline.com.br\/site"},{"label":"Gerais","link":"https:\/\/anoticiaonline.com.br\/site\/categoria\/gerais\/"},{"label":"Secretaria de Fazenda divulga a escala de pagamento do m\u00eas de novembro","link":"https:\/\/anoticiaonline.com.br\/site\/secretaria-de-fazenda-divulga-a-escala-de-pagamento-do-mes-de-novembro\/"}],"views":153,"_links":{"self":[{"href":"https:\/\/anoticiaonline.com.br\/site\/wp-json\/wp\/v2\/posts\/64209","targetHints":{"allow":["GET"]}}],"collection":[{"href":"https:\/\/anoticiaonline.com.br\/site\/wp-json\/wp\/v2\/posts"}],"about":[{"href":"https:\/\/anoticiaonline.com.br\/site\/wp-json\/wp\/v2\/types\/post"}],"author":[{"embeddable":true,"href":"https:\/\/anoticiaonline.com.br\/site\/wp-json\/wp\/v2\/users\/2"}],"replies":[{"embeddable":true,"href":"https:\/\/anoticiaonline.com.br\/site\/wp-json\/wp\/v2\/comments?post=64209"}],"version-history":[{"count":0,"href":"https:\/\/anoticiaonline.com.br\/site\/wp-json\/wp\/v2\/posts\/64209\/revisions"}],"wp:featuredmedia":[{"embeddable":true,"href":"https:\/\/anoticiaonline.com.br\/site\/wp-json\/wp\/v2\/media\/64210"}],"wp:attachment":[{"href":"https:\/\/anoticiaonline.com.br\/site\/wp-json\/wp\/v2\/media?parent=64209"}],"wp:term":[{"taxonomy":"category","embeddable":true,"href":"https:\/\/anoticiaonline.com.br\/site\/wp-json\/wp\/v2\/categories?post=64209"},{"taxonomy":"post_tag","embeddable":true,"href":"https:\/\/anoticiaonline.com.br\/site\/wp-json\/wp\/v2\/tags?post=64209"}],"curies":[{"name":"wp","href":"https:\/\/api.w.org\/{rel}","templated":true}]}}