{"id":64127,"date":"2018-11-06T08:31:09","date_gmt":"2018-11-06T11:31:09","guid":{"rendered":"http:\/\/anoticiaonline.com.br\/site\/?p=64127"},"modified":"2018-11-06T08:31:09","modified_gmt":"2018-11-06T11:31:09","slug":"lar-ozanam-promove-1o-festival-de-premios","status":"publish","type":"post","link":"https:\/\/anoticiaonline.com.br\/site\/lar-ozanam-promove-1o-festival-de-premios\/","title":{"rendered":"Lar Ozanam promove 1\u00ba Festival de Pr\u00eamios"},"content":{"rendered":"<p><a href=\"https:\/\/anoticiaonline.com.br\/site\/wp-content\/uploads\/2018\/11\/ozanam.jpeg\"><img fetchpriority=\"high\" decoding=\"async\" class=\"aligncenter size-full wp-image-64128\" src=\"https:\/\/anoticiaonline.com.br\/site\/wp-content\/uploads\/2018\/11\/ozanam.jpeg\" alt=\"\" width=\"1000\" height=\"750\" srcset=\"https:\/\/anoticiaonline.com.br\/site\/wp-content\/uploads\/2018\/11\/ozanam.jpeg 1000w, https:\/\/anoticiaonline.com.br\/site\/wp-content\/uploads\/2018\/11\/ozanam-300x225.jpeg 300w, https:\/\/anoticiaonline.com.br\/site\/wp-content\/uploads\/2018\/11\/ozanam-768x576.jpeg 768w, https:\/\/anoticiaonline.com.br\/site\/wp-content\/uploads\/2018\/11\/ozanam-105x80.jpeg 105w\" sizes=\"(max-width: 1000px) 100vw, 1000px\" \/><\/a>No pr\u00f3ximo dia 11 de novembro (domingo), acontecer\u00e1 o 1\u00ba Festival de Pr\u00eamios em prol do Lar Ozanam, a partir das 14h, no Parque de Exposi\u00e7\u00f5es Lael Varella. As cartelas est\u00e3o sendo vendidas na Pra\u00e7a Jo\u00e3o Pinheiro, na Mec\u00e2nica Vasm\u00e1, na Yamaha Big Motos, na Banca do Obinha (Barra) e na Fiat Valore, por R$50 cada. Os participantes concorrer\u00e3o a dois carros Fiat Mobi 0 km, duas motos Yamaha de 150 cc e m\u00f3veis para uma mobiliar uma casa completa (Quarto casal, quarto solteiro, cozinha, sala de jantar e sala de TV).<\/p>\n<p>Em entrevista ao jornal A Not\u00edcia, o produtor de eventos, Marco Aur\u00e9lio, o M\u00e9, disse que o objetivo do 1\u00ba Festival de Pr\u00eamios \u00e9 auxiliar na manuten\u00e7\u00e3o do Lar Ozanam, que atende, atualmente, 48 idosos. \u201cO Lar Ozanam cuida com muito carinhos destes idosos e, para que eles tenham qualidade de vida, h\u00e1 um custo muito alto para atender todas as necessidades. \u00c9 muito importante que a popula\u00e7\u00e3o participe do evento e ajude esta institui\u00e7\u00e3o de Muria\u00e9.<\/p>\n<p>Informa\u00e7\u00f5es: (32) 3722-4367 (Lar Ozanam) ou (32) 99925-2555 (Marco Aur\u00e9lio). Produ\u00e7\u00e3o: Public Image. Apoio: Mec\u00e2nica Vasm\u00e1.<\/p>\n","protected":false},"excerpt":{"rendered":"<p>No pr\u00f3ximo dia 11 de novembro (domingo), acontecer\u00e1 o 1\u00ba Festival de Pr\u00eamios em prol do Lar Ozanam, a partir das 14h, no Parque de Exposi\u00e7\u00f5es Lael Varella. As cartelas est\u00e3o sendo vendidas na Pra\u00e7a Jo\u00e3o Pinheiro, na Mec\u00e2nica Vasm\u00e1, na Yamaha Big Motos, na Banca do Obinha (Barra) e na Fiat Valore, por R$50 &#8230; <a title=\"Lar Ozanam promove 1\u00ba Festival de Pr\u00eamios\" class=\"read-more\" href=\"https:\/\/anoticiaonline.com.br\/site\/lar-ozanam-promove-1o-festival-de-premios\/\" aria-label=\"Read more about Lar Ozanam promove 1\u00ba Festival de Pr\u00eamios\">Ler mais<\/a><\/p>\n","protected":false},"author":7,"featured_media":64128,"comment_status":"open","ping_status":"open","sticky":false,"template":"","format":"standard","meta":{"_acf_changed":false,"_monsterinsights_skip_tracking":false,"footnotes":""},"categories":[30,24],"tags":[128,3368,1106,3367],"class_list":["post-64127","post","type-post","status-publish","format-standard","has-post-thumbnail","hentry","category-muriae","category-eventos","tag-lar-ozanam","tag-mecanica-vasma","tag-parque-de-exposicoes-lael-varella","tag-public-image"],"acf":[],"aioseo_notices":[],"aioseo_head":"\n\t\t<!-- All in One SEO 5.0.0.1 - aioseo.com -->\n\t<meta name=\"description\" content=\"No pr\u00f3ximo dia 11 de novembro (domingo), acontecer\u00e1 o 1\u00ba Festival de Pr\u00eamios em prol do Lar Ozanam, a partir das 14h, no Parque de Exposi\u00e7\u00f5es Lael Varella. As cartelas est\u00e3o sendo vendidas na Pra\u00e7a Jo\u00e3o Pinheiro, na Mec\u00e2nica Vasm\u00e1, na Yamaha Big Motos, na Banca do Obinha (Barra) e na Fiat Valore, por R$50\" \/>\n\t<meta name=\"robots\" content=\"max-image-preview:large\" \/>\n\t<meta name=\"author\" content=\"Leandro Bebiano\"\/>\n\t<link rel=\"canonical\" href=\"https:\/\/anoticiaonline.com.br\/site\/lar-ozanam-promove-1o-festival-de-premios\/\" \/>\n\t<meta name=\"generator\" content=\"All in One SEO (AIOSEO) 5.0.0.1\" \/>\n\t\t<meta property=\"og:locale\" content=\"pt_BR\" \/>\n\t\t<meta property=\"og:site_name\" content=\"A Not\u00edcia Online - Noticias de Muria\u00e9 e regi\u00e3o\" \/>\n\t\t<meta property=\"og:type\" content=\"article\" \/>\n\t\t<meta property=\"og:title\" content=\"Lar Ozanam promove 1\u00ba Festival de Pr\u00eamios - A Not\u00edcia Online\" \/>\n\t\t<meta property=\"og:description\" content=\"No pr\u00f3ximo dia 11 de novembro (domingo), acontecer\u00e1 o 1\u00ba Festival de Pr\u00eamios em prol do Lar Ozanam, a partir das 14h, no Parque de Exposi\u00e7\u00f5es Lael Varella. As cartelas est\u00e3o sendo vendidas na Pra\u00e7a Jo\u00e3o Pinheiro, na Mec\u00e2nica Vasm\u00e1, na Yamaha Big Motos, na Banca do Obinha (Barra) e na Fiat Valore, por R$50\" \/>\n\t\t<meta property=\"og:url\" content=\"https:\/\/anoticiaonline.com.br\/site\/lar-ozanam-promove-1o-festival-de-premios\/\" \/>\n\t\t<meta property=\"og:image\" content=\"https:\/\/scontent-gig4-1.xx.fbcdn.net\/v\/t39.30808-1\/270437624_4564083193639691_6907940295614233970_n.jpg?stp=dst-jpg_s200x200_tt6&#038;_nc_cat=111&#038;ccb=1-7&#038;_nc_sid=f907e8&#038;_nc_ohc=SM1wRlP3lJwQ7kNvwEPuBYA&#038;_nc_oc=AdnqrjDN_BNjSSHWO-GbkIWH6fkGMLw4bqvL_NH6e2wMveX7G-rP2dAqsDSq1mJMOaY&#038;_nc_zt=24&#038;_nc_ht=scontent-gig4-1.xx&#038;_nc_gid=AoBFJeGrT1hVaew_6rchkQ&#038;oh=00_AfX7QmFGhQhG2jAllVgXCiM1ZrWgvtp80-Bfppyexh1QEg&#038;oe=689E923C\" \/>\n\t\t<meta property=\"og:image:secure_url\" content=\"https:\/\/scontent-gig4-1.xx.fbcdn.net\/v\/t39.30808-1\/270437624_4564083193639691_6907940295614233970_n.jpg?stp=dst-jpg_s200x200_tt6&#038;_nc_cat=111&#038;ccb=1-7&#038;_nc_sid=f907e8&#038;_nc_ohc=SM1wRlP3lJwQ7kNvwEPuBYA&#038;_nc_oc=AdnqrjDN_BNjSSHWO-GbkIWH6fkGMLw4bqvL_NH6e2wMveX7G-rP2dAqsDSq1mJMOaY&#038;_nc_zt=24&#038;_nc_ht=scontent-gig4-1.xx&#038;_nc_gid=AoBFJeGrT1hVaew_6rchkQ&#038;oh=00_AfX7QmFGhQhG2jAllVgXCiM1ZrWgvtp80-Bfppyexh1QEg&#038;oe=689E923C\" \/>\n\t\t<meta property=\"article:published_time\" content=\"2018-11-06T11:31:09+00:00\" \/>\n\t\t<meta property=\"article:modified_time\" content=\"2018-11-06T11:31:09+00:00\" \/>\n\t\t<meta name=\"twitter:card\" content=\"summary_large_image\" \/>\n\t\t<meta name=\"twitter:title\" content=\"Lar Ozanam promove 1\u00ba Festival de Pr\u00eamios - A Not\u00edcia Online\" \/>\n\t\t<meta name=\"twitter:description\" content=\"No pr\u00f3ximo dia 11 de novembro (domingo), acontecer\u00e1 o 1\u00ba Festival de Pr\u00eamios em prol do Lar Ozanam, a partir das 14h, no Parque de Exposi\u00e7\u00f5es Lael Varella. As cartelas est\u00e3o sendo vendidas na Pra\u00e7a Jo\u00e3o Pinheiro, na Mec\u00e2nica Vasm\u00e1, na Yamaha Big Motos, na Banca do Obinha (Barra) e na Fiat Valore, por R$50\" \/>\n\t\t<meta name=\"twitter:image\" content=\"https:\/\/scontent-gig4-1.xx.fbcdn.net\/v\/t39.30808-1\/270437624_4564083193639691_6907940295614233970_n.jpg?stp=dst-jpg_s200x200_tt6&amp;_nc_cat=111&amp;ccb=1-7&amp;_nc_sid=f907e8&amp;_nc_ohc=SM1wRlP3lJwQ7kNvwEPuBYA&amp;_nc_oc=AdnqrjDN_BNjSSHWO-GbkIWH6fkGMLw4bqvL_NH6e2wMveX7G-rP2dAqsDSq1mJMOaY&amp;_nc_zt=24&amp;_nc_ht=scontent-gig4-1.xx&amp;_nc_gid=AoBFJeGrT1hVaew_6rchkQ&amp;oh=00_AfX7QmFGhQhG2jAllVgXCiM1ZrWgvtp80-Bfppyexh1QEg&amp;oe=689E923C\" \/>\n\t\t<script type=\"application\/ld+json\" class=\"aioseo-schema\">\n\t\t\t{\"@context\":\"https:\\\/\\\/schema.org\",\"@graph\":[{\"@type\":\"BlogPosting\",\"@id\":\"https:\\\/\\\/anoticiaonline.com.br\\\/site\\\/lar-ozanam-promove-1o-festival-de-premios\\\/#blogposting\",\"name\":\"Lar Ozanam promove 1\\u00ba Festival de Pr\\u00eamios - A Not\\u00edcia Online\",\"headline\":\"Lar Ozanam promove 1\\u00ba Festival de Pr\\u00eamios\",\"author\":{\"@id\":\"https:\\\/\\\/anoticiaonline.com.br\\\/site\\\/author\\\/leandro\\\/#author\"},\"publisher\":{\"@id\":\"https:\\\/\\\/anoticiaonline.com.br\\\/site\\\/#organization\"},\"image\":{\"@type\":\"ImageObject\",\"url\":\"https:\\\/\\\/anoticiaonline.com.br\\\/site\\\/wp-content\\\/uploads\\\/2018\\\/11\\\/ozanam.jpeg\",\"width\":1000,\"height\":750},\"datePublished\":\"2018-11-06T08:31:09-03:00\",\"dateModified\":\"2018-11-06T08:31:09-03:00\",\"inLanguage\":\"pt-BR\",\"mainEntityOfPage\":{\"@id\":\"https:\\\/\\\/anoticiaonline.com.br\\\/site\\\/lar-ozanam-promove-1o-festival-de-premios\\\/#webpage\"},\"isPartOf\":{\"@id\":\"https:\\\/\\\/anoticiaonline.com.br\\\/site\\\/lar-ozanam-promove-1o-festival-de-premios\\\/#webpage\"},\"articleSection\":\"Blog, Eventos, lar ozanam, Mec\\u00e2nica Vasm\\u00e1, Parque de Exposi\\u00e7\\u00f5es Lael Varella, Public Image\"},{\"@type\":\"BreadcrumbList\",\"@id\":\"https:\\\/\\\/anoticiaonline.com.br\\\/site\\\/lar-ozanam-promove-1o-festival-de-premios\\\/#breadcrumblist\",\"itemListElement\":[{\"@type\":\"ListItem\",\"@id\":\"https:\\\/\\\/anoticiaonline.com.br\\\/site#listItem\",\"position\":1,\"name\":\"Home\",\"item\":\"https:\\\/\\\/anoticiaonline.com.br\\\/site\",\"nextItem\":{\"@type\":\"ListItem\",\"@id\":\"https:\\\/\\\/anoticiaonline.com.br\\\/site\\\/categoria\\\/eventos\\\/#listItem\",\"name\":\"Eventos\"}},{\"@type\":\"ListItem\",\"@id\":\"https:\\\/\\\/anoticiaonline.com.br\\\/site\\\/categoria\\\/eventos\\\/#listItem\",\"position\":2,\"name\":\"Eventos\",\"item\":\"https:\\\/\\\/anoticiaonline.com.br\\\/site\\\/categoria\\\/eventos\\\/\",\"nextItem\":{\"@type\":\"ListItem\",\"@id\":\"https:\\\/\\\/anoticiaonline.com.br\\\/site\\\/lar-ozanam-promove-1o-festival-de-premios\\\/#listItem\",\"name\":\"Lar Ozanam promove 1\\u00ba Festival de Pr\\u00eamios\"},\"previousItem\":{\"@type\":\"ListItem\",\"@id\":\"https:\\\/\\\/anoticiaonline.com.br\\\/site#listItem\",\"name\":\"Home\"}},{\"@type\":\"ListItem\",\"@id\":\"https:\\\/\\\/anoticiaonline.com.br\\\/site\\\/lar-ozanam-promove-1o-festival-de-premios\\\/#listItem\",\"position\":3,\"name\":\"Lar Ozanam promove 1\\u00ba Festival de Pr\\u00eamios\",\"previousItem\":{\"@type\":\"ListItem\",\"@id\":\"https:\\\/\\\/anoticiaonline.com.br\\\/site\\\/categoria\\\/eventos\\\/#listItem\",\"name\":\"Eventos\"}}]},{\"@type\":\"Organization\",\"@id\":\"https:\\\/\\\/anoticiaonline.com.br\\\/site\\\/#organization\",\"name\":\"A Not\\u00edcia Online\",\"description\":\"Noticias de Muria\\u00e9 e regi\\u00e3o\",\"url\":\"https:\\\/\\\/anoticiaonline.com.br\\\/site\\\/\",\"logo\":{\"@type\":\"ImageObject\",\"url\":\"https:\\\/\\\/scontent-gig4-1.xx.fbcdn.net\\\/v\\\/t39.30808-1\\\/270437624_4564083193639691_6907940295614233970_n.jpg?stp=dst-jpg_s200x200_tt6&_nc_cat=111&ccb=1-7&_nc_sid=f907e8&_nc_ohc=SM1wRlP3lJwQ7kNvwEPuBYA&_nc_oc=AdnqrjDN_BNjSSHWO-GbkIWH6fkGMLw4bqvL_NH6e2wMveX7G-rP2dAqsDSq1mJMOaY&_nc_zt=24&_nc_ht=scontent-gig4-1.xx&_nc_gid=AoBFJeGrT1hVaew_6rchkQ&oh=00_AfX7QmFGhQhG2jAllVgXCiM1ZrWgvtp80-Bfppyexh1QEg&oe=689E923C\",\"@id\":\"https:\\\/\\\/anoticiaonline.com.br\\\/site\\\/lar-ozanam-promove-1o-festival-de-premios\\\/#organizationLogo\"},\"image\":{\"@id\":\"https:\\\/\\\/anoticiaonline.com.br\\\/site\\\/lar-ozanam-promove-1o-festival-de-premios\\\/#organizationLogo\"}},{\"@type\":\"Person\",\"@id\":\"https:\\\/\\\/anoticiaonline.com.br\\\/site\\\/author\\\/leandro\\\/#author\",\"url\":\"https:\\\/\\\/anoticiaonline.com.br\\\/site\\\/author\\\/leandro\\\/\",\"name\":\"Leandro Bebiano\",\"image\":{\"@type\":\"ImageObject\",\"@id\":\"https:\\\/\\\/anoticiaonline.com.br\\\/site\\\/lar-ozanam-promove-1o-festival-de-premios\\\/#authorImage\",\"url\":\"https:\\\/\\\/secure.gravatar.com\\\/avatar\\\/99966a20c143db97c8590c2013307c7c234a4cca48ed5657cbb47e22a400bd5f?s=96&d=mm&r=g\",\"width\":96,\"height\":96,\"caption\":\"Leandro Bebiano\"}},{\"@type\":\"WebPage\",\"@id\":\"https:\\\/\\\/anoticiaonline.com.br\\\/site\\\/lar-ozanam-promove-1o-festival-de-premios\\\/#webpage\",\"url\":\"https:\\\/\\\/anoticiaonline.com.br\\\/site\\\/lar-ozanam-promove-1o-festival-de-premios\\\/\",\"name\":\"Lar Ozanam promove 1\\u00ba Festival de Pr\\u00eamios - A Not\\u00edcia Online\",\"description\":\"No pr\\u00f3ximo dia 11 de novembro (domingo), acontecer\\u00e1 o 1\\u00ba Festival de Pr\\u00eamios em prol do Lar Ozanam, a partir das 14h, no Parque de Exposi\\u00e7\\u00f5es Lael Varella. As cartelas est\\u00e3o sendo vendidas na Pra\\u00e7a Jo\\u00e3o Pinheiro, na Mec\\u00e2nica Vasm\\u00e1, na Yamaha Big Motos, na Banca do Obinha (Barra) e na Fiat Valore, por R$50\",\"inLanguage\":\"pt-BR\",\"isPartOf\":{\"@id\":\"https:\\\/\\\/anoticiaonline.com.br\\\/site\\\/#website\"},\"breadcrumb\":{\"@id\":\"https:\\\/\\\/anoticiaonline.com.br\\\/site\\\/lar-ozanam-promove-1o-festival-de-premios\\\/#breadcrumblist\"},\"author\":{\"@id\":\"https:\\\/\\\/anoticiaonline.com.br\\\/site\\\/author\\\/leandro\\\/#author\"},\"creator\":{\"@id\":\"https:\\\/\\\/anoticiaonline.com.br\\\/site\\\/author\\\/leandro\\\/#author\"},\"image\":{\"@type\":\"ImageObject\",\"url\":\"https:\\\/\\\/anoticiaonline.com.br\\\/site\\\/wp-content\\\/uploads\\\/2018\\\/11\\\/ozanam.jpeg\",\"@id\":\"https:\\\/\\\/anoticiaonline.com.br\\\/site\\\/lar-ozanam-promove-1o-festival-de-premios\\\/#mainImage\",\"width\":1000,\"height\":750},\"primaryImageOfPage\":{\"@id\":\"https:\\\/\\\/anoticiaonline.com.br\\\/site\\\/lar-ozanam-promove-1o-festival-de-premios\\\/#mainImage\"},\"datePublished\":\"2018-11-06T08:31:09-03:00\",\"dateModified\":\"2018-11-06T08:31:09-03:00\"},{\"@type\":\"WebSite\",\"@id\":\"https:\\\/\\\/anoticiaonline.com.br\\\/site\\\/#website\",\"url\":\"https:\\\/\\\/anoticiaonline.com.br\\\/site\\\/\",\"name\":\"A Not\\u00edcia Online\",\"description\":\"Noticias de Muria\\u00e9 e regi\\u00e3o\",\"inLanguage\":\"pt-BR\",\"publisher\":{\"@id\":\"https:\\\/\\\/anoticiaonline.com.br\\\/site\\\/#organization\"}}]}\n\t\t<\/script>\n\t\t<!-- All in One SEO -->\n\n","aioseo_head_json":{"title":"Lar Ozanam promove 1\u00ba Festival de Pr\u00eamios - A Not\u00edcia Online","description":"No pr\u00f3ximo dia 11 de novembro (domingo), acontecer\u00e1 o 1\u00ba Festival de Pr\u00eamios em prol do Lar Ozanam, a partir das 14h, no Parque de Exposi\u00e7\u00f5es Lael Varella. As cartelas est\u00e3o sendo vendidas na Pra\u00e7a Jo\u00e3o Pinheiro, na Mec\u00e2nica Vasm\u00e1, na Yamaha Big Motos, na Banca do Obinha (Barra) e na Fiat Valore, por R$50","canonical_url":"https:\/\/anoticiaonline.com.br\/site\/lar-ozanam-promove-1o-festival-de-premios\/","robots":"max-image-preview:large","keywords":"","webmasterTools":{"miscellaneous":""},"schema":{"@context":"https:\/\/schema.org","@graph":[{"@type":"BlogPosting","@id":"https:\/\/anoticiaonline.com.br\/site\/lar-ozanam-promove-1o-festival-de-premios\/#blogposting","name":"Lar Ozanam promove 1\u00ba Festival de Pr\u00eamios - A Not\u00edcia Online","headline":"Lar Ozanam promove 1\u00ba Festival de Pr\u00eamios","author":{"@id":"https:\/\/anoticiaonline.com.br\/site\/author\/leandro\/#author"},"publisher":{"@id":"https:\/\/anoticiaonline.com.br\/site\/#organization"},"image":{"@type":"ImageObject","url":"https:\/\/anoticiaonline.com.br\/site\/wp-content\/uploads\/2018\/11\/ozanam.jpeg","width":1000,"height":750},"datePublished":"2018-11-06T08:31:09-03:00","dateModified":"2018-11-06T08:31:09-03:00","inLanguage":"pt-BR","mainEntityOfPage":{"@id":"https:\/\/anoticiaonline.com.br\/site\/lar-ozanam-promove-1o-festival-de-premios\/#webpage"},"isPartOf":{"@id":"https:\/\/anoticiaonline.com.br\/site\/lar-ozanam-promove-1o-festival-de-premios\/#webpage"},"articleSection":"Blog, Eventos, lar ozanam, Mec\u00e2nica Vasm\u00e1, Parque de Exposi\u00e7\u00f5es Lael Varella, Public Image"},{"@type":"BreadcrumbList","@id":"https:\/\/anoticiaonline.com.br\/site\/lar-ozanam-promove-1o-festival-de-premios\/#breadcrumblist","itemListElement":[{"@type":"ListItem","@id":"https:\/\/anoticiaonline.com.br\/site#listItem","position":1,"name":"Home","item":"https:\/\/anoticiaonline.com.br\/site","nextItem":{"@type":"ListItem","@id":"https:\/\/anoticiaonline.com.br\/site\/categoria\/eventos\/#listItem","name":"Eventos"}},{"@type":"ListItem","@id":"https:\/\/anoticiaonline.com.br\/site\/categoria\/eventos\/#listItem","position":2,"name":"Eventos","item":"https:\/\/anoticiaonline.com.br\/site\/categoria\/eventos\/","nextItem":{"@type":"ListItem","@id":"https:\/\/anoticiaonline.com.br\/site\/lar-ozanam-promove-1o-festival-de-premios\/#listItem","name":"Lar Ozanam promove 1\u00ba Festival de Pr\u00eamios"},"previousItem":{"@type":"ListItem","@id":"https:\/\/anoticiaonline.com.br\/site#listItem","name":"Home"}},{"@type":"ListItem","@id":"https:\/\/anoticiaonline.com.br\/site\/lar-ozanam-promove-1o-festival-de-premios\/#listItem","position":3,"name":"Lar Ozanam promove 1\u00ba Festival de Pr\u00eamios","previousItem":{"@type":"ListItem","@id":"https:\/\/anoticiaonline.com.br\/site\/categoria\/eventos\/#listItem","name":"Eventos"}}]},{"@type":"Organization","@id":"https:\/\/anoticiaonline.com.br\/site\/#organization","name":"A Not\u00edcia Online","description":"Noticias de Muria\u00e9 e regi\u00e3o","url":"https:\/\/anoticiaonline.com.br\/site\/","logo":{"@type":"ImageObject","url":"https:\/\/scontent-gig4-1.xx.fbcdn.net\/v\/t39.30808-1\/270437624_4564083193639691_6907940295614233970_n.jpg?stp=dst-jpg_s200x200_tt6&_nc_cat=111&ccb=1-7&_nc_sid=f907e8&_nc_ohc=SM1wRlP3lJwQ7kNvwEPuBYA&_nc_oc=AdnqrjDN_BNjSSHWO-GbkIWH6fkGMLw4bqvL_NH6e2wMveX7G-rP2dAqsDSq1mJMOaY&_nc_zt=24&_nc_ht=scontent-gig4-1.xx&_nc_gid=AoBFJeGrT1hVaew_6rchkQ&oh=00_AfX7QmFGhQhG2jAllVgXCiM1ZrWgvtp80-Bfppyexh1QEg&oe=689E923C","@id":"https:\/\/anoticiaonline.com.br\/site\/lar-ozanam-promove-1o-festival-de-premios\/#organizationLogo"},"image":{"@id":"https:\/\/anoticiaonline.com.br\/site\/lar-ozanam-promove-1o-festival-de-premios\/#organizationLogo"}},{"@type":"Person","@id":"https:\/\/anoticiaonline.com.br\/site\/author\/leandro\/#author","url":"https:\/\/anoticiaonline.com.br\/site\/author\/leandro\/","name":"Leandro Bebiano","image":{"@type":"ImageObject","@id":"https:\/\/anoticiaonline.com.br\/site\/lar-ozanam-promove-1o-festival-de-premios\/#authorImage","url":"https:\/\/secure.gravatar.com\/avatar\/99966a20c143db97c8590c2013307c7c234a4cca48ed5657cbb47e22a400bd5f?s=96&d=mm&r=g","width":96,"height":96,"caption":"Leandro Bebiano"}},{"@type":"WebPage","@id":"https:\/\/anoticiaonline.com.br\/site\/lar-ozanam-promove-1o-festival-de-premios\/#webpage","url":"https:\/\/anoticiaonline.com.br\/site\/lar-ozanam-promove-1o-festival-de-premios\/","name":"Lar Ozanam promove 1\u00ba Festival de Pr\u00eamios - A Not\u00edcia Online","description":"No pr\u00f3ximo dia 11 de novembro (domingo), acontecer\u00e1 o 1\u00ba Festival de Pr\u00eamios em prol do Lar Ozanam, a partir das 14h, no Parque de Exposi\u00e7\u00f5es Lael Varella. As cartelas est\u00e3o sendo vendidas na Pra\u00e7a Jo\u00e3o Pinheiro, na Mec\u00e2nica Vasm\u00e1, na Yamaha Big Motos, na Banca do Obinha (Barra) e na Fiat Valore, por R$50","inLanguage":"pt-BR","isPartOf":{"@id":"https:\/\/anoticiaonline.com.br\/site\/#website"},"breadcrumb":{"@id":"https:\/\/anoticiaonline.com.br\/site\/lar-ozanam-promove-1o-festival-de-premios\/#breadcrumblist"},"author":{"@id":"https:\/\/anoticiaonline.com.br\/site\/author\/leandro\/#author"},"creator":{"@id":"https:\/\/anoticiaonline.com.br\/site\/author\/leandro\/#author"},"image":{"@type":"ImageObject","url":"https:\/\/anoticiaonline.com.br\/site\/wp-content\/uploads\/2018\/11\/ozanam.jpeg","@id":"https:\/\/anoticiaonline.com.br\/site\/lar-ozanam-promove-1o-festival-de-premios\/#mainImage","width":1000,"height":750},"primaryImageOfPage":{"@id":"https:\/\/anoticiaonline.com.br\/site\/lar-ozanam-promove-1o-festival-de-premios\/#mainImage"},"datePublished":"2018-11-06T08:31:09-03:00","dateModified":"2018-11-06T08:31:09-03:00"},{"@type":"WebSite","@id":"https:\/\/anoticiaonline.com.br\/site\/#website","url":"https:\/\/anoticiaonline.com.br\/site\/","name":"A Not\u00edcia Online","description":"Noticias de Muria\u00e9 e regi\u00e3o","inLanguage":"pt-BR","publisher":{"@id":"https:\/\/anoticiaonline.com.br\/site\/#organization"}}]},"og:locale":"pt_BR","og:site_name":"A Not\u00edcia Online - Noticias de Muria\u00e9 e regi\u00e3o","og:type":"article","og:title":"Lar Ozanam promove 1\u00ba Festival de Pr\u00eamios - A Not\u00edcia Online","og:description":"No pr\u00f3ximo dia 11 de novembro (domingo), acontecer\u00e1 o 1\u00ba Festival de Pr\u00eamios em prol do Lar Ozanam, a partir das 14h, no Parque de Exposi\u00e7\u00f5es Lael Varella. As cartelas est\u00e3o sendo vendidas na Pra\u00e7a Jo\u00e3o Pinheiro, na Mec\u00e2nica Vasm\u00e1, na Yamaha Big Motos, na Banca do Obinha (Barra) e na Fiat Valore, por R$50","og:url":"https:\/\/anoticiaonline.com.br\/site\/lar-ozanam-promove-1o-festival-de-premios\/","og:image":"https:\/\/scontent-gig4-1.xx.fbcdn.net\/v\/t39.30808-1\/270437624_4564083193639691_6907940295614233970_n.jpg?stp=dst-jpg_s200x200_tt6&#038;_nc_cat=111&#038;ccb=1-7&#038;_nc_sid=f907e8&#038;_nc_ohc=SM1wRlP3lJwQ7kNvwEPuBYA&#038;_nc_oc=AdnqrjDN_BNjSSHWO-GbkIWH6fkGMLw4bqvL_NH6e2wMveX7G-rP2dAqsDSq1mJMOaY&#038;_nc_zt=24&#038;_nc_ht=scontent-gig4-1.xx&#038;_nc_gid=AoBFJeGrT1hVaew_6rchkQ&#038;oh=00_AfX7QmFGhQhG2jAllVgXCiM1ZrWgvtp80-Bfppyexh1QEg&#038;oe=689E923C","og:image:secure_url":"https:\/\/scontent-gig4-1.xx.fbcdn.net\/v\/t39.30808-1\/270437624_4564083193639691_6907940295614233970_n.jpg?stp=dst-jpg_s200x200_tt6&#038;_nc_cat=111&#038;ccb=1-7&#038;_nc_sid=f907e8&#038;_nc_ohc=SM1wRlP3lJwQ7kNvwEPuBYA&#038;_nc_oc=AdnqrjDN_BNjSSHWO-GbkIWH6fkGMLw4bqvL_NH6e2wMveX7G-rP2dAqsDSq1mJMOaY&#038;_nc_zt=24&#038;_nc_ht=scontent-gig4-1.xx&#038;_nc_gid=AoBFJeGrT1hVaew_6rchkQ&#038;oh=00_AfX7QmFGhQhG2jAllVgXCiM1ZrWgvtp80-Bfppyexh1QEg&#038;oe=689E923C","article:published_time":"2018-11-06T11:31:09+00:00","article:modified_time":"2018-11-06T11:31:09+00:00","twitter:card":"summary_large_image","twitter:title":"Lar Ozanam promove 1\u00ba Festival de Pr\u00eamios - A Not\u00edcia Online","twitter:description":"No pr\u00f3ximo dia 11 de novembro (domingo), acontecer\u00e1 o 1\u00ba Festival de Pr\u00eamios em prol do Lar Ozanam, a partir das 14h, no Parque de Exposi\u00e7\u00f5es Lael Varella. As cartelas est\u00e3o sendo vendidas na Pra\u00e7a Jo\u00e3o Pinheiro, na Mec\u00e2nica Vasm\u00e1, na Yamaha Big Motos, na Banca do Obinha (Barra) e na Fiat Valore, por R$50","twitter:image":"https:\/\/scontent-gig4-1.xx.fbcdn.net\/v\/t39.30808-1\/270437624_4564083193639691_6907940295614233970_n.jpg?stp=dst-jpg_s200x200_tt6&_nc_cat=111&ccb=1-7&_nc_sid=f907e8&_nc_ohc=SM1wRlP3lJwQ7kNvwEPuBYA&_nc_oc=AdnqrjDN_BNjSSHWO-GbkIWH6fkGMLw4bqvL_NH6e2wMveX7G-rP2dAqsDSq1mJMOaY&_nc_zt=24&_nc_ht=scontent-gig4-1.xx&_nc_gid=AoBFJeGrT1hVaew_6rchkQ&oh=00_AfX7QmFGhQhG2jAllVgXCiM1ZrWgvtp80-Bfppyexh1QEg&oe=689E923C"},"aioseo_meta_data":{"post_id":"64127","title":null,"description":null,"keywords":null,"keyphrases":null,"primary_term":null,"canonical_url":null,"og_title":null,"og_description":null,"og_object_type":"default","og_image_type":"default","og_image_url":null,"og_image_width":null,"og_image_height":null,"og_image_custom_url":null,"og_image_custom_fields":null,"og_video":null,"og_custom_url":null,"og_article_section":null,"og_article_tags":null,"twitter_use_og":false,"twitter_card":"default","twitter_image_type":"default","twitter_image_url":null,"twitter_image_custom_url":null,"twitter_image_custom_fields":null,"twitter_title":null,"twitter_description":null,"schema":{"blockGraphs":[],"customGraphs":[],"default":{"data":{"Article":[],"Course":[],"Dataset":[],"FAQPage":[],"Movie":[],"Person":[],"Product":[],"ProductReview":[],"Car":[],"Recipe":[],"Service":[],"SoftwareApplication":[],"WebPage":[]},"graphName":"","isEnabled":true},"graphs":[]},"schema_type":"default","schema_type_options":null,"pillar_content":false,"robots_default":true,"robots_noindex":false,"robots_noarchive":false,"robots_nosnippet":false,"robots_nofollow":false,"robots_noimageindex":false,"robots_noodp":false,"robots_notranslate":false,"robots_max_snippet":null,"robots_max_videopreview":null,"robots_max_imagepreview":"large","priority":null,"frequency":null,"local_seo":null,"breadcrumb_settings":null,"limit_modified_date":false,"ai":null,"created":"2025-08-16 22:02:35","updated":"2025-08-16 22:02:35","focus_keyword":null,"additional_keywords":null,"truseo_locale":null,"seo_analyzer_scan_date":null},"aioseo_breadcrumb":"<div class=\"aioseo-breadcrumbs\"><span class=\"aioseo-breadcrumb\">\n\t\t\t<a href=\"https:\/\/anoticiaonline.com.br\/site\" title=\"Home\">Home<\/a>\n\t\t<\/span><span class=\"aioseo-breadcrumb-separator\">&raquo;<\/span><span class=\"aioseo-breadcrumb\">\n\t\t\t<a href=\"https:\/\/anoticiaonline.com.br\/site\/categoria\/eventos\/\" title=\"Eventos\">Eventos<\/a>\n\t\t<\/span><span class=\"aioseo-breadcrumb-separator\">&raquo;<\/span><span class=\"aioseo-breadcrumb\">\n\t\t\tLar Ozanam promove 1\u00ba Festival de Pr\u00eamios\n\t\t<\/span><\/div>","aioseo_breadcrumb_json":[{"label":"Home","link":"https:\/\/anoticiaonline.com.br\/site"},{"label":"Eventos","link":"https:\/\/anoticiaonline.com.br\/site\/categoria\/eventos\/"},{"label":"Lar Ozanam promove 1\u00ba Festival de Pr\u00eamios","link":"https:\/\/anoticiaonline.com.br\/site\/lar-ozanam-promove-1o-festival-de-premios\/"}],"views":145,"_links":{"self":[{"href":"https:\/\/anoticiaonline.com.br\/site\/wp-json\/wp\/v2\/posts\/64127","targetHints":{"allow":["GET"]}}],"collection":[{"href":"https:\/\/anoticiaonline.com.br\/site\/wp-json\/wp\/v2\/posts"}],"about":[{"href":"https:\/\/anoticiaonline.com.br\/site\/wp-json\/wp\/v2\/types\/post"}],"author":[{"embeddable":true,"href":"https:\/\/anoticiaonline.com.br\/site\/wp-json\/wp\/v2\/users\/7"}],"replies":[{"embeddable":true,"href":"https:\/\/anoticiaonline.com.br\/site\/wp-json\/wp\/v2\/comments?post=64127"}],"version-history":[{"count":0,"href":"https:\/\/anoticiaonline.com.br\/site\/wp-json\/wp\/v2\/posts\/64127\/revisions"}],"wp:featuredmedia":[{"embeddable":true,"href":"https:\/\/anoticiaonline.com.br\/site\/wp-json\/wp\/v2\/media\/64128"}],"wp:attachment":[{"href":"https:\/\/anoticiaonline.com.br\/site\/wp-json\/wp\/v2\/media?parent=64127"}],"wp:term":[{"taxonomy":"category","embeddable":true,"href":"https:\/\/anoticiaonline.com.br\/site\/wp-json\/wp\/v2\/categories?post=64127"},{"taxonomy":"post_tag","embeddable":true,"href":"https:\/\/anoticiaonline.com.br\/site\/wp-json\/wp\/v2\/tags?post=64127"}],"curies":[{"name":"wp","href":"https:\/\/api.w.org\/{rel}","templated":true}]}}