{"id":64089,"date":"2018-11-01T15:35:10","date_gmt":"2018-11-01T18:35:10","guid":{"rendered":"http:\/\/anoticiaonline.com.br\/site\/?p=64089"},"modified":"2018-11-01T15:35:10","modified_gmt":"2018-11-01T18:35:10","slug":"fabismar-comemora-37-anos-de-historia","status":"publish","type":"post","link":"https:\/\/anoticiaonline.com.br\/site\/fabismar-comemora-37-anos-de-historia\/","title":{"rendered":"Fabismar comemora 37 anos de hist\u00f3ria"},"content":{"rendered":"<p><a href=\"https:\/\/anoticiaonline.com.br\/site\/wp-content\/uploads\/2018\/11\/WhatsApp-Image-2018-10-30-at-16.16.00.jpeg\"><img fetchpriority=\"high\" decoding=\"async\" class=\"aligncenter size-full wp-image-64090\" src=\"https:\/\/anoticiaonline.com.br\/site\/wp-content\/uploads\/2018\/11\/WhatsApp-Image-2018-10-30-at-16.16.00.jpeg\" alt=\"\" width=\"1000\" height=\"562\" srcset=\"https:\/\/anoticiaonline.com.br\/site\/wp-content\/uploads\/2018\/11\/WhatsApp-Image-2018-10-30-at-16.16.00.jpeg 1000w, https:\/\/anoticiaonline.com.br\/site\/wp-content\/uploads\/2018\/11\/WhatsApp-Image-2018-10-30-at-16.16.00-300x169.jpeg 300w, https:\/\/anoticiaonline.com.br\/site\/wp-content\/uploads\/2018\/11\/WhatsApp-Image-2018-10-30-at-16.16.00-768x432.jpeg 768w\" sizes=\"(max-width: 1000px) 100vw, 1000px\" \/><\/a>A Fabismar, refer\u00eancia em oficina mec\u00e2nica na cidade, comemorou, durante um belo caf\u00e9 da manh\u00e3, o seu anivers\u00e1rio de 37 anos, no s\u00e1bado (27), ao lado de amigos, clientes e colaboradores.<\/p>\n<p>De propriedade de Jos\u00e9 Pedro Rodrigues Dias, F\u00e1bio Rodrigues Fintelman e Fernando Dias Rodrigues, a Fabismar, localizada na Barra, presta diversos servi\u00e7os automobil\u00edsticos, tendo seu trabalho reconhecido em Muria\u00e9 e regi\u00e3o.<\/p>\n<p>\u201cTenho muito que agradecer a Deus, minha fam\u00edlia, meus clientes, parceiros e colaboradores pelos meus 47 anos de profiss\u00e3o e 37 de Fabismar. Toda a nossa equipe tem vencido desafios e conquistado espa\u00e7o no mercado. Espero que todos n\u00f3s da Fabismar possamos crescer juntos como uma fam\u00edlia, buscando sempre atingir resultados ainda maiores\u201d, conta Jos\u00e9 Pedro.<\/p>\n<p><a href=\"https:\/\/anoticiaonline.com.br\/site\/wp-content\/uploads\/2018\/11\/DSC_0126.jpg\"><img decoding=\"async\" class=\"aligncenter size-full wp-image-64091\" src=\"https:\/\/anoticiaonline.com.br\/site\/wp-content\/uploads\/2018\/11\/DSC_0126.jpg\" alt=\"\" width=\"1000\" height=\"668\" srcset=\"https:\/\/anoticiaonline.com.br\/site\/wp-content\/uploads\/2018\/11\/DSC_0126.jpg 1000w, https:\/\/anoticiaonline.com.br\/site\/wp-content\/uploads\/2018\/11\/DSC_0126-300x200.jpg 300w, https:\/\/anoticiaonline.com.br\/site\/wp-content\/uploads\/2018\/11\/DSC_0126-768x513.jpg 768w\" sizes=\"(max-width: 1000px) 100vw, 1000px\" \/><\/a>F\u00e1bio Rodrigues, filho de Jos\u00e9 Pedro, grande inspira\u00e7\u00e3o para o nome da loja, juntamente com o nome de sua m\u00e3e, Lucimar, disse que o momento \u00e9 de gratid\u00e3o. \u201cAproveito a oportunidade para agradecer aos clientes, que acreditam em nosso trabalho. Nosso objetivo \u00e9, a cada dia, inovar e prestar um servi\u00e7o de qualidade. Por isso, gostaria de agradecer tamb\u00e9m aos nossos colaboradores, por estarem sempre conosco, atendendo a todos da melhor maneira poss\u00edvel\u201d.<\/p>\n<p>Fernando Dias Rodrigues, irm\u00e3o e s\u00f3cio de Jos\u00e9 Pedro, disse que a Fabismar come\u00e7ou com uma equipe de apenas quatro pessoas. \u201cGra\u00e7as a Deus, no decorrer destes 37 anos, a fam\u00edlia Fabismar foi s\u00f3 aumentando. Muitos funcion\u00e1rios, que fizeram parte da nossa hist\u00f3ria, cresceram profissionalmente e abriram o pr\u00f3prio neg\u00f3cio, o que nos deixa extremamente orgulhosos. Al\u00e9m dos antigos e atuais colaboradores da Fabismar, aproveito para agradecer, tamb\u00e9m, aos nossos clientes pela prefer\u00eancia\u201d.<\/p>\n<p>Ailton do Esp\u00edrito Santo, colaborador mais antigo, disse que se sente orgulhoso por fazer parte da Fabismar. \u201cNo in\u00edcio, foi um grande desafio, mas hoje vejo que alcan\u00e7amos muito sucesso gra\u00e7as aos nossos clientes e amigos. Sei que fa\u00e7o parte da fam\u00edlia e isso me deixa muito feliz\u201d.<\/p>\n<p>Gustavo Felipe Dias Silva, h\u00e1 apenas quatro meses trabalhando na Fabismar, conta que foi muito bem acolhido. \u201cAl\u00e9m de trabalhar, tenho aprendido bastante com os profissionais. Agrade\u00e7o muito a equipe da Fabismar pela oportunidade e por ter confiado em mim\u201d.<\/p>\n<p>No dia da comemora\u00e7\u00e3o, tamb\u00e9m aconteceu o sorteio de uma bicicleta. O ganhador foi Mario Ney da Silva.<\/p>\n<div id='gallery-1' class='gallery galleryid-64089 gallery-columns-1 gallery-size-full'><figure class='gallery-item'>\n\t\t\t<div class='gallery-icon landscape'>\n\t\t\t\t<a href='https:\/\/anoticiaonline.com.br\/site\/wp-content\/uploads\/2018\/11\/WhatsApp-Image-2018-10-30-at-16.15.35-1.jpeg'><img decoding=\"async\" width=\"1000\" height=\"562\" src=\"https:\/\/anoticiaonline.com.br\/site\/wp-content\/uploads\/2018\/11\/WhatsApp-Image-2018-10-30-at-16.15.35-1.jpeg\" class=\"attachment-full size-full\" alt=\"\" srcset=\"https:\/\/anoticiaonline.com.br\/site\/wp-content\/uploads\/2018\/11\/WhatsApp-Image-2018-10-30-at-16.15.35-1.jpeg 1000w, https:\/\/anoticiaonline.com.br\/site\/wp-content\/uploads\/2018\/11\/WhatsApp-Image-2018-10-30-at-16.15.35-1-300x169.jpeg 300w, https:\/\/anoticiaonline.com.br\/site\/wp-content\/uploads\/2018\/11\/WhatsApp-Image-2018-10-30-at-16.15.35-1-768x432.jpeg 768w\" sizes=\"(max-width: 1000px) 100vw, 1000px\" \/><\/a>\n\t\t\t<\/div><\/figure><figure class='gallery-item'>\n\t\t\t<div class='gallery-icon portrait'>\n\t\t\t\t<a href='https:\/\/anoticiaonline.com.br\/site\/wp-content\/uploads\/2018\/11\/d6eb0bf9-dc0d-465d-886c-c97d8dfce706.jpg'><img loading=\"lazy\" decoding=\"async\" width=\"600\" height=\"800\" src=\"https:\/\/anoticiaonline.com.br\/site\/wp-content\/uploads\/2018\/11\/d6eb0bf9-dc0d-465d-886c-c97d8dfce706.jpg\" class=\"attachment-full size-full\" alt=\"\" srcset=\"https:\/\/anoticiaonline.com.br\/site\/wp-content\/uploads\/2018\/11\/d6eb0bf9-dc0d-465d-886c-c97d8dfce706.jpg 600w, https:\/\/anoticiaonline.com.br\/site\/wp-content\/uploads\/2018\/11\/d6eb0bf9-dc0d-465d-886c-c97d8dfce706-225x300.jpg 225w\" sizes=\"(max-width: 600px) 100vw, 600px\" \/><\/a>\n\t\t\t<\/div><\/figure><figure class='gallery-item'>\n\t\t\t<div class='gallery-icon landscape'>\n\t\t\t\t<a href='https:\/\/anoticiaonline.com.br\/site\/wp-content\/uploads\/2018\/11\/DSC_0115.jpg'><img loading=\"lazy\" decoding=\"async\" width=\"1000\" height=\"668\" src=\"https:\/\/anoticiaonline.com.br\/site\/wp-content\/uploads\/2018\/11\/DSC_0115.jpg\" class=\"attachment-full size-full\" alt=\"\" srcset=\"https:\/\/anoticiaonline.com.br\/site\/wp-content\/uploads\/2018\/11\/DSC_0115.jpg 1000w, https:\/\/anoticiaonline.com.br\/site\/wp-content\/uploads\/2018\/11\/DSC_0115-300x200.jpg 300w, https:\/\/anoticiaonline.com.br\/site\/wp-content\/uploads\/2018\/11\/DSC_0115-768x513.jpg 768w\" sizes=\"(max-width: 1000px) 100vw, 1000px\" \/><\/a>\n\t\t\t<\/div><\/figure><figure class='gallery-item'>\n\t\t\t<div class='gallery-icon landscape'>\n\t\t\t\t<a href='https:\/\/anoticiaonline.com.br\/site\/wp-content\/uploads\/2018\/11\/DSC_0124.jpg'><img loading=\"lazy\" decoding=\"async\" width=\"1000\" height=\"668\" src=\"https:\/\/anoticiaonline.com.br\/site\/wp-content\/uploads\/2018\/11\/DSC_0124.jpg\" class=\"attachment-full size-full\" alt=\"\" srcset=\"https:\/\/anoticiaonline.com.br\/site\/wp-content\/uploads\/2018\/11\/DSC_0124.jpg 1000w, https:\/\/anoticiaonline.com.br\/site\/wp-content\/uploads\/2018\/11\/DSC_0124-300x200.jpg 300w, https:\/\/anoticiaonline.com.br\/site\/wp-content\/uploads\/2018\/11\/DSC_0124-768x513.jpg 768w\" sizes=\"(max-width: 1000px) 100vw, 1000px\" \/><\/a>\n\t\t\t<\/div><\/figure><figure class='gallery-item'>\n\t\t\t<div class='gallery-icon landscape'>\n\t\t\t\t<a href='https:\/\/anoticiaonline.com.br\/site\/wp-content\/uploads\/2018\/11\/DSC_0137.jpg'><img loading=\"lazy\" decoding=\"async\" width=\"1000\" height=\"668\" src=\"https:\/\/anoticiaonline.com.br\/site\/wp-content\/uploads\/2018\/11\/DSC_0137.jpg\" class=\"attachment-full size-full\" alt=\"\" srcset=\"https:\/\/anoticiaonline.com.br\/site\/wp-content\/uploads\/2018\/11\/DSC_0137.jpg 1000w, https:\/\/anoticiaonline.com.br\/site\/wp-content\/uploads\/2018\/11\/DSC_0137-300x200.jpg 300w, https:\/\/anoticiaonline.com.br\/site\/wp-content\/uploads\/2018\/11\/DSC_0137-768x513.jpg 768w\" sizes=\"(max-width: 1000px) 100vw, 1000px\" \/><\/a>\n\t\t\t<\/div><\/figure><figure class='gallery-item'>\n\t\t\t<div class='gallery-icon landscape'>\n\t\t\t\t<a href='https:\/\/anoticiaonline.com.br\/site\/wp-content\/uploads\/2018\/11\/DSC_0138.jpg'><img loading=\"lazy\" decoding=\"async\" width=\"1000\" height=\"668\" src=\"https:\/\/anoticiaonline.com.br\/site\/wp-content\/uploads\/2018\/11\/DSC_0138.jpg\" class=\"attachment-full size-full\" alt=\"\" srcset=\"https:\/\/anoticiaonline.com.br\/site\/wp-content\/uploads\/2018\/11\/DSC_0138.jpg 1000w, https:\/\/anoticiaonline.com.br\/site\/wp-content\/uploads\/2018\/11\/DSC_0138-300x200.jpg 300w, https:\/\/anoticiaonline.com.br\/site\/wp-content\/uploads\/2018\/11\/DSC_0138-768x513.jpg 768w\" sizes=\"(max-width: 1000px) 100vw, 1000px\" \/><\/a>\n\t\t\t<\/div><\/figure><figure class='gallery-item'>\n\t\t\t<div class='gallery-icon landscape'>\n\t\t\t\t<a href='https:\/\/anoticiaonline.com.br\/site\/wp-content\/uploads\/2018\/11\/WhatsApp-Image-2018-10-30-at-16.15.48.jpeg'><img loading=\"lazy\" decoding=\"async\" width=\"1000\" height=\"774\" src=\"https:\/\/anoticiaonline.com.br\/site\/wp-content\/uploads\/2018\/11\/WhatsApp-Image-2018-10-30-at-16.15.48.jpeg\" class=\"attachment-full size-full\" alt=\"\" srcset=\"https:\/\/anoticiaonline.com.br\/site\/wp-content\/uploads\/2018\/11\/WhatsApp-Image-2018-10-30-at-16.15.48.jpeg 1000w, https:\/\/anoticiaonline.com.br\/site\/wp-content\/uploads\/2018\/11\/WhatsApp-Image-2018-10-30-at-16.15.48-300x232.jpeg 300w, https:\/\/anoticiaonline.com.br\/site\/wp-content\/uploads\/2018\/11\/WhatsApp-Image-2018-10-30-at-16.15.48-768x594.jpeg 768w, https:\/\/anoticiaonline.com.br\/site\/wp-content\/uploads\/2018\/11\/WhatsApp-Image-2018-10-30-at-16.15.48-105x80.jpeg 105w\" sizes=\"(max-width: 1000px) 100vw, 1000px\" \/><\/a>\n\t\t\t<\/div><\/figure><figure class='gallery-item'>\n\t\t\t<div class='gallery-icon landscape'>\n\t\t\t\t<a href='https:\/\/anoticiaonline.com.br\/site\/wp-content\/uploads\/2018\/11\/WhatsApp-Image-2018-10-30-at-16.16.03-1.jpeg'><img loading=\"lazy\" decoding=\"async\" width=\"1000\" height=\"750\" src=\"https:\/\/anoticiaonline.com.br\/site\/wp-content\/uploads\/2018\/11\/WhatsApp-Image-2018-10-30-at-16.16.03-1.jpeg\" class=\"attachment-full size-full\" alt=\"\" srcset=\"https:\/\/anoticiaonline.com.br\/site\/wp-content\/uploads\/2018\/11\/WhatsApp-Image-2018-10-30-at-16.16.03-1.jpeg 1000w, https:\/\/anoticiaonline.com.br\/site\/wp-content\/uploads\/2018\/11\/WhatsApp-Image-2018-10-30-at-16.16.03-1-300x225.jpeg 300w, https:\/\/anoticiaonline.com.br\/site\/wp-content\/uploads\/2018\/11\/WhatsApp-Image-2018-10-30-at-16.16.03-1-768x576.jpeg 768w, https:\/\/anoticiaonline.com.br\/site\/wp-content\/uploads\/2018\/11\/WhatsApp-Image-2018-10-30-at-16.16.03-1-105x80.jpeg 105w\" sizes=\"(max-width: 1000px) 100vw, 1000px\" \/><\/a>\n\t\t\t<\/div><\/figure><figure class='gallery-item'>\n\t\t\t<div class='gallery-icon portrait'>\n\t\t\t\t<a href='https:\/\/anoticiaonline.com.br\/site\/wp-content\/uploads\/2018\/11\/WhatsApp-Image-2018-10-30-at-16.16.03.jpeg'><img loading=\"lazy\" decoding=\"async\" width=\"677\" height=\"800\" src=\"https:\/\/anoticiaonline.com.br\/site\/wp-content\/uploads\/2018\/11\/WhatsApp-Image-2018-10-30-at-16.16.03.jpeg\" class=\"attachment-full size-full\" alt=\"\" srcset=\"https:\/\/anoticiaonline.com.br\/site\/wp-content\/uploads\/2018\/11\/WhatsApp-Image-2018-10-30-at-16.16.03.jpeg 677w, https:\/\/anoticiaonline.com.br\/site\/wp-content\/uploads\/2018\/11\/WhatsApp-Image-2018-10-30-at-16.16.03-254x300.jpeg 254w\" sizes=\"(max-width: 677px) 100vw, 677px\" \/><\/a>\n\t\t\t<\/div><\/figure><figure class='gallery-item'>\n\t\t\t<div class='gallery-icon landscape'>\n\t\t\t\t<a href='https:\/\/anoticiaonline.com.br\/site\/wp-content\/uploads\/2018\/11\/WhatsApp-Image-2018-10-30-at-16.16.04-1.jpeg'><img loading=\"lazy\" decoding=\"async\" width=\"915\" height=\"800\" src=\"https:\/\/anoticiaonline.com.br\/site\/wp-content\/uploads\/2018\/11\/WhatsApp-Image-2018-10-30-at-16.16.04-1.jpeg\" class=\"attachment-full size-full\" alt=\"\" srcset=\"https:\/\/anoticiaonline.com.br\/site\/wp-content\/uploads\/2018\/11\/WhatsApp-Image-2018-10-30-at-16.16.04-1.jpeg 915w, https:\/\/anoticiaonline.com.br\/site\/wp-content\/uploads\/2018\/11\/WhatsApp-Image-2018-10-30-at-16.16.04-1-300x262.jpeg 300w, https:\/\/anoticiaonline.com.br\/site\/wp-content\/uploads\/2018\/11\/WhatsApp-Image-2018-10-30-at-16.16.04-1-768x671.jpeg 768w\" sizes=\"(max-width: 915px) 100vw, 915px\" \/><\/a>\n\t\t\t<\/div><\/figure><figure class='gallery-item'>\n\t\t\t<div class='gallery-icon portrait'>\n\t\t\t\t<a href='https:\/\/anoticiaonline.com.br\/site\/wp-content\/uploads\/2018\/11\/WhatsApp-Image-2018-10-30-at-16.16.04.jpeg'><img loading=\"lazy\" decoding=\"async\" width=\"600\" height=\"800\" src=\"https:\/\/anoticiaonline.com.br\/site\/wp-content\/uploads\/2018\/11\/WhatsApp-Image-2018-10-30-at-16.16.04.jpeg\" class=\"attachment-full size-full\" alt=\"\" srcset=\"https:\/\/anoticiaonline.com.br\/site\/wp-content\/uploads\/2018\/11\/WhatsApp-Image-2018-10-30-at-16.16.04.jpeg 600w, https:\/\/anoticiaonline.com.br\/site\/wp-content\/uploads\/2018\/11\/WhatsApp-Image-2018-10-30-at-16.16.04-225x300.jpeg 225w\" sizes=\"(max-width: 600px) 100vw, 600px\" \/><\/a>\n\t\t\t<\/div><\/figure>\n\t\t<\/div>\n\n","protected":false},"excerpt":{"rendered":"<p>A Fabismar, refer\u00eancia em oficina mec\u00e2nica na cidade, comemorou, durante um belo caf\u00e9 da manh\u00e3, o seu anivers\u00e1rio de 37 anos, no s\u00e1bado (27), ao lado de amigos, clientes e colaboradores. De propriedade de Jos\u00e9 Pedro Rodrigues Dias, F\u00e1bio Rodrigues Fintelman e Fernando Dias Rodrigues, a Fabismar, localizada na Barra, presta diversos servi\u00e7os automobil\u00edsticos, tendo &#8230; <a title=\"Fabismar comemora 37 anos de hist\u00f3ria\" class=\"read-more\" href=\"https:\/\/anoticiaonline.com.br\/site\/fabismar-comemora-37-anos-de-historia\/\" aria-label=\"Read more about Fabismar comemora 37 anos de hist\u00f3ria\">Ler mais<\/a><\/p>\n","protected":false},"author":7,"featured_media":64090,"comment_status":"open","ping_status":"open","sticky":false,"template":"","format":"standard","meta":{"_acf_changed":false,"_monsterinsights_skip_tracking":false,"footnotes":""},"categories":[30,24],"tags":[],"class_list":["post-64089","post","type-post","status-publish","format-standard","has-post-thumbnail","hentry","category-muriae","category-eventos"],"acf":[],"aioseo_notices":[],"aioseo_head":"\n\t\t<!-- All in One SEO 5.0.0.1 - aioseo.com -->\n\t<meta name=\"description\" content=\"A Fabismar, refer\u00eancia em oficina mec\u00e2nica na cidade, comemorou, durante um belo caf\u00e9 da manh\u00e3, o seu anivers\u00e1rio de 37 anos, no s\u00e1bado (27), ao lado de amigos, clientes e colaboradores. De propriedade de Jos\u00e9 Pedro Rodrigues Dias, F\u00e1bio Rodrigues Fintelman e Fernando Dias Rodrigues, a Fabismar, localizada na Barra, presta diversos servi\u00e7os automobil\u00edsticos, tendo\" \/>\n\t<meta name=\"robots\" content=\"max-image-preview:large\" \/>\n\t<meta name=\"author\" content=\"Leandro Bebiano\"\/>\n\t<link rel=\"canonical\" href=\"https:\/\/anoticiaonline.com.br\/site\/fabismar-comemora-37-anos-de-historia\/\" \/>\n\t<meta name=\"generator\" content=\"All in One SEO (AIOSEO) 5.0.0.1\" \/>\n\t\t<meta property=\"og:locale\" content=\"pt_BR\" \/>\n\t\t<meta property=\"og:site_name\" content=\"A Not\u00edcia Online - Noticias de Muria\u00e9 e regi\u00e3o\" \/>\n\t\t<meta property=\"og:type\" content=\"article\" \/>\n\t\t<meta property=\"og:title\" content=\"Fabismar comemora 37 anos de hist\u00f3ria - A Not\u00edcia Online\" \/>\n\t\t<meta property=\"og:description\" content=\"A Fabismar, refer\u00eancia em oficina mec\u00e2nica na cidade, comemorou, durante um belo caf\u00e9 da manh\u00e3, o seu anivers\u00e1rio de 37 anos, no s\u00e1bado (27), ao lado de amigos, clientes e colaboradores. De propriedade de Jos\u00e9 Pedro Rodrigues Dias, F\u00e1bio Rodrigues Fintelman e Fernando Dias Rodrigues, a Fabismar, localizada na Barra, presta diversos servi\u00e7os automobil\u00edsticos, tendo\" \/>\n\t\t<meta property=\"og:url\" content=\"https:\/\/anoticiaonline.com.br\/site\/fabismar-comemora-37-anos-de-historia\/\" \/>\n\t\t<meta property=\"og:image\" content=\"https:\/\/scontent-gig4-1.xx.fbcdn.net\/v\/t39.30808-1\/270437624_4564083193639691_6907940295614233970_n.jpg?stp=dst-jpg_s200x200_tt6&#038;_nc_cat=111&#038;ccb=1-7&#038;_nc_sid=f907e8&#038;_nc_ohc=SM1wRlP3lJwQ7kNvwEPuBYA&#038;_nc_oc=AdnqrjDN_BNjSSHWO-GbkIWH6fkGMLw4bqvL_NH6e2wMveX7G-rP2dAqsDSq1mJMOaY&#038;_nc_zt=24&#038;_nc_ht=scontent-gig4-1.xx&#038;_nc_gid=AoBFJeGrT1hVaew_6rchkQ&#038;oh=00_AfX7QmFGhQhG2jAllVgXCiM1ZrWgvtp80-Bfppyexh1QEg&#038;oe=689E923C\" \/>\n\t\t<meta property=\"og:image:secure_url\" content=\"https:\/\/scontent-gig4-1.xx.fbcdn.net\/v\/t39.30808-1\/270437624_4564083193639691_6907940295614233970_n.jpg?stp=dst-jpg_s200x200_tt6&#038;_nc_cat=111&#038;ccb=1-7&#038;_nc_sid=f907e8&#038;_nc_ohc=SM1wRlP3lJwQ7kNvwEPuBYA&#038;_nc_oc=AdnqrjDN_BNjSSHWO-GbkIWH6fkGMLw4bqvL_NH6e2wMveX7G-rP2dAqsDSq1mJMOaY&#038;_nc_zt=24&#038;_nc_ht=scontent-gig4-1.xx&#038;_nc_gid=AoBFJeGrT1hVaew_6rchkQ&#038;oh=00_AfX7QmFGhQhG2jAllVgXCiM1ZrWgvtp80-Bfppyexh1QEg&#038;oe=689E923C\" \/>\n\t\t<meta property=\"article:published_time\" content=\"2018-11-01T18:35:10+00:00\" \/>\n\t\t<meta property=\"article:modified_time\" content=\"2018-11-01T18:35:10+00:00\" \/>\n\t\t<meta name=\"twitter:card\" content=\"summary_large_image\" \/>\n\t\t<meta name=\"twitter:title\" content=\"Fabismar comemora 37 anos de hist\u00f3ria - A Not\u00edcia Online\" \/>\n\t\t<meta name=\"twitter:description\" content=\"A Fabismar, refer\u00eancia em oficina mec\u00e2nica na cidade, comemorou, durante um belo caf\u00e9 da manh\u00e3, o seu anivers\u00e1rio de 37 anos, no s\u00e1bado (27), ao lado de amigos, clientes e colaboradores. De propriedade de Jos\u00e9 Pedro Rodrigues Dias, F\u00e1bio Rodrigues Fintelman e Fernando Dias Rodrigues, a Fabismar, localizada na Barra, presta diversos servi\u00e7os automobil\u00edsticos, tendo\" \/>\n\t\t<meta name=\"twitter:image\" content=\"https:\/\/scontent-gig4-1.xx.fbcdn.net\/v\/t39.30808-1\/270437624_4564083193639691_6907940295614233970_n.jpg?stp=dst-jpg_s200x200_tt6&amp;_nc_cat=111&amp;ccb=1-7&amp;_nc_sid=f907e8&amp;_nc_ohc=SM1wRlP3lJwQ7kNvwEPuBYA&amp;_nc_oc=AdnqrjDN_BNjSSHWO-GbkIWH6fkGMLw4bqvL_NH6e2wMveX7G-rP2dAqsDSq1mJMOaY&amp;_nc_zt=24&amp;_nc_ht=scontent-gig4-1.xx&amp;_nc_gid=AoBFJeGrT1hVaew_6rchkQ&amp;oh=00_AfX7QmFGhQhG2jAllVgXCiM1ZrWgvtp80-Bfppyexh1QEg&amp;oe=689E923C\" \/>\n\t\t<script type=\"application\/ld+json\" class=\"aioseo-schema\">\n\t\t\t{\"@context\":\"https:\\\/\\\/schema.org\",\"@graph\":[{\"@type\":\"BlogPosting\",\"@id\":\"https:\\\/\\\/anoticiaonline.com.br\\\/site\\\/fabismar-comemora-37-anos-de-historia\\\/#blogposting\",\"name\":\"Fabismar comemora 37 anos de hist\\u00f3ria - A Not\\u00edcia Online\",\"headline\":\"Fabismar comemora 37 anos de hist\\u00f3ria\",\"author\":{\"@id\":\"https:\\\/\\\/anoticiaonline.com.br\\\/site\\\/author\\\/leandro\\\/#author\"},\"publisher\":{\"@id\":\"https:\\\/\\\/anoticiaonline.com.br\\\/site\\\/#organization\"},\"image\":{\"@type\":\"ImageObject\",\"url\":\"https:\\\/\\\/anoticiaonline.com.br\\\/site\\\/wp-content\\\/uploads\\\/2018\\\/11\\\/WhatsApp-Image-2018-10-30-at-16.16.00.jpeg\",\"width\":1000,\"height\":562},\"datePublished\":\"2018-11-01T15:35:10-03:00\",\"dateModified\":\"2018-11-01T15:35:10-03:00\",\"inLanguage\":\"pt-BR\",\"mainEntityOfPage\":{\"@id\":\"https:\\\/\\\/anoticiaonline.com.br\\\/site\\\/fabismar-comemora-37-anos-de-historia\\\/#webpage\"},\"isPartOf\":{\"@id\":\"https:\\\/\\\/anoticiaonline.com.br\\\/site\\\/fabismar-comemora-37-anos-de-historia\\\/#webpage\"},\"articleSection\":\"Blog, Eventos\"},{\"@type\":\"BreadcrumbList\",\"@id\":\"https:\\\/\\\/anoticiaonline.com.br\\\/site\\\/fabismar-comemora-37-anos-de-historia\\\/#breadcrumblist\",\"itemListElement\":[{\"@type\":\"ListItem\",\"@id\":\"https:\\\/\\\/anoticiaonline.com.br\\\/site#listItem\",\"position\":1,\"name\":\"Home\",\"item\":\"https:\\\/\\\/anoticiaonline.com.br\\\/site\",\"nextItem\":{\"@type\":\"ListItem\",\"@id\":\"https:\\\/\\\/anoticiaonline.com.br\\\/site\\\/categoria\\\/eventos\\\/#listItem\",\"name\":\"Eventos\"}},{\"@type\":\"ListItem\",\"@id\":\"https:\\\/\\\/anoticiaonline.com.br\\\/site\\\/categoria\\\/eventos\\\/#listItem\",\"position\":2,\"name\":\"Eventos\",\"item\":\"https:\\\/\\\/anoticiaonline.com.br\\\/site\\\/categoria\\\/eventos\\\/\",\"nextItem\":{\"@type\":\"ListItem\",\"@id\":\"https:\\\/\\\/anoticiaonline.com.br\\\/site\\\/fabismar-comemora-37-anos-de-historia\\\/#listItem\",\"name\":\"Fabismar comemora 37 anos de hist\\u00f3ria\"},\"previousItem\":{\"@type\":\"ListItem\",\"@id\":\"https:\\\/\\\/anoticiaonline.com.br\\\/site#listItem\",\"name\":\"Home\"}},{\"@type\":\"ListItem\",\"@id\":\"https:\\\/\\\/anoticiaonline.com.br\\\/site\\\/fabismar-comemora-37-anos-de-historia\\\/#listItem\",\"position\":3,\"name\":\"Fabismar comemora 37 anos de hist\\u00f3ria\",\"previousItem\":{\"@type\":\"ListItem\",\"@id\":\"https:\\\/\\\/anoticiaonline.com.br\\\/site\\\/categoria\\\/eventos\\\/#listItem\",\"name\":\"Eventos\"}}]},{\"@type\":\"Organization\",\"@id\":\"https:\\\/\\\/anoticiaonline.com.br\\\/site\\\/#organization\",\"name\":\"A Not\\u00edcia Online\",\"description\":\"Noticias de Muria\\u00e9 e regi\\u00e3o\",\"url\":\"https:\\\/\\\/anoticiaonline.com.br\\\/site\\\/\",\"logo\":{\"@type\":\"ImageObject\",\"url\":\"https:\\\/\\\/scontent-gig4-1.xx.fbcdn.net\\\/v\\\/t39.30808-1\\\/270437624_4564083193639691_6907940295614233970_n.jpg?stp=dst-jpg_s200x200_tt6&_nc_cat=111&ccb=1-7&_nc_sid=f907e8&_nc_ohc=SM1wRlP3lJwQ7kNvwEPuBYA&_nc_oc=AdnqrjDN_BNjSSHWO-GbkIWH6fkGMLw4bqvL_NH6e2wMveX7G-rP2dAqsDSq1mJMOaY&_nc_zt=24&_nc_ht=scontent-gig4-1.xx&_nc_gid=AoBFJeGrT1hVaew_6rchkQ&oh=00_AfX7QmFGhQhG2jAllVgXCiM1ZrWgvtp80-Bfppyexh1QEg&oe=689E923C\",\"@id\":\"https:\\\/\\\/anoticiaonline.com.br\\\/site\\\/fabismar-comemora-37-anos-de-historia\\\/#organizationLogo\"},\"image\":{\"@id\":\"https:\\\/\\\/anoticiaonline.com.br\\\/site\\\/fabismar-comemora-37-anos-de-historia\\\/#organizationLogo\"}},{\"@type\":\"Person\",\"@id\":\"https:\\\/\\\/anoticiaonline.com.br\\\/site\\\/author\\\/leandro\\\/#author\",\"url\":\"https:\\\/\\\/anoticiaonline.com.br\\\/site\\\/author\\\/leandro\\\/\",\"name\":\"Leandro Bebiano\",\"image\":{\"@type\":\"ImageObject\",\"@id\":\"https:\\\/\\\/anoticiaonline.com.br\\\/site\\\/fabismar-comemora-37-anos-de-historia\\\/#authorImage\",\"url\":\"https:\\\/\\\/secure.gravatar.com\\\/avatar\\\/99966a20c143db97c8590c2013307c7c234a4cca48ed5657cbb47e22a400bd5f?s=96&d=mm&r=g\",\"width\":96,\"height\":96,\"caption\":\"Leandro Bebiano\"}},{\"@type\":\"WebPage\",\"@id\":\"https:\\\/\\\/anoticiaonline.com.br\\\/site\\\/fabismar-comemora-37-anos-de-historia\\\/#webpage\",\"url\":\"https:\\\/\\\/anoticiaonline.com.br\\\/site\\\/fabismar-comemora-37-anos-de-historia\\\/\",\"name\":\"Fabismar comemora 37 anos de hist\\u00f3ria - A Not\\u00edcia Online\",\"description\":\"A Fabismar, refer\\u00eancia em oficina mec\\u00e2nica na cidade, comemorou, durante um belo caf\\u00e9 da manh\\u00e3, o seu anivers\\u00e1rio de 37 anos, no s\\u00e1bado (27), ao lado de amigos, clientes e colaboradores. De propriedade de Jos\\u00e9 Pedro Rodrigues Dias, F\\u00e1bio Rodrigues Fintelman e Fernando Dias Rodrigues, a Fabismar, localizada na Barra, presta diversos servi\\u00e7os automobil\\u00edsticos, tendo\",\"inLanguage\":\"pt-BR\",\"isPartOf\":{\"@id\":\"https:\\\/\\\/anoticiaonline.com.br\\\/site\\\/#website\"},\"breadcrumb\":{\"@id\":\"https:\\\/\\\/anoticiaonline.com.br\\\/site\\\/fabismar-comemora-37-anos-de-historia\\\/#breadcrumblist\"},\"author\":{\"@id\":\"https:\\\/\\\/anoticiaonline.com.br\\\/site\\\/author\\\/leandro\\\/#author\"},\"creator\":{\"@id\":\"https:\\\/\\\/anoticiaonline.com.br\\\/site\\\/author\\\/leandro\\\/#author\"},\"image\":{\"@type\":\"ImageObject\",\"url\":\"https:\\\/\\\/anoticiaonline.com.br\\\/site\\\/wp-content\\\/uploads\\\/2018\\\/11\\\/WhatsApp-Image-2018-10-30-at-16.16.00.jpeg\",\"@id\":\"https:\\\/\\\/anoticiaonline.com.br\\\/site\\\/fabismar-comemora-37-anos-de-historia\\\/#mainImage\",\"width\":1000,\"height\":562},\"primaryImageOfPage\":{\"@id\":\"https:\\\/\\\/anoticiaonline.com.br\\\/site\\\/fabismar-comemora-37-anos-de-historia\\\/#mainImage\"},\"datePublished\":\"2018-11-01T15:35:10-03:00\",\"dateModified\":\"2018-11-01T15:35:10-03:00\"},{\"@type\":\"WebSite\",\"@id\":\"https:\\\/\\\/anoticiaonline.com.br\\\/site\\\/#website\",\"url\":\"https:\\\/\\\/anoticiaonline.com.br\\\/site\\\/\",\"name\":\"A Not\\u00edcia Online\",\"description\":\"Noticias de Muria\\u00e9 e regi\\u00e3o\",\"inLanguage\":\"pt-BR\",\"publisher\":{\"@id\":\"https:\\\/\\\/anoticiaonline.com.br\\\/site\\\/#organization\"}}]}\n\t\t<\/script>\n\t\t<!-- All in One SEO -->\n\n","aioseo_head_json":{"title":"Fabismar comemora 37 anos de hist\u00f3ria - A Not\u00edcia Online","description":"A Fabismar, refer\u00eancia em oficina mec\u00e2nica na cidade, comemorou, durante um belo caf\u00e9 da manh\u00e3, o seu anivers\u00e1rio de 37 anos, no s\u00e1bado (27), ao lado de amigos, clientes e colaboradores. De propriedade de Jos\u00e9 Pedro Rodrigues Dias, F\u00e1bio Rodrigues Fintelman e Fernando Dias Rodrigues, a Fabismar, localizada na Barra, presta diversos servi\u00e7os automobil\u00edsticos, tendo","canonical_url":"https:\/\/anoticiaonline.com.br\/site\/fabismar-comemora-37-anos-de-historia\/","robots":"max-image-preview:large","keywords":"","webmasterTools":{"miscellaneous":""},"schema":{"@context":"https:\/\/schema.org","@graph":[{"@type":"BlogPosting","@id":"https:\/\/anoticiaonline.com.br\/site\/fabismar-comemora-37-anos-de-historia\/#blogposting","name":"Fabismar comemora 37 anos de hist\u00f3ria - A Not\u00edcia Online","headline":"Fabismar comemora 37 anos de hist\u00f3ria","author":{"@id":"https:\/\/anoticiaonline.com.br\/site\/author\/leandro\/#author"},"publisher":{"@id":"https:\/\/anoticiaonline.com.br\/site\/#organization"},"image":{"@type":"ImageObject","url":"https:\/\/anoticiaonline.com.br\/site\/wp-content\/uploads\/2018\/11\/WhatsApp-Image-2018-10-30-at-16.16.00.jpeg","width":1000,"height":562},"datePublished":"2018-11-01T15:35:10-03:00","dateModified":"2018-11-01T15:35:10-03:00","inLanguage":"pt-BR","mainEntityOfPage":{"@id":"https:\/\/anoticiaonline.com.br\/site\/fabismar-comemora-37-anos-de-historia\/#webpage"},"isPartOf":{"@id":"https:\/\/anoticiaonline.com.br\/site\/fabismar-comemora-37-anos-de-historia\/#webpage"},"articleSection":"Blog, Eventos"},{"@type":"BreadcrumbList","@id":"https:\/\/anoticiaonline.com.br\/site\/fabismar-comemora-37-anos-de-historia\/#breadcrumblist","itemListElement":[{"@type":"ListItem","@id":"https:\/\/anoticiaonline.com.br\/site#listItem","position":1,"name":"Home","item":"https:\/\/anoticiaonline.com.br\/site","nextItem":{"@type":"ListItem","@id":"https:\/\/anoticiaonline.com.br\/site\/categoria\/eventos\/#listItem","name":"Eventos"}},{"@type":"ListItem","@id":"https:\/\/anoticiaonline.com.br\/site\/categoria\/eventos\/#listItem","position":2,"name":"Eventos","item":"https:\/\/anoticiaonline.com.br\/site\/categoria\/eventos\/","nextItem":{"@type":"ListItem","@id":"https:\/\/anoticiaonline.com.br\/site\/fabismar-comemora-37-anos-de-historia\/#listItem","name":"Fabismar comemora 37 anos de hist\u00f3ria"},"previousItem":{"@type":"ListItem","@id":"https:\/\/anoticiaonline.com.br\/site#listItem","name":"Home"}},{"@type":"ListItem","@id":"https:\/\/anoticiaonline.com.br\/site\/fabismar-comemora-37-anos-de-historia\/#listItem","position":3,"name":"Fabismar comemora 37 anos de hist\u00f3ria","previousItem":{"@type":"ListItem","@id":"https:\/\/anoticiaonline.com.br\/site\/categoria\/eventos\/#listItem","name":"Eventos"}}]},{"@type":"Organization","@id":"https:\/\/anoticiaonline.com.br\/site\/#organization","name":"A Not\u00edcia Online","description":"Noticias de Muria\u00e9 e regi\u00e3o","url":"https:\/\/anoticiaonline.com.br\/site\/","logo":{"@type":"ImageObject","url":"https:\/\/scontent-gig4-1.xx.fbcdn.net\/v\/t39.30808-1\/270437624_4564083193639691_6907940295614233970_n.jpg?stp=dst-jpg_s200x200_tt6&_nc_cat=111&ccb=1-7&_nc_sid=f907e8&_nc_ohc=SM1wRlP3lJwQ7kNvwEPuBYA&_nc_oc=AdnqrjDN_BNjSSHWO-GbkIWH6fkGMLw4bqvL_NH6e2wMveX7G-rP2dAqsDSq1mJMOaY&_nc_zt=24&_nc_ht=scontent-gig4-1.xx&_nc_gid=AoBFJeGrT1hVaew_6rchkQ&oh=00_AfX7QmFGhQhG2jAllVgXCiM1ZrWgvtp80-Bfppyexh1QEg&oe=689E923C","@id":"https:\/\/anoticiaonline.com.br\/site\/fabismar-comemora-37-anos-de-historia\/#organizationLogo"},"image":{"@id":"https:\/\/anoticiaonline.com.br\/site\/fabismar-comemora-37-anos-de-historia\/#organizationLogo"}},{"@type":"Person","@id":"https:\/\/anoticiaonline.com.br\/site\/author\/leandro\/#author","url":"https:\/\/anoticiaonline.com.br\/site\/author\/leandro\/","name":"Leandro Bebiano","image":{"@type":"ImageObject","@id":"https:\/\/anoticiaonline.com.br\/site\/fabismar-comemora-37-anos-de-historia\/#authorImage","url":"https:\/\/secure.gravatar.com\/avatar\/99966a20c143db97c8590c2013307c7c234a4cca48ed5657cbb47e22a400bd5f?s=96&d=mm&r=g","width":96,"height":96,"caption":"Leandro Bebiano"}},{"@type":"WebPage","@id":"https:\/\/anoticiaonline.com.br\/site\/fabismar-comemora-37-anos-de-historia\/#webpage","url":"https:\/\/anoticiaonline.com.br\/site\/fabismar-comemora-37-anos-de-historia\/","name":"Fabismar comemora 37 anos de hist\u00f3ria - A Not\u00edcia Online","description":"A Fabismar, refer\u00eancia em oficina mec\u00e2nica na cidade, comemorou, durante um belo caf\u00e9 da manh\u00e3, o seu anivers\u00e1rio de 37 anos, no s\u00e1bado (27), ao lado de amigos, clientes e colaboradores. De propriedade de Jos\u00e9 Pedro Rodrigues Dias, F\u00e1bio Rodrigues Fintelman e Fernando Dias Rodrigues, a Fabismar, localizada na Barra, presta diversos servi\u00e7os automobil\u00edsticos, tendo","inLanguage":"pt-BR","isPartOf":{"@id":"https:\/\/anoticiaonline.com.br\/site\/#website"},"breadcrumb":{"@id":"https:\/\/anoticiaonline.com.br\/site\/fabismar-comemora-37-anos-de-historia\/#breadcrumblist"},"author":{"@id":"https:\/\/anoticiaonline.com.br\/site\/author\/leandro\/#author"},"creator":{"@id":"https:\/\/anoticiaonline.com.br\/site\/author\/leandro\/#author"},"image":{"@type":"ImageObject","url":"https:\/\/anoticiaonline.com.br\/site\/wp-content\/uploads\/2018\/11\/WhatsApp-Image-2018-10-30-at-16.16.00.jpeg","@id":"https:\/\/anoticiaonline.com.br\/site\/fabismar-comemora-37-anos-de-historia\/#mainImage","width":1000,"height":562},"primaryImageOfPage":{"@id":"https:\/\/anoticiaonline.com.br\/site\/fabismar-comemora-37-anos-de-historia\/#mainImage"},"datePublished":"2018-11-01T15:35:10-03:00","dateModified":"2018-11-01T15:35:10-03:00"},{"@type":"WebSite","@id":"https:\/\/anoticiaonline.com.br\/site\/#website","url":"https:\/\/anoticiaonline.com.br\/site\/","name":"A Not\u00edcia Online","description":"Noticias de Muria\u00e9 e regi\u00e3o","inLanguage":"pt-BR","publisher":{"@id":"https:\/\/anoticiaonline.com.br\/site\/#organization"}}]},"og:locale":"pt_BR","og:site_name":"A Not\u00edcia Online - Noticias de Muria\u00e9 e regi\u00e3o","og:type":"article","og:title":"Fabismar comemora 37 anos de hist\u00f3ria - A Not\u00edcia Online","og:description":"A Fabismar, refer\u00eancia em oficina mec\u00e2nica na cidade, comemorou, durante um belo caf\u00e9 da manh\u00e3, o seu anivers\u00e1rio de 37 anos, no s\u00e1bado (27), ao lado de amigos, clientes e colaboradores. De propriedade de Jos\u00e9 Pedro Rodrigues Dias, F\u00e1bio Rodrigues Fintelman e Fernando Dias Rodrigues, a Fabismar, localizada na Barra, presta diversos servi\u00e7os automobil\u00edsticos, tendo","og:url":"https:\/\/anoticiaonline.com.br\/site\/fabismar-comemora-37-anos-de-historia\/","og:image":"https:\/\/scontent-gig4-1.xx.fbcdn.net\/v\/t39.30808-1\/270437624_4564083193639691_6907940295614233970_n.jpg?stp=dst-jpg_s200x200_tt6&#038;_nc_cat=111&#038;ccb=1-7&#038;_nc_sid=f907e8&#038;_nc_ohc=SM1wRlP3lJwQ7kNvwEPuBYA&#038;_nc_oc=AdnqrjDN_BNjSSHWO-GbkIWH6fkGMLw4bqvL_NH6e2wMveX7G-rP2dAqsDSq1mJMOaY&#038;_nc_zt=24&#038;_nc_ht=scontent-gig4-1.xx&#038;_nc_gid=AoBFJeGrT1hVaew_6rchkQ&#038;oh=00_AfX7QmFGhQhG2jAllVgXCiM1ZrWgvtp80-Bfppyexh1QEg&#038;oe=689E923C","og:image:secure_url":"https:\/\/scontent-gig4-1.xx.fbcdn.net\/v\/t39.30808-1\/270437624_4564083193639691_6907940295614233970_n.jpg?stp=dst-jpg_s200x200_tt6&#038;_nc_cat=111&#038;ccb=1-7&#038;_nc_sid=f907e8&#038;_nc_ohc=SM1wRlP3lJwQ7kNvwEPuBYA&#038;_nc_oc=AdnqrjDN_BNjSSHWO-GbkIWH6fkGMLw4bqvL_NH6e2wMveX7G-rP2dAqsDSq1mJMOaY&#038;_nc_zt=24&#038;_nc_ht=scontent-gig4-1.xx&#038;_nc_gid=AoBFJeGrT1hVaew_6rchkQ&#038;oh=00_AfX7QmFGhQhG2jAllVgXCiM1ZrWgvtp80-Bfppyexh1QEg&#038;oe=689E923C","article:published_time":"2018-11-01T18:35:10+00:00","article:modified_time":"2018-11-01T18:35:10+00:00","twitter:card":"summary_large_image","twitter:title":"Fabismar comemora 37 anos de hist\u00f3ria - A Not\u00edcia Online","twitter:description":"A Fabismar, refer\u00eancia em oficina mec\u00e2nica na cidade, comemorou, durante um belo caf\u00e9 da manh\u00e3, o seu anivers\u00e1rio de 37 anos, no s\u00e1bado (27), ao lado de amigos, clientes e colaboradores. De propriedade de Jos\u00e9 Pedro Rodrigues Dias, F\u00e1bio Rodrigues Fintelman e Fernando Dias Rodrigues, a Fabismar, localizada na Barra, presta diversos servi\u00e7os automobil\u00edsticos, tendo","twitter:image":"https:\/\/scontent-gig4-1.xx.fbcdn.net\/v\/t39.30808-1\/270437624_4564083193639691_6907940295614233970_n.jpg?stp=dst-jpg_s200x200_tt6&_nc_cat=111&ccb=1-7&_nc_sid=f907e8&_nc_ohc=SM1wRlP3lJwQ7kNvwEPuBYA&_nc_oc=AdnqrjDN_BNjSSHWO-GbkIWH6fkGMLw4bqvL_NH6e2wMveX7G-rP2dAqsDSq1mJMOaY&_nc_zt=24&_nc_ht=scontent-gig4-1.xx&_nc_gid=AoBFJeGrT1hVaew_6rchkQ&oh=00_AfX7QmFGhQhG2jAllVgXCiM1ZrWgvtp80-Bfppyexh1QEg&oe=689E923C"},"aioseo_meta_data":{"post_id":"64089","title":null,"description":null,"keywords":null,"keyphrases":null,"primary_term":null,"canonical_url":null,"og_title":null,"og_description":null,"og_object_type":"default","og_image_type":"default","og_image_url":null,"og_image_width":null,"og_image_height":null,"og_image_custom_url":null,"og_image_custom_fields":null,"og_video":null,"og_custom_url":null,"og_article_section":null,"og_article_tags":null,"twitter_use_og":false,"twitter_card":"default","twitter_image_type":"default","twitter_image_url":null,"twitter_image_custom_url":null,"twitter_image_custom_fields":null,"twitter_title":null,"twitter_description":null,"schema":{"blockGraphs":[],"customGraphs":[],"default":{"data":{"Article":[],"Course":[],"Dataset":[],"FAQPage":[],"Movie":[],"Person":[],"Product":[],"ProductReview":[],"Car":[],"Recipe":[],"Service":[],"SoftwareApplication":[],"WebPage":[]},"graphName":"","isEnabled":true},"graphs":[]},"schema_type":"default","schema_type_options":null,"pillar_content":false,"robots_default":true,"robots_noindex":false,"robots_noarchive":false,"robots_nosnippet":false,"robots_nofollow":false,"robots_noimageindex":false,"robots_noodp":false,"robots_notranslate":false,"robots_max_snippet":null,"robots_max_videopreview":null,"robots_max_imagepreview":"large","priority":null,"frequency":null,"local_seo":null,"breadcrumb_settings":null,"limit_modified_date":false,"ai":null,"created":"2025-08-16 22:02:35","updated":"2025-08-16 22:02:35","focus_keyword":null,"additional_keywords":null,"truseo_locale":null,"seo_analyzer_scan_date":null},"aioseo_breadcrumb":"<div class=\"aioseo-breadcrumbs\"><span class=\"aioseo-breadcrumb\">\n\t\t\t<a href=\"https:\/\/anoticiaonline.com.br\/site\" title=\"Home\">Home<\/a>\n\t\t<\/span><span class=\"aioseo-breadcrumb-separator\">&raquo;<\/span><span class=\"aioseo-breadcrumb\">\n\t\t\t<a href=\"https:\/\/anoticiaonline.com.br\/site\/categoria\/eventos\/\" title=\"Eventos\">Eventos<\/a>\n\t\t<\/span><span class=\"aioseo-breadcrumb-separator\">&raquo;<\/span><span class=\"aioseo-breadcrumb\">\n\t\t\tFabismar comemora 37 anos de hist\u00f3ria\n\t\t<\/span><\/div>","aioseo_breadcrumb_json":[{"label":"Home","link":"https:\/\/anoticiaonline.com.br\/site"},{"label":"Eventos","link":"https:\/\/anoticiaonline.com.br\/site\/categoria\/eventos\/"},{"label":"Fabismar comemora 37 anos de hist\u00f3ria","link":"https:\/\/anoticiaonline.com.br\/site\/fabismar-comemora-37-anos-de-historia\/"}],"views":157,"_links":{"self":[{"href":"https:\/\/anoticiaonline.com.br\/site\/wp-json\/wp\/v2\/posts\/64089","targetHints":{"allow":["GET"]}}],"collection":[{"href":"https:\/\/anoticiaonline.com.br\/site\/wp-json\/wp\/v2\/posts"}],"about":[{"href":"https:\/\/anoticiaonline.com.br\/site\/wp-json\/wp\/v2\/types\/post"}],"author":[{"embeddable":true,"href":"https:\/\/anoticiaonline.com.br\/site\/wp-json\/wp\/v2\/users\/7"}],"replies":[{"embeddable":true,"href":"https:\/\/anoticiaonline.com.br\/site\/wp-json\/wp\/v2\/comments?post=64089"}],"version-history":[{"count":0,"href":"https:\/\/anoticiaonline.com.br\/site\/wp-json\/wp\/v2\/posts\/64089\/revisions"}],"wp:featuredmedia":[{"embeddable":true,"href":"https:\/\/anoticiaonline.com.br\/site\/wp-json\/wp\/v2\/media\/64090"}],"wp:attachment":[{"href":"https:\/\/anoticiaonline.com.br\/site\/wp-json\/wp\/v2\/media?parent=64089"}],"wp:term":[{"taxonomy":"category","embeddable":true,"href":"https:\/\/anoticiaonline.com.br\/site\/wp-json\/wp\/v2\/categories?post=64089"},{"taxonomy":"post_tag","embeddable":true,"href":"https:\/\/anoticiaonline.com.br\/site\/wp-json\/wp\/v2\/tags?post=64089"}],"curies":[{"name":"wp","href":"https:\/\/api.w.org\/{rel}","templated":true}]}}