{"id":64054,"date":"2018-11-01T15:14:27","date_gmt":"2018-11-01T18:14:27","guid":{"rendered":"http:\/\/anoticiaonline.com.br\/site\/?p=64054"},"modified":"2018-11-01T15:14:27","modified_gmt":"2018-11-01T18:14:27","slug":"fisioterapeutas-e-terapeutas-ocupacionais-se-reunem-para-1o-jantar-de-confraternizacao-da-classe","status":"publish","type":"post","link":"https:\/\/anoticiaonline.com.br\/site\/fisioterapeutas-e-terapeutas-ocupacionais-se-reunem-para-1o-jantar-de-confraternizacao-da-classe\/","title":{"rendered":"Fisioterapeutas e terapeutas ocupacionais se re\u00fanem para 1\u00ba Jantar de Confraterniza\u00e7\u00e3o da Classe"},"content":{"rendered":"<p><a href=\"https:\/\/anoticiaonline.com.br\/site\/wp-content\/uploads\/2018\/11\/Mesa-composta-por-Autoridades.jpg\"><img fetchpriority=\"high\" decoding=\"async\" class=\"aligncenter size-full wp-image-64055\" src=\"https:\/\/anoticiaonline.com.br\/site\/wp-content\/uploads\/2018\/11\/Mesa-composta-por-Autoridades.jpg\" alt=\"\" width=\"1000\" height=\"668\" srcset=\"https:\/\/anoticiaonline.com.br\/site\/wp-content\/uploads\/2018\/11\/Mesa-composta-por-Autoridades.jpg 1000w, https:\/\/anoticiaonline.com.br\/site\/wp-content\/uploads\/2018\/11\/Mesa-composta-por-Autoridades-300x200.jpg 300w, https:\/\/anoticiaonline.com.br\/site\/wp-content\/uploads\/2018\/11\/Mesa-composta-por-Autoridades-768x513.jpg 768w\" sizes=\"(max-width: 1000px) 100vw, 1000px\" \/><\/a>Fisioterapeutas e terapeutas ocupacionais de Muria\u00e9 e regi\u00e3o se reuniram para 1\u00ba Jantar de Confraterniza\u00e7\u00e3o da Classe, na noite de sexta-feira (26), no Hotel Premmium Plaza.<\/p>\n<p>O objetivo do evento foi celebrar o Dia do Fisioterapeuta e do Terapeuta Ocupacional, comemorado, anualmente, em 13 de outubro. O jantar contou com m\u00fasica ao vivo e sorteio de brindes, sendo organizado pela fisioterapeuta, Jaqueline de Freitas Oliveira Ribeiro, delegada do Crefito da 4\u00aa Regi\u00e3o, com o apoio de Nayara Rodrigues de Oliveira Costa Ventura, da empresa de eventos Cerimonialy.<\/p>\n<p>De acordo com Jaqueline, h\u00e1 muitos anos a classe tenta se reunir para uma confraterniza\u00e7\u00e3o do tipo.<\/p>\n<p>\u201cEm uma iniciativa conjunta, formada por alguns grupos de fisioterapeutas e terapeutas ocupacionais, foi organizado o 1\u00ba Jantar de Confraterniza\u00e7\u00e3o da Classe, formada por profissionais de Muria\u00e9 e regi\u00e3o. Al\u00e9m de celebrar o Dia Nacional do Fisioterapeuta e do Terapeuta Ocupacional, o evento tamb\u00e9m teve como objetivo fortalecer categoria atrav\u00e9s da realiza\u00e7\u00e3o de uma Mesa Redonda, composta pelo secret\u00e1rio adjunto de Sa\u00fade, o fisioterapeuta, Wescley Jos\u00e9 de Souza; pelas fisioterapeutas, Clarissana Ara\u00fajo, coordenadora do curso de Fisioterapia do Unifaminas e Pauliana Pereira Veggi de Oliveira, coordenadora do servi\u00e7o de fisioterapia da UTI Neonatal do Hospital S\u00e3o Paulo e Aline Santos de Almeida, gerente regional de Sa\u00fade de Leopoldina. Aproveito a oportunidade para agradecer todos os colegas, que est\u00e3o engajados na causa e que lutam pela valoriza\u00e7\u00e3o dos fisioterapeutas e terapeutas ocupacionais, al\u00e9m dos apoiadores e patrocinadores do evento\u201d.<\/p>\n<p><a href=\"https:\/\/anoticiaonline.com.br\/site\/wp-content\/uploads\/2018\/11\/Fisioterapeutas-e-terapeutas-ocupacionais-se-re\u00fanem-para-1\u00ba-Jantar-de-Confraterniza\u00e7\u00e3o..jpg\"><img decoding=\"async\" class=\"aligncenter size-full wp-image-64056\" src=\"https:\/\/anoticiaonline.com.br\/site\/wp-content\/uploads\/2018\/11\/Fisioterapeutas-e-terapeutas-ocupacionais-se-re\u00fanem-para-1\u00ba-Jantar-de-Confraterniza\u00e7\u00e3o..jpg\" alt=\"\" width=\"1000\" height=\"668\" srcset=\"https:\/\/anoticiaonline.com.br\/site\/wp-content\/uploads\/2018\/11\/Fisioterapeutas-e-terapeutas-ocupacionais-se-re\u00fanem-para-1\u00ba-Jantar-de-Confraterniza\u00e7\u00e3o..jpg 1000w, https:\/\/anoticiaonline.com.br\/site\/wp-content\/uploads\/2018\/11\/Fisioterapeutas-e-terapeutas-ocupacionais-se-re\u00fanem-para-1\u00ba-Jantar-de-Confraterniza\u00e7\u00e3o.-300x200.jpg 300w, https:\/\/anoticiaonline.com.br\/site\/wp-content\/uploads\/2018\/11\/Fisioterapeutas-e-terapeutas-ocupacionais-se-re\u00fanem-para-1\u00ba-Jantar-de-Confraterniza\u00e7\u00e3o.-768x513.jpg 768w\" sizes=\"(max-width: 1000px) 100vw, 1000px\" \/><\/a>Pauliana Pereira Veggi de Oliveira parabenizou a iniciativa de Jaqueline e dos demais profissionais da classe ao organizarem esta confraterniza\u00e7\u00e3o in\u00e9dita na cidade. \u201cEste sem d\u00favida foi um \u2018pontap\u00e9\u2019 para unir, ainda mais, os fisioterapeutas e terapeutas ocupacionais, que buscam a valoriza\u00e7\u00e3o e o fortalecimento da categoria. Espero que outros jantares possam acontecer com um n\u00famero ainda maior de profissionais\u201d.<\/p>\n<p>Pauliana tamb\u00e9m frisou sobre a import\u00e2ncia da Fisioterapia nas \u00e1reas de Neonatalogia e Pediatria. \u201cCom inclus\u00e3o da UTI Neonatal no Hospital S\u00e3o Paulo, h\u00e1 cinco anos, acredito que novos profissionais podem vislumbrar a atua\u00e7\u00e3o neste campo\u201d.<\/p>\n<p>Juliana Archette Vardiero, fisioterapeuta na cl\u00ednica Fisioforma, disse que a ideia de criar o 1\u00ba Jantar de Confraterniza\u00e7\u00e3o da Classe dos Fisioterapeutas e Terapeutas Ocupacionais surgiu durante o Consulfio, Congresso Internacional de Fisioterapia 2018, realizado em setembro, na cidade de Juiz de Fora. \u201cEu e Jaqueline Ribeiro conversamos a respeito e decidimos organizar o evento, reunindo fisioterapeutas e terapeutas ocupacionais de Muria\u00e9 e regi\u00e3o. Acredito que este ser\u00e1 o primeiro de muitos outros jantares que fortalecer\u00e3o a nossa classe. Aproveito a oportunidade para agradecer todos \u00e0queles que colaboraram na realiza\u00e7\u00e3o do 1\u00ba Jantar, em especial \u00e0 Jaqueline Ribeiro, nossa delegada do Crefito da 4\u00aa Regi\u00e3o, pela brilhante iniciativa e pelo sucesso alcan\u00e7ado\u201d.<\/p>\n<div id='gallery-1' class='gallery galleryid-64054 gallery-columns-1 gallery-size-full'><figure class='gallery-item'>\n\t\t\t<div class='gallery-icon landscape'>\n\t\t\t\t<a href='https:\/\/anoticiaonline.com.br\/site\/wp-content\/uploads\/2018\/11\/Aline-Vegi-P\u00e9ricles-Vegi-Carlos-Trota-e-Mila-Trota.jpg'><img decoding=\"async\" width=\"1000\" height=\"668\" src=\"https:\/\/anoticiaonline.com.br\/site\/wp-content\/uploads\/2018\/11\/Aline-Vegi-P\u00e9ricles-Vegi-Carlos-Trota-e-Mila-Trota.jpg\" class=\"attachment-full size-full\" alt=\"\" srcset=\"https:\/\/anoticiaonline.com.br\/site\/wp-content\/uploads\/2018\/11\/Aline-Vegi-P\u00e9ricles-Vegi-Carlos-Trota-e-Mila-Trota.jpg 1000w, https:\/\/anoticiaonline.com.br\/site\/wp-content\/uploads\/2018\/11\/Aline-Vegi-P\u00e9ricles-Vegi-Carlos-Trota-e-Mila-Trota-300x200.jpg 300w, https:\/\/anoticiaonline.com.br\/site\/wp-content\/uploads\/2018\/11\/Aline-Vegi-P\u00e9ricles-Vegi-Carlos-Trota-e-Mila-Trota-768x513.jpg 768w\" sizes=\"(max-width: 1000px) 100vw, 1000px\" \/><\/a>\n\t\t\t<\/div><\/figure><figure class='gallery-item'>\n\t\t\t<div class='gallery-icon landscape'>\n\t\t\t\t<a href='https:\/\/anoticiaonline.com.br\/site\/wp-content\/uploads\/2018\/11\/C\u00e9sar-Bittencourt-Dra-Clarissana-Botaro-Dra-Fab\u00edola-Ramos-e-Dra-Diana.jpg'><img loading=\"lazy\" decoding=\"async\" width=\"1000\" height=\"668\" src=\"https:\/\/anoticiaonline.com.br\/site\/wp-content\/uploads\/2018\/11\/C\u00e9sar-Bittencourt-Dra-Clarissana-Botaro-Dra-Fab\u00edola-Ramos-e-Dra-Diana.jpg\" class=\"attachment-full size-full\" alt=\"\" srcset=\"https:\/\/anoticiaonline.com.br\/site\/wp-content\/uploads\/2018\/11\/C\u00e9sar-Bittencourt-Dra-Clarissana-Botaro-Dra-Fab\u00edola-Ramos-e-Dra-Diana.jpg 1000w, https:\/\/anoticiaonline.com.br\/site\/wp-content\/uploads\/2018\/11\/C\u00e9sar-Bittencourt-Dra-Clarissana-Botaro-Dra-Fab\u00edola-Ramos-e-Dra-Diana-300x200.jpg 300w, https:\/\/anoticiaonline.com.br\/site\/wp-content\/uploads\/2018\/11\/C\u00e9sar-Bittencourt-Dra-Clarissana-Botaro-Dra-Fab\u00edola-Ramos-e-Dra-Diana-768x513.jpg 768w\" sizes=\"(max-width: 1000px) 100vw, 1000px\" \/><\/a>\n\t\t\t<\/div><\/figure><figure class='gallery-item'>\n\t\t\t<div class='gallery-icon landscape'>\n\t\t\t\t<a href='https:\/\/anoticiaonline.com.br\/site\/wp-content\/uploads\/2018\/11\/Dra-Diana-Henrique-Valdir-J\u00fanior-empres\u00e1rio-propriet\u00e1rio-da-Luzcolor-e-Dra-Fernanda.jpg'><img loading=\"lazy\" decoding=\"async\" width=\"1000\" height=\"668\" src=\"https:\/\/anoticiaonline.com.br\/site\/wp-content\/uploads\/2018\/11\/Dra-Diana-Henrique-Valdir-J\u00fanior-empres\u00e1rio-propriet\u00e1rio-da-Luzcolor-e-Dra-Fernanda.jpg\" class=\"attachment-full size-full\" alt=\"\" srcset=\"https:\/\/anoticiaonline.com.br\/site\/wp-content\/uploads\/2018\/11\/Dra-Diana-Henrique-Valdir-J\u00fanior-empres\u00e1rio-propriet\u00e1rio-da-Luzcolor-e-Dra-Fernanda.jpg 1000w, https:\/\/anoticiaonline.com.br\/site\/wp-content\/uploads\/2018\/11\/Dra-Diana-Henrique-Valdir-J\u00fanior-empres\u00e1rio-propriet\u00e1rio-da-Luzcolor-e-Dra-Fernanda-300x200.jpg 300w, https:\/\/anoticiaonline.com.br\/site\/wp-content\/uploads\/2018\/11\/Dra-Diana-Henrique-Valdir-J\u00fanior-empres\u00e1rio-propriet\u00e1rio-da-Luzcolor-e-Dra-Fernanda-768x513.jpg 768w\" sizes=\"(max-width: 1000px) 100vw, 1000px\" \/><\/a>\n\t\t\t<\/div><\/figure><figure class='gallery-item'>\n\t\t\t<div class='gallery-icon portrait'>\n\t\t\t\t<a href='https:\/\/anoticiaonline.com.br\/site\/wp-content\/uploads\/2018\/11\/Dra-Jaqueline-Ribeiro-e-Junior-Ribeiro.jpg'><img loading=\"lazy\" decoding=\"async\" width=\"534\" height=\"800\" src=\"https:\/\/anoticiaonline.com.br\/site\/wp-content\/uploads\/2018\/11\/Dra-Jaqueline-Ribeiro-e-Junior-Ribeiro.jpg\" class=\"attachment-full size-full\" alt=\"\" srcset=\"https:\/\/anoticiaonline.com.br\/site\/wp-content\/uploads\/2018\/11\/Dra-Jaqueline-Ribeiro-e-Junior-Ribeiro.jpg 534w, https:\/\/anoticiaonline.com.br\/site\/wp-content\/uploads\/2018\/11\/Dra-Jaqueline-Ribeiro-e-Junior-Ribeiro-200x300.jpg 200w\" sizes=\"(max-width: 534px) 100vw, 534px\" \/><\/a>\n\t\t\t<\/div><\/figure><figure class='gallery-item'>\n\t\t\t<div class='gallery-icon landscape'>\n\t\t\t\t<a href='https:\/\/anoticiaonline.com.br\/site\/wp-content\/uploads\/2018\/11\/Dra.-Jaqueline-Ribeiro-Dra-L\u00edvia-Carmo-Dra.-L\u00edvia-Padilha-Dr-Adenir-Marinho-e-Dra-Patr\u00edcia-Silva.jpg'><img loading=\"lazy\" decoding=\"async\" width=\"1000\" height=\"668\" src=\"https:\/\/anoticiaonline.com.br\/site\/wp-content\/uploads\/2018\/11\/Dra.-Jaqueline-Ribeiro-Dra-L\u00edvia-Carmo-Dra.-L\u00edvia-Padilha-Dr-Adenir-Marinho-e-Dra-Patr\u00edcia-Silva.jpg\" class=\"attachment-full size-full\" alt=\"\" srcset=\"https:\/\/anoticiaonline.com.br\/site\/wp-content\/uploads\/2018\/11\/Dra.-Jaqueline-Ribeiro-Dra-L\u00edvia-Carmo-Dra.-L\u00edvia-Padilha-Dr-Adenir-Marinho-e-Dra-Patr\u00edcia-Silva.jpg 1000w, https:\/\/anoticiaonline.com.br\/site\/wp-content\/uploads\/2018\/11\/Dra.-Jaqueline-Ribeiro-Dra-L\u00edvia-Carmo-Dra.-L\u00edvia-Padilha-Dr-Adenir-Marinho-e-Dra-Patr\u00edcia-Silva-300x200.jpg 300w, https:\/\/anoticiaonline.com.br\/site\/wp-content\/uploads\/2018\/11\/Dra.-Jaqueline-Ribeiro-Dra-L\u00edvia-Carmo-Dra.-L\u00edvia-Padilha-Dr-Adenir-Marinho-e-Dra-Patr\u00edcia-Silva-768x513.jpg 768w\" sizes=\"(max-width: 1000px) 100vw, 1000px\" \/><\/a>\n\t\t\t<\/div><\/figure><figure class='gallery-item'>\n\t\t\t<div class='gallery-icon landscape'>\n\t\t\t\t<a href='https:\/\/anoticiaonline.com.br\/site\/wp-content\/uploads\/2018\/11\/Dra.-Patr\u00edcia-Clemente-Andressa-Teixeira-Dra-Adriana-Machado-Gustavo-Neves-e-Dra-Silvia-Neves-da-cl\u00ednica-Equilibrim.jpg'><img loading=\"lazy\" decoding=\"async\" width=\"1000\" height=\"668\" src=\"https:\/\/anoticiaonline.com.br\/site\/wp-content\/uploads\/2018\/11\/Dra.-Patr\u00edcia-Clemente-Andressa-Teixeira-Dra-Adriana-Machado-Gustavo-Neves-e-Dra-Silvia-Neves-da-cl\u00ednica-Equilibrim.jpg\" class=\"attachment-full size-full\" alt=\"\" srcset=\"https:\/\/anoticiaonline.com.br\/site\/wp-content\/uploads\/2018\/11\/Dra.-Patr\u00edcia-Clemente-Andressa-Teixeira-Dra-Adriana-Machado-Gustavo-Neves-e-Dra-Silvia-Neves-da-cl\u00ednica-Equilibrim.jpg 1000w, https:\/\/anoticiaonline.com.br\/site\/wp-content\/uploads\/2018\/11\/Dra.-Patr\u00edcia-Clemente-Andressa-Teixeira-Dra-Adriana-Machado-Gustavo-Neves-e-Dra-Silvia-Neves-da-cl\u00ednica-Equilibrim-300x200.jpg 300w, https:\/\/anoticiaonline.com.br\/site\/wp-content\/uploads\/2018\/11\/Dra.-Patr\u00edcia-Clemente-Andressa-Teixeira-Dra-Adriana-Machado-Gustavo-Neves-e-Dra-Silvia-Neves-da-cl\u00ednica-Equilibrim-768x513.jpg 768w\" sizes=\"(max-width: 1000px) 100vw, 1000px\" \/><\/a>\n\t\t\t<\/div><\/figure><figure class='gallery-item'>\n\t\t\t<div class='gallery-icon landscape'>\n\t\t\t\t<a href='https:\/\/anoticiaonline.com.br\/site\/wp-content\/uploads\/2018\/11\/Juliana-Vardiero-Elaine-Mendes-Ivanir-Soares-e-Dayse-Luciana.jpg'><img loading=\"lazy\" decoding=\"async\" width=\"1000\" height=\"668\" src=\"https:\/\/anoticiaonline.com.br\/site\/wp-content\/uploads\/2018\/11\/Juliana-Vardiero-Elaine-Mendes-Ivanir-Soares-e-Dayse-Luciana.jpg\" class=\"attachment-full size-full\" alt=\"\" srcset=\"https:\/\/anoticiaonline.com.br\/site\/wp-content\/uploads\/2018\/11\/Juliana-Vardiero-Elaine-Mendes-Ivanir-Soares-e-Dayse-Luciana.jpg 1000w, https:\/\/anoticiaonline.com.br\/site\/wp-content\/uploads\/2018\/11\/Juliana-Vardiero-Elaine-Mendes-Ivanir-Soares-e-Dayse-Luciana-300x200.jpg 300w, https:\/\/anoticiaonline.com.br\/site\/wp-content\/uploads\/2018\/11\/Juliana-Vardiero-Elaine-Mendes-Ivanir-Soares-e-Dayse-Luciana-768x513.jpg 768w\" sizes=\"(max-width: 1000px) 100vw, 1000px\" \/><\/a>\n\t\t\t<\/div><\/figure><figure class='gallery-item'>\n\t\t\t<div class='gallery-icon landscape'>\n\t\t\t\t<a href='https:\/\/anoticiaonline.com.br\/site\/wp-content\/uploads\/2018\/11\/Renzo-Manarino-Dra-Aline-Santos-e-Nelson-Prado.jpg'><img loading=\"lazy\" decoding=\"async\" width=\"1000\" height=\"668\" src=\"https:\/\/anoticiaonline.com.br\/site\/wp-content\/uploads\/2018\/11\/Renzo-Manarino-Dra-Aline-Santos-e-Nelson-Prado.jpg\" class=\"attachment-full size-full\" alt=\"\" srcset=\"https:\/\/anoticiaonline.com.br\/site\/wp-content\/uploads\/2018\/11\/Renzo-Manarino-Dra-Aline-Santos-e-Nelson-Prado.jpg 1000w, https:\/\/anoticiaonline.com.br\/site\/wp-content\/uploads\/2018\/11\/Renzo-Manarino-Dra-Aline-Santos-e-Nelson-Prado-300x200.jpg 300w, https:\/\/anoticiaonline.com.br\/site\/wp-content\/uploads\/2018\/11\/Renzo-Manarino-Dra-Aline-Santos-e-Nelson-Prado-768x513.jpg 768w\" sizes=\"(max-width: 1000px) 100vw, 1000px\" \/><\/a>\n\t\t\t<\/div><\/figure><figure class='gallery-item'>\n\t\t\t<div class='gallery-icon landscape'>\n\t\t\t\t<a href='https:\/\/anoticiaonline.com.br\/site\/wp-content\/uploads\/2018\/11\/Rodrigo-Maia-e-Dra-Kesia-Oliveira.jpg'><img loading=\"lazy\" decoding=\"async\" width=\"838\" height=\"800\" src=\"https:\/\/anoticiaonline.com.br\/site\/wp-content\/uploads\/2018\/11\/Rodrigo-Maia-e-Dra-Kesia-Oliveira.jpg\" class=\"attachment-full size-full\" alt=\"\" srcset=\"https:\/\/anoticiaonline.com.br\/site\/wp-content\/uploads\/2018\/11\/Rodrigo-Maia-e-Dra-Kesia-Oliveira.jpg 838w, https:\/\/anoticiaonline.com.br\/site\/wp-content\/uploads\/2018\/11\/Rodrigo-Maia-e-Dra-Kesia-Oliveira-300x286.jpg 300w, https:\/\/anoticiaonline.com.br\/site\/wp-content\/uploads\/2018\/11\/Rodrigo-Maia-e-Dra-Kesia-Oliveira-768x733.jpg 768w\" sizes=\"(max-width: 838px) 100vw, 838px\" \/><\/a>\n\t\t\t<\/div><\/figure>\n\t\t<\/div>\n\n","protected":false},"excerpt":{"rendered":"<p>Fisioterapeutas e terapeutas ocupacionais de Muria\u00e9 e regi\u00e3o se reuniram para 1\u00ba Jantar de Confraterniza\u00e7\u00e3o da Classe, na noite de sexta-feira (26), no Hotel Premmium Plaza. O objetivo do evento foi celebrar o Dia do Fisioterapeuta e do Terapeuta Ocupacional, comemorado, anualmente, em 13 de outubro. O jantar contou com m\u00fasica ao vivo e sorteio &#8230; <a title=\"Fisioterapeutas e terapeutas ocupacionais se re\u00fanem para 1\u00ba Jantar de Confraterniza\u00e7\u00e3o da Classe\" class=\"read-more\" href=\"https:\/\/anoticiaonline.com.br\/site\/fisioterapeutas-e-terapeutas-ocupacionais-se-reunem-para-1o-jantar-de-confraternizacao-da-classe\/\" aria-label=\"Read more about Fisioterapeutas e terapeutas ocupacionais se re\u00fanem para 1\u00ba Jantar de Confraterniza\u00e7\u00e3o da Classe\">Ler mais<\/a><\/p>\n","protected":false},"author":7,"featured_media":64055,"comment_status":"open","ping_status":"open","sticky":false,"template":"","format":"standard","meta":{"_acf_changed":false,"_monsterinsights_skip_tracking":false,"footnotes":""},"categories":[30,24],"tags":[3362,3364,3363],"class_list":["post-64054","post","type-post","status-publish","format-standard","has-post-thumbnail","hentry","category-muriae","category-eventos","tag-fisioterapeutas","tag-hotel-premmium-plaza","tag-terapeutas-ocupacionais"],"acf":[],"aioseo_notices":[],"aioseo_head":"\n\t\t<!-- All in One SEO 5.0.0.1 - aioseo.com -->\n\t<meta name=\"description\" content=\"Fisioterapeutas e terapeutas ocupacionais de Muria\u00e9 e regi\u00e3o se reuniram para 1\u00ba Jantar de Confraterniza\u00e7\u00e3o da Classe, na noite de sexta-feira (26), no Hotel Premmium Plaza. O objetivo do evento foi celebrar o Dia do Fisioterapeuta e do Terapeuta Ocupacional, comemorado, anualmente, em 13 de outubro. O jantar contou com m\u00fasica ao vivo e sorteio\" \/>\n\t<meta name=\"robots\" content=\"max-image-preview:large\" \/>\n\t<meta name=\"author\" content=\"Leandro Bebiano\"\/>\n\t<link rel=\"canonical\" href=\"https:\/\/anoticiaonline.com.br\/site\/fisioterapeutas-e-terapeutas-ocupacionais-se-reunem-para-1o-jantar-de-confraternizacao-da-classe\/\" \/>\n\t<meta name=\"generator\" content=\"All in One SEO (AIOSEO) 5.0.0.1\" \/>\n\t\t<meta property=\"og:locale\" content=\"pt_BR\" \/>\n\t\t<meta property=\"og:site_name\" content=\"A Not\u00edcia Online - Noticias de Muria\u00e9 e regi\u00e3o\" \/>\n\t\t<meta property=\"og:type\" content=\"article\" \/>\n\t\t<meta property=\"og:title\" content=\"Fisioterapeutas e terapeutas ocupacionais se re\u00fanem para 1\u00ba Jantar de Confraterniza\u00e7\u00e3o da Classe - A Not\u00edcia Online\" \/>\n\t\t<meta property=\"og:description\" content=\"Fisioterapeutas e terapeutas ocupacionais de Muria\u00e9 e regi\u00e3o se reuniram para 1\u00ba Jantar de Confraterniza\u00e7\u00e3o da Classe, na noite de sexta-feira (26), no Hotel Premmium Plaza. O objetivo do evento foi celebrar o Dia do Fisioterapeuta e do Terapeuta Ocupacional, comemorado, anualmente, em 13 de outubro. O jantar contou com m\u00fasica ao vivo e sorteio\" \/>\n\t\t<meta property=\"og:url\" content=\"https:\/\/anoticiaonline.com.br\/site\/fisioterapeutas-e-terapeutas-ocupacionais-se-reunem-para-1o-jantar-de-confraternizacao-da-classe\/\" \/>\n\t\t<meta property=\"og:image\" content=\"https:\/\/scontent-gig4-1.xx.fbcdn.net\/v\/t39.30808-1\/270437624_4564083193639691_6907940295614233970_n.jpg?stp=dst-jpg_s200x200_tt6&#038;_nc_cat=111&#038;ccb=1-7&#038;_nc_sid=f907e8&#038;_nc_ohc=SM1wRlP3lJwQ7kNvwEPuBYA&#038;_nc_oc=AdnqrjDN_BNjSSHWO-GbkIWH6fkGMLw4bqvL_NH6e2wMveX7G-rP2dAqsDSq1mJMOaY&#038;_nc_zt=24&#038;_nc_ht=scontent-gig4-1.xx&#038;_nc_gid=AoBFJeGrT1hVaew_6rchkQ&#038;oh=00_AfX7QmFGhQhG2jAllVgXCiM1ZrWgvtp80-Bfppyexh1QEg&#038;oe=689E923C\" \/>\n\t\t<meta property=\"og:image:secure_url\" content=\"https:\/\/scontent-gig4-1.xx.fbcdn.net\/v\/t39.30808-1\/270437624_4564083193639691_6907940295614233970_n.jpg?stp=dst-jpg_s200x200_tt6&#038;_nc_cat=111&#038;ccb=1-7&#038;_nc_sid=f907e8&#038;_nc_ohc=SM1wRlP3lJwQ7kNvwEPuBYA&#038;_nc_oc=AdnqrjDN_BNjSSHWO-GbkIWH6fkGMLw4bqvL_NH6e2wMveX7G-rP2dAqsDSq1mJMOaY&#038;_nc_zt=24&#038;_nc_ht=scontent-gig4-1.xx&#038;_nc_gid=AoBFJeGrT1hVaew_6rchkQ&#038;oh=00_AfX7QmFGhQhG2jAllVgXCiM1ZrWgvtp80-Bfppyexh1QEg&#038;oe=689E923C\" \/>\n\t\t<meta property=\"article:published_time\" content=\"2018-11-01T18:14:27+00:00\" \/>\n\t\t<meta property=\"article:modified_time\" content=\"2018-11-01T18:14:27+00:00\" \/>\n\t\t<meta name=\"twitter:card\" content=\"summary_large_image\" \/>\n\t\t<meta name=\"twitter:title\" content=\"Fisioterapeutas e terapeutas ocupacionais se re\u00fanem para 1\u00ba Jantar de Confraterniza\u00e7\u00e3o da Classe - A Not\u00edcia Online\" \/>\n\t\t<meta name=\"twitter:description\" content=\"Fisioterapeutas e terapeutas ocupacionais de Muria\u00e9 e regi\u00e3o se reuniram para 1\u00ba Jantar de Confraterniza\u00e7\u00e3o da Classe, na noite de sexta-feira (26), no Hotel Premmium Plaza. O objetivo do evento foi celebrar o Dia do Fisioterapeuta e do Terapeuta Ocupacional, comemorado, anualmente, em 13 de outubro. O jantar contou com m\u00fasica ao vivo e sorteio\" \/>\n\t\t<meta name=\"twitter:image\" content=\"https:\/\/scontent-gig4-1.xx.fbcdn.net\/v\/t39.30808-1\/270437624_4564083193639691_6907940295614233970_n.jpg?stp=dst-jpg_s200x200_tt6&amp;_nc_cat=111&amp;ccb=1-7&amp;_nc_sid=f907e8&amp;_nc_ohc=SM1wRlP3lJwQ7kNvwEPuBYA&amp;_nc_oc=AdnqrjDN_BNjSSHWO-GbkIWH6fkGMLw4bqvL_NH6e2wMveX7G-rP2dAqsDSq1mJMOaY&amp;_nc_zt=24&amp;_nc_ht=scontent-gig4-1.xx&amp;_nc_gid=AoBFJeGrT1hVaew_6rchkQ&amp;oh=00_AfX7QmFGhQhG2jAllVgXCiM1ZrWgvtp80-Bfppyexh1QEg&amp;oe=689E923C\" \/>\n\t\t<script type=\"application\/ld+json\" class=\"aioseo-schema\">\n\t\t\t{\"@context\":\"https:\\\/\\\/schema.org\",\"@graph\":[{\"@type\":\"BlogPosting\",\"@id\":\"https:\\\/\\\/anoticiaonline.com.br\\\/site\\\/fisioterapeutas-e-terapeutas-ocupacionais-se-reunem-para-1o-jantar-de-confraternizacao-da-classe\\\/#blogposting\",\"name\":\"Fisioterapeutas e terapeutas ocupacionais se re\\u00fanem para 1\\u00ba Jantar de Confraterniza\\u00e7\\u00e3o da Classe - A Not\\u00edcia Online\",\"headline\":\"Fisioterapeutas e terapeutas ocupacionais se re\\u00fanem para 1\\u00ba Jantar de Confraterniza\\u00e7\\u00e3o da Classe\",\"author\":{\"@id\":\"https:\\\/\\\/anoticiaonline.com.br\\\/site\\\/author\\\/leandro\\\/#author\"},\"publisher\":{\"@id\":\"https:\\\/\\\/anoticiaonline.com.br\\\/site\\\/#organization\"},\"image\":{\"@type\":\"ImageObject\",\"url\":\"https:\\\/\\\/anoticiaonline.com.br\\\/site\\\/wp-content\\\/uploads\\\/2018\\\/11\\\/Mesa-composta-por-Autoridades.jpg\",\"width\":1000,\"height\":668},\"datePublished\":\"2018-11-01T15:14:27-03:00\",\"dateModified\":\"2018-11-01T15:14:27-03:00\",\"inLanguage\":\"pt-BR\",\"mainEntityOfPage\":{\"@id\":\"https:\\\/\\\/anoticiaonline.com.br\\\/site\\\/fisioterapeutas-e-terapeutas-ocupacionais-se-reunem-para-1o-jantar-de-confraternizacao-da-classe\\\/#webpage\"},\"isPartOf\":{\"@id\":\"https:\\\/\\\/anoticiaonline.com.br\\\/site\\\/fisioterapeutas-e-terapeutas-ocupacionais-se-reunem-para-1o-jantar-de-confraternizacao-da-classe\\\/#webpage\"},\"articleSection\":\"Blog, Eventos, Fisioterapeutas, Hotel Premmium Plaza, terapeutas ocupacionais\"},{\"@type\":\"BreadcrumbList\",\"@id\":\"https:\\\/\\\/anoticiaonline.com.br\\\/site\\\/fisioterapeutas-e-terapeutas-ocupacionais-se-reunem-para-1o-jantar-de-confraternizacao-da-classe\\\/#breadcrumblist\",\"itemListElement\":[{\"@type\":\"ListItem\",\"@id\":\"https:\\\/\\\/anoticiaonline.com.br\\\/site#listItem\",\"position\":1,\"name\":\"Home\",\"item\":\"https:\\\/\\\/anoticiaonline.com.br\\\/site\",\"nextItem\":{\"@type\":\"ListItem\",\"@id\":\"https:\\\/\\\/anoticiaonline.com.br\\\/site\\\/categoria\\\/eventos\\\/#listItem\",\"name\":\"Eventos\"}},{\"@type\":\"ListItem\",\"@id\":\"https:\\\/\\\/anoticiaonline.com.br\\\/site\\\/categoria\\\/eventos\\\/#listItem\",\"position\":2,\"name\":\"Eventos\",\"item\":\"https:\\\/\\\/anoticiaonline.com.br\\\/site\\\/categoria\\\/eventos\\\/\",\"nextItem\":{\"@type\":\"ListItem\",\"@id\":\"https:\\\/\\\/anoticiaonline.com.br\\\/site\\\/fisioterapeutas-e-terapeutas-ocupacionais-se-reunem-para-1o-jantar-de-confraternizacao-da-classe\\\/#listItem\",\"name\":\"Fisioterapeutas e terapeutas ocupacionais se re\\u00fanem para 1\\u00ba Jantar de Confraterniza\\u00e7\\u00e3o da Classe\"},\"previousItem\":{\"@type\":\"ListItem\",\"@id\":\"https:\\\/\\\/anoticiaonline.com.br\\\/site#listItem\",\"name\":\"Home\"}},{\"@type\":\"ListItem\",\"@id\":\"https:\\\/\\\/anoticiaonline.com.br\\\/site\\\/fisioterapeutas-e-terapeutas-ocupacionais-se-reunem-para-1o-jantar-de-confraternizacao-da-classe\\\/#listItem\",\"position\":3,\"name\":\"Fisioterapeutas e terapeutas ocupacionais se re\\u00fanem para 1\\u00ba Jantar de Confraterniza\\u00e7\\u00e3o da Classe\",\"previousItem\":{\"@type\":\"ListItem\",\"@id\":\"https:\\\/\\\/anoticiaonline.com.br\\\/site\\\/categoria\\\/eventos\\\/#listItem\",\"name\":\"Eventos\"}}]},{\"@type\":\"Organization\",\"@id\":\"https:\\\/\\\/anoticiaonline.com.br\\\/site\\\/#organization\",\"name\":\"A Not\\u00edcia Online\",\"description\":\"Noticias de Muria\\u00e9 e regi\\u00e3o\",\"url\":\"https:\\\/\\\/anoticiaonline.com.br\\\/site\\\/\",\"logo\":{\"@type\":\"ImageObject\",\"url\":\"https:\\\/\\\/scontent-gig4-1.xx.fbcdn.net\\\/v\\\/t39.30808-1\\\/270437624_4564083193639691_6907940295614233970_n.jpg?stp=dst-jpg_s200x200_tt6&_nc_cat=111&ccb=1-7&_nc_sid=f907e8&_nc_ohc=SM1wRlP3lJwQ7kNvwEPuBYA&_nc_oc=AdnqrjDN_BNjSSHWO-GbkIWH6fkGMLw4bqvL_NH6e2wMveX7G-rP2dAqsDSq1mJMOaY&_nc_zt=24&_nc_ht=scontent-gig4-1.xx&_nc_gid=AoBFJeGrT1hVaew_6rchkQ&oh=00_AfX7QmFGhQhG2jAllVgXCiM1ZrWgvtp80-Bfppyexh1QEg&oe=689E923C\",\"@id\":\"https:\\\/\\\/anoticiaonline.com.br\\\/site\\\/fisioterapeutas-e-terapeutas-ocupacionais-se-reunem-para-1o-jantar-de-confraternizacao-da-classe\\\/#organizationLogo\"},\"image\":{\"@id\":\"https:\\\/\\\/anoticiaonline.com.br\\\/site\\\/fisioterapeutas-e-terapeutas-ocupacionais-se-reunem-para-1o-jantar-de-confraternizacao-da-classe\\\/#organizationLogo\"}},{\"@type\":\"Person\",\"@id\":\"https:\\\/\\\/anoticiaonline.com.br\\\/site\\\/author\\\/leandro\\\/#author\",\"url\":\"https:\\\/\\\/anoticiaonline.com.br\\\/site\\\/author\\\/leandro\\\/\",\"name\":\"Leandro Bebiano\",\"image\":{\"@type\":\"ImageObject\",\"@id\":\"https:\\\/\\\/anoticiaonline.com.br\\\/site\\\/fisioterapeutas-e-terapeutas-ocupacionais-se-reunem-para-1o-jantar-de-confraternizacao-da-classe\\\/#authorImage\",\"url\":\"https:\\\/\\\/secure.gravatar.com\\\/avatar\\\/99966a20c143db97c8590c2013307c7c234a4cca48ed5657cbb47e22a400bd5f?s=96&d=mm&r=g\",\"width\":96,\"height\":96,\"caption\":\"Leandro Bebiano\"}},{\"@type\":\"WebPage\",\"@id\":\"https:\\\/\\\/anoticiaonline.com.br\\\/site\\\/fisioterapeutas-e-terapeutas-ocupacionais-se-reunem-para-1o-jantar-de-confraternizacao-da-classe\\\/#webpage\",\"url\":\"https:\\\/\\\/anoticiaonline.com.br\\\/site\\\/fisioterapeutas-e-terapeutas-ocupacionais-se-reunem-para-1o-jantar-de-confraternizacao-da-classe\\\/\",\"name\":\"Fisioterapeutas e terapeutas ocupacionais se re\\u00fanem para 1\\u00ba Jantar de Confraterniza\\u00e7\\u00e3o da Classe - A Not\\u00edcia Online\",\"description\":\"Fisioterapeutas e terapeutas ocupacionais de Muria\\u00e9 e regi\\u00e3o se reuniram para 1\\u00ba Jantar de Confraterniza\\u00e7\\u00e3o da Classe, na noite de sexta-feira (26), no Hotel Premmium Plaza. O objetivo do evento foi celebrar o Dia do Fisioterapeuta e do Terapeuta Ocupacional, comemorado, anualmente, em 13 de outubro. O jantar contou com m\\u00fasica ao vivo e sorteio\",\"inLanguage\":\"pt-BR\",\"isPartOf\":{\"@id\":\"https:\\\/\\\/anoticiaonline.com.br\\\/site\\\/#website\"},\"breadcrumb\":{\"@id\":\"https:\\\/\\\/anoticiaonline.com.br\\\/site\\\/fisioterapeutas-e-terapeutas-ocupacionais-se-reunem-para-1o-jantar-de-confraternizacao-da-classe\\\/#breadcrumblist\"},\"author\":{\"@id\":\"https:\\\/\\\/anoticiaonline.com.br\\\/site\\\/author\\\/leandro\\\/#author\"},\"creator\":{\"@id\":\"https:\\\/\\\/anoticiaonline.com.br\\\/site\\\/author\\\/leandro\\\/#author\"},\"image\":{\"@type\":\"ImageObject\",\"url\":\"https:\\\/\\\/anoticiaonline.com.br\\\/site\\\/wp-content\\\/uploads\\\/2018\\\/11\\\/Mesa-composta-por-Autoridades.jpg\",\"@id\":\"https:\\\/\\\/anoticiaonline.com.br\\\/site\\\/fisioterapeutas-e-terapeutas-ocupacionais-se-reunem-para-1o-jantar-de-confraternizacao-da-classe\\\/#mainImage\",\"width\":1000,\"height\":668},\"primaryImageOfPage\":{\"@id\":\"https:\\\/\\\/anoticiaonline.com.br\\\/site\\\/fisioterapeutas-e-terapeutas-ocupacionais-se-reunem-para-1o-jantar-de-confraternizacao-da-classe\\\/#mainImage\"},\"datePublished\":\"2018-11-01T15:14:27-03:00\",\"dateModified\":\"2018-11-01T15:14:27-03:00\"},{\"@type\":\"WebSite\",\"@id\":\"https:\\\/\\\/anoticiaonline.com.br\\\/site\\\/#website\",\"url\":\"https:\\\/\\\/anoticiaonline.com.br\\\/site\\\/\",\"name\":\"A Not\\u00edcia Online\",\"description\":\"Noticias de Muria\\u00e9 e regi\\u00e3o\",\"inLanguage\":\"pt-BR\",\"publisher\":{\"@id\":\"https:\\\/\\\/anoticiaonline.com.br\\\/site\\\/#organization\"}}]}\n\t\t<\/script>\n\t\t<!-- All in One SEO -->\n\n","aioseo_head_json":{"title":"Fisioterapeutas e terapeutas ocupacionais se re\u00fanem para 1\u00ba Jantar de Confraterniza\u00e7\u00e3o da Classe - A Not\u00edcia Online","description":"Fisioterapeutas e terapeutas ocupacionais de Muria\u00e9 e regi\u00e3o se reuniram para 1\u00ba Jantar de Confraterniza\u00e7\u00e3o da Classe, na noite de sexta-feira (26), no Hotel Premmium Plaza. O objetivo do evento foi celebrar o Dia do Fisioterapeuta e do Terapeuta Ocupacional, comemorado, anualmente, em 13 de outubro. O jantar contou com m\u00fasica ao vivo e sorteio","canonical_url":"https:\/\/anoticiaonline.com.br\/site\/fisioterapeutas-e-terapeutas-ocupacionais-se-reunem-para-1o-jantar-de-confraternizacao-da-classe\/","robots":"max-image-preview:large","keywords":"","webmasterTools":{"miscellaneous":""},"schema":{"@context":"https:\/\/schema.org","@graph":[{"@type":"BlogPosting","@id":"https:\/\/anoticiaonline.com.br\/site\/fisioterapeutas-e-terapeutas-ocupacionais-se-reunem-para-1o-jantar-de-confraternizacao-da-classe\/#blogposting","name":"Fisioterapeutas e terapeutas ocupacionais se re\u00fanem para 1\u00ba Jantar de Confraterniza\u00e7\u00e3o da Classe - A Not\u00edcia Online","headline":"Fisioterapeutas e terapeutas ocupacionais se re\u00fanem para 1\u00ba Jantar de Confraterniza\u00e7\u00e3o da Classe","author":{"@id":"https:\/\/anoticiaonline.com.br\/site\/author\/leandro\/#author"},"publisher":{"@id":"https:\/\/anoticiaonline.com.br\/site\/#organization"},"image":{"@type":"ImageObject","url":"https:\/\/anoticiaonline.com.br\/site\/wp-content\/uploads\/2018\/11\/Mesa-composta-por-Autoridades.jpg","width":1000,"height":668},"datePublished":"2018-11-01T15:14:27-03:00","dateModified":"2018-11-01T15:14:27-03:00","inLanguage":"pt-BR","mainEntityOfPage":{"@id":"https:\/\/anoticiaonline.com.br\/site\/fisioterapeutas-e-terapeutas-ocupacionais-se-reunem-para-1o-jantar-de-confraternizacao-da-classe\/#webpage"},"isPartOf":{"@id":"https:\/\/anoticiaonline.com.br\/site\/fisioterapeutas-e-terapeutas-ocupacionais-se-reunem-para-1o-jantar-de-confraternizacao-da-classe\/#webpage"},"articleSection":"Blog, Eventos, Fisioterapeutas, Hotel Premmium Plaza, terapeutas ocupacionais"},{"@type":"BreadcrumbList","@id":"https:\/\/anoticiaonline.com.br\/site\/fisioterapeutas-e-terapeutas-ocupacionais-se-reunem-para-1o-jantar-de-confraternizacao-da-classe\/#breadcrumblist","itemListElement":[{"@type":"ListItem","@id":"https:\/\/anoticiaonline.com.br\/site#listItem","position":1,"name":"Home","item":"https:\/\/anoticiaonline.com.br\/site","nextItem":{"@type":"ListItem","@id":"https:\/\/anoticiaonline.com.br\/site\/categoria\/eventos\/#listItem","name":"Eventos"}},{"@type":"ListItem","@id":"https:\/\/anoticiaonline.com.br\/site\/categoria\/eventos\/#listItem","position":2,"name":"Eventos","item":"https:\/\/anoticiaonline.com.br\/site\/categoria\/eventos\/","nextItem":{"@type":"ListItem","@id":"https:\/\/anoticiaonline.com.br\/site\/fisioterapeutas-e-terapeutas-ocupacionais-se-reunem-para-1o-jantar-de-confraternizacao-da-classe\/#listItem","name":"Fisioterapeutas e terapeutas ocupacionais se re\u00fanem para 1\u00ba Jantar de Confraterniza\u00e7\u00e3o da Classe"},"previousItem":{"@type":"ListItem","@id":"https:\/\/anoticiaonline.com.br\/site#listItem","name":"Home"}},{"@type":"ListItem","@id":"https:\/\/anoticiaonline.com.br\/site\/fisioterapeutas-e-terapeutas-ocupacionais-se-reunem-para-1o-jantar-de-confraternizacao-da-classe\/#listItem","position":3,"name":"Fisioterapeutas e terapeutas ocupacionais se re\u00fanem para 1\u00ba Jantar de Confraterniza\u00e7\u00e3o da Classe","previousItem":{"@type":"ListItem","@id":"https:\/\/anoticiaonline.com.br\/site\/categoria\/eventos\/#listItem","name":"Eventos"}}]},{"@type":"Organization","@id":"https:\/\/anoticiaonline.com.br\/site\/#organization","name":"A Not\u00edcia Online","description":"Noticias de Muria\u00e9 e regi\u00e3o","url":"https:\/\/anoticiaonline.com.br\/site\/","logo":{"@type":"ImageObject","url":"https:\/\/scontent-gig4-1.xx.fbcdn.net\/v\/t39.30808-1\/270437624_4564083193639691_6907940295614233970_n.jpg?stp=dst-jpg_s200x200_tt6&_nc_cat=111&ccb=1-7&_nc_sid=f907e8&_nc_ohc=SM1wRlP3lJwQ7kNvwEPuBYA&_nc_oc=AdnqrjDN_BNjSSHWO-GbkIWH6fkGMLw4bqvL_NH6e2wMveX7G-rP2dAqsDSq1mJMOaY&_nc_zt=24&_nc_ht=scontent-gig4-1.xx&_nc_gid=AoBFJeGrT1hVaew_6rchkQ&oh=00_AfX7QmFGhQhG2jAllVgXCiM1ZrWgvtp80-Bfppyexh1QEg&oe=689E923C","@id":"https:\/\/anoticiaonline.com.br\/site\/fisioterapeutas-e-terapeutas-ocupacionais-se-reunem-para-1o-jantar-de-confraternizacao-da-classe\/#organizationLogo"},"image":{"@id":"https:\/\/anoticiaonline.com.br\/site\/fisioterapeutas-e-terapeutas-ocupacionais-se-reunem-para-1o-jantar-de-confraternizacao-da-classe\/#organizationLogo"}},{"@type":"Person","@id":"https:\/\/anoticiaonline.com.br\/site\/author\/leandro\/#author","url":"https:\/\/anoticiaonline.com.br\/site\/author\/leandro\/","name":"Leandro Bebiano","image":{"@type":"ImageObject","@id":"https:\/\/anoticiaonline.com.br\/site\/fisioterapeutas-e-terapeutas-ocupacionais-se-reunem-para-1o-jantar-de-confraternizacao-da-classe\/#authorImage","url":"https:\/\/secure.gravatar.com\/avatar\/99966a20c143db97c8590c2013307c7c234a4cca48ed5657cbb47e22a400bd5f?s=96&d=mm&r=g","width":96,"height":96,"caption":"Leandro Bebiano"}},{"@type":"WebPage","@id":"https:\/\/anoticiaonline.com.br\/site\/fisioterapeutas-e-terapeutas-ocupacionais-se-reunem-para-1o-jantar-de-confraternizacao-da-classe\/#webpage","url":"https:\/\/anoticiaonline.com.br\/site\/fisioterapeutas-e-terapeutas-ocupacionais-se-reunem-para-1o-jantar-de-confraternizacao-da-classe\/","name":"Fisioterapeutas e terapeutas ocupacionais se re\u00fanem para 1\u00ba Jantar de Confraterniza\u00e7\u00e3o da Classe - A Not\u00edcia Online","description":"Fisioterapeutas e terapeutas ocupacionais de Muria\u00e9 e regi\u00e3o se reuniram para 1\u00ba Jantar de Confraterniza\u00e7\u00e3o da Classe, na noite de sexta-feira (26), no Hotel Premmium Plaza. O objetivo do evento foi celebrar o Dia do Fisioterapeuta e do Terapeuta Ocupacional, comemorado, anualmente, em 13 de outubro. O jantar contou com m\u00fasica ao vivo e sorteio","inLanguage":"pt-BR","isPartOf":{"@id":"https:\/\/anoticiaonline.com.br\/site\/#website"},"breadcrumb":{"@id":"https:\/\/anoticiaonline.com.br\/site\/fisioterapeutas-e-terapeutas-ocupacionais-se-reunem-para-1o-jantar-de-confraternizacao-da-classe\/#breadcrumblist"},"author":{"@id":"https:\/\/anoticiaonline.com.br\/site\/author\/leandro\/#author"},"creator":{"@id":"https:\/\/anoticiaonline.com.br\/site\/author\/leandro\/#author"},"image":{"@type":"ImageObject","url":"https:\/\/anoticiaonline.com.br\/site\/wp-content\/uploads\/2018\/11\/Mesa-composta-por-Autoridades.jpg","@id":"https:\/\/anoticiaonline.com.br\/site\/fisioterapeutas-e-terapeutas-ocupacionais-se-reunem-para-1o-jantar-de-confraternizacao-da-classe\/#mainImage","width":1000,"height":668},"primaryImageOfPage":{"@id":"https:\/\/anoticiaonline.com.br\/site\/fisioterapeutas-e-terapeutas-ocupacionais-se-reunem-para-1o-jantar-de-confraternizacao-da-classe\/#mainImage"},"datePublished":"2018-11-01T15:14:27-03:00","dateModified":"2018-11-01T15:14:27-03:00"},{"@type":"WebSite","@id":"https:\/\/anoticiaonline.com.br\/site\/#website","url":"https:\/\/anoticiaonline.com.br\/site\/","name":"A Not\u00edcia Online","description":"Noticias de Muria\u00e9 e regi\u00e3o","inLanguage":"pt-BR","publisher":{"@id":"https:\/\/anoticiaonline.com.br\/site\/#organization"}}]},"og:locale":"pt_BR","og:site_name":"A Not\u00edcia Online - Noticias de Muria\u00e9 e regi\u00e3o","og:type":"article","og:title":"Fisioterapeutas e terapeutas ocupacionais se re\u00fanem para 1\u00ba Jantar de Confraterniza\u00e7\u00e3o da Classe - A Not\u00edcia Online","og:description":"Fisioterapeutas e terapeutas ocupacionais de Muria\u00e9 e regi\u00e3o se reuniram para 1\u00ba Jantar de Confraterniza\u00e7\u00e3o da Classe, na noite de sexta-feira (26), no Hotel Premmium Plaza. O objetivo do evento foi celebrar o Dia do Fisioterapeuta e do Terapeuta Ocupacional, comemorado, anualmente, em 13 de outubro. O jantar contou com m\u00fasica ao vivo e sorteio","og:url":"https:\/\/anoticiaonline.com.br\/site\/fisioterapeutas-e-terapeutas-ocupacionais-se-reunem-para-1o-jantar-de-confraternizacao-da-classe\/","og:image":"https:\/\/scontent-gig4-1.xx.fbcdn.net\/v\/t39.30808-1\/270437624_4564083193639691_6907940295614233970_n.jpg?stp=dst-jpg_s200x200_tt6&#038;_nc_cat=111&#038;ccb=1-7&#038;_nc_sid=f907e8&#038;_nc_ohc=SM1wRlP3lJwQ7kNvwEPuBYA&#038;_nc_oc=AdnqrjDN_BNjSSHWO-GbkIWH6fkGMLw4bqvL_NH6e2wMveX7G-rP2dAqsDSq1mJMOaY&#038;_nc_zt=24&#038;_nc_ht=scontent-gig4-1.xx&#038;_nc_gid=AoBFJeGrT1hVaew_6rchkQ&#038;oh=00_AfX7QmFGhQhG2jAllVgXCiM1ZrWgvtp80-Bfppyexh1QEg&#038;oe=689E923C","og:image:secure_url":"https:\/\/scontent-gig4-1.xx.fbcdn.net\/v\/t39.30808-1\/270437624_4564083193639691_6907940295614233970_n.jpg?stp=dst-jpg_s200x200_tt6&#038;_nc_cat=111&#038;ccb=1-7&#038;_nc_sid=f907e8&#038;_nc_ohc=SM1wRlP3lJwQ7kNvwEPuBYA&#038;_nc_oc=AdnqrjDN_BNjSSHWO-GbkIWH6fkGMLw4bqvL_NH6e2wMveX7G-rP2dAqsDSq1mJMOaY&#038;_nc_zt=24&#038;_nc_ht=scontent-gig4-1.xx&#038;_nc_gid=AoBFJeGrT1hVaew_6rchkQ&#038;oh=00_AfX7QmFGhQhG2jAllVgXCiM1ZrWgvtp80-Bfppyexh1QEg&#038;oe=689E923C","article:published_time":"2018-11-01T18:14:27+00:00","article:modified_time":"2018-11-01T18:14:27+00:00","twitter:card":"summary_large_image","twitter:title":"Fisioterapeutas e terapeutas ocupacionais se re\u00fanem para 1\u00ba Jantar de Confraterniza\u00e7\u00e3o da Classe - A Not\u00edcia Online","twitter:description":"Fisioterapeutas e terapeutas ocupacionais de Muria\u00e9 e regi\u00e3o se reuniram para 1\u00ba Jantar de Confraterniza\u00e7\u00e3o da Classe, na noite de sexta-feira (26), no Hotel Premmium Plaza. O objetivo do evento foi celebrar o Dia do Fisioterapeuta e do Terapeuta Ocupacional, comemorado, anualmente, em 13 de outubro. O jantar contou com m\u00fasica ao vivo e sorteio","twitter:image":"https:\/\/scontent-gig4-1.xx.fbcdn.net\/v\/t39.30808-1\/270437624_4564083193639691_6907940295614233970_n.jpg?stp=dst-jpg_s200x200_tt6&_nc_cat=111&ccb=1-7&_nc_sid=f907e8&_nc_ohc=SM1wRlP3lJwQ7kNvwEPuBYA&_nc_oc=AdnqrjDN_BNjSSHWO-GbkIWH6fkGMLw4bqvL_NH6e2wMveX7G-rP2dAqsDSq1mJMOaY&_nc_zt=24&_nc_ht=scontent-gig4-1.xx&_nc_gid=AoBFJeGrT1hVaew_6rchkQ&oh=00_AfX7QmFGhQhG2jAllVgXCiM1ZrWgvtp80-Bfppyexh1QEg&oe=689E923C"},"aioseo_meta_data":{"post_id":"64054","title":null,"description":null,"keywords":null,"keyphrases":null,"primary_term":null,"canonical_url":null,"og_title":null,"og_description":null,"og_object_type":"default","og_image_type":"default","og_image_url":null,"og_image_width":null,"og_image_height":null,"og_image_custom_url":null,"og_image_custom_fields":null,"og_video":null,"og_custom_url":null,"og_article_section":null,"og_article_tags":null,"twitter_use_og":false,"twitter_card":"default","twitter_image_type":"default","twitter_image_url":null,"twitter_image_custom_url":null,"twitter_image_custom_fields":null,"twitter_title":null,"twitter_description":null,"schema":{"blockGraphs":[],"customGraphs":[],"default":{"data":{"Article":[],"Course":[],"Dataset":[],"FAQPage":[],"Movie":[],"Person":[],"Product":[],"ProductReview":[],"Car":[],"Recipe":[],"Service":[],"SoftwareApplication":[],"WebPage":[]},"graphName":"","isEnabled":true},"graphs":[]},"schema_type":"default","schema_type_options":null,"pillar_content":false,"robots_default":true,"robots_noindex":false,"robots_noarchive":false,"robots_nosnippet":false,"robots_nofollow":false,"robots_noimageindex":false,"robots_noodp":false,"robots_notranslate":false,"robots_max_snippet":null,"robots_max_videopreview":null,"robots_max_imagepreview":"large","priority":null,"frequency":null,"local_seo":null,"breadcrumb_settings":null,"limit_modified_date":false,"ai":null,"created":"2025-08-16 22:01:28","updated":"2025-08-16 22:01:28","focus_keyword":null,"additional_keywords":null,"truseo_locale":null,"seo_analyzer_scan_date":null},"aioseo_breadcrumb":"<div class=\"aioseo-breadcrumbs\"><span class=\"aioseo-breadcrumb\">\n\t\t\t<a href=\"https:\/\/anoticiaonline.com.br\/site\" title=\"Home\">Home<\/a>\n\t\t<\/span><span class=\"aioseo-breadcrumb-separator\">&raquo;<\/span><span class=\"aioseo-breadcrumb\">\n\t\t\t<a href=\"https:\/\/anoticiaonline.com.br\/site\/categoria\/eventos\/\" title=\"Eventos\">Eventos<\/a>\n\t\t<\/span><span class=\"aioseo-breadcrumb-separator\">&raquo;<\/span><span class=\"aioseo-breadcrumb\">\n\t\t\tFisioterapeutas e terapeutas ocupacionais se re\u00fanem para 1\u00ba Jantar de Confraterniza\u00e7\u00e3o da Classe\n\t\t<\/span><\/div>","aioseo_breadcrumb_json":[{"label":"Home","link":"https:\/\/anoticiaonline.com.br\/site"},{"label":"Eventos","link":"https:\/\/anoticiaonline.com.br\/site\/categoria\/eventos\/"},{"label":"Fisioterapeutas e terapeutas ocupacionais se re\u00fanem para 1\u00ba Jantar de Confraterniza\u00e7\u00e3o da Classe","link":"https:\/\/anoticiaonline.com.br\/site\/fisioterapeutas-e-terapeutas-ocupacionais-se-reunem-para-1o-jantar-de-confraternizacao-da-classe\/"}],"views":147,"_links":{"self":[{"href":"https:\/\/anoticiaonline.com.br\/site\/wp-json\/wp\/v2\/posts\/64054","targetHints":{"allow":["GET"]}}],"collection":[{"href":"https:\/\/anoticiaonline.com.br\/site\/wp-json\/wp\/v2\/posts"}],"about":[{"href":"https:\/\/anoticiaonline.com.br\/site\/wp-json\/wp\/v2\/types\/post"}],"author":[{"embeddable":true,"href":"https:\/\/anoticiaonline.com.br\/site\/wp-json\/wp\/v2\/users\/7"}],"replies":[{"embeddable":true,"href":"https:\/\/anoticiaonline.com.br\/site\/wp-json\/wp\/v2\/comments?post=64054"}],"version-history":[{"count":0,"href":"https:\/\/anoticiaonline.com.br\/site\/wp-json\/wp\/v2\/posts\/64054\/revisions"}],"wp:featuredmedia":[{"embeddable":true,"href":"https:\/\/anoticiaonline.com.br\/site\/wp-json\/wp\/v2\/media\/64055"}],"wp:attachment":[{"href":"https:\/\/anoticiaonline.com.br\/site\/wp-json\/wp\/v2\/media?parent=64054"}],"wp:term":[{"taxonomy":"category","embeddable":true,"href":"https:\/\/anoticiaonline.com.br\/site\/wp-json\/wp\/v2\/categories?post=64054"},{"taxonomy":"post_tag","embeddable":true,"href":"https:\/\/anoticiaonline.com.br\/site\/wp-json\/wp\/v2\/tags?post=64054"}],"curies":[{"name":"wp","href":"https:\/\/api.w.org\/{rel}","templated":true}]}}