{"id":63985,"date":"2018-11-01T14:23:15","date_gmt":"2018-11-01T17:23:15","guid":{"rendered":"http:\/\/anoticiaonline.com.br\/site\/?p=63985"},"modified":"2018-11-01T14:23:15","modified_gmt":"2018-11-01T17:23:15","slug":"alunos-da-esp-doam-brinquedos-para-criancas-carentes-de-muriae","status":"publish","type":"post","link":"https:\/\/anoticiaonline.com.br\/site\/alunos-da-esp-doam-brinquedos-para-criancas-carentes-de-muriae\/","title":{"rendered":"Alunos da ESP doam brinquedos para crian\u00e7as carentes de Muria\u00e9"},"content":{"rendered":"<p><a href=\"https:\/\/anoticiaonline.com.br\/site\/wp-content\/uploads\/2018\/11\/DSC_0281.jpg\"><img fetchpriority=\"high\" decoding=\"async\" class=\"aligncenter size-full wp-image-63987\" src=\"https:\/\/anoticiaonline.com.br\/site\/wp-content\/uploads\/2018\/11\/DSC_0281.jpg\" alt=\"\" width=\"1000\" height=\"668\" srcset=\"https:\/\/anoticiaonline.com.br\/site\/wp-content\/uploads\/2018\/11\/DSC_0281.jpg 1000w, https:\/\/anoticiaonline.com.br\/site\/wp-content\/uploads\/2018\/11\/DSC_0281-300x200.jpg 300w, https:\/\/anoticiaonline.com.br\/site\/wp-content\/uploads\/2018\/11\/DSC_0281-768x513.jpg 768w\" sizes=\"(max-width: 1000px) 100vw, 1000px\" \/><\/a>A Escola S\u00e3o Paulo (ESP) doou, na tarde de ter\u00e7a-feira (30), brinquedos para crian\u00e7as da Casa Lar e da Escola Municipal Professora Z\u00e9lia Barros Carneiro. A a\u00e7\u00e3o social foi resultado de mais uma campanha promovida escola, que contou com a colabora\u00e7\u00e3o dos alunos do turno vespertino.<\/p>\n<p>Segundo o professor de Educa\u00e7\u00e3o F\u00edsica, Jairo Heleno de Souza, a campanha j\u00e1 existia na ESP e \u00e9 promovida atrav\u00e9s de uma gincana esportiva. \u201cDecidimos seguir com a campanha criada pelo professor Baldanza. Arrecadamos, durante duas semanas de jogos e o show de calouros, uma quantidade significativa de brinquedos que far\u00e3o a alegria de muitas crian\u00e7as carentes de Muria\u00e9\u201d.<\/p>\n<p><a href=\"https:\/\/anoticiaonline.com.br\/site\/wp-content\/uploads\/2018\/11\/DSC_0271.jpg\"><img decoding=\"async\" class=\"aligncenter size-full wp-image-63988\" src=\"https:\/\/anoticiaonline.com.br\/site\/wp-content\/uploads\/2018\/11\/DSC_0271.jpg\" alt=\"\" width=\"1000\" height=\"668\" srcset=\"https:\/\/anoticiaonline.com.br\/site\/wp-content\/uploads\/2018\/11\/DSC_0271.jpg 1000w, https:\/\/anoticiaonline.com.br\/site\/wp-content\/uploads\/2018\/11\/DSC_0271-300x200.jpg 300w, https:\/\/anoticiaonline.com.br\/site\/wp-content\/uploads\/2018\/11\/DSC_0271-768x513.jpg 768w\" sizes=\"(max-width: 1000px) 100vw, 1000px\" \/><\/a>De acordo com Daniela Maria Veiga Sigiliano, coordenadora da Casa Lar, a Escola S\u00e3o Paulo \u00e9 uma grande parceira da entidade. \u201cTodos da ESP t\u00eam um grande carinho com as crian\u00e7as que s\u00e3o atendidas pela Casa Lar. O professor Jairo j\u00e1 deu aulas de futebol e o professor Jos\u00e9 Nicodemos tamb\u00e9m j\u00e1 doou uma bolsa de estudos para um de nossos jovens\u201d.<\/p>\n<p>A acad\u00eamica do 6\u00ba per\u00edodo do curso de Direito do Unifaminas, Tarciana de Aguiar Braga, acompanhou a doa\u00e7\u00e3o dos brinquedos, visto que o Centro Universit\u00e1rio foi parceiro do projeto, indicando os alunos da Escola Municipal Professora Z\u00e9lia Barros Carneiro a participarem do tema \u201cDireitos e Deveres das Crian\u00e7as\u201d, segundo o Estatuto da Crian\u00e7a e do Adolescente (ECA).<\/p>\n<p>Segundo Miriam Sueli Ramos, diretora da Escola Municipal Professora Z\u00e9lia Barros Carneiro, a mobiliza\u00e7\u00e3o da ESP e do Unifaminas ajudar\u00e1 muito a creche da institui\u00e7\u00e3o. \u201cA Escola atende, aproximadamente, sete bairros, como a Vila Cavalier, o Aeroporto e o Napole\u00e3o. S\u00e3o crian\u00e7as que passam o dia inteiro na creche e, por isso, a necessidade de brinquedos \u00e9 grande. Dessa forma, gostaria muito de agradecer a ESP e o Unifaminas pela bela iniciativa\u201d.<\/p>\n<div id='gallery-1' class='gallery galleryid-63985 gallery-columns-1 gallery-size-full'><figure class='gallery-item'>\n\t\t\t<div class='gallery-icon landscape'>\n\t\t\t\t<a href='https:\/\/anoticiaonline.com.br\/site\/wp-content\/uploads\/2018\/11\/DSC_0260.jpg'><img decoding=\"async\" width=\"1000\" height=\"668\" src=\"https:\/\/anoticiaonline.com.br\/site\/wp-content\/uploads\/2018\/11\/DSC_0260.jpg\" class=\"attachment-full size-full\" alt=\"\" srcset=\"https:\/\/anoticiaonline.com.br\/site\/wp-content\/uploads\/2018\/11\/DSC_0260.jpg 1000w, https:\/\/anoticiaonline.com.br\/site\/wp-content\/uploads\/2018\/11\/DSC_0260-300x200.jpg 300w, https:\/\/anoticiaonline.com.br\/site\/wp-content\/uploads\/2018\/11\/DSC_0260-768x513.jpg 768w\" sizes=\"(max-width: 1000px) 100vw, 1000px\" \/><\/a>\n\t\t\t<\/div><\/figure><figure class='gallery-item'>\n\t\t\t<div class='gallery-icon landscape'>\n\t\t\t\t<a href='https:\/\/anoticiaonline.com.br\/site\/wp-content\/uploads\/2018\/11\/DSC_0263.jpg'><img loading=\"lazy\" decoding=\"async\" width=\"1000\" height=\"668\" src=\"https:\/\/anoticiaonline.com.br\/site\/wp-content\/uploads\/2018\/11\/DSC_0263.jpg\" class=\"attachment-full size-full\" alt=\"\" srcset=\"https:\/\/anoticiaonline.com.br\/site\/wp-content\/uploads\/2018\/11\/DSC_0263.jpg 1000w, https:\/\/anoticiaonline.com.br\/site\/wp-content\/uploads\/2018\/11\/DSC_0263-300x200.jpg 300w, https:\/\/anoticiaonline.com.br\/site\/wp-content\/uploads\/2018\/11\/DSC_0263-768x513.jpg 768w\" sizes=\"(max-width: 1000px) 100vw, 1000px\" \/><\/a>\n\t\t\t<\/div><\/figure><figure class='gallery-item'>\n\t\t\t<div class='gallery-icon landscape'>\n\t\t\t\t<a href='https:\/\/anoticiaonline.com.br\/site\/wp-content\/uploads\/2018\/11\/DSC_0301.jpg'><img loading=\"lazy\" decoding=\"async\" width=\"1000\" height=\"668\" src=\"https:\/\/anoticiaonline.com.br\/site\/wp-content\/uploads\/2018\/11\/DSC_0301.jpg\" class=\"attachment-full size-full\" alt=\"\" srcset=\"https:\/\/anoticiaonline.com.br\/site\/wp-content\/uploads\/2018\/11\/DSC_0301.jpg 1000w, https:\/\/anoticiaonline.com.br\/site\/wp-content\/uploads\/2018\/11\/DSC_0301-300x200.jpg 300w, https:\/\/anoticiaonline.com.br\/site\/wp-content\/uploads\/2018\/11\/DSC_0301-768x513.jpg 768w\" sizes=\"(max-width: 1000px) 100vw, 1000px\" \/><\/a>\n\t\t\t<\/div><\/figure><figure class='gallery-item'>\n\t\t\t<div class='gallery-icon landscape'>\n\t\t\t\t<a href='https:\/\/anoticiaonline.com.br\/site\/wp-content\/uploads\/2018\/11\/DSC_0324.jpg'><img loading=\"lazy\" decoding=\"async\" width=\"1000\" height=\"668\" src=\"https:\/\/anoticiaonline.com.br\/site\/wp-content\/uploads\/2018\/11\/DSC_0324.jpg\" class=\"attachment-full size-full\" alt=\"\" srcset=\"https:\/\/anoticiaonline.com.br\/site\/wp-content\/uploads\/2018\/11\/DSC_0324.jpg 1000w, https:\/\/anoticiaonline.com.br\/site\/wp-content\/uploads\/2018\/11\/DSC_0324-300x200.jpg 300w, https:\/\/anoticiaonline.com.br\/site\/wp-content\/uploads\/2018\/11\/DSC_0324-768x513.jpg 768w\" sizes=\"(max-width: 1000px) 100vw, 1000px\" \/><\/a>\n\t\t\t<\/div><\/figure><figure class='gallery-item'>\n\t\t\t<div class='gallery-icon landscape'>\n\t\t\t\t<a href='https:\/\/anoticiaonline.com.br\/site\/wp-content\/uploads\/2018\/11\/DSC_0365.jpg'><img loading=\"lazy\" decoding=\"async\" width=\"1000\" height=\"668\" src=\"https:\/\/anoticiaonline.com.br\/site\/wp-content\/uploads\/2018\/11\/DSC_0365.jpg\" class=\"attachment-full size-full\" alt=\"\" srcset=\"https:\/\/anoticiaonline.com.br\/site\/wp-content\/uploads\/2018\/11\/DSC_0365.jpg 1000w, https:\/\/anoticiaonline.com.br\/site\/wp-content\/uploads\/2018\/11\/DSC_0365-300x200.jpg 300w, https:\/\/anoticiaonline.com.br\/site\/wp-content\/uploads\/2018\/11\/DSC_0365-768x513.jpg 768w\" sizes=\"(max-width: 1000px) 100vw, 1000px\" \/><\/a>\n\t\t\t<\/div><\/figure>\n\t\t<\/div>\n\n","protected":false},"excerpt":{"rendered":"<p>A Escola S\u00e3o Paulo (ESP) doou, na tarde de ter\u00e7a-feira (30), brinquedos para crian\u00e7as da Casa Lar e da Escola Municipal Professora Z\u00e9lia Barros Carneiro. A a\u00e7\u00e3o social foi resultado de mais uma campanha promovida escola, que contou com a colabora\u00e7\u00e3o dos alunos do turno vespertino. Segundo o professor de Educa\u00e7\u00e3o F\u00edsica, Jairo Heleno de &#8230; <a title=\"Alunos da ESP doam brinquedos para crian\u00e7as carentes de Muria\u00e9\" class=\"read-more\" href=\"https:\/\/anoticiaonline.com.br\/site\/alunos-da-esp-doam-brinquedos-para-criancas-carentes-de-muriae\/\" aria-label=\"Read more about Alunos da ESP doam brinquedos para crian\u00e7as carentes de Muria\u00e9\">Ler mais<\/a><\/p>\n","protected":false},"author":7,"featured_media":63986,"comment_status":"open","ping_status":"open","sticky":false,"template":"","format":"standard","meta":{"_acf_changed":false,"_monsterinsights_skip_tracking":false,"footnotes":""},"categories":[30,24],"tags":[3356,249,3357],"class_list":["post-63985","post","type-post","status-publish","format-standard","has-post-thumbnail","hentry","category-muriae","category-eventos","tag-casa-lar-e-da-escola-municipal-professora-zelia-barros-carneiro","tag-escola-sao-paulo","tag-tarciana-de-aguiar-braga"],"acf":[],"aioseo_notices":[],"aioseo_head":"\n\t\t<!-- All in One SEO 5.0.0.1 - aioseo.com -->\n\t<meta name=\"description\" content=\"A Escola S\u00e3o Paulo (ESP) doou, na tarde de ter\u00e7a-feira (30), brinquedos para crian\u00e7as da Casa Lar e da Escola Municipal Professora Z\u00e9lia Barros Carneiro. A a\u00e7\u00e3o social foi resultado de mais uma campanha promovida escola, que contou com a colabora\u00e7\u00e3o dos alunos do turno vespertino. Segundo o professor de Educa\u00e7\u00e3o F\u00edsica, Jairo Heleno de\" \/>\n\t<meta name=\"robots\" content=\"max-image-preview:large\" \/>\n\t<meta name=\"author\" content=\"Leandro Bebiano\"\/>\n\t<link rel=\"canonical\" href=\"https:\/\/anoticiaonline.com.br\/site\/alunos-da-esp-doam-brinquedos-para-criancas-carentes-de-muriae\/\" \/>\n\t<meta name=\"generator\" content=\"All in One SEO (AIOSEO) 5.0.0.1\" \/>\n\t\t<meta property=\"og:locale\" content=\"pt_BR\" \/>\n\t\t<meta property=\"og:site_name\" content=\"A Not\u00edcia Online - Noticias de Muria\u00e9 e regi\u00e3o\" \/>\n\t\t<meta property=\"og:type\" content=\"article\" \/>\n\t\t<meta property=\"og:title\" content=\"Alunos da ESP doam brinquedos para crian\u00e7as carentes de Muria\u00e9 - A Not\u00edcia Online\" \/>\n\t\t<meta property=\"og:description\" content=\"A Escola S\u00e3o Paulo (ESP) doou, na tarde de ter\u00e7a-feira (30), brinquedos para crian\u00e7as da Casa Lar e da Escola Municipal Professora Z\u00e9lia Barros Carneiro. A a\u00e7\u00e3o social foi resultado de mais uma campanha promovida escola, que contou com a colabora\u00e7\u00e3o dos alunos do turno vespertino. Segundo o professor de Educa\u00e7\u00e3o F\u00edsica, Jairo Heleno de\" \/>\n\t\t<meta property=\"og:url\" content=\"https:\/\/anoticiaonline.com.br\/site\/alunos-da-esp-doam-brinquedos-para-criancas-carentes-de-muriae\/\" \/>\n\t\t<meta property=\"og:image\" content=\"https:\/\/scontent-gig4-1.xx.fbcdn.net\/v\/t39.30808-1\/270437624_4564083193639691_6907940295614233970_n.jpg?stp=dst-jpg_s200x200_tt6&#038;_nc_cat=111&#038;ccb=1-7&#038;_nc_sid=f907e8&#038;_nc_ohc=SM1wRlP3lJwQ7kNvwEPuBYA&#038;_nc_oc=AdnqrjDN_BNjSSHWO-GbkIWH6fkGMLw4bqvL_NH6e2wMveX7G-rP2dAqsDSq1mJMOaY&#038;_nc_zt=24&#038;_nc_ht=scontent-gig4-1.xx&#038;_nc_gid=AoBFJeGrT1hVaew_6rchkQ&#038;oh=00_AfX7QmFGhQhG2jAllVgXCiM1ZrWgvtp80-Bfppyexh1QEg&#038;oe=689E923C\" \/>\n\t\t<meta property=\"og:image:secure_url\" content=\"https:\/\/scontent-gig4-1.xx.fbcdn.net\/v\/t39.30808-1\/270437624_4564083193639691_6907940295614233970_n.jpg?stp=dst-jpg_s200x200_tt6&#038;_nc_cat=111&#038;ccb=1-7&#038;_nc_sid=f907e8&#038;_nc_ohc=SM1wRlP3lJwQ7kNvwEPuBYA&#038;_nc_oc=AdnqrjDN_BNjSSHWO-GbkIWH6fkGMLw4bqvL_NH6e2wMveX7G-rP2dAqsDSq1mJMOaY&#038;_nc_zt=24&#038;_nc_ht=scontent-gig4-1.xx&#038;_nc_gid=AoBFJeGrT1hVaew_6rchkQ&#038;oh=00_AfX7QmFGhQhG2jAllVgXCiM1ZrWgvtp80-Bfppyexh1QEg&#038;oe=689E923C\" \/>\n\t\t<meta property=\"article:published_time\" content=\"2018-11-01T17:23:15+00:00\" \/>\n\t\t<meta property=\"article:modified_time\" content=\"2018-11-01T17:23:15+00:00\" \/>\n\t\t<meta name=\"twitter:card\" content=\"summary_large_image\" \/>\n\t\t<meta name=\"twitter:title\" content=\"Alunos da ESP doam brinquedos para crian\u00e7as carentes de Muria\u00e9 - A Not\u00edcia Online\" \/>\n\t\t<meta name=\"twitter:description\" content=\"A Escola S\u00e3o Paulo (ESP) doou, na tarde de ter\u00e7a-feira (30), brinquedos para crian\u00e7as da Casa Lar e da Escola Municipal Professora Z\u00e9lia Barros Carneiro. A a\u00e7\u00e3o social foi resultado de mais uma campanha promovida escola, que contou com a colabora\u00e7\u00e3o dos alunos do turno vespertino. Segundo o professor de Educa\u00e7\u00e3o F\u00edsica, Jairo Heleno de\" \/>\n\t\t<meta name=\"twitter:image\" content=\"https:\/\/scontent-gig4-1.xx.fbcdn.net\/v\/t39.30808-1\/270437624_4564083193639691_6907940295614233970_n.jpg?stp=dst-jpg_s200x200_tt6&amp;_nc_cat=111&amp;ccb=1-7&amp;_nc_sid=f907e8&amp;_nc_ohc=SM1wRlP3lJwQ7kNvwEPuBYA&amp;_nc_oc=AdnqrjDN_BNjSSHWO-GbkIWH6fkGMLw4bqvL_NH6e2wMveX7G-rP2dAqsDSq1mJMOaY&amp;_nc_zt=24&amp;_nc_ht=scontent-gig4-1.xx&amp;_nc_gid=AoBFJeGrT1hVaew_6rchkQ&amp;oh=00_AfX7QmFGhQhG2jAllVgXCiM1ZrWgvtp80-Bfppyexh1QEg&amp;oe=689E923C\" \/>\n\t\t<script type=\"application\/ld+json\" class=\"aioseo-schema\">\n\t\t\t{\"@context\":\"https:\\\/\\\/schema.org\",\"@graph\":[{\"@type\":\"BlogPosting\",\"@id\":\"https:\\\/\\\/anoticiaonline.com.br\\\/site\\\/alunos-da-esp-doam-brinquedos-para-criancas-carentes-de-muriae\\\/#blogposting\",\"name\":\"Alunos da ESP doam brinquedos para crian\\u00e7as carentes de Muria\\u00e9 - A Not\\u00edcia Online\",\"headline\":\"Alunos da ESP doam brinquedos para crian\\u00e7as carentes de Muria\\u00e9\",\"author\":{\"@id\":\"https:\\\/\\\/anoticiaonline.com.br\\\/site\\\/author\\\/leandro\\\/#author\"},\"publisher\":{\"@id\":\"https:\\\/\\\/anoticiaonline.com.br\\\/site\\\/#organization\"},\"image\":{\"@type\":\"ImageObject\",\"url\":\"https:\\\/\\\/anoticiaonline.com.br\\\/site\\\/wp-content\\\/uploads\\\/2018\\\/11\\\/CAPA-BRINQUEDOS.jpg\",\"width\":1000,\"height\":350},\"datePublished\":\"2018-11-01T14:23:15-03:00\",\"dateModified\":\"2018-11-01T14:23:15-03:00\",\"inLanguage\":\"pt-BR\",\"mainEntityOfPage\":{\"@id\":\"https:\\\/\\\/anoticiaonline.com.br\\\/site\\\/alunos-da-esp-doam-brinquedos-para-criancas-carentes-de-muriae\\\/#webpage\"},\"isPartOf\":{\"@id\":\"https:\\\/\\\/anoticiaonline.com.br\\\/site\\\/alunos-da-esp-doam-brinquedos-para-criancas-carentes-de-muriae\\\/#webpage\"},\"articleSection\":\"Blog, Eventos, Casa Lar e da Escola Municipal Professora Z\\u00e9lia Barros Carneiro, escola s\\u00e3o paulo, Tarciana de Aguiar Braga\"},{\"@type\":\"BreadcrumbList\",\"@id\":\"https:\\\/\\\/anoticiaonline.com.br\\\/site\\\/alunos-da-esp-doam-brinquedos-para-criancas-carentes-de-muriae\\\/#breadcrumblist\",\"itemListElement\":[{\"@type\":\"ListItem\",\"@id\":\"https:\\\/\\\/anoticiaonline.com.br\\\/site#listItem\",\"position\":1,\"name\":\"Home\",\"item\":\"https:\\\/\\\/anoticiaonline.com.br\\\/site\",\"nextItem\":{\"@type\":\"ListItem\",\"@id\":\"https:\\\/\\\/anoticiaonline.com.br\\\/site\\\/categoria\\\/eventos\\\/#listItem\",\"name\":\"Eventos\"}},{\"@type\":\"ListItem\",\"@id\":\"https:\\\/\\\/anoticiaonline.com.br\\\/site\\\/categoria\\\/eventos\\\/#listItem\",\"position\":2,\"name\":\"Eventos\",\"item\":\"https:\\\/\\\/anoticiaonline.com.br\\\/site\\\/categoria\\\/eventos\\\/\",\"nextItem\":{\"@type\":\"ListItem\",\"@id\":\"https:\\\/\\\/anoticiaonline.com.br\\\/site\\\/alunos-da-esp-doam-brinquedos-para-criancas-carentes-de-muriae\\\/#listItem\",\"name\":\"Alunos da ESP doam brinquedos para crian\\u00e7as carentes de Muria\\u00e9\"},\"previousItem\":{\"@type\":\"ListItem\",\"@id\":\"https:\\\/\\\/anoticiaonline.com.br\\\/site#listItem\",\"name\":\"Home\"}},{\"@type\":\"ListItem\",\"@id\":\"https:\\\/\\\/anoticiaonline.com.br\\\/site\\\/alunos-da-esp-doam-brinquedos-para-criancas-carentes-de-muriae\\\/#listItem\",\"position\":3,\"name\":\"Alunos da ESP doam brinquedos para crian\\u00e7as carentes de Muria\\u00e9\",\"previousItem\":{\"@type\":\"ListItem\",\"@id\":\"https:\\\/\\\/anoticiaonline.com.br\\\/site\\\/categoria\\\/eventos\\\/#listItem\",\"name\":\"Eventos\"}}]},{\"@type\":\"Organization\",\"@id\":\"https:\\\/\\\/anoticiaonline.com.br\\\/site\\\/#organization\",\"name\":\"A Not\\u00edcia Online\",\"description\":\"Noticias de Muria\\u00e9 e regi\\u00e3o\",\"url\":\"https:\\\/\\\/anoticiaonline.com.br\\\/site\\\/\",\"logo\":{\"@type\":\"ImageObject\",\"url\":\"https:\\\/\\\/scontent-gig4-1.xx.fbcdn.net\\\/v\\\/t39.30808-1\\\/270437624_4564083193639691_6907940295614233970_n.jpg?stp=dst-jpg_s200x200_tt6&_nc_cat=111&ccb=1-7&_nc_sid=f907e8&_nc_ohc=SM1wRlP3lJwQ7kNvwEPuBYA&_nc_oc=AdnqrjDN_BNjSSHWO-GbkIWH6fkGMLw4bqvL_NH6e2wMveX7G-rP2dAqsDSq1mJMOaY&_nc_zt=24&_nc_ht=scontent-gig4-1.xx&_nc_gid=AoBFJeGrT1hVaew_6rchkQ&oh=00_AfX7QmFGhQhG2jAllVgXCiM1ZrWgvtp80-Bfppyexh1QEg&oe=689E923C\",\"@id\":\"https:\\\/\\\/anoticiaonline.com.br\\\/site\\\/alunos-da-esp-doam-brinquedos-para-criancas-carentes-de-muriae\\\/#organizationLogo\"},\"image\":{\"@id\":\"https:\\\/\\\/anoticiaonline.com.br\\\/site\\\/alunos-da-esp-doam-brinquedos-para-criancas-carentes-de-muriae\\\/#organizationLogo\"}},{\"@type\":\"Person\",\"@id\":\"https:\\\/\\\/anoticiaonline.com.br\\\/site\\\/author\\\/leandro\\\/#author\",\"url\":\"https:\\\/\\\/anoticiaonline.com.br\\\/site\\\/author\\\/leandro\\\/\",\"name\":\"Leandro Bebiano\",\"image\":{\"@type\":\"ImageObject\",\"@id\":\"https:\\\/\\\/anoticiaonline.com.br\\\/site\\\/alunos-da-esp-doam-brinquedos-para-criancas-carentes-de-muriae\\\/#authorImage\",\"url\":\"https:\\\/\\\/secure.gravatar.com\\\/avatar\\\/99966a20c143db97c8590c2013307c7c234a4cca48ed5657cbb47e22a400bd5f?s=96&d=mm&r=g\",\"width\":96,\"height\":96,\"caption\":\"Leandro Bebiano\"}},{\"@type\":\"WebPage\",\"@id\":\"https:\\\/\\\/anoticiaonline.com.br\\\/site\\\/alunos-da-esp-doam-brinquedos-para-criancas-carentes-de-muriae\\\/#webpage\",\"url\":\"https:\\\/\\\/anoticiaonline.com.br\\\/site\\\/alunos-da-esp-doam-brinquedos-para-criancas-carentes-de-muriae\\\/\",\"name\":\"Alunos da ESP doam brinquedos para crian\\u00e7as carentes de Muria\\u00e9 - A Not\\u00edcia Online\",\"description\":\"A Escola S\\u00e3o Paulo (ESP) doou, na tarde de ter\\u00e7a-feira (30), brinquedos para crian\\u00e7as da Casa Lar e da Escola Municipal Professora Z\\u00e9lia Barros Carneiro. A a\\u00e7\\u00e3o social foi resultado de mais uma campanha promovida escola, que contou com a colabora\\u00e7\\u00e3o dos alunos do turno vespertino. Segundo o professor de Educa\\u00e7\\u00e3o F\\u00edsica, Jairo Heleno de\",\"inLanguage\":\"pt-BR\",\"isPartOf\":{\"@id\":\"https:\\\/\\\/anoticiaonline.com.br\\\/site\\\/#website\"},\"breadcrumb\":{\"@id\":\"https:\\\/\\\/anoticiaonline.com.br\\\/site\\\/alunos-da-esp-doam-brinquedos-para-criancas-carentes-de-muriae\\\/#breadcrumblist\"},\"author\":{\"@id\":\"https:\\\/\\\/anoticiaonline.com.br\\\/site\\\/author\\\/leandro\\\/#author\"},\"creator\":{\"@id\":\"https:\\\/\\\/anoticiaonline.com.br\\\/site\\\/author\\\/leandro\\\/#author\"},\"image\":{\"@type\":\"ImageObject\",\"url\":\"https:\\\/\\\/anoticiaonline.com.br\\\/site\\\/wp-content\\\/uploads\\\/2018\\\/11\\\/CAPA-BRINQUEDOS.jpg\",\"@id\":\"https:\\\/\\\/anoticiaonline.com.br\\\/site\\\/alunos-da-esp-doam-brinquedos-para-criancas-carentes-de-muriae\\\/#mainImage\",\"width\":1000,\"height\":350},\"primaryImageOfPage\":{\"@id\":\"https:\\\/\\\/anoticiaonline.com.br\\\/site\\\/alunos-da-esp-doam-brinquedos-para-criancas-carentes-de-muriae\\\/#mainImage\"},\"datePublished\":\"2018-11-01T14:23:15-03:00\",\"dateModified\":\"2018-11-01T14:23:15-03:00\"},{\"@type\":\"WebSite\",\"@id\":\"https:\\\/\\\/anoticiaonline.com.br\\\/site\\\/#website\",\"url\":\"https:\\\/\\\/anoticiaonline.com.br\\\/site\\\/\",\"name\":\"A Not\\u00edcia Online\",\"description\":\"Noticias de Muria\\u00e9 e regi\\u00e3o\",\"inLanguage\":\"pt-BR\",\"publisher\":{\"@id\":\"https:\\\/\\\/anoticiaonline.com.br\\\/site\\\/#organization\"}}]}\n\t\t<\/script>\n\t\t<!-- All in One SEO -->\n\n","aioseo_head_json":{"title":"Alunos da ESP doam brinquedos para crian\u00e7as carentes de Muria\u00e9 - A Not\u00edcia Online","description":"A Escola S\u00e3o Paulo (ESP) doou, na tarde de ter\u00e7a-feira (30), brinquedos para crian\u00e7as da Casa Lar e da Escola Municipal Professora Z\u00e9lia Barros Carneiro. A a\u00e7\u00e3o social foi resultado de mais uma campanha promovida escola, que contou com a colabora\u00e7\u00e3o dos alunos do turno vespertino. Segundo o professor de Educa\u00e7\u00e3o F\u00edsica, Jairo Heleno de","canonical_url":"https:\/\/anoticiaonline.com.br\/site\/alunos-da-esp-doam-brinquedos-para-criancas-carentes-de-muriae\/","robots":"max-image-preview:large","keywords":"","webmasterTools":{"miscellaneous":""},"schema":{"@context":"https:\/\/schema.org","@graph":[{"@type":"BlogPosting","@id":"https:\/\/anoticiaonline.com.br\/site\/alunos-da-esp-doam-brinquedos-para-criancas-carentes-de-muriae\/#blogposting","name":"Alunos da ESP doam brinquedos para crian\u00e7as carentes de Muria\u00e9 - A Not\u00edcia Online","headline":"Alunos da ESP doam brinquedos para crian\u00e7as carentes de Muria\u00e9","author":{"@id":"https:\/\/anoticiaonline.com.br\/site\/author\/leandro\/#author"},"publisher":{"@id":"https:\/\/anoticiaonline.com.br\/site\/#organization"},"image":{"@type":"ImageObject","url":"https:\/\/anoticiaonline.com.br\/site\/wp-content\/uploads\/2018\/11\/CAPA-BRINQUEDOS.jpg","width":1000,"height":350},"datePublished":"2018-11-01T14:23:15-03:00","dateModified":"2018-11-01T14:23:15-03:00","inLanguage":"pt-BR","mainEntityOfPage":{"@id":"https:\/\/anoticiaonline.com.br\/site\/alunos-da-esp-doam-brinquedos-para-criancas-carentes-de-muriae\/#webpage"},"isPartOf":{"@id":"https:\/\/anoticiaonline.com.br\/site\/alunos-da-esp-doam-brinquedos-para-criancas-carentes-de-muriae\/#webpage"},"articleSection":"Blog, Eventos, Casa Lar e da Escola Municipal Professora Z\u00e9lia Barros Carneiro, escola s\u00e3o paulo, Tarciana de Aguiar Braga"},{"@type":"BreadcrumbList","@id":"https:\/\/anoticiaonline.com.br\/site\/alunos-da-esp-doam-brinquedos-para-criancas-carentes-de-muriae\/#breadcrumblist","itemListElement":[{"@type":"ListItem","@id":"https:\/\/anoticiaonline.com.br\/site#listItem","position":1,"name":"Home","item":"https:\/\/anoticiaonline.com.br\/site","nextItem":{"@type":"ListItem","@id":"https:\/\/anoticiaonline.com.br\/site\/categoria\/eventos\/#listItem","name":"Eventos"}},{"@type":"ListItem","@id":"https:\/\/anoticiaonline.com.br\/site\/categoria\/eventos\/#listItem","position":2,"name":"Eventos","item":"https:\/\/anoticiaonline.com.br\/site\/categoria\/eventos\/","nextItem":{"@type":"ListItem","@id":"https:\/\/anoticiaonline.com.br\/site\/alunos-da-esp-doam-brinquedos-para-criancas-carentes-de-muriae\/#listItem","name":"Alunos da ESP doam brinquedos para crian\u00e7as carentes de Muria\u00e9"},"previousItem":{"@type":"ListItem","@id":"https:\/\/anoticiaonline.com.br\/site#listItem","name":"Home"}},{"@type":"ListItem","@id":"https:\/\/anoticiaonline.com.br\/site\/alunos-da-esp-doam-brinquedos-para-criancas-carentes-de-muriae\/#listItem","position":3,"name":"Alunos da ESP doam brinquedos para crian\u00e7as carentes de Muria\u00e9","previousItem":{"@type":"ListItem","@id":"https:\/\/anoticiaonline.com.br\/site\/categoria\/eventos\/#listItem","name":"Eventos"}}]},{"@type":"Organization","@id":"https:\/\/anoticiaonline.com.br\/site\/#organization","name":"A Not\u00edcia Online","description":"Noticias de Muria\u00e9 e regi\u00e3o","url":"https:\/\/anoticiaonline.com.br\/site\/","logo":{"@type":"ImageObject","url":"https:\/\/scontent-gig4-1.xx.fbcdn.net\/v\/t39.30808-1\/270437624_4564083193639691_6907940295614233970_n.jpg?stp=dst-jpg_s200x200_tt6&_nc_cat=111&ccb=1-7&_nc_sid=f907e8&_nc_ohc=SM1wRlP3lJwQ7kNvwEPuBYA&_nc_oc=AdnqrjDN_BNjSSHWO-GbkIWH6fkGMLw4bqvL_NH6e2wMveX7G-rP2dAqsDSq1mJMOaY&_nc_zt=24&_nc_ht=scontent-gig4-1.xx&_nc_gid=AoBFJeGrT1hVaew_6rchkQ&oh=00_AfX7QmFGhQhG2jAllVgXCiM1ZrWgvtp80-Bfppyexh1QEg&oe=689E923C","@id":"https:\/\/anoticiaonline.com.br\/site\/alunos-da-esp-doam-brinquedos-para-criancas-carentes-de-muriae\/#organizationLogo"},"image":{"@id":"https:\/\/anoticiaonline.com.br\/site\/alunos-da-esp-doam-brinquedos-para-criancas-carentes-de-muriae\/#organizationLogo"}},{"@type":"Person","@id":"https:\/\/anoticiaonline.com.br\/site\/author\/leandro\/#author","url":"https:\/\/anoticiaonline.com.br\/site\/author\/leandro\/","name":"Leandro Bebiano","image":{"@type":"ImageObject","@id":"https:\/\/anoticiaonline.com.br\/site\/alunos-da-esp-doam-brinquedos-para-criancas-carentes-de-muriae\/#authorImage","url":"https:\/\/secure.gravatar.com\/avatar\/99966a20c143db97c8590c2013307c7c234a4cca48ed5657cbb47e22a400bd5f?s=96&d=mm&r=g","width":96,"height":96,"caption":"Leandro Bebiano"}},{"@type":"WebPage","@id":"https:\/\/anoticiaonline.com.br\/site\/alunos-da-esp-doam-brinquedos-para-criancas-carentes-de-muriae\/#webpage","url":"https:\/\/anoticiaonline.com.br\/site\/alunos-da-esp-doam-brinquedos-para-criancas-carentes-de-muriae\/","name":"Alunos da ESP doam brinquedos para crian\u00e7as carentes de Muria\u00e9 - A Not\u00edcia Online","description":"A Escola S\u00e3o Paulo (ESP) doou, na tarde de ter\u00e7a-feira (30), brinquedos para crian\u00e7as da Casa Lar e da Escola Municipal Professora Z\u00e9lia Barros Carneiro. A a\u00e7\u00e3o social foi resultado de mais uma campanha promovida escola, que contou com a colabora\u00e7\u00e3o dos alunos do turno vespertino. Segundo o professor de Educa\u00e7\u00e3o F\u00edsica, Jairo Heleno de","inLanguage":"pt-BR","isPartOf":{"@id":"https:\/\/anoticiaonline.com.br\/site\/#website"},"breadcrumb":{"@id":"https:\/\/anoticiaonline.com.br\/site\/alunos-da-esp-doam-brinquedos-para-criancas-carentes-de-muriae\/#breadcrumblist"},"author":{"@id":"https:\/\/anoticiaonline.com.br\/site\/author\/leandro\/#author"},"creator":{"@id":"https:\/\/anoticiaonline.com.br\/site\/author\/leandro\/#author"},"image":{"@type":"ImageObject","url":"https:\/\/anoticiaonline.com.br\/site\/wp-content\/uploads\/2018\/11\/CAPA-BRINQUEDOS.jpg","@id":"https:\/\/anoticiaonline.com.br\/site\/alunos-da-esp-doam-brinquedos-para-criancas-carentes-de-muriae\/#mainImage","width":1000,"height":350},"primaryImageOfPage":{"@id":"https:\/\/anoticiaonline.com.br\/site\/alunos-da-esp-doam-brinquedos-para-criancas-carentes-de-muriae\/#mainImage"},"datePublished":"2018-11-01T14:23:15-03:00","dateModified":"2018-11-01T14:23:15-03:00"},{"@type":"WebSite","@id":"https:\/\/anoticiaonline.com.br\/site\/#website","url":"https:\/\/anoticiaonline.com.br\/site\/","name":"A Not\u00edcia Online","description":"Noticias de Muria\u00e9 e regi\u00e3o","inLanguage":"pt-BR","publisher":{"@id":"https:\/\/anoticiaonline.com.br\/site\/#organization"}}]},"og:locale":"pt_BR","og:site_name":"A Not\u00edcia Online - Noticias de Muria\u00e9 e regi\u00e3o","og:type":"article","og:title":"Alunos da ESP doam brinquedos para crian\u00e7as carentes de Muria\u00e9 - A Not\u00edcia Online","og:description":"A Escola S\u00e3o Paulo (ESP) doou, na tarde de ter\u00e7a-feira (30), brinquedos para crian\u00e7as da Casa Lar e da Escola Municipal Professora Z\u00e9lia Barros Carneiro. A a\u00e7\u00e3o social foi resultado de mais uma campanha promovida escola, que contou com a colabora\u00e7\u00e3o dos alunos do turno vespertino. Segundo o professor de Educa\u00e7\u00e3o F\u00edsica, Jairo Heleno de","og:url":"https:\/\/anoticiaonline.com.br\/site\/alunos-da-esp-doam-brinquedos-para-criancas-carentes-de-muriae\/","og:image":"https:\/\/scontent-gig4-1.xx.fbcdn.net\/v\/t39.30808-1\/270437624_4564083193639691_6907940295614233970_n.jpg?stp=dst-jpg_s200x200_tt6&#038;_nc_cat=111&#038;ccb=1-7&#038;_nc_sid=f907e8&#038;_nc_ohc=SM1wRlP3lJwQ7kNvwEPuBYA&#038;_nc_oc=AdnqrjDN_BNjSSHWO-GbkIWH6fkGMLw4bqvL_NH6e2wMveX7G-rP2dAqsDSq1mJMOaY&#038;_nc_zt=24&#038;_nc_ht=scontent-gig4-1.xx&#038;_nc_gid=AoBFJeGrT1hVaew_6rchkQ&#038;oh=00_AfX7QmFGhQhG2jAllVgXCiM1ZrWgvtp80-Bfppyexh1QEg&#038;oe=689E923C","og:image:secure_url":"https:\/\/scontent-gig4-1.xx.fbcdn.net\/v\/t39.30808-1\/270437624_4564083193639691_6907940295614233970_n.jpg?stp=dst-jpg_s200x200_tt6&#038;_nc_cat=111&#038;ccb=1-7&#038;_nc_sid=f907e8&#038;_nc_ohc=SM1wRlP3lJwQ7kNvwEPuBYA&#038;_nc_oc=AdnqrjDN_BNjSSHWO-GbkIWH6fkGMLw4bqvL_NH6e2wMveX7G-rP2dAqsDSq1mJMOaY&#038;_nc_zt=24&#038;_nc_ht=scontent-gig4-1.xx&#038;_nc_gid=AoBFJeGrT1hVaew_6rchkQ&#038;oh=00_AfX7QmFGhQhG2jAllVgXCiM1ZrWgvtp80-Bfppyexh1QEg&#038;oe=689E923C","article:published_time":"2018-11-01T17:23:15+00:00","article:modified_time":"2018-11-01T17:23:15+00:00","twitter:card":"summary_large_image","twitter:title":"Alunos da ESP doam brinquedos para crian\u00e7as carentes de Muria\u00e9 - A Not\u00edcia Online","twitter:description":"A Escola S\u00e3o Paulo (ESP) doou, na tarde de ter\u00e7a-feira (30), brinquedos para crian\u00e7as da Casa Lar e da Escola Municipal Professora Z\u00e9lia Barros Carneiro. A a\u00e7\u00e3o social foi resultado de mais uma campanha promovida escola, que contou com a colabora\u00e7\u00e3o dos alunos do turno vespertino. Segundo o professor de Educa\u00e7\u00e3o F\u00edsica, Jairo Heleno de","twitter:image":"https:\/\/scontent-gig4-1.xx.fbcdn.net\/v\/t39.30808-1\/270437624_4564083193639691_6907940295614233970_n.jpg?stp=dst-jpg_s200x200_tt6&_nc_cat=111&ccb=1-7&_nc_sid=f907e8&_nc_ohc=SM1wRlP3lJwQ7kNvwEPuBYA&_nc_oc=AdnqrjDN_BNjSSHWO-GbkIWH6fkGMLw4bqvL_NH6e2wMveX7G-rP2dAqsDSq1mJMOaY&_nc_zt=24&_nc_ht=scontent-gig4-1.xx&_nc_gid=AoBFJeGrT1hVaew_6rchkQ&oh=00_AfX7QmFGhQhG2jAllVgXCiM1ZrWgvtp80-Bfppyexh1QEg&oe=689E923C"},"aioseo_meta_data":{"post_id":"63985","title":null,"description":null,"keywords":null,"keyphrases":null,"primary_term":null,"canonical_url":null,"og_title":null,"og_description":null,"og_object_type":"default","og_image_type":"default","og_image_url":null,"og_image_width":null,"og_image_height":null,"og_image_custom_url":null,"og_image_custom_fields":null,"og_video":null,"og_custom_url":null,"og_article_section":null,"og_article_tags":null,"twitter_use_og":false,"twitter_card":"default","twitter_image_type":"default","twitter_image_url":null,"twitter_image_custom_url":null,"twitter_image_custom_fields":null,"twitter_title":null,"twitter_description":null,"schema":{"blockGraphs":[],"customGraphs":[],"default":{"data":{"Article":[],"Course":[],"Dataset":[],"FAQPage":[],"Movie":[],"Person":[],"Product":[],"ProductReview":[],"Car":[],"Recipe":[],"Service":[],"SoftwareApplication":[],"WebPage":[]},"graphName":"","isEnabled":true},"graphs":[]},"schema_type":"default","schema_type_options":null,"pillar_content":false,"robots_default":true,"robots_noindex":false,"robots_noarchive":false,"robots_nosnippet":false,"robots_nofollow":false,"robots_noimageindex":false,"robots_noodp":false,"robots_notranslate":false,"robots_max_snippet":null,"robots_max_videopreview":null,"robots_max_imagepreview":"large","priority":null,"frequency":null,"local_seo":null,"breadcrumb_settings":null,"limit_modified_date":false,"ai":null,"created":"2025-08-16 22:01:25","updated":"2025-08-16 22:01:25","focus_keyword":null,"additional_keywords":null,"truseo_locale":null,"seo_analyzer_scan_date":null},"aioseo_breadcrumb":"<div class=\"aioseo-breadcrumbs\"><span class=\"aioseo-breadcrumb\">\n\t\t\t<a href=\"https:\/\/anoticiaonline.com.br\/site\" title=\"Home\">Home<\/a>\n\t\t<\/span><span class=\"aioseo-breadcrumb-separator\">&raquo;<\/span><span class=\"aioseo-breadcrumb\">\n\t\t\t<a href=\"https:\/\/anoticiaonline.com.br\/site\/categoria\/eventos\/\" title=\"Eventos\">Eventos<\/a>\n\t\t<\/span><span class=\"aioseo-breadcrumb-separator\">&raquo;<\/span><span class=\"aioseo-breadcrumb\">\n\t\t\tAlunos da ESP doam brinquedos para crian\u00e7as carentes de Muria\u00e9\n\t\t<\/span><\/div>","aioseo_breadcrumb_json":[{"label":"Home","link":"https:\/\/anoticiaonline.com.br\/site"},{"label":"Eventos","link":"https:\/\/anoticiaonline.com.br\/site\/categoria\/eventos\/"},{"label":"Alunos da ESP doam brinquedos para crian\u00e7as carentes de Muria\u00e9","link":"https:\/\/anoticiaonline.com.br\/site\/alunos-da-esp-doam-brinquedos-para-criancas-carentes-de-muriae\/"}],"views":170,"_links":{"self":[{"href":"https:\/\/anoticiaonline.com.br\/site\/wp-json\/wp\/v2\/posts\/63985","targetHints":{"allow":["GET"]}}],"collection":[{"href":"https:\/\/anoticiaonline.com.br\/site\/wp-json\/wp\/v2\/posts"}],"about":[{"href":"https:\/\/anoticiaonline.com.br\/site\/wp-json\/wp\/v2\/types\/post"}],"author":[{"embeddable":true,"href":"https:\/\/anoticiaonline.com.br\/site\/wp-json\/wp\/v2\/users\/7"}],"replies":[{"embeddable":true,"href":"https:\/\/anoticiaonline.com.br\/site\/wp-json\/wp\/v2\/comments?post=63985"}],"version-history":[{"count":0,"href":"https:\/\/anoticiaonline.com.br\/site\/wp-json\/wp\/v2\/posts\/63985\/revisions"}],"wp:featuredmedia":[{"embeddable":true,"href":"https:\/\/anoticiaonline.com.br\/site\/wp-json\/wp\/v2\/media\/63986"}],"wp:attachment":[{"href":"https:\/\/anoticiaonline.com.br\/site\/wp-json\/wp\/v2\/media?parent=63985"}],"wp:term":[{"taxonomy":"category","embeddable":true,"href":"https:\/\/anoticiaonline.com.br\/site\/wp-json\/wp\/v2\/categories?post=63985"},{"taxonomy":"post_tag","embeddable":true,"href":"https:\/\/anoticiaonline.com.br\/site\/wp-json\/wp\/v2\/tags?post=63985"}],"curies":[{"name":"wp","href":"https:\/\/api.w.org\/{rel}","templated":true}]}}