{"id":63880,"date":"2018-10-31T22:52:41","date_gmt":"2018-11-01T01:52:41","guid":{"rendered":"http:\/\/anoticiaonline.com.br\/site\/?p=63880"},"modified":"2018-10-31T22:52:41","modified_gmt":"2018-11-01T01:52:41","slug":"sociarte-31-10","status":"publish","type":"post","link":"https:\/\/anoticiaonline.com.br\/site\/sociarte-31-10\/","title":{"rendered":"Sociarte 31\/10:"},"content":{"rendered":"<p><a href=\"https:\/\/anoticiaonline.com.br\/site\/wp-content\/uploads\/2018\/10\/Parab\u00e9ns-Bilim.jpg\"><img fetchpriority=\"high\" decoding=\"async\" class=\"alignnone size-full wp-image-63882\" src=\"https:\/\/anoticiaonline.com.br\/site\/wp-content\/uploads\/2018\/10\/Parab\u00e9ns-Bilim.jpg\" alt=\"\" width=\"800\" height=\"800\" srcset=\"https:\/\/anoticiaonline.com.br\/site\/wp-content\/uploads\/2018\/10\/Parab\u00e9ns-Bilim.jpg 800w, https:\/\/anoticiaonline.com.br\/site\/wp-content\/uploads\/2018\/10\/Parab\u00e9ns-Bilim-150x150.jpg 150w, https:\/\/anoticiaonline.com.br\/site\/wp-content\/uploads\/2018\/10\/Parab\u00e9ns-Bilim-300x300.jpg 300w, https:\/\/anoticiaonline.com.br\/site\/wp-content\/uploads\/2018\/10\/Parab\u00e9ns-Bilim-768x768.jpg 768w\" sizes=\"(max-width: 800px) 100vw, 800px\" \/><\/a><\/p>\n<p><strong>Parab\u00e9ns, Bilim<\/strong><\/p>\n<p>Da reda\u00e7\u00e3o os nossos parab\u00e9ns para o querido prefeito de Fervedouro Ab\u00edlio Franchini (Bilim), que completou idade nova ontem (1\u00ba). Ele que vem fazendo um belo trabalho \u00e0 frente do Executivo daquela cidade \u00e9 casado com a simp\u00e1tica Andrea. Parab\u00e9ns, Bilim! Que Deus te conceda muitos e muitos anos de vida!<\/p>\n<p><a href=\"https:\/\/anoticiaonline.com.br\/site\/wp-content\/uploads\/2018\/10\/Enlace-de-Mayra-e-C\u00edcero.jpg\"><img decoding=\"async\" class=\"alignnone size-full wp-image-63883\" src=\"https:\/\/anoticiaonline.com.br\/site\/wp-content\/uploads\/2018\/10\/Enlace-de-Mayra-e-C\u00edcero.jpg\" alt=\"\" width=\"960\" height=\"609\" srcset=\"https:\/\/anoticiaonline.com.br\/site\/wp-content\/uploads\/2018\/10\/Enlace-de-Mayra-e-C\u00edcero.jpg 960w, https:\/\/anoticiaonline.com.br\/site\/wp-content\/uploads\/2018\/10\/Enlace-de-Mayra-e-C\u00edcero-300x190.jpg 300w, https:\/\/anoticiaonline.com.br\/site\/wp-content\/uploads\/2018\/10\/Enlace-de-Mayra-e-C\u00edcero-768x487.jpg 768w\" sizes=\"(max-width: 960px) 100vw, 960px\" \/><\/a><\/p>\n<p><strong>Enlace de Mayra e C\u00edcero<\/strong><\/p>\n<p>O bonito casal Mayra Val\u00e9ria da Silva Valle e C\u00edcero Cardoso do Valle Filho se uniu em matrim\u00f4nio no s\u00e1bado (27) em cerim\u00f4nia realizada no Espa\u00e7o Nobre. Por l\u00e1, estiveram amigos e familiares dos noivos, que foram testemunhar esse momento \u00fanico na vida dos dois. Ele \u00e9 filho de C\u00edcero Cardoso do Valle e Maria Aparecida Lima do Valle, e ela \u00e9 filha de M\u00e1rio Jos\u00e9 da Silva e Maria Elena da Silva Peixoto. Desejamos ao novo casal uma vida repleta de amor, b\u00ean\u00e7\u00e3os e muita paz!<\/p>\n<p><a href=\"https:\/\/anoticiaonline.com.br\/site\/wp-content\/uploads\/2018\/10\/Parab\u00e9ns-Solange.jpg\"><img decoding=\"async\" class=\"alignnone size-full wp-image-63884\" src=\"https:\/\/anoticiaonline.com.br\/site\/wp-content\/uploads\/2018\/10\/Parab\u00e9ns-Solange.jpg\" alt=\"\" width=\"454\" height=\"404\" srcset=\"https:\/\/anoticiaonline.com.br\/site\/wp-content\/uploads\/2018\/10\/Parab\u00e9ns-Solange.jpg 454w, https:\/\/anoticiaonline.com.br\/site\/wp-content\/uploads\/2018\/10\/Parab\u00e9ns-Solange-300x267.jpg 300w\" sizes=\"(max-width: 454px) 100vw, 454px\" \/><\/a><\/p>\n<p><strong>Parab\u00e9ns, Solange <\/strong><\/p>\n<p>Ainda em tempo, desejamos felicidades a nossa amiga Solange Moreira da Silva, que completou idade na quarta-feira (17). Solange \u00e9 m\u00e3e dos queridos Caroline Moreira Alves e Franciel Moreira Alves, al\u00e9m de ser casada com o simp\u00e1tico Jos\u00e9 Eduardo Peres Magalh\u00e3es. Parab\u00e9ns, Solange! Que deus te d\u00ea muitos anos de vida, sa\u00fade e paz.<\/p>\n<p><a href=\"https:\/\/anoticiaonline.com.br\/site\/wp-content\/uploads\/2018\/10\/Parab\u00e9ns-Alice.jpg\"><img loading=\"lazy\" decoding=\"async\" class=\"alignnone size-full wp-image-63885\" src=\"https:\/\/anoticiaonline.com.br\/site\/wp-content\/uploads\/2018\/10\/Parab\u00e9ns-Alice.jpg\" alt=\"\" width=\"345\" height=\"749\" srcset=\"https:\/\/anoticiaonline.com.br\/site\/wp-content\/uploads\/2018\/10\/Parab\u00e9ns-Alice.jpg 345w, https:\/\/anoticiaonline.com.br\/site\/wp-content\/uploads\/2018\/10\/Parab\u00e9ns-Alice-138x300.jpg 138w\" sizes=\"(max-width: 345px) 100vw, 345px\" \/><\/a><\/p>\n<p><strong>Parab\u00e9ns, Alice<\/strong><\/p>\n<p>A querida Alice Barreto completou idade nova na segunda-feira (22). Ela que \u00e9 filha do simp\u00e1tico casal Nicodemos Couto (professor e diretor da centen\u00e1ria Escola S\u00e3o Paulo) e Celinha, \u00e9 tamb\u00e9m irm\u00e3 do talentoso Arthur. Parab\u00e9ns, Alice! Que essa data se repita por muitos e muitos anos mais!<\/p>\n<p><a href=\"https:\/\/anoticiaonline.com.br\/site\/wp-content\/uploads\/2018\/10\/Bodas-de-Safira.jpg\"><img loading=\"lazy\" decoding=\"async\" class=\"alignnone size-full wp-image-63886\" src=\"https:\/\/anoticiaonline.com.br\/site\/wp-content\/uploads\/2018\/10\/Bodas-de-Safira.jpg\" alt=\"\" width=\"654\" height=\"800\" srcset=\"https:\/\/anoticiaonline.com.br\/site\/wp-content\/uploads\/2018\/10\/Bodas-de-Safira.jpg 654w, https:\/\/anoticiaonline.com.br\/site\/wp-content\/uploads\/2018\/10\/Bodas-de-Safira-245x300.jpg 245w\" sizes=\"(max-width: 654px) 100vw, 654px\" \/><\/a><\/p>\n<p><strong>Bodas de Safira<\/strong><\/p>\n<p>O jovem casal Laura e Renzo Braz completou 16 anos de matrim\u00f4nio na quarta-feira (31). Dessa linda uni\u00e3o, nasceram Marina, Gilberto Neto e Renzo Jos\u00e9. O jornal A Not\u00edcia deseja muita prosperidade, sa\u00fade e paz para toda a fam\u00edlia e faz voto de que essa uni\u00e3o seja t\u00e3o longa e feliz como a os av\u00f3s do casal, L\u00e9dia e Jos\u00e9 Braz!<\/p>\n<p><a href=\"https:\/\/anoticiaonline.com.br\/site\/wp-content\/uploads\/2018\/10\/Casamento-de-Let\u00edcia-e-Paulo-Junior.jpeg\"><img loading=\"lazy\" decoding=\"async\" class=\"alignnone size-full wp-image-63887\" src=\"https:\/\/anoticiaonline.com.br\/site\/wp-content\/uploads\/2018\/10\/Casamento-de-Let\u00edcia-e-Paulo-Junior.jpeg\" alt=\"\" width=\"1000\" height=\"667\" srcset=\"https:\/\/anoticiaonline.com.br\/site\/wp-content\/uploads\/2018\/10\/Casamento-de-Let\u00edcia-e-Paulo-Junior.jpeg 1000w, https:\/\/anoticiaonline.com.br\/site\/wp-content\/uploads\/2018\/10\/Casamento-de-Let\u00edcia-e-Paulo-Junior-300x200.jpeg 300w, https:\/\/anoticiaonline.com.br\/site\/wp-content\/uploads\/2018\/10\/Casamento-de-Let\u00edcia-e-Paulo-Junior-768x512.jpeg 768w\" sizes=\"(max-width: 1000px) 100vw, 1000px\" \/><\/a><\/p>\n<p><strong>Casamento de Let\u00edcia e Paulo Junior<\/strong><\/p>\n<p>Os queridos Let\u00edcia e Paulo Junior disseram o \u201csim\u201d, no s\u00e1bado (27), diante do altar da Par\u00f3quia Nossa Senhora Aparecida, no bairro do Porto. Amigos e familiares compareceram \u00e0 cerim\u00f4nia e posteriormente \u00e0 comemora\u00e7\u00e3o ocorrida nos sal\u00f5es do S\u00edtio do Dr. Jorge Rodrigues. Ela \u00e9 filha de Elias Ot\u00e1vio e Neide, e ele de Paulo Roberto e Maria Helena. Parab\u00e9ns aos noivos!!! Enviamos votos de muito amor e paz ao novo casal! A fotos \u00e9 de Jr. Oliveira Photografy.<\/p>\n<p><a href=\"https:\/\/anoticiaonline.com.br\/site\/wp-content\/uploads\/2018\/10\/177d083c-f8f9-4731-91a5-a28878377410.jpg\"><img loading=\"lazy\" decoding=\"async\" class=\"alignnone size-full wp-image-63888\" src=\"https:\/\/anoticiaonline.com.br\/site\/wp-content\/uploads\/2018\/10\/177d083c-f8f9-4731-91a5-a28878377410.jpg\" alt=\"\" width=\"960\" height=\"720\" srcset=\"https:\/\/anoticiaonline.com.br\/site\/wp-content\/uploads\/2018\/10\/177d083c-f8f9-4731-91a5-a28878377410.jpg 960w, https:\/\/anoticiaonline.com.br\/site\/wp-content\/uploads\/2018\/10\/177d083c-f8f9-4731-91a5-a28878377410-300x225.jpg 300w, https:\/\/anoticiaonline.com.br\/site\/wp-content\/uploads\/2018\/10\/177d083c-f8f9-4731-91a5-a28878377410-768x576.jpg 768w, https:\/\/anoticiaonline.com.br\/site\/wp-content\/uploads\/2018\/10\/177d083c-f8f9-4731-91a5-a28878377410-105x80.jpg 105w\" sizes=\"(max-width: 960px) 100vw, 960px\" \/><\/a><\/p>\n<p><strong>Muria\u00e9 marcando presen\u00e7a<\/strong><\/p>\n<p>O 6\u00b0 Festival Ver e Fazer Filmes em Cataguases, realizado de 17 a 26 de outubro, contou com a participa\u00e7\u00e3o de alguns muriaeenses. Durante a Mostra Usina Criativa de Cinema, quando aconteceu a premia\u00e7\u00e3o, foram destacados os talentos de novos realizadores do audiovisual da Zona da Mata. Por l\u00e1 estiveram os produtores: Dr. Ant\u00f4nio, Gilca, Beth Sanna, J\u00falia Piva, Ana Fajardo, Marcelo Mariotto, Fernanda Castro, Fernando Paix\u00e3o, Fernanda de Paulo e Euler Luz (que atua em um dos filmes apresentados &#8211; \u201cSanta\u201d).<\/p>\n","protected":false},"excerpt":{"rendered":"<p>Parab\u00e9ns, Bilim Da reda\u00e7\u00e3o os nossos parab\u00e9ns para o querido prefeito de Fervedouro Ab\u00edlio Franchini (Bilim), que completou idade nova ontem (1\u00ba). Ele que vem fazendo um belo trabalho \u00e0 frente do Executivo daquela cidade \u00e9 casado com a simp\u00e1tica Andrea. Parab\u00e9ns, Bilim! Que Deus te conceda muitos e muitos anos de vida! Enlace de &#8230; <a title=\"Sociarte 31\/10:\" class=\"read-more\" href=\"https:\/\/anoticiaonline.com.br\/site\/sociarte-31-10\/\" aria-label=\"Read more about Sociarte 31\/10:\">Ler mais<\/a><\/p>\n","protected":false},"author":2,"featured_media":0,"comment_status":"open","ping_status":"open","sticky":false,"template":"","format":"standard","meta":{"_acf_changed":false,"_monsterinsights_skip_tracking":false,"footnotes":""},"categories":[31,1,38],"tags":[],"class_list":["post-63880","post","type-post","status-publish","format-standard","hentry","category-colunistas","category-gerais","category-sociarte"],"acf":[],"aioseo_notices":[],"aioseo_head":"\n\t\t<!-- All in One SEO 5.0.0.1 - aioseo.com -->\n\t<meta name=\"description\" content=\"Parab\u00e9ns, Bilim Da reda\u00e7\u00e3o os nossos parab\u00e9ns para o querido prefeito de Fervedouro Ab\u00edlio Franchini (Bilim), que completou idade nova ontem (1\u00ba). Ele que vem fazendo um belo trabalho \u00e0 frente do Executivo daquela cidade \u00e9 casado com a simp\u00e1tica Andrea. Parab\u00e9ns, Bilim! Que Deus te conceda muitos e muitos anos de vida! Enlace de\" \/>\n\t<meta name=\"robots\" content=\"max-image-preview:large\" \/>\n\t<meta name=\"author\" content=\"Juliana Laviola\"\/>\n\t<link rel=\"canonical\" href=\"https:\/\/anoticiaonline.com.br\/site\/sociarte-31-10\/\" \/>\n\t<meta name=\"generator\" content=\"All in One SEO (AIOSEO) 5.0.0.1\" \/>\n\t\t<meta property=\"og:locale\" content=\"pt_BR\" \/>\n\t\t<meta property=\"og:site_name\" content=\"A Not\u00edcia Online - Noticias de Muria\u00e9 e regi\u00e3o\" \/>\n\t\t<meta property=\"og:type\" content=\"article\" \/>\n\t\t<meta property=\"og:title\" content=\"Sociarte 31\/10: - A Not\u00edcia Online\" \/>\n\t\t<meta property=\"og:description\" content=\"Parab\u00e9ns, Bilim Da reda\u00e7\u00e3o os nossos parab\u00e9ns para o querido prefeito de Fervedouro Ab\u00edlio Franchini (Bilim), que completou idade nova ontem (1\u00ba). Ele que vem fazendo um belo trabalho \u00e0 frente do Executivo daquela cidade \u00e9 casado com a simp\u00e1tica Andrea. Parab\u00e9ns, Bilim! Que Deus te conceda muitos e muitos anos de vida! Enlace de\" \/>\n\t\t<meta property=\"og:url\" content=\"https:\/\/anoticiaonline.com.br\/site\/sociarte-31-10\/\" \/>\n\t\t<meta property=\"og:image\" content=\"https:\/\/scontent-gig4-1.xx.fbcdn.net\/v\/t39.30808-1\/270437624_4564083193639691_6907940295614233970_n.jpg?stp=dst-jpg_s200x200_tt6&#038;_nc_cat=111&#038;ccb=1-7&#038;_nc_sid=f907e8&#038;_nc_ohc=SM1wRlP3lJwQ7kNvwEPuBYA&#038;_nc_oc=AdnqrjDN_BNjSSHWO-GbkIWH6fkGMLw4bqvL_NH6e2wMveX7G-rP2dAqsDSq1mJMOaY&#038;_nc_zt=24&#038;_nc_ht=scontent-gig4-1.xx&#038;_nc_gid=AoBFJeGrT1hVaew_6rchkQ&#038;oh=00_AfX7QmFGhQhG2jAllVgXCiM1ZrWgvtp80-Bfppyexh1QEg&#038;oe=689E923C\" \/>\n\t\t<meta property=\"og:image:secure_url\" content=\"https:\/\/scontent-gig4-1.xx.fbcdn.net\/v\/t39.30808-1\/270437624_4564083193639691_6907940295614233970_n.jpg?stp=dst-jpg_s200x200_tt6&#038;_nc_cat=111&#038;ccb=1-7&#038;_nc_sid=f907e8&#038;_nc_ohc=SM1wRlP3lJwQ7kNvwEPuBYA&#038;_nc_oc=AdnqrjDN_BNjSSHWO-GbkIWH6fkGMLw4bqvL_NH6e2wMveX7G-rP2dAqsDSq1mJMOaY&#038;_nc_zt=24&#038;_nc_ht=scontent-gig4-1.xx&#038;_nc_gid=AoBFJeGrT1hVaew_6rchkQ&#038;oh=00_AfX7QmFGhQhG2jAllVgXCiM1ZrWgvtp80-Bfppyexh1QEg&#038;oe=689E923C\" \/>\n\t\t<meta property=\"article:published_time\" content=\"2018-11-01T01:52:41+00:00\" \/>\n\t\t<meta property=\"article:modified_time\" content=\"2018-11-01T01:52:41+00:00\" \/>\n\t\t<meta name=\"twitter:card\" content=\"summary_large_image\" \/>\n\t\t<meta name=\"twitter:title\" content=\"Sociarte 31\/10: - A Not\u00edcia Online\" \/>\n\t\t<meta name=\"twitter:description\" content=\"Parab\u00e9ns, Bilim Da reda\u00e7\u00e3o os nossos parab\u00e9ns para o querido prefeito de Fervedouro Ab\u00edlio Franchini (Bilim), que completou idade nova ontem (1\u00ba). Ele que vem fazendo um belo trabalho \u00e0 frente do Executivo daquela cidade \u00e9 casado com a simp\u00e1tica Andrea. Parab\u00e9ns, Bilim! Que Deus te conceda muitos e muitos anos de vida! Enlace de\" \/>\n\t\t<meta name=\"twitter:image\" content=\"https:\/\/scontent-gig4-1.xx.fbcdn.net\/v\/t39.30808-1\/270437624_4564083193639691_6907940295614233970_n.jpg?stp=dst-jpg_s200x200_tt6&amp;_nc_cat=111&amp;ccb=1-7&amp;_nc_sid=f907e8&amp;_nc_ohc=SM1wRlP3lJwQ7kNvwEPuBYA&amp;_nc_oc=AdnqrjDN_BNjSSHWO-GbkIWH6fkGMLw4bqvL_NH6e2wMveX7G-rP2dAqsDSq1mJMOaY&amp;_nc_zt=24&amp;_nc_ht=scontent-gig4-1.xx&amp;_nc_gid=AoBFJeGrT1hVaew_6rchkQ&amp;oh=00_AfX7QmFGhQhG2jAllVgXCiM1ZrWgvtp80-Bfppyexh1QEg&amp;oe=689E923C\" \/>\n\t\t<script type=\"application\/ld+json\" class=\"aioseo-schema\">\n\t\t\t{\"@context\":\"https:\\\/\\\/schema.org\",\"@graph\":[{\"@type\":\"BlogPosting\",\"@id\":\"https:\\\/\\\/anoticiaonline.com.br\\\/site\\\/sociarte-31-10\\\/#blogposting\",\"name\":\"Sociarte 31\\\/10: - A Not\\u00edcia Online\",\"headline\":\"Sociarte 31\\\/10:\",\"author\":{\"@id\":\"https:\\\/\\\/anoticiaonline.com.br\\\/site\\\/author\\\/juliana\\\/#author\"},\"publisher\":{\"@id\":\"https:\\\/\\\/anoticiaonline.com.br\\\/site\\\/#organization\"},\"image\":{\"@type\":\"ImageObject\",\"url\":\"https:\\\/\\\/anoticiaonline.com.br\\\/site\\\/wp-content\\\/uploads\\\/2018\\\/10\\\/Parab\\u00e9ns-Bilim.jpg\",\"@id\":\"https:\\\/\\\/anoticiaonline.com.br\\\/site\\\/sociarte-31-10\\\/#articleImage\",\"width\":800,\"height\":800},\"datePublished\":\"2018-10-31T22:52:41-03:00\",\"dateModified\":\"2018-10-31T22:52:41-03:00\",\"inLanguage\":\"pt-BR\",\"mainEntityOfPage\":{\"@id\":\"https:\\\/\\\/anoticiaonline.com.br\\\/site\\\/sociarte-31-10\\\/#webpage\"},\"isPartOf\":{\"@id\":\"https:\\\/\\\/anoticiaonline.com.br\\\/site\\\/sociarte-31-10\\\/#webpage\"},\"articleSection\":\"Colunistas, Gerais, Sociarte\"},{\"@type\":\"BreadcrumbList\",\"@id\":\"https:\\\/\\\/anoticiaonline.com.br\\\/site\\\/sociarte-31-10\\\/#breadcrumblist\",\"itemListElement\":[{\"@type\":\"ListItem\",\"@id\":\"https:\\\/\\\/anoticiaonline.com.br\\\/site#listItem\",\"position\":1,\"name\":\"Home\",\"item\":\"https:\\\/\\\/anoticiaonline.com.br\\\/site\",\"nextItem\":{\"@type\":\"ListItem\",\"@id\":\"https:\\\/\\\/anoticiaonline.com.br\\\/site\\\/categoria\\\/colunistas\\\/#listItem\",\"name\":\"Colunistas\"}},{\"@type\":\"ListItem\",\"@id\":\"https:\\\/\\\/anoticiaonline.com.br\\\/site\\\/categoria\\\/colunistas\\\/#listItem\",\"position\":2,\"name\":\"Colunistas\",\"item\":\"https:\\\/\\\/anoticiaonline.com.br\\\/site\\\/categoria\\\/colunistas\\\/\",\"nextItem\":{\"@type\":\"ListItem\",\"@id\":\"https:\\\/\\\/anoticiaonline.com.br\\\/site\\\/categoria\\\/colunistas\\\/sociarte\\\/#listItem\",\"name\":\"Sociarte\"},\"previousItem\":{\"@type\":\"ListItem\",\"@id\":\"https:\\\/\\\/anoticiaonline.com.br\\\/site#listItem\",\"name\":\"Home\"}},{\"@type\":\"ListItem\",\"@id\":\"https:\\\/\\\/anoticiaonline.com.br\\\/site\\\/categoria\\\/colunistas\\\/sociarte\\\/#listItem\",\"position\":3,\"name\":\"Sociarte\",\"item\":\"https:\\\/\\\/anoticiaonline.com.br\\\/site\\\/categoria\\\/colunistas\\\/sociarte\\\/\",\"nextItem\":{\"@type\":\"ListItem\",\"@id\":\"https:\\\/\\\/anoticiaonline.com.br\\\/site\\\/sociarte-31-10\\\/#listItem\",\"name\":\"Sociarte 31\\\/10:\"},\"previousItem\":{\"@type\":\"ListItem\",\"@id\":\"https:\\\/\\\/anoticiaonline.com.br\\\/site\\\/categoria\\\/colunistas\\\/#listItem\",\"name\":\"Colunistas\"}},{\"@type\":\"ListItem\",\"@id\":\"https:\\\/\\\/anoticiaonline.com.br\\\/site\\\/sociarte-31-10\\\/#listItem\",\"position\":4,\"name\":\"Sociarte 31\\\/10:\",\"previousItem\":{\"@type\":\"ListItem\",\"@id\":\"https:\\\/\\\/anoticiaonline.com.br\\\/site\\\/categoria\\\/colunistas\\\/sociarte\\\/#listItem\",\"name\":\"Sociarte\"}}]},{\"@type\":\"Organization\",\"@id\":\"https:\\\/\\\/anoticiaonline.com.br\\\/site\\\/#organization\",\"name\":\"A Not\\u00edcia Online\",\"description\":\"Noticias de Muria\\u00e9 e regi\\u00e3o\",\"url\":\"https:\\\/\\\/anoticiaonline.com.br\\\/site\\\/\",\"logo\":{\"@type\":\"ImageObject\",\"url\":\"https:\\\/\\\/scontent-gig4-1.xx.fbcdn.net\\\/v\\\/t39.30808-1\\\/270437624_4564083193639691_6907940295614233970_n.jpg?stp=dst-jpg_s200x200_tt6&_nc_cat=111&ccb=1-7&_nc_sid=f907e8&_nc_ohc=SM1wRlP3lJwQ7kNvwEPuBYA&_nc_oc=AdnqrjDN_BNjSSHWO-GbkIWH6fkGMLw4bqvL_NH6e2wMveX7G-rP2dAqsDSq1mJMOaY&_nc_zt=24&_nc_ht=scontent-gig4-1.xx&_nc_gid=AoBFJeGrT1hVaew_6rchkQ&oh=00_AfX7QmFGhQhG2jAllVgXCiM1ZrWgvtp80-Bfppyexh1QEg&oe=689E923C\",\"@id\":\"https:\\\/\\\/anoticiaonline.com.br\\\/site\\\/sociarte-31-10\\\/#organizationLogo\"},\"image\":{\"@id\":\"https:\\\/\\\/anoticiaonline.com.br\\\/site\\\/sociarte-31-10\\\/#organizationLogo\"}},{\"@type\":\"Person\",\"@id\":\"https:\\\/\\\/anoticiaonline.com.br\\\/site\\\/author\\\/juliana\\\/#author\",\"url\":\"https:\\\/\\\/anoticiaonline.com.br\\\/site\\\/author\\\/juliana\\\/\",\"name\":\"Juliana Laviola\",\"image\":{\"@type\":\"ImageObject\",\"@id\":\"https:\\\/\\\/anoticiaonline.com.br\\\/site\\\/sociarte-31-10\\\/#authorImage\",\"url\":\"https:\\\/\\\/secure.gravatar.com\\\/avatar\\\/b8d45f5c699b100dfaf0e543582f38f38bf94cb7ae3a5e9abf8d891a34773335?s=96&d=mm&r=g\",\"width\":96,\"height\":96,\"caption\":\"Juliana Laviola\"}},{\"@type\":\"WebPage\",\"@id\":\"https:\\\/\\\/anoticiaonline.com.br\\\/site\\\/sociarte-31-10\\\/#webpage\",\"url\":\"https:\\\/\\\/anoticiaonline.com.br\\\/site\\\/sociarte-31-10\\\/\",\"name\":\"Sociarte 31\\\/10: - A Not\\u00edcia Online\",\"description\":\"Parab\\u00e9ns, Bilim Da reda\\u00e7\\u00e3o os nossos parab\\u00e9ns para o querido prefeito de Fervedouro Ab\\u00edlio Franchini (Bilim), que completou idade nova ontem (1\\u00ba). Ele que vem fazendo um belo trabalho \\u00e0 frente do Executivo daquela cidade \\u00e9 casado com a simp\\u00e1tica Andrea. Parab\\u00e9ns, Bilim! Que Deus te conceda muitos e muitos anos de vida! Enlace de\",\"inLanguage\":\"pt-BR\",\"isPartOf\":{\"@id\":\"https:\\\/\\\/anoticiaonline.com.br\\\/site\\\/#website\"},\"breadcrumb\":{\"@id\":\"https:\\\/\\\/anoticiaonline.com.br\\\/site\\\/sociarte-31-10\\\/#breadcrumblist\"},\"author\":{\"@id\":\"https:\\\/\\\/anoticiaonline.com.br\\\/site\\\/author\\\/juliana\\\/#author\"},\"creator\":{\"@id\":\"https:\\\/\\\/anoticiaonline.com.br\\\/site\\\/author\\\/juliana\\\/#author\"},\"datePublished\":\"2018-10-31T22:52:41-03:00\",\"dateModified\":\"2018-10-31T22:52:41-03:00\"},{\"@type\":\"WebSite\",\"@id\":\"https:\\\/\\\/anoticiaonline.com.br\\\/site\\\/#website\",\"url\":\"https:\\\/\\\/anoticiaonline.com.br\\\/site\\\/\",\"name\":\"A Not\\u00edcia Online\",\"description\":\"Noticias de Muria\\u00e9 e regi\\u00e3o\",\"inLanguage\":\"pt-BR\",\"publisher\":{\"@id\":\"https:\\\/\\\/anoticiaonline.com.br\\\/site\\\/#organization\"}}]}\n\t\t<\/script>\n\t\t<!-- All in One SEO -->\n\n","aioseo_head_json":{"title":"Sociarte 31\/10: - A Not\u00edcia Online","description":"Parab\u00e9ns, Bilim Da reda\u00e7\u00e3o os nossos parab\u00e9ns para o querido prefeito de Fervedouro Ab\u00edlio Franchini (Bilim), que completou idade nova ontem (1\u00ba). Ele que vem fazendo um belo trabalho \u00e0 frente do Executivo daquela cidade \u00e9 casado com a simp\u00e1tica Andrea. Parab\u00e9ns, Bilim! Que Deus te conceda muitos e muitos anos de vida! Enlace de","canonical_url":"https:\/\/anoticiaonline.com.br\/site\/sociarte-31-10\/","robots":"max-image-preview:large","keywords":"","webmasterTools":{"miscellaneous":""},"schema":{"@context":"https:\/\/schema.org","@graph":[{"@type":"BlogPosting","@id":"https:\/\/anoticiaonline.com.br\/site\/sociarte-31-10\/#blogposting","name":"Sociarte 31\/10: - A Not\u00edcia Online","headline":"Sociarte 31\/10:","author":{"@id":"https:\/\/anoticiaonline.com.br\/site\/author\/juliana\/#author"},"publisher":{"@id":"https:\/\/anoticiaonline.com.br\/site\/#organization"},"image":{"@type":"ImageObject","url":"https:\/\/anoticiaonline.com.br\/site\/wp-content\/uploads\/2018\/10\/Parab\u00e9ns-Bilim.jpg","@id":"https:\/\/anoticiaonline.com.br\/site\/sociarte-31-10\/#articleImage","width":800,"height":800},"datePublished":"2018-10-31T22:52:41-03:00","dateModified":"2018-10-31T22:52:41-03:00","inLanguage":"pt-BR","mainEntityOfPage":{"@id":"https:\/\/anoticiaonline.com.br\/site\/sociarte-31-10\/#webpage"},"isPartOf":{"@id":"https:\/\/anoticiaonline.com.br\/site\/sociarte-31-10\/#webpage"},"articleSection":"Colunistas, Gerais, Sociarte"},{"@type":"BreadcrumbList","@id":"https:\/\/anoticiaonline.com.br\/site\/sociarte-31-10\/#breadcrumblist","itemListElement":[{"@type":"ListItem","@id":"https:\/\/anoticiaonline.com.br\/site#listItem","position":1,"name":"Home","item":"https:\/\/anoticiaonline.com.br\/site","nextItem":{"@type":"ListItem","@id":"https:\/\/anoticiaonline.com.br\/site\/categoria\/colunistas\/#listItem","name":"Colunistas"}},{"@type":"ListItem","@id":"https:\/\/anoticiaonline.com.br\/site\/categoria\/colunistas\/#listItem","position":2,"name":"Colunistas","item":"https:\/\/anoticiaonline.com.br\/site\/categoria\/colunistas\/","nextItem":{"@type":"ListItem","@id":"https:\/\/anoticiaonline.com.br\/site\/categoria\/colunistas\/sociarte\/#listItem","name":"Sociarte"},"previousItem":{"@type":"ListItem","@id":"https:\/\/anoticiaonline.com.br\/site#listItem","name":"Home"}},{"@type":"ListItem","@id":"https:\/\/anoticiaonline.com.br\/site\/categoria\/colunistas\/sociarte\/#listItem","position":3,"name":"Sociarte","item":"https:\/\/anoticiaonline.com.br\/site\/categoria\/colunistas\/sociarte\/","nextItem":{"@type":"ListItem","@id":"https:\/\/anoticiaonline.com.br\/site\/sociarte-31-10\/#listItem","name":"Sociarte 31\/10:"},"previousItem":{"@type":"ListItem","@id":"https:\/\/anoticiaonline.com.br\/site\/categoria\/colunistas\/#listItem","name":"Colunistas"}},{"@type":"ListItem","@id":"https:\/\/anoticiaonline.com.br\/site\/sociarte-31-10\/#listItem","position":4,"name":"Sociarte 31\/10:","previousItem":{"@type":"ListItem","@id":"https:\/\/anoticiaonline.com.br\/site\/categoria\/colunistas\/sociarte\/#listItem","name":"Sociarte"}}]},{"@type":"Organization","@id":"https:\/\/anoticiaonline.com.br\/site\/#organization","name":"A Not\u00edcia Online","description":"Noticias de Muria\u00e9 e regi\u00e3o","url":"https:\/\/anoticiaonline.com.br\/site\/","logo":{"@type":"ImageObject","url":"https:\/\/scontent-gig4-1.xx.fbcdn.net\/v\/t39.30808-1\/270437624_4564083193639691_6907940295614233970_n.jpg?stp=dst-jpg_s200x200_tt6&_nc_cat=111&ccb=1-7&_nc_sid=f907e8&_nc_ohc=SM1wRlP3lJwQ7kNvwEPuBYA&_nc_oc=AdnqrjDN_BNjSSHWO-GbkIWH6fkGMLw4bqvL_NH6e2wMveX7G-rP2dAqsDSq1mJMOaY&_nc_zt=24&_nc_ht=scontent-gig4-1.xx&_nc_gid=AoBFJeGrT1hVaew_6rchkQ&oh=00_AfX7QmFGhQhG2jAllVgXCiM1ZrWgvtp80-Bfppyexh1QEg&oe=689E923C","@id":"https:\/\/anoticiaonline.com.br\/site\/sociarte-31-10\/#organizationLogo"},"image":{"@id":"https:\/\/anoticiaonline.com.br\/site\/sociarte-31-10\/#organizationLogo"}},{"@type":"Person","@id":"https:\/\/anoticiaonline.com.br\/site\/author\/juliana\/#author","url":"https:\/\/anoticiaonline.com.br\/site\/author\/juliana\/","name":"Juliana Laviola","image":{"@type":"ImageObject","@id":"https:\/\/anoticiaonline.com.br\/site\/sociarte-31-10\/#authorImage","url":"https:\/\/secure.gravatar.com\/avatar\/b8d45f5c699b100dfaf0e543582f38f38bf94cb7ae3a5e9abf8d891a34773335?s=96&d=mm&r=g","width":96,"height":96,"caption":"Juliana Laviola"}},{"@type":"WebPage","@id":"https:\/\/anoticiaonline.com.br\/site\/sociarte-31-10\/#webpage","url":"https:\/\/anoticiaonline.com.br\/site\/sociarte-31-10\/","name":"Sociarte 31\/10: - A Not\u00edcia Online","description":"Parab\u00e9ns, Bilim Da reda\u00e7\u00e3o os nossos parab\u00e9ns para o querido prefeito de Fervedouro Ab\u00edlio Franchini (Bilim), que completou idade nova ontem (1\u00ba). Ele que vem fazendo um belo trabalho \u00e0 frente do Executivo daquela cidade \u00e9 casado com a simp\u00e1tica Andrea. Parab\u00e9ns, Bilim! Que Deus te conceda muitos e muitos anos de vida! Enlace de","inLanguage":"pt-BR","isPartOf":{"@id":"https:\/\/anoticiaonline.com.br\/site\/#website"},"breadcrumb":{"@id":"https:\/\/anoticiaonline.com.br\/site\/sociarte-31-10\/#breadcrumblist"},"author":{"@id":"https:\/\/anoticiaonline.com.br\/site\/author\/juliana\/#author"},"creator":{"@id":"https:\/\/anoticiaonline.com.br\/site\/author\/juliana\/#author"},"datePublished":"2018-10-31T22:52:41-03:00","dateModified":"2018-10-31T22:52:41-03:00"},{"@type":"WebSite","@id":"https:\/\/anoticiaonline.com.br\/site\/#website","url":"https:\/\/anoticiaonline.com.br\/site\/","name":"A Not\u00edcia Online","description":"Noticias de Muria\u00e9 e regi\u00e3o","inLanguage":"pt-BR","publisher":{"@id":"https:\/\/anoticiaonline.com.br\/site\/#organization"}}]},"og:locale":"pt_BR","og:site_name":"A Not\u00edcia Online - Noticias de Muria\u00e9 e regi\u00e3o","og:type":"article","og:title":"Sociarte 31\/10: - A Not\u00edcia Online","og:description":"Parab\u00e9ns, Bilim Da reda\u00e7\u00e3o os nossos parab\u00e9ns para o querido prefeito de Fervedouro Ab\u00edlio Franchini (Bilim), que completou idade nova ontem (1\u00ba). Ele que vem fazendo um belo trabalho \u00e0 frente do Executivo daquela cidade \u00e9 casado com a simp\u00e1tica Andrea. Parab\u00e9ns, Bilim! Que Deus te conceda muitos e muitos anos de vida! Enlace de","og:url":"https:\/\/anoticiaonline.com.br\/site\/sociarte-31-10\/","og:image":"https:\/\/scontent-gig4-1.xx.fbcdn.net\/v\/t39.30808-1\/270437624_4564083193639691_6907940295614233970_n.jpg?stp=dst-jpg_s200x200_tt6&#038;_nc_cat=111&#038;ccb=1-7&#038;_nc_sid=f907e8&#038;_nc_ohc=SM1wRlP3lJwQ7kNvwEPuBYA&#038;_nc_oc=AdnqrjDN_BNjSSHWO-GbkIWH6fkGMLw4bqvL_NH6e2wMveX7G-rP2dAqsDSq1mJMOaY&#038;_nc_zt=24&#038;_nc_ht=scontent-gig4-1.xx&#038;_nc_gid=AoBFJeGrT1hVaew_6rchkQ&#038;oh=00_AfX7QmFGhQhG2jAllVgXCiM1ZrWgvtp80-Bfppyexh1QEg&#038;oe=689E923C","og:image:secure_url":"https:\/\/scontent-gig4-1.xx.fbcdn.net\/v\/t39.30808-1\/270437624_4564083193639691_6907940295614233970_n.jpg?stp=dst-jpg_s200x200_tt6&#038;_nc_cat=111&#038;ccb=1-7&#038;_nc_sid=f907e8&#038;_nc_ohc=SM1wRlP3lJwQ7kNvwEPuBYA&#038;_nc_oc=AdnqrjDN_BNjSSHWO-GbkIWH6fkGMLw4bqvL_NH6e2wMveX7G-rP2dAqsDSq1mJMOaY&#038;_nc_zt=24&#038;_nc_ht=scontent-gig4-1.xx&#038;_nc_gid=AoBFJeGrT1hVaew_6rchkQ&#038;oh=00_AfX7QmFGhQhG2jAllVgXCiM1ZrWgvtp80-Bfppyexh1QEg&#038;oe=689E923C","article:published_time":"2018-11-01T01:52:41+00:00","article:modified_time":"2018-11-01T01:52:41+00:00","twitter:card":"summary_large_image","twitter:title":"Sociarte 31\/10: - A Not\u00edcia Online","twitter:description":"Parab\u00e9ns, Bilim Da reda\u00e7\u00e3o os nossos parab\u00e9ns para o querido prefeito de Fervedouro Ab\u00edlio Franchini (Bilim), que completou idade nova ontem (1\u00ba). Ele que vem fazendo um belo trabalho \u00e0 frente do Executivo daquela cidade \u00e9 casado com a simp\u00e1tica Andrea. Parab\u00e9ns, Bilim! Que Deus te conceda muitos e muitos anos de vida! Enlace de","twitter:image":"https:\/\/scontent-gig4-1.xx.fbcdn.net\/v\/t39.30808-1\/270437624_4564083193639691_6907940295614233970_n.jpg?stp=dst-jpg_s200x200_tt6&_nc_cat=111&ccb=1-7&_nc_sid=f907e8&_nc_ohc=SM1wRlP3lJwQ7kNvwEPuBYA&_nc_oc=AdnqrjDN_BNjSSHWO-GbkIWH6fkGMLw4bqvL_NH6e2wMveX7G-rP2dAqsDSq1mJMOaY&_nc_zt=24&_nc_ht=scontent-gig4-1.xx&_nc_gid=AoBFJeGrT1hVaew_6rchkQ&oh=00_AfX7QmFGhQhG2jAllVgXCiM1ZrWgvtp80-Bfppyexh1QEg&oe=689E923C"},"aioseo_meta_data":{"post_id":"63880","title":null,"description":null,"keywords":null,"keyphrases":null,"primary_term":null,"canonical_url":null,"og_title":null,"og_description":null,"og_object_type":"default","og_image_type":"default","og_image_url":null,"og_image_width":null,"og_image_height":null,"og_image_custom_url":null,"og_image_custom_fields":null,"og_video":null,"og_custom_url":null,"og_article_section":null,"og_article_tags":null,"twitter_use_og":false,"twitter_card":"default","twitter_image_type":"default","twitter_image_url":null,"twitter_image_custom_url":null,"twitter_image_custom_fields":null,"twitter_title":null,"twitter_description":null,"schema":{"blockGraphs":[],"customGraphs":[],"default":{"data":{"Article":[],"Course":[],"Dataset":[],"FAQPage":[],"Movie":[],"Person":[],"Product":[],"ProductReview":[],"Car":[],"Recipe":[],"Service":[],"SoftwareApplication":[],"WebPage":[]},"graphName":"","isEnabled":true},"graphs":[]},"schema_type":"default","schema_type_options":null,"pillar_content":false,"robots_default":true,"robots_noindex":false,"robots_noarchive":false,"robots_nosnippet":false,"robots_nofollow":false,"robots_noimageindex":false,"robots_noodp":false,"robots_notranslate":false,"robots_max_snippet":null,"robots_max_videopreview":null,"robots_max_imagepreview":"large","priority":null,"frequency":null,"local_seo":null,"breadcrumb_settings":null,"limit_modified_date":false,"ai":null,"created":"2025-08-16 22:01:23","updated":"2025-08-16 22:01:23","focus_keyword":null,"additional_keywords":null,"truseo_locale":null,"seo_analyzer_scan_date":null},"aioseo_breadcrumb":"<div class=\"aioseo-breadcrumbs\"><span class=\"aioseo-breadcrumb\">\n\t\t\t<a href=\"https:\/\/anoticiaonline.com.br\/site\" title=\"Home\">Home<\/a>\n\t\t<\/span><span class=\"aioseo-breadcrumb-separator\">&raquo;<\/span><span class=\"aioseo-breadcrumb\">\n\t\t\t<a href=\"https:\/\/anoticiaonline.com.br\/site\/categoria\/colunistas\/\" title=\"Colunistas\">Colunistas<\/a>\n\t\t<\/span><span class=\"aioseo-breadcrumb-separator\">&raquo;<\/span><span class=\"aioseo-breadcrumb\">\n\t\t\t<a href=\"https:\/\/anoticiaonline.com.br\/site\/categoria\/colunistas\/sociarte\/\" title=\"Sociarte\">Sociarte<\/a>\n\t\t<\/span><span class=\"aioseo-breadcrumb-separator\">&raquo;<\/span><span class=\"aioseo-breadcrumb\">\n\t\t\tSociarte 31\/10:\n\t\t<\/span><\/div>","aioseo_breadcrumb_json":[{"label":"Home","link":"https:\/\/anoticiaonline.com.br\/site"},{"label":"Colunistas","link":"https:\/\/anoticiaonline.com.br\/site\/categoria\/colunistas\/"},{"label":"Sociarte","link":"https:\/\/anoticiaonline.com.br\/site\/categoria\/colunistas\/sociarte\/"},{"label":"Sociarte 31\/10:","link":"https:\/\/anoticiaonline.com.br\/site\/sociarte-31-10\/"}],"views":139,"_links":{"self":[{"href":"https:\/\/anoticiaonline.com.br\/site\/wp-json\/wp\/v2\/posts\/63880","targetHints":{"allow":["GET"]}}],"collection":[{"href":"https:\/\/anoticiaonline.com.br\/site\/wp-json\/wp\/v2\/posts"}],"about":[{"href":"https:\/\/anoticiaonline.com.br\/site\/wp-json\/wp\/v2\/types\/post"}],"author":[{"embeddable":true,"href":"https:\/\/anoticiaonline.com.br\/site\/wp-json\/wp\/v2\/users\/2"}],"replies":[{"embeddable":true,"href":"https:\/\/anoticiaonline.com.br\/site\/wp-json\/wp\/v2\/comments?post=63880"}],"version-history":[{"count":0,"href":"https:\/\/anoticiaonline.com.br\/site\/wp-json\/wp\/v2\/posts\/63880\/revisions"}],"wp:attachment":[{"href":"https:\/\/anoticiaonline.com.br\/site\/wp-json\/wp\/v2\/media?parent=63880"}],"wp:term":[{"taxonomy":"category","embeddable":true,"href":"https:\/\/anoticiaonline.com.br\/site\/wp-json\/wp\/v2\/categories?post=63880"},{"taxonomy":"post_tag","embeddable":true,"href":"https:\/\/anoticiaonline.com.br\/site\/wp-json\/wp\/v2\/tags?post=63880"}],"curies":[{"name":"wp","href":"https:\/\/api.w.org\/{rel}","templated":true}]}}