{"id":63874,"date":"2018-10-31T22:04:31","date_gmt":"2018-11-01T01:04:31","guid":{"rendered":"http:\/\/anoticiaonline.com.br\/site\/?p=63874"},"modified":"2018-10-31T22:04:31","modified_gmt":"2018-11-01T01:04:31","slug":"escrutinio-das-eleicoes-2018-em-muriae","status":"publish","type":"post","link":"https:\/\/anoticiaonline.com.br\/site\/escrutinio-das-eleicoes-2018-em-muriae\/","title":{"rendered":"Escrut\u00ednio das Elei\u00e7\u00f5es 2018, em Muria\u00e9"},"content":{"rendered":"<p><a href=\"https:\/\/anoticiaonline.com.br\/site\/wp-content\/uploads\/2018\/10\/Escrut\u00ednio-das-Elei\u00e7\u00f5es-2018-em-Muria\u00e9.jpeg\"><img fetchpriority=\"high\" decoding=\"async\" class=\"wp-image-63875 alignleft\" src=\"https:\/\/anoticiaonline.com.br\/site\/wp-content\/uploads\/2018\/10\/Escrut\u00ednio-das-Elei\u00e7\u00f5es-2018-em-Muria\u00e9.jpeg\" alt=\"\" width=\"420\" height=\"513\" srcset=\"https:\/\/anoticiaonline.com.br\/site\/wp-content\/uploads\/2018\/10\/Escrut\u00ednio-das-Elei\u00e7\u00f5es-2018-em-Muria\u00e9.jpeg 655w, https:\/\/anoticiaonline.com.br\/site\/wp-content\/uploads\/2018\/10\/Escrut\u00ednio-das-Elei\u00e7\u00f5es-2018-em-Muria\u00e9-246x300.jpeg 246w\" sizes=\"(max-width: 420px) 100vw, 420px\" \/><\/a><\/p>\n<p>Por Marcelo Crespo<\/p>\n<p>A insatisfa\u00e7\u00e3o da popula\u00e7\u00e3o com a atual conjuntura socioecon\u00f4mica e pol\u00edtica do pa\u00eds, restou demonstrada no resultado das elei\u00e7\u00f5es de 2018. A descren\u00e7a do eleitor nas institui\u00e7\u00f5es democr\u00e1ticas, corrompidas, despertou anseios de mudan\u00e7as pol\u00edticas, indubitavelmente refletidos na vota\u00e7\u00e3o dos candidatos de Muria\u00e9.<\/p>\n<p>Mesmo que as bases pol\u00edticas tenham sido suficientes para garantir mais um mandato a cada um dos tr\u00eas candidatos muriaeenses, a vota\u00e7\u00e3o desses tradicionais pol\u00edticos despencou. Houve candidato reeleito que teve 72,5% menos votos, em Muria\u00e9, que na elei\u00e7\u00e3o de 2014. A inexpressividade dos velhos pol\u00edticos, nas urnas, em sua pr\u00f3pria casa, sinaliza uma enorme vontade popular de transforma\u00e7\u00e3o, em paralelo ao surgimento de novos nomes na pol\u00edtica muriaeense, que t\u00eam seu m\u00e9rito.<\/p>\n<p>Um deles \u00e9 Paulo S\u00e9rgio Amaral, advogado e professor, candidato a deputado federal, estreante na pol\u00edtica. Esse muriaeense promete se firmar no cen\u00e1rio pol\u00edtico, pois teve 38.321 votos e se fortalece muito, ap\u00f3s o pleito. N\u00e3o foi eleito, mas o resultado teve sabor de vit\u00f3ria, com vota\u00e7\u00e3o mais expressiva que outros candidatos eleitos, beneficiados pelos quocientes eleitoral e partid\u00e1rio. H\u00e1 que se ressaltar que Paulo S\u00e9rgio Amaral, vindo de um anonimato pol\u00edtico, de \u00faltima hora, foi o segundo candidato a deputado federal mais votado em Muria\u00e9, totalizando mais votos que Patrus Ananias, Stefano Aguiar, Dr. M\u00e1rio Heringer e Andr\u00e9 Janones juntos, todos eleitos.<\/p>\n<p>Encerradas as elei\u00e7\u00f5es e j\u00e1 cogitando das pr\u00f3ximas, importante rememorar o escritor E\u00e7a de Queiroz que, h\u00e1 mais de um s\u00e9culo, dizia que os pol\u00edticos e as fraldas devem ser trocados com frequ\u00eancia! Mas ser\u00e1 que o povo, pelo instrumento do voto, ser\u00e1 capaz de renovar o cen\u00e1rio pol\u00edtico nos pleitos vindouros?<\/p>\n<p>O cidad\u00e3o precisa tomar consci\u00eancia de que o pol\u00edtico \u00e9 um empregado do povo. E muito bem pago, com dinheiro p\u00fablico. O povo precisa aprender a votar, para eleger pol\u00edticos que trabalhem efetivamente para o bem da coletividade, ao inv\u00e9s dos maus pol\u00edticos, que usam a infraestrutura do cargo e o tempo que deveria ser utilizado para o exerc\u00edcio de suas fun\u00e7\u00f5es p\u00fablicas, em benef\u00edcio pr\u00f3prio, costurando acordos escusos, consolidando bases pol\u00edticas, unicamente com o objetivo de se perpetuarem no poder, num rent\u00e1vel ciclo vicioso. Um retrato tragic\u00f4mico do Brasil contempor\u00e2neo, reflexo desses maus pol\u00edticos e seus eleitores, manipul\u00e1veis como marionetes.<\/p>\n","protected":false},"excerpt":{"rendered":"<p>Por Marcelo Crespo A insatisfa\u00e7\u00e3o da popula\u00e7\u00e3o com a atual conjuntura socioecon\u00f4mica e pol\u00edtica do pa\u00eds, restou demonstrada no resultado das elei\u00e7\u00f5es de 2018. A descren\u00e7a do eleitor nas institui\u00e7\u00f5es democr\u00e1ticas, corrompidas, despertou anseios de mudan\u00e7as pol\u00edticas, indubitavelmente refletidos na vota\u00e7\u00e3o dos candidatos de Muria\u00e9. Mesmo que as bases pol\u00edticas tenham sido suficientes para garantir &#8230; <a title=\"Escrut\u00ednio das Elei\u00e7\u00f5es 2018, em Muria\u00e9\" class=\"read-more\" href=\"https:\/\/anoticiaonline.com.br\/site\/escrutinio-das-eleicoes-2018-em-muriae\/\" aria-label=\"Read more about Escrut\u00ednio das Elei\u00e7\u00f5es 2018, em Muria\u00e9\">Ler mais<\/a><\/p>\n","protected":false},"author":2,"featured_media":63876,"comment_status":"open","ping_status":"open","sticky":false,"template":"","format":"standard","meta":{"_acf_changed":false,"_monsterinsights_skip_tracking":false,"footnotes":""},"categories":[30,19,1],"tags":[966,3347,1073,352],"class_list":["post-63874","post","type-post","status-publish","format-standard","has-post-thumbnail","hentry","category-muriae","category-cultura","category-gerais","tag-eleicoes","tag-marcelo-crespo","tag-opiniao","tag-politica"],"acf":[],"aioseo_notices":[],"aioseo_head":"\n\t\t<!-- All in One SEO 5.0.0.1 - aioseo.com -->\n\t<meta name=\"description\" content=\"Por Marcelo Crespo A insatisfa\u00e7\u00e3o da popula\u00e7\u00e3o com a atual conjuntura socioecon\u00f4mica e pol\u00edtica do pa\u00eds, restou demonstrada no resultado das elei\u00e7\u00f5es de 2018. A descren\u00e7a do eleitor nas institui\u00e7\u00f5es democr\u00e1ticas, corrompidas, despertou anseios de mudan\u00e7as pol\u00edticas, indubitavelmente refletidos na vota\u00e7\u00e3o dos candidatos de Muria\u00e9. Mesmo que as bases pol\u00edticas tenham sido suficientes para garantir\" \/>\n\t<meta name=\"robots\" content=\"max-image-preview:large\" \/>\n\t<meta name=\"author\" content=\"Juliana Laviola\"\/>\n\t<link rel=\"canonical\" href=\"https:\/\/anoticiaonline.com.br\/site\/escrutinio-das-eleicoes-2018-em-muriae\/\" \/>\n\t<meta name=\"generator\" content=\"All in One SEO (AIOSEO) 5.0.0.1\" \/>\n\t\t<meta property=\"og:locale\" content=\"pt_BR\" \/>\n\t\t<meta property=\"og:site_name\" content=\"A Not\u00edcia Online - Noticias de Muria\u00e9 e regi\u00e3o\" \/>\n\t\t<meta property=\"og:type\" content=\"article\" \/>\n\t\t<meta property=\"og:title\" content=\"Escrut\u00ednio das Elei\u00e7\u00f5es 2018, em Muria\u00e9 - A Not\u00edcia Online\" \/>\n\t\t<meta property=\"og:description\" content=\"Por Marcelo Crespo A insatisfa\u00e7\u00e3o da popula\u00e7\u00e3o com a atual conjuntura socioecon\u00f4mica e pol\u00edtica do pa\u00eds, restou demonstrada no resultado das elei\u00e7\u00f5es de 2018. A descren\u00e7a do eleitor nas institui\u00e7\u00f5es democr\u00e1ticas, corrompidas, despertou anseios de mudan\u00e7as pol\u00edticas, indubitavelmente refletidos na vota\u00e7\u00e3o dos candidatos de Muria\u00e9. Mesmo que as bases pol\u00edticas tenham sido suficientes para garantir\" \/>\n\t\t<meta property=\"og:url\" content=\"https:\/\/anoticiaonline.com.br\/site\/escrutinio-das-eleicoes-2018-em-muriae\/\" \/>\n\t\t<meta property=\"og:image\" content=\"https:\/\/scontent-gig4-1.xx.fbcdn.net\/v\/t39.30808-1\/270437624_4564083193639691_6907940295614233970_n.jpg?stp=dst-jpg_s200x200_tt6&#038;_nc_cat=111&#038;ccb=1-7&#038;_nc_sid=f907e8&#038;_nc_ohc=SM1wRlP3lJwQ7kNvwEPuBYA&#038;_nc_oc=AdnqrjDN_BNjSSHWO-GbkIWH6fkGMLw4bqvL_NH6e2wMveX7G-rP2dAqsDSq1mJMOaY&#038;_nc_zt=24&#038;_nc_ht=scontent-gig4-1.xx&#038;_nc_gid=AoBFJeGrT1hVaew_6rchkQ&#038;oh=00_AfX7QmFGhQhG2jAllVgXCiM1ZrWgvtp80-Bfppyexh1QEg&#038;oe=689E923C\" \/>\n\t\t<meta property=\"og:image:secure_url\" content=\"https:\/\/scontent-gig4-1.xx.fbcdn.net\/v\/t39.30808-1\/270437624_4564083193639691_6907940295614233970_n.jpg?stp=dst-jpg_s200x200_tt6&#038;_nc_cat=111&#038;ccb=1-7&#038;_nc_sid=f907e8&#038;_nc_ohc=SM1wRlP3lJwQ7kNvwEPuBYA&#038;_nc_oc=AdnqrjDN_BNjSSHWO-GbkIWH6fkGMLw4bqvL_NH6e2wMveX7G-rP2dAqsDSq1mJMOaY&#038;_nc_zt=24&#038;_nc_ht=scontent-gig4-1.xx&#038;_nc_gid=AoBFJeGrT1hVaew_6rchkQ&#038;oh=00_AfX7QmFGhQhG2jAllVgXCiM1ZrWgvtp80-Bfppyexh1QEg&#038;oe=689E923C\" \/>\n\t\t<meta property=\"article:published_time\" content=\"2018-11-01T01:04:31+00:00\" \/>\n\t\t<meta property=\"article:modified_time\" content=\"2018-11-01T01:04:31+00:00\" \/>\n\t\t<meta name=\"twitter:card\" content=\"summary_large_image\" \/>\n\t\t<meta name=\"twitter:title\" content=\"Escrut\u00ednio das Elei\u00e7\u00f5es 2018, em Muria\u00e9 - A Not\u00edcia Online\" \/>\n\t\t<meta name=\"twitter:description\" content=\"Por Marcelo Crespo A insatisfa\u00e7\u00e3o da popula\u00e7\u00e3o com a atual conjuntura socioecon\u00f4mica e pol\u00edtica do pa\u00eds, restou demonstrada no resultado das elei\u00e7\u00f5es de 2018. A descren\u00e7a do eleitor nas institui\u00e7\u00f5es democr\u00e1ticas, corrompidas, despertou anseios de mudan\u00e7as pol\u00edticas, indubitavelmente refletidos na vota\u00e7\u00e3o dos candidatos de Muria\u00e9. Mesmo que as bases pol\u00edticas tenham sido suficientes para garantir\" \/>\n\t\t<meta name=\"twitter:image\" content=\"https:\/\/scontent-gig4-1.xx.fbcdn.net\/v\/t39.30808-1\/270437624_4564083193639691_6907940295614233970_n.jpg?stp=dst-jpg_s200x200_tt6&amp;_nc_cat=111&amp;ccb=1-7&amp;_nc_sid=f907e8&amp;_nc_ohc=SM1wRlP3lJwQ7kNvwEPuBYA&amp;_nc_oc=AdnqrjDN_BNjSSHWO-GbkIWH6fkGMLw4bqvL_NH6e2wMveX7G-rP2dAqsDSq1mJMOaY&amp;_nc_zt=24&amp;_nc_ht=scontent-gig4-1.xx&amp;_nc_gid=AoBFJeGrT1hVaew_6rchkQ&amp;oh=00_AfX7QmFGhQhG2jAllVgXCiM1ZrWgvtp80-Bfppyexh1QEg&amp;oe=689E923C\" \/>\n\t\t<script type=\"application\/ld+json\" class=\"aioseo-schema\">\n\t\t\t{\"@context\":\"https:\\\/\\\/schema.org\",\"@graph\":[{\"@type\":\"BlogPosting\",\"@id\":\"https:\\\/\\\/anoticiaonline.com.br\\\/site\\\/escrutinio-das-eleicoes-2018-em-muriae\\\/#blogposting\",\"name\":\"Escrut\\u00ednio das Elei\\u00e7\\u00f5es 2018, em Muria\\u00e9 - A Not\\u00edcia Online\",\"headline\":\"Escrut\\u00ednio das Elei\\u00e7\\u00f5es 2018, em Muria\\u00e9\",\"author\":{\"@id\":\"https:\\\/\\\/anoticiaonline.com.br\\\/site\\\/author\\\/juliana\\\/#author\"},\"publisher\":{\"@id\":\"https:\\\/\\\/anoticiaonline.com.br\\\/site\\\/#organization\"},\"image\":{\"@type\":\"ImageObject\",\"url\":\"https:\\\/\\\/anoticiaonline.com.br\\\/site\\\/wp-content\\\/uploads\\\/2018\\\/10\\\/Escrut\\u00ednio-das-Elei\\u00e7\\u00f5es-2018-em-Muria\\u00e9-1.jpeg\",\"width\":600,\"height\":733},\"datePublished\":\"2018-10-31T22:04:31-03:00\",\"dateModified\":\"2018-10-31T22:04:31-03:00\",\"inLanguage\":\"pt-BR\",\"mainEntityOfPage\":{\"@id\":\"https:\\\/\\\/anoticiaonline.com.br\\\/site\\\/escrutinio-das-eleicoes-2018-em-muriae\\\/#webpage\"},\"isPartOf\":{\"@id\":\"https:\\\/\\\/anoticiaonline.com.br\\\/site\\\/escrutinio-das-eleicoes-2018-em-muriae\\\/#webpage\"},\"articleSection\":\"Blog, Cultura, Gerais, elei\\u00e7\\u00f5es, marcelo crespo, opini\\u00e3o, pol\\u00edtica\"},{\"@type\":\"BreadcrumbList\",\"@id\":\"https:\\\/\\\/anoticiaonline.com.br\\\/site\\\/escrutinio-das-eleicoes-2018-em-muriae\\\/#breadcrumblist\",\"itemListElement\":[{\"@type\":\"ListItem\",\"@id\":\"https:\\\/\\\/anoticiaonline.com.br\\\/site#listItem\",\"position\":1,\"name\":\"Home\",\"item\":\"https:\\\/\\\/anoticiaonline.com.br\\\/site\",\"nextItem\":{\"@type\":\"ListItem\",\"@id\":\"https:\\\/\\\/anoticiaonline.com.br\\\/site\\\/categoria\\\/muriae\\\/#listItem\",\"name\":\"Blog\"}},{\"@type\":\"ListItem\",\"@id\":\"https:\\\/\\\/anoticiaonline.com.br\\\/site\\\/categoria\\\/muriae\\\/#listItem\",\"position\":2,\"name\":\"Blog\",\"item\":\"https:\\\/\\\/anoticiaonline.com.br\\\/site\\\/categoria\\\/muriae\\\/\",\"nextItem\":{\"@type\":\"ListItem\",\"@id\":\"https:\\\/\\\/anoticiaonline.com.br\\\/site\\\/categoria\\\/muriae\\\/cultura\\\/#listItem\",\"name\":\"Cultura\"},\"previousItem\":{\"@type\":\"ListItem\",\"@id\":\"https:\\\/\\\/anoticiaonline.com.br\\\/site#listItem\",\"name\":\"Home\"}},{\"@type\":\"ListItem\",\"@id\":\"https:\\\/\\\/anoticiaonline.com.br\\\/site\\\/categoria\\\/muriae\\\/cultura\\\/#listItem\",\"position\":3,\"name\":\"Cultura\",\"item\":\"https:\\\/\\\/anoticiaonline.com.br\\\/site\\\/categoria\\\/muriae\\\/cultura\\\/\",\"nextItem\":{\"@type\":\"ListItem\",\"@id\":\"https:\\\/\\\/anoticiaonline.com.br\\\/site\\\/escrutinio-das-eleicoes-2018-em-muriae\\\/#listItem\",\"name\":\"Escrut\\u00ednio das Elei\\u00e7\\u00f5es 2018, em Muria\\u00e9\"},\"previousItem\":{\"@type\":\"ListItem\",\"@id\":\"https:\\\/\\\/anoticiaonline.com.br\\\/site\\\/categoria\\\/muriae\\\/#listItem\",\"name\":\"Blog\"}},{\"@type\":\"ListItem\",\"@id\":\"https:\\\/\\\/anoticiaonline.com.br\\\/site\\\/escrutinio-das-eleicoes-2018-em-muriae\\\/#listItem\",\"position\":4,\"name\":\"Escrut\\u00ednio das Elei\\u00e7\\u00f5es 2018, em Muria\\u00e9\",\"previousItem\":{\"@type\":\"ListItem\",\"@id\":\"https:\\\/\\\/anoticiaonline.com.br\\\/site\\\/categoria\\\/muriae\\\/cultura\\\/#listItem\",\"name\":\"Cultura\"}}]},{\"@type\":\"Organization\",\"@id\":\"https:\\\/\\\/anoticiaonline.com.br\\\/site\\\/#organization\",\"name\":\"A Not\\u00edcia Online\",\"description\":\"Noticias de Muria\\u00e9 e regi\\u00e3o\",\"url\":\"https:\\\/\\\/anoticiaonline.com.br\\\/site\\\/\",\"logo\":{\"@type\":\"ImageObject\",\"url\":\"https:\\\/\\\/scontent-gig4-1.xx.fbcdn.net\\\/v\\\/t39.30808-1\\\/270437624_4564083193639691_6907940295614233970_n.jpg?stp=dst-jpg_s200x200_tt6&_nc_cat=111&ccb=1-7&_nc_sid=f907e8&_nc_ohc=SM1wRlP3lJwQ7kNvwEPuBYA&_nc_oc=AdnqrjDN_BNjSSHWO-GbkIWH6fkGMLw4bqvL_NH6e2wMveX7G-rP2dAqsDSq1mJMOaY&_nc_zt=24&_nc_ht=scontent-gig4-1.xx&_nc_gid=AoBFJeGrT1hVaew_6rchkQ&oh=00_AfX7QmFGhQhG2jAllVgXCiM1ZrWgvtp80-Bfppyexh1QEg&oe=689E923C\",\"@id\":\"https:\\\/\\\/anoticiaonline.com.br\\\/site\\\/escrutinio-das-eleicoes-2018-em-muriae\\\/#organizationLogo\"},\"image\":{\"@id\":\"https:\\\/\\\/anoticiaonline.com.br\\\/site\\\/escrutinio-das-eleicoes-2018-em-muriae\\\/#organizationLogo\"}},{\"@type\":\"Person\",\"@id\":\"https:\\\/\\\/anoticiaonline.com.br\\\/site\\\/author\\\/juliana\\\/#author\",\"url\":\"https:\\\/\\\/anoticiaonline.com.br\\\/site\\\/author\\\/juliana\\\/\",\"name\":\"Juliana Laviola\",\"image\":{\"@type\":\"ImageObject\",\"@id\":\"https:\\\/\\\/anoticiaonline.com.br\\\/site\\\/escrutinio-das-eleicoes-2018-em-muriae\\\/#authorImage\",\"url\":\"https:\\\/\\\/secure.gravatar.com\\\/avatar\\\/b8d45f5c699b100dfaf0e543582f38f38bf94cb7ae3a5e9abf8d891a34773335?s=96&d=mm&r=g\",\"width\":96,\"height\":96,\"caption\":\"Juliana Laviola\"}},{\"@type\":\"WebPage\",\"@id\":\"https:\\\/\\\/anoticiaonline.com.br\\\/site\\\/escrutinio-das-eleicoes-2018-em-muriae\\\/#webpage\",\"url\":\"https:\\\/\\\/anoticiaonline.com.br\\\/site\\\/escrutinio-das-eleicoes-2018-em-muriae\\\/\",\"name\":\"Escrut\\u00ednio das Elei\\u00e7\\u00f5es 2018, em Muria\\u00e9 - A Not\\u00edcia Online\",\"description\":\"Por Marcelo Crespo A insatisfa\\u00e7\\u00e3o da popula\\u00e7\\u00e3o com a atual conjuntura socioecon\\u00f4mica e pol\\u00edtica do pa\\u00eds, restou demonstrada no resultado das elei\\u00e7\\u00f5es de 2018. A descren\\u00e7a do eleitor nas institui\\u00e7\\u00f5es democr\\u00e1ticas, corrompidas, despertou anseios de mudan\\u00e7as pol\\u00edticas, indubitavelmente refletidos na vota\\u00e7\\u00e3o dos candidatos de Muria\\u00e9. Mesmo que as bases pol\\u00edticas tenham sido suficientes para garantir\",\"inLanguage\":\"pt-BR\",\"isPartOf\":{\"@id\":\"https:\\\/\\\/anoticiaonline.com.br\\\/site\\\/#website\"},\"breadcrumb\":{\"@id\":\"https:\\\/\\\/anoticiaonline.com.br\\\/site\\\/escrutinio-das-eleicoes-2018-em-muriae\\\/#breadcrumblist\"},\"author\":{\"@id\":\"https:\\\/\\\/anoticiaonline.com.br\\\/site\\\/author\\\/juliana\\\/#author\"},\"creator\":{\"@id\":\"https:\\\/\\\/anoticiaonline.com.br\\\/site\\\/author\\\/juliana\\\/#author\"},\"image\":{\"@type\":\"ImageObject\",\"url\":\"https:\\\/\\\/anoticiaonline.com.br\\\/site\\\/wp-content\\\/uploads\\\/2018\\\/10\\\/Escrut\\u00ednio-das-Elei\\u00e7\\u00f5es-2018-em-Muria\\u00e9-1.jpeg\",\"@id\":\"https:\\\/\\\/anoticiaonline.com.br\\\/site\\\/escrutinio-das-eleicoes-2018-em-muriae\\\/#mainImage\",\"width\":600,\"height\":733},\"primaryImageOfPage\":{\"@id\":\"https:\\\/\\\/anoticiaonline.com.br\\\/site\\\/escrutinio-das-eleicoes-2018-em-muriae\\\/#mainImage\"},\"datePublished\":\"2018-10-31T22:04:31-03:00\",\"dateModified\":\"2018-10-31T22:04:31-03:00\"},{\"@type\":\"WebSite\",\"@id\":\"https:\\\/\\\/anoticiaonline.com.br\\\/site\\\/#website\",\"url\":\"https:\\\/\\\/anoticiaonline.com.br\\\/site\\\/\",\"name\":\"A Not\\u00edcia Online\",\"description\":\"Noticias de Muria\\u00e9 e regi\\u00e3o\",\"inLanguage\":\"pt-BR\",\"publisher\":{\"@id\":\"https:\\\/\\\/anoticiaonline.com.br\\\/site\\\/#organization\"}}]}\n\t\t<\/script>\n\t\t<!-- All in One SEO -->\n\n","aioseo_head_json":{"title":"Escrut\u00ednio das Elei\u00e7\u00f5es 2018, em Muria\u00e9 - A Not\u00edcia Online","description":"Por Marcelo Crespo A insatisfa\u00e7\u00e3o da popula\u00e7\u00e3o com a atual conjuntura socioecon\u00f4mica e pol\u00edtica do pa\u00eds, restou demonstrada no resultado das elei\u00e7\u00f5es de 2018. A descren\u00e7a do eleitor nas institui\u00e7\u00f5es democr\u00e1ticas, corrompidas, despertou anseios de mudan\u00e7as pol\u00edticas, indubitavelmente refletidos na vota\u00e7\u00e3o dos candidatos de Muria\u00e9. Mesmo que as bases pol\u00edticas tenham sido suficientes para garantir","canonical_url":"https:\/\/anoticiaonline.com.br\/site\/escrutinio-das-eleicoes-2018-em-muriae\/","robots":"max-image-preview:large","keywords":"","webmasterTools":{"miscellaneous":""},"schema":{"@context":"https:\/\/schema.org","@graph":[{"@type":"BlogPosting","@id":"https:\/\/anoticiaonline.com.br\/site\/escrutinio-das-eleicoes-2018-em-muriae\/#blogposting","name":"Escrut\u00ednio das Elei\u00e7\u00f5es 2018, em Muria\u00e9 - A Not\u00edcia Online","headline":"Escrut\u00ednio das Elei\u00e7\u00f5es 2018, em Muria\u00e9","author":{"@id":"https:\/\/anoticiaonline.com.br\/site\/author\/juliana\/#author"},"publisher":{"@id":"https:\/\/anoticiaonline.com.br\/site\/#organization"},"image":{"@type":"ImageObject","url":"https:\/\/anoticiaonline.com.br\/site\/wp-content\/uploads\/2018\/10\/Escrut\u00ednio-das-Elei\u00e7\u00f5es-2018-em-Muria\u00e9-1.jpeg","width":600,"height":733},"datePublished":"2018-10-31T22:04:31-03:00","dateModified":"2018-10-31T22:04:31-03:00","inLanguage":"pt-BR","mainEntityOfPage":{"@id":"https:\/\/anoticiaonline.com.br\/site\/escrutinio-das-eleicoes-2018-em-muriae\/#webpage"},"isPartOf":{"@id":"https:\/\/anoticiaonline.com.br\/site\/escrutinio-das-eleicoes-2018-em-muriae\/#webpage"},"articleSection":"Blog, Cultura, Gerais, elei\u00e7\u00f5es, marcelo crespo, opini\u00e3o, pol\u00edtica"},{"@type":"BreadcrumbList","@id":"https:\/\/anoticiaonline.com.br\/site\/escrutinio-das-eleicoes-2018-em-muriae\/#breadcrumblist","itemListElement":[{"@type":"ListItem","@id":"https:\/\/anoticiaonline.com.br\/site#listItem","position":1,"name":"Home","item":"https:\/\/anoticiaonline.com.br\/site","nextItem":{"@type":"ListItem","@id":"https:\/\/anoticiaonline.com.br\/site\/categoria\/muriae\/#listItem","name":"Blog"}},{"@type":"ListItem","@id":"https:\/\/anoticiaonline.com.br\/site\/categoria\/muriae\/#listItem","position":2,"name":"Blog","item":"https:\/\/anoticiaonline.com.br\/site\/categoria\/muriae\/","nextItem":{"@type":"ListItem","@id":"https:\/\/anoticiaonline.com.br\/site\/categoria\/muriae\/cultura\/#listItem","name":"Cultura"},"previousItem":{"@type":"ListItem","@id":"https:\/\/anoticiaonline.com.br\/site#listItem","name":"Home"}},{"@type":"ListItem","@id":"https:\/\/anoticiaonline.com.br\/site\/categoria\/muriae\/cultura\/#listItem","position":3,"name":"Cultura","item":"https:\/\/anoticiaonline.com.br\/site\/categoria\/muriae\/cultura\/","nextItem":{"@type":"ListItem","@id":"https:\/\/anoticiaonline.com.br\/site\/escrutinio-das-eleicoes-2018-em-muriae\/#listItem","name":"Escrut\u00ednio das Elei\u00e7\u00f5es 2018, em Muria\u00e9"},"previousItem":{"@type":"ListItem","@id":"https:\/\/anoticiaonline.com.br\/site\/categoria\/muriae\/#listItem","name":"Blog"}},{"@type":"ListItem","@id":"https:\/\/anoticiaonline.com.br\/site\/escrutinio-das-eleicoes-2018-em-muriae\/#listItem","position":4,"name":"Escrut\u00ednio das Elei\u00e7\u00f5es 2018, em Muria\u00e9","previousItem":{"@type":"ListItem","@id":"https:\/\/anoticiaonline.com.br\/site\/categoria\/muriae\/cultura\/#listItem","name":"Cultura"}}]},{"@type":"Organization","@id":"https:\/\/anoticiaonline.com.br\/site\/#organization","name":"A Not\u00edcia Online","description":"Noticias de Muria\u00e9 e regi\u00e3o","url":"https:\/\/anoticiaonline.com.br\/site\/","logo":{"@type":"ImageObject","url":"https:\/\/scontent-gig4-1.xx.fbcdn.net\/v\/t39.30808-1\/270437624_4564083193639691_6907940295614233970_n.jpg?stp=dst-jpg_s200x200_tt6&_nc_cat=111&ccb=1-7&_nc_sid=f907e8&_nc_ohc=SM1wRlP3lJwQ7kNvwEPuBYA&_nc_oc=AdnqrjDN_BNjSSHWO-GbkIWH6fkGMLw4bqvL_NH6e2wMveX7G-rP2dAqsDSq1mJMOaY&_nc_zt=24&_nc_ht=scontent-gig4-1.xx&_nc_gid=AoBFJeGrT1hVaew_6rchkQ&oh=00_AfX7QmFGhQhG2jAllVgXCiM1ZrWgvtp80-Bfppyexh1QEg&oe=689E923C","@id":"https:\/\/anoticiaonline.com.br\/site\/escrutinio-das-eleicoes-2018-em-muriae\/#organizationLogo"},"image":{"@id":"https:\/\/anoticiaonline.com.br\/site\/escrutinio-das-eleicoes-2018-em-muriae\/#organizationLogo"}},{"@type":"Person","@id":"https:\/\/anoticiaonline.com.br\/site\/author\/juliana\/#author","url":"https:\/\/anoticiaonline.com.br\/site\/author\/juliana\/","name":"Juliana Laviola","image":{"@type":"ImageObject","@id":"https:\/\/anoticiaonline.com.br\/site\/escrutinio-das-eleicoes-2018-em-muriae\/#authorImage","url":"https:\/\/secure.gravatar.com\/avatar\/b8d45f5c699b100dfaf0e543582f38f38bf94cb7ae3a5e9abf8d891a34773335?s=96&d=mm&r=g","width":96,"height":96,"caption":"Juliana Laviola"}},{"@type":"WebPage","@id":"https:\/\/anoticiaonline.com.br\/site\/escrutinio-das-eleicoes-2018-em-muriae\/#webpage","url":"https:\/\/anoticiaonline.com.br\/site\/escrutinio-das-eleicoes-2018-em-muriae\/","name":"Escrut\u00ednio das Elei\u00e7\u00f5es 2018, em Muria\u00e9 - A Not\u00edcia Online","description":"Por Marcelo Crespo A insatisfa\u00e7\u00e3o da popula\u00e7\u00e3o com a atual conjuntura socioecon\u00f4mica e pol\u00edtica do pa\u00eds, restou demonstrada no resultado das elei\u00e7\u00f5es de 2018. A descren\u00e7a do eleitor nas institui\u00e7\u00f5es democr\u00e1ticas, corrompidas, despertou anseios de mudan\u00e7as pol\u00edticas, indubitavelmente refletidos na vota\u00e7\u00e3o dos candidatos de Muria\u00e9. Mesmo que as bases pol\u00edticas tenham sido suficientes para garantir","inLanguage":"pt-BR","isPartOf":{"@id":"https:\/\/anoticiaonline.com.br\/site\/#website"},"breadcrumb":{"@id":"https:\/\/anoticiaonline.com.br\/site\/escrutinio-das-eleicoes-2018-em-muriae\/#breadcrumblist"},"author":{"@id":"https:\/\/anoticiaonline.com.br\/site\/author\/juliana\/#author"},"creator":{"@id":"https:\/\/anoticiaonline.com.br\/site\/author\/juliana\/#author"},"image":{"@type":"ImageObject","url":"https:\/\/anoticiaonline.com.br\/site\/wp-content\/uploads\/2018\/10\/Escrut\u00ednio-das-Elei\u00e7\u00f5es-2018-em-Muria\u00e9-1.jpeg","@id":"https:\/\/anoticiaonline.com.br\/site\/escrutinio-das-eleicoes-2018-em-muriae\/#mainImage","width":600,"height":733},"primaryImageOfPage":{"@id":"https:\/\/anoticiaonline.com.br\/site\/escrutinio-das-eleicoes-2018-em-muriae\/#mainImage"},"datePublished":"2018-10-31T22:04:31-03:00","dateModified":"2018-10-31T22:04:31-03:00"},{"@type":"WebSite","@id":"https:\/\/anoticiaonline.com.br\/site\/#website","url":"https:\/\/anoticiaonline.com.br\/site\/","name":"A Not\u00edcia Online","description":"Noticias de Muria\u00e9 e regi\u00e3o","inLanguage":"pt-BR","publisher":{"@id":"https:\/\/anoticiaonline.com.br\/site\/#organization"}}]},"og:locale":"pt_BR","og:site_name":"A Not\u00edcia Online - Noticias de Muria\u00e9 e regi\u00e3o","og:type":"article","og:title":"Escrut\u00ednio das Elei\u00e7\u00f5es 2018, em Muria\u00e9 - A Not\u00edcia Online","og:description":"Por Marcelo Crespo A insatisfa\u00e7\u00e3o da popula\u00e7\u00e3o com a atual conjuntura socioecon\u00f4mica e pol\u00edtica do pa\u00eds, restou demonstrada no resultado das elei\u00e7\u00f5es de 2018. A descren\u00e7a do eleitor nas institui\u00e7\u00f5es democr\u00e1ticas, corrompidas, despertou anseios de mudan\u00e7as pol\u00edticas, indubitavelmente refletidos na vota\u00e7\u00e3o dos candidatos de Muria\u00e9. Mesmo que as bases pol\u00edticas tenham sido suficientes para garantir","og:url":"https:\/\/anoticiaonline.com.br\/site\/escrutinio-das-eleicoes-2018-em-muriae\/","og:image":"https:\/\/scontent-gig4-1.xx.fbcdn.net\/v\/t39.30808-1\/270437624_4564083193639691_6907940295614233970_n.jpg?stp=dst-jpg_s200x200_tt6&#038;_nc_cat=111&#038;ccb=1-7&#038;_nc_sid=f907e8&#038;_nc_ohc=SM1wRlP3lJwQ7kNvwEPuBYA&#038;_nc_oc=AdnqrjDN_BNjSSHWO-GbkIWH6fkGMLw4bqvL_NH6e2wMveX7G-rP2dAqsDSq1mJMOaY&#038;_nc_zt=24&#038;_nc_ht=scontent-gig4-1.xx&#038;_nc_gid=AoBFJeGrT1hVaew_6rchkQ&#038;oh=00_AfX7QmFGhQhG2jAllVgXCiM1ZrWgvtp80-Bfppyexh1QEg&#038;oe=689E923C","og:image:secure_url":"https:\/\/scontent-gig4-1.xx.fbcdn.net\/v\/t39.30808-1\/270437624_4564083193639691_6907940295614233970_n.jpg?stp=dst-jpg_s200x200_tt6&#038;_nc_cat=111&#038;ccb=1-7&#038;_nc_sid=f907e8&#038;_nc_ohc=SM1wRlP3lJwQ7kNvwEPuBYA&#038;_nc_oc=AdnqrjDN_BNjSSHWO-GbkIWH6fkGMLw4bqvL_NH6e2wMveX7G-rP2dAqsDSq1mJMOaY&#038;_nc_zt=24&#038;_nc_ht=scontent-gig4-1.xx&#038;_nc_gid=AoBFJeGrT1hVaew_6rchkQ&#038;oh=00_AfX7QmFGhQhG2jAllVgXCiM1ZrWgvtp80-Bfppyexh1QEg&#038;oe=689E923C","article:published_time":"2018-11-01T01:04:31+00:00","article:modified_time":"2018-11-01T01:04:31+00:00","twitter:card":"summary_large_image","twitter:title":"Escrut\u00ednio das Elei\u00e7\u00f5es 2018, em Muria\u00e9 - A Not\u00edcia Online","twitter:description":"Por Marcelo Crespo A insatisfa\u00e7\u00e3o da popula\u00e7\u00e3o com a atual conjuntura socioecon\u00f4mica e pol\u00edtica do pa\u00eds, restou demonstrada no resultado das elei\u00e7\u00f5es de 2018. A descren\u00e7a do eleitor nas institui\u00e7\u00f5es democr\u00e1ticas, corrompidas, despertou anseios de mudan\u00e7as pol\u00edticas, indubitavelmente refletidos na vota\u00e7\u00e3o dos candidatos de Muria\u00e9. Mesmo que as bases pol\u00edticas tenham sido suficientes para garantir","twitter:image":"https:\/\/scontent-gig4-1.xx.fbcdn.net\/v\/t39.30808-1\/270437624_4564083193639691_6907940295614233970_n.jpg?stp=dst-jpg_s200x200_tt6&_nc_cat=111&ccb=1-7&_nc_sid=f907e8&_nc_ohc=SM1wRlP3lJwQ7kNvwEPuBYA&_nc_oc=AdnqrjDN_BNjSSHWO-GbkIWH6fkGMLw4bqvL_NH6e2wMveX7G-rP2dAqsDSq1mJMOaY&_nc_zt=24&_nc_ht=scontent-gig4-1.xx&_nc_gid=AoBFJeGrT1hVaew_6rchkQ&oh=00_AfX7QmFGhQhG2jAllVgXCiM1ZrWgvtp80-Bfppyexh1QEg&oe=689E923C"},"aioseo_meta_data":{"post_id":"63874","title":null,"description":null,"keywords":null,"keyphrases":null,"primary_term":null,"canonical_url":null,"og_title":null,"og_description":null,"og_object_type":"default","og_image_type":"default","og_image_url":null,"og_image_width":null,"og_image_height":null,"og_image_custom_url":null,"og_image_custom_fields":null,"og_video":null,"og_custom_url":null,"og_article_section":null,"og_article_tags":null,"twitter_use_og":false,"twitter_card":"default","twitter_image_type":"default","twitter_image_url":null,"twitter_image_custom_url":null,"twitter_image_custom_fields":null,"twitter_title":null,"twitter_description":null,"schema":{"blockGraphs":[],"customGraphs":[],"default":{"data":{"Article":[],"Course":[],"Dataset":[],"FAQPage":[],"Movie":[],"Person":[],"Product":[],"ProductReview":[],"Car":[],"Recipe":[],"Service":[],"SoftwareApplication":[],"WebPage":[]},"graphName":"","isEnabled":true},"graphs":[]},"schema_type":"default","schema_type_options":null,"pillar_content":false,"robots_default":true,"robots_noindex":false,"robots_noarchive":false,"robots_nosnippet":false,"robots_nofollow":false,"robots_noimageindex":false,"robots_noodp":false,"robots_notranslate":false,"robots_max_snippet":null,"robots_max_videopreview":null,"robots_max_imagepreview":"large","priority":null,"frequency":null,"local_seo":null,"breadcrumb_settings":null,"limit_modified_date":false,"ai":null,"created":"2025-08-16 22:00:18","updated":"2025-08-16 22:00:18","focus_keyword":null,"additional_keywords":null,"truseo_locale":null,"seo_analyzer_scan_date":null},"aioseo_breadcrumb":"<div class=\"aioseo-breadcrumbs\"><span class=\"aioseo-breadcrumb\">\n\t\t\t<a href=\"https:\/\/anoticiaonline.com.br\/site\" title=\"Home\">Home<\/a>\n\t\t<\/span><span class=\"aioseo-breadcrumb-separator\">&raquo;<\/span><span class=\"aioseo-breadcrumb\">\n\t\t\t<a href=\"https:\/\/anoticiaonline.com.br\/site\/categoria\/muriae\/\" title=\"Blog\">Blog<\/a>\n\t\t<\/span><span class=\"aioseo-breadcrumb-separator\">&raquo;<\/span><span class=\"aioseo-breadcrumb\">\n\t\t\t<a href=\"https:\/\/anoticiaonline.com.br\/site\/categoria\/muriae\/cultura\/\" title=\"Cultura\">Cultura<\/a>\n\t\t<\/span><span class=\"aioseo-breadcrumb-separator\">&raquo;<\/span><span class=\"aioseo-breadcrumb\">\n\t\t\tEscrut\u00ednio das Elei\u00e7\u00f5es 2018, em Muria\u00e9\n\t\t<\/span><\/div>","aioseo_breadcrumb_json":[{"label":"Home","link":"https:\/\/anoticiaonline.com.br\/site"},{"label":"Blog","link":"https:\/\/anoticiaonline.com.br\/site\/categoria\/muriae\/"},{"label":"Cultura","link":"https:\/\/anoticiaonline.com.br\/site\/categoria\/muriae\/cultura\/"},{"label":"Escrut\u00ednio das Elei\u00e7\u00f5es 2018, em Muria\u00e9","link":"https:\/\/anoticiaonline.com.br\/site\/escrutinio-das-eleicoes-2018-em-muriae\/"}],"views":161,"_links":{"self":[{"href":"https:\/\/anoticiaonline.com.br\/site\/wp-json\/wp\/v2\/posts\/63874","targetHints":{"allow":["GET"]}}],"collection":[{"href":"https:\/\/anoticiaonline.com.br\/site\/wp-json\/wp\/v2\/posts"}],"about":[{"href":"https:\/\/anoticiaonline.com.br\/site\/wp-json\/wp\/v2\/types\/post"}],"author":[{"embeddable":true,"href":"https:\/\/anoticiaonline.com.br\/site\/wp-json\/wp\/v2\/users\/2"}],"replies":[{"embeddable":true,"href":"https:\/\/anoticiaonline.com.br\/site\/wp-json\/wp\/v2\/comments?post=63874"}],"version-history":[{"count":0,"href":"https:\/\/anoticiaonline.com.br\/site\/wp-json\/wp\/v2\/posts\/63874\/revisions"}],"wp:featuredmedia":[{"embeddable":true,"href":"https:\/\/anoticiaonline.com.br\/site\/wp-json\/wp\/v2\/media\/63876"}],"wp:attachment":[{"href":"https:\/\/anoticiaonline.com.br\/site\/wp-json\/wp\/v2\/media?parent=63874"}],"wp:term":[{"taxonomy":"category","embeddable":true,"href":"https:\/\/anoticiaonline.com.br\/site\/wp-json\/wp\/v2\/categories?post=63874"},{"taxonomy":"post_tag","embeddable":true,"href":"https:\/\/anoticiaonline.com.br\/site\/wp-json\/wp\/v2\/tags?post=63874"}],"curies":[{"name":"wp","href":"https:\/\/api.w.org\/{rel}","templated":true}]}}