{"id":63869,"date":"2018-10-31T22:01:05","date_gmt":"2018-11-01T01:01:05","guid":{"rendered":"http:\/\/anoticiaonline.com.br\/site\/?p=63869"},"modified":"2018-10-31T22:07:15","modified_gmt":"2018-11-01T01:07:15","slug":"prefeitura-de-rosario-da-limeira-consegue-liberacao-de-recursos-para-o-programa-minha-casa-minha-vida-rural","status":"publish","type":"post","link":"https:\/\/anoticiaonline.com.br\/site\/prefeitura-de-rosario-da-limeira-consegue-liberacao-de-recursos-para-o-programa-minha-casa-minha-vida-rural\/","title":{"rendered":"Prefeitura de Ros\u00e1rio da Limeira consegue libera\u00e7\u00e3o de recursos para o programa \u201cMinha Casa, Minha Vida Rural\u201d"},"content":{"rendered":"<p>&nbsp;<\/p>\n<p><a href=\"https:\/\/anoticiaonline.com.br\/site\/wp-content\/uploads\/2018\/10\/Prefeitura-de-Ros\u00e1rio-da-Limeira-consegue-libera\u00e7\u00e3o-de-recursos-para-o-programa-\u201cMinha-Casa-Minha-Vida-Rural\u201d.jpeg\"><img fetchpriority=\"high\" decoding=\"async\" class=\"alignnone wp-image-63870\" src=\"https:\/\/anoticiaonline.com.br\/site\/wp-content\/uploads\/2018\/10\/Prefeitura-de-Ros\u00e1rio-da-Limeira-consegue-libera\u00e7\u00e3o-de-recursos-para-o-programa-\u201cMinha-Casa-Minha-Vida-Rural\u201d.jpeg\" alt=\"\" width=\"722\" height=\"481\" srcset=\"https:\/\/anoticiaonline.com.br\/site\/wp-content\/uploads\/2018\/10\/Prefeitura-de-Ros\u00e1rio-da-Limeira-consegue-libera\u00e7\u00e3o-de-recursos-para-o-programa-\u201cMinha-Casa-Minha-Vida-Rural\u201d.jpeg 528w, https:\/\/anoticiaonline.com.br\/site\/wp-content\/uploads\/2018\/10\/Prefeitura-de-Ros\u00e1rio-da-Limeira-consegue-libera\u00e7\u00e3o-de-recursos-para-o-programa-\u201cMinha-Casa-Minha-Vida-Rural\u201d-300x200.jpeg 300w\" sizes=\"(max-width: 722px) 100vw, 722px\" \/><\/a><\/p>\n<p>A Prefeitura de Ros\u00e1rio da Limeira, que atua como entidade organizadora do \u201cMinha Casa,\u00a0Minha Vida Rural\u201d, conseguiu a libera\u00e7\u00e3o da 2\u00aa parcela dos recursos destinados ao programa. O valor repassado foi de R$139.108,50 que corresponde a 16,27% do total da obra e ser\u00e1 utilizado para pagamento dos materiais de constru\u00e7\u00e3o e da m\u00e3o de obra.<\/p>\n<p><a href=\"https:\/\/anoticiaonline.com.br\/site\/wp-content\/uploads\/2018\/10\/Prefeitura-de-Ros\u00e1rio-da-Limeira-consegue-libera\u00e7\u00e3o-de-recursos-para-o-programa-\u201cMinha-Casa-Minha-Vida-Rural\u201d-2.jpeg\"><img decoding=\"async\" class=\"alignnone wp-image-63871\" src=\"https:\/\/anoticiaonline.com.br\/site\/wp-content\/uploads\/2018\/10\/Prefeitura-de-Ros\u00e1rio-da-Limeira-consegue-libera\u00e7\u00e3o-de-recursos-para-o-programa-\u201cMinha-Casa-Minha-Vida-Rural\u201d-2.jpeg\" alt=\"\" width=\"728\" height=\"485\" srcset=\"https:\/\/anoticiaonline.com.br\/site\/wp-content\/uploads\/2018\/10\/Prefeitura-de-Ros\u00e1rio-da-Limeira-consegue-libera\u00e7\u00e3o-de-recursos-para-o-programa-\u201cMinha-Casa-Minha-Vida-Rural\u201d-2.jpeg 530w, https:\/\/anoticiaonline.com.br\/site\/wp-content\/uploads\/2018\/10\/Prefeitura-de-Ros\u00e1rio-da-Limeira-consegue-libera\u00e7\u00e3o-de-recursos-para-o-programa-\u201cMinha-Casa-Minha-Vida-Rural\u201d-2-300x200.jpeg 300w\" sizes=\"(max-width: 728px) 100vw, 728px\" \/><\/a><\/p>\n<p>Segundo o prefeito Jos\u00e9 Maria, para agilizar a libera\u00e7\u00e3o de mais recursos, ele e o agente administrativo, Vicente Cl\u00e9sio da Silva, foram pessoalmente a Juiz de Fora para entregar, \u00e0 Caixa Econ\u00f4mica Federal, o Relat\u00f3rio Fotogr\u00e1fico e a Planilha de Libera\u00e7\u00e3o de Servi\u00e7os de todas as unidades habitacionais que est\u00e3o sendo constru\u00eddas, requisitos exigidos para dar continuidade \u00e0s obras.<\/p>\n<p><a href=\"https:\/\/anoticiaonline.com.br\/site\/wp-content\/uploads\/2018\/10\/Prefeitura-de-Ros\u00e1rio-da-Limeira-consegue-libera\u00e7\u00e3o-de-recursos-para-o-programa-\u201cMinha-Casa-Minha-Vida-Rural\u201d-3.jpeg\"><img decoding=\"async\" class=\"alignnone wp-image-63872\" src=\"https:\/\/anoticiaonline.com.br\/site\/wp-content\/uploads\/2018\/10\/Prefeitura-de-Ros\u00e1rio-da-Limeira-consegue-libera\u00e7\u00e3o-de-recursos-para-o-programa-\u201cMinha-Casa-Minha-Vida-Rural\u201d-3.jpeg\" alt=\"\" width=\"730\" height=\"487\" srcset=\"https:\/\/anoticiaonline.com.br\/site\/wp-content\/uploads\/2018\/10\/Prefeitura-de-Ros\u00e1rio-da-Limeira-consegue-libera\u00e7\u00e3o-de-recursos-para-o-programa-\u201cMinha-Casa-Minha-Vida-Rural\u201d-3.jpeg 484w, https:\/\/anoticiaonline.com.br\/site\/wp-content\/uploads\/2018\/10\/Prefeitura-de-Ros\u00e1rio-da-Limeira-consegue-libera\u00e7\u00e3o-de-recursos-para-o-programa-\u201cMinha-Casa-Minha-Vida-Rural\u201d-3-300x200.jpeg 300w\" sizes=\"(max-width: 730px) 100vw, 730px\" \/><\/a><\/p>\n","protected":false},"excerpt":{"rendered":"<p>&nbsp; A Prefeitura de Ros\u00e1rio da Limeira, que atua como entidade organizadora do \u201cMinha Casa,\u00a0Minha Vida Rural\u201d, conseguiu a libera\u00e7\u00e3o da 2\u00aa parcela dos recursos destinados ao programa. O valor repassado foi de R$139.108,50 que corresponde a 16,27% do total da obra e ser\u00e1 utilizado para pagamento dos materiais de constru\u00e7\u00e3o e da m\u00e3o de &#8230; <a title=\"Prefeitura de Ros\u00e1rio da Limeira consegue libera\u00e7\u00e3o de recursos para o programa \u201cMinha Casa, Minha Vida Rural\u201d\" class=\"read-more\" href=\"https:\/\/anoticiaonline.com.br\/site\/prefeitura-de-rosario-da-limeira-consegue-liberacao-de-recursos-para-o-programa-minha-casa-minha-vida-rural\/\" aria-label=\"Read more about Prefeitura de Ros\u00e1rio da Limeira consegue libera\u00e7\u00e3o de recursos para o programa \u201cMinha Casa, Minha Vida Rural\u201d\">Ler mais<\/a><\/p>\n","protected":false},"author":2,"featured_media":63878,"comment_status":"open","ping_status":"open","sticky":false,"template":"","format":"standard","meta":{"_acf_changed":false,"_monsterinsights_skip_tracking":false,"footnotes":""},"categories":[30,2893,6],"tags":[1622,246,404,846],"class_list":["post-63869","post","type-post","status-publish","format-standard","has-post-thumbnail","hentry","category-muriae","category-cotidiano","category-regiao","tag-habitacao","tag-prefeitura","tag-regiao","tag-rosario-da-limeira"],"acf":[],"aioseo_notices":[],"aioseo_head":"\n\t\t<!-- All in One SEO 5.0.0.1 - aioseo.com -->\n\t<meta name=\"description\" content=\"A Prefeitura de Ros\u00e1rio da Limeira, que atua como entidade organizadora do \u201cMinha Casa, Minha Vida Rural\u201d, conseguiu a libera\u00e7\u00e3o da 2\u00aa parcela dos recursos destinados ao programa. O valor repassado foi de R$139.108,50 que corresponde a 16,27% do total da obra e ser\u00e1 utilizado para pagamento dos materiais de constru\u00e7\u00e3o e da m\u00e3o de\" \/>\n\t<meta name=\"robots\" content=\"max-image-preview:large\" \/>\n\t<meta name=\"author\" content=\"Juliana Laviola\"\/>\n\t<link rel=\"canonical\" href=\"https:\/\/anoticiaonline.com.br\/site\/prefeitura-de-rosario-da-limeira-consegue-liberacao-de-recursos-para-o-programa-minha-casa-minha-vida-rural\/\" \/>\n\t<meta name=\"generator\" content=\"All in One SEO (AIOSEO) 5.0.0.1\" \/>\n\t\t<meta property=\"og:locale\" content=\"pt_BR\" \/>\n\t\t<meta property=\"og:site_name\" content=\"A Not\u00edcia Online - Noticias de Muria\u00e9 e regi\u00e3o\" \/>\n\t\t<meta property=\"og:type\" content=\"article\" \/>\n\t\t<meta property=\"og:title\" content=\"Prefeitura de Ros\u00e1rio da Limeira consegue libera\u00e7\u00e3o de recursos para o programa \u201cMinha Casa, Minha Vida Rural\u201d - A Not\u00edcia Online\" \/>\n\t\t<meta property=\"og:description\" content=\"A Prefeitura de Ros\u00e1rio da Limeira, que atua como entidade organizadora do \u201cMinha Casa, Minha Vida Rural\u201d, conseguiu a libera\u00e7\u00e3o da 2\u00aa parcela dos recursos destinados ao programa. O valor repassado foi de R$139.108,50 que corresponde a 16,27% do total da obra e ser\u00e1 utilizado para pagamento dos materiais de constru\u00e7\u00e3o e da m\u00e3o de\" \/>\n\t\t<meta property=\"og:url\" content=\"https:\/\/anoticiaonline.com.br\/site\/prefeitura-de-rosario-da-limeira-consegue-liberacao-de-recursos-para-o-programa-minha-casa-minha-vida-rural\/\" \/>\n\t\t<meta property=\"og:image\" content=\"https:\/\/scontent-gig4-1.xx.fbcdn.net\/v\/t39.30808-1\/270437624_4564083193639691_6907940295614233970_n.jpg?stp=dst-jpg_s200x200_tt6&#038;_nc_cat=111&#038;ccb=1-7&#038;_nc_sid=f907e8&#038;_nc_ohc=SM1wRlP3lJwQ7kNvwEPuBYA&#038;_nc_oc=AdnqrjDN_BNjSSHWO-GbkIWH6fkGMLw4bqvL_NH6e2wMveX7G-rP2dAqsDSq1mJMOaY&#038;_nc_zt=24&#038;_nc_ht=scontent-gig4-1.xx&#038;_nc_gid=AoBFJeGrT1hVaew_6rchkQ&#038;oh=00_AfX7QmFGhQhG2jAllVgXCiM1ZrWgvtp80-Bfppyexh1QEg&#038;oe=689E923C\" \/>\n\t\t<meta property=\"og:image:secure_url\" content=\"https:\/\/scontent-gig4-1.xx.fbcdn.net\/v\/t39.30808-1\/270437624_4564083193639691_6907940295614233970_n.jpg?stp=dst-jpg_s200x200_tt6&#038;_nc_cat=111&#038;ccb=1-7&#038;_nc_sid=f907e8&#038;_nc_ohc=SM1wRlP3lJwQ7kNvwEPuBYA&#038;_nc_oc=AdnqrjDN_BNjSSHWO-GbkIWH6fkGMLw4bqvL_NH6e2wMveX7G-rP2dAqsDSq1mJMOaY&#038;_nc_zt=24&#038;_nc_ht=scontent-gig4-1.xx&#038;_nc_gid=AoBFJeGrT1hVaew_6rchkQ&#038;oh=00_AfX7QmFGhQhG2jAllVgXCiM1ZrWgvtp80-Bfppyexh1QEg&#038;oe=689E923C\" \/>\n\t\t<meta property=\"article:published_time\" content=\"2018-11-01T01:01:05+00:00\" \/>\n\t\t<meta property=\"article:modified_time\" content=\"2018-11-01T01:07:15+00:00\" \/>\n\t\t<meta name=\"twitter:card\" content=\"summary_large_image\" \/>\n\t\t<meta name=\"twitter:title\" content=\"Prefeitura de Ros\u00e1rio da Limeira consegue libera\u00e7\u00e3o de recursos para o programa \u201cMinha Casa, Minha Vida Rural\u201d - A Not\u00edcia Online\" \/>\n\t\t<meta name=\"twitter:description\" content=\"A Prefeitura de Ros\u00e1rio da Limeira, que atua como entidade organizadora do \u201cMinha Casa, Minha Vida Rural\u201d, conseguiu a libera\u00e7\u00e3o da 2\u00aa parcela dos recursos destinados ao programa. O valor repassado foi de R$139.108,50 que corresponde a 16,27% do total da obra e ser\u00e1 utilizado para pagamento dos materiais de constru\u00e7\u00e3o e da m\u00e3o de\" \/>\n\t\t<meta name=\"twitter:image\" content=\"https:\/\/scontent-gig4-1.xx.fbcdn.net\/v\/t39.30808-1\/270437624_4564083193639691_6907940295614233970_n.jpg?stp=dst-jpg_s200x200_tt6&amp;_nc_cat=111&amp;ccb=1-7&amp;_nc_sid=f907e8&amp;_nc_ohc=SM1wRlP3lJwQ7kNvwEPuBYA&amp;_nc_oc=AdnqrjDN_BNjSSHWO-GbkIWH6fkGMLw4bqvL_NH6e2wMveX7G-rP2dAqsDSq1mJMOaY&amp;_nc_zt=24&amp;_nc_ht=scontent-gig4-1.xx&amp;_nc_gid=AoBFJeGrT1hVaew_6rchkQ&amp;oh=00_AfX7QmFGhQhG2jAllVgXCiM1ZrWgvtp80-Bfppyexh1QEg&amp;oe=689E923C\" \/>\n\t\t<script type=\"application\/ld+json\" class=\"aioseo-schema\">\n\t\t\t{\"@context\":\"https:\\\/\\\/schema.org\",\"@graph\":[{\"@type\":\"BlogPosting\",\"@id\":\"https:\\\/\\\/anoticiaonline.com.br\\\/site\\\/prefeitura-de-rosario-da-limeira-consegue-liberacao-de-recursos-para-o-programa-minha-casa-minha-vida-rural\\\/#blogposting\",\"name\":\"Prefeitura de Ros\\u00e1rio da Limeira consegue libera\\u00e7\\u00e3o de recursos para o programa \\u201cMinha Casa, Minha Vida Rural\\u201d - A Not\\u00edcia Online\",\"headline\":\"Prefeitura de Ros\\u00e1rio da Limeira consegue libera\\u00e7\\u00e3o de recursos para o programa \\u201cMinha Casa, Minha Vida Rural\\u201d\",\"author\":{\"@id\":\"https:\\\/\\\/anoticiaonline.com.br\\\/site\\\/author\\\/juliana\\\/#author\"},\"publisher\":{\"@id\":\"https:\\\/\\\/anoticiaonline.com.br\\\/site\\\/#organization\"},\"image\":{\"@type\":\"ImageObject\",\"url\":\"https:\\\/\\\/anoticiaonline.com.br\\\/site\\\/wp-content\\\/uploads\\\/2018\\\/10\\\/Prefeitura-de-Ros\\u00e1rio-da-Limeira-consegue-libera\\u00e7\\u00e3o-de-recursos-para-o-programa-\\u201cMinha-Casa-Minha-Vida-Rural\\u201d-2-1.jpeg\",\"width\":1000,\"height\":666},\"datePublished\":\"2018-10-31T22:01:05-03:00\",\"dateModified\":\"2018-10-31T22:07:15-03:00\",\"inLanguage\":\"pt-BR\",\"mainEntityOfPage\":{\"@id\":\"https:\\\/\\\/anoticiaonline.com.br\\\/site\\\/prefeitura-de-rosario-da-limeira-consegue-liberacao-de-recursos-para-o-programa-minha-casa-minha-vida-rural\\\/#webpage\"},\"isPartOf\":{\"@id\":\"https:\\\/\\\/anoticiaonline.com.br\\\/site\\\/prefeitura-de-rosario-da-limeira-consegue-liberacao-de-recursos-para-o-programa-minha-casa-minha-vida-rural\\\/#webpage\"},\"articleSection\":\"Blog, Cotidiano, Regi\\u00e3o, habita\\u00e7\\u00e3o, prefeitura, regi\\u00e3o, Ros\\u00e1rio da Limeira\"},{\"@type\":\"BreadcrumbList\",\"@id\":\"https:\\\/\\\/anoticiaonline.com.br\\\/site\\\/prefeitura-de-rosario-da-limeira-consegue-liberacao-de-recursos-para-o-programa-minha-casa-minha-vida-rural\\\/#breadcrumblist\",\"itemListElement\":[{\"@type\":\"ListItem\",\"@id\":\"https:\\\/\\\/anoticiaonline.com.br\\\/site#listItem\",\"position\":1,\"name\":\"Home\",\"item\":\"https:\\\/\\\/anoticiaonline.com.br\\\/site\",\"nextItem\":{\"@type\":\"ListItem\",\"@id\":\"https:\\\/\\\/anoticiaonline.com.br\\\/site\\\/categoria\\\/muriae\\\/#listItem\",\"name\":\"Blog\"}},{\"@type\":\"ListItem\",\"@id\":\"https:\\\/\\\/anoticiaonline.com.br\\\/site\\\/categoria\\\/muriae\\\/#listItem\",\"position\":2,\"name\":\"Blog\",\"item\":\"https:\\\/\\\/anoticiaonline.com.br\\\/site\\\/categoria\\\/muriae\\\/\",\"nextItem\":{\"@type\":\"ListItem\",\"@id\":\"https:\\\/\\\/anoticiaonline.com.br\\\/site\\\/categoria\\\/muriae\\\/cotidiano\\\/#listItem\",\"name\":\"Cotidiano\"},\"previousItem\":{\"@type\":\"ListItem\",\"@id\":\"https:\\\/\\\/anoticiaonline.com.br\\\/site#listItem\",\"name\":\"Home\"}},{\"@type\":\"ListItem\",\"@id\":\"https:\\\/\\\/anoticiaonline.com.br\\\/site\\\/categoria\\\/muriae\\\/cotidiano\\\/#listItem\",\"position\":3,\"name\":\"Cotidiano\",\"item\":\"https:\\\/\\\/anoticiaonline.com.br\\\/site\\\/categoria\\\/muriae\\\/cotidiano\\\/\",\"nextItem\":{\"@type\":\"ListItem\",\"@id\":\"https:\\\/\\\/anoticiaonline.com.br\\\/site\\\/prefeitura-de-rosario-da-limeira-consegue-liberacao-de-recursos-para-o-programa-minha-casa-minha-vida-rural\\\/#listItem\",\"name\":\"Prefeitura de Ros\\u00e1rio da Limeira consegue libera\\u00e7\\u00e3o de recursos para o programa \\u201cMinha Casa, Minha Vida Rural\\u201d\"},\"previousItem\":{\"@type\":\"ListItem\",\"@id\":\"https:\\\/\\\/anoticiaonline.com.br\\\/site\\\/categoria\\\/muriae\\\/#listItem\",\"name\":\"Blog\"}},{\"@type\":\"ListItem\",\"@id\":\"https:\\\/\\\/anoticiaonline.com.br\\\/site\\\/prefeitura-de-rosario-da-limeira-consegue-liberacao-de-recursos-para-o-programa-minha-casa-minha-vida-rural\\\/#listItem\",\"position\":4,\"name\":\"Prefeitura de Ros\\u00e1rio da Limeira consegue libera\\u00e7\\u00e3o de recursos para o programa \\u201cMinha Casa, Minha Vida Rural\\u201d\",\"previousItem\":{\"@type\":\"ListItem\",\"@id\":\"https:\\\/\\\/anoticiaonline.com.br\\\/site\\\/categoria\\\/muriae\\\/cotidiano\\\/#listItem\",\"name\":\"Cotidiano\"}}]},{\"@type\":\"Organization\",\"@id\":\"https:\\\/\\\/anoticiaonline.com.br\\\/site\\\/#organization\",\"name\":\"A Not\\u00edcia Online\",\"description\":\"Noticias de Muria\\u00e9 e regi\\u00e3o\",\"url\":\"https:\\\/\\\/anoticiaonline.com.br\\\/site\\\/\",\"logo\":{\"@type\":\"ImageObject\",\"url\":\"https:\\\/\\\/scontent-gig4-1.xx.fbcdn.net\\\/v\\\/t39.30808-1\\\/270437624_4564083193639691_6907940295614233970_n.jpg?stp=dst-jpg_s200x200_tt6&_nc_cat=111&ccb=1-7&_nc_sid=f907e8&_nc_ohc=SM1wRlP3lJwQ7kNvwEPuBYA&_nc_oc=AdnqrjDN_BNjSSHWO-GbkIWH6fkGMLw4bqvL_NH6e2wMveX7G-rP2dAqsDSq1mJMOaY&_nc_zt=24&_nc_ht=scontent-gig4-1.xx&_nc_gid=AoBFJeGrT1hVaew_6rchkQ&oh=00_AfX7QmFGhQhG2jAllVgXCiM1ZrWgvtp80-Bfppyexh1QEg&oe=689E923C\",\"@id\":\"https:\\\/\\\/anoticiaonline.com.br\\\/site\\\/prefeitura-de-rosario-da-limeira-consegue-liberacao-de-recursos-para-o-programa-minha-casa-minha-vida-rural\\\/#organizationLogo\"},\"image\":{\"@id\":\"https:\\\/\\\/anoticiaonline.com.br\\\/site\\\/prefeitura-de-rosario-da-limeira-consegue-liberacao-de-recursos-para-o-programa-minha-casa-minha-vida-rural\\\/#organizationLogo\"}},{\"@type\":\"Person\",\"@id\":\"https:\\\/\\\/anoticiaonline.com.br\\\/site\\\/author\\\/juliana\\\/#author\",\"url\":\"https:\\\/\\\/anoticiaonline.com.br\\\/site\\\/author\\\/juliana\\\/\",\"name\":\"Juliana Laviola\",\"image\":{\"@type\":\"ImageObject\",\"@id\":\"https:\\\/\\\/anoticiaonline.com.br\\\/site\\\/prefeitura-de-rosario-da-limeira-consegue-liberacao-de-recursos-para-o-programa-minha-casa-minha-vida-rural\\\/#authorImage\",\"url\":\"https:\\\/\\\/secure.gravatar.com\\\/avatar\\\/b8d45f5c699b100dfaf0e543582f38f38bf94cb7ae3a5e9abf8d891a34773335?s=96&d=mm&r=g\",\"width\":96,\"height\":96,\"caption\":\"Juliana Laviola\"}},{\"@type\":\"WebPage\",\"@id\":\"https:\\\/\\\/anoticiaonline.com.br\\\/site\\\/prefeitura-de-rosario-da-limeira-consegue-liberacao-de-recursos-para-o-programa-minha-casa-minha-vida-rural\\\/#webpage\",\"url\":\"https:\\\/\\\/anoticiaonline.com.br\\\/site\\\/prefeitura-de-rosario-da-limeira-consegue-liberacao-de-recursos-para-o-programa-minha-casa-minha-vida-rural\\\/\",\"name\":\"Prefeitura de Ros\\u00e1rio da Limeira consegue libera\\u00e7\\u00e3o de recursos para o programa \\u201cMinha Casa, Minha Vida Rural\\u201d - A Not\\u00edcia Online\",\"description\":\"A Prefeitura de Ros\\u00e1rio da Limeira, que atua como entidade organizadora do \\u201cMinha Casa, Minha Vida Rural\\u201d, conseguiu a libera\\u00e7\\u00e3o da 2\\u00aa parcela dos recursos destinados ao programa. O valor repassado foi de R$139.108,50 que corresponde a 16,27% do total da obra e ser\\u00e1 utilizado para pagamento dos materiais de constru\\u00e7\\u00e3o e da m\\u00e3o de\",\"inLanguage\":\"pt-BR\",\"isPartOf\":{\"@id\":\"https:\\\/\\\/anoticiaonline.com.br\\\/site\\\/#website\"},\"breadcrumb\":{\"@id\":\"https:\\\/\\\/anoticiaonline.com.br\\\/site\\\/prefeitura-de-rosario-da-limeira-consegue-liberacao-de-recursos-para-o-programa-minha-casa-minha-vida-rural\\\/#breadcrumblist\"},\"author\":{\"@id\":\"https:\\\/\\\/anoticiaonline.com.br\\\/site\\\/author\\\/juliana\\\/#author\"},\"creator\":{\"@id\":\"https:\\\/\\\/anoticiaonline.com.br\\\/site\\\/author\\\/juliana\\\/#author\"},\"image\":{\"@type\":\"ImageObject\",\"url\":\"https:\\\/\\\/anoticiaonline.com.br\\\/site\\\/wp-content\\\/uploads\\\/2018\\\/10\\\/Prefeitura-de-Ros\\u00e1rio-da-Limeira-consegue-libera\\u00e7\\u00e3o-de-recursos-para-o-programa-\\u201cMinha-Casa-Minha-Vida-Rural\\u201d-2-1.jpeg\",\"@id\":\"https:\\\/\\\/anoticiaonline.com.br\\\/site\\\/prefeitura-de-rosario-da-limeira-consegue-liberacao-de-recursos-para-o-programa-minha-casa-minha-vida-rural\\\/#mainImage\",\"width\":1000,\"height\":666},\"primaryImageOfPage\":{\"@id\":\"https:\\\/\\\/anoticiaonline.com.br\\\/site\\\/prefeitura-de-rosario-da-limeira-consegue-liberacao-de-recursos-para-o-programa-minha-casa-minha-vida-rural\\\/#mainImage\"},\"datePublished\":\"2018-10-31T22:01:05-03:00\",\"dateModified\":\"2018-10-31T22:07:15-03:00\"},{\"@type\":\"WebSite\",\"@id\":\"https:\\\/\\\/anoticiaonline.com.br\\\/site\\\/#website\",\"url\":\"https:\\\/\\\/anoticiaonline.com.br\\\/site\\\/\",\"name\":\"A Not\\u00edcia Online\",\"description\":\"Noticias de Muria\\u00e9 e regi\\u00e3o\",\"inLanguage\":\"pt-BR\",\"publisher\":{\"@id\":\"https:\\\/\\\/anoticiaonline.com.br\\\/site\\\/#organization\"}}]}\n\t\t<\/script>\n\t\t<!-- All in One SEO -->\n\n","aioseo_head_json":{"title":"Prefeitura de Ros\u00e1rio da Limeira consegue libera\u00e7\u00e3o de recursos para o programa \u201cMinha Casa, Minha Vida Rural\u201d - A Not\u00edcia Online","description":"A Prefeitura de Ros\u00e1rio da Limeira, que atua como entidade organizadora do \u201cMinha Casa, Minha Vida Rural\u201d, conseguiu a libera\u00e7\u00e3o da 2\u00aa parcela dos recursos destinados ao programa. O valor repassado foi de R$139.108,50 que corresponde a 16,27% do total da obra e ser\u00e1 utilizado para pagamento dos materiais de constru\u00e7\u00e3o e da m\u00e3o de","canonical_url":"https:\/\/anoticiaonline.com.br\/site\/prefeitura-de-rosario-da-limeira-consegue-liberacao-de-recursos-para-o-programa-minha-casa-minha-vida-rural\/","robots":"max-image-preview:large","keywords":"","webmasterTools":{"miscellaneous":""},"schema":{"@context":"https:\/\/schema.org","@graph":[{"@type":"BlogPosting","@id":"https:\/\/anoticiaonline.com.br\/site\/prefeitura-de-rosario-da-limeira-consegue-liberacao-de-recursos-para-o-programa-minha-casa-minha-vida-rural\/#blogposting","name":"Prefeitura de Ros\u00e1rio da Limeira consegue libera\u00e7\u00e3o de recursos para o programa \u201cMinha Casa, Minha Vida Rural\u201d - A Not\u00edcia Online","headline":"Prefeitura de Ros\u00e1rio da Limeira consegue libera\u00e7\u00e3o de recursos para o programa \u201cMinha Casa, Minha Vida Rural\u201d","author":{"@id":"https:\/\/anoticiaonline.com.br\/site\/author\/juliana\/#author"},"publisher":{"@id":"https:\/\/anoticiaonline.com.br\/site\/#organization"},"image":{"@type":"ImageObject","url":"https:\/\/anoticiaonline.com.br\/site\/wp-content\/uploads\/2018\/10\/Prefeitura-de-Ros\u00e1rio-da-Limeira-consegue-libera\u00e7\u00e3o-de-recursos-para-o-programa-\u201cMinha-Casa-Minha-Vida-Rural\u201d-2-1.jpeg","width":1000,"height":666},"datePublished":"2018-10-31T22:01:05-03:00","dateModified":"2018-10-31T22:07:15-03:00","inLanguage":"pt-BR","mainEntityOfPage":{"@id":"https:\/\/anoticiaonline.com.br\/site\/prefeitura-de-rosario-da-limeira-consegue-liberacao-de-recursos-para-o-programa-minha-casa-minha-vida-rural\/#webpage"},"isPartOf":{"@id":"https:\/\/anoticiaonline.com.br\/site\/prefeitura-de-rosario-da-limeira-consegue-liberacao-de-recursos-para-o-programa-minha-casa-minha-vida-rural\/#webpage"},"articleSection":"Blog, Cotidiano, Regi\u00e3o, habita\u00e7\u00e3o, prefeitura, regi\u00e3o, Ros\u00e1rio da Limeira"},{"@type":"BreadcrumbList","@id":"https:\/\/anoticiaonline.com.br\/site\/prefeitura-de-rosario-da-limeira-consegue-liberacao-de-recursos-para-o-programa-minha-casa-minha-vida-rural\/#breadcrumblist","itemListElement":[{"@type":"ListItem","@id":"https:\/\/anoticiaonline.com.br\/site#listItem","position":1,"name":"Home","item":"https:\/\/anoticiaonline.com.br\/site","nextItem":{"@type":"ListItem","@id":"https:\/\/anoticiaonline.com.br\/site\/categoria\/muriae\/#listItem","name":"Blog"}},{"@type":"ListItem","@id":"https:\/\/anoticiaonline.com.br\/site\/categoria\/muriae\/#listItem","position":2,"name":"Blog","item":"https:\/\/anoticiaonline.com.br\/site\/categoria\/muriae\/","nextItem":{"@type":"ListItem","@id":"https:\/\/anoticiaonline.com.br\/site\/categoria\/muriae\/cotidiano\/#listItem","name":"Cotidiano"},"previousItem":{"@type":"ListItem","@id":"https:\/\/anoticiaonline.com.br\/site#listItem","name":"Home"}},{"@type":"ListItem","@id":"https:\/\/anoticiaonline.com.br\/site\/categoria\/muriae\/cotidiano\/#listItem","position":3,"name":"Cotidiano","item":"https:\/\/anoticiaonline.com.br\/site\/categoria\/muriae\/cotidiano\/","nextItem":{"@type":"ListItem","@id":"https:\/\/anoticiaonline.com.br\/site\/prefeitura-de-rosario-da-limeira-consegue-liberacao-de-recursos-para-o-programa-minha-casa-minha-vida-rural\/#listItem","name":"Prefeitura de Ros\u00e1rio da Limeira consegue libera\u00e7\u00e3o de recursos para o programa \u201cMinha Casa, Minha Vida Rural\u201d"},"previousItem":{"@type":"ListItem","@id":"https:\/\/anoticiaonline.com.br\/site\/categoria\/muriae\/#listItem","name":"Blog"}},{"@type":"ListItem","@id":"https:\/\/anoticiaonline.com.br\/site\/prefeitura-de-rosario-da-limeira-consegue-liberacao-de-recursos-para-o-programa-minha-casa-minha-vida-rural\/#listItem","position":4,"name":"Prefeitura de Ros\u00e1rio da Limeira consegue libera\u00e7\u00e3o de recursos para o programa \u201cMinha Casa, Minha Vida Rural\u201d","previousItem":{"@type":"ListItem","@id":"https:\/\/anoticiaonline.com.br\/site\/categoria\/muriae\/cotidiano\/#listItem","name":"Cotidiano"}}]},{"@type":"Organization","@id":"https:\/\/anoticiaonline.com.br\/site\/#organization","name":"A Not\u00edcia Online","description":"Noticias de Muria\u00e9 e regi\u00e3o","url":"https:\/\/anoticiaonline.com.br\/site\/","logo":{"@type":"ImageObject","url":"https:\/\/scontent-gig4-1.xx.fbcdn.net\/v\/t39.30808-1\/270437624_4564083193639691_6907940295614233970_n.jpg?stp=dst-jpg_s200x200_tt6&_nc_cat=111&ccb=1-7&_nc_sid=f907e8&_nc_ohc=SM1wRlP3lJwQ7kNvwEPuBYA&_nc_oc=AdnqrjDN_BNjSSHWO-GbkIWH6fkGMLw4bqvL_NH6e2wMveX7G-rP2dAqsDSq1mJMOaY&_nc_zt=24&_nc_ht=scontent-gig4-1.xx&_nc_gid=AoBFJeGrT1hVaew_6rchkQ&oh=00_AfX7QmFGhQhG2jAllVgXCiM1ZrWgvtp80-Bfppyexh1QEg&oe=689E923C","@id":"https:\/\/anoticiaonline.com.br\/site\/prefeitura-de-rosario-da-limeira-consegue-liberacao-de-recursos-para-o-programa-minha-casa-minha-vida-rural\/#organizationLogo"},"image":{"@id":"https:\/\/anoticiaonline.com.br\/site\/prefeitura-de-rosario-da-limeira-consegue-liberacao-de-recursos-para-o-programa-minha-casa-minha-vida-rural\/#organizationLogo"}},{"@type":"Person","@id":"https:\/\/anoticiaonline.com.br\/site\/author\/juliana\/#author","url":"https:\/\/anoticiaonline.com.br\/site\/author\/juliana\/","name":"Juliana Laviola","image":{"@type":"ImageObject","@id":"https:\/\/anoticiaonline.com.br\/site\/prefeitura-de-rosario-da-limeira-consegue-liberacao-de-recursos-para-o-programa-minha-casa-minha-vida-rural\/#authorImage","url":"https:\/\/secure.gravatar.com\/avatar\/b8d45f5c699b100dfaf0e543582f38f38bf94cb7ae3a5e9abf8d891a34773335?s=96&d=mm&r=g","width":96,"height":96,"caption":"Juliana Laviola"}},{"@type":"WebPage","@id":"https:\/\/anoticiaonline.com.br\/site\/prefeitura-de-rosario-da-limeira-consegue-liberacao-de-recursos-para-o-programa-minha-casa-minha-vida-rural\/#webpage","url":"https:\/\/anoticiaonline.com.br\/site\/prefeitura-de-rosario-da-limeira-consegue-liberacao-de-recursos-para-o-programa-minha-casa-minha-vida-rural\/","name":"Prefeitura de Ros\u00e1rio da Limeira consegue libera\u00e7\u00e3o de recursos para o programa \u201cMinha Casa, Minha Vida Rural\u201d - A Not\u00edcia Online","description":"A Prefeitura de Ros\u00e1rio da Limeira, que atua como entidade organizadora do \u201cMinha Casa, Minha Vida Rural\u201d, conseguiu a libera\u00e7\u00e3o da 2\u00aa parcela dos recursos destinados ao programa. O valor repassado foi de R$139.108,50 que corresponde a 16,27% do total da obra e ser\u00e1 utilizado para pagamento dos materiais de constru\u00e7\u00e3o e da m\u00e3o de","inLanguage":"pt-BR","isPartOf":{"@id":"https:\/\/anoticiaonline.com.br\/site\/#website"},"breadcrumb":{"@id":"https:\/\/anoticiaonline.com.br\/site\/prefeitura-de-rosario-da-limeira-consegue-liberacao-de-recursos-para-o-programa-minha-casa-minha-vida-rural\/#breadcrumblist"},"author":{"@id":"https:\/\/anoticiaonline.com.br\/site\/author\/juliana\/#author"},"creator":{"@id":"https:\/\/anoticiaonline.com.br\/site\/author\/juliana\/#author"},"image":{"@type":"ImageObject","url":"https:\/\/anoticiaonline.com.br\/site\/wp-content\/uploads\/2018\/10\/Prefeitura-de-Ros\u00e1rio-da-Limeira-consegue-libera\u00e7\u00e3o-de-recursos-para-o-programa-\u201cMinha-Casa-Minha-Vida-Rural\u201d-2-1.jpeg","@id":"https:\/\/anoticiaonline.com.br\/site\/prefeitura-de-rosario-da-limeira-consegue-liberacao-de-recursos-para-o-programa-minha-casa-minha-vida-rural\/#mainImage","width":1000,"height":666},"primaryImageOfPage":{"@id":"https:\/\/anoticiaonline.com.br\/site\/prefeitura-de-rosario-da-limeira-consegue-liberacao-de-recursos-para-o-programa-minha-casa-minha-vida-rural\/#mainImage"},"datePublished":"2018-10-31T22:01:05-03:00","dateModified":"2018-10-31T22:07:15-03:00"},{"@type":"WebSite","@id":"https:\/\/anoticiaonline.com.br\/site\/#website","url":"https:\/\/anoticiaonline.com.br\/site\/","name":"A Not\u00edcia Online","description":"Noticias de Muria\u00e9 e regi\u00e3o","inLanguage":"pt-BR","publisher":{"@id":"https:\/\/anoticiaonline.com.br\/site\/#organization"}}]},"og:locale":"pt_BR","og:site_name":"A Not\u00edcia Online - Noticias de Muria\u00e9 e regi\u00e3o","og:type":"article","og:title":"Prefeitura de Ros\u00e1rio da Limeira consegue libera\u00e7\u00e3o de recursos para o programa \u201cMinha Casa, Minha Vida Rural\u201d - A Not\u00edcia Online","og:description":"A Prefeitura de Ros\u00e1rio da Limeira, que atua como entidade organizadora do \u201cMinha Casa, Minha Vida Rural\u201d, conseguiu a libera\u00e7\u00e3o da 2\u00aa parcela dos recursos destinados ao programa. O valor repassado foi de R$139.108,50 que corresponde a 16,27% do total da obra e ser\u00e1 utilizado para pagamento dos materiais de constru\u00e7\u00e3o e da m\u00e3o de","og:url":"https:\/\/anoticiaonline.com.br\/site\/prefeitura-de-rosario-da-limeira-consegue-liberacao-de-recursos-para-o-programa-minha-casa-minha-vida-rural\/","og:image":"https:\/\/scontent-gig4-1.xx.fbcdn.net\/v\/t39.30808-1\/270437624_4564083193639691_6907940295614233970_n.jpg?stp=dst-jpg_s200x200_tt6&#038;_nc_cat=111&#038;ccb=1-7&#038;_nc_sid=f907e8&#038;_nc_ohc=SM1wRlP3lJwQ7kNvwEPuBYA&#038;_nc_oc=AdnqrjDN_BNjSSHWO-GbkIWH6fkGMLw4bqvL_NH6e2wMveX7G-rP2dAqsDSq1mJMOaY&#038;_nc_zt=24&#038;_nc_ht=scontent-gig4-1.xx&#038;_nc_gid=AoBFJeGrT1hVaew_6rchkQ&#038;oh=00_AfX7QmFGhQhG2jAllVgXCiM1ZrWgvtp80-Bfppyexh1QEg&#038;oe=689E923C","og:image:secure_url":"https:\/\/scontent-gig4-1.xx.fbcdn.net\/v\/t39.30808-1\/270437624_4564083193639691_6907940295614233970_n.jpg?stp=dst-jpg_s200x200_tt6&#038;_nc_cat=111&#038;ccb=1-7&#038;_nc_sid=f907e8&#038;_nc_ohc=SM1wRlP3lJwQ7kNvwEPuBYA&#038;_nc_oc=AdnqrjDN_BNjSSHWO-GbkIWH6fkGMLw4bqvL_NH6e2wMveX7G-rP2dAqsDSq1mJMOaY&#038;_nc_zt=24&#038;_nc_ht=scontent-gig4-1.xx&#038;_nc_gid=AoBFJeGrT1hVaew_6rchkQ&#038;oh=00_AfX7QmFGhQhG2jAllVgXCiM1ZrWgvtp80-Bfppyexh1QEg&#038;oe=689E923C","article:published_time":"2018-11-01T01:01:05+00:00","article:modified_time":"2018-11-01T01:07:15+00:00","twitter:card":"summary_large_image","twitter:title":"Prefeitura de Ros\u00e1rio da Limeira consegue libera\u00e7\u00e3o de recursos para o programa \u201cMinha Casa, Minha Vida Rural\u201d - A Not\u00edcia Online","twitter:description":"A Prefeitura de Ros\u00e1rio da Limeira, que atua como entidade organizadora do \u201cMinha Casa, Minha Vida Rural\u201d, conseguiu a libera\u00e7\u00e3o da 2\u00aa parcela dos recursos destinados ao programa. O valor repassado foi de R$139.108,50 que corresponde a 16,27% do total da obra e ser\u00e1 utilizado para pagamento dos materiais de constru\u00e7\u00e3o e da m\u00e3o de","twitter:image":"https:\/\/scontent-gig4-1.xx.fbcdn.net\/v\/t39.30808-1\/270437624_4564083193639691_6907940295614233970_n.jpg?stp=dst-jpg_s200x200_tt6&_nc_cat=111&ccb=1-7&_nc_sid=f907e8&_nc_ohc=SM1wRlP3lJwQ7kNvwEPuBYA&_nc_oc=AdnqrjDN_BNjSSHWO-GbkIWH6fkGMLw4bqvL_NH6e2wMveX7G-rP2dAqsDSq1mJMOaY&_nc_zt=24&_nc_ht=scontent-gig4-1.xx&_nc_gid=AoBFJeGrT1hVaew_6rchkQ&oh=00_AfX7QmFGhQhG2jAllVgXCiM1ZrWgvtp80-Bfppyexh1QEg&oe=689E923C"},"aioseo_meta_data":{"post_id":"63869","title":null,"description":null,"keywords":null,"keyphrases":null,"primary_term":null,"canonical_url":null,"og_title":null,"og_description":null,"og_object_type":"default","og_image_type":"default","og_image_url":null,"og_image_width":null,"og_image_height":null,"og_image_custom_url":null,"og_image_custom_fields":null,"og_video":null,"og_custom_url":null,"og_article_section":null,"og_article_tags":null,"twitter_use_og":false,"twitter_card":"default","twitter_image_type":"default","twitter_image_url":null,"twitter_image_custom_url":null,"twitter_image_custom_fields":null,"twitter_title":null,"twitter_description":null,"schema":{"blockGraphs":[],"customGraphs":[],"default":{"data":{"Article":[],"Course":[],"Dataset":[],"FAQPage":[],"Movie":[],"Person":[],"Product":[],"ProductReview":[],"Car":[],"Recipe":[],"Service":[],"SoftwareApplication":[],"WebPage":[]},"graphName":"","isEnabled":true},"graphs":[]},"schema_type":"default","schema_type_options":null,"pillar_content":false,"robots_default":true,"robots_noindex":false,"robots_noarchive":false,"robots_nosnippet":false,"robots_nofollow":false,"robots_noimageindex":false,"robots_noodp":false,"robots_notranslate":false,"robots_max_snippet":null,"robots_max_videopreview":null,"robots_max_imagepreview":"large","priority":null,"frequency":null,"local_seo":null,"breadcrumb_settings":null,"limit_modified_date":false,"ai":null,"created":"2025-08-16 22:00:18","updated":"2025-08-16 22:00:18","focus_keyword":null,"additional_keywords":null,"truseo_locale":null,"seo_analyzer_scan_date":null},"aioseo_breadcrumb":"<div class=\"aioseo-breadcrumbs\"><span class=\"aioseo-breadcrumb\">\n\t\t\t<a href=\"https:\/\/anoticiaonline.com.br\/site\" title=\"Home\">Home<\/a>\n\t\t<\/span><span class=\"aioseo-breadcrumb-separator\">&raquo;<\/span><span class=\"aioseo-breadcrumb\">\n\t\t\t<a href=\"https:\/\/anoticiaonline.com.br\/site\/categoria\/muriae\/\" title=\"Blog\">Blog<\/a>\n\t\t<\/span><span class=\"aioseo-breadcrumb-separator\">&raquo;<\/span><span class=\"aioseo-breadcrumb\">\n\t\t\t<a href=\"https:\/\/anoticiaonline.com.br\/site\/categoria\/muriae\/cotidiano\/\" title=\"Cotidiano\">Cotidiano<\/a>\n\t\t<\/span><span class=\"aioseo-breadcrumb-separator\">&raquo;<\/span><span class=\"aioseo-breadcrumb\">\n\t\t\tPrefeitura de Ros\u00e1rio da Limeira consegue libera\u00e7\u00e3o de recursos para o programa \u201cMinha Casa, Minha Vida Rural\u201d\n\t\t<\/span><\/div>","aioseo_breadcrumb_json":[{"label":"Home","link":"https:\/\/anoticiaonline.com.br\/site"},{"label":"Blog","link":"https:\/\/anoticiaonline.com.br\/site\/categoria\/muriae\/"},{"label":"Cotidiano","link":"https:\/\/anoticiaonline.com.br\/site\/categoria\/muriae\/cotidiano\/"},{"label":"Prefeitura de Ros\u00e1rio da Limeira consegue libera\u00e7\u00e3o de recursos para o programa \u201cMinha Casa, Minha Vida Rural\u201d","link":"https:\/\/anoticiaonline.com.br\/site\/prefeitura-de-rosario-da-limeira-consegue-liberacao-de-recursos-para-o-programa-minha-casa-minha-vida-rural\/"}],"views":158,"_links":{"self":[{"href":"https:\/\/anoticiaonline.com.br\/site\/wp-json\/wp\/v2\/posts\/63869","targetHints":{"allow":["GET"]}}],"collection":[{"href":"https:\/\/anoticiaonline.com.br\/site\/wp-json\/wp\/v2\/posts"}],"about":[{"href":"https:\/\/anoticiaonline.com.br\/site\/wp-json\/wp\/v2\/types\/post"}],"author":[{"embeddable":true,"href":"https:\/\/anoticiaonline.com.br\/site\/wp-json\/wp\/v2\/users\/2"}],"replies":[{"embeddable":true,"href":"https:\/\/anoticiaonline.com.br\/site\/wp-json\/wp\/v2\/comments?post=63869"}],"version-history":[{"count":0,"href":"https:\/\/anoticiaonline.com.br\/site\/wp-json\/wp\/v2\/posts\/63869\/revisions"}],"wp:featuredmedia":[{"embeddable":true,"href":"https:\/\/anoticiaonline.com.br\/site\/wp-json\/wp\/v2\/media\/63878"}],"wp:attachment":[{"href":"https:\/\/anoticiaonline.com.br\/site\/wp-json\/wp\/v2\/media?parent=63869"}],"wp:term":[{"taxonomy":"category","embeddable":true,"href":"https:\/\/anoticiaonline.com.br\/site\/wp-json\/wp\/v2\/categories?post=63869"},{"taxonomy":"post_tag","embeddable":true,"href":"https:\/\/anoticiaonline.com.br\/site\/wp-json\/wp\/v2\/tags?post=63869"}],"curies":[{"name":"wp","href":"https:\/\/api.w.org\/{rel}","templated":true}]}}