{"id":63734,"date":"2018-10-26T12:14:28","date_gmt":"2018-10-26T15:14:28","guid":{"rendered":"http:\/\/anoticiaonline.com.br\/site\/?p=63734"},"modified":"2018-10-26T00:24:20","modified_gmt":"2018-10-26T03:24:20","slug":"14-engenharia-e-design-de-interiores-e-inaugurado-em-muriae","status":"publish","type":"post","link":"https:\/\/anoticiaonline.com.br\/site\/14-engenharia-e-design-de-interiores-e-inaugurado-em-muriae\/","title":{"rendered":".14 Engenharia e Design de Interiores \u00e9 inaugurado em Muria\u00e9"},"content":{"rendered":"<p><a href=\"https:\/\/anoticiaonline.com.br\/site\/wp-content\/uploads\/2018\/10\/94ace8e4-9aae-4c50-a047-8e95576eca9f.jpg\"><img fetchpriority=\"high\" decoding=\"async\" class=\"aligncenter size-full wp-image-63738\" src=\"https:\/\/anoticiaonline.com.br\/site\/wp-content\/uploads\/2018\/10\/94ace8e4-9aae-4c50-a047-8e95576eca9f.jpg\" alt=\"\" width=\"964\" height=\"800\" srcset=\"https:\/\/anoticiaonline.com.br\/site\/wp-content\/uploads\/2018\/10\/94ace8e4-9aae-4c50-a047-8e95576eca9f.jpg 964w, https:\/\/anoticiaonline.com.br\/site\/wp-content\/uploads\/2018\/10\/94ace8e4-9aae-4c50-a047-8e95576eca9f-300x249.jpg 300w, https:\/\/anoticiaonline.com.br\/site\/wp-content\/uploads\/2018\/10\/94ace8e4-9aae-4c50-a047-8e95576eca9f-768x637.jpg 768w\" sizes=\"(max-width: 964px) 100vw, 964px\" \/><\/a><\/p>\n<p><a href=\"https:\/\/anoticiaonline.com.br\/site\/wp-content\/uploads\/2018\/10\/DSC_0864.jpg\"><img decoding=\"async\" class=\"aligncenter size-full wp-image-63745\" src=\"https:\/\/anoticiaonline.com.br\/site\/wp-content\/uploads\/2018\/10\/DSC_0864.jpg\" alt=\"\" width=\"1000\" height=\"668\" srcset=\"https:\/\/anoticiaonline.com.br\/site\/wp-content\/uploads\/2018\/10\/DSC_0864.jpg 1000w, https:\/\/anoticiaonline.com.br\/site\/wp-content\/uploads\/2018\/10\/DSC_0864-300x200.jpg 300w, https:\/\/anoticiaonline.com.br\/site\/wp-content\/uploads\/2018\/10\/DSC_0864-768x513.jpg 768w\" sizes=\"(max-width: 1000px) 100vw, 1000px\" \/><\/a><\/p>\n<p><a href=\"https:\/\/anoticiaonline.com.br\/site\/wp-content\/uploads\/2018\/10\/04d454cc-eb7d-4025-9db6-040fe52a3e90.jpg\"><img decoding=\"async\" class=\"aligncenter size-full wp-image-63736\" src=\"https:\/\/anoticiaonline.com.br\/site\/wp-content\/uploads\/2018\/10\/04d454cc-eb7d-4025-9db6-040fe52a3e90.jpg\" alt=\"\" width=\"952\" height=\"750\" srcset=\"https:\/\/anoticiaonline.com.br\/site\/wp-content\/uploads\/2018\/10\/04d454cc-eb7d-4025-9db6-040fe52a3e90.jpg 952w, https:\/\/anoticiaonline.com.br\/site\/wp-content\/uploads\/2018\/10\/04d454cc-eb7d-4025-9db6-040fe52a3e90-300x236.jpg 300w, https:\/\/anoticiaonline.com.br\/site\/wp-content\/uploads\/2018\/10\/04d454cc-eb7d-4025-9db6-040fe52a3e90-768x605.jpg 768w\" sizes=\"(max-width: 952px) 100vw, 952px\" \/><\/a><\/p>\n<p>Na \u00faltima sexta-feira (19), foi inaugurado, durante um coquetel, o escrit\u00f3rio .14 Engenharia e Design de Interiores, de propriedade de Monique Porto de Faria.<\/p>\n<p>Segundo a designer de interiores, Monique, a inaugura\u00e7\u00e3o de seu escrit\u00f3rio \u00e9 resultado de um sonho antigo, que se concretizou ap\u00f3s o apoio de seu marido e de duas grandes amigas.<\/p>\n<p>\u201cSou formada em Design de Interiores e trabalho na \u00e1rea h\u00e1 oito anos. Antes eu trabalhava em parceria com algumas lojas de materiais de constru\u00e7\u00e3o e de mobili\u00e1rio. Assim, utilizava o espa\u00e7o das pr\u00f3prias lojas para atender meus clientes. Com o passar do tempo, percebi que necessitava de um espa\u00e7o maior e mais confort\u00e1vel pra poder atender meus clientes. Ent\u00e3o, numa conversa com meu marido decidimos que ele sairia do trabalho e n\u00f3s montar\u00edamos um escrit\u00f3rio. Na mesma semana, convidei minha amiga Bianca, que era gerente de uma loja onde eu prestava servi\u00e7os e que estava no 8\u00ba per\u00edodo do curso de Arquitetura, a se juntar a n\u00f3s. Por coincid\u00eancia, reencontrei outra amiga, Ana Beatriz, formada recentemente em Engenharia Civil, que estava totalmente empenhada a atuar na \u00e1rea e tamb\u00e9m entrou como colaboradora. Assim, surgiu o .14 Engenharia e Design de Interiores\u201d.<\/p>\n<p>A proposta do escrit\u00f3rio \u00e9 trabalhar com a elabora\u00e7\u00e3o e a execu\u00e7\u00e3o dos projetos desde a parte estrutural at\u00e9 a decora\u00e7\u00e3o de seu interior, o que envolve a instala\u00e7\u00e3o de gesso, ilumina\u00e7\u00e3o e mobili\u00e1rio. \u201cNossa proposta n\u00e3o \u00e9 s\u00f3 vender o projeto, mas acompanhar o sonho do cliente do inicio ao fim. Etapa por etapa. Assim, o cliente n\u00e3o precisa buscar profissionais isolados. Ele ter\u00e1 mais conforto e menos dor de cabe\u00e7a, pois todos os profissionais ser\u00e3o monitorados pelo pr\u00f3prio escrit\u00f3rio\u201d, explica Monique.<\/p>\n<p>\u201cAgrade\u00e7o, em primeiro lugar, a Deus, pois sem Ele nada disso teria acontecido; aos meus familiares, em especial a minha m\u00e3e e meu marido, que sempre me apoiaram e me incentivaram a concretizar esse sonho; aos meus clientes, que se tornaram grandes amigos; aos meus parceiros de trabalho; e \u00e0 Bianca e \u00e0 Ana Beatriz, que acreditaram no meu sonho e juntaram-se a mim nesta caminhada\u201d, finaliza.<\/p>\n<p>O escrit\u00f3rio .14 Engenharia e Design de Interiores est\u00e1 localizado \u00e0 Rua S\u00e3o Pedro, n\u00famero 253, loja 4, no Centro da cidade. Hor\u00e1rio de funcionamento: de segunda \u00e0 sexta, das 8h \u00e0s 18h. Telefone para contato: (32) 98864-0334.<\/p>\n<p><strong>*\u00c9 expressamente proibida a c\u00f3pia, reprodu\u00e7\u00e3o, difus\u00e3o, transmiss\u00e3o, utiliza\u00e7\u00e3o, modifica\u00e7\u00e3o, venda, publica\u00e7\u00e3o, distribui\u00e7\u00e3o ou qualquer outro, na totalidade ou em parte, deste material sem a pr\u00e9via autoriza\u00e7\u00e3o, por escrito, da dire\u00e7\u00e3o do jornal A NOT\u00cdCIA.<\/strong><\/p>\n<p>&nbsp;<\/p>\n<p><a href=\"https:\/\/anoticiaonline.com.br\/site\/wp-content\/uploads\/2018\/10\/03db53bf-9b17-4ca4-9614-2b1749f32b13.jpg\"><img loading=\"lazy\" decoding=\"async\" class=\"aligncenter size-full wp-image-63735\" src=\"https:\/\/anoticiaonline.com.br\/site\/wp-content\/uploads\/2018\/10\/03db53bf-9b17-4ca4-9614-2b1749f32b13.jpg\" alt=\"\" width=\"1000\" height=\"653\" srcset=\"https:\/\/anoticiaonline.com.br\/site\/wp-content\/uploads\/2018\/10\/03db53bf-9b17-4ca4-9614-2b1749f32b13.jpg 1000w, https:\/\/anoticiaonline.com.br\/site\/wp-content\/uploads\/2018\/10\/03db53bf-9b17-4ca4-9614-2b1749f32b13-300x196.jpg 300w, https:\/\/anoticiaonline.com.br\/site\/wp-content\/uploads\/2018\/10\/03db53bf-9b17-4ca4-9614-2b1749f32b13-768x502.jpg 768w\" sizes=\"(max-width: 1000px) 100vw, 1000px\" \/><\/a><a href=\"https:\/\/anoticiaonline.com.br\/site\/wp-content\/uploads\/2018\/10\/74ffdfbd-26fa-4492-8057-e7f479378a1d.jpg\"><img loading=\"lazy\" decoding=\"async\" class=\"aligncenter size-full wp-image-63737\" src=\"https:\/\/anoticiaonline.com.br\/site\/wp-content\/uploads\/2018\/10\/74ffdfbd-26fa-4492-8057-e7f479378a1d.jpg\" alt=\"\" width=\"1000\" height=\"652\" srcset=\"https:\/\/anoticiaonline.com.br\/site\/wp-content\/uploads\/2018\/10\/74ffdfbd-26fa-4492-8057-e7f479378a1d.jpg 1000w, https:\/\/anoticiaonline.com.br\/site\/wp-content\/uploads\/2018\/10\/74ffdfbd-26fa-4492-8057-e7f479378a1d-300x196.jpg 300w, https:\/\/anoticiaonline.com.br\/site\/wp-content\/uploads\/2018\/10\/74ffdfbd-26fa-4492-8057-e7f479378a1d-768x501.jpg 768w\" sizes=\"(max-width: 1000px) 100vw, 1000px\" \/><\/a><a href=\"https:\/\/anoticiaonline.com.br\/site\/wp-content\/uploads\/2018\/10\/152c383d-a288-47b4-993c-50b28d8dfd2c.jpg\"><img loading=\"lazy\" decoding=\"async\" class=\"aligncenter size-full wp-image-63739\" src=\"https:\/\/anoticiaonline.com.br\/site\/wp-content\/uploads\/2018\/10\/152c383d-a288-47b4-993c-50b28d8dfd2c.jpg\" alt=\"\" width=\"840\" height=\"750\" srcset=\"https:\/\/anoticiaonline.com.br\/site\/wp-content\/uploads\/2018\/10\/152c383d-a288-47b4-993c-50b28d8dfd2c.jpg 840w, https:\/\/anoticiaonline.com.br\/site\/wp-content\/uploads\/2018\/10\/152c383d-a288-47b4-993c-50b28d8dfd2c-300x268.jpg 300w, https:\/\/anoticiaonline.com.br\/site\/wp-content\/uploads\/2018\/10\/152c383d-a288-47b4-993c-50b28d8dfd2c-768x686.jpg 768w\" sizes=\"(max-width: 840px) 100vw, 840px\" \/><\/a> <a href=\"https:\/\/anoticiaonline.com.br\/site\/wp-content\/uploads\/2018\/10\/DSC_0783.jpg\"><img loading=\"lazy\" decoding=\"async\" class=\"aligncenter size-full wp-image-63740\" src=\"https:\/\/anoticiaonline.com.br\/site\/wp-content\/uploads\/2018\/10\/DSC_0783.jpg\" alt=\"\" width=\"1000\" height=\"668\" srcset=\"https:\/\/anoticiaonline.com.br\/site\/wp-content\/uploads\/2018\/10\/DSC_0783.jpg 1000w, https:\/\/anoticiaonline.com.br\/site\/wp-content\/uploads\/2018\/10\/DSC_0783-300x200.jpg 300w, https:\/\/anoticiaonline.com.br\/site\/wp-content\/uploads\/2018\/10\/DSC_0783-768x513.jpg 768w\" sizes=\"(max-width: 1000px) 100vw, 1000px\" \/><\/a> <a href=\"https:\/\/anoticiaonline.com.br\/site\/wp-content\/uploads\/2018\/10\/DSC_0789.jpg\"><img loading=\"lazy\" decoding=\"async\" class=\"aligncenter size-full wp-image-63741\" src=\"https:\/\/anoticiaonline.com.br\/site\/wp-content\/uploads\/2018\/10\/DSC_0789.jpg\" alt=\"\" width=\"1000\" height=\"668\" srcset=\"https:\/\/anoticiaonline.com.br\/site\/wp-content\/uploads\/2018\/10\/DSC_0789.jpg 1000w, https:\/\/anoticiaonline.com.br\/site\/wp-content\/uploads\/2018\/10\/DSC_0789-300x200.jpg 300w, https:\/\/anoticiaonline.com.br\/site\/wp-content\/uploads\/2018\/10\/DSC_0789-768x513.jpg 768w\" sizes=\"(max-width: 1000px) 100vw, 1000px\" \/><\/a> <a href=\"https:\/\/anoticiaonline.com.br\/site\/wp-content\/uploads\/2018\/10\/DSC_0839.jpg\"><img loading=\"lazy\" decoding=\"async\" class=\"aligncenter size-full wp-image-63742\" src=\"https:\/\/anoticiaonline.com.br\/site\/wp-content\/uploads\/2018\/10\/DSC_0839.jpg\" alt=\"\" width=\"501\" height=\"750\" srcset=\"https:\/\/anoticiaonline.com.br\/site\/wp-content\/uploads\/2018\/10\/DSC_0839.jpg 501w, https:\/\/anoticiaonline.com.br\/site\/wp-content\/uploads\/2018\/10\/DSC_0839-200x300.jpg 200w\" sizes=\"(max-width: 501px) 100vw, 501px\" \/><\/a> <a href=\"https:\/\/anoticiaonline.com.br\/site\/wp-content\/uploads\/2018\/10\/DSC_0855.jpg\"><img loading=\"lazy\" decoding=\"async\" class=\"aligncenter size-full wp-image-63743\" src=\"https:\/\/anoticiaonline.com.br\/site\/wp-content\/uploads\/2018\/10\/DSC_0855.jpg\" alt=\"\" width=\"1000\" height=\"668\" srcset=\"https:\/\/anoticiaonline.com.br\/site\/wp-content\/uploads\/2018\/10\/DSC_0855.jpg 1000w, https:\/\/anoticiaonline.com.br\/site\/wp-content\/uploads\/2018\/10\/DSC_0855-300x200.jpg 300w, https:\/\/anoticiaonline.com.br\/site\/wp-content\/uploads\/2018\/10\/DSC_0855-768x513.jpg 768w\" sizes=\"(max-width: 1000px) 100vw, 1000px\" \/><\/a> <a href=\"https:\/\/anoticiaonline.com.br\/site\/wp-content\/uploads\/2018\/10\/DSC_0862.jpg\"><img loading=\"lazy\" decoding=\"async\" class=\"aligncenter size-full wp-image-63744\" src=\"https:\/\/anoticiaonline.com.br\/site\/wp-content\/uploads\/2018\/10\/DSC_0862.jpg\" alt=\"\" width=\"1000\" height=\"668\" srcset=\"https:\/\/anoticiaonline.com.br\/site\/wp-content\/uploads\/2018\/10\/DSC_0862.jpg 1000w, https:\/\/anoticiaonline.com.br\/site\/wp-content\/uploads\/2018\/10\/DSC_0862-300x200.jpg 300w, https:\/\/anoticiaonline.com.br\/site\/wp-content\/uploads\/2018\/10\/DSC_0862-768x513.jpg 768w\" sizes=\"(max-width: 1000px) 100vw, 1000px\" \/><\/a><a href=\"https:\/\/anoticiaonline.com.br\/site\/wp-content\/uploads\/2018\/10\/e315f89f-17fa-4d19-8130-13455738e193.jpg\"><img loading=\"lazy\" decoding=\"async\" class=\"aligncenter size-full wp-image-63746\" src=\"https:\/\/anoticiaonline.com.br\/site\/wp-content\/uploads\/2018\/10\/e315f89f-17fa-4d19-8130-13455738e193.jpg\" alt=\"\" width=\"1000\" height=\"529\" srcset=\"https:\/\/anoticiaonline.com.br\/site\/wp-content\/uploads\/2018\/10\/e315f89f-17fa-4d19-8130-13455738e193.jpg 1000w, https:\/\/anoticiaonline.com.br\/site\/wp-content\/uploads\/2018\/10\/e315f89f-17fa-4d19-8130-13455738e193-300x159.jpg 300w, https:\/\/anoticiaonline.com.br\/site\/wp-content\/uploads\/2018\/10\/e315f89f-17fa-4d19-8130-13455738e193-768x406.jpg 768w\" sizes=\"(max-width: 1000px) 100vw, 1000px\" \/><\/a><\/p>\n<p>&nbsp;<\/p>\n<p>&nbsp;<\/p>\n<p>&nbsp;<\/p>\n<p>&nbsp;<\/p>\n","protected":false},"excerpt":{"rendered":"<p>Na \u00faltima sexta-feira (19), foi inaugurado, durante um coquetel, o escrit\u00f3rio .14 Engenharia e Design de Interiores, de propriedade de Monique Porto de Faria. Segundo a designer de interiores, Monique, a inaugura\u00e7\u00e3o de seu escrit\u00f3rio \u00e9 resultado de um sonho antigo, que se concretizou ap\u00f3s o apoio de seu marido e de duas grandes amigas. &#8230; <a title=\".14 Engenharia e Design de Interiores \u00e9 inaugurado em Muria\u00e9\" class=\"read-more\" href=\"https:\/\/anoticiaonline.com.br\/site\/14-engenharia-e-design-de-interiores-e-inaugurado-em-muriae\/\" aria-label=\"Read more about .14 Engenharia e Design de Interiores \u00e9 inaugurado em Muria\u00e9\">Ler mais<\/a><\/p>\n","protected":false},"author":2,"featured_media":63738,"comment_status":"open","ping_status":"open","sticky":false,"template":"","format":"standard","meta":{"_acf_changed":false,"_monsterinsights_skip_tracking":false,"footnotes":""},"categories":[30],"tags":[3336,20,3335],"class_list":["post-63734","post","type-post","status-publish","format-standard","has-post-thumbnail","hentry","category-muriae","tag-14-engenharia-e-design-de-interiores","tag-inauguracao","tag-monique-porto-de-faria"],"acf":[],"aioseo_notices":[],"aioseo_head":"\n\t\t<!-- All in One SEO 5.0.0.1 - aioseo.com -->\n\t<meta name=\"description\" content=\"Na \u00faltima sexta-feira (19), foi inaugurado, durante um coquetel, o escrit\u00f3rio .14 Engenharia e Design de Interiores, de propriedade de Monique Porto de Faria. Segundo a designer de interiores, Monique, a inaugura\u00e7\u00e3o de seu escrit\u00f3rio \u00e9 resultado de um sonho antigo, que se concretizou ap\u00f3s o apoio de seu marido e de duas grandes amigas.\" \/>\n\t<meta name=\"robots\" content=\"max-image-preview:large\" \/>\n\t<meta name=\"author\" content=\"Juliana Laviola\"\/>\n\t<link rel=\"canonical\" href=\"https:\/\/anoticiaonline.com.br\/site\/14-engenharia-e-design-de-interiores-e-inaugurado-em-muriae\/\" \/>\n\t<meta name=\"generator\" content=\"All in One SEO (AIOSEO) 5.0.0.1\" \/>\n\t\t<meta property=\"og:locale\" content=\"pt_BR\" \/>\n\t\t<meta property=\"og:site_name\" content=\"A Not\u00edcia Online - Noticias de Muria\u00e9 e regi\u00e3o\" \/>\n\t\t<meta property=\"og:type\" content=\"article\" \/>\n\t\t<meta property=\"og:title\" content=\".14 Engenharia e Design de Interiores \u00e9 inaugurado em Muria\u00e9 - A Not\u00edcia Online\" \/>\n\t\t<meta property=\"og:description\" content=\"Na \u00faltima sexta-feira (19), foi inaugurado, durante um coquetel, o escrit\u00f3rio .14 Engenharia e Design de Interiores, de propriedade de Monique Porto de Faria. Segundo a designer de interiores, Monique, a inaugura\u00e7\u00e3o de seu escrit\u00f3rio \u00e9 resultado de um sonho antigo, que se concretizou ap\u00f3s o apoio de seu marido e de duas grandes amigas.\" \/>\n\t\t<meta property=\"og:url\" content=\"https:\/\/anoticiaonline.com.br\/site\/14-engenharia-e-design-de-interiores-e-inaugurado-em-muriae\/\" \/>\n\t\t<meta property=\"og:image\" content=\"https:\/\/scontent-gig4-1.xx.fbcdn.net\/v\/t39.30808-1\/270437624_4564083193639691_6907940295614233970_n.jpg?stp=dst-jpg_s200x200_tt6&#038;_nc_cat=111&#038;ccb=1-7&#038;_nc_sid=f907e8&#038;_nc_ohc=SM1wRlP3lJwQ7kNvwEPuBYA&#038;_nc_oc=AdnqrjDN_BNjSSHWO-GbkIWH6fkGMLw4bqvL_NH6e2wMveX7G-rP2dAqsDSq1mJMOaY&#038;_nc_zt=24&#038;_nc_ht=scontent-gig4-1.xx&#038;_nc_gid=AoBFJeGrT1hVaew_6rchkQ&#038;oh=00_AfX7QmFGhQhG2jAllVgXCiM1ZrWgvtp80-Bfppyexh1QEg&#038;oe=689E923C\" \/>\n\t\t<meta property=\"og:image:secure_url\" content=\"https:\/\/scontent-gig4-1.xx.fbcdn.net\/v\/t39.30808-1\/270437624_4564083193639691_6907940295614233970_n.jpg?stp=dst-jpg_s200x200_tt6&#038;_nc_cat=111&#038;ccb=1-7&#038;_nc_sid=f907e8&#038;_nc_ohc=SM1wRlP3lJwQ7kNvwEPuBYA&#038;_nc_oc=AdnqrjDN_BNjSSHWO-GbkIWH6fkGMLw4bqvL_NH6e2wMveX7G-rP2dAqsDSq1mJMOaY&#038;_nc_zt=24&#038;_nc_ht=scontent-gig4-1.xx&#038;_nc_gid=AoBFJeGrT1hVaew_6rchkQ&#038;oh=00_AfX7QmFGhQhG2jAllVgXCiM1ZrWgvtp80-Bfppyexh1QEg&#038;oe=689E923C\" \/>\n\t\t<meta property=\"article:published_time\" content=\"2018-10-26T15:14:28+00:00\" \/>\n\t\t<meta property=\"article:modified_time\" content=\"2018-10-26T03:24:20+00:00\" \/>\n\t\t<meta name=\"twitter:card\" content=\"summary_large_image\" \/>\n\t\t<meta name=\"twitter:title\" content=\".14 Engenharia e Design de Interiores \u00e9 inaugurado em Muria\u00e9 - A Not\u00edcia Online\" \/>\n\t\t<meta name=\"twitter:description\" content=\"Na \u00faltima sexta-feira (19), foi inaugurado, durante um coquetel, o escrit\u00f3rio .14 Engenharia e Design de Interiores, de propriedade de Monique Porto de Faria. Segundo a designer de interiores, Monique, a inaugura\u00e7\u00e3o de seu escrit\u00f3rio \u00e9 resultado de um sonho antigo, que se concretizou ap\u00f3s o apoio de seu marido e de duas grandes amigas.\" \/>\n\t\t<meta name=\"twitter:image\" content=\"https:\/\/scontent-gig4-1.xx.fbcdn.net\/v\/t39.30808-1\/270437624_4564083193639691_6907940295614233970_n.jpg?stp=dst-jpg_s200x200_tt6&amp;_nc_cat=111&amp;ccb=1-7&amp;_nc_sid=f907e8&amp;_nc_ohc=SM1wRlP3lJwQ7kNvwEPuBYA&amp;_nc_oc=AdnqrjDN_BNjSSHWO-GbkIWH6fkGMLw4bqvL_NH6e2wMveX7G-rP2dAqsDSq1mJMOaY&amp;_nc_zt=24&amp;_nc_ht=scontent-gig4-1.xx&amp;_nc_gid=AoBFJeGrT1hVaew_6rchkQ&amp;oh=00_AfX7QmFGhQhG2jAllVgXCiM1ZrWgvtp80-Bfppyexh1QEg&amp;oe=689E923C\" \/>\n\t\t<script type=\"application\/ld+json\" class=\"aioseo-schema\">\n\t\t\t{\"@context\":\"https:\\\/\\\/schema.org\",\"@graph\":[{\"@type\":\"BlogPosting\",\"@id\":\"https:\\\/\\\/anoticiaonline.com.br\\\/site\\\/14-engenharia-e-design-de-interiores-e-inaugurado-em-muriae\\\/#blogposting\",\"name\":\".14 Engenharia e Design de Interiores \\u00e9 inaugurado em Muria\\u00e9 - A Not\\u00edcia Online\",\"headline\":\".14 Engenharia e Design de Interiores \\u00e9 inaugurado em Muria\\u00e9\",\"author\":{\"@id\":\"https:\\\/\\\/anoticiaonline.com.br\\\/site\\\/author\\\/juliana\\\/#author\"},\"publisher\":{\"@id\":\"https:\\\/\\\/anoticiaonline.com.br\\\/site\\\/#organization\"},\"image\":{\"@type\":\"ImageObject\",\"url\":\"https:\\\/\\\/anoticiaonline.com.br\\\/site\\\/wp-content\\\/uploads\\\/2018\\\/10\\\/94ace8e4-9aae-4c50-a047-8e95576eca9f.jpg\",\"width\":964,\"height\":800},\"datePublished\":\"2018-10-26T12:14:28-03:00\",\"dateModified\":\"2018-10-26T00:24:20-03:00\",\"inLanguage\":\"pt-BR\",\"mainEntityOfPage\":{\"@id\":\"https:\\\/\\\/anoticiaonline.com.br\\\/site\\\/14-engenharia-e-design-de-interiores-e-inaugurado-em-muriae\\\/#webpage\"},\"isPartOf\":{\"@id\":\"https:\\\/\\\/anoticiaonline.com.br\\\/site\\\/14-engenharia-e-design-de-interiores-e-inaugurado-em-muriae\\\/#webpage\"},\"articleSection\":\"Blog, .14 Engenharia e Design de Interiores, inauguracao, Monique Porto de Faria\"},{\"@type\":\"BreadcrumbList\",\"@id\":\"https:\\\/\\\/anoticiaonline.com.br\\\/site\\\/14-engenharia-e-design-de-interiores-e-inaugurado-em-muriae\\\/#breadcrumblist\",\"itemListElement\":[{\"@type\":\"ListItem\",\"@id\":\"https:\\\/\\\/anoticiaonline.com.br\\\/site#listItem\",\"position\":1,\"name\":\"Home\",\"item\":\"https:\\\/\\\/anoticiaonline.com.br\\\/site\",\"nextItem\":{\"@type\":\"ListItem\",\"@id\":\"https:\\\/\\\/anoticiaonline.com.br\\\/site\\\/categoria\\\/muriae\\\/#listItem\",\"name\":\"Blog\"}},{\"@type\":\"ListItem\",\"@id\":\"https:\\\/\\\/anoticiaonline.com.br\\\/site\\\/categoria\\\/muriae\\\/#listItem\",\"position\":2,\"name\":\"Blog\",\"item\":\"https:\\\/\\\/anoticiaonline.com.br\\\/site\\\/categoria\\\/muriae\\\/\",\"nextItem\":{\"@type\":\"ListItem\",\"@id\":\"https:\\\/\\\/anoticiaonline.com.br\\\/site\\\/14-engenharia-e-design-de-interiores-e-inaugurado-em-muriae\\\/#listItem\",\"name\":\".14 Engenharia e Design de Interiores \\u00e9 inaugurado em Muria\\u00e9\"},\"previousItem\":{\"@type\":\"ListItem\",\"@id\":\"https:\\\/\\\/anoticiaonline.com.br\\\/site#listItem\",\"name\":\"Home\"}},{\"@type\":\"ListItem\",\"@id\":\"https:\\\/\\\/anoticiaonline.com.br\\\/site\\\/14-engenharia-e-design-de-interiores-e-inaugurado-em-muriae\\\/#listItem\",\"position\":3,\"name\":\".14 Engenharia e Design de Interiores \\u00e9 inaugurado em Muria\\u00e9\",\"previousItem\":{\"@type\":\"ListItem\",\"@id\":\"https:\\\/\\\/anoticiaonline.com.br\\\/site\\\/categoria\\\/muriae\\\/#listItem\",\"name\":\"Blog\"}}]},{\"@type\":\"Organization\",\"@id\":\"https:\\\/\\\/anoticiaonline.com.br\\\/site\\\/#organization\",\"name\":\"A Not\\u00edcia Online\",\"description\":\"Noticias de Muria\\u00e9 e regi\\u00e3o\",\"url\":\"https:\\\/\\\/anoticiaonline.com.br\\\/site\\\/\",\"logo\":{\"@type\":\"ImageObject\",\"url\":\"https:\\\/\\\/scontent-gig4-1.xx.fbcdn.net\\\/v\\\/t39.30808-1\\\/270437624_4564083193639691_6907940295614233970_n.jpg?stp=dst-jpg_s200x200_tt6&_nc_cat=111&ccb=1-7&_nc_sid=f907e8&_nc_ohc=SM1wRlP3lJwQ7kNvwEPuBYA&_nc_oc=AdnqrjDN_BNjSSHWO-GbkIWH6fkGMLw4bqvL_NH6e2wMveX7G-rP2dAqsDSq1mJMOaY&_nc_zt=24&_nc_ht=scontent-gig4-1.xx&_nc_gid=AoBFJeGrT1hVaew_6rchkQ&oh=00_AfX7QmFGhQhG2jAllVgXCiM1ZrWgvtp80-Bfppyexh1QEg&oe=689E923C\",\"@id\":\"https:\\\/\\\/anoticiaonline.com.br\\\/site\\\/14-engenharia-e-design-de-interiores-e-inaugurado-em-muriae\\\/#organizationLogo\"},\"image\":{\"@id\":\"https:\\\/\\\/anoticiaonline.com.br\\\/site\\\/14-engenharia-e-design-de-interiores-e-inaugurado-em-muriae\\\/#organizationLogo\"}},{\"@type\":\"Person\",\"@id\":\"https:\\\/\\\/anoticiaonline.com.br\\\/site\\\/author\\\/juliana\\\/#author\",\"url\":\"https:\\\/\\\/anoticiaonline.com.br\\\/site\\\/author\\\/juliana\\\/\",\"name\":\"Juliana Laviola\",\"image\":{\"@type\":\"ImageObject\",\"@id\":\"https:\\\/\\\/anoticiaonline.com.br\\\/site\\\/14-engenharia-e-design-de-interiores-e-inaugurado-em-muriae\\\/#authorImage\",\"url\":\"https:\\\/\\\/secure.gravatar.com\\\/avatar\\\/b8d45f5c699b100dfaf0e543582f38f38bf94cb7ae3a5e9abf8d891a34773335?s=96&d=mm&r=g\",\"width\":96,\"height\":96,\"caption\":\"Juliana Laviola\"}},{\"@type\":\"WebPage\",\"@id\":\"https:\\\/\\\/anoticiaonline.com.br\\\/site\\\/14-engenharia-e-design-de-interiores-e-inaugurado-em-muriae\\\/#webpage\",\"url\":\"https:\\\/\\\/anoticiaonline.com.br\\\/site\\\/14-engenharia-e-design-de-interiores-e-inaugurado-em-muriae\\\/\",\"name\":\".14 Engenharia e Design de Interiores \\u00e9 inaugurado em Muria\\u00e9 - A Not\\u00edcia Online\",\"description\":\"Na \\u00faltima sexta-feira (19), foi inaugurado, durante um coquetel, o escrit\\u00f3rio .14 Engenharia e Design de Interiores, de propriedade de Monique Porto de Faria. Segundo a designer de interiores, Monique, a inaugura\\u00e7\\u00e3o de seu escrit\\u00f3rio \\u00e9 resultado de um sonho antigo, que se concretizou ap\\u00f3s o apoio de seu marido e de duas grandes amigas.\",\"inLanguage\":\"pt-BR\",\"isPartOf\":{\"@id\":\"https:\\\/\\\/anoticiaonline.com.br\\\/site\\\/#website\"},\"breadcrumb\":{\"@id\":\"https:\\\/\\\/anoticiaonline.com.br\\\/site\\\/14-engenharia-e-design-de-interiores-e-inaugurado-em-muriae\\\/#breadcrumblist\"},\"author\":{\"@id\":\"https:\\\/\\\/anoticiaonline.com.br\\\/site\\\/author\\\/juliana\\\/#author\"},\"creator\":{\"@id\":\"https:\\\/\\\/anoticiaonline.com.br\\\/site\\\/author\\\/juliana\\\/#author\"},\"image\":{\"@type\":\"ImageObject\",\"url\":\"https:\\\/\\\/anoticiaonline.com.br\\\/site\\\/wp-content\\\/uploads\\\/2018\\\/10\\\/94ace8e4-9aae-4c50-a047-8e95576eca9f.jpg\",\"@id\":\"https:\\\/\\\/anoticiaonline.com.br\\\/site\\\/14-engenharia-e-design-de-interiores-e-inaugurado-em-muriae\\\/#mainImage\",\"width\":964,\"height\":800},\"primaryImageOfPage\":{\"@id\":\"https:\\\/\\\/anoticiaonline.com.br\\\/site\\\/14-engenharia-e-design-de-interiores-e-inaugurado-em-muriae\\\/#mainImage\"},\"datePublished\":\"2018-10-26T12:14:28-03:00\",\"dateModified\":\"2018-10-26T00:24:20-03:00\"},{\"@type\":\"WebSite\",\"@id\":\"https:\\\/\\\/anoticiaonline.com.br\\\/site\\\/#website\",\"url\":\"https:\\\/\\\/anoticiaonline.com.br\\\/site\\\/\",\"name\":\"A Not\\u00edcia Online\",\"description\":\"Noticias de Muria\\u00e9 e regi\\u00e3o\",\"inLanguage\":\"pt-BR\",\"publisher\":{\"@id\":\"https:\\\/\\\/anoticiaonline.com.br\\\/site\\\/#organization\"}}]}\n\t\t<\/script>\n\t\t<!-- All in One SEO -->\n\n","aioseo_head_json":{"title":".14 Engenharia e Design de Interiores \u00e9 inaugurado em Muria\u00e9 - A Not\u00edcia Online","description":"Na \u00faltima sexta-feira (19), foi inaugurado, durante um coquetel, o escrit\u00f3rio .14 Engenharia e Design de Interiores, de propriedade de Monique Porto de Faria. Segundo a designer de interiores, Monique, a inaugura\u00e7\u00e3o de seu escrit\u00f3rio \u00e9 resultado de um sonho antigo, que se concretizou ap\u00f3s o apoio de seu marido e de duas grandes amigas.","canonical_url":"https:\/\/anoticiaonline.com.br\/site\/14-engenharia-e-design-de-interiores-e-inaugurado-em-muriae\/","robots":"max-image-preview:large","keywords":"","webmasterTools":{"miscellaneous":""},"schema":{"@context":"https:\/\/schema.org","@graph":[{"@type":"BlogPosting","@id":"https:\/\/anoticiaonline.com.br\/site\/14-engenharia-e-design-de-interiores-e-inaugurado-em-muriae\/#blogposting","name":".14 Engenharia e Design de Interiores \u00e9 inaugurado em Muria\u00e9 - A Not\u00edcia Online","headline":".14 Engenharia e Design de Interiores \u00e9 inaugurado em Muria\u00e9","author":{"@id":"https:\/\/anoticiaonline.com.br\/site\/author\/juliana\/#author"},"publisher":{"@id":"https:\/\/anoticiaonline.com.br\/site\/#organization"},"image":{"@type":"ImageObject","url":"https:\/\/anoticiaonline.com.br\/site\/wp-content\/uploads\/2018\/10\/94ace8e4-9aae-4c50-a047-8e95576eca9f.jpg","width":964,"height":800},"datePublished":"2018-10-26T12:14:28-03:00","dateModified":"2018-10-26T00:24:20-03:00","inLanguage":"pt-BR","mainEntityOfPage":{"@id":"https:\/\/anoticiaonline.com.br\/site\/14-engenharia-e-design-de-interiores-e-inaugurado-em-muriae\/#webpage"},"isPartOf":{"@id":"https:\/\/anoticiaonline.com.br\/site\/14-engenharia-e-design-de-interiores-e-inaugurado-em-muriae\/#webpage"},"articleSection":"Blog, .14 Engenharia e Design de Interiores, inauguracao, Monique Porto de Faria"},{"@type":"BreadcrumbList","@id":"https:\/\/anoticiaonline.com.br\/site\/14-engenharia-e-design-de-interiores-e-inaugurado-em-muriae\/#breadcrumblist","itemListElement":[{"@type":"ListItem","@id":"https:\/\/anoticiaonline.com.br\/site#listItem","position":1,"name":"Home","item":"https:\/\/anoticiaonline.com.br\/site","nextItem":{"@type":"ListItem","@id":"https:\/\/anoticiaonline.com.br\/site\/categoria\/muriae\/#listItem","name":"Blog"}},{"@type":"ListItem","@id":"https:\/\/anoticiaonline.com.br\/site\/categoria\/muriae\/#listItem","position":2,"name":"Blog","item":"https:\/\/anoticiaonline.com.br\/site\/categoria\/muriae\/","nextItem":{"@type":"ListItem","@id":"https:\/\/anoticiaonline.com.br\/site\/14-engenharia-e-design-de-interiores-e-inaugurado-em-muriae\/#listItem","name":".14 Engenharia e Design de Interiores \u00e9 inaugurado em Muria\u00e9"},"previousItem":{"@type":"ListItem","@id":"https:\/\/anoticiaonline.com.br\/site#listItem","name":"Home"}},{"@type":"ListItem","@id":"https:\/\/anoticiaonline.com.br\/site\/14-engenharia-e-design-de-interiores-e-inaugurado-em-muriae\/#listItem","position":3,"name":".14 Engenharia e Design de Interiores \u00e9 inaugurado em Muria\u00e9","previousItem":{"@type":"ListItem","@id":"https:\/\/anoticiaonline.com.br\/site\/categoria\/muriae\/#listItem","name":"Blog"}}]},{"@type":"Organization","@id":"https:\/\/anoticiaonline.com.br\/site\/#organization","name":"A Not\u00edcia Online","description":"Noticias de Muria\u00e9 e regi\u00e3o","url":"https:\/\/anoticiaonline.com.br\/site\/","logo":{"@type":"ImageObject","url":"https:\/\/scontent-gig4-1.xx.fbcdn.net\/v\/t39.30808-1\/270437624_4564083193639691_6907940295614233970_n.jpg?stp=dst-jpg_s200x200_tt6&_nc_cat=111&ccb=1-7&_nc_sid=f907e8&_nc_ohc=SM1wRlP3lJwQ7kNvwEPuBYA&_nc_oc=AdnqrjDN_BNjSSHWO-GbkIWH6fkGMLw4bqvL_NH6e2wMveX7G-rP2dAqsDSq1mJMOaY&_nc_zt=24&_nc_ht=scontent-gig4-1.xx&_nc_gid=AoBFJeGrT1hVaew_6rchkQ&oh=00_AfX7QmFGhQhG2jAllVgXCiM1ZrWgvtp80-Bfppyexh1QEg&oe=689E923C","@id":"https:\/\/anoticiaonline.com.br\/site\/14-engenharia-e-design-de-interiores-e-inaugurado-em-muriae\/#organizationLogo"},"image":{"@id":"https:\/\/anoticiaonline.com.br\/site\/14-engenharia-e-design-de-interiores-e-inaugurado-em-muriae\/#organizationLogo"}},{"@type":"Person","@id":"https:\/\/anoticiaonline.com.br\/site\/author\/juliana\/#author","url":"https:\/\/anoticiaonline.com.br\/site\/author\/juliana\/","name":"Juliana Laviola","image":{"@type":"ImageObject","@id":"https:\/\/anoticiaonline.com.br\/site\/14-engenharia-e-design-de-interiores-e-inaugurado-em-muriae\/#authorImage","url":"https:\/\/secure.gravatar.com\/avatar\/b8d45f5c699b100dfaf0e543582f38f38bf94cb7ae3a5e9abf8d891a34773335?s=96&d=mm&r=g","width":96,"height":96,"caption":"Juliana Laviola"}},{"@type":"WebPage","@id":"https:\/\/anoticiaonline.com.br\/site\/14-engenharia-e-design-de-interiores-e-inaugurado-em-muriae\/#webpage","url":"https:\/\/anoticiaonline.com.br\/site\/14-engenharia-e-design-de-interiores-e-inaugurado-em-muriae\/","name":".14 Engenharia e Design de Interiores \u00e9 inaugurado em Muria\u00e9 - A Not\u00edcia Online","description":"Na \u00faltima sexta-feira (19), foi inaugurado, durante um coquetel, o escrit\u00f3rio .14 Engenharia e Design de Interiores, de propriedade de Monique Porto de Faria. Segundo a designer de interiores, Monique, a inaugura\u00e7\u00e3o de seu escrit\u00f3rio \u00e9 resultado de um sonho antigo, que se concretizou ap\u00f3s o apoio de seu marido e de duas grandes amigas.","inLanguage":"pt-BR","isPartOf":{"@id":"https:\/\/anoticiaonline.com.br\/site\/#website"},"breadcrumb":{"@id":"https:\/\/anoticiaonline.com.br\/site\/14-engenharia-e-design-de-interiores-e-inaugurado-em-muriae\/#breadcrumblist"},"author":{"@id":"https:\/\/anoticiaonline.com.br\/site\/author\/juliana\/#author"},"creator":{"@id":"https:\/\/anoticiaonline.com.br\/site\/author\/juliana\/#author"},"image":{"@type":"ImageObject","url":"https:\/\/anoticiaonline.com.br\/site\/wp-content\/uploads\/2018\/10\/94ace8e4-9aae-4c50-a047-8e95576eca9f.jpg","@id":"https:\/\/anoticiaonline.com.br\/site\/14-engenharia-e-design-de-interiores-e-inaugurado-em-muriae\/#mainImage","width":964,"height":800},"primaryImageOfPage":{"@id":"https:\/\/anoticiaonline.com.br\/site\/14-engenharia-e-design-de-interiores-e-inaugurado-em-muriae\/#mainImage"},"datePublished":"2018-10-26T12:14:28-03:00","dateModified":"2018-10-26T00:24:20-03:00"},{"@type":"WebSite","@id":"https:\/\/anoticiaonline.com.br\/site\/#website","url":"https:\/\/anoticiaonline.com.br\/site\/","name":"A Not\u00edcia Online","description":"Noticias de Muria\u00e9 e regi\u00e3o","inLanguage":"pt-BR","publisher":{"@id":"https:\/\/anoticiaonline.com.br\/site\/#organization"}}]},"og:locale":"pt_BR","og:site_name":"A Not\u00edcia Online - Noticias de Muria\u00e9 e regi\u00e3o","og:type":"article","og:title":".14 Engenharia e Design de Interiores \u00e9 inaugurado em Muria\u00e9 - A Not\u00edcia Online","og:description":"Na \u00faltima sexta-feira (19), foi inaugurado, durante um coquetel, o escrit\u00f3rio .14 Engenharia e Design de Interiores, de propriedade de Monique Porto de Faria. Segundo a designer de interiores, Monique, a inaugura\u00e7\u00e3o de seu escrit\u00f3rio \u00e9 resultado de um sonho antigo, que se concretizou ap\u00f3s o apoio de seu marido e de duas grandes amigas.","og:url":"https:\/\/anoticiaonline.com.br\/site\/14-engenharia-e-design-de-interiores-e-inaugurado-em-muriae\/","og:image":"https:\/\/scontent-gig4-1.xx.fbcdn.net\/v\/t39.30808-1\/270437624_4564083193639691_6907940295614233970_n.jpg?stp=dst-jpg_s200x200_tt6&#038;_nc_cat=111&#038;ccb=1-7&#038;_nc_sid=f907e8&#038;_nc_ohc=SM1wRlP3lJwQ7kNvwEPuBYA&#038;_nc_oc=AdnqrjDN_BNjSSHWO-GbkIWH6fkGMLw4bqvL_NH6e2wMveX7G-rP2dAqsDSq1mJMOaY&#038;_nc_zt=24&#038;_nc_ht=scontent-gig4-1.xx&#038;_nc_gid=AoBFJeGrT1hVaew_6rchkQ&#038;oh=00_AfX7QmFGhQhG2jAllVgXCiM1ZrWgvtp80-Bfppyexh1QEg&#038;oe=689E923C","og:image:secure_url":"https:\/\/scontent-gig4-1.xx.fbcdn.net\/v\/t39.30808-1\/270437624_4564083193639691_6907940295614233970_n.jpg?stp=dst-jpg_s200x200_tt6&#038;_nc_cat=111&#038;ccb=1-7&#038;_nc_sid=f907e8&#038;_nc_ohc=SM1wRlP3lJwQ7kNvwEPuBYA&#038;_nc_oc=AdnqrjDN_BNjSSHWO-GbkIWH6fkGMLw4bqvL_NH6e2wMveX7G-rP2dAqsDSq1mJMOaY&#038;_nc_zt=24&#038;_nc_ht=scontent-gig4-1.xx&#038;_nc_gid=AoBFJeGrT1hVaew_6rchkQ&#038;oh=00_AfX7QmFGhQhG2jAllVgXCiM1ZrWgvtp80-Bfppyexh1QEg&#038;oe=689E923C","article:published_time":"2018-10-26T15:14:28+00:00","article:modified_time":"2018-10-26T03:24:20+00:00","twitter:card":"summary_large_image","twitter:title":".14 Engenharia e Design de Interiores \u00e9 inaugurado em Muria\u00e9 - A Not\u00edcia Online","twitter:description":"Na \u00faltima sexta-feira (19), foi inaugurado, durante um coquetel, o escrit\u00f3rio .14 Engenharia e Design de Interiores, de propriedade de Monique Porto de Faria. Segundo a designer de interiores, Monique, a inaugura\u00e7\u00e3o de seu escrit\u00f3rio \u00e9 resultado de um sonho antigo, que se concretizou ap\u00f3s o apoio de seu marido e de duas grandes amigas.","twitter:image":"https:\/\/scontent-gig4-1.xx.fbcdn.net\/v\/t39.30808-1\/270437624_4564083193639691_6907940295614233970_n.jpg?stp=dst-jpg_s200x200_tt6&_nc_cat=111&ccb=1-7&_nc_sid=f907e8&_nc_ohc=SM1wRlP3lJwQ7kNvwEPuBYA&_nc_oc=AdnqrjDN_BNjSSHWO-GbkIWH6fkGMLw4bqvL_NH6e2wMveX7G-rP2dAqsDSq1mJMOaY&_nc_zt=24&_nc_ht=scontent-gig4-1.xx&_nc_gid=AoBFJeGrT1hVaew_6rchkQ&oh=00_AfX7QmFGhQhG2jAllVgXCiM1ZrWgvtp80-Bfppyexh1QEg&oe=689E923C"},"aioseo_meta_data":{"post_id":"63734","title":null,"description":null,"keywords":null,"keyphrases":null,"primary_term":null,"canonical_url":null,"og_title":null,"og_description":null,"og_object_type":"default","og_image_type":"default","og_image_url":null,"og_image_width":null,"og_image_height":null,"og_image_custom_url":null,"og_image_custom_fields":null,"og_video":null,"og_custom_url":null,"og_article_section":null,"og_article_tags":null,"twitter_use_og":false,"twitter_card":"default","twitter_image_type":"default","twitter_image_url":null,"twitter_image_custom_url":null,"twitter_image_custom_fields":null,"twitter_title":null,"twitter_description":null,"schema":{"blockGraphs":[],"customGraphs":[],"default":{"data":{"Article":[],"Course":[],"Dataset":[],"FAQPage":[],"Movie":[],"Person":[],"Product":[],"ProductReview":[],"Car":[],"Recipe":[],"Service":[],"SoftwareApplication":[],"WebPage":[]},"graphName":"","isEnabled":true},"graphs":[]},"schema_type":"default","schema_type_options":null,"pillar_content":false,"robots_default":true,"robots_noindex":false,"robots_noarchive":false,"robots_nosnippet":false,"robots_nofollow":false,"robots_noimageindex":false,"robots_noodp":false,"robots_notranslate":false,"robots_max_snippet":null,"robots_max_videopreview":null,"robots_max_imagepreview":"large","priority":null,"frequency":null,"local_seo":null,"breadcrumb_settings":null,"limit_modified_date":false,"ai":null,"created":"2025-08-16 21:58:30","updated":"2025-08-16 21:58:30","focus_keyword":null,"additional_keywords":null,"truseo_locale":null,"seo_analyzer_scan_date":null},"aioseo_breadcrumb":"<div class=\"aioseo-breadcrumbs\"><span class=\"aioseo-breadcrumb\">\n\t\t\t<a href=\"https:\/\/anoticiaonline.com.br\/site\" title=\"Home\">Home<\/a>\n\t\t<\/span><span class=\"aioseo-breadcrumb-separator\">&raquo;<\/span><span class=\"aioseo-breadcrumb\">\n\t\t\t<a href=\"https:\/\/anoticiaonline.com.br\/site\/categoria\/muriae\/\" title=\"Blog\">Blog<\/a>\n\t\t<\/span><span class=\"aioseo-breadcrumb-separator\">&raquo;<\/span><span class=\"aioseo-breadcrumb\">\n\t\t\t.14 Engenharia e Design de Interiores \u00e9 inaugurado em Muria\u00e9\n\t\t<\/span><\/div>","aioseo_breadcrumb_json":[{"label":"Home","link":"https:\/\/anoticiaonline.com.br\/site"},{"label":"Blog","link":"https:\/\/anoticiaonline.com.br\/site\/categoria\/muriae\/"},{"label":".14 Engenharia e Design de Interiores \u00e9 inaugurado em Muria\u00e9","link":"https:\/\/anoticiaonline.com.br\/site\/14-engenharia-e-design-de-interiores-e-inaugurado-em-muriae\/"}],"views":146,"_links":{"self":[{"href":"https:\/\/anoticiaonline.com.br\/site\/wp-json\/wp\/v2\/posts\/63734","targetHints":{"allow":["GET"]}}],"collection":[{"href":"https:\/\/anoticiaonline.com.br\/site\/wp-json\/wp\/v2\/posts"}],"about":[{"href":"https:\/\/anoticiaonline.com.br\/site\/wp-json\/wp\/v2\/types\/post"}],"author":[{"embeddable":true,"href":"https:\/\/anoticiaonline.com.br\/site\/wp-json\/wp\/v2\/users\/2"}],"replies":[{"embeddable":true,"href":"https:\/\/anoticiaonline.com.br\/site\/wp-json\/wp\/v2\/comments?post=63734"}],"version-history":[{"count":0,"href":"https:\/\/anoticiaonline.com.br\/site\/wp-json\/wp\/v2\/posts\/63734\/revisions"}],"wp:featuredmedia":[{"embeddable":true,"href":"https:\/\/anoticiaonline.com.br\/site\/wp-json\/wp\/v2\/media\/63738"}],"wp:attachment":[{"href":"https:\/\/anoticiaonline.com.br\/site\/wp-json\/wp\/v2\/media?parent=63734"}],"wp:term":[{"taxonomy":"category","embeddable":true,"href":"https:\/\/anoticiaonline.com.br\/site\/wp-json\/wp\/v2\/categories?post=63734"},{"taxonomy":"post_tag","embeddable":true,"href":"https:\/\/anoticiaonline.com.br\/site\/wp-json\/wp\/v2\/tags?post=63734"}],"curies":[{"name":"wp","href":"https:\/\/api.w.org\/{rel}","templated":true}]}}