{"id":63696,"date":"2018-10-26T00:10:35","date_gmt":"2018-10-26T03:10:35","guid":{"rendered":"http:\/\/anoticiaonline.com.br\/site\/?p=63696"},"modified":"2018-10-26T00:10:35","modified_gmt":"2018-10-26T03:10:35","slug":"muriaeenses-se-destacam-na-copa-caratinga-de-taekwondo-2","status":"publish","type":"post","link":"https:\/\/anoticiaonline.com.br\/site\/muriaeenses-se-destacam-na-copa-caratinga-de-taekwondo-2\/","title":{"rendered":"Muriaeenses se destacam na Copa Caratinga de Taekwondo"},"content":{"rendered":"<p>Crian\u00e7as e adolescentes do Servi\u00e7o de Conviv\u00eancia e Fortalecimento de V\u00ednculos (SCFV), oferecido pela Prefeitura nos Centros de Refer\u00eancia de Assist\u00eancia Social (CRAS) de Muria\u00e9, se destacaram na Copa Caratinga de Taekwondo. O evento aconteceu no domingo (21), no Gin\u00e1sio Limoeiro. Os atletas muriaeenses conquistaram seis medalhas de Ouro e cinco de Prata.<\/p>\n<p>Ao todo, Muria\u00e9 foi representada na Copa por 23 atletas, sendo as crian\u00e7as e os adolescentes dos CRAS Aeroporto e Santa Terezinha e da Equipe Enirak Lee. Os competidores do CRAS Aeroporto voltaram para a cidade com cinco medalhas de Ouro e os do Santa Terezinha alcan\u00e7aram uma medalha de Ouro e cinco de Prata.<\/p>\n<p>Entre as dez academias participantes, Muria\u00e9 ficou em primeiro lugar por equipe. A Copa Caratinga de Taekwondo contou com o uso do colete eletr\u00f4nico, sistema utilizado nos campeonatos oficiais da modalidade.<\/p>\n<p><strong>Disputa com novos equipamentos esportivos &#8211;<\/strong> As crian\u00e7as e os adolescentes dos CRAS disputaram a Copa com o novo uniforme de taekwondo (o dobok), entregue na \u00faltima segunda-feira (15). Os cerca de 300 conjuntos esportivos foram adquiridos pela Prefeitura para que os atletas do SCFV os utilizem em campeonatos e nas oficinas da modalidade.<\/p>\n<p><a href=\"https:\/\/anoticiaonline.com.br\/site\/wp-content\/uploads\/2018\/10\/Muriaeenses-se-destacam-na-Copa-Caratinga-de-Taekwondo.jpg\"><img fetchpriority=\"high\" decoding=\"async\" class=\"alignnone size-full wp-image-63698\" src=\"https:\/\/anoticiaonline.com.br\/site\/wp-content\/uploads\/2018\/10\/Muriaeenses-se-destacam-na-Copa-Caratinga-de-Taekwondo.jpg\" alt=\"\" width=\"996\" height=\"683\" srcset=\"https:\/\/anoticiaonline.com.br\/site\/wp-content\/uploads\/2018\/10\/Muriaeenses-se-destacam-na-Copa-Caratinga-de-Taekwondo.jpg 996w, https:\/\/anoticiaonline.com.br\/site\/wp-content\/uploads\/2018\/10\/Muriaeenses-se-destacam-na-Copa-Caratinga-de-Taekwondo-300x206.jpg 300w, https:\/\/anoticiaonline.com.br\/site\/wp-content\/uploads\/2018\/10\/Muriaeenses-se-destacam-na-Copa-Caratinga-de-Taekwondo-768x527.jpg 768w\" sizes=\"(max-width: 996px) 100vw, 996px\" \/><\/a><\/p>\n<p>Cr\u00e9ditos: ASCOM PMM<\/p>\n","protected":false},"excerpt":{"rendered":"<p>Crian\u00e7as e adolescentes do Servi\u00e7o de Conviv\u00eancia e Fortalecimento de V\u00ednculos (SCFV), oferecido pela Prefeitura nos Centros de Refer\u00eancia de Assist\u00eancia Social (CRAS) de Muria\u00e9, se destacaram na Copa Caratinga de Taekwondo. O evento aconteceu no domingo (21), no Gin\u00e1sio Limoeiro. Os atletas muriaeenses conquistaram seis medalhas de Ouro e cinco de Prata. Ao todo, &#8230; <a title=\"Muriaeenses se destacam na Copa Caratinga de Taekwondo\" class=\"read-more\" href=\"https:\/\/anoticiaonline.com.br\/site\/muriaeenses-se-destacam-na-copa-caratinga-de-taekwondo-2\/\" aria-label=\"Read more about Muriaeenses se destacam na Copa Caratinga de Taekwondo\">Ler mais<\/a><\/p>\n","protected":false},"author":2,"featured_media":63698,"comment_status":"open","ping_status":"open","sticky":false,"template":"","format":"standard","meta":{"_acf_changed":false,"_monsterinsights_skip_tracking":false,"footnotes":""},"categories":[30,29,24,6],"tags":[3331,1218,825,47,74,318],"class_list":["post-63696","post","type-post","status-publish","format-standard","has-post-thumbnail","hentry","category-muriae","category-esporte","category-eventos","category-regiao","tag-caratinga","tag-centro-de-referencia-de-assistencia-social-cras","tag-cras","tag-esporte","tag-muriae","tag-taekwondo"],"acf":[],"aioseo_notices":[],"aioseo_head":"\n\t\t<!-- All in One SEO 5.0.0.1 - aioseo.com -->\n\t<meta name=\"description\" content=\"Crian\u00e7as e adolescentes do Servi\u00e7o de Conviv\u00eancia e Fortalecimento de V\u00ednculos (SCFV), oferecido pela Prefeitura nos Centros de Refer\u00eancia de Assist\u00eancia Social (CRAS) de Muria\u00e9, se destacaram na Copa Caratinga de Taekwondo. O evento aconteceu no domingo (21), no Gin\u00e1sio Limoeiro. Os atletas muriaeenses conquistaram seis medalhas de Ouro e cinco de Prata. Ao todo,\" \/>\n\t<meta name=\"robots\" content=\"max-image-preview:large\" \/>\n\t<meta name=\"author\" content=\"Juliana Laviola\"\/>\n\t<link rel=\"canonical\" href=\"https:\/\/anoticiaonline.com.br\/site\/muriaeenses-se-destacam-na-copa-caratinga-de-taekwondo-2\/\" \/>\n\t<meta name=\"generator\" content=\"All in One SEO (AIOSEO) 5.0.0.1\" \/>\n\t\t<meta property=\"og:locale\" content=\"pt_BR\" \/>\n\t\t<meta property=\"og:site_name\" content=\"A Not\u00edcia Online - Noticias de Muria\u00e9 e regi\u00e3o\" \/>\n\t\t<meta property=\"og:type\" content=\"article\" \/>\n\t\t<meta property=\"og:title\" content=\"Muriaeenses se destacam na Copa Caratinga de Taekwondo - A Not\u00edcia Online\" \/>\n\t\t<meta property=\"og:description\" content=\"Crian\u00e7as e adolescentes do Servi\u00e7o de Conviv\u00eancia e Fortalecimento de V\u00ednculos (SCFV), oferecido pela Prefeitura nos Centros de Refer\u00eancia de Assist\u00eancia Social (CRAS) de Muria\u00e9, se destacaram na Copa Caratinga de Taekwondo. O evento aconteceu no domingo (21), no Gin\u00e1sio Limoeiro. Os atletas muriaeenses conquistaram seis medalhas de Ouro e cinco de Prata. Ao todo,\" \/>\n\t\t<meta property=\"og:url\" content=\"https:\/\/anoticiaonline.com.br\/site\/muriaeenses-se-destacam-na-copa-caratinga-de-taekwondo-2\/\" \/>\n\t\t<meta property=\"og:image\" content=\"https:\/\/scontent-gig4-1.xx.fbcdn.net\/v\/t39.30808-1\/270437624_4564083193639691_6907940295614233970_n.jpg?stp=dst-jpg_s200x200_tt6&#038;_nc_cat=111&#038;ccb=1-7&#038;_nc_sid=f907e8&#038;_nc_ohc=SM1wRlP3lJwQ7kNvwEPuBYA&#038;_nc_oc=AdnqrjDN_BNjSSHWO-GbkIWH6fkGMLw4bqvL_NH6e2wMveX7G-rP2dAqsDSq1mJMOaY&#038;_nc_zt=24&#038;_nc_ht=scontent-gig4-1.xx&#038;_nc_gid=AoBFJeGrT1hVaew_6rchkQ&#038;oh=00_AfX7QmFGhQhG2jAllVgXCiM1ZrWgvtp80-Bfppyexh1QEg&#038;oe=689E923C\" \/>\n\t\t<meta property=\"og:image:secure_url\" content=\"https:\/\/scontent-gig4-1.xx.fbcdn.net\/v\/t39.30808-1\/270437624_4564083193639691_6907940295614233970_n.jpg?stp=dst-jpg_s200x200_tt6&#038;_nc_cat=111&#038;ccb=1-7&#038;_nc_sid=f907e8&#038;_nc_ohc=SM1wRlP3lJwQ7kNvwEPuBYA&#038;_nc_oc=AdnqrjDN_BNjSSHWO-GbkIWH6fkGMLw4bqvL_NH6e2wMveX7G-rP2dAqsDSq1mJMOaY&#038;_nc_zt=24&#038;_nc_ht=scontent-gig4-1.xx&#038;_nc_gid=AoBFJeGrT1hVaew_6rchkQ&#038;oh=00_AfX7QmFGhQhG2jAllVgXCiM1ZrWgvtp80-Bfppyexh1QEg&#038;oe=689E923C\" \/>\n\t\t<meta property=\"article:published_time\" content=\"2018-10-26T03:10:35+00:00\" \/>\n\t\t<meta property=\"article:modified_time\" content=\"2018-10-26T03:10:35+00:00\" \/>\n\t\t<meta name=\"twitter:card\" content=\"summary_large_image\" \/>\n\t\t<meta name=\"twitter:title\" content=\"Muriaeenses se destacam na Copa Caratinga de Taekwondo - A Not\u00edcia Online\" \/>\n\t\t<meta name=\"twitter:description\" content=\"Crian\u00e7as e adolescentes do Servi\u00e7o de Conviv\u00eancia e Fortalecimento de V\u00ednculos (SCFV), oferecido pela Prefeitura nos Centros de Refer\u00eancia de Assist\u00eancia Social (CRAS) de Muria\u00e9, se destacaram na Copa Caratinga de Taekwondo. O evento aconteceu no domingo (21), no Gin\u00e1sio Limoeiro. Os atletas muriaeenses conquistaram seis medalhas de Ouro e cinco de Prata. Ao todo,\" \/>\n\t\t<meta name=\"twitter:image\" content=\"https:\/\/scontent-gig4-1.xx.fbcdn.net\/v\/t39.30808-1\/270437624_4564083193639691_6907940295614233970_n.jpg?stp=dst-jpg_s200x200_tt6&amp;_nc_cat=111&amp;ccb=1-7&amp;_nc_sid=f907e8&amp;_nc_ohc=SM1wRlP3lJwQ7kNvwEPuBYA&amp;_nc_oc=AdnqrjDN_BNjSSHWO-GbkIWH6fkGMLw4bqvL_NH6e2wMveX7G-rP2dAqsDSq1mJMOaY&amp;_nc_zt=24&amp;_nc_ht=scontent-gig4-1.xx&amp;_nc_gid=AoBFJeGrT1hVaew_6rchkQ&amp;oh=00_AfX7QmFGhQhG2jAllVgXCiM1ZrWgvtp80-Bfppyexh1QEg&amp;oe=689E923C\" \/>\n\t\t<script type=\"application\/ld+json\" class=\"aioseo-schema\">\n\t\t\t{\"@context\":\"https:\\\/\\\/schema.org\",\"@graph\":[{\"@type\":\"BlogPosting\",\"@id\":\"https:\\\/\\\/anoticiaonline.com.br\\\/site\\\/muriaeenses-se-destacam-na-copa-caratinga-de-taekwondo-2\\\/#blogposting\",\"name\":\"Muriaeenses se destacam na Copa Caratinga de Taekwondo - A Not\\u00edcia Online\",\"headline\":\"Muriaeenses se destacam na Copa Caratinga de Taekwondo\",\"author\":{\"@id\":\"https:\\\/\\\/anoticiaonline.com.br\\\/site\\\/author\\\/juliana\\\/#author\"},\"publisher\":{\"@id\":\"https:\\\/\\\/anoticiaonline.com.br\\\/site\\\/#organization\"},\"image\":{\"@type\":\"ImageObject\",\"url\":\"https:\\\/\\\/anoticiaonline.com.br\\\/site\\\/wp-content\\\/uploads\\\/2018\\\/10\\\/Muriaeenses-se-destacam-na-Copa-Caratinga-de-Taekwondo.jpg\",\"width\":996,\"height\":683},\"datePublished\":\"2018-10-26T00:10:35-03:00\",\"dateModified\":\"2018-10-26T00:10:35-03:00\",\"inLanguage\":\"pt-BR\",\"mainEntityOfPage\":{\"@id\":\"https:\\\/\\\/anoticiaonline.com.br\\\/site\\\/muriaeenses-se-destacam-na-copa-caratinga-de-taekwondo-2\\\/#webpage\"},\"isPartOf\":{\"@id\":\"https:\\\/\\\/anoticiaonline.com.br\\\/site\\\/muriaeenses-se-destacam-na-copa-caratinga-de-taekwondo-2\\\/#webpage\"},\"articleSection\":\"Blog, Esporte, Eventos, Regi\\u00e3o, caratinga, Centro de Refer\\u00eancia de Assist\\u00eancia Social (CRAS), CRAS, esporte, Muria\\u00e9, taekwondo\"},{\"@type\":\"BreadcrumbList\",\"@id\":\"https:\\\/\\\/anoticiaonline.com.br\\\/site\\\/muriaeenses-se-destacam-na-copa-caratinga-de-taekwondo-2\\\/#breadcrumblist\",\"itemListElement\":[{\"@type\":\"ListItem\",\"@id\":\"https:\\\/\\\/anoticiaonline.com.br\\\/site#listItem\",\"position\":1,\"name\":\"Home\",\"item\":\"https:\\\/\\\/anoticiaonline.com.br\\\/site\",\"nextItem\":{\"@type\":\"ListItem\",\"@id\":\"https:\\\/\\\/anoticiaonline.com.br\\\/site\\\/categoria\\\/regiao\\\/#listItem\",\"name\":\"Regi\\u00e3o\"}},{\"@type\":\"ListItem\",\"@id\":\"https:\\\/\\\/anoticiaonline.com.br\\\/site\\\/categoria\\\/regiao\\\/#listItem\",\"position\":2,\"name\":\"Regi\\u00e3o\",\"item\":\"https:\\\/\\\/anoticiaonline.com.br\\\/site\\\/categoria\\\/regiao\\\/\",\"nextItem\":{\"@type\":\"ListItem\",\"@id\":\"https:\\\/\\\/anoticiaonline.com.br\\\/site\\\/muriaeenses-se-destacam-na-copa-caratinga-de-taekwondo-2\\\/#listItem\",\"name\":\"Muriaeenses se destacam na Copa Caratinga de Taekwondo\"},\"previousItem\":{\"@type\":\"ListItem\",\"@id\":\"https:\\\/\\\/anoticiaonline.com.br\\\/site#listItem\",\"name\":\"Home\"}},{\"@type\":\"ListItem\",\"@id\":\"https:\\\/\\\/anoticiaonline.com.br\\\/site\\\/muriaeenses-se-destacam-na-copa-caratinga-de-taekwondo-2\\\/#listItem\",\"position\":3,\"name\":\"Muriaeenses se destacam na Copa Caratinga de Taekwondo\",\"previousItem\":{\"@type\":\"ListItem\",\"@id\":\"https:\\\/\\\/anoticiaonline.com.br\\\/site\\\/categoria\\\/regiao\\\/#listItem\",\"name\":\"Regi\\u00e3o\"}}]},{\"@type\":\"Organization\",\"@id\":\"https:\\\/\\\/anoticiaonline.com.br\\\/site\\\/#organization\",\"name\":\"A Not\\u00edcia Online\",\"description\":\"Noticias de Muria\\u00e9 e regi\\u00e3o\",\"url\":\"https:\\\/\\\/anoticiaonline.com.br\\\/site\\\/\",\"logo\":{\"@type\":\"ImageObject\",\"url\":\"https:\\\/\\\/scontent-gig4-1.xx.fbcdn.net\\\/v\\\/t39.30808-1\\\/270437624_4564083193639691_6907940295614233970_n.jpg?stp=dst-jpg_s200x200_tt6&_nc_cat=111&ccb=1-7&_nc_sid=f907e8&_nc_ohc=SM1wRlP3lJwQ7kNvwEPuBYA&_nc_oc=AdnqrjDN_BNjSSHWO-GbkIWH6fkGMLw4bqvL_NH6e2wMveX7G-rP2dAqsDSq1mJMOaY&_nc_zt=24&_nc_ht=scontent-gig4-1.xx&_nc_gid=AoBFJeGrT1hVaew_6rchkQ&oh=00_AfX7QmFGhQhG2jAllVgXCiM1ZrWgvtp80-Bfppyexh1QEg&oe=689E923C\",\"@id\":\"https:\\\/\\\/anoticiaonline.com.br\\\/site\\\/muriaeenses-se-destacam-na-copa-caratinga-de-taekwondo-2\\\/#organizationLogo\"},\"image\":{\"@id\":\"https:\\\/\\\/anoticiaonline.com.br\\\/site\\\/muriaeenses-se-destacam-na-copa-caratinga-de-taekwondo-2\\\/#organizationLogo\"}},{\"@type\":\"Person\",\"@id\":\"https:\\\/\\\/anoticiaonline.com.br\\\/site\\\/author\\\/juliana\\\/#author\",\"url\":\"https:\\\/\\\/anoticiaonline.com.br\\\/site\\\/author\\\/juliana\\\/\",\"name\":\"Juliana Laviola\",\"image\":{\"@type\":\"ImageObject\",\"@id\":\"https:\\\/\\\/anoticiaonline.com.br\\\/site\\\/muriaeenses-se-destacam-na-copa-caratinga-de-taekwondo-2\\\/#authorImage\",\"url\":\"https:\\\/\\\/secure.gravatar.com\\\/avatar\\\/b8d45f5c699b100dfaf0e543582f38f38bf94cb7ae3a5e9abf8d891a34773335?s=96&d=mm&r=g\",\"width\":96,\"height\":96,\"caption\":\"Juliana Laviola\"}},{\"@type\":\"WebPage\",\"@id\":\"https:\\\/\\\/anoticiaonline.com.br\\\/site\\\/muriaeenses-se-destacam-na-copa-caratinga-de-taekwondo-2\\\/#webpage\",\"url\":\"https:\\\/\\\/anoticiaonline.com.br\\\/site\\\/muriaeenses-se-destacam-na-copa-caratinga-de-taekwondo-2\\\/\",\"name\":\"Muriaeenses se destacam na Copa Caratinga de Taekwondo - A Not\\u00edcia Online\",\"description\":\"Crian\\u00e7as e adolescentes do Servi\\u00e7o de Conviv\\u00eancia e Fortalecimento de V\\u00ednculos (SCFV), oferecido pela Prefeitura nos Centros de Refer\\u00eancia de Assist\\u00eancia Social (CRAS) de Muria\\u00e9, se destacaram na Copa Caratinga de Taekwondo. O evento aconteceu no domingo (21), no Gin\\u00e1sio Limoeiro. Os atletas muriaeenses conquistaram seis medalhas de Ouro e cinco de Prata. Ao todo,\",\"inLanguage\":\"pt-BR\",\"isPartOf\":{\"@id\":\"https:\\\/\\\/anoticiaonline.com.br\\\/site\\\/#website\"},\"breadcrumb\":{\"@id\":\"https:\\\/\\\/anoticiaonline.com.br\\\/site\\\/muriaeenses-se-destacam-na-copa-caratinga-de-taekwondo-2\\\/#breadcrumblist\"},\"author\":{\"@id\":\"https:\\\/\\\/anoticiaonline.com.br\\\/site\\\/author\\\/juliana\\\/#author\"},\"creator\":{\"@id\":\"https:\\\/\\\/anoticiaonline.com.br\\\/site\\\/author\\\/juliana\\\/#author\"},\"image\":{\"@type\":\"ImageObject\",\"url\":\"https:\\\/\\\/anoticiaonline.com.br\\\/site\\\/wp-content\\\/uploads\\\/2018\\\/10\\\/Muriaeenses-se-destacam-na-Copa-Caratinga-de-Taekwondo.jpg\",\"@id\":\"https:\\\/\\\/anoticiaonline.com.br\\\/site\\\/muriaeenses-se-destacam-na-copa-caratinga-de-taekwondo-2\\\/#mainImage\",\"width\":996,\"height\":683},\"primaryImageOfPage\":{\"@id\":\"https:\\\/\\\/anoticiaonline.com.br\\\/site\\\/muriaeenses-se-destacam-na-copa-caratinga-de-taekwondo-2\\\/#mainImage\"},\"datePublished\":\"2018-10-26T00:10:35-03:00\",\"dateModified\":\"2018-10-26T00:10:35-03:00\"},{\"@type\":\"WebSite\",\"@id\":\"https:\\\/\\\/anoticiaonline.com.br\\\/site\\\/#website\",\"url\":\"https:\\\/\\\/anoticiaonline.com.br\\\/site\\\/\",\"name\":\"A Not\\u00edcia Online\",\"description\":\"Noticias de Muria\\u00e9 e regi\\u00e3o\",\"inLanguage\":\"pt-BR\",\"publisher\":{\"@id\":\"https:\\\/\\\/anoticiaonline.com.br\\\/site\\\/#organization\"}}]}\n\t\t<\/script>\n\t\t<!-- All in One SEO -->\n\n","aioseo_head_json":{"title":"Muriaeenses se destacam na Copa Caratinga de Taekwondo - A Not\u00edcia Online","description":"Crian\u00e7as e adolescentes do Servi\u00e7o de Conviv\u00eancia e Fortalecimento de V\u00ednculos (SCFV), oferecido pela Prefeitura nos Centros de Refer\u00eancia de Assist\u00eancia Social (CRAS) de Muria\u00e9, se destacaram na Copa Caratinga de Taekwondo. O evento aconteceu no domingo (21), no Gin\u00e1sio Limoeiro. Os atletas muriaeenses conquistaram seis medalhas de Ouro e cinco de Prata. Ao todo,","canonical_url":"https:\/\/anoticiaonline.com.br\/site\/muriaeenses-se-destacam-na-copa-caratinga-de-taekwondo-2\/","robots":"max-image-preview:large","keywords":"","webmasterTools":{"miscellaneous":""},"schema":{"@context":"https:\/\/schema.org","@graph":[{"@type":"BlogPosting","@id":"https:\/\/anoticiaonline.com.br\/site\/muriaeenses-se-destacam-na-copa-caratinga-de-taekwondo-2\/#blogposting","name":"Muriaeenses se destacam na Copa Caratinga de Taekwondo - A Not\u00edcia Online","headline":"Muriaeenses se destacam na Copa Caratinga de Taekwondo","author":{"@id":"https:\/\/anoticiaonline.com.br\/site\/author\/juliana\/#author"},"publisher":{"@id":"https:\/\/anoticiaonline.com.br\/site\/#organization"},"image":{"@type":"ImageObject","url":"https:\/\/anoticiaonline.com.br\/site\/wp-content\/uploads\/2018\/10\/Muriaeenses-se-destacam-na-Copa-Caratinga-de-Taekwondo.jpg","width":996,"height":683},"datePublished":"2018-10-26T00:10:35-03:00","dateModified":"2018-10-26T00:10:35-03:00","inLanguage":"pt-BR","mainEntityOfPage":{"@id":"https:\/\/anoticiaonline.com.br\/site\/muriaeenses-se-destacam-na-copa-caratinga-de-taekwondo-2\/#webpage"},"isPartOf":{"@id":"https:\/\/anoticiaonline.com.br\/site\/muriaeenses-se-destacam-na-copa-caratinga-de-taekwondo-2\/#webpage"},"articleSection":"Blog, Esporte, Eventos, Regi\u00e3o, caratinga, Centro de Refer\u00eancia de Assist\u00eancia Social (CRAS), CRAS, esporte, Muria\u00e9, taekwondo"},{"@type":"BreadcrumbList","@id":"https:\/\/anoticiaonline.com.br\/site\/muriaeenses-se-destacam-na-copa-caratinga-de-taekwondo-2\/#breadcrumblist","itemListElement":[{"@type":"ListItem","@id":"https:\/\/anoticiaonline.com.br\/site#listItem","position":1,"name":"Home","item":"https:\/\/anoticiaonline.com.br\/site","nextItem":{"@type":"ListItem","@id":"https:\/\/anoticiaonline.com.br\/site\/categoria\/regiao\/#listItem","name":"Regi\u00e3o"}},{"@type":"ListItem","@id":"https:\/\/anoticiaonline.com.br\/site\/categoria\/regiao\/#listItem","position":2,"name":"Regi\u00e3o","item":"https:\/\/anoticiaonline.com.br\/site\/categoria\/regiao\/","nextItem":{"@type":"ListItem","@id":"https:\/\/anoticiaonline.com.br\/site\/muriaeenses-se-destacam-na-copa-caratinga-de-taekwondo-2\/#listItem","name":"Muriaeenses se destacam na Copa Caratinga de Taekwondo"},"previousItem":{"@type":"ListItem","@id":"https:\/\/anoticiaonline.com.br\/site#listItem","name":"Home"}},{"@type":"ListItem","@id":"https:\/\/anoticiaonline.com.br\/site\/muriaeenses-se-destacam-na-copa-caratinga-de-taekwondo-2\/#listItem","position":3,"name":"Muriaeenses se destacam na Copa Caratinga de Taekwondo","previousItem":{"@type":"ListItem","@id":"https:\/\/anoticiaonline.com.br\/site\/categoria\/regiao\/#listItem","name":"Regi\u00e3o"}}]},{"@type":"Organization","@id":"https:\/\/anoticiaonline.com.br\/site\/#organization","name":"A Not\u00edcia Online","description":"Noticias de Muria\u00e9 e regi\u00e3o","url":"https:\/\/anoticiaonline.com.br\/site\/","logo":{"@type":"ImageObject","url":"https:\/\/scontent-gig4-1.xx.fbcdn.net\/v\/t39.30808-1\/270437624_4564083193639691_6907940295614233970_n.jpg?stp=dst-jpg_s200x200_tt6&_nc_cat=111&ccb=1-7&_nc_sid=f907e8&_nc_ohc=SM1wRlP3lJwQ7kNvwEPuBYA&_nc_oc=AdnqrjDN_BNjSSHWO-GbkIWH6fkGMLw4bqvL_NH6e2wMveX7G-rP2dAqsDSq1mJMOaY&_nc_zt=24&_nc_ht=scontent-gig4-1.xx&_nc_gid=AoBFJeGrT1hVaew_6rchkQ&oh=00_AfX7QmFGhQhG2jAllVgXCiM1ZrWgvtp80-Bfppyexh1QEg&oe=689E923C","@id":"https:\/\/anoticiaonline.com.br\/site\/muriaeenses-se-destacam-na-copa-caratinga-de-taekwondo-2\/#organizationLogo"},"image":{"@id":"https:\/\/anoticiaonline.com.br\/site\/muriaeenses-se-destacam-na-copa-caratinga-de-taekwondo-2\/#organizationLogo"}},{"@type":"Person","@id":"https:\/\/anoticiaonline.com.br\/site\/author\/juliana\/#author","url":"https:\/\/anoticiaonline.com.br\/site\/author\/juliana\/","name":"Juliana Laviola","image":{"@type":"ImageObject","@id":"https:\/\/anoticiaonline.com.br\/site\/muriaeenses-se-destacam-na-copa-caratinga-de-taekwondo-2\/#authorImage","url":"https:\/\/secure.gravatar.com\/avatar\/b8d45f5c699b100dfaf0e543582f38f38bf94cb7ae3a5e9abf8d891a34773335?s=96&d=mm&r=g","width":96,"height":96,"caption":"Juliana Laviola"}},{"@type":"WebPage","@id":"https:\/\/anoticiaonline.com.br\/site\/muriaeenses-se-destacam-na-copa-caratinga-de-taekwondo-2\/#webpage","url":"https:\/\/anoticiaonline.com.br\/site\/muriaeenses-se-destacam-na-copa-caratinga-de-taekwondo-2\/","name":"Muriaeenses se destacam na Copa Caratinga de Taekwondo - A Not\u00edcia Online","description":"Crian\u00e7as e adolescentes do Servi\u00e7o de Conviv\u00eancia e Fortalecimento de V\u00ednculos (SCFV), oferecido pela Prefeitura nos Centros de Refer\u00eancia de Assist\u00eancia Social (CRAS) de Muria\u00e9, se destacaram na Copa Caratinga de Taekwondo. O evento aconteceu no domingo (21), no Gin\u00e1sio Limoeiro. Os atletas muriaeenses conquistaram seis medalhas de Ouro e cinco de Prata. Ao todo,","inLanguage":"pt-BR","isPartOf":{"@id":"https:\/\/anoticiaonline.com.br\/site\/#website"},"breadcrumb":{"@id":"https:\/\/anoticiaonline.com.br\/site\/muriaeenses-se-destacam-na-copa-caratinga-de-taekwondo-2\/#breadcrumblist"},"author":{"@id":"https:\/\/anoticiaonline.com.br\/site\/author\/juliana\/#author"},"creator":{"@id":"https:\/\/anoticiaonline.com.br\/site\/author\/juliana\/#author"},"image":{"@type":"ImageObject","url":"https:\/\/anoticiaonline.com.br\/site\/wp-content\/uploads\/2018\/10\/Muriaeenses-se-destacam-na-Copa-Caratinga-de-Taekwondo.jpg","@id":"https:\/\/anoticiaonline.com.br\/site\/muriaeenses-se-destacam-na-copa-caratinga-de-taekwondo-2\/#mainImage","width":996,"height":683},"primaryImageOfPage":{"@id":"https:\/\/anoticiaonline.com.br\/site\/muriaeenses-se-destacam-na-copa-caratinga-de-taekwondo-2\/#mainImage"},"datePublished":"2018-10-26T00:10:35-03:00","dateModified":"2018-10-26T00:10:35-03:00"},{"@type":"WebSite","@id":"https:\/\/anoticiaonline.com.br\/site\/#website","url":"https:\/\/anoticiaonline.com.br\/site\/","name":"A Not\u00edcia Online","description":"Noticias de Muria\u00e9 e regi\u00e3o","inLanguage":"pt-BR","publisher":{"@id":"https:\/\/anoticiaonline.com.br\/site\/#organization"}}]},"og:locale":"pt_BR","og:site_name":"A Not\u00edcia Online - Noticias de Muria\u00e9 e regi\u00e3o","og:type":"article","og:title":"Muriaeenses se destacam na Copa Caratinga de Taekwondo - A Not\u00edcia Online","og:description":"Crian\u00e7as e adolescentes do Servi\u00e7o de Conviv\u00eancia e Fortalecimento de V\u00ednculos (SCFV), oferecido pela Prefeitura nos Centros de Refer\u00eancia de Assist\u00eancia Social (CRAS) de Muria\u00e9, se destacaram na Copa Caratinga de Taekwondo. O evento aconteceu no domingo (21), no Gin\u00e1sio Limoeiro. Os atletas muriaeenses conquistaram seis medalhas de Ouro e cinco de Prata. Ao todo,","og:url":"https:\/\/anoticiaonline.com.br\/site\/muriaeenses-se-destacam-na-copa-caratinga-de-taekwondo-2\/","og:image":"https:\/\/scontent-gig4-1.xx.fbcdn.net\/v\/t39.30808-1\/270437624_4564083193639691_6907940295614233970_n.jpg?stp=dst-jpg_s200x200_tt6&#038;_nc_cat=111&#038;ccb=1-7&#038;_nc_sid=f907e8&#038;_nc_ohc=SM1wRlP3lJwQ7kNvwEPuBYA&#038;_nc_oc=AdnqrjDN_BNjSSHWO-GbkIWH6fkGMLw4bqvL_NH6e2wMveX7G-rP2dAqsDSq1mJMOaY&#038;_nc_zt=24&#038;_nc_ht=scontent-gig4-1.xx&#038;_nc_gid=AoBFJeGrT1hVaew_6rchkQ&#038;oh=00_AfX7QmFGhQhG2jAllVgXCiM1ZrWgvtp80-Bfppyexh1QEg&#038;oe=689E923C","og:image:secure_url":"https:\/\/scontent-gig4-1.xx.fbcdn.net\/v\/t39.30808-1\/270437624_4564083193639691_6907940295614233970_n.jpg?stp=dst-jpg_s200x200_tt6&#038;_nc_cat=111&#038;ccb=1-7&#038;_nc_sid=f907e8&#038;_nc_ohc=SM1wRlP3lJwQ7kNvwEPuBYA&#038;_nc_oc=AdnqrjDN_BNjSSHWO-GbkIWH6fkGMLw4bqvL_NH6e2wMveX7G-rP2dAqsDSq1mJMOaY&#038;_nc_zt=24&#038;_nc_ht=scontent-gig4-1.xx&#038;_nc_gid=AoBFJeGrT1hVaew_6rchkQ&#038;oh=00_AfX7QmFGhQhG2jAllVgXCiM1ZrWgvtp80-Bfppyexh1QEg&#038;oe=689E923C","article:published_time":"2018-10-26T03:10:35+00:00","article:modified_time":"2018-10-26T03:10:35+00:00","twitter:card":"summary_large_image","twitter:title":"Muriaeenses se destacam na Copa Caratinga de Taekwondo - A Not\u00edcia Online","twitter:description":"Crian\u00e7as e adolescentes do Servi\u00e7o de Conviv\u00eancia e Fortalecimento de V\u00ednculos (SCFV), oferecido pela Prefeitura nos Centros de Refer\u00eancia de Assist\u00eancia Social (CRAS) de Muria\u00e9, se destacaram na Copa Caratinga de Taekwondo. O evento aconteceu no domingo (21), no Gin\u00e1sio Limoeiro. Os atletas muriaeenses conquistaram seis medalhas de Ouro e cinco de Prata. Ao todo,","twitter:image":"https:\/\/scontent-gig4-1.xx.fbcdn.net\/v\/t39.30808-1\/270437624_4564083193639691_6907940295614233970_n.jpg?stp=dst-jpg_s200x200_tt6&_nc_cat=111&ccb=1-7&_nc_sid=f907e8&_nc_ohc=SM1wRlP3lJwQ7kNvwEPuBYA&_nc_oc=AdnqrjDN_BNjSSHWO-GbkIWH6fkGMLw4bqvL_NH6e2wMveX7G-rP2dAqsDSq1mJMOaY&_nc_zt=24&_nc_ht=scontent-gig4-1.xx&_nc_gid=AoBFJeGrT1hVaew_6rchkQ&oh=00_AfX7QmFGhQhG2jAllVgXCiM1ZrWgvtp80-Bfppyexh1QEg&oe=689E923C"},"aioseo_meta_data":{"post_id":"63696","title":null,"description":null,"keywords":null,"keyphrases":null,"primary_term":null,"canonical_url":null,"og_title":null,"og_description":null,"og_object_type":"default","og_image_type":"default","og_image_url":null,"og_image_width":null,"og_image_height":null,"og_image_custom_url":null,"og_image_custom_fields":null,"og_video":null,"og_custom_url":null,"og_article_section":null,"og_article_tags":null,"twitter_use_og":false,"twitter_card":"default","twitter_image_type":"default","twitter_image_url":null,"twitter_image_custom_url":null,"twitter_image_custom_fields":null,"twitter_title":null,"twitter_description":null,"schema":{"blockGraphs":[],"customGraphs":[],"default":{"data":{"Article":[],"Course":[],"Dataset":[],"FAQPage":[],"Movie":[],"Person":[],"Product":[],"ProductReview":[],"Car":[],"Recipe":[],"Service":[],"SoftwareApplication":[],"WebPage":[]},"graphName":"","isEnabled":true},"graphs":[]},"schema_type":"default","schema_type_options":null,"pillar_content":false,"robots_default":true,"robots_noindex":false,"robots_noarchive":false,"robots_nosnippet":false,"robots_nofollow":false,"robots_noimageindex":false,"robots_noodp":false,"robots_notranslate":false,"robots_max_snippet":null,"robots_max_videopreview":null,"robots_max_imagepreview":"large","priority":null,"frequency":null,"local_seo":null,"breadcrumb_settings":null,"limit_modified_date":false,"ai":null,"created":"2025-08-16 21:58:29","updated":"2025-08-16 21:58:29","focus_keyword":null,"additional_keywords":null,"truseo_locale":null,"seo_analyzer_scan_date":null},"aioseo_breadcrumb":"<div class=\"aioseo-breadcrumbs\"><span class=\"aioseo-breadcrumb\">\n\t\t\t<a href=\"https:\/\/anoticiaonline.com.br\/site\" title=\"Home\">Home<\/a>\n\t\t<\/span><span class=\"aioseo-breadcrumb-separator\">&raquo;<\/span><span class=\"aioseo-breadcrumb\">\n\t\t\t<a href=\"https:\/\/anoticiaonline.com.br\/site\/categoria\/regiao\/\" title=\"Regi\u00e3o\">Regi\u00e3o<\/a>\n\t\t<\/span><span class=\"aioseo-breadcrumb-separator\">&raquo;<\/span><span class=\"aioseo-breadcrumb\">\n\t\t\tMuriaeenses se destacam na Copa Caratinga de Taekwondo\n\t\t<\/span><\/div>","aioseo_breadcrumb_json":[{"label":"Home","link":"https:\/\/anoticiaonline.com.br\/site"},{"label":"Regi\u00e3o","link":"https:\/\/anoticiaonline.com.br\/site\/categoria\/regiao\/"},{"label":"Muriaeenses se destacam na Copa Caratinga de Taekwondo","link":"https:\/\/anoticiaonline.com.br\/site\/muriaeenses-se-destacam-na-copa-caratinga-de-taekwondo-2\/"}],"views":161,"_links":{"self":[{"href":"https:\/\/anoticiaonline.com.br\/site\/wp-json\/wp\/v2\/posts\/63696","targetHints":{"allow":["GET"]}}],"collection":[{"href":"https:\/\/anoticiaonline.com.br\/site\/wp-json\/wp\/v2\/posts"}],"about":[{"href":"https:\/\/anoticiaonline.com.br\/site\/wp-json\/wp\/v2\/types\/post"}],"author":[{"embeddable":true,"href":"https:\/\/anoticiaonline.com.br\/site\/wp-json\/wp\/v2\/users\/2"}],"replies":[{"embeddable":true,"href":"https:\/\/anoticiaonline.com.br\/site\/wp-json\/wp\/v2\/comments?post=63696"}],"version-history":[{"count":0,"href":"https:\/\/anoticiaonline.com.br\/site\/wp-json\/wp\/v2\/posts\/63696\/revisions"}],"wp:featuredmedia":[{"embeddable":true,"href":"https:\/\/anoticiaonline.com.br\/site\/wp-json\/wp\/v2\/media\/63698"}],"wp:attachment":[{"href":"https:\/\/anoticiaonline.com.br\/site\/wp-json\/wp\/v2\/media?parent=63696"}],"wp:term":[{"taxonomy":"category","embeddable":true,"href":"https:\/\/anoticiaonline.com.br\/site\/wp-json\/wp\/v2\/categories?post=63696"},{"taxonomy":"post_tag","embeddable":true,"href":"https:\/\/anoticiaonline.com.br\/site\/wp-json\/wp\/v2\/tags?post=63696"}],"curies":[{"name":"wp","href":"https:\/\/api.w.org\/{rel}","templated":true}]}}