{"id":63640,"date":"2018-10-25T23:15:50","date_gmt":"2018-10-26T02:15:50","guid":{"rendered":"http:\/\/anoticiaonline.com.br\/site\/?p=63640"},"modified":"2018-10-25T23:15:50","modified_gmt":"2018-10-26T02:15:50","slug":"mostra-cultural-recebe-grandes-nomes-do-cenario-brasileiro","status":"publish","type":"post","link":"https:\/\/anoticiaonline.com.br\/site\/mostra-cultural-recebe-grandes-nomes-do-cenario-brasileiro\/","title":{"rendered":"Mostra Cultural recebe grandes nomes do cen\u00e1rio brasileiro"},"content":{"rendered":"<p><strong>Por Swelen Ara\u00fajo<\/strong><\/p>\n<p>A 1\u00aa Mostra de Diversidade, Juventude e Literatura e a I Feira de Literatura de Muria\u00e9 (Felimur) trazem grandes nomes da cultura brasileira para o munic\u00edpio. De 16 a 27 de outubro, a cidade recebeu escritores consagrados, como os premiados Zuenir Ventura, Mauro Ventura, Leandro Mazzini, Vin\u00edcius Grossos, entre outros. Al\u00e9m de homenagear o escritor e poeta naturalizado muriaeense, professor Luiz Gonzaga da Silva, falecido recentemente.<\/p>\n<p>Durante toda a semana, Muria\u00e9 recebeu diversas atividades culturais, inclusive oficinas preparat\u00f3rias para o ENEM, que ocorre nos dias 04 e 11 de novembro, ministradas pela professora Maria Alice Catta Preta. O tamb\u00e9m professor Natalino Silva palestrou e lan\u00e7ou o livro <em>Ex-farrapos<\/em>.<\/p>\n<p>A semana cultural contou ainda com a Geladeira Liter\u00e1ria, exposta na Pra\u00e7a Cel Pacheco de Medeiros durante todo o s\u00e1bado (20), trazendo em seu interior diversas obras liter\u00e1rias, dispostas \u00e0 popula\u00e7\u00e3o.<\/p>\n<p>A m\u00fasica tamb\u00e9m foi contemplada na edi\u00e7\u00e3o cultural. Uma oficina de Jazz Funk foi ministrada pelo professor muriaeense Walbert Luiz; e o coral <em>Canta Pra Ser Feliz <\/em>apresentou m\u00fasicas africanas alto-brasileiras. A diversidade n\u00e3o ficou de fora. Uma gaymada (jogo de queimada) foi realizada no Horto Florestal. Na parte teatral, a pe\u00e7a apresentada foi <em>Auto da Barca do Inferno<\/em>, de Gil Vicente.<\/p>\n<p>Durante esta sexta-feira (25), ocorreu ainda o 3\u00ba Encontr\u00e3o dos Gr\u00eamios Estudantis de Muria\u00e9 e Regi\u00e3o, a partir das 8h30, no Teatro Belmira Vilas Boas. E a partir das 19h30, uma palestra com Leandro Mazzini.<\/p>\n<p>O s\u00e1bado (27) encerra as atividades culturais. Haver\u00e1 mais dois aul\u00f5es, na Faculdade Est\u00e1cio de S\u00e1; o I Encontro de Escritores de Muria\u00e9, Feira de Livros, Geladeira Liter\u00e1ria e I Mostra de Escritores de Muria\u00e9, Recital de Piano e voz com Wanda Lantelme e Jovelina N\u00f3brega, todos na sede da Academia Muriaeense de Letras, na Vila Eud\u00f3xia Canedo. Finalizando, \u00e0s 20h, ser\u00e1 apresentada a pe\u00e7a <em>Farsa da Boa Pregui\u00e7a<\/em>, no Teatro Belmira Vilas Boas.<\/p>\n<p>Os eventos foram promovidos pela Prefeitura Municipal de Muria\u00e9 e pela Academia Muriaeense de Letras, dentro do Circuito Cultural Grande Hotel Muriah\u00e9, por meio da Lei Estadual de Incentivo \u00e0 Cultura de Minas Gerais.<\/p>\n<p><strong>Grandes autores<\/strong><\/p>\n<p>Zuenir Ventura e Mauro Ventura s\u00e3o pai e filho, jornalistas militantes por um Brasil melhor. Zuenir \u00e9 membro da Academia Brasileira de Letras e autor de obras como <em>1968: o ano que n\u00e3o terminou<\/em> e <em>Cidade Partida<\/em>. O filho segue os passos do progenitor e possui obras memor\u00e1veis, como <em>O espet\u00e1culo mais triste da Terra<\/em>, em que e narra o inc\u00eandio do Gran Circo Norte-Americano,\u00a0 na d\u00e9cada de 60, em Niter\u00f3i, causando mais de 500 mortes.<\/p>\n<p>Outra grande atra\u00e7\u00e3o \u00e9 prata da casa: o muriaeense Leandro Mazzini, renomado escritor e jornalista pol\u00edtico brasileiro. Com passagens pelo Jornal do Brasil, Ag\u00eancia Rio, Correio do Brasil, Gazeta Mercantil, Rede Vida, e autor durante nove anos da coluna Informe JB. Hoje, assina a Coluna Esplanada, reproduzida diariamente em 36 jornais e portais de 24 estados brasileiros. Autor dos livros <em>Corra que a Pol\u00edtica vem a\u00ed<\/em> e <em>Boa noite, Rio<\/em>.<\/p>\n<p>Mais um importante escritor que passou por Muria\u00e9 foi o jovem carioca Vin\u00edcius Grossos, autor dos romances <em>Sereia Negra,<\/em> <em>O Garoto quase atropelado<\/em>, <em>1+1 &#8211; A matem\u00e1tica do amor<\/em> (em coautoria com Augusto Alvarenga) e <em>O ver\u00e3o em que tudo mudou<\/em>.<\/p>\n<p>Homenageado nesta edi\u00e7\u00e3o, o Professor Luiz Gonzaga era membro da Academia Muri aeense de Letras, muito querido e respeitado em Muria\u00e9 e regi\u00e3o. Autor de obras para adultos e crian\u00e7as, entre elas: <em>Idas e Vindas<\/em>; <em>Idas e Vindas II<\/em>;<em>Vanguarda Gr\u00e1fica; O livro de Lav\u00ednia; Nem idas nem voltas: desvoltas; Criancices, Chinfrim; A Pulga Puladeira \u2013 Poeminhas de Palavras Saltadeiras. <\/em><\/p>\n<p><a href=\"https:\/\/anoticiaonline.com.br\/site\/wp-content\/uploads\/2018\/10\/Mostra-Cultural-recebe-grandes-nomes-do-cen\u00e1rio-brasileiro-2.jpg\"><img fetchpriority=\"high\" decoding=\"async\" class=\"alignnone size-full wp-image-63641\" src=\"https:\/\/anoticiaonline.com.br\/site\/wp-content\/uploads\/2018\/10\/Mostra-Cultural-recebe-grandes-nomes-do-cen\u00e1rio-brasileiro-2.jpg\" alt=\"\" width=\"900\" height=\"600\" srcset=\"https:\/\/anoticiaonline.com.br\/site\/wp-content\/uploads\/2018\/10\/Mostra-Cultural-recebe-grandes-nomes-do-cen\u00e1rio-brasileiro-2.jpg 900w, https:\/\/anoticiaonline.com.br\/site\/wp-content\/uploads\/2018\/10\/Mostra-Cultural-recebe-grandes-nomes-do-cen\u00e1rio-brasileiro-2-300x200.jpg 300w, https:\/\/anoticiaonline.com.br\/site\/wp-content\/uploads\/2018\/10\/Mostra-Cultural-recebe-grandes-nomes-do-cen\u00e1rio-brasileiro-2-768x512.jpg 768w\" sizes=\"(max-width: 900px) 100vw, 900px\" \/><\/a> <a href=\"https:\/\/anoticiaonline.com.br\/site\/wp-content\/uploads\/2018\/10\/Mostra-Cultural-recebe-grandes-nomes-do-cen\u00e1rio-brasileiro.jpg\"><img decoding=\"async\" class=\"alignnone size-full wp-image-63642\" src=\"https:\/\/anoticiaonline.com.br\/site\/wp-content\/uploads\/2018\/10\/Mostra-Cultural-recebe-grandes-nomes-do-cen\u00e1rio-brasileiro.jpg\" alt=\"\" width=\"900\" height=\"600\" srcset=\"https:\/\/anoticiaonline.com.br\/site\/wp-content\/uploads\/2018\/10\/Mostra-Cultural-recebe-grandes-nomes-do-cen\u00e1rio-brasileiro.jpg 900w, https:\/\/anoticiaonline.com.br\/site\/wp-content\/uploads\/2018\/10\/Mostra-Cultural-recebe-grandes-nomes-do-cen\u00e1rio-brasileiro-300x200.jpg 300w, https:\/\/anoticiaonline.com.br\/site\/wp-content\/uploads\/2018\/10\/Mostra-Cultural-recebe-grandes-nomes-do-cen\u00e1rio-brasileiro-768x512.jpg 768w\" sizes=\"(max-width: 900px) 100vw, 900px\" \/><\/a><\/p>\n<p>Fotos: Prefeitura de Muria\u00e9<\/p>\n","protected":false},"excerpt":{"rendered":"<p>Por Swelen Ara\u00fajo A 1\u00aa Mostra de Diversidade, Juventude e Literatura e a I Feira de Literatura de Muria\u00e9 (Felimur) trazem grandes nomes da cultura brasileira para o munic\u00edpio. De 16 a 27 de outubro, a cidade recebeu escritores consagrados, como os premiados Zuenir Ventura, Mauro Ventura, Leandro Mazzini, Vin\u00edcius Grossos, entre outros. Al\u00e9m de &#8230; <a title=\"Mostra Cultural recebe grandes nomes do cen\u00e1rio brasileiro\" class=\"read-more\" href=\"https:\/\/anoticiaonline.com.br\/site\/mostra-cultural-recebe-grandes-nomes-do-cenario-brasileiro\/\" aria-label=\"Read more about Mostra Cultural recebe grandes nomes do cen\u00e1rio brasileiro\">Ler mais<\/a><\/p>\n","protected":false},"author":2,"featured_media":63642,"comment_status":"open","ping_status":"open","sticky":false,"template":"","format":"standard","meta":{"_acf_changed":false,"_monsterinsights_skip_tracking":false,"footnotes":""},"categories":[30,19,24],"tags":[3313,3312,3315,74,3314,3311],"class_list":["post-63640","post","type-post","status-publish","format-standard","has-post-thumbnail","hentry","category-muriae","category-cultura","category-eventos","tag-leandro-mazzini","tag-mauro-ventura","tag-mostra-cultural","tag-muriae","tag-vinicius-grossos","tag-zuenir-ventura"],"acf":[],"aioseo_notices":[],"aioseo_head":"\n\t\t<!-- All in One SEO 5.0.0.1 - aioseo.com -->\n\t<meta name=\"description\" content=\"Por Swelen Ara\u00fajo A 1\u00aa Mostra de Diversidade, Juventude e Literatura e a I Feira de Literatura de Muria\u00e9 (Felimur) trazem grandes nomes da cultura brasileira para o munic\u00edpio. De 16 a 27 de outubro, a cidade recebeu escritores consagrados, como os premiados Zuenir Ventura, Mauro Ventura, Leandro Mazzini, Vin\u00edcius Grossos, entre outros. Al\u00e9m de\" \/>\n\t<meta name=\"robots\" content=\"max-image-preview:large\" \/>\n\t<meta name=\"author\" content=\"Juliana Laviola\"\/>\n\t<link rel=\"canonical\" href=\"https:\/\/anoticiaonline.com.br\/site\/mostra-cultural-recebe-grandes-nomes-do-cenario-brasileiro\/\" \/>\n\t<meta name=\"generator\" content=\"All in One SEO (AIOSEO) 5.0.0.1\" \/>\n\t\t<meta property=\"og:locale\" content=\"pt_BR\" \/>\n\t\t<meta property=\"og:site_name\" content=\"A Not\u00edcia Online - Noticias de Muria\u00e9 e regi\u00e3o\" \/>\n\t\t<meta property=\"og:type\" content=\"article\" \/>\n\t\t<meta property=\"og:title\" content=\"Mostra Cultural recebe grandes nomes do cen\u00e1rio brasileiro - A Not\u00edcia Online\" \/>\n\t\t<meta property=\"og:description\" content=\"Por Swelen Ara\u00fajo A 1\u00aa Mostra de Diversidade, Juventude e Literatura e a I Feira de Literatura de Muria\u00e9 (Felimur) trazem grandes nomes da cultura brasileira para o munic\u00edpio. De 16 a 27 de outubro, a cidade recebeu escritores consagrados, como os premiados Zuenir Ventura, Mauro Ventura, Leandro Mazzini, Vin\u00edcius Grossos, entre outros. Al\u00e9m de\" \/>\n\t\t<meta property=\"og:url\" content=\"https:\/\/anoticiaonline.com.br\/site\/mostra-cultural-recebe-grandes-nomes-do-cenario-brasileiro\/\" \/>\n\t\t<meta property=\"og:image\" content=\"https:\/\/scontent-gig4-1.xx.fbcdn.net\/v\/t39.30808-1\/270437624_4564083193639691_6907940295614233970_n.jpg?stp=dst-jpg_s200x200_tt6&#038;_nc_cat=111&#038;ccb=1-7&#038;_nc_sid=f907e8&#038;_nc_ohc=SM1wRlP3lJwQ7kNvwEPuBYA&#038;_nc_oc=AdnqrjDN_BNjSSHWO-GbkIWH6fkGMLw4bqvL_NH6e2wMveX7G-rP2dAqsDSq1mJMOaY&#038;_nc_zt=24&#038;_nc_ht=scontent-gig4-1.xx&#038;_nc_gid=AoBFJeGrT1hVaew_6rchkQ&#038;oh=00_AfX7QmFGhQhG2jAllVgXCiM1ZrWgvtp80-Bfppyexh1QEg&#038;oe=689E923C\" \/>\n\t\t<meta property=\"og:image:secure_url\" content=\"https:\/\/scontent-gig4-1.xx.fbcdn.net\/v\/t39.30808-1\/270437624_4564083193639691_6907940295614233970_n.jpg?stp=dst-jpg_s200x200_tt6&#038;_nc_cat=111&#038;ccb=1-7&#038;_nc_sid=f907e8&#038;_nc_ohc=SM1wRlP3lJwQ7kNvwEPuBYA&#038;_nc_oc=AdnqrjDN_BNjSSHWO-GbkIWH6fkGMLw4bqvL_NH6e2wMveX7G-rP2dAqsDSq1mJMOaY&#038;_nc_zt=24&#038;_nc_ht=scontent-gig4-1.xx&#038;_nc_gid=AoBFJeGrT1hVaew_6rchkQ&#038;oh=00_AfX7QmFGhQhG2jAllVgXCiM1ZrWgvtp80-Bfppyexh1QEg&#038;oe=689E923C\" \/>\n\t\t<meta property=\"article:published_time\" content=\"2018-10-26T02:15:50+00:00\" \/>\n\t\t<meta property=\"article:modified_time\" content=\"2018-10-26T02:15:50+00:00\" \/>\n\t\t<meta name=\"twitter:card\" content=\"summary_large_image\" \/>\n\t\t<meta name=\"twitter:title\" content=\"Mostra Cultural recebe grandes nomes do cen\u00e1rio brasileiro - A Not\u00edcia Online\" \/>\n\t\t<meta name=\"twitter:description\" content=\"Por Swelen Ara\u00fajo A 1\u00aa Mostra de Diversidade, Juventude e Literatura e a I Feira de Literatura de Muria\u00e9 (Felimur) trazem grandes nomes da cultura brasileira para o munic\u00edpio. De 16 a 27 de outubro, a cidade recebeu escritores consagrados, como os premiados Zuenir Ventura, Mauro Ventura, Leandro Mazzini, Vin\u00edcius Grossos, entre outros. Al\u00e9m de\" \/>\n\t\t<meta name=\"twitter:image\" content=\"https:\/\/scontent-gig4-1.xx.fbcdn.net\/v\/t39.30808-1\/270437624_4564083193639691_6907940295614233970_n.jpg?stp=dst-jpg_s200x200_tt6&amp;_nc_cat=111&amp;ccb=1-7&amp;_nc_sid=f907e8&amp;_nc_ohc=SM1wRlP3lJwQ7kNvwEPuBYA&amp;_nc_oc=AdnqrjDN_BNjSSHWO-GbkIWH6fkGMLw4bqvL_NH6e2wMveX7G-rP2dAqsDSq1mJMOaY&amp;_nc_zt=24&amp;_nc_ht=scontent-gig4-1.xx&amp;_nc_gid=AoBFJeGrT1hVaew_6rchkQ&amp;oh=00_AfX7QmFGhQhG2jAllVgXCiM1ZrWgvtp80-Bfppyexh1QEg&amp;oe=689E923C\" \/>\n\t\t<script type=\"application\/ld+json\" class=\"aioseo-schema\">\n\t\t\t{\"@context\":\"https:\\\/\\\/schema.org\",\"@graph\":[{\"@type\":\"BlogPosting\",\"@id\":\"https:\\\/\\\/anoticiaonline.com.br\\\/site\\\/mostra-cultural-recebe-grandes-nomes-do-cenario-brasileiro\\\/#blogposting\",\"name\":\"Mostra Cultural recebe grandes nomes do cen\\u00e1rio brasileiro - A Not\\u00edcia Online\",\"headline\":\"Mostra Cultural recebe grandes nomes do cen\\u00e1rio brasileiro\",\"author\":{\"@id\":\"https:\\\/\\\/anoticiaonline.com.br\\\/site\\\/author\\\/juliana\\\/#author\"},\"publisher\":{\"@id\":\"https:\\\/\\\/anoticiaonline.com.br\\\/site\\\/#organization\"},\"image\":{\"@type\":\"ImageObject\",\"url\":\"https:\\\/\\\/anoticiaonline.com.br\\\/site\\\/wp-content\\\/uploads\\\/2018\\\/10\\\/Mostra-Cultural-recebe-grandes-nomes-do-cen\\u00e1rio-brasileiro.jpg\",\"width\":900,\"height\":600},\"datePublished\":\"2018-10-25T23:15:50-03:00\",\"dateModified\":\"2018-10-25T23:15:50-03:00\",\"inLanguage\":\"pt-BR\",\"mainEntityOfPage\":{\"@id\":\"https:\\\/\\\/anoticiaonline.com.br\\\/site\\\/mostra-cultural-recebe-grandes-nomes-do-cenario-brasileiro\\\/#webpage\"},\"isPartOf\":{\"@id\":\"https:\\\/\\\/anoticiaonline.com.br\\\/site\\\/mostra-cultural-recebe-grandes-nomes-do-cenario-brasileiro\\\/#webpage\"},\"articleSection\":\"Blog, Cultura, Eventos, Leandro Mazzini, Mauro Ventura, mostra cultural, Muria\\u00e9, Vin\\u00edcius Grossos, Zuenir Ventura\"},{\"@type\":\"BreadcrumbList\",\"@id\":\"https:\\\/\\\/anoticiaonline.com.br\\\/site\\\/mostra-cultural-recebe-grandes-nomes-do-cenario-brasileiro\\\/#breadcrumblist\",\"itemListElement\":[{\"@type\":\"ListItem\",\"@id\":\"https:\\\/\\\/anoticiaonline.com.br\\\/site#listItem\",\"position\":1,\"name\":\"Home\",\"item\":\"https:\\\/\\\/anoticiaonline.com.br\\\/site\",\"nextItem\":{\"@type\":\"ListItem\",\"@id\":\"https:\\\/\\\/anoticiaonline.com.br\\\/site\\\/categoria\\\/muriae\\\/#listItem\",\"name\":\"Blog\"}},{\"@type\":\"ListItem\",\"@id\":\"https:\\\/\\\/anoticiaonline.com.br\\\/site\\\/categoria\\\/muriae\\\/#listItem\",\"position\":2,\"name\":\"Blog\",\"item\":\"https:\\\/\\\/anoticiaonline.com.br\\\/site\\\/categoria\\\/muriae\\\/\",\"nextItem\":{\"@type\":\"ListItem\",\"@id\":\"https:\\\/\\\/anoticiaonline.com.br\\\/site\\\/categoria\\\/muriae\\\/cultura\\\/#listItem\",\"name\":\"Cultura\"},\"previousItem\":{\"@type\":\"ListItem\",\"@id\":\"https:\\\/\\\/anoticiaonline.com.br\\\/site#listItem\",\"name\":\"Home\"}},{\"@type\":\"ListItem\",\"@id\":\"https:\\\/\\\/anoticiaonline.com.br\\\/site\\\/categoria\\\/muriae\\\/cultura\\\/#listItem\",\"position\":3,\"name\":\"Cultura\",\"item\":\"https:\\\/\\\/anoticiaonline.com.br\\\/site\\\/categoria\\\/muriae\\\/cultura\\\/\",\"nextItem\":{\"@type\":\"ListItem\",\"@id\":\"https:\\\/\\\/anoticiaonline.com.br\\\/site\\\/mostra-cultural-recebe-grandes-nomes-do-cenario-brasileiro\\\/#listItem\",\"name\":\"Mostra Cultural recebe grandes nomes do cen\\u00e1rio brasileiro\"},\"previousItem\":{\"@type\":\"ListItem\",\"@id\":\"https:\\\/\\\/anoticiaonline.com.br\\\/site\\\/categoria\\\/muriae\\\/#listItem\",\"name\":\"Blog\"}},{\"@type\":\"ListItem\",\"@id\":\"https:\\\/\\\/anoticiaonline.com.br\\\/site\\\/mostra-cultural-recebe-grandes-nomes-do-cenario-brasileiro\\\/#listItem\",\"position\":4,\"name\":\"Mostra Cultural recebe grandes nomes do cen\\u00e1rio brasileiro\",\"previousItem\":{\"@type\":\"ListItem\",\"@id\":\"https:\\\/\\\/anoticiaonline.com.br\\\/site\\\/categoria\\\/muriae\\\/cultura\\\/#listItem\",\"name\":\"Cultura\"}}]},{\"@type\":\"Organization\",\"@id\":\"https:\\\/\\\/anoticiaonline.com.br\\\/site\\\/#organization\",\"name\":\"A Not\\u00edcia Online\",\"description\":\"Noticias de Muria\\u00e9 e regi\\u00e3o\",\"url\":\"https:\\\/\\\/anoticiaonline.com.br\\\/site\\\/\",\"logo\":{\"@type\":\"ImageObject\",\"url\":\"https:\\\/\\\/scontent-gig4-1.xx.fbcdn.net\\\/v\\\/t39.30808-1\\\/270437624_4564083193639691_6907940295614233970_n.jpg?stp=dst-jpg_s200x200_tt6&_nc_cat=111&ccb=1-7&_nc_sid=f907e8&_nc_ohc=SM1wRlP3lJwQ7kNvwEPuBYA&_nc_oc=AdnqrjDN_BNjSSHWO-GbkIWH6fkGMLw4bqvL_NH6e2wMveX7G-rP2dAqsDSq1mJMOaY&_nc_zt=24&_nc_ht=scontent-gig4-1.xx&_nc_gid=AoBFJeGrT1hVaew_6rchkQ&oh=00_AfX7QmFGhQhG2jAllVgXCiM1ZrWgvtp80-Bfppyexh1QEg&oe=689E923C\",\"@id\":\"https:\\\/\\\/anoticiaonline.com.br\\\/site\\\/mostra-cultural-recebe-grandes-nomes-do-cenario-brasileiro\\\/#organizationLogo\"},\"image\":{\"@id\":\"https:\\\/\\\/anoticiaonline.com.br\\\/site\\\/mostra-cultural-recebe-grandes-nomes-do-cenario-brasileiro\\\/#organizationLogo\"}},{\"@type\":\"Person\",\"@id\":\"https:\\\/\\\/anoticiaonline.com.br\\\/site\\\/author\\\/juliana\\\/#author\",\"url\":\"https:\\\/\\\/anoticiaonline.com.br\\\/site\\\/author\\\/juliana\\\/\",\"name\":\"Juliana Laviola\",\"image\":{\"@type\":\"ImageObject\",\"@id\":\"https:\\\/\\\/anoticiaonline.com.br\\\/site\\\/mostra-cultural-recebe-grandes-nomes-do-cenario-brasileiro\\\/#authorImage\",\"url\":\"https:\\\/\\\/secure.gravatar.com\\\/avatar\\\/b8d45f5c699b100dfaf0e543582f38f38bf94cb7ae3a5e9abf8d891a34773335?s=96&d=mm&r=g\",\"width\":96,\"height\":96,\"caption\":\"Juliana Laviola\"}},{\"@type\":\"WebPage\",\"@id\":\"https:\\\/\\\/anoticiaonline.com.br\\\/site\\\/mostra-cultural-recebe-grandes-nomes-do-cenario-brasileiro\\\/#webpage\",\"url\":\"https:\\\/\\\/anoticiaonline.com.br\\\/site\\\/mostra-cultural-recebe-grandes-nomes-do-cenario-brasileiro\\\/\",\"name\":\"Mostra Cultural recebe grandes nomes do cen\\u00e1rio brasileiro - A Not\\u00edcia Online\",\"description\":\"Por Swelen Ara\\u00fajo A 1\\u00aa Mostra de Diversidade, Juventude e Literatura e a I Feira de Literatura de Muria\\u00e9 (Felimur) trazem grandes nomes da cultura brasileira para o munic\\u00edpio. De 16 a 27 de outubro, a cidade recebeu escritores consagrados, como os premiados Zuenir Ventura, Mauro Ventura, Leandro Mazzini, Vin\\u00edcius Grossos, entre outros. Al\\u00e9m de\",\"inLanguage\":\"pt-BR\",\"isPartOf\":{\"@id\":\"https:\\\/\\\/anoticiaonline.com.br\\\/site\\\/#website\"},\"breadcrumb\":{\"@id\":\"https:\\\/\\\/anoticiaonline.com.br\\\/site\\\/mostra-cultural-recebe-grandes-nomes-do-cenario-brasileiro\\\/#breadcrumblist\"},\"author\":{\"@id\":\"https:\\\/\\\/anoticiaonline.com.br\\\/site\\\/author\\\/juliana\\\/#author\"},\"creator\":{\"@id\":\"https:\\\/\\\/anoticiaonline.com.br\\\/site\\\/author\\\/juliana\\\/#author\"},\"image\":{\"@type\":\"ImageObject\",\"url\":\"https:\\\/\\\/anoticiaonline.com.br\\\/site\\\/wp-content\\\/uploads\\\/2018\\\/10\\\/Mostra-Cultural-recebe-grandes-nomes-do-cen\\u00e1rio-brasileiro.jpg\",\"@id\":\"https:\\\/\\\/anoticiaonline.com.br\\\/site\\\/mostra-cultural-recebe-grandes-nomes-do-cenario-brasileiro\\\/#mainImage\",\"width\":900,\"height\":600},\"primaryImageOfPage\":{\"@id\":\"https:\\\/\\\/anoticiaonline.com.br\\\/site\\\/mostra-cultural-recebe-grandes-nomes-do-cenario-brasileiro\\\/#mainImage\"},\"datePublished\":\"2018-10-25T23:15:50-03:00\",\"dateModified\":\"2018-10-25T23:15:50-03:00\"},{\"@type\":\"WebSite\",\"@id\":\"https:\\\/\\\/anoticiaonline.com.br\\\/site\\\/#website\",\"url\":\"https:\\\/\\\/anoticiaonline.com.br\\\/site\\\/\",\"name\":\"A Not\\u00edcia Online\",\"description\":\"Noticias de Muria\\u00e9 e regi\\u00e3o\",\"inLanguage\":\"pt-BR\",\"publisher\":{\"@id\":\"https:\\\/\\\/anoticiaonline.com.br\\\/site\\\/#organization\"}}]}\n\t\t<\/script>\n\t\t<!-- All in One SEO -->\n\n","aioseo_head_json":{"title":"Mostra Cultural recebe grandes nomes do cen\u00e1rio brasileiro - A Not\u00edcia Online","description":"Por Swelen Ara\u00fajo A 1\u00aa Mostra de Diversidade, Juventude e Literatura e a I Feira de Literatura de Muria\u00e9 (Felimur) trazem grandes nomes da cultura brasileira para o munic\u00edpio. De 16 a 27 de outubro, a cidade recebeu escritores consagrados, como os premiados Zuenir Ventura, Mauro Ventura, Leandro Mazzini, Vin\u00edcius Grossos, entre outros. Al\u00e9m de","canonical_url":"https:\/\/anoticiaonline.com.br\/site\/mostra-cultural-recebe-grandes-nomes-do-cenario-brasileiro\/","robots":"max-image-preview:large","keywords":"","webmasterTools":{"miscellaneous":""},"schema":{"@context":"https:\/\/schema.org","@graph":[{"@type":"BlogPosting","@id":"https:\/\/anoticiaonline.com.br\/site\/mostra-cultural-recebe-grandes-nomes-do-cenario-brasileiro\/#blogposting","name":"Mostra Cultural recebe grandes nomes do cen\u00e1rio brasileiro - A Not\u00edcia Online","headline":"Mostra Cultural recebe grandes nomes do cen\u00e1rio brasileiro","author":{"@id":"https:\/\/anoticiaonline.com.br\/site\/author\/juliana\/#author"},"publisher":{"@id":"https:\/\/anoticiaonline.com.br\/site\/#organization"},"image":{"@type":"ImageObject","url":"https:\/\/anoticiaonline.com.br\/site\/wp-content\/uploads\/2018\/10\/Mostra-Cultural-recebe-grandes-nomes-do-cen\u00e1rio-brasileiro.jpg","width":900,"height":600},"datePublished":"2018-10-25T23:15:50-03:00","dateModified":"2018-10-25T23:15:50-03:00","inLanguage":"pt-BR","mainEntityOfPage":{"@id":"https:\/\/anoticiaonline.com.br\/site\/mostra-cultural-recebe-grandes-nomes-do-cenario-brasileiro\/#webpage"},"isPartOf":{"@id":"https:\/\/anoticiaonline.com.br\/site\/mostra-cultural-recebe-grandes-nomes-do-cenario-brasileiro\/#webpage"},"articleSection":"Blog, Cultura, Eventos, Leandro Mazzini, Mauro Ventura, mostra cultural, Muria\u00e9, Vin\u00edcius Grossos, Zuenir Ventura"},{"@type":"BreadcrumbList","@id":"https:\/\/anoticiaonline.com.br\/site\/mostra-cultural-recebe-grandes-nomes-do-cenario-brasileiro\/#breadcrumblist","itemListElement":[{"@type":"ListItem","@id":"https:\/\/anoticiaonline.com.br\/site#listItem","position":1,"name":"Home","item":"https:\/\/anoticiaonline.com.br\/site","nextItem":{"@type":"ListItem","@id":"https:\/\/anoticiaonline.com.br\/site\/categoria\/muriae\/#listItem","name":"Blog"}},{"@type":"ListItem","@id":"https:\/\/anoticiaonline.com.br\/site\/categoria\/muriae\/#listItem","position":2,"name":"Blog","item":"https:\/\/anoticiaonline.com.br\/site\/categoria\/muriae\/","nextItem":{"@type":"ListItem","@id":"https:\/\/anoticiaonline.com.br\/site\/categoria\/muriae\/cultura\/#listItem","name":"Cultura"},"previousItem":{"@type":"ListItem","@id":"https:\/\/anoticiaonline.com.br\/site#listItem","name":"Home"}},{"@type":"ListItem","@id":"https:\/\/anoticiaonline.com.br\/site\/categoria\/muriae\/cultura\/#listItem","position":3,"name":"Cultura","item":"https:\/\/anoticiaonline.com.br\/site\/categoria\/muriae\/cultura\/","nextItem":{"@type":"ListItem","@id":"https:\/\/anoticiaonline.com.br\/site\/mostra-cultural-recebe-grandes-nomes-do-cenario-brasileiro\/#listItem","name":"Mostra Cultural recebe grandes nomes do cen\u00e1rio brasileiro"},"previousItem":{"@type":"ListItem","@id":"https:\/\/anoticiaonline.com.br\/site\/categoria\/muriae\/#listItem","name":"Blog"}},{"@type":"ListItem","@id":"https:\/\/anoticiaonline.com.br\/site\/mostra-cultural-recebe-grandes-nomes-do-cenario-brasileiro\/#listItem","position":4,"name":"Mostra Cultural recebe grandes nomes do cen\u00e1rio brasileiro","previousItem":{"@type":"ListItem","@id":"https:\/\/anoticiaonline.com.br\/site\/categoria\/muriae\/cultura\/#listItem","name":"Cultura"}}]},{"@type":"Organization","@id":"https:\/\/anoticiaonline.com.br\/site\/#organization","name":"A Not\u00edcia Online","description":"Noticias de Muria\u00e9 e regi\u00e3o","url":"https:\/\/anoticiaonline.com.br\/site\/","logo":{"@type":"ImageObject","url":"https:\/\/scontent-gig4-1.xx.fbcdn.net\/v\/t39.30808-1\/270437624_4564083193639691_6907940295614233970_n.jpg?stp=dst-jpg_s200x200_tt6&_nc_cat=111&ccb=1-7&_nc_sid=f907e8&_nc_ohc=SM1wRlP3lJwQ7kNvwEPuBYA&_nc_oc=AdnqrjDN_BNjSSHWO-GbkIWH6fkGMLw4bqvL_NH6e2wMveX7G-rP2dAqsDSq1mJMOaY&_nc_zt=24&_nc_ht=scontent-gig4-1.xx&_nc_gid=AoBFJeGrT1hVaew_6rchkQ&oh=00_AfX7QmFGhQhG2jAllVgXCiM1ZrWgvtp80-Bfppyexh1QEg&oe=689E923C","@id":"https:\/\/anoticiaonline.com.br\/site\/mostra-cultural-recebe-grandes-nomes-do-cenario-brasileiro\/#organizationLogo"},"image":{"@id":"https:\/\/anoticiaonline.com.br\/site\/mostra-cultural-recebe-grandes-nomes-do-cenario-brasileiro\/#organizationLogo"}},{"@type":"Person","@id":"https:\/\/anoticiaonline.com.br\/site\/author\/juliana\/#author","url":"https:\/\/anoticiaonline.com.br\/site\/author\/juliana\/","name":"Juliana Laviola","image":{"@type":"ImageObject","@id":"https:\/\/anoticiaonline.com.br\/site\/mostra-cultural-recebe-grandes-nomes-do-cenario-brasileiro\/#authorImage","url":"https:\/\/secure.gravatar.com\/avatar\/b8d45f5c699b100dfaf0e543582f38f38bf94cb7ae3a5e9abf8d891a34773335?s=96&d=mm&r=g","width":96,"height":96,"caption":"Juliana Laviola"}},{"@type":"WebPage","@id":"https:\/\/anoticiaonline.com.br\/site\/mostra-cultural-recebe-grandes-nomes-do-cenario-brasileiro\/#webpage","url":"https:\/\/anoticiaonline.com.br\/site\/mostra-cultural-recebe-grandes-nomes-do-cenario-brasileiro\/","name":"Mostra Cultural recebe grandes nomes do cen\u00e1rio brasileiro - A Not\u00edcia Online","description":"Por Swelen Ara\u00fajo A 1\u00aa Mostra de Diversidade, Juventude e Literatura e a I Feira de Literatura de Muria\u00e9 (Felimur) trazem grandes nomes da cultura brasileira para o munic\u00edpio. De 16 a 27 de outubro, a cidade recebeu escritores consagrados, como os premiados Zuenir Ventura, Mauro Ventura, Leandro Mazzini, Vin\u00edcius Grossos, entre outros. Al\u00e9m de","inLanguage":"pt-BR","isPartOf":{"@id":"https:\/\/anoticiaonline.com.br\/site\/#website"},"breadcrumb":{"@id":"https:\/\/anoticiaonline.com.br\/site\/mostra-cultural-recebe-grandes-nomes-do-cenario-brasileiro\/#breadcrumblist"},"author":{"@id":"https:\/\/anoticiaonline.com.br\/site\/author\/juliana\/#author"},"creator":{"@id":"https:\/\/anoticiaonline.com.br\/site\/author\/juliana\/#author"},"image":{"@type":"ImageObject","url":"https:\/\/anoticiaonline.com.br\/site\/wp-content\/uploads\/2018\/10\/Mostra-Cultural-recebe-grandes-nomes-do-cen\u00e1rio-brasileiro.jpg","@id":"https:\/\/anoticiaonline.com.br\/site\/mostra-cultural-recebe-grandes-nomes-do-cenario-brasileiro\/#mainImage","width":900,"height":600},"primaryImageOfPage":{"@id":"https:\/\/anoticiaonline.com.br\/site\/mostra-cultural-recebe-grandes-nomes-do-cenario-brasileiro\/#mainImage"},"datePublished":"2018-10-25T23:15:50-03:00","dateModified":"2018-10-25T23:15:50-03:00"},{"@type":"WebSite","@id":"https:\/\/anoticiaonline.com.br\/site\/#website","url":"https:\/\/anoticiaonline.com.br\/site\/","name":"A Not\u00edcia Online","description":"Noticias de Muria\u00e9 e regi\u00e3o","inLanguage":"pt-BR","publisher":{"@id":"https:\/\/anoticiaonline.com.br\/site\/#organization"}}]},"og:locale":"pt_BR","og:site_name":"A Not\u00edcia Online - Noticias de Muria\u00e9 e regi\u00e3o","og:type":"article","og:title":"Mostra Cultural recebe grandes nomes do cen\u00e1rio brasileiro - A Not\u00edcia Online","og:description":"Por Swelen Ara\u00fajo A 1\u00aa Mostra de Diversidade, Juventude e Literatura e a I Feira de Literatura de Muria\u00e9 (Felimur) trazem grandes nomes da cultura brasileira para o munic\u00edpio. De 16 a 27 de outubro, a cidade recebeu escritores consagrados, como os premiados Zuenir Ventura, Mauro Ventura, Leandro Mazzini, Vin\u00edcius Grossos, entre outros. Al\u00e9m de","og:url":"https:\/\/anoticiaonline.com.br\/site\/mostra-cultural-recebe-grandes-nomes-do-cenario-brasileiro\/","og:image":"https:\/\/scontent-gig4-1.xx.fbcdn.net\/v\/t39.30808-1\/270437624_4564083193639691_6907940295614233970_n.jpg?stp=dst-jpg_s200x200_tt6&#038;_nc_cat=111&#038;ccb=1-7&#038;_nc_sid=f907e8&#038;_nc_ohc=SM1wRlP3lJwQ7kNvwEPuBYA&#038;_nc_oc=AdnqrjDN_BNjSSHWO-GbkIWH6fkGMLw4bqvL_NH6e2wMveX7G-rP2dAqsDSq1mJMOaY&#038;_nc_zt=24&#038;_nc_ht=scontent-gig4-1.xx&#038;_nc_gid=AoBFJeGrT1hVaew_6rchkQ&#038;oh=00_AfX7QmFGhQhG2jAllVgXCiM1ZrWgvtp80-Bfppyexh1QEg&#038;oe=689E923C","og:image:secure_url":"https:\/\/scontent-gig4-1.xx.fbcdn.net\/v\/t39.30808-1\/270437624_4564083193639691_6907940295614233970_n.jpg?stp=dst-jpg_s200x200_tt6&#038;_nc_cat=111&#038;ccb=1-7&#038;_nc_sid=f907e8&#038;_nc_ohc=SM1wRlP3lJwQ7kNvwEPuBYA&#038;_nc_oc=AdnqrjDN_BNjSSHWO-GbkIWH6fkGMLw4bqvL_NH6e2wMveX7G-rP2dAqsDSq1mJMOaY&#038;_nc_zt=24&#038;_nc_ht=scontent-gig4-1.xx&#038;_nc_gid=AoBFJeGrT1hVaew_6rchkQ&#038;oh=00_AfX7QmFGhQhG2jAllVgXCiM1ZrWgvtp80-Bfppyexh1QEg&#038;oe=689E923C","article:published_time":"2018-10-26T02:15:50+00:00","article:modified_time":"2018-10-26T02:15:50+00:00","twitter:card":"summary_large_image","twitter:title":"Mostra Cultural recebe grandes nomes do cen\u00e1rio brasileiro - A Not\u00edcia Online","twitter:description":"Por Swelen Ara\u00fajo A 1\u00aa Mostra de Diversidade, Juventude e Literatura e a I Feira de Literatura de Muria\u00e9 (Felimur) trazem grandes nomes da cultura brasileira para o munic\u00edpio. De 16 a 27 de outubro, a cidade recebeu escritores consagrados, como os premiados Zuenir Ventura, Mauro Ventura, Leandro Mazzini, Vin\u00edcius Grossos, entre outros. Al\u00e9m de","twitter:image":"https:\/\/scontent-gig4-1.xx.fbcdn.net\/v\/t39.30808-1\/270437624_4564083193639691_6907940295614233970_n.jpg?stp=dst-jpg_s200x200_tt6&_nc_cat=111&ccb=1-7&_nc_sid=f907e8&_nc_ohc=SM1wRlP3lJwQ7kNvwEPuBYA&_nc_oc=AdnqrjDN_BNjSSHWO-GbkIWH6fkGMLw4bqvL_NH6e2wMveX7G-rP2dAqsDSq1mJMOaY&_nc_zt=24&_nc_ht=scontent-gig4-1.xx&_nc_gid=AoBFJeGrT1hVaew_6rchkQ&oh=00_AfX7QmFGhQhG2jAllVgXCiM1ZrWgvtp80-Bfppyexh1QEg&oe=689E923C"},"aioseo_meta_data":{"post_id":"63640","title":null,"description":null,"keywords":null,"keyphrases":null,"primary_term":null,"canonical_url":null,"og_title":null,"og_description":null,"og_object_type":"default","og_image_type":"default","og_image_url":null,"og_image_width":null,"og_image_height":null,"og_image_custom_url":null,"og_image_custom_fields":null,"og_video":null,"og_custom_url":null,"og_article_section":null,"og_article_tags":null,"twitter_use_og":false,"twitter_card":"default","twitter_image_type":"default","twitter_image_url":null,"twitter_image_custom_url":null,"twitter_image_custom_fields":null,"twitter_title":null,"twitter_description":null,"schema":{"blockGraphs":[],"customGraphs":[],"default":{"data":{"Article":[],"Course":[],"Dataset":[],"FAQPage":[],"Movie":[],"Person":[],"Product":[],"ProductReview":[],"Car":[],"Recipe":[],"Service":[],"SoftwareApplication":[],"WebPage":[]},"graphName":"","isEnabled":true},"graphs":[]},"schema_type":"default","schema_type_options":null,"pillar_content":false,"robots_default":true,"robots_noindex":false,"robots_noarchive":false,"robots_nosnippet":false,"robots_nofollow":false,"robots_noimageindex":false,"robots_noodp":false,"robots_notranslate":false,"robots_max_snippet":null,"robots_max_videopreview":null,"robots_max_imagepreview":"large","priority":null,"frequency":null,"local_seo":null,"breadcrumb_settings":null,"limit_modified_date":false,"ai":null,"created":"2025-08-16 21:58:29","updated":"2025-08-16 21:58:29","focus_keyword":null,"additional_keywords":null,"truseo_locale":null,"seo_analyzer_scan_date":null},"aioseo_breadcrumb":"<div class=\"aioseo-breadcrumbs\"><span class=\"aioseo-breadcrumb\">\n\t\t\t<a href=\"https:\/\/anoticiaonline.com.br\/site\" title=\"Home\">Home<\/a>\n\t\t<\/span><span class=\"aioseo-breadcrumb-separator\">&raquo;<\/span><span class=\"aioseo-breadcrumb\">\n\t\t\t<a href=\"https:\/\/anoticiaonline.com.br\/site\/categoria\/muriae\/\" title=\"Blog\">Blog<\/a>\n\t\t<\/span><span class=\"aioseo-breadcrumb-separator\">&raquo;<\/span><span class=\"aioseo-breadcrumb\">\n\t\t\t<a href=\"https:\/\/anoticiaonline.com.br\/site\/categoria\/muriae\/cultura\/\" title=\"Cultura\">Cultura<\/a>\n\t\t<\/span><span class=\"aioseo-breadcrumb-separator\">&raquo;<\/span><span class=\"aioseo-breadcrumb\">\n\t\t\tMostra Cultural recebe grandes nomes do cen\u00e1rio brasileiro\n\t\t<\/span><\/div>","aioseo_breadcrumb_json":[{"label":"Home","link":"https:\/\/anoticiaonline.com.br\/site"},{"label":"Blog","link":"https:\/\/anoticiaonline.com.br\/site\/categoria\/muriae\/"},{"label":"Cultura","link":"https:\/\/anoticiaonline.com.br\/site\/categoria\/muriae\/cultura\/"},{"label":"Mostra Cultural recebe grandes nomes do cen\u00e1rio brasileiro","link":"https:\/\/anoticiaonline.com.br\/site\/mostra-cultural-recebe-grandes-nomes-do-cenario-brasileiro\/"}],"views":162,"_links":{"self":[{"href":"https:\/\/anoticiaonline.com.br\/site\/wp-json\/wp\/v2\/posts\/63640","targetHints":{"allow":["GET"]}}],"collection":[{"href":"https:\/\/anoticiaonline.com.br\/site\/wp-json\/wp\/v2\/posts"}],"about":[{"href":"https:\/\/anoticiaonline.com.br\/site\/wp-json\/wp\/v2\/types\/post"}],"author":[{"embeddable":true,"href":"https:\/\/anoticiaonline.com.br\/site\/wp-json\/wp\/v2\/users\/2"}],"replies":[{"embeddable":true,"href":"https:\/\/anoticiaonline.com.br\/site\/wp-json\/wp\/v2\/comments?post=63640"}],"version-history":[{"count":0,"href":"https:\/\/anoticiaonline.com.br\/site\/wp-json\/wp\/v2\/posts\/63640\/revisions"}],"wp:featuredmedia":[{"embeddable":true,"href":"https:\/\/anoticiaonline.com.br\/site\/wp-json\/wp\/v2\/media\/63642"}],"wp:attachment":[{"href":"https:\/\/anoticiaonline.com.br\/site\/wp-json\/wp\/v2\/media?parent=63640"}],"wp:term":[{"taxonomy":"category","embeddable":true,"href":"https:\/\/anoticiaonline.com.br\/site\/wp-json\/wp\/v2\/categories?post=63640"},{"taxonomy":"post_tag","embeddable":true,"href":"https:\/\/anoticiaonline.com.br\/site\/wp-json\/wp\/v2\/tags?post=63640"}],"curies":[{"name":"wp","href":"https:\/\/api.w.org\/{rel}","templated":true}]}}