{"id":63610,"date":"2018-10-25T23:00:58","date_gmt":"2018-10-26T02:00:58","guid":{"rendered":"http:\/\/anoticiaonline.com.br\/site\/?p=63610"},"modified":"2018-10-25T23:00:58","modified_gmt":"2018-10-26T02:00:58","slug":"e-e-orlando-flores-debate-politica-e-democracia","status":"publish","type":"post","link":"https:\/\/anoticiaonline.com.br\/site\/e-e-orlando-flores-debate-politica-e-democracia\/","title":{"rendered":"E. E. Orlando Flores debate pol\u00edtica e democracia"},"content":{"rendered":"<p><a href=\"https:\/\/anoticiaonline.com.br\/site\/wp-content\/uploads\/2018\/10\/E.-E.-Orlando-Flores-debate-Pol\u00edtica-e-Democracia.jpg\"><img fetchpriority=\"high\" decoding=\"async\" class=\"alignnone size-full wp-image-63611\" src=\"https:\/\/anoticiaonline.com.br\/site\/wp-content\/uploads\/2018\/10\/E.-E.-Orlando-Flores-debate-Pol\u00edtica-e-Democracia.jpg\" alt=\"\" width=\"1000\" height=\"635\" srcset=\"https:\/\/anoticiaonline.com.br\/site\/wp-content\/uploads\/2018\/10\/E.-E.-Orlando-Flores-debate-Pol\u00edtica-e-Democracia.jpg 1000w, https:\/\/anoticiaonline.com.br\/site\/wp-content\/uploads\/2018\/10\/E.-E.-Orlando-Flores-debate-Pol\u00edtica-e-Democracia-300x191.jpg 300w, https:\/\/anoticiaonline.com.br\/site\/wp-content\/uploads\/2018\/10\/E.-E.-Orlando-Flores-debate-Pol\u00edtica-e-Democracia-768x488.jpg 768w\" sizes=\"(max-width: 1000px) 100vw, 1000px\" \/><\/a><\/p>\n<p>Na manh\u00e3 de s\u00e1bado (20), a E. E. Engenheiro Orlando Flores, no Bairro Dornelas, abriu suas portas \u00e0 comunidade para debater o tema \u201cPol\u00edtica e Democracia\u201d. Com apresenta\u00e7\u00f5es culturais, exposi\u00e7\u00e3o de trabalhos, palestra e Momento C\u00edvico, o evento foi a culmin\u00e2ncia do projeto hom\u00f4nimo, coordenado pela professora de Geografia, Marl\u00facia Magalh\u00e3es Lima.<\/p>\n<p>\u201cO objetivo foi partilhar um pouco do que aprendemos durante o bimestre, j\u00e1 que, ao partilharmos o conhecimento, ele se multiplica em frutos de justi\u00e7a, paz e solidariedade. E \u00e9 disso que o nosso pa\u00eds precisa\u201d, Marl\u00facia.<\/p>\n<p>Ap\u00f3s cantarem o Hino Nacional, os convidados assistiram \u00e0 palestra do professor Cristian Lima, formado em Hist\u00f3ria e Geografia pela Fasm, com especializa\u00e7\u00e3o em Estado e Sociedade Brasileira pela UFJF. Escritor e atual presidente da Academia Muriaeense de Letras (AMLE), o palestrante falou sobre consci\u00eancia pol\u00edtica e a import\u00e2ncia dos poderes Executivo, Legislativo e Judici\u00e1rio.<\/p>\n<p>As atividades culturais ficaram a cargo dos alunos da escola, que se empenharam para demonstrar o que aprenderam durante o desenvolvimento do projeto. No palco, eles se dividiram entre n\u00fameros de dan\u00e7a, canto, par\u00f3dias, sketches e declama\u00e7\u00f5es de poesias \u2013 inclusive autorais \u2013 encantando a plateia.<\/p>\n<p>Parceiro da escola, o \u201cProjeto Ciranda Cultural\u201d tamb\u00e9m esteve presente no evento. A iniciativa, coordenada pelo professor Diones de Castro, tem atra\u00eddo dezenas de alunos para suas oficinas de dan\u00e7a, m\u00fasica e teatro. Outros destaques foram as participa\u00e7\u00f5es da Oficina de Dan\u00e7a do \u201cMovimento Pr\u00f3-Cultura\u201d, sob orienta\u00e7\u00e3o da professora Josiane Valadares, e da ONG \u201cIdentidade das Ruas\u201d, que tem como presidente Ad\u00edlio Silva. Finalizando as apresenta\u00e7\u00f5es, o rap do \u201cEsquadr\u00e3o da Resist\u00eancia\u201d, com Wellington Dias e Jota R, levou sua mensagem de luta, resist\u00eancia e enfrentamento social.<\/p>\n<p>Ap\u00f3s agradecer a participa\u00e7\u00e3o de todos que contribu\u00edram para o projeto \u201cPol\u00edtica e Democracia\u201d, a diretora da E. E. Orlando Flores, Ivonete Lacerda, convidou o p\u00fablico para apreciar a exposi\u00e7\u00e3o de trabalhos dos alunos e para um lanche de confraterniza\u00e7\u00e3o.<\/p>\n<p><a href=\"https:\/\/anoticiaonline.com.br\/site\/wp-content\/uploads\/2018\/10\/E.-E.-Orlando-Flores-debate-Pol\u00edtica-e-Democracia-4.jpg\"><img decoding=\"async\" class=\"alignnone size-full wp-image-63613\" src=\"https:\/\/anoticiaonline.com.br\/site\/wp-content\/uploads\/2018\/10\/E.-E.-Orlando-Flores-debate-Pol\u00edtica-e-Democracia-4.jpg\" alt=\"\" width=\"1000\" height=\"724\" srcset=\"https:\/\/anoticiaonline.com.br\/site\/wp-content\/uploads\/2018\/10\/E.-E.-Orlando-Flores-debate-Pol\u00edtica-e-Democracia-4.jpg 1000w, https:\/\/anoticiaonline.com.br\/site\/wp-content\/uploads\/2018\/10\/E.-E.-Orlando-Flores-debate-Pol\u00edtica-e-Democracia-4-300x217.jpg 300w, https:\/\/anoticiaonline.com.br\/site\/wp-content\/uploads\/2018\/10\/E.-E.-Orlando-Flores-debate-Pol\u00edtica-e-Democracia-4-768x556.jpg 768w\" sizes=\"(max-width: 1000px) 100vw, 1000px\" \/><\/a> <a href=\"https:\/\/anoticiaonline.com.br\/site\/wp-content\/uploads\/2018\/10\/E.-E.-Orlando-Flores-debate-Pol\u00edtica-e-Democracia-2.jpg\"><img decoding=\"async\" class=\"alignnone size-full wp-image-63614\" src=\"https:\/\/anoticiaonline.com.br\/site\/wp-content\/uploads\/2018\/10\/E.-E.-Orlando-Flores-debate-Pol\u00edtica-e-Democracia-2.jpg\" alt=\"\" width=\"1000\" height=\"667\" srcset=\"https:\/\/anoticiaonline.com.br\/site\/wp-content\/uploads\/2018\/10\/E.-E.-Orlando-Flores-debate-Pol\u00edtica-e-Democracia-2.jpg 1000w, https:\/\/anoticiaonline.com.br\/site\/wp-content\/uploads\/2018\/10\/E.-E.-Orlando-Flores-debate-Pol\u00edtica-e-Democracia-2-300x200.jpg 300w, https:\/\/anoticiaonline.com.br\/site\/wp-content\/uploads\/2018\/10\/E.-E.-Orlando-Flores-debate-Pol\u00edtica-e-Democracia-2-768x512.jpg 768w\" sizes=\"(max-width: 1000px) 100vw, 1000px\" \/><\/a> <a href=\"https:\/\/anoticiaonline.com.br\/site\/wp-content\/uploads\/2018\/10\/E.-E.-Orlando-Flores-debate-Pol\u00edtica-e-Democracia-3.jpg\"><img loading=\"lazy\" decoding=\"async\" class=\"alignnone size-full wp-image-63615\" src=\"https:\/\/anoticiaonline.com.br\/site\/wp-content\/uploads\/2018\/10\/E.-E.-Orlando-Flores-debate-Pol\u00edtica-e-Democracia-3.jpg\" alt=\"\" width=\"1000\" height=\"761\" srcset=\"https:\/\/anoticiaonline.com.br\/site\/wp-content\/uploads\/2018\/10\/E.-E.-Orlando-Flores-debate-Pol\u00edtica-e-Democracia-3.jpg 1000w, https:\/\/anoticiaonline.com.br\/site\/wp-content\/uploads\/2018\/10\/E.-E.-Orlando-Flores-debate-Pol\u00edtica-e-Democracia-3-300x228.jpg 300w, https:\/\/anoticiaonline.com.br\/site\/wp-content\/uploads\/2018\/10\/E.-E.-Orlando-Flores-debate-Pol\u00edtica-e-Democracia-3-768x584.jpg 768w, https:\/\/anoticiaonline.com.br\/site\/wp-content\/uploads\/2018\/10\/E.-E.-Orlando-Flores-debate-Pol\u00edtica-e-Democracia-3-105x80.jpg 105w\" sizes=\"(max-width: 1000px) 100vw, 1000px\" \/><\/a><\/p>\n","protected":false},"excerpt":{"rendered":"<p>Na manh\u00e3 de s\u00e1bado (20), a E. E. Engenheiro Orlando Flores, no Bairro Dornelas, abriu suas portas \u00e0 comunidade para debater o tema \u201cPol\u00edtica e Democracia\u201d. Com apresenta\u00e7\u00f5es culturais, exposi\u00e7\u00e3o de trabalhos, palestra e Momento C\u00edvico, o evento foi a culmin\u00e2ncia do projeto hom\u00f4nimo, coordenado pela professora de Geografia, Marl\u00facia Magalh\u00e3es Lima. \u201cO objetivo foi &#8230; <a title=\"E. E. Orlando Flores debate pol\u00edtica e democracia\" class=\"read-more\" href=\"https:\/\/anoticiaonline.com.br\/site\/e-e-orlando-flores-debate-politica-e-democracia\/\" aria-label=\"Read more about E. E. Orlando Flores debate pol\u00edtica e democracia\">Ler mais<\/a><\/p>\n","protected":false},"author":2,"featured_media":63611,"comment_status":"open","ping_status":"open","sticky":false,"template":"","format":"standard","meta":{"_acf_changed":false,"_monsterinsights_skip_tracking":false,"footnotes":""},"categories":[30,2893],"tags":[64,3308,587,74,352],"class_list":["post-63610","post","type-post","status-publish","format-standard","has-post-thumbnail","hentry","category-muriae","category-cotidiano","tag-cultura","tag-democracia","tag-escola","tag-muriae","tag-politica"],"acf":[],"aioseo_notices":[],"aioseo_head":"\n\t\t<!-- All in One SEO 5.0.0.1 - aioseo.com -->\n\t<meta name=\"description\" content=\"Na manh\u00e3 de s\u00e1bado (20), a E. E. Engenheiro Orlando Flores, no Bairro Dornelas, abriu suas portas \u00e0 comunidade para debater o tema \u201cPol\u00edtica e Democracia\u201d. Com apresenta\u00e7\u00f5es culturais, exposi\u00e7\u00e3o de trabalhos, palestra e Momento C\u00edvico, o evento foi a culmin\u00e2ncia do projeto hom\u00f4nimo, coordenado pela professora de Geografia, Marl\u00facia Magalh\u00e3es Lima. \u201cO objetivo foi\" \/>\n\t<meta name=\"robots\" content=\"max-image-preview:large\" \/>\n\t<meta name=\"author\" content=\"Juliana Laviola\"\/>\n\t<link rel=\"canonical\" href=\"https:\/\/anoticiaonline.com.br\/site\/e-e-orlando-flores-debate-politica-e-democracia\/\" \/>\n\t<meta name=\"generator\" content=\"All in One SEO (AIOSEO) 5.0.0.1\" \/>\n\t\t<meta property=\"og:locale\" content=\"pt_BR\" \/>\n\t\t<meta property=\"og:site_name\" content=\"A Not\u00edcia Online - Noticias de Muria\u00e9 e regi\u00e3o\" \/>\n\t\t<meta property=\"og:type\" content=\"article\" \/>\n\t\t<meta property=\"og:title\" content=\"E. E. Orlando Flores debate pol\u00edtica e democracia - A Not\u00edcia Online\" \/>\n\t\t<meta property=\"og:description\" content=\"Na manh\u00e3 de s\u00e1bado (20), a E. E. Engenheiro Orlando Flores, no Bairro Dornelas, abriu suas portas \u00e0 comunidade para debater o tema \u201cPol\u00edtica e Democracia\u201d. Com apresenta\u00e7\u00f5es culturais, exposi\u00e7\u00e3o de trabalhos, palestra e Momento C\u00edvico, o evento foi a culmin\u00e2ncia do projeto hom\u00f4nimo, coordenado pela professora de Geografia, Marl\u00facia Magalh\u00e3es Lima. \u201cO objetivo foi\" \/>\n\t\t<meta property=\"og:url\" content=\"https:\/\/anoticiaonline.com.br\/site\/e-e-orlando-flores-debate-politica-e-democracia\/\" \/>\n\t\t<meta property=\"og:image\" content=\"https:\/\/scontent-gig4-1.xx.fbcdn.net\/v\/t39.30808-1\/270437624_4564083193639691_6907940295614233970_n.jpg?stp=dst-jpg_s200x200_tt6&#038;_nc_cat=111&#038;ccb=1-7&#038;_nc_sid=f907e8&#038;_nc_ohc=SM1wRlP3lJwQ7kNvwEPuBYA&#038;_nc_oc=AdnqrjDN_BNjSSHWO-GbkIWH6fkGMLw4bqvL_NH6e2wMveX7G-rP2dAqsDSq1mJMOaY&#038;_nc_zt=24&#038;_nc_ht=scontent-gig4-1.xx&#038;_nc_gid=AoBFJeGrT1hVaew_6rchkQ&#038;oh=00_AfX7QmFGhQhG2jAllVgXCiM1ZrWgvtp80-Bfppyexh1QEg&#038;oe=689E923C\" \/>\n\t\t<meta property=\"og:image:secure_url\" content=\"https:\/\/scontent-gig4-1.xx.fbcdn.net\/v\/t39.30808-1\/270437624_4564083193639691_6907940295614233970_n.jpg?stp=dst-jpg_s200x200_tt6&#038;_nc_cat=111&#038;ccb=1-7&#038;_nc_sid=f907e8&#038;_nc_ohc=SM1wRlP3lJwQ7kNvwEPuBYA&#038;_nc_oc=AdnqrjDN_BNjSSHWO-GbkIWH6fkGMLw4bqvL_NH6e2wMveX7G-rP2dAqsDSq1mJMOaY&#038;_nc_zt=24&#038;_nc_ht=scontent-gig4-1.xx&#038;_nc_gid=AoBFJeGrT1hVaew_6rchkQ&#038;oh=00_AfX7QmFGhQhG2jAllVgXCiM1ZrWgvtp80-Bfppyexh1QEg&#038;oe=689E923C\" \/>\n\t\t<meta property=\"article:published_time\" content=\"2018-10-26T02:00:58+00:00\" \/>\n\t\t<meta property=\"article:modified_time\" content=\"2018-10-26T02:00:58+00:00\" \/>\n\t\t<meta name=\"twitter:card\" content=\"summary_large_image\" \/>\n\t\t<meta name=\"twitter:title\" content=\"E. E. Orlando Flores debate pol\u00edtica e democracia - A Not\u00edcia Online\" \/>\n\t\t<meta name=\"twitter:description\" content=\"Na manh\u00e3 de s\u00e1bado (20), a E. E. Engenheiro Orlando Flores, no Bairro Dornelas, abriu suas portas \u00e0 comunidade para debater o tema \u201cPol\u00edtica e Democracia\u201d. Com apresenta\u00e7\u00f5es culturais, exposi\u00e7\u00e3o de trabalhos, palestra e Momento C\u00edvico, o evento foi a culmin\u00e2ncia do projeto hom\u00f4nimo, coordenado pela professora de Geografia, Marl\u00facia Magalh\u00e3es Lima. \u201cO objetivo foi\" \/>\n\t\t<meta name=\"twitter:image\" content=\"https:\/\/scontent-gig4-1.xx.fbcdn.net\/v\/t39.30808-1\/270437624_4564083193639691_6907940295614233970_n.jpg?stp=dst-jpg_s200x200_tt6&amp;_nc_cat=111&amp;ccb=1-7&amp;_nc_sid=f907e8&amp;_nc_ohc=SM1wRlP3lJwQ7kNvwEPuBYA&amp;_nc_oc=AdnqrjDN_BNjSSHWO-GbkIWH6fkGMLw4bqvL_NH6e2wMveX7G-rP2dAqsDSq1mJMOaY&amp;_nc_zt=24&amp;_nc_ht=scontent-gig4-1.xx&amp;_nc_gid=AoBFJeGrT1hVaew_6rchkQ&amp;oh=00_AfX7QmFGhQhG2jAllVgXCiM1ZrWgvtp80-Bfppyexh1QEg&amp;oe=689E923C\" \/>\n\t\t<script type=\"application\/ld+json\" class=\"aioseo-schema\">\n\t\t\t{\"@context\":\"https:\\\/\\\/schema.org\",\"@graph\":[{\"@type\":\"BlogPosting\",\"@id\":\"https:\\\/\\\/anoticiaonline.com.br\\\/site\\\/e-e-orlando-flores-debate-politica-e-democracia\\\/#blogposting\",\"name\":\"E. E. Orlando Flores debate pol\\u00edtica e democracia - A Not\\u00edcia Online\",\"headline\":\"E. E. Orlando Flores debate pol\\u00edtica e democracia\",\"author\":{\"@id\":\"https:\\\/\\\/anoticiaonline.com.br\\\/site\\\/author\\\/juliana\\\/#author\"},\"publisher\":{\"@id\":\"https:\\\/\\\/anoticiaonline.com.br\\\/site\\\/#organization\"},\"image\":{\"@type\":\"ImageObject\",\"url\":\"https:\\\/\\\/anoticiaonline.com.br\\\/site\\\/wp-content\\\/uploads\\\/2018\\\/10\\\/E.-E.-Orlando-Flores-debate-Pol\\u00edtica-e-Democracia.jpg\",\"width\":1000,\"height\":635},\"datePublished\":\"2018-10-25T23:00:58-03:00\",\"dateModified\":\"2018-10-25T23:00:58-03:00\",\"inLanguage\":\"pt-BR\",\"mainEntityOfPage\":{\"@id\":\"https:\\\/\\\/anoticiaonline.com.br\\\/site\\\/e-e-orlando-flores-debate-politica-e-democracia\\\/#webpage\"},\"isPartOf\":{\"@id\":\"https:\\\/\\\/anoticiaonline.com.br\\\/site\\\/e-e-orlando-flores-debate-politica-e-democracia\\\/#webpage\"},\"articleSection\":\"Blog, Cotidiano, cultura, democracia, escola, Muria\\u00e9, pol\\u00edtica\"},{\"@type\":\"BreadcrumbList\",\"@id\":\"https:\\\/\\\/anoticiaonline.com.br\\\/site\\\/e-e-orlando-flores-debate-politica-e-democracia\\\/#breadcrumblist\",\"itemListElement\":[{\"@type\":\"ListItem\",\"@id\":\"https:\\\/\\\/anoticiaonline.com.br\\\/site#listItem\",\"position\":1,\"name\":\"Home\",\"item\":\"https:\\\/\\\/anoticiaonline.com.br\\\/site\",\"nextItem\":{\"@type\":\"ListItem\",\"@id\":\"https:\\\/\\\/anoticiaonline.com.br\\\/site\\\/categoria\\\/muriae\\\/#listItem\",\"name\":\"Blog\"}},{\"@type\":\"ListItem\",\"@id\":\"https:\\\/\\\/anoticiaonline.com.br\\\/site\\\/categoria\\\/muriae\\\/#listItem\",\"position\":2,\"name\":\"Blog\",\"item\":\"https:\\\/\\\/anoticiaonline.com.br\\\/site\\\/categoria\\\/muriae\\\/\",\"nextItem\":{\"@type\":\"ListItem\",\"@id\":\"https:\\\/\\\/anoticiaonline.com.br\\\/site\\\/categoria\\\/muriae\\\/cotidiano\\\/#listItem\",\"name\":\"Cotidiano\"},\"previousItem\":{\"@type\":\"ListItem\",\"@id\":\"https:\\\/\\\/anoticiaonline.com.br\\\/site#listItem\",\"name\":\"Home\"}},{\"@type\":\"ListItem\",\"@id\":\"https:\\\/\\\/anoticiaonline.com.br\\\/site\\\/categoria\\\/muriae\\\/cotidiano\\\/#listItem\",\"position\":3,\"name\":\"Cotidiano\",\"item\":\"https:\\\/\\\/anoticiaonline.com.br\\\/site\\\/categoria\\\/muriae\\\/cotidiano\\\/\",\"nextItem\":{\"@type\":\"ListItem\",\"@id\":\"https:\\\/\\\/anoticiaonline.com.br\\\/site\\\/e-e-orlando-flores-debate-politica-e-democracia\\\/#listItem\",\"name\":\"E. E. Orlando Flores debate pol\\u00edtica e democracia\"},\"previousItem\":{\"@type\":\"ListItem\",\"@id\":\"https:\\\/\\\/anoticiaonline.com.br\\\/site\\\/categoria\\\/muriae\\\/#listItem\",\"name\":\"Blog\"}},{\"@type\":\"ListItem\",\"@id\":\"https:\\\/\\\/anoticiaonline.com.br\\\/site\\\/e-e-orlando-flores-debate-politica-e-democracia\\\/#listItem\",\"position\":4,\"name\":\"E. E. Orlando Flores debate pol\\u00edtica e democracia\",\"previousItem\":{\"@type\":\"ListItem\",\"@id\":\"https:\\\/\\\/anoticiaonline.com.br\\\/site\\\/categoria\\\/muriae\\\/cotidiano\\\/#listItem\",\"name\":\"Cotidiano\"}}]},{\"@type\":\"Organization\",\"@id\":\"https:\\\/\\\/anoticiaonline.com.br\\\/site\\\/#organization\",\"name\":\"A Not\\u00edcia Online\",\"description\":\"Noticias de Muria\\u00e9 e regi\\u00e3o\",\"url\":\"https:\\\/\\\/anoticiaonline.com.br\\\/site\\\/\",\"logo\":{\"@type\":\"ImageObject\",\"url\":\"https:\\\/\\\/scontent-gig4-1.xx.fbcdn.net\\\/v\\\/t39.30808-1\\\/270437624_4564083193639691_6907940295614233970_n.jpg?stp=dst-jpg_s200x200_tt6&_nc_cat=111&ccb=1-7&_nc_sid=f907e8&_nc_ohc=SM1wRlP3lJwQ7kNvwEPuBYA&_nc_oc=AdnqrjDN_BNjSSHWO-GbkIWH6fkGMLw4bqvL_NH6e2wMveX7G-rP2dAqsDSq1mJMOaY&_nc_zt=24&_nc_ht=scontent-gig4-1.xx&_nc_gid=AoBFJeGrT1hVaew_6rchkQ&oh=00_AfX7QmFGhQhG2jAllVgXCiM1ZrWgvtp80-Bfppyexh1QEg&oe=689E923C\",\"@id\":\"https:\\\/\\\/anoticiaonline.com.br\\\/site\\\/e-e-orlando-flores-debate-politica-e-democracia\\\/#organizationLogo\"},\"image\":{\"@id\":\"https:\\\/\\\/anoticiaonline.com.br\\\/site\\\/e-e-orlando-flores-debate-politica-e-democracia\\\/#organizationLogo\"}},{\"@type\":\"Person\",\"@id\":\"https:\\\/\\\/anoticiaonline.com.br\\\/site\\\/author\\\/juliana\\\/#author\",\"url\":\"https:\\\/\\\/anoticiaonline.com.br\\\/site\\\/author\\\/juliana\\\/\",\"name\":\"Juliana Laviola\",\"image\":{\"@type\":\"ImageObject\",\"@id\":\"https:\\\/\\\/anoticiaonline.com.br\\\/site\\\/e-e-orlando-flores-debate-politica-e-democracia\\\/#authorImage\",\"url\":\"https:\\\/\\\/secure.gravatar.com\\\/avatar\\\/b8d45f5c699b100dfaf0e543582f38f38bf94cb7ae3a5e9abf8d891a34773335?s=96&d=mm&r=g\",\"width\":96,\"height\":96,\"caption\":\"Juliana Laviola\"}},{\"@type\":\"WebPage\",\"@id\":\"https:\\\/\\\/anoticiaonline.com.br\\\/site\\\/e-e-orlando-flores-debate-politica-e-democracia\\\/#webpage\",\"url\":\"https:\\\/\\\/anoticiaonline.com.br\\\/site\\\/e-e-orlando-flores-debate-politica-e-democracia\\\/\",\"name\":\"E. E. Orlando Flores debate pol\\u00edtica e democracia - A Not\\u00edcia Online\",\"description\":\"Na manh\\u00e3 de s\\u00e1bado (20), a E. E. Engenheiro Orlando Flores, no Bairro Dornelas, abriu suas portas \\u00e0 comunidade para debater o tema \\u201cPol\\u00edtica e Democracia\\u201d. Com apresenta\\u00e7\\u00f5es culturais, exposi\\u00e7\\u00e3o de trabalhos, palestra e Momento C\\u00edvico, o evento foi a culmin\\u00e2ncia do projeto hom\\u00f4nimo, coordenado pela professora de Geografia, Marl\\u00facia Magalh\\u00e3es Lima. \\u201cO objetivo foi\",\"inLanguage\":\"pt-BR\",\"isPartOf\":{\"@id\":\"https:\\\/\\\/anoticiaonline.com.br\\\/site\\\/#website\"},\"breadcrumb\":{\"@id\":\"https:\\\/\\\/anoticiaonline.com.br\\\/site\\\/e-e-orlando-flores-debate-politica-e-democracia\\\/#breadcrumblist\"},\"author\":{\"@id\":\"https:\\\/\\\/anoticiaonline.com.br\\\/site\\\/author\\\/juliana\\\/#author\"},\"creator\":{\"@id\":\"https:\\\/\\\/anoticiaonline.com.br\\\/site\\\/author\\\/juliana\\\/#author\"},\"image\":{\"@type\":\"ImageObject\",\"url\":\"https:\\\/\\\/anoticiaonline.com.br\\\/site\\\/wp-content\\\/uploads\\\/2018\\\/10\\\/E.-E.-Orlando-Flores-debate-Pol\\u00edtica-e-Democracia.jpg\",\"@id\":\"https:\\\/\\\/anoticiaonline.com.br\\\/site\\\/e-e-orlando-flores-debate-politica-e-democracia\\\/#mainImage\",\"width\":1000,\"height\":635},\"primaryImageOfPage\":{\"@id\":\"https:\\\/\\\/anoticiaonline.com.br\\\/site\\\/e-e-orlando-flores-debate-politica-e-democracia\\\/#mainImage\"},\"datePublished\":\"2018-10-25T23:00:58-03:00\",\"dateModified\":\"2018-10-25T23:00:58-03:00\"},{\"@type\":\"WebSite\",\"@id\":\"https:\\\/\\\/anoticiaonline.com.br\\\/site\\\/#website\",\"url\":\"https:\\\/\\\/anoticiaonline.com.br\\\/site\\\/\",\"name\":\"A Not\\u00edcia Online\",\"description\":\"Noticias de Muria\\u00e9 e regi\\u00e3o\",\"inLanguage\":\"pt-BR\",\"publisher\":{\"@id\":\"https:\\\/\\\/anoticiaonline.com.br\\\/site\\\/#organization\"}}]}\n\t\t<\/script>\n\t\t<!-- All in One SEO -->\n\n","aioseo_head_json":{"title":"E. E. Orlando Flores debate pol\u00edtica e democracia - A Not\u00edcia Online","description":"Na manh\u00e3 de s\u00e1bado (20), a E. E. Engenheiro Orlando Flores, no Bairro Dornelas, abriu suas portas \u00e0 comunidade para debater o tema \u201cPol\u00edtica e Democracia\u201d. Com apresenta\u00e7\u00f5es culturais, exposi\u00e7\u00e3o de trabalhos, palestra e Momento C\u00edvico, o evento foi a culmin\u00e2ncia do projeto hom\u00f4nimo, coordenado pela professora de Geografia, Marl\u00facia Magalh\u00e3es Lima. \u201cO objetivo foi","canonical_url":"https:\/\/anoticiaonline.com.br\/site\/e-e-orlando-flores-debate-politica-e-democracia\/","robots":"max-image-preview:large","keywords":"","webmasterTools":{"miscellaneous":""},"schema":{"@context":"https:\/\/schema.org","@graph":[{"@type":"BlogPosting","@id":"https:\/\/anoticiaonline.com.br\/site\/e-e-orlando-flores-debate-politica-e-democracia\/#blogposting","name":"E. E. Orlando Flores debate pol\u00edtica e democracia - A Not\u00edcia Online","headline":"E. E. Orlando Flores debate pol\u00edtica e democracia","author":{"@id":"https:\/\/anoticiaonline.com.br\/site\/author\/juliana\/#author"},"publisher":{"@id":"https:\/\/anoticiaonline.com.br\/site\/#organization"},"image":{"@type":"ImageObject","url":"https:\/\/anoticiaonline.com.br\/site\/wp-content\/uploads\/2018\/10\/E.-E.-Orlando-Flores-debate-Pol\u00edtica-e-Democracia.jpg","width":1000,"height":635},"datePublished":"2018-10-25T23:00:58-03:00","dateModified":"2018-10-25T23:00:58-03:00","inLanguage":"pt-BR","mainEntityOfPage":{"@id":"https:\/\/anoticiaonline.com.br\/site\/e-e-orlando-flores-debate-politica-e-democracia\/#webpage"},"isPartOf":{"@id":"https:\/\/anoticiaonline.com.br\/site\/e-e-orlando-flores-debate-politica-e-democracia\/#webpage"},"articleSection":"Blog, Cotidiano, cultura, democracia, escola, Muria\u00e9, pol\u00edtica"},{"@type":"BreadcrumbList","@id":"https:\/\/anoticiaonline.com.br\/site\/e-e-orlando-flores-debate-politica-e-democracia\/#breadcrumblist","itemListElement":[{"@type":"ListItem","@id":"https:\/\/anoticiaonline.com.br\/site#listItem","position":1,"name":"Home","item":"https:\/\/anoticiaonline.com.br\/site","nextItem":{"@type":"ListItem","@id":"https:\/\/anoticiaonline.com.br\/site\/categoria\/muriae\/#listItem","name":"Blog"}},{"@type":"ListItem","@id":"https:\/\/anoticiaonline.com.br\/site\/categoria\/muriae\/#listItem","position":2,"name":"Blog","item":"https:\/\/anoticiaonline.com.br\/site\/categoria\/muriae\/","nextItem":{"@type":"ListItem","@id":"https:\/\/anoticiaonline.com.br\/site\/categoria\/muriae\/cotidiano\/#listItem","name":"Cotidiano"},"previousItem":{"@type":"ListItem","@id":"https:\/\/anoticiaonline.com.br\/site#listItem","name":"Home"}},{"@type":"ListItem","@id":"https:\/\/anoticiaonline.com.br\/site\/categoria\/muriae\/cotidiano\/#listItem","position":3,"name":"Cotidiano","item":"https:\/\/anoticiaonline.com.br\/site\/categoria\/muriae\/cotidiano\/","nextItem":{"@type":"ListItem","@id":"https:\/\/anoticiaonline.com.br\/site\/e-e-orlando-flores-debate-politica-e-democracia\/#listItem","name":"E. E. Orlando Flores debate pol\u00edtica e democracia"},"previousItem":{"@type":"ListItem","@id":"https:\/\/anoticiaonline.com.br\/site\/categoria\/muriae\/#listItem","name":"Blog"}},{"@type":"ListItem","@id":"https:\/\/anoticiaonline.com.br\/site\/e-e-orlando-flores-debate-politica-e-democracia\/#listItem","position":4,"name":"E. E. Orlando Flores debate pol\u00edtica e democracia","previousItem":{"@type":"ListItem","@id":"https:\/\/anoticiaonline.com.br\/site\/categoria\/muriae\/cotidiano\/#listItem","name":"Cotidiano"}}]},{"@type":"Organization","@id":"https:\/\/anoticiaonline.com.br\/site\/#organization","name":"A Not\u00edcia Online","description":"Noticias de Muria\u00e9 e regi\u00e3o","url":"https:\/\/anoticiaonline.com.br\/site\/","logo":{"@type":"ImageObject","url":"https:\/\/scontent-gig4-1.xx.fbcdn.net\/v\/t39.30808-1\/270437624_4564083193639691_6907940295614233970_n.jpg?stp=dst-jpg_s200x200_tt6&_nc_cat=111&ccb=1-7&_nc_sid=f907e8&_nc_ohc=SM1wRlP3lJwQ7kNvwEPuBYA&_nc_oc=AdnqrjDN_BNjSSHWO-GbkIWH6fkGMLw4bqvL_NH6e2wMveX7G-rP2dAqsDSq1mJMOaY&_nc_zt=24&_nc_ht=scontent-gig4-1.xx&_nc_gid=AoBFJeGrT1hVaew_6rchkQ&oh=00_AfX7QmFGhQhG2jAllVgXCiM1ZrWgvtp80-Bfppyexh1QEg&oe=689E923C","@id":"https:\/\/anoticiaonline.com.br\/site\/e-e-orlando-flores-debate-politica-e-democracia\/#organizationLogo"},"image":{"@id":"https:\/\/anoticiaonline.com.br\/site\/e-e-orlando-flores-debate-politica-e-democracia\/#organizationLogo"}},{"@type":"Person","@id":"https:\/\/anoticiaonline.com.br\/site\/author\/juliana\/#author","url":"https:\/\/anoticiaonline.com.br\/site\/author\/juliana\/","name":"Juliana Laviola","image":{"@type":"ImageObject","@id":"https:\/\/anoticiaonline.com.br\/site\/e-e-orlando-flores-debate-politica-e-democracia\/#authorImage","url":"https:\/\/secure.gravatar.com\/avatar\/b8d45f5c699b100dfaf0e543582f38f38bf94cb7ae3a5e9abf8d891a34773335?s=96&d=mm&r=g","width":96,"height":96,"caption":"Juliana Laviola"}},{"@type":"WebPage","@id":"https:\/\/anoticiaonline.com.br\/site\/e-e-orlando-flores-debate-politica-e-democracia\/#webpage","url":"https:\/\/anoticiaonline.com.br\/site\/e-e-orlando-flores-debate-politica-e-democracia\/","name":"E. E. Orlando Flores debate pol\u00edtica e democracia - A Not\u00edcia Online","description":"Na manh\u00e3 de s\u00e1bado (20), a E. E. Engenheiro Orlando Flores, no Bairro Dornelas, abriu suas portas \u00e0 comunidade para debater o tema \u201cPol\u00edtica e Democracia\u201d. Com apresenta\u00e7\u00f5es culturais, exposi\u00e7\u00e3o de trabalhos, palestra e Momento C\u00edvico, o evento foi a culmin\u00e2ncia do projeto hom\u00f4nimo, coordenado pela professora de Geografia, Marl\u00facia Magalh\u00e3es Lima. \u201cO objetivo foi","inLanguage":"pt-BR","isPartOf":{"@id":"https:\/\/anoticiaonline.com.br\/site\/#website"},"breadcrumb":{"@id":"https:\/\/anoticiaonline.com.br\/site\/e-e-orlando-flores-debate-politica-e-democracia\/#breadcrumblist"},"author":{"@id":"https:\/\/anoticiaonline.com.br\/site\/author\/juliana\/#author"},"creator":{"@id":"https:\/\/anoticiaonline.com.br\/site\/author\/juliana\/#author"},"image":{"@type":"ImageObject","url":"https:\/\/anoticiaonline.com.br\/site\/wp-content\/uploads\/2018\/10\/E.-E.-Orlando-Flores-debate-Pol\u00edtica-e-Democracia.jpg","@id":"https:\/\/anoticiaonline.com.br\/site\/e-e-orlando-flores-debate-politica-e-democracia\/#mainImage","width":1000,"height":635},"primaryImageOfPage":{"@id":"https:\/\/anoticiaonline.com.br\/site\/e-e-orlando-flores-debate-politica-e-democracia\/#mainImage"},"datePublished":"2018-10-25T23:00:58-03:00","dateModified":"2018-10-25T23:00:58-03:00"},{"@type":"WebSite","@id":"https:\/\/anoticiaonline.com.br\/site\/#website","url":"https:\/\/anoticiaonline.com.br\/site\/","name":"A Not\u00edcia Online","description":"Noticias de Muria\u00e9 e regi\u00e3o","inLanguage":"pt-BR","publisher":{"@id":"https:\/\/anoticiaonline.com.br\/site\/#organization"}}]},"og:locale":"pt_BR","og:site_name":"A Not\u00edcia Online - Noticias de Muria\u00e9 e regi\u00e3o","og:type":"article","og:title":"E. E. Orlando Flores debate pol\u00edtica e democracia - A Not\u00edcia Online","og:description":"Na manh\u00e3 de s\u00e1bado (20), a E. E. Engenheiro Orlando Flores, no Bairro Dornelas, abriu suas portas \u00e0 comunidade para debater o tema \u201cPol\u00edtica e Democracia\u201d. Com apresenta\u00e7\u00f5es culturais, exposi\u00e7\u00e3o de trabalhos, palestra e Momento C\u00edvico, o evento foi a culmin\u00e2ncia do projeto hom\u00f4nimo, coordenado pela professora de Geografia, Marl\u00facia Magalh\u00e3es Lima. \u201cO objetivo foi","og:url":"https:\/\/anoticiaonline.com.br\/site\/e-e-orlando-flores-debate-politica-e-democracia\/","og:image":"https:\/\/scontent-gig4-1.xx.fbcdn.net\/v\/t39.30808-1\/270437624_4564083193639691_6907940295614233970_n.jpg?stp=dst-jpg_s200x200_tt6&#038;_nc_cat=111&#038;ccb=1-7&#038;_nc_sid=f907e8&#038;_nc_ohc=SM1wRlP3lJwQ7kNvwEPuBYA&#038;_nc_oc=AdnqrjDN_BNjSSHWO-GbkIWH6fkGMLw4bqvL_NH6e2wMveX7G-rP2dAqsDSq1mJMOaY&#038;_nc_zt=24&#038;_nc_ht=scontent-gig4-1.xx&#038;_nc_gid=AoBFJeGrT1hVaew_6rchkQ&#038;oh=00_AfX7QmFGhQhG2jAllVgXCiM1ZrWgvtp80-Bfppyexh1QEg&#038;oe=689E923C","og:image:secure_url":"https:\/\/scontent-gig4-1.xx.fbcdn.net\/v\/t39.30808-1\/270437624_4564083193639691_6907940295614233970_n.jpg?stp=dst-jpg_s200x200_tt6&#038;_nc_cat=111&#038;ccb=1-7&#038;_nc_sid=f907e8&#038;_nc_ohc=SM1wRlP3lJwQ7kNvwEPuBYA&#038;_nc_oc=AdnqrjDN_BNjSSHWO-GbkIWH6fkGMLw4bqvL_NH6e2wMveX7G-rP2dAqsDSq1mJMOaY&#038;_nc_zt=24&#038;_nc_ht=scontent-gig4-1.xx&#038;_nc_gid=AoBFJeGrT1hVaew_6rchkQ&#038;oh=00_AfX7QmFGhQhG2jAllVgXCiM1ZrWgvtp80-Bfppyexh1QEg&#038;oe=689E923C","article:published_time":"2018-10-26T02:00:58+00:00","article:modified_time":"2018-10-26T02:00:58+00:00","twitter:card":"summary_large_image","twitter:title":"E. E. Orlando Flores debate pol\u00edtica e democracia - A Not\u00edcia Online","twitter:description":"Na manh\u00e3 de s\u00e1bado (20), a E. E. Engenheiro Orlando Flores, no Bairro Dornelas, abriu suas portas \u00e0 comunidade para debater o tema \u201cPol\u00edtica e Democracia\u201d. Com apresenta\u00e7\u00f5es culturais, exposi\u00e7\u00e3o de trabalhos, palestra e Momento C\u00edvico, o evento foi a culmin\u00e2ncia do projeto hom\u00f4nimo, coordenado pela professora de Geografia, Marl\u00facia Magalh\u00e3es Lima. \u201cO objetivo foi","twitter:image":"https:\/\/scontent-gig4-1.xx.fbcdn.net\/v\/t39.30808-1\/270437624_4564083193639691_6907940295614233970_n.jpg?stp=dst-jpg_s200x200_tt6&_nc_cat=111&ccb=1-7&_nc_sid=f907e8&_nc_ohc=SM1wRlP3lJwQ7kNvwEPuBYA&_nc_oc=AdnqrjDN_BNjSSHWO-GbkIWH6fkGMLw4bqvL_NH6e2wMveX7G-rP2dAqsDSq1mJMOaY&_nc_zt=24&_nc_ht=scontent-gig4-1.xx&_nc_gid=AoBFJeGrT1hVaew_6rchkQ&oh=00_AfX7QmFGhQhG2jAllVgXCiM1ZrWgvtp80-Bfppyexh1QEg&oe=689E923C"},"aioseo_meta_data":{"post_id":"63610","title":null,"description":null,"keywords":null,"keyphrases":null,"primary_term":null,"canonical_url":null,"og_title":null,"og_description":null,"og_object_type":"default","og_image_type":"default","og_image_url":null,"og_image_width":null,"og_image_height":null,"og_image_custom_url":null,"og_image_custom_fields":null,"og_video":null,"og_custom_url":null,"og_article_section":null,"og_article_tags":null,"twitter_use_og":false,"twitter_card":"default","twitter_image_type":"default","twitter_image_url":null,"twitter_image_custom_url":null,"twitter_image_custom_fields":null,"twitter_title":null,"twitter_description":null,"schema":{"blockGraphs":[],"customGraphs":[],"default":{"data":{"Article":[],"Course":[],"Dataset":[],"FAQPage":[],"Movie":[],"Person":[],"Product":[],"ProductReview":[],"Car":[],"Recipe":[],"Service":[],"SoftwareApplication":[],"WebPage":[]},"graphName":"","isEnabled":true},"graphs":[]},"schema_type":"default","schema_type_options":null,"pillar_content":false,"robots_default":true,"robots_noindex":false,"robots_noarchive":false,"robots_nosnippet":false,"robots_nofollow":false,"robots_noimageindex":false,"robots_noodp":false,"robots_notranslate":false,"robots_max_snippet":null,"robots_max_videopreview":null,"robots_max_imagepreview":"large","priority":null,"frequency":null,"local_seo":null,"breadcrumb_settings":null,"limit_modified_date":false,"ai":null,"created":"2025-08-16 21:57:25","updated":"2025-08-16 21:57:25","focus_keyword":null,"additional_keywords":null,"truseo_locale":null,"seo_analyzer_scan_date":null},"aioseo_breadcrumb":"<div class=\"aioseo-breadcrumbs\"><span class=\"aioseo-breadcrumb\">\n\t\t\t<a href=\"https:\/\/anoticiaonline.com.br\/site\" title=\"Home\">Home<\/a>\n\t\t<\/span><span class=\"aioseo-breadcrumb-separator\">&raquo;<\/span><span class=\"aioseo-breadcrumb\">\n\t\t\t<a href=\"https:\/\/anoticiaonline.com.br\/site\/categoria\/muriae\/\" title=\"Blog\">Blog<\/a>\n\t\t<\/span><span class=\"aioseo-breadcrumb-separator\">&raquo;<\/span><span class=\"aioseo-breadcrumb\">\n\t\t\t<a href=\"https:\/\/anoticiaonline.com.br\/site\/categoria\/muriae\/cotidiano\/\" title=\"Cotidiano\">Cotidiano<\/a>\n\t\t<\/span><span class=\"aioseo-breadcrumb-separator\">&raquo;<\/span><span class=\"aioseo-breadcrumb\">\n\t\t\tE. E. Orlando Flores debate pol\u00edtica e democracia\n\t\t<\/span><\/div>","aioseo_breadcrumb_json":[{"label":"Home","link":"https:\/\/anoticiaonline.com.br\/site"},{"label":"Blog","link":"https:\/\/anoticiaonline.com.br\/site\/categoria\/muriae\/"},{"label":"Cotidiano","link":"https:\/\/anoticiaonline.com.br\/site\/categoria\/muriae\/cotidiano\/"},{"label":"E. E. Orlando Flores debate pol\u00edtica e democracia","link":"https:\/\/anoticiaonline.com.br\/site\/e-e-orlando-flores-debate-politica-e-democracia\/"}],"views":176,"_links":{"self":[{"href":"https:\/\/anoticiaonline.com.br\/site\/wp-json\/wp\/v2\/posts\/63610","targetHints":{"allow":["GET"]}}],"collection":[{"href":"https:\/\/anoticiaonline.com.br\/site\/wp-json\/wp\/v2\/posts"}],"about":[{"href":"https:\/\/anoticiaonline.com.br\/site\/wp-json\/wp\/v2\/types\/post"}],"author":[{"embeddable":true,"href":"https:\/\/anoticiaonline.com.br\/site\/wp-json\/wp\/v2\/users\/2"}],"replies":[{"embeddable":true,"href":"https:\/\/anoticiaonline.com.br\/site\/wp-json\/wp\/v2\/comments?post=63610"}],"version-history":[{"count":0,"href":"https:\/\/anoticiaonline.com.br\/site\/wp-json\/wp\/v2\/posts\/63610\/revisions"}],"wp:featuredmedia":[{"embeddable":true,"href":"https:\/\/anoticiaonline.com.br\/site\/wp-json\/wp\/v2\/media\/63611"}],"wp:attachment":[{"href":"https:\/\/anoticiaonline.com.br\/site\/wp-json\/wp\/v2\/media?parent=63610"}],"wp:term":[{"taxonomy":"category","embeddable":true,"href":"https:\/\/anoticiaonline.com.br\/site\/wp-json\/wp\/v2\/categories?post=63610"},{"taxonomy":"post_tag","embeddable":true,"href":"https:\/\/anoticiaonline.com.br\/site\/wp-json\/wp\/v2\/tags?post=63610"}],"curies":[{"name":"wp","href":"https:\/\/api.w.org\/{rel}","templated":true}]}}