{"id":63545,"date":"2018-10-25T21:56:15","date_gmt":"2018-10-26T00:56:15","guid":{"rendered":"http:\/\/anoticiaonline.com.br\/site\/?p=63545"},"modified":"2018-10-25T21:56:37","modified_gmt":"2018-10-26T00:56:37","slug":"cafe-produzido-em-sao-francisco-do-gloria-e-campeao-na-categoria-natural-terras-baixas-no-xvii-concurso-regional-de-qualidade-dos-cafes-das-matas-de-minas","status":"publish","type":"post","link":"https:\/\/anoticiaonline.com.br\/site\/cafe-produzido-em-sao-francisco-do-gloria-e-campeao-na-categoria-natural-terras-baixas-no-xvii-concurso-regional-de-qualidade-dos-cafes-das-matas-de-minas\/","title":{"rendered":"Caf\u00e9 produzido em S\u00e3o Francisco do Gl\u00f3ria \u00e9 campe\u00e3o na categoria Natural Terras Baixas no XVII Concurso Regional de Qualidade dos Caf\u00e9s das Matas de Minas"},"content":{"rendered":"<p><a href=\"https:\/\/anoticiaonline.com.br\/site\/wp-content\/uploads\/2018\/10\/DSC_0133.jpg\"><img fetchpriority=\"high\" decoding=\"async\" class=\"aligncenter size-full wp-image-63547\" src=\"https:\/\/anoticiaonline.com.br\/site\/wp-content\/uploads\/2018\/10\/DSC_0133.jpg\" alt=\"\" width=\"1000\" height=\"668\" srcset=\"https:\/\/anoticiaonline.com.br\/site\/wp-content\/uploads\/2018\/10\/DSC_0133.jpg 1000w, https:\/\/anoticiaonline.com.br\/site\/wp-content\/uploads\/2018\/10\/DSC_0133-300x200.jpg 300w, https:\/\/anoticiaonline.com.br\/site\/wp-content\/uploads\/2018\/10\/DSC_0133-768x513.jpg 768w\" sizes=\"(max-width: 1000px) 100vw, 1000px\" \/><\/a> <a href=\"https:\/\/anoticiaonline.com.br\/site\/wp-content\/uploads\/2018\/10\/DSC_0143-1.jpg\"><img decoding=\"async\" class=\"aligncenter size-full wp-image-63548\" src=\"https:\/\/anoticiaonline.com.br\/site\/wp-content\/uploads\/2018\/10\/DSC_0143-1.jpg\" alt=\"\" width=\"1000\" height=\"668\" srcset=\"https:\/\/anoticiaonline.com.br\/site\/wp-content\/uploads\/2018\/10\/DSC_0143-1.jpg 1000w, https:\/\/anoticiaonline.com.br\/site\/wp-content\/uploads\/2018\/10\/DSC_0143-1-300x200.jpg 300w, https:\/\/anoticiaonline.com.br\/site\/wp-content\/uploads\/2018\/10\/DSC_0143-1-768x513.jpg 768w\" sizes=\"(max-width: 1000px) 100vw, 1000px\" \/><\/a> <a href=\"https:\/\/anoticiaonline.com.br\/site\/wp-content\/uploads\/2018\/10\/DSC_0145.jpg\"><img decoding=\"async\" class=\"aligncenter size-full wp-image-63549\" src=\"https:\/\/anoticiaonline.com.br\/site\/wp-content\/uploads\/2018\/10\/DSC_0145.jpg\" alt=\"\" width=\"1000\" height=\"668\" srcset=\"https:\/\/anoticiaonline.com.br\/site\/wp-content\/uploads\/2018\/10\/DSC_0145.jpg 1000w, https:\/\/anoticiaonline.com.br\/site\/wp-content\/uploads\/2018\/10\/DSC_0145-300x200.jpg 300w, https:\/\/anoticiaonline.com.br\/site\/wp-content\/uploads\/2018\/10\/DSC_0145-768x513.jpg 768w\" sizes=\"(max-width: 1000px) 100vw, 1000px\" \/><\/a><a href=\"https:\/\/anoticiaonline.com.br\/site\/wp-content\/uploads\/2018\/10\/DSC_0161-1.jpg\"><img loading=\"lazy\" decoding=\"async\" class=\"aligncenter size-full wp-image-63553\" src=\"https:\/\/anoticiaonline.com.br\/site\/wp-content\/uploads\/2018\/10\/DSC_0161-1.jpg\" alt=\"\" width=\"1000\" height=\"668\" srcset=\"https:\/\/anoticiaonline.com.br\/site\/wp-content\/uploads\/2018\/10\/DSC_0161-1.jpg 1000w, https:\/\/anoticiaonline.com.br\/site\/wp-content\/uploads\/2018\/10\/DSC_0161-1-300x200.jpg 300w, https:\/\/anoticiaonline.com.br\/site\/wp-content\/uploads\/2018\/10\/DSC_0161-1-768x513.jpg 768w\" sizes=\"(max-width: 1000px) 100vw, 1000px\" \/><\/a>No dia 18 de outubro, foi realizada a cerim\u00f4nia solene do XVII Concurso Regional de Qualidade dos Caf\u00e9s das Matas de Minas. Na ocasi\u00e3o, foram selecionados os melhores caf\u00e9s da regi\u00e3o Regional Muria\u00e9 nas categorias: Natural Terras Baixas, Natural Terras Altas e Cereja Descascado.<\/p>\n<p>A cidade de S\u00e3o Francisco do Gl\u00f3ria ficou com os tr\u00eas primeiros lugares da categoria Natural Terras Baixas, com os produtores: Walace Ferreira Pedrosa, Rosana Borges Miranda Pedrosa e Ademar Laviola, respectivamente.<\/p>\n<p>Walace Ferreira Pedrosa ficou orgulho pela conquista. \u00a0\u201cFoi fruto de um trabalho s\u00e9rio e de muito esfor\u00e7o. Dedico este pr\u00eamio ao meu pai, F\u00e1bio Ferreira Pedrosa, que foi respons\u00e1vel pelo desenvolvimento da cafeicultura em nossa regi\u00e3o e tamb\u00e9m aos meus familiares, em especial, minha esposa e filhos. Agrade\u00e7o a Deus por essa conquista e parabenizo a todos da EMATER-MG pela realiza\u00e7\u00e3o do evento que vem revelando caf\u00e9s de alt\u00edssima qualidade em nossa regi\u00e3o. Parabenizo tamb\u00e9m todos os produtores que participaram e todos aqueles que foram classificados nas demais categorias\u201d.<\/p>\n<p><a href=\"https:\/\/anoticiaonline.com.br\/site\/wp-content\/uploads\/2018\/10\/DSC_0154.jpg\"><img loading=\"lazy\" decoding=\"async\" class=\"aligncenter size-full wp-image-63552\" src=\"https:\/\/anoticiaonline.com.br\/site\/wp-content\/uploads\/2018\/10\/DSC_0154.jpg\" alt=\"\" width=\"1000\" height=\"668\" srcset=\"https:\/\/anoticiaonline.com.br\/site\/wp-content\/uploads\/2018\/10\/DSC_0154.jpg 1000w, https:\/\/anoticiaonline.com.br\/site\/wp-content\/uploads\/2018\/10\/DSC_0154-300x200.jpg 300w, https:\/\/anoticiaonline.com.br\/site\/wp-content\/uploads\/2018\/10\/DSC_0154-768x513.jpg 768w\" sizes=\"(max-width: 1000px) 100vw, 1000px\" \/><\/a><\/p>\n<p><a href=\"https:\/\/anoticiaonline.com.br\/site\/wp-content\/uploads\/2018\/10\/DSC_0150.jpg\"><img loading=\"lazy\" decoding=\"async\" class=\"aligncenter size-full wp-image-63550\" src=\"https:\/\/anoticiaonline.com.br\/site\/wp-content\/uploads\/2018\/10\/DSC_0150.jpg\" alt=\"\" width=\"1000\" height=\"642\" srcset=\"https:\/\/anoticiaonline.com.br\/site\/wp-content\/uploads\/2018\/10\/DSC_0150.jpg 1000w, https:\/\/anoticiaonline.com.br\/site\/wp-content\/uploads\/2018\/10\/DSC_0150-300x193.jpg 300w, https:\/\/anoticiaonline.com.br\/site\/wp-content\/uploads\/2018\/10\/DSC_0150-768x493.jpg 768w\" sizes=\"(max-width: 1000px) 100vw, 1000px\" \/><\/a><\/p>\n<p><a href=\"https:\/\/anoticiaonline.com.br\/site\/wp-content\/uploads\/2018\/10\/DSC_0163-1.jpg\"><img loading=\"lazy\" decoding=\"async\" class=\"aligncenter size-full wp-image-63554\" src=\"https:\/\/anoticiaonline.com.br\/site\/wp-content\/uploads\/2018\/10\/DSC_0163-1.jpg\" alt=\"\" width=\"1000\" height=\"668\" srcset=\"https:\/\/anoticiaonline.com.br\/site\/wp-content\/uploads\/2018\/10\/DSC_0163-1.jpg 1000w, https:\/\/anoticiaonline.com.br\/site\/wp-content\/uploads\/2018\/10\/DSC_0163-1-300x200.jpg 300w, https:\/\/anoticiaonline.com.br\/site\/wp-content\/uploads\/2018\/10\/DSC_0163-1-768x513.jpg 768w\" sizes=\"(max-width: 1000px) 100vw, 1000px\" \/><\/a><\/p>\n","protected":false},"excerpt":{"rendered":"<p>No dia 18 de outubro, foi realizada a cerim\u00f4nia solene do XVII Concurso Regional de Qualidade dos Caf\u00e9s das Matas de Minas. Na ocasi\u00e3o, foram selecionados os melhores caf\u00e9s da regi\u00e3o Regional Muria\u00e9 nas categorias: Natural Terras Baixas, Natural Terras Altas e Cereja Descascado. A cidade de S\u00e3o Francisco do Gl\u00f3ria ficou com os tr\u00eas &#8230; <a title=\"Caf\u00e9 produzido em S\u00e3o Francisco do Gl\u00f3ria \u00e9 campe\u00e3o na categoria Natural Terras Baixas no XVII Concurso Regional de Qualidade dos Caf\u00e9s das Matas de Minas\" class=\"read-more\" href=\"https:\/\/anoticiaonline.com.br\/site\/cafe-produzido-em-sao-francisco-do-gloria-e-campeao-na-categoria-natural-terras-baixas-no-xvii-concurso-regional-de-qualidade-dos-cafes-das-matas-de-minas\/\" aria-label=\"Read more about Caf\u00e9 produzido em S\u00e3o Francisco do Gl\u00f3ria \u00e9 campe\u00e3o na categoria Natural Terras Baixas no XVII Concurso Regional de Qualidade dos Caf\u00e9s das Matas de Minas\">Ler mais<\/a><\/p>\n","protected":false},"author":2,"featured_media":63549,"comment_status":"open","ping_status":"open","sticky":false,"template":"","format":"standard","meta":{"_acf_changed":false,"_monsterinsights_skip_tracking":false,"footnotes":""},"categories":[1],"tags":[3291,3293,3295,3294,226,1356,3292],"class_list":["post-63545","post","type-post","status-publish","format-standard","has-post-thumbnail","hentry","category-gerais","tag-cafe-natural-terras-baixas4","tag-concurso-regional-de-qualidade-dos-cafes-das-matas-de-minas","tag-rosana-borges-miranda-pedrosa","tag-rosana-borges-miranda-pedrosawalace-ferreira-pedrosa","tag-sao-francisco-do-gloria","tag-walace-ferreira-pedrosa","tag-xvii-concurso-regional-de-qualidade-dos-cafes-das-matas-de-minas"],"acf":[],"aioseo_notices":[],"aioseo_head":"\n\t\t<!-- All in One SEO 5.0.0.1 - aioseo.com -->\n\t<meta name=\"description\" content=\"No dia 18 de outubro, foi realizada a cerim\u00f4nia solene do XVII Concurso Regional de Qualidade dos Caf\u00e9s das Matas de Minas. Na ocasi\u00e3o, foram selecionados os melhores caf\u00e9s da regi\u00e3o Regional Muria\u00e9 nas categorias: Natural Terras Baixas, Natural Terras Altas e Cereja Descascado. A cidade de S\u00e3o Francisco do Gl\u00f3ria ficou com os tr\u00eas\" \/>\n\t<meta name=\"robots\" content=\"max-image-preview:large\" \/>\n\t<meta name=\"author\" content=\"Juliana Laviola\"\/>\n\t<link rel=\"canonical\" href=\"https:\/\/anoticiaonline.com.br\/site\/cafe-produzido-em-sao-francisco-do-gloria-e-campeao-na-categoria-natural-terras-baixas-no-xvii-concurso-regional-de-qualidade-dos-cafes-das-matas-de-minas\/\" \/>\n\t<meta name=\"generator\" content=\"All in One SEO (AIOSEO) 5.0.0.1\" \/>\n\t\t<meta property=\"og:locale\" content=\"pt_BR\" \/>\n\t\t<meta property=\"og:site_name\" content=\"A Not\u00edcia Online - Noticias de Muria\u00e9 e regi\u00e3o\" \/>\n\t\t<meta property=\"og:type\" content=\"article\" \/>\n\t\t<meta property=\"og:title\" content=\"Caf\u00e9 produzido em S\u00e3o Francisco do Gl\u00f3ria \u00e9 campe\u00e3o na categoria Natural Terras Baixas no XVII Concurso Regional de Qualidade dos Caf\u00e9s das Matas de Minas - A Not\u00edcia Online\" \/>\n\t\t<meta property=\"og:description\" content=\"No dia 18 de outubro, foi realizada a cerim\u00f4nia solene do XVII Concurso Regional de Qualidade dos Caf\u00e9s das Matas de Minas. Na ocasi\u00e3o, foram selecionados os melhores caf\u00e9s da regi\u00e3o Regional Muria\u00e9 nas categorias: Natural Terras Baixas, Natural Terras Altas e Cereja Descascado. A cidade de S\u00e3o Francisco do Gl\u00f3ria ficou com os tr\u00eas\" \/>\n\t\t<meta property=\"og:url\" content=\"https:\/\/anoticiaonline.com.br\/site\/cafe-produzido-em-sao-francisco-do-gloria-e-campeao-na-categoria-natural-terras-baixas-no-xvii-concurso-regional-de-qualidade-dos-cafes-das-matas-de-minas\/\" \/>\n\t\t<meta property=\"og:image\" content=\"https:\/\/scontent-gig4-1.xx.fbcdn.net\/v\/t39.30808-1\/270437624_4564083193639691_6907940295614233970_n.jpg?stp=dst-jpg_s200x200_tt6&#038;_nc_cat=111&#038;ccb=1-7&#038;_nc_sid=f907e8&#038;_nc_ohc=SM1wRlP3lJwQ7kNvwEPuBYA&#038;_nc_oc=AdnqrjDN_BNjSSHWO-GbkIWH6fkGMLw4bqvL_NH6e2wMveX7G-rP2dAqsDSq1mJMOaY&#038;_nc_zt=24&#038;_nc_ht=scontent-gig4-1.xx&#038;_nc_gid=AoBFJeGrT1hVaew_6rchkQ&#038;oh=00_AfX7QmFGhQhG2jAllVgXCiM1ZrWgvtp80-Bfppyexh1QEg&#038;oe=689E923C\" \/>\n\t\t<meta property=\"og:image:secure_url\" content=\"https:\/\/scontent-gig4-1.xx.fbcdn.net\/v\/t39.30808-1\/270437624_4564083193639691_6907940295614233970_n.jpg?stp=dst-jpg_s200x200_tt6&#038;_nc_cat=111&#038;ccb=1-7&#038;_nc_sid=f907e8&#038;_nc_ohc=SM1wRlP3lJwQ7kNvwEPuBYA&#038;_nc_oc=AdnqrjDN_BNjSSHWO-GbkIWH6fkGMLw4bqvL_NH6e2wMveX7G-rP2dAqsDSq1mJMOaY&#038;_nc_zt=24&#038;_nc_ht=scontent-gig4-1.xx&#038;_nc_gid=AoBFJeGrT1hVaew_6rchkQ&#038;oh=00_AfX7QmFGhQhG2jAllVgXCiM1ZrWgvtp80-Bfppyexh1QEg&#038;oe=689E923C\" \/>\n\t\t<meta property=\"article:published_time\" content=\"2018-10-26T00:56:15+00:00\" \/>\n\t\t<meta property=\"article:modified_time\" content=\"2018-10-26T00:56:37+00:00\" \/>\n\t\t<meta name=\"twitter:card\" content=\"summary_large_image\" \/>\n\t\t<meta name=\"twitter:title\" content=\"Caf\u00e9 produzido em S\u00e3o Francisco do Gl\u00f3ria \u00e9 campe\u00e3o na categoria Natural Terras Baixas no XVII Concurso Regional de Qualidade dos Caf\u00e9s das Matas de Minas - A Not\u00edcia Online\" \/>\n\t\t<meta name=\"twitter:description\" content=\"No dia 18 de outubro, foi realizada a cerim\u00f4nia solene do XVII Concurso Regional de Qualidade dos Caf\u00e9s das Matas de Minas. Na ocasi\u00e3o, foram selecionados os melhores caf\u00e9s da regi\u00e3o Regional Muria\u00e9 nas categorias: Natural Terras Baixas, Natural Terras Altas e Cereja Descascado. A cidade de S\u00e3o Francisco do Gl\u00f3ria ficou com os tr\u00eas\" \/>\n\t\t<meta name=\"twitter:image\" content=\"https:\/\/scontent-gig4-1.xx.fbcdn.net\/v\/t39.30808-1\/270437624_4564083193639691_6907940295614233970_n.jpg?stp=dst-jpg_s200x200_tt6&amp;_nc_cat=111&amp;ccb=1-7&amp;_nc_sid=f907e8&amp;_nc_ohc=SM1wRlP3lJwQ7kNvwEPuBYA&amp;_nc_oc=AdnqrjDN_BNjSSHWO-GbkIWH6fkGMLw4bqvL_NH6e2wMveX7G-rP2dAqsDSq1mJMOaY&amp;_nc_zt=24&amp;_nc_ht=scontent-gig4-1.xx&amp;_nc_gid=AoBFJeGrT1hVaew_6rchkQ&amp;oh=00_AfX7QmFGhQhG2jAllVgXCiM1ZrWgvtp80-Bfppyexh1QEg&amp;oe=689E923C\" \/>\n\t\t<script type=\"application\/ld+json\" class=\"aioseo-schema\">\n\t\t\t{\"@context\":\"https:\\\/\\\/schema.org\",\"@graph\":[{\"@type\":\"BlogPosting\",\"@id\":\"https:\\\/\\\/anoticiaonline.com.br\\\/site\\\/cafe-produzido-em-sao-francisco-do-gloria-e-campeao-na-categoria-natural-terras-baixas-no-xvii-concurso-regional-de-qualidade-dos-cafes-das-matas-de-minas\\\/#blogposting\",\"name\":\"Caf\\u00e9 produzido em S\\u00e3o Francisco do Gl\\u00f3ria \\u00e9 campe\\u00e3o na categoria Natural Terras Baixas no XVII Concurso Regional de Qualidade dos Caf\\u00e9s das Matas de Minas - A Not\\u00edcia Online\",\"headline\":\"Caf\\u00e9 produzido em S\\u00e3o Francisco do Gl\\u00f3ria \\u00e9 campe\\u00e3o na categoria Natural Terras Baixas no XVII Concurso Regional de Qualidade dos Caf\\u00e9s das Matas de Minas\",\"author\":{\"@id\":\"https:\\\/\\\/anoticiaonline.com.br\\\/site\\\/author\\\/juliana\\\/#author\"},\"publisher\":{\"@id\":\"https:\\\/\\\/anoticiaonline.com.br\\\/site\\\/#organization\"},\"image\":{\"@type\":\"ImageObject\",\"url\":\"https:\\\/\\\/anoticiaonline.com.br\\\/site\\\/wp-content\\\/uploads\\\/2018\\\/10\\\/DSC_0145.jpg\",\"width\":1000,\"height\":668},\"datePublished\":\"2018-10-25T21:56:15-03:00\",\"dateModified\":\"2018-10-25T21:56:37-03:00\",\"inLanguage\":\"pt-BR\",\"mainEntityOfPage\":{\"@id\":\"https:\\\/\\\/anoticiaonline.com.br\\\/site\\\/cafe-produzido-em-sao-francisco-do-gloria-e-campeao-na-categoria-natural-terras-baixas-no-xvii-concurso-regional-de-qualidade-dos-cafes-das-matas-de-minas\\\/#webpage\"},\"isPartOf\":{\"@id\":\"https:\\\/\\\/anoticiaonline.com.br\\\/site\\\/cafe-produzido-em-sao-francisco-do-gloria-e-campeao-na-categoria-natural-terras-baixas-no-xvii-concurso-regional-de-qualidade-dos-cafes-das-matas-de-minas\\\/#webpage\"},\"articleSection\":\"Gerais, Caf\\u00e9 Natural Terras Baixas4, Concurso Regional de Qualidade dos Caf\\u00e9s das Matas de Minas, Rosana Borges Miranda Pedrosa, Rosana Borges Miranda PedrosaWalace Ferreira Pedrosa, s\\u00e3o francisco do gl\\u00f3ria, Walace Ferreira Pedrosa, XVII Concurso Regional de Qualidade dos Caf\\u00e9s das Matas de Minas\"},{\"@type\":\"BreadcrumbList\",\"@id\":\"https:\\\/\\\/anoticiaonline.com.br\\\/site\\\/cafe-produzido-em-sao-francisco-do-gloria-e-campeao-na-categoria-natural-terras-baixas-no-xvii-concurso-regional-de-qualidade-dos-cafes-das-matas-de-minas\\\/#breadcrumblist\",\"itemListElement\":[{\"@type\":\"ListItem\",\"@id\":\"https:\\\/\\\/anoticiaonline.com.br\\\/site#listItem\",\"position\":1,\"name\":\"Home\",\"item\":\"https:\\\/\\\/anoticiaonline.com.br\\\/site\",\"nextItem\":{\"@type\":\"ListItem\",\"@id\":\"https:\\\/\\\/anoticiaonline.com.br\\\/site\\\/categoria\\\/gerais\\\/#listItem\",\"name\":\"Gerais\"}},{\"@type\":\"ListItem\",\"@id\":\"https:\\\/\\\/anoticiaonline.com.br\\\/site\\\/categoria\\\/gerais\\\/#listItem\",\"position\":2,\"name\":\"Gerais\",\"item\":\"https:\\\/\\\/anoticiaonline.com.br\\\/site\\\/categoria\\\/gerais\\\/\",\"nextItem\":{\"@type\":\"ListItem\",\"@id\":\"https:\\\/\\\/anoticiaonline.com.br\\\/site\\\/cafe-produzido-em-sao-francisco-do-gloria-e-campeao-na-categoria-natural-terras-baixas-no-xvii-concurso-regional-de-qualidade-dos-cafes-das-matas-de-minas\\\/#listItem\",\"name\":\"Caf\\u00e9 produzido em S\\u00e3o Francisco do Gl\\u00f3ria \\u00e9 campe\\u00e3o na categoria Natural Terras Baixas no XVII Concurso Regional de Qualidade dos Caf\\u00e9s das Matas de Minas\"},\"previousItem\":{\"@type\":\"ListItem\",\"@id\":\"https:\\\/\\\/anoticiaonline.com.br\\\/site#listItem\",\"name\":\"Home\"}},{\"@type\":\"ListItem\",\"@id\":\"https:\\\/\\\/anoticiaonline.com.br\\\/site\\\/cafe-produzido-em-sao-francisco-do-gloria-e-campeao-na-categoria-natural-terras-baixas-no-xvii-concurso-regional-de-qualidade-dos-cafes-das-matas-de-minas\\\/#listItem\",\"position\":3,\"name\":\"Caf\\u00e9 produzido em S\\u00e3o Francisco do Gl\\u00f3ria \\u00e9 campe\\u00e3o na categoria Natural Terras Baixas no XVII Concurso Regional de Qualidade dos Caf\\u00e9s das Matas de Minas\",\"previousItem\":{\"@type\":\"ListItem\",\"@id\":\"https:\\\/\\\/anoticiaonline.com.br\\\/site\\\/categoria\\\/gerais\\\/#listItem\",\"name\":\"Gerais\"}}]},{\"@type\":\"Organization\",\"@id\":\"https:\\\/\\\/anoticiaonline.com.br\\\/site\\\/#organization\",\"name\":\"A Not\\u00edcia Online\",\"description\":\"Noticias de Muria\\u00e9 e regi\\u00e3o\",\"url\":\"https:\\\/\\\/anoticiaonline.com.br\\\/site\\\/\",\"logo\":{\"@type\":\"ImageObject\",\"url\":\"https:\\\/\\\/scontent-gig4-1.xx.fbcdn.net\\\/v\\\/t39.30808-1\\\/270437624_4564083193639691_6907940295614233970_n.jpg?stp=dst-jpg_s200x200_tt6&_nc_cat=111&ccb=1-7&_nc_sid=f907e8&_nc_ohc=SM1wRlP3lJwQ7kNvwEPuBYA&_nc_oc=AdnqrjDN_BNjSSHWO-GbkIWH6fkGMLw4bqvL_NH6e2wMveX7G-rP2dAqsDSq1mJMOaY&_nc_zt=24&_nc_ht=scontent-gig4-1.xx&_nc_gid=AoBFJeGrT1hVaew_6rchkQ&oh=00_AfX7QmFGhQhG2jAllVgXCiM1ZrWgvtp80-Bfppyexh1QEg&oe=689E923C\",\"@id\":\"https:\\\/\\\/anoticiaonline.com.br\\\/site\\\/cafe-produzido-em-sao-francisco-do-gloria-e-campeao-na-categoria-natural-terras-baixas-no-xvii-concurso-regional-de-qualidade-dos-cafes-das-matas-de-minas\\\/#organizationLogo\"},\"image\":{\"@id\":\"https:\\\/\\\/anoticiaonline.com.br\\\/site\\\/cafe-produzido-em-sao-francisco-do-gloria-e-campeao-na-categoria-natural-terras-baixas-no-xvii-concurso-regional-de-qualidade-dos-cafes-das-matas-de-minas\\\/#organizationLogo\"}},{\"@type\":\"Person\",\"@id\":\"https:\\\/\\\/anoticiaonline.com.br\\\/site\\\/author\\\/juliana\\\/#author\",\"url\":\"https:\\\/\\\/anoticiaonline.com.br\\\/site\\\/author\\\/juliana\\\/\",\"name\":\"Juliana Laviola\",\"image\":{\"@type\":\"ImageObject\",\"@id\":\"https:\\\/\\\/anoticiaonline.com.br\\\/site\\\/cafe-produzido-em-sao-francisco-do-gloria-e-campeao-na-categoria-natural-terras-baixas-no-xvii-concurso-regional-de-qualidade-dos-cafes-das-matas-de-minas\\\/#authorImage\",\"url\":\"https:\\\/\\\/secure.gravatar.com\\\/avatar\\\/b8d45f5c699b100dfaf0e543582f38f38bf94cb7ae3a5e9abf8d891a34773335?s=96&d=mm&r=g\",\"width\":96,\"height\":96,\"caption\":\"Juliana Laviola\"}},{\"@type\":\"WebPage\",\"@id\":\"https:\\\/\\\/anoticiaonline.com.br\\\/site\\\/cafe-produzido-em-sao-francisco-do-gloria-e-campeao-na-categoria-natural-terras-baixas-no-xvii-concurso-regional-de-qualidade-dos-cafes-das-matas-de-minas\\\/#webpage\",\"url\":\"https:\\\/\\\/anoticiaonline.com.br\\\/site\\\/cafe-produzido-em-sao-francisco-do-gloria-e-campeao-na-categoria-natural-terras-baixas-no-xvii-concurso-regional-de-qualidade-dos-cafes-das-matas-de-minas\\\/\",\"name\":\"Caf\\u00e9 produzido em S\\u00e3o Francisco do Gl\\u00f3ria \\u00e9 campe\\u00e3o na categoria Natural Terras Baixas no XVII Concurso Regional de Qualidade dos Caf\\u00e9s das Matas de Minas - A Not\\u00edcia Online\",\"description\":\"No dia 18 de outubro, foi realizada a cerim\\u00f4nia solene do XVII Concurso Regional de Qualidade dos Caf\\u00e9s das Matas de Minas. Na ocasi\\u00e3o, foram selecionados os melhores caf\\u00e9s da regi\\u00e3o Regional Muria\\u00e9 nas categorias: Natural Terras Baixas, Natural Terras Altas e Cereja Descascado. A cidade de S\\u00e3o Francisco do Gl\\u00f3ria ficou com os tr\\u00eas\",\"inLanguage\":\"pt-BR\",\"isPartOf\":{\"@id\":\"https:\\\/\\\/anoticiaonline.com.br\\\/site\\\/#website\"},\"breadcrumb\":{\"@id\":\"https:\\\/\\\/anoticiaonline.com.br\\\/site\\\/cafe-produzido-em-sao-francisco-do-gloria-e-campeao-na-categoria-natural-terras-baixas-no-xvii-concurso-regional-de-qualidade-dos-cafes-das-matas-de-minas\\\/#breadcrumblist\"},\"author\":{\"@id\":\"https:\\\/\\\/anoticiaonline.com.br\\\/site\\\/author\\\/juliana\\\/#author\"},\"creator\":{\"@id\":\"https:\\\/\\\/anoticiaonline.com.br\\\/site\\\/author\\\/juliana\\\/#author\"},\"image\":{\"@type\":\"ImageObject\",\"url\":\"https:\\\/\\\/anoticiaonline.com.br\\\/site\\\/wp-content\\\/uploads\\\/2018\\\/10\\\/DSC_0145.jpg\",\"@id\":\"https:\\\/\\\/anoticiaonline.com.br\\\/site\\\/cafe-produzido-em-sao-francisco-do-gloria-e-campeao-na-categoria-natural-terras-baixas-no-xvii-concurso-regional-de-qualidade-dos-cafes-das-matas-de-minas\\\/#mainImage\",\"width\":1000,\"height\":668},\"primaryImageOfPage\":{\"@id\":\"https:\\\/\\\/anoticiaonline.com.br\\\/site\\\/cafe-produzido-em-sao-francisco-do-gloria-e-campeao-na-categoria-natural-terras-baixas-no-xvii-concurso-regional-de-qualidade-dos-cafes-das-matas-de-minas\\\/#mainImage\"},\"datePublished\":\"2018-10-25T21:56:15-03:00\",\"dateModified\":\"2018-10-25T21:56:37-03:00\"},{\"@type\":\"WebSite\",\"@id\":\"https:\\\/\\\/anoticiaonline.com.br\\\/site\\\/#website\",\"url\":\"https:\\\/\\\/anoticiaonline.com.br\\\/site\\\/\",\"name\":\"A Not\\u00edcia Online\",\"description\":\"Noticias de Muria\\u00e9 e regi\\u00e3o\",\"inLanguage\":\"pt-BR\",\"publisher\":{\"@id\":\"https:\\\/\\\/anoticiaonline.com.br\\\/site\\\/#organization\"}}]}\n\t\t<\/script>\n\t\t<!-- All in One SEO -->\n\n","aioseo_head_json":{"title":"Caf\u00e9 produzido em S\u00e3o Francisco do Gl\u00f3ria \u00e9 campe\u00e3o na categoria Natural Terras Baixas no XVII Concurso Regional de Qualidade dos Caf\u00e9s das Matas de Minas - A Not\u00edcia Online","description":"No dia 18 de outubro, foi realizada a cerim\u00f4nia solene do XVII Concurso Regional de Qualidade dos Caf\u00e9s das Matas de Minas. Na ocasi\u00e3o, foram selecionados os melhores caf\u00e9s da regi\u00e3o Regional Muria\u00e9 nas categorias: Natural Terras Baixas, Natural Terras Altas e Cereja Descascado. A cidade de S\u00e3o Francisco do Gl\u00f3ria ficou com os tr\u00eas","canonical_url":"https:\/\/anoticiaonline.com.br\/site\/cafe-produzido-em-sao-francisco-do-gloria-e-campeao-na-categoria-natural-terras-baixas-no-xvii-concurso-regional-de-qualidade-dos-cafes-das-matas-de-minas\/","robots":"max-image-preview:large","keywords":"","webmasterTools":{"miscellaneous":""},"schema":{"@context":"https:\/\/schema.org","@graph":[{"@type":"BlogPosting","@id":"https:\/\/anoticiaonline.com.br\/site\/cafe-produzido-em-sao-francisco-do-gloria-e-campeao-na-categoria-natural-terras-baixas-no-xvii-concurso-regional-de-qualidade-dos-cafes-das-matas-de-minas\/#blogposting","name":"Caf\u00e9 produzido em S\u00e3o Francisco do Gl\u00f3ria \u00e9 campe\u00e3o na categoria Natural Terras Baixas no XVII Concurso Regional de Qualidade dos Caf\u00e9s das Matas de Minas - A Not\u00edcia Online","headline":"Caf\u00e9 produzido em S\u00e3o Francisco do Gl\u00f3ria \u00e9 campe\u00e3o na categoria Natural Terras Baixas no XVII Concurso Regional de Qualidade dos Caf\u00e9s das Matas de Minas","author":{"@id":"https:\/\/anoticiaonline.com.br\/site\/author\/juliana\/#author"},"publisher":{"@id":"https:\/\/anoticiaonline.com.br\/site\/#organization"},"image":{"@type":"ImageObject","url":"https:\/\/anoticiaonline.com.br\/site\/wp-content\/uploads\/2018\/10\/DSC_0145.jpg","width":1000,"height":668},"datePublished":"2018-10-25T21:56:15-03:00","dateModified":"2018-10-25T21:56:37-03:00","inLanguage":"pt-BR","mainEntityOfPage":{"@id":"https:\/\/anoticiaonline.com.br\/site\/cafe-produzido-em-sao-francisco-do-gloria-e-campeao-na-categoria-natural-terras-baixas-no-xvii-concurso-regional-de-qualidade-dos-cafes-das-matas-de-minas\/#webpage"},"isPartOf":{"@id":"https:\/\/anoticiaonline.com.br\/site\/cafe-produzido-em-sao-francisco-do-gloria-e-campeao-na-categoria-natural-terras-baixas-no-xvii-concurso-regional-de-qualidade-dos-cafes-das-matas-de-minas\/#webpage"},"articleSection":"Gerais, Caf\u00e9 Natural Terras Baixas4, Concurso Regional de Qualidade dos Caf\u00e9s das Matas de Minas, Rosana Borges Miranda Pedrosa, Rosana Borges Miranda PedrosaWalace Ferreira Pedrosa, s\u00e3o francisco do gl\u00f3ria, Walace Ferreira Pedrosa, XVII Concurso Regional de Qualidade dos Caf\u00e9s das Matas de Minas"},{"@type":"BreadcrumbList","@id":"https:\/\/anoticiaonline.com.br\/site\/cafe-produzido-em-sao-francisco-do-gloria-e-campeao-na-categoria-natural-terras-baixas-no-xvii-concurso-regional-de-qualidade-dos-cafes-das-matas-de-minas\/#breadcrumblist","itemListElement":[{"@type":"ListItem","@id":"https:\/\/anoticiaonline.com.br\/site#listItem","position":1,"name":"Home","item":"https:\/\/anoticiaonline.com.br\/site","nextItem":{"@type":"ListItem","@id":"https:\/\/anoticiaonline.com.br\/site\/categoria\/gerais\/#listItem","name":"Gerais"}},{"@type":"ListItem","@id":"https:\/\/anoticiaonline.com.br\/site\/categoria\/gerais\/#listItem","position":2,"name":"Gerais","item":"https:\/\/anoticiaonline.com.br\/site\/categoria\/gerais\/","nextItem":{"@type":"ListItem","@id":"https:\/\/anoticiaonline.com.br\/site\/cafe-produzido-em-sao-francisco-do-gloria-e-campeao-na-categoria-natural-terras-baixas-no-xvii-concurso-regional-de-qualidade-dos-cafes-das-matas-de-minas\/#listItem","name":"Caf\u00e9 produzido em S\u00e3o Francisco do Gl\u00f3ria \u00e9 campe\u00e3o na categoria Natural Terras Baixas no XVII Concurso Regional de Qualidade dos Caf\u00e9s das Matas de Minas"},"previousItem":{"@type":"ListItem","@id":"https:\/\/anoticiaonline.com.br\/site#listItem","name":"Home"}},{"@type":"ListItem","@id":"https:\/\/anoticiaonline.com.br\/site\/cafe-produzido-em-sao-francisco-do-gloria-e-campeao-na-categoria-natural-terras-baixas-no-xvii-concurso-regional-de-qualidade-dos-cafes-das-matas-de-minas\/#listItem","position":3,"name":"Caf\u00e9 produzido em S\u00e3o Francisco do Gl\u00f3ria \u00e9 campe\u00e3o na categoria Natural Terras Baixas no XVII Concurso Regional de Qualidade dos Caf\u00e9s das Matas de Minas","previousItem":{"@type":"ListItem","@id":"https:\/\/anoticiaonline.com.br\/site\/categoria\/gerais\/#listItem","name":"Gerais"}}]},{"@type":"Organization","@id":"https:\/\/anoticiaonline.com.br\/site\/#organization","name":"A Not\u00edcia Online","description":"Noticias de Muria\u00e9 e regi\u00e3o","url":"https:\/\/anoticiaonline.com.br\/site\/","logo":{"@type":"ImageObject","url":"https:\/\/scontent-gig4-1.xx.fbcdn.net\/v\/t39.30808-1\/270437624_4564083193639691_6907940295614233970_n.jpg?stp=dst-jpg_s200x200_tt6&_nc_cat=111&ccb=1-7&_nc_sid=f907e8&_nc_ohc=SM1wRlP3lJwQ7kNvwEPuBYA&_nc_oc=AdnqrjDN_BNjSSHWO-GbkIWH6fkGMLw4bqvL_NH6e2wMveX7G-rP2dAqsDSq1mJMOaY&_nc_zt=24&_nc_ht=scontent-gig4-1.xx&_nc_gid=AoBFJeGrT1hVaew_6rchkQ&oh=00_AfX7QmFGhQhG2jAllVgXCiM1ZrWgvtp80-Bfppyexh1QEg&oe=689E923C","@id":"https:\/\/anoticiaonline.com.br\/site\/cafe-produzido-em-sao-francisco-do-gloria-e-campeao-na-categoria-natural-terras-baixas-no-xvii-concurso-regional-de-qualidade-dos-cafes-das-matas-de-minas\/#organizationLogo"},"image":{"@id":"https:\/\/anoticiaonline.com.br\/site\/cafe-produzido-em-sao-francisco-do-gloria-e-campeao-na-categoria-natural-terras-baixas-no-xvii-concurso-regional-de-qualidade-dos-cafes-das-matas-de-minas\/#organizationLogo"}},{"@type":"Person","@id":"https:\/\/anoticiaonline.com.br\/site\/author\/juliana\/#author","url":"https:\/\/anoticiaonline.com.br\/site\/author\/juliana\/","name":"Juliana Laviola","image":{"@type":"ImageObject","@id":"https:\/\/anoticiaonline.com.br\/site\/cafe-produzido-em-sao-francisco-do-gloria-e-campeao-na-categoria-natural-terras-baixas-no-xvii-concurso-regional-de-qualidade-dos-cafes-das-matas-de-minas\/#authorImage","url":"https:\/\/secure.gravatar.com\/avatar\/b8d45f5c699b100dfaf0e543582f38f38bf94cb7ae3a5e9abf8d891a34773335?s=96&d=mm&r=g","width":96,"height":96,"caption":"Juliana Laviola"}},{"@type":"WebPage","@id":"https:\/\/anoticiaonline.com.br\/site\/cafe-produzido-em-sao-francisco-do-gloria-e-campeao-na-categoria-natural-terras-baixas-no-xvii-concurso-regional-de-qualidade-dos-cafes-das-matas-de-minas\/#webpage","url":"https:\/\/anoticiaonline.com.br\/site\/cafe-produzido-em-sao-francisco-do-gloria-e-campeao-na-categoria-natural-terras-baixas-no-xvii-concurso-regional-de-qualidade-dos-cafes-das-matas-de-minas\/","name":"Caf\u00e9 produzido em S\u00e3o Francisco do Gl\u00f3ria \u00e9 campe\u00e3o na categoria Natural Terras Baixas no XVII Concurso Regional de Qualidade dos Caf\u00e9s das Matas de Minas - A Not\u00edcia Online","description":"No dia 18 de outubro, foi realizada a cerim\u00f4nia solene do XVII Concurso Regional de Qualidade dos Caf\u00e9s das Matas de Minas. Na ocasi\u00e3o, foram selecionados os melhores caf\u00e9s da regi\u00e3o Regional Muria\u00e9 nas categorias: Natural Terras Baixas, Natural Terras Altas e Cereja Descascado. A cidade de S\u00e3o Francisco do Gl\u00f3ria ficou com os tr\u00eas","inLanguage":"pt-BR","isPartOf":{"@id":"https:\/\/anoticiaonline.com.br\/site\/#website"},"breadcrumb":{"@id":"https:\/\/anoticiaonline.com.br\/site\/cafe-produzido-em-sao-francisco-do-gloria-e-campeao-na-categoria-natural-terras-baixas-no-xvii-concurso-regional-de-qualidade-dos-cafes-das-matas-de-minas\/#breadcrumblist"},"author":{"@id":"https:\/\/anoticiaonline.com.br\/site\/author\/juliana\/#author"},"creator":{"@id":"https:\/\/anoticiaonline.com.br\/site\/author\/juliana\/#author"},"image":{"@type":"ImageObject","url":"https:\/\/anoticiaonline.com.br\/site\/wp-content\/uploads\/2018\/10\/DSC_0145.jpg","@id":"https:\/\/anoticiaonline.com.br\/site\/cafe-produzido-em-sao-francisco-do-gloria-e-campeao-na-categoria-natural-terras-baixas-no-xvii-concurso-regional-de-qualidade-dos-cafes-das-matas-de-minas\/#mainImage","width":1000,"height":668},"primaryImageOfPage":{"@id":"https:\/\/anoticiaonline.com.br\/site\/cafe-produzido-em-sao-francisco-do-gloria-e-campeao-na-categoria-natural-terras-baixas-no-xvii-concurso-regional-de-qualidade-dos-cafes-das-matas-de-minas\/#mainImage"},"datePublished":"2018-10-25T21:56:15-03:00","dateModified":"2018-10-25T21:56:37-03:00"},{"@type":"WebSite","@id":"https:\/\/anoticiaonline.com.br\/site\/#website","url":"https:\/\/anoticiaonline.com.br\/site\/","name":"A Not\u00edcia Online","description":"Noticias de Muria\u00e9 e regi\u00e3o","inLanguage":"pt-BR","publisher":{"@id":"https:\/\/anoticiaonline.com.br\/site\/#organization"}}]},"og:locale":"pt_BR","og:site_name":"A Not\u00edcia Online - Noticias de Muria\u00e9 e regi\u00e3o","og:type":"article","og:title":"Caf\u00e9 produzido em S\u00e3o Francisco do Gl\u00f3ria \u00e9 campe\u00e3o na categoria Natural Terras Baixas no XVII Concurso Regional de Qualidade dos Caf\u00e9s das Matas de Minas - A Not\u00edcia Online","og:description":"No dia 18 de outubro, foi realizada a cerim\u00f4nia solene do XVII Concurso Regional de Qualidade dos Caf\u00e9s das Matas de Minas. Na ocasi\u00e3o, foram selecionados os melhores caf\u00e9s da regi\u00e3o Regional Muria\u00e9 nas categorias: Natural Terras Baixas, Natural Terras Altas e Cereja Descascado. A cidade de S\u00e3o Francisco do Gl\u00f3ria ficou com os tr\u00eas","og:url":"https:\/\/anoticiaonline.com.br\/site\/cafe-produzido-em-sao-francisco-do-gloria-e-campeao-na-categoria-natural-terras-baixas-no-xvii-concurso-regional-de-qualidade-dos-cafes-das-matas-de-minas\/","og:image":"https:\/\/scontent-gig4-1.xx.fbcdn.net\/v\/t39.30808-1\/270437624_4564083193639691_6907940295614233970_n.jpg?stp=dst-jpg_s200x200_tt6&#038;_nc_cat=111&#038;ccb=1-7&#038;_nc_sid=f907e8&#038;_nc_ohc=SM1wRlP3lJwQ7kNvwEPuBYA&#038;_nc_oc=AdnqrjDN_BNjSSHWO-GbkIWH6fkGMLw4bqvL_NH6e2wMveX7G-rP2dAqsDSq1mJMOaY&#038;_nc_zt=24&#038;_nc_ht=scontent-gig4-1.xx&#038;_nc_gid=AoBFJeGrT1hVaew_6rchkQ&#038;oh=00_AfX7QmFGhQhG2jAllVgXCiM1ZrWgvtp80-Bfppyexh1QEg&#038;oe=689E923C","og:image:secure_url":"https:\/\/scontent-gig4-1.xx.fbcdn.net\/v\/t39.30808-1\/270437624_4564083193639691_6907940295614233970_n.jpg?stp=dst-jpg_s200x200_tt6&#038;_nc_cat=111&#038;ccb=1-7&#038;_nc_sid=f907e8&#038;_nc_ohc=SM1wRlP3lJwQ7kNvwEPuBYA&#038;_nc_oc=AdnqrjDN_BNjSSHWO-GbkIWH6fkGMLw4bqvL_NH6e2wMveX7G-rP2dAqsDSq1mJMOaY&#038;_nc_zt=24&#038;_nc_ht=scontent-gig4-1.xx&#038;_nc_gid=AoBFJeGrT1hVaew_6rchkQ&#038;oh=00_AfX7QmFGhQhG2jAllVgXCiM1ZrWgvtp80-Bfppyexh1QEg&#038;oe=689E923C","article:published_time":"2018-10-26T00:56:15+00:00","article:modified_time":"2018-10-26T00:56:37+00:00","twitter:card":"summary_large_image","twitter:title":"Caf\u00e9 produzido em S\u00e3o Francisco do Gl\u00f3ria \u00e9 campe\u00e3o na categoria Natural Terras Baixas no XVII Concurso Regional de Qualidade dos Caf\u00e9s das Matas de Minas - A Not\u00edcia Online","twitter:description":"No dia 18 de outubro, foi realizada a cerim\u00f4nia solene do XVII Concurso Regional de Qualidade dos Caf\u00e9s das Matas de Minas. Na ocasi\u00e3o, foram selecionados os melhores caf\u00e9s da regi\u00e3o Regional Muria\u00e9 nas categorias: Natural Terras Baixas, Natural Terras Altas e Cereja Descascado. A cidade de S\u00e3o Francisco do Gl\u00f3ria ficou com os tr\u00eas","twitter:image":"https:\/\/scontent-gig4-1.xx.fbcdn.net\/v\/t39.30808-1\/270437624_4564083193639691_6907940295614233970_n.jpg?stp=dst-jpg_s200x200_tt6&_nc_cat=111&ccb=1-7&_nc_sid=f907e8&_nc_ohc=SM1wRlP3lJwQ7kNvwEPuBYA&_nc_oc=AdnqrjDN_BNjSSHWO-GbkIWH6fkGMLw4bqvL_NH6e2wMveX7G-rP2dAqsDSq1mJMOaY&_nc_zt=24&_nc_ht=scontent-gig4-1.xx&_nc_gid=AoBFJeGrT1hVaew_6rchkQ&oh=00_AfX7QmFGhQhG2jAllVgXCiM1ZrWgvtp80-Bfppyexh1QEg&oe=689E923C"},"aioseo_meta_data":{"post_id":"63545","title":null,"description":null,"keywords":null,"keyphrases":null,"primary_term":null,"canonical_url":null,"og_title":null,"og_description":null,"og_object_type":"default","og_image_type":"default","og_image_url":null,"og_image_width":null,"og_image_height":null,"og_image_custom_url":null,"og_image_custom_fields":null,"og_video":null,"og_custom_url":null,"og_article_section":null,"og_article_tags":null,"twitter_use_og":false,"twitter_card":"default","twitter_image_type":"default","twitter_image_url":null,"twitter_image_custom_url":null,"twitter_image_custom_fields":null,"twitter_title":null,"twitter_description":null,"schema":{"blockGraphs":[],"customGraphs":[],"default":{"data":{"Article":[],"Course":[],"Dataset":[],"FAQPage":[],"Movie":[],"Person":[],"Product":[],"ProductReview":[],"Car":[],"Recipe":[],"Service":[],"SoftwareApplication":[],"WebPage":[]},"graphName":"","isEnabled":true},"graphs":[]},"schema_type":"default","schema_type_options":null,"pillar_content":false,"robots_default":true,"robots_noindex":false,"robots_noarchive":false,"robots_nosnippet":false,"robots_nofollow":false,"robots_noimageindex":false,"robots_noodp":false,"robots_notranslate":false,"robots_max_snippet":null,"robots_max_videopreview":null,"robots_max_imagepreview":"large","priority":null,"frequency":null,"local_seo":null,"breadcrumb_settings":null,"limit_modified_date":false,"ai":null,"created":"2025-08-16 21:56:25","updated":"2025-08-16 21:56:25","focus_keyword":null,"additional_keywords":null,"truseo_locale":null,"seo_analyzer_scan_date":null},"aioseo_breadcrumb":"<div class=\"aioseo-breadcrumbs\"><span class=\"aioseo-breadcrumb\">\n\t\t\t<a href=\"https:\/\/anoticiaonline.com.br\/site\" title=\"Home\">Home<\/a>\n\t\t<\/span><span class=\"aioseo-breadcrumb-separator\">&raquo;<\/span><span class=\"aioseo-breadcrumb\">\n\t\t\t<a href=\"https:\/\/anoticiaonline.com.br\/site\/categoria\/gerais\/\" title=\"Gerais\">Gerais<\/a>\n\t\t<\/span><span class=\"aioseo-breadcrumb-separator\">&raquo;<\/span><span class=\"aioseo-breadcrumb\">\n\t\t\tCaf\u00e9 produzido em S\u00e3o Francisco do Gl\u00f3ria \u00e9 campe\u00e3o na categoria Natural Terras Baixas no XVII Concurso Regional de Qualidade dos Caf\u00e9s das Matas de Minas\n\t\t<\/span><\/div>","aioseo_breadcrumb_json":[{"label":"Home","link":"https:\/\/anoticiaonline.com.br\/site"},{"label":"Gerais","link":"https:\/\/anoticiaonline.com.br\/site\/categoria\/gerais\/"},{"label":"Caf\u00e9 produzido em S\u00e3o Francisco do Gl\u00f3ria \u00e9 campe\u00e3o na categoria Natural Terras Baixas no XVII Concurso Regional de Qualidade dos Caf\u00e9s das Matas de Minas","link":"https:\/\/anoticiaonline.com.br\/site\/cafe-produzido-em-sao-francisco-do-gloria-e-campeao-na-categoria-natural-terras-baixas-no-xvii-concurso-regional-de-qualidade-dos-cafes-das-matas-de-minas\/"}],"views":150,"_links":{"self":[{"href":"https:\/\/anoticiaonline.com.br\/site\/wp-json\/wp\/v2\/posts\/63545","targetHints":{"allow":["GET"]}}],"collection":[{"href":"https:\/\/anoticiaonline.com.br\/site\/wp-json\/wp\/v2\/posts"}],"about":[{"href":"https:\/\/anoticiaonline.com.br\/site\/wp-json\/wp\/v2\/types\/post"}],"author":[{"embeddable":true,"href":"https:\/\/anoticiaonline.com.br\/site\/wp-json\/wp\/v2\/users\/2"}],"replies":[{"embeddable":true,"href":"https:\/\/anoticiaonline.com.br\/site\/wp-json\/wp\/v2\/comments?post=63545"}],"version-history":[{"count":0,"href":"https:\/\/anoticiaonline.com.br\/site\/wp-json\/wp\/v2\/posts\/63545\/revisions"}],"wp:featuredmedia":[{"embeddable":true,"href":"https:\/\/anoticiaonline.com.br\/site\/wp-json\/wp\/v2\/media\/63549"}],"wp:attachment":[{"href":"https:\/\/anoticiaonline.com.br\/site\/wp-json\/wp\/v2\/media?parent=63545"}],"wp:term":[{"taxonomy":"category","embeddable":true,"href":"https:\/\/anoticiaonline.com.br\/site\/wp-json\/wp\/v2\/categories?post=63545"},{"taxonomy":"post_tag","embeddable":true,"href":"https:\/\/anoticiaonline.com.br\/site\/wp-json\/wp\/v2\/tags?post=63545"}],"curies":[{"name":"wp","href":"https:\/\/api.w.org\/{rel}","templated":true}]}}