{"id":63438,"date":"2018-10-22T16:06:15","date_gmt":"2018-10-22T19:06:15","guid":{"rendered":"http:\/\/anoticiaonline.com.br\/site\/?p=63438"},"modified":"2018-10-22T16:06:15","modified_gmt":"2018-10-22T19:06:15","slug":"muriaeenses-se-destacam-na-copa-caratinga-de-taekwondo","status":"publish","type":"post","link":"https:\/\/anoticiaonline.com.br\/site\/muriaeenses-se-destacam-na-copa-caratinga-de-taekwondo\/","title":{"rendered":"Muriaeenses se destacam na Copa Caratinga de Taekwondo"},"content":{"rendered":"<p class=\"m_895983508265016951gmail-MsoNoSpacing\"><strong><i>Crian\u00e7as e adolescentes dos CRAS Aeroporto e Santa Terezinha conquistaram seis medalhas de Ouro e cinco de Prata; Muria\u00e9 ficou em primeiro lugar no evento<\/i><\/strong><\/p>\n<p class=\"m_895983508265016951gmail-MsoNoSpacing\"><a href=\"https:\/\/anoticiaonline.com.br\/site\/wp-content\/uploads\/2018\/10\/01-1.jpg\"><img fetchpriority=\"high\" decoding=\"async\" class=\"aligncenter size-full wp-image-63440\" src=\"https:\/\/anoticiaonline.com.br\/site\/wp-content\/uploads\/2018\/10\/01-1.jpg\" alt=\"\" width=\"973\" height=\"667\" srcset=\"https:\/\/anoticiaonline.com.br\/site\/wp-content\/uploads\/2018\/10\/01-1.jpg 973w, https:\/\/anoticiaonline.com.br\/site\/wp-content\/uploads\/2018\/10\/01-1-300x206.jpg 300w, https:\/\/anoticiaonline.com.br\/site\/wp-content\/uploads\/2018\/10\/01-1-768x526.jpg 768w\" sizes=\"(max-width: 973px) 100vw, 973px\" \/><\/a>Crian\u00e7as e adolescentes do Servi\u00e7o de Conviv\u00eancia e Fortalecimento de V\u00ednculos (SCFV), oferecido pela Prefeitura nos Centros de Refer\u00eancia de Assist\u00eancia Social (CRAS) de Muria\u00e9, se destacaram na Copa Caratinga de Taekwondo. O evento aconteceu no domingo (21), no Gin\u00e1sio Limoeiro. Os atletas muriaeenses conquistaram seis medalhas de Ouro e cinco de Prata.<\/p>\n<p class=\"m_895983508265016951gmail-MsoNoSpacing\">Ao todo, Muria\u00e9 foi representada na Copa por 23 atletas, sendo as crian\u00e7as e os adolescentes dos CRAS Aeroporto e Santa Terezinha e da Equipe Enirak Lee. Os competidores do CRAS Aeroporto voltaram para a cidade com cinco medalhas de Ouro e os do Santa Terezinha alcan\u00e7aram uma medalha de Ouro e cinco de Prata.<\/p>\n<p class=\"m_895983508265016951gmail-MsoNoSpacing\">Entre as dez academias participantes, Muria\u00e9 ficou em primeiro lugar por equipe. A Copa Caratinga de Taekwondo contou com o uso do colete eletr\u00f4nico, sistema utilizado nos campeonatos oficiais da modalidade.<\/p>\n<p class=\"m_895983508265016951gmail-MsoNoSpacing\"><b>Disputa com novos equipamentos esportivos &#8211;<\/b>\u00a0As crian\u00e7as e os adolescentes dos CRAS disputaram a Copa com o novo uniforme de taekwondo (o dobok), entregue na \u00faltima segunda-feira (15). Os cerca de 300 conjuntos esportivos foram adquiridos pela Prefeitura para que os atletas do SCFV os utilizem em campeonatos e nas oficinas da modalidade.<\/p>\n","protected":false},"excerpt":{"rendered":"<p>Crian\u00e7as e adolescentes dos CRAS Aeroporto e Santa Terezinha conquistaram seis medalhas de Ouro e cinco de Prata; Muria\u00e9 ficou em primeiro lugar no evento Crian\u00e7as e adolescentes do Servi\u00e7o de Conviv\u00eancia e Fortalecimento de V\u00ednculos (SCFV), oferecido pela Prefeitura nos Centros de Refer\u00eancia de Assist\u00eancia Social (CRAS) de Muria\u00e9, se destacaram na Copa Caratinga &#8230; <a title=\"Muriaeenses se destacam na Copa Caratinga de Taekwondo\" class=\"read-more\" href=\"https:\/\/anoticiaonline.com.br\/site\/muriaeenses-se-destacam-na-copa-caratinga-de-taekwondo\/\" aria-label=\"Read more about Muriaeenses se destacam na Copa Caratinga de Taekwondo\">Ler mais<\/a><\/p>\n","protected":false},"author":7,"featured_media":63440,"comment_status":"open","ping_status":"open","sticky":false,"template":"","format":"standard","meta":{"_acf_changed":false,"_monsterinsights_skip_tracking":false,"footnotes":""},"categories":[30,29],"tags":[3280,3279],"class_list":["post-63438","post","type-post","status-publish","format-standard","has-post-thumbnail","hentry","category-muriae","category-esporte","tag-copa-caratinga-de-taekwondo","tag-equipe-enirak-lee"],"acf":[],"aioseo_notices":[],"aioseo_head":"\n\t\t<!-- All in One SEO 5.0.0.1 - aioseo.com -->\n\t<meta name=\"description\" content=\"Crian\u00e7as e adolescentes dos CRAS Aeroporto e Santa Terezinha conquistaram seis medalhas de Ouro e cinco de Prata; Muria\u00e9 ficou em primeiro lugar no evento Crian\u00e7as e adolescentes do Servi\u00e7o de Conviv\u00eancia e Fortalecimento de V\u00ednculos (SCFV), oferecido pela Prefeitura nos Centros de Refer\u00eancia de Assist\u00eancia Social (CRAS) de Muria\u00e9, se destacaram na Copa Caratinga\" \/>\n\t<meta name=\"robots\" content=\"max-image-preview:large\" \/>\n\t<meta name=\"author\" content=\"Leandro Bebiano\"\/>\n\t<link rel=\"canonical\" href=\"https:\/\/anoticiaonline.com.br\/site\/muriaeenses-se-destacam-na-copa-caratinga-de-taekwondo\/\" \/>\n\t<meta name=\"generator\" content=\"All in One SEO (AIOSEO) 5.0.0.1\" \/>\n\t\t<meta property=\"og:locale\" content=\"pt_BR\" \/>\n\t\t<meta property=\"og:site_name\" content=\"A Not\u00edcia Online - Noticias de Muria\u00e9 e regi\u00e3o\" \/>\n\t\t<meta property=\"og:type\" content=\"article\" \/>\n\t\t<meta property=\"og:title\" content=\"Muriaeenses se destacam na Copa Caratinga de Taekwondo - A Not\u00edcia Online\" \/>\n\t\t<meta property=\"og:description\" content=\"Crian\u00e7as e adolescentes dos CRAS Aeroporto e Santa Terezinha conquistaram seis medalhas de Ouro e cinco de Prata; Muria\u00e9 ficou em primeiro lugar no evento Crian\u00e7as e adolescentes do Servi\u00e7o de Conviv\u00eancia e Fortalecimento de V\u00ednculos (SCFV), oferecido pela Prefeitura nos Centros de Refer\u00eancia de Assist\u00eancia Social (CRAS) de Muria\u00e9, se destacaram na Copa Caratinga\" \/>\n\t\t<meta property=\"og:url\" content=\"https:\/\/anoticiaonline.com.br\/site\/muriaeenses-se-destacam-na-copa-caratinga-de-taekwondo\/\" \/>\n\t\t<meta property=\"og:image\" content=\"https:\/\/scontent-gig4-1.xx.fbcdn.net\/v\/t39.30808-1\/270437624_4564083193639691_6907940295614233970_n.jpg?stp=dst-jpg_s200x200_tt6&#038;_nc_cat=111&#038;ccb=1-7&#038;_nc_sid=f907e8&#038;_nc_ohc=SM1wRlP3lJwQ7kNvwEPuBYA&#038;_nc_oc=AdnqrjDN_BNjSSHWO-GbkIWH6fkGMLw4bqvL_NH6e2wMveX7G-rP2dAqsDSq1mJMOaY&#038;_nc_zt=24&#038;_nc_ht=scontent-gig4-1.xx&#038;_nc_gid=AoBFJeGrT1hVaew_6rchkQ&#038;oh=00_AfX7QmFGhQhG2jAllVgXCiM1ZrWgvtp80-Bfppyexh1QEg&#038;oe=689E923C\" \/>\n\t\t<meta property=\"og:image:secure_url\" content=\"https:\/\/scontent-gig4-1.xx.fbcdn.net\/v\/t39.30808-1\/270437624_4564083193639691_6907940295614233970_n.jpg?stp=dst-jpg_s200x200_tt6&#038;_nc_cat=111&#038;ccb=1-7&#038;_nc_sid=f907e8&#038;_nc_ohc=SM1wRlP3lJwQ7kNvwEPuBYA&#038;_nc_oc=AdnqrjDN_BNjSSHWO-GbkIWH6fkGMLw4bqvL_NH6e2wMveX7G-rP2dAqsDSq1mJMOaY&#038;_nc_zt=24&#038;_nc_ht=scontent-gig4-1.xx&#038;_nc_gid=AoBFJeGrT1hVaew_6rchkQ&#038;oh=00_AfX7QmFGhQhG2jAllVgXCiM1ZrWgvtp80-Bfppyexh1QEg&#038;oe=689E923C\" \/>\n\t\t<meta property=\"article:published_time\" content=\"2018-10-22T19:06:15+00:00\" \/>\n\t\t<meta property=\"article:modified_time\" content=\"2018-10-22T19:06:15+00:00\" \/>\n\t\t<meta name=\"twitter:card\" content=\"summary_large_image\" \/>\n\t\t<meta name=\"twitter:title\" content=\"Muriaeenses se destacam na Copa Caratinga de Taekwondo - A Not\u00edcia Online\" \/>\n\t\t<meta name=\"twitter:description\" content=\"Crian\u00e7as e adolescentes dos CRAS Aeroporto e Santa Terezinha conquistaram seis medalhas de Ouro e cinco de Prata; Muria\u00e9 ficou em primeiro lugar no evento Crian\u00e7as e adolescentes do Servi\u00e7o de Conviv\u00eancia e Fortalecimento de V\u00ednculos (SCFV), oferecido pela Prefeitura nos Centros de Refer\u00eancia de Assist\u00eancia Social (CRAS) de Muria\u00e9, se destacaram na Copa Caratinga\" \/>\n\t\t<meta name=\"twitter:image\" content=\"https:\/\/scontent-gig4-1.xx.fbcdn.net\/v\/t39.30808-1\/270437624_4564083193639691_6907940295614233970_n.jpg?stp=dst-jpg_s200x200_tt6&amp;_nc_cat=111&amp;ccb=1-7&amp;_nc_sid=f907e8&amp;_nc_ohc=SM1wRlP3lJwQ7kNvwEPuBYA&amp;_nc_oc=AdnqrjDN_BNjSSHWO-GbkIWH6fkGMLw4bqvL_NH6e2wMveX7G-rP2dAqsDSq1mJMOaY&amp;_nc_zt=24&amp;_nc_ht=scontent-gig4-1.xx&amp;_nc_gid=AoBFJeGrT1hVaew_6rchkQ&amp;oh=00_AfX7QmFGhQhG2jAllVgXCiM1ZrWgvtp80-Bfppyexh1QEg&amp;oe=689E923C\" \/>\n\t\t<script type=\"application\/ld+json\" class=\"aioseo-schema\">\n\t\t\t{\"@context\":\"https:\\\/\\\/schema.org\",\"@graph\":[{\"@type\":\"BlogPosting\",\"@id\":\"https:\\\/\\\/anoticiaonline.com.br\\\/site\\\/muriaeenses-se-destacam-na-copa-caratinga-de-taekwondo\\\/#blogposting\",\"name\":\"Muriaeenses se destacam na Copa Caratinga de Taekwondo - A Not\\u00edcia Online\",\"headline\":\"Muriaeenses se destacam na Copa Caratinga de Taekwondo\",\"author\":{\"@id\":\"https:\\\/\\\/anoticiaonline.com.br\\\/site\\\/author\\\/leandro\\\/#author\"},\"publisher\":{\"@id\":\"https:\\\/\\\/anoticiaonline.com.br\\\/site\\\/#organization\"},\"image\":{\"@type\":\"ImageObject\",\"url\":\"https:\\\/\\\/anoticiaonline.com.br\\\/site\\\/wp-content\\\/uploads\\\/2018\\\/10\\\/01-1.jpg\",\"width\":973,\"height\":667},\"datePublished\":\"2018-10-22T16:06:15-03:00\",\"dateModified\":\"2018-10-22T16:06:15-03:00\",\"inLanguage\":\"pt-BR\",\"mainEntityOfPage\":{\"@id\":\"https:\\\/\\\/anoticiaonline.com.br\\\/site\\\/muriaeenses-se-destacam-na-copa-caratinga-de-taekwondo\\\/#webpage\"},\"isPartOf\":{\"@id\":\"https:\\\/\\\/anoticiaonline.com.br\\\/site\\\/muriaeenses-se-destacam-na-copa-caratinga-de-taekwondo\\\/#webpage\"},\"articleSection\":\"Blog, Esporte, Copa Caratinga de Taekwondo, Equipe Enirak Lee\"},{\"@type\":\"BreadcrumbList\",\"@id\":\"https:\\\/\\\/anoticiaonline.com.br\\\/site\\\/muriaeenses-se-destacam-na-copa-caratinga-de-taekwondo\\\/#breadcrumblist\",\"itemListElement\":[{\"@type\":\"ListItem\",\"@id\":\"https:\\\/\\\/anoticiaonline.com.br\\\/site#listItem\",\"position\":1,\"name\":\"Home\",\"item\":\"https:\\\/\\\/anoticiaonline.com.br\\\/site\",\"nextItem\":{\"@type\":\"ListItem\",\"@id\":\"https:\\\/\\\/anoticiaonline.com.br\\\/site\\\/categoria\\\/esporte\\\/#listItem\",\"name\":\"Esporte\"}},{\"@type\":\"ListItem\",\"@id\":\"https:\\\/\\\/anoticiaonline.com.br\\\/site\\\/categoria\\\/esporte\\\/#listItem\",\"position\":2,\"name\":\"Esporte\",\"item\":\"https:\\\/\\\/anoticiaonline.com.br\\\/site\\\/categoria\\\/esporte\\\/\",\"nextItem\":{\"@type\":\"ListItem\",\"@id\":\"https:\\\/\\\/anoticiaonline.com.br\\\/site\\\/muriaeenses-se-destacam-na-copa-caratinga-de-taekwondo\\\/#listItem\",\"name\":\"Muriaeenses se destacam na Copa Caratinga de Taekwondo\"},\"previousItem\":{\"@type\":\"ListItem\",\"@id\":\"https:\\\/\\\/anoticiaonline.com.br\\\/site#listItem\",\"name\":\"Home\"}},{\"@type\":\"ListItem\",\"@id\":\"https:\\\/\\\/anoticiaonline.com.br\\\/site\\\/muriaeenses-se-destacam-na-copa-caratinga-de-taekwondo\\\/#listItem\",\"position\":3,\"name\":\"Muriaeenses se destacam na Copa Caratinga de Taekwondo\",\"previousItem\":{\"@type\":\"ListItem\",\"@id\":\"https:\\\/\\\/anoticiaonline.com.br\\\/site\\\/categoria\\\/esporte\\\/#listItem\",\"name\":\"Esporte\"}}]},{\"@type\":\"Organization\",\"@id\":\"https:\\\/\\\/anoticiaonline.com.br\\\/site\\\/#organization\",\"name\":\"A Not\\u00edcia Online\",\"description\":\"Noticias de Muria\\u00e9 e regi\\u00e3o\",\"url\":\"https:\\\/\\\/anoticiaonline.com.br\\\/site\\\/\",\"logo\":{\"@type\":\"ImageObject\",\"url\":\"https:\\\/\\\/scontent-gig4-1.xx.fbcdn.net\\\/v\\\/t39.30808-1\\\/270437624_4564083193639691_6907940295614233970_n.jpg?stp=dst-jpg_s200x200_tt6&_nc_cat=111&ccb=1-7&_nc_sid=f907e8&_nc_ohc=SM1wRlP3lJwQ7kNvwEPuBYA&_nc_oc=AdnqrjDN_BNjSSHWO-GbkIWH6fkGMLw4bqvL_NH6e2wMveX7G-rP2dAqsDSq1mJMOaY&_nc_zt=24&_nc_ht=scontent-gig4-1.xx&_nc_gid=AoBFJeGrT1hVaew_6rchkQ&oh=00_AfX7QmFGhQhG2jAllVgXCiM1ZrWgvtp80-Bfppyexh1QEg&oe=689E923C\",\"@id\":\"https:\\\/\\\/anoticiaonline.com.br\\\/site\\\/muriaeenses-se-destacam-na-copa-caratinga-de-taekwondo\\\/#organizationLogo\"},\"image\":{\"@id\":\"https:\\\/\\\/anoticiaonline.com.br\\\/site\\\/muriaeenses-se-destacam-na-copa-caratinga-de-taekwondo\\\/#organizationLogo\"}},{\"@type\":\"Person\",\"@id\":\"https:\\\/\\\/anoticiaonline.com.br\\\/site\\\/author\\\/leandro\\\/#author\",\"url\":\"https:\\\/\\\/anoticiaonline.com.br\\\/site\\\/author\\\/leandro\\\/\",\"name\":\"Leandro Bebiano\",\"image\":{\"@type\":\"ImageObject\",\"@id\":\"https:\\\/\\\/anoticiaonline.com.br\\\/site\\\/muriaeenses-se-destacam-na-copa-caratinga-de-taekwondo\\\/#authorImage\",\"url\":\"https:\\\/\\\/secure.gravatar.com\\\/avatar\\\/99966a20c143db97c8590c2013307c7c234a4cca48ed5657cbb47e22a400bd5f?s=96&d=mm&r=g\",\"width\":96,\"height\":96,\"caption\":\"Leandro Bebiano\"}},{\"@type\":\"WebPage\",\"@id\":\"https:\\\/\\\/anoticiaonline.com.br\\\/site\\\/muriaeenses-se-destacam-na-copa-caratinga-de-taekwondo\\\/#webpage\",\"url\":\"https:\\\/\\\/anoticiaonline.com.br\\\/site\\\/muriaeenses-se-destacam-na-copa-caratinga-de-taekwondo\\\/\",\"name\":\"Muriaeenses se destacam na Copa Caratinga de Taekwondo - A Not\\u00edcia Online\",\"description\":\"Crian\\u00e7as e adolescentes dos CRAS Aeroporto e Santa Terezinha conquistaram seis medalhas de Ouro e cinco de Prata; Muria\\u00e9 ficou em primeiro lugar no evento Crian\\u00e7as e adolescentes do Servi\\u00e7o de Conviv\\u00eancia e Fortalecimento de V\\u00ednculos (SCFV), oferecido pela Prefeitura nos Centros de Refer\\u00eancia de Assist\\u00eancia Social (CRAS) de Muria\\u00e9, se destacaram na Copa Caratinga\",\"inLanguage\":\"pt-BR\",\"isPartOf\":{\"@id\":\"https:\\\/\\\/anoticiaonline.com.br\\\/site\\\/#website\"},\"breadcrumb\":{\"@id\":\"https:\\\/\\\/anoticiaonline.com.br\\\/site\\\/muriaeenses-se-destacam-na-copa-caratinga-de-taekwondo\\\/#breadcrumblist\"},\"author\":{\"@id\":\"https:\\\/\\\/anoticiaonline.com.br\\\/site\\\/author\\\/leandro\\\/#author\"},\"creator\":{\"@id\":\"https:\\\/\\\/anoticiaonline.com.br\\\/site\\\/author\\\/leandro\\\/#author\"},\"image\":{\"@type\":\"ImageObject\",\"url\":\"https:\\\/\\\/anoticiaonline.com.br\\\/site\\\/wp-content\\\/uploads\\\/2018\\\/10\\\/01-1.jpg\",\"@id\":\"https:\\\/\\\/anoticiaonline.com.br\\\/site\\\/muriaeenses-se-destacam-na-copa-caratinga-de-taekwondo\\\/#mainImage\",\"width\":973,\"height\":667},\"primaryImageOfPage\":{\"@id\":\"https:\\\/\\\/anoticiaonline.com.br\\\/site\\\/muriaeenses-se-destacam-na-copa-caratinga-de-taekwondo\\\/#mainImage\"},\"datePublished\":\"2018-10-22T16:06:15-03:00\",\"dateModified\":\"2018-10-22T16:06:15-03:00\"},{\"@type\":\"WebSite\",\"@id\":\"https:\\\/\\\/anoticiaonline.com.br\\\/site\\\/#website\",\"url\":\"https:\\\/\\\/anoticiaonline.com.br\\\/site\\\/\",\"name\":\"A Not\\u00edcia Online\",\"description\":\"Noticias de Muria\\u00e9 e regi\\u00e3o\",\"inLanguage\":\"pt-BR\",\"publisher\":{\"@id\":\"https:\\\/\\\/anoticiaonline.com.br\\\/site\\\/#organization\"}}]}\n\t\t<\/script>\n\t\t<!-- All in One SEO -->\n\n","aioseo_head_json":{"title":"Muriaeenses se destacam na Copa Caratinga de Taekwondo - A Not\u00edcia Online","description":"Crian\u00e7as e adolescentes dos CRAS Aeroporto e Santa Terezinha conquistaram seis medalhas de Ouro e cinco de Prata; Muria\u00e9 ficou em primeiro lugar no evento Crian\u00e7as e adolescentes do Servi\u00e7o de Conviv\u00eancia e Fortalecimento de V\u00ednculos (SCFV), oferecido pela Prefeitura nos Centros de Refer\u00eancia de Assist\u00eancia Social (CRAS) de Muria\u00e9, se destacaram na Copa Caratinga","canonical_url":"https:\/\/anoticiaonline.com.br\/site\/muriaeenses-se-destacam-na-copa-caratinga-de-taekwondo\/","robots":"max-image-preview:large","keywords":"","webmasterTools":{"miscellaneous":""},"schema":{"@context":"https:\/\/schema.org","@graph":[{"@type":"BlogPosting","@id":"https:\/\/anoticiaonline.com.br\/site\/muriaeenses-se-destacam-na-copa-caratinga-de-taekwondo\/#blogposting","name":"Muriaeenses se destacam na Copa Caratinga de Taekwondo - A Not\u00edcia Online","headline":"Muriaeenses se destacam na Copa Caratinga de Taekwondo","author":{"@id":"https:\/\/anoticiaonline.com.br\/site\/author\/leandro\/#author"},"publisher":{"@id":"https:\/\/anoticiaonline.com.br\/site\/#organization"},"image":{"@type":"ImageObject","url":"https:\/\/anoticiaonline.com.br\/site\/wp-content\/uploads\/2018\/10\/01-1.jpg","width":973,"height":667},"datePublished":"2018-10-22T16:06:15-03:00","dateModified":"2018-10-22T16:06:15-03:00","inLanguage":"pt-BR","mainEntityOfPage":{"@id":"https:\/\/anoticiaonline.com.br\/site\/muriaeenses-se-destacam-na-copa-caratinga-de-taekwondo\/#webpage"},"isPartOf":{"@id":"https:\/\/anoticiaonline.com.br\/site\/muriaeenses-se-destacam-na-copa-caratinga-de-taekwondo\/#webpage"},"articleSection":"Blog, Esporte, Copa Caratinga de Taekwondo, Equipe Enirak Lee"},{"@type":"BreadcrumbList","@id":"https:\/\/anoticiaonline.com.br\/site\/muriaeenses-se-destacam-na-copa-caratinga-de-taekwondo\/#breadcrumblist","itemListElement":[{"@type":"ListItem","@id":"https:\/\/anoticiaonline.com.br\/site#listItem","position":1,"name":"Home","item":"https:\/\/anoticiaonline.com.br\/site","nextItem":{"@type":"ListItem","@id":"https:\/\/anoticiaonline.com.br\/site\/categoria\/esporte\/#listItem","name":"Esporte"}},{"@type":"ListItem","@id":"https:\/\/anoticiaonline.com.br\/site\/categoria\/esporte\/#listItem","position":2,"name":"Esporte","item":"https:\/\/anoticiaonline.com.br\/site\/categoria\/esporte\/","nextItem":{"@type":"ListItem","@id":"https:\/\/anoticiaonline.com.br\/site\/muriaeenses-se-destacam-na-copa-caratinga-de-taekwondo\/#listItem","name":"Muriaeenses se destacam na Copa Caratinga de Taekwondo"},"previousItem":{"@type":"ListItem","@id":"https:\/\/anoticiaonline.com.br\/site#listItem","name":"Home"}},{"@type":"ListItem","@id":"https:\/\/anoticiaonline.com.br\/site\/muriaeenses-se-destacam-na-copa-caratinga-de-taekwondo\/#listItem","position":3,"name":"Muriaeenses se destacam na Copa Caratinga de Taekwondo","previousItem":{"@type":"ListItem","@id":"https:\/\/anoticiaonline.com.br\/site\/categoria\/esporte\/#listItem","name":"Esporte"}}]},{"@type":"Organization","@id":"https:\/\/anoticiaonline.com.br\/site\/#organization","name":"A Not\u00edcia Online","description":"Noticias de Muria\u00e9 e regi\u00e3o","url":"https:\/\/anoticiaonline.com.br\/site\/","logo":{"@type":"ImageObject","url":"https:\/\/scontent-gig4-1.xx.fbcdn.net\/v\/t39.30808-1\/270437624_4564083193639691_6907940295614233970_n.jpg?stp=dst-jpg_s200x200_tt6&_nc_cat=111&ccb=1-7&_nc_sid=f907e8&_nc_ohc=SM1wRlP3lJwQ7kNvwEPuBYA&_nc_oc=AdnqrjDN_BNjSSHWO-GbkIWH6fkGMLw4bqvL_NH6e2wMveX7G-rP2dAqsDSq1mJMOaY&_nc_zt=24&_nc_ht=scontent-gig4-1.xx&_nc_gid=AoBFJeGrT1hVaew_6rchkQ&oh=00_AfX7QmFGhQhG2jAllVgXCiM1ZrWgvtp80-Bfppyexh1QEg&oe=689E923C","@id":"https:\/\/anoticiaonline.com.br\/site\/muriaeenses-se-destacam-na-copa-caratinga-de-taekwondo\/#organizationLogo"},"image":{"@id":"https:\/\/anoticiaonline.com.br\/site\/muriaeenses-se-destacam-na-copa-caratinga-de-taekwondo\/#organizationLogo"}},{"@type":"Person","@id":"https:\/\/anoticiaonline.com.br\/site\/author\/leandro\/#author","url":"https:\/\/anoticiaonline.com.br\/site\/author\/leandro\/","name":"Leandro Bebiano","image":{"@type":"ImageObject","@id":"https:\/\/anoticiaonline.com.br\/site\/muriaeenses-se-destacam-na-copa-caratinga-de-taekwondo\/#authorImage","url":"https:\/\/secure.gravatar.com\/avatar\/99966a20c143db97c8590c2013307c7c234a4cca48ed5657cbb47e22a400bd5f?s=96&d=mm&r=g","width":96,"height":96,"caption":"Leandro Bebiano"}},{"@type":"WebPage","@id":"https:\/\/anoticiaonline.com.br\/site\/muriaeenses-se-destacam-na-copa-caratinga-de-taekwondo\/#webpage","url":"https:\/\/anoticiaonline.com.br\/site\/muriaeenses-se-destacam-na-copa-caratinga-de-taekwondo\/","name":"Muriaeenses se destacam na Copa Caratinga de Taekwondo - A Not\u00edcia Online","description":"Crian\u00e7as e adolescentes dos CRAS Aeroporto e Santa Terezinha conquistaram seis medalhas de Ouro e cinco de Prata; Muria\u00e9 ficou em primeiro lugar no evento Crian\u00e7as e adolescentes do Servi\u00e7o de Conviv\u00eancia e Fortalecimento de V\u00ednculos (SCFV), oferecido pela Prefeitura nos Centros de Refer\u00eancia de Assist\u00eancia Social (CRAS) de Muria\u00e9, se destacaram na Copa Caratinga","inLanguage":"pt-BR","isPartOf":{"@id":"https:\/\/anoticiaonline.com.br\/site\/#website"},"breadcrumb":{"@id":"https:\/\/anoticiaonline.com.br\/site\/muriaeenses-se-destacam-na-copa-caratinga-de-taekwondo\/#breadcrumblist"},"author":{"@id":"https:\/\/anoticiaonline.com.br\/site\/author\/leandro\/#author"},"creator":{"@id":"https:\/\/anoticiaonline.com.br\/site\/author\/leandro\/#author"},"image":{"@type":"ImageObject","url":"https:\/\/anoticiaonline.com.br\/site\/wp-content\/uploads\/2018\/10\/01-1.jpg","@id":"https:\/\/anoticiaonline.com.br\/site\/muriaeenses-se-destacam-na-copa-caratinga-de-taekwondo\/#mainImage","width":973,"height":667},"primaryImageOfPage":{"@id":"https:\/\/anoticiaonline.com.br\/site\/muriaeenses-se-destacam-na-copa-caratinga-de-taekwondo\/#mainImage"},"datePublished":"2018-10-22T16:06:15-03:00","dateModified":"2018-10-22T16:06:15-03:00"},{"@type":"WebSite","@id":"https:\/\/anoticiaonline.com.br\/site\/#website","url":"https:\/\/anoticiaonline.com.br\/site\/","name":"A Not\u00edcia Online","description":"Noticias de Muria\u00e9 e regi\u00e3o","inLanguage":"pt-BR","publisher":{"@id":"https:\/\/anoticiaonline.com.br\/site\/#organization"}}]},"og:locale":"pt_BR","og:site_name":"A Not\u00edcia Online - Noticias de Muria\u00e9 e regi\u00e3o","og:type":"article","og:title":"Muriaeenses se destacam na Copa Caratinga de Taekwondo - A Not\u00edcia Online","og:description":"Crian\u00e7as e adolescentes dos CRAS Aeroporto e Santa Terezinha conquistaram seis medalhas de Ouro e cinco de Prata; Muria\u00e9 ficou em primeiro lugar no evento Crian\u00e7as e adolescentes do Servi\u00e7o de Conviv\u00eancia e Fortalecimento de V\u00ednculos (SCFV), oferecido pela Prefeitura nos Centros de Refer\u00eancia de Assist\u00eancia Social (CRAS) de Muria\u00e9, se destacaram na Copa Caratinga","og:url":"https:\/\/anoticiaonline.com.br\/site\/muriaeenses-se-destacam-na-copa-caratinga-de-taekwondo\/","og:image":"https:\/\/scontent-gig4-1.xx.fbcdn.net\/v\/t39.30808-1\/270437624_4564083193639691_6907940295614233970_n.jpg?stp=dst-jpg_s200x200_tt6&#038;_nc_cat=111&#038;ccb=1-7&#038;_nc_sid=f907e8&#038;_nc_ohc=SM1wRlP3lJwQ7kNvwEPuBYA&#038;_nc_oc=AdnqrjDN_BNjSSHWO-GbkIWH6fkGMLw4bqvL_NH6e2wMveX7G-rP2dAqsDSq1mJMOaY&#038;_nc_zt=24&#038;_nc_ht=scontent-gig4-1.xx&#038;_nc_gid=AoBFJeGrT1hVaew_6rchkQ&#038;oh=00_AfX7QmFGhQhG2jAllVgXCiM1ZrWgvtp80-Bfppyexh1QEg&#038;oe=689E923C","og:image:secure_url":"https:\/\/scontent-gig4-1.xx.fbcdn.net\/v\/t39.30808-1\/270437624_4564083193639691_6907940295614233970_n.jpg?stp=dst-jpg_s200x200_tt6&#038;_nc_cat=111&#038;ccb=1-7&#038;_nc_sid=f907e8&#038;_nc_ohc=SM1wRlP3lJwQ7kNvwEPuBYA&#038;_nc_oc=AdnqrjDN_BNjSSHWO-GbkIWH6fkGMLw4bqvL_NH6e2wMveX7G-rP2dAqsDSq1mJMOaY&#038;_nc_zt=24&#038;_nc_ht=scontent-gig4-1.xx&#038;_nc_gid=AoBFJeGrT1hVaew_6rchkQ&#038;oh=00_AfX7QmFGhQhG2jAllVgXCiM1ZrWgvtp80-Bfppyexh1QEg&#038;oe=689E923C","article:published_time":"2018-10-22T19:06:15+00:00","article:modified_time":"2018-10-22T19:06:15+00:00","twitter:card":"summary_large_image","twitter:title":"Muriaeenses se destacam na Copa Caratinga de Taekwondo - A Not\u00edcia Online","twitter:description":"Crian\u00e7as e adolescentes dos CRAS Aeroporto e Santa Terezinha conquistaram seis medalhas de Ouro e cinco de Prata; Muria\u00e9 ficou em primeiro lugar no evento Crian\u00e7as e adolescentes do Servi\u00e7o de Conviv\u00eancia e Fortalecimento de V\u00ednculos (SCFV), oferecido pela Prefeitura nos Centros de Refer\u00eancia de Assist\u00eancia Social (CRAS) de Muria\u00e9, se destacaram na Copa Caratinga","twitter:image":"https:\/\/scontent-gig4-1.xx.fbcdn.net\/v\/t39.30808-1\/270437624_4564083193639691_6907940295614233970_n.jpg?stp=dst-jpg_s200x200_tt6&_nc_cat=111&ccb=1-7&_nc_sid=f907e8&_nc_ohc=SM1wRlP3lJwQ7kNvwEPuBYA&_nc_oc=AdnqrjDN_BNjSSHWO-GbkIWH6fkGMLw4bqvL_NH6e2wMveX7G-rP2dAqsDSq1mJMOaY&_nc_zt=24&_nc_ht=scontent-gig4-1.xx&_nc_gid=AoBFJeGrT1hVaew_6rchkQ&oh=00_AfX7QmFGhQhG2jAllVgXCiM1ZrWgvtp80-Bfppyexh1QEg&oe=689E923C"},"aioseo_meta_data":{"post_id":"63438","title":null,"description":null,"keywords":null,"keyphrases":null,"primary_term":null,"canonical_url":null,"og_title":null,"og_description":null,"og_object_type":"default","og_image_type":"default","og_image_url":null,"og_image_width":null,"og_image_height":null,"og_image_custom_url":null,"og_image_custom_fields":null,"og_video":null,"og_custom_url":null,"og_article_section":null,"og_article_tags":null,"twitter_use_og":false,"twitter_card":"default","twitter_image_type":"default","twitter_image_url":null,"twitter_image_custom_url":null,"twitter_image_custom_fields":null,"twitter_title":null,"twitter_description":null,"schema":{"blockGraphs":[],"customGraphs":[],"default":{"data":{"Article":[],"Course":[],"Dataset":[],"FAQPage":[],"Movie":[],"Person":[],"Product":[],"ProductReview":[],"Car":[],"Recipe":[],"Service":[],"SoftwareApplication":[],"WebPage":[]},"graphName":"","isEnabled":true},"graphs":[]},"schema_type":"default","schema_type_options":null,"pillar_content":false,"robots_default":true,"robots_noindex":false,"robots_noarchive":false,"robots_nosnippet":false,"robots_nofollow":false,"robots_noimageindex":false,"robots_noodp":false,"robots_notranslate":false,"robots_max_snippet":null,"robots_max_videopreview":null,"robots_max_imagepreview":"large","priority":null,"frequency":null,"local_seo":null,"breadcrumb_settings":null,"limit_modified_date":false,"ai":null,"created":"2025-08-16 21:55:23","updated":"2025-08-16 21:55:23","focus_keyword":null,"additional_keywords":null,"truseo_locale":null,"seo_analyzer_scan_date":null},"aioseo_breadcrumb":"<div class=\"aioseo-breadcrumbs\"><span class=\"aioseo-breadcrumb\">\n\t\t\t<a href=\"https:\/\/anoticiaonline.com.br\/site\" title=\"Home\">Home<\/a>\n\t\t<\/span><span class=\"aioseo-breadcrumb-separator\">&raquo;<\/span><span class=\"aioseo-breadcrumb\">\n\t\t\t<a href=\"https:\/\/anoticiaonline.com.br\/site\/categoria\/esporte\/\" title=\"Esporte\">Esporte<\/a>\n\t\t<\/span><span class=\"aioseo-breadcrumb-separator\">&raquo;<\/span><span class=\"aioseo-breadcrumb\">\n\t\t\tMuriaeenses se destacam na Copa Caratinga de Taekwondo\n\t\t<\/span><\/div>","aioseo_breadcrumb_json":[{"label":"Home","link":"https:\/\/anoticiaonline.com.br\/site"},{"label":"Esporte","link":"https:\/\/anoticiaonline.com.br\/site\/categoria\/esporte\/"},{"label":"Muriaeenses se destacam na Copa Caratinga de Taekwondo","link":"https:\/\/anoticiaonline.com.br\/site\/muriaeenses-se-destacam-na-copa-caratinga-de-taekwondo\/"}],"views":172,"_links":{"self":[{"href":"https:\/\/anoticiaonline.com.br\/site\/wp-json\/wp\/v2\/posts\/63438","targetHints":{"allow":["GET"]}}],"collection":[{"href":"https:\/\/anoticiaonline.com.br\/site\/wp-json\/wp\/v2\/posts"}],"about":[{"href":"https:\/\/anoticiaonline.com.br\/site\/wp-json\/wp\/v2\/types\/post"}],"author":[{"embeddable":true,"href":"https:\/\/anoticiaonline.com.br\/site\/wp-json\/wp\/v2\/users\/7"}],"replies":[{"embeddable":true,"href":"https:\/\/anoticiaonline.com.br\/site\/wp-json\/wp\/v2\/comments?post=63438"}],"version-history":[{"count":0,"href":"https:\/\/anoticiaonline.com.br\/site\/wp-json\/wp\/v2\/posts\/63438\/revisions"}],"wp:featuredmedia":[{"embeddable":true,"href":"https:\/\/anoticiaonline.com.br\/site\/wp-json\/wp\/v2\/media\/63440"}],"wp:attachment":[{"href":"https:\/\/anoticiaonline.com.br\/site\/wp-json\/wp\/v2\/media?parent=63438"}],"wp:term":[{"taxonomy":"category","embeddable":true,"href":"https:\/\/anoticiaonline.com.br\/site\/wp-json\/wp\/v2\/categories?post=63438"},{"taxonomy":"post_tag","embeddable":true,"href":"https:\/\/anoticiaonline.com.br\/site\/wp-json\/wp\/v2\/tags?post=63438"}],"curies":[{"name":"wp","href":"https:\/\/api.w.org\/{rel}","templated":true}]}}