{"id":63368,"date":"2018-10-18T21:55:19","date_gmt":"2018-10-19T00:55:19","guid":{"rendered":"http:\/\/anoticiaonline.com.br\/site\/?p=63368"},"modified":"2018-10-18T21:55:19","modified_gmt":"2018-10-19T00:55:19","slug":"loja-reino-e-inaugurada-no-centro-de-muriae","status":"publish","type":"post","link":"https:\/\/anoticiaonline.com.br\/site\/loja-reino-e-inaugurada-no-centro-de-muriae\/","title":{"rendered":"Loja Reino \u00e9 inaugurada no Centro de Muria\u00e9"},"content":{"rendered":"<p><a href=\"https:\/\/anoticiaonline.com.br\/site\/wp-content\/uploads\/2018\/10\/DSC_0718.jpg\"><img fetchpriority=\"high\" decoding=\"async\" class=\"alignnone size-full wp-image-63369\" src=\"https:\/\/anoticiaonline.com.br\/site\/wp-content\/uploads\/2018\/10\/DSC_0718.jpg\" alt=\"\" width=\"998\" height=\"667\" srcset=\"https:\/\/anoticiaonline.com.br\/site\/wp-content\/uploads\/2018\/10\/DSC_0718.jpg 998w, https:\/\/anoticiaonline.com.br\/site\/wp-content\/uploads\/2018\/10\/DSC_0718-300x201.jpg 300w, https:\/\/anoticiaonline.com.br\/site\/wp-content\/uploads\/2018\/10\/DSC_0718-768x513.jpg 768w\" sizes=\"(max-width: 998px) 100vw, 998px\" \/><\/a><\/p>\n<p>Muria\u00e9 conta agora com um novo conceito de moda cl\u00e1ssica, executiva e evang\u00e9lica, tanto para o p\u00fablico feminino quanto o masculino. Inaugurada na quinta-feira (11), a Loja Reino est\u00e1 localizada no Edif\u00edcio Top Center, no Centro da cidade.<\/p>\n<p>A Reino possui saias, cal\u00e7as jeans e sociais, bermudas, camisas para o dia a dia e tamb\u00e9m para momentos especiais como ternos e vestidos de festa. \u201cFizemos quest\u00e3o de aproveitar ao m\u00e1ximo a estrutura da loja para poder oferecer uma grande variedade de roupas. Queremos atender com excel\u00eancia o p\u00fablico de Muria\u00e9\u201d, disse a propriet\u00e1ria da loja, Eliziane Rodrigues.<\/p>\n<p>\u201cA Reino \u00e9 uma loja conceito. Veio para atender a necessidade tanto do p\u00fablico evang\u00e9lico quanto o p\u00fablico que quer se vestir bem\u201d, disse, Victor Rodrigues, propriet\u00e1rio.<\/p>\n<p>A empres\u00e1ria, Lilian Salles, aproveitou para conhecer a Loja Reino no dia da inaugura\u00e7\u00e3o e aprovou o projeto. \u201cConhe\u00e7o a propriet\u00e1ria e tenho certeza que esta proposta ser\u00e1 um grande sucesso na cidade, pois trabalha com uma moda conceitual, conservadora, bonita e interessante\u201d.<\/p>\n<p>A Loja Reino est\u00e1 localizada no Edif\u00edcio Top Center (antiga Virtuose), no Centro de Muria\u00e9. Hor\u00e1rio de atendimento: de segunda \u00e0 sexta, das 8h30 \u00e0s 18h30 e, aos s\u00e1bados, das 8h30 \u00e0s 13h. Telefone: (32) 3721-9515. Instagram: @reinoclosetstore.<\/p>\n<p><a href=\"https:\/\/anoticiaonline.com.br\/site\/wp-content\/uploads\/2018\/10\/DSC_0963-1.jpg\"><img decoding=\"async\" class=\"alignnone size-full wp-image-63372\" src=\"https:\/\/anoticiaonline.com.br\/site\/wp-content\/uploads\/2018\/10\/DSC_0963-1.jpg\" alt=\"\" width=\"535\" height=\"800\" srcset=\"https:\/\/anoticiaonline.com.br\/site\/wp-content\/uploads\/2018\/10\/DSC_0963-1.jpg 535w, https:\/\/anoticiaonline.com.br\/site\/wp-content\/uploads\/2018\/10\/DSC_0963-1-201x300.jpg 201w\" sizes=\"(max-width: 535px) 100vw, 535px\" \/><\/a> <a href=\"https:\/\/anoticiaonline.com.br\/site\/wp-content\/uploads\/2018\/10\/DSC_0649.jpg\"><img decoding=\"async\" class=\"alignnone size-full wp-image-63374\" src=\"https:\/\/anoticiaonline.com.br\/site\/wp-content\/uploads\/2018\/10\/DSC_0649.jpg\" alt=\"\" width=\"998\" height=\"667\" srcset=\"https:\/\/anoticiaonline.com.br\/site\/wp-content\/uploads\/2018\/10\/DSC_0649.jpg 998w, https:\/\/anoticiaonline.com.br\/site\/wp-content\/uploads\/2018\/10\/DSC_0649-300x201.jpg 300w, https:\/\/anoticiaonline.com.br\/site\/wp-content\/uploads\/2018\/10\/DSC_0649-768x513.jpg 768w\" sizes=\"(max-width: 998px) 100vw, 998px\" \/><\/a> <a href=\"https:\/\/anoticiaonline.com.br\/site\/wp-content\/uploads\/2018\/10\/DSC_0652.jpg\"><img loading=\"lazy\" decoding=\"async\" class=\"alignnone size-full wp-image-63375\" src=\"https:\/\/anoticiaonline.com.br\/site\/wp-content\/uploads\/2018\/10\/DSC_0652.jpg\" alt=\"\" width=\"998\" height=\"667\" srcset=\"https:\/\/anoticiaonline.com.br\/site\/wp-content\/uploads\/2018\/10\/DSC_0652.jpg 998w, https:\/\/anoticiaonline.com.br\/site\/wp-content\/uploads\/2018\/10\/DSC_0652-300x201.jpg 300w, https:\/\/anoticiaonline.com.br\/site\/wp-content\/uploads\/2018\/10\/DSC_0652-768x513.jpg 768w\" sizes=\"(max-width: 998px) 100vw, 998px\" \/><\/a> <a href=\"https:\/\/anoticiaonline.com.br\/site\/wp-content\/uploads\/2018\/10\/DSC_0655-1.jpg\"><img loading=\"lazy\" decoding=\"async\" class=\"alignnone size-full wp-image-63376\" src=\"https:\/\/anoticiaonline.com.br\/site\/wp-content\/uploads\/2018\/10\/DSC_0655-1.jpg\" alt=\"\" width=\"535\" height=\"800\" srcset=\"https:\/\/anoticiaonline.com.br\/site\/wp-content\/uploads\/2018\/10\/DSC_0655-1.jpg 535w, https:\/\/anoticiaonline.com.br\/site\/wp-content\/uploads\/2018\/10\/DSC_0655-1-201x300.jpg 201w\" sizes=\"(max-width: 535px) 100vw, 535px\" \/><\/a> <a href=\"https:\/\/anoticiaonline.com.br\/site\/wp-content\/uploads\/2018\/10\/DSC_0657-1.jpg\"><img loading=\"lazy\" decoding=\"async\" class=\"alignnone size-full wp-image-63378\" src=\"https:\/\/anoticiaonline.com.br\/site\/wp-content\/uploads\/2018\/10\/DSC_0657-1.jpg\" alt=\"\" width=\"535\" height=\"800\" srcset=\"https:\/\/anoticiaonline.com.br\/site\/wp-content\/uploads\/2018\/10\/DSC_0657-1.jpg 535w, https:\/\/anoticiaonline.com.br\/site\/wp-content\/uploads\/2018\/10\/DSC_0657-1-201x300.jpg 201w\" sizes=\"(max-width: 535px) 100vw, 535px\" \/><\/a> <a href=\"https:\/\/anoticiaonline.com.br\/site\/wp-content\/uploads\/2018\/10\/DSC_0658.jpg\"><img loading=\"lazy\" decoding=\"async\" class=\"alignnone size-full wp-image-63379\" src=\"https:\/\/anoticiaonline.com.br\/site\/wp-content\/uploads\/2018\/10\/DSC_0658.jpg\" alt=\"\" width=\"998\" height=\"667\" srcset=\"https:\/\/anoticiaonline.com.br\/site\/wp-content\/uploads\/2018\/10\/DSC_0658.jpg 998w, https:\/\/anoticiaonline.com.br\/site\/wp-content\/uploads\/2018\/10\/DSC_0658-300x201.jpg 300w, https:\/\/anoticiaonline.com.br\/site\/wp-content\/uploads\/2018\/10\/DSC_0658-768x513.jpg 768w\" sizes=\"(max-width: 998px) 100vw, 998px\" \/><\/a> <a href=\"https:\/\/anoticiaonline.com.br\/site\/wp-content\/uploads\/2018\/10\/DSC_0665-1.jpg\"><img loading=\"lazy\" decoding=\"async\" class=\"alignnone size-full wp-image-63381\" src=\"https:\/\/anoticiaonline.com.br\/site\/wp-content\/uploads\/2018\/10\/DSC_0665-1.jpg\" alt=\"\" width=\"535\" height=\"800\" srcset=\"https:\/\/anoticiaonline.com.br\/site\/wp-content\/uploads\/2018\/10\/DSC_0665-1.jpg 535w, https:\/\/anoticiaonline.com.br\/site\/wp-content\/uploads\/2018\/10\/DSC_0665-1-201x300.jpg 201w\" sizes=\"(max-width: 535px) 100vw, 535px\" \/><\/a> <a href=\"https:\/\/anoticiaonline.com.br\/site\/wp-content\/uploads\/2018\/10\/DSC_0669.jpg\"><img loading=\"lazy\" decoding=\"async\" class=\"alignnone size-full wp-image-63383\" src=\"https:\/\/anoticiaonline.com.br\/site\/wp-content\/uploads\/2018\/10\/DSC_0669.jpg\" alt=\"\" width=\"998\" height=\"667\" srcset=\"https:\/\/anoticiaonline.com.br\/site\/wp-content\/uploads\/2018\/10\/DSC_0669.jpg 998w, https:\/\/anoticiaonline.com.br\/site\/wp-content\/uploads\/2018\/10\/DSC_0669-300x201.jpg 300w, https:\/\/anoticiaonline.com.br\/site\/wp-content\/uploads\/2018\/10\/DSC_0669-768x513.jpg 768w\" sizes=\"(max-width: 998px) 100vw, 998px\" \/><\/a> <a href=\"https:\/\/anoticiaonline.com.br\/site\/wp-content\/uploads\/2018\/10\/DSC_0678.jpg\"><img loading=\"lazy\" decoding=\"async\" class=\"alignnone size-full wp-image-63385\" src=\"https:\/\/anoticiaonline.com.br\/site\/wp-content\/uploads\/2018\/10\/DSC_0678.jpg\" alt=\"\" width=\"998\" height=\"667\" srcset=\"https:\/\/anoticiaonline.com.br\/site\/wp-content\/uploads\/2018\/10\/DSC_0678.jpg 998w, https:\/\/anoticiaonline.com.br\/site\/wp-content\/uploads\/2018\/10\/DSC_0678-300x201.jpg 300w, https:\/\/anoticiaonline.com.br\/site\/wp-content\/uploads\/2018\/10\/DSC_0678-768x513.jpg 768w\" sizes=\"(max-width: 998px) 100vw, 998px\" \/><\/a> <a href=\"https:\/\/anoticiaonline.com.br\/site\/wp-content\/uploads\/2018\/10\/DSC_0683-1.jpg\"><img loading=\"lazy\" decoding=\"async\" class=\"alignnone size-full wp-image-63386\" src=\"https:\/\/anoticiaonline.com.br\/site\/wp-content\/uploads\/2018\/10\/DSC_0683-1.jpg\" alt=\"\" width=\"535\" height=\"800\" srcset=\"https:\/\/anoticiaonline.com.br\/site\/wp-content\/uploads\/2018\/10\/DSC_0683-1.jpg 535w, https:\/\/anoticiaonline.com.br\/site\/wp-content\/uploads\/2018\/10\/DSC_0683-1-201x300.jpg 201w\" sizes=\"(max-width: 535px) 100vw, 535px\" \/><\/a> <a href=\"https:\/\/anoticiaonline.com.br\/site\/wp-content\/uploads\/2018\/10\/DSC_0695.jpg\"><img loading=\"lazy\" decoding=\"async\" class=\"alignnone size-full wp-image-63387\" src=\"https:\/\/anoticiaonline.com.br\/site\/wp-content\/uploads\/2018\/10\/DSC_0695.jpg\" alt=\"\" width=\"535\" height=\"800\" srcset=\"https:\/\/anoticiaonline.com.br\/site\/wp-content\/uploads\/2018\/10\/DSC_0695.jpg 535w, https:\/\/anoticiaonline.com.br\/site\/wp-content\/uploads\/2018\/10\/DSC_0695-201x300.jpg 201w\" sizes=\"(max-width: 535px) 100vw, 535px\" \/><\/a> <a href=\"https:\/\/anoticiaonline.com.br\/site\/wp-content\/uploads\/2018\/10\/DSC_0696.jpg\"><img loading=\"lazy\" decoding=\"async\" class=\"alignnone size-full wp-image-63388\" src=\"https:\/\/anoticiaonline.com.br\/site\/wp-content\/uploads\/2018\/10\/DSC_0696.jpg\" alt=\"\" width=\"998\" height=\"667\" srcset=\"https:\/\/anoticiaonline.com.br\/site\/wp-content\/uploads\/2018\/10\/DSC_0696.jpg 998w, https:\/\/anoticiaonline.com.br\/site\/wp-content\/uploads\/2018\/10\/DSC_0696-300x201.jpg 300w, https:\/\/anoticiaonline.com.br\/site\/wp-content\/uploads\/2018\/10\/DSC_0696-768x513.jpg 768w\" sizes=\"(max-width: 998px) 100vw, 998px\" \/><\/a> <a href=\"https:\/\/anoticiaonline.com.br\/site\/wp-content\/uploads\/2018\/10\/DSC_0706-1.jpg\"><img loading=\"lazy\" decoding=\"async\" class=\"alignnone size-full wp-image-63389\" src=\"https:\/\/anoticiaonline.com.br\/site\/wp-content\/uploads\/2018\/10\/DSC_0706-1.jpg\" alt=\"\" width=\"998\" height=\"667\" srcset=\"https:\/\/anoticiaonline.com.br\/site\/wp-content\/uploads\/2018\/10\/DSC_0706-1.jpg 998w, https:\/\/anoticiaonline.com.br\/site\/wp-content\/uploads\/2018\/10\/DSC_0706-1-300x201.jpg 300w, https:\/\/anoticiaonline.com.br\/site\/wp-content\/uploads\/2018\/10\/DSC_0706-1-768x513.jpg 768w\" sizes=\"(max-width: 998px) 100vw, 998px\" \/><\/a> <a href=\"https:\/\/anoticiaonline.com.br\/site\/wp-content\/uploads\/2018\/10\/DSC_0713.jpg\"><img loading=\"lazy\" decoding=\"async\" class=\"alignnone size-full wp-image-63390\" src=\"https:\/\/anoticiaonline.com.br\/site\/wp-content\/uploads\/2018\/10\/DSC_0713.jpg\" alt=\"\" width=\"998\" height=\"667\" srcset=\"https:\/\/anoticiaonline.com.br\/site\/wp-content\/uploads\/2018\/10\/DSC_0713.jpg 998w, https:\/\/anoticiaonline.com.br\/site\/wp-content\/uploads\/2018\/10\/DSC_0713-300x201.jpg 300w, https:\/\/anoticiaonline.com.br\/site\/wp-content\/uploads\/2018\/10\/DSC_0713-768x513.jpg 768w\" sizes=\"(max-width: 998px) 100vw, 998px\" \/><\/a> <a href=\"https:\/\/anoticiaonline.com.br\/site\/wp-content\/uploads\/2018\/10\/DSC_0727.jpg\"><img loading=\"lazy\" decoding=\"async\" class=\"alignnone size-full wp-image-63391\" src=\"https:\/\/anoticiaonline.com.br\/site\/wp-content\/uploads\/2018\/10\/DSC_0727.jpg\" alt=\"\" width=\"998\" height=\"667\" srcset=\"https:\/\/anoticiaonline.com.br\/site\/wp-content\/uploads\/2018\/10\/DSC_0727.jpg 998w, https:\/\/anoticiaonline.com.br\/site\/wp-content\/uploads\/2018\/10\/DSC_0727-300x201.jpg 300w, https:\/\/anoticiaonline.com.br\/site\/wp-content\/uploads\/2018\/10\/DSC_0727-768x513.jpg 768w\" sizes=\"(max-width: 998px) 100vw, 998px\" \/><\/a> <a href=\"https:\/\/anoticiaonline.com.br\/site\/wp-content\/uploads\/2018\/10\/DSC_0747.jpg\"><img loading=\"lazy\" decoding=\"async\" class=\"alignnone size-full wp-image-63392\" src=\"https:\/\/anoticiaonline.com.br\/site\/wp-content\/uploads\/2018\/10\/DSC_0747.jpg\" alt=\"\" width=\"535\" height=\"800\" srcset=\"https:\/\/anoticiaonline.com.br\/site\/wp-content\/uploads\/2018\/10\/DSC_0747.jpg 535w, https:\/\/anoticiaonline.com.br\/site\/wp-content\/uploads\/2018\/10\/DSC_0747-201x300.jpg 201w\" sizes=\"(max-width: 535px) 100vw, 535px\" \/><\/a> <a href=\"https:\/\/anoticiaonline.com.br\/site\/wp-content\/uploads\/2018\/10\/DSC_0764.jpg\"><img loading=\"lazy\" decoding=\"async\" class=\"alignnone size-full wp-image-63394\" src=\"https:\/\/anoticiaonline.com.br\/site\/wp-content\/uploads\/2018\/10\/DSC_0764.jpg\" alt=\"\" width=\"998\" height=\"667\" srcset=\"https:\/\/anoticiaonline.com.br\/site\/wp-content\/uploads\/2018\/10\/DSC_0764.jpg 998w, https:\/\/anoticiaonline.com.br\/site\/wp-content\/uploads\/2018\/10\/DSC_0764-300x201.jpg 300w, https:\/\/anoticiaonline.com.br\/site\/wp-content\/uploads\/2018\/10\/DSC_0764-768x513.jpg 768w\" sizes=\"(max-width: 998px) 100vw, 998px\" \/><\/a> <a href=\"https:\/\/anoticiaonline.com.br\/site\/wp-content\/uploads\/2018\/10\/DSC_0771.jpg\"><img loading=\"lazy\" decoding=\"async\" class=\"alignnone size-full wp-image-63395\" src=\"https:\/\/anoticiaonline.com.br\/site\/wp-content\/uploads\/2018\/10\/DSC_0771.jpg\" alt=\"\" width=\"998\" height=\"667\" srcset=\"https:\/\/anoticiaonline.com.br\/site\/wp-content\/uploads\/2018\/10\/DSC_0771.jpg 998w, https:\/\/anoticiaonline.com.br\/site\/wp-content\/uploads\/2018\/10\/DSC_0771-300x201.jpg 300w, https:\/\/anoticiaonline.com.br\/site\/wp-content\/uploads\/2018\/10\/DSC_0771-768x513.jpg 768w\" sizes=\"(max-width: 998px) 100vw, 998px\" \/><\/a> <a href=\"https:\/\/anoticiaonline.com.br\/site\/wp-content\/uploads\/2018\/10\/DSC_0777.jpg\"><img loading=\"lazy\" decoding=\"async\" class=\"alignnone size-full wp-image-63396\" src=\"https:\/\/anoticiaonline.com.br\/site\/wp-content\/uploads\/2018\/10\/DSC_0777.jpg\" alt=\"\" width=\"535\" height=\"800\" srcset=\"https:\/\/anoticiaonline.com.br\/site\/wp-content\/uploads\/2018\/10\/DSC_0777.jpg 535w, https:\/\/anoticiaonline.com.br\/site\/wp-content\/uploads\/2018\/10\/DSC_0777-201x300.jpg 201w\" sizes=\"(max-width: 535px) 100vw, 535px\" \/><\/a> <a href=\"https:\/\/anoticiaonline.com.br\/site\/wp-content\/uploads\/2018\/10\/DSC_0795-1.jpg\"><img loading=\"lazy\" decoding=\"async\" class=\"alignnone size-full wp-image-63397\" src=\"https:\/\/anoticiaonline.com.br\/site\/wp-content\/uploads\/2018\/10\/DSC_0795-1.jpg\" alt=\"\" width=\"535\" height=\"800\" srcset=\"https:\/\/anoticiaonline.com.br\/site\/wp-content\/uploads\/2018\/10\/DSC_0795-1.jpg 535w, https:\/\/anoticiaonline.com.br\/site\/wp-content\/uploads\/2018\/10\/DSC_0795-1-201x300.jpg 201w\" sizes=\"(max-width: 535px) 100vw, 535px\" \/><\/a> <a href=\"https:\/\/anoticiaonline.com.br\/site\/wp-content\/uploads\/2018\/10\/DSC_0799.jpg\"><img loading=\"lazy\" decoding=\"async\" class=\"alignnone size-full wp-image-63398\" src=\"https:\/\/anoticiaonline.com.br\/site\/wp-content\/uploads\/2018\/10\/DSC_0799.jpg\" alt=\"\" width=\"535\" height=\"800\" srcset=\"https:\/\/anoticiaonline.com.br\/site\/wp-content\/uploads\/2018\/10\/DSC_0799.jpg 535w, https:\/\/anoticiaonline.com.br\/site\/wp-content\/uploads\/2018\/10\/DSC_0799-201x300.jpg 201w\" sizes=\"(max-width: 535px) 100vw, 535px\" \/><\/a> <a href=\"https:\/\/anoticiaonline.com.br\/site\/wp-content\/uploads\/2018\/10\/DSC_0823.jpg\"><img loading=\"lazy\" decoding=\"async\" class=\"alignnone size-full wp-image-63399\" src=\"https:\/\/anoticiaonline.com.br\/site\/wp-content\/uploads\/2018\/10\/DSC_0823.jpg\" alt=\"\" width=\"998\" height=\"667\" srcset=\"https:\/\/anoticiaonline.com.br\/site\/wp-content\/uploads\/2018\/10\/DSC_0823.jpg 998w, https:\/\/anoticiaonline.com.br\/site\/wp-content\/uploads\/2018\/10\/DSC_0823-300x201.jpg 300w, https:\/\/anoticiaonline.com.br\/site\/wp-content\/uploads\/2018\/10\/DSC_0823-768x513.jpg 768w\" sizes=\"(max-width: 998px) 100vw, 998px\" \/><\/a> <a href=\"https:\/\/anoticiaonline.com.br\/site\/wp-content\/uploads\/2018\/10\/DSC_0832.jpg\"><img loading=\"lazy\" decoding=\"async\" class=\"alignnone size-full wp-image-63400\" src=\"https:\/\/anoticiaonline.com.br\/site\/wp-content\/uploads\/2018\/10\/DSC_0832.jpg\" alt=\"\" width=\"535\" height=\"800\" srcset=\"https:\/\/anoticiaonline.com.br\/site\/wp-content\/uploads\/2018\/10\/DSC_0832.jpg 535w, https:\/\/anoticiaonline.com.br\/site\/wp-content\/uploads\/2018\/10\/DSC_0832-201x300.jpg 201w\" sizes=\"(max-width: 535px) 100vw, 535px\" \/><\/a> <a href=\"https:\/\/anoticiaonline.com.br\/site\/wp-content\/uploads\/2018\/10\/DSC_0863.jpg\"><img loading=\"lazy\" decoding=\"async\" class=\"alignnone size-full wp-image-63401\" src=\"https:\/\/anoticiaonline.com.br\/site\/wp-content\/uploads\/2018\/10\/DSC_0863.jpg\" alt=\"\" width=\"535\" height=\"800\" srcset=\"https:\/\/anoticiaonline.com.br\/site\/wp-content\/uploads\/2018\/10\/DSC_0863.jpg 535w, https:\/\/anoticiaonline.com.br\/site\/wp-content\/uploads\/2018\/10\/DSC_0863-201x300.jpg 201w\" sizes=\"(max-width: 535px) 100vw, 535px\" \/><\/a> <a href=\"https:\/\/anoticiaonline.com.br\/site\/wp-content\/uploads\/2018\/10\/DSC_0901.jpg\"><img loading=\"lazy\" decoding=\"async\" class=\"alignnone size-full wp-image-63402\" src=\"https:\/\/anoticiaonline.com.br\/site\/wp-content\/uploads\/2018\/10\/DSC_0901.jpg\" alt=\"\" width=\"535\" height=\"800\" srcset=\"https:\/\/anoticiaonline.com.br\/site\/wp-content\/uploads\/2018\/10\/DSC_0901.jpg 535w, https:\/\/anoticiaonline.com.br\/site\/wp-content\/uploads\/2018\/10\/DSC_0901-201x300.jpg 201w\" sizes=\"(max-width: 535px) 100vw, 535px\" \/><\/a> <a href=\"https:\/\/anoticiaonline.com.br\/site\/wp-content\/uploads\/2018\/10\/DSC_0924.jpg\"><img loading=\"lazy\" decoding=\"async\" class=\"alignnone size-full wp-image-63404\" src=\"https:\/\/anoticiaonline.com.br\/site\/wp-content\/uploads\/2018\/10\/DSC_0924.jpg\" alt=\"\" width=\"998\" height=\"667\" srcset=\"https:\/\/anoticiaonline.com.br\/site\/wp-content\/uploads\/2018\/10\/DSC_0924.jpg 998w, https:\/\/anoticiaonline.com.br\/site\/wp-content\/uploads\/2018\/10\/DSC_0924-300x201.jpg 300w, https:\/\/anoticiaonline.com.br\/site\/wp-content\/uploads\/2018\/10\/DSC_0924-768x513.jpg 768w\" sizes=\"(max-width: 998px) 100vw, 998px\" \/><\/a> <a href=\"https:\/\/anoticiaonline.com.br\/site\/wp-content\/uploads\/2018\/10\/DSC_0952.jpg\"><img loading=\"lazy\" decoding=\"async\" class=\"alignnone size-full wp-image-63405\" src=\"https:\/\/anoticiaonline.com.br\/site\/wp-content\/uploads\/2018\/10\/DSC_0952.jpg\" alt=\"\" width=\"535\" height=\"800\" srcset=\"https:\/\/anoticiaonline.com.br\/site\/wp-content\/uploads\/2018\/10\/DSC_0952.jpg 535w, https:\/\/anoticiaonline.com.br\/site\/wp-content\/uploads\/2018\/10\/DSC_0952-201x300.jpg 201w\" sizes=\"(max-width: 535px) 100vw, 535px\" \/><\/a><\/p>\n","protected":false},"excerpt":{"rendered":"<p>Muria\u00e9 conta agora com um novo conceito de moda cl\u00e1ssica, executiva e evang\u00e9lica, tanto para o p\u00fablico feminino quanto o masculino. Inaugurada na quinta-feira (11), a Loja Reino est\u00e1 localizada no Edif\u00edcio Top Center, no Centro da cidade. A Reino possui saias, cal\u00e7as jeans e sociais, bermudas, camisas para o dia a dia e tamb\u00e9m &#8230; <a title=\"Loja Reino \u00e9 inaugurada no Centro de Muria\u00e9\" class=\"read-more\" href=\"https:\/\/anoticiaonline.com.br\/site\/loja-reino-e-inaugurada-no-centro-de-muriae\/\" aria-label=\"Read more about Loja Reino \u00e9 inaugurada no Centro de Muria\u00e9\">Ler mais<\/a><\/p>\n","protected":false},"author":2,"featured_media":63394,"comment_status":"open","ping_status":"open","sticky":false,"template":"","format":"standard","meta":{"_acf_changed":false,"_monsterinsights_skip_tracking":false,"footnotes":""},"categories":[30,1],"tags":[],"class_list":["post-63368","post","type-post","status-publish","format-standard","has-post-thumbnail","hentry","category-muriae","category-gerais"],"acf":[],"aioseo_notices":[],"aioseo_head":"\n\t\t<!-- All in One SEO 5.0.0.1 - aioseo.com -->\n\t<meta name=\"description\" content=\"Muria\u00e9 conta agora com um novo conceito de moda cl\u00e1ssica, executiva e evang\u00e9lica, tanto para o p\u00fablico feminino quanto o masculino. Inaugurada na quinta-feira (11), a Loja Reino est\u00e1 localizada no Edif\u00edcio Top Center, no Centro da cidade. A Reino possui saias, cal\u00e7as jeans e sociais, bermudas, camisas para o dia a dia e tamb\u00e9m\" \/>\n\t<meta name=\"robots\" content=\"max-image-preview:large\" \/>\n\t<meta name=\"author\" content=\"Juliana Laviola\"\/>\n\t<link rel=\"canonical\" href=\"https:\/\/anoticiaonline.com.br\/site\/loja-reino-e-inaugurada-no-centro-de-muriae\/\" \/>\n\t<meta name=\"generator\" content=\"All in One SEO (AIOSEO) 5.0.0.1\" \/>\n\t\t<meta property=\"og:locale\" content=\"pt_BR\" \/>\n\t\t<meta property=\"og:site_name\" content=\"A Not\u00edcia Online - Noticias de Muria\u00e9 e regi\u00e3o\" \/>\n\t\t<meta property=\"og:type\" content=\"article\" \/>\n\t\t<meta property=\"og:title\" content=\"Loja Reino \u00e9 inaugurada no Centro de Muria\u00e9 - A Not\u00edcia Online\" \/>\n\t\t<meta property=\"og:description\" content=\"Muria\u00e9 conta agora com um novo conceito de moda cl\u00e1ssica, executiva e evang\u00e9lica, tanto para o p\u00fablico feminino quanto o masculino. Inaugurada na quinta-feira (11), a Loja Reino est\u00e1 localizada no Edif\u00edcio Top Center, no Centro da cidade. A Reino possui saias, cal\u00e7as jeans e sociais, bermudas, camisas para o dia a dia e tamb\u00e9m\" \/>\n\t\t<meta property=\"og:url\" content=\"https:\/\/anoticiaonline.com.br\/site\/loja-reino-e-inaugurada-no-centro-de-muriae\/\" \/>\n\t\t<meta property=\"og:image\" content=\"https:\/\/scontent-gig4-1.xx.fbcdn.net\/v\/t39.30808-1\/270437624_4564083193639691_6907940295614233970_n.jpg?stp=dst-jpg_s200x200_tt6&#038;_nc_cat=111&#038;ccb=1-7&#038;_nc_sid=f907e8&#038;_nc_ohc=SM1wRlP3lJwQ7kNvwEPuBYA&#038;_nc_oc=AdnqrjDN_BNjSSHWO-GbkIWH6fkGMLw4bqvL_NH6e2wMveX7G-rP2dAqsDSq1mJMOaY&#038;_nc_zt=24&#038;_nc_ht=scontent-gig4-1.xx&#038;_nc_gid=AoBFJeGrT1hVaew_6rchkQ&#038;oh=00_AfX7QmFGhQhG2jAllVgXCiM1ZrWgvtp80-Bfppyexh1QEg&#038;oe=689E923C\" \/>\n\t\t<meta property=\"og:image:secure_url\" content=\"https:\/\/scontent-gig4-1.xx.fbcdn.net\/v\/t39.30808-1\/270437624_4564083193639691_6907940295614233970_n.jpg?stp=dst-jpg_s200x200_tt6&#038;_nc_cat=111&#038;ccb=1-7&#038;_nc_sid=f907e8&#038;_nc_ohc=SM1wRlP3lJwQ7kNvwEPuBYA&#038;_nc_oc=AdnqrjDN_BNjSSHWO-GbkIWH6fkGMLw4bqvL_NH6e2wMveX7G-rP2dAqsDSq1mJMOaY&#038;_nc_zt=24&#038;_nc_ht=scontent-gig4-1.xx&#038;_nc_gid=AoBFJeGrT1hVaew_6rchkQ&#038;oh=00_AfX7QmFGhQhG2jAllVgXCiM1ZrWgvtp80-Bfppyexh1QEg&#038;oe=689E923C\" \/>\n\t\t<meta property=\"article:published_time\" content=\"2018-10-19T00:55:19+00:00\" \/>\n\t\t<meta property=\"article:modified_time\" content=\"2018-10-19T00:55:19+00:00\" \/>\n\t\t<meta name=\"twitter:card\" content=\"summary_large_image\" \/>\n\t\t<meta name=\"twitter:title\" content=\"Loja Reino \u00e9 inaugurada no Centro de Muria\u00e9 - A Not\u00edcia Online\" \/>\n\t\t<meta name=\"twitter:description\" content=\"Muria\u00e9 conta agora com um novo conceito de moda cl\u00e1ssica, executiva e evang\u00e9lica, tanto para o p\u00fablico feminino quanto o masculino. Inaugurada na quinta-feira (11), a Loja Reino est\u00e1 localizada no Edif\u00edcio Top Center, no Centro da cidade. A Reino possui saias, cal\u00e7as jeans e sociais, bermudas, camisas para o dia a dia e tamb\u00e9m\" \/>\n\t\t<meta name=\"twitter:image\" content=\"https:\/\/scontent-gig4-1.xx.fbcdn.net\/v\/t39.30808-1\/270437624_4564083193639691_6907940295614233970_n.jpg?stp=dst-jpg_s200x200_tt6&amp;_nc_cat=111&amp;ccb=1-7&amp;_nc_sid=f907e8&amp;_nc_ohc=SM1wRlP3lJwQ7kNvwEPuBYA&amp;_nc_oc=AdnqrjDN_BNjSSHWO-GbkIWH6fkGMLw4bqvL_NH6e2wMveX7G-rP2dAqsDSq1mJMOaY&amp;_nc_zt=24&amp;_nc_ht=scontent-gig4-1.xx&amp;_nc_gid=AoBFJeGrT1hVaew_6rchkQ&amp;oh=00_AfX7QmFGhQhG2jAllVgXCiM1ZrWgvtp80-Bfppyexh1QEg&amp;oe=689E923C\" \/>\n\t\t<script type=\"application\/ld+json\" class=\"aioseo-schema\">\n\t\t\t{\"@context\":\"https:\\\/\\\/schema.org\",\"@graph\":[{\"@type\":\"BlogPosting\",\"@id\":\"https:\\\/\\\/anoticiaonline.com.br\\\/site\\\/loja-reino-e-inaugurada-no-centro-de-muriae\\\/#blogposting\",\"name\":\"Loja Reino \\u00e9 inaugurada no Centro de Muria\\u00e9 - A Not\\u00edcia Online\",\"headline\":\"Loja Reino \\u00e9 inaugurada no Centro de Muria\\u00e9\",\"author\":{\"@id\":\"https:\\\/\\\/anoticiaonline.com.br\\\/site\\\/author\\\/juliana\\\/#author\"},\"publisher\":{\"@id\":\"https:\\\/\\\/anoticiaonline.com.br\\\/site\\\/#organization\"},\"image\":{\"@type\":\"ImageObject\",\"url\":\"https:\\\/\\\/anoticiaonline.com.br\\\/site\\\/wp-content\\\/uploads\\\/2018\\\/10\\\/DSC_0764.jpg\",\"width\":998,\"height\":667},\"datePublished\":\"2018-10-18T21:55:19-03:00\",\"dateModified\":\"2018-10-18T21:55:19-03:00\",\"inLanguage\":\"pt-BR\",\"mainEntityOfPage\":{\"@id\":\"https:\\\/\\\/anoticiaonline.com.br\\\/site\\\/loja-reino-e-inaugurada-no-centro-de-muriae\\\/#webpage\"},\"isPartOf\":{\"@id\":\"https:\\\/\\\/anoticiaonline.com.br\\\/site\\\/loja-reino-e-inaugurada-no-centro-de-muriae\\\/#webpage\"},\"articleSection\":\"Blog, Gerais\"},{\"@type\":\"BreadcrumbList\",\"@id\":\"https:\\\/\\\/anoticiaonline.com.br\\\/site\\\/loja-reino-e-inaugurada-no-centro-de-muriae\\\/#breadcrumblist\",\"itemListElement\":[{\"@type\":\"ListItem\",\"@id\":\"https:\\\/\\\/anoticiaonline.com.br\\\/site#listItem\",\"position\":1,\"name\":\"Home\",\"item\":\"https:\\\/\\\/anoticiaonline.com.br\\\/site\",\"nextItem\":{\"@type\":\"ListItem\",\"@id\":\"https:\\\/\\\/anoticiaonline.com.br\\\/site\\\/categoria\\\/gerais\\\/#listItem\",\"name\":\"Gerais\"}},{\"@type\":\"ListItem\",\"@id\":\"https:\\\/\\\/anoticiaonline.com.br\\\/site\\\/categoria\\\/gerais\\\/#listItem\",\"position\":2,\"name\":\"Gerais\",\"item\":\"https:\\\/\\\/anoticiaonline.com.br\\\/site\\\/categoria\\\/gerais\\\/\",\"nextItem\":{\"@type\":\"ListItem\",\"@id\":\"https:\\\/\\\/anoticiaonline.com.br\\\/site\\\/loja-reino-e-inaugurada-no-centro-de-muriae\\\/#listItem\",\"name\":\"Loja Reino \\u00e9 inaugurada no Centro de Muria\\u00e9\"},\"previousItem\":{\"@type\":\"ListItem\",\"@id\":\"https:\\\/\\\/anoticiaonline.com.br\\\/site#listItem\",\"name\":\"Home\"}},{\"@type\":\"ListItem\",\"@id\":\"https:\\\/\\\/anoticiaonline.com.br\\\/site\\\/loja-reino-e-inaugurada-no-centro-de-muriae\\\/#listItem\",\"position\":3,\"name\":\"Loja Reino \\u00e9 inaugurada no Centro de Muria\\u00e9\",\"previousItem\":{\"@type\":\"ListItem\",\"@id\":\"https:\\\/\\\/anoticiaonline.com.br\\\/site\\\/categoria\\\/gerais\\\/#listItem\",\"name\":\"Gerais\"}}]},{\"@type\":\"Organization\",\"@id\":\"https:\\\/\\\/anoticiaonline.com.br\\\/site\\\/#organization\",\"name\":\"A Not\\u00edcia Online\",\"description\":\"Noticias de Muria\\u00e9 e regi\\u00e3o\",\"url\":\"https:\\\/\\\/anoticiaonline.com.br\\\/site\\\/\",\"logo\":{\"@type\":\"ImageObject\",\"url\":\"https:\\\/\\\/scontent-gig4-1.xx.fbcdn.net\\\/v\\\/t39.30808-1\\\/270437624_4564083193639691_6907940295614233970_n.jpg?stp=dst-jpg_s200x200_tt6&_nc_cat=111&ccb=1-7&_nc_sid=f907e8&_nc_ohc=SM1wRlP3lJwQ7kNvwEPuBYA&_nc_oc=AdnqrjDN_BNjSSHWO-GbkIWH6fkGMLw4bqvL_NH6e2wMveX7G-rP2dAqsDSq1mJMOaY&_nc_zt=24&_nc_ht=scontent-gig4-1.xx&_nc_gid=AoBFJeGrT1hVaew_6rchkQ&oh=00_AfX7QmFGhQhG2jAllVgXCiM1ZrWgvtp80-Bfppyexh1QEg&oe=689E923C\",\"@id\":\"https:\\\/\\\/anoticiaonline.com.br\\\/site\\\/loja-reino-e-inaugurada-no-centro-de-muriae\\\/#organizationLogo\"},\"image\":{\"@id\":\"https:\\\/\\\/anoticiaonline.com.br\\\/site\\\/loja-reino-e-inaugurada-no-centro-de-muriae\\\/#organizationLogo\"}},{\"@type\":\"Person\",\"@id\":\"https:\\\/\\\/anoticiaonline.com.br\\\/site\\\/author\\\/juliana\\\/#author\",\"url\":\"https:\\\/\\\/anoticiaonline.com.br\\\/site\\\/author\\\/juliana\\\/\",\"name\":\"Juliana Laviola\",\"image\":{\"@type\":\"ImageObject\",\"@id\":\"https:\\\/\\\/anoticiaonline.com.br\\\/site\\\/loja-reino-e-inaugurada-no-centro-de-muriae\\\/#authorImage\",\"url\":\"https:\\\/\\\/secure.gravatar.com\\\/avatar\\\/b8d45f5c699b100dfaf0e543582f38f38bf94cb7ae3a5e9abf8d891a34773335?s=96&d=mm&r=g\",\"width\":96,\"height\":96,\"caption\":\"Juliana Laviola\"}},{\"@type\":\"WebPage\",\"@id\":\"https:\\\/\\\/anoticiaonline.com.br\\\/site\\\/loja-reino-e-inaugurada-no-centro-de-muriae\\\/#webpage\",\"url\":\"https:\\\/\\\/anoticiaonline.com.br\\\/site\\\/loja-reino-e-inaugurada-no-centro-de-muriae\\\/\",\"name\":\"Loja Reino \\u00e9 inaugurada no Centro de Muria\\u00e9 - A Not\\u00edcia Online\",\"description\":\"Muria\\u00e9 conta agora com um novo conceito de moda cl\\u00e1ssica, executiva e evang\\u00e9lica, tanto para o p\\u00fablico feminino quanto o masculino. Inaugurada na quinta-feira (11), a Loja Reino est\\u00e1 localizada no Edif\\u00edcio Top Center, no Centro da cidade. A Reino possui saias, cal\\u00e7as jeans e sociais, bermudas, camisas para o dia a dia e tamb\\u00e9m\",\"inLanguage\":\"pt-BR\",\"isPartOf\":{\"@id\":\"https:\\\/\\\/anoticiaonline.com.br\\\/site\\\/#website\"},\"breadcrumb\":{\"@id\":\"https:\\\/\\\/anoticiaonline.com.br\\\/site\\\/loja-reino-e-inaugurada-no-centro-de-muriae\\\/#breadcrumblist\"},\"author\":{\"@id\":\"https:\\\/\\\/anoticiaonline.com.br\\\/site\\\/author\\\/juliana\\\/#author\"},\"creator\":{\"@id\":\"https:\\\/\\\/anoticiaonline.com.br\\\/site\\\/author\\\/juliana\\\/#author\"},\"image\":{\"@type\":\"ImageObject\",\"url\":\"https:\\\/\\\/anoticiaonline.com.br\\\/site\\\/wp-content\\\/uploads\\\/2018\\\/10\\\/DSC_0764.jpg\",\"@id\":\"https:\\\/\\\/anoticiaonline.com.br\\\/site\\\/loja-reino-e-inaugurada-no-centro-de-muriae\\\/#mainImage\",\"width\":998,\"height\":667},\"primaryImageOfPage\":{\"@id\":\"https:\\\/\\\/anoticiaonline.com.br\\\/site\\\/loja-reino-e-inaugurada-no-centro-de-muriae\\\/#mainImage\"},\"datePublished\":\"2018-10-18T21:55:19-03:00\",\"dateModified\":\"2018-10-18T21:55:19-03:00\"},{\"@type\":\"WebSite\",\"@id\":\"https:\\\/\\\/anoticiaonline.com.br\\\/site\\\/#website\",\"url\":\"https:\\\/\\\/anoticiaonline.com.br\\\/site\\\/\",\"name\":\"A Not\\u00edcia Online\",\"description\":\"Noticias de Muria\\u00e9 e regi\\u00e3o\",\"inLanguage\":\"pt-BR\",\"publisher\":{\"@id\":\"https:\\\/\\\/anoticiaonline.com.br\\\/site\\\/#organization\"}}]}\n\t\t<\/script>\n\t\t<!-- All in One SEO -->\n\n","aioseo_head_json":{"title":"Loja Reino \u00e9 inaugurada no Centro de Muria\u00e9 - A Not\u00edcia Online","description":"Muria\u00e9 conta agora com um novo conceito de moda cl\u00e1ssica, executiva e evang\u00e9lica, tanto para o p\u00fablico feminino quanto o masculino. Inaugurada na quinta-feira (11), a Loja Reino est\u00e1 localizada no Edif\u00edcio Top Center, no Centro da cidade. A Reino possui saias, cal\u00e7as jeans e sociais, bermudas, camisas para o dia a dia e tamb\u00e9m","canonical_url":"https:\/\/anoticiaonline.com.br\/site\/loja-reino-e-inaugurada-no-centro-de-muriae\/","robots":"max-image-preview:large","keywords":"","webmasterTools":{"miscellaneous":""},"schema":{"@context":"https:\/\/schema.org","@graph":[{"@type":"BlogPosting","@id":"https:\/\/anoticiaonline.com.br\/site\/loja-reino-e-inaugurada-no-centro-de-muriae\/#blogposting","name":"Loja Reino \u00e9 inaugurada no Centro de Muria\u00e9 - A Not\u00edcia Online","headline":"Loja Reino \u00e9 inaugurada no Centro de Muria\u00e9","author":{"@id":"https:\/\/anoticiaonline.com.br\/site\/author\/juliana\/#author"},"publisher":{"@id":"https:\/\/anoticiaonline.com.br\/site\/#organization"},"image":{"@type":"ImageObject","url":"https:\/\/anoticiaonline.com.br\/site\/wp-content\/uploads\/2018\/10\/DSC_0764.jpg","width":998,"height":667},"datePublished":"2018-10-18T21:55:19-03:00","dateModified":"2018-10-18T21:55:19-03:00","inLanguage":"pt-BR","mainEntityOfPage":{"@id":"https:\/\/anoticiaonline.com.br\/site\/loja-reino-e-inaugurada-no-centro-de-muriae\/#webpage"},"isPartOf":{"@id":"https:\/\/anoticiaonline.com.br\/site\/loja-reino-e-inaugurada-no-centro-de-muriae\/#webpage"},"articleSection":"Blog, Gerais"},{"@type":"BreadcrumbList","@id":"https:\/\/anoticiaonline.com.br\/site\/loja-reino-e-inaugurada-no-centro-de-muriae\/#breadcrumblist","itemListElement":[{"@type":"ListItem","@id":"https:\/\/anoticiaonline.com.br\/site#listItem","position":1,"name":"Home","item":"https:\/\/anoticiaonline.com.br\/site","nextItem":{"@type":"ListItem","@id":"https:\/\/anoticiaonline.com.br\/site\/categoria\/gerais\/#listItem","name":"Gerais"}},{"@type":"ListItem","@id":"https:\/\/anoticiaonline.com.br\/site\/categoria\/gerais\/#listItem","position":2,"name":"Gerais","item":"https:\/\/anoticiaonline.com.br\/site\/categoria\/gerais\/","nextItem":{"@type":"ListItem","@id":"https:\/\/anoticiaonline.com.br\/site\/loja-reino-e-inaugurada-no-centro-de-muriae\/#listItem","name":"Loja Reino \u00e9 inaugurada no Centro de Muria\u00e9"},"previousItem":{"@type":"ListItem","@id":"https:\/\/anoticiaonline.com.br\/site#listItem","name":"Home"}},{"@type":"ListItem","@id":"https:\/\/anoticiaonline.com.br\/site\/loja-reino-e-inaugurada-no-centro-de-muriae\/#listItem","position":3,"name":"Loja Reino \u00e9 inaugurada no Centro de Muria\u00e9","previousItem":{"@type":"ListItem","@id":"https:\/\/anoticiaonline.com.br\/site\/categoria\/gerais\/#listItem","name":"Gerais"}}]},{"@type":"Organization","@id":"https:\/\/anoticiaonline.com.br\/site\/#organization","name":"A Not\u00edcia Online","description":"Noticias de Muria\u00e9 e regi\u00e3o","url":"https:\/\/anoticiaonline.com.br\/site\/","logo":{"@type":"ImageObject","url":"https:\/\/scontent-gig4-1.xx.fbcdn.net\/v\/t39.30808-1\/270437624_4564083193639691_6907940295614233970_n.jpg?stp=dst-jpg_s200x200_tt6&_nc_cat=111&ccb=1-7&_nc_sid=f907e8&_nc_ohc=SM1wRlP3lJwQ7kNvwEPuBYA&_nc_oc=AdnqrjDN_BNjSSHWO-GbkIWH6fkGMLw4bqvL_NH6e2wMveX7G-rP2dAqsDSq1mJMOaY&_nc_zt=24&_nc_ht=scontent-gig4-1.xx&_nc_gid=AoBFJeGrT1hVaew_6rchkQ&oh=00_AfX7QmFGhQhG2jAllVgXCiM1ZrWgvtp80-Bfppyexh1QEg&oe=689E923C","@id":"https:\/\/anoticiaonline.com.br\/site\/loja-reino-e-inaugurada-no-centro-de-muriae\/#organizationLogo"},"image":{"@id":"https:\/\/anoticiaonline.com.br\/site\/loja-reino-e-inaugurada-no-centro-de-muriae\/#organizationLogo"}},{"@type":"Person","@id":"https:\/\/anoticiaonline.com.br\/site\/author\/juliana\/#author","url":"https:\/\/anoticiaonline.com.br\/site\/author\/juliana\/","name":"Juliana Laviola","image":{"@type":"ImageObject","@id":"https:\/\/anoticiaonline.com.br\/site\/loja-reino-e-inaugurada-no-centro-de-muriae\/#authorImage","url":"https:\/\/secure.gravatar.com\/avatar\/b8d45f5c699b100dfaf0e543582f38f38bf94cb7ae3a5e9abf8d891a34773335?s=96&d=mm&r=g","width":96,"height":96,"caption":"Juliana Laviola"}},{"@type":"WebPage","@id":"https:\/\/anoticiaonline.com.br\/site\/loja-reino-e-inaugurada-no-centro-de-muriae\/#webpage","url":"https:\/\/anoticiaonline.com.br\/site\/loja-reino-e-inaugurada-no-centro-de-muriae\/","name":"Loja Reino \u00e9 inaugurada no Centro de Muria\u00e9 - A Not\u00edcia Online","description":"Muria\u00e9 conta agora com um novo conceito de moda cl\u00e1ssica, executiva e evang\u00e9lica, tanto para o p\u00fablico feminino quanto o masculino. Inaugurada na quinta-feira (11), a Loja Reino est\u00e1 localizada no Edif\u00edcio Top Center, no Centro da cidade. A Reino possui saias, cal\u00e7as jeans e sociais, bermudas, camisas para o dia a dia e tamb\u00e9m","inLanguage":"pt-BR","isPartOf":{"@id":"https:\/\/anoticiaonline.com.br\/site\/#website"},"breadcrumb":{"@id":"https:\/\/anoticiaonline.com.br\/site\/loja-reino-e-inaugurada-no-centro-de-muriae\/#breadcrumblist"},"author":{"@id":"https:\/\/anoticiaonline.com.br\/site\/author\/juliana\/#author"},"creator":{"@id":"https:\/\/anoticiaonline.com.br\/site\/author\/juliana\/#author"},"image":{"@type":"ImageObject","url":"https:\/\/anoticiaonline.com.br\/site\/wp-content\/uploads\/2018\/10\/DSC_0764.jpg","@id":"https:\/\/anoticiaonline.com.br\/site\/loja-reino-e-inaugurada-no-centro-de-muriae\/#mainImage","width":998,"height":667},"primaryImageOfPage":{"@id":"https:\/\/anoticiaonline.com.br\/site\/loja-reino-e-inaugurada-no-centro-de-muriae\/#mainImage"},"datePublished":"2018-10-18T21:55:19-03:00","dateModified":"2018-10-18T21:55:19-03:00"},{"@type":"WebSite","@id":"https:\/\/anoticiaonline.com.br\/site\/#website","url":"https:\/\/anoticiaonline.com.br\/site\/","name":"A Not\u00edcia Online","description":"Noticias de Muria\u00e9 e regi\u00e3o","inLanguage":"pt-BR","publisher":{"@id":"https:\/\/anoticiaonline.com.br\/site\/#organization"}}]},"og:locale":"pt_BR","og:site_name":"A Not\u00edcia Online - Noticias de Muria\u00e9 e regi\u00e3o","og:type":"article","og:title":"Loja Reino \u00e9 inaugurada no Centro de Muria\u00e9 - A Not\u00edcia Online","og:description":"Muria\u00e9 conta agora com um novo conceito de moda cl\u00e1ssica, executiva e evang\u00e9lica, tanto para o p\u00fablico feminino quanto o masculino. Inaugurada na quinta-feira (11), a Loja Reino est\u00e1 localizada no Edif\u00edcio Top Center, no Centro da cidade. A Reino possui saias, cal\u00e7as jeans e sociais, bermudas, camisas para o dia a dia e tamb\u00e9m","og:url":"https:\/\/anoticiaonline.com.br\/site\/loja-reino-e-inaugurada-no-centro-de-muriae\/","og:image":"https:\/\/scontent-gig4-1.xx.fbcdn.net\/v\/t39.30808-1\/270437624_4564083193639691_6907940295614233970_n.jpg?stp=dst-jpg_s200x200_tt6&#038;_nc_cat=111&#038;ccb=1-7&#038;_nc_sid=f907e8&#038;_nc_ohc=SM1wRlP3lJwQ7kNvwEPuBYA&#038;_nc_oc=AdnqrjDN_BNjSSHWO-GbkIWH6fkGMLw4bqvL_NH6e2wMveX7G-rP2dAqsDSq1mJMOaY&#038;_nc_zt=24&#038;_nc_ht=scontent-gig4-1.xx&#038;_nc_gid=AoBFJeGrT1hVaew_6rchkQ&#038;oh=00_AfX7QmFGhQhG2jAllVgXCiM1ZrWgvtp80-Bfppyexh1QEg&#038;oe=689E923C","og:image:secure_url":"https:\/\/scontent-gig4-1.xx.fbcdn.net\/v\/t39.30808-1\/270437624_4564083193639691_6907940295614233970_n.jpg?stp=dst-jpg_s200x200_tt6&#038;_nc_cat=111&#038;ccb=1-7&#038;_nc_sid=f907e8&#038;_nc_ohc=SM1wRlP3lJwQ7kNvwEPuBYA&#038;_nc_oc=AdnqrjDN_BNjSSHWO-GbkIWH6fkGMLw4bqvL_NH6e2wMveX7G-rP2dAqsDSq1mJMOaY&#038;_nc_zt=24&#038;_nc_ht=scontent-gig4-1.xx&#038;_nc_gid=AoBFJeGrT1hVaew_6rchkQ&#038;oh=00_AfX7QmFGhQhG2jAllVgXCiM1ZrWgvtp80-Bfppyexh1QEg&#038;oe=689E923C","article:published_time":"2018-10-19T00:55:19+00:00","article:modified_time":"2018-10-19T00:55:19+00:00","twitter:card":"summary_large_image","twitter:title":"Loja Reino \u00e9 inaugurada no Centro de Muria\u00e9 - A Not\u00edcia Online","twitter:description":"Muria\u00e9 conta agora com um novo conceito de moda cl\u00e1ssica, executiva e evang\u00e9lica, tanto para o p\u00fablico feminino quanto o masculino. Inaugurada na quinta-feira (11), a Loja Reino est\u00e1 localizada no Edif\u00edcio Top Center, no Centro da cidade. A Reino possui saias, cal\u00e7as jeans e sociais, bermudas, camisas para o dia a dia e tamb\u00e9m","twitter:image":"https:\/\/scontent-gig4-1.xx.fbcdn.net\/v\/t39.30808-1\/270437624_4564083193639691_6907940295614233970_n.jpg?stp=dst-jpg_s200x200_tt6&_nc_cat=111&ccb=1-7&_nc_sid=f907e8&_nc_ohc=SM1wRlP3lJwQ7kNvwEPuBYA&_nc_oc=AdnqrjDN_BNjSSHWO-GbkIWH6fkGMLw4bqvL_NH6e2wMveX7G-rP2dAqsDSq1mJMOaY&_nc_zt=24&_nc_ht=scontent-gig4-1.xx&_nc_gid=AoBFJeGrT1hVaew_6rchkQ&oh=00_AfX7QmFGhQhG2jAllVgXCiM1ZrWgvtp80-Bfppyexh1QEg&oe=689E923C"},"aioseo_meta_data":{"post_id":"63368","title":null,"description":null,"keywords":null,"keyphrases":null,"primary_term":null,"canonical_url":null,"og_title":null,"og_description":null,"og_object_type":"default","og_image_type":"default","og_image_url":null,"og_image_width":null,"og_image_height":null,"og_image_custom_url":null,"og_image_custom_fields":null,"og_video":null,"og_custom_url":null,"og_article_section":null,"og_article_tags":null,"twitter_use_og":false,"twitter_card":"default","twitter_image_type":"default","twitter_image_url":null,"twitter_image_custom_url":null,"twitter_image_custom_fields":null,"twitter_title":null,"twitter_description":null,"schema":{"blockGraphs":[],"customGraphs":[],"default":{"data":{"Article":[],"Course":[],"Dataset":[],"FAQPage":[],"Movie":[],"Person":[],"Product":[],"ProductReview":[],"Car":[],"Recipe":[],"Service":[],"SoftwareApplication":[],"WebPage":[]},"graphName":"","isEnabled":true},"graphs":[]},"schema_type":"default","schema_type_options":null,"pillar_content":false,"robots_default":true,"robots_noindex":false,"robots_noarchive":false,"robots_nosnippet":false,"robots_nofollow":false,"robots_noimageindex":false,"robots_noodp":false,"robots_notranslate":false,"robots_max_snippet":null,"robots_max_videopreview":null,"robots_max_imagepreview":"large","priority":null,"frequency":null,"local_seo":null,"breadcrumb_settings":null,"limit_modified_date":false,"ai":null,"created":"2025-08-16 21:55:22","updated":"2025-08-16 21:55:22","focus_keyword":null,"additional_keywords":null,"truseo_locale":null,"seo_analyzer_scan_date":null},"aioseo_breadcrumb":"<div class=\"aioseo-breadcrumbs\"><span class=\"aioseo-breadcrumb\">\n\t\t\t<a href=\"https:\/\/anoticiaonline.com.br\/site\" title=\"Home\">Home<\/a>\n\t\t<\/span><span class=\"aioseo-breadcrumb-separator\">&raquo;<\/span><span class=\"aioseo-breadcrumb\">\n\t\t\t<a href=\"https:\/\/anoticiaonline.com.br\/site\/categoria\/gerais\/\" title=\"Gerais\">Gerais<\/a>\n\t\t<\/span><span class=\"aioseo-breadcrumb-separator\">&raquo;<\/span><span class=\"aioseo-breadcrumb\">\n\t\t\tLoja Reino \u00e9 inaugurada no Centro de Muria\u00e9\n\t\t<\/span><\/div>","aioseo_breadcrumb_json":[{"label":"Home","link":"https:\/\/anoticiaonline.com.br\/site"},{"label":"Gerais","link":"https:\/\/anoticiaonline.com.br\/site\/categoria\/gerais\/"},{"label":"Loja Reino \u00e9 inaugurada no Centro de Muria\u00e9","link":"https:\/\/anoticiaonline.com.br\/site\/loja-reino-e-inaugurada-no-centro-de-muriae\/"}],"views":388,"_links":{"self":[{"href":"https:\/\/anoticiaonline.com.br\/site\/wp-json\/wp\/v2\/posts\/63368","targetHints":{"allow":["GET"]}}],"collection":[{"href":"https:\/\/anoticiaonline.com.br\/site\/wp-json\/wp\/v2\/posts"}],"about":[{"href":"https:\/\/anoticiaonline.com.br\/site\/wp-json\/wp\/v2\/types\/post"}],"author":[{"embeddable":true,"href":"https:\/\/anoticiaonline.com.br\/site\/wp-json\/wp\/v2\/users\/2"}],"replies":[{"embeddable":true,"href":"https:\/\/anoticiaonline.com.br\/site\/wp-json\/wp\/v2\/comments?post=63368"}],"version-history":[{"count":0,"href":"https:\/\/anoticiaonline.com.br\/site\/wp-json\/wp\/v2\/posts\/63368\/revisions"}],"wp:featuredmedia":[{"embeddable":true,"href":"https:\/\/anoticiaonline.com.br\/site\/wp-json\/wp\/v2\/media\/63394"}],"wp:attachment":[{"href":"https:\/\/anoticiaonline.com.br\/site\/wp-json\/wp\/v2\/media?parent=63368"}],"wp:term":[{"taxonomy":"category","embeddable":true,"href":"https:\/\/anoticiaonline.com.br\/site\/wp-json\/wp\/v2\/categories?post=63368"},{"taxonomy":"post_tag","embeddable":true,"href":"https:\/\/anoticiaonline.com.br\/site\/wp-json\/wp\/v2\/tags?post=63368"}],"curies":[{"name":"wp","href":"https:\/\/api.w.org\/{rel}","templated":true}]}}