{"id":63366,"date":"2018-10-18T21:47:58","date_gmt":"2018-10-19T00:47:58","guid":{"rendered":"http:\/\/anoticiaonline.com.br\/site\/?p=63366"},"modified":"2018-10-18T21:47:58","modified_gmt":"2018-10-19T00:47:58","slug":"minas-sat-comemora-aniversario-de-6-anos","status":"publish","type":"post","link":"https:\/\/anoticiaonline.com.br\/site\/minas-sat-comemora-aniversario-de-6-anos\/","title":{"rendered":"Minas Sat comemora anivers\u00e1rio de 6 anos"},"content":{"rendered":"<p><a href=\"https:\/\/anoticiaonline.com.br\/site\/wp-content\/uploads\/2018\/10\/DSC_0134.jpg\"><img fetchpriority=\"high\" decoding=\"async\" class=\"aligncenter size-full wp-image-63370\" src=\"https:\/\/anoticiaonline.com.br\/site\/wp-content\/uploads\/2018\/10\/DSC_0134.jpg\" alt=\"\" width=\"1000\" height=\"667\" srcset=\"https:\/\/anoticiaonline.com.br\/site\/wp-content\/uploads\/2018\/10\/DSC_0134.jpg 1000w, https:\/\/anoticiaonline.com.br\/site\/wp-content\/uploads\/2018\/10\/DSC_0134-300x200.jpg 300w, https:\/\/anoticiaonline.com.br\/site\/wp-content\/uploads\/2018\/10\/DSC_0134-768x512.jpg 768w\" sizes=\"(max-width: 1000px) 100vw, 1000px\" \/><\/a>A Minas Sat, especializada na venda de antenas parab\u00f3licas, acess\u00f3rios para celular, manuten\u00e7\u00e3o, instala\u00e7\u00e3o e assist\u00eancia t\u00e9cnica, automa\u00e7\u00e3o de port\u00e3o, alarme e cerca el\u00e9trica, comemorou seu anivers\u00e1rio de 6 anos no dia 5 de outubro. Na ocasi\u00e3o, clientes e amigos puderam se deliciar com pipoca e algod\u00e3o-doce que foram distribu\u00eddos na loja.<\/p>\n<p>O propriet\u00e1rio da Minas Sat, Wesley de Souza Rodrigues, que possui vasta experi\u00eancia na \u00e1rea, reinaugurou a loja em junho de 2017, em um local mais acess\u00edvel, para melhor atender os clientes.<\/p>\n<p>Em 2018, a loja realizou campanhas diversas com apoio distribuidora Gobel, como a que foi promovida durante a Copa do Mundo Fifa, sempre com o objetivo de esclarecer d\u00favidas de seus clientes sobre a TV digital e divulgar as novas tend\u00eancias.<\/p>\n<p>Localizada na Rua Paschoal Demarques, 54, no Dornelas, A Minas Sat oferece equipamento compacto da Oi TV com programa\u00e7\u00e3o variada e 100% digital, al\u00e9m de programa\u00e7\u00e3o de qualidade, com filmes, s\u00e9ries, desenhos, futebol em canais em HD e com pagamento somente no terceiro m\u00eas.<\/p>\n<div id='gallery-1' class='gallery galleryid-63366 gallery-columns-1 gallery-size-full'><figure class='gallery-item'>\n\t\t\t<div class='gallery-icon landscape'>\n\t\t\t\t<a href='https:\/\/anoticiaonline.com.br\/site\/wp-content\/uploads\/2018\/10\/7bd284cf-0b37-46c9-97ca-c44d65731618.jpg'><img decoding=\"async\" width=\"915\" height=\"667\" src=\"https:\/\/anoticiaonline.com.br\/site\/wp-content\/uploads\/2018\/10\/7bd284cf-0b37-46c9-97ca-c44d65731618.jpg\" class=\"attachment-full size-full\" alt=\"\" srcset=\"https:\/\/anoticiaonline.com.br\/site\/wp-content\/uploads\/2018\/10\/7bd284cf-0b37-46c9-97ca-c44d65731618.jpg 915w, https:\/\/anoticiaonline.com.br\/site\/wp-content\/uploads\/2018\/10\/7bd284cf-0b37-46c9-97ca-c44d65731618-300x219.jpg 300w, https:\/\/anoticiaonline.com.br\/site\/wp-content\/uploads\/2018\/10\/7bd284cf-0b37-46c9-97ca-c44d65731618-768x560.jpg 768w\" sizes=\"(max-width: 915px) 100vw, 915px\" \/><\/a>\n\t\t\t<\/div><\/figure><figure class='gallery-item'>\n\t\t\t<div class='gallery-icon portrait'>\n\t\t\t\t<a href='https:\/\/anoticiaonline.com.br\/site\/wp-content\/uploads\/2018\/10\/DSC_0156.jpg'><img decoding=\"async\" width=\"533\" height=\"800\" src=\"https:\/\/anoticiaonline.com.br\/site\/wp-content\/uploads\/2018\/10\/DSC_0156.jpg\" class=\"attachment-full size-full\" alt=\"\" srcset=\"https:\/\/anoticiaonline.com.br\/site\/wp-content\/uploads\/2018\/10\/DSC_0156.jpg 533w, https:\/\/anoticiaonline.com.br\/site\/wp-content\/uploads\/2018\/10\/DSC_0156-200x300.jpg 200w\" sizes=\"(max-width: 533px) 100vw, 533px\" \/><\/a>\n\t\t\t<\/div><\/figure><figure class='gallery-item'>\n\t\t\t<div class='gallery-icon landscape'>\n\t\t\t\t<a href='https:\/\/anoticiaonline.com.br\/site\/wp-content\/uploads\/2018\/10\/DSC_0190.jpg'><img loading=\"lazy\" decoding=\"async\" width=\"1000\" height=\"667\" src=\"https:\/\/anoticiaonline.com.br\/site\/wp-content\/uploads\/2018\/10\/DSC_0190.jpg\" class=\"attachment-full size-full\" alt=\"\" srcset=\"https:\/\/anoticiaonline.com.br\/site\/wp-content\/uploads\/2018\/10\/DSC_0190.jpg 1000w, https:\/\/anoticiaonline.com.br\/site\/wp-content\/uploads\/2018\/10\/DSC_0190-300x200.jpg 300w, https:\/\/anoticiaonline.com.br\/site\/wp-content\/uploads\/2018\/10\/DSC_0190-768x512.jpg 768w\" sizes=\"(max-width: 1000px) 100vw, 1000px\" \/><\/a>\n\t\t\t<\/div><\/figure><figure class='gallery-item'>\n\t\t\t<div class='gallery-icon landscape'>\n\t\t\t\t<a href='https:\/\/anoticiaonline.com.br\/site\/wp-content\/uploads\/2018\/10\/DSC_01462.jpg'><img loading=\"lazy\" decoding=\"async\" width=\"1000\" height=\"479\" src=\"https:\/\/anoticiaonline.com.br\/site\/wp-content\/uploads\/2018\/10\/DSC_01462.jpg\" class=\"attachment-full size-full\" alt=\"\" srcset=\"https:\/\/anoticiaonline.com.br\/site\/wp-content\/uploads\/2018\/10\/DSC_01462.jpg 1000w, https:\/\/anoticiaonline.com.br\/site\/wp-content\/uploads\/2018\/10\/DSC_01462-300x144.jpg 300w, https:\/\/anoticiaonline.com.br\/site\/wp-content\/uploads\/2018\/10\/DSC_01462-768x368.jpg 768w\" sizes=\"(max-width: 1000px) 100vw, 1000px\" \/><\/a>\n\t\t\t<\/div><\/figure><figure class='gallery-item'>\n\t\t\t<div class='gallery-icon portrait'>\n\t\t\t\t<a href='https:\/\/anoticiaonline.com.br\/site\/wp-content\/uploads\/2018\/10\/DSC_1860.jpg'><img loading=\"lazy\" decoding=\"async\" width=\"480\" height=\"663\" src=\"https:\/\/anoticiaonline.com.br\/site\/wp-content\/uploads\/2018\/10\/DSC_1860.jpg\" class=\"attachment-full size-full\" alt=\"\" srcset=\"https:\/\/anoticiaonline.com.br\/site\/wp-content\/uploads\/2018\/10\/DSC_1860.jpg 480w, https:\/\/anoticiaonline.com.br\/site\/wp-content\/uploads\/2018\/10\/DSC_1860-217x300.jpg 217w\" sizes=\"(max-width: 480px) 100vw, 480px\" \/><\/a>\n\t\t\t<\/div><\/figure><figure class='gallery-item'>\n\t\t\t<div class='gallery-icon landscape'>\n\t\t\t\t<a href='https:\/\/anoticiaonline.com.br\/site\/wp-content\/uploads\/2018\/10\/DSC05542.jpg'><img loading=\"lazy\" decoding=\"async\" width=\"890\" height=\"667\" src=\"https:\/\/anoticiaonline.com.br\/site\/wp-content\/uploads\/2018\/10\/DSC05542.jpg\" class=\"attachment-full size-full\" alt=\"\" srcset=\"https:\/\/anoticiaonline.com.br\/site\/wp-content\/uploads\/2018\/10\/DSC05542.jpg 890w, https:\/\/anoticiaonline.com.br\/site\/wp-content\/uploads\/2018\/10\/DSC05542-300x225.jpg 300w, https:\/\/anoticiaonline.com.br\/site\/wp-content\/uploads\/2018\/10\/DSC05542-768x576.jpg 768w, https:\/\/anoticiaonline.com.br\/site\/wp-content\/uploads\/2018\/10\/DSC05542-105x80.jpg 105w\" sizes=\"(max-width: 890px) 100vw, 890px\" \/><\/a>\n\t\t\t<\/div><\/figure>\n\t\t<\/div>\n\n","protected":false},"excerpt":{"rendered":"<p>A Minas Sat, especializada na venda de antenas parab\u00f3licas, acess\u00f3rios para celular, manuten\u00e7\u00e3o, instala\u00e7\u00e3o e assist\u00eancia t\u00e9cnica, automa\u00e7\u00e3o de port\u00e3o, alarme e cerca el\u00e9trica, comemorou seu anivers\u00e1rio de 6 anos no dia 5 de outubro. Na ocasi\u00e3o, clientes e amigos puderam se deliciar com pipoca e algod\u00e3o-doce que foram distribu\u00eddos na loja. O propriet\u00e1rio da &#8230; <a title=\"Minas Sat comemora anivers\u00e1rio de 6 anos\" class=\"read-more\" href=\"https:\/\/anoticiaonline.com.br\/site\/minas-sat-comemora-aniversario-de-6-anos\/\" aria-label=\"Read more about Minas Sat comemora anivers\u00e1rio de 6 anos\">Ler mais<\/a><\/p>\n","protected":false},"author":7,"featured_media":63393,"comment_status":"open","ping_status":"open","sticky":false,"template":"","format":"standard","meta":{"_acf_changed":false,"_monsterinsights_skip_tracking":false,"footnotes":""},"categories":[30,24],"tags":[338],"class_list":["post-63366","post","type-post","status-publish","format-standard","has-post-thumbnail","hentry","category-muriae","category-eventos","tag-minas-sat"],"acf":[],"aioseo_notices":[],"aioseo_head":"\n\t\t<!-- All in One SEO 5.0.0.1 - aioseo.com -->\n\t<meta name=\"description\" content=\"A Minas Sat, especializada na venda de antenas parab\u00f3licas, acess\u00f3rios para celular, manuten\u00e7\u00e3o, instala\u00e7\u00e3o e assist\u00eancia t\u00e9cnica, automa\u00e7\u00e3o de port\u00e3o, alarme e cerca el\u00e9trica, comemorou seu anivers\u00e1rio de 6 anos no dia 5 de outubro. Na ocasi\u00e3o, clientes e amigos puderam se deliciar com pipoca e algod\u00e3o-doce que foram distribu\u00eddos na loja. O propriet\u00e1rio da\" \/>\n\t<meta name=\"robots\" content=\"max-image-preview:large\" \/>\n\t<meta name=\"author\" content=\"Leandro Bebiano\"\/>\n\t<link rel=\"canonical\" href=\"https:\/\/anoticiaonline.com.br\/site\/minas-sat-comemora-aniversario-de-6-anos\/\" \/>\n\t<meta name=\"generator\" content=\"All in One SEO (AIOSEO) 5.0.0.1\" \/>\n\t\t<meta property=\"og:locale\" content=\"pt_BR\" \/>\n\t\t<meta property=\"og:site_name\" content=\"A Not\u00edcia Online - Noticias de Muria\u00e9 e regi\u00e3o\" \/>\n\t\t<meta property=\"og:type\" content=\"article\" \/>\n\t\t<meta property=\"og:title\" content=\"Minas Sat comemora anivers\u00e1rio de 6 anos - A Not\u00edcia Online\" \/>\n\t\t<meta property=\"og:description\" content=\"A Minas Sat, especializada na venda de antenas parab\u00f3licas, acess\u00f3rios para celular, manuten\u00e7\u00e3o, instala\u00e7\u00e3o e assist\u00eancia t\u00e9cnica, automa\u00e7\u00e3o de port\u00e3o, alarme e cerca el\u00e9trica, comemorou seu anivers\u00e1rio de 6 anos no dia 5 de outubro. Na ocasi\u00e3o, clientes e amigos puderam se deliciar com pipoca e algod\u00e3o-doce que foram distribu\u00eddos na loja. O propriet\u00e1rio da\" \/>\n\t\t<meta property=\"og:url\" content=\"https:\/\/anoticiaonline.com.br\/site\/minas-sat-comemora-aniversario-de-6-anos\/\" \/>\n\t\t<meta property=\"og:image\" content=\"https:\/\/scontent-gig4-1.xx.fbcdn.net\/v\/t39.30808-1\/270437624_4564083193639691_6907940295614233970_n.jpg?stp=dst-jpg_s200x200_tt6&#038;_nc_cat=111&#038;ccb=1-7&#038;_nc_sid=f907e8&#038;_nc_ohc=SM1wRlP3lJwQ7kNvwEPuBYA&#038;_nc_oc=AdnqrjDN_BNjSSHWO-GbkIWH6fkGMLw4bqvL_NH6e2wMveX7G-rP2dAqsDSq1mJMOaY&#038;_nc_zt=24&#038;_nc_ht=scontent-gig4-1.xx&#038;_nc_gid=AoBFJeGrT1hVaew_6rchkQ&#038;oh=00_AfX7QmFGhQhG2jAllVgXCiM1ZrWgvtp80-Bfppyexh1QEg&#038;oe=689E923C\" \/>\n\t\t<meta property=\"og:image:secure_url\" content=\"https:\/\/scontent-gig4-1.xx.fbcdn.net\/v\/t39.30808-1\/270437624_4564083193639691_6907940295614233970_n.jpg?stp=dst-jpg_s200x200_tt6&#038;_nc_cat=111&#038;ccb=1-7&#038;_nc_sid=f907e8&#038;_nc_ohc=SM1wRlP3lJwQ7kNvwEPuBYA&#038;_nc_oc=AdnqrjDN_BNjSSHWO-GbkIWH6fkGMLw4bqvL_NH6e2wMveX7G-rP2dAqsDSq1mJMOaY&#038;_nc_zt=24&#038;_nc_ht=scontent-gig4-1.xx&#038;_nc_gid=AoBFJeGrT1hVaew_6rchkQ&#038;oh=00_AfX7QmFGhQhG2jAllVgXCiM1ZrWgvtp80-Bfppyexh1QEg&#038;oe=689E923C\" \/>\n\t\t<meta property=\"article:published_time\" content=\"2018-10-19T00:47:58+00:00\" \/>\n\t\t<meta property=\"article:modified_time\" content=\"2018-10-19T00:47:58+00:00\" \/>\n\t\t<meta name=\"twitter:card\" content=\"summary_large_image\" \/>\n\t\t<meta name=\"twitter:title\" content=\"Minas Sat comemora anivers\u00e1rio de 6 anos - A Not\u00edcia Online\" \/>\n\t\t<meta name=\"twitter:description\" content=\"A Minas Sat, especializada na venda de antenas parab\u00f3licas, acess\u00f3rios para celular, manuten\u00e7\u00e3o, instala\u00e7\u00e3o e assist\u00eancia t\u00e9cnica, automa\u00e7\u00e3o de port\u00e3o, alarme e cerca el\u00e9trica, comemorou seu anivers\u00e1rio de 6 anos no dia 5 de outubro. Na ocasi\u00e3o, clientes e amigos puderam se deliciar com pipoca e algod\u00e3o-doce que foram distribu\u00eddos na loja. O propriet\u00e1rio da\" \/>\n\t\t<meta name=\"twitter:image\" content=\"https:\/\/scontent-gig4-1.xx.fbcdn.net\/v\/t39.30808-1\/270437624_4564083193639691_6907940295614233970_n.jpg?stp=dst-jpg_s200x200_tt6&amp;_nc_cat=111&amp;ccb=1-7&amp;_nc_sid=f907e8&amp;_nc_ohc=SM1wRlP3lJwQ7kNvwEPuBYA&amp;_nc_oc=AdnqrjDN_BNjSSHWO-GbkIWH6fkGMLw4bqvL_NH6e2wMveX7G-rP2dAqsDSq1mJMOaY&amp;_nc_zt=24&amp;_nc_ht=scontent-gig4-1.xx&amp;_nc_gid=AoBFJeGrT1hVaew_6rchkQ&amp;oh=00_AfX7QmFGhQhG2jAllVgXCiM1ZrWgvtp80-Bfppyexh1QEg&amp;oe=689E923C\" \/>\n\t\t<script type=\"application\/ld+json\" class=\"aioseo-schema\">\n\t\t\t{\"@context\":\"https:\\\/\\\/schema.org\",\"@graph\":[{\"@type\":\"BlogPosting\",\"@id\":\"https:\\\/\\\/anoticiaonline.com.br\\\/site\\\/minas-sat-comemora-aniversario-de-6-anos\\\/#blogposting\",\"name\":\"Minas Sat comemora anivers\\u00e1rio de 6 anos - A Not\\u00edcia Online\",\"headline\":\"Minas Sat comemora anivers\\u00e1rio de 6 anos\",\"author\":{\"@id\":\"https:\\\/\\\/anoticiaonline.com.br\\\/site\\\/author\\\/leandro\\\/#author\"},\"publisher\":{\"@id\":\"https:\\\/\\\/anoticiaonline.com.br\\\/site\\\/#organization\"},\"image\":{\"@type\":\"ImageObject\",\"url\":\"https:\\\/\\\/anoticiaonline.com.br\\\/site\\\/wp-content\\\/uploads\\\/2018\\\/10\\\/CAPA-MINAS.jpg\",\"width\":1000,\"height\":350},\"datePublished\":\"2018-10-18T21:47:58-03:00\",\"dateModified\":\"2018-10-18T21:47:58-03:00\",\"inLanguage\":\"pt-BR\",\"mainEntityOfPage\":{\"@id\":\"https:\\\/\\\/anoticiaonline.com.br\\\/site\\\/minas-sat-comemora-aniversario-de-6-anos\\\/#webpage\"},\"isPartOf\":{\"@id\":\"https:\\\/\\\/anoticiaonline.com.br\\\/site\\\/minas-sat-comemora-aniversario-de-6-anos\\\/#webpage\"},\"articleSection\":\"Blog, Eventos, minas sat\"},{\"@type\":\"BreadcrumbList\",\"@id\":\"https:\\\/\\\/anoticiaonline.com.br\\\/site\\\/minas-sat-comemora-aniversario-de-6-anos\\\/#breadcrumblist\",\"itemListElement\":[{\"@type\":\"ListItem\",\"@id\":\"https:\\\/\\\/anoticiaonline.com.br\\\/site#listItem\",\"position\":1,\"name\":\"Home\",\"item\":\"https:\\\/\\\/anoticiaonline.com.br\\\/site\",\"nextItem\":{\"@type\":\"ListItem\",\"@id\":\"https:\\\/\\\/anoticiaonline.com.br\\\/site\\\/categoria\\\/eventos\\\/#listItem\",\"name\":\"Eventos\"}},{\"@type\":\"ListItem\",\"@id\":\"https:\\\/\\\/anoticiaonline.com.br\\\/site\\\/categoria\\\/eventos\\\/#listItem\",\"position\":2,\"name\":\"Eventos\",\"item\":\"https:\\\/\\\/anoticiaonline.com.br\\\/site\\\/categoria\\\/eventos\\\/\",\"nextItem\":{\"@type\":\"ListItem\",\"@id\":\"https:\\\/\\\/anoticiaonline.com.br\\\/site\\\/minas-sat-comemora-aniversario-de-6-anos\\\/#listItem\",\"name\":\"Minas Sat comemora anivers\\u00e1rio de 6 anos\"},\"previousItem\":{\"@type\":\"ListItem\",\"@id\":\"https:\\\/\\\/anoticiaonline.com.br\\\/site#listItem\",\"name\":\"Home\"}},{\"@type\":\"ListItem\",\"@id\":\"https:\\\/\\\/anoticiaonline.com.br\\\/site\\\/minas-sat-comemora-aniversario-de-6-anos\\\/#listItem\",\"position\":3,\"name\":\"Minas Sat comemora anivers\\u00e1rio de 6 anos\",\"previousItem\":{\"@type\":\"ListItem\",\"@id\":\"https:\\\/\\\/anoticiaonline.com.br\\\/site\\\/categoria\\\/eventos\\\/#listItem\",\"name\":\"Eventos\"}}]},{\"@type\":\"Organization\",\"@id\":\"https:\\\/\\\/anoticiaonline.com.br\\\/site\\\/#organization\",\"name\":\"A Not\\u00edcia Online\",\"description\":\"Noticias de Muria\\u00e9 e regi\\u00e3o\",\"url\":\"https:\\\/\\\/anoticiaonline.com.br\\\/site\\\/\",\"logo\":{\"@type\":\"ImageObject\",\"url\":\"https:\\\/\\\/scontent-gig4-1.xx.fbcdn.net\\\/v\\\/t39.30808-1\\\/270437624_4564083193639691_6907940295614233970_n.jpg?stp=dst-jpg_s200x200_tt6&_nc_cat=111&ccb=1-7&_nc_sid=f907e8&_nc_ohc=SM1wRlP3lJwQ7kNvwEPuBYA&_nc_oc=AdnqrjDN_BNjSSHWO-GbkIWH6fkGMLw4bqvL_NH6e2wMveX7G-rP2dAqsDSq1mJMOaY&_nc_zt=24&_nc_ht=scontent-gig4-1.xx&_nc_gid=AoBFJeGrT1hVaew_6rchkQ&oh=00_AfX7QmFGhQhG2jAllVgXCiM1ZrWgvtp80-Bfppyexh1QEg&oe=689E923C\",\"@id\":\"https:\\\/\\\/anoticiaonline.com.br\\\/site\\\/minas-sat-comemora-aniversario-de-6-anos\\\/#organizationLogo\"},\"image\":{\"@id\":\"https:\\\/\\\/anoticiaonline.com.br\\\/site\\\/minas-sat-comemora-aniversario-de-6-anos\\\/#organizationLogo\"}},{\"@type\":\"Person\",\"@id\":\"https:\\\/\\\/anoticiaonline.com.br\\\/site\\\/author\\\/leandro\\\/#author\",\"url\":\"https:\\\/\\\/anoticiaonline.com.br\\\/site\\\/author\\\/leandro\\\/\",\"name\":\"Leandro Bebiano\",\"image\":{\"@type\":\"ImageObject\",\"@id\":\"https:\\\/\\\/anoticiaonline.com.br\\\/site\\\/minas-sat-comemora-aniversario-de-6-anos\\\/#authorImage\",\"url\":\"https:\\\/\\\/secure.gravatar.com\\\/avatar\\\/99966a20c143db97c8590c2013307c7c234a4cca48ed5657cbb47e22a400bd5f?s=96&d=mm&r=g\",\"width\":96,\"height\":96,\"caption\":\"Leandro Bebiano\"}},{\"@type\":\"WebPage\",\"@id\":\"https:\\\/\\\/anoticiaonline.com.br\\\/site\\\/minas-sat-comemora-aniversario-de-6-anos\\\/#webpage\",\"url\":\"https:\\\/\\\/anoticiaonline.com.br\\\/site\\\/minas-sat-comemora-aniversario-de-6-anos\\\/\",\"name\":\"Minas Sat comemora anivers\\u00e1rio de 6 anos - A Not\\u00edcia Online\",\"description\":\"A Minas Sat, especializada na venda de antenas parab\\u00f3licas, acess\\u00f3rios para celular, manuten\\u00e7\\u00e3o, instala\\u00e7\\u00e3o e assist\\u00eancia t\\u00e9cnica, automa\\u00e7\\u00e3o de port\\u00e3o, alarme e cerca el\\u00e9trica, comemorou seu anivers\\u00e1rio de 6 anos no dia 5 de outubro. Na ocasi\\u00e3o, clientes e amigos puderam se deliciar com pipoca e algod\\u00e3o-doce que foram distribu\\u00eddos na loja. O propriet\\u00e1rio da\",\"inLanguage\":\"pt-BR\",\"isPartOf\":{\"@id\":\"https:\\\/\\\/anoticiaonline.com.br\\\/site\\\/#website\"},\"breadcrumb\":{\"@id\":\"https:\\\/\\\/anoticiaonline.com.br\\\/site\\\/minas-sat-comemora-aniversario-de-6-anos\\\/#breadcrumblist\"},\"author\":{\"@id\":\"https:\\\/\\\/anoticiaonline.com.br\\\/site\\\/author\\\/leandro\\\/#author\"},\"creator\":{\"@id\":\"https:\\\/\\\/anoticiaonline.com.br\\\/site\\\/author\\\/leandro\\\/#author\"},\"image\":{\"@type\":\"ImageObject\",\"url\":\"https:\\\/\\\/anoticiaonline.com.br\\\/site\\\/wp-content\\\/uploads\\\/2018\\\/10\\\/CAPA-MINAS.jpg\",\"@id\":\"https:\\\/\\\/anoticiaonline.com.br\\\/site\\\/minas-sat-comemora-aniversario-de-6-anos\\\/#mainImage\",\"width\":1000,\"height\":350},\"primaryImageOfPage\":{\"@id\":\"https:\\\/\\\/anoticiaonline.com.br\\\/site\\\/minas-sat-comemora-aniversario-de-6-anos\\\/#mainImage\"},\"datePublished\":\"2018-10-18T21:47:58-03:00\",\"dateModified\":\"2018-10-18T21:47:58-03:00\"},{\"@type\":\"WebSite\",\"@id\":\"https:\\\/\\\/anoticiaonline.com.br\\\/site\\\/#website\",\"url\":\"https:\\\/\\\/anoticiaonline.com.br\\\/site\\\/\",\"name\":\"A Not\\u00edcia Online\",\"description\":\"Noticias de Muria\\u00e9 e regi\\u00e3o\",\"inLanguage\":\"pt-BR\",\"publisher\":{\"@id\":\"https:\\\/\\\/anoticiaonline.com.br\\\/site\\\/#organization\"}}]}\n\t\t<\/script>\n\t\t<!-- All in One SEO -->\n\n","aioseo_head_json":{"title":"Minas Sat comemora anivers\u00e1rio de 6 anos - A Not\u00edcia Online","description":"A Minas Sat, especializada na venda de antenas parab\u00f3licas, acess\u00f3rios para celular, manuten\u00e7\u00e3o, instala\u00e7\u00e3o e assist\u00eancia t\u00e9cnica, automa\u00e7\u00e3o de port\u00e3o, alarme e cerca el\u00e9trica, comemorou seu anivers\u00e1rio de 6 anos no dia 5 de outubro. Na ocasi\u00e3o, clientes e amigos puderam se deliciar com pipoca e algod\u00e3o-doce que foram distribu\u00eddos na loja. O propriet\u00e1rio da","canonical_url":"https:\/\/anoticiaonline.com.br\/site\/minas-sat-comemora-aniversario-de-6-anos\/","robots":"max-image-preview:large","keywords":"","webmasterTools":{"miscellaneous":""},"schema":{"@context":"https:\/\/schema.org","@graph":[{"@type":"BlogPosting","@id":"https:\/\/anoticiaonline.com.br\/site\/minas-sat-comemora-aniversario-de-6-anos\/#blogposting","name":"Minas Sat comemora anivers\u00e1rio de 6 anos - A Not\u00edcia Online","headline":"Minas Sat comemora anivers\u00e1rio de 6 anos","author":{"@id":"https:\/\/anoticiaonline.com.br\/site\/author\/leandro\/#author"},"publisher":{"@id":"https:\/\/anoticiaonline.com.br\/site\/#organization"},"image":{"@type":"ImageObject","url":"https:\/\/anoticiaonline.com.br\/site\/wp-content\/uploads\/2018\/10\/CAPA-MINAS.jpg","width":1000,"height":350},"datePublished":"2018-10-18T21:47:58-03:00","dateModified":"2018-10-18T21:47:58-03:00","inLanguage":"pt-BR","mainEntityOfPage":{"@id":"https:\/\/anoticiaonline.com.br\/site\/minas-sat-comemora-aniversario-de-6-anos\/#webpage"},"isPartOf":{"@id":"https:\/\/anoticiaonline.com.br\/site\/minas-sat-comemora-aniversario-de-6-anos\/#webpage"},"articleSection":"Blog, Eventos, minas sat"},{"@type":"BreadcrumbList","@id":"https:\/\/anoticiaonline.com.br\/site\/minas-sat-comemora-aniversario-de-6-anos\/#breadcrumblist","itemListElement":[{"@type":"ListItem","@id":"https:\/\/anoticiaonline.com.br\/site#listItem","position":1,"name":"Home","item":"https:\/\/anoticiaonline.com.br\/site","nextItem":{"@type":"ListItem","@id":"https:\/\/anoticiaonline.com.br\/site\/categoria\/eventos\/#listItem","name":"Eventos"}},{"@type":"ListItem","@id":"https:\/\/anoticiaonline.com.br\/site\/categoria\/eventos\/#listItem","position":2,"name":"Eventos","item":"https:\/\/anoticiaonline.com.br\/site\/categoria\/eventos\/","nextItem":{"@type":"ListItem","@id":"https:\/\/anoticiaonline.com.br\/site\/minas-sat-comemora-aniversario-de-6-anos\/#listItem","name":"Minas Sat comemora anivers\u00e1rio de 6 anos"},"previousItem":{"@type":"ListItem","@id":"https:\/\/anoticiaonline.com.br\/site#listItem","name":"Home"}},{"@type":"ListItem","@id":"https:\/\/anoticiaonline.com.br\/site\/minas-sat-comemora-aniversario-de-6-anos\/#listItem","position":3,"name":"Minas Sat comemora anivers\u00e1rio de 6 anos","previousItem":{"@type":"ListItem","@id":"https:\/\/anoticiaonline.com.br\/site\/categoria\/eventos\/#listItem","name":"Eventos"}}]},{"@type":"Organization","@id":"https:\/\/anoticiaonline.com.br\/site\/#organization","name":"A Not\u00edcia Online","description":"Noticias de Muria\u00e9 e regi\u00e3o","url":"https:\/\/anoticiaonline.com.br\/site\/","logo":{"@type":"ImageObject","url":"https:\/\/scontent-gig4-1.xx.fbcdn.net\/v\/t39.30808-1\/270437624_4564083193639691_6907940295614233970_n.jpg?stp=dst-jpg_s200x200_tt6&_nc_cat=111&ccb=1-7&_nc_sid=f907e8&_nc_ohc=SM1wRlP3lJwQ7kNvwEPuBYA&_nc_oc=AdnqrjDN_BNjSSHWO-GbkIWH6fkGMLw4bqvL_NH6e2wMveX7G-rP2dAqsDSq1mJMOaY&_nc_zt=24&_nc_ht=scontent-gig4-1.xx&_nc_gid=AoBFJeGrT1hVaew_6rchkQ&oh=00_AfX7QmFGhQhG2jAllVgXCiM1ZrWgvtp80-Bfppyexh1QEg&oe=689E923C","@id":"https:\/\/anoticiaonline.com.br\/site\/minas-sat-comemora-aniversario-de-6-anos\/#organizationLogo"},"image":{"@id":"https:\/\/anoticiaonline.com.br\/site\/minas-sat-comemora-aniversario-de-6-anos\/#organizationLogo"}},{"@type":"Person","@id":"https:\/\/anoticiaonline.com.br\/site\/author\/leandro\/#author","url":"https:\/\/anoticiaonline.com.br\/site\/author\/leandro\/","name":"Leandro Bebiano","image":{"@type":"ImageObject","@id":"https:\/\/anoticiaonline.com.br\/site\/minas-sat-comemora-aniversario-de-6-anos\/#authorImage","url":"https:\/\/secure.gravatar.com\/avatar\/99966a20c143db97c8590c2013307c7c234a4cca48ed5657cbb47e22a400bd5f?s=96&d=mm&r=g","width":96,"height":96,"caption":"Leandro Bebiano"}},{"@type":"WebPage","@id":"https:\/\/anoticiaonline.com.br\/site\/minas-sat-comemora-aniversario-de-6-anos\/#webpage","url":"https:\/\/anoticiaonline.com.br\/site\/minas-sat-comemora-aniversario-de-6-anos\/","name":"Minas Sat comemora anivers\u00e1rio de 6 anos - A Not\u00edcia Online","description":"A Minas Sat, especializada na venda de antenas parab\u00f3licas, acess\u00f3rios para celular, manuten\u00e7\u00e3o, instala\u00e7\u00e3o e assist\u00eancia t\u00e9cnica, automa\u00e7\u00e3o de port\u00e3o, alarme e cerca el\u00e9trica, comemorou seu anivers\u00e1rio de 6 anos no dia 5 de outubro. Na ocasi\u00e3o, clientes e amigos puderam se deliciar com pipoca e algod\u00e3o-doce que foram distribu\u00eddos na loja. O propriet\u00e1rio da","inLanguage":"pt-BR","isPartOf":{"@id":"https:\/\/anoticiaonline.com.br\/site\/#website"},"breadcrumb":{"@id":"https:\/\/anoticiaonline.com.br\/site\/minas-sat-comemora-aniversario-de-6-anos\/#breadcrumblist"},"author":{"@id":"https:\/\/anoticiaonline.com.br\/site\/author\/leandro\/#author"},"creator":{"@id":"https:\/\/anoticiaonline.com.br\/site\/author\/leandro\/#author"},"image":{"@type":"ImageObject","url":"https:\/\/anoticiaonline.com.br\/site\/wp-content\/uploads\/2018\/10\/CAPA-MINAS.jpg","@id":"https:\/\/anoticiaonline.com.br\/site\/minas-sat-comemora-aniversario-de-6-anos\/#mainImage","width":1000,"height":350},"primaryImageOfPage":{"@id":"https:\/\/anoticiaonline.com.br\/site\/minas-sat-comemora-aniversario-de-6-anos\/#mainImage"},"datePublished":"2018-10-18T21:47:58-03:00","dateModified":"2018-10-18T21:47:58-03:00"},{"@type":"WebSite","@id":"https:\/\/anoticiaonline.com.br\/site\/#website","url":"https:\/\/anoticiaonline.com.br\/site\/","name":"A Not\u00edcia Online","description":"Noticias de Muria\u00e9 e regi\u00e3o","inLanguage":"pt-BR","publisher":{"@id":"https:\/\/anoticiaonline.com.br\/site\/#organization"}}]},"og:locale":"pt_BR","og:site_name":"A Not\u00edcia Online - Noticias de Muria\u00e9 e regi\u00e3o","og:type":"article","og:title":"Minas Sat comemora anivers\u00e1rio de 6 anos - A Not\u00edcia Online","og:description":"A Minas Sat, especializada na venda de antenas parab\u00f3licas, acess\u00f3rios para celular, manuten\u00e7\u00e3o, instala\u00e7\u00e3o e assist\u00eancia t\u00e9cnica, automa\u00e7\u00e3o de port\u00e3o, alarme e cerca el\u00e9trica, comemorou seu anivers\u00e1rio de 6 anos no dia 5 de outubro. Na ocasi\u00e3o, clientes e amigos puderam se deliciar com pipoca e algod\u00e3o-doce que foram distribu\u00eddos na loja. O propriet\u00e1rio da","og:url":"https:\/\/anoticiaonline.com.br\/site\/minas-sat-comemora-aniversario-de-6-anos\/","og:image":"https:\/\/scontent-gig4-1.xx.fbcdn.net\/v\/t39.30808-1\/270437624_4564083193639691_6907940295614233970_n.jpg?stp=dst-jpg_s200x200_tt6&#038;_nc_cat=111&#038;ccb=1-7&#038;_nc_sid=f907e8&#038;_nc_ohc=SM1wRlP3lJwQ7kNvwEPuBYA&#038;_nc_oc=AdnqrjDN_BNjSSHWO-GbkIWH6fkGMLw4bqvL_NH6e2wMveX7G-rP2dAqsDSq1mJMOaY&#038;_nc_zt=24&#038;_nc_ht=scontent-gig4-1.xx&#038;_nc_gid=AoBFJeGrT1hVaew_6rchkQ&#038;oh=00_AfX7QmFGhQhG2jAllVgXCiM1ZrWgvtp80-Bfppyexh1QEg&#038;oe=689E923C","og:image:secure_url":"https:\/\/scontent-gig4-1.xx.fbcdn.net\/v\/t39.30808-1\/270437624_4564083193639691_6907940295614233970_n.jpg?stp=dst-jpg_s200x200_tt6&#038;_nc_cat=111&#038;ccb=1-7&#038;_nc_sid=f907e8&#038;_nc_ohc=SM1wRlP3lJwQ7kNvwEPuBYA&#038;_nc_oc=AdnqrjDN_BNjSSHWO-GbkIWH6fkGMLw4bqvL_NH6e2wMveX7G-rP2dAqsDSq1mJMOaY&#038;_nc_zt=24&#038;_nc_ht=scontent-gig4-1.xx&#038;_nc_gid=AoBFJeGrT1hVaew_6rchkQ&#038;oh=00_AfX7QmFGhQhG2jAllVgXCiM1ZrWgvtp80-Bfppyexh1QEg&#038;oe=689E923C","article:published_time":"2018-10-19T00:47:58+00:00","article:modified_time":"2018-10-19T00:47:58+00:00","twitter:card":"summary_large_image","twitter:title":"Minas Sat comemora anivers\u00e1rio de 6 anos - A Not\u00edcia Online","twitter:description":"A Minas Sat, especializada na venda de antenas parab\u00f3licas, acess\u00f3rios para celular, manuten\u00e7\u00e3o, instala\u00e7\u00e3o e assist\u00eancia t\u00e9cnica, automa\u00e7\u00e3o de port\u00e3o, alarme e cerca el\u00e9trica, comemorou seu anivers\u00e1rio de 6 anos no dia 5 de outubro. Na ocasi\u00e3o, clientes e amigos puderam se deliciar com pipoca e algod\u00e3o-doce que foram distribu\u00eddos na loja. O propriet\u00e1rio da","twitter:image":"https:\/\/scontent-gig4-1.xx.fbcdn.net\/v\/t39.30808-1\/270437624_4564083193639691_6907940295614233970_n.jpg?stp=dst-jpg_s200x200_tt6&_nc_cat=111&ccb=1-7&_nc_sid=f907e8&_nc_ohc=SM1wRlP3lJwQ7kNvwEPuBYA&_nc_oc=AdnqrjDN_BNjSSHWO-GbkIWH6fkGMLw4bqvL_NH6e2wMveX7G-rP2dAqsDSq1mJMOaY&_nc_zt=24&_nc_ht=scontent-gig4-1.xx&_nc_gid=AoBFJeGrT1hVaew_6rchkQ&oh=00_AfX7QmFGhQhG2jAllVgXCiM1ZrWgvtp80-Bfppyexh1QEg&oe=689E923C"},"aioseo_meta_data":{"post_id":"63366","title":null,"description":null,"keywords":null,"keyphrases":null,"primary_term":null,"canonical_url":null,"og_title":null,"og_description":null,"og_object_type":"default","og_image_type":"default","og_image_url":null,"og_image_width":null,"og_image_height":null,"og_image_custom_url":null,"og_image_custom_fields":null,"og_video":null,"og_custom_url":null,"og_article_section":null,"og_article_tags":null,"twitter_use_og":false,"twitter_card":"default","twitter_image_type":"default","twitter_image_url":null,"twitter_image_custom_url":null,"twitter_image_custom_fields":null,"twitter_title":null,"twitter_description":null,"schema":{"blockGraphs":[],"customGraphs":[],"default":{"data":{"Article":[],"Course":[],"Dataset":[],"FAQPage":[],"Movie":[],"Person":[],"Product":[],"ProductReview":[],"Car":[],"Recipe":[],"Service":[],"SoftwareApplication":[],"WebPage":[]},"graphName":"","isEnabled":true},"graphs":[]},"schema_type":"default","schema_type_options":null,"pillar_content":false,"robots_default":true,"robots_noindex":false,"robots_noarchive":false,"robots_nosnippet":false,"robots_nofollow":false,"robots_noimageindex":false,"robots_noodp":false,"robots_notranslate":false,"robots_max_snippet":null,"robots_max_videopreview":null,"robots_max_imagepreview":"large","priority":null,"frequency":null,"local_seo":null,"breadcrumb_settings":null,"limit_modified_date":false,"ai":null,"created":"2025-08-16 21:55:22","updated":"2025-08-16 21:55:22","focus_keyword":null,"additional_keywords":null,"truseo_locale":null,"seo_analyzer_scan_date":null},"aioseo_breadcrumb":"<div class=\"aioseo-breadcrumbs\"><span class=\"aioseo-breadcrumb\">\n\t\t\t<a href=\"https:\/\/anoticiaonline.com.br\/site\" title=\"Home\">Home<\/a>\n\t\t<\/span><span class=\"aioseo-breadcrumb-separator\">&raquo;<\/span><span class=\"aioseo-breadcrumb\">\n\t\t\t<a href=\"https:\/\/anoticiaonline.com.br\/site\/categoria\/eventos\/\" title=\"Eventos\">Eventos<\/a>\n\t\t<\/span><span class=\"aioseo-breadcrumb-separator\">&raquo;<\/span><span class=\"aioseo-breadcrumb\">\n\t\t\tMinas Sat comemora anivers\u00e1rio de 6 anos\n\t\t<\/span><\/div>","aioseo_breadcrumb_json":[{"label":"Home","link":"https:\/\/anoticiaonline.com.br\/site"},{"label":"Eventos","link":"https:\/\/anoticiaonline.com.br\/site\/categoria\/eventos\/"},{"label":"Minas Sat comemora anivers\u00e1rio de 6 anos","link":"https:\/\/anoticiaonline.com.br\/site\/minas-sat-comemora-aniversario-de-6-anos\/"}],"views":170,"_links":{"self":[{"href":"https:\/\/anoticiaonline.com.br\/site\/wp-json\/wp\/v2\/posts\/63366","targetHints":{"allow":["GET"]}}],"collection":[{"href":"https:\/\/anoticiaonline.com.br\/site\/wp-json\/wp\/v2\/posts"}],"about":[{"href":"https:\/\/anoticiaonline.com.br\/site\/wp-json\/wp\/v2\/types\/post"}],"author":[{"embeddable":true,"href":"https:\/\/anoticiaonline.com.br\/site\/wp-json\/wp\/v2\/users\/7"}],"replies":[{"embeddable":true,"href":"https:\/\/anoticiaonline.com.br\/site\/wp-json\/wp\/v2\/comments?post=63366"}],"version-history":[{"count":0,"href":"https:\/\/anoticiaonline.com.br\/site\/wp-json\/wp\/v2\/posts\/63366\/revisions"}],"wp:featuredmedia":[{"embeddable":true,"href":"https:\/\/anoticiaonline.com.br\/site\/wp-json\/wp\/v2\/media\/63393"}],"wp:attachment":[{"href":"https:\/\/anoticiaonline.com.br\/site\/wp-json\/wp\/v2\/media?parent=63366"}],"wp:term":[{"taxonomy":"category","embeddable":true,"href":"https:\/\/anoticiaonline.com.br\/site\/wp-json\/wp\/v2\/categories?post=63366"},{"taxonomy":"post_tag","embeddable":true,"href":"https:\/\/anoticiaonline.com.br\/site\/wp-json\/wp\/v2\/tags?post=63366"}],"curies":[{"name":"wp","href":"https:\/\/api.w.org\/{rel}","templated":true}]}}