{"id":63308,"date":"2018-10-18T21:30:32","date_gmt":"2018-10-19T00:30:32","guid":{"rendered":"http:\/\/anoticiaonline.com.br\/site\/?p=63308"},"modified":"2018-10-18T21:30:32","modified_gmt":"2018-10-19T00:30:32","slug":"autoescola-impacto-comemora-aniversario-de-10-anos","status":"publish","type":"post","link":"https:\/\/anoticiaonline.com.br\/site\/autoescola-impacto-comemora-aniversario-de-10-anos\/","title":{"rendered":"Autoescola Impacto comemora anivers\u00e1rio de 10 anos"},"content":{"rendered":"<p><a href=\"https:\/\/anoticiaonline.com.br\/site\/wp-content\/uploads\/2018\/10\/DSC_0336.jpg\"><img fetchpriority=\"high\" decoding=\"async\" class=\"alignnone size-full wp-image-63309\" src=\"https:\/\/anoticiaonline.com.br\/site\/wp-content\/uploads\/2018\/10\/DSC_0336.jpg\" alt=\"\" width=\"998\" height=\"667\" srcset=\"https:\/\/anoticiaonline.com.br\/site\/wp-content\/uploads\/2018\/10\/DSC_0336.jpg 998w, https:\/\/anoticiaonline.com.br\/site\/wp-content\/uploads\/2018\/10\/DSC_0336-300x201.jpg 300w, https:\/\/anoticiaonline.com.br\/site\/wp-content\/uploads\/2018\/10\/DSC_0336-768x513.jpg 768w\" sizes=\"(max-width: 998px) 100vw, 998px\" \/><\/a><\/p>\n<p>A Autoescola Impacto, refer\u00eancia na forma\u00e7\u00e3o de condutores na cidade e regi\u00e3o, comemorou seu anivers\u00e1rio de 10 anos, na tarde de quinta-feira (18), com um show de descontos nas matr\u00edculas e sorteios.<\/p>\n<p>Al\u00e9m da distribui\u00e7\u00e3o de pipoca e algod\u00e3o doce, a autoescola, de propriedade de Daniel Vilela de Paula e Maxwell Garcia dos Santos, sortear\u00e1 dois capacetes na autoescola, al\u00e9m de outros dois em sua p\u00e1gina no Facebook (\/autoescola.impacto), e inclus\u00e3o na carteira A ou B, para alunos que realizarem matr\u00edculas at\u00e9 o dia 31 de outubro, dia do sorteio.<\/p>\n<p>Segundo Daniel, a Autoescola Impacto tem muito a comemorar. \u201cS\u00e3o 10 anos de muito trabalho, empenho e efici\u00eancia. Nossos alunos contam com uma equipe altamente preparada, que procura fazer o melhor para que todos possam conquistar a t\u00e3o sonhada Carteira Nacional de Habilita\u00e7\u00e3o\u201d.<\/p>\n<p>Maxwell aproveitou a oportunidade para agradecer todos que escolheram a Autoescola Impacto nestes \u00faltimos 10 anos. \u201cS\u00f3 temos que agradecer pelo carinho e prefer\u00eancia. Aproveito tamb\u00e9m para agradecer aos nossos funcion\u00e1rios e instrutores que est\u00e3o conosco nesta caminhada de sucesso e de evolu\u00e7\u00e3o. Gostaria de convidar todos os interessados e, tamb\u00e9m os nossos alunos, a participarem das nossas promo\u00e7\u00f5es e sorteios\u201d.<\/p>\n<p>Localizada na Av. Juscelino Kubstchek, n\u00famero 1215, no Centro de Muria\u00e9, a Autoescola Impacto trabalha com as categorias A, B, D e E \u2013 moto, carro, \u00f4nibus e carreta. Telefone: (32) 3721-4336.<\/p>\n<p><a href=\"https:\/\/anoticiaonline.com.br\/site\/wp-content\/uploads\/2018\/10\/b17b107a-ac07-444d-84a2-24b1e5b9a948.jpg\"><img decoding=\"async\" class=\"alignnone size-full wp-image-63311\" src=\"https:\/\/anoticiaonline.com.br\/site\/wp-content\/uploads\/2018\/10\/b17b107a-ac07-444d-84a2-24b1e5b9a948.jpg\" alt=\"\" width=\"889\" height=\"667\" srcset=\"https:\/\/anoticiaonline.com.br\/site\/wp-content\/uploads\/2018\/10\/b17b107a-ac07-444d-84a2-24b1e5b9a948.jpg 889w, https:\/\/anoticiaonline.com.br\/site\/wp-content\/uploads\/2018\/10\/b17b107a-ac07-444d-84a2-24b1e5b9a948-300x225.jpg 300w, https:\/\/anoticiaonline.com.br\/site\/wp-content\/uploads\/2018\/10\/b17b107a-ac07-444d-84a2-24b1e5b9a948-768x576.jpg 768w, https:\/\/anoticiaonline.com.br\/site\/wp-content\/uploads\/2018\/10\/b17b107a-ac07-444d-84a2-24b1e5b9a948-105x80.jpg 105w\" sizes=\"(max-width: 889px) 100vw, 889px\" \/><\/a> <a href=\"https:\/\/anoticiaonline.com.br\/site\/wp-content\/uploads\/2018\/10\/DSC_0264.jpg\"><img decoding=\"async\" class=\"alignnone size-full wp-image-63312\" src=\"https:\/\/anoticiaonline.com.br\/site\/wp-content\/uploads\/2018\/10\/DSC_0264.jpg\" alt=\"\" width=\"998\" height=\"667\" srcset=\"https:\/\/anoticiaonline.com.br\/site\/wp-content\/uploads\/2018\/10\/DSC_0264.jpg 998w, https:\/\/anoticiaonline.com.br\/site\/wp-content\/uploads\/2018\/10\/DSC_0264-300x201.jpg 300w, https:\/\/anoticiaonline.com.br\/site\/wp-content\/uploads\/2018\/10\/DSC_0264-768x513.jpg 768w\" sizes=\"(max-width: 998px) 100vw, 998px\" \/><\/a> <a href=\"https:\/\/anoticiaonline.com.br\/site\/wp-content\/uploads\/2018\/10\/DSC_0274.jpg\"><img loading=\"lazy\" decoding=\"async\" class=\"alignnone size-full wp-image-63313\" src=\"https:\/\/anoticiaonline.com.br\/site\/wp-content\/uploads\/2018\/10\/DSC_0274.jpg\" alt=\"\" width=\"998\" height=\"667\" srcset=\"https:\/\/anoticiaonline.com.br\/site\/wp-content\/uploads\/2018\/10\/DSC_0274.jpg 998w, https:\/\/anoticiaonline.com.br\/site\/wp-content\/uploads\/2018\/10\/DSC_0274-300x201.jpg 300w, https:\/\/anoticiaonline.com.br\/site\/wp-content\/uploads\/2018\/10\/DSC_0274-768x513.jpg 768w\" sizes=\"(max-width: 998px) 100vw, 998px\" \/><\/a> <a href=\"https:\/\/anoticiaonline.com.br\/site\/wp-content\/uploads\/2018\/10\/DSC_0284-1.jpg\"><img loading=\"lazy\" decoding=\"async\" class=\"alignnone size-full wp-image-63314\" src=\"https:\/\/anoticiaonline.com.br\/site\/wp-content\/uploads\/2018\/10\/DSC_0284-1.jpg\" alt=\"\" width=\"998\" height=\"667\" srcset=\"https:\/\/anoticiaonline.com.br\/site\/wp-content\/uploads\/2018\/10\/DSC_0284-1.jpg 998w, https:\/\/anoticiaonline.com.br\/site\/wp-content\/uploads\/2018\/10\/DSC_0284-1-300x201.jpg 300w, https:\/\/anoticiaonline.com.br\/site\/wp-content\/uploads\/2018\/10\/DSC_0284-1-768x513.jpg 768w\" sizes=\"(max-width: 998px) 100vw, 998px\" \/><\/a> <a href=\"https:\/\/anoticiaonline.com.br\/site\/wp-content\/uploads\/2018\/10\/DSC_0287.jpg\"><img loading=\"lazy\" decoding=\"async\" class=\"alignnone size-full wp-image-63315\" src=\"https:\/\/anoticiaonline.com.br\/site\/wp-content\/uploads\/2018\/10\/DSC_0287.jpg\" alt=\"\" width=\"998\" height=\"667\" srcset=\"https:\/\/anoticiaonline.com.br\/site\/wp-content\/uploads\/2018\/10\/DSC_0287.jpg 998w, https:\/\/anoticiaonline.com.br\/site\/wp-content\/uploads\/2018\/10\/DSC_0287-300x201.jpg 300w, https:\/\/anoticiaonline.com.br\/site\/wp-content\/uploads\/2018\/10\/DSC_0287-768x513.jpg 768w\" sizes=\"(max-width: 998px) 100vw, 998px\" \/><\/a> <a href=\"https:\/\/anoticiaonline.com.br\/site\/wp-content\/uploads\/2018\/10\/DSC_0289.jpg\"><img loading=\"lazy\" decoding=\"async\" class=\"alignnone size-full wp-image-63316\" src=\"https:\/\/anoticiaonline.com.br\/site\/wp-content\/uploads\/2018\/10\/DSC_0289.jpg\" alt=\"\" width=\"889\" height=\"667\" srcset=\"https:\/\/anoticiaonline.com.br\/site\/wp-content\/uploads\/2018\/10\/DSC_0289.jpg 889w, https:\/\/anoticiaonline.com.br\/site\/wp-content\/uploads\/2018\/10\/DSC_0289-300x225.jpg 300w, https:\/\/anoticiaonline.com.br\/site\/wp-content\/uploads\/2018\/10\/DSC_0289-768x576.jpg 768w, https:\/\/anoticiaonline.com.br\/site\/wp-content\/uploads\/2018\/10\/DSC_0289-105x80.jpg 105w\" sizes=\"(max-width: 889px) 100vw, 889px\" \/><\/a> <a href=\"https:\/\/anoticiaonline.com.br\/site\/wp-content\/uploads\/2018\/10\/DSC_0307.jpg\"><img loading=\"lazy\" decoding=\"async\" class=\"alignnone size-full wp-image-63317\" src=\"https:\/\/anoticiaonline.com.br\/site\/wp-content\/uploads\/2018\/10\/DSC_0307.jpg\" alt=\"\" width=\"998\" height=\"667\" srcset=\"https:\/\/anoticiaonline.com.br\/site\/wp-content\/uploads\/2018\/10\/DSC_0307.jpg 998w, https:\/\/anoticiaonline.com.br\/site\/wp-content\/uploads\/2018\/10\/DSC_0307-300x201.jpg 300w, https:\/\/anoticiaonline.com.br\/site\/wp-content\/uploads\/2018\/10\/DSC_0307-768x513.jpg 768w\" sizes=\"(max-width: 998px) 100vw, 998px\" \/><\/a> <a href=\"https:\/\/anoticiaonline.com.br\/site\/wp-content\/uploads\/2018\/10\/DSC_0311.jpg\"><img loading=\"lazy\" decoding=\"async\" class=\"alignnone size-full wp-image-63318\" src=\"https:\/\/anoticiaonline.com.br\/site\/wp-content\/uploads\/2018\/10\/DSC_0311.jpg\" alt=\"\" width=\"998\" height=\"667\" srcset=\"https:\/\/anoticiaonline.com.br\/site\/wp-content\/uploads\/2018\/10\/DSC_0311.jpg 998w, https:\/\/anoticiaonline.com.br\/site\/wp-content\/uploads\/2018\/10\/DSC_0311-300x201.jpg 300w, https:\/\/anoticiaonline.com.br\/site\/wp-content\/uploads\/2018\/10\/DSC_0311-768x513.jpg 768w\" sizes=\"(max-width: 998px) 100vw, 998px\" \/><\/a> <a href=\"https:\/\/anoticiaonline.com.br\/site\/wp-content\/uploads\/2018\/10\/DSC_0324.jpg\"><img loading=\"lazy\" decoding=\"async\" class=\"alignnone size-full wp-image-63319\" src=\"https:\/\/anoticiaonline.com.br\/site\/wp-content\/uploads\/2018\/10\/DSC_0324.jpg\" alt=\"\" width=\"998\" height=\"667\" srcset=\"https:\/\/anoticiaonline.com.br\/site\/wp-content\/uploads\/2018\/10\/DSC_0324.jpg 998w, https:\/\/anoticiaonline.com.br\/site\/wp-content\/uploads\/2018\/10\/DSC_0324-300x201.jpg 300w, https:\/\/anoticiaonline.com.br\/site\/wp-content\/uploads\/2018\/10\/DSC_0324-768x513.jpg 768w\" sizes=\"(max-width: 998px) 100vw, 998px\" \/><\/a> <a href=\"https:\/\/anoticiaonline.com.br\/site\/wp-content\/uploads\/2018\/10\/63aaf959-90b2-40ad-bcc1-f35fc574577d.jpg\"><img loading=\"lazy\" decoding=\"async\" class=\"alignnone size-full wp-image-63320\" src=\"https:\/\/anoticiaonline.com.br\/site\/wp-content\/uploads\/2018\/10\/63aaf959-90b2-40ad-bcc1-f35fc574577d.jpg\" alt=\"\" width=\"889\" height=\"667\" srcset=\"https:\/\/anoticiaonline.com.br\/site\/wp-content\/uploads\/2018\/10\/63aaf959-90b2-40ad-bcc1-f35fc574577d.jpg 889w, https:\/\/anoticiaonline.com.br\/site\/wp-content\/uploads\/2018\/10\/63aaf959-90b2-40ad-bcc1-f35fc574577d-300x225.jpg 300w, https:\/\/anoticiaonline.com.br\/site\/wp-content\/uploads\/2018\/10\/63aaf959-90b2-40ad-bcc1-f35fc574577d-768x576.jpg 768w, https:\/\/anoticiaonline.com.br\/site\/wp-content\/uploads\/2018\/10\/63aaf959-90b2-40ad-bcc1-f35fc574577d-105x80.jpg 105w\" sizes=\"(max-width: 889px) 100vw, 889px\" \/><\/a> <a href=\"https:\/\/anoticiaonline.com.br\/site\/wp-content\/uploads\/2018\/10\/a3b97598-f7cb-47a1-8841-38cf5916a9eb.jpg\"><img loading=\"lazy\" decoding=\"async\" class=\"alignnone size-full wp-image-63321\" src=\"https:\/\/anoticiaonline.com.br\/site\/wp-content\/uploads\/2018\/10\/a3b97598-f7cb-47a1-8841-38cf5916a9eb.jpg\" alt=\"\" width=\"889\" height=\"667\" srcset=\"https:\/\/anoticiaonline.com.br\/site\/wp-content\/uploads\/2018\/10\/a3b97598-f7cb-47a1-8841-38cf5916a9eb.jpg 889w, https:\/\/anoticiaonline.com.br\/site\/wp-content\/uploads\/2018\/10\/a3b97598-f7cb-47a1-8841-38cf5916a9eb-300x225.jpg 300w, https:\/\/anoticiaonline.com.br\/site\/wp-content\/uploads\/2018\/10\/a3b97598-f7cb-47a1-8841-38cf5916a9eb-768x576.jpg 768w, https:\/\/anoticiaonline.com.br\/site\/wp-content\/uploads\/2018\/10\/a3b97598-f7cb-47a1-8841-38cf5916a9eb-105x80.jpg 105w\" sizes=\"(max-width: 889px) 100vw, 889px\" \/><\/a><\/p>\n","protected":false},"excerpt":{"rendered":"<p>A Autoescola Impacto, refer\u00eancia na forma\u00e7\u00e3o de condutores na cidade e regi\u00e3o, comemorou seu anivers\u00e1rio de 10 anos, na tarde de quinta-feira (18), com um show de descontos nas matr\u00edculas e sorteios. Al\u00e9m da distribui\u00e7\u00e3o de pipoca e algod\u00e3o doce, a autoescola, de propriedade de Daniel Vilela de Paula e Maxwell Garcia dos Santos, sortear\u00e1 &#8230; <a title=\"Autoescola Impacto comemora anivers\u00e1rio de 10 anos\" class=\"read-more\" href=\"https:\/\/anoticiaonline.com.br\/site\/autoescola-impacto-comemora-aniversario-de-10-anos\/\" aria-label=\"Read more about Autoescola Impacto comemora anivers\u00e1rio de 10 anos\">Ler mais<\/a><\/p>\n","protected":false},"author":2,"featured_media":63309,"comment_status":"open","ping_status":"open","sticky":false,"template":"","format":"standard","meta":{"_acf_changed":false,"_monsterinsights_skip_tracking":false,"footnotes":""},"categories":[30,2893],"tags":[2374,366,3277,3278,74],"class_list":["post-63308","post","type-post","status-publish","format-standard","has-post-thumbnail","hentry","category-muriae","category-cotidiano","tag-10-anos","tag-aniversario","tag-autoescola","tag-impacto","tag-muriae"],"acf":[],"aioseo_notices":[],"aioseo_head":"\n\t\t<!-- All in One SEO 5.0.0.1 - aioseo.com -->\n\t<meta name=\"description\" content=\"A Autoescola Impacto, refer\u00eancia na forma\u00e7\u00e3o de condutores na cidade e regi\u00e3o, comemorou seu anivers\u00e1rio de 10 anos, na tarde de quinta-feira (18), com um show de descontos nas matr\u00edculas e sorteios. Al\u00e9m da distribui\u00e7\u00e3o de pipoca e algod\u00e3o doce, a autoescola, de propriedade de Daniel Vilela de Paula e Maxwell Garcia dos Santos, sortear\u00e1\" \/>\n\t<meta name=\"robots\" content=\"max-image-preview:large\" \/>\n\t<meta name=\"author\" content=\"Juliana Laviola\"\/>\n\t<link rel=\"canonical\" href=\"https:\/\/anoticiaonline.com.br\/site\/autoescola-impacto-comemora-aniversario-de-10-anos\/\" \/>\n\t<meta name=\"generator\" content=\"All in One SEO (AIOSEO) 5.0.0.1\" \/>\n\t\t<meta property=\"og:locale\" content=\"pt_BR\" \/>\n\t\t<meta property=\"og:site_name\" content=\"A Not\u00edcia Online - Noticias de Muria\u00e9 e regi\u00e3o\" \/>\n\t\t<meta property=\"og:type\" content=\"article\" \/>\n\t\t<meta property=\"og:title\" content=\"Autoescola Impacto comemora anivers\u00e1rio de 10 anos - A Not\u00edcia Online\" \/>\n\t\t<meta property=\"og:description\" content=\"A Autoescola Impacto, refer\u00eancia na forma\u00e7\u00e3o de condutores na cidade e regi\u00e3o, comemorou seu anivers\u00e1rio de 10 anos, na tarde de quinta-feira (18), com um show de descontos nas matr\u00edculas e sorteios. Al\u00e9m da distribui\u00e7\u00e3o de pipoca e algod\u00e3o doce, a autoescola, de propriedade de Daniel Vilela de Paula e Maxwell Garcia dos Santos, sortear\u00e1\" \/>\n\t\t<meta property=\"og:url\" content=\"https:\/\/anoticiaonline.com.br\/site\/autoescola-impacto-comemora-aniversario-de-10-anos\/\" \/>\n\t\t<meta property=\"og:image\" content=\"https:\/\/scontent-gig4-1.xx.fbcdn.net\/v\/t39.30808-1\/270437624_4564083193639691_6907940295614233970_n.jpg?stp=dst-jpg_s200x200_tt6&#038;_nc_cat=111&#038;ccb=1-7&#038;_nc_sid=f907e8&#038;_nc_ohc=SM1wRlP3lJwQ7kNvwEPuBYA&#038;_nc_oc=AdnqrjDN_BNjSSHWO-GbkIWH6fkGMLw4bqvL_NH6e2wMveX7G-rP2dAqsDSq1mJMOaY&#038;_nc_zt=24&#038;_nc_ht=scontent-gig4-1.xx&#038;_nc_gid=AoBFJeGrT1hVaew_6rchkQ&#038;oh=00_AfX7QmFGhQhG2jAllVgXCiM1ZrWgvtp80-Bfppyexh1QEg&#038;oe=689E923C\" \/>\n\t\t<meta property=\"og:image:secure_url\" content=\"https:\/\/scontent-gig4-1.xx.fbcdn.net\/v\/t39.30808-1\/270437624_4564083193639691_6907940295614233970_n.jpg?stp=dst-jpg_s200x200_tt6&#038;_nc_cat=111&#038;ccb=1-7&#038;_nc_sid=f907e8&#038;_nc_ohc=SM1wRlP3lJwQ7kNvwEPuBYA&#038;_nc_oc=AdnqrjDN_BNjSSHWO-GbkIWH6fkGMLw4bqvL_NH6e2wMveX7G-rP2dAqsDSq1mJMOaY&#038;_nc_zt=24&#038;_nc_ht=scontent-gig4-1.xx&#038;_nc_gid=AoBFJeGrT1hVaew_6rchkQ&#038;oh=00_AfX7QmFGhQhG2jAllVgXCiM1ZrWgvtp80-Bfppyexh1QEg&#038;oe=689E923C\" \/>\n\t\t<meta property=\"article:published_time\" content=\"2018-10-19T00:30:32+00:00\" \/>\n\t\t<meta property=\"article:modified_time\" content=\"2018-10-19T00:30:32+00:00\" \/>\n\t\t<meta name=\"twitter:card\" content=\"summary_large_image\" \/>\n\t\t<meta name=\"twitter:title\" content=\"Autoescola Impacto comemora anivers\u00e1rio de 10 anos - A Not\u00edcia Online\" \/>\n\t\t<meta name=\"twitter:description\" content=\"A Autoescola Impacto, refer\u00eancia na forma\u00e7\u00e3o de condutores na cidade e regi\u00e3o, comemorou seu anivers\u00e1rio de 10 anos, na tarde de quinta-feira (18), com um show de descontos nas matr\u00edculas e sorteios. Al\u00e9m da distribui\u00e7\u00e3o de pipoca e algod\u00e3o doce, a autoescola, de propriedade de Daniel Vilela de Paula e Maxwell Garcia dos Santos, sortear\u00e1\" \/>\n\t\t<meta name=\"twitter:image\" content=\"https:\/\/scontent-gig4-1.xx.fbcdn.net\/v\/t39.30808-1\/270437624_4564083193639691_6907940295614233970_n.jpg?stp=dst-jpg_s200x200_tt6&amp;_nc_cat=111&amp;ccb=1-7&amp;_nc_sid=f907e8&amp;_nc_ohc=SM1wRlP3lJwQ7kNvwEPuBYA&amp;_nc_oc=AdnqrjDN_BNjSSHWO-GbkIWH6fkGMLw4bqvL_NH6e2wMveX7G-rP2dAqsDSq1mJMOaY&amp;_nc_zt=24&amp;_nc_ht=scontent-gig4-1.xx&amp;_nc_gid=AoBFJeGrT1hVaew_6rchkQ&amp;oh=00_AfX7QmFGhQhG2jAllVgXCiM1ZrWgvtp80-Bfppyexh1QEg&amp;oe=689E923C\" \/>\n\t\t<script type=\"application\/ld+json\" class=\"aioseo-schema\">\n\t\t\t{\"@context\":\"https:\\\/\\\/schema.org\",\"@graph\":[{\"@type\":\"BlogPosting\",\"@id\":\"https:\\\/\\\/anoticiaonline.com.br\\\/site\\\/autoescola-impacto-comemora-aniversario-de-10-anos\\\/#blogposting\",\"name\":\"Autoescola Impacto comemora anivers\\u00e1rio de 10 anos - A Not\\u00edcia Online\",\"headline\":\"Autoescola Impacto comemora anivers\\u00e1rio de 10 anos\",\"author\":{\"@id\":\"https:\\\/\\\/anoticiaonline.com.br\\\/site\\\/author\\\/juliana\\\/#author\"},\"publisher\":{\"@id\":\"https:\\\/\\\/anoticiaonline.com.br\\\/site\\\/#organization\"},\"image\":{\"@type\":\"ImageObject\",\"url\":\"https:\\\/\\\/anoticiaonline.com.br\\\/site\\\/wp-content\\\/uploads\\\/2018\\\/10\\\/DSC_0336.jpg\",\"width\":998,\"height\":667},\"datePublished\":\"2018-10-18T21:30:32-03:00\",\"dateModified\":\"2018-10-18T21:30:32-03:00\",\"inLanguage\":\"pt-BR\",\"mainEntityOfPage\":{\"@id\":\"https:\\\/\\\/anoticiaonline.com.br\\\/site\\\/autoescola-impacto-comemora-aniversario-de-10-anos\\\/#webpage\"},\"isPartOf\":{\"@id\":\"https:\\\/\\\/anoticiaonline.com.br\\\/site\\\/autoescola-impacto-comemora-aniversario-de-10-anos\\\/#webpage\"},\"articleSection\":\"Blog, Cotidiano, 10 anos, anivers\\u00e1rio, autoescola, impacto, Muria\\u00e9\"},{\"@type\":\"BreadcrumbList\",\"@id\":\"https:\\\/\\\/anoticiaonline.com.br\\\/site\\\/autoescola-impacto-comemora-aniversario-de-10-anos\\\/#breadcrumblist\",\"itemListElement\":[{\"@type\":\"ListItem\",\"@id\":\"https:\\\/\\\/anoticiaonline.com.br\\\/site#listItem\",\"position\":1,\"name\":\"Home\",\"item\":\"https:\\\/\\\/anoticiaonline.com.br\\\/site\",\"nextItem\":{\"@type\":\"ListItem\",\"@id\":\"https:\\\/\\\/anoticiaonline.com.br\\\/site\\\/categoria\\\/muriae\\\/#listItem\",\"name\":\"Blog\"}},{\"@type\":\"ListItem\",\"@id\":\"https:\\\/\\\/anoticiaonline.com.br\\\/site\\\/categoria\\\/muriae\\\/#listItem\",\"position\":2,\"name\":\"Blog\",\"item\":\"https:\\\/\\\/anoticiaonline.com.br\\\/site\\\/categoria\\\/muriae\\\/\",\"nextItem\":{\"@type\":\"ListItem\",\"@id\":\"https:\\\/\\\/anoticiaonline.com.br\\\/site\\\/categoria\\\/muriae\\\/cotidiano\\\/#listItem\",\"name\":\"Cotidiano\"},\"previousItem\":{\"@type\":\"ListItem\",\"@id\":\"https:\\\/\\\/anoticiaonline.com.br\\\/site#listItem\",\"name\":\"Home\"}},{\"@type\":\"ListItem\",\"@id\":\"https:\\\/\\\/anoticiaonline.com.br\\\/site\\\/categoria\\\/muriae\\\/cotidiano\\\/#listItem\",\"position\":3,\"name\":\"Cotidiano\",\"item\":\"https:\\\/\\\/anoticiaonline.com.br\\\/site\\\/categoria\\\/muriae\\\/cotidiano\\\/\",\"nextItem\":{\"@type\":\"ListItem\",\"@id\":\"https:\\\/\\\/anoticiaonline.com.br\\\/site\\\/autoescola-impacto-comemora-aniversario-de-10-anos\\\/#listItem\",\"name\":\"Autoescola Impacto comemora anivers\\u00e1rio de 10 anos\"},\"previousItem\":{\"@type\":\"ListItem\",\"@id\":\"https:\\\/\\\/anoticiaonline.com.br\\\/site\\\/categoria\\\/muriae\\\/#listItem\",\"name\":\"Blog\"}},{\"@type\":\"ListItem\",\"@id\":\"https:\\\/\\\/anoticiaonline.com.br\\\/site\\\/autoescola-impacto-comemora-aniversario-de-10-anos\\\/#listItem\",\"position\":4,\"name\":\"Autoescola Impacto comemora anivers\\u00e1rio de 10 anos\",\"previousItem\":{\"@type\":\"ListItem\",\"@id\":\"https:\\\/\\\/anoticiaonline.com.br\\\/site\\\/categoria\\\/muriae\\\/cotidiano\\\/#listItem\",\"name\":\"Cotidiano\"}}]},{\"@type\":\"Organization\",\"@id\":\"https:\\\/\\\/anoticiaonline.com.br\\\/site\\\/#organization\",\"name\":\"A Not\\u00edcia Online\",\"description\":\"Noticias de Muria\\u00e9 e regi\\u00e3o\",\"url\":\"https:\\\/\\\/anoticiaonline.com.br\\\/site\\\/\",\"logo\":{\"@type\":\"ImageObject\",\"url\":\"https:\\\/\\\/scontent-gig4-1.xx.fbcdn.net\\\/v\\\/t39.30808-1\\\/270437624_4564083193639691_6907940295614233970_n.jpg?stp=dst-jpg_s200x200_tt6&_nc_cat=111&ccb=1-7&_nc_sid=f907e8&_nc_ohc=SM1wRlP3lJwQ7kNvwEPuBYA&_nc_oc=AdnqrjDN_BNjSSHWO-GbkIWH6fkGMLw4bqvL_NH6e2wMveX7G-rP2dAqsDSq1mJMOaY&_nc_zt=24&_nc_ht=scontent-gig4-1.xx&_nc_gid=AoBFJeGrT1hVaew_6rchkQ&oh=00_AfX7QmFGhQhG2jAllVgXCiM1ZrWgvtp80-Bfppyexh1QEg&oe=689E923C\",\"@id\":\"https:\\\/\\\/anoticiaonline.com.br\\\/site\\\/autoescola-impacto-comemora-aniversario-de-10-anos\\\/#organizationLogo\"},\"image\":{\"@id\":\"https:\\\/\\\/anoticiaonline.com.br\\\/site\\\/autoescola-impacto-comemora-aniversario-de-10-anos\\\/#organizationLogo\"}},{\"@type\":\"Person\",\"@id\":\"https:\\\/\\\/anoticiaonline.com.br\\\/site\\\/author\\\/juliana\\\/#author\",\"url\":\"https:\\\/\\\/anoticiaonline.com.br\\\/site\\\/author\\\/juliana\\\/\",\"name\":\"Juliana Laviola\",\"image\":{\"@type\":\"ImageObject\",\"@id\":\"https:\\\/\\\/anoticiaonline.com.br\\\/site\\\/autoescola-impacto-comemora-aniversario-de-10-anos\\\/#authorImage\",\"url\":\"https:\\\/\\\/secure.gravatar.com\\\/avatar\\\/b8d45f5c699b100dfaf0e543582f38f38bf94cb7ae3a5e9abf8d891a34773335?s=96&d=mm&r=g\",\"width\":96,\"height\":96,\"caption\":\"Juliana Laviola\"}},{\"@type\":\"WebPage\",\"@id\":\"https:\\\/\\\/anoticiaonline.com.br\\\/site\\\/autoescola-impacto-comemora-aniversario-de-10-anos\\\/#webpage\",\"url\":\"https:\\\/\\\/anoticiaonline.com.br\\\/site\\\/autoescola-impacto-comemora-aniversario-de-10-anos\\\/\",\"name\":\"Autoescola Impacto comemora anivers\\u00e1rio de 10 anos - A Not\\u00edcia Online\",\"description\":\"A Autoescola Impacto, refer\\u00eancia na forma\\u00e7\\u00e3o de condutores na cidade e regi\\u00e3o, comemorou seu anivers\\u00e1rio de 10 anos, na tarde de quinta-feira (18), com um show de descontos nas matr\\u00edculas e sorteios. Al\\u00e9m da distribui\\u00e7\\u00e3o de pipoca e algod\\u00e3o doce, a autoescola, de propriedade de Daniel Vilela de Paula e Maxwell Garcia dos Santos, sortear\\u00e1\",\"inLanguage\":\"pt-BR\",\"isPartOf\":{\"@id\":\"https:\\\/\\\/anoticiaonline.com.br\\\/site\\\/#website\"},\"breadcrumb\":{\"@id\":\"https:\\\/\\\/anoticiaonline.com.br\\\/site\\\/autoescola-impacto-comemora-aniversario-de-10-anos\\\/#breadcrumblist\"},\"author\":{\"@id\":\"https:\\\/\\\/anoticiaonline.com.br\\\/site\\\/author\\\/juliana\\\/#author\"},\"creator\":{\"@id\":\"https:\\\/\\\/anoticiaonline.com.br\\\/site\\\/author\\\/juliana\\\/#author\"},\"image\":{\"@type\":\"ImageObject\",\"url\":\"https:\\\/\\\/anoticiaonline.com.br\\\/site\\\/wp-content\\\/uploads\\\/2018\\\/10\\\/DSC_0336.jpg\",\"@id\":\"https:\\\/\\\/anoticiaonline.com.br\\\/site\\\/autoescola-impacto-comemora-aniversario-de-10-anos\\\/#mainImage\",\"width\":998,\"height\":667},\"primaryImageOfPage\":{\"@id\":\"https:\\\/\\\/anoticiaonline.com.br\\\/site\\\/autoescola-impacto-comemora-aniversario-de-10-anos\\\/#mainImage\"},\"datePublished\":\"2018-10-18T21:30:32-03:00\",\"dateModified\":\"2018-10-18T21:30:32-03:00\"},{\"@type\":\"WebSite\",\"@id\":\"https:\\\/\\\/anoticiaonline.com.br\\\/site\\\/#website\",\"url\":\"https:\\\/\\\/anoticiaonline.com.br\\\/site\\\/\",\"name\":\"A Not\\u00edcia Online\",\"description\":\"Noticias de Muria\\u00e9 e regi\\u00e3o\",\"inLanguage\":\"pt-BR\",\"publisher\":{\"@id\":\"https:\\\/\\\/anoticiaonline.com.br\\\/site\\\/#organization\"}}]}\n\t\t<\/script>\n\t\t<!-- All in One SEO -->\n\n","aioseo_head_json":{"title":"Autoescola Impacto comemora anivers\u00e1rio de 10 anos - A Not\u00edcia Online","description":"A Autoescola Impacto, refer\u00eancia na forma\u00e7\u00e3o de condutores na cidade e regi\u00e3o, comemorou seu anivers\u00e1rio de 10 anos, na tarde de quinta-feira (18), com um show de descontos nas matr\u00edculas e sorteios. Al\u00e9m da distribui\u00e7\u00e3o de pipoca e algod\u00e3o doce, a autoescola, de propriedade de Daniel Vilela de Paula e Maxwell Garcia dos Santos, sortear\u00e1","canonical_url":"https:\/\/anoticiaonline.com.br\/site\/autoescola-impacto-comemora-aniversario-de-10-anos\/","robots":"max-image-preview:large","keywords":"","webmasterTools":{"miscellaneous":""},"schema":{"@context":"https:\/\/schema.org","@graph":[{"@type":"BlogPosting","@id":"https:\/\/anoticiaonline.com.br\/site\/autoescola-impacto-comemora-aniversario-de-10-anos\/#blogposting","name":"Autoescola Impacto comemora anivers\u00e1rio de 10 anos - A Not\u00edcia Online","headline":"Autoescola Impacto comemora anivers\u00e1rio de 10 anos","author":{"@id":"https:\/\/anoticiaonline.com.br\/site\/author\/juliana\/#author"},"publisher":{"@id":"https:\/\/anoticiaonline.com.br\/site\/#organization"},"image":{"@type":"ImageObject","url":"https:\/\/anoticiaonline.com.br\/site\/wp-content\/uploads\/2018\/10\/DSC_0336.jpg","width":998,"height":667},"datePublished":"2018-10-18T21:30:32-03:00","dateModified":"2018-10-18T21:30:32-03:00","inLanguage":"pt-BR","mainEntityOfPage":{"@id":"https:\/\/anoticiaonline.com.br\/site\/autoescola-impacto-comemora-aniversario-de-10-anos\/#webpage"},"isPartOf":{"@id":"https:\/\/anoticiaonline.com.br\/site\/autoescola-impacto-comemora-aniversario-de-10-anos\/#webpage"},"articleSection":"Blog, Cotidiano, 10 anos, anivers\u00e1rio, autoescola, impacto, Muria\u00e9"},{"@type":"BreadcrumbList","@id":"https:\/\/anoticiaonline.com.br\/site\/autoescola-impacto-comemora-aniversario-de-10-anos\/#breadcrumblist","itemListElement":[{"@type":"ListItem","@id":"https:\/\/anoticiaonline.com.br\/site#listItem","position":1,"name":"Home","item":"https:\/\/anoticiaonline.com.br\/site","nextItem":{"@type":"ListItem","@id":"https:\/\/anoticiaonline.com.br\/site\/categoria\/muriae\/#listItem","name":"Blog"}},{"@type":"ListItem","@id":"https:\/\/anoticiaonline.com.br\/site\/categoria\/muriae\/#listItem","position":2,"name":"Blog","item":"https:\/\/anoticiaonline.com.br\/site\/categoria\/muriae\/","nextItem":{"@type":"ListItem","@id":"https:\/\/anoticiaonline.com.br\/site\/categoria\/muriae\/cotidiano\/#listItem","name":"Cotidiano"},"previousItem":{"@type":"ListItem","@id":"https:\/\/anoticiaonline.com.br\/site#listItem","name":"Home"}},{"@type":"ListItem","@id":"https:\/\/anoticiaonline.com.br\/site\/categoria\/muriae\/cotidiano\/#listItem","position":3,"name":"Cotidiano","item":"https:\/\/anoticiaonline.com.br\/site\/categoria\/muriae\/cotidiano\/","nextItem":{"@type":"ListItem","@id":"https:\/\/anoticiaonline.com.br\/site\/autoescola-impacto-comemora-aniversario-de-10-anos\/#listItem","name":"Autoescola Impacto comemora anivers\u00e1rio de 10 anos"},"previousItem":{"@type":"ListItem","@id":"https:\/\/anoticiaonline.com.br\/site\/categoria\/muriae\/#listItem","name":"Blog"}},{"@type":"ListItem","@id":"https:\/\/anoticiaonline.com.br\/site\/autoescola-impacto-comemora-aniversario-de-10-anos\/#listItem","position":4,"name":"Autoescola Impacto comemora anivers\u00e1rio de 10 anos","previousItem":{"@type":"ListItem","@id":"https:\/\/anoticiaonline.com.br\/site\/categoria\/muriae\/cotidiano\/#listItem","name":"Cotidiano"}}]},{"@type":"Organization","@id":"https:\/\/anoticiaonline.com.br\/site\/#organization","name":"A Not\u00edcia Online","description":"Noticias de Muria\u00e9 e regi\u00e3o","url":"https:\/\/anoticiaonline.com.br\/site\/","logo":{"@type":"ImageObject","url":"https:\/\/scontent-gig4-1.xx.fbcdn.net\/v\/t39.30808-1\/270437624_4564083193639691_6907940295614233970_n.jpg?stp=dst-jpg_s200x200_tt6&_nc_cat=111&ccb=1-7&_nc_sid=f907e8&_nc_ohc=SM1wRlP3lJwQ7kNvwEPuBYA&_nc_oc=AdnqrjDN_BNjSSHWO-GbkIWH6fkGMLw4bqvL_NH6e2wMveX7G-rP2dAqsDSq1mJMOaY&_nc_zt=24&_nc_ht=scontent-gig4-1.xx&_nc_gid=AoBFJeGrT1hVaew_6rchkQ&oh=00_AfX7QmFGhQhG2jAllVgXCiM1ZrWgvtp80-Bfppyexh1QEg&oe=689E923C","@id":"https:\/\/anoticiaonline.com.br\/site\/autoescola-impacto-comemora-aniversario-de-10-anos\/#organizationLogo"},"image":{"@id":"https:\/\/anoticiaonline.com.br\/site\/autoescola-impacto-comemora-aniversario-de-10-anos\/#organizationLogo"}},{"@type":"Person","@id":"https:\/\/anoticiaonline.com.br\/site\/author\/juliana\/#author","url":"https:\/\/anoticiaonline.com.br\/site\/author\/juliana\/","name":"Juliana Laviola","image":{"@type":"ImageObject","@id":"https:\/\/anoticiaonline.com.br\/site\/autoescola-impacto-comemora-aniversario-de-10-anos\/#authorImage","url":"https:\/\/secure.gravatar.com\/avatar\/b8d45f5c699b100dfaf0e543582f38f38bf94cb7ae3a5e9abf8d891a34773335?s=96&d=mm&r=g","width":96,"height":96,"caption":"Juliana Laviola"}},{"@type":"WebPage","@id":"https:\/\/anoticiaonline.com.br\/site\/autoescola-impacto-comemora-aniversario-de-10-anos\/#webpage","url":"https:\/\/anoticiaonline.com.br\/site\/autoescola-impacto-comemora-aniversario-de-10-anos\/","name":"Autoescola Impacto comemora anivers\u00e1rio de 10 anos - A Not\u00edcia Online","description":"A Autoescola Impacto, refer\u00eancia na forma\u00e7\u00e3o de condutores na cidade e regi\u00e3o, comemorou seu anivers\u00e1rio de 10 anos, na tarde de quinta-feira (18), com um show de descontos nas matr\u00edculas e sorteios. Al\u00e9m da distribui\u00e7\u00e3o de pipoca e algod\u00e3o doce, a autoescola, de propriedade de Daniel Vilela de Paula e Maxwell Garcia dos Santos, sortear\u00e1","inLanguage":"pt-BR","isPartOf":{"@id":"https:\/\/anoticiaonline.com.br\/site\/#website"},"breadcrumb":{"@id":"https:\/\/anoticiaonline.com.br\/site\/autoescola-impacto-comemora-aniversario-de-10-anos\/#breadcrumblist"},"author":{"@id":"https:\/\/anoticiaonline.com.br\/site\/author\/juliana\/#author"},"creator":{"@id":"https:\/\/anoticiaonline.com.br\/site\/author\/juliana\/#author"},"image":{"@type":"ImageObject","url":"https:\/\/anoticiaonline.com.br\/site\/wp-content\/uploads\/2018\/10\/DSC_0336.jpg","@id":"https:\/\/anoticiaonline.com.br\/site\/autoescola-impacto-comemora-aniversario-de-10-anos\/#mainImage","width":998,"height":667},"primaryImageOfPage":{"@id":"https:\/\/anoticiaonline.com.br\/site\/autoescola-impacto-comemora-aniversario-de-10-anos\/#mainImage"},"datePublished":"2018-10-18T21:30:32-03:00","dateModified":"2018-10-18T21:30:32-03:00"},{"@type":"WebSite","@id":"https:\/\/anoticiaonline.com.br\/site\/#website","url":"https:\/\/anoticiaonline.com.br\/site\/","name":"A Not\u00edcia Online","description":"Noticias de Muria\u00e9 e regi\u00e3o","inLanguage":"pt-BR","publisher":{"@id":"https:\/\/anoticiaonline.com.br\/site\/#organization"}}]},"og:locale":"pt_BR","og:site_name":"A Not\u00edcia Online - Noticias de Muria\u00e9 e regi\u00e3o","og:type":"article","og:title":"Autoescola Impacto comemora anivers\u00e1rio de 10 anos - A Not\u00edcia Online","og:description":"A Autoescola Impacto, refer\u00eancia na forma\u00e7\u00e3o de condutores na cidade e regi\u00e3o, comemorou seu anivers\u00e1rio de 10 anos, na tarde de quinta-feira (18), com um show de descontos nas matr\u00edculas e sorteios. Al\u00e9m da distribui\u00e7\u00e3o de pipoca e algod\u00e3o doce, a autoescola, de propriedade de Daniel Vilela de Paula e Maxwell Garcia dos Santos, sortear\u00e1","og:url":"https:\/\/anoticiaonline.com.br\/site\/autoescola-impacto-comemora-aniversario-de-10-anos\/","og:image":"https:\/\/scontent-gig4-1.xx.fbcdn.net\/v\/t39.30808-1\/270437624_4564083193639691_6907940295614233970_n.jpg?stp=dst-jpg_s200x200_tt6&#038;_nc_cat=111&#038;ccb=1-7&#038;_nc_sid=f907e8&#038;_nc_ohc=SM1wRlP3lJwQ7kNvwEPuBYA&#038;_nc_oc=AdnqrjDN_BNjSSHWO-GbkIWH6fkGMLw4bqvL_NH6e2wMveX7G-rP2dAqsDSq1mJMOaY&#038;_nc_zt=24&#038;_nc_ht=scontent-gig4-1.xx&#038;_nc_gid=AoBFJeGrT1hVaew_6rchkQ&#038;oh=00_AfX7QmFGhQhG2jAllVgXCiM1ZrWgvtp80-Bfppyexh1QEg&#038;oe=689E923C","og:image:secure_url":"https:\/\/scontent-gig4-1.xx.fbcdn.net\/v\/t39.30808-1\/270437624_4564083193639691_6907940295614233970_n.jpg?stp=dst-jpg_s200x200_tt6&#038;_nc_cat=111&#038;ccb=1-7&#038;_nc_sid=f907e8&#038;_nc_ohc=SM1wRlP3lJwQ7kNvwEPuBYA&#038;_nc_oc=AdnqrjDN_BNjSSHWO-GbkIWH6fkGMLw4bqvL_NH6e2wMveX7G-rP2dAqsDSq1mJMOaY&#038;_nc_zt=24&#038;_nc_ht=scontent-gig4-1.xx&#038;_nc_gid=AoBFJeGrT1hVaew_6rchkQ&#038;oh=00_AfX7QmFGhQhG2jAllVgXCiM1ZrWgvtp80-Bfppyexh1QEg&#038;oe=689E923C","article:published_time":"2018-10-19T00:30:32+00:00","article:modified_time":"2018-10-19T00:30:32+00:00","twitter:card":"summary_large_image","twitter:title":"Autoescola Impacto comemora anivers\u00e1rio de 10 anos - A Not\u00edcia Online","twitter:description":"A Autoescola Impacto, refer\u00eancia na forma\u00e7\u00e3o de condutores na cidade e regi\u00e3o, comemorou seu anivers\u00e1rio de 10 anos, na tarde de quinta-feira (18), com um show de descontos nas matr\u00edculas e sorteios. Al\u00e9m da distribui\u00e7\u00e3o de pipoca e algod\u00e3o doce, a autoescola, de propriedade de Daniel Vilela de Paula e Maxwell Garcia dos Santos, sortear\u00e1","twitter:image":"https:\/\/scontent-gig4-1.xx.fbcdn.net\/v\/t39.30808-1\/270437624_4564083193639691_6907940295614233970_n.jpg?stp=dst-jpg_s200x200_tt6&_nc_cat=111&ccb=1-7&_nc_sid=f907e8&_nc_ohc=SM1wRlP3lJwQ7kNvwEPuBYA&_nc_oc=AdnqrjDN_BNjSSHWO-GbkIWH6fkGMLw4bqvL_NH6e2wMveX7G-rP2dAqsDSq1mJMOaY&_nc_zt=24&_nc_ht=scontent-gig4-1.xx&_nc_gid=AoBFJeGrT1hVaew_6rchkQ&oh=00_AfX7QmFGhQhG2jAllVgXCiM1ZrWgvtp80-Bfppyexh1QEg&oe=689E923C"},"aioseo_meta_data":{"post_id":"63308","title":null,"description":null,"keywords":null,"keyphrases":null,"primary_term":null,"canonical_url":null,"og_title":null,"og_description":null,"og_object_type":"default","og_image_type":"default","og_image_url":null,"og_image_width":null,"og_image_height":null,"og_image_custom_url":null,"og_image_custom_fields":null,"og_video":null,"og_custom_url":null,"og_article_section":null,"og_article_tags":null,"twitter_use_og":false,"twitter_card":"default","twitter_image_type":"default","twitter_image_url":null,"twitter_image_custom_url":null,"twitter_image_custom_fields":null,"twitter_title":null,"twitter_description":null,"schema":{"blockGraphs":[],"customGraphs":[],"default":{"data":{"Article":[],"Course":[],"Dataset":[],"FAQPage":[],"Movie":[],"Person":[],"Product":[],"ProductReview":[],"Car":[],"Recipe":[],"Service":[],"SoftwareApplication":[],"WebPage":[]},"graphName":"","isEnabled":true},"graphs":[]},"schema_type":"default","schema_type_options":null,"pillar_content":false,"robots_default":true,"robots_noindex":false,"robots_noarchive":false,"robots_nosnippet":false,"robots_nofollow":false,"robots_noimageindex":false,"robots_noodp":false,"robots_notranslate":false,"robots_max_snippet":null,"robots_max_videopreview":null,"robots_max_imagepreview":"large","priority":null,"frequency":null,"local_seo":null,"breadcrumb_settings":null,"limit_modified_date":false,"ai":null,"created":"2025-08-16 21:55:21","updated":"2025-08-16 21:55:21","focus_keyword":null,"additional_keywords":null,"truseo_locale":null,"seo_analyzer_scan_date":null},"aioseo_breadcrumb":"<div class=\"aioseo-breadcrumbs\"><span class=\"aioseo-breadcrumb\">\n\t\t\t<a href=\"https:\/\/anoticiaonline.com.br\/site\" title=\"Home\">Home<\/a>\n\t\t<\/span><span class=\"aioseo-breadcrumb-separator\">&raquo;<\/span><span class=\"aioseo-breadcrumb\">\n\t\t\t<a href=\"https:\/\/anoticiaonline.com.br\/site\/categoria\/muriae\/\" title=\"Blog\">Blog<\/a>\n\t\t<\/span><span class=\"aioseo-breadcrumb-separator\">&raquo;<\/span><span class=\"aioseo-breadcrumb\">\n\t\t\t<a href=\"https:\/\/anoticiaonline.com.br\/site\/categoria\/muriae\/cotidiano\/\" title=\"Cotidiano\">Cotidiano<\/a>\n\t\t<\/span><span class=\"aioseo-breadcrumb-separator\">&raquo;<\/span><span class=\"aioseo-breadcrumb\">\n\t\t\tAutoescola Impacto comemora anivers\u00e1rio de 10 anos\n\t\t<\/span><\/div>","aioseo_breadcrumb_json":[{"label":"Home","link":"https:\/\/anoticiaonline.com.br\/site"},{"label":"Blog","link":"https:\/\/anoticiaonline.com.br\/site\/categoria\/muriae\/"},{"label":"Cotidiano","link":"https:\/\/anoticiaonline.com.br\/site\/categoria\/muriae\/cotidiano\/"},{"label":"Autoescola Impacto comemora anivers\u00e1rio de 10 anos","link":"https:\/\/anoticiaonline.com.br\/site\/autoescola-impacto-comemora-aniversario-de-10-anos\/"}],"views":159,"_links":{"self":[{"href":"https:\/\/anoticiaonline.com.br\/site\/wp-json\/wp\/v2\/posts\/63308","targetHints":{"allow":["GET"]}}],"collection":[{"href":"https:\/\/anoticiaonline.com.br\/site\/wp-json\/wp\/v2\/posts"}],"about":[{"href":"https:\/\/anoticiaonline.com.br\/site\/wp-json\/wp\/v2\/types\/post"}],"author":[{"embeddable":true,"href":"https:\/\/anoticiaonline.com.br\/site\/wp-json\/wp\/v2\/users\/2"}],"replies":[{"embeddable":true,"href":"https:\/\/anoticiaonline.com.br\/site\/wp-json\/wp\/v2\/comments?post=63308"}],"version-history":[{"count":0,"href":"https:\/\/anoticiaonline.com.br\/site\/wp-json\/wp\/v2\/posts\/63308\/revisions"}],"wp:featuredmedia":[{"embeddable":true,"href":"https:\/\/anoticiaonline.com.br\/site\/wp-json\/wp\/v2\/media\/63309"}],"wp:attachment":[{"href":"https:\/\/anoticiaonline.com.br\/site\/wp-json\/wp\/v2\/media?parent=63308"}],"wp:term":[{"taxonomy":"category","embeddable":true,"href":"https:\/\/anoticiaonline.com.br\/site\/wp-json\/wp\/v2\/categories?post=63308"},{"taxonomy":"post_tag","embeddable":true,"href":"https:\/\/anoticiaonline.com.br\/site\/wp-json\/wp\/v2\/tags?post=63308"}],"curies":[{"name":"wp","href":"https:\/\/api.w.org\/{rel}","templated":true}]}}