{"id":63254,"date":"2018-10-18T19:38:55","date_gmt":"2018-10-18T22:38:55","guid":{"rendered":"http:\/\/anoticiaonline.com.br\/site\/?p=63254"},"modified":"2018-10-18T19:38:55","modified_gmt":"2018-10-18T22:38:55","slug":"a-historia-que-vamos-contando","status":"publish","type":"post","link":"https:\/\/anoticiaonline.com.br\/site\/a-historia-que-vamos-contando\/","title":{"rendered":"A hist\u00f3ria que vamos contando"},"content":{"rendered":"<p>Francisco Laviola \u2013 19\/10\/2018<\/p>\n<p>No pr\u00f3ximo dia 28 de outubro ser\u00e1 o \u201cdia D\u201d dos dois candidatos sobreviventes de uma campanha presidencial que come\u00e7ou sob o signo da desconfian\u00e7a, passou para o campo das \u00a0acusa\u00e7\u00f5es e tiroteios contra o l\u00edder das pesquisas e s\u00f3 amenizadas com o \u201csangue\u201d derramado em Juiz de Fora, a Manchester Mineira. \u00c9 incr\u00edvel como Minas Gerais sempre se faz presente na hist\u00f3ria do Brasil, ainda que por coincid\u00eancias.<\/p>\n<p>Foi para libertar Minas e o Brasil do desp\u00f3tico regime colonial que o mineiro Tiradentes morreu. O Brasil do s\u00e9culo XVIII era uma col\u00f4nia portuguesa sujeita a um regime extremamente severo e sufocado por impostos que se tornavam intoler\u00e1veis; e ao mesmo tempo, era um pa\u00eds que come\u00e7ava a sonhar com a independ\u00eancia, estimulados por jovens, especialmente mineiros, que voltavam das universidades europ\u00e9ias e divulgavam princ\u00edpios de autonomia, progresso e liberdade. Partiram de Minas, portanto, os ideais de liberdade e de independ\u00eancia de um pa\u00eds explorado pela Coroa portuguesa.<\/p>\n<p>J\u00e1 na era republicana, a hist\u00f3ria mostra o movimento desenvolvimentista de outro mineiro, o presidente Juscelino Kubistchek. Foi um per\u00edodo de grandes investimentos em transporte, produ\u00e7\u00e3o de energia el\u00e9trica e ind\u00fastria de base, al\u00e9m da interioriza\u00e7\u00e3o da popula\u00e7\u00e3o com a constru\u00e7\u00e3o da nova capital brasileira, centro do Poder nacional e objeto de desejo e sonho de consumo dos pol\u00edticos brasileiros.<\/p>\n<p>E os ideais de liberdade continuaram com mais um mineiro: Tancredo Neves e a era da Nova Rep\u00fablica. Foi eleito presidente depois de 20 anos de ditadura militar, onde a liberdade de imprensa inexistia, a censura, as pris\u00f5es, as torturas e os ex\u00edlios eram as marcas registradas do regime militar. E ai de quem ousasse pensar e agir diferente da c\u00fapula que dirigia o pa\u00eds. A elei\u00e7\u00e3o de Tancredo, embora ele n\u00e3o tenha tomado posse, em virtude do seu falecimento, mostrou Minas mais uma vez na vanguarda da hist\u00f3ria, abrindo o caminho para a democracia e transformando o Brasil.<\/p>\n<p>Pode ser que o leitor considere um exagero dizer que o candidato Bolsonaro come\u00e7ou a consolidar a sua vit\u00f3ria no primeiro turno, a partir do atentado que sofreu em Juiz de Fora. Mas com certeza, a agress\u00e3o sofrida pelo candidato mudou os rumos da campanha presidencial. A maioria dos concorrentes ao cargo, que batiam forte no l\u00edder das pesquisas, deixaram de faz\u00ea-lo. Grande parte deles, por receio de perder votos dos eleitores, \u201camaciou\u201d diante da situa\u00e7\u00e3o grave em que se encontrava o candidato hospitalizado. Como a campanha presidencial acabou polarizada entre a esquerda e a direita, criou-se uma diferen\u00e7a abissal. Enquanto os seguidores de Bolsonaro o visitavam em um hospital, o seu principal concorrente, Fernando Haddad, visitava Lula na cadeia, sem saber se seria ou n\u00e3o ungido pelo chefe.<\/p>\n<p>Veio o primeiro turno das elei\u00e7\u00f5es e Minas deu um novo sinal de liberdade contra os desmandos petistas. Al\u00e9m de n\u00e3o aceitar reeleger o governador Fernando Pimentel, um dos piores governadores que o estado j\u00e1 experimentou, mandou tamb\u00e9m de volta para casa a ex-presidente Dilma Rousseff, que pleiteava uma vaga no Senado Federal por Minas Gerais, onde ela, nos \u00faltimos meses,\u00a0 s\u00f3 vinha a passeio com a nossa grana.<\/p>\n<p>Ora, um dos pilares da democracia \u00e9 a altern\u00e2ncia de poder. Se no dia 28 de outubro pr\u00f3ximo, o candidato do PSL comprovar nas urnas o que as pesquisas est\u00e3o apontando, estar\u00e1 se encerrando um ciclo nefasto da nossa Hist\u00f3ria, representado pelo poder lulopetista, que durante anos sucateou as institui\u00e7\u00f5es com a sindicaliza\u00e7\u00e3o da m\u00e1quina p\u00fablica e afundou o pa\u00eds numa pr\u00e1tica de corrup\u00e7\u00e3o sem precedentes. E pior, o seu projeto de perman\u00eancia no poder, a qualquer custo, mostrou que o Brasil ficou ref\u00e9m de uma esp\u00e9cie de \u201cditadura branca\u201d, que se n\u00e3o for interceptada a partir de 2019, poder\u00e1 levar o pa\u00eds \u00e0 \u201cvenezueliza\u00e7\u00e3o\u201d.<\/p>\n<p>Tomara que o povo tenha acordado de vez.<\/p>\n","protected":false},"excerpt":{"rendered":"<p>Francisco Laviola \u2013 19\/10\/2018 No pr\u00f3ximo dia 28 de outubro ser\u00e1 o \u201cdia D\u201d dos dois candidatos sobreviventes de uma campanha presidencial que come\u00e7ou sob o signo da desconfian\u00e7a, passou para o campo das \u00a0acusa\u00e7\u00f5es e tiroteios contra o l\u00edder das pesquisas e s\u00f3 amenizadas com o \u201csangue\u201d derramado em Juiz de Fora, a Manchester &#8230; <a title=\"A hist\u00f3ria que vamos contando\" class=\"read-more\" href=\"https:\/\/anoticiaonline.com.br\/site\/a-historia-que-vamos-contando\/\" aria-label=\"Read more about A hist\u00f3ria que vamos contando\">Ler mais<\/a><\/p>\n","protected":false},"author":2,"featured_media":0,"comment_status":"open","ping_status":"open","sticky":false,"template":"","format":"standard","meta":{"_acf_changed":false,"_monsterinsights_skip_tracking":false,"footnotes":""},"categories":[31,33],"tags":[],"class_list":["post-63254","post","type-post","status-publish","format-standard","hentry","category-colunistas","category-politica-e-atualidades-francisco-laviola"],"acf":[],"aioseo_notices":[],"aioseo_head":"\n\t\t<!-- All in One SEO 5.0.0.1 - aioseo.com -->\n\t<meta name=\"description\" content=\"Francisco Laviola \u2013 19\/10\/2018 No pr\u00f3ximo dia 28 de outubro ser\u00e1 o \u201cdia D\u201d dos dois candidatos sobreviventes de uma campanha presidencial que come\u00e7ou sob o signo da desconfian\u00e7a, passou para o campo das acusa\u00e7\u00f5es e tiroteios contra o l\u00edder das pesquisas e s\u00f3 amenizadas com o \u201csangue\u201d derramado em Juiz de Fora, a Manchester\" \/>\n\t<meta name=\"robots\" content=\"max-image-preview:large\" \/>\n\t<meta name=\"author\" content=\"Juliana Laviola\"\/>\n\t<link rel=\"canonical\" href=\"https:\/\/anoticiaonline.com.br\/site\/a-historia-que-vamos-contando\/\" \/>\n\t<meta name=\"generator\" content=\"All in One SEO (AIOSEO) 5.0.0.1\" \/>\n\t\t<meta property=\"og:locale\" content=\"pt_BR\" \/>\n\t\t<meta property=\"og:site_name\" content=\"A Not\u00edcia Online - Noticias de Muria\u00e9 e regi\u00e3o\" \/>\n\t\t<meta property=\"og:type\" content=\"article\" \/>\n\t\t<meta property=\"og:title\" content=\"A hist\u00f3ria que vamos contando - A Not\u00edcia Online\" \/>\n\t\t<meta property=\"og:description\" content=\"Francisco Laviola \u2013 19\/10\/2018 No pr\u00f3ximo dia 28 de outubro ser\u00e1 o \u201cdia D\u201d dos dois candidatos sobreviventes de uma campanha presidencial que come\u00e7ou sob o signo da desconfian\u00e7a, passou para o campo das acusa\u00e7\u00f5es e tiroteios contra o l\u00edder das pesquisas e s\u00f3 amenizadas com o \u201csangue\u201d derramado em Juiz de Fora, a Manchester\" \/>\n\t\t<meta property=\"og:url\" content=\"https:\/\/anoticiaonline.com.br\/site\/a-historia-que-vamos-contando\/\" \/>\n\t\t<meta property=\"og:image\" content=\"https:\/\/scontent-gig4-1.xx.fbcdn.net\/v\/t39.30808-1\/270437624_4564083193639691_6907940295614233970_n.jpg?stp=dst-jpg_s200x200_tt6&#038;_nc_cat=111&#038;ccb=1-7&#038;_nc_sid=f907e8&#038;_nc_ohc=SM1wRlP3lJwQ7kNvwEPuBYA&#038;_nc_oc=AdnqrjDN_BNjSSHWO-GbkIWH6fkGMLw4bqvL_NH6e2wMveX7G-rP2dAqsDSq1mJMOaY&#038;_nc_zt=24&#038;_nc_ht=scontent-gig4-1.xx&#038;_nc_gid=AoBFJeGrT1hVaew_6rchkQ&#038;oh=00_AfX7QmFGhQhG2jAllVgXCiM1ZrWgvtp80-Bfppyexh1QEg&#038;oe=689E923C\" \/>\n\t\t<meta property=\"og:image:secure_url\" content=\"https:\/\/scontent-gig4-1.xx.fbcdn.net\/v\/t39.30808-1\/270437624_4564083193639691_6907940295614233970_n.jpg?stp=dst-jpg_s200x200_tt6&#038;_nc_cat=111&#038;ccb=1-7&#038;_nc_sid=f907e8&#038;_nc_ohc=SM1wRlP3lJwQ7kNvwEPuBYA&#038;_nc_oc=AdnqrjDN_BNjSSHWO-GbkIWH6fkGMLw4bqvL_NH6e2wMveX7G-rP2dAqsDSq1mJMOaY&#038;_nc_zt=24&#038;_nc_ht=scontent-gig4-1.xx&#038;_nc_gid=AoBFJeGrT1hVaew_6rchkQ&#038;oh=00_AfX7QmFGhQhG2jAllVgXCiM1ZrWgvtp80-Bfppyexh1QEg&#038;oe=689E923C\" \/>\n\t\t<meta property=\"article:published_time\" content=\"2018-10-18T22:38:55+00:00\" \/>\n\t\t<meta property=\"article:modified_time\" content=\"2018-10-18T22:38:55+00:00\" \/>\n\t\t<meta name=\"twitter:card\" content=\"summary_large_image\" \/>\n\t\t<meta name=\"twitter:title\" content=\"A hist\u00f3ria que vamos contando - A Not\u00edcia Online\" \/>\n\t\t<meta name=\"twitter:description\" content=\"Francisco Laviola \u2013 19\/10\/2018 No pr\u00f3ximo dia 28 de outubro ser\u00e1 o \u201cdia D\u201d dos dois candidatos sobreviventes de uma campanha presidencial que come\u00e7ou sob o signo da desconfian\u00e7a, passou para o campo das acusa\u00e7\u00f5es e tiroteios contra o l\u00edder das pesquisas e s\u00f3 amenizadas com o \u201csangue\u201d derramado em Juiz de Fora, a Manchester\" \/>\n\t\t<meta name=\"twitter:image\" content=\"https:\/\/scontent-gig4-1.xx.fbcdn.net\/v\/t39.30808-1\/270437624_4564083193639691_6907940295614233970_n.jpg?stp=dst-jpg_s200x200_tt6&amp;_nc_cat=111&amp;ccb=1-7&amp;_nc_sid=f907e8&amp;_nc_ohc=SM1wRlP3lJwQ7kNvwEPuBYA&amp;_nc_oc=AdnqrjDN_BNjSSHWO-GbkIWH6fkGMLw4bqvL_NH6e2wMveX7G-rP2dAqsDSq1mJMOaY&amp;_nc_zt=24&amp;_nc_ht=scontent-gig4-1.xx&amp;_nc_gid=AoBFJeGrT1hVaew_6rchkQ&amp;oh=00_AfX7QmFGhQhG2jAllVgXCiM1ZrWgvtp80-Bfppyexh1QEg&amp;oe=689E923C\" \/>\n\t\t<script type=\"application\/ld+json\" class=\"aioseo-schema\">\n\t\t\t{\"@context\":\"https:\\\/\\\/schema.org\",\"@graph\":[{\"@type\":\"BlogPosting\",\"@id\":\"https:\\\/\\\/anoticiaonline.com.br\\\/site\\\/a-historia-que-vamos-contando\\\/#blogposting\",\"name\":\"A hist\\u00f3ria que vamos contando - A Not\\u00edcia Online\",\"headline\":\"A hist\\u00f3ria que vamos contando\",\"author\":{\"@id\":\"https:\\\/\\\/anoticiaonline.com.br\\\/site\\\/author\\\/juliana\\\/#author\"},\"publisher\":{\"@id\":\"https:\\\/\\\/anoticiaonline.com.br\\\/site\\\/#organization\"},\"image\":{\"@type\":\"ImageObject\",\"url\":\"https:\\\/\\\/scontent-gig4-1.xx.fbcdn.net\\\/v\\\/t39.30808-1\\\/270437624_4564083193639691_6907940295614233970_n.jpg?stp=dst-jpg_s200x200_tt6&_nc_cat=111&ccb=1-7&_nc_sid=f907e8&_nc_ohc=SM1wRlP3lJwQ7kNvwEPuBYA&_nc_oc=AdnqrjDN_BNjSSHWO-GbkIWH6fkGMLw4bqvL_NH6e2wMveX7G-rP2dAqsDSq1mJMOaY&_nc_zt=24&_nc_ht=scontent-gig4-1.xx&_nc_gid=AoBFJeGrT1hVaew_6rchkQ&oh=00_AfX7QmFGhQhG2jAllVgXCiM1ZrWgvtp80-Bfppyexh1QEg&oe=689E923C\",\"@id\":\"https:\\\/\\\/anoticiaonline.com.br\\\/site\\\/#articleImage\"},\"datePublished\":\"2018-10-18T19:38:55-03:00\",\"dateModified\":\"2018-10-18T19:38:55-03:00\",\"inLanguage\":\"pt-BR\",\"mainEntityOfPage\":{\"@id\":\"https:\\\/\\\/anoticiaonline.com.br\\\/site\\\/a-historia-que-vamos-contando\\\/#webpage\"},\"isPartOf\":{\"@id\":\"https:\\\/\\\/anoticiaonline.com.br\\\/site\\\/a-historia-que-vamos-contando\\\/#webpage\"},\"articleSection\":\"Colunistas, Pol\\u00edtica e Atualidades - Francisco Laviola\"},{\"@type\":\"BreadcrumbList\",\"@id\":\"https:\\\/\\\/anoticiaonline.com.br\\\/site\\\/a-historia-que-vamos-contando\\\/#breadcrumblist\",\"itemListElement\":[{\"@type\":\"ListItem\",\"@id\":\"https:\\\/\\\/anoticiaonline.com.br\\\/site#listItem\",\"position\":1,\"name\":\"Home\",\"item\":\"https:\\\/\\\/anoticiaonline.com.br\\\/site\",\"nextItem\":{\"@type\":\"ListItem\",\"@id\":\"https:\\\/\\\/anoticiaonline.com.br\\\/site\\\/categoria\\\/colunistas\\\/#listItem\",\"name\":\"Colunistas\"}},{\"@type\":\"ListItem\",\"@id\":\"https:\\\/\\\/anoticiaonline.com.br\\\/site\\\/categoria\\\/colunistas\\\/#listItem\",\"position\":2,\"name\":\"Colunistas\",\"item\":\"https:\\\/\\\/anoticiaonline.com.br\\\/site\\\/categoria\\\/colunistas\\\/\",\"nextItem\":{\"@type\":\"ListItem\",\"@id\":\"https:\\\/\\\/anoticiaonline.com.br\\\/site\\\/categoria\\\/colunistas\\\/politica-e-atualidades-francisco-laviola\\\/#listItem\",\"name\":\"Pol\\u00edtica e Atualidades - Francisco Laviola\"},\"previousItem\":{\"@type\":\"ListItem\",\"@id\":\"https:\\\/\\\/anoticiaonline.com.br\\\/site#listItem\",\"name\":\"Home\"}},{\"@type\":\"ListItem\",\"@id\":\"https:\\\/\\\/anoticiaonline.com.br\\\/site\\\/categoria\\\/colunistas\\\/politica-e-atualidades-francisco-laviola\\\/#listItem\",\"position\":3,\"name\":\"Pol\\u00edtica e Atualidades - Francisco Laviola\",\"item\":\"https:\\\/\\\/anoticiaonline.com.br\\\/site\\\/categoria\\\/colunistas\\\/politica-e-atualidades-francisco-laviola\\\/\",\"nextItem\":{\"@type\":\"ListItem\",\"@id\":\"https:\\\/\\\/anoticiaonline.com.br\\\/site\\\/a-historia-que-vamos-contando\\\/#listItem\",\"name\":\"A hist\\u00f3ria que vamos contando\"},\"previousItem\":{\"@type\":\"ListItem\",\"@id\":\"https:\\\/\\\/anoticiaonline.com.br\\\/site\\\/categoria\\\/colunistas\\\/#listItem\",\"name\":\"Colunistas\"}},{\"@type\":\"ListItem\",\"@id\":\"https:\\\/\\\/anoticiaonline.com.br\\\/site\\\/a-historia-que-vamos-contando\\\/#listItem\",\"position\":4,\"name\":\"A hist\\u00f3ria que vamos contando\",\"previousItem\":{\"@type\":\"ListItem\",\"@id\":\"https:\\\/\\\/anoticiaonline.com.br\\\/site\\\/categoria\\\/colunistas\\\/politica-e-atualidades-francisco-laviola\\\/#listItem\",\"name\":\"Pol\\u00edtica e Atualidades - Francisco Laviola\"}}]},{\"@type\":\"Organization\",\"@id\":\"https:\\\/\\\/anoticiaonline.com.br\\\/site\\\/#organization\",\"name\":\"A Not\\u00edcia Online\",\"description\":\"Noticias de Muria\\u00e9 e regi\\u00e3o\",\"url\":\"https:\\\/\\\/anoticiaonline.com.br\\\/site\\\/\",\"logo\":{\"@type\":\"ImageObject\",\"url\":\"https:\\\/\\\/scontent-gig4-1.xx.fbcdn.net\\\/v\\\/t39.30808-1\\\/270437624_4564083193639691_6907940295614233970_n.jpg?stp=dst-jpg_s200x200_tt6&_nc_cat=111&ccb=1-7&_nc_sid=f907e8&_nc_ohc=SM1wRlP3lJwQ7kNvwEPuBYA&_nc_oc=AdnqrjDN_BNjSSHWO-GbkIWH6fkGMLw4bqvL_NH6e2wMveX7G-rP2dAqsDSq1mJMOaY&_nc_zt=24&_nc_ht=scontent-gig4-1.xx&_nc_gid=AoBFJeGrT1hVaew_6rchkQ&oh=00_AfX7QmFGhQhG2jAllVgXCiM1ZrWgvtp80-Bfppyexh1QEg&oe=689E923C\",\"@id\":\"https:\\\/\\\/anoticiaonline.com.br\\\/site\\\/a-historia-que-vamos-contando\\\/#organizationLogo\"},\"image\":{\"@id\":\"https:\\\/\\\/anoticiaonline.com.br\\\/site\\\/a-historia-que-vamos-contando\\\/#organizationLogo\"}},{\"@type\":\"Person\",\"@id\":\"https:\\\/\\\/anoticiaonline.com.br\\\/site\\\/author\\\/juliana\\\/#author\",\"url\":\"https:\\\/\\\/anoticiaonline.com.br\\\/site\\\/author\\\/juliana\\\/\",\"name\":\"Juliana Laviola\",\"image\":{\"@type\":\"ImageObject\",\"@id\":\"https:\\\/\\\/anoticiaonline.com.br\\\/site\\\/a-historia-que-vamos-contando\\\/#authorImage\",\"url\":\"https:\\\/\\\/secure.gravatar.com\\\/avatar\\\/b8d45f5c699b100dfaf0e543582f38f38bf94cb7ae3a5e9abf8d891a34773335?s=96&d=mm&r=g\",\"width\":96,\"height\":96,\"caption\":\"Juliana Laviola\"}},{\"@type\":\"WebPage\",\"@id\":\"https:\\\/\\\/anoticiaonline.com.br\\\/site\\\/a-historia-que-vamos-contando\\\/#webpage\",\"url\":\"https:\\\/\\\/anoticiaonline.com.br\\\/site\\\/a-historia-que-vamos-contando\\\/\",\"name\":\"A hist\\u00f3ria que vamos contando - A Not\\u00edcia Online\",\"description\":\"Francisco Laviola \\u2013 19\\\/10\\\/2018 No pr\\u00f3ximo dia 28 de outubro ser\\u00e1 o \\u201cdia D\\u201d dos dois candidatos sobreviventes de uma campanha presidencial que come\\u00e7ou sob o signo da desconfian\\u00e7a, passou para o campo das acusa\\u00e7\\u00f5es e tiroteios contra o l\\u00edder das pesquisas e s\\u00f3 amenizadas com o \\u201csangue\\u201d derramado em Juiz de Fora, a Manchester\",\"inLanguage\":\"pt-BR\",\"isPartOf\":{\"@id\":\"https:\\\/\\\/anoticiaonline.com.br\\\/site\\\/#website\"},\"breadcrumb\":{\"@id\":\"https:\\\/\\\/anoticiaonline.com.br\\\/site\\\/a-historia-que-vamos-contando\\\/#breadcrumblist\"},\"author\":{\"@id\":\"https:\\\/\\\/anoticiaonline.com.br\\\/site\\\/author\\\/juliana\\\/#author\"},\"creator\":{\"@id\":\"https:\\\/\\\/anoticiaonline.com.br\\\/site\\\/author\\\/juliana\\\/#author\"},\"datePublished\":\"2018-10-18T19:38:55-03:00\",\"dateModified\":\"2018-10-18T19:38:55-03:00\"},{\"@type\":\"WebSite\",\"@id\":\"https:\\\/\\\/anoticiaonline.com.br\\\/site\\\/#website\",\"url\":\"https:\\\/\\\/anoticiaonline.com.br\\\/site\\\/\",\"name\":\"A Not\\u00edcia Online\",\"description\":\"Noticias de Muria\\u00e9 e regi\\u00e3o\",\"inLanguage\":\"pt-BR\",\"publisher\":{\"@id\":\"https:\\\/\\\/anoticiaonline.com.br\\\/site\\\/#organization\"}}]}\n\t\t<\/script>\n\t\t<!-- All in One SEO -->\n\n","aioseo_head_json":{"title":"A hist\u00f3ria que vamos contando - A Not\u00edcia Online","description":"Francisco Laviola \u2013 19\/10\/2018 No pr\u00f3ximo dia 28 de outubro ser\u00e1 o \u201cdia D\u201d dos dois candidatos sobreviventes de uma campanha presidencial que come\u00e7ou sob o signo da desconfian\u00e7a, passou para o campo das acusa\u00e7\u00f5es e tiroteios contra o l\u00edder das pesquisas e s\u00f3 amenizadas com o \u201csangue\u201d derramado em Juiz de Fora, a Manchester","canonical_url":"https:\/\/anoticiaonline.com.br\/site\/a-historia-que-vamos-contando\/","robots":"max-image-preview:large","keywords":"","webmasterTools":{"miscellaneous":""},"schema":{"@context":"https:\/\/schema.org","@graph":[{"@type":"BlogPosting","@id":"https:\/\/anoticiaonline.com.br\/site\/a-historia-que-vamos-contando\/#blogposting","name":"A hist\u00f3ria que vamos contando - A Not\u00edcia Online","headline":"A hist\u00f3ria que vamos contando","author":{"@id":"https:\/\/anoticiaonline.com.br\/site\/author\/juliana\/#author"},"publisher":{"@id":"https:\/\/anoticiaonline.com.br\/site\/#organization"},"image":{"@type":"ImageObject","url":"https:\/\/scontent-gig4-1.xx.fbcdn.net\/v\/t39.30808-1\/270437624_4564083193639691_6907940295614233970_n.jpg?stp=dst-jpg_s200x200_tt6&_nc_cat=111&ccb=1-7&_nc_sid=f907e8&_nc_ohc=SM1wRlP3lJwQ7kNvwEPuBYA&_nc_oc=AdnqrjDN_BNjSSHWO-GbkIWH6fkGMLw4bqvL_NH6e2wMveX7G-rP2dAqsDSq1mJMOaY&_nc_zt=24&_nc_ht=scontent-gig4-1.xx&_nc_gid=AoBFJeGrT1hVaew_6rchkQ&oh=00_AfX7QmFGhQhG2jAllVgXCiM1ZrWgvtp80-Bfppyexh1QEg&oe=689E923C","@id":"https:\/\/anoticiaonline.com.br\/site\/#articleImage"},"datePublished":"2018-10-18T19:38:55-03:00","dateModified":"2018-10-18T19:38:55-03:00","inLanguage":"pt-BR","mainEntityOfPage":{"@id":"https:\/\/anoticiaonline.com.br\/site\/a-historia-que-vamos-contando\/#webpage"},"isPartOf":{"@id":"https:\/\/anoticiaonline.com.br\/site\/a-historia-que-vamos-contando\/#webpage"},"articleSection":"Colunistas, Pol\u00edtica e Atualidades - Francisco Laviola"},{"@type":"BreadcrumbList","@id":"https:\/\/anoticiaonline.com.br\/site\/a-historia-que-vamos-contando\/#breadcrumblist","itemListElement":[{"@type":"ListItem","@id":"https:\/\/anoticiaonline.com.br\/site#listItem","position":1,"name":"Home","item":"https:\/\/anoticiaonline.com.br\/site","nextItem":{"@type":"ListItem","@id":"https:\/\/anoticiaonline.com.br\/site\/categoria\/colunistas\/#listItem","name":"Colunistas"}},{"@type":"ListItem","@id":"https:\/\/anoticiaonline.com.br\/site\/categoria\/colunistas\/#listItem","position":2,"name":"Colunistas","item":"https:\/\/anoticiaonline.com.br\/site\/categoria\/colunistas\/","nextItem":{"@type":"ListItem","@id":"https:\/\/anoticiaonline.com.br\/site\/categoria\/colunistas\/politica-e-atualidades-francisco-laviola\/#listItem","name":"Pol\u00edtica e Atualidades - Francisco Laviola"},"previousItem":{"@type":"ListItem","@id":"https:\/\/anoticiaonline.com.br\/site#listItem","name":"Home"}},{"@type":"ListItem","@id":"https:\/\/anoticiaonline.com.br\/site\/categoria\/colunistas\/politica-e-atualidades-francisco-laviola\/#listItem","position":3,"name":"Pol\u00edtica e Atualidades - Francisco Laviola","item":"https:\/\/anoticiaonline.com.br\/site\/categoria\/colunistas\/politica-e-atualidades-francisco-laviola\/","nextItem":{"@type":"ListItem","@id":"https:\/\/anoticiaonline.com.br\/site\/a-historia-que-vamos-contando\/#listItem","name":"A hist\u00f3ria que vamos contando"},"previousItem":{"@type":"ListItem","@id":"https:\/\/anoticiaonline.com.br\/site\/categoria\/colunistas\/#listItem","name":"Colunistas"}},{"@type":"ListItem","@id":"https:\/\/anoticiaonline.com.br\/site\/a-historia-que-vamos-contando\/#listItem","position":4,"name":"A hist\u00f3ria que vamos contando","previousItem":{"@type":"ListItem","@id":"https:\/\/anoticiaonline.com.br\/site\/categoria\/colunistas\/politica-e-atualidades-francisco-laviola\/#listItem","name":"Pol\u00edtica e Atualidades - Francisco Laviola"}}]},{"@type":"Organization","@id":"https:\/\/anoticiaonline.com.br\/site\/#organization","name":"A Not\u00edcia Online","description":"Noticias de Muria\u00e9 e regi\u00e3o","url":"https:\/\/anoticiaonline.com.br\/site\/","logo":{"@type":"ImageObject","url":"https:\/\/scontent-gig4-1.xx.fbcdn.net\/v\/t39.30808-1\/270437624_4564083193639691_6907940295614233970_n.jpg?stp=dst-jpg_s200x200_tt6&_nc_cat=111&ccb=1-7&_nc_sid=f907e8&_nc_ohc=SM1wRlP3lJwQ7kNvwEPuBYA&_nc_oc=AdnqrjDN_BNjSSHWO-GbkIWH6fkGMLw4bqvL_NH6e2wMveX7G-rP2dAqsDSq1mJMOaY&_nc_zt=24&_nc_ht=scontent-gig4-1.xx&_nc_gid=AoBFJeGrT1hVaew_6rchkQ&oh=00_AfX7QmFGhQhG2jAllVgXCiM1ZrWgvtp80-Bfppyexh1QEg&oe=689E923C","@id":"https:\/\/anoticiaonline.com.br\/site\/a-historia-que-vamos-contando\/#organizationLogo"},"image":{"@id":"https:\/\/anoticiaonline.com.br\/site\/a-historia-que-vamos-contando\/#organizationLogo"}},{"@type":"Person","@id":"https:\/\/anoticiaonline.com.br\/site\/author\/juliana\/#author","url":"https:\/\/anoticiaonline.com.br\/site\/author\/juliana\/","name":"Juliana Laviola","image":{"@type":"ImageObject","@id":"https:\/\/anoticiaonline.com.br\/site\/a-historia-que-vamos-contando\/#authorImage","url":"https:\/\/secure.gravatar.com\/avatar\/b8d45f5c699b100dfaf0e543582f38f38bf94cb7ae3a5e9abf8d891a34773335?s=96&d=mm&r=g","width":96,"height":96,"caption":"Juliana Laviola"}},{"@type":"WebPage","@id":"https:\/\/anoticiaonline.com.br\/site\/a-historia-que-vamos-contando\/#webpage","url":"https:\/\/anoticiaonline.com.br\/site\/a-historia-que-vamos-contando\/","name":"A hist\u00f3ria que vamos contando - A Not\u00edcia Online","description":"Francisco Laviola \u2013 19\/10\/2018 No pr\u00f3ximo dia 28 de outubro ser\u00e1 o \u201cdia D\u201d dos dois candidatos sobreviventes de uma campanha presidencial que come\u00e7ou sob o signo da desconfian\u00e7a, passou para o campo das acusa\u00e7\u00f5es e tiroteios contra o l\u00edder das pesquisas e s\u00f3 amenizadas com o \u201csangue\u201d derramado em Juiz de Fora, a Manchester","inLanguage":"pt-BR","isPartOf":{"@id":"https:\/\/anoticiaonline.com.br\/site\/#website"},"breadcrumb":{"@id":"https:\/\/anoticiaonline.com.br\/site\/a-historia-que-vamos-contando\/#breadcrumblist"},"author":{"@id":"https:\/\/anoticiaonline.com.br\/site\/author\/juliana\/#author"},"creator":{"@id":"https:\/\/anoticiaonline.com.br\/site\/author\/juliana\/#author"},"datePublished":"2018-10-18T19:38:55-03:00","dateModified":"2018-10-18T19:38:55-03:00"},{"@type":"WebSite","@id":"https:\/\/anoticiaonline.com.br\/site\/#website","url":"https:\/\/anoticiaonline.com.br\/site\/","name":"A Not\u00edcia Online","description":"Noticias de Muria\u00e9 e regi\u00e3o","inLanguage":"pt-BR","publisher":{"@id":"https:\/\/anoticiaonline.com.br\/site\/#organization"}}]},"og:locale":"pt_BR","og:site_name":"A Not\u00edcia Online - Noticias de Muria\u00e9 e regi\u00e3o","og:type":"article","og:title":"A hist\u00f3ria que vamos contando - A Not\u00edcia Online","og:description":"Francisco Laviola \u2013 19\/10\/2018 No pr\u00f3ximo dia 28 de outubro ser\u00e1 o \u201cdia D\u201d dos dois candidatos sobreviventes de uma campanha presidencial que come\u00e7ou sob o signo da desconfian\u00e7a, passou para o campo das acusa\u00e7\u00f5es e tiroteios contra o l\u00edder das pesquisas e s\u00f3 amenizadas com o \u201csangue\u201d derramado em Juiz de Fora, a Manchester","og:url":"https:\/\/anoticiaonline.com.br\/site\/a-historia-que-vamos-contando\/","og:image":"https:\/\/scontent-gig4-1.xx.fbcdn.net\/v\/t39.30808-1\/270437624_4564083193639691_6907940295614233970_n.jpg?stp=dst-jpg_s200x200_tt6&#038;_nc_cat=111&#038;ccb=1-7&#038;_nc_sid=f907e8&#038;_nc_ohc=SM1wRlP3lJwQ7kNvwEPuBYA&#038;_nc_oc=AdnqrjDN_BNjSSHWO-GbkIWH6fkGMLw4bqvL_NH6e2wMveX7G-rP2dAqsDSq1mJMOaY&#038;_nc_zt=24&#038;_nc_ht=scontent-gig4-1.xx&#038;_nc_gid=AoBFJeGrT1hVaew_6rchkQ&#038;oh=00_AfX7QmFGhQhG2jAllVgXCiM1ZrWgvtp80-Bfppyexh1QEg&#038;oe=689E923C","og:image:secure_url":"https:\/\/scontent-gig4-1.xx.fbcdn.net\/v\/t39.30808-1\/270437624_4564083193639691_6907940295614233970_n.jpg?stp=dst-jpg_s200x200_tt6&#038;_nc_cat=111&#038;ccb=1-7&#038;_nc_sid=f907e8&#038;_nc_ohc=SM1wRlP3lJwQ7kNvwEPuBYA&#038;_nc_oc=AdnqrjDN_BNjSSHWO-GbkIWH6fkGMLw4bqvL_NH6e2wMveX7G-rP2dAqsDSq1mJMOaY&#038;_nc_zt=24&#038;_nc_ht=scontent-gig4-1.xx&#038;_nc_gid=AoBFJeGrT1hVaew_6rchkQ&#038;oh=00_AfX7QmFGhQhG2jAllVgXCiM1ZrWgvtp80-Bfppyexh1QEg&#038;oe=689E923C","article:published_time":"2018-10-18T22:38:55+00:00","article:modified_time":"2018-10-18T22:38:55+00:00","twitter:card":"summary_large_image","twitter:title":"A hist\u00f3ria que vamos contando - A Not\u00edcia Online","twitter:description":"Francisco Laviola \u2013 19\/10\/2018 No pr\u00f3ximo dia 28 de outubro ser\u00e1 o \u201cdia D\u201d dos dois candidatos sobreviventes de uma campanha presidencial que come\u00e7ou sob o signo da desconfian\u00e7a, passou para o campo das acusa\u00e7\u00f5es e tiroteios contra o l\u00edder das pesquisas e s\u00f3 amenizadas com o \u201csangue\u201d derramado em Juiz de Fora, a Manchester","twitter:image":"https:\/\/scontent-gig4-1.xx.fbcdn.net\/v\/t39.30808-1\/270437624_4564083193639691_6907940295614233970_n.jpg?stp=dst-jpg_s200x200_tt6&_nc_cat=111&ccb=1-7&_nc_sid=f907e8&_nc_ohc=SM1wRlP3lJwQ7kNvwEPuBYA&_nc_oc=AdnqrjDN_BNjSSHWO-GbkIWH6fkGMLw4bqvL_NH6e2wMveX7G-rP2dAqsDSq1mJMOaY&_nc_zt=24&_nc_ht=scontent-gig4-1.xx&_nc_gid=AoBFJeGrT1hVaew_6rchkQ&oh=00_AfX7QmFGhQhG2jAllVgXCiM1ZrWgvtp80-Bfppyexh1QEg&oe=689E923C"},"aioseo_meta_data":{"post_id":"63254","title":null,"description":null,"keywords":null,"keyphrases":null,"primary_term":null,"canonical_url":null,"og_title":null,"og_description":null,"og_object_type":"default","og_image_type":"default","og_image_url":null,"og_image_width":null,"og_image_height":null,"og_image_custom_url":null,"og_image_custom_fields":null,"og_video":null,"og_custom_url":null,"og_article_section":null,"og_article_tags":null,"twitter_use_og":false,"twitter_card":"default","twitter_image_type":"default","twitter_image_url":null,"twitter_image_custom_url":null,"twitter_image_custom_fields":null,"twitter_title":null,"twitter_description":null,"schema":{"blockGraphs":[],"customGraphs":[],"default":{"data":{"Article":[],"Course":[],"Dataset":[],"FAQPage":[],"Movie":[],"Person":[],"Product":[],"ProductReview":[],"Car":[],"Recipe":[],"Service":[],"SoftwareApplication":[],"WebPage":[]},"graphName":"","isEnabled":true},"graphs":[]},"schema_type":"default","schema_type_options":null,"pillar_content":false,"robots_default":true,"robots_noindex":false,"robots_noarchive":false,"robots_nosnippet":false,"robots_nofollow":false,"robots_noimageindex":false,"robots_noodp":false,"robots_notranslate":false,"robots_max_snippet":null,"robots_max_videopreview":null,"robots_max_imagepreview":"large","priority":null,"frequency":null,"local_seo":null,"breadcrumb_settings":null,"limit_modified_date":false,"ai":null,"created":"2025-08-16 21:54:41","updated":"2025-08-16 21:54:41","focus_keyword":null,"additional_keywords":null,"truseo_locale":null,"seo_analyzer_scan_date":null},"aioseo_breadcrumb":"<div class=\"aioseo-breadcrumbs\"><span class=\"aioseo-breadcrumb\">\n\t\t\t<a href=\"https:\/\/anoticiaonline.com.br\/site\" title=\"Home\">Home<\/a>\n\t\t<\/span><span class=\"aioseo-breadcrumb-separator\">&raquo;<\/span><span class=\"aioseo-breadcrumb\">\n\t\t\t<a href=\"https:\/\/anoticiaonline.com.br\/site\/categoria\/colunistas\/\" title=\"Colunistas\">Colunistas<\/a>\n\t\t<\/span><span class=\"aioseo-breadcrumb-separator\">&raquo;<\/span><span class=\"aioseo-breadcrumb\">\n\t\t\t<a href=\"https:\/\/anoticiaonline.com.br\/site\/categoria\/colunistas\/politica-e-atualidades-francisco-laviola\/\" title=\"Pol\u00edtica e Atualidades - Francisco Laviola\">Pol\u00edtica e Atualidades - Francisco Laviola<\/a>\n\t\t<\/span><span class=\"aioseo-breadcrumb-separator\">&raquo;<\/span><span class=\"aioseo-breadcrumb\">\n\t\t\tA hist\u00f3ria que vamos contando\n\t\t<\/span><\/div>","aioseo_breadcrumb_json":[{"label":"Home","link":"https:\/\/anoticiaonline.com.br\/site"},{"label":"Colunistas","link":"https:\/\/anoticiaonline.com.br\/site\/categoria\/colunistas\/"},{"label":"Pol\u00edtica e Atualidades - Francisco Laviola","link":"https:\/\/anoticiaonline.com.br\/site\/categoria\/colunistas\/politica-e-atualidades-francisco-laviola\/"},{"label":"A hist\u00f3ria que vamos contando","link":"https:\/\/anoticiaonline.com.br\/site\/a-historia-que-vamos-contando\/"}],"views":114,"_links":{"self":[{"href":"https:\/\/anoticiaonline.com.br\/site\/wp-json\/wp\/v2\/posts\/63254","targetHints":{"allow":["GET"]}}],"collection":[{"href":"https:\/\/anoticiaonline.com.br\/site\/wp-json\/wp\/v2\/posts"}],"about":[{"href":"https:\/\/anoticiaonline.com.br\/site\/wp-json\/wp\/v2\/types\/post"}],"author":[{"embeddable":true,"href":"https:\/\/anoticiaonline.com.br\/site\/wp-json\/wp\/v2\/users\/2"}],"replies":[{"embeddable":true,"href":"https:\/\/anoticiaonline.com.br\/site\/wp-json\/wp\/v2\/comments?post=63254"}],"version-history":[{"count":0,"href":"https:\/\/anoticiaonline.com.br\/site\/wp-json\/wp\/v2\/posts\/63254\/revisions"}],"wp:attachment":[{"href":"https:\/\/anoticiaonline.com.br\/site\/wp-json\/wp\/v2\/media?parent=63254"}],"wp:term":[{"taxonomy":"category","embeddable":true,"href":"https:\/\/anoticiaonline.com.br\/site\/wp-json\/wp\/v2\/categories?post=63254"},{"taxonomy":"post_tag","embeddable":true,"href":"https:\/\/anoticiaonline.com.br\/site\/wp-json\/wp\/v2\/tags?post=63254"}],"curies":[{"name":"wp","href":"https:\/\/api.w.org\/{rel}","templated":true}]}}