{"id":63246,"date":"2018-10-18T19:33:56","date_gmt":"2018-10-18T22:33:56","guid":{"rendered":"http:\/\/anoticiaonline.com.br\/site\/?p=63246"},"modified":"2018-10-18T19:33:56","modified_gmt":"2018-10-18T22:33:56","slug":"sociarte-18-10","status":"publish","type":"post","link":"https:\/\/anoticiaonline.com.br\/site\/sociarte-18-10\/","title":{"rendered":"Sociarte 18\/10"},"content":{"rendered":"<p><a href=\"https:\/\/anoticiaonline.com.br\/site\/wp-content\/uploads\/2018\/10\/Parab\u00e9ns-Gabrielle.jpeg\"><img fetchpriority=\"high\" decoding=\"async\" class=\"alignnone size-full wp-image-63247\" src=\"https:\/\/anoticiaonline.com.br\/site\/wp-content\/uploads\/2018\/10\/Parab\u00e9ns-Gabrielle.jpeg\" alt=\"\" width=\"438\" height=\"657\" srcset=\"https:\/\/anoticiaonline.com.br\/site\/wp-content\/uploads\/2018\/10\/Parab\u00e9ns-Gabrielle.jpeg 438w, https:\/\/anoticiaonline.com.br\/site\/wp-content\/uploads\/2018\/10\/Parab\u00e9ns-Gabrielle-200x300.jpeg 200w\" sizes=\"(max-width: 438px) 100vw, 438px\" \/><\/a><\/p>\n<p><strong>Parab\u00e9ns, Gabrielle <\/strong><\/p>\n<p>A jovem Gabrielle Silva Fernandes, filha de Jorge Fernandes e Priscila Silva de Souza, moradora de Patroc\u00ednio do Muria\u00e9, completou 15 anos na ter\u00e7a-feira (16). N\u00f3s, do jornal A Not\u00edcia, desejamos muitas realiza\u00e7\u00f5es, sa\u00fade e felicidades! Parab\u00e9ns, Gabrielle!<\/p>\n<p><a href=\"https:\/\/anoticiaonline.com.br\/site\/wp-content\/uploads\/2018\/10\/Festa-em-fam\u00edlia.jpg\"><img decoding=\"async\" class=\"alignnone size-full wp-image-63248\" src=\"https:\/\/anoticiaonline.com.br\/site\/wp-content\/uploads\/2018\/10\/Festa-em-fam\u00edlia.jpg\" alt=\"\" width=\"953\" height=\"502\" srcset=\"https:\/\/anoticiaonline.com.br\/site\/wp-content\/uploads\/2018\/10\/Festa-em-fam\u00edlia.jpg 953w, https:\/\/anoticiaonline.com.br\/site\/wp-content\/uploads\/2018\/10\/Festa-em-fam\u00edlia-300x158.jpg 300w, https:\/\/anoticiaonline.com.br\/site\/wp-content\/uploads\/2018\/10\/Festa-em-fam\u00edlia-768x405.jpg 768w\" sizes=\"(max-width: 953px) 100vw, 953px\" \/><\/a><\/p>\n<p><strong>Festa em fam\u00edlia<\/strong><\/p>\n<p>Filhos, netos e bisnetos de Jair Rafael de Paulo (in memorian) e Omiria Feliciana de Paula (in memorian), reuniram-se para mais uma festa em fam\u00edlia, realizada na tarde do \u00faltimo s\u00e1bado (13), na resid\u00eancia de Jos\u00e9 Carlos de Paula Cruz e Ivonete Sim\u00e3o Marum Cruz.<\/p>\n<p><a href=\"https:\/\/anoticiaonline.com.br\/site\/wp-content\/uploads\/2018\/10\/Parab\u00e9ns-Nath\u00e1lia.jpg\"><img decoding=\"async\" class=\"alignnone size-full wp-image-63249\" src=\"https:\/\/anoticiaonline.com.br\/site\/wp-content\/uploads\/2018\/10\/Parab\u00e9ns-Nath\u00e1lia.jpg\" alt=\"\" width=\"800\" height=\"800\" srcset=\"https:\/\/anoticiaonline.com.br\/site\/wp-content\/uploads\/2018\/10\/Parab\u00e9ns-Nath\u00e1lia.jpg 800w, https:\/\/anoticiaonline.com.br\/site\/wp-content\/uploads\/2018\/10\/Parab\u00e9ns-Nath\u00e1lia-150x150.jpg 150w, https:\/\/anoticiaonline.com.br\/site\/wp-content\/uploads\/2018\/10\/Parab\u00e9ns-Nath\u00e1lia-300x300.jpg 300w, https:\/\/anoticiaonline.com.br\/site\/wp-content\/uploads\/2018\/10\/Parab\u00e9ns-Nath\u00e1lia-768x768.jpg 768w\" sizes=\"(max-width: 800px) 100vw, 800px\" \/><\/a><\/p>\n<p><strong>Parab\u00e9ns, Nath\u00e1lia<\/strong><\/p>\n<p>A m\u00e9dica muriaeense, Nath\u00e1lia Ba\u00easso Alves, filha dos empres\u00e1rios Rog\u00e9rio Alves e \u00c2ngela Ba\u00easso, comemorou idade nova na quarta-feira (17). Parab\u00e9ns, Nath\u00e1lia! Tudo de melhor para voc\u00ea!<\/p>\n<p><a href=\"https:\/\/anoticiaonline.com.br\/site\/wp-content\/uploads\/2018\/10\/Bem-vindo-Bernardo.jpg\"><img loading=\"lazy\" decoding=\"async\" class=\"alignnone size-full wp-image-63250\" src=\"https:\/\/anoticiaonline.com.br\/site\/wp-content\/uploads\/2018\/10\/Bem-vindo-Bernardo.jpg\" alt=\"\" width=\"1000\" height=\"750\" srcset=\"https:\/\/anoticiaonline.com.br\/site\/wp-content\/uploads\/2018\/10\/Bem-vindo-Bernardo.jpg 1000w, https:\/\/anoticiaonline.com.br\/site\/wp-content\/uploads\/2018\/10\/Bem-vindo-Bernardo-300x225.jpg 300w, https:\/\/anoticiaonline.com.br\/site\/wp-content\/uploads\/2018\/10\/Bem-vindo-Bernardo-768x576.jpg 768w, https:\/\/anoticiaonline.com.br\/site\/wp-content\/uploads\/2018\/10\/Bem-vindo-Bernardo-105x80.jpg 105w\" sizes=\"(max-width: 1000px) 100vw, 1000px\" \/><\/a><\/p>\n<p><strong>Bem-vindo, Bernardo<\/strong><\/p>\n<p>O fof\u00edssimo Bernado Aquino Siligiano Vaz chegou na segunda-feira (15) para encher a vida dos papais Nath\u00e1lia Aquino Sigiliano Vaz e Marcelo Jord\u00e3o de Carvalho Vaz de muito amor e realiza\u00e7\u00e3o. O pequeno j\u00e1 est\u00e1 em casa e foi recebido por todos os amigos e familiares com muito carinho. Seja bem-vindo, Bernardo! Que Deus te d\u00ea muita sa\u00fade, paz e uma vida repleta de grandes realiza\u00e7\u00f5es.<\/p>\n<p><a href=\"https:\/\/anoticiaonline.com.br\/site\/wp-content\/uploads\/2018\/10\/WhatsApp-Image-2018-10-18-at-19.13.08.jpeg\"><img loading=\"lazy\" decoding=\"async\" class=\"alignnone size-full wp-image-63251\" src=\"https:\/\/anoticiaonline.com.br\/site\/wp-content\/uploads\/2018\/10\/WhatsApp-Image-2018-10-18-at-19.13.08.jpeg\" alt=\"\" width=\"533\" height=\"800\" srcset=\"https:\/\/anoticiaonline.com.br\/site\/wp-content\/uploads\/2018\/10\/WhatsApp-Image-2018-10-18-at-19.13.08.jpeg 533w, https:\/\/anoticiaonline.com.br\/site\/wp-content\/uploads\/2018\/10\/WhatsApp-Image-2018-10-18-at-19.13.08-200x300.jpeg 200w\" sizes=\"(max-width: 533px) 100vw, 533px\" \/><\/a><\/p>\n<p><strong>Parab\u00e9ns, Cristiane<\/strong><\/p>\n<p>Da reda\u00e7\u00e3o os nossos parab\u00e9ns para a nossa amiga Cristiane Cassim Lino que completou idade nova nesta quinta-feira (18). Ela que \u00e9 propriet\u00e1ria da Mix Lanchonete e Restaurante, \u00e9 casada com Girlando Martins Ferreira e m\u00e3e dos queridos Luiza Lino e Arthur Lino. Parab\u00e9ns, Cristiane! Que deus conserve essa sua alegria de viver e te d\u00ea muitos anos de vida!<\/p>\n<p><a href=\"https:\/\/anoticiaonline.com.br\/site\/wp-content\/uploads\/2018\/10\/Batizado-de-Murylo-Jos\u00e9.jpg\"><img loading=\"lazy\" decoding=\"async\" class=\"alignnone size-full wp-image-63252\" src=\"https:\/\/anoticiaonline.com.br\/site\/wp-content\/uploads\/2018\/10\/Batizado-de-Murylo-Jos\u00e9.jpg\" alt=\"\" width=\"657\" height=\"438\" srcset=\"https:\/\/anoticiaonline.com.br\/site\/wp-content\/uploads\/2018\/10\/Batizado-de-Murylo-Jos\u00e9.jpg 657w, https:\/\/anoticiaonline.com.br\/site\/wp-content\/uploads\/2018\/10\/Batizado-de-Murylo-Jos\u00e9-300x200.jpg 300w\" sizes=\"(max-width: 657px) 100vw, 657px\" \/><\/a><\/p>\n<p><strong>Batizado de Murylo Jos\u00e9<\/strong><\/p>\n<p>O pequeno Murylo Jos\u00e9 recebeu o Sacramento de Batismo na sexta-feira (12), na Par\u00f3quia Nossa Senhora Aparecida, localizada do bairro do Porto. Ele \u00e9 filho do casal Aline Dias e Maycon Ribeiro, e teve como padrinhos de batismo: Solange e Ant\u00f4nio, padrinhos de toalha: Marcelo e Uelita, e como padrinhos de consagra\u00e7\u00e3o: Alcione e Andr\u00e9. Os amigos e familiares foram recepcionados para um delicioso almo\u00e7o no S\u00edtio do Zim. Que Deus aben\u00e7oe sua vida Murylo!<\/p>\n","protected":false},"excerpt":{"rendered":"<p>Parab\u00e9ns, Gabrielle A jovem Gabrielle Silva Fernandes, filha de Jorge Fernandes e Priscila Silva de Souza, moradora de Patroc\u00ednio do Muria\u00e9, completou 15 anos na ter\u00e7a-feira (16). N\u00f3s, do jornal A Not\u00edcia, desejamos muitas realiza\u00e7\u00f5es, sa\u00fade e felicidades! Parab\u00e9ns, Gabrielle! Festa em fam\u00edlia Filhos, netos e bisnetos de Jair Rafael de Paulo (in memorian) e &#8230; <a title=\"Sociarte 18\/10\" class=\"read-more\" href=\"https:\/\/anoticiaonline.com.br\/site\/sociarte-18-10\/\" aria-label=\"Read more about Sociarte 18\/10\">Ler mais<\/a><\/p>\n","protected":false},"author":2,"featured_media":0,"comment_status":"open","ping_status":"open","sticky":false,"template":"","format":"standard","meta":{"_acf_changed":false,"_monsterinsights_skip_tracking":false,"footnotes":""},"categories":[31,38],"tags":[],"class_list":["post-63246","post","type-post","status-publish","format-standard","hentry","category-colunistas","category-sociarte"],"acf":[],"aioseo_notices":[],"aioseo_head":"\n\t\t<!-- All in One SEO 5.0.0.1 - aioseo.com -->\n\t<meta name=\"description\" content=\"Parab\u00e9ns, Gabrielle A jovem Gabrielle Silva Fernandes, filha de Jorge Fernandes e Priscila Silva de Souza, moradora de Patroc\u00ednio do Muria\u00e9, completou 15 anos na ter\u00e7a-feira (16). N\u00f3s, do jornal A Not\u00edcia, desejamos muitas realiza\u00e7\u00f5es, sa\u00fade e felicidades! Parab\u00e9ns, Gabrielle! Festa em fam\u00edlia Filhos, netos e bisnetos de Jair Rafael de Paulo (in memorian) e\" \/>\n\t<meta name=\"robots\" content=\"max-image-preview:large\" \/>\n\t<meta name=\"author\" content=\"Juliana Laviola\"\/>\n\t<link rel=\"canonical\" href=\"https:\/\/anoticiaonline.com.br\/site\/sociarte-18-10\/\" \/>\n\t<meta name=\"generator\" content=\"All in One SEO (AIOSEO) 5.0.0.1\" \/>\n\t\t<meta property=\"og:locale\" content=\"pt_BR\" \/>\n\t\t<meta property=\"og:site_name\" content=\"A Not\u00edcia Online - Noticias de Muria\u00e9 e regi\u00e3o\" \/>\n\t\t<meta property=\"og:type\" content=\"article\" \/>\n\t\t<meta property=\"og:title\" content=\"Sociarte 18\/10 - A Not\u00edcia Online\" \/>\n\t\t<meta property=\"og:description\" content=\"Parab\u00e9ns, Gabrielle A jovem Gabrielle Silva Fernandes, filha de Jorge Fernandes e Priscila Silva de Souza, moradora de Patroc\u00ednio do Muria\u00e9, completou 15 anos na ter\u00e7a-feira (16). N\u00f3s, do jornal A Not\u00edcia, desejamos muitas realiza\u00e7\u00f5es, sa\u00fade e felicidades! Parab\u00e9ns, Gabrielle! Festa em fam\u00edlia Filhos, netos e bisnetos de Jair Rafael de Paulo (in memorian) e\" \/>\n\t\t<meta property=\"og:url\" content=\"https:\/\/anoticiaonline.com.br\/site\/sociarte-18-10\/\" \/>\n\t\t<meta property=\"og:image\" content=\"https:\/\/scontent-gig4-1.xx.fbcdn.net\/v\/t39.30808-1\/270437624_4564083193639691_6907940295614233970_n.jpg?stp=dst-jpg_s200x200_tt6&#038;_nc_cat=111&#038;ccb=1-7&#038;_nc_sid=f907e8&#038;_nc_ohc=SM1wRlP3lJwQ7kNvwEPuBYA&#038;_nc_oc=AdnqrjDN_BNjSSHWO-GbkIWH6fkGMLw4bqvL_NH6e2wMveX7G-rP2dAqsDSq1mJMOaY&#038;_nc_zt=24&#038;_nc_ht=scontent-gig4-1.xx&#038;_nc_gid=AoBFJeGrT1hVaew_6rchkQ&#038;oh=00_AfX7QmFGhQhG2jAllVgXCiM1ZrWgvtp80-Bfppyexh1QEg&#038;oe=689E923C\" \/>\n\t\t<meta property=\"og:image:secure_url\" content=\"https:\/\/scontent-gig4-1.xx.fbcdn.net\/v\/t39.30808-1\/270437624_4564083193639691_6907940295614233970_n.jpg?stp=dst-jpg_s200x200_tt6&#038;_nc_cat=111&#038;ccb=1-7&#038;_nc_sid=f907e8&#038;_nc_ohc=SM1wRlP3lJwQ7kNvwEPuBYA&#038;_nc_oc=AdnqrjDN_BNjSSHWO-GbkIWH6fkGMLw4bqvL_NH6e2wMveX7G-rP2dAqsDSq1mJMOaY&#038;_nc_zt=24&#038;_nc_ht=scontent-gig4-1.xx&#038;_nc_gid=AoBFJeGrT1hVaew_6rchkQ&#038;oh=00_AfX7QmFGhQhG2jAllVgXCiM1ZrWgvtp80-Bfppyexh1QEg&#038;oe=689E923C\" \/>\n\t\t<meta property=\"article:published_time\" content=\"2018-10-18T22:33:56+00:00\" \/>\n\t\t<meta property=\"article:modified_time\" content=\"2018-10-18T22:33:56+00:00\" \/>\n\t\t<meta name=\"twitter:card\" content=\"summary_large_image\" \/>\n\t\t<meta name=\"twitter:title\" content=\"Sociarte 18\/10 - A Not\u00edcia Online\" \/>\n\t\t<meta name=\"twitter:description\" content=\"Parab\u00e9ns, Gabrielle A jovem Gabrielle Silva Fernandes, filha de Jorge Fernandes e Priscila Silva de Souza, moradora de Patroc\u00ednio do Muria\u00e9, completou 15 anos na ter\u00e7a-feira (16). N\u00f3s, do jornal A Not\u00edcia, desejamos muitas realiza\u00e7\u00f5es, sa\u00fade e felicidades! Parab\u00e9ns, Gabrielle! Festa em fam\u00edlia Filhos, netos e bisnetos de Jair Rafael de Paulo (in memorian) e\" \/>\n\t\t<meta name=\"twitter:image\" content=\"https:\/\/scontent-gig4-1.xx.fbcdn.net\/v\/t39.30808-1\/270437624_4564083193639691_6907940295614233970_n.jpg?stp=dst-jpg_s200x200_tt6&amp;_nc_cat=111&amp;ccb=1-7&amp;_nc_sid=f907e8&amp;_nc_ohc=SM1wRlP3lJwQ7kNvwEPuBYA&amp;_nc_oc=AdnqrjDN_BNjSSHWO-GbkIWH6fkGMLw4bqvL_NH6e2wMveX7G-rP2dAqsDSq1mJMOaY&amp;_nc_zt=24&amp;_nc_ht=scontent-gig4-1.xx&amp;_nc_gid=AoBFJeGrT1hVaew_6rchkQ&amp;oh=00_AfX7QmFGhQhG2jAllVgXCiM1ZrWgvtp80-Bfppyexh1QEg&amp;oe=689E923C\" \/>\n\t\t<script type=\"application\/ld+json\" class=\"aioseo-schema\">\n\t\t\t{\"@context\":\"https:\\\/\\\/schema.org\",\"@graph\":[{\"@type\":\"BlogPosting\",\"@id\":\"https:\\\/\\\/anoticiaonline.com.br\\\/site\\\/sociarte-18-10\\\/#blogposting\",\"name\":\"Sociarte 18\\\/10 - A Not\\u00edcia Online\",\"headline\":\"Sociarte 18\\\/10\",\"author\":{\"@id\":\"https:\\\/\\\/anoticiaonline.com.br\\\/site\\\/author\\\/juliana\\\/#author\"},\"publisher\":{\"@id\":\"https:\\\/\\\/anoticiaonline.com.br\\\/site\\\/#organization\"},\"image\":{\"@type\":\"ImageObject\",\"url\":\"https:\\\/\\\/anoticiaonline.com.br\\\/site\\\/wp-content\\\/uploads\\\/2018\\\/10\\\/Parab\\u00e9ns-Gabrielle.jpeg\",\"@id\":\"https:\\\/\\\/anoticiaonline.com.br\\\/site\\\/sociarte-18-10\\\/#articleImage\",\"width\":438,\"height\":657},\"datePublished\":\"2018-10-18T19:33:56-03:00\",\"dateModified\":\"2018-10-18T19:33:56-03:00\",\"inLanguage\":\"pt-BR\",\"mainEntityOfPage\":{\"@id\":\"https:\\\/\\\/anoticiaonline.com.br\\\/site\\\/sociarte-18-10\\\/#webpage\"},\"isPartOf\":{\"@id\":\"https:\\\/\\\/anoticiaonline.com.br\\\/site\\\/sociarte-18-10\\\/#webpage\"},\"articleSection\":\"Colunistas, Sociarte\"},{\"@type\":\"BreadcrumbList\",\"@id\":\"https:\\\/\\\/anoticiaonline.com.br\\\/site\\\/sociarte-18-10\\\/#breadcrumblist\",\"itemListElement\":[{\"@type\":\"ListItem\",\"@id\":\"https:\\\/\\\/anoticiaonline.com.br\\\/site#listItem\",\"position\":1,\"name\":\"Home\",\"item\":\"https:\\\/\\\/anoticiaonline.com.br\\\/site\",\"nextItem\":{\"@type\":\"ListItem\",\"@id\":\"https:\\\/\\\/anoticiaonline.com.br\\\/site\\\/categoria\\\/colunistas\\\/#listItem\",\"name\":\"Colunistas\"}},{\"@type\":\"ListItem\",\"@id\":\"https:\\\/\\\/anoticiaonline.com.br\\\/site\\\/categoria\\\/colunistas\\\/#listItem\",\"position\":2,\"name\":\"Colunistas\",\"item\":\"https:\\\/\\\/anoticiaonline.com.br\\\/site\\\/categoria\\\/colunistas\\\/\",\"nextItem\":{\"@type\":\"ListItem\",\"@id\":\"https:\\\/\\\/anoticiaonline.com.br\\\/site\\\/categoria\\\/colunistas\\\/sociarte\\\/#listItem\",\"name\":\"Sociarte\"},\"previousItem\":{\"@type\":\"ListItem\",\"@id\":\"https:\\\/\\\/anoticiaonline.com.br\\\/site#listItem\",\"name\":\"Home\"}},{\"@type\":\"ListItem\",\"@id\":\"https:\\\/\\\/anoticiaonline.com.br\\\/site\\\/categoria\\\/colunistas\\\/sociarte\\\/#listItem\",\"position\":3,\"name\":\"Sociarte\",\"item\":\"https:\\\/\\\/anoticiaonline.com.br\\\/site\\\/categoria\\\/colunistas\\\/sociarte\\\/\",\"nextItem\":{\"@type\":\"ListItem\",\"@id\":\"https:\\\/\\\/anoticiaonline.com.br\\\/site\\\/sociarte-18-10\\\/#listItem\",\"name\":\"Sociarte 18\\\/10\"},\"previousItem\":{\"@type\":\"ListItem\",\"@id\":\"https:\\\/\\\/anoticiaonline.com.br\\\/site\\\/categoria\\\/colunistas\\\/#listItem\",\"name\":\"Colunistas\"}},{\"@type\":\"ListItem\",\"@id\":\"https:\\\/\\\/anoticiaonline.com.br\\\/site\\\/sociarte-18-10\\\/#listItem\",\"position\":4,\"name\":\"Sociarte 18\\\/10\",\"previousItem\":{\"@type\":\"ListItem\",\"@id\":\"https:\\\/\\\/anoticiaonline.com.br\\\/site\\\/categoria\\\/colunistas\\\/sociarte\\\/#listItem\",\"name\":\"Sociarte\"}}]},{\"@type\":\"Organization\",\"@id\":\"https:\\\/\\\/anoticiaonline.com.br\\\/site\\\/#organization\",\"name\":\"A Not\\u00edcia Online\",\"description\":\"Noticias de Muria\\u00e9 e regi\\u00e3o\",\"url\":\"https:\\\/\\\/anoticiaonline.com.br\\\/site\\\/\",\"logo\":{\"@type\":\"ImageObject\",\"url\":\"https:\\\/\\\/scontent-gig4-1.xx.fbcdn.net\\\/v\\\/t39.30808-1\\\/270437624_4564083193639691_6907940295614233970_n.jpg?stp=dst-jpg_s200x200_tt6&_nc_cat=111&ccb=1-7&_nc_sid=f907e8&_nc_ohc=SM1wRlP3lJwQ7kNvwEPuBYA&_nc_oc=AdnqrjDN_BNjSSHWO-GbkIWH6fkGMLw4bqvL_NH6e2wMveX7G-rP2dAqsDSq1mJMOaY&_nc_zt=24&_nc_ht=scontent-gig4-1.xx&_nc_gid=AoBFJeGrT1hVaew_6rchkQ&oh=00_AfX7QmFGhQhG2jAllVgXCiM1ZrWgvtp80-Bfppyexh1QEg&oe=689E923C\",\"@id\":\"https:\\\/\\\/anoticiaonline.com.br\\\/site\\\/sociarte-18-10\\\/#organizationLogo\"},\"image\":{\"@id\":\"https:\\\/\\\/anoticiaonline.com.br\\\/site\\\/sociarte-18-10\\\/#organizationLogo\"}},{\"@type\":\"Person\",\"@id\":\"https:\\\/\\\/anoticiaonline.com.br\\\/site\\\/author\\\/juliana\\\/#author\",\"url\":\"https:\\\/\\\/anoticiaonline.com.br\\\/site\\\/author\\\/juliana\\\/\",\"name\":\"Juliana Laviola\",\"image\":{\"@type\":\"ImageObject\",\"@id\":\"https:\\\/\\\/anoticiaonline.com.br\\\/site\\\/sociarte-18-10\\\/#authorImage\",\"url\":\"https:\\\/\\\/secure.gravatar.com\\\/avatar\\\/b8d45f5c699b100dfaf0e543582f38f38bf94cb7ae3a5e9abf8d891a34773335?s=96&d=mm&r=g\",\"width\":96,\"height\":96,\"caption\":\"Juliana Laviola\"}},{\"@type\":\"WebPage\",\"@id\":\"https:\\\/\\\/anoticiaonline.com.br\\\/site\\\/sociarte-18-10\\\/#webpage\",\"url\":\"https:\\\/\\\/anoticiaonline.com.br\\\/site\\\/sociarte-18-10\\\/\",\"name\":\"Sociarte 18\\\/10 - A Not\\u00edcia Online\",\"description\":\"Parab\\u00e9ns, Gabrielle A jovem Gabrielle Silva Fernandes, filha de Jorge Fernandes e Priscila Silva de Souza, moradora de Patroc\\u00ednio do Muria\\u00e9, completou 15 anos na ter\\u00e7a-feira (16). N\\u00f3s, do jornal A Not\\u00edcia, desejamos muitas realiza\\u00e7\\u00f5es, sa\\u00fade e felicidades! Parab\\u00e9ns, Gabrielle! Festa em fam\\u00edlia Filhos, netos e bisnetos de Jair Rafael de Paulo (in memorian) e\",\"inLanguage\":\"pt-BR\",\"isPartOf\":{\"@id\":\"https:\\\/\\\/anoticiaonline.com.br\\\/site\\\/#website\"},\"breadcrumb\":{\"@id\":\"https:\\\/\\\/anoticiaonline.com.br\\\/site\\\/sociarte-18-10\\\/#breadcrumblist\"},\"author\":{\"@id\":\"https:\\\/\\\/anoticiaonline.com.br\\\/site\\\/author\\\/juliana\\\/#author\"},\"creator\":{\"@id\":\"https:\\\/\\\/anoticiaonline.com.br\\\/site\\\/author\\\/juliana\\\/#author\"},\"datePublished\":\"2018-10-18T19:33:56-03:00\",\"dateModified\":\"2018-10-18T19:33:56-03:00\"},{\"@type\":\"WebSite\",\"@id\":\"https:\\\/\\\/anoticiaonline.com.br\\\/site\\\/#website\",\"url\":\"https:\\\/\\\/anoticiaonline.com.br\\\/site\\\/\",\"name\":\"A Not\\u00edcia Online\",\"description\":\"Noticias de Muria\\u00e9 e regi\\u00e3o\",\"inLanguage\":\"pt-BR\",\"publisher\":{\"@id\":\"https:\\\/\\\/anoticiaonline.com.br\\\/site\\\/#organization\"}}]}\n\t\t<\/script>\n\t\t<!-- All in One SEO -->\n\n","aioseo_head_json":{"title":"Sociarte 18\/10 - A Not\u00edcia Online","description":"Parab\u00e9ns, Gabrielle A jovem Gabrielle Silva Fernandes, filha de Jorge Fernandes e Priscila Silva de Souza, moradora de Patroc\u00ednio do Muria\u00e9, completou 15 anos na ter\u00e7a-feira (16). N\u00f3s, do jornal A Not\u00edcia, desejamos muitas realiza\u00e7\u00f5es, sa\u00fade e felicidades! Parab\u00e9ns, Gabrielle! Festa em fam\u00edlia Filhos, netos e bisnetos de Jair Rafael de Paulo (in memorian) e","canonical_url":"https:\/\/anoticiaonline.com.br\/site\/sociarte-18-10\/","robots":"max-image-preview:large","keywords":"","webmasterTools":{"miscellaneous":""},"schema":{"@context":"https:\/\/schema.org","@graph":[{"@type":"BlogPosting","@id":"https:\/\/anoticiaonline.com.br\/site\/sociarte-18-10\/#blogposting","name":"Sociarte 18\/10 - A Not\u00edcia Online","headline":"Sociarte 18\/10","author":{"@id":"https:\/\/anoticiaonline.com.br\/site\/author\/juliana\/#author"},"publisher":{"@id":"https:\/\/anoticiaonline.com.br\/site\/#organization"},"image":{"@type":"ImageObject","url":"https:\/\/anoticiaonline.com.br\/site\/wp-content\/uploads\/2018\/10\/Parab\u00e9ns-Gabrielle.jpeg","@id":"https:\/\/anoticiaonline.com.br\/site\/sociarte-18-10\/#articleImage","width":438,"height":657},"datePublished":"2018-10-18T19:33:56-03:00","dateModified":"2018-10-18T19:33:56-03:00","inLanguage":"pt-BR","mainEntityOfPage":{"@id":"https:\/\/anoticiaonline.com.br\/site\/sociarte-18-10\/#webpage"},"isPartOf":{"@id":"https:\/\/anoticiaonline.com.br\/site\/sociarte-18-10\/#webpage"},"articleSection":"Colunistas, Sociarte"},{"@type":"BreadcrumbList","@id":"https:\/\/anoticiaonline.com.br\/site\/sociarte-18-10\/#breadcrumblist","itemListElement":[{"@type":"ListItem","@id":"https:\/\/anoticiaonline.com.br\/site#listItem","position":1,"name":"Home","item":"https:\/\/anoticiaonline.com.br\/site","nextItem":{"@type":"ListItem","@id":"https:\/\/anoticiaonline.com.br\/site\/categoria\/colunistas\/#listItem","name":"Colunistas"}},{"@type":"ListItem","@id":"https:\/\/anoticiaonline.com.br\/site\/categoria\/colunistas\/#listItem","position":2,"name":"Colunistas","item":"https:\/\/anoticiaonline.com.br\/site\/categoria\/colunistas\/","nextItem":{"@type":"ListItem","@id":"https:\/\/anoticiaonline.com.br\/site\/categoria\/colunistas\/sociarte\/#listItem","name":"Sociarte"},"previousItem":{"@type":"ListItem","@id":"https:\/\/anoticiaonline.com.br\/site#listItem","name":"Home"}},{"@type":"ListItem","@id":"https:\/\/anoticiaonline.com.br\/site\/categoria\/colunistas\/sociarte\/#listItem","position":3,"name":"Sociarte","item":"https:\/\/anoticiaonline.com.br\/site\/categoria\/colunistas\/sociarte\/","nextItem":{"@type":"ListItem","@id":"https:\/\/anoticiaonline.com.br\/site\/sociarte-18-10\/#listItem","name":"Sociarte 18\/10"},"previousItem":{"@type":"ListItem","@id":"https:\/\/anoticiaonline.com.br\/site\/categoria\/colunistas\/#listItem","name":"Colunistas"}},{"@type":"ListItem","@id":"https:\/\/anoticiaonline.com.br\/site\/sociarte-18-10\/#listItem","position":4,"name":"Sociarte 18\/10","previousItem":{"@type":"ListItem","@id":"https:\/\/anoticiaonline.com.br\/site\/categoria\/colunistas\/sociarte\/#listItem","name":"Sociarte"}}]},{"@type":"Organization","@id":"https:\/\/anoticiaonline.com.br\/site\/#organization","name":"A Not\u00edcia Online","description":"Noticias de Muria\u00e9 e regi\u00e3o","url":"https:\/\/anoticiaonline.com.br\/site\/","logo":{"@type":"ImageObject","url":"https:\/\/scontent-gig4-1.xx.fbcdn.net\/v\/t39.30808-1\/270437624_4564083193639691_6907940295614233970_n.jpg?stp=dst-jpg_s200x200_tt6&_nc_cat=111&ccb=1-7&_nc_sid=f907e8&_nc_ohc=SM1wRlP3lJwQ7kNvwEPuBYA&_nc_oc=AdnqrjDN_BNjSSHWO-GbkIWH6fkGMLw4bqvL_NH6e2wMveX7G-rP2dAqsDSq1mJMOaY&_nc_zt=24&_nc_ht=scontent-gig4-1.xx&_nc_gid=AoBFJeGrT1hVaew_6rchkQ&oh=00_AfX7QmFGhQhG2jAllVgXCiM1ZrWgvtp80-Bfppyexh1QEg&oe=689E923C","@id":"https:\/\/anoticiaonline.com.br\/site\/sociarte-18-10\/#organizationLogo"},"image":{"@id":"https:\/\/anoticiaonline.com.br\/site\/sociarte-18-10\/#organizationLogo"}},{"@type":"Person","@id":"https:\/\/anoticiaonline.com.br\/site\/author\/juliana\/#author","url":"https:\/\/anoticiaonline.com.br\/site\/author\/juliana\/","name":"Juliana Laviola","image":{"@type":"ImageObject","@id":"https:\/\/anoticiaonline.com.br\/site\/sociarte-18-10\/#authorImage","url":"https:\/\/secure.gravatar.com\/avatar\/b8d45f5c699b100dfaf0e543582f38f38bf94cb7ae3a5e9abf8d891a34773335?s=96&d=mm&r=g","width":96,"height":96,"caption":"Juliana Laviola"}},{"@type":"WebPage","@id":"https:\/\/anoticiaonline.com.br\/site\/sociarte-18-10\/#webpage","url":"https:\/\/anoticiaonline.com.br\/site\/sociarte-18-10\/","name":"Sociarte 18\/10 - A Not\u00edcia Online","description":"Parab\u00e9ns, Gabrielle A jovem Gabrielle Silva Fernandes, filha de Jorge Fernandes e Priscila Silva de Souza, moradora de Patroc\u00ednio do Muria\u00e9, completou 15 anos na ter\u00e7a-feira (16). N\u00f3s, do jornal A Not\u00edcia, desejamos muitas realiza\u00e7\u00f5es, sa\u00fade e felicidades! Parab\u00e9ns, Gabrielle! Festa em fam\u00edlia Filhos, netos e bisnetos de Jair Rafael de Paulo (in memorian) e","inLanguage":"pt-BR","isPartOf":{"@id":"https:\/\/anoticiaonline.com.br\/site\/#website"},"breadcrumb":{"@id":"https:\/\/anoticiaonline.com.br\/site\/sociarte-18-10\/#breadcrumblist"},"author":{"@id":"https:\/\/anoticiaonline.com.br\/site\/author\/juliana\/#author"},"creator":{"@id":"https:\/\/anoticiaonline.com.br\/site\/author\/juliana\/#author"},"datePublished":"2018-10-18T19:33:56-03:00","dateModified":"2018-10-18T19:33:56-03:00"},{"@type":"WebSite","@id":"https:\/\/anoticiaonline.com.br\/site\/#website","url":"https:\/\/anoticiaonline.com.br\/site\/","name":"A Not\u00edcia Online","description":"Noticias de Muria\u00e9 e regi\u00e3o","inLanguage":"pt-BR","publisher":{"@id":"https:\/\/anoticiaonline.com.br\/site\/#organization"}}]},"og:locale":"pt_BR","og:site_name":"A Not\u00edcia Online - Noticias de Muria\u00e9 e regi\u00e3o","og:type":"article","og:title":"Sociarte 18\/10 - A Not\u00edcia Online","og:description":"Parab\u00e9ns, Gabrielle A jovem Gabrielle Silva Fernandes, filha de Jorge Fernandes e Priscila Silva de Souza, moradora de Patroc\u00ednio do Muria\u00e9, completou 15 anos na ter\u00e7a-feira (16). N\u00f3s, do jornal A Not\u00edcia, desejamos muitas realiza\u00e7\u00f5es, sa\u00fade e felicidades! Parab\u00e9ns, Gabrielle! Festa em fam\u00edlia Filhos, netos e bisnetos de Jair Rafael de Paulo (in memorian) e","og:url":"https:\/\/anoticiaonline.com.br\/site\/sociarte-18-10\/","og:image":"https:\/\/scontent-gig4-1.xx.fbcdn.net\/v\/t39.30808-1\/270437624_4564083193639691_6907940295614233970_n.jpg?stp=dst-jpg_s200x200_tt6&#038;_nc_cat=111&#038;ccb=1-7&#038;_nc_sid=f907e8&#038;_nc_ohc=SM1wRlP3lJwQ7kNvwEPuBYA&#038;_nc_oc=AdnqrjDN_BNjSSHWO-GbkIWH6fkGMLw4bqvL_NH6e2wMveX7G-rP2dAqsDSq1mJMOaY&#038;_nc_zt=24&#038;_nc_ht=scontent-gig4-1.xx&#038;_nc_gid=AoBFJeGrT1hVaew_6rchkQ&#038;oh=00_AfX7QmFGhQhG2jAllVgXCiM1ZrWgvtp80-Bfppyexh1QEg&#038;oe=689E923C","og:image:secure_url":"https:\/\/scontent-gig4-1.xx.fbcdn.net\/v\/t39.30808-1\/270437624_4564083193639691_6907940295614233970_n.jpg?stp=dst-jpg_s200x200_tt6&#038;_nc_cat=111&#038;ccb=1-7&#038;_nc_sid=f907e8&#038;_nc_ohc=SM1wRlP3lJwQ7kNvwEPuBYA&#038;_nc_oc=AdnqrjDN_BNjSSHWO-GbkIWH6fkGMLw4bqvL_NH6e2wMveX7G-rP2dAqsDSq1mJMOaY&#038;_nc_zt=24&#038;_nc_ht=scontent-gig4-1.xx&#038;_nc_gid=AoBFJeGrT1hVaew_6rchkQ&#038;oh=00_AfX7QmFGhQhG2jAllVgXCiM1ZrWgvtp80-Bfppyexh1QEg&#038;oe=689E923C","article:published_time":"2018-10-18T22:33:56+00:00","article:modified_time":"2018-10-18T22:33:56+00:00","twitter:card":"summary_large_image","twitter:title":"Sociarte 18\/10 - A Not\u00edcia Online","twitter:description":"Parab\u00e9ns, Gabrielle A jovem Gabrielle Silva Fernandes, filha de Jorge Fernandes e Priscila Silva de Souza, moradora de Patroc\u00ednio do Muria\u00e9, completou 15 anos na ter\u00e7a-feira (16). N\u00f3s, do jornal A Not\u00edcia, desejamos muitas realiza\u00e7\u00f5es, sa\u00fade e felicidades! Parab\u00e9ns, Gabrielle! Festa em fam\u00edlia Filhos, netos e bisnetos de Jair Rafael de Paulo (in memorian) e","twitter:image":"https:\/\/scontent-gig4-1.xx.fbcdn.net\/v\/t39.30808-1\/270437624_4564083193639691_6907940295614233970_n.jpg?stp=dst-jpg_s200x200_tt6&_nc_cat=111&ccb=1-7&_nc_sid=f907e8&_nc_ohc=SM1wRlP3lJwQ7kNvwEPuBYA&_nc_oc=AdnqrjDN_BNjSSHWO-GbkIWH6fkGMLw4bqvL_NH6e2wMveX7G-rP2dAqsDSq1mJMOaY&_nc_zt=24&_nc_ht=scontent-gig4-1.xx&_nc_gid=AoBFJeGrT1hVaew_6rchkQ&oh=00_AfX7QmFGhQhG2jAllVgXCiM1ZrWgvtp80-Bfppyexh1QEg&oe=689E923C"},"aioseo_meta_data":{"post_id":"63246","title":null,"description":null,"keywords":null,"keyphrases":null,"primary_term":null,"canonical_url":null,"og_title":null,"og_description":null,"og_object_type":"default","og_image_type":"default","og_image_url":null,"og_image_width":null,"og_image_height":null,"og_image_custom_url":null,"og_image_custom_fields":null,"og_video":null,"og_custom_url":null,"og_article_section":null,"og_article_tags":null,"twitter_use_og":false,"twitter_card":"default","twitter_image_type":"default","twitter_image_url":null,"twitter_image_custom_url":null,"twitter_image_custom_fields":null,"twitter_title":null,"twitter_description":null,"schema":{"blockGraphs":[],"customGraphs":[],"default":{"data":{"Article":[],"Course":[],"Dataset":[],"FAQPage":[],"Movie":[],"Person":[],"Product":[],"ProductReview":[],"Car":[],"Recipe":[],"Service":[],"SoftwareApplication":[],"WebPage":[]},"graphName":"","isEnabled":true},"graphs":[]},"schema_type":"default","schema_type_options":null,"pillar_content":false,"robots_default":true,"robots_noindex":false,"robots_noarchive":false,"robots_nosnippet":false,"robots_nofollow":false,"robots_noimageindex":false,"robots_noodp":false,"robots_notranslate":false,"robots_max_snippet":null,"robots_max_videopreview":null,"robots_max_imagepreview":"large","priority":null,"frequency":null,"local_seo":null,"breadcrumb_settings":null,"limit_modified_date":false,"ai":null,"created":"2025-08-16 21:54:41","updated":"2025-08-16 21:54:41","focus_keyword":null,"additional_keywords":null,"truseo_locale":null,"seo_analyzer_scan_date":null},"aioseo_breadcrumb":"<div class=\"aioseo-breadcrumbs\"><span class=\"aioseo-breadcrumb\">\n\t\t\t<a href=\"https:\/\/anoticiaonline.com.br\/site\" title=\"Home\">Home<\/a>\n\t\t<\/span><span class=\"aioseo-breadcrumb-separator\">&raquo;<\/span><span class=\"aioseo-breadcrumb\">\n\t\t\t<a href=\"https:\/\/anoticiaonline.com.br\/site\/categoria\/colunistas\/\" title=\"Colunistas\">Colunistas<\/a>\n\t\t<\/span><span class=\"aioseo-breadcrumb-separator\">&raquo;<\/span><span class=\"aioseo-breadcrumb\">\n\t\t\t<a href=\"https:\/\/anoticiaonline.com.br\/site\/categoria\/colunistas\/sociarte\/\" title=\"Sociarte\">Sociarte<\/a>\n\t\t<\/span><span class=\"aioseo-breadcrumb-separator\">&raquo;<\/span><span class=\"aioseo-breadcrumb\">\n\t\t\tSociarte 18\/10\n\t\t<\/span><\/div>","aioseo_breadcrumb_json":[{"label":"Home","link":"https:\/\/anoticiaonline.com.br\/site"},{"label":"Colunistas","link":"https:\/\/anoticiaonline.com.br\/site\/categoria\/colunistas\/"},{"label":"Sociarte","link":"https:\/\/anoticiaonline.com.br\/site\/categoria\/colunistas\/sociarte\/"},{"label":"Sociarte 18\/10","link":"https:\/\/anoticiaonline.com.br\/site\/sociarte-18-10\/"}],"views":156,"_links":{"self":[{"href":"https:\/\/anoticiaonline.com.br\/site\/wp-json\/wp\/v2\/posts\/63246","targetHints":{"allow":["GET"]}}],"collection":[{"href":"https:\/\/anoticiaonline.com.br\/site\/wp-json\/wp\/v2\/posts"}],"about":[{"href":"https:\/\/anoticiaonline.com.br\/site\/wp-json\/wp\/v2\/types\/post"}],"author":[{"embeddable":true,"href":"https:\/\/anoticiaonline.com.br\/site\/wp-json\/wp\/v2\/users\/2"}],"replies":[{"embeddable":true,"href":"https:\/\/anoticiaonline.com.br\/site\/wp-json\/wp\/v2\/comments?post=63246"}],"version-history":[{"count":0,"href":"https:\/\/anoticiaonline.com.br\/site\/wp-json\/wp\/v2\/posts\/63246\/revisions"}],"wp:attachment":[{"href":"https:\/\/anoticiaonline.com.br\/site\/wp-json\/wp\/v2\/media?parent=63246"}],"wp:term":[{"taxonomy":"category","embeddable":true,"href":"https:\/\/anoticiaonline.com.br\/site\/wp-json\/wp\/v2\/categories?post=63246"},{"taxonomy":"post_tag","embeddable":true,"href":"https:\/\/anoticiaonline.com.br\/site\/wp-json\/wp\/v2\/tags?post=63246"}],"curies":[{"name":"wp","href":"https:\/\/api.w.org\/{rel}","templated":true}]}}