{"id":63224,"date":"2018-10-18T18:44:25","date_gmt":"2018-10-18T21:44:25","guid":{"rendered":"http:\/\/anoticiaonline.com.br\/site\/?p=63224"},"modified":"2018-10-18T18:44:25","modified_gmt":"2018-10-18T21:44:25","slug":"solenidade-de-encerramento-do-xvii-concurso-regional-de-qualidade-dos-cafes-das-matas-de-minas-acontece-em-muriae","status":"publish","type":"post","link":"https:\/\/anoticiaonline.com.br\/site\/solenidade-de-encerramento-do-xvii-concurso-regional-de-qualidade-dos-cafes-das-matas-de-minas-acontece-em-muriae\/","title":{"rendered":"Solenidade de encerramento do XVII Concurso Regional de Qualidade dos Caf\u00e9s das Matas de Minas acontece em Muria\u00e9"},"content":{"rendered":"<p>O restaurante SESC de Muria\u00e9 foi palco, na quinta-feira (18), da solenidade de encerramento e premia\u00e7\u00e3o do XVII Concurso Regional de Qualidade dos Caf\u00e9s das Matas de Minas, promovido pela Secretaria de Estado de Agricultura, Pecu\u00e1ria e Abastecimento atrav\u00e9s da EMATER-MG.<\/p>\n<p><a href=\"https:\/\/anoticiaonline.com.br\/site\/wp-content\/uploads\/2018\/10\/CAPA.jpg\"><img fetchpriority=\"high\" decoding=\"async\" class=\"alignnone size-full wp-image-63226\" src=\"https:\/\/anoticiaonline.com.br\/site\/wp-content\/uploads\/2018\/10\/CAPA.jpg\" alt=\"\" width=\"1000\" height=\"667\" srcset=\"https:\/\/anoticiaonline.com.br\/site\/wp-content\/uploads\/2018\/10\/CAPA.jpg 1000w, https:\/\/anoticiaonline.com.br\/site\/wp-content\/uploads\/2018\/10\/CAPA-300x200.jpg 300w, https:\/\/anoticiaonline.com.br\/site\/wp-content\/uploads\/2018\/10\/CAPA-768x512.jpg 768w\" sizes=\"(max-width: 1000px) 100vw, 1000px\" \/><\/a><\/p>\n<p>Rob\u00e9rio de Oliveira Torres, engenheiro agr\u00f4nomo e extensionista da EMATER-MG, disse que o Concurso prova, h\u00e1 17 anos, que a regi\u00e3o produz caf\u00e9 de qualidade. \u201cAcreditamos que este evento, realizado pela EMATER-MG e seus parceiros, auxilia, imensamente, seus produtores a terem visibilidade no cultivo de um caf\u00e9 de qualidade. Esta \u00e9 a prova de que nossa regi\u00e3o produz os melhores caf\u00e9s do estado e, quem sabe at\u00e9 do pa\u00eds. Por isso, s\u00f3 temos que agradecer todos que colaboram conosco nesta tarefa\u201d.<\/p>\n<p>Ap\u00f3s a abertura oficial, a programa\u00e7\u00e3o contou com uma palestra com o tema \u201cAgroecologia e Qualidade do Caf\u00e9: Oportunidade dos Caf\u00e9s Sustent\u00e1veis\u201d, ministrada pelo professor Ricardo Tadeu Galv\u00e3o Pereira, engenheiro agr\u00f4nomo do Instituto Federal Fluminense \u2013 Campus Cambuci.<\/p>\n<p>Segundo Ricardo, o objetivo do Concurso \u00e9 promover o caf\u00e9 produzido na regi\u00e3o. \u201cEm minha palestra, procurei, tamb\u00e9m, passar para os produtores a import\u00e2ncia da sustentabilidade. N\u00e3o basta prezar apenas pela qualidade do caf\u00e9. A produ\u00e7\u00e3o deve, tamb\u00e9m, respeitar o meio ambiente, as rela\u00e7\u00f5es sociais e garantir a lucratividade ao produtor de modo que ele garanta o desenvolvimento de sua fam\u00edlia e do meio rural. Aproveito a oportunidade para parabenizar a EMATER-MG pela realiza\u00e7\u00e3o da XVII edi\u00e7\u00e3o do Concurso e pela promo\u00e7\u00e3o da cafeicultura na regi\u00e3o\u201d.<\/p>\n<p>Adenir Abreu de Lacerda, produtor de Dores do Rio Preto (ES), munic\u00edpio localizado em torno do Parque Nacional do Capara\u00f3, que faz divisa com os estados do Rio de Janeiro e Minas Gerais, disse que o caf\u00e9 produzido em sua regi\u00e3o possui certa particularidade.<\/p>\n<p>\u201cA localidade, devido \u00e0 altitude e ao clima, \u00e9 prop\u00edcia para a produ\u00e7\u00e3o de um caf\u00e9 de qualidade, que se diferencia das demais regi\u00f5es do Brasil. Com isso, os produtores sentiram a necessidade de promover a denomina\u00e7\u00e3o de origem do caf\u00e9 produzido na regi\u00e3o do Alto Capara\u00f3. Sendo assim, o consumidor, ao adquirir nosso produto, tem a certeza de que est\u00e1 fazendo uma excelente aquisi\u00e7\u00e3o. Queremos que a regi\u00e3o seja reconhecida nacional e internacionalmente pela qualidade do caf\u00e9 que cultivamos\u201d.<\/p>\n<p><a href=\"https:\/\/anoticiaonline.com.br\/site\/wp-content\/uploads\/2018\/10\/Solenidade-de-encerramento-do-XVII-Concurso-Regional-de-Qualidade-dos-Caf\u00e9s-das-Matas-de-Minas-acontece-em-Muria\u00e9.jpg\"><img decoding=\"async\" class=\"alignnone size-full wp-image-63227\" src=\"https:\/\/anoticiaonline.com.br\/site\/wp-content\/uploads\/2018\/10\/Solenidade-de-encerramento-do-XVII-Concurso-Regional-de-Qualidade-dos-Caf\u00e9s-das-Matas-de-Minas-acontece-em-Muria\u00e9.jpg\" alt=\"\" width=\"1000\" height=\"667\" srcset=\"https:\/\/anoticiaonline.com.br\/site\/wp-content\/uploads\/2018\/10\/Solenidade-de-encerramento-do-XVII-Concurso-Regional-de-Qualidade-dos-Caf\u00e9s-das-Matas-de-Minas-acontece-em-Muria\u00e9.jpg 1000w, https:\/\/anoticiaonline.com.br\/site\/wp-content\/uploads\/2018\/10\/Solenidade-de-encerramento-do-XVII-Concurso-Regional-de-Qualidade-dos-Caf\u00e9s-das-Matas-de-Minas-acontece-em-Muria\u00e9-300x200.jpg 300w, https:\/\/anoticiaonline.com.br\/site\/wp-content\/uploads\/2018\/10\/Solenidade-de-encerramento-do-XVII-Concurso-Regional-de-Qualidade-dos-Caf\u00e9s-das-Matas-de-Minas-acontece-em-Muria\u00e9-768x512.jpg 768w\" sizes=\"(max-width: 1000px) 100vw, 1000px\" \/><\/a><\/p>\n<p>Em seguida, parceiros do Concurso foram apresentados, logo ap\u00f3s, ocorreu a Cerim\u00f4nia de Premia\u00e7\u00e3o. O evento foi encerrado com um almo\u00e7o para participantes e demais convidados.<\/p>\n<p><strong>Confira os ganhadores de 2018:<\/strong><\/p>\n<p><strong>Categoria Natural Terras Baixas: <\/strong><\/p>\n<p>1\u00ba Walace Ferreira Pedrosa \u2013 S\u00e3o Francisco do Gl\u00f3ria<\/p>\n<p>2\u00ba Rosana Borges Miranda Pedro &#8211; S\u00e3o Francisco do Gl\u00f3ria<\/p>\n<p>3\u00ba Ademar Carvalho Laviola &#8211; S\u00e3o Francisco do Gl\u00f3ria<\/p>\n<p>4\u00ba Wanderley Lacerda de Souza \u2013 Fervedouro<\/p>\n<p>5\u00ba Hermes Jos\u00e9 de Almeida \u2013 Miradouro<\/p>\n<p>6\u00ba Geraldo de Souza Leite \u2013 Fervedouro<\/p>\n<p><strong>Categoria Natural Terras Altas:<\/strong><\/p>\n<p>1\u00ba Sebasti\u00e3o Alves Martins Filho \u2013 Pedra Dourada<\/p>\n<p>2\u00ba Jos\u00e9 do Carmo dos Santos &#8211; Pedra Dourada<\/p>\n<p>3\u00ba Claudiana Medeiros Lacerda \u2013 Espera Feliz<\/p>\n<p>4\u00ba Altilina Evaristo Barbosa Lacerda &#8211; Espera Feliz<\/p>\n<p>5\u00ba Julia Maria Abreu Lacerda Gomes &#8211; Espera Feliz<\/p>\n<p>6\u00ba Gl\u00f3ria Maria Nunes Batista de Souza \u2013 Carangola<\/p>\n<p><strong>Categoria Cereja Descascado:<\/strong><\/p>\n<p>1\u00ba Jo\u00e3o Batista Ribeiro \u2013 Divino<\/p>\n<p>2\u00ba Afonso Donizete Abreu de Lacerda \u2013 Espera Feliz<\/p>\n<p>3\u00ba Jozimar Ramos Protazio \u2013 Espera Feliz<\/p>\n","protected":false},"excerpt":{"rendered":"<p>O restaurante SESC de Muria\u00e9 foi palco, na quinta-feira (18), da solenidade de encerramento e premia\u00e7\u00e3o do XVII Concurso Regional de Qualidade dos Caf\u00e9s das Matas de Minas, promovido pela Secretaria de Estado de Agricultura, Pecu\u00e1ria e Abastecimento atrav\u00e9s da EMATER-MG. Rob\u00e9rio de Oliveira Torres, engenheiro agr\u00f4nomo e extensionista da EMATER-MG, disse que o Concurso &#8230; <a title=\"Solenidade de encerramento do XVII Concurso Regional de Qualidade dos Caf\u00e9s das Matas de Minas acontece em Muria\u00e9\" class=\"read-more\" href=\"https:\/\/anoticiaonline.com.br\/site\/solenidade-de-encerramento-do-xvii-concurso-regional-de-qualidade-dos-cafes-das-matas-de-minas-acontece-em-muriae\/\" aria-label=\"Read more about Solenidade de encerramento do XVII Concurso Regional de Qualidade dos Caf\u00e9s das Matas de Minas acontece em Muria\u00e9\">Ler mais<\/a><\/p>\n","protected":false},"author":2,"featured_media":63226,"comment_status":"open","ping_status":"open","sticky":false,"template":"","format":"standard","meta":{"_acf_changed":false,"_monsterinsights_skip_tracking":false,"footnotes":""},"categories":[30,1],"tags":[3273,237,1428,419,74,404],"class_list":["post-63224","post","type-post","status-publish","format-standard","has-post-thumbnail","hentry","category-muriae","category-gerais","tag-cafe","tag-concurso","tag-emater","tag-minas-gerais","tag-muriae","tag-regiao"],"acf":[],"aioseo_notices":[],"aioseo_head":"\n\t\t<!-- All in One SEO 5.0.0.1 - aioseo.com -->\n\t<meta name=\"description\" content=\"O restaurante SESC de Muria\u00e9 foi palco, na quinta-feira (18), da solenidade de encerramento e premia\u00e7\u00e3o do XVII Concurso Regional de Qualidade dos Caf\u00e9s das Matas de Minas, promovido pela Secretaria de Estado de Agricultura, Pecu\u00e1ria e Abastecimento atrav\u00e9s da EMATER-MG. Rob\u00e9rio de Oliveira Torres, engenheiro agr\u00f4nomo e extensionista da EMATER-MG, disse que o Concurso\" \/>\n\t<meta name=\"robots\" content=\"max-image-preview:large\" \/>\n\t<meta name=\"author\" content=\"Juliana Laviola\"\/>\n\t<link rel=\"canonical\" href=\"https:\/\/anoticiaonline.com.br\/site\/solenidade-de-encerramento-do-xvii-concurso-regional-de-qualidade-dos-cafes-das-matas-de-minas-acontece-em-muriae\/\" \/>\n\t<meta name=\"generator\" content=\"All in One SEO (AIOSEO) 5.0.0.1\" \/>\n\t\t<meta property=\"og:locale\" content=\"pt_BR\" \/>\n\t\t<meta property=\"og:site_name\" content=\"A Not\u00edcia Online - Noticias de Muria\u00e9 e regi\u00e3o\" \/>\n\t\t<meta property=\"og:type\" content=\"article\" \/>\n\t\t<meta property=\"og:title\" content=\"Solenidade de encerramento do XVII Concurso Regional de Qualidade dos Caf\u00e9s das Matas de Minas acontece em Muria\u00e9 - A Not\u00edcia Online\" \/>\n\t\t<meta property=\"og:description\" content=\"O restaurante SESC de Muria\u00e9 foi palco, na quinta-feira (18), da solenidade de encerramento e premia\u00e7\u00e3o do XVII Concurso Regional de Qualidade dos Caf\u00e9s das Matas de Minas, promovido pela Secretaria de Estado de Agricultura, Pecu\u00e1ria e Abastecimento atrav\u00e9s da EMATER-MG. Rob\u00e9rio de Oliveira Torres, engenheiro agr\u00f4nomo e extensionista da EMATER-MG, disse que o Concurso\" \/>\n\t\t<meta property=\"og:url\" content=\"https:\/\/anoticiaonline.com.br\/site\/solenidade-de-encerramento-do-xvii-concurso-regional-de-qualidade-dos-cafes-das-matas-de-minas-acontece-em-muriae\/\" \/>\n\t\t<meta property=\"og:image\" content=\"https:\/\/scontent-gig4-1.xx.fbcdn.net\/v\/t39.30808-1\/270437624_4564083193639691_6907940295614233970_n.jpg?stp=dst-jpg_s200x200_tt6&#038;_nc_cat=111&#038;ccb=1-7&#038;_nc_sid=f907e8&#038;_nc_ohc=SM1wRlP3lJwQ7kNvwEPuBYA&#038;_nc_oc=AdnqrjDN_BNjSSHWO-GbkIWH6fkGMLw4bqvL_NH6e2wMveX7G-rP2dAqsDSq1mJMOaY&#038;_nc_zt=24&#038;_nc_ht=scontent-gig4-1.xx&#038;_nc_gid=AoBFJeGrT1hVaew_6rchkQ&#038;oh=00_AfX7QmFGhQhG2jAllVgXCiM1ZrWgvtp80-Bfppyexh1QEg&#038;oe=689E923C\" \/>\n\t\t<meta property=\"og:image:secure_url\" content=\"https:\/\/scontent-gig4-1.xx.fbcdn.net\/v\/t39.30808-1\/270437624_4564083193639691_6907940295614233970_n.jpg?stp=dst-jpg_s200x200_tt6&#038;_nc_cat=111&#038;ccb=1-7&#038;_nc_sid=f907e8&#038;_nc_ohc=SM1wRlP3lJwQ7kNvwEPuBYA&#038;_nc_oc=AdnqrjDN_BNjSSHWO-GbkIWH6fkGMLw4bqvL_NH6e2wMveX7G-rP2dAqsDSq1mJMOaY&#038;_nc_zt=24&#038;_nc_ht=scontent-gig4-1.xx&#038;_nc_gid=AoBFJeGrT1hVaew_6rchkQ&#038;oh=00_AfX7QmFGhQhG2jAllVgXCiM1ZrWgvtp80-Bfppyexh1QEg&#038;oe=689E923C\" \/>\n\t\t<meta property=\"article:published_time\" content=\"2018-10-18T21:44:25+00:00\" \/>\n\t\t<meta property=\"article:modified_time\" content=\"2018-10-18T21:44:25+00:00\" \/>\n\t\t<meta name=\"twitter:card\" content=\"summary_large_image\" \/>\n\t\t<meta name=\"twitter:title\" content=\"Solenidade de encerramento do XVII Concurso Regional de Qualidade dos Caf\u00e9s das Matas de Minas acontece em Muria\u00e9 - A Not\u00edcia Online\" \/>\n\t\t<meta name=\"twitter:description\" content=\"O restaurante SESC de Muria\u00e9 foi palco, na quinta-feira (18), da solenidade de encerramento e premia\u00e7\u00e3o do XVII Concurso Regional de Qualidade dos Caf\u00e9s das Matas de Minas, promovido pela Secretaria de Estado de Agricultura, Pecu\u00e1ria e Abastecimento atrav\u00e9s da EMATER-MG. Rob\u00e9rio de Oliveira Torres, engenheiro agr\u00f4nomo e extensionista da EMATER-MG, disse que o Concurso\" \/>\n\t\t<meta name=\"twitter:image\" content=\"https:\/\/scontent-gig4-1.xx.fbcdn.net\/v\/t39.30808-1\/270437624_4564083193639691_6907940295614233970_n.jpg?stp=dst-jpg_s200x200_tt6&amp;_nc_cat=111&amp;ccb=1-7&amp;_nc_sid=f907e8&amp;_nc_ohc=SM1wRlP3lJwQ7kNvwEPuBYA&amp;_nc_oc=AdnqrjDN_BNjSSHWO-GbkIWH6fkGMLw4bqvL_NH6e2wMveX7G-rP2dAqsDSq1mJMOaY&amp;_nc_zt=24&amp;_nc_ht=scontent-gig4-1.xx&amp;_nc_gid=AoBFJeGrT1hVaew_6rchkQ&amp;oh=00_AfX7QmFGhQhG2jAllVgXCiM1ZrWgvtp80-Bfppyexh1QEg&amp;oe=689E923C\" \/>\n\t\t<script type=\"application\/ld+json\" class=\"aioseo-schema\">\n\t\t\t{\"@context\":\"https:\\\/\\\/schema.org\",\"@graph\":[{\"@type\":\"BlogPosting\",\"@id\":\"https:\\\/\\\/anoticiaonline.com.br\\\/site\\\/solenidade-de-encerramento-do-xvii-concurso-regional-de-qualidade-dos-cafes-das-matas-de-minas-acontece-em-muriae\\\/#blogposting\",\"name\":\"Solenidade de encerramento do XVII Concurso Regional de Qualidade dos Caf\\u00e9s das Matas de Minas acontece em Muria\\u00e9 - A Not\\u00edcia Online\",\"headline\":\"Solenidade de encerramento do XVII Concurso Regional de Qualidade dos Caf\\u00e9s das Matas de Minas acontece em Muria\\u00e9\",\"author\":{\"@id\":\"https:\\\/\\\/anoticiaonline.com.br\\\/site\\\/author\\\/juliana\\\/#author\"},\"publisher\":{\"@id\":\"https:\\\/\\\/anoticiaonline.com.br\\\/site\\\/#organization\"},\"image\":{\"@type\":\"ImageObject\",\"url\":\"https:\\\/\\\/anoticiaonline.com.br\\\/site\\\/wp-content\\\/uploads\\\/2018\\\/10\\\/CAPA.jpg\",\"width\":1000,\"height\":667},\"datePublished\":\"2018-10-18T18:44:25-03:00\",\"dateModified\":\"2018-10-18T18:44:25-03:00\",\"inLanguage\":\"pt-BR\",\"mainEntityOfPage\":{\"@id\":\"https:\\\/\\\/anoticiaonline.com.br\\\/site\\\/solenidade-de-encerramento-do-xvii-concurso-regional-de-qualidade-dos-cafes-das-matas-de-minas-acontece-em-muriae\\\/#webpage\"},\"isPartOf\":{\"@id\":\"https:\\\/\\\/anoticiaonline.com.br\\\/site\\\/solenidade-de-encerramento-do-xvii-concurso-regional-de-qualidade-dos-cafes-das-matas-de-minas-acontece-em-muriae\\\/#webpage\"},\"articleSection\":\"Blog, Gerais, caf\\u00e9, concurso, Emater, minas gerais, Muria\\u00e9, regi\\u00e3o\"},{\"@type\":\"BreadcrumbList\",\"@id\":\"https:\\\/\\\/anoticiaonline.com.br\\\/site\\\/solenidade-de-encerramento-do-xvii-concurso-regional-de-qualidade-dos-cafes-das-matas-de-minas-acontece-em-muriae\\\/#breadcrumblist\",\"itemListElement\":[{\"@type\":\"ListItem\",\"@id\":\"https:\\\/\\\/anoticiaonline.com.br\\\/site#listItem\",\"position\":1,\"name\":\"Home\",\"item\":\"https:\\\/\\\/anoticiaonline.com.br\\\/site\",\"nextItem\":{\"@type\":\"ListItem\",\"@id\":\"https:\\\/\\\/anoticiaonline.com.br\\\/site\\\/categoria\\\/gerais\\\/#listItem\",\"name\":\"Gerais\"}},{\"@type\":\"ListItem\",\"@id\":\"https:\\\/\\\/anoticiaonline.com.br\\\/site\\\/categoria\\\/gerais\\\/#listItem\",\"position\":2,\"name\":\"Gerais\",\"item\":\"https:\\\/\\\/anoticiaonline.com.br\\\/site\\\/categoria\\\/gerais\\\/\",\"nextItem\":{\"@type\":\"ListItem\",\"@id\":\"https:\\\/\\\/anoticiaonline.com.br\\\/site\\\/solenidade-de-encerramento-do-xvii-concurso-regional-de-qualidade-dos-cafes-das-matas-de-minas-acontece-em-muriae\\\/#listItem\",\"name\":\"Solenidade de encerramento do XVII Concurso Regional de Qualidade dos Caf\\u00e9s das Matas de Minas acontece em Muria\\u00e9\"},\"previousItem\":{\"@type\":\"ListItem\",\"@id\":\"https:\\\/\\\/anoticiaonline.com.br\\\/site#listItem\",\"name\":\"Home\"}},{\"@type\":\"ListItem\",\"@id\":\"https:\\\/\\\/anoticiaonline.com.br\\\/site\\\/solenidade-de-encerramento-do-xvii-concurso-regional-de-qualidade-dos-cafes-das-matas-de-minas-acontece-em-muriae\\\/#listItem\",\"position\":3,\"name\":\"Solenidade de encerramento do XVII Concurso Regional de Qualidade dos Caf\\u00e9s das Matas de Minas acontece em Muria\\u00e9\",\"previousItem\":{\"@type\":\"ListItem\",\"@id\":\"https:\\\/\\\/anoticiaonline.com.br\\\/site\\\/categoria\\\/gerais\\\/#listItem\",\"name\":\"Gerais\"}}]},{\"@type\":\"Organization\",\"@id\":\"https:\\\/\\\/anoticiaonline.com.br\\\/site\\\/#organization\",\"name\":\"A Not\\u00edcia Online\",\"description\":\"Noticias de Muria\\u00e9 e regi\\u00e3o\",\"url\":\"https:\\\/\\\/anoticiaonline.com.br\\\/site\\\/\",\"logo\":{\"@type\":\"ImageObject\",\"url\":\"https:\\\/\\\/scontent-gig4-1.xx.fbcdn.net\\\/v\\\/t39.30808-1\\\/270437624_4564083193639691_6907940295614233970_n.jpg?stp=dst-jpg_s200x200_tt6&_nc_cat=111&ccb=1-7&_nc_sid=f907e8&_nc_ohc=SM1wRlP3lJwQ7kNvwEPuBYA&_nc_oc=AdnqrjDN_BNjSSHWO-GbkIWH6fkGMLw4bqvL_NH6e2wMveX7G-rP2dAqsDSq1mJMOaY&_nc_zt=24&_nc_ht=scontent-gig4-1.xx&_nc_gid=AoBFJeGrT1hVaew_6rchkQ&oh=00_AfX7QmFGhQhG2jAllVgXCiM1ZrWgvtp80-Bfppyexh1QEg&oe=689E923C\",\"@id\":\"https:\\\/\\\/anoticiaonline.com.br\\\/site\\\/solenidade-de-encerramento-do-xvii-concurso-regional-de-qualidade-dos-cafes-das-matas-de-minas-acontece-em-muriae\\\/#organizationLogo\"},\"image\":{\"@id\":\"https:\\\/\\\/anoticiaonline.com.br\\\/site\\\/solenidade-de-encerramento-do-xvii-concurso-regional-de-qualidade-dos-cafes-das-matas-de-minas-acontece-em-muriae\\\/#organizationLogo\"}},{\"@type\":\"Person\",\"@id\":\"https:\\\/\\\/anoticiaonline.com.br\\\/site\\\/author\\\/juliana\\\/#author\",\"url\":\"https:\\\/\\\/anoticiaonline.com.br\\\/site\\\/author\\\/juliana\\\/\",\"name\":\"Juliana Laviola\",\"image\":{\"@type\":\"ImageObject\",\"@id\":\"https:\\\/\\\/anoticiaonline.com.br\\\/site\\\/solenidade-de-encerramento-do-xvii-concurso-regional-de-qualidade-dos-cafes-das-matas-de-minas-acontece-em-muriae\\\/#authorImage\",\"url\":\"https:\\\/\\\/secure.gravatar.com\\\/avatar\\\/b8d45f5c699b100dfaf0e543582f38f38bf94cb7ae3a5e9abf8d891a34773335?s=96&d=mm&r=g\",\"width\":96,\"height\":96,\"caption\":\"Juliana Laviola\"}},{\"@type\":\"WebPage\",\"@id\":\"https:\\\/\\\/anoticiaonline.com.br\\\/site\\\/solenidade-de-encerramento-do-xvii-concurso-regional-de-qualidade-dos-cafes-das-matas-de-minas-acontece-em-muriae\\\/#webpage\",\"url\":\"https:\\\/\\\/anoticiaonline.com.br\\\/site\\\/solenidade-de-encerramento-do-xvii-concurso-regional-de-qualidade-dos-cafes-das-matas-de-minas-acontece-em-muriae\\\/\",\"name\":\"Solenidade de encerramento do XVII Concurso Regional de Qualidade dos Caf\\u00e9s das Matas de Minas acontece em Muria\\u00e9 - A Not\\u00edcia Online\",\"description\":\"O restaurante SESC de Muria\\u00e9 foi palco, na quinta-feira (18), da solenidade de encerramento e premia\\u00e7\\u00e3o do XVII Concurso Regional de Qualidade dos Caf\\u00e9s das Matas de Minas, promovido pela Secretaria de Estado de Agricultura, Pecu\\u00e1ria e Abastecimento atrav\\u00e9s da EMATER-MG. Rob\\u00e9rio de Oliveira Torres, engenheiro agr\\u00f4nomo e extensionista da EMATER-MG, disse que o Concurso\",\"inLanguage\":\"pt-BR\",\"isPartOf\":{\"@id\":\"https:\\\/\\\/anoticiaonline.com.br\\\/site\\\/#website\"},\"breadcrumb\":{\"@id\":\"https:\\\/\\\/anoticiaonline.com.br\\\/site\\\/solenidade-de-encerramento-do-xvii-concurso-regional-de-qualidade-dos-cafes-das-matas-de-minas-acontece-em-muriae\\\/#breadcrumblist\"},\"author\":{\"@id\":\"https:\\\/\\\/anoticiaonline.com.br\\\/site\\\/author\\\/juliana\\\/#author\"},\"creator\":{\"@id\":\"https:\\\/\\\/anoticiaonline.com.br\\\/site\\\/author\\\/juliana\\\/#author\"},\"image\":{\"@type\":\"ImageObject\",\"url\":\"https:\\\/\\\/anoticiaonline.com.br\\\/site\\\/wp-content\\\/uploads\\\/2018\\\/10\\\/CAPA.jpg\",\"@id\":\"https:\\\/\\\/anoticiaonline.com.br\\\/site\\\/solenidade-de-encerramento-do-xvii-concurso-regional-de-qualidade-dos-cafes-das-matas-de-minas-acontece-em-muriae\\\/#mainImage\",\"width\":1000,\"height\":667},\"primaryImageOfPage\":{\"@id\":\"https:\\\/\\\/anoticiaonline.com.br\\\/site\\\/solenidade-de-encerramento-do-xvii-concurso-regional-de-qualidade-dos-cafes-das-matas-de-minas-acontece-em-muriae\\\/#mainImage\"},\"datePublished\":\"2018-10-18T18:44:25-03:00\",\"dateModified\":\"2018-10-18T18:44:25-03:00\"},{\"@type\":\"WebSite\",\"@id\":\"https:\\\/\\\/anoticiaonline.com.br\\\/site\\\/#website\",\"url\":\"https:\\\/\\\/anoticiaonline.com.br\\\/site\\\/\",\"name\":\"A Not\\u00edcia Online\",\"description\":\"Noticias de Muria\\u00e9 e regi\\u00e3o\",\"inLanguage\":\"pt-BR\",\"publisher\":{\"@id\":\"https:\\\/\\\/anoticiaonline.com.br\\\/site\\\/#organization\"}}]}\n\t\t<\/script>\n\t\t<!-- All in One SEO -->\n\n","aioseo_head_json":{"title":"Solenidade de encerramento do XVII Concurso Regional de Qualidade dos Caf\u00e9s das Matas de Minas acontece em Muria\u00e9 - A Not\u00edcia Online","description":"O restaurante SESC de Muria\u00e9 foi palco, na quinta-feira (18), da solenidade de encerramento e premia\u00e7\u00e3o do XVII Concurso Regional de Qualidade dos Caf\u00e9s das Matas de Minas, promovido pela Secretaria de Estado de Agricultura, Pecu\u00e1ria e Abastecimento atrav\u00e9s da EMATER-MG. Rob\u00e9rio de Oliveira Torres, engenheiro agr\u00f4nomo e extensionista da EMATER-MG, disse que o Concurso","canonical_url":"https:\/\/anoticiaonline.com.br\/site\/solenidade-de-encerramento-do-xvii-concurso-regional-de-qualidade-dos-cafes-das-matas-de-minas-acontece-em-muriae\/","robots":"max-image-preview:large","keywords":"","webmasterTools":{"miscellaneous":""},"schema":{"@context":"https:\/\/schema.org","@graph":[{"@type":"BlogPosting","@id":"https:\/\/anoticiaonline.com.br\/site\/solenidade-de-encerramento-do-xvii-concurso-regional-de-qualidade-dos-cafes-das-matas-de-minas-acontece-em-muriae\/#blogposting","name":"Solenidade de encerramento do XVII Concurso Regional de Qualidade dos Caf\u00e9s das Matas de Minas acontece em Muria\u00e9 - A Not\u00edcia Online","headline":"Solenidade de encerramento do XVII Concurso Regional de Qualidade dos Caf\u00e9s das Matas de Minas acontece em Muria\u00e9","author":{"@id":"https:\/\/anoticiaonline.com.br\/site\/author\/juliana\/#author"},"publisher":{"@id":"https:\/\/anoticiaonline.com.br\/site\/#organization"},"image":{"@type":"ImageObject","url":"https:\/\/anoticiaonline.com.br\/site\/wp-content\/uploads\/2018\/10\/CAPA.jpg","width":1000,"height":667},"datePublished":"2018-10-18T18:44:25-03:00","dateModified":"2018-10-18T18:44:25-03:00","inLanguage":"pt-BR","mainEntityOfPage":{"@id":"https:\/\/anoticiaonline.com.br\/site\/solenidade-de-encerramento-do-xvii-concurso-regional-de-qualidade-dos-cafes-das-matas-de-minas-acontece-em-muriae\/#webpage"},"isPartOf":{"@id":"https:\/\/anoticiaonline.com.br\/site\/solenidade-de-encerramento-do-xvii-concurso-regional-de-qualidade-dos-cafes-das-matas-de-minas-acontece-em-muriae\/#webpage"},"articleSection":"Blog, Gerais, caf\u00e9, concurso, Emater, minas gerais, Muria\u00e9, regi\u00e3o"},{"@type":"BreadcrumbList","@id":"https:\/\/anoticiaonline.com.br\/site\/solenidade-de-encerramento-do-xvii-concurso-regional-de-qualidade-dos-cafes-das-matas-de-minas-acontece-em-muriae\/#breadcrumblist","itemListElement":[{"@type":"ListItem","@id":"https:\/\/anoticiaonline.com.br\/site#listItem","position":1,"name":"Home","item":"https:\/\/anoticiaonline.com.br\/site","nextItem":{"@type":"ListItem","@id":"https:\/\/anoticiaonline.com.br\/site\/categoria\/gerais\/#listItem","name":"Gerais"}},{"@type":"ListItem","@id":"https:\/\/anoticiaonline.com.br\/site\/categoria\/gerais\/#listItem","position":2,"name":"Gerais","item":"https:\/\/anoticiaonline.com.br\/site\/categoria\/gerais\/","nextItem":{"@type":"ListItem","@id":"https:\/\/anoticiaonline.com.br\/site\/solenidade-de-encerramento-do-xvii-concurso-regional-de-qualidade-dos-cafes-das-matas-de-minas-acontece-em-muriae\/#listItem","name":"Solenidade de encerramento do XVII Concurso Regional de Qualidade dos Caf\u00e9s das Matas de Minas acontece em Muria\u00e9"},"previousItem":{"@type":"ListItem","@id":"https:\/\/anoticiaonline.com.br\/site#listItem","name":"Home"}},{"@type":"ListItem","@id":"https:\/\/anoticiaonline.com.br\/site\/solenidade-de-encerramento-do-xvii-concurso-regional-de-qualidade-dos-cafes-das-matas-de-minas-acontece-em-muriae\/#listItem","position":3,"name":"Solenidade de encerramento do XVII Concurso Regional de Qualidade dos Caf\u00e9s das Matas de Minas acontece em Muria\u00e9","previousItem":{"@type":"ListItem","@id":"https:\/\/anoticiaonline.com.br\/site\/categoria\/gerais\/#listItem","name":"Gerais"}}]},{"@type":"Organization","@id":"https:\/\/anoticiaonline.com.br\/site\/#organization","name":"A Not\u00edcia Online","description":"Noticias de Muria\u00e9 e regi\u00e3o","url":"https:\/\/anoticiaonline.com.br\/site\/","logo":{"@type":"ImageObject","url":"https:\/\/scontent-gig4-1.xx.fbcdn.net\/v\/t39.30808-1\/270437624_4564083193639691_6907940295614233970_n.jpg?stp=dst-jpg_s200x200_tt6&_nc_cat=111&ccb=1-7&_nc_sid=f907e8&_nc_ohc=SM1wRlP3lJwQ7kNvwEPuBYA&_nc_oc=AdnqrjDN_BNjSSHWO-GbkIWH6fkGMLw4bqvL_NH6e2wMveX7G-rP2dAqsDSq1mJMOaY&_nc_zt=24&_nc_ht=scontent-gig4-1.xx&_nc_gid=AoBFJeGrT1hVaew_6rchkQ&oh=00_AfX7QmFGhQhG2jAllVgXCiM1ZrWgvtp80-Bfppyexh1QEg&oe=689E923C","@id":"https:\/\/anoticiaonline.com.br\/site\/solenidade-de-encerramento-do-xvii-concurso-regional-de-qualidade-dos-cafes-das-matas-de-minas-acontece-em-muriae\/#organizationLogo"},"image":{"@id":"https:\/\/anoticiaonline.com.br\/site\/solenidade-de-encerramento-do-xvii-concurso-regional-de-qualidade-dos-cafes-das-matas-de-minas-acontece-em-muriae\/#organizationLogo"}},{"@type":"Person","@id":"https:\/\/anoticiaonline.com.br\/site\/author\/juliana\/#author","url":"https:\/\/anoticiaonline.com.br\/site\/author\/juliana\/","name":"Juliana Laviola","image":{"@type":"ImageObject","@id":"https:\/\/anoticiaonline.com.br\/site\/solenidade-de-encerramento-do-xvii-concurso-regional-de-qualidade-dos-cafes-das-matas-de-minas-acontece-em-muriae\/#authorImage","url":"https:\/\/secure.gravatar.com\/avatar\/b8d45f5c699b100dfaf0e543582f38f38bf94cb7ae3a5e9abf8d891a34773335?s=96&d=mm&r=g","width":96,"height":96,"caption":"Juliana Laviola"}},{"@type":"WebPage","@id":"https:\/\/anoticiaonline.com.br\/site\/solenidade-de-encerramento-do-xvii-concurso-regional-de-qualidade-dos-cafes-das-matas-de-minas-acontece-em-muriae\/#webpage","url":"https:\/\/anoticiaonline.com.br\/site\/solenidade-de-encerramento-do-xvii-concurso-regional-de-qualidade-dos-cafes-das-matas-de-minas-acontece-em-muriae\/","name":"Solenidade de encerramento do XVII Concurso Regional de Qualidade dos Caf\u00e9s das Matas de Minas acontece em Muria\u00e9 - A Not\u00edcia Online","description":"O restaurante SESC de Muria\u00e9 foi palco, na quinta-feira (18), da solenidade de encerramento e premia\u00e7\u00e3o do XVII Concurso Regional de Qualidade dos Caf\u00e9s das Matas de Minas, promovido pela Secretaria de Estado de Agricultura, Pecu\u00e1ria e Abastecimento atrav\u00e9s da EMATER-MG. Rob\u00e9rio de Oliveira Torres, engenheiro agr\u00f4nomo e extensionista da EMATER-MG, disse que o Concurso","inLanguage":"pt-BR","isPartOf":{"@id":"https:\/\/anoticiaonline.com.br\/site\/#website"},"breadcrumb":{"@id":"https:\/\/anoticiaonline.com.br\/site\/solenidade-de-encerramento-do-xvii-concurso-regional-de-qualidade-dos-cafes-das-matas-de-minas-acontece-em-muriae\/#breadcrumblist"},"author":{"@id":"https:\/\/anoticiaonline.com.br\/site\/author\/juliana\/#author"},"creator":{"@id":"https:\/\/anoticiaonline.com.br\/site\/author\/juliana\/#author"},"image":{"@type":"ImageObject","url":"https:\/\/anoticiaonline.com.br\/site\/wp-content\/uploads\/2018\/10\/CAPA.jpg","@id":"https:\/\/anoticiaonline.com.br\/site\/solenidade-de-encerramento-do-xvii-concurso-regional-de-qualidade-dos-cafes-das-matas-de-minas-acontece-em-muriae\/#mainImage","width":1000,"height":667},"primaryImageOfPage":{"@id":"https:\/\/anoticiaonline.com.br\/site\/solenidade-de-encerramento-do-xvii-concurso-regional-de-qualidade-dos-cafes-das-matas-de-minas-acontece-em-muriae\/#mainImage"},"datePublished":"2018-10-18T18:44:25-03:00","dateModified":"2018-10-18T18:44:25-03:00"},{"@type":"WebSite","@id":"https:\/\/anoticiaonline.com.br\/site\/#website","url":"https:\/\/anoticiaonline.com.br\/site\/","name":"A Not\u00edcia Online","description":"Noticias de Muria\u00e9 e regi\u00e3o","inLanguage":"pt-BR","publisher":{"@id":"https:\/\/anoticiaonline.com.br\/site\/#organization"}}]},"og:locale":"pt_BR","og:site_name":"A Not\u00edcia Online - Noticias de Muria\u00e9 e regi\u00e3o","og:type":"article","og:title":"Solenidade de encerramento do XVII Concurso Regional de Qualidade dos Caf\u00e9s das Matas de Minas acontece em Muria\u00e9 - A Not\u00edcia Online","og:description":"O restaurante SESC de Muria\u00e9 foi palco, na quinta-feira (18), da solenidade de encerramento e premia\u00e7\u00e3o do XVII Concurso Regional de Qualidade dos Caf\u00e9s das Matas de Minas, promovido pela Secretaria de Estado de Agricultura, Pecu\u00e1ria e Abastecimento atrav\u00e9s da EMATER-MG. Rob\u00e9rio de Oliveira Torres, engenheiro agr\u00f4nomo e extensionista da EMATER-MG, disse que o Concurso","og:url":"https:\/\/anoticiaonline.com.br\/site\/solenidade-de-encerramento-do-xvii-concurso-regional-de-qualidade-dos-cafes-das-matas-de-minas-acontece-em-muriae\/","og:image":"https:\/\/scontent-gig4-1.xx.fbcdn.net\/v\/t39.30808-1\/270437624_4564083193639691_6907940295614233970_n.jpg?stp=dst-jpg_s200x200_tt6&#038;_nc_cat=111&#038;ccb=1-7&#038;_nc_sid=f907e8&#038;_nc_ohc=SM1wRlP3lJwQ7kNvwEPuBYA&#038;_nc_oc=AdnqrjDN_BNjSSHWO-GbkIWH6fkGMLw4bqvL_NH6e2wMveX7G-rP2dAqsDSq1mJMOaY&#038;_nc_zt=24&#038;_nc_ht=scontent-gig4-1.xx&#038;_nc_gid=AoBFJeGrT1hVaew_6rchkQ&#038;oh=00_AfX7QmFGhQhG2jAllVgXCiM1ZrWgvtp80-Bfppyexh1QEg&#038;oe=689E923C","og:image:secure_url":"https:\/\/scontent-gig4-1.xx.fbcdn.net\/v\/t39.30808-1\/270437624_4564083193639691_6907940295614233970_n.jpg?stp=dst-jpg_s200x200_tt6&#038;_nc_cat=111&#038;ccb=1-7&#038;_nc_sid=f907e8&#038;_nc_ohc=SM1wRlP3lJwQ7kNvwEPuBYA&#038;_nc_oc=AdnqrjDN_BNjSSHWO-GbkIWH6fkGMLw4bqvL_NH6e2wMveX7G-rP2dAqsDSq1mJMOaY&#038;_nc_zt=24&#038;_nc_ht=scontent-gig4-1.xx&#038;_nc_gid=AoBFJeGrT1hVaew_6rchkQ&#038;oh=00_AfX7QmFGhQhG2jAllVgXCiM1ZrWgvtp80-Bfppyexh1QEg&#038;oe=689E923C","article:published_time":"2018-10-18T21:44:25+00:00","article:modified_time":"2018-10-18T21:44:25+00:00","twitter:card":"summary_large_image","twitter:title":"Solenidade de encerramento do XVII Concurso Regional de Qualidade dos Caf\u00e9s das Matas de Minas acontece em Muria\u00e9 - A Not\u00edcia Online","twitter:description":"O restaurante SESC de Muria\u00e9 foi palco, na quinta-feira (18), da solenidade de encerramento e premia\u00e7\u00e3o do XVII Concurso Regional de Qualidade dos Caf\u00e9s das Matas de Minas, promovido pela Secretaria de Estado de Agricultura, Pecu\u00e1ria e Abastecimento atrav\u00e9s da EMATER-MG. Rob\u00e9rio de Oliveira Torres, engenheiro agr\u00f4nomo e extensionista da EMATER-MG, disse que o Concurso","twitter:image":"https:\/\/scontent-gig4-1.xx.fbcdn.net\/v\/t39.30808-1\/270437624_4564083193639691_6907940295614233970_n.jpg?stp=dst-jpg_s200x200_tt6&_nc_cat=111&ccb=1-7&_nc_sid=f907e8&_nc_ohc=SM1wRlP3lJwQ7kNvwEPuBYA&_nc_oc=AdnqrjDN_BNjSSHWO-GbkIWH6fkGMLw4bqvL_NH6e2wMveX7G-rP2dAqsDSq1mJMOaY&_nc_zt=24&_nc_ht=scontent-gig4-1.xx&_nc_gid=AoBFJeGrT1hVaew_6rchkQ&oh=00_AfX7QmFGhQhG2jAllVgXCiM1ZrWgvtp80-Bfppyexh1QEg&oe=689E923C"},"aioseo_meta_data":{"post_id":"63224","title":null,"description":null,"keywords":null,"keyphrases":null,"primary_term":null,"canonical_url":null,"og_title":null,"og_description":null,"og_object_type":"default","og_image_type":"default","og_image_url":null,"og_image_width":null,"og_image_height":null,"og_image_custom_url":null,"og_image_custom_fields":null,"og_video":null,"og_custom_url":null,"og_article_section":null,"og_article_tags":null,"twitter_use_og":false,"twitter_card":"default","twitter_image_type":"default","twitter_image_url":null,"twitter_image_custom_url":null,"twitter_image_custom_fields":null,"twitter_title":null,"twitter_description":null,"schema":{"blockGraphs":[],"customGraphs":[],"default":{"data":{"Article":[],"Course":[],"Dataset":[],"FAQPage":[],"Movie":[],"Person":[],"Product":[],"ProductReview":[],"Car":[],"Recipe":[],"Service":[],"SoftwareApplication":[],"WebPage":[]},"graphName":"","isEnabled":true},"graphs":[]},"schema_type":"default","schema_type_options":null,"pillar_content":false,"robots_default":true,"robots_noindex":false,"robots_noarchive":false,"robots_nosnippet":false,"robots_nofollow":false,"robots_noimageindex":false,"robots_noodp":false,"robots_notranslate":false,"robots_max_snippet":null,"robots_max_videopreview":null,"robots_max_imagepreview":"large","priority":null,"frequency":null,"local_seo":null,"breadcrumb_settings":null,"limit_modified_date":false,"ai":null,"created":"2025-08-16 21:54:40","updated":"2025-08-16 21:54:40","focus_keyword":null,"additional_keywords":null,"truseo_locale":null,"seo_analyzer_scan_date":null},"aioseo_breadcrumb":"<div class=\"aioseo-breadcrumbs\"><span class=\"aioseo-breadcrumb\">\n\t\t\t<a href=\"https:\/\/anoticiaonline.com.br\/site\" title=\"Home\">Home<\/a>\n\t\t<\/span><span class=\"aioseo-breadcrumb-separator\">&raquo;<\/span><span class=\"aioseo-breadcrumb\">\n\t\t\t<a href=\"https:\/\/anoticiaonline.com.br\/site\/categoria\/gerais\/\" title=\"Gerais\">Gerais<\/a>\n\t\t<\/span><span class=\"aioseo-breadcrumb-separator\">&raquo;<\/span><span class=\"aioseo-breadcrumb\">\n\t\t\tSolenidade de encerramento do XVII Concurso Regional de Qualidade dos Caf\u00e9s das Matas de Minas acontece em Muria\u00e9\n\t\t<\/span><\/div>","aioseo_breadcrumb_json":[{"label":"Home","link":"https:\/\/anoticiaonline.com.br\/site"},{"label":"Gerais","link":"https:\/\/anoticiaonline.com.br\/site\/categoria\/gerais\/"},{"label":"Solenidade de encerramento do XVII Concurso Regional de Qualidade dos Caf\u00e9s das Matas de Minas acontece em Muria\u00e9","link":"https:\/\/anoticiaonline.com.br\/site\/solenidade-de-encerramento-do-xvii-concurso-regional-de-qualidade-dos-cafes-das-matas-de-minas-acontece-em-muriae\/"}],"views":121,"_links":{"self":[{"href":"https:\/\/anoticiaonline.com.br\/site\/wp-json\/wp\/v2\/posts\/63224","targetHints":{"allow":["GET"]}}],"collection":[{"href":"https:\/\/anoticiaonline.com.br\/site\/wp-json\/wp\/v2\/posts"}],"about":[{"href":"https:\/\/anoticiaonline.com.br\/site\/wp-json\/wp\/v2\/types\/post"}],"author":[{"embeddable":true,"href":"https:\/\/anoticiaonline.com.br\/site\/wp-json\/wp\/v2\/users\/2"}],"replies":[{"embeddable":true,"href":"https:\/\/anoticiaonline.com.br\/site\/wp-json\/wp\/v2\/comments?post=63224"}],"version-history":[{"count":0,"href":"https:\/\/anoticiaonline.com.br\/site\/wp-json\/wp\/v2\/posts\/63224\/revisions"}],"wp:featuredmedia":[{"embeddable":true,"href":"https:\/\/anoticiaonline.com.br\/site\/wp-json\/wp\/v2\/media\/63226"}],"wp:attachment":[{"href":"https:\/\/anoticiaonline.com.br\/site\/wp-json\/wp\/v2\/media?parent=63224"}],"wp:term":[{"taxonomy":"category","embeddable":true,"href":"https:\/\/anoticiaonline.com.br\/site\/wp-json\/wp\/v2\/categories?post=63224"},{"taxonomy":"post_tag","embeddable":true,"href":"https:\/\/anoticiaonline.com.br\/site\/wp-json\/wp\/v2\/tags?post=63224"}],"curies":[{"name":"wp","href":"https:\/\/api.w.org\/{rel}","templated":true}]}}