{"id":63219,"date":"2018-10-18T17:49:27","date_gmt":"2018-10-18T20:49:27","guid":{"rendered":"http:\/\/anoticiaonline.com.br\/site\/?p=63219"},"modified":"2018-10-18T17:49:27","modified_gmt":"2018-10-18T20:49:27","slug":"cras-cultura-e-aberto-oficialmente-com-apresentacoes-tematicas-sobre-o-sul","status":"publish","type":"post","link":"https:\/\/anoticiaonline.com.br\/site\/cras-cultura-e-aberto-oficialmente-com-apresentacoes-tematicas-sobre-o-sul\/","title":{"rendered":"CRAS Cultura \u00e9 aberto oficialmente com apresenta\u00e7\u00f5es tem\u00e1ticas sobre o Sul"},"content":{"rendered":"<p><a href=\"https:\/\/anoticiaonline.com.br\/site\/wp-content\/uploads\/2018\/10\/CRAS-Cultura-\u00e9-aberto-oficialmente-com-apresenta\u00e7\u00f5es-tem\u00e1ticas-sobre-o-Sul.jpg\"><img fetchpriority=\"high\" decoding=\"async\" class=\"alignnone size-full wp-image-63220\" src=\"https:\/\/anoticiaonline.com.br\/site\/wp-content\/uploads\/2018\/10\/CRAS-Cultura-\u00e9-aberto-oficialmente-com-apresenta\u00e7\u00f5es-tem\u00e1ticas-sobre-o-Sul.jpg\" alt=\"\" width=\"907\" height=\"667\" srcset=\"https:\/\/anoticiaonline.com.br\/site\/wp-content\/uploads\/2018\/10\/CRAS-Cultura-\u00e9-aberto-oficialmente-com-apresenta\u00e7\u00f5es-tem\u00e1ticas-sobre-o-Sul.jpg 907w, https:\/\/anoticiaonline.com.br\/site\/wp-content\/uploads\/2018\/10\/CRAS-Cultura-\u00e9-aberto-oficialmente-com-apresenta\u00e7\u00f5es-tem\u00e1ticas-sobre-o-Sul-300x221.jpg 300w, https:\/\/anoticiaonline.com.br\/site\/wp-content\/uploads\/2018\/10\/CRAS-Cultura-\u00e9-aberto-oficialmente-com-apresenta\u00e7\u00f5es-tem\u00e1ticas-sobre-o-Sul-768x565.jpg 768w\" sizes=\"(max-width: 907px) 100vw, 907px\" \/><\/a><\/p>\n<p>O CRAS Cultura foi aberto oficialmente na noite de quarta-feira (17), no Teatro Zaccaria Marques. A proposta da edi\u00e7\u00e3o deste ano \u00e9 apresentar as tradi\u00e7\u00f5es das cinco regi\u00f5es do pa\u00eds, por meio do trabalho realizado com os usu\u00e1rios da pol\u00edtica de assist\u00eancia social de Muria\u00e9. O Sul do Brasil foi o destaque do primeiro dia de evento.<\/p>\n<p>Criado em 2017, o CRAS Cultura \u00e9 a culmin\u00e2ncia dos projetos que acontecem ao longo do ano nos Centros de Refer\u00eancia de Assist\u00eancia Social (CRAS), N\u00facleo de Atendimento de Assist\u00eancia Social (NAAS), Centro de Conviv\u00eancia para Idosos (CCI), Programa Integra\u00e7\u00e3o AABB Comunidade e Programa Crian\u00e7a Feliz. O objetivo \u00e9 valorizar a identidade e a cultura locais, as potencialidades e talentos dos usu\u00e1rios dos servi\u00e7os socioassistenciais, al\u00e9m de proporcionar lazer aos muriaeenses.<\/p>\n<p><a href=\"https:\/\/anoticiaonline.com.br\/site\/wp-content\/uploads\/2018\/10\/CRAS-Cultura-\u00e9-aberto-oficialmente-com-apresenta\u00e7\u00f5es-tem\u00e1ticas-sobre-o-Sul-2.jpg\"><img decoding=\"async\" class=\"alignnone size-full wp-image-63221\" src=\"https:\/\/anoticiaonline.com.br\/site\/wp-content\/uploads\/2018\/10\/CRAS-Cultura-\u00e9-aberto-oficialmente-com-apresenta\u00e7\u00f5es-tem\u00e1ticas-sobre-o-Sul-2.jpg\" alt=\"\" width=\"1000\" height=\"653\" srcset=\"https:\/\/anoticiaonline.com.br\/site\/wp-content\/uploads\/2018\/10\/CRAS-Cultura-\u00e9-aberto-oficialmente-com-apresenta\u00e7\u00f5es-tem\u00e1ticas-sobre-o-Sul-2.jpg 1000w, https:\/\/anoticiaonline.com.br\/site\/wp-content\/uploads\/2018\/10\/CRAS-Cultura-\u00e9-aberto-oficialmente-com-apresenta\u00e7\u00f5es-tem\u00e1ticas-sobre-o-Sul-2-300x196.jpg 300w, https:\/\/anoticiaonline.com.br\/site\/wp-content\/uploads\/2018\/10\/CRAS-Cultura-\u00e9-aberto-oficialmente-com-apresenta\u00e7\u00f5es-tem\u00e1ticas-sobre-o-Sul-2-768x502.jpg 768w\" sizes=\"(max-width: 1000px) 100vw, 1000px\" \/><\/a><\/p>\n<p>\u201cO CRAS Cultura tem o objetivo de apresentar o trabalho que \u00e9 realizado ao longo do ano no Servi\u00e7o de Conviv\u00eancia e Fortalecimento de V\u00ednculos e nos dispositivos onde ele ocorre, como os CRAS e Centro do Idoso, por exemplo. Este ano, o evento tem como tema a cultura brasileira, mas sem perder a cultura do nosso munic\u00edpio, ressaltando as potencialidades dos territ\u00f3rios e o protagonismo dos nossos usu\u00e1rios\u201d, frisa a assessora t\u00e9cnica da Secretaria Municipal de Desenvolvimento Social, Giselle Braga.<\/p>\n<p><a href=\"https:\/\/anoticiaonline.com.br\/site\/wp-content\/uploads\/2018\/10\/CRAS-Cultura-\u00e9-aberto-oficialmente-com-apresenta\u00e7\u00f5es-tem\u00e1ticas-sobre-o-Sul-3.jpg\"><img decoding=\"async\" class=\"alignnone size-full wp-image-63222\" src=\"https:\/\/anoticiaonline.com.br\/site\/wp-content\/uploads\/2018\/10\/CRAS-Cultura-\u00e9-aberto-oficialmente-com-apresenta\u00e7\u00f5es-tem\u00e1ticas-sobre-o-Sul-3.jpg\" alt=\"\" width=\"1000\" height=\"748\" srcset=\"https:\/\/anoticiaonline.com.br\/site\/wp-content\/uploads\/2018\/10\/CRAS-Cultura-\u00e9-aberto-oficialmente-com-apresenta\u00e7\u00f5es-tem\u00e1ticas-sobre-o-Sul-3.jpg 1000w, https:\/\/anoticiaonline.com.br\/site\/wp-content\/uploads\/2018\/10\/CRAS-Cultura-\u00e9-aberto-oficialmente-com-apresenta\u00e7\u00f5es-tem\u00e1ticas-sobre-o-Sul-3-300x224.jpg 300w, https:\/\/anoticiaonline.com.br\/site\/wp-content\/uploads\/2018\/10\/CRAS-Cultura-\u00e9-aberto-oficialmente-com-apresenta\u00e7\u00f5es-tem\u00e1ticas-sobre-o-Sul-3-768x574.jpg 768w, https:\/\/anoticiaonline.com.br\/site\/wp-content\/uploads\/2018\/10\/CRAS-Cultura-\u00e9-aberto-oficialmente-com-apresenta\u00e7\u00f5es-tem\u00e1ticas-sobre-o-Sul-3-105x80.jpg 105w\" sizes=\"(max-width: 1000px) 100vw, 1000px\" \/><\/a><\/p>\n<p>Cr\u00e9ditos: ASCOM PMM<\/p>\n","protected":false},"excerpt":{"rendered":"<p>O CRAS Cultura foi aberto oficialmente na noite de quarta-feira (17), no Teatro Zaccaria Marques. A proposta da edi\u00e7\u00e3o deste ano \u00e9 apresentar as tradi\u00e7\u00f5es das cinco regi\u00f5es do pa\u00eds, por meio do trabalho realizado com os usu\u00e1rios da pol\u00edtica de assist\u00eancia social de Muria\u00e9. O Sul do Brasil foi o destaque do primeiro dia &#8230; <a title=\"CRAS Cultura \u00e9 aberto oficialmente com apresenta\u00e7\u00f5es tem\u00e1ticas sobre o Sul\" class=\"read-more\" href=\"https:\/\/anoticiaonline.com.br\/site\/cras-cultura-e-aberto-oficialmente-com-apresentacoes-tematicas-sobre-o-sul\/\" aria-label=\"Read more about CRAS Cultura \u00e9 aberto oficialmente com apresenta\u00e7\u00f5es tem\u00e1ticas sobre o Sul\">Ler mais<\/a><\/p>\n","protected":false},"author":2,"featured_media":63220,"comment_status":"open","ping_status":"open","sticky":false,"template":"","format":"standard","meta":{"_acf_changed":false,"_monsterinsights_skip_tracking":false,"footnotes":""},"categories":[30,2893,19],"tags":[3272,825,64,74],"class_list":["post-63219","post","type-post","status-publish","format-standard","has-post-thumbnail","hentry","category-muriae","category-cotidiano","category-cultura","tag-centro-do-idoso","tag-cras","tag-cultura","tag-muriae"],"acf":[],"aioseo_notices":[],"aioseo_head":"\n\t\t<!-- All in One SEO 5.0.0.1 - aioseo.com -->\n\t<meta name=\"description\" content=\"O CRAS Cultura foi aberto oficialmente na noite de quarta-feira (17), no Teatro Zaccaria Marques. A proposta da edi\u00e7\u00e3o deste ano \u00e9 apresentar as tradi\u00e7\u00f5es das cinco regi\u00f5es do pa\u00eds, por meio do trabalho realizado com os usu\u00e1rios da pol\u00edtica de assist\u00eancia social de Muria\u00e9. O Sul do Brasil foi o destaque do primeiro dia\" \/>\n\t<meta name=\"robots\" content=\"max-image-preview:large\" \/>\n\t<meta name=\"author\" content=\"Juliana Laviola\"\/>\n\t<link rel=\"canonical\" href=\"https:\/\/anoticiaonline.com.br\/site\/cras-cultura-e-aberto-oficialmente-com-apresentacoes-tematicas-sobre-o-sul\/\" \/>\n\t<meta name=\"generator\" content=\"All in One SEO (AIOSEO) 5.0.0.1\" \/>\n\t\t<meta property=\"og:locale\" content=\"pt_BR\" \/>\n\t\t<meta property=\"og:site_name\" content=\"A Not\u00edcia Online - Noticias de Muria\u00e9 e regi\u00e3o\" \/>\n\t\t<meta property=\"og:type\" content=\"article\" \/>\n\t\t<meta property=\"og:title\" content=\"CRAS Cultura \u00e9 aberto oficialmente com apresenta\u00e7\u00f5es tem\u00e1ticas sobre o Sul - A Not\u00edcia Online\" \/>\n\t\t<meta property=\"og:description\" content=\"O CRAS Cultura foi aberto oficialmente na noite de quarta-feira (17), no Teatro Zaccaria Marques. A proposta da edi\u00e7\u00e3o deste ano \u00e9 apresentar as tradi\u00e7\u00f5es das cinco regi\u00f5es do pa\u00eds, por meio do trabalho realizado com os usu\u00e1rios da pol\u00edtica de assist\u00eancia social de Muria\u00e9. O Sul do Brasil foi o destaque do primeiro dia\" \/>\n\t\t<meta property=\"og:url\" content=\"https:\/\/anoticiaonline.com.br\/site\/cras-cultura-e-aberto-oficialmente-com-apresentacoes-tematicas-sobre-o-sul\/\" \/>\n\t\t<meta property=\"og:image\" content=\"https:\/\/scontent-gig4-1.xx.fbcdn.net\/v\/t39.30808-1\/270437624_4564083193639691_6907940295614233970_n.jpg?stp=dst-jpg_s200x200_tt6&#038;_nc_cat=111&#038;ccb=1-7&#038;_nc_sid=f907e8&#038;_nc_ohc=SM1wRlP3lJwQ7kNvwEPuBYA&#038;_nc_oc=AdnqrjDN_BNjSSHWO-GbkIWH6fkGMLw4bqvL_NH6e2wMveX7G-rP2dAqsDSq1mJMOaY&#038;_nc_zt=24&#038;_nc_ht=scontent-gig4-1.xx&#038;_nc_gid=AoBFJeGrT1hVaew_6rchkQ&#038;oh=00_AfX7QmFGhQhG2jAllVgXCiM1ZrWgvtp80-Bfppyexh1QEg&#038;oe=689E923C\" \/>\n\t\t<meta property=\"og:image:secure_url\" content=\"https:\/\/scontent-gig4-1.xx.fbcdn.net\/v\/t39.30808-1\/270437624_4564083193639691_6907940295614233970_n.jpg?stp=dst-jpg_s200x200_tt6&#038;_nc_cat=111&#038;ccb=1-7&#038;_nc_sid=f907e8&#038;_nc_ohc=SM1wRlP3lJwQ7kNvwEPuBYA&#038;_nc_oc=AdnqrjDN_BNjSSHWO-GbkIWH6fkGMLw4bqvL_NH6e2wMveX7G-rP2dAqsDSq1mJMOaY&#038;_nc_zt=24&#038;_nc_ht=scontent-gig4-1.xx&#038;_nc_gid=AoBFJeGrT1hVaew_6rchkQ&#038;oh=00_AfX7QmFGhQhG2jAllVgXCiM1ZrWgvtp80-Bfppyexh1QEg&#038;oe=689E923C\" \/>\n\t\t<meta property=\"article:published_time\" content=\"2018-10-18T20:49:27+00:00\" \/>\n\t\t<meta property=\"article:modified_time\" content=\"2018-10-18T20:49:27+00:00\" \/>\n\t\t<meta name=\"twitter:card\" content=\"summary_large_image\" \/>\n\t\t<meta name=\"twitter:title\" content=\"CRAS Cultura \u00e9 aberto oficialmente com apresenta\u00e7\u00f5es tem\u00e1ticas sobre o Sul - A Not\u00edcia Online\" \/>\n\t\t<meta name=\"twitter:description\" content=\"O CRAS Cultura foi aberto oficialmente na noite de quarta-feira (17), no Teatro Zaccaria Marques. A proposta da edi\u00e7\u00e3o deste ano \u00e9 apresentar as tradi\u00e7\u00f5es das cinco regi\u00f5es do pa\u00eds, por meio do trabalho realizado com os usu\u00e1rios da pol\u00edtica de assist\u00eancia social de Muria\u00e9. O Sul do Brasil foi o destaque do primeiro dia\" \/>\n\t\t<meta name=\"twitter:image\" content=\"https:\/\/scontent-gig4-1.xx.fbcdn.net\/v\/t39.30808-1\/270437624_4564083193639691_6907940295614233970_n.jpg?stp=dst-jpg_s200x200_tt6&amp;_nc_cat=111&amp;ccb=1-7&amp;_nc_sid=f907e8&amp;_nc_ohc=SM1wRlP3lJwQ7kNvwEPuBYA&amp;_nc_oc=AdnqrjDN_BNjSSHWO-GbkIWH6fkGMLw4bqvL_NH6e2wMveX7G-rP2dAqsDSq1mJMOaY&amp;_nc_zt=24&amp;_nc_ht=scontent-gig4-1.xx&amp;_nc_gid=AoBFJeGrT1hVaew_6rchkQ&amp;oh=00_AfX7QmFGhQhG2jAllVgXCiM1ZrWgvtp80-Bfppyexh1QEg&amp;oe=689E923C\" \/>\n\t\t<script type=\"application\/ld+json\" class=\"aioseo-schema\">\n\t\t\t{\"@context\":\"https:\\\/\\\/schema.org\",\"@graph\":[{\"@type\":\"BlogPosting\",\"@id\":\"https:\\\/\\\/anoticiaonline.com.br\\\/site\\\/cras-cultura-e-aberto-oficialmente-com-apresentacoes-tematicas-sobre-o-sul\\\/#blogposting\",\"name\":\"CRAS Cultura \\u00e9 aberto oficialmente com apresenta\\u00e7\\u00f5es tem\\u00e1ticas sobre o Sul - A Not\\u00edcia Online\",\"headline\":\"CRAS Cultura \\u00e9 aberto oficialmente com apresenta\\u00e7\\u00f5es tem\\u00e1ticas sobre o Sul\",\"author\":{\"@id\":\"https:\\\/\\\/anoticiaonline.com.br\\\/site\\\/author\\\/juliana\\\/#author\"},\"publisher\":{\"@id\":\"https:\\\/\\\/anoticiaonline.com.br\\\/site\\\/#organization\"},\"image\":{\"@type\":\"ImageObject\",\"url\":\"https:\\\/\\\/anoticiaonline.com.br\\\/site\\\/wp-content\\\/uploads\\\/2018\\\/10\\\/CRAS-Cultura-\\u00e9-aberto-oficialmente-com-apresenta\\u00e7\\u00f5es-tem\\u00e1ticas-sobre-o-Sul.jpg\",\"width\":907,\"height\":667},\"datePublished\":\"2018-10-18T17:49:27-03:00\",\"dateModified\":\"2018-10-18T17:49:27-03:00\",\"inLanguage\":\"pt-BR\",\"mainEntityOfPage\":{\"@id\":\"https:\\\/\\\/anoticiaonline.com.br\\\/site\\\/cras-cultura-e-aberto-oficialmente-com-apresentacoes-tematicas-sobre-o-sul\\\/#webpage\"},\"isPartOf\":{\"@id\":\"https:\\\/\\\/anoticiaonline.com.br\\\/site\\\/cras-cultura-e-aberto-oficialmente-com-apresentacoes-tematicas-sobre-o-sul\\\/#webpage\"},\"articleSection\":\"Blog, Cotidiano, Cultura, centro do idoso, CRAS, cultura, Muria\\u00e9\"},{\"@type\":\"BreadcrumbList\",\"@id\":\"https:\\\/\\\/anoticiaonline.com.br\\\/site\\\/cras-cultura-e-aberto-oficialmente-com-apresentacoes-tematicas-sobre-o-sul\\\/#breadcrumblist\",\"itemListElement\":[{\"@type\":\"ListItem\",\"@id\":\"https:\\\/\\\/anoticiaonline.com.br\\\/site#listItem\",\"position\":1,\"name\":\"Home\",\"item\":\"https:\\\/\\\/anoticiaonline.com.br\\\/site\",\"nextItem\":{\"@type\":\"ListItem\",\"@id\":\"https:\\\/\\\/anoticiaonline.com.br\\\/site\\\/categoria\\\/muriae\\\/#listItem\",\"name\":\"Blog\"}},{\"@type\":\"ListItem\",\"@id\":\"https:\\\/\\\/anoticiaonline.com.br\\\/site\\\/categoria\\\/muriae\\\/#listItem\",\"position\":2,\"name\":\"Blog\",\"item\":\"https:\\\/\\\/anoticiaonline.com.br\\\/site\\\/categoria\\\/muriae\\\/\",\"nextItem\":{\"@type\":\"ListItem\",\"@id\":\"https:\\\/\\\/anoticiaonline.com.br\\\/site\\\/categoria\\\/muriae\\\/cultura\\\/#listItem\",\"name\":\"Cultura\"},\"previousItem\":{\"@type\":\"ListItem\",\"@id\":\"https:\\\/\\\/anoticiaonline.com.br\\\/site#listItem\",\"name\":\"Home\"}},{\"@type\":\"ListItem\",\"@id\":\"https:\\\/\\\/anoticiaonline.com.br\\\/site\\\/categoria\\\/muriae\\\/cultura\\\/#listItem\",\"position\":3,\"name\":\"Cultura\",\"item\":\"https:\\\/\\\/anoticiaonline.com.br\\\/site\\\/categoria\\\/muriae\\\/cultura\\\/\",\"nextItem\":{\"@type\":\"ListItem\",\"@id\":\"https:\\\/\\\/anoticiaonline.com.br\\\/site\\\/cras-cultura-e-aberto-oficialmente-com-apresentacoes-tematicas-sobre-o-sul\\\/#listItem\",\"name\":\"CRAS Cultura \\u00e9 aberto oficialmente com apresenta\\u00e7\\u00f5es tem\\u00e1ticas sobre o Sul\"},\"previousItem\":{\"@type\":\"ListItem\",\"@id\":\"https:\\\/\\\/anoticiaonline.com.br\\\/site\\\/categoria\\\/muriae\\\/#listItem\",\"name\":\"Blog\"}},{\"@type\":\"ListItem\",\"@id\":\"https:\\\/\\\/anoticiaonline.com.br\\\/site\\\/cras-cultura-e-aberto-oficialmente-com-apresentacoes-tematicas-sobre-o-sul\\\/#listItem\",\"position\":4,\"name\":\"CRAS Cultura \\u00e9 aberto oficialmente com apresenta\\u00e7\\u00f5es tem\\u00e1ticas sobre o Sul\",\"previousItem\":{\"@type\":\"ListItem\",\"@id\":\"https:\\\/\\\/anoticiaonline.com.br\\\/site\\\/categoria\\\/muriae\\\/cultura\\\/#listItem\",\"name\":\"Cultura\"}}]},{\"@type\":\"Organization\",\"@id\":\"https:\\\/\\\/anoticiaonline.com.br\\\/site\\\/#organization\",\"name\":\"A Not\\u00edcia Online\",\"description\":\"Noticias de Muria\\u00e9 e regi\\u00e3o\",\"url\":\"https:\\\/\\\/anoticiaonline.com.br\\\/site\\\/\",\"logo\":{\"@type\":\"ImageObject\",\"url\":\"https:\\\/\\\/scontent-gig4-1.xx.fbcdn.net\\\/v\\\/t39.30808-1\\\/270437624_4564083193639691_6907940295614233970_n.jpg?stp=dst-jpg_s200x200_tt6&_nc_cat=111&ccb=1-7&_nc_sid=f907e8&_nc_ohc=SM1wRlP3lJwQ7kNvwEPuBYA&_nc_oc=AdnqrjDN_BNjSSHWO-GbkIWH6fkGMLw4bqvL_NH6e2wMveX7G-rP2dAqsDSq1mJMOaY&_nc_zt=24&_nc_ht=scontent-gig4-1.xx&_nc_gid=AoBFJeGrT1hVaew_6rchkQ&oh=00_AfX7QmFGhQhG2jAllVgXCiM1ZrWgvtp80-Bfppyexh1QEg&oe=689E923C\",\"@id\":\"https:\\\/\\\/anoticiaonline.com.br\\\/site\\\/cras-cultura-e-aberto-oficialmente-com-apresentacoes-tematicas-sobre-o-sul\\\/#organizationLogo\"},\"image\":{\"@id\":\"https:\\\/\\\/anoticiaonline.com.br\\\/site\\\/cras-cultura-e-aberto-oficialmente-com-apresentacoes-tematicas-sobre-o-sul\\\/#organizationLogo\"}},{\"@type\":\"Person\",\"@id\":\"https:\\\/\\\/anoticiaonline.com.br\\\/site\\\/author\\\/juliana\\\/#author\",\"url\":\"https:\\\/\\\/anoticiaonline.com.br\\\/site\\\/author\\\/juliana\\\/\",\"name\":\"Juliana Laviola\",\"image\":{\"@type\":\"ImageObject\",\"@id\":\"https:\\\/\\\/anoticiaonline.com.br\\\/site\\\/cras-cultura-e-aberto-oficialmente-com-apresentacoes-tematicas-sobre-o-sul\\\/#authorImage\",\"url\":\"https:\\\/\\\/secure.gravatar.com\\\/avatar\\\/b8d45f5c699b100dfaf0e543582f38f38bf94cb7ae3a5e9abf8d891a34773335?s=96&d=mm&r=g\",\"width\":96,\"height\":96,\"caption\":\"Juliana Laviola\"}},{\"@type\":\"WebPage\",\"@id\":\"https:\\\/\\\/anoticiaonline.com.br\\\/site\\\/cras-cultura-e-aberto-oficialmente-com-apresentacoes-tematicas-sobre-o-sul\\\/#webpage\",\"url\":\"https:\\\/\\\/anoticiaonline.com.br\\\/site\\\/cras-cultura-e-aberto-oficialmente-com-apresentacoes-tematicas-sobre-o-sul\\\/\",\"name\":\"CRAS Cultura \\u00e9 aberto oficialmente com apresenta\\u00e7\\u00f5es tem\\u00e1ticas sobre o Sul - A Not\\u00edcia Online\",\"description\":\"O CRAS Cultura foi aberto oficialmente na noite de quarta-feira (17), no Teatro Zaccaria Marques. A proposta da edi\\u00e7\\u00e3o deste ano \\u00e9 apresentar as tradi\\u00e7\\u00f5es das cinco regi\\u00f5es do pa\\u00eds, por meio do trabalho realizado com os usu\\u00e1rios da pol\\u00edtica de assist\\u00eancia social de Muria\\u00e9. O Sul do Brasil foi o destaque do primeiro dia\",\"inLanguage\":\"pt-BR\",\"isPartOf\":{\"@id\":\"https:\\\/\\\/anoticiaonline.com.br\\\/site\\\/#website\"},\"breadcrumb\":{\"@id\":\"https:\\\/\\\/anoticiaonline.com.br\\\/site\\\/cras-cultura-e-aberto-oficialmente-com-apresentacoes-tematicas-sobre-o-sul\\\/#breadcrumblist\"},\"author\":{\"@id\":\"https:\\\/\\\/anoticiaonline.com.br\\\/site\\\/author\\\/juliana\\\/#author\"},\"creator\":{\"@id\":\"https:\\\/\\\/anoticiaonline.com.br\\\/site\\\/author\\\/juliana\\\/#author\"},\"image\":{\"@type\":\"ImageObject\",\"url\":\"https:\\\/\\\/anoticiaonline.com.br\\\/site\\\/wp-content\\\/uploads\\\/2018\\\/10\\\/CRAS-Cultura-\\u00e9-aberto-oficialmente-com-apresenta\\u00e7\\u00f5es-tem\\u00e1ticas-sobre-o-Sul.jpg\",\"@id\":\"https:\\\/\\\/anoticiaonline.com.br\\\/site\\\/cras-cultura-e-aberto-oficialmente-com-apresentacoes-tematicas-sobre-o-sul\\\/#mainImage\",\"width\":907,\"height\":667},\"primaryImageOfPage\":{\"@id\":\"https:\\\/\\\/anoticiaonline.com.br\\\/site\\\/cras-cultura-e-aberto-oficialmente-com-apresentacoes-tematicas-sobre-o-sul\\\/#mainImage\"},\"datePublished\":\"2018-10-18T17:49:27-03:00\",\"dateModified\":\"2018-10-18T17:49:27-03:00\"},{\"@type\":\"WebSite\",\"@id\":\"https:\\\/\\\/anoticiaonline.com.br\\\/site\\\/#website\",\"url\":\"https:\\\/\\\/anoticiaonline.com.br\\\/site\\\/\",\"name\":\"A Not\\u00edcia Online\",\"description\":\"Noticias de Muria\\u00e9 e regi\\u00e3o\",\"inLanguage\":\"pt-BR\",\"publisher\":{\"@id\":\"https:\\\/\\\/anoticiaonline.com.br\\\/site\\\/#organization\"}}]}\n\t\t<\/script>\n\t\t<!-- All in One SEO -->\n\n","aioseo_head_json":{"title":"CRAS Cultura \u00e9 aberto oficialmente com apresenta\u00e7\u00f5es tem\u00e1ticas sobre o Sul - A Not\u00edcia Online","description":"O CRAS Cultura foi aberto oficialmente na noite de quarta-feira (17), no Teatro Zaccaria Marques. A proposta da edi\u00e7\u00e3o deste ano \u00e9 apresentar as tradi\u00e7\u00f5es das cinco regi\u00f5es do pa\u00eds, por meio do trabalho realizado com os usu\u00e1rios da pol\u00edtica de assist\u00eancia social de Muria\u00e9. O Sul do Brasil foi o destaque do primeiro dia","canonical_url":"https:\/\/anoticiaonline.com.br\/site\/cras-cultura-e-aberto-oficialmente-com-apresentacoes-tematicas-sobre-o-sul\/","robots":"max-image-preview:large","keywords":"","webmasterTools":{"miscellaneous":""},"schema":{"@context":"https:\/\/schema.org","@graph":[{"@type":"BlogPosting","@id":"https:\/\/anoticiaonline.com.br\/site\/cras-cultura-e-aberto-oficialmente-com-apresentacoes-tematicas-sobre-o-sul\/#blogposting","name":"CRAS Cultura \u00e9 aberto oficialmente com apresenta\u00e7\u00f5es tem\u00e1ticas sobre o Sul - A Not\u00edcia Online","headline":"CRAS Cultura \u00e9 aberto oficialmente com apresenta\u00e7\u00f5es tem\u00e1ticas sobre o Sul","author":{"@id":"https:\/\/anoticiaonline.com.br\/site\/author\/juliana\/#author"},"publisher":{"@id":"https:\/\/anoticiaonline.com.br\/site\/#organization"},"image":{"@type":"ImageObject","url":"https:\/\/anoticiaonline.com.br\/site\/wp-content\/uploads\/2018\/10\/CRAS-Cultura-\u00e9-aberto-oficialmente-com-apresenta\u00e7\u00f5es-tem\u00e1ticas-sobre-o-Sul.jpg","width":907,"height":667},"datePublished":"2018-10-18T17:49:27-03:00","dateModified":"2018-10-18T17:49:27-03:00","inLanguage":"pt-BR","mainEntityOfPage":{"@id":"https:\/\/anoticiaonline.com.br\/site\/cras-cultura-e-aberto-oficialmente-com-apresentacoes-tematicas-sobre-o-sul\/#webpage"},"isPartOf":{"@id":"https:\/\/anoticiaonline.com.br\/site\/cras-cultura-e-aberto-oficialmente-com-apresentacoes-tematicas-sobre-o-sul\/#webpage"},"articleSection":"Blog, Cotidiano, Cultura, centro do idoso, CRAS, cultura, Muria\u00e9"},{"@type":"BreadcrumbList","@id":"https:\/\/anoticiaonline.com.br\/site\/cras-cultura-e-aberto-oficialmente-com-apresentacoes-tematicas-sobre-o-sul\/#breadcrumblist","itemListElement":[{"@type":"ListItem","@id":"https:\/\/anoticiaonline.com.br\/site#listItem","position":1,"name":"Home","item":"https:\/\/anoticiaonline.com.br\/site","nextItem":{"@type":"ListItem","@id":"https:\/\/anoticiaonline.com.br\/site\/categoria\/muriae\/#listItem","name":"Blog"}},{"@type":"ListItem","@id":"https:\/\/anoticiaonline.com.br\/site\/categoria\/muriae\/#listItem","position":2,"name":"Blog","item":"https:\/\/anoticiaonline.com.br\/site\/categoria\/muriae\/","nextItem":{"@type":"ListItem","@id":"https:\/\/anoticiaonline.com.br\/site\/categoria\/muriae\/cultura\/#listItem","name":"Cultura"},"previousItem":{"@type":"ListItem","@id":"https:\/\/anoticiaonline.com.br\/site#listItem","name":"Home"}},{"@type":"ListItem","@id":"https:\/\/anoticiaonline.com.br\/site\/categoria\/muriae\/cultura\/#listItem","position":3,"name":"Cultura","item":"https:\/\/anoticiaonline.com.br\/site\/categoria\/muriae\/cultura\/","nextItem":{"@type":"ListItem","@id":"https:\/\/anoticiaonline.com.br\/site\/cras-cultura-e-aberto-oficialmente-com-apresentacoes-tematicas-sobre-o-sul\/#listItem","name":"CRAS Cultura \u00e9 aberto oficialmente com apresenta\u00e7\u00f5es tem\u00e1ticas sobre o Sul"},"previousItem":{"@type":"ListItem","@id":"https:\/\/anoticiaonline.com.br\/site\/categoria\/muriae\/#listItem","name":"Blog"}},{"@type":"ListItem","@id":"https:\/\/anoticiaonline.com.br\/site\/cras-cultura-e-aberto-oficialmente-com-apresentacoes-tematicas-sobre-o-sul\/#listItem","position":4,"name":"CRAS Cultura \u00e9 aberto oficialmente com apresenta\u00e7\u00f5es tem\u00e1ticas sobre o Sul","previousItem":{"@type":"ListItem","@id":"https:\/\/anoticiaonline.com.br\/site\/categoria\/muriae\/cultura\/#listItem","name":"Cultura"}}]},{"@type":"Organization","@id":"https:\/\/anoticiaonline.com.br\/site\/#organization","name":"A Not\u00edcia Online","description":"Noticias de Muria\u00e9 e regi\u00e3o","url":"https:\/\/anoticiaonline.com.br\/site\/","logo":{"@type":"ImageObject","url":"https:\/\/scontent-gig4-1.xx.fbcdn.net\/v\/t39.30808-1\/270437624_4564083193639691_6907940295614233970_n.jpg?stp=dst-jpg_s200x200_tt6&_nc_cat=111&ccb=1-7&_nc_sid=f907e8&_nc_ohc=SM1wRlP3lJwQ7kNvwEPuBYA&_nc_oc=AdnqrjDN_BNjSSHWO-GbkIWH6fkGMLw4bqvL_NH6e2wMveX7G-rP2dAqsDSq1mJMOaY&_nc_zt=24&_nc_ht=scontent-gig4-1.xx&_nc_gid=AoBFJeGrT1hVaew_6rchkQ&oh=00_AfX7QmFGhQhG2jAllVgXCiM1ZrWgvtp80-Bfppyexh1QEg&oe=689E923C","@id":"https:\/\/anoticiaonline.com.br\/site\/cras-cultura-e-aberto-oficialmente-com-apresentacoes-tematicas-sobre-o-sul\/#organizationLogo"},"image":{"@id":"https:\/\/anoticiaonline.com.br\/site\/cras-cultura-e-aberto-oficialmente-com-apresentacoes-tematicas-sobre-o-sul\/#organizationLogo"}},{"@type":"Person","@id":"https:\/\/anoticiaonline.com.br\/site\/author\/juliana\/#author","url":"https:\/\/anoticiaonline.com.br\/site\/author\/juliana\/","name":"Juliana Laviola","image":{"@type":"ImageObject","@id":"https:\/\/anoticiaonline.com.br\/site\/cras-cultura-e-aberto-oficialmente-com-apresentacoes-tematicas-sobre-o-sul\/#authorImage","url":"https:\/\/secure.gravatar.com\/avatar\/b8d45f5c699b100dfaf0e543582f38f38bf94cb7ae3a5e9abf8d891a34773335?s=96&d=mm&r=g","width":96,"height":96,"caption":"Juliana Laviola"}},{"@type":"WebPage","@id":"https:\/\/anoticiaonline.com.br\/site\/cras-cultura-e-aberto-oficialmente-com-apresentacoes-tematicas-sobre-o-sul\/#webpage","url":"https:\/\/anoticiaonline.com.br\/site\/cras-cultura-e-aberto-oficialmente-com-apresentacoes-tematicas-sobre-o-sul\/","name":"CRAS Cultura \u00e9 aberto oficialmente com apresenta\u00e7\u00f5es tem\u00e1ticas sobre o Sul - A Not\u00edcia Online","description":"O CRAS Cultura foi aberto oficialmente na noite de quarta-feira (17), no Teatro Zaccaria Marques. A proposta da edi\u00e7\u00e3o deste ano \u00e9 apresentar as tradi\u00e7\u00f5es das cinco regi\u00f5es do pa\u00eds, por meio do trabalho realizado com os usu\u00e1rios da pol\u00edtica de assist\u00eancia social de Muria\u00e9. O Sul do Brasil foi o destaque do primeiro dia","inLanguage":"pt-BR","isPartOf":{"@id":"https:\/\/anoticiaonline.com.br\/site\/#website"},"breadcrumb":{"@id":"https:\/\/anoticiaonline.com.br\/site\/cras-cultura-e-aberto-oficialmente-com-apresentacoes-tematicas-sobre-o-sul\/#breadcrumblist"},"author":{"@id":"https:\/\/anoticiaonline.com.br\/site\/author\/juliana\/#author"},"creator":{"@id":"https:\/\/anoticiaonline.com.br\/site\/author\/juliana\/#author"},"image":{"@type":"ImageObject","url":"https:\/\/anoticiaonline.com.br\/site\/wp-content\/uploads\/2018\/10\/CRAS-Cultura-\u00e9-aberto-oficialmente-com-apresenta\u00e7\u00f5es-tem\u00e1ticas-sobre-o-Sul.jpg","@id":"https:\/\/anoticiaonline.com.br\/site\/cras-cultura-e-aberto-oficialmente-com-apresentacoes-tematicas-sobre-o-sul\/#mainImage","width":907,"height":667},"primaryImageOfPage":{"@id":"https:\/\/anoticiaonline.com.br\/site\/cras-cultura-e-aberto-oficialmente-com-apresentacoes-tematicas-sobre-o-sul\/#mainImage"},"datePublished":"2018-10-18T17:49:27-03:00","dateModified":"2018-10-18T17:49:27-03:00"},{"@type":"WebSite","@id":"https:\/\/anoticiaonline.com.br\/site\/#website","url":"https:\/\/anoticiaonline.com.br\/site\/","name":"A Not\u00edcia Online","description":"Noticias de Muria\u00e9 e regi\u00e3o","inLanguage":"pt-BR","publisher":{"@id":"https:\/\/anoticiaonline.com.br\/site\/#organization"}}]},"og:locale":"pt_BR","og:site_name":"A Not\u00edcia Online - Noticias de Muria\u00e9 e regi\u00e3o","og:type":"article","og:title":"CRAS Cultura \u00e9 aberto oficialmente com apresenta\u00e7\u00f5es tem\u00e1ticas sobre o Sul - A Not\u00edcia Online","og:description":"O CRAS Cultura foi aberto oficialmente na noite de quarta-feira (17), no Teatro Zaccaria Marques. A proposta da edi\u00e7\u00e3o deste ano \u00e9 apresentar as tradi\u00e7\u00f5es das cinco regi\u00f5es do pa\u00eds, por meio do trabalho realizado com os usu\u00e1rios da pol\u00edtica de assist\u00eancia social de Muria\u00e9. O Sul do Brasil foi o destaque do primeiro dia","og:url":"https:\/\/anoticiaonline.com.br\/site\/cras-cultura-e-aberto-oficialmente-com-apresentacoes-tematicas-sobre-o-sul\/","og:image":"https:\/\/scontent-gig4-1.xx.fbcdn.net\/v\/t39.30808-1\/270437624_4564083193639691_6907940295614233970_n.jpg?stp=dst-jpg_s200x200_tt6&#038;_nc_cat=111&#038;ccb=1-7&#038;_nc_sid=f907e8&#038;_nc_ohc=SM1wRlP3lJwQ7kNvwEPuBYA&#038;_nc_oc=AdnqrjDN_BNjSSHWO-GbkIWH6fkGMLw4bqvL_NH6e2wMveX7G-rP2dAqsDSq1mJMOaY&#038;_nc_zt=24&#038;_nc_ht=scontent-gig4-1.xx&#038;_nc_gid=AoBFJeGrT1hVaew_6rchkQ&#038;oh=00_AfX7QmFGhQhG2jAllVgXCiM1ZrWgvtp80-Bfppyexh1QEg&#038;oe=689E923C","og:image:secure_url":"https:\/\/scontent-gig4-1.xx.fbcdn.net\/v\/t39.30808-1\/270437624_4564083193639691_6907940295614233970_n.jpg?stp=dst-jpg_s200x200_tt6&#038;_nc_cat=111&#038;ccb=1-7&#038;_nc_sid=f907e8&#038;_nc_ohc=SM1wRlP3lJwQ7kNvwEPuBYA&#038;_nc_oc=AdnqrjDN_BNjSSHWO-GbkIWH6fkGMLw4bqvL_NH6e2wMveX7G-rP2dAqsDSq1mJMOaY&#038;_nc_zt=24&#038;_nc_ht=scontent-gig4-1.xx&#038;_nc_gid=AoBFJeGrT1hVaew_6rchkQ&#038;oh=00_AfX7QmFGhQhG2jAllVgXCiM1ZrWgvtp80-Bfppyexh1QEg&#038;oe=689E923C","article:published_time":"2018-10-18T20:49:27+00:00","article:modified_time":"2018-10-18T20:49:27+00:00","twitter:card":"summary_large_image","twitter:title":"CRAS Cultura \u00e9 aberto oficialmente com apresenta\u00e7\u00f5es tem\u00e1ticas sobre o Sul - A Not\u00edcia Online","twitter:description":"O CRAS Cultura foi aberto oficialmente na noite de quarta-feira (17), no Teatro Zaccaria Marques. A proposta da edi\u00e7\u00e3o deste ano \u00e9 apresentar as tradi\u00e7\u00f5es das cinco regi\u00f5es do pa\u00eds, por meio do trabalho realizado com os usu\u00e1rios da pol\u00edtica de assist\u00eancia social de Muria\u00e9. O Sul do Brasil foi o destaque do primeiro dia","twitter:image":"https:\/\/scontent-gig4-1.xx.fbcdn.net\/v\/t39.30808-1\/270437624_4564083193639691_6907940295614233970_n.jpg?stp=dst-jpg_s200x200_tt6&_nc_cat=111&ccb=1-7&_nc_sid=f907e8&_nc_ohc=SM1wRlP3lJwQ7kNvwEPuBYA&_nc_oc=AdnqrjDN_BNjSSHWO-GbkIWH6fkGMLw4bqvL_NH6e2wMveX7G-rP2dAqsDSq1mJMOaY&_nc_zt=24&_nc_ht=scontent-gig4-1.xx&_nc_gid=AoBFJeGrT1hVaew_6rchkQ&oh=00_AfX7QmFGhQhG2jAllVgXCiM1ZrWgvtp80-Bfppyexh1QEg&oe=689E923C"},"aioseo_meta_data":{"post_id":"63219","title":null,"description":null,"keywords":null,"keyphrases":null,"primary_term":null,"canonical_url":null,"og_title":null,"og_description":null,"og_object_type":"default","og_image_type":"default","og_image_url":null,"og_image_width":null,"og_image_height":null,"og_image_custom_url":null,"og_image_custom_fields":null,"og_video":null,"og_custom_url":null,"og_article_section":null,"og_article_tags":null,"twitter_use_og":false,"twitter_card":"default","twitter_image_type":"default","twitter_image_url":null,"twitter_image_custom_url":null,"twitter_image_custom_fields":null,"twitter_title":null,"twitter_description":null,"schema":{"blockGraphs":[],"customGraphs":[],"default":{"data":{"Article":[],"Course":[],"Dataset":[],"FAQPage":[],"Movie":[],"Person":[],"Product":[],"ProductReview":[],"Car":[],"Recipe":[],"Service":[],"SoftwareApplication":[],"WebPage":[]},"graphName":"","isEnabled":true},"graphs":[]},"schema_type":"default","schema_type_options":null,"pillar_content":false,"robots_default":true,"robots_noindex":false,"robots_noarchive":false,"robots_nosnippet":false,"robots_nofollow":false,"robots_noimageindex":false,"robots_noodp":false,"robots_notranslate":false,"robots_max_snippet":null,"robots_max_videopreview":null,"robots_max_imagepreview":"large","priority":null,"frequency":null,"local_seo":null,"breadcrumb_settings":null,"limit_modified_date":false,"ai":null,"created":"2025-08-16 21:54:40","updated":"2025-08-16 21:54:40","focus_keyword":null,"additional_keywords":null,"truseo_locale":null,"seo_analyzer_scan_date":null},"aioseo_breadcrumb":"<div class=\"aioseo-breadcrumbs\"><span class=\"aioseo-breadcrumb\">\n\t\t\t<a href=\"https:\/\/anoticiaonline.com.br\/site\" title=\"Home\">Home<\/a>\n\t\t<\/span><span class=\"aioseo-breadcrumb-separator\">&raquo;<\/span><span class=\"aioseo-breadcrumb\">\n\t\t\t<a href=\"https:\/\/anoticiaonline.com.br\/site\/categoria\/muriae\/\" title=\"Blog\">Blog<\/a>\n\t\t<\/span><span class=\"aioseo-breadcrumb-separator\">&raquo;<\/span><span class=\"aioseo-breadcrumb\">\n\t\t\t<a href=\"https:\/\/anoticiaonline.com.br\/site\/categoria\/muriae\/cultura\/\" title=\"Cultura\">Cultura<\/a>\n\t\t<\/span><span class=\"aioseo-breadcrumb-separator\">&raquo;<\/span><span class=\"aioseo-breadcrumb\">\n\t\t\tCRAS Cultura \u00e9 aberto oficialmente com apresenta\u00e7\u00f5es tem\u00e1ticas sobre o Sul\n\t\t<\/span><\/div>","aioseo_breadcrumb_json":[{"label":"Home","link":"https:\/\/anoticiaonline.com.br\/site"},{"label":"Blog","link":"https:\/\/anoticiaonline.com.br\/site\/categoria\/muriae\/"},{"label":"Cultura","link":"https:\/\/anoticiaonline.com.br\/site\/categoria\/muriae\/cultura\/"},{"label":"CRAS Cultura \u00e9 aberto oficialmente com apresenta\u00e7\u00f5es tem\u00e1ticas sobre o Sul","link":"https:\/\/anoticiaonline.com.br\/site\/cras-cultura-e-aberto-oficialmente-com-apresentacoes-tematicas-sobre-o-sul\/"}],"views":112,"_links":{"self":[{"href":"https:\/\/anoticiaonline.com.br\/site\/wp-json\/wp\/v2\/posts\/63219","targetHints":{"allow":["GET"]}}],"collection":[{"href":"https:\/\/anoticiaonline.com.br\/site\/wp-json\/wp\/v2\/posts"}],"about":[{"href":"https:\/\/anoticiaonline.com.br\/site\/wp-json\/wp\/v2\/types\/post"}],"author":[{"embeddable":true,"href":"https:\/\/anoticiaonline.com.br\/site\/wp-json\/wp\/v2\/users\/2"}],"replies":[{"embeddable":true,"href":"https:\/\/anoticiaonline.com.br\/site\/wp-json\/wp\/v2\/comments?post=63219"}],"version-history":[{"count":0,"href":"https:\/\/anoticiaonline.com.br\/site\/wp-json\/wp\/v2\/posts\/63219\/revisions"}],"wp:featuredmedia":[{"embeddable":true,"href":"https:\/\/anoticiaonline.com.br\/site\/wp-json\/wp\/v2\/media\/63220"}],"wp:attachment":[{"href":"https:\/\/anoticiaonline.com.br\/site\/wp-json\/wp\/v2\/media?parent=63219"}],"wp:term":[{"taxonomy":"category","embeddable":true,"href":"https:\/\/anoticiaonline.com.br\/site\/wp-json\/wp\/v2\/categories?post=63219"},{"taxonomy":"post_tag","embeddable":true,"href":"https:\/\/anoticiaonline.com.br\/site\/wp-json\/wp\/v2\/tags?post=63219"}],"curies":[{"name":"wp","href":"https:\/\/api.w.org\/{rel}","templated":true}]}}