{"id":63215,"date":"2018-10-18T17:33:50","date_gmt":"2018-10-18T20:33:50","guid":{"rendered":"http:\/\/anoticiaonline.com.br\/site\/?p=63215"},"modified":"2018-10-18T17:33:50","modified_gmt":"2018-10-18T20:33:50","slug":"nota-de-falecimento-paulo-filgueira-henriques","status":"publish","type":"post","link":"https:\/\/anoticiaonline.com.br\/site\/nota-de-falecimento-paulo-filgueira-henriques\/","title":{"rendered":"Nota de falecimento: Paulo Filgueira Henriques"},"content":{"rendered":"<p>Faleceu, na ter\u00e7a-feira (16), Paulo Filgueira Henriques, mais conhecido como Paulo do Coletivo.<\/p>\n<p>Nascido em S\u00e3o Pedro do Itabapoana (ES), por muitos anos foi s\u00f3cio do Coletivos\u00a0 Muriaeense, que prestava servi\u00e7o de transporte p\u00fablico na em Muria\u00e9.<\/p>\n<p><a href=\"https:\/\/anoticiaonline.com.br\/site\/wp-content\/uploads\/2018\/10\/Nota-de-falecimento-Paulo-Filgueira-Henriques-1.jpeg\"><img fetchpriority=\"high\" decoding=\"async\" class=\"alignnone size-full wp-image-63217\" src=\"https:\/\/anoticiaonline.com.br\/site\/wp-content\/uploads\/2018\/10\/Nota-de-falecimento-Paulo-Filgueira-Henriques-1.jpeg\" alt=\"\" width=\"720\" height=\"480\" srcset=\"https:\/\/anoticiaonline.com.br\/site\/wp-content\/uploads\/2018\/10\/Nota-de-falecimento-Paulo-Filgueira-Henriques-1.jpeg 720w, https:\/\/anoticiaonline.com.br\/site\/wp-content\/uploads\/2018\/10\/Nota-de-falecimento-Paulo-Filgueira-Henriques-1-300x200.jpeg 300w\" sizes=\"(max-width: 720px) 100vw, 720px\" \/><\/a><\/p>\n<p>Fonte: <a href=\"http:\/\/www.guiamuria\u00e9.com.br\/\">www.guiamuria\u00e9.com.br\/<\/a> foto: Teodorico Torres Neto<\/p>\n","protected":false},"excerpt":{"rendered":"<p>Faleceu, na ter\u00e7a-feira (16), Paulo Filgueira Henriques, mais conhecido como Paulo do Coletivo. Nascido em S\u00e3o Pedro do Itabapoana (ES), por muitos anos foi s\u00f3cio do Coletivos\u00a0 Muriaeense, que prestava servi\u00e7o de transporte p\u00fablico na em Muria\u00e9. Fonte: www.guiamuria\u00e9.com.br\/ foto: Teodorico Torres Neto<\/p>\n","protected":false},"author":2,"featured_media":63217,"comment_status":"open","ping_status":"open","sticky":false,"template":"","format":"standard","meta":{"_acf_changed":false,"_monsterinsights_skip_tracking":false,"footnotes":""},"categories":[30,1],"tags":[836,74,3271],"class_list":["post-63215","post","type-post","status-publish","format-standard","has-post-thumbnail","hentry","category-muriae","category-gerais","tag-falecimento","tag-muriae","tag-paulo-filgueira-henriques"],"acf":[],"aioseo_notices":[],"aioseo_head":"\n\t\t<!-- All in One SEO 5.0.0.1 - aioseo.com -->\n\t<meta name=\"description\" content=\"Faleceu, na ter\u00e7a-feira (16), Paulo Filgueira Henriques, mais conhecido como Paulo do Coletivo. Nascido em S\u00e3o Pedro do Itabapoana (ES), por muitos anos foi s\u00f3cio do Coletivos Muriaeense, que prestava servi\u00e7o de transporte p\u00fablico na em Muria\u00e9. Fonte: www.guiamuria\u00e9.com.br\/ foto: Teodorico Torres Neto\" \/>\n\t<meta name=\"robots\" content=\"max-image-preview:large\" \/>\n\t<meta name=\"author\" content=\"Juliana Laviola\"\/>\n\t<link rel=\"canonical\" href=\"https:\/\/anoticiaonline.com.br\/site\/nota-de-falecimento-paulo-filgueira-henriques\/\" \/>\n\t<meta name=\"generator\" content=\"All in One SEO (AIOSEO) 5.0.0.1\" \/>\n\t\t<meta property=\"og:locale\" content=\"pt_BR\" \/>\n\t\t<meta property=\"og:site_name\" content=\"A Not\u00edcia Online - Noticias de Muria\u00e9 e regi\u00e3o\" \/>\n\t\t<meta property=\"og:type\" content=\"article\" \/>\n\t\t<meta property=\"og:title\" content=\"Nota de falecimento: Paulo Filgueira Henriques - A Not\u00edcia Online\" \/>\n\t\t<meta property=\"og:description\" content=\"Faleceu, na ter\u00e7a-feira (16), Paulo Filgueira Henriques, mais conhecido como Paulo do Coletivo. Nascido em S\u00e3o Pedro do Itabapoana (ES), por muitos anos foi s\u00f3cio do Coletivos Muriaeense, que prestava servi\u00e7o de transporte p\u00fablico na em Muria\u00e9. Fonte: www.guiamuria\u00e9.com.br\/ foto: Teodorico Torres Neto\" \/>\n\t\t<meta property=\"og:url\" content=\"https:\/\/anoticiaonline.com.br\/site\/nota-de-falecimento-paulo-filgueira-henriques\/\" \/>\n\t\t<meta property=\"og:image\" content=\"https:\/\/scontent-gig4-1.xx.fbcdn.net\/v\/t39.30808-1\/270437624_4564083193639691_6907940295614233970_n.jpg?stp=dst-jpg_s200x200_tt6&#038;_nc_cat=111&#038;ccb=1-7&#038;_nc_sid=f907e8&#038;_nc_ohc=SM1wRlP3lJwQ7kNvwEPuBYA&#038;_nc_oc=AdnqrjDN_BNjSSHWO-GbkIWH6fkGMLw4bqvL_NH6e2wMveX7G-rP2dAqsDSq1mJMOaY&#038;_nc_zt=24&#038;_nc_ht=scontent-gig4-1.xx&#038;_nc_gid=AoBFJeGrT1hVaew_6rchkQ&#038;oh=00_AfX7QmFGhQhG2jAllVgXCiM1ZrWgvtp80-Bfppyexh1QEg&#038;oe=689E923C\" \/>\n\t\t<meta property=\"og:image:secure_url\" content=\"https:\/\/scontent-gig4-1.xx.fbcdn.net\/v\/t39.30808-1\/270437624_4564083193639691_6907940295614233970_n.jpg?stp=dst-jpg_s200x200_tt6&#038;_nc_cat=111&#038;ccb=1-7&#038;_nc_sid=f907e8&#038;_nc_ohc=SM1wRlP3lJwQ7kNvwEPuBYA&#038;_nc_oc=AdnqrjDN_BNjSSHWO-GbkIWH6fkGMLw4bqvL_NH6e2wMveX7G-rP2dAqsDSq1mJMOaY&#038;_nc_zt=24&#038;_nc_ht=scontent-gig4-1.xx&#038;_nc_gid=AoBFJeGrT1hVaew_6rchkQ&#038;oh=00_AfX7QmFGhQhG2jAllVgXCiM1ZrWgvtp80-Bfppyexh1QEg&#038;oe=689E923C\" \/>\n\t\t<meta property=\"article:published_time\" content=\"2018-10-18T20:33:50+00:00\" \/>\n\t\t<meta property=\"article:modified_time\" content=\"2018-10-18T20:33:50+00:00\" \/>\n\t\t<meta name=\"twitter:card\" content=\"summary_large_image\" \/>\n\t\t<meta name=\"twitter:title\" content=\"Nota de falecimento: Paulo Filgueira Henriques - A Not\u00edcia Online\" \/>\n\t\t<meta name=\"twitter:description\" content=\"Faleceu, na ter\u00e7a-feira (16), Paulo Filgueira Henriques, mais conhecido como Paulo do Coletivo. Nascido em S\u00e3o Pedro do Itabapoana (ES), por muitos anos foi s\u00f3cio do Coletivos Muriaeense, que prestava servi\u00e7o de transporte p\u00fablico na em Muria\u00e9. Fonte: www.guiamuria\u00e9.com.br\/ foto: Teodorico Torres Neto\" \/>\n\t\t<meta name=\"twitter:image\" content=\"https:\/\/scontent-gig4-1.xx.fbcdn.net\/v\/t39.30808-1\/270437624_4564083193639691_6907940295614233970_n.jpg?stp=dst-jpg_s200x200_tt6&amp;_nc_cat=111&amp;ccb=1-7&amp;_nc_sid=f907e8&amp;_nc_ohc=SM1wRlP3lJwQ7kNvwEPuBYA&amp;_nc_oc=AdnqrjDN_BNjSSHWO-GbkIWH6fkGMLw4bqvL_NH6e2wMveX7G-rP2dAqsDSq1mJMOaY&amp;_nc_zt=24&amp;_nc_ht=scontent-gig4-1.xx&amp;_nc_gid=AoBFJeGrT1hVaew_6rchkQ&amp;oh=00_AfX7QmFGhQhG2jAllVgXCiM1ZrWgvtp80-Bfppyexh1QEg&amp;oe=689E923C\" \/>\n\t\t<script type=\"application\/ld+json\" class=\"aioseo-schema\">\n\t\t\t{\"@context\":\"https:\\\/\\\/schema.org\",\"@graph\":[{\"@type\":\"BlogPosting\",\"@id\":\"https:\\\/\\\/anoticiaonline.com.br\\\/site\\\/nota-de-falecimento-paulo-filgueira-henriques\\\/#blogposting\",\"name\":\"Nota de falecimento: Paulo Filgueira Henriques - A Not\\u00edcia Online\",\"headline\":\"Nota de falecimento: Paulo Filgueira Henriques\",\"author\":{\"@id\":\"https:\\\/\\\/anoticiaonline.com.br\\\/site\\\/author\\\/juliana\\\/#author\"},\"publisher\":{\"@id\":\"https:\\\/\\\/anoticiaonline.com.br\\\/site\\\/#organization\"},\"image\":{\"@type\":\"ImageObject\",\"url\":\"https:\\\/\\\/anoticiaonline.com.br\\\/site\\\/wp-content\\\/uploads\\\/2018\\\/10\\\/Nota-de-falecimento-Paulo-Filgueira-Henriques-1.jpeg\",\"width\":720,\"height\":480},\"datePublished\":\"2018-10-18T17:33:50-03:00\",\"dateModified\":\"2018-10-18T17:33:50-03:00\",\"inLanguage\":\"pt-BR\",\"mainEntityOfPage\":{\"@id\":\"https:\\\/\\\/anoticiaonline.com.br\\\/site\\\/nota-de-falecimento-paulo-filgueira-henriques\\\/#webpage\"},\"isPartOf\":{\"@id\":\"https:\\\/\\\/anoticiaonline.com.br\\\/site\\\/nota-de-falecimento-paulo-filgueira-henriques\\\/#webpage\"},\"articleSection\":\"Blog, Gerais, Falecimento, Muria\\u00e9, Paulo Filgueira Henriques\"},{\"@type\":\"BreadcrumbList\",\"@id\":\"https:\\\/\\\/anoticiaonline.com.br\\\/site\\\/nota-de-falecimento-paulo-filgueira-henriques\\\/#breadcrumblist\",\"itemListElement\":[{\"@type\":\"ListItem\",\"@id\":\"https:\\\/\\\/anoticiaonline.com.br\\\/site#listItem\",\"position\":1,\"name\":\"Home\",\"item\":\"https:\\\/\\\/anoticiaonline.com.br\\\/site\",\"nextItem\":{\"@type\":\"ListItem\",\"@id\":\"https:\\\/\\\/anoticiaonline.com.br\\\/site\\\/categoria\\\/gerais\\\/#listItem\",\"name\":\"Gerais\"}},{\"@type\":\"ListItem\",\"@id\":\"https:\\\/\\\/anoticiaonline.com.br\\\/site\\\/categoria\\\/gerais\\\/#listItem\",\"position\":2,\"name\":\"Gerais\",\"item\":\"https:\\\/\\\/anoticiaonline.com.br\\\/site\\\/categoria\\\/gerais\\\/\",\"nextItem\":{\"@type\":\"ListItem\",\"@id\":\"https:\\\/\\\/anoticiaonline.com.br\\\/site\\\/nota-de-falecimento-paulo-filgueira-henriques\\\/#listItem\",\"name\":\"Nota de falecimento: Paulo Filgueira Henriques\"},\"previousItem\":{\"@type\":\"ListItem\",\"@id\":\"https:\\\/\\\/anoticiaonline.com.br\\\/site#listItem\",\"name\":\"Home\"}},{\"@type\":\"ListItem\",\"@id\":\"https:\\\/\\\/anoticiaonline.com.br\\\/site\\\/nota-de-falecimento-paulo-filgueira-henriques\\\/#listItem\",\"position\":3,\"name\":\"Nota de falecimento: Paulo Filgueira Henriques\",\"previousItem\":{\"@type\":\"ListItem\",\"@id\":\"https:\\\/\\\/anoticiaonline.com.br\\\/site\\\/categoria\\\/gerais\\\/#listItem\",\"name\":\"Gerais\"}}]},{\"@type\":\"Organization\",\"@id\":\"https:\\\/\\\/anoticiaonline.com.br\\\/site\\\/#organization\",\"name\":\"A Not\\u00edcia Online\",\"description\":\"Noticias de Muria\\u00e9 e regi\\u00e3o\",\"url\":\"https:\\\/\\\/anoticiaonline.com.br\\\/site\\\/\",\"logo\":{\"@type\":\"ImageObject\",\"url\":\"https:\\\/\\\/scontent-gig4-1.xx.fbcdn.net\\\/v\\\/t39.30808-1\\\/270437624_4564083193639691_6907940295614233970_n.jpg?stp=dst-jpg_s200x200_tt6&_nc_cat=111&ccb=1-7&_nc_sid=f907e8&_nc_ohc=SM1wRlP3lJwQ7kNvwEPuBYA&_nc_oc=AdnqrjDN_BNjSSHWO-GbkIWH6fkGMLw4bqvL_NH6e2wMveX7G-rP2dAqsDSq1mJMOaY&_nc_zt=24&_nc_ht=scontent-gig4-1.xx&_nc_gid=AoBFJeGrT1hVaew_6rchkQ&oh=00_AfX7QmFGhQhG2jAllVgXCiM1ZrWgvtp80-Bfppyexh1QEg&oe=689E923C\",\"@id\":\"https:\\\/\\\/anoticiaonline.com.br\\\/site\\\/nota-de-falecimento-paulo-filgueira-henriques\\\/#organizationLogo\"},\"image\":{\"@id\":\"https:\\\/\\\/anoticiaonline.com.br\\\/site\\\/nota-de-falecimento-paulo-filgueira-henriques\\\/#organizationLogo\"}},{\"@type\":\"Person\",\"@id\":\"https:\\\/\\\/anoticiaonline.com.br\\\/site\\\/author\\\/juliana\\\/#author\",\"url\":\"https:\\\/\\\/anoticiaonline.com.br\\\/site\\\/author\\\/juliana\\\/\",\"name\":\"Juliana Laviola\",\"image\":{\"@type\":\"ImageObject\",\"@id\":\"https:\\\/\\\/anoticiaonline.com.br\\\/site\\\/nota-de-falecimento-paulo-filgueira-henriques\\\/#authorImage\",\"url\":\"https:\\\/\\\/secure.gravatar.com\\\/avatar\\\/b8d45f5c699b100dfaf0e543582f38f38bf94cb7ae3a5e9abf8d891a34773335?s=96&d=mm&r=g\",\"width\":96,\"height\":96,\"caption\":\"Juliana Laviola\"}},{\"@type\":\"WebPage\",\"@id\":\"https:\\\/\\\/anoticiaonline.com.br\\\/site\\\/nota-de-falecimento-paulo-filgueira-henriques\\\/#webpage\",\"url\":\"https:\\\/\\\/anoticiaonline.com.br\\\/site\\\/nota-de-falecimento-paulo-filgueira-henriques\\\/\",\"name\":\"Nota de falecimento: Paulo Filgueira Henriques - A Not\\u00edcia Online\",\"description\":\"Faleceu, na ter\\u00e7a-feira (16), Paulo Filgueira Henriques, mais conhecido como Paulo do Coletivo. Nascido em S\\u00e3o Pedro do Itabapoana (ES), por muitos anos foi s\\u00f3cio do Coletivos Muriaeense, que prestava servi\\u00e7o de transporte p\\u00fablico na em Muria\\u00e9. Fonte: www.guiamuria\\u00e9.com.br\\\/ foto: Teodorico Torres Neto\",\"inLanguage\":\"pt-BR\",\"isPartOf\":{\"@id\":\"https:\\\/\\\/anoticiaonline.com.br\\\/site\\\/#website\"},\"breadcrumb\":{\"@id\":\"https:\\\/\\\/anoticiaonline.com.br\\\/site\\\/nota-de-falecimento-paulo-filgueira-henriques\\\/#breadcrumblist\"},\"author\":{\"@id\":\"https:\\\/\\\/anoticiaonline.com.br\\\/site\\\/author\\\/juliana\\\/#author\"},\"creator\":{\"@id\":\"https:\\\/\\\/anoticiaonline.com.br\\\/site\\\/author\\\/juliana\\\/#author\"},\"image\":{\"@type\":\"ImageObject\",\"url\":\"https:\\\/\\\/anoticiaonline.com.br\\\/site\\\/wp-content\\\/uploads\\\/2018\\\/10\\\/Nota-de-falecimento-Paulo-Filgueira-Henriques-1.jpeg\",\"@id\":\"https:\\\/\\\/anoticiaonline.com.br\\\/site\\\/nota-de-falecimento-paulo-filgueira-henriques\\\/#mainImage\",\"width\":720,\"height\":480},\"primaryImageOfPage\":{\"@id\":\"https:\\\/\\\/anoticiaonline.com.br\\\/site\\\/nota-de-falecimento-paulo-filgueira-henriques\\\/#mainImage\"},\"datePublished\":\"2018-10-18T17:33:50-03:00\",\"dateModified\":\"2018-10-18T17:33:50-03:00\"},{\"@type\":\"WebSite\",\"@id\":\"https:\\\/\\\/anoticiaonline.com.br\\\/site\\\/#website\",\"url\":\"https:\\\/\\\/anoticiaonline.com.br\\\/site\\\/\",\"name\":\"A Not\\u00edcia Online\",\"description\":\"Noticias de Muria\\u00e9 e regi\\u00e3o\",\"inLanguage\":\"pt-BR\",\"publisher\":{\"@id\":\"https:\\\/\\\/anoticiaonline.com.br\\\/site\\\/#organization\"}}]}\n\t\t<\/script>\n\t\t<!-- All in One SEO -->\n\n","aioseo_head_json":{"title":"Nota de falecimento: Paulo Filgueira Henriques - A Not\u00edcia Online","description":"Faleceu, na ter\u00e7a-feira (16), Paulo Filgueira Henriques, mais conhecido como Paulo do Coletivo. Nascido em S\u00e3o Pedro do Itabapoana (ES), por muitos anos foi s\u00f3cio do Coletivos Muriaeense, que prestava servi\u00e7o de transporte p\u00fablico na em Muria\u00e9. Fonte: www.guiamuria\u00e9.com.br\/ foto: Teodorico Torres Neto","canonical_url":"https:\/\/anoticiaonline.com.br\/site\/nota-de-falecimento-paulo-filgueira-henriques\/","robots":"max-image-preview:large","keywords":"","webmasterTools":{"miscellaneous":""},"schema":{"@context":"https:\/\/schema.org","@graph":[{"@type":"BlogPosting","@id":"https:\/\/anoticiaonline.com.br\/site\/nota-de-falecimento-paulo-filgueira-henriques\/#blogposting","name":"Nota de falecimento: Paulo Filgueira Henriques - A Not\u00edcia Online","headline":"Nota de falecimento: Paulo Filgueira Henriques","author":{"@id":"https:\/\/anoticiaonline.com.br\/site\/author\/juliana\/#author"},"publisher":{"@id":"https:\/\/anoticiaonline.com.br\/site\/#organization"},"image":{"@type":"ImageObject","url":"https:\/\/anoticiaonline.com.br\/site\/wp-content\/uploads\/2018\/10\/Nota-de-falecimento-Paulo-Filgueira-Henriques-1.jpeg","width":720,"height":480},"datePublished":"2018-10-18T17:33:50-03:00","dateModified":"2018-10-18T17:33:50-03:00","inLanguage":"pt-BR","mainEntityOfPage":{"@id":"https:\/\/anoticiaonline.com.br\/site\/nota-de-falecimento-paulo-filgueira-henriques\/#webpage"},"isPartOf":{"@id":"https:\/\/anoticiaonline.com.br\/site\/nota-de-falecimento-paulo-filgueira-henriques\/#webpage"},"articleSection":"Blog, Gerais, Falecimento, Muria\u00e9, Paulo Filgueira Henriques"},{"@type":"BreadcrumbList","@id":"https:\/\/anoticiaonline.com.br\/site\/nota-de-falecimento-paulo-filgueira-henriques\/#breadcrumblist","itemListElement":[{"@type":"ListItem","@id":"https:\/\/anoticiaonline.com.br\/site#listItem","position":1,"name":"Home","item":"https:\/\/anoticiaonline.com.br\/site","nextItem":{"@type":"ListItem","@id":"https:\/\/anoticiaonline.com.br\/site\/categoria\/gerais\/#listItem","name":"Gerais"}},{"@type":"ListItem","@id":"https:\/\/anoticiaonline.com.br\/site\/categoria\/gerais\/#listItem","position":2,"name":"Gerais","item":"https:\/\/anoticiaonline.com.br\/site\/categoria\/gerais\/","nextItem":{"@type":"ListItem","@id":"https:\/\/anoticiaonline.com.br\/site\/nota-de-falecimento-paulo-filgueira-henriques\/#listItem","name":"Nota de falecimento: Paulo Filgueira Henriques"},"previousItem":{"@type":"ListItem","@id":"https:\/\/anoticiaonline.com.br\/site#listItem","name":"Home"}},{"@type":"ListItem","@id":"https:\/\/anoticiaonline.com.br\/site\/nota-de-falecimento-paulo-filgueira-henriques\/#listItem","position":3,"name":"Nota de falecimento: Paulo Filgueira Henriques","previousItem":{"@type":"ListItem","@id":"https:\/\/anoticiaonline.com.br\/site\/categoria\/gerais\/#listItem","name":"Gerais"}}]},{"@type":"Organization","@id":"https:\/\/anoticiaonline.com.br\/site\/#organization","name":"A Not\u00edcia Online","description":"Noticias de Muria\u00e9 e regi\u00e3o","url":"https:\/\/anoticiaonline.com.br\/site\/","logo":{"@type":"ImageObject","url":"https:\/\/scontent-gig4-1.xx.fbcdn.net\/v\/t39.30808-1\/270437624_4564083193639691_6907940295614233970_n.jpg?stp=dst-jpg_s200x200_tt6&_nc_cat=111&ccb=1-7&_nc_sid=f907e8&_nc_ohc=SM1wRlP3lJwQ7kNvwEPuBYA&_nc_oc=AdnqrjDN_BNjSSHWO-GbkIWH6fkGMLw4bqvL_NH6e2wMveX7G-rP2dAqsDSq1mJMOaY&_nc_zt=24&_nc_ht=scontent-gig4-1.xx&_nc_gid=AoBFJeGrT1hVaew_6rchkQ&oh=00_AfX7QmFGhQhG2jAllVgXCiM1ZrWgvtp80-Bfppyexh1QEg&oe=689E923C","@id":"https:\/\/anoticiaonline.com.br\/site\/nota-de-falecimento-paulo-filgueira-henriques\/#organizationLogo"},"image":{"@id":"https:\/\/anoticiaonline.com.br\/site\/nota-de-falecimento-paulo-filgueira-henriques\/#organizationLogo"}},{"@type":"Person","@id":"https:\/\/anoticiaonline.com.br\/site\/author\/juliana\/#author","url":"https:\/\/anoticiaonline.com.br\/site\/author\/juliana\/","name":"Juliana Laviola","image":{"@type":"ImageObject","@id":"https:\/\/anoticiaonline.com.br\/site\/nota-de-falecimento-paulo-filgueira-henriques\/#authorImage","url":"https:\/\/secure.gravatar.com\/avatar\/b8d45f5c699b100dfaf0e543582f38f38bf94cb7ae3a5e9abf8d891a34773335?s=96&d=mm&r=g","width":96,"height":96,"caption":"Juliana Laviola"}},{"@type":"WebPage","@id":"https:\/\/anoticiaonline.com.br\/site\/nota-de-falecimento-paulo-filgueira-henriques\/#webpage","url":"https:\/\/anoticiaonline.com.br\/site\/nota-de-falecimento-paulo-filgueira-henriques\/","name":"Nota de falecimento: Paulo Filgueira Henriques - A Not\u00edcia Online","description":"Faleceu, na ter\u00e7a-feira (16), Paulo Filgueira Henriques, mais conhecido como Paulo do Coletivo. Nascido em S\u00e3o Pedro do Itabapoana (ES), por muitos anos foi s\u00f3cio do Coletivos Muriaeense, que prestava servi\u00e7o de transporte p\u00fablico na em Muria\u00e9. Fonte: www.guiamuria\u00e9.com.br\/ foto: Teodorico Torres Neto","inLanguage":"pt-BR","isPartOf":{"@id":"https:\/\/anoticiaonline.com.br\/site\/#website"},"breadcrumb":{"@id":"https:\/\/anoticiaonline.com.br\/site\/nota-de-falecimento-paulo-filgueira-henriques\/#breadcrumblist"},"author":{"@id":"https:\/\/anoticiaonline.com.br\/site\/author\/juliana\/#author"},"creator":{"@id":"https:\/\/anoticiaonline.com.br\/site\/author\/juliana\/#author"},"image":{"@type":"ImageObject","url":"https:\/\/anoticiaonline.com.br\/site\/wp-content\/uploads\/2018\/10\/Nota-de-falecimento-Paulo-Filgueira-Henriques-1.jpeg","@id":"https:\/\/anoticiaonline.com.br\/site\/nota-de-falecimento-paulo-filgueira-henriques\/#mainImage","width":720,"height":480},"primaryImageOfPage":{"@id":"https:\/\/anoticiaonline.com.br\/site\/nota-de-falecimento-paulo-filgueira-henriques\/#mainImage"},"datePublished":"2018-10-18T17:33:50-03:00","dateModified":"2018-10-18T17:33:50-03:00"},{"@type":"WebSite","@id":"https:\/\/anoticiaonline.com.br\/site\/#website","url":"https:\/\/anoticiaonline.com.br\/site\/","name":"A Not\u00edcia Online","description":"Noticias de Muria\u00e9 e regi\u00e3o","inLanguage":"pt-BR","publisher":{"@id":"https:\/\/anoticiaonline.com.br\/site\/#organization"}}]},"og:locale":"pt_BR","og:site_name":"A Not\u00edcia Online - Noticias de Muria\u00e9 e regi\u00e3o","og:type":"article","og:title":"Nota de falecimento: Paulo Filgueira Henriques - A Not\u00edcia Online","og:description":"Faleceu, na ter\u00e7a-feira (16), Paulo Filgueira Henriques, mais conhecido como Paulo do Coletivo. Nascido em S\u00e3o Pedro do Itabapoana (ES), por muitos anos foi s\u00f3cio do Coletivos Muriaeense, que prestava servi\u00e7o de transporte p\u00fablico na em Muria\u00e9. Fonte: www.guiamuria\u00e9.com.br\/ foto: Teodorico Torres Neto","og:url":"https:\/\/anoticiaonline.com.br\/site\/nota-de-falecimento-paulo-filgueira-henriques\/","og:image":"https:\/\/scontent-gig4-1.xx.fbcdn.net\/v\/t39.30808-1\/270437624_4564083193639691_6907940295614233970_n.jpg?stp=dst-jpg_s200x200_tt6&#038;_nc_cat=111&#038;ccb=1-7&#038;_nc_sid=f907e8&#038;_nc_ohc=SM1wRlP3lJwQ7kNvwEPuBYA&#038;_nc_oc=AdnqrjDN_BNjSSHWO-GbkIWH6fkGMLw4bqvL_NH6e2wMveX7G-rP2dAqsDSq1mJMOaY&#038;_nc_zt=24&#038;_nc_ht=scontent-gig4-1.xx&#038;_nc_gid=AoBFJeGrT1hVaew_6rchkQ&#038;oh=00_AfX7QmFGhQhG2jAllVgXCiM1ZrWgvtp80-Bfppyexh1QEg&#038;oe=689E923C","og:image:secure_url":"https:\/\/scontent-gig4-1.xx.fbcdn.net\/v\/t39.30808-1\/270437624_4564083193639691_6907940295614233970_n.jpg?stp=dst-jpg_s200x200_tt6&#038;_nc_cat=111&#038;ccb=1-7&#038;_nc_sid=f907e8&#038;_nc_ohc=SM1wRlP3lJwQ7kNvwEPuBYA&#038;_nc_oc=AdnqrjDN_BNjSSHWO-GbkIWH6fkGMLw4bqvL_NH6e2wMveX7G-rP2dAqsDSq1mJMOaY&#038;_nc_zt=24&#038;_nc_ht=scontent-gig4-1.xx&#038;_nc_gid=AoBFJeGrT1hVaew_6rchkQ&#038;oh=00_AfX7QmFGhQhG2jAllVgXCiM1ZrWgvtp80-Bfppyexh1QEg&#038;oe=689E923C","article:published_time":"2018-10-18T20:33:50+00:00","article:modified_time":"2018-10-18T20:33:50+00:00","twitter:card":"summary_large_image","twitter:title":"Nota de falecimento: Paulo Filgueira Henriques - A Not\u00edcia Online","twitter:description":"Faleceu, na ter\u00e7a-feira (16), Paulo Filgueira Henriques, mais conhecido como Paulo do Coletivo. Nascido em S\u00e3o Pedro do Itabapoana (ES), por muitos anos foi s\u00f3cio do Coletivos Muriaeense, que prestava servi\u00e7o de transporte p\u00fablico na em Muria\u00e9. Fonte: www.guiamuria\u00e9.com.br\/ foto: Teodorico Torres Neto","twitter:image":"https:\/\/scontent-gig4-1.xx.fbcdn.net\/v\/t39.30808-1\/270437624_4564083193639691_6907940295614233970_n.jpg?stp=dst-jpg_s200x200_tt6&_nc_cat=111&ccb=1-7&_nc_sid=f907e8&_nc_ohc=SM1wRlP3lJwQ7kNvwEPuBYA&_nc_oc=AdnqrjDN_BNjSSHWO-GbkIWH6fkGMLw4bqvL_NH6e2wMveX7G-rP2dAqsDSq1mJMOaY&_nc_zt=24&_nc_ht=scontent-gig4-1.xx&_nc_gid=AoBFJeGrT1hVaew_6rchkQ&oh=00_AfX7QmFGhQhG2jAllVgXCiM1ZrWgvtp80-Bfppyexh1QEg&oe=689E923C"},"aioseo_meta_data":{"post_id":"63215","title":null,"description":null,"keywords":null,"keyphrases":null,"primary_term":null,"canonical_url":null,"og_title":null,"og_description":null,"og_object_type":"default","og_image_type":"default","og_image_url":null,"og_image_width":null,"og_image_height":null,"og_image_custom_url":null,"og_image_custom_fields":null,"og_video":null,"og_custom_url":null,"og_article_section":null,"og_article_tags":null,"twitter_use_og":false,"twitter_card":"default","twitter_image_type":"default","twitter_image_url":null,"twitter_image_custom_url":null,"twitter_image_custom_fields":null,"twitter_title":null,"twitter_description":null,"schema":{"blockGraphs":[],"customGraphs":[],"default":{"data":{"Article":[],"Course":[],"Dataset":[],"FAQPage":[],"Movie":[],"Person":[],"Product":[],"ProductReview":[],"Car":[],"Recipe":[],"Service":[],"SoftwareApplication":[],"WebPage":[]},"graphName":"","isEnabled":true},"graphs":[]},"schema_type":"default","schema_type_options":null,"pillar_content":false,"robots_default":true,"robots_noindex":false,"robots_noarchive":false,"robots_nosnippet":false,"robots_nofollow":false,"robots_noimageindex":false,"robots_noodp":false,"robots_notranslate":false,"robots_max_snippet":null,"robots_max_videopreview":null,"robots_max_imagepreview":"large","priority":null,"frequency":null,"local_seo":null,"breadcrumb_settings":null,"limit_modified_date":false,"ai":null,"created":"2025-08-16 21:54:40","updated":"2025-08-16 21:54:40","focus_keyword":null,"additional_keywords":null,"truseo_locale":null,"seo_analyzer_scan_date":null},"aioseo_breadcrumb":"<div class=\"aioseo-breadcrumbs\"><span class=\"aioseo-breadcrumb\">\n\t\t\t<a href=\"https:\/\/anoticiaonline.com.br\/site\" title=\"Home\">Home<\/a>\n\t\t<\/span><span class=\"aioseo-breadcrumb-separator\">&raquo;<\/span><span class=\"aioseo-breadcrumb\">\n\t\t\t<a href=\"https:\/\/anoticiaonline.com.br\/site\/categoria\/gerais\/\" title=\"Gerais\">Gerais<\/a>\n\t\t<\/span><span class=\"aioseo-breadcrumb-separator\">&raquo;<\/span><span class=\"aioseo-breadcrumb\">\n\t\t\tNota de falecimento: Paulo Filgueira Henriques\n\t\t<\/span><\/div>","aioseo_breadcrumb_json":[{"label":"Home","link":"https:\/\/anoticiaonline.com.br\/site"},{"label":"Gerais","link":"https:\/\/anoticiaonline.com.br\/site\/categoria\/gerais\/"},{"label":"Nota de falecimento: Paulo Filgueira Henriques","link":"https:\/\/anoticiaonline.com.br\/site\/nota-de-falecimento-paulo-filgueira-henriques\/"}],"views":159,"_links":{"self":[{"href":"https:\/\/anoticiaonline.com.br\/site\/wp-json\/wp\/v2\/posts\/63215","targetHints":{"allow":["GET"]}}],"collection":[{"href":"https:\/\/anoticiaonline.com.br\/site\/wp-json\/wp\/v2\/posts"}],"about":[{"href":"https:\/\/anoticiaonline.com.br\/site\/wp-json\/wp\/v2\/types\/post"}],"author":[{"embeddable":true,"href":"https:\/\/anoticiaonline.com.br\/site\/wp-json\/wp\/v2\/users\/2"}],"replies":[{"embeddable":true,"href":"https:\/\/anoticiaonline.com.br\/site\/wp-json\/wp\/v2\/comments?post=63215"}],"version-history":[{"count":0,"href":"https:\/\/anoticiaonline.com.br\/site\/wp-json\/wp\/v2\/posts\/63215\/revisions"}],"wp:featuredmedia":[{"embeddable":true,"href":"https:\/\/anoticiaonline.com.br\/site\/wp-json\/wp\/v2\/media\/63217"}],"wp:attachment":[{"href":"https:\/\/anoticiaonline.com.br\/site\/wp-json\/wp\/v2\/media?parent=63215"}],"wp:term":[{"taxonomy":"category","embeddable":true,"href":"https:\/\/anoticiaonline.com.br\/site\/wp-json\/wp\/v2\/categories?post=63215"},{"taxonomy":"post_tag","embeddable":true,"href":"https:\/\/anoticiaonline.com.br\/site\/wp-json\/wp\/v2\/tags?post=63215"}],"curies":[{"name":"wp","href":"https:\/\/api.w.org\/{rel}","templated":true}]}}