{"id":63126,"date":"2018-10-17T15:57:38","date_gmt":"2018-10-17T18:57:38","guid":{"rendered":"http:\/\/anoticiaonline.com.br\/site\/?p=63126"},"modified":"2018-10-17T15:57:38","modified_gmt":"2018-10-17T18:57:38","slug":"muriae-realiza-1a-mostra-de-diversidade-juventude-e-literatura","status":"publish","type":"post","link":"https:\/\/anoticiaonline.com.br\/site\/muriae-realiza-1a-mostra-de-diversidade-juventude-e-literatura\/","title":{"rendered":"Muria\u00e9 realiza 1\u00aa Mostra de Diversidade, Juventude e Literatura"},"content":{"rendered":"<p><a href=\"https:\/\/anoticiaonline.com.br\/site\/wp-content\/uploads\/2018\/10\/Muria\u00e9-realiza-1\u00aa-Mostra-de-Diversidade-Juventude-e-Literatura.jpg\"><img fetchpriority=\"high\" decoding=\"async\" class=\"alignnone size-full wp-image-63127\" src=\"https:\/\/anoticiaonline.com.br\/site\/wp-content\/uploads\/2018\/10\/Muria\u00e9-realiza-1\u00aa-Mostra-de-Diversidade-Juventude-e-Literatura.jpg\" alt=\"\" width=\"798\" height=\"667\" srcset=\"https:\/\/anoticiaonline.com.br\/site\/wp-content\/uploads\/2018\/10\/Muria\u00e9-realiza-1\u00aa-Mostra-de-Diversidade-Juventude-e-Literatura.jpg 798w, https:\/\/anoticiaonline.com.br\/site\/wp-content\/uploads\/2018\/10\/Muria\u00e9-realiza-1\u00aa-Mostra-de-Diversidade-Juventude-e-Literatura-300x251.jpg 300w, https:\/\/anoticiaonline.com.br\/site\/wp-content\/uploads\/2018\/10\/Muria\u00e9-realiza-1\u00aa-Mostra-de-Diversidade-Juventude-e-Literatura-768x642.jpg 768w\" sizes=\"(max-width: 798px) 100vw, 798px\" \/><\/a><\/p>\n<p>A \u201c1\u00aa Mostra de Diversidade, Juventude e Literatura\u201d acontecer\u00e1 at\u00e9 27 de outubro com programa\u00e7\u00e3o diversificada. O momento ser\u00e1 prop\u00edcio tamb\u00e9m para a realiza\u00e7\u00e3o da I Feira de Literatura de Muria\u00e9 (Felimur) que trar\u00e1 a tona discuss\u00f5es e debates entre os jovens da cidade.\u00a0A a\u00e7\u00e3o gratuita da Prefeitura ser\u00e1 organizada por meio do Circuito Cultural Grande Hotel\u00a0Muriah\u00e9 (Fundarte) e Academia Muriaeense de Letras, incentivada pela Lei Estadual de Incentivo \u00e0 Cultura de Minas Gerais e tem o objetivo de incentivar as atividades culturais no munic\u00edpio.<\/p>\n<p>A programa\u00e7\u00e3o iniciou na com uma oficina que desenvolveu o tema \u201cLiteratura e Artes do tor\u00f3\u201d, realizada na ter\u00e7a (16). Para o pr\u00f3ximo s\u00e1bado, haver\u00e1 o \u201cAul\u00e3o de Reda\u00e7\u00e3o\u201d, um ensino preparat\u00f3rio para os estudantes que ir\u00e3o participar do Enem. Depois, \u00e0s 10h, haver\u00e1 uma \u201cRoda de Conversa\u201d com o escritor carioca, Vin\u00edcius Grossos, que ser\u00e1 realizada no Teatro Belmira Vilas Boas, onde os jovens poder\u00e3o discutir literatura.<\/p>\n<p>Ainda no s\u00e1bado, haver\u00e1 a \u201cPra\u00e7a da Diversidade\u201d com a Geladeira Liter\u00e1ria que ficar\u00e1 exposta entre 10h e 21h, na Pra\u00e7a Coronel Pacheco de Medeiros para quem quiser procurar um livro para ler. Na sequ\u00eancia, acontece a Oficina de Jazz e Funk com o bailarino Walbert Luiz, que ser\u00e1 \u00e0s 14h30, no Teatro Belmira Vilas Boas. E assim, as atividades seguem no domingo com a realiza\u00e7\u00e3o da Gaymada, \u00e0s 14h, no Horto Florestal. A noite, \u00e0s 19h30, tem a pe\u00e7a teatral \u201cAuto da Barca do Inferno\u201d, de Gil Vicente, e logo depois, \u00e0s 20h, ser\u00e1 a mesa redonda sobre Juventude e Produ\u00e7\u00e3o Liter\u00e1ria. Ambos no Teatro Belmira.<\/p>\n<p>O evento segue pela semana inteira oferecendo atividades culturais diversas como apresenta\u00e7\u00f5es de corais, rodas de leitura, concursos de poesias, palestras com os jornalistas de reconhecimento nacional, como Zuenir Ventura e Mauro Ventura, e a homenagem ao ilustre professor \u201cin memorian\u201d Luiz Gonzaga. A \u201c1\u00aa Mostra de Diversidade, Juventude e Literatura\u201d finaliza no s\u00e1bado seguinte (22), quando haver\u00e1 o \u201cI Encontro de Escritores de Muria\u00e9\u201d, a \u201cFeira de Livros\u201d e a \u201cI Mostra de A\u00e7\u00f5es de Incentivo a Leitura\u201d na Vila Eud\u00f3xia Can\u00eado durante todo o dia. As atividades recebem patroc\u00ednio da Energisa e do Supermercado Levate do Centro.<\/p>\n<p><strong>Servi\u00e7o:<\/strong><\/p>\n<p><strong>1\u00aa Mostra de Diversidade, Juventude e Literatura\/I Feira de Literatura de Muria\u00e9<\/strong><\/p>\n<p><strong>20\/10 \u2013 s\u00e1bado<\/strong><\/p>\n<ul>\n<li>8h at\u00e9 10h \u2013 de 10h at\u00e9 12h &#8211; Aul\u00e3o de reda\u00e7\u00e3o para o Enem com a Professora Maria Alice Catta Preta. Local: Universidade Est\u00e1cio de S\u00e1.<\/li>\n<li>10h &#8211; Abertura de Roda de Conversa com o escritor Vin\u00edcius Grossos. Local: Teatro Municipal Belmira Vilas Boas.<\/li>\n<li>10h \u00e0s 21h &#8211; Pra\u00e7a da Diversidade e Geladeira Liter\u00e1ria. Local: Pra\u00e7a Coronel Pacheco de Medeiros<\/li>\n<li>14h30 &#8211; Oficina de Jazz Funk com Walbert Luiz. Local: Teatro Belmira Vilas Boas.<\/li>\n<\/ul>\n<p>&nbsp;<\/p>\n<p><strong>21.10 \u2013 Domingo<\/strong><\/p>\n<ul>\n<li>14h &#8211; Gaymada (jogo de queimada). Local: Horto Florestal.<\/li>\n<li>19h30 \u2013 Pe\u00e7a Teatral \u201cAuto da Barca do Inferno! De Gil Vicente. Local: Teatro Belmira Vilas Boas.<\/li>\n<li>20h \u2013 Mesa Redonda sobre Juventude e Produ\u00e7\u00e3o Liter\u00e1ria. Local: Teatro Belmira Vilas Boas.<\/li>\n<\/ul>\n<p>&nbsp;<\/p>\n<p><strong>22.10 \u2013 Segunda-feira<\/strong><\/p>\n<ul>\n<li>19h30 \u2013 Apresenta\u00e7\u00e3o do Coral \u201cCanta Pra Ser Feliz\u201d com repert\u00f3rio de m\u00fasicas africanas alto-brasileiras.<\/li>\n<li>Palestra|: \u201cA Est\u00e9tica da Dissimula\u00e7\u00e3o: Estrat\u00e9gias do Bruxo do Cosme Velho\u201d, com professor Natalino Silva e lan\u00e7amento do seu livro \u201cEx-farrapos\u201d. Local: Pa\u00e7o Municipal.<\/li>\n<\/ul>\n<p><strong>23.10 \u2013 Ter\u00e7a-feira<\/strong><\/p>\n<ul>\n<li>19h30 &#8211; Roda de leitura<\/li>\n<li>Concurso de Poesia Falada com premia\u00e7\u00e3o. Local: Teatro Belmira Vilas Boas.<\/li>\n<\/ul>\n<p><strong>24.10 \u2013 Quarta-feira<\/strong><\/p>\n<ul>\n<li>19h \u2013 Encontro de Gera\u00e7\u00f5es: Zuenir Ventura e Mauro Ventura \u2013 Local: Teatro Zaccaria Marques.<\/li>\n<\/ul>\n<p><strong>24.10 \u2013 Quinta-feira<\/strong><\/p>\n<ul>\n<li>19h30 &#8211; Roda de Mem\u00f3rias e Homenagem ao professor Luiz Gonzaga da Silva \u2013 Local: Pa\u00e7o Municipal.<\/li>\n<li>19h30 \u2013 Cinemateca Viva exibe o filme \u201cOra\u00e7\u00f5es para baby\u201d. Local: Cinemateca Paulo Porto \u2013 Grande Hotel Muriah\u00e9.<\/li>\n<\/ul>\n<p><strong>25.10 \u2013 Sexta-feira<\/strong><\/p>\n<ul>\n<li>8h30 &#8211; 3\u00ba Encontr\u00e3o dos Gr\u00eamios Estudantis de Muria\u00e9 e regi\u00e3o. Local: Teatro Belmira Vilas Boas.<\/li>\n<li>19h30 \u2013 Palestra \u201cLiteratura, Jornalismo e Pol\u00edtica\u201d com Leandro Mazzini. Local: Teatro Belmira Vilas Boas.<\/li>\n<\/ul>\n<p><strong>27.10 \u2013 S\u00e1bado<\/strong><\/p>\n<p>8h at\u00e9 10h \u2013 10h at\u00e9 12h &#8211; Aul\u00e3o de reda\u00e7\u00e3o para o Enem com a Professora Maria Alice Catta Preta. Local: Universidade Est\u00e1cio de S\u00e1.<\/p>\n<p>9h \u2013 Encerramento \u2013 Local: Vila Eud\u00f3xia Can\u00eado<\/p>\n<p>I Encontro de Escritores de Muria\u00e9<\/p>\n<p>Feira de Livros<\/p>\n<p>Geladeira Liter\u00e1ria<\/p>\n<p>I Mostra de A\u00e7\u00f5es de Incentivo \u00e0 Leitura<\/p>\n<p>10h \u2013 Recital de piano e voz com o pianista Wanda Lantelme e a cantora Jovelina N\u00f3brega. Local: Sede da Associa\u00e7\u00e3o Muriaeense de Letras (AMLE) \u2013 Vila Eud\u00f3xia Can\u00eado<\/p>\n<ul>\n<li>20h \u2013 Pe\u00e7a teatral \u201cFarsa da Boa Pregui\u00e7a\u201d Local: Teatro Belmira Vilas Boas. (Distribui\u00e7\u00e3o de ingressos a partir das 19h)<\/li>\n<\/ul>\n<p>Cr\u00e9ditos: ASCOM PMM<\/p>\n","protected":false},"excerpt":{"rendered":"<p>A \u201c1\u00aa Mostra de Diversidade, Juventude e Literatura\u201d acontecer\u00e1 at\u00e9 27 de outubro com programa\u00e7\u00e3o diversificada. O momento ser\u00e1 prop\u00edcio tamb\u00e9m para a realiza\u00e7\u00e3o da I Feira de Literatura de Muria\u00e9 (Felimur) que trar\u00e1 a tona discuss\u00f5es e debates entre os jovens da cidade.\u00a0A a\u00e7\u00e3o gratuita da Prefeitura ser\u00e1 organizada por meio do Circuito Cultural &#8230; <a title=\"Muria\u00e9 realiza 1\u00aa Mostra de Diversidade, Juventude e Literatura\" class=\"read-more\" href=\"https:\/\/anoticiaonline.com.br\/site\/muriae-realiza-1a-mostra-de-diversidade-juventude-e-literatura\/\" aria-label=\"Read more about Muria\u00e9 realiza 1\u00aa Mostra de Diversidade, Juventude e Literatura\">Ler mais<\/a><\/p>\n","protected":false},"author":2,"featured_media":63127,"comment_status":"open","ping_status":"open","sticky":false,"template":"","format":"standard","meta":{"_acf_changed":false,"_monsterinsights_skip_tracking":false,"footnotes":""},"categories":[30,2893,19],"tags":[64,3265,74],"class_list":["post-63126","post","type-post","status-publish","format-standard","has-post-thumbnail","hentry","category-muriae","category-cotidiano","category-cultura","tag-cultura","tag-diversidade","tag-muriae"],"acf":[],"aioseo_notices":[],"aioseo_head":"\n\t\t<!-- All in One SEO 5.0.0.1 - aioseo.com -->\n\t<meta name=\"description\" content=\"A \u201c1\u00aa Mostra de Diversidade, Juventude e Literatura\u201d acontecer\u00e1 at\u00e9 27 de outubro com programa\u00e7\u00e3o diversificada. O momento ser\u00e1 prop\u00edcio tamb\u00e9m para a realiza\u00e7\u00e3o da I Feira de Literatura de Muria\u00e9 (Felimur) que trar\u00e1 a tona discuss\u00f5es e debates entre os jovens da cidade. A a\u00e7\u00e3o gratuita da Prefeitura ser\u00e1 organizada por meio do Circuito Cultural\" \/>\n\t<meta name=\"robots\" content=\"max-image-preview:large\" \/>\n\t<meta name=\"author\" content=\"Juliana Laviola\"\/>\n\t<link rel=\"canonical\" href=\"https:\/\/anoticiaonline.com.br\/site\/muriae-realiza-1a-mostra-de-diversidade-juventude-e-literatura\/\" \/>\n\t<meta name=\"generator\" content=\"All in One SEO (AIOSEO) 5.0.0.1\" \/>\n\t\t<meta property=\"og:locale\" content=\"pt_BR\" \/>\n\t\t<meta property=\"og:site_name\" content=\"A Not\u00edcia Online - Noticias de Muria\u00e9 e regi\u00e3o\" \/>\n\t\t<meta property=\"og:type\" content=\"article\" \/>\n\t\t<meta property=\"og:title\" content=\"Muria\u00e9 realiza 1\u00aa Mostra de Diversidade, Juventude e Literatura - A Not\u00edcia Online\" \/>\n\t\t<meta property=\"og:description\" content=\"A \u201c1\u00aa Mostra de Diversidade, Juventude e Literatura\u201d acontecer\u00e1 at\u00e9 27 de outubro com programa\u00e7\u00e3o diversificada. O momento ser\u00e1 prop\u00edcio tamb\u00e9m para a realiza\u00e7\u00e3o da I Feira de Literatura de Muria\u00e9 (Felimur) que trar\u00e1 a tona discuss\u00f5es e debates entre os jovens da cidade. A a\u00e7\u00e3o gratuita da Prefeitura ser\u00e1 organizada por meio do Circuito Cultural\" \/>\n\t\t<meta property=\"og:url\" content=\"https:\/\/anoticiaonline.com.br\/site\/muriae-realiza-1a-mostra-de-diversidade-juventude-e-literatura\/\" \/>\n\t\t<meta property=\"og:image\" content=\"https:\/\/scontent-gig4-1.xx.fbcdn.net\/v\/t39.30808-1\/270437624_4564083193639691_6907940295614233970_n.jpg?stp=dst-jpg_s200x200_tt6&#038;_nc_cat=111&#038;ccb=1-7&#038;_nc_sid=f907e8&#038;_nc_ohc=SM1wRlP3lJwQ7kNvwEPuBYA&#038;_nc_oc=AdnqrjDN_BNjSSHWO-GbkIWH6fkGMLw4bqvL_NH6e2wMveX7G-rP2dAqsDSq1mJMOaY&#038;_nc_zt=24&#038;_nc_ht=scontent-gig4-1.xx&#038;_nc_gid=AoBFJeGrT1hVaew_6rchkQ&#038;oh=00_AfX7QmFGhQhG2jAllVgXCiM1ZrWgvtp80-Bfppyexh1QEg&#038;oe=689E923C\" \/>\n\t\t<meta property=\"og:image:secure_url\" content=\"https:\/\/scontent-gig4-1.xx.fbcdn.net\/v\/t39.30808-1\/270437624_4564083193639691_6907940295614233970_n.jpg?stp=dst-jpg_s200x200_tt6&#038;_nc_cat=111&#038;ccb=1-7&#038;_nc_sid=f907e8&#038;_nc_ohc=SM1wRlP3lJwQ7kNvwEPuBYA&#038;_nc_oc=AdnqrjDN_BNjSSHWO-GbkIWH6fkGMLw4bqvL_NH6e2wMveX7G-rP2dAqsDSq1mJMOaY&#038;_nc_zt=24&#038;_nc_ht=scontent-gig4-1.xx&#038;_nc_gid=AoBFJeGrT1hVaew_6rchkQ&#038;oh=00_AfX7QmFGhQhG2jAllVgXCiM1ZrWgvtp80-Bfppyexh1QEg&#038;oe=689E923C\" \/>\n\t\t<meta property=\"article:published_time\" content=\"2018-10-17T18:57:38+00:00\" \/>\n\t\t<meta property=\"article:modified_time\" content=\"2018-10-17T18:57:38+00:00\" \/>\n\t\t<meta name=\"twitter:card\" content=\"summary_large_image\" \/>\n\t\t<meta name=\"twitter:title\" content=\"Muria\u00e9 realiza 1\u00aa Mostra de Diversidade, Juventude e Literatura - A Not\u00edcia Online\" \/>\n\t\t<meta name=\"twitter:description\" content=\"A \u201c1\u00aa Mostra de Diversidade, Juventude e Literatura\u201d acontecer\u00e1 at\u00e9 27 de outubro com programa\u00e7\u00e3o diversificada. O momento ser\u00e1 prop\u00edcio tamb\u00e9m para a realiza\u00e7\u00e3o da I Feira de Literatura de Muria\u00e9 (Felimur) que trar\u00e1 a tona discuss\u00f5es e debates entre os jovens da cidade. A a\u00e7\u00e3o gratuita da Prefeitura ser\u00e1 organizada por meio do Circuito Cultural\" \/>\n\t\t<meta name=\"twitter:image\" content=\"https:\/\/scontent-gig4-1.xx.fbcdn.net\/v\/t39.30808-1\/270437624_4564083193639691_6907940295614233970_n.jpg?stp=dst-jpg_s200x200_tt6&amp;_nc_cat=111&amp;ccb=1-7&amp;_nc_sid=f907e8&amp;_nc_ohc=SM1wRlP3lJwQ7kNvwEPuBYA&amp;_nc_oc=AdnqrjDN_BNjSSHWO-GbkIWH6fkGMLw4bqvL_NH6e2wMveX7G-rP2dAqsDSq1mJMOaY&amp;_nc_zt=24&amp;_nc_ht=scontent-gig4-1.xx&amp;_nc_gid=AoBFJeGrT1hVaew_6rchkQ&amp;oh=00_AfX7QmFGhQhG2jAllVgXCiM1ZrWgvtp80-Bfppyexh1QEg&amp;oe=689E923C\" \/>\n\t\t<script type=\"application\/ld+json\" class=\"aioseo-schema\">\n\t\t\t{\"@context\":\"https:\\\/\\\/schema.org\",\"@graph\":[{\"@type\":\"BlogPosting\",\"@id\":\"https:\\\/\\\/anoticiaonline.com.br\\\/site\\\/muriae-realiza-1a-mostra-de-diversidade-juventude-e-literatura\\\/#blogposting\",\"name\":\"Muria\\u00e9 realiza 1\\u00aa Mostra de Diversidade, Juventude e Literatura - A Not\\u00edcia Online\",\"headline\":\"Muria\\u00e9 realiza 1\\u00aa Mostra de Diversidade, Juventude e Literatura\",\"author\":{\"@id\":\"https:\\\/\\\/anoticiaonline.com.br\\\/site\\\/author\\\/juliana\\\/#author\"},\"publisher\":{\"@id\":\"https:\\\/\\\/anoticiaonline.com.br\\\/site\\\/#organization\"},\"image\":{\"@type\":\"ImageObject\",\"url\":\"https:\\\/\\\/anoticiaonline.com.br\\\/site\\\/wp-content\\\/uploads\\\/2018\\\/10\\\/Muria\\u00e9-realiza-1\\u00aa-Mostra-de-Diversidade-Juventude-e-Literatura.jpg\",\"width\":798,\"height\":667},\"datePublished\":\"2018-10-17T15:57:38-03:00\",\"dateModified\":\"2018-10-17T15:57:38-03:00\",\"inLanguage\":\"pt-BR\",\"mainEntityOfPage\":{\"@id\":\"https:\\\/\\\/anoticiaonline.com.br\\\/site\\\/muriae-realiza-1a-mostra-de-diversidade-juventude-e-literatura\\\/#webpage\"},\"isPartOf\":{\"@id\":\"https:\\\/\\\/anoticiaonline.com.br\\\/site\\\/muriae-realiza-1a-mostra-de-diversidade-juventude-e-literatura\\\/#webpage\"},\"articleSection\":\"Blog, Cotidiano, Cultura, cultura, diversidade, Muria\\u00e9\"},{\"@type\":\"BreadcrumbList\",\"@id\":\"https:\\\/\\\/anoticiaonline.com.br\\\/site\\\/muriae-realiza-1a-mostra-de-diversidade-juventude-e-literatura\\\/#breadcrumblist\",\"itemListElement\":[{\"@type\":\"ListItem\",\"@id\":\"https:\\\/\\\/anoticiaonline.com.br\\\/site#listItem\",\"position\":1,\"name\":\"Home\",\"item\":\"https:\\\/\\\/anoticiaonline.com.br\\\/site\",\"nextItem\":{\"@type\":\"ListItem\",\"@id\":\"https:\\\/\\\/anoticiaonline.com.br\\\/site\\\/categoria\\\/muriae\\\/#listItem\",\"name\":\"Blog\"}},{\"@type\":\"ListItem\",\"@id\":\"https:\\\/\\\/anoticiaonline.com.br\\\/site\\\/categoria\\\/muriae\\\/#listItem\",\"position\":2,\"name\":\"Blog\",\"item\":\"https:\\\/\\\/anoticiaonline.com.br\\\/site\\\/categoria\\\/muriae\\\/\",\"nextItem\":{\"@type\":\"ListItem\",\"@id\":\"https:\\\/\\\/anoticiaonline.com.br\\\/site\\\/categoria\\\/muriae\\\/cultura\\\/#listItem\",\"name\":\"Cultura\"},\"previousItem\":{\"@type\":\"ListItem\",\"@id\":\"https:\\\/\\\/anoticiaonline.com.br\\\/site#listItem\",\"name\":\"Home\"}},{\"@type\":\"ListItem\",\"@id\":\"https:\\\/\\\/anoticiaonline.com.br\\\/site\\\/categoria\\\/muriae\\\/cultura\\\/#listItem\",\"position\":3,\"name\":\"Cultura\",\"item\":\"https:\\\/\\\/anoticiaonline.com.br\\\/site\\\/categoria\\\/muriae\\\/cultura\\\/\",\"nextItem\":{\"@type\":\"ListItem\",\"@id\":\"https:\\\/\\\/anoticiaonline.com.br\\\/site\\\/muriae-realiza-1a-mostra-de-diversidade-juventude-e-literatura\\\/#listItem\",\"name\":\"Muria\\u00e9 realiza 1\\u00aa Mostra de Diversidade, Juventude e Literatura\"},\"previousItem\":{\"@type\":\"ListItem\",\"@id\":\"https:\\\/\\\/anoticiaonline.com.br\\\/site\\\/categoria\\\/muriae\\\/#listItem\",\"name\":\"Blog\"}},{\"@type\":\"ListItem\",\"@id\":\"https:\\\/\\\/anoticiaonline.com.br\\\/site\\\/muriae-realiza-1a-mostra-de-diversidade-juventude-e-literatura\\\/#listItem\",\"position\":4,\"name\":\"Muria\\u00e9 realiza 1\\u00aa Mostra de Diversidade, Juventude e Literatura\",\"previousItem\":{\"@type\":\"ListItem\",\"@id\":\"https:\\\/\\\/anoticiaonline.com.br\\\/site\\\/categoria\\\/muriae\\\/cultura\\\/#listItem\",\"name\":\"Cultura\"}}]},{\"@type\":\"Organization\",\"@id\":\"https:\\\/\\\/anoticiaonline.com.br\\\/site\\\/#organization\",\"name\":\"A Not\\u00edcia Online\",\"description\":\"Noticias de Muria\\u00e9 e regi\\u00e3o\",\"url\":\"https:\\\/\\\/anoticiaonline.com.br\\\/site\\\/\",\"logo\":{\"@type\":\"ImageObject\",\"url\":\"https:\\\/\\\/scontent-gig4-1.xx.fbcdn.net\\\/v\\\/t39.30808-1\\\/270437624_4564083193639691_6907940295614233970_n.jpg?stp=dst-jpg_s200x200_tt6&_nc_cat=111&ccb=1-7&_nc_sid=f907e8&_nc_ohc=SM1wRlP3lJwQ7kNvwEPuBYA&_nc_oc=AdnqrjDN_BNjSSHWO-GbkIWH6fkGMLw4bqvL_NH6e2wMveX7G-rP2dAqsDSq1mJMOaY&_nc_zt=24&_nc_ht=scontent-gig4-1.xx&_nc_gid=AoBFJeGrT1hVaew_6rchkQ&oh=00_AfX7QmFGhQhG2jAllVgXCiM1ZrWgvtp80-Bfppyexh1QEg&oe=689E923C\",\"@id\":\"https:\\\/\\\/anoticiaonline.com.br\\\/site\\\/muriae-realiza-1a-mostra-de-diversidade-juventude-e-literatura\\\/#organizationLogo\"},\"image\":{\"@id\":\"https:\\\/\\\/anoticiaonline.com.br\\\/site\\\/muriae-realiza-1a-mostra-de-diversidade-juventude-e-literatura\\\/#organizationLogo\"}},{\"@type\":\"Person\",\"@id\":\"https:\\\/\\\/anoticiaonline.com.br\\\/site\\\/author\\\/juliana\\\/#author\",\"url\":\"https:\\\/\\\/anoticiaonline.com.br\\\/site\\\/author\\\/juliana\\\/\",\"name\":\"Juliana Laviola\",\"image\":{\"@type\":\"ImageObject\",\"@id\":\"https:\\\/\\\/anoticiaonline.com.br\\\/site\\\/muriae-realiza-1a-mostra-de-diversidade-juventude-e-literatura\\\/#authorImage\",\"url\":\"https:\\\/\\\/secure.gravatar.com\\\/avatar\\\/b8d45f5c699b100dfaf0e543582f38f38bf94cb7ae3a5e9abf8d891a34773335?s=96&d=mm&r=g\",\"width\":96,\"height\":96,\"caption\":\"Juliana Laviola\"}},{\"@type\":\"WebPage\",\"@id\":\"https:\\\/\\\/anoticiaonline.com.br\\\/site\\\/muriae-realiza-1a-mostra-de-diversidade-juventude-e-literatura\\\/#webpage\",\"url\":\"https:\\\/\\\/anoticiaonline.com.br\\\/site\\\/muriae-realiza-1a-mostra-de-diversidade-juventude-e-literatura\\\/\",\"name\":\"Muria\\u00e9 realiza 1\\u00aa Mostra de Diversidade, Juventude e Literatura - A Not\\u00edcia Online\",\"description\":\"A \\u201c1\\u00aa Mostra de Diversidade, Juventude e Literatura\\u201d acontecer\\u00e1 at\\u00e9 27 de outubro com programa\\u00e7\\u00e3o diversificada. O momento ser\\u00e1 prop\\u00edcio tamb\\u00e9m para a realiza\\u00e7\\u00e3o da I Feira de Literatura de Muria\\u00e9 (Felimur) que trar\\u00e1 a tona discuss\\u00f5es e debates entre os jovens da cidade. A a\\u00e7\\u00e3o gratuita da Prefeitura ser\\u00e1 organizada por meio do Circuito Cultural\",\"inLanguage\":\"pt-BR\",\"isPartOf\":{\"@id\":\"https:\\\/\\\/anoticiaonline.com.br\\\/site\\\/#website\"},\"breadcrumb\":{\"@id\":\"https:\\\/\\\/anoticiaonline.com.br\\\/site\\\/muriae-realiza-1a-mostra-de-diversidade-juventude-e-literatura\\\/#breadcrumblist\"},\"author\":{\"@id\":\"https:\\\/\\\/anoticiaonline.com.br\\\/site\\\/author\\\/juliana\\\/#author\"},\"creator\":{\"@id\":\"https:\\\/\\\/anoticiaonline.com.br\\\/site\\\/author\\\/juliana\\\/#author\"},\"image\":{\"@type\":\"ImageObject\",\"url\":\"https:\\\/\\\/anoticiaonline.com.br\\\/site\\\/wp-content\\\/uploads\\\/2018\\\/10\\\/Muria\\u00e9-realiza-1\\u00aa-Mostra-de-Diversidade-Juventude-e-Literatura.jpg\",\"@id\":\"https:\\\/\\\/anoticiaonline.com.br\\\/site\\\/muriae-realiza-1a-mostra-de-diversidade-juventude-e-literatura\\\/#mainImage\",\"width\":798,\"height\":667},\"primaryImageOfPage\":{\"@id\":\"https:\\\/\\\/anoticiaonline.com.br\\\/site\\\/muriae-realiza-1a-mostra-de-diversidade-juventude-e-literatura\\\/#mainImage\"},\"datePublished\":\"2018-10-17T15:57:38-03:00\",\"dateModified\":\"2018-10-17T15:57:38-03:00\"},{\"@type\":\"WebSite\",\"@id\":\"https:\\\/\\\/anoticiaonline.com.br\\\/site\\\/#website\",\"url\":\"https:\\\/\\\/anoticiaonline.com.br\\\/site\\\/\",\"name\":\"A Not\\u00edcia Online\",\"description\":\"Noticias de Muria\\u00e9 e regi\\u00e3o\",\"inLanguage\":\"pt-BR\",\"publisher\":{\"@id\":\"https:\\\/\\\/anoticiaonline.com.br\\\/site\\\/#organization\"}}]}\n\t\t<\/script>\n\t\t<!-- All in One SEO -->\n\n","aioseo_head_json":{"title":"Muria\u00e9 realiza 1\u00aa Mostra de Diversidade, Juventude e Literatura - A Not\u00edcia Online","description":"A \u201c1\u00aa Mostra de Diversidade, Juventude e Literatura\u201d acontecer\u00e1 at\u00e9 27 de outubro com programa\u00e7\u00e3o diversificada. O momento ser\u00e1 prop\u00edcio tamb\u00e9m para a realiza\u00e7\u00e3o da I Feira de Literatura de Muria\u00e9 (Felimur) que trar\u00e1 a tona discuss\u00f5es e debates entre os jovens da cidade. A a\u00e7\u00e3o gratuita da Prefeitura ser\u00e1 organizada por meio do Circuito Cultural","canonical_url":"https:\/\/anoticiaonline.com.br\/site\/muriae-realiza-1a-mostra-de-diversidade-juventude-e-literatura\/","robots":"max-image-preview:large","keywords":"","webmasterTools":{"miscellaneous":""},"schema":{"@context":"https:\/\/schema.org","@graph":[{"@type":"BlogPosting","@id":"https:\/\/anoticiaonline.com.br\/site\/muriae-realiza-1a-mostra-de-diversidade-juventude-e-literatura\/#blogposting","name":"Muria\u00e9 realiza 1\u00aa Mostra de Diversidade, Juventude e Literatura - A Not\u00edcia Online","headline":"Muria\u00e9 realiza 1\u00aa Mostra de Diversidade, Juventude e Literatura","author":{"@id":"https:\/\/anoticiaonline.com.br\/site\/author\/juliana\/#author"},"publisher":{"@id":"https:\/\/anoticiaonline.com.br\/site\/#organization"},"image":{"@type":"ImageObject","url":"https:\/\/anoticiaonline.com.br\/site\/wp-content\/uploads\/2018\/10\/Muria\u00e9-realiza-1\u00aa-Mostra-de-Diversidade-Juventude-e-Literatura.jpg","width":798,"height":667},"datePublished":"2018-10-17T15:57:38-03:00","dateModified":"2018-10-17T15:57:38-03:00","inLanguage":"pt-BR","mainEntityOfPage":{"@id":"https:\/\/anoticiaonline.com.br\/site\/muriae-realiza-1a-mostra-de-diversidade-juventude-e-literatura\/#webpage"},"isPartOf":{"@id":"https:\/\/anoticiaonline.com.br\/site\/muriae-realiza-1a-mostra-de-diversidade-juventude-e-literatura\/#webpage"},"articleSection":"Blog, Cotidiano, Cultura, cultura, diversidade, Muria\u00e9"},{"@type":"BreadcrumbList","@id":"https:\/\/anoticiaonline.com.br\/site\/muriae-realiza-1a-mostra-de-diversidade-juventude-e-literatura\/#breadcrumblist","itemListElement":[{"@type":"ListItem","@id":"https:\/\/anoticiaonline.com.br\/site#listItem","position":1,"name":"Home","item":"https:\/\/anoticiaonline.com.br\/site","nextItem":{"@type":"ListItem","@id":"https:\/\/anoticiaonline.com.br\/site\/categoria\/muriae\/#listItem","name":"Blog"}},{"@type":"ListItem","@id":"https:\/\/anoticiaonline.com.br\/site\/categoria\/muriae\/#listItem","position":2,"name":"Blog","item":"https:\/\/anoticiaonline.com.br\/site\/categoria\/muriae\/","nextItem":{"@type":"ListItem","@id":"https:\/\/anoticiaonline.com.br\/site\/categoria\/muriae\/cultura\/#listItem","name":"Cultura"},"previousItem":{"@type":"ListItem","@id":"https:\/\/anoticiaonline.com.br\/site#listItem","name":"Home"}},{"@type":"ListItem","@id":"https:\/\/anoticiaonline.com.br\/site\/categoria\/muriae\/cultura\/#listItem","position":3,"name":"Cultura","item":"https:\/\/anoticiaonline.com.br\/site\/categoria\/muriae\/cultura\/","nextItem":{"@type":"ListItem","@id":"https:\/\/anoticiaonline.com.br\/site\/muriae-realiza-1a-mostra-de-diversidade-juventude-e-literatura\/#listItem","name":"Muria\u00e9 realiza 1\u00aa Mostra de Diversidade, Juventude e Literatura"},"previousItem":{"@type":"ListItem","@id":"https:\/\/anoticiaonline.com.br\/site\/categoria\/muriae\/#listItem","name":"Blog"}},{"@type":"ListItem","@id":"https:\/\/anoticiaonline.com.br\/site\/muriae-realiza-1a-mostra-de-diversidade-juventude-e-literatura\/#listItem","position":4,"name":"Muria\u00e9 realiza 1\u00aa Mostra de Diversidade, Juventude e Literatura","previousItem":{"@type":"ListItem","@id":"https:\/\/anoticiaonline.com.br\/site\/categoria\/muriae\/cultura\/#listItem","name":"Cultura"}}]},{"@type":"Organization","@id":"https:\/\/anoticiaonline.com.br\/site\/#organization","name":"A Not\u00edcia Online","description":"Noticias de Muria\u00e9 e regi\u00e3o","url":"https:\/\/anoticiaonline.com.br\/site\/","logo":{"@type":"ImageObject","url":"https:\/\/scontent-gig4-1.xx.fbcdn.net\/v\/t39.30808-1\/270437624_4564083193639691_6907940295614233970_n.jpg?stp=dst-jpg_s200x200_tt6&_nc_cat=111&ccb=1-7&_nc_sid=f907e8&_nc_ohc=SM1wRlP3lJwQ7kNvwEPuBYA&_nc_oc=AdnqrjDN_BNjSSHWO-GbkIWH6fkGMLw4bqvL_NH6e2wMveX7G-rP2dAqsDSq1mJMOaY&_nc_zt=24&_nc_ht=scontent-gig4-1.xx&_nc_gid=AoBFJeGrT1hVaew_6rchkQ&oh=00_AfX7QmFGhQhG2jAllVgXCiM1ZrWgvtp80-Bfppyexh1QEg&oe=689E923C","@id":"https:\/\/anoticiaonline.com.br\/site\/muriae-realiza-1a-mostra-de-diversidade-juventude-e-literatura\/#organizationLogo"},"image":{"@id":"https:\/\/anoticiaonline.com.br\/site\/muriae-realiza-1a-mostra-de-diversidade-juventude-e-literatura\/#organizationLogo"}},{"@type":"Person","@id":"https:\/\/anoticiaonline.com.br\/site\/author\/juliana\/#author","url":"https:\/\/anoticiaonline.com.br\/site\/author\/juliana\/","name":"Juliana Laviola","image":{"@type":"ImageObject","@id":"https:\/\/anoticiaonline.com.br\/site\/muriae-realiza-1a-mostra-de-diversidade-juventude-e-literatura\/#authorImage","url":"https:\/\/secure.gravatar.com\/avatar\/b8d45f5c699b100dfaf0e543582f38f38bf94cb7ae3a5e9abf8d891a34773335?s=96&d=mm&r=g","width":96,"height":96,"caption":"Juliana Laviola"}},{"@type":"WebPage","@id":"https:\/\/anoticiaonline.com.br\/site\/muriae-realiza-1a-mostra-de-diversidade-juventude-e-literatura\/#webpage","url":"https:\/\/anoticiaonline.com.br\/site\/muriae-realiza-1a-mostra-de-diversidade-juventude-e-literatura\/","name":"Muria\u00e9 realiza 1\u00aa Mostra de Diversidade, Juventude e Literatura - A Not\u00edcia Online","description":"A \u201c1\u00aa Mostra de Diversidade, Juventude e Literatura\u201d acontecer\u00e1 at\u00e9 27 de outubro com programa\u00e7\u00e3o diversificada. O momento ser\u00e1 prop\u00edcio tamb\u00e9m para a realiza\u00e7\u00e3o da I Feira de Literatura de Muria\u00e9 (Felimur) que trar\u00e1 a tona discuss\u00f5es e debates entre os jovens da cidade. A a\u00e7\u00e3o gratuita da Prefeitura ser\u00e1 organizada por meio do Circuito Cultural","inLanguage":"pt-BR","isPartOf":{"@id":"https:\/\/anoticiaonline.com.br\/site\/#website"},"breadcrumb":{"@id":"https:\/\/anoticiaonline.com.br\/site\/muriae-realiza-1a-mostra-de-diversidade-juventude-e-literatura\/#breadcrumblist"},"author":{"@id":"https:\/\/anoticiaonline.com.br\/site\/author\/juliana\/#author"},"creator":{"@id":"https:\/\/anoticiaonline.com.br\/site\/author\/juliana\/#author"},"image":{"@type":"ImageObject","url":"https:\/\/anoticiaonline.com.br\/site\/wp-content\/uploads\/2018\/10\/Muria\u00e9-realiza-1\u00aa-Mostra-de-Diversidade-Juventude-e-Literatura.jpg","@id":"https:\/\/anoticiaonline.com.br\/site\/muriae-realiza-1a-mostra-de-diversidade-juventude-e-literatura\/#mainImage","width":798,"height":667},"primaryImageOfPage":{"@id":"https:\/\/anoticiaonline.com.br\/site\/muriae-realiza-1a-mostra-de-diversidade-juventude-e-literatura\/#mainImage"},"datePublished":"2018-10-17T15:57:38-03:00","dateModified":"2018-10-17T15:57:38-03:00"},{"@type":"WebSite","@id":"https:\/\/anoticiaonline.com.br\/site\/#website","url":"https:\/\/anoticiaonline.com.br\/site\/","name":"A Not\u00edcia Online","description":"Noticias de Muria\u00e9 e regi\u00e3o","inLanguage":"pt-BR","publisher":{"@id":"https:\/\/anoticiaonline.com.br\/site\/#organization"}}]},"og:locale":"pt_BR","og:site_name":"A Not\u00edcia Online - Noticias de Muria\u00e9 e regi\u00e3o","og:type":"article","og:title":"Muria\u00e9 realiza 1\u00aa Mostra de Diversidade, Juventude e Literatura - A Not\u00edcia Online","og:description":"A \u201c1\u00aa Mostra de Diversidade, Juventude e Literatura\u201d acontecer\u00e1 at\u00e9 27 de outubro com programa\u00e7\u00e3o diversificada. O momento ser\u00e1 prop\u00edcio tamb\u00e9m para a realiza\u00e7\u00e3o da I Feira de Literatura de Muria\u00e9 (Felimur) que trar\u00e1 a tona discuss\u00f5es e debates entre os jovens da cidade. A a\u00e7\u00e3o gratuita da Prefeitura ser\u00e1 organizada por meio do Circuito Cultural","og:url":"https:\/\/anoticiaonline.com.br\/site\/muriae-realiza-1a-mostra-de-diversidade-juventude-e-literatura\/","og:image":"https:\/\/scontent-gig4-1.xx.fbcdn.net\/v\/t39.30808-1\/270437624_4564083193639691_6907940295614233970_n.jpg?stp=dst-jpg_s200x200_tt6&#038;_nc_cat=111&#038;ccb=1-7&#038;_nc_sid=f907e8&#038;_nc_ohc=SM1wRlP3lJwQ7kNvwEPuBYA&#038;_nc_oc=AdnqrjDN_BNjSSHWO-GbkIWH6fkGMLw4bqvL_NH6e2wMveX7G-rP2dAqsDSq1mJMOaY&#038;_nc_zt=24&#038;_nc_ht=scontent-gig4-1.xx&#038;_nc_gid=AoBFJeGrT1hVaew_6rchkQ&#038;oh=00_AfX7QmFGhQhG2jAllVgXCiM1ZrWgvtp80-Bfppyexh1QEg&#038;oe=689E923C","og:image:secure_url":"https:\/\/scontent-gig4-1.xx.fbcdn.net\/v\/t39.30808-1\/270437624_4564083193639691_6907940295614233970_n.jpg?stp=dst-jpg_s200x200_tt6&#038;_nc_cat=111&#038;ccb=1-7&#038;_nc_sid=f907e8&#038;_nc_ohc=SM1wRlP3lJwQ7kNvwEPuBYA&#038;_nc_oc=AdnqrjDN_BNjSSHWO-GbkIWH6fkGMLw4bqvL_NH6e2wMveX7G-rP2dAqsDSq1mJMOaY&#038;_nc_zt=24&#038;_nc_ht=scontent-gig4-1.xx&#038;_nc_gid=AoBFJeGrT1hVaew_6rchkQ&#038;oh=00_AfX7QmFGhQhG2jAllVgXCiM1ZrWgvtp80-Bfppyexh1QEg&#038;oe=689E923C","article:published_time":"2018-10-17T18:57:38+00:00","article:modified_time":"2018-10-17T18:57:38+00:00","twitter:card":"summary_large_image","twitter:title":"Muria\u00e9 realiza 1\u00aa Mostra de Diversidade, Juventude e Literatura - A Not\u00edcia Online","twitter:description":"A \u201c1\u00aa Mostra de Diversidade, Juventude e Literatura\u201d acontecer\u00e1 at\u00e9 27 de outubro com programa\u00e7\u00e3o diversificada. O momento ser\u00e1 prop\u00edcio tamb\u00e9m para a realiza\u00e7\u00e3o da I Feira de Literatura de Muria\u00e9 (Felimur) que trar\u00e1 a tona discuss\u00f5es e debates entre os jovens da cidade. A a\u00e7\u00e3o gratuita da Prefeitura ser\u00e1 organizada por meio do Circuito Cultural","twitter:image":"https:\/\/scontent-gig4-1.xx.fbcdn.net\/v\/t39.30808-1\/270437624_4564083193639691_6907940295614233970_n.jpg?stp=dst-jpg_s200x200_tt6&_nc_cat=111&ccb=1-7&_nc_sid=f907e8&_nc_ohc=SM1wRlP3lJwQ7kNvwEPuBYA&_nc_oc=AdnqrjDN_BNjSSHWO-GbkIWH6fkGMLw4bqvL_NH6e2wMveX7G-rP2dAqsDSq1mJMOaY&_nc_zt=24&_nc_ht=scontent-gig4-1.xx&_nc_gid=AoBFJeGrT1hVaew_6rchkQ&oh=00_AfX7QmFGhQhG2jAllVgXCiM1ZrWgvtp80-Bfppyexh1QEg&oe=689E923C"},"aioseo_meta_data":{"post_id":"63126","title":null,"description":null,"keywords":null,"keyphrases":null,"primary_term":null,"canonical_url":null,"og_title":null,"og_description":null,"og_object_type":"default","og_image_type":"default","og_image_url":null,"og_image_width":null,"og_image_height":null,"og_image_custom_url":null,"og_image_custom_fields":null,"og_video":null,"og_custom_url":null,"og_article_section":null,"og_article_tags":null,"twitter_use_og":false,"twitter_card":"default","twitter_image_type":"default","twitter_image_url":null,"twitter_image_custom_url":null,"twitter_image_custom_fields":null,"twitter_title":null,"twitter_description":null,"schema":{"blockGraphs":[],"customGraphs":[],"default":{"data":{"Article":[],"Course":[],"Dataset":[],"FAQPage":[],"Movie":[],"Person":[],"Product":[],"ProductReview":[],"Car":[],"Recipe":[],"Service":[],"SoftwareApplication":[],"WebPage":[]},"graphName":"","isEnabled":true},"graphs":[]},"schema_type":"default","schema_type_options":null,"pillar_content":false,"robots_default":true,"robots_noindex":false,"robots_noarchive":false,"robots_nosnippet":false,"robots_nofollow":false,"robots_noimageindex":false,"robots_noodp":false,"robots_notranslate":false,"robots_max_snippet":null,"robots_max_videopreview":null,"robots_max_imagepreview":"large","priority":null,"frequency":null,"local_seo":null,"breadcrumb_settings":null,"limit_modified_date":false,"ai":null,"created":"2025-08-16 21:53:25","updated":"2025-08-16 21:53:25","focus_keyword":null,"additional_keywords":null,"truseo_locale":null,"seo_analyzer_scan_date":null},"aioseo_breadcrumb":"<div class=\"aioseo-breadcrumbs\"><span class=\"aioseo-breadcrumb\">\n\t\t\t<a href=\"https:\/\/anoticiaonline.com.br\/site\" title=\"Home\">Home<\/a>\n\t\t<\/span><span class=\"aioseo-breadcrumb-separator\">&raquo;<\/span><span class=\"aioseo-breadcrumb\">\n\t\t\t<a href=\"https:\/\/anoticiaonline.com.br\/site\/categoria\/muriae\/\" title=\"Blog\">Blog<\/a>\n\t\t<\/span><span class=\"aioseo-breadcrumb-separator\">&raquo;<\/span><span class=\"aioseo-breadcrumb\">\n\t\t\t<a href=\"https:\/\/anoticiaonline.com.br\/site\/categoria\/muriae\/cultura\/\" title=\"Cultura\">Cultura<\/a>\n\t\t<\/span><span class=\"aioseo-breadcrumb-separator\">&raquo;<\/span><span class=\"aioseo-breadcrumb\">\n\t\t\tMuria\u00e9 realiza 1\u00aa Mostra de Diversidade, Juventude e Literatura\n\t\t<\/span><\/div>","aioseo_breadcrumb_json":[{"label":"Home","link":"https:\/\/anoticiaonline.com.br\/site"},{"label":"Blog","link":"https:\/\/anoticiaonline.com.br\/site\/categoria\/muriae\/"},{"label":"Cultura","link":"https:\/\/anoticiaonline.com.br\/site\/categoria\/muriae\/cultura\/"},{"label":"Muria\u00e9 realiza 1\u00aa Mostra de Diversidade, Juventude e Literatura","link":"https:\/\/anoticiaonline.com.br\/site\/muriae-realiza-1a-mostra-de-diversidade-juventude-e-literatura\/"}],"views":158,"_links":{"self":[{"href":"https:\/\/anoticiaonline.com.br\/site\/wp-json\/wp\/v2\/posts\/63126","targetHints":{"allow":["GET"]}}],"collection":[{"href":"https:\/\/anoticiaonline.com.br\/site\/wp-json\/wp\/v2\/posts"}],"about":[{"href":"https:\/\/anoticiaonline.com.br\/site\/wp-json\/wp\/v2\/types\/post"}],"author":[{"embeddable":true,"href":"https:\/\/anoticiaonline.com.br\/site\/wp-json\/wp\/v2\/users\/2"}],"replies":[{"embeddable":true,"href":"https:\/\/anoticiaonline.com.br\/site\/wp-json\/wp\/v2\/comments?post=63126"}],"version-history":[{"count":0,"href":"https:\/\/anoticiaonline.com.br\/site\/wp-json\/wp\/v2\/posts\/63126\/revisions"}],"wp:featuredmedia":[{"embeddable":true,"href":"https:\/\/anoticiaonline.com.br\/site\/wp-json\/wp\/v2\/media\/63127"}],"wp:attachment":[{"href":"https:\/\/anoticiaonline.com.br\/site\/wp-json\/wp\/v2\/media?parent=63126"}],"wp:term":[{"taxonomy":"category","embeddable":true,"href":"https:\/\/anoticiaonline.com.br\/site\/wp-json\/wp\/v2\/categories?post=63126"},{"taxonomy":"post_tag","embeddable":true,"href":"https:\/\/anoticiaonline.com.br\/site\/wp-json\/wp\/v2\/tags?post=63126"}],"curies":[{"name":"wp","href":"https:\/\/api.w.org\/{rel}","templated":true}]}}