{"id":63123,"date":"2018-10-17T10:36:05","date_gmt":"2018-10-17T13:36:05","guid":{"rendered":"http:\/\/anoticiaonline.com.br\/site\/?p=63123"},"modified":"2018-10-17T10:36:05","modified_gmt":"2018-10-17T13:36:05","slug":"coopleste-promove-seu-3o-leilao-de-gado-de-corte","status":"publish","type":"post","link":"https:\/\/anoticiaonline.com.br\/site\/coopleste-promove-seu-3o-leilao-de-gado-de-corte\/","title":{"rendered":"Coopleste promove seu 3\u00ba Leil\u00e3o de Gado de Corte"},"content":{"rendered":"<p><a href=\"https:\/\/anoticiaonline.com.br\/site\/wp-content\/uploads\/2018\/10\/recria-bezerros-de-corte.jpg\"><img fetchpriority=\"high\" decoding=\"async\" class=\"aligncenter size-full wp-image-63124\" src=\"https:\/\/anoticiaonline.com.br\/site\/wp-content\/uploads\/2018\/10\/recria-bezerros-de-corte.jpg\" alt=\"\" width=\"1000\" height=\"749\" srcset=\"https:\/\/anoticiaonline.com.br\/site\/wp-content\/uploads\/2018\/10\/recria-bezerros-de-corte.jpg 1000w, https:\/\/anoticiaonline.com.br\/site\/wp-content\/uploads\/2018\/10\/recria-bezerros-de-corte-300x225.jpg 300w, https:\/\/anoticiaonline.com.br\/site\/wp-content\/uploads\/2018\/10\/recria-bezerros-de-corte-768x575.jpg 768w, https:\/\/anoticiaonline.com.br\/site\/wp-content\/uploads\/2018\/10\/recria-bezerros-de-corte-105x80.jpg 105w\" sizes=\"(max-width: 1000px) 100vw, 1000px\" \/><\/a>A Cooperativa Leste atrav\u00e9s de seus\u00a0 cooperados e convidados, estar\u00e1 promovendo o seu 3\u00ba Leil\u00e3o de Gado de Corte especial. Ser\u00e1 uma grande oportunidade, onde criadores e compradores se reunir\u00e3o no Tattersal Alceu Junqueira Ferraz, para realizarem seus neg\u00f3cios. Com a finalidade de oferta a todos os interessados do munic\u00edpio e da regi\u00e3o, ser\u00e3o disponibilizados animais machos e f\u00eameas com predomin\u00e2ncia da ra\u00e7a Nelore.<br \/>\nPara o presidente da Coopleste Pedro Augusto Junqueira Ferraz, essa \u00e9 uma boa oportunidade para os produtores adquirirem um gado de qualidade. &#8220;Nossa diretoria est\u00e1 promovendo esse leil\u00e3o, com o objetivo de incentivar nossos cooperados e criadores, mas tamb\u00e9m com o prop\u00f3sito de fomentar a economia local atrav\u00e9s do setor pecu\u00e1rio, apoiando e auxiliando nossos cooperados na comercializa\u00e7\u00e3o e aquisi\u00e7\u00e3o de seus animais. Ser\u00e1 uma oportunidade para que os interessados, possam fazer a reposi\u00e7\u00e3o de seu rebanho&#8221;, destacou o presidente.<br \/>\nO Leil\u00e3o ser\u00e1 realizado dia 27 de outubro a partir das 14 h, no\u00a0 Parque de Exposi\u00e7\u00f5es Jos\u00e9 Ribeiro dos Reis\u00a0 em Leopoldina, onde os lotes \u00e0 venda ser\u00e3o apresentados pelo experiente leiloeiro rural William Horta. Os pagamentos ser\u00e3o com prazo de 30 e 60 dias e o leil\u00e3o ser\u00e1 aberto a todos os interessados. A Diretoria da Cooperativa Leste, convida a todos a participarem desta oportunidade comercial, que conta com o apoio do Sindicato Rural, Prefeitura Municipal atrav\u00e9s de sua Secretaria de Agricultura, Pol\u00edcia Militar e SICOOB Credimata.<\/p>\n","protected":false},"excerpt":{"rendered":"<p>A Cooperativa Leste atrav\u00e9s de seus\u00a0 cooperados e convidados, estar\u00e1 promovendo o seu 3\u00ba Leil\u00e3o de Gado de Corte especial. Ser\u00e1 uma grande oportunidade, onde criadores e compradores se reunir\u00e3o no Tattersal Alceu Junqueira Ferraz, para realizarem seus neg\u00f3cios. Com a finalidade de oferta a todos os interessados do munic\u00edpio e da regi\u00e3o, ser\u00e3o disponibilizados &#8230; <a title=\"Coopleste promove seu 3\u00ba Leil\u00e3o de Gado de Corte\" class=\"read-more\" href=\"https:\/\/anoticiaonline.com.br\/site\/coopleste-promove-seu-3o-leilao-de-gado-de-corte\/\" aria-label=\"Read more about Coopleste promove seu 3\u00ba Leil\u00e3o de Gado de Corte\">Ler mais<\/a><\/p>\n","protected":false},"author":7,"featured_media":63124,"comment_status":"open","ping_status":"open","sticky":false,"template":"","format":"standard","meta":{"_acf_changed":false,"_monsterinsights_skip_tracking":false,"footnotes":""},"categories":[30,6],"tags":[3263,3262,3087,3264],"class_list":["post-63123","post","type-post","status-publish","format-standard","has-post-thumbnail","hentry","category-muriae","category-regiao","tag-3o-leilao-de-gado-de-corte","tag-cooperativa-leste","tag-nelore","tag-sicoob-credimata"],"acf":[],"aioseo_notices":[],"aioseo_head":"\n\t\t<!-- All in One SEO 5.0.0.1 - aioseo.com -->\n\t<meta name=\"description\" content=\"A Cooperativa Leste atrav\u00e9s de seus cooperados e convidados, estar\u00e1 promovendo o seu 3\u00ba Leil\u00e3o de Gado de Corte especial. Ser\u00e1 uma grande oportunidade, onde criadores e compradores se reunir\u00e3o no Tattersal Alceu Junqueira Ferraz, para realizarem seus neg\u00f3cios. Com a finalidade de oferta a todos os interessados do munic\u00edpio e da regi\u00e3o, ser\u00e3o disponibilizados\" \/>\n\t<meta name=\"robots\" content=\"max-image-preview:large\" \/>\n\t<meta name=\"author\" content=\"Leandro Bebiano\"\/>\n\t<link rel=\"canonical\" href=\"https:\/\/anoticiaonline.com.br\/site\/coopleste-promove-seu-3o-leilao-de-gado-de-corte\/\" \/>\n\t<meta name=\"generator\" content=\"All in One SEO (AIOSEO) 5.0.0.1\" \/>\n\t\t<meta property=\"og:locale\" content=\"pt_BR\" \/>\n\t\t<meta property=\"og:site_name\" content=\"A Not\u00edcia Online - Noticias de Muria\u00e9 e regi\u00e3o\" \/>\n\t\t<meta property=\"og:type\" content=\"article\" \/>\n\t\t<meta property=\"og:title\" content=\"Coopleste promove seu 3\u00ba Leil\u00e3o de Gado de Corte - A Not\u00edcia Online\" \/>\n\t\t<meta property=\"og:description\" content=\"A Cooperativa Leste atrav\u00e9s de seus cooperados e convidados, estar\u00e1 promovendo o seu 3\u00ba Leil\u00e3o de Gado de Corte especial. Ser\u00e1 uma grande oportunidade, onde criadores e compradores se reunir\u00e3o no Tattersal Alceu Junqueira Ferraz, para realizarem seus neg\u00f3cios. Com a finalidade de oferta a todos os interessados do munic\u00edpio e da regi\u00e3o, ser\u00e3o disponibilizados\" \/>\n\t\t<meta property=\"og:url\" content=\"https:\/\/anoticiaonline.com.br\/site\/coopleste-promove-seu-3o-leilao-de-gado-de-corte\/\" \/>\n\t\t<meta property=\"og:image\" content=\"https:\/\/scontent-gig4-1.xx.fbcdn.net\/v\/t39.30808-1\/270437624_4564083193639691_6907940295614233970_n.jpg?stp=dst-jpg_s200x200_tt6&#038;_nc_cat=111&#038;ccb=1-7&#038;_nc_sid=f907e8&#038;_nc_ohc=SM1wRlP3lJwQ7kNvwEPuBYA&#038;_nc_oc=AdnqrjDN_BNjSSHWO-GbkIWH6fkGMLw4bqvL_NH6e2wMveX7G-rP2dAqsDSq1mJMOaY&#038;_nc_zt=24&#038;_nc_ht=scontent-gig4-1.xx&#038;_nc_gid=AoBFJeGrT1hVaew_6rchkQ&#038;oh=00_AfX7QmFGhQhG2jAllVgXCiM1ZrWgvtp80-Bfppyexh1QEg&#038;oe=689E923C\" \/>\n\t\t<meta property=\"og:image:secure_url\" content=\"https:\/\/scontent-gig4-1.xx.fbcdn.net\/v\/t39.30808-1\/270437624_4564083193639691_6907940295614233970_n.jpg?stp=dst-jpg_s200x200_tt6&#038;_nc_cat=111&#038;ccb=1-7&#038;_nc_sid=f907e8&#038;_nc_ohc=SM1wRlP3lJwQ7kNvwEPuBYA&#038;_nc_oc=AdnqrjDN_BNjSSHWO-GbkIWH6fkGMLw4bqvL_NH6e2wMveX7G-rP2dAqsDSq1mJMOaY&#038;_nc_zt=24&#038;_nc_ht=scontent-gig4-1.xx&#038;_nc_gid=AoBFJeGrT1hVaew_6rchkQ&#038;oh=00_AfX7QmFGhQhG2jAllVgXCiM1ZrWgvtp80-Bfppyexh1QEg&#038;oe=689E923C\" \/>\n\t\t<meta property=\"article:published_time\" content=\"2018-10-17T13:36:05+00:00\" \/>\n\t\t<meta property=\"article:modified_time\" content=\"2018-10-17T13:36:05+00:00\" \/>\n\t\t<meta name=\"twitter:card\" content=\"summary_large_image\" \/>\n\t\t<meta name=\"twitter:title\" content=\"Coopleste promove seu 3\u00ba Leil\u00e3o de Gado de Corte - A Not\u00edcia Online\" \/>\n\t\t<meta name=\"twitter:description\" content=\"A Cooperativa Leste atrav\u00e9s de seus cooperados e convidados, estar\u00e1 promovendo o seu 3\u00ba Leil\u00e3o de Gado de Corte especial. Ser\u00e1 uma grande oportunidade, onde criadores e compradores se reunir\u00e3o no Tattersal Alceu Junqueira Ferraz, para realizarem seus neg\u00f3cios. Com a finalidade de oferta a todos os interessados do munic\u00edpio e da regi\u00e3o, ser\u00e3o disponibilizados\" \/>\n\t\t<meta name=\"twitter:image\" content=\"https:\/\/scontent-gig4-1.xx.fbcdn.net\/v\/t39.30808-1\/270437624_4564083193639691_6907940295614233970_n.jpg?stp=dst-jpg_s200x200_tt6&amp;_nc_cat=111&amp;ccb=1-7&amp;_nc_sid=f907e8&amp;_nc_ohc=SM1wRlP3lJwQ7kNvwEPuBYA&amp;_nc_oc=AdnqrjDN_BNjSSHWO-GbkIWH6fkGMLw4bqvL_NH6e2wMveX7G-rP2dAqsDSq1mJMOaY&amp;_nc_zt=24&amp;_nc_ht=scontent-gig4-1.xx&amp;_nc_gid=AoBFJeGrT1hVaew_6rchkQ&amp;oh=00_AfX7QmFGhQhG2jAllVgXCiM1ZrWgvtp80-Bfppyexh1QEg&amp;oe=689E923C\" \/>\n\t\t<script type=\"application\/ld+json\" class=\"aioseo-schema\">\n\t\t\t{\"@context\":\"https:\\\/\\\/schema.org\",\"@graph\":[{\"@type\":\"BlogPosting\",\"@id\":\"https:\\\/\\\/anoticiaonline.com.br\\\/site\\\/coopleste-promove-seu-3o-leilao-de-gado-de-corte\\\/#blogposting\",\"name\":\"Coopleste promove seu 3\\u00ba Leil\\u00e3o de Gado de Corte - A Not\\u00edcia Online\",\"headline\":\"Coopleste promove seu 3\\u00ba Leil\\u00e3o de Gado de Corte\",\"author\":{\"@id\":\"https:\\\/\\\/anoticiaonline.com.br\\\/site\\\/author\\\/leandro\\\/#author\"},\"publisher\":{\"@id\":\"https:\\\/\\\/anoticiaonline.com.br\\\/site\\\/#organization\"},\"image\":{\"@type\":\"ImageObject\",\"url\":\"https:\\\/\\\/anoticiaonline.com.br\\\/site\\\/wp-content\\\/uploads\\\/2018\\\/10\\\/recria-bezerros-de-corte.jpg\",\"width\":1000,\"height\":749},\"datePublished\":\"2018-10-17T10:36:05-03:00\",\"dateModified\":\"2018-10-17T10:36:05-03:00\",\"inLanguage\":\"pt-BR\",\"mainEntityOfPage\":{\"@id\":\"https:\\\/\\\/anoticiaonline.com.br\\\/site\\\/coopleste-promove-seu-3o-leilao-de-gado-de-corte\\\/#webpage\"},\"isPartOf\":{\"@id\":\"https:\\\/\\\/anoticiaonline.com.br\\\/site\\\/coopleste-promove-seu-3o-leilao-de-gado-de-corte\\\/#webpage\"},\"articleSection\":\"Blog, Regi\\u00e3o, 3\\u00ba Leil\\u00e3o de Gado de Corte, Cooperativa Leste, Nelore, SICOOB Credimata\"},{\"@type\":\"BreadcrumbList\",\"@id\":\"https:\\\/\\\/anoticiaonline.com.br\\\/site\\\/coopleste-promove-seu-3o-leilao-de-gado-de-corte\\\/#breadcrumblist\",\"itemListElement\":[{\"@type\":\"ListItem\",\"@id\":\"https:\\\/\\\/anoticiaonline.com.br\\\/site#listItem\",\"position\":1,\"name\":\"Home\",\"item\":\"https:\\\/\\\/anoticiaonline.com.br\\\/site\",\"nextItem\":{\"@type\":\"ListItem\",\"@id\":\"https:\\\/\\\/anoticiaonline.com.br\\\/site\\\/categoria\\\/regiao\\\/#listItem\",\"name\":\"Regi\\u00e3o\"}},{\"@type\":\"ListItem\",\"@id\":\"https:\\\/\\\/anoticiaonline.com.br\\\/site\\\/categoria\\\/regiao\\\/#listItem\",\"position\":2,\"name\":\"Regi\\u00e3o\",\"item\":\"https:\\\/\\\/anoticiaonline.com.br\\\/site\\\/categoria\\\/regiao\\\/\",\"nextItem\":{\"@type\":\"ListItem\",\"@id\":\"https:\\\/\\\/anoticiaonline.com.br\\\/site\\\/coopleste-promove-seu-3o-leilao-de-gado-de-corte\\\/#listItem\",\"name\":\"Coopleste promove seu 3\\u00ba Leil\\u00e3o de Gado de Corte\"},\"previousItem\":{\"@type\":\"ListItem\",\"@id\":\"https:\\\/\\\/anoticiaonline.com.br\\\/site#listItem\",\"name\":\"Home\"}},{\"@type\":\"ListItem\",\"@id\":\"https:\\\/\\\/anoticiaonline.com.br\\\/site\\\/coopleste-promove-seu-3o-leilao-de-gado-de-corte\\\/#listItem\",\"position\":3,\"name\":\"Coopleste promove seu 3\\u00ba Leil\\u00e3o de Gado de Corte\",\"previousItem\":{\"@type\":\"ListItem\",\"@id\":\"https:\\\/\\\/anoticiaonline.com.br\\\/site\\\/categoria\\\/regiao\\\/#listItem\",\"name\":\"Regi\\u00e3o\"}}]},{\"@type\":\"Organization\",\"@id\":\"https:\\\/\\\/anoticiaonline.com.br\\\/site\\\/#organization\",\"name\":\"A Not\\u00edcia Online\",\"description\":\"Noticias de Muria\\u00e9 e regi\\u00e3o\",\"url\":\"https:\\\/\\\/anoticiaonline.com.br\\\/site\\\/\",\"logo\":{\"@type\":\"ImageObject\",\"url\":\"https:\\\/\\\/scontent-gig4-1.xx.fbcdn.net\\\/v\\\/t39.30808-1\\\/270437624_4564083193639691_6907940295614233970_n.jpg?stp=dst-jpg_s200x200_tt6&_nc_cat=111&ccb=1-7&_nc_sid=f907e8&_nc_ohc=SM1wRlP3lJwQ7kNvwEPuBYA&_nc_oc=AdnqrjDN_BNjSSHWO-GbkIWH6fkGMLw4bqvL_NH6e2wMveX7G-rP2dAqsDSq1mJMOaY&_nc_zt=24&_nc_ht=scontent-gig4-1.xx&_nc_gid=AoBFJeGrT1hVaew_6rchkQ&oh=00_AfX7QmFGhQhG2jAllVgXCiM1ZrWgvtp80-Bfppyexh1QEg&oe=689E923C\",\"@id\":\"https:\\\/\\\/anoticiaonline.com.br\\\/site\\\/coopleste-promove-seu-3o-leilao-de-gado-de-corte\\\/#organizationLogo\"},\"image\":{\"@id\":\"https:\\\/\\\/anoticiaonline.com.br\\\/site\\\/coopleste-promove-seu-3o-leilao-de-gado-de-corte\\\/#organizationLogo\"}},{\"@type\":\"Person\",\"@id\":\"https:\\\/\\\/anoticiaonline.com.br\\\/site\\\/author\\\/leandro\\\/#author\",\"url\":\"https:\\\/\\\/anoticiaonline.com.br\\\/site\\\/author\\\/leandro\\\/\",\"name\":\"Leandro Bebiano\",\"image\":{\"@type\":\"ImageObject\",\"@id\":\"https:\\\/\\\/anoticiaonline.com.br\\\/site\\\/coopleste-promove-seu-3o-leilao-de-gado-de-corte\\\/#authorImage\",\"url\":\"https:\\\/\\\/secure.gravatar.com\\\/avatar\\\/99966a20c143db97c8590c2013307c7c234a4cca48ed5657cbb47e22a400bd5f?s=96&d=mm&r=g\",\"width\":96,\"height\":96,\"caption\":\"Leandro Bebiano\"}},{\"@type\":\"WebPage\",\"@id\":\"https:\\\/\\\/anoticiaonline.com.br\\\/site\\\/coopleste-promove-seu-3o-leilao-de-gado-de-corte\\\/#webpage\",\"url\":\"https:\\\/\\\/anoticiaonline.com.br\\\/site\\\/coopleste-promove-seu-3o-leilao-de-gado-de-corte\\\/\",\"name\":\"Coopleste promove seu 3\\u00ba Leil\\u00e3o de Gado de Corte - A Not\\u00edcia Online\",\"description\":\"A Cooperativa Leste atrav\\u00e9s de seus cooperados e convidados, estar\\u00e1 promovendo o seu 3\\u00ba Leil\\u00e3o de Gado de Corte especial. Ser\\u00e1 uma grande oportunidade, onde criadores e compradores se reunir\\u00e3o no Tattersal Alceu Junqueira Ferraz, para realizarem seus neg\\u00f3cios. Com a finalidade de oferta a todos os interessados do munic\\u00edpio e da regi\\u00e3o, ser\\u00e3o disponibilizados\",\"inLanguage\":\"pt-BR\",\"isPartOf\":{\"@id\":\"https:\\\/\\\/anoticiaonline.com.br\\\/site\\\/#website\"},\"breadcrumb\":{\"@id\":\"https:\\\/\\\/anoticiaonline.com.br\\\/site\\\/coopleste-promove-seu-3o-leilao-de-gado-de-corte\\\/#breadcrumblist\"},\"author\":{\"@id\":\"https:\\\/\\\/anoticiaonline.com.br\\\/site\\\/author\\\/leandro\\\/#author\"},\"creator\":{\"@id\":\"https:\\\/\\\/anoticiaonline.com.br\\\/site\\\/author\\\/leandro\\\/#author\"},\"image\":{\"@type\":\"ImageObject\",\"url\":\"https:\\\/\\\/anoticiaonline.com.br\\\/site\\\/wp-content\\\/uploads\\\/2018\\\/10\\\/recria-bezerros-de-corte.jpg\",\"@id\":\"https:\\\/\\\/anoticiaonline.com.br\\\/site\\\/coopleste-promove-seu-3o-leilao-de-gado-de-corte\\\/#mainImage\",\"width\":1000,\"height\":749},\"primaryImageOfPage\":{\"@id\":\"https:\\\/\\\/anoticiaonline.com.br\\\/site\\\/coopleste-promove-seu-3o-leilao-de-gado-de-corte\\\/#mainImage\"},\"datePublished\":\"2018-10-17T10:36:05-03:00\",\"dateModified\":\"2018-10-17T10:36:05-03:00\"},{\"@type\":\"WebSite\",\"@id\":\"https:\\\/\\\/anoticiaonline.com.br\\\/site\\\/#website\",\"url\":\"https:\\\/\\\/anoticiaonline.com.br\\\/site\\\/\",\"name\":\"A Not\\u00edcia Online\",\"description\":\"Noticias de Muria\\u00e9 e regi\\u00e3o\",\"inLanguage\":\"pt-BR\",\"publisher\":{\"@id\":\"https:\\\/\\\/anoticiaonline.com.br\\\/site\\\/#organization\"}}]}\n\t\t<\/script>\n\t\t<!-- All in One SEO -->\n\n","aioseo_head_json":{"title":"Coopleste promove seu 3\u00ba Leil\u00e3o de Gado de Corte - A Not\u00edcia Online","description":"A Cooperativa Leste atrav\u00e9s de seus cooperados e convidados, estar\u00e1 promovendo o seu 3\u00ba Leil\u00e3o de Gado de Corte especial. Ser\u00e1 uma grande oportunidade, onde criadores e compradores se reunir\u00e3o no Tattersal Alceu Junqueira Ferraz, para realizarem seus neg\u00f3cios. Com a finalidade de oferta a todos os interessados do munic\u00edpio e da regi\u00e3o, ser\u00e3o disponibilizados","canonical_url":"https:\/\/anoticiaonline.com.br\/site\/coopleste-promove-seu-3o-leilao-de-gado-de-corte\/","robots":"max-image-preview:large","keywords":"","webmasterTools":{"miscellaneous":""},"schema":{"@context":"https:\/\/schema.org","@graph":[{"@type":"BlogPosting","@id":"https:\/\/anoticiaonline.com.br\/site\/coopleste-promove-seu-3o-leilao-de-gado-de-corte\/#blogposting","name":"Coopleste promove seu 3\u00ba Leil\u00e3o de Gado de Corte - A Not\u00edcia Online","headline":"Coopleste promove seu 3\u00ba Leil\u00e3o de Gado de Corte","author":{"@id":"https:\/\/anoticiaonline.com.br\/site\/author\/leandro\/#author"},"publisher":{"@id":"https:\/\/anoticiaonline.com.br\/site\/#organization"},"image":{"@type":"ImageObject","url":"https:\/\/anoticiaonline.com.br\/site\/wp-content\/uploads\/2018\/10\/recria-bezerros-de-corte.jpg","width":1000,"height":749},"datePublished":"2018-10-17T10:36:05-03:00","dateModified":"2018-10-17T10:36:05-03:00","inLanguage":"pt-BR","mainEntityOfPage":{"@id":"https:\/\/anoticiaonline.com.br\/site\/coopleste-promove-seu-3o-leilao-de-gado-de-corte\/#webpage"},"isPartOf":{"@id":"https:\/\/anoticiaonline.com.br\/site\/coopleste-promove-seu-3o-leilao-de-gado-de-corte\/#webpage"},"articleSection":"Blog, Regi\u00e3o, 3\u00ba Leil\u00e3o de Gado de Corte, Cooperativa Leste, Nelore, SICOOB Credimata"},{"@type":"BreadcrumbList","@id":"https:\/\/anoticiaonline.com.br\/site\/coopleste-promove-seu-3o-leilao-de-gado-de-corte\/#breadcrumblist","itemListElement":[{"@type":"ListItem","@id":"https:\/\/anoticiaonline.com.br\/site#listItem","position":1,"name":"Home","item":"https:\/\/anoticiaonline.com.br\/site","nextItem":{"@type":"ListItem","@id":"https:\/\/anoticiaonline.com.br\/site\/categoria\/regiao\/#listItem","name":"Regi\u00e3o"}},{"@type":"ListItem","@id":"https:\/\/anoticiaonline.com.br\/site\/categoria\/regiao\/#listItem","position":2,"name":"Regi\u00e3o","item":"https:\/\/anoticiaonline.com.br\/site\/categoria\/regiao\/","nextItem":{"@type":"ListItem","@id":"https:\/\/anoticiaonline.com.br\/site\/coopleste-promove-seu-3o-leilao-de-gado-de-corte\/#listItem","name":"Coopleste promove seu 3\u00ba Leil\u00e3o de Gado de Corte"},"previousItem":{"@type":"ListItem","@id":"https:\/\/anoticiaonline.com.br\/site#listItem","name":"Home"}},{"@type":"ListItem","@id":"https:\/\/anoticiaonline.com.br\/site\/coopleste-promove-seu-3o-leilao-de-gado-de-corte\/#listItem","position":3,"name":"Coopleste promove seu 3\u00ba Leil\u00e3o de Gado de Corte","previousItem":{"@type":"ListItem","@id":"https:\/\/anoticiaonline.com.br\/site\/categoria\/regiao\/#listItem","name":"Regi\u00e3o"}}]},{"@type":"Organization","@id":"https:\/\/anoticiaonline.com.br\/site\/#organization","name":"A Not\u00edcia Online","description":"Noticias de Muria\u00e9 e regi\u00e3o","url":"https:\/\/anoticiaonline.com.br\/site\/","logo":{"@type":"ImageObject","url":"https:\/\/scontent-gig4-1.xx.fbcdn.net\/v\/t39.30808-1\/270437624_4564083193639691_6907940295614233970_n.jpg?stp=dst-jpg_s200x200_tt6&_nc_cat=111&ccb=1-7&_nc_sid=f907e8&_nc_ohc=SM1wRlP3lJwQ7kNvwEPuBYA&_nc_oc=AdnqrjDN_BNjSSHWO-GbkIWH6fkGMLw4bqvL_NH6e2wMveX7G-rP2dAqsDSq1mJMOaY&_nc_zt=24&_nc_ht=scontent-gig4-1.xx&_nc_gid=AoBFJeGrT1hVaew_6rchkQ&oh=00_AfX7QmFGhQhG2jAllVgXCiM1ZrWgvtp80-Bfppyexh1QEg&oe=689E923C","@id":"https:\/\/anoticiaonline.com.br\/site\/coopleste-promove-seu-3o-leilao-de-gado-de-corte\/#organizationLogo"},"image":{"@id":"https:\/\/anoticiaonline.com.br\/site\/coopleste-promove-seu-3o-leilao-de-gado-de-corte\/#organizationLogo"}},{"@type":"Person","@id":"https:\/\/anoticiaonline.com.br\/site\/author\/leandro\/#author","url":"https:\/\/anoticiaonline.com.br\/site\/author\/leandro\/","name":"Leandro Bebiano","image":{"@type":"ImageObject","@id":"https:\/\/anoticiaonline.com.br\/site\/coopleste-promove-seu-3o-leilao-de-gado-de-corte\/#authorImage","url":"https:\/\/secure.gravatar.com\/avatar\/99966a20c143db97c8590c2013307c7c234a4cca48ed5657cbb47e22a400bd5f?s=96&d=mm&r=g","width":96,"height":96,"caption":"Leandro Bebiano"}},{"@type":"WebPage","@id":"https:\/\/anoticiaonline.com.br\/site\/coopleste-promove-seu-3o-leilao-de-gado-de-corte\/#webpage","url":"https:\/\/anoticiaonline.com.br\/site\/coopleste-promove-seu-3o-leilao-de-gado-de-corte\/","name":"Coopleste promove seu 3\u00ba Leil\u00e3o de Gado de Corte - A Not\u00edcia Online","description":"A Cooperativa Leste atrav\u00e9s de seus cooperados e convidados, estar\u00e1 promovendo o seu 3\u00ba Leil\u00e3o de Gado de Corte especial. Ser\u00e1 uma grande oportunidade, onde criadores e compradores se reunir\u00e3o no Tattersal Alceu Junqueira Ferraz, para realizarem seus neg\u00f3cios. Com a finalidade de oferta a todos os interessados do munic\u00edpio e da regi\u00e3o, ser\u00e3o disponibilizados","inLanguage":"pt-BR","isPartOf":{"@id":"https:\/\/anoticiaonline.com.br\/site\/#website"},"breadcrumb":{"@id":"https:\/\/anoticiaonline.com.br\/site\/coopleste-promove-seu-3o-leilao-de-gado-de-corte\/#breadcrumblist"},"author":{"@id":"https:\/\/anoticiaonline.com.br\/site\/author\/leandro\/#author"},"creator":{"@id":"https:\/\/anoticiaonline.com.br\/site\/author\/leandro\/#author"},"image":{"@type":"ImageObject","url":"https:\/\/anoticiaonline.com.br\/site\/wp-content\/uploads\/2018\/10\/recria-bezerros-de-corte.jpg","@id":"https:\/\/anoticiaonline.com.br\/site\/coopleste-promove-seu-3o-leilao-de-gado-de-corte\/#mainImage","width":1000,"height":749},"primaryImageOfPage":{"@id":"https:\/\/anoticiaonline.com.br\/site\/coopleste-promove-seu-3o-leilao-de-gado-de-corte\/#mainImage"},"datePublished":"2018-10-17T10:36:05-03:00","dateModified":"2018-10-17T10:36:05-03:00"},{"@type":"WebSite","@id":"https:\/\/anoticiaonline.com.br\/site\/#website","url":"https:\/\/anoticiaonline.com.br\/site\/","name":"A Not\u00edcia Online","description":"Noticias de Muria\u00e9 e regi\u00e3o","inLanguage":"pt-BR","publisher":{"@id":"https:\/\/anoticiaonline.com.br\/site\/#organization"}}]},"og:locale":"pt_BR","og:site_name":"A Not\u00edcia Online - Noticias de Muria\u00e9 e regi\u00e3o","og:type":"article","og:title":"Coopleste promove seu 3\u00ba Leil\u00e3o de Gado de Corte - A Not\u00edcia Online","og:description":"A Cooperativa Leste atrav\u00e9s de seus cooperados e convidados, estar\u00e1 promovendo o seu 3\u00ba Leil\u00e3o de Gado de Corte especial. Ser\u00e1 uma grande oportunidade, onde criadores e compradores se reunir\u00e3o no Tattersal Alceu Junqueira Ferraz, para realizarem seus neg\u00f3cios. Com a finalidade de oferta a todos os interessados do munic\u00edpio e da regi\u00e3o, ser\u00e3o disponibilizados","og:url":"https:\/\/anoticiaonline.com.br\/site\/coopleste-promove-seu-3o-leilao-de-gado-de-corte\/","og:image":"https:\/\/scontent-gig4-1.xx.fbcdn.net\/v\/t39.30808-1\/270437624_4564083193639691_6907940295614233970_n.jpg?stp=dst-jpg_s200x200_tt6&#038;_nc_cat=111&#038;ccb=1-7&#038;_nc_sid=f907e8&#038;_nc_ohc=SM1wRlP3lJwQ7kNvwEPuBYA&#038;_nc_oc=AdnqrjDN_BNjSSHWO-GbkIWH6fkGMLw4bqvL_NH6e2wMveX7G-rP2dAqsDSq1mJMOaY&#038;_nc_zt=24&#038;_nc_ht=scontent-gig4-1.xx&#038;_nc_gid=AoBFJeGrT1hVaew_6rchkQ&#038;oh=00_AfX7QmFGhQhG2jAllVgXCiM1ZrWgvtp80-Bfppyexh1QEg&#038;oe=689E923C","og:image:secure_url":"https:\/\/scontent-gig4-1.xx.fbcdn.net\/v\/t39.30808-1\/270437624_4564083193639691_6907940295614233970_n.jpg?stp=dst-jpg_s200x200_tt6&#038;_nc_cat=111&#038;ccb=1-7&#038;_nc_sid=f907e8&#038;_nc_ohc=SM1wRlP3lJwQ7kNvwEPuBYA&#038;_nc_oc=AdnqrjDN_BNjSSHWO-GbkIWH6fkGMLw4bqvL_NH6e2wMveX7G-rP2dAqsDSq1mJMOaY&#038;_nc_zt=24&#038;_nc_ht=scontent-gig4-1.xx&#038;_nc_gid=AoBFJeGrT1hVaew_6rchkQ&#038;oh=00_AfX7QmFGhQhG2jAllVgXCiM1ZrWgvtp80-Bfppyexh1QEg&#038;oe=689E923C","article:published_time":"2018-10-17T13:36:05+00:00","article:modified_time":"2018-10-17T13:36:05+00:00","twitter:card":"summary_large_image","twitter:title":"Coopleste promove seu 3\u00ba Leil\u00e3o de Gado de Corte - A Not\u00edcia Online","twitter:description":"A Cooperativa Leste atrav\u00e9s de seus cooperados e convidados, estar\u00e1 promovendo o seu 3\u00ba Leil\u00e3o de Gado de Corte especial. Ser\u00e1 uma grande oportunidade, onde criadores e compradores se reunir\u00e3o no Tattersal Alceu Junqueira Ferraz, para realizarem seus neg\u00f3cios. Com a finalidade de oferta a todos os interessados do munic\u00edpio e da regi\u00e3o, ser\u00e3o disponibilizados","twitter:image":"https:\/\/scontent-gig4-1.xx.fbcdn.net\/v\/t39.30808-1\/270437624_4564083193639691_6907940295614233970_n.jpg?stp=dst-jpg_s200x200_tt6&_nc_cat=111&ccb=1-7&_nc_sid=f907e8&_nc_ohc=SM1wRlP3lJwQ7kNvwEPuBYA&_nc_oc=AdnqrjDN_BNjSSHWO-GbkIWH6fkGMLw4bqvL_NH6e2wMveX7G-rP2dAqsDSq1mJMOaY&_nc_zt=24&_nc_ht=scontent-gig4-1.xx&_nc_gid=AoBFJeGrT1hVaew_6rchkQ&oh=00_AfX7QmFGhQhG2jAllVgXCiM1ZrWgvtp80-Bfppyexh1QEg&oe=689E923C"},"aioseo_meta_data":{"post_id":"63123","title":null,"description":null,"keywords":null,"keyphrases":null,"primary_term":null,"canonical_url":null,"og_title":null,"og_description":null,"og_object_type":"default","og_image_type":"default","og_image_url":null,"og_image_width":null,"og_image_height":null,"og_image_custom_url":null,"og_image_custom_fields":null,"og_video":null,"og_custom_url":null,"og_article_section":null,"og_article_tags":null,"twitter_use_og":false,"twitter_card":"default","twitter_image_type":"default","twitter_image_url":null,"twitter_image_custom_url":null,"twitter_image_custom_fields":null,"twitter_title":null,"twitter_description":null,"schema":{"blockGraphs":[],"customGraphs":[],"default":{"data":{"Article":[],"Course":[],"Dataset":[],"FAQPage":[],"Movie":[],"Person":[],"Product":[],"ProductReview":[],"Car":[],"Recipe":[],"Service":[],"SoftwareApplication":[],"WebPage":[]},"graphName":"","isEnabled":true},"graphs":[]},"schema_type":"default","schema_type_options":null,"pillar_content":false,"robots_default":true,"robots_noindex":false,"robots_noarchive":false,"robots_nosnippet":false,"robots_nofollow":false,"robots_noimageindex":false,"robots_noodp":false,"robots_notranslate":false,"robots_max_snippet":null,"robots_max_videopreview":null,"robots_max_imagepreview":"large","priority":null,"frequency":null,"local_seo":null,"breadcrumb_settings":null,"limit_modified_date":false,"ai":null,"created":"2025-08-16 21:53:25","updated":"2025-08-16 21:53:25","focus_keyword":null,"additional_keywords":null,"truseo_locale":null,"seo_analyzer_scan_date":null},"aioseo_breadcrumb":"<div class=\"aioseo-breadcrumbs\"><span class=\"aioseo-breadcrumb\">\n\t\t\t<a href=\"https:\/\/anoticiaonline.com.br\/site\" title=\"Home\">Home<\/a>\n\t\t<\/span><span class=\"aioseo-breadcrumb-separator\">&raquo;<\/span><span class=\"aioseo-breadcrumb\">\n\t\t\t<a href=\"https:\/\/anoticiaonline.com.br\/site\/categoria\/regiao\/\" title=\"Regi\u00e3o\">Regi\u00e3o<\/a>\n\t\t<\/span><span class=\"aioseo-breadcrumb-separator\">&raquo;<\/span><span class=\"aioseo-breadcrumb\">\n\t\t\tCoopleste promove seu 3\u00ba Leil\u00e3o de Gado de Corte\n\t\t<\/span><\/div>","aioseo_breadcrumb_json":[{"label":"Home","link":"https:\/\/anoticiaonline.com.br\/site"},{"label":"Regi\u00e3o","link":"https:\/\/anoticiaonline.com.br\/site\/categoria\/regiao\/"},{"label":"Coopleste promove seu 3\u00ba Leil\u00e3o de Gado de Corte","link":"https:\/\/anoticiaonline.com.br\/site\/coopleste-promove-seu-3o-leilao-de-gado-de-corte\/"}],"views":156,"_links":{"self":[{"href":"https:\/\/anoticiaonline.com.br\/site\/wp-json\/wp\/v2\/posts\/63123","targetHints":{"allow":["GET"]}}],"collection":[{"href":"https:\/\/anoticiaonline.com.br\/site\/wp-json\/wp\/v2\/posts"}],"about":[{"href":"https:\/\/anoticiaonline.com.br\/site\/wp-json\/wp\/v2\/types\/post"}],"author":[{"embeddable":true,"href":"https:\/\/anoticiaonline.com.br\/site\/wp-json\/wp\/v2\/users\/7"}],"replies":[{"embeddable":true,"href":"https:\/\/anoticiaonline.com.br\/site\/wp-json\/wp\/v2\/comments?post=63123"}],"version-history":[{"count":0,"href":"https:\/\/anoticiaonline.com.br\/site\/wp-json\/wp\/v2\/posts\/63123\/revisions"}],"wp:featuredmedia":[{"embeddable":true,"href":"https:\/\/anoticiaonline.com.br\/site\/wp-json\/wp\/v2\/media\/63124"}],"wp:attachment":[{"href":"https:\/\/anoticiaonline.com.br\/site\/wp-json\/wp\/v2\/media?parent=63123"}],"wp:term":[{"taxonomy":"category","embeddable":true,"href":"https:\/\/anoticiaonline.com.br\/site\/wp-json\/wp\/v2\/categories?post=63123"},{"taxonomy":"post_tag","embeddable":true,"href":"https:\/\/anoticiaonline.com.br\/site\/wp-json\/wp\/v2\/tags?post=63123"}],"curies":[{"name":"wp","href":"https:\/\/api.w.org\/{rel}","templated":true}]}}