{"id":63010,"date":"2018-10-11T14:19:12","date_gmt":"2018-10-11T17:19:12","guid":{"rendered":"http:\/\/anoticiaonline.com.br\/site\/?p=63010"},"modified":"2018-10-11T14:19:12","modified_gmt":"2018-10-11T17:19:12","slug":"misael-varella-e-reeleito-deputado-federal-nas-eleicoes-2018","status":"publish","type":"post","link":"https:\/\/anoticiaonline.com.br\/site\/misael-varella-e-reeleito-deputado-federal-nas-eleicoes-2018\/","title":{"rendered":"Misael Varella \u00e9 reeleito deputado federal nas Elei\u00e7\u00f5es 2018"},"content":{"rendered":"<p><a href=\"https:\/\/anoticiaonline.com.br\/site\/wp-content\/uploads\/2018\/10\/DSC_0780.jpg\"><img fetchpriority=\"high\" decoding=\"async\" class=\"aligncenter size-full wp-image-63011\" src=\"https:\/\/anoticiaonline.com.br\/site\/wp-content\/uploads\/2018\/10\/DSC_0780.jpg\" alt=\"\" width=\"1000\" height=\"667\" srcset=\"https:\/\/anoticiaonline.com.br\/site\/wp-content\/uploads\/2018\/10\/DSC_0780.jpg 1000w, https:\/\/anoticiaonline.com.br\/site\/wp-content\/uploads\/2018\/10\/DSC_0780-300x200.jpg 300w, https:\/\/anoticiaonline.com.br\/site\/wp-content\/uploads\/2018\/10\/DSC_0780-768x512.jpg 768w\" sizes=\"(max-width: 1000px) 100vw, 1000px\" \/><\/a> <a href=\"https:\/\/anoticiaonline.com.br\/site\/wp-content\/uploads\/2018\/10\/DSC_0976.jpg\"><img decoding=\"async\" class=\"aligncenter size-full wp-image-63012\" src=\"https:\/\/anoticiaonline.com.br\/site\/wp-content\/uploads\/2018\/10\/DSC_0976.jpg\" alt=\"\" width=\"1000\" height=\"667\" srcset=\"https:\/\/anoticiaonline.com.br\/site\/wp-content\/uploads\/2018\/10\/DSC_0976.jpg 1000w, https:\/\/anoticiaonline.com.br\/site\/wp-content\/uploads\/2018\/10\/DSC_0976-300x200.jpg 300w, https:\/\/anoticiaonline.com.br\/site\/wp-content\/uploads\/2018\/10\/DSC_0976-768x512.jpg 768w\" sizes=\"(max-width: 1000px) 100vw, 1000px\" \/><\/a> <a href=\"https:\/\/anoticiaonline.com.br\/site\/wp-content\/uploads\/2018\/10\/IMG_2392.jpg\"><img decoding=\"async\" class=\"aligncenter size-full wp-image-63013\" src=\"https:\/\/anoticiaonline.com.br\/site\/wp-content\/uploads\/2018\/10\/IMG_2392.jpg\" alt=\"\" width=\"600\" height=\"800\" srcset=\"https:\/\/anoticiaonline.com.br\/site\/wp-content\/uploads\/2018\/10\/IMG_2392.jpg 600w, https:\/\/anoticiaonline.com.br\/site\/wp-content\/uploads\/2018\/10\/IMG_2392-225x300.jpg 225w\" sizes=\"(max-width: 600px) 100vw, 600px\" \/><\/a> <a href=\"https:\/\/anoticiaonline.com.br\/site\/wp-content\/uploads\/2018\/10\/IMG_2400.jpg\"><img loading=\"lazy\" decoding=\"async\" class=\"aligncenter size-full wp-image-63014\" src=\"https:\/\/anoticiaonline.com.br\/site\/wp-content\/uploads\/2018\/10\/IMG_2400.jpg\" alt=\"\" width=\"1000\" height=\"750\" srcset=\"https:\/\/anoticiaonline.com.br\/site\/wp-content\/uploads\/2018\/10\/IMG_2400.jpg 1000w, https:\/\/anoticiaonline.com.br\/site\/wp-content\/uploads\/2018\/10\/IMG_2400-300x225.jpg 300w, https:\/\/anoticiaonline.com.br\/site\/wp-content\/uploads\/2018\/10\/IMG_2400-768x576.jpg 768w, https:\/\/anoticiaonline.com.br\/site\/wp-content\/uploads\/2018\/10\/IMG_2400-105x80.jpg 105w\" sizes=\"(max-width: 1000px) 100vw, 1000px\" \/><\/a>Misael Varella (PSD) foi reeleito deputado federal, com 128.537 votos, e continuar\u00e1 representando Muria\u00e9, a regi\u00e3o e todo Estado de Minas Gerais na C\u00e2mara dos Deputados em Bras\u00edlia.<\/p>\n<p>Natural de Muria\u00e9, filho do ex-deputado federal e atual suplente de Senador Lael Varella, Misael Varella vai para o seu segundo mandato.<\/p>\n<p>&nbsp;<\/p>\n<p><strong>Mensagem do parlamentar \u2013<\/strong> \u201cNum momento especial e marcante como este, quero deixar aqui o meu MUITO OBRIGADO! Agrade\u00e7o a voc\u00ea, que fez parte dos\u00a0 128.537 eleitores que confiaram na continuidade do trabalho s\u00e9rio, honesto e transparente que tenho desenvolvido em continuidade ao meu pai, Lael Varella.<\/p>\n<p>Durante esta campanha, percorri centenas de munic\u00edpios e tive a certeza de que a pol\u00edtica mineira e brasileira ainda tem jeito!<\/p>\n<p>De cabe\u00e7a erguida, sem jamais ter sido envolvido em esc\u00e2ndalos de corrup\u00e7\u00e3o, recebi o enorme carinho e gratid\u00e3o de todos. E \u00e9 com esse respeito e admira\u00e7\u00e3o que pretendo continuar retribuindo com ainda mais afinco na C\u00e2mara dos Deputados.<\/p>\n<p>Nos \u00faltimos quatro anos, o pa\u00eds esteve divido e passou por momentos delicados. Por\u00e9m, acredito que posso seguir contribuindo para a nossa sa\u00fade, especialmente com a Funda\u00e7\u00e3o Cristiano Varella, que \u00e9 o Hospital do C\u00e2ncer de Muria\u00e9 e de toda a regi\u00e3o, e tamb\u00e9m para a educa\u00e7\u00e3o e seguran\u00e7a p\u00fablica com a transpar\u00eancia com que sempre conduzi minha vida p\u00fablica.<\/p>\n<p>Continue sempre contando comigo, pois, assim como fiz quando fui eleito para meu primeiro mandato, em 2014, afirmo a voc\u00ea, com toda a convic\u00e7\u00e3o, que as quest\u00f5es partid\u00e1rias ser\u00e3o deixadas de lado a partir da confirma\u00e7\u00e3o de mais essa nossa vit\u00f3ria, independentemente de quem sejam os nossos governantes em n\u00edvel estadual e federal.<\/p>\n<p>Afinal, meu compromisso \u00e9 de trabalhar para toda a popula\u00e7\u00e3o, tendo ela votado em mim ou n\u00e3o para deputado federal.<\/p>\n<p>Esta vit\u00f3ria n\u00e3o \u00e9 s\u00f3 minha, ela \u00e9 sua tamb\u00e9m e de todo o povo mineiro que acredita na pol\u00edtica s\u00e9ria a favor da popula\u00e7\u00e3o.<\/p>\n<p>A certeza do trabalho continua!<\/p>\n<p>Muito obrigado!\u201d<\/p>\n<div id='gallery-1' class='gallery galleryid-63010 gallery-columns-1 gallery-size-large'><figure class='gallery-item'>\n\t\t\t<div class='gallery-icon landscape'>\n\t\t\t\t<a href='https:\/\/anoticiaonline.com.br\/site\/misael-varella-e-reeleito-deputado-federal-nas-eleicoes-2018\/dsc_0003-6\/#main'><img loading=\"lazy\" decoding=\"async\" width=\"900\" height=\"600\" src=\"https:\/\/anoticiaonline.com.br\/site\/wp-content\/uploads\/2018\/10\/DSC_0003.jpg\" class=\"attachment-large size-large\" alt=\"\" srcset=\"https:\/\/anoticiaonline.com.br\/site\/wp-content\/uploads\/2018\/10\/DSC_0003.jpg 1000w, https:\/\/anoticiaonline.com.br\/site\/wp-content\/uploads\/2018\/10\/DSC_0003-300x200.jpg 300w, https:\/\/anoticiaonline.com.br\/site\/wp-content\/uploads\/2018\/10\/DSC_0003-768x512.jpg 768w\" sizes=\"(max-width: 900px) 100vw, 900px\" \/><\/a>\n\t\t\t<\/div><\/figure><figure class='gallery-item'>\n\t\t\t<div class='gallery-icon landscape'>\n\t\t\t\t<a href='https:\/\/anoticiaonline.com.br\/site\/misael-varella-e-reeleito-deputado-federal-nas-eleicoes-2018\/dsc_0006-6\/#main'><img loading=\"lazy\" decoding=\"async\" width=\"900\" height=\"600\" src=\"https:\/\/anoticiaonline.com.br\/site\/wp-content\/uploads\/2018\/10\/DSC_0006.jpg\" class=\"attachment-large size-large\" alt=\"\" srcset=\"https:\/\/anoticiaonline.com.br\/site\/wp-content\/uploads\/2018\/10\/DSC_0006.jpg 1000w, https:\/\/anoticiaonline.com.br\/site\/wp-content\/uploads\/2018\/10\/DSC_0006-300x200.jpg 300w, https:\/\/anoticiaonline.com.br\/site\/wp-content\/uploads\/2018\/10\/DSC_0006-768x512.jpg 768w\" sizes=\"(max-width: 900px) 100vw, 900px\" \/><\/a>\n\t\t\t<\/div><\/figure><figure class='gallery-item'>\n\t\t\t<div class='gallery-icon landscape'>\n\t\t\t\t<a href='https:\/\/anoticiaonline.com.br\/site\/misael-varella-e-reeleito-deputado-federal-nas-eleicoes-2018\/dsc_0009-6\/#main'><img loading=\"lazy\" decoding=\"async\" width=\"900\" height=\"600\" src=\"https:\/\/anoticiaonline.com.br\/site\/wp-content\/uploads\/2018\/10\/DSC_0009-1.jpg\" class=\"attachment-large size-large\" alt=\"\" srcset=\"https:\/\/anoticiaonline.com.br\/site\/wp-content\/uploads\/2018\/10\/DSC_0009-1.jpg 1000w, https:\/\/anoticiaonline.com.br\/site\/wp-content\/uploads\/2018\/10\/DSC_0009-1-300x200.jpg 300w, https:\/\/anoticiaonline.com.br\/site\/wp-content\/uploads\/2018\/10\/DSC_0009-1-768x512.jpg 768w\" sizes=\"(max-width: 900px) 100vw, 900px\" \/><\/a>\n\t\t\t<\/div><\/figure><figure class='gallery-item'>\n\t\t\t<div class='gallery-icon landscape'>\n\t\t\t\t<a href='https:\/\/anoticiaonline.com.br\/site\/misael-varella-e-reeleito-deputado-federal-nas-eleicoes-2018\/dsc_0013-5\/#main'><img loading=\"lazy\" decoding=\"async\" width=\"900\" height=\"600\" src=\"https:\/\/anoticiaonline.com.br\/site\/wp-content\/uploads\/2018\/10\/DSC_0013.jpg\" class=\"attachment-large size-large\" alt=\"\" srcset=\"https:\/\/anoticiaonline.com.br\/site\/wp-content\/uploads\/2018\/10\/DSC_0013.jpg 1000w, https:\/\/anoticiaonline.com.br\/site\/wp-content\/uploads\/2018\/10\/DSC_0013-300x200.jpg 300w, https:\/\/anoticiaonline.com.br\/site\/wp-content\/uploads\/2018\/10\/DSC_0013-768x512.jpg 768w\" sizes=\"(max-width: 900px) 100vw, 900px\" \/><\/a>\n\t\t\t<\/div><\/figure><figure class='gallery-item'>\n\t\t\t<div class='gallery-icon landscape'>\n\t\t\t\t<a href='https:\/\/anoticiaonline.com.br\/site\/misael-varella-e-reeleito-deputado-federal-nas-eleicoes-2018\/dsc_0016-3\/#main'><img loading=\"lazy\" decoding=\"async\" width=\"900\" height=\"600\" src=\"https:\/\/anoticiaonline.com.br\/site\/wp-content\/uploads\/2018\/10\/DSC_0016.jpg\" class=\"attachment-large size-large\" alt=\"\" srcset=\"https:\/\/anoticiaonline.com.br\/site\/wp-content\/uploads\/2018\/10\/DSC_0016.jpg 1000w, https:\/\/anoticiaonline.com.br\/site\/wp-content\/uploads\/2018\/10\/DSC_0016-300x200.jpg 300w, https:\/\/anoticiaonline.com.br\/site\/wp-content\/uploads\/2018\/10\/DSC_0016-768x512.jpg 768w\" sizes=\"(max-width: 900px) 100vw, 900px\" \/><\/a>\n\t\t\t<\/div><\/figure><figure class='gallery-item'>\n\t\t\t<div class='gallery-icon landscape'>\n\t\t\t\t<a href='https:\/\/anoticiaonline.com.br\/site\/misael-varella-e-reeleito-deputado-federal-nas-eleicoes-2018\/dsc_0974-3\/#main'><img loading=\"lazy\" decoding=\"async\" width=\"900\" height=\"600\" src=\"https:\/\/anoticiaonline.com.br\/site\/wp-content\/uploads\/2018\/10\/DSC_0974.jpg\" class=\"attachment-large size-large\" alt=\"\" srcset=\"https:\/\/anoticiaonline.com.br\/site\/wp-content\/uploads\/2018\/10\/DSC_0974.jpg 1000w, https:\/\/anoticiaonline.com.br\/site\/wp-content\/uploads\/2018\/10\/DSC_0974-300x200.jpg 300w, https:\/\/anoticiaonline.com.br\/site\/wp-content\/uploads\/2018\/10\/DSC_0974-768x512.jpg 768w\" sizes=\"(max-width: 900px) 100vw, 900px\" \/><\/a>\n\t\t\t<\/div><\/figure><figure class='gallery-item'>\n\t\t\t<div class='gallery-icon landscape'>\n\t\t\t\t<a href='https:\/\/anoticiaonline.com.br\/site\/misael-varella-e-reeleito-deputado-federal-nas-eleicoes-2018\/dsc_0979-6\/#main'><img loading=\"lazy\" decoding=\"async\" width=\"900\" height=\"600\" src=\"https:\/\/anoticiaonline.com.br\/site\/wp-content\/uploads\/2018\/10\/DSC_0979-1.jpg\" class=\"attachment-large size-large\" alt=\"\" srcset=\"https:\/\/anoticiaonline.com.br\/site\/wp-content\/uploads\/2018\/10\/DSC_0979-1.jpg 1000w, https:\/\/anoticiaonline.com.br\/site\/wp-content\/uploads\/2018\/10\/DSC_0979-1-300x200.jpg 300w, https:\/\/anoticiaonline.com.br\/site\/wp-content\/uploads\/2018\/10\/DSC_0979-1-768x512.jpg 768w\" sizes=\"(max-width: 900px) 100vw, 900px\" \/><\/a>\n\t\t\t<\/div><\/figure><figure class='gallery-item'>\n\t\t\t<div class='gallery-icon landscape'>\n\t\t\t\t<a href='https:\/\/anoticiaonline.com.br\/site\/misael-varella-e-reeleito-deputado-federal-nas-eleicoes-2018\/dsc_0988-5\/#main'><img loading=\"lazy\" decoding=\"async\" width=\"900\" height=\"600\" src=\"https:\/\/anoticiaonline.com.br\/site\/wp-content\/uploads\/2018\/10\/DSC_0988.jpg\" class=\"attachment-large size-large\" alt=\"\" srcset=\"https:\/\/anoticiaonline.com.br\/site\/wp-content\/uploads\/2018\/10\/DSC_0988.jpg 1000w, https:\/\/anoticiaonline.com.br\/site\/wp-content\/uploads\/2018\/10\/DSC_0988-300x200.jpg 300w, https:\/\/anoticiaonline.com.br\/site\/wp-content\/uploads\/2018\/10\/DSC_0988-768x512.jpg 768w\" sizes=\"(max-width: 900px) 100vw, 900px\" \/><\/a>\n\t\t\t<\/div><\/figure><figure class='gallery-item'>\n\t\t\t<div class='gallery-icon landscape'>\n\t\t\t\t<a href='https:\/\/anoticiaonline.com.br\/site\/misael-varella-e-reeleito-deputado-federal-nas-eleicoes-2018\/dsc_0993-2\/#main'><img loading=\"lazy\" decoding=\"async\" width=\"900\" height=\"600\" src=\"https:\/\/anoticiaonline.com.br\/site\/wp-content\/uploads\/2018\/10\/DSC_0993.jpg\" class=\"attachment-large size-large\" alt=\"\" srcset=\"https:\/\/anoticiaonline.com.br\/site\/wp-content\/uploads\/2018\/10\/DSC_0993.jpg 1000w, https:\/\/anoticiaonline.com.br\/site\/wp-content\/uploads\/2018\/10\/DSC_0993-300x200.jpg 300w, https:\/\/anoticiaonline.com.br\/site\/wp-content\/uploads\/2018\/10\/DSC_0993-768x512.jpg 768w\" sizes=\"(max-width: 900px) 100vw, 900px\" \/><\/a>\n\t\t\t<\/div><\/figure><figure class='gallery-item'>\n\t\t\t<div class='gallery-icon landscape'>\n\t\t\t\t<a href='https:\/\/anoticiaonline.com.br\/site\/misael-varella-e-reeleito-deputado-federal-nas-eleicoes-2018\/img_2376\/#main'><img loading=\"lazy\" decoding=\"async\" width=\"900\" height=\"675\" src=\"https:\/\/anoticiaonline.com.br\/site\/wp-content\/uploads\/2018\/10\/IMG_2376.jpg\" class=\"attachment-large size-large\" alt=\"\" srcset=\"https:\/\/anoticiaonline.com.br\/site\/wp-content\/uploads\/2018\/10\/IMG_2376.jpg 1000w, https:\/\/anoticiaonline.com.br\/site\/wp-content\/uploads\/2018\/10\/IMG_2376-300x225.jpg 300w, https:\/\/anoticiaonline.com.br\/site\/wp-content\/uploads\/2018\/10\/IMG_2376-768x576.jpg 768w, https:\/\/anoticiaonline.com.br\/site\/wp-content\/uploads\/2018\/10\/IMG_2376-105x80.jpg 105w\" sizes=\"(max-width: 900px) 100vw, 900px\" \/><\/a>\n\t\t\t<\/div><\/figure>\n\t\t<\/div>\n\n<p>&nbsp;<\/p>\n","protected":false},"excerpt":{"rendered":"<p>Misael Varella (PSD) foi reeleito deputado federal, com 128.537 votos, e continuar\u00e1 representando Muria\u00e9, a regi\u00e3o e todo Estado de Minas Gerais na C\u00e2mara dos Deputados em Bras\u00edlia. Natural de Muria\u00e9, filho do ex-deputado federal e atual suplente de Senador Lael Varella, Misael Varella vai para o seu segundo mandato. &nbsp; Mensagem do parlamentar \u2013 &#8230; <a title=\"Misael Varella \u00e9 reeleito deputado federal nas Elei\u00e7\u00f5es 2018\" class=\"read-more\" href=\"https:\/\/anoticiaonline.com.br\/site\/misael-varella-e-reeleito-deputado-federal-nas-eleicoes-2018\/\" aria-label=\"Read more about Misael Varella \u00e9 reeleito deputado federal nas Elei\u00e7\u00f5es 2018\">Ler mais<\/a><\/p>\n","protected":false},"author":2,"featured_media":63012,"comment_status":"open","ping_status":"open","sticky":false,"template":"","format":"standard","meta":{"_acf_changed":false,"_monsterinsights_skip_tracking":false,"footnotes":""},"categories":[30],"tags":[2384,817,3243],"class_list":["post-63010","post","type-post","status-publish","format-standard","has-post-thumbnail","hentry","category-muriae","tag-deputado-federal-misael-varella","tag-misael-varella","tag-votacao-2018"],"acf":[],"aioseo_notices":[],"aioseo_head":"\n\t\t<!-- All in One SEO 5.0.0.1 - aioseo.com -->\n\t<meta name=\"description\" content=\"Misael Varella (PSD) foi reeleito deputado federal, com 128.537 votos, e continuar\u00e1 representando Muria\u00e9, a regi\u00e3o e todo Estado de Minas Gerais na C\u00e2mara dos Deputados em Bras\u00edlia. Natural de Muria\u00e9, filho do ex-deputado federal e atual suplente de Senador Lael Varella, Misael Varella vai para o seu segundo mandato. Mensagem do parlamentar \u2013\" \/>\n\t<meta name=\"robots\" content=\"max-image-preview:large\" \/>\n\t<meta name=\"author\" content=\"Juliana Laviola\"\/>\n\t<link rel=\"canonical\" href=\"https:\/\/anoticiaonline.com.br\/site\/misael-varella-e-reeleito-deputado-federal-nas-eleicoes-2018\/\" \/>\n\t<meta name=\"generator\" content=\"All in One SEO (AIOSEO) 5.0.0.1\" \/>\n\t\t<meta property=\"og:locale\" content=\"pt_BR\" \/>\n\t\t<meta property=\"og:site_name\" content=\"A Not\u00edcia Online - Noticias de Muria\u00e9 e regi\u00e3o\" \/>\n\t\t<meta property=\"og:type\" content=\"article\" \/>\n\t\t<meta property=\"og:title\" content=\"Misael Varella \u00e9 reeleito deputado federal nas Elei\u00e7\u00f5es 2018 - A Not\u00edcia Online\" \/>\n\t\t<meta property=\"og:description\" content=\"Misael Varella (PSD) foi reeleito deputado federal, com 128.537 votos, e continuar\u00e1 representando Muria\u00e9, a regi\u00e3o e todo Estado de Minas Gerais na C\u00e2mara dos Deputados em Bras\u00edlia. Natural de Muria\u00e9, filho do ex-deputado federal e atual suplente de Senador Lael Varella, Misael Varella vai para o seu segundo mandato. Mensagem do parlamentar \u2013\" \/>\n\t\t<meta property=\"og:url\" content=\"https:\/\/anoticiaonline.com.br\/site\/misael-varella-e-reeleito-deputado-federal-nas-eleicoes-2018\/\" \/>\n\t\t<meta property=\"og:image\" content=\"https:\/\/scontent-gig4-1.xx.fbcdn.net\/v\/t39.30808-1\/270437624_4564083193639691_6907940295614233970_n.jpg?stp=dst-jpg_s200x200_tt6&#038;_nc_cat=111&#038;ccb=1-7&#038;_nc_sid=f907e8&#038;_nc_ohc=SM1wRlP3lJwQ7kNvwEPuBYA&#038;_nc_oc=AdnqrjDN_BNjSSHWO-GbkIWH6fkGMLw4bqvL_NH6e2wMveX7G-rP2dAqsDSq1mJMOaY&#038;_nc_zt=24&#038;_nc_ht=scontent-gig4-1.xx&#038;_nc_gid=AoBFJeGrT1hVaew_6rchkQ&#038;oh=00_AfX7QmFGhQhG2jAllVgXCiM1ZrWgvtp80-Bfppyexh1QEg&#038;oe=689E923C\" \/>\n\t\t<meta property=\"og:image:secure_url\" content=\"https:\/\/scontent-gig4-1.xx.fbcdn.net\/v\/t39.30808-1\/270437624_4564083193639691_6907940295614233970_n.jpg?stp=dst-jpg_s200x200_tt6&#038;_nc_cat=111&#038;ccb=1-7&#038;_nc_sid=f907e8&#038;_nc_ohc=SM1wRlP3lJwQ7kNvwEPuBYA&#038;_nc_oc=AdnqrjDN_BNjSSHWO-GbkIWH6fkGMLw4bqvL_NH6e2wMveX7G-rP2dAqsDSq1mJMOaY&#038;_nc_zt=24&#038;_nc_ht=scontent-gig4-1.xx&#038;_nc_gid=AoBFJeGrT1hVaew_6rchkQ&#038;oh=00_AfX7QmFGhQhG2jAllVgXCiM1ZrWgvtp80-Bfppyexh1QEg&#038;oe=689E923C\" \/>\n\t\t<meta property=\"article:published_time\" content=\"2018-10-11T17:19:12+00:00\" \/>\n\t\t<meta property=\"article:modified_time\" content=\"2018-10-11T17:19:12+00:00\" \/>\n\t\t<meta name=\"twitter:card\" content=\"summary_large_image\" \/>\n\t\t<meta name=\"twitter:title\" content=\"Misael Varella \u00e9 reeleito deputado federal nas Elei\u00e7\u00f5es 2018 - A Not\u00edcia Online\" \/>\n\t\t<meta name=\"twitter:description\" content=\"Misael Varella (PSD) foi reeleito deputado federal, com 128.537 votos, e continuar\u00e1 representando Muria\u00e9, a regi\u00e3o e todo Estado de Minas Gerais na C\u00e2mara dos Deputados em Bras\u00edlia. Natural de Muria\u00e9, filho do ex-deputado federal e atual suplente de Senador Lael Varella, Misael Varella vai para o seu segundo mandato. Mensagem do parlamentar \u2013\" \/>\n\t\t<meta name=\"twitter:image\" content=\"https:\/\/scontent-gig4-1.xx.fbcdn.net\/v\/t39.30808-1\/270437624_4564083193639691_6907940295614233970_n.jpg?stp=dst-jpg_s200x200_tt6&amp;_nc_cat=111&amp;ccb=1-7&amp;_nc_sid=f907e8&amp;_nc_ohc=SM1wRlP3lJwQ7kNvwEPuBYA&amp;_nc_oc=AdnqrjDN_BNjSSHWO-GbkIWH6fkGMLw4bqvL_NH6e2wMveX7G-rP2dAqsDSq1mJMOaY&amp;_nc_zt=24&amp;_nc_ht=scontent-gig4-1.xx&amp;_nc_gid=AoBFJeGrT1hVaew_6rchkQ&amp;oh=00_AfX7QmFGhQhG2jAllVgXCiM1ZrWgvtp80-Bfppyexh1QEg&amp;oe=689E923C\" \/>\n\t\t<script type=\"application\/ld+json\" class=\"aioseo-schema\">\n\t\t\t{\"@context\":\"https:\\\/\\\/schema.org\",\"@graph\":[{\"@type\":\"BlogPosting\",\"@id\":\"https:\\\/\\\/anoticiaonline.com.br\\\/site\\\/misael-varella-e-reeleito-deputado-federal-nas-eleicoes-2018\\\/#blogposting\",\"name\":\"Misael Varella \\u00e9 reeleito deputado federal nas Elei\\u00e7\\u00f5es 2018 - A Not\\u00edcia Online\",\"headline\":\"Misael Varella \\u00e9 reeleito deputado federal nas Elei\\u00e7\\u00f5es 2018\",\"author\":{\"@id\":\"https:\\\/\\\/anoticiaonline.com.br\\\/site\\\/author\\\/juliana\\\/#author\"},\"publisher\":{\"@id\":\"https:\\\/\\\/anoticiaonline.com.br\\\/site\\\/#organization\"},\"image\":{\"@type\":\"ImageObject\",\"url\":\"https:\\\/\\\/anoticiaonline.com.br\\\/site\\\/wp-content\\\/uploads\\\/2018\\\/10\\\/DSC_0976.jpg\",\"width\":1000,\"height\":667},\"datePublished\":\"2018-10-11T14:19:12-03:00\",\"dateModified\":\"2018-10-11T14:19:12-03:00\",\"inLanguage\":\"pt-BR\",\"mainEntityOfPage\":{\"@id\":\"https:\\\/\\\/anoticiaonline.com.br\\\/site\\\/misael-varella-e-reeleito-deputado-federal-nas-eleicoes-2018\\\/#webpage\"},\"isPartOf\":{\"@id\":\"https:\\\/\\\/anoticiaonline.com.br\\\/site\\\/misael-varella-e-reeleito-deputado-federal-nas-eleicoes-2018\\\/#webpage\"},\"articleSection\":\"Blog, deputado federal Misael Varella, misael varella, vota\\u00e7\\u00e3o 2018\"},{\"@type\":\"BreadcrumbList\",\"@id\":\"https:\\\/\\\/anoticiaonline.com.br\\\/site\\\/misael-varella-e-reeleito-deputado-federal-nas-eleicoes-2018\\\/#breadcrumblist\",\"itemListElement\":[{\"@type\":\"ListItem\",\"@id\":\"https:\\\/\\\/anoticiaonline.com.br\\\/site#listItem\",\"position\":1,\"name\":\"Home\",\"item\":\"https:\\\/\\\/anoticiaonline.com.br\\\/site\",\"nextItem\":{\"@type\":\"ListItem\",\"@id\":\"https:\\\/\\\/anoticiaonline.com.br\\\/site\\\/categoria\\\/muriae\\\/#listItem\",\"name\":\"Blog\"}},{\"@type\":\"ListItem\",\"@id\":\"https:\\\/\\\/anoticiaonline.com.br\\\/site\\\/categoria\\\/muriae\\\/#listItem\",\"position\":2,\"name\":\"Blog\",\"item\":\"https:\\\/\\\/anoticiaonline.com.br\\\/site\\\/categoria\\\/muriae\\\/\",\"nextItem\":{\"@type\":\"ListItem\",\"@id\":\"https:\\\/\\\/anoticiaonline.com.br\\\/site\\\/misael-varella-e-reeleito-deputado-federal-nas-eleicoes-2018\\\/#listItem\",\"name\":\"Misael Varella \\u00e9 reeleito deputado federal nas Elei\\u00e7\\u00f5es 2018\"},\"previousItem\":{\"@type\":\"ListItem\",\"@id\":\"https:\\\/\\\/anoticiaonline.com.br\\\/site#listItem\",\"name\":\"Home\"}},{\"@type\":\"ListItem\",\"@id\":\"https:\\\/\\\/anoticiaonline.com.br\\\/site\\\/misael-varella-e-reeleito-deputado-federal-nas-eleicoes-2018\\\/#listItem\",\"position\":3,\"name\":\"Misael Varella \\u00e9 reeleito deputado federal nas Elei\\u00e7\\u00f5es 2018\",\"previousItem\":{\"@type\":\"ListItem\",\"@id\":\"https:\\\/\\\/anoticiaonline.com.br\\\/site\\\/categoria\\\/muriae\\\/#listItem\",\"name\":\"Blog\"}}]},{\"@type\":\"Organization\",\"@id\":\"https:\\\/\\\/anoticiaonline.com.br\\\/site\\\/#organization\",\"name\":\"A Not\\u00edcia Online\",\"description\":\"Noticias de Muria\\u00e9 e regi\\u00e3o\",\"url\":\"https:\\\/\\\/anoticiaonline.com.br\\\/site\\\/\",\"logo\":{\"@type\":\"ImageObject\",\"url\":\"https:\\\/\\\/scontent-gig4-1.xx.fbcdn.net\\\/v\\\/t39.30808-1\\\/270437624_4564083193639691_6907940295614233970_n.jpg?stp=dst-jpg_s200x200_tt6&_nc_cat=111&ccb=1-7&_nc_sid=f907e8&_nc_ohc=SM1wRlP3lJwQ7kNvwEPuBYA&_nc_oc=AdnqrjDN_BNjSSHWO-GbkIWH6fkGMLw4bqvL_NH6e2wMveX7G-rP2dAqsDSq1mJMOaY&_nc_zt=24&_nc_ht=scontent-gig4-1.xx&_nc_gid=AoBFJeGrT1hVaew_6rchkQ&oh=00_AfX7QmFGhQhG2jAllVgXCiM1ZrWgvtp80-Bfppyexh1QEg&oe=689E923C\",\"@id\":\"https:\\\/\\\/anoticiaonline.com.br\\\/site\\\/misael-varella-e-reeleito-deputado-federal-nas-eleicoes-2018\\\/#organizationLogo\"},\"image\":{\"@id\":\"https:\\\/\\\/anoticiaonline.com.br\\\/site\\\/misael-varella-e-reeleito-deputado-federal-nas-eleicoes-2018\\\/#organizationLogo\"}},{\"@type\":\"Person\",\"@id\":\"https:\\\/\\\/anoticiaonline.com.br\\\/site\\\/author\\\/juliana\\\/#author\",\"url\":\"https:\\\/\\\/anoticiaonline.com.br\\\/site\\\/author\\\/juliana\\\/\",\"name\":\"Juliana Laviola\",\"image\":{\"@type\":\"ImageObject\",\"@id\":\"https:\\\/\\\/anoticiaonline.com.br\\\/site\\\/misael-varella-e-reeleito-deputado-federal-nas-eleicoes-2018\\\/#authorImage\",\"url\":\"https:\\\/\\\/secure.gravatar.com\\\/avatar\\\/b8d45f5c699b100dfaf0e543582f38f38bf94cb7ae3a5e9abf8d891a34773335?s=96&d=mm&r=g\",\"width\":96,\"height\":96,\"caption\":\"Juliana Laviola\"}},{\"@type\":\"WebPage\",\"@id\":\"https:\\\/\\\/anoticiaonline.com.br\\\/site\\\/misael-varella-e-reeleito-deputado-federal-nas-eleicoes-2018\\\/#webpage\",\"url\":\"https:\\\/\\\/anoticiaonline.com.br\\\/site\\\/misael-varella-e-reeleito-deputado-federal-nas-eleicoes-2018\\\/\",\"name\":\"Misael Varella \\u00e9 reeleito deputado federal nas Elei\\u00e7\\u00f5es 2018 - A Not\\u00edcia Online\",\"description\":\"Misael Varella (PSD) foi reeleito deputado federal, com 128.537 votos, e continuar\\u00e1 representando Muria\\u00e9, a regi\\u00e3o e todo Estado de Minas Gerais na C\\u00e2mara dos Deputados em Bras\\u00edlia. Natural de Muria\\u00e9, filho do ex-deputado federal e atual suplente de Senador Lael Varella, Misael Varella vai para o seu segundo mandato. Mensagem do parlamentar \\u2013\",\"inLanguage\":\"pt-BR\",\"isPartOf\":{\"@id\":\"https:\\\/\\\/anoticiaonline.com.br\\\/site\\\/#website\"},\"breadcrumb\":{\"@id\":\"https:\\\/\\\/anoticiaonline.com.br\\\/site\\\/misael-varella-e-reeleito-deputado-federal-nas-eleicoes-2018\\\/#breadcrumblist\"},\"author\":{\"@id\":\"https:\\\/\\\/anoticiaonline.com.br\\\/site\\\/author\\\/juliana\\\/#author\"},\"creator\":{\"@id\":\"https:\\\/\\\/anoticiaonline.com.br\\\/site\\\/author\\\/juliana\\\/#author\"},\"image\":{\"@type\":\"ImageObject\",\"url\":\"https:\\\/\\\/anoticiaonline.com.br\\\/site\\\/wp-content\\\/uploads\\\/2018\\\/10\\\/DSC_0976.jpg\",\"@id\":\"https:\\\/\\\/anoticiaonline.com.br\\\/site\\\/misael-varella-e-reeleito-deputado-federal-nas-eleicoes-2018\\\/#mainImage\",\"width\":1000,\"height\":667},\"primaryImageOfPage\":{\"@id\":\"https:\\\/\\\/anoticiaonline.com.br\\\/site\\\/misael-varella-e-reeleito-deputado-federal-nas-eleicoes-2018\\\/#mainImage\"},\"datePublished\":\"2018-10-11T14:19:12-03:00\",\"dateModified\":\"2018-10-11T14:19:12-03:00\"},{\"@type\":\"WebSite\",\"@id\":\"https:\\\/\\\/anoticiaonline.com.br\\\/site\\\/#website\",\"url\":\"https:\\\/\\\/anoticiaonline.com.br\\\/site\\\/\",\"name\":\"A Not\\u00edcia Online\",\"description\":\"Noticias de Muria\\u00e9 e regi\\u00e3o\",\"inLanguage\":\"pt-BR\",\"publisher\":{\"@id\":\"https:\\\/\\\/anoticiaonline.com.br\\\/site\\\/#organization\"}}]}\n\t\t<\/script>\n\t\t<!-- All in One SEO -->\n\n","aioseo_head_json":{"title":"Misael Varella \u00e9 reeleito deputado federal nas Elei\u00e7\u00f5es 2018 - A Not\u00edcia Online","description":"Misael Varella (PSD) foi reeleito deputado federal, com 128.537 votos, e continuar\u00e1 representando Muria\u00e9, a regi\u00e3o e todo Estado de Minas Gerais na C\u00e2mara dos Deputados em Bras\u00edlia. Natural de Muria\u00e9, filho do ex-deputado federal e atual suplente de Senador Lael Varella, Misael Varella vai para o seu segundo mandato. Mensagem do parlamentar \u2013","canonical_url":"https:\/\/anoticiaonline.com.br\/site\/misael-varella-e-reeleito-deputado-federal-nas-eleicoes-2018\/","robots":"max-image-preview:large","keywords":"","webmasterTools":{"miscellaneous":""},"schema":{"@context":"https:\/\/schema.org","@graph":[{"@type":"BlogPosting","@id":"https:\/\/anoticiaonline.com.br\/site\/misael-varella-e-reeleito-deputado-federal-nas-eleicoes-2018\/#blogposting","name":"Misael Varella \u00e9 reeleito deputado federal nas Elei\u00e7\u00f5es 2018 - A Not\u00edcia Online","headline":"Misael Varella \u00e9 reeleito deputado federal nas Elei\u00e7\u00f5es 2018","author":{"@id":"https:\/\/anoticiaonline.com.br\/site\/author\/juliana\/#author"},"publisher":{"@id":"https:\/\/anoticiaonline.com.br\/site\/#organization"},"image":{"@type":"ImageObject","url":"https:\/\/anoticiaonline.com.br\/site\/wp-content\/uploads\/2018\/10\/DSC_0976.jpg","width":1000,"height":667},"datePublished":"2018-10-11T14:19:12-03:00","dateModified":"2018-10-11T14:19:12-03:00","inLanguage":"pt-BR","mainEntityOfPage":{"@id":"https:\/\/anoticiaonline.com.br\/site\/misael-varella-e-reeleito-deputado-federal-nas-eleicoes-2018\/#webpage"},"isPartOf":{"@id":"https:\/\/anoticiaonline.com.br\/site\/misael-varella-e-reeleito-deputado-federal-nas-eleicoes-2018\/#webpage"},"articleSection":"Blog, deputado federal Misael Varella, misael varella, vota\u00e7\u00e3o 2018"},{"@type":"BreadcrumbList","@id":"https:\/\/anoticiaonline.com.br\/site\/misael-varella-e-reeleito-deputado-federal-nas-eleicoes-2018\/#breadcrumblist","itemListElement":[{"@type":"ListItem","@id":"https:\/\/anoticiaonline.com.br\/site#listItem","position":1,"name":"Home","item":"https:\/\/anoticiaonline.com.br\/site","nextItem":{"@type":"ListItem","@id":"https:\/\/anoticiaonline.com.br\/site\/categoria\/muriae\/#listItem","name":"Blog"}},{"@type":"ListItem","@id":"https:\/\/anoticiaonline.com.br\/site\/categoria\/muriae\/#listItem","position":2,"name":"Blog","item":"https:\/\/anoticiaonline.com.br\/site\/categoria\/muriae\/","nextItem":{"@type":"ListItem","@id":"https:\/\/anoticiaonline.com.br\/site\/misael-varella-e-reeleito-deputado-federal-nas-eleicoes-2018\/#listItem","name":"Misael Varella \u00e9 reeleito deputado federal nas Elei\u00e7\u00f5es 2018"},"previousItem":{"@type":"ListItem","@id":"https:\/\/anoticiaonline.com.br\/site#listItem","name":"Home"}},{"@type":"ListItem","@id":"https:\/\/anoticiaonline.com.br\/site\/misael-varella-e-reeleito-deputado-federal-nas-eleicoes-2018\/#listItem","position":3,"name":"Misael Varella \u00e9 reeleito deputado federal nas Elei\u00e7\u00f5es 2018","previousItem":{"@type":"ListItem","@id":"https:\/\/anoticiaonline.com.br\/site\/categoria\/muriae\/#listItem","name":"Blog"}}]},{"@type":"Organization","@id":"https:\/\/anoticiaonline.com.br\/site\/#organization","name":"A Not\u00edcia Online","description":"Noticias de Muria\u00e9 e regi\u00e3o","url":"https:\/\/anoticiaonline.com.br\/site\/","logo":{"@type":"ImageObject","url":"https:\/\/scontent-gig4-1.xx.fbcdn.net\/v\/t39.30808-1\/270437624_4564083193639691_6907940295614233970_n.jpg?stp=dst-jpg_s200x200_tt6&_nc_cat=111&ccb=1-7&_nc_sid=f907e8&_nc_ohc=SM1wRlP3lJwQ7kNvwEPuBYA&_nc_oc=AdnqrjDN_BNjSSHWO-GbkIWH6fkGMLw4bqvL_NH6e2wMveX7G-rP2dAqsDSq1mJMOaY&_nc_zt=24&_nc_ht=scontent-gig4-1.xx&_nc_gid=AoBFJeGrT1hVaew_6rchkQ&oh=00_AfX7QmFGhQhG2jAllVgXCiM1ZrWgvtp80-Bfppyexh1QEg&oe=689E923C","@id":"https:\/\/anoticiaonline.com.br\/site\/misael-varella-e-reeleito-deputado-federal-nas-eleicoes-2018\/#organizationLogo"},"image":{"@id":"https:\/\/anoticiaonline.com.br\/site\/misael-varella-e-reeleito-deputado-federal-nas-eleicoes-2018\/#organizationLogo"}},{"@type":"Person","@id":"https:\/\/anoticiaonline.com.br\/site\/author\/juliana\/#author","url":"https:\/\/anoticiaonline.com.br\/site\/author\/juliana\/","name":"Juliana Laviola","image":{"@type":"ImageObject","@id":"https:\/\/anoticiaonline.com.br\/site\/misael-varella-e-reeleito-deputado-federal-nas-eleicoes-2018\/#authorImage","url":"https:\/\/secure.gravatar.com\/avatar\/b8d45f5c699b100dfaf0e543582f38f38bf94cb7ae3a5e9abf8d891a34773335?s=96&d=mm&r=g","width":96,"height":96,"caption":"Juliana Laviola"}},{"@type":"WebPage","@id":"https:\/\/anoticiaonline.com.br\/site\/misael-varella-e-reeleito-deputado-federal-nas-eleicoes-2018\/#webpage","url":"https:\/\/anoticiaonline.com.br\/site\/misael-varella-e-reeleito-deputado-federal-nas-eleicoes-2018\/","name":"Misael Varella \u00e9 reeleito deputado federal nas Elei\u00e7\u00f5es 2018 - A Not\u00edcia Online","description":"Misael Varella (PSD) foi reeleito deputado federal, com 128.537 votos, e continuar\u00e1 representando Muria\u00e9, a regi\u00e3o e todo Estado de Minas Gerais na C\u00e2mara dos Deputados em Bras\u00edlia. Natural de Muria\u00e9, filho do ex-deputado federal e atual suplente de Senador Lael Varella, Misael Varella vai para o seu segundo mandato. Mensagem do parlamentar \u2013","inLanguage":"pt-BR","isPartOf":{"@id":"https:\/\/anoticiaonline.com.br\/site\/#website"},"breadcrumb":{"@id":"https:\/\/anoticiaonline.com.br\/site\/misael-varella-e-reeleito-deputado-federal-nas-eleicoes-2018\/#breadcrumblist"},"author":{"@id":"https:\/\/anoticiaonline.com.br\/site\/author\/juliana\/#author"},"creator":{"@id":"https:\/\/anoticiaonline.com.br\/site\/author\/juliana\/#author"},"image":{"@type":"ImageObject","url":"https:\/\/anoticiaonline.com.br\/site\/wp-content\/uploads\/2018\/10\/DSC_0976.jpg","@id":"https:\/\/anoticiaonline.com.br\/site\/misael-varella-e-reeleito-deputado-federal-nas-eleicoes-2018\/#mainImage","width":1000,"height":667},"primaryImageOfPage":{"@id":"https:\/\/anoticiaonline.com.br\/site\/misael-varella-e-reeleito-deputado-federal-nas-eleicoes-2018\/#mainImage"},"datePublished":"2018-10-11T14:19:12-03:00","dateModified":"2018-10-11T14:19:12-03:00"},{"@type":"WebSite","@id":"https:\/\/anoticiaonline.com.br\/site\/#website","url":"https:\/\/anoticiaonline.com.br\/site\/","name":"A Not\u00edcia Online","description":"Noticias de Muria\u00e9 e regi\u00e3o","inLanguage":"pt-BR","publisher":{"@id":"https:\/\/anoticiaonline.com.br\/site\/#organization"}}]},"og:locale":"pt_BR","og:site_name":"A Not\u00edcia Online - Noticias de Muria\u00e9 e regi\u00e3o","og:type":"article","og:title":"Misael Varella \u00e9 reeleito deputado federal nas Elei\u00e7\u00f5es 2018 - A Not\u00edcia Online","og:description":"Misael Varella (PSD) foi reeleito deputado federal, com 128.537 votos, e continuar\u00e1 representando Muria\u00e9, a regi\u00e3o e todo Estado de Minas Gerais na C\u00e2mara dos Deputados em Bras\u00edlia. Natural de Muria\u00e9, filho do ex-deputado federal e atual suplente de Senador Lael Varella, Misael Varella vai para o seu segundo mandato. Mensagem do parlamentar \u2013","og:url":"https:\/\/anoticiaonline.com.br\/site\/misael-varella-e-reeleito-deputado-federal-nas-eleicoes-2018\/","og:image":"https:\/\/scontent-gig4-1.xx.fbcdn.net\/v\/t39.30808-1\/270437624_4564083193639691_6907940295614233970_n.jpg?stp=dst-jpg_s200x200_tt6&#038;_nc_cat=111&#038;ccb=1-7&#038;_nc_sid=f907e8&#038;_nc_ohc=SM1wRlP3lJwQ7kNvwEPuBYA&#038;_nc_oc=AdnqrjDN_BNjSSHWO-GbkIWH6fkGMLw4bqvL_NH6e2wMveX7G-rP2dAqsDSq1mJMOaY&#038;_nc_zt=24&#038;_nc_ht=scontent-gig4-1.xx&#038;_nc_gid=AoBFJeGrT1hVaew_6rchkQ&#038;oh=00_AfX7QmFGhQhG2jAllVgXCiM1ZrWgvtp80-Bfppyexh1QEg&#038;oe=689E923C","og:image:secure_url":"https:\/\/scontent-gig4-1.xx.fbcdn.net\/v\/t39.30808-1\/270437624_4564083193639691_6907940295614233970_n.jpg?stp=dst-jpg_s200x200_tt6&#038;_nc_cat=111&#038;ccb=1-7&#038;_nc_sid=f907e8&#038;_nc_ohc=SM1wRlP3lJwQ7kNvwEPuBYA&#038;_nc_oc=AdnqrjDN_BNjSSHWO-GbkIWH6fkGMLw4bqvL_NH6e2wMveX7G-rP2dAqsDSq1mJMOaY&#038;_nc_zt=24&#038;_nc_ht=scontent-gig4-1.xx&#038;_nc_gid=AoBFJeGrT1hVaew_6rchkQ&#038;oh=00_AfX7QmFGhQhG2jAllVgXCiM1ZrWgvtp80-Bfppyexh1QEg&#038;oe=689E923C","article:published_time":"2018-10-11T17:19:12+00:00","article:modified_time":"2018-10-11T17:19:12+00:00","twitter:card":"summary_large_image","twitter:title":"Misael Varella \u00e9 reeleito deputado federal nas Elei\u00e7\u00f5es 2018 - A Not\u00edcia Online","twitter:description":"Misael Varella (PSD) foi reeleito deputado federal, com 128.537 votos, e continuar\u00e1 representando Muria\u00e9, a regi\u00e3o e todo Estado de Minas Gerais na C\u00e2mara dos Deputados em Bras\u00edlia. Natural de Muria\u00e9, filho do ex-deputado federal e atual suplente de Senador Lael Varella, Misael Varella vai para o seu segundo mandato. Mensagem do parlamentar \u2013","twitter:image":"https:\/\/scontent-gig4-1.xx.fbcdn.net\/v\/t39.30808-1\/270437624_4564083193639691_6907940295614233970_n.jpg?stp=dst-jpg_s200x200_tt6&_nc_cat=111&ccb=1-7&_nc_sid=f907e8&_nc_ohc=SM1wRlP3lJwQ7kNvwEPuBYA&_nc_oc=AdnqrjDN_BNjSSHWO-GbkIWH6fkGMLw4bqvL_NH6e2wMveX7G-rP2dAqsDSq1mJMOaY&_nc_zt=24&_nc_ht=scontent-gig4-1.xx&_nc_gid=AoBFJeGrT1hVaew_6rchkQ&oh=00_AfX7QmFGhQhG2jAllVgXCiM1ZrWgvtp80-Bfppyexh1QEg&oe=689E923C"},"aioseo_meta_data":{"post_id":"63010","title":null,"description":null,"keywords":null,"keyphrases":null,"primary_term":null,"canonical_url":null,"og_title":null,"og_description":null,"og_object_type":"default","og_image_type":"default","og_image_url":null,"og_image_width":null,"og_image_height":null,"og_image_custom_url":null,"og_image_custom_fields":null,"og_video":null,"og_custom_url":null,"og_article_section":null,"og_article_tags":null,"twitter_use_og":false,"twitter_card":"default","twitter_image_type":"default","twitter_image_url":null,"twitter_image_custom_url":null,"twitter_image_custom_fields":null,"twitter_title":null,"twitter_description":null,"schema":{"blockGraphs":[],"customGraphs":[],"default":{"data":{"Article":[],"Course":[],"Dataset":[],"FAQPage":[],"Movie":[],"Person":[],"Product":[],"ProductReview":[],"Car":[],"Recipe":[],"Service":[],"SoftwareApplication":[],"WebPage":[]},"graphName":"","isEnabled":true},"graphs":[]},"schema_type":"default","schema_type_options":null,"pillar_content":false,"robots_default":true,"robots_noindex":false,"robots_noarchive":false,"robots_nosnippet":false,"robots_nofollow":false,"robots_noimageindex":false,"robots_noodp":false,"robots_notranslate":false,"robots_max_snippet":null,"robots_max_videopreview":null,"robots_max_imagepreview":"large","priority":null,"frequency":null,"local_seo":null,"breadcrumb_settings":null,"limit_modified_date":false,"ai":null,"created":"2025-08-16 21:52:29","updated":"2025-08-16 21:52:29","focus_keyword":null,"additional_keywords":null,"truseo_locale":null,"seo_analyzer_scan_date":null},"aioseo_breadcrumb":"<div class=\"aioseo-breadcrumbs\"><span class=\"aioseo-breadcrumb\">\n\t\t\t<a href=\"https:\/\/anoticiaonline.com.br\/site\" title=\"Home\">Home<\/a>\n\t\t<\/span><span class=\"aioseo-breadcrumb-separator\">&raquo;<\/span><span class=\"aioseo-breadcrumb\">\n\t\t\t<a href=\"https:\/\/anoticiaonline.com.br\/site\/categoria\/muriae\/\" title=\"Blog\">Blog<\/a>\n\t\t<\/span><span class=\"aioseo-breadcrumb-separator\">&raquo;<\/span><span class=\"aioseo-breadcrumb\">\n\t\t\tMisael Varella \u00e9 reeleito deputado federal nas Elei\u00e7\u00f5es 2018\n\t\t<\/span><\/div>","aioseo_breadcrumb_json":[{"label":"Home","link":"https:\/\/anoticiaonline.com.br\/site"},{"label":"Blog","link":"https:\/\/anoticiaonline.com.br\/site\/categoria\/muriae\/"},{"label":"Misael Varella \u00e9 reeleito deputado federal nas Elei\u00e7\u00f5es 2018","link":"https:\/\/anoticiaonline.com.br\/site\/misael-varella-e-reeleito-deputado-federal-nas-eleicoes-2018\/"}],"views":194,"_links":{"self":[{"href":"https:\/\/anoticiaonline.com.br\/site\/wp-json\/wp\/v2\/posts\/63010","targetHints":{"allow":["GET"]}}],"collection":[{"href":"https:\/\/anoticiaonline.com.br\/site\/wp-json\/wp\/v2\/posts"}],"about":[{"href":"https:\/\/anoticiaonline.com.br\/site\/wp-json\/wp\/v2\/types\/post"}],"author":[{"embeddable":true,"href":"https:\/\/anoticiaonline.com.br\/site\/wp-json\/wp\/v2\/users\/2"}],"replies":[{"embeddable":true,"href":"https:\/\/anoticiaonline.com.br\/site\/wp-json\/wp\/v2\/comments?post=63010"}],"version-history":[{"count":0,"href":"https:\/\/anoticiaonline.com.br\/site\/wp-json\/wp\/v2\/posts\/63010\/revisions"}],"wp:featuredmedia":[{"embeddable":true,"href":"https:\/\/anoticiaonline.com.br\/site\/wp-json\/wp\/v2\/media\/63012"}],"wp:attachment":[{"href":"https:\/\/anoticiaonline.com.br\/site\/wp-json\/wp\/v2\/media?parent=63010"}],"wp:term":[{"taxonomy":"category","embeddable":true,"href":"https:\/\/anoticiaonline.com.br\/site\/wp-json\/wp\/v2\/categories?post=63010"},{"taxonomy":"post_tag","embeddable":true,"href":"https:\/\/anoticiaonline.com.br\/site\/wp-json\/wp\/v2\/tags?post=63010"}],"curies":[{"name":"wp","href":"https:\/\/api.w.org\/{rel}","templated":true}]}}