{"id":62949,"date":"2018-10-11T12:32:16","date_gmt":"2018-10-11T15:32:16","guid":{"rendered":"http:\/\/anoticiaonline.com.br\/site\/?p=62949"},"modified":"2018-10-11T12:32:48","modified_gmt":"2018-10-11T15:32:48","slug":"salao-monalisa-costa-beauty-designer-e-inaugurado-em-muriae","status":"publish","type":"post","link":"https:\/\/anoticiaonline.com.br\/site\/salao-monalisa-costa-beauty-designer-e-inaugurado-em-muriae\/","title":{"rendered":"Sal\u00e3o Monalisa Costa Beauty Designer \u00e9 inaugurado em Muria\u00e9"},"content":{"rendered":"<p><a href=\"https:\/\/anoticiaonline.com.br\/site\/wp-content\/uploads\/2018\/10\/DSC_0198.jpg\"><img fetchpriority=\"high\" decoding=\"async\" class=\"aligncenter size-full wp-image-62953\" src=\"https:\/\/anoticiaonline.com.br\/site\/wp-content\/uploads\/2018\/10\/DSC_0198.jpg\" alt=\"\" width=\"1000\" height=\"667\" srcset=\"https:\/\/anoticiaonline.com.br\/site\/wp-content\/uploads\/2018\/10\/DSC_0198.jpg 1000w, https:\/\/anoticiaonline.com.br\/site\/wp-content\/uploads\/2018\/10\/DSC_0198-300x200.jpg 300w, https:\/\/anoticiaonline.com.br\/site\/wp-content\/uploads\/2018\/10\/DSC_0198-768x512.jpg 768w\" sizes=\"(max-width: 1000px) 100vw, 1000px\" \/><\/a><a href=\"https:\/\/anoticiaonline.com.br\/site\/wp-content\/uploads\/2018\/10\/DSC_0157.jpg\"><img decoding=\"async\" class=\"aligncenter size-full wp-image-62950\" src=\"https:\/\/anoticiaonline.com.br\/site\/wp-content\/uploads\/2018\/10\/DSC_0157.jpg\" alt=\"\" width=\"1000\" height=\"667\" srcset=\"https:\/\/anoticiaonline.com.br\/site\/wp-content\/uploads\/2018\/10\/DSC_0157.jpg 1000w, https:\/\/anoticiaonline.com.br\/site\/wp-content\/uploads\/2018\/10\/DSC_0157-300x200.jpg 300w, https:\/\/anoticiaonline.com.br\/site\/wp-content\/uploads\/2018\/10\/DSC_0157-768x512.jpg 768w\" sizes=\"(max-width: 1000px) 100vw, 1000px\" \/><\/a> <a href=\"https:\/\/anoticiaonline.com.br\/site\/wp-content\/uploads\/2018\/10\/DSC_0172.jpg\"><img decoding=\"async\" class=\"aligncenter size-full wp-image-62951\" src=\"https:\/\/anoticiaonline.com.br\/site\/wp-content\/uploads\/2018\/10\/DSC_0172.jpg\" alt=\"\" width=\"1000\" height=\"667\" srcset=\"https:\/\/anoticiaonline.com.br\/site\/wp-content\/uploads\/2018\/10\/DSC_0172.jpg 1000w, https:\/\/anoticiaonline.com.br\/site\/wp-content\/uploads\/2018\/10\/DSC_0172-300x200.jpg 300w, https:\/\/anoticiaonline.com.br\/site\/wp-content\/uploads\/2018\/10\/DSC_0172-768x512.jpg 768w\" sizes=\"(max-width: 1000px) 100vw, 1000px\" \/><\/a> <a href=\"https:\/\/anoticiaonline.com.br\/site\/wp-content\/uploads\/2018\/10\/DSC_0189.jpg\"><img loading=\"lazy\" decoding=\"async\" class=\"aligncenter size-full wp-image-62952\" src=\"https:\/\/anoticiaonline.com.br\/site\/wp-content\/uploads\/2018\/10\/DSC_0189.jpg\" alt=\"\" width=\"1000\" height=\"667\" srcset=\"https:\/\/anoticiaonline.com.br\/site\/wp-content\/uploads\/2018\/10\/DSC_0189.jpg 1000w, https:\/\/anoticiaonline.com.br\/site\/wp-content\/uploads\/2018\/10\/DSC_0189-300x200.jpg 300w, https:\/\/anoticiaonline.com.br\/site\/wp-content\/uploads\/2018\/10\/DSC_0189-768x512.jpg 768w\" sizes=\"(max-width: 1000px) 100vw, 1000px\" \/><\/a><a href=\"https:\/\/anoticiaonline.com.br\/site\/wp-content\/uploads\/2018\/10\/DSC_0199-1.jpg\"><img loading=\"lazy\" decoding=\"async\" class=\"aligncenter size-full wp-image-62954\" src=\"https:\/\/anoticiaonline.com.br\/site\/wp-content\/uploads\/2018\/10\/DSC_0199-1.jpg\" alt=\"\" width=\"533\" height=\"800\" srcset=\"https:\/\/anoticiaonline.com.br\/site\/wp-content\/uploads\/2018\/10\/DSC_0199-1.jpg 533w, https:\/\/anoticiaonline.com.br\/site\/wp-content\/uploads\/2018\/10\/DSC_0199-1-200x300.jpg 200w\" sizes=\"(max-width: 533px) 100vw, 533px\" \/><\/a>Muria\u00e9 conta agora com um sal\u00e3o de beleza completo para atender mulheres que se preocupam n\u00e3o s\u00f3 com o visual, mas tamb\u00e9m o seu bem-estar. Foi inaugurado, no s\u00e1bado (6), no Centro da cidade, o Sal\u00e3o Monalisa Costa Beauty Designer.<\/p>\n<p>Durante a inaugura\u00e7\u00e3o, clientes participaram de um delicioso coquetel e de um sorteio. Segundo a empres\u00e1ria, Monalisa Costa, o empreendimento conta com v\u00e1rios servi\u00e7os. \u201cTemos manicure, pedicure, aplica\u00e7\u00e3o de unhas de acrigel, que est\u00e3o em alta no momento, aplica\u00e7\u00e3o de unhas de poligel e de fibra de vidro. Nossas manicures s\u00e3o especialistas nestas inova\u00e7\u00f5es do mercado. Al\u00e9m disso, oferecemos os servi\u00e7os de alisamentos, relaxamento, escovas, hidrata\u00e7\u00e3o, colora\u00e7\u00e3o, cortes, maquiagem, design de sobrancelhas,\u00a0\u00a0\u00a0\u00a0\u00a0\u00a0\u00a0\u00a0\u00a0 depila\u00e7\u00e3o, tamb\u00e9m somos especialistas em cuidados com os cabelos cacheados, crespos e ondulados, uma novidade para Muria\u00e9\u201d.<\/p>\n<p>Cidinha Paiva, s\u00f3cia de Monalisa, o sal\u00e3o estar\u00e1 sempre trazendo novidades do ramo para suas clientes. \u201cFazemos bronzeamento artificial e possu\u00edmos tamb\u00e9m um pacote excelente para noivas com condi\u00e7\u00f5es e espa\u00e7o especiais. Aproveito a oportunidade para agradecer nossas clientes e amigas que vieram nos prestigiar, principalmente \u00e0 amiga Kelly Ventura, que organizou nosso coquetel para a inaugura\u00e7\u00e3o\u201d.<\/p>\n<p>Na oportunidade, Kelly Ventura disse que pretende retornar ao sal\u00e3o em breve. \u201cGostei muito do espa\u00e7o e do excelente atendimento desta equipe\u201d.<\/p>\n<p>O Sal\u00e3o Monalisa Costa Beauty Designer est\u00e1 localizado na Rua Coronel Marciano Rodrigues, n\u00famero 103, em cima da loja Par de Meias. Telefone para contato: (32) 3722-3743. WhatsApp: (32) 988484236. Pagamentos no cart\u00e3o de cr\u00e9dito, cheque e descontos \u00e0 vista.<\/p>\n<p><strong>*\u00c9 expressamente proibida a c\u00f3pia, reprodu\u00e7\u00e3o, difus\u00e3o, transmiss\u00e3o, utiliza\u00e7\u00e3o, modifica\u00e7\u00e3o, venda, publica\u00e7\u00e3o, distribui\u00e7\u00e3o ou qualquer outro, na totalidade ou em parte, deste material sem a pr\u00e9via autoriza\u00e7\u00e3o, por escrito, da dire\u00e7\u00e3o do jornal A NOT\u00cdCIA.<\/strong><\/p>\n<p>&nbsp;<\/p>\n<p><strong>Galeria de fotos:<\/strong><\/p>\n<div id='gallery-1' class='gallery galleryid-62949 gallery-columns-1 gallery-size-large'><figure class='gallery-item'>\n\t\t\t<div class='gallery-icon landscape'>\n\t\t\t\t<a href='https:\/\/anoticiaonline.com.br\/site\/salao-monalisa-costa-beauty-designer-e-inaugurado-em-muriae\/4abf3bf2-312e-4090-9c51-929850569c1c\/#main'><img loading=\"lazy\" decoding=\"async\" width=\"900\" height=\"675\" src=\"https:\/\/anoticiaonline.com.br\/site\/wp-content\/uploads\/2018\/10\/4abf3bf2-312e-4090-9c51-929850569c1c.jpg\" class=\"attachment-large size-large\" alt=\"\" srcset=\"https:\/\/anoticiaonline.com.br\/site\/wp-content\/uploads\/2018\/10\/4abf3bf2-312e-4090-9c51-929850569c1c.jpg 1000w, https:\/\/anoticiaonline.com.br\/site\/wp-content\/uploads\/2018\/10\/4abf3bf2-312e-4090-9c51-929850569c1c-300x225.jpg 300w, https:\/\/anoticiaonline.com.br\/site\/wp-content\/uploads\/2018\/10\/4abf3bf2-312e-4090-9c51-929850569c1c-768x576.jpg 768w, https:\/\/anoticiaonline.com.br\/site\/wp-content\/uploads\/2018\/10\/4abf3bf2-312e-4090-9c51-929850569c1c-105x80.jpg 105w\" sizes=\"(max-width: 900px) 100vw, 900px\" \/><\/a>\n\t\t\t<\/div><\/figure><figure class='gallery-item'>\n\t\t\t<div class='gallery-icon portrait'>\n\t\t\t\t<a href='https:\/\/anoticiaonline.com.br\/site\/salao-monalisa-costa-beauty-designer-e-inaugurado-em-muriae\/65ac3c58-d8dd-4fb6-a9c8-f89839cd7571\/#main'><img loading=\"lazy\" decoding=\"async\" width=\"600\" height=\"800\" src=\"https:\/\/anoticiaonline.com.br\/site\/wp-content\/uploads\/2018\/10\/65ac3c58-d8dd-4fb6-a9c8-f89839cd7571.jpg\" class=\"attachment-large size-large\" alt=\"\" srcset=\"https:\/\/anoticiaonline.com.br\/site\/wp-content\/uploads\/2018\/10\/65ac3c58-d8dd-4fb6-a9c8-f89839cd7571.jpg 600w, https:\/\/anoticiaonline.com.br\/site\/wp-content\/uploads\/2018\/10\/65ac3c58-d8dd-4fb6-a9c8-f89839cd7571-225x300.jpg 225w\" sizes=\"(max-width: 600px) 100vw, 600px\" \/><\/a>\n\t\t\t<\/div><\/figure><figure class='gallery-item'>\n\t\t\t<div class='gallery-icon portrait'>\n\t\t\t\t<a href='https:\/\/anoticiaonline.com.br\/site\/salao-monalisa-costa-beauty-designer-e-inaugurado-em-muriae\/53363db3-b705-434a-a0fd-a66c59940447\/#main'><img loading=\"lazy\" decoding=\"async\" width=\"600\" height=\"800\" src=\"https:\/\/anoticiaonline.com.br\/site\/wp-content\/uploads\/2018\/10\/53363db3-b705-434a-a0fd-a66c59940447.jpg\" class=\"attachment-large size-large\" alt=\"\" srcset=\"https:\/\/anoticiaonline.com.br\/site\/wp-content\/uploads\/2018\/10\/53363db3-b705-434a-a0fd-a66c59940447.jpg 600w, https:\/\/anoticiaonline.com.br\/site\/wp-content\/uploads\/2018\/10\/53363db3-b705-434a-a0fd-a66c59940447-225x300.jpg 225w\" sizes=\"(max-width: 600px) 100vw, 600px\" \/><\/a>\n\t\t\t<\/div><\/figure><figure class='gallery-item'>\n\t\t\t<div class='gallery-icon portrait'>\n\t\t\t\t<a href='https:\/\/anoticiaonline.com.br\/site\/salao-monalisa-costa-beauty-designer-e-inaugurado-em-muriae\/c873c2f6-663a-43c4-8121-27b78dd86c75\/#main'><img loading=\"lazy\" decoding=\"async\" width=\"600\" height=\"800\" src=\"https:\/\/anoticiaonline.com.br\/site\/wp-content\/uploads\/2018\/10\/c873c2f6-663a-43c4-8121-27b78dd86c75.jpg\" class=\"attachment-large size-large\" alt=\"\" srcset=\"https:\/\/anoticiaonline.com.br\/site\/wp-content\/uploads\/2018\/10\/c873c2f6-663a-43c4-8121-27b78dd86c75.jpg 600w, https:\/\/anoticiaonline.com.br\/site\/wp-content\/uploads\/2018\/10\/c873c2f6-663a-43c4-8121-27b78dd86c75-225x300.jpg 225w\" sizes=\"(max-width: 600px) 100vw, 600px\" \/><\/a>\n\t\t\t<\/div><\/figure><figure class='gallery-item'>\n\t\t\t<div class='gallery-icon landscape'>\n\t\t\t\t<a href='https:\/\/anoticiaonline.com.br\/site\/salao-monalisa-costa-beauty-designer-e-inaugurado-em-muriae\/dsc_0157-5\/#main'><img loading=\"lazy\" decoding=\"async\" width=\"900\" height=\"600\" src=\"https:\/\/anoticiaonline.com.br\/site\/wp-content\/uploads\/2018\/10\/DSC_0157-1.jpg\" class=\"attachment-large size-large\" alt=\"\" srcset=\"https:\/\/anoticiaonline.com.br\/site\/wp-content\/uploads\/2018\/10\/DSC_0157-1.jpg 1000w, https:\/\/anoticiaonline.com.br\/site\/wp-content\/uploads\/2018\/10\/DSC_0157-1-300x200.jpg 300w, https:\/\/anoticiaonline.com.br\/site\/wp-content\/uploads\/2018\/10\/DSC_0157-1-768x512.jpg 768w\" sizes=\"(max-width: 900px) 100vw, 900px\" \/><\/a>\n\t\t\t<\/div><\/figure><figure class='gallery-item'>\n\t\t\t<div class='gallery-icon portrait'>\n\t\t\t\t<a href='https:\/\/anoticiaonline.com.br\/site\/salao-monalisa-costa-beauty-designer-e-inaugurado-em-muriae\/dsc_0161-6\/#main'><img loading=\"lazy\" decoding=\"async\" width=\"533\" height=\"800\" src=\"https:\/\/anoticiaonline.com.br\/site\/wp-content\/uploads\/2018\/10\/DSC_0161.jpg\" class=\"attachment-large size-large\" alt=\"\" srcset=\"https:\/\/anoticiaonline.com.br\/site\/wp-content\/uploads\/2018\/10\/DSC_0161.jpg 533w, https:\/\/anoticiaonline.com.br\/site\/wp-content\/uploads\/2018\/10\/DSC_0161-200x300.jpg 200w\" sizes=\"(max-width: 533px) 100vw, 533px\" \/><\/a>\n\t\t\t<\/div><\/figure><figure class='gallery-item'>\n\t\t\t<div class='gallery-icon landscape'>\n\t\t\t\t<a href='https:\/\/anoticiaonline.com.br\/site\/salao-monalisa-costa-beauty-designer-e-inaugurado-em-muriae\/dsc_0168-5\/#main'><img loading=\"lazy\" decoding=\"async\" width=\"900\" height=\"600\" src=\"https:\/\/anoticiaonline.com.br\/site\/wp-content\/uploads\/2018\/10\/DSC_0168.jpg\" class=\"attachment-large size-large\" alt=\"\" srcset=\"https:\/\/anoticiaonline.com.br\/site\/wp-content\/uploads\/2018\/10\/DSC_0168.jpg 1000w, https:\/\/anoticiaonline.com.br\/site\/wp-content\/uploads\/2018\/10\/DSC_0168-300x200.jpg 300w, https:\/\/anoticiaonline.com.br\/site\/wp-content\/uploads\/2018\/10\/DSC_0168-768x512.jpg 768w\" sizes=\"(max-width: 900px) 100vw, 900px\" \/><\/a>\n\t\t\t<\/div><\/figure><figure class='gallery-item'>\n\t\t\t<div class='gallery-icon landscape'>\n\t\t\t\t<a href='https:\/\/anoticiaonline.com.br\/site\/salao-monalisa-costa-beauty-designer-e-inaugurado-em-muriae\/dsc_0186-4\/#main'><img loading=\"lazy\" decoding=\"async\" width=\"900\" height=\"600\" src=\"https:\/\/anoticiaonline.com.br\/site\/wp-content\/uploads\/2018\/10\/DSC_0186.jpg\" class=\"attachment-large size-large\" alt=\"\" srcset=\"https:\/\/anoticiaonline.com.br\/site\/wp-content\/uploads\/2018\/10\/DSC_0186.jpg 1000w, https:\/\/anoticiaonline.com.br\/site\/wp-content\/uploads\/2018\/10\/DSC_0186-300x200.jpg 300w, https:\/\/anoticiaonline.com.br\/site\/wp-content\/uploads\/2018\/10\/DSC_0186-768x512.jpg 768w\" sizes=\"(max-width: 900px) 100vw, 900px\" \/><\/a>\n\t\t\t<\/div><\/figure><figure class='gallery-item'>\n\t\t\t<div class='gallery-icon landscape'>\n\t\t\t\t<a href='https:\/\/anoticiaonline.com.br\/site\/salao-monalisa-costa-beauty-designer-e-inaugurado-em-muriae\/dsc_0208-4\/#main'><img loading=\"lazy\" decoding=\"async\" width=\"900\" height=\"600\" src=\"https:\/\/anoticiaonline.com.br\/site\/wp-content\/uploads\/2018\/10\/DSC_0208-1.jpg\" class=\"attachment-large size-large\" alt=\"\" srcset=\"https:\/\/anoticiaonline.com.br\/site\/wp-content\/uploads\/2018\/10\/DSC_0208-1.jpg 1000w, https:\/\/anoticiaonline.com.br\/site\/wp-content\/uploads\/2018\/10\/DSC_0208-1-300x200.jpg 300w, https:\/\/anoticiaonline.com.br\/site\/wp-content\/uploads\/2018\/10\/DSC_0208-1-768x512.jpg 768w\" sizes=\"(max-width: 900px) 100vw, 900px\" \/><\/a>\n\t\t\t<\/div><\/figure><figure class='gallery-item'>\n\t\t\t<div class='gallery-icon portrait'>\n\t\t\t\t<a href='https:\/\/anoticiaonline.com.br\/site\/salao-monalisa-costa-beauty-designer-e-inaugurado-em-muriae\/dsc_0209-4\/#main'><img loading=\"lazy\" decoding=\"async\" width=\"533\" height=\"800\" src=\"https:\/\/anoticiaonline.com.br\/site\/wp-content\/uploads\/2018\/10\/DSC_0209.jpg\" class=\"attachment-large size-large\" alt=\"\" srcset=\"https:\/\/anoticiaonline.com.br\/site\/wp-content\/uploads\/2018\/10\/DSC_0209.jpg 533w, https:\/\/anoticiaonline.com.br\/site\/wp-content\/uploads\/2018\/10\/DSC_0209-200x300.jpg 200w\" sizes=\"(max-width: 533px) 100vw, 533px\" \/><\/a>\n\t\t\t<\/div><\/figure><figure class='gallery-item'>\n\t\t\t<div class='gallery-icon portrait'>\n\t\t\t\t<a href='https:\/\/anoticiaonline.com.br\/site\/salao-monalisa-costa-beauty-designer-e-inaugurado-em-muriae\/dsc_0345-7\/#main'><img loading=\"lazy\" decoding=\"async\" width=\"533\" height=\"800\" src=\"https:\/\/anoticiaonline.com.br\/site\/wp-content\/uploads\/2018\/10\/DSC_0345.jpg\" class=\"attachment-large size-large\" alt=\"\" srcset=\"https:\/\/anoticiaonline.com.br\/site\/wp-content\/uploads\/2018\/10\/DSC_0345.jpg 533w, https:\/\/anoticiaonline.com.br\/site\/wp-content\/uploads\/2018\/10\/DSC_0345-200x300.jpg 200w\" sizes=\"(max-width: 533px) 100vw, 533px\" \/><\/a>\n\t\t\t<\/div><\/figure>\n\t\t<\/div>\n\n","protected":false},"excerpt":{"rendered":"<p>Muria\u00e9 conta agora com um sal\u00e3o de beleza completo para atender mulheres que se preocupam n\u00e3o s\u00f3 com o visual, mas tamb\u00e9m o seu bem-estar. Foi inaugurado, no s\u00e1bado (6), no Centro da cidade, o Sal\u00e3o Monalisa Costa Beauty Designer. Durante a inaugura\u00e7\u00e3o, clientes participaram de um delicioso coquetel e de um sorteio. Segundo a &#8230; <a title=\"Sal\u00e3o Monalisa Costa Beauty Designer \u00e9 inaugurado em Muria\u00e9\" class=\"read-more\" href=\"https:\/\/anoticiaonline.com.br\/site\/salao-monalisa-costa-beauty-designer-e-inaugurado-em-muriae\/\" aria-label=\"Read more about Sal\u00e3o Monalisa Costa Beauty Designer \u00e9 inaugurado em Muria\u00e9\">Ler mais<\/a><\/p>\n","protected":false},"author":2,"featured_media":62953,"comment_status":"open","ping_status":"open","sticky":false,"template":"","format":"standard","meta":{"_acf_changed":false,"_monsterinsights_skip_tracking":false,"footnotes":""},"categories":[30,1],"tags":[3237,20,3235,3236],"class_list":["post-62949","post","type-post","status-publish","format-standard","has-post-thumbnail","hentry","category-muriae","category-gerais","tag-corte-de-cabelo","tag-inauguracao","tag-monalisa-costa-beauty-designer","tag-salao-de-beleza"],"acf":[],"aioseo_notices":[],"aioseo_head":"\n\t\t<!-- All in One SEO 5.0.0.1 - aioseo.com -->\n\t<meta name=\"description\" content=\"Muria\u00e9 conta agora com um sal\u00e3o de beleza completo para atender mulheres que se preocupam n\u00e3o s\u00f3 com o visual, mas tamb\u00e9m o seu bem-estar. Foi inaugurado, no s\u00e1bado (6), no Centro da cidade, o Sal\u00e3o Monalisa Costa Beauty Designer. Durante a inaugura\u00e7\u00e3o, clientes participaram de um delicioso coquetel e de um sorteio. Segundo a\" \/>\n\t<meta name=\"robots\" content=\"max-image-preview:large\" \/>\n\t<meta name=\"author\" content=\"Juliana Laviola\"\/>\n\t<link rel=\"canonical\" href=\"https:\/\/anoticiaonline.com.br\/site\/salao-monalisa-costa-beauty-designer-e-inaugurado-em-muriae\/\" \/>\n\t<meta name=\"generator\" content=\"All in One SEO (AIOSEO) 5.0.0.1\" \/>\n\t\t<meta property=\"og:locale\" content=\"pt_BR\" \/>\n\t\t<meta property=\"og:site_name\" content=\"A Not\u00edcia Online - Noticias de Muria\u00e9 e regi\u00e3o\" \/>\n\t\t<meta property=\"og:type\" content=\"article\" \/>\n\t\t<meta property=\"og:title\" content=\"Sal\u00e3o Monalisa Costa Beauty Designer \u00e9 inaugurado em Muria\u00e9 - A Not\u00edcia Online\" \/>\n\t\t<meta property=\"og:description\" content=\"Muria\u00e9 conta agora com um sal\u00e3o de beleza completo para atender mulheres que se preocupam n\u00e3o s\u00f3 com o visual, mas tamb\u00e9m o seu bem-estar. Foi inaugurado, no s\u00e1bado (6), no Centro da cidade, o Sal\u00e3o Monalisa Costa Beauty Designer. Durante a inaugura\u00e7\u00e3o, clientes participaram de um delicioso coquetel e de um sorteio. Segundo a\" \/>\n\t\t<meta property=\"og:url\" content=\"https:\/\/anoticiaonline.com.br\/site\/salao-monalisa-costa-beauty-designer-e-inaugurado-em-muriae\/\" \/>\n\t\t<meta property=\"og:image\" content=\"https:\/\/scontent-gig4-1.xx.fbcdn.net\/v\/t39.30808-1\/270437624_4564083193639691_6907940295614233970_n.jpg?stp=dst-jpg_s200x200_tt6&#038;_nc_cat=111&#038;ccb=1-7&#038;_nc_sid=f907e8&#038;_nc_ohc=SM1wRlP3lJwQ7kNvwEPuBYA&#038;_nc_oc=AdnqrjDN_BNjSSHWO-GbkIWH6fkGMLw4bqvL_NH6e2wMveX7G-rP2dAqsDSq1mJMOaY&#038;_nc_zt=24&#038;_nc_ht=scontent-gig4-1.xx&#038;_nc_gid=AoBFJeGrT1hVaew_6rchkQ&#038;oh=00_AfX7QmFGhQhG2jAllVgXCiM1ZrWgvtp80-Bfppyexh1QEg&#038;oe=689E923C\" \/>\n\t\t<meta property=\"og:image:secure_url\" content=\"https:\/\/scontent-gig4-1.xx.fbcdn.net\/v\/t39.30808-1\/270437624_4564083193639691_6907940295614233970_n.jpg?stp=dst-jpg_s200x200_tt6&#038;_nc_cat=111&#038;ccb=1-7&#038;_nc_sid=f907e8&#038;_nc_ohc=SM1wRlP3lJwQ7kNvwEPuBYA&#038;_nc_oc=AdnqrjDN_BNjSSHWO-GbkIWH6fkGMLw4bqvL_NH6e2wMveX7G-rP2dAqsDSq1mJMOaY&#038;_nc_zt=24&#038;_nc_ht=scontent-gig4-1.xx&#038;_nc_gid=AoBFJeGrT1hVaew_6rchkQ&#038;oh=00_AfX7QmFGhQhG2jAllVgXCiM1ZrWgvtp80-Bfppyexh1QEg&#038;oe=689E923C\" \/>\n\t\t<meta property=\"article:published_time\" content=\"2018-10-11T15:32:16+00:00\" \/>\n\t\t<meta property=\"article:modified_time\" content=\"2018-10-11T15:32:48+00:00\" \/>\n\t\t<meta name=\"twitter:card\" content=\"summary_large_image\" \/>\n\t\t<meta name=\"twitter:title\" content=\"Sal\u00e3o Monalisa Costa Beauty Designer \u00e9 inaugurado em Muria\u00e9 - A Not\u00edcia Online\" \/>\n\t\t<meta name=\"twitter:description\" content=\"Muria\u00e9 conta agora com um sal\u00e3o de beleza completo para atender mulheres que se preocupam n\u00e3o s\u00f3 com o visual, mas tamb\u00e9m o seu bem-estar. Foi inaugurado, no s\u00e1bado (6), no Centro da cidade, o Sal\u00e3o Monalisa Costa Beauty Designer. Durante a inaugura\u00e7\u00e3o, clientes participaram de um delicioso coquetel e de um sorteio. Segundo a\" \/>\n\t\t<meta name=\"twitter:image\" content=\"https:\/\/scontent-gig4-1.xx.fbcdn.net\/v\/t39.30808-1\/270437624_4564083193639691_6907940295614233970_n.jpg?stp=dst-jpg_s200x200_tt6&amp;_nc_cat=111&amp;ccb=1-7&amp;_nc_sid=f907e8&amp;_nc_ohc=SM1wRlP3lJwQ7kNvwEPuBYA&amp;_nc_oc=AdnqrjDN_BNjSSHWO-GbkIWH6fkGMLw4bqvL_NH6e2wMveX7G-rP2dAqsDSq1mJMOaY&amp;_nc_zt=24&amp;_nc_ht=scontent-gig4-1.xx&amp;_nc_gid=AoBFJeGrT1hVaew_6rchkQ&amp;oh=00_AfX7QmFGhQhG2jAllVgXCiM1ZrWgvtp80-Bfppyexh1QEg&amp;oe=689E923C\" \/>\n\t\t<script type=\"application\/ld+json\" class=\"aioseo-schema\">\n\t\t\t{\"@context\":\"https:\\\/\\\/schema.org\",\"@graph\":[{\"@type\":\"BlogPosting\",\"@id\":\"https:\\\/\\\/anoticiaonline.com.br\\\/site\\\/salao-monalisa-costa-beauty-designer-e-inaugurado-em-muriae\\\/#blogposting\",\"name\":\"Sal\\u00e3o Monalisa Costa Beauty Designer \\u00e9 inaugurado em Muria\\u00e9 - A Not\\u00edcia Online\",\"headline\":\"Sal\\u00e3o Monalisa Costa Beauty Designer \\u00e9 inaugurado em Muria\\u00e9\",\"author\":{\"@id\":\"https:\\\/\\\/anoticiaonline.com.br\\\/site\\\/author\\\/juliana\\\/#author\"},\"publisher\":{\"@id\":\"https:\\\/\\\/anoticiaonline.com.br\\\/site\\\/#organization\"},\"image\":{\"@type\":\"ImageObject\",\"url\":\"https:\\\/\\\/anoticiaonline.com.br\\\/site\\\/wp-content\\\/uploads\\\/2018\\\/10\\\/DSC_0198.jpg\",\"width\":1000,\"height\":667},\"datePublished\":\"2018-10-11T12:32:16-03:00\",\"dateModified\":\"2018-10-11T12:32:48-03:00\",\"inLanguage\":\"pt-BR\",\"mainEntityOfPage\":{\"@id\":\"https:\\\/\\\/anoticiaonline.com.br\\\/site\\\/salao-monalisa-costa-beauty-designer-e-inaugurado-em-muriae\\\/#webpage\"},\"isPartOf\":{\"@id\":\"https:\\\/\\\/anoticiaonline.com.br\\\/site\\\/salao-monalisa-costa-beauty-designer-e-inaugurado-em-muriae\\\/#webpage\"},\"articleSection\":\"Blog, Gerais, corte de cabelo, inauguracao, Monalisa Costa Beauty Designer, sal\\u00e3o de beleza\"},{\"@type\":\"BreadcrumbList\",\"@id\":\"https:\\\/\\\/anoticiaonline.com.br\\\/site\\\/salao-monalisa-costa-beauty-designer-e-inaugurado-em-muriae\\\/#breadcrumblist\",\"itemListElement\":[{\"@type\":\"ListItem\",\"@id\":\"https:\\\/\\\/anoticiaonline.com.br\\\/site#listItem\",\"position\":1,\"name\":\"Home\",\"item\":\"https:\\\/\\\/anoticiaonline.com.br\\\/site\",\"nextItem\":{\"@type\":\"ListItem\",\"@id\":\"https:\\\/\\\/anoticiaonline.com.br\\\/site\\\/categoria\\\/gerais\\\/#listItem\",\"name\":\"Gerais\"}},{\"@type\":\"ListItem\",\"@id\":\"https:\\\/\\\/anoticiaonline.com.br\\\/site\\\/categoria\\\/gerais\\\/#listItem\",\"position\":2,\"name\":\"Gerais\",\"item\":\"https:\\\/\\\/anoticiaonline.com.br\\\/site\\\/categoria\\\/gerais\\\/\",\"nextItem\":{\"@type\":\"ListItem\",\"@id\":\"https:\\\/\\\/anoticiaonline.com.br\\\/site\\\/salao-monalisa-costa-beauty-designer-e-inaugurado-em-muriae\\\/#listItem\",\"name\":\"Sal\\u00e3o Monalisa Costa Beauty Designer \\u00e9 inaugurado em Muria\\u00e9\"},\"previousItem\":{\"@type\":\"ListItem\",\"@id\":\"https:\\\/\\\/anoticiaonline.com.br\\\/site#listItem\",\"name\":\"Home\"}},{\"@type\":\"ListItem\",\"@id\":\"https:\\\/\\\/anoticiaonline.com.br\\\/site\\\/salao-monalisa-costa-beauty-designer-e-inaugurado-em-muriae\\\/#listItem\",\"position\":3,\"name\":\"Sal\\u00e3o Monalisa Costa Beauty Designer \\u00e9 inaugurado em Muria\\u00e9\",\"previousItem\":{\"@type\":\"ListItem\",\"@id\":\"https:\\\/\\\/anoticiaonline.com.br\\\/site\\\/categoria\\\/gerais\\\/#listItem\",\"name\":\"Gerais\"}}]},{\"@type\":\"Organization\",\"@id\":\"https:\\\/\\\/anoticiaonline.com.br\\\/site\\\/#organization\",\"name\":\"A Not\\u00edcia Online\",\"description\":\"Noticias de Muria\\u00e9 e regi\\u00e3o\",\"url\":\"https:\\\/\\\/anoticiaonline.com.br\\\/site\\\/\",\"logo\":{\"@type\":\"ImageObject\",\"url\":\"https:\\\/\\\/scontent-gig4-1.xx.fbcdn.net\\\/v\\\/t39.30808-1\\\/270437624_4564083193639691_6907940295614233970_n.jpg?stp=dst-jpg_s200x200_tt6&_nc_cat=111&ccb=1-7&_nc_sid=f907e8&_nc_ohc=SM1wRlP3lJwQ7kNvwEPuBYA&_nc_oc=AdnqrjDN_BNjSSHWO-GbkIWH6fkGMLw4bqvL_NH6e2wMveX7G-rP2dAqsDSq1mJMOaY&_nc_zt=24&_nc_ht=scontent-gig4-1.xx&_nc_gid=AoBFJeGrT1hVaew_6rchkQ&oh=00_AfX7QmFGhQhG2jAllVgXCiM1ZrWgvtp80-Bfppyexh1QEg&oe=689E923C\",\"@id\":\"https:\\\/\\\/anoticiaonline.com.br\\\/site\\\/salao-monalisa-costa-beauty-designer-e-inaugurado-em-muriae\\\/#organizationLogo\"},\"image\":{\"@id\":\"https:\\\/\\\/anoticiaonline.com.br\\\/site\\\/salao-monalisa-costa-beauty-designer-e-inaugurado-em-muriae\\\/#organizationLogo\"}},{\"@type\":\"Person\",\"@id\":\"https:\\\/\\\/anoticiaonline.com.br\\\/site\\\/author\\\/juliana\\\/#author\",\"url\":\"https:\\\/\\\/anoticiaonline.com.br\\\/site\\\/author\\\/juliana\\\/\",\"name\":\"Juliana Laviola\",\"image\":{\"@type\":\"ImageObject\",\"@id\":\"https:\\\/\\\/anoticiaonline.com.br\\\/site\\\/salao-monalisa-costa-beauty-designer-e-inaugurado-em-muriae\\\/#authorImage\",\"url\":\"https:\\\/\\\/secure.gravatar.com\\\/avatar\\\/b8d45f5c699b100dfaf0e543582f38f38bf94cb7ae3a5e9abf8d891a34773335?s=96&d=mm&r=g\",\"width\":96,\"height\":96,\"caption\":\"Juliana Laviola\"}},{\"@type\":\"WebPage\",\"@id\":\"https:\\\/\\\/anoticiaonline.com.br\\\/site\\\/salao-monalisa-costa-beauty-designer-e-inaugurado-em-muriae\\\/#webpage\",\"url\":\"https:\\\/\\\/anoticiaonline.com.br\\\/site\\\/salao-monalisa-costa-beauty-designer-e-inaugurado-em-muriae\\\/\",\"name\":\"Sal\\u00e3o Monalisa Costa Beauty Designer \\u00e9 inaugurado em Muria\\u00e9 - A Not\\u00edcia Online\",\"description\":\"Muria\\u00e9 conta agora com um sal\\u00e3o de beleza completo para atender mulheres que se preocupam n\\u00e3o s\\u00f3 com o visual, mas tamb\\u00e9m o seu bem-estar. Foi inaugurado, no s\\u00e1bado (6), no Centro da cidade, o Sal\\u00e3o Monalisa Costa Beauty Designer. Durante a inaugura\\u00e7\\u00e3o, clientes participaram de um delicioso coquetel e de um sorteio. Segundo a\",\"inLanguage\":\"pt-BR\",\"isPartOf\":{\"@id\":\"https:\\\/\\\/anoticiaonline.com.br\\\/site\\\/#website\"},\"breadcrumb\":{\"@id\":\"https:\\\/\\\/anoticiaonline.com.br\\\/site\\\/salao-monalisa-costa-beauty-designer-e-inaugurado-em-muriae\\\/#breadcrumblist\"},\"author\":{\"@id\":\"https:\\\/\\\/anoticiaonline.com.br\\\/site\\\/author\\\/juliana\\\/#author\"},\"creator\":{\"@id\":\"https:\\\/\\\/anoticiaonline.com.br\\\/site\\\/author\\\/juliana\\\/#author\"},\"image\":{\"@type\":\"ImageObject\",\"url\":\"https:\\\/\\\/anoticiaonline.com.br\\\/site\\\/wp-content\\\/uploads\\\/2018\\\/10\\\/DSC_0198.jpg\",\"@id\":\"https:\\\/\\\/anoticiaonline.com.br\\\/site\\\/salao-monalisa-costa-beauty-designer-e-inaugurado-em-muriae\\\/#mainImage\",\"width\":1000,\"height\":667},\"primaryImageOfPage\":{\"@id\":\"https:\\\/\\\/anoticiaonline.com.br\\\/site\\\/salao-monalisa-costa-beauty-designer-e-inaugurado-em-muriae\\\/#mainImage\"},\"datePublished\":\"2018-10-11T12:32:16-03:00\",\"dateModified\":\"2018-10-11T12:32:48-03:00\"},{\"@type\":\"WebSite\",\"@id\":\"https:\\\/\\\/anoticiaonline.com.br\\\/site\\\/#website\",\"url\":\"https:\\\/\\\/anoticiaonline.com.br\\\/site\\\/\",\"name\":\"A Not\\u00edcia Online\",\"description\":\"Noticias de Muria\\u00e9 e regi\\u00e3o\",\"inLanguage\":\"pt-BR\",\"publisher\":{\"@id\":\"https:\\\/\\\/anoticiaonline.com.br\\\/site\\\/#organization\"}}]}\n\t\t<\/script>\n\t\t<!-- All in One SEO -->\n\n","aioseo_head_json":{"title":"Sal\u00e3o Monalisa Costa Beauty Designer \u00e9 inaugurado em Muria\u00e9 - A Not\u00edcia Online","description":"Muria\u00e9 conta agora com um sal\u00e3o de beleza completo para atender mulheres que se preocupam n\u00e3o s\u00f3 com o visual, mas tamb\u00e9m o seu bem-estar. Foi inaugurado, no s\u00e1bado (6), no Centro da cidade, o Sal\u00e3o Monalisa Costa Beauty Designer. Durante a inaugura\u00e7\u00e3o, clientes participaram de um delicioso coquetel e de um sorteio. Segundo a","canonical_url":"https:\/\/anoticiaonline.com.br\/site\/salao-monalisa-costa-beauty-designer-e-inaugurado-em-muriae\/","robots":"max-image-preview:large","keywords":"","webmasterTools":{"miscellaneous":""},"schema":{"@context":"https:\/\/schema.org","@graph":[{"@type":"BlogPosting","@id":"https:\/\/anoticiaonline.com.br\/site\/salao-monalisa-costa-beauty-designer-e-inaugurado-em-muriae\/#blogposting","name":"Sal\u00e3o Monalisa Costa Beauty Designer \u00e9 inaugurado em Muria\u00e9 - A Not\u00edcia Online","headline":"Sal\u00e3o Monalisa Costa Beauty Designer \u00e9 inaugurado em Muria\u00e9","author":{"@id":"https:\/\/anoticiaonline.com.br\/site\/author\/juliana\/#author"},"publisher":{"@id":"https:\/\/anoticiaonline.com.br\/site\/#organization"},"image":{"@type":"ImageObject","url":"https:\/\/anoticiaonline.com.br\/site\/wp-content\/uploads\/2018\/10\/DSC_0198.jpg","width":1000,"height":667},"datePublished":"2018-10-11T12:32:16-03:00","dateModified":"2018-10-11T12:32:48-03:00","inLanguage":"pt-BR","mainEntityOfPage":{"@id":"https:\/\/anoticiaonline.com.br\/site\/salao-monalisa-costa-beauty-designer-e-inaugurado-em-muriae\/#webpage"},"isPartOf":{"@id":"https:\/\/anoticiaonline.com.br\/site\/salao-monalisa-costa-beauty-designer-e-inaugurado-em-muriae\/#webpage"},"articleSection":"Blog, Gerais, corte de cabelo, inauguracao, Monalisa Costa Beauty Designer, sal\u00e3o de beleza"},{"@type":"BreadcrumbList","@id":"https:\/\/anoticiaonline.com.br\/site\/salao-monalisa-costa-beauty-designer-e-inaugurado-em-muriae\/#breadcrumblist","itemListElement":[{"@type":"ListItem","@id":"https:\/\/anoticiaonline.com.br\/site#listItem","position":1,"name":"Home","item":"https:\/\/anoticiaonline.com.br\/site","nextItem":{"@type":"ListItem","@id":"https:\/\/anoticiaonline.com.br\/site\/categoria\/gerais\/#listItem","name":"Gerais"}},{"@type":"ListItem","@id":"https:\/\/anoticiaonline.com.br\/site\/categoria\/gerais\/#listItem","position":2,"name":"Gerais","item":"https:\/\/anoticiaonline.com.br\/site\/categoria\/gerais\/","nextItem":{"@type":"ListItem","@id":"https:\/\/anoticiaonline.com.br\/site\/salao-monalisa-costa-beauty-designer-e-inaugurado-em-muriae\/#listItem","name":"Sal\u00e3o Monalisa Costa Beauty Designer \u00e9 inaugurado em Muria\u00e9"},"previousItem":{"@type":"ListItem","@id":"https:\/\/anoticiaonline.com.br\/site#listItem","name":"Home"}},{"@type":"ListItem","@id":"https:\/\/anoticiaonline.com.br\/site\/salao-monalisa-costa-beauty-designer-e-inaugurado-em-muriae\/#listItem","position":3,"name":"Sal\u00e3o Monalisa Costa Beauty Designer \u00e9 inaugurado em Muria\u00e9","previousItem":{"@type":"ListItem","@id":"https:\/\/anoticiaonline.com.br\/site\/categoria\/gerais\/#listItem","name":"Gerais"}}]},{"@type":"Organization","@id":"https:\/\/anoticiaonline.com.br\/site\/#organization","name":"A Not\u00edcia Online","description":"Noticias de Muria\u00e9 e regi\u00e3o","url":"https:\/\/anoticiaonline.com.br\/site\/","logo":{"@type":"ImageObject","url":"https:\/\/scontent-gig4-1.xx.fbcdn.net\/v\/t39.30808-1\/270437624_4564083193639691_6907940295614233970_n.jpg?stp=dst-jpg_s200x200_tt6&_nc_cat=111&ccb=1-7&_nc_sid=f907e8&_nc_ohc=SM1wRlP3lJwQ7kNvwEPuBYA&_nc_oc=AdnqrjDN_BNjSSHWO-GbkIWH6fkGMLw4bqvL_NH6e2wMveX7G-rP2dAqsDSq1mJMOaY&_nc_zt=24&_nc_ht=scontent-gig4-1.xx&_nc_gid=AoBFJeGrT1hVaew_6rchkQ&oh=00_AfX7QmFGhQhG2jAllVgXCiM1ZrWgvtp80-Bfppyexh1QEg&oe=689E923C","@id":"https:\/\/anoticiaonline.com.br\/site\/salao-monalisa-costa-beauty-designer-e-inaugurado-em-muriae\/#organizationLogo"},"image":{"@id":"https:\/\/anoticiaonline.com.br\/site\/salao-monalisa-costa-beauty-designer-e-inaugurado-em-muriae\/#organizationLogo"}},{"@type":"Person","@id":"https:\/\/anoticiaonline.com.br\/site\/author\/juliana\/#author","url":"https:\/\/anoticiaonline.com.br\/site\/author\/juliana\/","name":"Juliana Laviola","image":{"@type":"ImageObject","@id":"https:\/\/anoticiaonline.com.br\/site\/salao-monalisa-costa-beauty-designer-e-inaugurado-em-muriae\/#authorImage","url":"https:\/\/secure.gravatar.com\/avatar\/b8d45f5c699b100dfaf0e543582f38f38bf94cb7ae3a5e9abf8d891a34773335?s=96&d=mm&r=g","width":96,"height":96,"caption":"Juliana Laviola"}},{"@type":"WebPage","@id":"https:\/\/anoticiaonline.com.br\/site\/salao-monalisa-costa-beauty-designer-e-inaugurado-em-muriae\/#webpage","url":"https:\/\/anoticiaonline.com.br\/site\/salao-monalisa-costa-beauty-designer-e-inaugurado-em-muriae\/","name":"Sal\u00e3o Monalisa Costa Beauty Designer \u00e9 inaugurado em Muria\u00e9 - A Not\u00edcia Online","description":"Muria\u00e9 conta agora com um sal\u00e3o de beleza completo para atender mulheres que se preocupam n\u00e3o s\u00f3 com o visual, mas tamb\u00e9m o seu bem-estar. Foi inaugurado, no s\u00e1bado (6), no Centro da cidade, o Sal\u00e3o Monalisa Costa Beauty Designer. Durante a inaugura\u00e7\u00e3o, clientes participaram de um delicioso coquetel e de um sorteio. Segundo a","inLanguage":"pt-BR","isPartOf":{"@id":"https:\/\/anoticiaonline.com.br\/site\/#website"},"breadcrumb":{"@id":"https:\/\/anoticiaonline.com.br\/site\/salao-monalisa-costa-beauty-designer-e-inaugurado-em-muriae\/#breadcrumblist"},"author":{"@id":"https:\/\/anoticiaonline.com.br\/site\/author\/juliana\/#author"},"creator":{"@id":"https:\/\/anoticiaonline.com.br\/site\/author\/juliana\/#author"},"image":{"@type":"ImageObject","url":"https:\/\/anoticiaonline.com.br\/site\/wp-content\/uploads\/2018\/10\/DSC_0198.jpg","@id":"https:\/\/anoticiaonline.com.br\/site\/salao-monalisa-costa-beauty-designer-e-inaugurado-em-muriae\/#mainImage","width":1000,"height":667},"primaryImageOfPage":{"@id":"https:\/\/anoticiaonline.com.br\/site\/salao-monalisa-costa-beauty-designer-e-inaugurado-em-muriae\/#mainImage"},"datePublished":"2018-10-11T12:32:16-03:00","dateModified":"2018-10-11T12:32:48-03:00"},{"@type":"WebSite","@id":"https:\/\/anoticiaonline.com.br\/site\/#website","url":"https:\/\/anoticiaonline.com.br\/site\/","name":"A Not\u00edcia Online","description":"Noticias de Muria\u00e9 e regi\u00e3o","inLanguage":"pt-BR","publisher":{"@id":"https:\/\/anoticiaonline.com.br\/site\/#organization"}}]},"og:locale":"pt_BR","og:site_name":"A Not\u00edcia Online - Noticias de Muria\u00e9 e regi\u00e3o","og:type":"article","og:title":"Sal\u00e3o Monalisa Costa Beauty Designer \u00e9 inaugurado em Muria\u00e9 - A Not\u00edcia Online","og:description":"Muria\u00e9 conta agora com um sal\u00e3o de beleza completo para atender mulheres que se preocupam n\u00e3o s\u00f3 com o visual, mas tamb\u00e9m o seu bem-estar. Foi inaugurado, no s\u00e1bado (6), no Centro da cidade, o Sal\u00e3o Monalisa Costa Beauty Designer. Durante a inaugura\u00e7\u00e3o, clientes participaram de um delicioso coquetel e de um sorteio. Segundo a","og:url":"https:\/\/anoticiaonline.com.br\/site\/salao-monalisa-costa-beauty-designer-e-inaugurado-em-muriae\/","og:image":"https:\/\/scontent-gig4-1.xx.fbcdn.net\/v\/t39.30808-1\/270437624_4564083193639691_6907940295614233970_n.jpg?stp=dst-jpg_s200x200_tt6&#038;_nc_cat=111&#038;ccb=1-7&#038;_nc_sid=f907e8&#038;_nc_ohc=SM1wRlP3lJwQ7kNvwEPuBYA&#038;_nc_oc=AdnqrjDN_BNjSSHWO-GbkIWH6fkGMLw4bqvL_NH6e2wMveX7G-rP2dAqsDSq1mJMOaY&#038;_nc_zt=24&#038;_nc_ht=scontent-gig4-1.xx&#038;_nc_gid=AoBFJeGrT1hVaew_6rchkQ&#038;oh=00_AfX7QmFGhQhG2jAllVgXCiM1ZrWgvtp80-Bfppyexh1QEg&#038;oe=689E923C","og:image:secure_url":"https:\/\/scontent-gig4-1.xx.fbcdn.net\/v\/t39.30808-1\/270437624_4564083193639691_6907940295614233970_n.jpg?stp=dst-jpg_s200x200_tt6&#038;_nc_cat=111&#038;ccb=1-7&#038;_nc_sid=f907e8&#038;_nc_ohc=SM1wRlP3lJwQ7kNvwEPuBYA&#038;_nc_oc=AdnqrjDN_BNjSSHWO-GbkIWH6fkGMLw4bqvL_NH6e2wMveX7G-rP2dAqsDSq1mJMOaY&#038;_nc_zt=24&#038;_nc_ht=scontent-gig4-1.xx&#038;_nc_gid=AoBFJeGrT1hVaew_6rchkQ&#038;oh=00_AfX7QmFGhQhG2jAllVgXCiM1ZrWgvtp80-Bfppyexh1QEg&#038;oe=689E923C","article:published_time":"2018-10-11T15:32:16+00:00","article:modified_time":"2018-10-11T15:32:48+00:00","twitter:card":"summary_large_image","twitter:title":"Sal\u00e3o Monalisa Costa Beauty Designer \u00e9 inaugurado em Muria\u00e9 - A Not\u00edcia Online","twitter:description":"Muria\u00e9 conta agora com um sal\u00e3o de beleza completo para atender mulheres que se preocupam n\u00e3o s\u00f3 com o visual, mas tamb\u00e9m o seu bem-estar. Foi inaugurado, no s\u00e1bado (6), no Centro da cidade, o Sal\u00e3o Monalisa Costa Beauty Designer. Durante a inaugura\u00e7\u00e3o, clientes participaram de um delicioso coquetel e de um sorteio. Segundo a","twitter:image":"https:\/\/scontent-gig4-1.xx.fbcdn.net\/v\/t39.30808-1\/270437624_4564083193639691_6907940295614233970_n.jpg?stp=dst-jpg_s200x200_tt6&_nc_cat=111&ccb=1-7&_nc_sid=f907e8&_nc_ohc=SM1wRlP3lJwQ7kNvwEPuBYA&_nc_oc=AdnqrjDN_BNjSSHWO-GbkIWH6fkGMLw4bqvL_NH6e2wMveX7G-rP2dAqsDSq1mJMOaY&_nc_zt=24&_nc_ht=scontent-gig4-1.xx&_nc_gid=AoBFJeGrT1hVaew_6rchkQ&oh=00_AfX7QmFGhQhG2jAllVgXCiM1ZrWgvtp80-Bfppyexh1QEg&oe=689E923C"},"aioseo_meta_data":{"post_id":"62949","title":null,"description":null,"keywords":null,"keyphrases":null,"primary_term":null,"canonical_url":null,"og_title":null,"og_description":null,"og_object_type":"default","og_image_type":"default","og_image_url":null,"og_image_width":null,"og_image_height":null,"og_image_custom_url":null,"og_image_custom_fields":null,"og_video":null,"og_custom_url":null,"og_article_section":null,"og_article_tags":null,"twitter_use_og":false,"twitter_card":"default","twitter_image_type":"default","twitter_image_url":null,"twitter_image_custom_url":null,"twitter_image_custom_fields":null,"twitter_title":null,"twitter_description":null,"schema":{"blockGraphs":[],"customGraphs":[],"default":{"data":{"Article":[],"Course":[],"Dataset":[],"FAQPage":[],"Movie":[],"Person":[],"Product":[],"ProductReview":[],"Car":[],"Recipe":[],"Service":[],"SoftwareApplication":[],"WebPage":[]},"graphName":"","isEnabled":true},"graphs":[]},"schema_type":"default","schema_type_options":null,"pillar_content":false,"robots_default":true,"robots_noindex":false,"robots_noarchive":false,"robots_nosnippet":false,"robots_nofollow":false,"robots_noimageindex":false,"robots_noodp":false,"robots_notranslate":false,"robots_max_snippet":null,"robots_max_videopreview":null,"robots_max_imagepreview":"large","priority":null,"frequency":null,"local_seo":null,"breadcrumb_settings":null,"limit_modified_date":false,"ai":null,"created":"2025-08-16 21:51:28","updated":"2025-08-16 21:51:28","focus_keyword":null,"additional_keywords":null,"truseo_locale":null,"seo_analyzer_scan_date":null},"aioseo_breadcrumb":"<div class=\"aioseo-breadcrumbs\"><span class=\"aioseo-breadcrumb\">\n\t\t\t<a href=\"https:\/\/anoticiaonline.com.br\/site\" title=\"Home\">Home<\/a>\n\t\t<\/span><span class=\"aioseo-breadcrumb-separator\">&raquo;<\/span><span class=\"aioseo-breadcrumb\">\n\t\t\t<a href=\"https:\/\/anoticiaonline.com.br\/site\/categoria\/gerais\/\" title=\"Gerais\">Gerais<\/a>\n\t\t<\/span><span class=\"aioseo-breadcrumb-separator\">&raquo;<\/span><span class=\"aioseo-breadcrumb\">\n\t\t\tSal\u00e3o Monalisa Costa Beauty Designer \u00e9 inaugurado em Muria\u00e9\n\t\t<\/span><\/div>","aioseo_breadcrumb_json":[{"label":"Home","link":"https:\/\/anoticiaonline.com.br\/site"},{"label":"Gerais","link":"https:\/\/anoticiaonline.com.br\/site\/categoria\/gerais\/"},{"label":"Sal\u00e3o Monalisa Costa Beauty Designer \u00e9 inaugurado em Muria\u00e9","link":"https:\/\/anoticiaonline.com.br\/site\/salao-monalisa-costa-beauty-designer-e-inaugurado-em-muriae\/"}],"views":291,"_links":{"self":[{"href":"https:\/\/anoticiaonline.com.br\/site\/wp-json\/wp\/v2\/posts\/62949","targetHints":{"allow":["GET"]}}],"collection":[{"href":"https:\/\/anoticiaonline.com.br\/site\/wp-json\/wp\/v2\/posts"}],"about":[{"href":"https:\/\/anoticiaonline.com.br\/site\/wp-json\/wp\/v2\/types\/post"}],"author":[{"embeddable":true,"href":"https:\/\/anoticiaonline.com.br\/site\/wp-json\/wp\/v2\/users\/2"}],"replies":[{"embeddable":true,"href":"https:\/\/anoticiaonline.com.br\/site\/wp-json\/wp\/v2\/comments?post=62949"}],"version-history":[{"count":0,"href":"https:\/\/anoticiaonline.com.br\/site\/wp-json\/wp\/v2\/posts\/62949\/revisions"}],"wp:featuredmedia":[{"embeddable":true,"href":"https:\/\/anoticiaonline.com.br\/site\/wp-json\/wp\/v2\/media\/62953"}],"wp:attachment":[{"href":"https:\/\/anoticiaonline.com.br\/site\/wp-json\/wp\/v2\/media?parent=62949"}],"wp:term":[{"taxonomy":"category","embeddable":true,"href":"https:\/\/anoticiaonline.com.br\/site\/wp-json\/wp\/v2\/categories?post=62949"},{"taxonomy":"post_tag","embeddable":true,"href":"https:\/\/anoticiaonline.com.br\/site\/wp-json\/wp\/v2\/tags?post=62949"}],"curies":[{"name":"wp","href":"https:\/\/api.w.org\/{rel}","templated":true}]}}