{"id":62845,"date":"2018-10-10T20:03:15","date_gmt":"2018-10-10T23:03:15","guid":{"rendered":"http:\/\/anoticiaonline.com.br\/site\/?p=62845"},"modified":"2018-10-10T20:03:32","modified_gmt":"2018-10-10T23:03:32","slug":"deputado-marcio-santiago-pr-perde-o-mandato","status":"publish","type":"post","link":"https:\/\/anoticiaonline.com.br\/site\/deputado-marcio-santiago-pr-perde-o-mandato\/","title":{"rendered":"Deputado M\u00e1rcio Santiago (PR) perde o mandato"},"content":{"rendered":"<p>Em Reuni\u00e3o Ordin\u00e1ria de Plen\u00e1rio na quarta-feira (10), a\u00a0Mesa da Assembleia declarou a perda de mandato do deputado M\u00e1rcio Jos\u00e9 Machado de Oliveira, que utiliza o nome parlamentar de Mission\u00e1rio M\u00e1rcio Santiago (PR).<\/p>\n<p>A Delibera\u00e7\u00e3o da Mesa 2.683\/18, que traz a decis\u00e3o, cita of\u00edcio encaminhado ao Legislativo pelo Tribunal Regional Eleitoral (TRE-MG). Nele h\u00e1 c\u00f3pia do ac\u00f3rd\u00e3o do\u00a0Tribunal Superior Eleitoral (TSE), que cassou o mandato do parlamentar em agosto deste ano. A Mesa considerou ainda que a defesa apresentada pelo deputado n\u00e3o trouxe elementos que pudessem afastar a preval\u00eancia da decis\u00e3o da Justi\u00e7a Eleitoral.<\/p>\n<p>M\u00e1rcio Santiago foi punido por abuso de poder econ\u00f4mico, pol\u00edtico e de autoridade por participar de evento religioso realizado em Belo Horizonte \u00e0s v\u00e9speras da elei\u00e7\u00e3o de 2014. Durante o ato, teria havido divulga\u00e7\u00e3o da campanha, distribui\u00e7\u00e3o de panfletos e pedidos de votos aos presentes.<\/p>\n<p>A Delibera\u00e7\u00e3o da Mesa ser\u00e1 publicada nesta quinta-feira (11) no Di\u00e1rio do Legislativo. A partir da\u00ed, come\u00e7a prazo de dois dias \u00fateis para a convoca\u00e7\u00e3o de suplente. O primeiro deles, Marques Abreu, j\u00e1 informou oficialmente \u00e0 Assembleia que n\u00e3o deseja assumir a vaga. Ser\u00e1 chamado, ent\u00e3o, o pr\u00f3ximo da fila, Cl\u00e1udio do Mundo Novo. Ele \u00e9 administrador, nasceu em Belo Horizonte e tem 50 anos.<\/p>\n<p><strong>Compara\u00e7\u00e3o\u00a0\u2013<\/strong> Ao final da reuni\u00e3o de Plen\u00e1rio, o deputado Sargento Rodrigues (PTB) valeu-se de quest\u00e3o de ordem para comparar os planos de governo de Romeu Zema (Novo), candidato ao governo de Minas, e Jair Bolsonaro (PSL), que disputa a Presid\u00eancia.<\/p>\n<p>Entre as compara\u00e7\u00f5es, o parlamentar citou que Zema considera que os servidores p\u00fablicos n\u00e3o trabalham, quer \u201csoltar bandidos\u201d e privatizar a sa\u00fade. J\u00e1 Bolsonaro, de acordo com Sargento Rodrigues, quer valorizar o servidor, refor\u00e7ar as pol\u00edcias e investir na sa\u00fade.<\/p>\n<p><a href=\"https:\/\/anoticiaonline.com.br\/site\/wp-content\/uploads\/2018\/10\/Deputado-M\u00e1rcio-Santiago-PR-perde-o-mandato.jpg\"><img fetchpriority=\"high\" decoding=\"async\" class=\"alignnone size-full wp-image-62846\" src=\"https:\/\/anoticiaonline.com.br\/site\/wp-content\/uploads\/2018\/10\/Deputado-M\u00e1rcio-Santiago-PR-perde-o-mandato.jpg\" alt=\"\" width=\"1000\" height=\"562\" srcset=\"https:\/\/anoticiaonline.com.br\/site\/wp-content\/uploads\/2018\/10\/Deputado-M\u00e1rcio-Santiago-PR-perde-o-mandato.jpg 1000w, https:\/\/anoticiaonline.com.br\/site\/wp-content\/uploads\/2018\/10\/Deputado-M\u00e1rcio-Santiago-PR-perde-o-mandato-300x169.jpg 300w, https:\/\/anoticiaonline.com.br\/site\/wp-content\/uploads\/2018\/10\/Deputado-M\u00e1rcio-Santiago-PR-perde-o-mandato-768x432.jpg 768w\" sizes=\"(max-width: 1000px) 100vw, 1000px\" \/><\/a><\/p>\n<p>Cr\u00e9ditos: ASCOM ALMG. \u00a0Foto: Clarissa Bar\u00e7ante\/ALMG\/Divulga\u00e7\u00e3o<\/p>\n","protected":false},"excerpt":{"rendered":"<p>Em Reuni\u00e3o Ordin\u00e1ria de Plen\u00e1rio na quarta-feira (10), a\u00a0Mesa da Assembleia declarou a perda de mandato do deputado M\u00e1rcio Jos\u00e9 Machado de Oliveira, que utiliza o nome parlamentar de Mission\u00e1rio M\u00e1rcio Santiago (PR). A Delibera\u00e7\u00e3o da Mesa 2.683\/18, que traz a decis\u00e3o, cita of\u00edcio encaminhado ao Legislativo pelo Tribunal Regional Eleitoral (TRE-MG). Nele h\u00e1 c\u00f3pia &#8230; <a title=\"Deputado M\u00e1rcio Santiago (PR) perde o mandato\" class=\"read-more\" href=\"https:\/\/anoticiaonline.com.br\/site\/deputado-marcio-santiago-pr-perde-o-mandato\/\" aria-label=\"Read more about Deputado M\u00e1rcio Santiago (PR) perde o mandato\">Ler mais<\/a><\/p>\n","protected":false},"author":2,"featured_media":62846,"comment_status":"open","ping_status":"open","sticky":false,"template":"","format":"standard","meta":{"_acf_changed":false,"_monsterinsights_skip_tracking":false,"footnotes":""},"categories":[30,2893,1],"tags":[346,345,3208],"class_list":["post-62845","post","type-post","status-publish","format-standard","has-post-thumbnail","hentry","category-muriae","category-cotidiano","category-gerais","tag-almg","tag-deputado","tag-missionario-marcio-santiago"],"acf":[],"aioseo_notices":[],"aioseo_head":"\n\t\t<!-- All in One SEO 5.0.0.1 - aioseo.com -->\n\t<meta name=\"description\" content=\"Em Reuni\u00e3o Ordin\u00e1ria de Plen\u00e1rio na quarta-feira (10), a Mesa da Assembleia declarou a perda de mandato do deputado M\u00e1rcio Jos\u00e9 Machado de Oliveira, que utiliza o nome parlamentar de Mission\u00e1rio M\u00e1rcio Santiago (PR). A Delibera\u00e7\u00e3o da Mesa 2.683\/18, que traz a decis\u00e3o, cita of\u00edcio encaminhado ao Legislativo pelo Tribunal Regional Eleitoral (TRE-MG). Nele h\u00e1 c\u00f3pia\" \/>\n\t<meta name=\"robots\" content=\"max-image-preview:large\" \/>\n\t<meta name=\"author\" content=\"Juliana Laviola\"\/>\n\t<link rel=\"canonical\" href=\"https:\/\/anoticiaonline.com.br\/site\/deputado-marcio-santiago-pr-perde-o-mandato\/\" \/>\n\t<meta name=\"generator\" content=\"All in One SEO (AIOSEO) 5.0.0.1\" \/>\n\t\t<meta property=\"og:locale\" content=\"pt_BR\" \/>\n\t\t<meta property=\"og:site_name\" content=\"A Not\u00edcia Online - Noticias de Muria\u00e9 e regi\u00e3o\" \/>\n\t\t<meta property=\"og:type\" content=\"article\" \/>\n\t\t<meta property=\"og:title\" content=\"Deputado M\u00e1rcio Santiago (PR) perde o mandato - A Not\u00edcia Online\" \/>\n\t\t<meta property=\"og:description\" content=\"Em Reuni\u00e3o Ordin\u00e1ria de Plen\u00e1rio na quarta-feira (10), a Mesa da Assembleia declarou a perda de mandato do deputado M\u00e1rcio Jos\u00e9 Machado de Oliveira, que utiliza o nome parlamentar de Mission\u00e1rio M\u00e1rcio Santiago (PR). A Delibera\u00e7\u00e3o da Mesa 2.683\/18, que traz a decis\u00e3o, cita of\u00edcio encaminhado ao Legislativo pelo Tribunal Regional Eleitoral (TRE-MG). Nele h\u00e1 c\u00f3pia\" \/>\n\t\t<meta property=\"og:url\" content=\"https:\/\/anoticiaonline.com.br\/site\/deputado-marcio-santiago-pr-perde-o-mandato\/\" \/>\n\t\t<meta property=\"og:image\" content=\"https:\/\/scontent-gig4-1.xx.fbcdn.net\/v\/t39.30808-1\/270437624_4564083193639691_6907940295614233970_n.jpg?stp=dst-jpg_s200x200_tt6&#038;_nc_cat=111&#038;ccb=1-7&#038;_nc_sid=f907e8&#038;_nc_ohc=SM1wRlP3lJwQ7kNvwEPuBYA&#038;_nc_oc=AdnqrjDN_BNjSSHWO-GbkIWH6fkGMLw4bqvL_NH6e2wMveX7G-rP2dAqsDSq1mJMOaY&#038;_nc_zt=24&#038;_nc_ht=scontent-gig4-1.xx&#038;_nc_gid=AoBFJeGrT1hVaew_6rchkQ&#038;oh=00_AfX7QmFGhQhG2jAllVgXCiM1ZrWgvtp80-Bfppyexh1QEg&#038;oe=689E923C\" \/>\n\t\t<meta property=\"og:image:secure_url\" content=\"https:\/\/scontent-gig4-1.xx.fbcdn.net\/v\/t39.30808-1\/270437624_4564083193639691_6907940295614233970_n.jpg?stp=dst-jpg_s200x200_tt6&#038;_nc_cat=111&#038;ccb=1-7&#038;_nc_sid=f907e8&#038;_nc_ohc=SM1wRlP3lJwQ7kNvwEPuBYA&#038;_nc_oc=AdnqrjDN_BNjSSHWO-GbkIWH6fkGMLw4bqvL_NH6e2wMveX7G-rP2dAqsDSq1mJMOaY&#038;_nc_zt=24&#038;_nc_ht=scontent-gig4-1.xx&#038;_nc_gid=AoBFJeGrT1hVaew_6rchkQ&#038;oh=00_AfX7QmFGhQhG2jAllVgXCiM1ZrWgvtp80-Bfppyexh1QEg&#038;oe=689E923C\" \/>\n\t\t<meta property=\"article:published_time\" content=\"2018-10-10T23:03:15+00:00\" \/>\n\t\t<meta property=\"article:modified_time\" content=\"2018-10-10T23:03:32+00:00\" \/>\n\t\t<meta name=\"twitter:card\" content=\"summary_large_image\" \/>\n\t\t<meta name=\"twitter:title\" content=\"Deputado M\u00e1rcio Santiago (PR) perde o mandato - A Not\u00edcia Online\" \/>\n\t\t<meta name=\"twitter:description\" content=\"Em Reuni\u00e3o Ordin\u00e1ria de Plen\u00e1rio na quarta-feira (10), a Mesa da Assembleia declarou a perda de mandato do deputado M\u00e1rcio Jos\u00e9 Machado de Oliveira, que utiliza o nome parlamentar de Mission\u00e1rio M\u00e1rcio Santiago (PR). A Delibera\u00e7\u00e3o da Mesa 2.683\/18, que traz a decis\u00e3o, cita of\u00edcio encaminhado ao Legislativo pelo Tribunal Regional Eleitoral (TRE-MG). Nele h\u00e1 c\u00f3pia\" \/>\n\t\t<meta name=\"twitter:image\" content=\"https:\/\/scontent-gig4-1.xx.fbcdn.net\/v\/t39.30808-1\/270437624_4564083193639691_6907940295614233970_n.jpg?stp=dst-jpg_s200x200_tt6&amp;_nc_cat=111&amp;ccb=1-7&amp;_nc_sid=f907e8&amp;_nc_ohc=SM1wRlP3lJwQ7kNvwEPuBYA&amp;_nc_oc=AdnqrjDN_BNjSSHWO-GbkIWH6fkGMLw4bqvL_NH6e2wMveX7G-rP2dAqsDSq1mJMOaY&amp;_nc_zt=24&amp;_nc_ht=scontent-gig4-1.xx&amp;_nc_gid=AoBFJeGrT1hVaew_6rchkQ&amp;oh=00_AfX7QmFGhQhG2jAllVgXCiM1ZrWgvtp80-Bfppyexh1QEg&amp;oe=689E923C\" \/>\n\t\t<script type=\"application\/ld+json\" class=\"aioseo-schema\">\n\t\t\t{\"@context\":\"https:\\\/\\\/schema.org\",\"@graph\":[{\"@type\":\"BlogPosting\",\"@id\":\"https:\\\/\\\/anoticiaonline.com.br\\\/site\\\/deputado-marcio-santiago-pr-perde-o-mandato\\\/#blogposting\",\"name\":\"Deputado M\\u00e1rcio Santiago (PR) perde o mandato - A Not\\u00edcia Online\",\"headline\":\"Deputado M\\u00e1rcio Santiago (PR) perde o mandato\",\"author\":{\"@id\":\"https:\\\/\\\/anoticiaonline.com.br\\\/site\\\/author\\\/juliana\\\/#author\"},\"publisher\":{\"@id\":\"https:\\\/\\\/anoticiaonline.com.br\\\/site\\\/#organization\"},\"image\":{\"@type\":\"ImageObject\",\"url\":\"https:\\\/\\\/anoticiaonline.com.br\\\/site\\\/wp-content\\\/uploads\\\/2018\\\/10\\\/Deputado-M\\u00e1rcio-Santiago-PR-perde-o-mandato.jpg\",\"width\":1000,\"height\":562},\"datePublished\":\"2018-10-10T20:03:15-03:00\",\"dateModified\":\"2018-10-10T20:03:32-03:00\",\"inLanguage\":\"pt-BR\",\"mainEntityOfPage\":{\"@id\":\"https:\\\/\\\/anoticiaonline.com.br\\\/site\\\/deputado-marcio-santiago-pr-perde-o-mandato\\\/#webpage\"},\"isPartOf\":{\"@id\":\"https:\\\/\\\/anoticiaonline.com.br\\\/site\\\/deputado-marcio-santiago-pr-perde-o-mandato\\\/#webpage\"},\"articleSection\":\"Blog, Cotidiano, Gerais, almg, deputado, Mission\\u00e1rio M\\u00e1rcio Santiago\"},{\"@type\":\"BreadcrumbList\",\"@id\":\"https:\\\/\\\/anoticiaonline.com.br\\\/site\\\/deputado-marcio-santiago-pr-perde-o-mandato\\\/#breadcrumblist\",\"itemListElement\":[{\"@type\":\"ListItem\",\"@id\":\"https:\\\/\\\/anoticiaonline.com.br\\\/site#listItem\",\"position\":1,\"name\":\"Home\",\"item\":\"https:\\\/\\\/anoticiaonline.com.br\\\/site\",\"nextItem\":{\"@type\":\"ListItem\",\"@id\":\"https:\\\/\\\/anoticiaonline.com.br\\\/site\\\/categoria\\\/muriae\\\/#listItem\",\"name\":\"Blog\"}},{\"@type\":\"ListItem\",\"@id\":\"https:\\\/\\\/anoticiaonline.com.br\\\/site\\\/categoria\\\/muriae\\\/#listItem\",\"position\":2,\"name\":\"Blog\",\"item\":\"https:\\\/\\\/anoticiaonline.com.br\\\/site\\\/categoria\\\/muriae\\\/\",\"nextItem\":{\"@type\":\"ListItem\",\"@id\":\"https:\\\/\\\/anoticiaonline.com.br\\\/site\\\/categoria\\\/muriae\\\/cotidiano\\\/#listItem\",\"name\":\"Cotidiano\"},\"previousItem\":{\"@type\":\"ListItem\",\"@id\":\"https:\\\/\\\/anoticiaonline.com.br\\\/site#listItem\",\"name\":\"Home\"}},{\"@type\":\"ListItem\",\"@id\":\"https:\\\/\\\/anoticiaonline.com.br\\\/site\\\/categoria\\\/muriae\\\/cotidiano\\\/#listItem\",\"position\":3,\"name\":\"Cotidiano\",\"item\":\"https:\\\/\\\/anoticiaonline.com.br\\\/site\\\/categoria\\\/muriae\\\/cotidiano\\\/\",\"nextItem\":{\"@type\":\"ListItem\",\"@id\":\"https:\\\/\\\/anoticiaonline.com.br\\\/site\\\/deputado-marcio-santiago-pr-perde-o-mandato\\\/#listItem\",\"name\":\"Deputado M\\u00e1rcio Santiago (PR) perde o mandato\"},\"previousItem\":{\"@type\":\"ListItem\",\"@id\":\"https:\\\/\\\/anoticiaonline.com.br\\\/site\\\/categoria\\\/muriae\\\/#listItem\",\"name\":\"Blog\"}},{\"@type\":\"ListItem\",\"@id\":\"https:\\\/\\\/anoticiaonline.com.br\\\/site\\\/deputado-marcio-santiago-pr-perde-o-mandato\\\/#listItem\",\"position\":4,\"name\":\"Deputado M\\u00e1rcio Santiago (PR) perde o mandato\",\"previousItem\":{\"@type\":\"ListItem\",\"@id\":\"https:\\\/\\\/anoticiaonline.com.br\\\/site\\\/categoria\\\/muriae\\\/cotidiano\\\/#listItem\",\"name\":\"Cotidiano\"}}]},{\"@type\":\"Organization\",\"@id\":\"https:\\\/\\\/anoticiaonline.com.br\\\/site\\\/#organization\",\"name\":\"A Not\\u00edcia Online\",\"description\":\"Noticias de Muria\\u00e9 e regi\\u00e3o\",\"url\":\"https:\\\/\\\/anoticiaonline.com.br\\\/site\\\/\",\"logo\":{\"@type\":\"ImageObject\",\"url\":\"https:\\\/\\\/scontent-gig4-1.xx.fbcdn.net\\\/v\\\/t39.30808-1\\\/270437624_4564083193639691_6907940295614233970_n.jpg?stp=dst-jpg_s200x200_tt6&_nc_cat=111&ccb=1-7&_nc_sid=f907e8&_nc_ohc=SM1wRlP3lJwQ7kNvwEPuBYA&_nc_oc=AdnqrjDN_BNjSSHWO-GbkIWH6fkGMLw4bqvL_NH6e2wMveX7G-rP2dAqsDSq1mJMOaY&_nc_zt=24&_nc_ht=scontent-gig4-1.xx&_nc_gid=AoBFJeGrT1hVaew_6rchkQ&oh=00_AfX7QmFGhQhG2jAllVgXCiM1ZrWgvtp80-Bfppyexh1QEg&oe=689E923C\",\"@id\":\"https:\\\/\\\/anoticiaonline.com.br\\\/site\\\/deputado-marcio-santiago-pr-perde-o-mandato\\\/#organizationLogo\"},\"image\":{\"@id\":\"https:\\\/\\\/anoticiaonline.com.br\\\/site\\\/deputado-marcio-santiago-pr-perde-o-mandato\\\/#organizationLogo\"}},{\"@type\":\"Person\",\"@id\":\"https:\\\/\\\/anoticiaonline.com.br\\\/site\\\/author\\\/juliana\\\/#author\",\"url\":\"https:\\\/\\\/anoticiaonline.com.br\\\/site\\\/author\\\/juliana\\\/\",\"name\":\"Juliana Laviola\",\"image\":{\"@type\":\"ImageObject\",\"@id\":\"https:\\\/\\\/anoticiaonline.com.br\\\/site\\\/deputado-marcio-santiago-pr-perde-o-mandato\\\/#authorImage\",\"url\":\"https:\\\/\\\/secure.gravatar.com\\\/avatar\\\/b8d45f5c699b100dfaf0e543582f38f38bf94cb7ae3a5e9abf8d891a34773335?s=96&d=mm&r=g\",\"width\":96,\"height\":96,\"caption\":\"Juliana Laviola\"}},{\"@type\":\"WebPage\",\"@id\":\"https:\\\/\\\/anoticiaonline.com.br\\\/site\\\/deputado-marcio-santiago-pr-perde-o-mandato\\\/#webpage\",\"url\":\"https:\\\/\\\/anoticiaonline.com.br\\\/site\\\/deputado-marcio-santiago-pr-perde-o-mandato\\\/\",\"name\":\"Deputado M\\u00e1rcio Santiago (PR) perde o mandato - A Not\\u00edcia Online\",\"description\":\"Em Reuni\\u00e3o Ordin\\u00e1ria de Plen\\u00e1rio na quarta-feira (10), a Mesa da Assembleia declarou a perda de mandato do deputado M\\u00e1rcio Jos\\u00e9 Machado de Oliveira, que utiliza o nome parlamentar de Mission\\u00e1rio M\\u00e1rcio Santiago (PR). A Delibera\\u00e7\\u00e3o da Mesa 2.683\\\/18, que traz a decis\\u00e3o, cita of\\u00edcio encaminhado ao Legislativo pelo Tribunal Regional Eleitoral (TRE-MG). Nele h\\u00e1 c\\u00f3pia\",\"inLanguage\":\"pt-BR\",\"isPartOf\":{\"@id\":\"https:\\\/\\\/anoticiaonline.com.br\\\/site\\\/#website\"},\"breadcrumb\":{\"@id\":\"https:\\\/\\\/anoticiaonline.com.br\\\/site\\\/deputado-marcio-santiago-pr-perde-o-mandato\\\/#breadcrumblist\"},\"author\":{\"@id\":\"https:\\\/\\\/anoticiaonline.com.br\\\/site\\\/author\\\/juliana\\\/#author\"},\"creator\":{\"@id\":\"https:\\\/\\\/anoticiaonline.com.br\\\/site\\\/author\\\/juliana\\\/#author\"},\"image\":{\"@type\":\"ImageObject\",\"url\":\"https:\\\/\\\/anoticiaonline.com.br\\\/site\\\/wp-content\\\/uploads\\\/2018\\\/10\\\/Deputado-M\\u00e1rcio-Santiago-PR-perde-o-mandato.jpg\",\"@id\":\"https:\\\/\\\/anoticiaonline.com.br\\\/site\\\/deputado-marcio-santiago-pr-perde-o-mandato\\\/#mainImage\",\"width\":1000,\"height\":562},\"primaryImageOfPage\":{\"@id\":\"https:\\\/\\\/anoticiaonline.com.br\\\/site\\\/deputado-marcio-santiago-pr-perde-o-mandato\\\/#mainImage\"},\"datePublished\":\"2018-10-10T20:03:15-03:00\",\"dateModified\":\"2018-10-10T20:03:32-03:00\"},{\"@type\":\"WebSite\",\"@id\":\"https:\\\/\\\/anoticiaonline.com.br\\\/site\\\/#website\",\"url\":\"https:\\\/\\\/anoticiaonline.com.br\\\/site\\\/\",\"name\":\"A Not\\u00edcia Online\",\"description\":\"Noticias de Muria\\u00e9 e regi\\u00e3o\",\"inLanguage\":\"pt-BR\",\"publisher\":{\"@id\":\"https:\\\/\\\/anoticiaonline.com.br\\\/site\\\/#organization\"}}]}\n\t\t<\/script>\n\t\t<!-- All in One SEO -->\n\n","aioseo_head_json":{"title":"Deputado M\u00e1rcio Santiago (PR) perde o mandato - A Not\u00edcia Online","description":"Em Reuni\u00e3o Ordin\u00e1ria de Plen\u00e1rio na quarta-feira (10), a Mesa da Assembleia declarou a perda de mandato do deputado M\u00e1rcio Jos\u00e9 Machado de Oliveira, que utiliza o nome parlamentar de Mission\u00e1rio M\u00e1rcio Santiago (PR). A Delibera\u00e7\u00e3o da Mesa 2.683\/18, que traz a decis\u00e3o, cita of\u00edcio encaminhado ao Legislativo pelo Tribunal Regional Eleitoral (TRE-MG). Nele h\u00e1 c\u00f3pia","canonical_url":"https:\/\/anoticiaonline.com.br\/site\/deputado-marcio-santiago-pr-perde-o-mandato\/","robots":"max-image-preview:large","keywords":"","webmasterTools":{"miscellaneous":""},"schema":{"@context":"https:\/\/schema.org","@graph":[{"@type":"BlogPosting","@id":"https:\/\/anoticiaonline.com.br\/site\/deputado-marcio-santiago-pr-perde-o-mandato\/#blogposting","name":"Deputado M\u00e1rcio Santiago (PR) perde o mandato - A Not\u00edcia Online","headline":"Deputado M\u00e1rcio Santiago (PR) perde o mandato","author":{"@id":"https:\/\/anoticiaonline.com.br\/site\/author\/juliana\/#author"},"publisher":{"@id":"https:\/\/anoticiaonline.com.br\/site\/#organization"},"image":{"@type":"ImageObject","url":"https:\/\/anoticiaonline.com.br\/site\/wp-content\/uploads\/2018\/10\/Deputado-M\u00e1rcio-Santiago-PR-perde-o-mandato.jpg","width":1000,"height":562},"datePublished":"2018-10-10T20:03:15-03:00","dateModified":"2018-10-10T20:03:32-03:00","inLanguage":"pt-BR","mainEntityOfPage":{"@id":"https:\/\/anoticiaonline.com.br\/site\/deputado-marcio-santiago-pr-perde-o-mandato\/#webpage"},"isPartOf":{"@id":"https:\/\/anoticiaonline.com.br\/site\/deputado-marcio-santiago-pr-perde-o-mandato\/#webpage"},"articleSection":"Blog, Cotidiano, Gerais, almg, deputado, Mission\u00e1rio M\u00e1rcio Santiago"},{"@type":"BreadcrumbList","@id":"https:\/\/anoticiaonline.com.br\/site\/deputado-marcio-santiago-pr-perde-o-mandato\/#breadcrumblist","itemListElement":[{"@type":"ListItem","@id":"https:\/\/anoticiaonline.com.br\/site#listItem","position":1,"name":"Home","item":"https:\/\/anoticiaonline.com.br\/site","nextItem":{"@type":"ListItem","@id":"https:\/\/anoticiaonline.com.br\/site\/categoria\/muriae\/#listItem","name":"Blog"}},{"@type":"ListItem","@id":"https:\/\/anoticiaonline.com.br\/site\/categoria\/muriae\/#listItem","position":2,"name":"Blog","item":"https:\/\/anoticiaonline.com.br\/site\/categoria\/muriae\/","nextItem":{"@type":"ListItem","@id":"https:\/\/anoticiaonline.com.br\/site\/categoria\/muriae\/cotidiano\/#listItem","name":"Cotidiano"},"previousItem":{"@type":"ListItem","@id":"https:\/\/anoticiaonline.com.br\/site#listItem","name":"Home"}},{"@type":"ListItem","@id":"https:\/\/anoticiaonline.com.br\/site\/categoria\/muriae\/cotidiano\/#listItem","position":3,"name":"Cotidiano","item":"https:\/\/anoticiaonline.com.br\/site\/categoria\/muriae\/cotidiano\/","nextItem":{"@type":"ListItem","@id":"https:\/\/anoticiaonline.com.br\/site\/deputado-marcio-santiago-pr-perde-o-mandato\/#listItem","name":"Deputado M\u00e1rcio Santiago (PR) perde o mandato"},"previousItem":{"@type":"ListItem","@id":"https:\/\/anoticiaonline.com.br\/site\/categoria\/muriae\/#listItem","name":"Blog"}},{"@type":"ListItem","@id":"https:\/\/anoticiaonline.com.br\/site\/deputado-marcio-santiago-pr-perde-o-mandato\/#listItem","position":4,"name":"Deputado M\u00e1rcio Santiago (PR) perde o mandato","previousItem":{"@type":"ListItem","@id":"https:\/\/anoticiaonline.com.br\/site\/categoria\/muriae\/cotidiano\/#listItem","name":"Cotidiano"}}]},{"@type":"Organization","@id":"https:\/\/anoticiaonline.com.br\/site\/#organization","name":"A Not\u00edcia Online","description":"Noticias de Muria\u00e9 e regi\u00e3o","url":"https:\/\/anoticiaonline.com.br\/site\/","logo":{"@type":"ImageObject","url":"https:\/\/scontent-gig4-1.xx.fbcdn.net\/v\/t39.30808-1\/270437624_4564083193639691_6907940295614233970_n.jpg?stp=dst-jpg_s200x200_tt6&_nc_cat=111&ccb=1-7&_nc_sid=f907e8&_nc_ohc=SM1wRlP3lJwQ7kNvwEPuBYA&_nc_oc=AdnqrjDN_BNjSSHWO-GbkIWH6fkGMLw4bqvL_NH6e2wMveX7G-rP2dAqsDSq1mJMOaY&_nc_zt=24&_nc_ht=scontent-gig4-1.xx&_nc_gid=AoBFJeGrT1hVaew_6rchkQ&oh=00_AfX7QmFGhQhG2jAllVgXCiM1ZrWgvtp80-Bfppyexh1QEg&oe=689E923C","@id":"https:\/\/anoticiaonline.com.br\/site\/deputado-marcio-santiago-pr-perde-o-mandato\/#organizationLogo"},"image":{"@id":"https:\/\/anoticiaonline.com.br\/site\/deputado-marcio-santiago-pr-perde-o-mandato\/#organizationLogo"}},{"@type":"Person","@id":"https:\/\/anoticiaonline.com.br\/site\/author\/juliana\/#author","url":"https:\/\/anoticiaonline.com.br\/site\/author\/juliana\/","name":"Juliana Laviola","image":{"@type":"ImageObject","@id":"https:\/\/anoticiaonline.com.br\/site\/deputado-marcio-santiago-pr-perde-o-mandato\/#authorImage","url":"https:\/\/secure.gravatar.com\/avatar\/b8d45f5c699b100dfaf0e543582f38f38bf94cb7ae3a5e9abf8d891a34773335?s=96&d=mm&r=g","width":96,"height":96,"caption":"Juliana Laviola"}},{"@type":"WebPage","@id":"https:\/\/anoticiaonline.com.br\/site\/deputado-marcio-santiago-pr-perde-o-mandato\/#webpage","url":"https:\/\/anoticiaonline.com.br\/site\/deputado-marcio-santiago-pr-perde-o-mandato\/","name":"Deputado M\u00e1rcio Santiago (PR) perde o mandato - A Not\u00edcia Online","description":"Em Reuni\u00e3o Ordin\u00e1ria de Plen\u00e1rio na quarta-feira (10), a Mesa da Assembleia declarou a perda de mandato do deputado M\u00e1rcio Jos\u00e9 Machado de Oliveira, que utiliza o nome parlamentar de Mission\u00e1rio M\u00e1rcio Santiago (PR). A Delibera\u00e7\u00e3o da Mesa 2.683\/18, que traz a decis\u00e3o, cita of\u00edcio encaminhado ao Legislativo pelo Tribunal Regional Eleitoral (TRE-MG). Nele h\u00e1 c\u00f3pia","inLanguage":"pt-BR","isPartOf":{"@id":"https:\/\/anoticiaonline.com.br\/site\/#website"},"breadcrumb":{"@id":"https:\/\/anoticiaonline.com.br\/site\/deputado-marcio-santiago-pr-perde-o-mandato\/#breadcrumblist"},"author":{"@id":"https:\/\/anoticiaonline.com.br\/site\/author\/juliana\/#author"},"creator":{"@id":"https:\/\/anoticiaonline.com.br\/site\/author\/juliana\/#author"},"image":{"@type":"ImageObject","url":"https:\/\/anoticiaonline.com.br\/site\/wp-content\/uploads\/2018\/10\/Deputado-M\u00e1rcio-Santiago-PR-perde-o-mandato.jpg","@id":"https:\/\/anoticiaonline.com.br\/site\/deputado-marcio-santiago-pr-perde-o-mandato\/#mainImage","width":1000,"height":562},"primaryImageOfPage":{"@id":"https:\/\/anoticiaonline.com.br\/site\/deputado-marcio-santiago-pr-perde-o-mandato\/#mainImage"},"datePublished":"2018-10-10T20:03:15-03:00","dateModified":"2018-10-10T20:03:32-03:00"},{"@type":"WebSite","@id":"https:\/\/anoticiaonline.com.br\/site\/#website","url":"https:\/\/anoticiaonline.com.br\/site\/","name":"A Not\u00edcia Online","description":"Noticias de Muria\u00e9 e regi\u00e3o","inLanguage":"pt-BR","publisher":{"@id":"https:\/\/anoticiaonline.com.br\/site\/#organization"}}]},"og:locale":"pt_BR","og:site_name":"A Not\u00edcia Online - Noticias de Muria\u00e9 e regi\u00e3o","og:type":"article","og:title":"Deputado M\u00e1rcio Santiago (PR) perde o mandato - A Not\u00edcia Online","og:description":"Em Reuni\u00e3o Ordin\u00e1ria de Plen\u00e1rio na quarta-feira (10), a Mesa da Assembleia declarou a perda de mandato do deputado M\u00e1rcio Jos\u00e9 Machado de Oliveira, que utiliza o nome parlamentar de Mission\u00e1rio M\u00e1rcio Santiago (PR). A Delibera\u00e7\u00e3o da Mesa 2.683\/18, que traz a decis\u00e3o, cita of\u00edcio encaminhado ao Legislativo pelo Tribunal Regional Eleitoral (TRE-MG). Nele h\u00e1 c\u00f3pia","og:url":"https:\/\/anoticiaonline.com.br\/site\/deputado-marcio-santiago-pr-perde-o-mandato\/","og:image":"https:\/\/scontent-gig4-1.xx.fbcdn.net\/v\/t39.30808-1\/270437624_4564083193639691_6907940295614233970_n.jpg?stp=dst-jpg_s200x200_tt6&#038;_nc_cat=111&#038;ccb=1-7&#038;_nc_sid=f907e8&#038;_nc_ohc=SM1wRlP3lJwQ7kNvwEPuBYA&#038;_nc_oc=AdnqrjDN_BNjSSHWO-GbkIWH6fkGMLw4bqvL_NH6e2wMveX7G-rP2dAqsDSq1mJMOaY&#038;_nc_zt=24&#038;_nc_ht=scontent-gig4-1.xx&#038;_nc_gid=AoBFJeGrT1hVaew_6rchkQ&#038;oh=00_AfX7QmFGhQhG2jAllVgXCiM1ZrWgvtp80-Bfppyexh1QEg&#038;oe=689E923C","og:image:secure_url":"https:\/\/scontent-gig4-1.xx.fbcdn.net\/v\/t39.30808-1\/270437624_4564083193639691_6907940295614233970_n.jpg?stp=dst-jpg_s200x200_tt6&#038;_nc_cat=111&#038;ccb=1-7&#038;_nc_sid=f907e8&#038;_nc_ohc=SM1wRlP3lJwQ7kNvwEPuBYA&#038;_nc_oc=AdnqrjDN_BNjSSHWO-GbkIWH6fkGMLw4bqvL_NH6e2wMveX7G-rP2dAqsDSq1mJMOaY&#038;_nc_zt=24&#038;_nc_ht=scontent-gig4-1.xx&#038;_nc_gid=AoBFJeGrT1hVaew_6rchkQ&#038;oh=00_AfX7QmFGhQhG2jAllVgXCiM1ZrWgvtp80-Bfppyexh1QEg&#038;oe=689E923C","article:published_time":"2018-10-10T23:03:15+00:00","article:modified_time":"2018-10-10T23:03:32+00:00","twitter:card":"summary_large_image","twitter:title":"Deputado M\u00e1rcio Santiago (PR) perde o mandato - A Not\u00edcia Online","twitter:description":"Em Reuni\u00e3o Ordin\u00e1ria de Plen\u00e1rio na quarta-feira (10), a Mesa da Assembleia declarou a perda de mandato do deputado M\u00e1rcio Jos\u00e9 Machado de Oliveira, que utiliza o nome parlamentar de Mission\u00e1rio M\u00e1rcio Santiago (PR). A Delibera\u00e7\u00e3o da Mesa 2.683\/18, que traz a decis\u00e3o, cita of\u00edcio encaminhado ao Legislativo pelo Tribunal Regional Eleitoral (TRE-MG). Nele h\u00e1 c\u00f3pia","twitter:image":"https:\/\/scontent-gig4-1.xx.fbcdn.net\/v\/t39.30808-1\/270437624_4564083193639691_6907940295614233970_n.jpg?stp=dst-jpg_s200x200_tt6&_nc_cat=111&ccb=1-7&_nc_sid=f907e8&_nc_ohc=SM1wRlP3lJwQ7kNvwEPuBYA&_nc_oc=AdnqrjDN_BNjSSHWO-GbkIWH6fkGMLw4bqvL_NH6e2wMveX7G-rP2dAqsDSq1mJMOaY&_nc_zt=24&_nc_ht=scontent-gig4-1.xx&_nc_gid=AoBFJeGrT1hVaew_6rchkQ&oh=00_AfX7QmFGhQhG2jAllVgXCiM1ZrWgvtp80-Bfppyexh1QEg&oe=689E923C"},"aioseo_meta_data":{"post_id":"62845","title":null,"description":null,"keywords":null,"keyphrases":null,"primary_term":null,"canonical_url":null,"og_title":null,"og_description":null,"og_object_type":"default","og_image_type":"default","og_image_url":null,"og_image_width":null,"og_image_height":null,"og_image_custom_url":null,"og_image_custom_fields":null,"og_video":null,"og_custom_url":null,"og_article_section":null,"og_article_tags":null,"twitter_use_og":false,"twitter_card":"default","twitter_image_type":"default","twitter_image_url":null,"twitter_image_custom_url":null,"twitter_image_custom_fields":null,"twitter_title":null,"twitter_description":null,"schema":{"blockGraphs":[],"customGraphs":[],"default":{"data":{"Article":[],"Course":[],"Dataset":[],"FAQPage":[],"Movie":[],"Person":[],"Product":[],"ProductReview":[],"Car":[],"Recipe":[],"Service":[],"SoftwareApplication":[],"WebPage":[]},"graphName":"","isEnabled":true},"graphs":[]},"schema_type":"default","schema_type_options":null,"pillar_content":false,"robots_default":true,"robots_noindex":false,"robots_noarchive":false,"robots_nosnippet":false,"robots_nofollow":false,"robots_noimageindex":false,"robots_noodp":false,"robots_notranslate":false,"robots_max_snippet":null,"robots_max_videopreview":null,"robots_max_imagepreview":"large","priority":null,"frequency":null,"local_seo":null,"breadcrumb_settings":null,"limit_modified_date":false,"ai":null,"created":"2025-08-16 21:50:12","updated":"2025-08-16 21:50:12","focus_keyword":null,"additional_keywords":null,"truseo_locale":null,"seo_analyzer_scan_date":null},"aioseo_breadcrumb":"<div class=\"aioseo-breadcrumbs\"><span class=\"aioseo-breadcrumb\">\n\t\t\t<a href=\"https:\/\/anoticiaonline.com.br\/site\" title=\"Home\">Home<\/a>\n\t\t<\/span><span class=\"aioseo-breadcrumb-separator\">&raquo;<\/span><span class=\"aioseo-breadcrumb\">\n\t\t\t<a href=\"https:\/\/anoticiaonline.com.br\/site\/categoria\/muriae\/\" title=\"Blog\">Blog<\/a>\n\t\t<\/span><span class=\"aioseo-breadcrumb-separator\">&raquo;<\/span><span class=\"aioseo-breadcrumb\">\n\t\t\t<a href=\"https:\/\/anoticiaonline.com.br\/site\/categoria\/muriae\/cotidiano\/\" title=\"Cotidiano\">Cotidiano<\/a>\n\t\t<\/span><span class=\"aioseo-breadcrumb-separator\">&raquo;<\/span><span class=\"aioseo-breadcrumb\">\n\t\t\tDeputado M\u00e1rcio Santiago (PR) perde o mandato\n\t\t<\/span><\/div>","aioseo_breadcrumb_json":[{"label":"Home","link":"https:\/\/anoticiaonline.com.br\/site"},{"label":"Blog","link":"https:\/\/anoticiaonline.com.br\/site\/categoria\/muriae\/"},{"label":"Cotidiano","link":"https:\/\/anoticiaonline.com.br\/site\/categoria\/muriae\/cotidiano\/"},{"label":"Deputado M\u00e1rcio Santiago (PR) perde o mandato","link":"https:\/\/anoticiaonline.com.br\/site\/deputado-marcio-santiago-pr-perde-o-mandato\/"}],"views":112,"_links":{"self":[{"href":"https:\/\/anoticiaonline.com.br\/site\/wp-json\/wp\/v2\/posts\/62845","targetHints":{"allow":["GET"]}}],"collection":[{"href":"https:\/\/anoticiaonline.com.br\/site\/wp-json\/wp\/v2\/posts"}],"about":[{"href":"https:\/\/anoticiaonline.com.br\/site\/wp-json\/wp\/v2\/types\/post"}],"author":[{"embeddable":true,"href":"https:\/\/anoticiaonline.com.br\/site\/wp-json\/wp\/v2\/users\/2"}],"replies":[{"embeddable":true,"href":"https:\/\/anoticiaonline.com.br\/site\/wp-json\/wp\/v2\/comments?post=62845"}],"version-history":[{"count":0,"href":"https:\/\/anoticiaonline.com.br\/site\/wp-json\/wp\/v2\/posts\/62845\/revisions"}],"wp:featuredmedia":[{"embeddable":true,"href":"https:\/\/anoticiaonline.com.br\/site\/wp-json\/wp\/v2\/media\/62846"}],"wp:attachment":[{"href":"https:\/\/anoticiaonline.com.br\/site\/wp-json\/wp\/v2\/media?parent=62845"}],"wp:term":[{"taxonomy":"category","embeddable":true,"href":"https:\/\/anoticiaonline.com.br\/site\/wp-json\/wp\/v2\/categories?post=62845"},{"taxonomy":"post_tag","embeddable":true,"href":"https:\/\/anoticiaonline.com.br\/site\/wp-json\/wp\/v2\/tags?post=62845"}],"curies":[{"name":"wp","href":"https:\/\/api.w.org\/{rel}","templated":true}]}}