{"id":62833,"date":"2018-10-10T18:33:11","date_gmt":"2018-10-10T21:33:11","guid":{"rendered":"http:\/\/anoticiaonline.com.br\/site\/?p=62833"},"modified":"2018-10-10T22:07:09","modified_gmt":"2018-10-11T01:07:09","slug":"jovem-e-assassinado-no-bairro-sao-gotardo","status":"publish","type":"post","link":"https:\/\/anoticiaonline.com.br\/site\/jovem-e-assassinado-no-bairro-sao-gotardo\/","title":{"rendered":"Jovem \u00e9 assassinado no Bairro S\u00e3o Gotardo"},"content":{"rendered":"<p>Foi registrado na noite de ter\u00e7a-feira (9) em Muria\u00e9, por volta das 21h50, o sexto assassinato do ano. O crime aconteceu na Rua Vicente Vargas de Castro, no Bairro S\u00e3o Gotardo, a v\u00edtima foi o jovem Vin\u00edcius Ces\u00e1rio da Silva Rodrigues, de 19 anos de idade.<a href=\"https:\/\/anoticiaonline.com.br\/site\/wp-content\/uploads\/2018\/10\/CAPA-2-1.jpeg\"><img fetchpriority=\"high\" decoding=\"async\" class=\"size-full wp-image-62836 alignleft\" src=\"https:\/\/anoticiaonline.com.br\/site\/wp-content\/uploads\/2018\/10\/CAPA-2-1.jpeg\" alt=\"\" width=\"478\" height=\"319\" srcset=\"https:\/\/anoticiaonline.com.br\/site\/wp-content\/uploads\/2018\/10\/CAPA-2-1.jpeg 478w, https:\/\/anoticiaonline.com.br\/site\/wp-content\/uploads\/2018\/10\/CAPA-2-1-300x200.jpeg 300w\" sizes=\"(max-width: 478px) 100vw, 478px\" \/><\/a><\/p>\n<p>A Pol\u00edcia Militar de Muria\u00e9 foi acionada com urg\u00eancia e, no local, foi informada que a v\u00edtima de disparo de arma de fogo transitava pela rua e o autor trafegava na garupa de uma motocicleta, prata e acertou a v\u00edtima, que ficou ca\u00edda ao solo, sendo socorrida por familiares e levada para o Hospital S\u00e3o Paulo.<\/p>\n<figure id=\"attachment_62835\" aria-describedby=\"caption-attachment-62835\" style=\"width: 284px\" class=\"wp-caption alignleft\"><a href=\"https:\/\/anoticiaonline.com.br\/site\/wp-content\/uploads\/2018\/10\/CAPA-1.jpeg\"><img decoding=\"async\" class=\"wp-image-62835 size-medium\" src=\"https:\/\/anoticiaonline.com.br\/site\/wp-content\/uploads\/2018\/10\/CAPA-1-294x300.jpeg\" alt=\"\" width=\"294\" height=\"300\" srcset=\"https:\/\/anoticiaonline.com.br\/site\/wp-content\/uploads\/2018\/10\/CAPA-1-294x300.jpeg 294w, https:\/\/anoticiaonline.com.br\/site\/wp-content\/uploads\/2018\/10\/CAPA-1.jpeg 720w\" sizes=\"(max-width: 294px) 100vw, 294px\" \/><\/a><figcaption id=\"caption-attachment-62835\" class=\"wp-caption-text\">A v\u00edtima foi o jovem Vin\u00edcius Ces\u00e1rio da Silva Rodrigues, de 19 anos de idade<\/figcaption><\/figure>\n<p>\u201cA Per\u00edcia T\u00e9cnica compareceu ao local e realizou os trabalhos e j\u00e1 pelo Hospital S\u00e3o Paulo fomos informados pela equipe de enfermagem que a v\u00edtima, Vin\u00edcius, deu entrada j\u00e1 sem vida, a princ\u00edpio com uma perfura\u00e7\u00e3o na costela e outra no t\u00f3rax n\u00e3o sendo poss\u00edvel mensurar se havia mais alguma perfura\u00e7\u00e3o.\u00a0As viaturas realizaram v\u00e1rias dilig\u00eancias de acordo com as informa\u00e7\u00f5es que chegaram, anonimamente, via 190. Quando uma das viaturas passava pela Rua Silas Macedo, localizou, em uma resid\u00eancia, o suspeito (de 18 anos) escondido debaixo da cama de sua m\u00e3e\u201d, conta a PM. Foi levantado, tamb\u00e9m, dados sobre o condutor da moto. A motocicleta passou pela v\u00edtima tendo o autor carona feito dois disparos.<\/p>\n<p>Os militares chegaram \u00e0 Rua Sime\u00e3o F\u00e9res, onde tiveram a entrada franqueada em uma casa de um dos suspeitos apontados. Foi localizado, em seu quarto, um colete \u00e0 prova de balas; seis muni\u00e7\u00f5es (4 cal .38 e 2 cal .22) e um cartucho deflagrado (cal .38); um rolo de pl\u00e1stico filme e um rolo de fita adesiva. Durante o rastreamento, localizaram tamb\u00e9m a motocicleta cor prata estacionada na Rua Dejair Dias de Carvalho, a qual foi apreendida.<\/p>\n<p>Imagens de c\u00e2meras recolhidas em alguns pontos v\u00e3o ajudar a esclarecer o fato e ver o grau de liga\u00e7\u00e3o com o crime das pessoas presas ou apontadas.<\/p>\n<p>Cr\u00e9ditos: Texto: <a href=\"http:\/\/www.silvanalves.com.br\">www.silvanalves.com.br<\/a> Fotos: Internet<\/p>\n","protected":false},"excerpt":{"rendered":"<p>Foi registrado na noite de ter\u00e7a-feira (9) em Muria\u00e9, por volta das 21h50, o sexto assassinato do ano. O crime aconteceu na Rua Vicente Vargas de Castro, no Bairro S\u00e3o Gotardo, a v\u00edtima foi o jovem Vin\u00edcius Ces\u00e1rio da Silva Rodrigues, de 19 anos de idade. A Pol\u00edcia Militar de Muria\u00e9 foi acionada com urg\u00eancia &#8230; <a title=\"Jovem \u00e9 assassinado no Bairro S\u00e3o Gotardo\" class=\"read-more\" href=\"https:\/\/anoticiaonline.com.br\/site\/jovem-e-assassinado-no-bairro-sao-gotardo\/\" aria-label=\"Read more about Jovem \u00e9 assassinado no Bairro S\u00e3o Gotardo\">Ler mais<\/a><\/p>\n","protected":false},"author":2,"featured_media":62840,"comment_status":"open","ping_status":"open","sticky":false,"template":"","format":"standard","meta":{"_acf_changed":false,"_monsterinsights_skip_tracking":false,"footnotes":""},"categories":[30,2892],"tags":[415,1241,74,239,3205],"class_list":["post-62833","post","type-post","status-publish","format-standard","has-post-thumbnail","hentry","category-muriae","category-policia","tag-assassinato","tag-jovem","tag-muriae","tag-policia","tag-sao-gotardo"],"acf":[],"aioseo_notices":[],"aioseo_head":"\n\t\t<!-- All in One SEO 5.0.0.1 - aioseo.com -->\n\t<meta name=\"description\" content=\"Foi registrado na noite de ter\u00e7a-feira (9) em Muria\u00e9, por volta das 21h50, o sexto assassinato do ano. O crime aconteceu na Rua Vicente Vargas de Castro, no Bairro S\u00e3o Gotardo, a v\u00edtima foi o jovem Vin\u00edcius Ces\u00e1rio da Silva Rodrigues, de 19 anos de idade. A Pol\u00edcia Militar de Muria\u00e9 foi acionada com urg\u00eancia\" \/>\n\t<meta name=\"robots\" content=\"max-image-preview:large\" \/>\n\t<meta name=\"author\" content=\"Juliana Laviola\"\/>\n\t<link rel=\"canonical\" href=\"https:\/\/anoticiaonline.com.br\/site\/jovem-e-assassinado-no-bairro-sao-gotardo\/\" \/>\n\t<meta name=\"generator\" content=\"All in One SEO (AIOSEO) 5.0.0.1\" \/>\n\t\t<meta property=\"og:locale\" content=\"pt_BR\" \/>\n\t\t<meta property=\"og:site_name\" content=\"A Not\u00edcia Online - Noticias de Muria\u00e9 e regi\u00e3o\" \/>\n\t\t<meta property=\"og:type\" content=\"article\" \/>\n\t\t<meta property=\"og:title\" content=\"Jovem \u00e9 assassinado no Bairro S\u00e3o Gotardo - A Not\u00edcia Online\" \/>\n\t\t<meta property=\"og:description\" content=\"Foi registrado na noite de ter\u00e7a-feira (9) em Muria\u00e9, por volta das 21h50, o sexto assassinato do ano. O crime aconteceu na Rua Vicente Vargas de Castro, no Bairro S\u00e3o Gotardo, a v\u00edtima foi o jovem Vin\u00edcius Ces\u00e1rio da Silva Rodrigues, de 19 anos de idade. A Pol\u00edcia Militar de Muria\u00e9 foi acionada com urg\u00eancia\" \/>\n\t\t<meta property=\"og:url\" content=\"https:\/\/anoticiaonline.com.br\/site\/jovem-e-assassinado-no-bairro-sao-gotardo\/\" \/>\n\t\t<meta property=\"og:image\" content=\"https:\/\/scontent-gig4-1.xx.fbcdn.net\/v\/t39.30808-1\/270437624_4564083193639691_6907940295614233970_n.jpg?stp=dst-jpg_s200x200_tt6&#038;_nc_cat=111&#038;ccb=1-7&#038;_nc_sid=f907e8&#038;_nc_ohc=SM1wRlP3lJwQ7kNvwEPuBYA&#038;_nc_oc=AdnqrjDN_BNjSSHWO-GbkIWH6fkGMLw4bqvL_NH6e2wMveX7G-rP2dAqsDSq1mJMOaY&#038;_nc_zt=24&#038;_nc_ht=scontent-gig4-1.xx&#038;_nc_gid=AoBFJeGrT1hVaew_6rchkQ&#038;oh=00_AfX7QmFGhQhG2jAllVgXCiM1ZrWgvtp80-Bfppyexh1QEg&#038;oe=689E923C\" \/>\n\t\t<meta property=\"og:image:secure_url\" content=\"https:\/\/scontent-gig4-1.xx.fbcdn.net\/v\/t39.30808-1\/270437624_4564083193639691_6907940295614233970_n.jpg?stp=dst-jpg_s200x200_tt6&#038;_nc_cat=111&#038;ccb=1-7&#038;_nc_sid=f907e8&#038;_nc_ohc=SM1wRlP3lJwQ7kNvwEPuBYA&#038;_nc_oc=AdnqrjDN_BNjSSHWO-GbkIWH6fkGMLw4bqvL_NH6e2wMveX7G-rP2dAqsDSq1mJMOaY&#038;_nc_zt=24&#038;_nc_ht=scontent-gig4-1.xx&#038;_nc_gid=AoBFJeGrT1hVaew_6rchkQ&#038;oh=00_AfX7QmFGhQhG2jAllVgXCiM1ZrWgvtp80-Bfppyexh1QEg&#038;oe=689E923C\" \/>\n\t\t<meta property=\"article:published_time\" content=\"2018-10-10T21:33:11+00:00\" \/>\n\t\t<meta property=\"article:modified_time\" content=\"2018-10-11T01:07:09+00:00\" \/>\n\t\t<meta name=\"twitter:card\" content=\"summary_large_image\" \/>\n\t\t<meta name=\"twitter:title\" content=\"Jovem \u00e9 assassinado no Bairro S\u00e3o Gotardo - A Not\u00edcia Online\" \/>\n\t\t<meta name=\"twitter:description\" content=\"Foi registrado na noite de ter\u00e7a-feira (9) em Muria\u00e9, por volta das 21h50, o sexto assassinato do ano. O crime aconteceu na Rua Vicente Vargas de Castro, no Bairro S\u00e3o Gotardo, a v\u00edtima foi o jovem Vin\u00edcius Ces\u00e1rio da Silva Rodrigues, de 19 anos de idade. A Pol\u00edcia Militar de Muria\u00e9 foi acionada com urg\u00eancia\" \/>\n\t\t<meta name=\"twitter:image\" content=\"https:\/\/scontent-gig4-1.xx.fbcdn.net\/v\/t39.30808-1\/270437624_4564083193639691_6907940295614233970_n.jpg?stp=dst-jpg_s200x200_tt6&amp;_nc_cat=111&amp;ccb=1-7&amp;_nc_sid=f907e8&amp;_nc_ohc=SM1wRlP3lJwQ7kNvwEPuBYA&amp;_nc_oc=AdnqrjDN_BNjSSHWO-GbkIWH6fkGMLw4bqvL_NH6e2wMveX7G-rP2dAqsDSq1mJMOaY&amp;_nc_zt=24&amp;_nc_ht=scontent-gig4-1.xx&amp;_nc_gid=AoBFJeGrT1hVaew_6rchkQ&amp;oh=00_AfX7QmFGhQhG2jAllVgXCiM1ZrWgvtp80-Bfppyexh1QEg&amp;oe=689E923C\" \/>\n\t\t<script type=\"application\/ld+json\" class=\"aioseo-schema\">\n\t\t\t{\"@context\":\"https:\\\/\\\/schema.org\",\"@graph\":[{\"@type\":\"BlogPosting\",\"@id\":\"https:\\\/\\\/anoticiaonline.com.br\\\/site\\\/jovem-e-assassinado-no-bairro-sao-gotardo\\\/#blogposting\",\"name\":\"Jovem \\u00e9 assassinado no Bairro S\\u00e3o Gotardo - A Not\\u00edcia Online\",\"headline\":\"Jovem \\u00e9 assassinado no Bairro S\\u00e3o Gotardo\",\"author\":{\"@id\":\"https:\\\/\\\/anoticiaonline.com.br\\\/site\\\/author\\\/juliana\\\/#author\"},\"publisher\":{\"@id\":\"https:\\\/\\\/anoticiaonline.com.br\\\/site\\\/#organization\"},\"image\":{\"@type\":\"ImageObject\",\"url\":\"https:\\\/\\\/anoticiaonline.com.br\\\/site\\\/wp-content\\\/uploads\\\/2018\\\/10\\\/CAPA-2-2.jpeg\",\"width\":1000,\"height\":667},\"datePublished\":\"2018-10-10T18:33:11-03:00\",\"dateModified\":\"2018-10-10T22:07:09-03:00\",\"inLanguage\":\"pt-BR\",\"mainEntityOfPage\":{\"@id\":\"https:\\\/\\\/anoticiaonline.com.br\\\/site\\\/jovem-e-assassinado-no-bairro-sao-gotardo\\\/#webpage\"},\"isPartOf\":{\"@id\":\"https:\\\/\\\/anoticiaonline.com.br\\\/site\\\/jovem-e-assassinado-no-bairro-sao-gotardo\\\/#webpage\"},\"articleSection\":\"Blog, Pol\\u00edcia, assassinato, jovem, Muria\\u00e9, pol\\u00edcia, s\\u00e3o gotardo\"},{\"@type\":\"BreadcrumbList\",\"@id\":\"https:\\\/\\\/anoticiaonline.com.br\\\/site\\\/jovem-e-assassinado-no-bairro-sao-gotardo\\\/#breadcrumblist\",\"itemListElement\":[{\"@type\":\"ListItem\",\"@id\":\"https:\\\/\\\/anoticiaonline.com.br\\\/site#listItem\",\"position\":1,\"name\":\"Home\",\"item\":\"https:\\\/\\\/anoticiaonline.com.br\\\/site\",\"nextItem\":{\"@type\":\"ListItem\",\"@id\":\"https:\\\/\\\/anoticiaonline.com.br\\\/site\\\/categoria\\\/muriae\\\/#listItem\",\"name\":\"Blog\"}},{\"@type\":\"ListItem\",\"@id\":\"https:\\\/\\\/anoticiaonline.com.br\\\/site\\\/categoria\\\/muriae\\\/#listItem\",\"position\":2,\"name\":\"Blog\",\"item\":\"https:\\\/\\\/anoticiaonline.com.br\\\/site\\\/categoria\\\/muriae\\\/\",\"nextItem\":{\"@type\":\"ListItem\",\"@id\":\"https:\\\/\\\/anoticiaonline.com.br\\\/site\\\/categoria\\\/muriae\\\/policia\\\/#listItem\",\"name\":\"Pol\\u00edcia\"},\"previousItem\":{\"@type\":\"ListItem\",\"@id\":\"https:\\\/\\\/anoticiaonline.com.br\\\/site#listItem\",\"name\":\"Home\"}},{\"@type\":\"ListItem\",\"@id\":\"https:\\\/\\\/anoticiaonline.com.br\\\/site\\\/categoria\\\/muriae\\\/policia\\\/#listItem\",\"position\":3,\"name\":\"Pol\\u00edcia\",\"item\":\"https:\\\/\\\/anoticiaonline.com.br\\\/site\\\/categoria\\\/muriae\\\/policia\\\/\",\"nextItem\":{\"@type\":\"ListItem\",\"@id\":\"https:\\\/\\\/anoticiaonline.com.br\\\/site\\\/jovem-e-assassinado-no-bairro-sao-gotardo\\\/#listItem\",\"name\":\"Jovem \\u00e9 assassinado no Bairro S\\u00e3o Gotardo\"},\"previousItem\":{\"@type\":\"ListItem\",\"@id\":\"https:\\\/\\\/anoticiaonline.com.br\\\/site\\\/categoria\\\/muriae\\\/#listItem\",\"name\":\"Blog\"}},{\"@type\":\"ListItem\",\"@id\":\"https:\\\/\\\/anoticiaonline.com.br\\\/site\\\/jovem-e-assassinado-no-bairro-sao-gotardo\\\/#listItem\",\"position\":4,\"name\":\"Jovem \\u00e9 assassinado no Bairro S\\u00e3o Gotardo\",\"previousItem\":{\"@type\":\"ListItem\",\"@id\":\"https:\\\/\\\/anoticiaonline.com.br\\\/site\\\/categoria\\\/muriae\\\/policia\\\/#listItem\",\"name\":\"Pol\\u00edcia\"}}]},{\"@type\":\"Organization\",\"@id\":\"https:\\\/\\\/anoticiaonline.com.br\\\/site\\\/#organization\",\"name\":\"A Not\\u00edcia Online\",\"description\":\"Noticias de Muria\\u00e9 e regi\\u00e3o\",\"url\":\"https:\\\/\\\/anoticiaonline.com.br\\\/site\\\/\",\"logo\":{\"@type\":\"ImageObject\",\"url\":\"https:\\\/\\\/scontent-gig4-1.xx.fbcdn.net\\\/v\\\/t39.30808-1\\\/270437624_4564083193639691_6907940295614233970_n.jpg?stp=dst-jpg_s200x200_tt6&_nc_cat=111&ccb=1-7&_nc_sid=f907e8&_nc_ohc=SM1wRlP3lJwQ7kNvwEPuBYA&_nc_oc=AdnqrjDN_BNjSSHWO-GbkIWH6fkGMLw4bqvL_NH6e2wMveX7G-rP2dAqsDSq1mJMOaY&_nc_zt=24&_nc_ht=scontent-gig4-1.xx&_nc_gid=AoBFJeGrT1hVaew_6rchkQ&oh=00_AfX7QmFGhQhG2jAllVgXCiM1ZrWgvtp80-Bfppyexh1QEg&oe=689E923C\",\"@id\":\"https:\\\/\\\/anoticiaonline.com.br\\\/site\\\/jovem-e-assassinado-no-bairro-sao-gotardo\\\/#organizationLogo\"},\"image\":{\"@id\":\"https:\\\/\\\/anoticiaonline.com.br\\\/site\\\/jovem-e-assassinado-no-bairro-sao-gotardo\\\/#organizationLogo\"}},{\"@type\":\"Person\",\"@id\":\"https:\\\/\\\/anoticiaonline.com.br\\\/site\\\/author\\\/juliana\\\/#author\",\"url\":\"https:\\\/\\\/anoticiaonline.com.br\\\/site\\\/author\\\/juliana\\\/\",\"name\":\"Juliana Laviola\",\"image\":{\"@type\":\"ImageObject\",\"@id\":\"https:\\\/\\\/anoticiaonline.com.br\\\/site\\\/jovem-e-assassinado-no-bairro-sao-gotardo\\\/#authorImage\",\"url\":\"https:\\\/\\\/secure.gravatar.com\\\/avatar\\\/b8d45f5c699b100dfaf0e543582f38f38bf94cb7ae3a5e9abf8d891a34773335?s=96&d=mm&r=g\",\"width\":96,\"height\":96,\"caption\":\"Juliana Laviola\"}},{\"@type\":\"WebPage\",\"@id\":\"https:\\\/\\\/anoticiaonline.com.br\\\/site\\\/jovem-e-assassinado-no-bairro-sao-gotardo\\\/#webpage\",\"url\":\"https:\\\/\\\/anoticiaonline.com.br\\\/site\\\/jovem-e-assassinado-no-bairro-sao-gotardo\\\/\",\"name\":\"Jovem \\u00e9 assassinado no Bairro S\\u00e3o Gotardo - A Not\\u00edcia Online\",\"description\":\"Foi registrado na noite de ter\\u00e7a-feira (9) em Muria\\u00e9, por volta das 21h50, o sexto assassinato do ano. O crime aconteceu na Rua Vicente Vargas de Castro, no Bairro S\\u00e3o Gotardo, a v\\u00edtima foi o jovem Vin\\u00edcius Ces\\u00e1rio da Silva Rodrigues, de 19 anos de idade. A Pol\\u00edcia Militar de Muria\\u00e9 foi acionada com urg\\u00eancia\",\"inLanguage\":\"pt-BR\",\"isPartOf\":{\"@id\":\"https:\\\/\\\/anoticiaonline.com.br\\\/site\\\/#website\"},\"breadcrumb\":{\"@id\":\"https:\\\/\\\/anoticiaonline.com.br\\\/site\\\/jovem-e-assassinado-no-bairro-sao-gotardo\\\/#breadcrumblist\"},\"author\":{\"@id\":\"https:\\\/\\\/anoticiaonline.com.br\\\/site\\\/author\\\/juliana\\\/#author\"},\"creator\":{\"@id\":\"https:\\\/\\\/anoticiaonline.com.br\\\/site\\\/author\\\/juliana\\\/#author\"},\"image\":{\"@type\":\"ImageObject\",\"url\":\"https:\\\/\\\/anoticiaonline.com.br\\\/site\\\/wp-content\\\/uploads\\\/2018\\\/10\\\/CAPA-2-2.jpeg\",\"@id\":\"https:\\\/\\\/anoticiaonline.com.br\\\/site\\\/jovem-e-assassinado-no-bairro-sao-gotardo\\\/#mainImage\",\"width\":1000,\"height\":667},\"primaryImageOfPage\":{\"@id\":\"https:\\\/\\\/anoticiaonline.com.br\\\/site\\\/jovem-e-assassinado-no-bairro-sao-gotardo\\\/#mainImage\"},\"datePublished\":\"2018-10-10T18:33:11-03:00\",\"dateModified\":\"2018-10-10T22:07:09-03:00\"},{\"@type\":\"WebSite\",\"@id\":\"https:\\\/\\\/anoticiaonline.com.br\\\/site\\\/#website\",\"url\":\"https:\\\/\\\/anoticiaonline.com.br\\\/site\\\/\",\"name\":\"A Not\\u00edcia Online\",\"description\":\"Noticias de Muria\\u00e9 e regi\\u00e3o\",\"inLanguage\":\"pt-BR\",\"publisher\":{\"@id\":\"https:\\\/\\\/anoticiaonline.com.br\\\/site\\\/#organization\"}}]}\n\t\t<\/script>\n\t\t<!-- All in One SEO -->\n\n","aioseo_head_json":{"title":"Jovem \u00e9 assassinado no Bairro S\u00e3o Gotardo - A Not\u00edcia Online","description":"Foi registrado na noite de ter\u00e7a-feira (9) em Muria\u00e9, por volta das 21h50, o sexto assassinato do ano. O crime aconteceu na Rua Vicente Vargas de Castro, no Bairro S\u00e3o Gotardo, a v\u00edtima foi o jovem Vin\u00edcius Ces\u00e1rio da Silva Rodrigues, de 19 anos de idade. A Pol\u00edcia Militar de Muria\u00e9 foi acionada com urg\u00eancia","canonical_url":"https:\/\/anoticiaonline.com.br\/site\/jovem-e-assassinado-no-bairro-sao-gotardo\/","robots":"max-image-preview:large","keywords":"","webmasterTools":{"miscellaneous":""},"schema":{"@context":"https:\/\/schema.org","@graph":[{"@type":"BlogPosting","@id":"https:\/\/anoticiaonline.com.br\/site\/jovem-e-assassinado-no-bairro-sao-gotardo\/#blogposting","name":"Jovem \u00e9 assassinado no Bairro S\u00e3o Gotardo - A Not\u00edcia Online","headline":"Jovem \u00e9 assassinado no Bairro S\u00e3o Gotardo","author":{"@id":"https:\/\/anoticiaonline.com.br\/site\/author\/juliana\/#author"},"publisher":{"@id":"https:\/\/anoticiaonline.com.br\/site\/#organization"},"image":{"@type":"ImageObject","url":"https:\/\/anoticiaonline.com.br\/site\/wp-content\/uploads\/2018\/10\/CAPA-2-2.jpeg","width":1000,"height":667},"datePublished":"2018-10-10T18:33:11-03:00","dateModified":"2018-10-10T22:07:09-03:00","inLanguage":"pt-BR","mainEntityOfPage":{"@id":"https:\/\/anoticiaonline.com.br\/site\/jovem-e-assassinado-no-bairro-sao-gotardo\/#webpage"},"isPartOf":{"@id":"https:\/\/anoticiaonline.com.br\/site\/jovem-e-assassinado-no-bairro-sao-gotardo\/#webpage"},"articleSection":"Blog, Pol\u00edcia, assassinato, jovem, Muria\u00e9, pol\u00edcia, s\u00e3o gotardo"},{"@type":"BreadcrumbList","@id":"https:\/\/anoticiaonline.com.br\/site\/jovem-e-assassinado-no-bairro-sao-gotardo\/#breadcrumblist","itemListElement":[{"@type":"ListItem","@id":"https:\/\/anoticiaonline.com.br\/site#listItem","position":1,"name":"Home","item":"https:\/\/anoticiaonline.com.br\/site","nextItem":{"@type":"ListItem","@id":"https:\/\/anoticiaonline.com.br\/site\/categoria\/muriae\/#listItem","name":"Blog"}},{"@type":"ListItem","@id":"https:\/\/anoticiaonline.com.br\/site\/categoria\/muriae\/#listItem","position":2,"name":"Blog","item":"https:\/\/anoticiaonline.com.br\/site\/categoria\/muriae\/","nextItem":{"@type":"ListItem","@id":"https:\/\/anoticiaonline.com.br\/site\/categoria\/muriae\/policia\/#listItem","name":"Pol\u00edcia"},"previousItem":{"@type":"ListItem","@id":"https:\/\/anoticiaonline.com.br\/site#listItem","name":"Home"}},{"@type":"ListItem","@id":"https:\/\/anoticiaonline.com.br\/site\/categoria\/muriae\/policia\/#listItem","position":3,"name":"Pol\u00edcia","item":"https:\/\/anoticiaonline.com.br\/site\/categoria\/muriae\/policia\/","nextItem":{"@type":"ListItem","@id":"https:\/\/anoticiaonline.com.br\/site\/jovem-e-assassinado-no-bairro-sao-gotardo\/#listItem","name":"Jovem \u00e9 assassinado no Bairro S\u00e3o Gotardo"},"previousItem":{"@type":"ListItem","@id":"https:\/\/anoticiaonline.com.br\/site\/categoria\/muriae\/#listItem","name":"Blog"}},{"@type":"ListItem","@id":"https:\/\/anoticiaonline.com.br\/site\/jovem-e-assassinado-no-bairro-sao-gotardo\/#listItem","position":4,"name":"Jovem \u00e9 assassinado no Bairro S\u00e3o Gotardo","previousItem":{"@type":"ListItem","@id":"https:\/\/anoticiaonline.com.br\/site\/categoria\/muriae\/policia\/#listItem","name":"Pol\u00edcia"}}]},{"@type":"Organization","@id":"https:\/\/anoticiaonline.com.br\/site\/#organization","name":"A Not\u00edcia Online","description":"Noticias de Muria\u00e9 e regi\u00e3o","url":"https:\/\/anoticiaonline.com.br\/site\/","logo":{"@type":"ImageObject","url":"https:\/\/scontent-gig4-1.xx.fbcdn.net\/v\/t39.30808-1\/270437624_4564083193639691_6907940295614233970_n.jpg?stp=dst-jpg_s200x200_tt6&_nc_cat=111&ccb=1-7&_nc_sid=f907e8&_nc_ohc=SM1wRlP3lJwQ7kNvwEPuBYA&_nc_oc=AdnqrjDN_BNjSSHWO-GbkIWH6fkGMLw4bqvL_NH6e2wMveX7G-rP2dAqsDSq1mJMOaY&_nc_zt=24&_nc_ht=scontent-gig4-1.xx&_nc_gid=AoBFJeGrT1hVaew_6rchkQ&oh=00_AfX7QmFGhQhG2jAllVgXCiM1ZrWgvtp80-Bfppyexh1QEg&oe=689E923C","@id":"https:\/\/anoticiaonline.com.br\/site\/jovem-e-assassinado-no-bairro-sao-gotardo\/#organizationLogo"},"image":{"@id":"https:\/\/anoticiaonline.com.br\/site\/jovem-e-assassinado-no-bairro-sao-gotardo\/#organizationLogo"}},{"@type":"Person","@id":"https:\/\/anoticiaonline.com.br\/site\/author\/juliana\/#author","url":"https:\/\/anoticiaonline.com.br\/site\/author\/juliana\/","name":"Juliana Laviola","image":{"@type":"ImageObject","@id":"https:\/\/anoticiaonline.com.br\/site\/jovem-e-assassinado-no-bairro-sao-gotardo\/#authorImage","url":"https:\/\/secure.gravatar.com\/avatar\/b8d45f5c699b100dfaf0e543582f38f38bf94cb7ae3a5e9abf8d891a34773335?s=96&d=mm&r=g","width":96,"height":96,"caption":"Juliana Laviola"}},{"@type":"WebPage","@id":"https:\/\/anoticiaonline.com.br\/site\/jovem-e-assassinado-no-bairro-sao-gotardo\/#webpage","url":"https:\/\/anoticiaonline.com.br\/site\/jovem-e-assassinado-no-bairro-sao-gotardo\/","name":"Jovem \u00e9 assassinado no Bairro S\u00e3o Gotardo - A Not\u00edcia Online","description":"Foi registrado na noite de ter\u00e7a-feira (9) em Muria\u00e9, por volta das 21h50, o sexto assassinato do ano. O crime aconteceu na Rua Vicente Vargas de Castro, no Bairro S\u00e3o Gotardo, a v\u00edtima foi o jovem Vin\u00edcius Ces\u00e1rio da Silva Rodrigues, de 19 anos de idade. A Pol\u00edcia Militar de Muria\u00e9 foi acionada com urg\u00eancia","inLanguage":"pt-BR","isPartOf":{"@id":"https:\/\/anoticiaonline.com.br\/site\/#website"},"breadcrumb":{"@id":"https:\/\/anoticiaonline.com.br\/site\/jovem-e-assassinado-no-bairro-sao-gotardo\/#breadcrumblist"},"author":{"@id":"https:\/\/anoticiaonline.com.br\/site\/author\/juliana\/#author"},"creator":{"@id":"https:\/\/anoticiaonline.com.br\/site\/author\/juliana\/#author"},"image":{"@type":"ImageObject","url":"https:\/\/anoticiaonline.com.br\/site\/wp-content\/uploads\/2018\/10\/CAPA-2-2.jpeg","@id":"https:\/\/anoticiaonline.com.br\/site\/jovem-e-assassinado-no-bairro-sao-gotardo\/#mainImage","width":1000,"height":667},"primaryImageOfPage":{"@id":"https:\/\/anoticiaonline.com.br\/site\/jovem-e-assassinado-no-bairro-sao-gotardo\/#mainImage"},"datePublished":"2018-10-10T18:33:11-03:00","dateModified":"2018-10-10T22:07:09-03:00"},{"@type":"WebSite","@id":"https:\/\/anoticiaonline.com.br\/site\/#website","url":"https:\/\/anoticiaonline.com.br\/site\/","name":"A Not\u00edcia Online","description":"Noticias de Muria\u00e9 e regi\u00e3o","inLanguage":"pt-BR","publisher":{"@id":"https:\/\/anoticiaonline.com.br\/site\/#organization"}}]},"og:locale":"pt_BR","og:site_name":"A Not\u00edcia Online - Noticias de Muria\u00e9 e regi\u00e3o","og:type":"article","og:title":"Jovem \u00e9 assassinado no Bairro S\u00e3o Gotardo - A Not\u00edcia Online","og:description":"Foi registrado na noite de ter\u00e7a-feira (9) em Muria\u00e9, por volta das 21h50, o sexto assassinato do ano. O crime aconteceu na Rua Vicente Vargas de Castro, no Bairro S\u00e3o Gotardo, a v\u00edtima foi o jovem Vin\u00edcius Ces\u00e1rio da Silva Rodrigues, de 19 anos de idade. A Pol\u00edcia Militar de Muria\u00e9 foi acionada com urg\u00eancia","og:url":"https:\/\/anoticiaonline.com.br\/site\/jovem-e-assassinado-no-bairro-sao-gotardo\/","og:image":"https:\/\/scontent-gig4-1.xx.fbcdn.net\/v\/t39.30808-1\/270437624_4564083193639691_6907940295614233970_n.jpg?stp=dst-jpg_s200x200_tt6&#038;_nc_cat=111&#038;ccb=1-7&#038;_nc_sid=f907e8&#038;_nc_ohc=SM1wRlP3lJwQ7kNvwEPuBYA&#038;_nc_oc=AdnqrjDN_BNjSSHWO-GbkIWH6fkGMLw4bqvL_NH6e2wMveX7G-rP2dAqsDSq1mJMOaY&#038;_nc_zt=24&#038;_nc_ht=scontent-gig4-1.xx&#038;_nc_gid=AoBFJeGrT1hVaew_6rchkQ&#038;oh=00_AfX7QmFGhQhG2jAllVgXCiM1ZrWgvtp80-Bfppyexh1QEg&#038;oe=689E923C","og:image:secure_url":"https:\/\/scontent-gig4-1.xx.fbcdn.net\/v\/t39.30808-1\/270437624_4564083193639691_6907940295614233970_n.jpg?stp=dst-jpg_s200x200_tt6&#038;_nc_cat=111&#038;ccb=1-7&#038;_nc_sid=f907e8&#038;_nc_ohc=SM1wRlP3lJwQ7kNvwEPuBYA&#038;_nc_oc=AdnqrjDN_BNjSSHWO-GbkIWH6fkGMLw4bqvL_NH6e2wMveX7G-rP2dAqsDSq1mJMOaY&#038;_nc_zt=24&#038;_nc_ht=scontent-gig4-1.xx&#038;_nc_gid=AoBFJeGrT1hVaew_6rchkQ&#038;oh=00_AfX7QmFGhQhG2jAllVgXCiM1ZrWgvtp80-Bfppyexh1QEg&#038;oe=689E923C","article:published_time":"2018-10-10T21:33:11+00:00","article:modified_time":"2018-10-11T01:07:09+00:00","twitter:card":"summary_large_image","twitter:title":"Jovem \u00e9 assassinado no Bairro S\u00e3o Gotardo - A Not\u00edcia Online","twitter:description":"Foi registrado na noite de ter\u00e7a-feira (9) em Muria\u00e9, por volta das 21h50, o sexto assassinato do ano. O crime aconteceu na Rua Vicente Vargas de Castro, no Bairro S\u00e3o Gotardo, a v\u00edtima foi o jovem Vin\u00edcius Ces\u00e1rio da Silva Rodrigues, de 19 anos de idade. A Pol\u00edcia Militar de Muria\u00e9 foi acionada com urg\u00eancia","twitter:image":"https:\/\/scontent-gig4-1.xx.fbcdn.net\/v\/t39.30808-1\/270437624_4564083193639691_6907940295614233970_n.jpg?stp=dst-jpg_s200x200_tt6&_nc_cat=111&ccb=1-7&_nc_sid=f907e8&_nc_ohc=SM1wRlP3lJwQ7kNvwEPuBYA&_nc_oc=AdnqrjDN_BNjSSHWO-GbkIWH6fkGMLw4bqvL_NH6e2wMveX7G-rP2dAqsDSq1mJMOaY&_nc_zt=24&_nc_ht=scontent-gig4-1.xx&_nc_gid=AoBFJeGrT1hVaew_6rchkQ&oh=00_AfX7QmFGhQhG2jAllVgXCiM1ZrWgvtp80-Bfppyexh1QEg&oe=689E923C"},"aioseo_meta_data":{"post_id":"62833","title":null,"description":null,"keywords":null,"keyphrases":null,"primary_term":null,"canonical_url":null,"og_title":null,"og_description":null,"og_object_type":"default","og_image_type":"default","og_image_url":null,"og_image_width":null,"og_image_height":null,"og_image_custom_url":null,"og_image_custom_fields":null,"og_video":null,"og_custom_url":null,"og_article_section":null,"og_article_tags":null,"twitter_use_og":false,"twitter_card":"default","twitter_image_type":"default","twitter_image_url":null,"twitter_image_custom_url":null,"twitter_image_custom_fields":null,"twitter_title":null,"twitter_description":null,"schema":{"blockGraphs":[],"customGraphs":[],"default":{"data":{"Article":[],"Course":[],"Dataset":[],"FAQPage":[],"Movie":[],"Person":[],"Product":[],"ProductReview":[],"Car":[],"Recipe":[],"Service":[],"SoftwareApplication":[],"WebPage":[]},"graphName":"","isEnabled":true},"graphs":[]},"schema_type":"default","schema_type_options":null,"pillar_content":false,"robots_default":true,"robots_noindex":false,"robots_noarchive":false,"robots_nosnippet":false,"robots_nofollow":false,"robots_noimageindex":false,"robots_noodp":false,"robots_notranslate":false,"robots_max_snippet":null,"robots_max_videopreview":null,"robots_max_imagepreview":"large","priority":null,"frequency":null,"local_seo":null,"breadcrumb_settings":null,"limit_modified_date":false,"ai":null,"created":"2025-08-16 21:50:12","updated":"2025-08-16 21:50:12","focus_keyword":null,"additional_keywords":null,"truseo_locale":null,"seo_analyzer_scan_date":null},"aioseo_breadcrumb":"<div class=\"aioseo-breadcrumbs\"><span class=\"aioseo-breadcrumb\">\n\t\t\t<a href=\"https:\/\/anoticiaonline.com.br\/site\" title=\"Home\">Home<\/a>\n\t\t<\/span><span class=\"aioseo-breadcrumb-separator\">&raquo;<\/span><span class=\"aioseo-breadcrumb\">\n\t\t\t<a href=\"https:\/\/anoticiaonline.com.br\/site\/categoria\/muriae\/\" title=\"Blog\">Blog<\/a>\n\t\t<\/span><span class=\"aioseo-breadcrumb-separator\">&raquo;<\/span><span class=\"aioseo-breadcrumb\">\n\t\t\t<a href=\"https:\/\/anoticiaonline.com.br\/site\/categoria\/muriae\/policia\/\" title=\"Pol\u00edcia\">Pol\u00edcia<\/a>\n\t\t<\/span><span class=\"aioseo-breadcrumb-separator\">&raquo;<\/span><span class=\"aioseo-breadcrumb\">\n\t\t\tJovem \u00e9 assassinado no Bairro S\u00e3o Gotardo\n\t\t<\/span><\/div>","aioseo_breadcrumb_json":[{"label":"Home","link":"https:\/\/anoticiaonline.com.br\/site"},{"label":"Blog","link":"https:\/\/anoticiaonline.com.br\/site\/categoria\/muriae\/"},{"label":"Pol\u00edcia","link":"https:\/\/anoticiaonline.com.br\/site\/categoria\/muriae\/policia\/"},{"label":"Jovem \u00e9 assassinado no Bairro S\u00e3o Gotardo","link":"https:\/\/anoticiaonline.com.br\/site\/jovem-e-assassinado-no-bairro-sao-gotardo\/"}],"views":167,"_links":{"self":[{"href":"https:\/\/anoticiaonline.com.br\/site\/wp-json\/wp\/v2\/posts\/62833","targetHints":{"allow":["GET"]}}],"collection":[{"href":"https:\/\/anoticiaonline.com.br\/site\/wp-json\/wp\/v2\/posts"}],"about":[{"href":"https:\/\/anoticiaonline.com.br\/site\/wp-json\/wp\/v2\/types\/post"}],"author":[{"embeddable":true,"href":"https:\/\/anoticiaonline.com.br\/site\/wp-json\/wp\/v2\/users\/2"}],"replies":[{"embeddable":true,"href":"https:\/\/anoticiaonline.com.br\/site\/wp-json\/wp\/v2\/comments?post=62833"}],"version-history":[{"count":0,"href":"https:\/\/anoticiaonline.com.br\/site\/wp-json\/wp\/v2\/posts\/62833\/revisions"}],"wp:featuredmedia":[{"embeddable":true,"href":"https:\/\/anoticiaonline.com.br\/site\/wp-json\/wp\/v2\/media\/62840"}],"wp:attachment":[{"href":"https:\/\/anoticiaonline.com.br\/site\/wp-json\/wp\/v2\/media?parent=62833"}],"wp:term":[{"taxonomy":"category","embeddable":true,"href":"https:\/\/anoticiaonline.com.br\/site\/wp-json\/wp\/v2\/categories?post=62833"},{"taxonomy":"post_tag","embeddable":true,"href":"https:\/\/anoticiaonline.com.br\/site\/wp-json\/wp\/v2\/tags?post=62833"}],"curies":[{"name":"wp","href":"https:\/\/api.w.org\/{rel}","templated":true}]}}