{"id":62829,"date":"2018-10-10T18:20:04","date_gmt":"2018-10-10T21:20:04","guid":{"rendered":"http:\/\/anoticiaonline.com.br\/site\/?p=62829"},"modified":"2018-10-10T18:22:13","modified_gmt":"2018-10-10T21:22:13","slug":"uma-eleicao-atipica","status":"publish","type":"post","link":"https:\/\/anoticiaonline.com.br\/site\/uma-eleicao-atipica\/","title":{"rendered":"Uma elei\u00e7\u00e3o at\u00edpica"},"content":{"rendered":"<p>Francisco Laviola \u2013 10\/10\/2010<\/p>\n<p>Na semana passada escrevi e foi publicado aqui neste espa\u00e7o que este ano ter\u00edamos uma elei\u00e7\u00e3o at\u00edpica para a Presid\u00eancia da Rep\u00fablica. Realmente, tudo indicava que as duas extremas radicais iriam cruzar as espadas. Foi o que aconteceu. Por ampla maioria de votos, deu Jair Bolsonaro, candidato pol\u00eamico da direita, contra Fernando Haddad, da esquerda e mais um achado de Lula. Certamente, Haddad n\u00e3o chega a ser um poste, como foi considerada Dilma Rouusseff em 2010. At\u00e9 porque, o candidato que se apresenta como a extens\u00e3o das pretens\u00f5es de Lula, hoje cumprindo pena de 12 anos e um m\u00eas na cadeia, tem alguma experi\u00eancia administrativa, adquirida como prefeito da cidade de S\u00e3o Paulo.<\/p>\n<p>E foi realmente uma elei\u00e7\u00e3o at\u00edpica. N\u00e3o s\u00f3 pelo duelo nas urnas das duas extremas radicais, cujas emo\u00e7\u00f5es ficaram reservadas para o segundo turno a se realizar no dia 27 deste m\u00eas. At\u00edpica tamb\u00e9m foi a atitude do eleitorado. Parece que o povo acordou e mandou \u00e0s favas uma boa parcela de figuras carimbadas da pol\u00edtica contempor\u00e2nea. A \u201cbarca\u201d passou e levou com ela o presidente do Senado, Eun\u00edcio de Oliveira (MDB), o seu vice, C\u00e1ssio Cunha Lima(PSDB-PB, o eterno l\u00edder de v\u00e1rios governos, Romero Juc\u00e1 (MDB-RR), os herdeiros do Sarney, representados pelo Sarney Filho e Roseana, Fernando Pimentel (PT-MG), um dos piores governadores que Minas j\u00e1 experimentou, Lindbergh Farias (PT-RJ), a \u00e2ncora da tropa de choque \u201c#Lula Livre\u201d e muitos outros que a hist\u00f3ria se incumbir\u00e1 de mostrar que se tratavam daquilo que havia de mais pernicioso na pol\u00edtica brasileira.<\/p>\n<p>Ficou claro que o voto em Bolsonaro \u00e9 mais do que nunca o voto de protesto contra a corrup\u00e7\u00e3o, contra as negociatas e contra o balc\u00e3o de neg\u00f3cios que foi instalado no Planalto nos \u00faltimos anos. Ficou claro tamb\u00e9m que o povo est\u00e1 cobrando do PT e seus aliados a conta da corrup\u00e7\u00e3o instalada a partir do segundo mandato de Lula. Colocar Jair Bolsonaro na frente com mais de 46% dos votos v\u00e1lidos para a Presid\u00eancia da Rep\u00fablica \u00e9 o voto do anti-petismo, sem d\u00favida. Mas ainda teremos o segundo turno e at\u00e9 l\u00e1 vamos ver como se comportar\u00e1 o eleitorado com as inevit\u00e1veis alian\u00e7as de puro fisiologismo.<\/p>\n<p>E \u201cbarca\u201d que passou e levou os figur\u00f5es j\u00e1 citados, n\u00e3o deixou para traz a presidente defenestrada, Dilma Rousseff. Deixei para falar dela por \u00faltimo, por se tratar de um caso especial. Curiosamente, os mineiros que a elegeram em 2014, derrotando A\u00e9cio Neves, fizeram quest\u00e3o de reafirmar para o Brasil que o seu impeachment n\u00e3o foi um golpe como sempre alardeou a \u201ccasta\u201d lulopetista. Beneficiada por uma manobra urdida no Senado Federal, durante o seu processo de impeachment, quando sob as b\u00ean\u00e7\u00e3os do ministro do STF, Ricardo Lewandowisck, garantiram a ela os direitos pol\u00edticos em flagrante desrespeito \u00e0 Constitui\u00e7\u00e3o, sobrou para os mineiros promover a aplica\u00e7\u00e3o da justi\u00e7a, restabelecendo a ordem constitucional por vias transversas. Se dizem que Deus escreve certo por linhas tortas, os mineiros fizeram quest\u00e3o de corrigir o erro do Senado ao mand\u00e1-la de volta para o Rio Grande do Sul, onde reside com a sua fam\u00edlia. Representar o nosso Estado com todas as nossas tradi\u00e7\u00f5es, n\u00e3o. Aqui, n\u00e3o viol\u00e3o, como diria os nossos antepassados. Que ela v\u00e1 pousar em outra freguesia. E por fim, nem as pesquisas de inten\u00e7\u00e3o de votos deram certo. Foi uma \u201ccanelada\u201d em cima da outra. Foi realmente uma elei\u00e7\u00e3o at\u00edpica.<\/p>\n","protected":false},"excerpt":{"rendered":"<p>Francisco Laviola \u2013 10\/10\/2010 Na semana passada escrevi e foi publicado aqui neste espa\u00e7o que este ano ter\u00edamos uma elei\u00e7\u00e3o at\u00edpica para a Presid\u00eancia da Rep\u00fablica. Realmente, tudo indicava que as duas extremas radicais iriam cruzar as espadas. Foi o que aconteceu. Por ampla maioria de votos, deu Jair Bolsonaro, candidato pol\u00eamico da direita, contra &#8230; <a title=\"Uma elei\u00e7\u00e3o at\u00edpica\" class=\"read-more\" href=\"https:\/\/anoticiaonline.com.br\/site\/uma-eleicao-atipica\/\" aria-label=\"Read more about Uma elei\u00e7\u00e3o at\u00edpica\">Ler mais<\/a><\/p>\n","protected":false},"author":2,"featured_media":0,"comment_status":"open","ping_status":"open","sticky":false,"template":"","format":"standard","meta":{"_acf_changed":false,"_monsterinsights_skip_tracking":false,"footnotes":""},"categories":[31,33],"tags":[],"class_list":["post-62829","post","type-post","status-publish","format-standard","hentry","category-colunistas","category-politica-e-atualidades-francisco-laviola"],"acf":[],"aioseo_notices":[],"aioseo_head":"\n\t\t<!-- All in One SEO 5.0.0.1 - aioseo.com -->\n\t<meta name=\"description\" content=\"Francisco Laviola \u2013 10\/10\/2010 Na semana passada escrevi e foi publicado aqui neste espa\u00e7o que este ano ter\u00edamos uma elei\u00e7\u00e3o at\u00edpica para a Presid\u00eancia da Rep\u00fablica. Realmente, tudo indicava que as duas extremas radicais iriam cruzar as espadas. Foi o que aconteceu. Por ampla maioria de votos, deu Jair Bolsonaro, candidato pol\u00eamico da direita, contra\" \/>\n\t<meta name=\"robots\" content=\"max-image-preview:large\" \/>\n\t<meta name=\"author\" content=\"Juliana Laviola\"\/>\n\t<link rel=\"canonical\" href=\"https:\/\/anoticiaonline.com.br\/site\/uma-eleicao-atipica\/\" \/>\n\t<meta name=\"generator\" content=\"All in One SEO (AIOSEO) 5.0.0.1\" \/>\n\t\t<meta property=\"og:locale\" content=\"pt_BR\" \/>\n\t\t<meta property=\"og:site_name\" content=\"A Not\u00edcia Online - Noticias de Muria\u00e9 e regi\u00e3o\" \/>\n\t\t<meta property=\"og:type\" content=\"article\" \/>\n\t\t<meta property=\"og:title\" content=\"Uma elei\u00e7\u00e3o at\u00edpica - A Not\u00edcia Online\" \/>\n\t\t<meta property=\"og:description\" content=\"Francisco Laviola \u2013 10\/10\/2010 Na semana passada escrevi e foi publicado aqui neste espa\u00e7o que este ano ter\u00edamos uma elei\u00e7\u00e3o at\u00edpica para a Presid\u00eancia da Rep\u00fablica. Realmente, tudo indicava que as duas extremas radicais iriam cruzar as espadas. Foi o que aconteceu. Por ampla maioria de votos, deu Jair Bolsonaro, candidato pol\u00eamico da direita, contra\" \/>\n\t\t<meta property=\"og:url\" content=\"https:\/\/anoticiaonline.com.br\/site\/uma-eleicao-atipica\/\" \/>\n\t\t<meta property=\"og:image\" content=\"https:\/\/scontent-gig4-1.xx.fbcdn.net\/v\/t39.30808-1\/270437624_4564083193639691_6907940295614233970_n.jpg?stp=dst-jpg_s200x200_tt6&#038;_nc_cat=111&#038;ccb=1-7&#038;_nc_sid=f907e8&#038;_nc_ohc=SM1wRlP3lJwQ7kNvwEPuBYA&#038;_nc_oc=AdnqrjDN_BNjSSHWO-GbkIWH6fkGMLw4bqvL_NH6e2wMveX7G-rP2dAqsDSq1mJMOaY&#038;_nc_zt=24&#038;_nc_ht=scontent-gig4-1.xx&#038;_nc_gid=AoBFJeGrT1hVaew_6rchkQ&#038;oh=00_AfX7QmFGhQhG2jAllVgXCiM1ZrWgvtp80-Bfppyexh1QEg&#038;oe=689E923C\" \/>\n\t\t<meta property=\"og:image:secure_url\" content=\"https:\/\/scontent-gig4-1.xx.fbcdn.net\/v\/t39.30808-1\/270437624_4564083193639691_6907940295614233970_n.jpg?stp=dst-jpg_s200x200_tt6&#038;_nc_cat=111&#038;ccb=1-7&#038;_nc_sid=f907e8&#038;_nc_ohc=SM1wRlP3lJwQ7kNvwEPuBYA&#038;_nc_oc=AdnqrjDN_BNjSSHWO-GbkIWH6fkGMLw4bqvL_NH6e2wMveX7G-rP2dAqsDSq1mJMOaY&#038;_nc_zt=24&#038;_nc_ht=scontent-gig4-1.xx&#038;_nc_gid=AoBFJeGrT1hVaew_6rchkQ&#038;oh=00_AfX7QmFGhQhG2jAllVgXCiM1ZrWgvtp80-Bfppyexh1QEg&#038;oe=689E923C\" \/>\n\t\t<meta property=\"article:published_time\" content=\"2018-10-10T21:20:04+00:00\" \/>\n\t\t<meta property=\"article:modified_time\" content=\"2018-10-10T21:22:13+00:00\" \/>\n\t\t<meta name=\"twitter:card\" content=\"summary_large_image\" \/>\n\t\t<meta name=\"twitter:title\" content=\"Uma elei\u00e7\u00e3o at\u00edpica - A Not\u00edcia Online\" \/>\n\t\t<meta name=\"twitter:description\" content=\"Francisco Laviola \u2013 10\/10\/2010 Na semana passada escrevi e foi publicado aqui neste espa\u00e7o que este ano ter\u00edamos uma elei\u00e7\u00e3o at\u00edpica para a Presid\u00eancia da Rep\u00fablica. Realmente, tudo indicava que as duas extremas radicais iriam cruzar as espadas. Foi o que aconteceu. Por ampla maioria de votos, deu Jair Bolsonaro, candidato pol\u00eamico da direita, contra\" \/>\n\t\t<meta name=\"twitter:image\" content=\"https:\/\/scontent-gig4-1.xx.fbcdn.net\/v\/t39.30808-1\/270437624_4564083193639691_6907940295614233970_n.jpg?stp=dst-jpg_s200x200_tt6&amp;_nc_cat=111&amp;ccb=1-7&amp;_nc_sid=f907e8&amp;_nc_ohc=SM1wRlP3lJwQ7kNvwEPuBYA&amp;_nc_oc=AdnqrjDN_BNjSSHWO-GbkIWH6fkGMLw4bqvL_NH6e2wMveX7G-rP2dAqsDSq1mJMOaY&amp;_nc_zt=24&amp;_nc_ht=scontent-gig4-1.xx&amp;_nc_gid=AoBFJeGrT1hVaew_6rchkQ&amp;oh=00_AfX7QmFGhQhG2jAllVgXCiM1ZrWgvtp80-Bfppyexh1QEg&amp;oe=689E923C\" \/>\n\t\t<script type=\"application\/ld+json\" class=\"aioseo-schema\">\n\t\t\t{\"@context\":\"https:\\\/\\\/schema.org\",\"@graph\":[{\"@type\":\"BlogPosting\",\"@id\":\"https:\\\/\\\/anoticiaonline.com.br\\\/site\\\/uma-eleicao-atipica\\\/#blogposting\",\"name\":\"Uma elei\\u00e7\\u00e3o at\\u00edpica - A Not\\u00edcia Online\",\"headline\":\"Uma elei\\u00e7\\u00e3o at\\u00edpica\",\"author\":{\"@id\":\"https:\\\/\\\/anoticiaonline.com.br\\\/site\\\/author\\\/juliana\\\/#author\"},\"publisher\":{\"@id\":\"https:\\\/\\\/anoticiaonline.com.br\\\/site\\\/#organization\"},\"image\":{\"@type\":\"ImageObject\",\"url\":\"https:\\\/\\\/scontent-gig4-1.xx.fbcdn.net\\\/v\\\/t39.30808-1\\\/270437624_4564083193639691_6907940295614233970_n.jpg?stp=dst-jpg_s200x200_tt6&_nc_cat=111&ccb=1-7&_nc_sid=f907e8&_nc_ohc=SM1wRlP3lJwQ7kNvwEPuBYA&_nc_oc=AdnqrjDN_BNjSSHWO-GbkIWH6fkGMLw4bqvL_NH6e2wMveX7G-rP2dAqsDSq1mJMOaY&_nc_zt=24&_nc_ht=scontent-gig4-1.xx&_nc_gid=AoBFJeGrT1hVaew_6rchkQ&oh=00_AfX7QmFGhQhG2jAllVgXCiM1ZrWgvtp80-Bfppyexh1QEg&oe=689E923C\",\"@id\":\"https:\\\/\\\/anoticiaonline.com.br\\\/site\\\/#articleImage\"},\"datePublished\":\"2018-10-10T18:20:04-03:00\",\"dateModified\":\"2018-10-10T18:22:13-03:00\",\"inLanguage\":\"pt-BR\",\"mainEntityOfPage\":{\"@id\":\"https:\\\/\\\/anoticiaonline.com.br\\\/site\\\/uma-eleicao-atipica\\\/#webpage\"},\"isPartOf\":{\"@id\":\"https:\\\/\\\/anoticiaonline.com.br\\\/site\\\/uma-eleicao-atipica\\\/#webpage\"},\"articleSection\":\"Colunistas, Pol\\u00edtica e Atualidades - Francisco Laviola\"},{\"@type\":\"BreadcrumbList\",\"@id\":\"https:\\\/\\\/anoticiaonline.com.br\\\/site\\\/uma-eleicao-atipica\\\/#breadcrumblist\",\"itemListElement\":[{\"@type\":\"ListItem\",\"@id\":\"https:\\\/\\\/anoticiaonline.com.br\\\/site#listItem\",\"position\":1,\"name\":\"Home\",\"item\":\"https:\\\/\\\/anoticiaonline.com.br\\\/site\",\"nextItem\":{\"@type\":\"ListItem\",\"@id\":\"https:\\\/\\\/anoticiaonline.com.br\\\/site\\\/categoria\\\/colunistas\\\/#listItem\",\"name\":\"Colunistas\"}},{\"@type\":\"ListItem\",\"@id\":\"https:\\\/\\\/anoticiaonline.com.br\\\/site\\\/categoria\\\/colunistas\\\/#listItem\",\"position\":2,\"name\":\"Colunistas\",\"item\":\"https:\\\/\\\/anoticiaonline.com.br\\\/site\\\/categoria\\\/colunistas\\\/\",\"nextItem\":{\"@type\":\"ListItem\",\"@id\":\"https:\\\/\\\/anoticiaonline.com.br\\\/site\\\/categoria\\\/colunistas\\\/politica-e-atualidades-francisco-laviola\\\/#listItem\",\"name\":\"Pol\\u00edtica e Atualidades - Francisco Laviola\"},\"previousItem\":{\"@type\":\"ListItem\",\"@id\":\"https:\\\/\\\/anoticiaonline.com.br\\\/site#listItem\",\"name\":\"Home\"}},{\"@type\":\"ListItem\",\"@id\":\"https:\\\/\\\/anoticiaonline.com.br\\\/site\\\/categoria\\\/colunistas\\\/politica-e-atualidades-francisco-laviola\\\/#listItem\",\"position\":3,\"name\":\"Pol\\u00edtica e Atualidades - Francisco Laviola\",\"item\":\"https:\\\/\\\/anoticiaonline.com.br\\\/site\\\/categoria\\\/colunistas\\\/politica-e-atualidades-francisco-laviola\\\/\",\"nextItem\":{\"@type\":\"ListItem\",\"@id\":\"https:\\\/\\\/anoticiaonline.com.br\\\/site\\\/uma-eleicao-atipica\\\/#listItem\",\"name\":\"Uma elei\\u00e7\\u00e3o at\\u00edpica\"},\"previousItem\":{\"@type\":\"ListItem\",\"@id\":\"https:\\\/\\\/anoticiaonline.com.br\\\/site\\\/categoria\\\/colunistas\\\/#listItem\",\"name\":\"Colunistas\"}},{\"@type\":\"ListItem\",\"@id\":\"https:\\\/\\\/anoticiaonline.com.br\\\/site\\\/uma-eleicao-atipica\\\/#listItem\",\"position\":4,\"name\":\"Uma elei\\u00e7\\u00e3o at\\u00edpica\",\"previousItem\":{\"@type\":\"ListItem\",\"@id\":\"https:\\\/\\\/anoticiaonline.com.br\\\/site\\\/categoria\\\/colunistas\\\/politica-e-atualidades-francisco-laviola\\\/#listItem\",\"name\":\"Pol\\u00edtica e Atualidades - Francisco Laviola\"}}]},{\"@type\":\"Organization\",\"@id\":\"https:\\\/\\\/anoticiaonline.com.br\\\/site\\\/#organization\",\"name\":\"A Not\\u00edcia Online\",\"description\":\"Noticias de Muria\\u00e9 e regi\\u00e3o\",\"url\":\"https:\\\/\\\/anoticiaonline.com.br\\\/site\\\/\",\"logo\":{\"@type\":\"ImageObject\",\"url\":\"https:\\\/\\\/scontent-gig4-1.xx.fbcdn.net\\\/v\\\/t39.30808-1\\\/270437624_4564083193639691_6907940295614233970_n.jpg?stp=dst-jpg_s200x200_tt6&_nc_cat=111&ccb=1-7&_nc_sid=f907e8&_nc_ohc=SM1wRlP3lJwQ7kNvwEPuBYA&_nc_oc=AdnqrjDN_BNjSSHWO-GbkIWH6fkGMLw4bqvL_NH6e2wMveX7G-rP2dAqsDSq1mJMOaY&_nc_zt=24&_nc_ht=scontent-gig4-1.xx&_nc_gid=AoBFJeGrT1hVaew_6rchkQ&oh=00_AfX7QmFGhQhG2jAllVgXCiM1ZrWgvtp80-Bfppyexh1QEg&oe=689E923C\",\"@id\":\"https:\\\/\\\/anoticiaonline.com.br\\\/site\\\/uma-eleicao-atipica\\\/#organizationLogo\"},\"image\":{\"@id\":\"https:\\\/\\\/anoticiaonline.com.br\\\/site\\\/uma-eleicao-atipica\\\/#organizationLogo\"}},{\"@type\":\"Person\",\"@id\":\"https:\\\/\\\/anoticiaonline.com.br\\\/site\\\/author\\\/juliana\\\/#author\",\"url\":\"https:\\\/\\\/anoticiaonline.com.br\\\/site\\\/author\\\/juliana\\\/\",\"name\":\"Juliana Laviola\",\"image\":{\"@type\":\"ImageObject\",\"@id\":\"https:\\\/\\\/anoticiaonline.com.br\\\/site\\\/uma-eleicao-atipica\\\/#authorImage\",\"url\":\"https:\\\/\\\/secure.gravatar.com\\\/avatar\\\/b8d45f5c699b100dfaf0e543582f38f38bf94cb7ae3a5e9abf8d891a34773335?s=96&d=mm&r=g\",\"width\":96,\"height\":96,\"caption\":\"Juliana Laviola\"}},{\"@type\":\"WebPage\",\"@id\":\"https:\\\/\\\/anoticiaonline.com.br\\\/site\\\/uma-eleicao-atipica\\\/#webpage\",\"url\":\"https:\\\/\\\/anoticiaonline.com.br\\\/site\\\/uma-eleicao-atipica\\\/\",\"name\":\"Uma elei\\u00e7\\u00e3o at\\u00edpica - A Not\\u00edcia Online\",\"description\":\"Francisco Laviola \\u2013 10\\\/10\\\/2010 Na semana passada escrevi e foi publicado aqui neste espa\\u00e7o que este ano ter\\u00edamos uma elei\\u00e7\\u00e3o at\\u00edpica para a Presid\\u00eancia da Rep\\u00fablica. Realmente, tudo indicava que as duas extremas radicais iriam cruzar as espadas. Foi o que aconteceu. Por ampla maioria de votos, deu Jair Bolsonaro, candidato pol\\u00eamico da direita, contra\",\"inLanguage\":\"pt-BR\",\"isPartOf\":{\"@id\":\"https:\\\/\\\/anoticiaonline.com.br\\\/site\\\/#website\"},\"breadcrumb\":{\"@id\":\"https:\\\/\\\/anoticiaonline.com.br\\\/site\\\/uma-eleicao-atipica\\\/#breadcrumblist\"},\"author\":{\"@id\":\"https:\\\/\\\/anoticiaonline.com.br\\\/site\\\/author\\\/juliana\\\/#author\"},\"creator\":{\"@id\":\"https:\\\/\\\/anoticiaonline.com.br\\\/site\\\/author\\\/juliana\\\/#author\"},\"datePublished\":\"2018-10-10T18:20:04-03:00\",\"dateModified\":\"2018-10-10T18:22:13-03:00\"},{\"@type\":\"WebSite\",\"@id\":\"https:\\\/\\\/anoticiaonline.com.br\\\/site\\\/#website\",\"url\":\"https:\\\/\\\/anoticiaonline.com.br\\\/site\\\/\",\"name\":\"A Not\\u00edcia Online\",\"description\":\"Noticias de Muria\\u00e9 e regi\\u00e3o\",\"inLanguage\":\"pt-BR\",\"publisher\":{\"@id\":\"https:\\\/\\\/anoticiaonline.com.br\\\/site\\\/#organization\"}}]}\n\t\t<\/script>\n\t\t<!-- All in One SEO -->\n\n","aioseo_head_json":{"title":"Uma elei\u00e7\u00e3o at\u00edpica - A Not\u00edcia Online","description":"Francisco Laviola \u2013 10\/10\/2010 Na semana passada escrevi e foi publicado aqui neste espa\u00e7o que este ano ter\u00edamos uma elei\u00e7\u00e3o at\u00edpica para a Presid\u00eancia da Rep\u00fablica. Realmente, tudo indicava que as duas extremas radicais iriam cruzar as espadas. Foi o que aconteceu. Por ampla maioria de votos, deu Jair Bolsonaro, candidato pol\u00eamico da direita, contra","canonical_url":"https:\/\/anoticiaonline.com.br\/site\/uma-eleicao-atipica\/","robots":"max-image-preview:large","keywords":"","webmasterTools":{"miscellaneous":""},"schema":{"@context":"https:\/\/schema.org","@graph":[{"@type":"BlogPosting","@id":"https:\/\/anoticiaonline.com.br\/site\/uma-eleicao-atipica\/#blogposting","name":"Uma elei\u00e7\u00e3o at\u00edpica - A Not\u00edcia Online","headline":"Uma elei\u00e7\u00e3o at\u00edpica","author":{"@id":"https:\/\/anoticiaonline.com.br\/site\/author\/juliana\/#author"},"publisher":{"@id":"https:\/\/anoticiaonline.com.br\/site\/#organization"},"image":{"@type":"ImageObject","url":"https:\/\/scontent-gig4-1.xx.fbcdn.net\/v\/t39.30808-1\/270437624_4564083193639691_6907940295614233970_n.jpg?stp=dst-jpg_s200x200_tt6&_nc_cat=111&ccb=1-7&_nc_sid=f907e8&_nc_ohc=SM1wRlP3lJwQ7kNvwEPuBYA&_nc_oc=AdnqrjDN_BNjSSHWO-GbkIWH6fkGMLw4bqvL_NH6e2wMveX7G-rP2dAqsDSq1mJMOaY&_nc_zt=24&_nc_ht=scontent-gig4-1.xx&_nc_gid=AoBFJeGrT1hVaew_6rchkQ&oh=00_AfX7QmFGhQhG2jAllVgXCiM1ZrWgvtp80-Bfppyexh1QEg&oe=689E923C","@id":"https:\/\/anoticiaonline.com.br\/site\/#articleImage"},"datePublished":"2018-10-10T18:20:04-03:00","dateModified":"2018-10-10T18:22:13-03:00","inLanguage":"pt-BR","mainEntityOfPage":{"@id":"https:\/\/anoticiaonline.com.br\/site\/uma-eleicao-atipica\/#webpage"},"isPartOf":{"@id":"https:\/\/anoticiaonline.com.br\/site\/uma-eleicao-atipica\/#webpage"},"articleSection":"Colunistas, Pol\u00edtica e Atualidades - Francisco Laviola"},{"@type":"BreadcrumbList","@id":"https:\/\/anoticiaonline.com.br\/site\/uma-eleicao-atipica\/#breadcrumblist","itemListElement":[{"@type":"ListItem","@id":"https:\/\/anoticiaonline.com.br\/site#listItem","position":1,"name":"Home","item":"https:\/\/anoticiaonline.com.br\/site","nextItem":{"@type":"ListItem","@id":"https:\/\/anoticiaonline.com.br\/site\/categoria\/colunistas\/#listItem","name":"Colunistas"}},{"@type":"ListItem","@id":"https:\/\/anoticiaonline.com.br\/site\/categoria\/colunistas\/#listItem","position":2,"name":"Colunistas","item":"https:\/\/anoticiaonline.com.br\/site\/categoria\/colunistas\/","nextItem":{"@type":"ListItem","@id":"https:\/\/anoticiaonline.com.br\/site\/categoria\/colunistas\/politica-e-atualidades-francisco-laviola\/#listItem","name":"Pol\u00edtica e Atualidades - Francisco Laviola"},"previousItem":{"@type":"ListItem","@id":"https:\/\/anoticiaonline.com.br\/site#listItem","name":"Home"}},{"@type":"ListItem","@id":"https:\/\/anoticiaonline.com.br\/site\/categoria\/colunistas\/politica-e-atualidades-francisco-laviola\/#listItem","position":3,"name":"Pol\u00edtica e Atualidades - Francisco Laviola","item":"https:\/\/anoticiaonline.com.br\/site\/categoria\/colunistas\/politica-e-atualidades-francisco-laviola\/","nextItem":{"@type":"ListItem","@id":"https:\/\/anoticiaonline.com.br\/site\/uma-eleicao-atipica\/#listItem","name":"Uma elei\u00e7\u00e3o at\u00edpica"},"previousItem":{"@type":"ListItem","@id":"https:\/\/anoticiaonline.com.br\/site\/categoria\/colunistas\/#listItem","name":"Colunistas"}},{"@type":"ListItem","@id":"https:\/\/anoticiaonline.com.br\/site\/uma-eleicao-atipica\/#listItem","position":4,"name":"Uma elei\u00e7\u00e3o at\u00edpica","previousItem":{"@type":"ListItem","@id":"https:\/\/anoticiaonline.com.br\/site\/categoria\/colunistas\/politica-e-atualidades-francisco-laviola\/#listItem","name":"Pol\u00edtica e Atualidades - Francisco Laviola"}}]},{"@type":"Organization","@id":"https:\/\/anoticiaonline.com.br\/site\/#organization","name":"A Not\u00edcia Online","description":"Noticias de Muria\u00e9 e regi\u00e3o","url":"https:\/\/anoticiaonline.com.br\/site\/","logo":{"@type":"ImageObject","url":"https:\/\/scontent-gig4-1.xx.fbcdn.net\/v\/t39.30808-1\/270437624_4564083193639691_6907940295614233970_n.jpg?stp=dst-jpg_s200x200_tt6&_nc_cat=111&ccb=1-7&_nc_sid=f907e8&_nc_ohc=SM1wRlP3lJwQ7kNvwEPuBYA&_nc_oc=AdnqrjDN_BNjSSHWO-GbkIWH6fkGMLw4bqvL_NH6e2wMveX7G-rP2dAqsDSq1mJMOaY&_nc_zt=24&_nc_ht=scontent-gig4-1.xx&_nc_gid=AoBFJeGrT1hVaew_6rchkQ&oh=00_AfX7QmFGhQhG2jAllVgXCiM1ZrWgvtp80-Bfppyexh1QEg&oe=689E923C","@id":"https:\/\/anoticiaonline.com.br\/site\/uma-eleicao-atipica\/#organizationLogo"},"image":{"@id":"https:\/\/anoticiaonline.com.br\/site\/uma-eleicao-atipica\/#organizationLogo"}},{"@type":"Person","@id":"https:\/\/anoticiaonline.com.br\/site\/author\/juliana\/#author","url":"https:\/\/anoticiaonline.com.br\/site\/author\/juliana\/","name":"Juliana Laviola","image":{"@type":"ImageObject","@id":"https:\/\/anoticiaonline.com.br\/site\/uma-eleicao-atipica\/#authorImage","url":"https:\/\/secure.gravatar.com\/avatar\/b8d45f5c699b100dfaf0e543582f38f38bf94cb7ae3a5e9abf8d891a34773335?s=96&d=mm&r=g","width":96,"height":96,"caption":"Juliana Laviola"}},{"@type":"WebPage","@id":"https:\/\/anoticiaonline.com.br\/site\/uma-eleicao-atipica\/#webpage","url":"https:\/\/anoticiaonline.com.br\/site\/uma-eleicao-atipica\/","name":"Uma elei\u00e7\u00e3o at\u00edpica - A Not\u00edcia Online","description":"Francisco Laviola \u2013 10\/10\/2010 Na semana passada escrevi e foi publicado aqui neste espa\u00e7o que este ano ter\u00edamos uma elei\u00e7\u00e3o at\u00edpica para a Presid\u00eancia da Rep\u00fablica. Realmente, tudo indicava que as duas extremas radicais iriam cruzar as espadas. Foi o que aconteceu. Por ampla maioria de votos, deu Jair Bolsonaro, candidato pol\u00eamico da direita, contra","inLanguage":"pt-BR","isPartOf":{"@id":"https:\/\/anoticiaonline.com.br\/site\/#website"},"breadcrumb":{"@id":"https:\/\/anoticiaonline.com.br\/site\/uma-eleicao-atipica\/#breadcrumblist"},"author":{"@id":"https:\/\/anoticiaonline.com.br\/site\/author\/juliana\/#author"},"creator":{"@id":"https:\/\/anoticiaonline.com.br\/site\/author\/juliana\/#author"},"datePublished":"2018-10-10T18:20:04-03:00","dateModified":"2018-10-10T18:22:13-03:00"},{"@type":"WebSite","@id":"https:\/\/anoticiaonline.com.br\/site\/#website","url":"https:\/\/anoticiaonline.com.br\/site\/","name":"A Not\u00edcia Online","description":"Noticias de Muria\u00e9 e regi\u00e3o","inLanguage":"pt-BR","publisher":{"@id":"https:\/\/anoticiaonline.com.br\/site\/#organization"}}]},"og:locale":"pt_BR","og:site_name":"A Not\u00edcia Online - Noticias de Muria\u00e9 e regi\u00e3o","og:type":"article","og:title":"Uma elei\u00e7\u00e3o at\u00edpica - A Not\u00edcia Online","og:description":"Francisco Laviola \u2013 10\/10\/2010 Na semana passada escrevi e foi publicado aqui neste espa\u00e7o que este ano ter\u00edamos uma elei\u00e7\u00e3o at\u00edpica para a Presid\u00eancia da Rep\u00fablica. Realmente, tudo indicava que as duas extremas radicais iriam cruzar as espadas. Foi o que aconteceu. Por ampla maioria de votos, deu Jair Bolsonaro, candidato pol\u00eamico da direita, contra","og:url":"https:\/\/anoticiaonline.com.br\/site\/uma-eleicao-atipica\/","og:image":"https:\/\/scontent-gig4-1.xx.fbcdn.net\/v\/t39.30808-1\/270437624_4564083193639691_6907940295614233970_n.jpg?stp=dst-jpg_s200x200_tt6&#038;_nc_cat=111&#038;ccb=1-7&#038;_nc_sid=f907e8&#038;_nc_ohc=SM1wRlP3lJwQ7kNvwEPuBYA&#038;_nc_oc=AdnqrjDN_BNjSSHWO-GbkIWH6fkGMLw4bqvL_NH6e2wMveX7G-rP2dAqsDSq1mJMOaY&#038;_nc_zt=24&#038;_nc_ht=scontent-gig4-1.xx&#038;_nc_gid=AoBFJeGrT1hVaew_6rchkQ&#038;oh=00_AfX7QmFGhQhG2jAllVgXCiM1ZrWgvtp80-Bfppyexh1QEg&#038;oe=689E923C","og:image:secure_url":"https:\/\/scontent-gig4-1.xx.fbcdn.net\/v\/t39.30808-1\/270437624_4564083193639691_6907940295614233970_n.jpg?stp=dst-jpg_s200x200_tt6&#038;_nc_cat=111&#038;ccb=1-7&#038;_nc_sid=f907e8&#038;_nc_ohc=SM1wRlP3lJwQ7kNvwEPuBYA&#038;_nc_oc=AdnqrjDN_BNjSSHWO-GbkIWH6fkGMLw4bqvL_NH6e2wMveX7G-rP2dAqsDSq1mJMOaY&#038;_nc_zt=24&#038;_nc_ht=scontent-gig4-1.xx&#038;_nc_gid=AoBFJeGrT1hVaew_6rchkQ&#038;oh=00_AfX7QmFGhQhG2jAllVgXCiM1ZrWgvtp80-Bfppyexh1QEg&#038;oe=689E923C","article:published_time":"2018-10-10T21:20:04+00:00","article:modified_time":"2018-10-10T21:22:13+00:00","twitter:card":"summary_large_image","twitter:title":"Uma elei\u00e7\u00e3o at\u00edpica - A Not\u00edcia Online","twitter:description":"Francisco Laviola \u2013 10\/10\/2010 Na semana passada escrevi e foi publicado aqui neste espa\u00e7o que este ano ter\u00edamos uma elei\u00e7\u00e3o at\u00edpica para a Presid\u00eancia da Rep\u00fablica. Realmente, tudo indicava que as duas extremas radicais iriam cruzar as espadas. Foi o que aconteceu. Por ampla maioria de votos, deu Jair Bolsonaro, candidato pol\u00eamico da direita, contra","twitter:image":"https:\/\/scontent-gig4-1.xx.fbcdn.net\/v\/t39.30808-1\/270437624_4564083193639691_6907940295614233970_n.jpg?stp=dst-jpg_s200x200_tt6&_nc_cat=111&ccb=1-7&_nc_sid=f907e8&_nc_ohc=SM1wRlP3lJwQ7kNvwEPuBYA&_nc_oc=AdnqrjDN_BNjSSHWO-GbkIWH6fkGMLw4bqvL_NH6e2wMveX7G-rP2dAqsDSq1mJMOaY&_nc_zt=24&_nc_ht=scontent-gig4-1.xx&_nc_gid=AoBFJeGrT1hVaew_6rchkQ&oh=00_AfX7QmFGhQhG2jAllVgXCiM1ZrWgvtp80-Bfppyexh1QEg&oe=689E923C"},"aioseo_meta_data":{"post_id":"62829","title":null,"description":null,"keywords":null,"keyphrases":null,"primary_term":null,"canonical_url":null,"og_title":null,"og_description":null,"og_object_type":"default","og_image_type":"default","og_image_url":null,"og_image_width":null,"og_image_height":null,"og_image_custom_url":null,"og_image_custom_fields":null,"og_video":null,"og_custom_url":null,"og_article_section":null,"og_article_tags":null,"twitter_use_og":false,"twitter_card":"default","twitter_image_type":"default","twitter_image_url":null,"twitter_image_custom_url":null,"twitter_image_custom_fields":null,"twitter_title":null,"twitter_description":null,"schema":{"blockGraphs":[],"customGraphs":[],"default":{"data":{"Article":[],"Course":[],"Dataset":[],"FAQPage":[],"Movie":[],"Person":[],"Product":[],"ProductReview":[],"Car":[],"Recipe":[],"Service":[],"SoftwareApplication":[],"WebPage":[]},"graphName":"","isEnabled":true},"graphs":[]},"schema_type":"default","schema_type_options":null,"pillar_content":false,"robots_default":true,"robots_noindex":false,"robots_noarchive":false,"robots_nosnippet":false,"robots_nofollow":false,"robots_noimageindex":false,"robots_noodp":false,"robots_notranslate":false,"robots_max_snippet":null,"robots_max_videopreview":null,"robots_max_imagepreview":"large","priority":null,"frequency":null,"local_seo":null,"breadcrumb_settings":null,"limit_modified_date":false,"ai":null,"created":"2025-08-16 21:50:12","updated":"2025-08-16 21:50:12","focus_keyword":null,"additional_keywords":null,"truseo_locale":null,"seo_analyzer_scan_date":null},"aioseo_breadcrumb":"<div class=\"aioseo-breadcrumbs\"><span class=\"aioseo-breadcrumb\">\n\t\t\t<a href=\"https:\/\/anoticiaonline.com.br\/site\" title=\"Home\">Home<\/a>\n\t\t<\/span><span class=\"aioseo-breadcrumb-separator\">&raquo;<\/span><span class=\"aioseo-breadcrumb\">\n\t\t\t<a href=\"https:\/\/anoticiaonline.com.br\/site\/categoria\/colunistas\/\" title=\"Colunistas\">Colunistas<\/a>\n\t\t<\/span><span class=\"aioseo-breadcrumb-separator\">&raquo;<\/span><span class=\"aioseo-breadcrumb\">\n\t\t\t<a href=\"https:\/\/anoticiaonline.com.br\/site\/categoria\/colunistas\/politica-e-atualidades-francisco-laviola\/\" title=\"Pol\u00edtica e Atualidades - Francisco Laviola\">Pol\u00edtica e Atualidades - Francisco Laviola<\/a>\n\t\t<\/span><span class=\"aioseo-breadcrumb-separator\">&raquo;<\/span><span class=\"aioseo-breadcrumb\">\n\t\t\tUma elei\u00e7\u00e3o at\u00edpica\n\t\t<\/span><\/div>","aioseo_breadcrumb_json":[{"label":"Home","link":"https:\/\/anoticiaonline.com.br\/site"},{"label":"Colunistas","link":"https:\/\/anoticiaonline.com.br\/site\/categoria\/colunistas\/"},{"label":"Pol\u00edtica e Atualidades - Francisco Laviola","link":"https:\/\/anoticiaonline.com.br\/site\/categoria\/colunistas\/politica-e-atualidades-francisco-laviola\/"},{"label":"Uma elei\u00e7\u00e3o at\u00edpica","link":"https:\/\/anoticiaonline.com.br\/site\/uma-eleicao-atipica\/"}],"views":154,"_links":{"self":[{"href":"https:\/\/anoticiaonline.com.br\/site\/wp-json\/wp\/v2\/posts\/62829","targetHints":{"allow":["GET"]}}],"collection":[{"href":"https:\/\/anoticiaonline.com.br\/site\/wp-json\/wp\/v2\/posts"}],"about":[{"href":"https:\/\/anoticiaonline.com.br\/site\/wp-json\/wp\/v2\/types\/post"}],"author":[{"embeddable":true,"href":"https:\/\/anoticiaonline.com.br\/site\/wp-json\/wp\/v2\/users\/2"}],"replies":[{"embeddable":true,"href":"https:\/\/anoticiaonline.com.br\/site\/wp-json\/wp\/v2\/comments?post=62829"}],"version-history":[{"count":0,"href":"https:\/\/anoticiaonline.com.br\/site\/wp-json\/wp\/v2\/posts\/62829\/revisions"}],"wp:attachment":[{"href":"https:\/\/anoticiaonline.com.br\/site\/wp-json\/wp\/v2\/media?parent=62829"}],"wp:term":[{"taxonomy":"category","embeddable":true,"href":"https:\/\/anoticiaonline.com.br\/site\/wp-json\/wp\/v2\/categories?post=62829"},{"taxonomy":"post_tag","embeddable":true,"href":"https:\/\/anoticiaonline.com.br\/site\/wp-json\/wp\/v2\/tags?post=62829"}],"curies":[{"name":"wp","href":"https:\/\/api.w.org\/{rel}","templated":true}]}}