{"id":62745,"date":"2018-10-10T10:43:40","date_gmt":"2018-10-10T13:43:40","guid":{"rendered":"http:\/\/anoticiaonline.com.br\/site\/?p=62745"},"modified":"2018-10-10T10:43:58","modified_gmt":"2018-10-10T13:43:58","slug":"rede-municipal-realiza-primeira-avaliacao-de-qualidade-da-educacao-infantil","status":"publish","type":"post","link":"https:\/\/anoticiaonline.com.br\/site\/rede-municipal-realiza-primeira-avaliacao-de-qualidade-da-educacao-infantil\/","title":{"rendered":"Rede municipal realiza primeira Avalia\u00e7\u00e3o de Qualidade da Educa\u00e7\u00e3o Infantil"},"content":{"rendered":"<p class=\"m_7064264103106494903gmail-MsoNoSpacing\"><i><a href=\"https:\/\/anoticiaonline.com.br\/site\/wp-content\/uploads\/2018\/10\/DSC_0712.jpg\"><img fetchpriority=\"high\" decoding=\"async\" class=\"aligncenter size-full wp-image-62746\" src=\"https:\/\/anoticiaonline.com.br\/site\/wp-content\/uploads\/2018\/10\/DSC_0712.jpg\" alt=\"\" width=\"1000\" height=\"705\" srcset=\"https:\/\/anoticiaonline.com.br\/site\/wp-content\/uploads\/2018\/10\/DSC_0712.jpg 1000w, https:\/\/anoticiaonline.com.br\/site\/wp-content\/uploads\/2018\/10\/DSC_0712-300x212.jpg 300w, https:\/\/anoticiaonline.com.br\/site\/wp-content\/uploads\/2018\/10\/DSC_0712-768x541.jpg 768w\" sizes=\"(max-width: 1000px) 100vw, 1000px\" \/><\/a><a href=\"https:\/\/anoticiaonline.com.br\/site\/wp-content\/uploads\/2018\/10\/DSC_0739.jpg\"><img decoding=\"async\" class=\"aligncenter size-full wp-image-62748\" src=\"https:\/\/anoticiaonline.com.br\/site\/wp-content\/uploads\/2018\/10\/DSC_0739.jpg\" alt=\"\" width=\"1000\" height=\"681\" srcset=\"https:\/\/anoticiaonline.com.br\/site\/wp-content\/uploads\/2018\/10\/DSC_0739.jpg 1000w, https:\/\/anoticiaonline.com.br\/site\/wp-content\/uploads\/2018\/10\/DSC_0739-300x204.jpg 300w, https:\/\/anoticiaonline.com.br\/site\/wp-content\/uploads\/2018\/10\/DSC_0739-768x523.jpg 768w\" sizes=\"(max-width: 1000px) 100vw, 1000px\" \/><\/a>Iniciativa tem objetivo de analisar e aperfei\u00e7oar ensino ofertado em creches e pr\u00e9-escolas de Muria\u00e9<\/i><\/p>\n<p class=\"m_7064264103106494903gmail-MsoNoSpacing\">Uma iniciativa est\u00e1 auxiliando equipes gestoras a avaliar o ensino ofertado em creches e pr\u00e9-escolas das escolas municipais da Muria\u00e9. A primeira Avalia\u00e7\u00e3o de Qualidade da Educa\u00e7\u00e3o Infantil \u201cAlicerce\u201d ser\u00e1 uma ferramenta de aux\u00edlio para analisar e aperfei\u00e7oar as pr\u00e1ticas educativas na cidade, a fim de aprimorar a qualidade do trabalho de acordo com as condi\u00e7\u00f5es de cada escola e do sistema, definindo prioridades e estrat\u00e9gias.<\/p>\n<p class=\"m_7064264103106494903gmail-MsoNoSpacing\">O encontro aconteceu na noite de segunda-feira (8), na Escola Municipal Clara de Castro Rog\u00e9rio, no Porto, e contou com a participa\u00e7\u00e3o de diretores, vice-diretores, representantes de pais de alunos, corpo docente, auxiliares de servi\u00e7os gerais e pedagogos, que s\u00e3o membros do Conselho Escolar, al\u00e9m das t\u00e9cnicas da Secretaria Municipal de Educa\u00e7\u00e3o, Esporte e Lazer (SMEEL).<\/p>\n<p class=\"m_7064264103106494903gmail-MsoNoSpacing\">A iniciativa \u00e9 realizada pela SMEEL &#8211; Assessoria Pedag\u00f3gica da Educa\u00e7\u00e3o Infantil.\u00a0 O documento foi elaborado de acordo com a Constitui\u00e7\u00e3o Federal, Lei de Diretrizes e Bases da Educa\u00e7\u00e3o Brasileira, Indicadores da Qualidade na Educa\u00e7\u00e3o Infantil do Minist\u00e9rio da Educa\u00e7\u00e3o e com o Plano Decenal Municipal de Educa\u00e7\u00e3o 4990\/2015.<\/p>\n<p class=\"m_7064264103106494903gmail-MsoNoSpacing\">Durante o encontro, o p\u00fablico avaliou o trabalho das escolas respondendo a perguntas que integravam indicadores de qualidade de trabalho, como: planejamento institucional; multiplicidade de experi\u00eancias e linguagens; intera\u00e7\u00f5es; promo\u00e7\u00e3o da sa\u00fade; espa\u00e7os, materiais e mobili\u00e1rios; forma\u00e7\u00e3o e condi\u00e7\u00f5es de trabalho das professoras e demais profissionais; e espa\u00e7os comunicacionais, coopera\u00e7\u00e3o e troca com as fam\u00edlias e participa\u00e7\u00e3o na rede de prote\u00e7\u00e3o social.<\/p>\n<p class=\"m_7064264103106494903gmail-MsoNoSpacing\"><b>\u00a0<\/b><\/p>\n<p class=\"m_7064264103106494903gmail-MsoNoSpacing\"><b>Avalia\u00e7\u00e3o contribuir\u00e1 para elabora\u00e7\u00e3o do Plano de A\u00e7\u00e3o Escolar<\/b><\/p>\n<p class=\"m_7064264103106494903gmail-MsoNoSpacing\">A autoavalia\u00e7\u00e3o realizada por parte dos gestores e integrantes dos Conselhos Escolares das escolas da rede municipal visa prepar\u00e1-las para 2019, quando a Educa\u00e7\u00e3o Infantil passar\u00e1 a ser avaliada em \u00e2mbito nacional, integrando o Sistema de Avalia\u00e7\u00e3o da Educa\u00e7\u00e3o B\u00e1sica (Saeb), compondo a nota do \u00cdndice de Desenvolvimento da Educa\u00e7\u00e3o B\u00e1sica (Ideb).<\/p>\n<p class=\"m_7064264103106494903gmail-MsoNoSpacing\">O pr\u00f3ximo passo \u00e9 consolidar as respostas e se reunir com cada escola. Os resultados obtidos v\u00e3o contribuir para a elabora\u00e7\u00e3o do Plano de A\u00e7\u00e3o Escolar para 2019.<\/p>\n<p><i><a href=\"https:\/\/anoticiaonline.com.br\/site\/wp-content\/uploads\/2018\/10\/DSC_0726.jpg\"><img decoding=\"async\" class=\"aligncenter size-full wp-image-62747\" src=\"https:\/\/anoticiaonline.com.br\/site\/wp-content\/uploads\/2018\/10\/DSC_0726.jpg\" alt=\"\" width=\"1000\" height=\"648\" srcset=\"https:\/\/anoticiaonline.com.br\/site\/wp-content\/uploads\/2018\/10\/DSC_0726.jpg 1000w, https:\/\/anoticiaonline.com.br\/site\/wp-content\/uploads\/2018\/10\/DSC_0726-300x194.jpg 300w, https:\/\/anoticiaonline.com.br\/site\/wp-content\/uploads\/2018\/10\/DSC_0726-768x498.jpg 768w\" sizes=\"(max-width: 1000px) 100vw, 1000px\" \/><\/a><a href=\"https:\/\/anoticiaonline.com.br\/site\/wp-content\/uploads\/2018\/10\/DSC_0743.jpg\"><img loading=\"lazy\" decoding=\"async\" class=\"aligncenter size-full wp-image-62749\" src=\"https:\/\/anoticiaonline.com.br\/site\/wp-content\/uploads\/2018\/10\/DSC_0743.jpg\" alt=\"\" width=\"1000\" height=\"736\" srcset=\"https:\/\/anoticiaonline.com.br\/site\/wp-content\/uploads\/2018\/10\/DSC_0743.jpg 1000w, https:\/\/anoticiaonline.com.br\/site\/wp-content\/uploads\/2018\/10\/DSC_0743-300x221.jpg 300w, https:\/\/anoticiaonline.com.br\/site\/wp-content\/uploads\/2018\/10\/DSC_0743-768x565.jpg 768w\" sizes=\"(max-width: 1000px) 100vw, 1000px\" \/><\/a><\/i><\/p>\n","protected":false},"excerpt":{"rendered":"<p>Iniciativa tem objetivo de analisar e aperfei\u00e7oar ensino ofertado em creches e pr\u00e9-escolas de Muria\u00e9 Uma iniciativa est\u00e1 auxiliando equipes gestoras a avaliar o ensino ofertado em creches e pr\u00e9-escolas das escolas municipais da Muria\u00e9. A primeira Avalia\u00e7\u00e3o de Qualidade da Educa\u00e7\u00e3o Infantil \u201cAlicerce\u201d ser\u00e1 uma ferramenta de aux\u00edlio para analisar e aperfei\u00e7oar as pr\u00e1ticas &#8230; <a title=\"Rede municipal realiza primeira Avalia\u00e7\u00e3o de Qualidade da Educa\u00e7\u00e3o Infantil\" class=\"read-more\" href=\"https:\/\/anoticiaonline.com.br\/site\/rede-municipal-realiza-primeira-avaliacao-de-qualidade-da-educacao-infantil\/\" aria-label=\"Read more about Rede municipal realiza primeira Avalia\u00e7\u00e3o de Qualidade da Educa\u00e7\u00e3o Infantil\">Ler mais<\/a><\/p>\n","protected":false},"author":2,"featured_media":62748,"comment_status":"open","ping_status":"open","sticky":false,"template":"","format":"standard","meta":{"_acf_changed":false,"_monsterinsights_skip_tracking":false,"footnotes":""},"categories":[30,2893],"tags":[3190,3188,3191,3192,3193,99,3189],"class_list":["post-62745","post","type-post","status-publish","format-standard","has-post-thumbnail","hentry","category-muriae","category-cotidiano","tag-assessoria-pedagogica-da-educacao-infantil","tag-avaliacao-de-qualidade-da-educacao-infantil","tag-clara-de-castro-rogerio","tag-escola-municipal","tag-escola-municipal-clara-de-castro-rogerio","tag-prefeitura-de-muriae","tag-smeel"],"acf":[],"aioseo_notices":[],"aioseo_head":"\n\t\t<!-- All in One SEO 5.0.0.1 - aioseo.com -->\n\t<meta name=\"description\" content=\"Iniciativa tem objetivo de analisar e aperfei\u00e7oar ensino ofertado em creches e pr\u00e9-escolas de Muria\u00e9 Uma iniciativa est\u00e1 auxiliando equipes gestoras a avaliar o ensino ofertado em creches e pr\u00e9-escolas das escolas municipais da Muria\u00e9. A primeira Avalia\u00e7\u00e3o de Qualidade da Educa\u00e7\u00e3o Infantil \u201cAlicerce\u201d ser\u00e1 uma ferramenta de aux\u00edlio para analisar e aperfei\u00e7oar as pr\u00e1ticas\" \/>\n\t<meta name=\"robots\" content=\"max-image-preview:large\" \/>\n\t<meta name=\"author\" content=\"Juliana Laviola\"\/>\n\t<link rel=\"canonical\" href=\"https:\/\/anoticiaonline.com.br\/site\/rede-municipal-realiza-primeira-avaliacao-de-qualidade-da-educacao-infantil\/\" \/>\n\t<meta name=\"generator\" content=\"All in One SEO (AIOSEO) 5.0.0.1\" \/>\n\t\t<meta property=\"og:locale\" content=\"pt_BR\" \/>\n\t\t<meta property=\"og:site_name\" content=\"A Not\u00edcia Online - Noticias de Muria\u00e9 e regi\u00e3o\" \/>\n\t\t<meta property=\"og:type\" content=\"article\" \/>\n\t\t<meta property=\"og:title\" content=\"Rede municipal realiza primeira Avalia\u00e7\u00e3o de Qualidade da Educa\u00e7\u00e3o Infantil - A Not\u00edcia Online\" \/>\n\t\t<meta property=\"og:description\" content=\"Iniciativa tem objetivo de analisar e aperfei\u00e7oar ensino ofertado em creches e pr\u00e9-escolas de Muria\u00e9 Uma iniciativa est\u00e1 auxiliando equipes gestoras a avaliar o ensino ofertado em creches e pr\u00e9-escolas das escolas municipais da Muria\u00e9. A primeira Avalia\u00e7\u00e3o de Qualidade da Educa\u00e7\u00e3o Infantil \u201cAlicerce\u201d ser\u00e1 uma ferramenta de aux\u00edlio para analisar e aperfei\u00e7oar as pr\u00e1ticas\" \/>\n\t\t<meta property=\"og:url\" content=\"https:\/\/anoticiaonline.com.br\/site\/rede-municipal-realiza-primeira-avaliacao-de-qualidade-da-educacao-infantil\/\" \/>\n\t\t<meta property=\"og:image\" content=\"https:\/\/scontent-gig4-1.xx.fbcdn.net\/v\/t39.30808-1\/270437624_4564083193639691_6907940295614233970_n.jpg?stp=dst-jpg_s200x200_tt6&#038;_nc_cat=111&#038;ccb=1-7&#038;_nc_sid=f907e8&#038;_nc_ohc=SM1wRlP3lJwQ7kNvwEPuBYA&#038;_nc_oc=AdnqrjDN_BNjSSHWO-GbkIWH6fkGMLw4bqvL_NH6e2wMveX7G-rP2dAqsDSq1mJMOaY&#038;_nc_zt=24&#038;_nc_ht=scontent-gig4-1.xx&#038;_nc_gid=AoBFJeGrT1hVaew_6rchkQ&#038;oh=00_AfX7QmFGhQhG2jAllVgXCiM1ZrWgvtp80-Bfppyexh1QEg&#038;oe=689E923C\" \/>\n\t\t<meta property=\"og:image:secure_url\" content=\"https:\/\/scontent-gig4-1.xx.fbcdn.net\/v\/t39.30808-1\/270437624_4564083193639691_6907940295614233970_n.jpg?stp=dst-jpg_s200x200_tt6&#038;_nc_cat=111&#038;ccb=1-7&#038;_nc_sid=f907e8&#038;_nc_ohc=SM1wRlP3lJwQ7kNvwEPuBYA&#038;_nc_oc=AdnqrjDN_BNjSSHWO-GbkIWH6fkGMLw4bqvL_NH6e2wMveX7G-rP2dAqsDSq1mJMOaY&#038;_nc_zt=24&#038;_nc_ht=scontent-gig4-1.xx&#038;_nc_gid=AoBFJeGrT1hVaew_6rchkQ&#038;oh=00_AfX7QmFGhQhG2jAllVgXCiM1ZrWgvtp80-Bfppyexh1QEg&#038;oe=689E923C\" \/>\n\t\t<meta property=\"article:published_time\" content=\"2018-10-10T13:43:40+00:00\" \/>\n\t\t<meta property=\"article:modified_time\" content=\"2018-10-10T13:43:58+00:00\" \/>\n\t\t<meta name=\"twitter:card\" content=\"summary_large_image\" \/>\n\t\t<meta name=\"twitter:title\" content=\"Rede municipal realiza primeira Avalia\u00e7\u00e3o de Qualidade da Educa\u00e7\u00e3o Infantil - A Not\u00edcia Online\" \/>\n\t\t<meta name=\"twitter:description\" content=\"Iniciativa tem objetivo de analisar e aperfei\u00e7oar ensino ofertado em creches e pr\u00e9-escolas de Muria\u00e9 Uma iniciativa est\u00e1 auxiliando equipes gestoras a avaliar o ensino ofertado em creches e pr\u00e9-escolas das escolas municipais da Muria\u00e9. A primeira Avalia\u00e7\u00e3o de Qualidade da Educa\u00e7\u00e3o Infantil \u201cAlicerce\u201d ser\u00e1 uma ferramenta de aux\u00edlio para analisar e aperfei\u00e7oar as pr\u00e1ticas\" \/>\n\t\t<meta name=\"twitter:image\" content=\"https:\/\/scontent-gig4-1.xx.fbcdn.net\/v\/t39.30808-1\/270437624_4564083193639691_6907940295614233970_n.jpg?stp=dst-jpg_s200x200_tt6&amp;_nc_cat=111&amp;ccb=1-7&amp;_nc_sid=f907e8&amp;_nc_ohc=SM1wRlP3lJwQ7kNvwEPuBYA&amp;_nc_oc=AdnqrjDN_BNjSSHWO-GbkIWH6fkGMLw4bqvL_NH6e2wMveX7G-rP2dAqsDSq1mJMOaY&amp;_nc_zt=24&amp;_nc_ht=scontent-gig4-1.xx&amp;_nc_gid=AoBFJeGrT1hVaew_6rchkQ&amp;oh=00_AfX7QmFGhQhG2jAllVgXCiM1ZrWgvtp80-Bfppyexh1QEg&amp;oe=689E923C\" \/>\n\t\t<script type=\"application\/ld+json\" class=\"aioseo-schema\">\n\t\t\t{\"@context\":\"https:\\\/\\\/schema.org\",\"@graph\":[{\"@type\":\"BlogPosting\",\"@id\":\"https:\\\/\\\/anoticiaonline.com.br\\\/site\\\/rede-municipal-realiza-primeira-avaliacao-de-qualidade-da-educacao-infantil\\\/#blogposting\",\"name\":\"Rede municipal realiza primeira Avalia\\u00e7\\u00e3o de Qualidade da Educa\\u00e7\\u00e3o Infantil - A Not\\u00edcia Online\",\"headline\":\"Rede municipal realiza primeira Avalia\\u00e7\\u00e3o de Qualidade da Educa\\u00e7\\u00e3o Infantil\",\"author\":{\"@id\":\"https:\\\/\\\/anoticiaonline.com.br\\\/site\\\/author\\\/juliana\\\/#author\"},\"publisher\":{\"@id\":\"https:\\\/\\\/anoticiaonline.com.br\\\/site\\\/#organization\"},\"image\":{\"@type\":\"ImageObject\",\"url\":\"https:\\\/\\\/anoticiaonline.com.br\\\/site\\\/wp-content\\\/uploads\\\/2018\\\/10\\\/DSC_0739.jpg\",\"width\":1000,\"height\":681},\"datePublished\":\"2018-10-10T10:43:40-03:00\",\"dateModified\":\"2018-10-10T10:43:58-03:00\",\"inLanguage\":\"pt-BR\",\"mainEntityOfPage\":{\"@id\":\"https:\\\/\\\/anoticiaonline.com.br\\\/site\\\/rede-municipal-realiza-primeira-avaliacao-de-qualidade-da-educacao-infantil\\\/#webpage\"},\"isPartOf\":{\"@id\":\"https:\\\/\\\/anoticiaonline.com.br\\\/site\\\/rede-municipal-realiza-primeira-avaliacao-de-qualidade-da-educacao-infantil\\\/#webpage\"},\"articleSection\":\"Blog, Cotidiano, Assessoria Pedag\\u00f3gica da Educa\\u00e7\\u00e3o Infantil, Avalia\\u00e7\\u00e3o de Qualidade da Educa\\u00e7\\u00e3o Infantil, Clara de Castro Rog\\u00e9rio, Escola Municipal, Escola Municipal Clara de Castro Rog\\u00e9rio, prefeitura de muria\\u00e9, SMEEL\"},{\"@type\":\"BreadcrumbList\",\"@id\":\"https:\\\/\\\/anoticiaonline.com.br\\\/site\\\/rede-municipal-realiza-primeira-avaliacao-de-qualidade-da-educacao-infantil\\\/#breadcrumblist\",\"itemListElement\":[{\"@type\":\"ListItem\",\"@id\":\"https:\\\/\\\/anoticiaonline.com.br\\\/site#listItem\",\"position\":1,\"name\":\"Home\",\"item\":\"https:\\\/\\\/anoticiaonline.com.br\\\/site\",\"nextItem\":{\"@type\":\"ListItem\",\"@id\":\"https:\\\/\\\/anoticiaonline.com.br\\\/site\\\/categoria\\\/muriae\\\/#listItem\",\"name\":\"Blog\"}},{\"@type\":\"ListItem\",\"@id\":\"https:\\\/\\\/anoticiaonline.com.br\\\/site\\\/categoria\\\/muriae\\\/#listItem\",\"position\":2,\"name\":\"Blog\",\"item\":\"https:\\\/\\\/anoticiaonline.com.br\\\/site\\\/categoria\\\/muriae\\\/\",\"nextItem\":{\"@type\":\"ListItem\",\"@id\":\"https:\\\/\\\/anoticiaonline.com.br\\\/site\\\/categoria\\\/muriae\\\/cotidiano\\\/#listItem\",\"name\":\"Cotidiano\"},\"previousItem\":{\"@type\":\"ListItem\",\"@id\":\"https:\\\/\\\/anoticiaonline.com.br\\\/site#listItem\",\"name\":\"Home\"}},{\"@type\":\"ListItem\",\"@id\":\"https:\\\/\\\/anoticiaonline.com.br\\\/site\\\/categoria\\\/muriae\\\/cotidiano\\\/#listItem\",\"position\":3,\"name\":\"Cotidiano\",\"item\":\"https:\\\/\\\/anoticiaonline.com.br\\\/site\\\/categoria\\\/muriae\\\/cotidiano\\\/\",\"nextItem\":{\"@type\":\"ListItem\",\"@id\":\"https:\\\/\\\/anoticiaonline.com.br\\\/site\\\/rede-municipal-realiza-primeira-avaliacao-de-qualidade-da-educacao-infantil\\\/#listItem\",\"name\":\"Rede municipal realiza primeira Avalia\\u00e7\\u00e3o de Qualidade da Educa\\u00e7\\u00e3o Infantil\"},\"previousItem\":{\"@type\":\"ListItem\",\"@id\":\"https:\\\/\\\/anoticiaonline.com.br\\\/site\\\/categoria\\\/muriae\\\/#listItem\",\"name\":\"Blog\"}},{\"@type\":\"ListItem\",\"@id\":\"https:\\\/\\\/anoticiaonline.com.br\\\/site\\\/rede-municipal-realiza-primeira-avaliacao-de-qualidade-da-educacao-infantil\\\/#listItem\",\"position\":4,\"name\":\"Rede municipal realiza primeira Avalia\\u00e7\\u00e3o de Qualidade da Educa\\u00e7\\u00e3o Infantil\",\"previousItem\":{\"@type\":\"ListItem\",\"@id\":\"https:\\\/\\\/anoticiaonline.com.br\\\/site\\\/categoria\\\/muriae\\\/cotidiano\\\/#listItem\",\"name\":\"Cotidiano\"}}]},{\"@type\":\"Organization\",\"@id\":\"https:\\\/\\\/anoticiaonline.com.br\\\/site\\\/#organization\",\"name\":\"A Not\\u00edcia Online\",\"description\":\"Noticias de Muria\\u00e9 e regi\\u00e3o\",\"url\":\"https:\\\/\\\/anoticiaonline.com.br\\\/site\\\/\",\"logo\":{\"@type\":\"ImageObject\",\"url\":\"https:\\\/\\\/scontent-gig4-1.xx.fbcdn.net\\\/v\\\/t39.30808-1\\\/270437624_4564083193639691_6907940295614233970_n.jpg?stp=dst-jpg_s200x200_tt6&_nc_cat=111&ccb=1-7&_nc_sid=f907e8&_nc_ohc=SM1wRlP3lJwQ7kNvwEPuBYA&_nc_oc=AdnqrjDN_BNjSSHWO-GbkIWH6fkGMLw4bqvL_NH6e2wMveX7G-rP2dAqsDSq1mJMOaY&_nc_zt=24&_nc_ht=scontent-gig4-1.xx&_nc_gid=AoBFJeGrT1hVaew_6rchkQ&oh=00_AfX7QmFGhQhG2jAllVgXCiM1ZrWgvtp80-Bfppyexh1QEg&oe=689E923C\",\"@id\":\"https:\\\/\\\/anoticiaonline.com.br\\\/site\\\/rede-municipal-realiza-primeira-avaliacao-de-qualidade-da-educacao-infantil\\\/#organizationLogo\"},\"image\":{\"@id\":\"https:\\\/\\\/anoticiaonline.com.br\\\/site\\\/rede-municipal-realiza-primeira-avaliacao-de-qualidade-da-educacao-infantil\\\/#organizationLogo\"}},{\"@type\":\"Person\",\"@id\":\"https:\\\/\\\/anoticiaonline.com.br\\\/site\\\/author\\\/juliana\\\/#author\",\"url\":\"https:\\\/\\\/anoticiaonline.com.br\\\/site\\\/author\\\/juliana\\\/\",\"name\":\"Juliana Laviola\",\"image\":{\"@type\":\"ImageObject\",\"@id\":\"https:\\\/\\\/anoticiaonline.com.br\\\/site\\\/rede-municipal-realiza-primeira-avaliacao-de-qualidade-da-educacao-infantil\\\/#authorImage\",\"url\":\"https:\\\/\\\/secure.gravatar.com\\\/avatar\\\/b8d45f5c699b100dfaf0e543582f38f38bf94cb7ae3a5e9abf8d891a34773335?s=96&d=mm&r=g\",\"width\":96,\"height\":96,\"caption\":\"Juliana Laviola\"}},{\"@type\":\"WebPage\",\"@id\":\"https:\\\/\\\/anoticiaonline.com.br\\\/site\\\/rede-municipal-realiza-primeira-avaliacao-de-qualidade-da-educacao-infantil\\\/#webpage\",\"url\":\"https:\\\/\\\/anoticiaonline.com.br\\\/site\\\/rede-municipal-realiza-primeira-avaliacao-de-qualidade-da-educacao-infantil\\\/\",\"name\":\"Rede municipal realiza primeira Avalia\\u00e7\\u00e3o de Qualidade da Educa\\u00e7\\u00e3o Infantil - A Not\\u00edcia Online\",\"description\":\"Iniciativa tem objetivo de analisar e aperfei\\u00e7oar ensino ofertado em creches e pr\\u00e9-escolas de Muria\\u00e9 Uma iniciativa est\\u00e1 auxiliando equipes gestoras a avaliar o ensino ofertado em creches e pr\\u00e9-escolas das escolas municipais da Muria\\u00e9. A primeira Avalia\\u00e7\\u00e3o de Qualidade da Educa\\u00e7\\u00e3o Infantil \\u201cAlicerce\\u201d ser\\u00e1 uma ferramenta de aux\\u00edlio para analisar e aperfei\\u00e7oar as pr\\u00e1ticas\",\"inLanguage\":\"pt-BR\",\"isPartOf\":{\"@id\":\"https:\\\/\\\/anoticiaonline.com.br\\\/site\\\/#website\"},\"breadcrumb\":{\"@id\":\"https:\\\/\\\/anoticiaonline.com.br\\\/site\\\/rede-municipal-realiza-primeira-avaliacao-de-qualidade-da-educacao-infantil\\\/#breadcrumblist\"},\"author\":{\"@id\":\"https:\\\/\\\/anoticiaonline.com.br\\\/site\\\/author\\\/juliana\\\/#author\"},\"creator\":{\"@id\":\"https:\\\/\\\/anoticiaonline.com.br\\\/site\\\/author\\\/juliana\\\/#author\"},\"image\":{\"@type\":\"ImageObject\",\"url\":\"https:\\\/\\\/anoticiaonline.com.br\\\/site\\\/wp-content\\\/uploads\\\/2018\\\/10\\\/DSC_0739.jpg\",\"@id\":\"https:\\\/\\\/anoticiaonline.com.br\\\/site\\\/rede-municipal-realiza-primeira-avaliacao-de-qualidade-da-educacao-infantil\\\/#mainImage\",\"width\":1000,\"height\":681},\"primaryImageOfPage\":{\"@id\":\"https:\\\/\\\/anoticiaonline.com.br\\\/site\\\/rede-municipal-realiza-primeira-avaliacao-de-qualidade-da-educacao-infantil\\\/#mainImage\"},\"datePublished\":\"2018-10-10T10:43:40-03:00\",\"dateModified\":\"2018-10-10T10:43:58-03:00\"},{\"@type\":\"WebSite\",\"@id\":\"https:\\\/\\\/anoticiaonline.com.br\\\/site\\\/#website\",\"url\":\"https:\\\/\\\/anoticiaonline.com.br\\\/site\\\/\",\"name\":\"A Not\\u00edcia Online\",\"description\":\"Noticias de Muria\\u00e9 e regi\\u00e3o\",\"inLanguage\":\"pt-BR\",\"publisher\":{\"@id\":\"https:\\\/\\\/anoticiaonline.com.br\\\/site\\\/#organization\"}}]}\n\t\t<\/script>\n\t\t<!-- All in One SEO -->\n\n","aioseo_head_json":{"title":"Rede municipal realiza primeira Avalia\u00e7\u00e3o de Qualidade da Educa\u00e7\u00e3o Infantil - A Not\u00edcia Online","description":"Iniciativa tem objetivo de analisar e aperfei\u00e7oar ensino ofertado em creches e pr\u00e9-escolas de Muria\u00e9 Uma iniciativa est\u00e1 auxiliando equipes gestoras a avaliar o ensino ofertado em creches e pr\u00e9-escolas das escolas municipais da Muria\u00e9. A primeira Avalia\u00e7\u00e3o de Qualidade da Educa\u00e7\u00e3o Infantil \u201cAlicerce\u201d ser\u00e1 uma ferramenta de aux\u00edlio para analisar e aperfei\u00e7oar as pr\u00e1ticas","canonical_url":"https:\/\/anoticiaonline.com.br\/site\/rede-municipal-realiza-primeira-avaliacao-de-qualidade-da-educacao-infantil\/","robots":"max-image-preview:large","keywords":"","webmasterTools":{"miscellaneous":""},"schema":{"@context":"https:\/\/schema.org","@graph":[{"@type":"BlogPosting","@id":"https:\/\/anoticiaonline.com.br\/site\/rede-municipal-realiza-primeira-avaliacao-de-qualidade-da-educacao-infantil\/#blogposting","name":"Rede municipal realiza primeira Avalia\u00e7\u00e3o de Qualidade da Educa\u00e7\u00e3o Infantil - A Not\u00edcia Online","headline":"Rede municipal realiza primeira Avalia\u00e7\u00e3o de Qualidade da Educa\u00e7\u00e3o Infantil","author":{"@id":"https:\/\/anoticiaonline.com.br\/site\/author\/juliana\/#author"},"publisher":{"@id":"https:\/\/anoticiaonline.com.br\/site\/#organization"},"image":{"@type":"ImageObject","url":"https:\/\/anoticiaonline.com.br\/site\/wp-content\/uploads\/2018\/10\/DSC_0739.jpg","width":1000,"height":681},"datePublished":"2018-10-10T10:43:40-03:00","dateModified":"2018-10-10T10:43:58-03:00","inLanguage":"pt-BR","mainEntityOfPage":{"@id":"https:\/\/anoticiaonline.com.br\/site\/rede-municipal-realiza-primeira-avaliacao-de-qualidade-da-educacao-infantil\/#webpage"},"isPartOf":{"@id":"https:\/\/anoticiaonline.com.br\/site\/rede-municipal-realiza-primeira-avaliacao-de-qualidade-da-educacao-infantil\/#webpage"},"articleSection":"Blog, Cotidiano, Assessoria Pedag\u00f3gica da Educa\u00e7\u00e3o Infantil, Avalia\u00e7\u00e3o de Qualidade da Educa\u00e7\u00e3o Infantil, Clara de Castro Rog\u00e9rio, Escola Municipal, Escola Municipal Clara de Castro Rog\u00e9rio, prefeitura de muria\u00e9, SMEEL"},{"@type":"BreadcrumbList","@id":"https:\/\/anoticiaonline.com.br\/site\/rede-municipal-realiza-primeira-avaliacao-de-qualidade-da-educacao-infantil\/#breadcrumblist","itemListElement":[{"@type":"ListItem","@id":"https:\/\/anoticiaonline.com.br\/site#listItem","position":1,"name":"Home","item":"https:\/\/anoticiaonline.com.br\/site","nextItem":{"@type":"ListItem","@id":"https:\/\/anoticiaonline.com.br\/site\/categoria\/muriae\/#listItem","name":"Blog"}},{"@type":"ListItem","@id":"https:\/\/anoticiaonline.com.br\/site\/categoria\/muriae\/#listItem","position":2,"name":"Blog","item":"https:\/\/anoticiaonline.com.br\/site\/categoria\/muriae\/","nextItem":{"@type":"ListItem","@id":"https:\/\/anoticiaonline.com.br\/site\/categoria\/muriae\/cotidiano\/#listItem","name":"Cotidiano"},"previousItem":{"@type":"ListItem","@id":"https:\/\/anoticiaonline.com.br\/site#listItem","name":"Home"}},{"@type":"ListItem","@id":"https:\/\/anoticiaonline.com.br\/site\/categoria\/muriae\/cotidiano\/#listItem","position":3,"name":"Cotidiano","item":"https:\/\/anoticiaonline.com.br\/site\/categoria\/muriae\/cotidiano\/","nextItem":{"@type":"ListItem","@id":"https:\/\/anoticiaonline.com.br\/site\/rede-municipal-realiza-primeira-avaliacao-de-qualidade-da-educacao-infantil\/#listItem","name":"Rede municipal realiza primeira Avalia\u00e7\u00e3o de Qualidade da Educa\u00e7\u00e3o Infantil"},"previousItem":{"@type":"ListItem","@id":"https:\/\/anoticiaonline.com.br\/site\/categoria\/muriae\/#listItem","name":"Blog"}},{"@type":"ListItem","@id":"https:\/\/anoticiaonline.com.br\/site\/rede-municipal-realiza-primeira-avaliacao-de-qualidade-da-educacao-infantil\/#listItem","position":4,"name":"Rede municipal realiza primeira Avalia\u00e7\u00e3o de Qualidade da Educa\u00e7\u00e3o Infantil","previousItem":{"@type":"ListItem","@id":"https:\/\/anoticiaonline.com.br\/site\/categoria\/muriae\/cotidiano\/#listItem","name":"Cotidiano"}}]},{"@type":"Organization","@id":"https:\/\/anoticiaonline.com.br\/site\/#organization","name":"A Not\u00edcia Online","description":"Noticias de Muria\u00e9 e regi\u00e3o","url":"https:\/\/anoticiaonline.com.br\/site\/","logo":{"@type":"ImageObject","url":"https:\/\/scontent-gig4-1.xx.fbcdn.net\/v\/t39.30808-1\/270437624_4564083193639691_6907940295614233970_n.jpg?stp=dst-jpg_s200x200_tt6&_nc_cat=111&ccb=1-7&_nc_sid=f907e8&_nc_ohc=SM1wRlP3lJwQ7kNvwEPuBYA&_nc_oc=AdnqrjDN_BNjSSHWO-GbkIWH6fkGMLw4bqvL_NH6e2wMveX7G-rP2dAqsDSq1mJMOaY&_nc_zt=24&_nc_ht=scontent-gig4-1.xx&_nc_gid=AoBFJeGrT1hVaew_6rchkQ&oh=00_AfX7QmFGhQhG2jAllVgXCiM1ZrWgvtp80-Bfppyexh1QEg&oe=689E923C","@id":"https:\/\/anoticiaonline.com.br\/site\/rede-municipal-realiza-primeira-avaliacao-de-qualidade-da-educacao-infantil\/#organizationLogo"},"image":{"@id":"https:\/\/anoticiaonline.com.br\/site\/rede-municipal-realiza-primeira-avaliacao-de-qualidade-da-educacao-infantil\/#organizationLogo"}},{"@type":"Person","@id":"https:\/\/anoticiaonline.com.br\/site\/author\/juliana\/#author","url":"https:\/\/anoticiaonline.com.br\/site\/author\/juliana\/","name":"Juliana Laviola","image":{"@type":"ImageObject","@id":"https:\/\/anoticiaonline.com.br\/site\/rede-municipal-realiza-primeira-avaliacao-de-qualidade-da-educacao-infantil\/#authorImage","url":"https:\/\/secure.gravatar.com\/avatar\/b8d45f5c699b100dfaf0e543582f38f38bf94cb7ae3a5e9abf8d891a34773335?s=96&d=mm&r=g","width":96,"height":96,"caption":"Juliana Laviola"}},{"@type":"WebPage","@id":"https:\/\/anoticiaonline.com.br\/site\/rede-municipal-realiza-primeira-avaliacao-de-qualidade-da-educacao-infantil\/#webpage","url":"https:\/\/anoticiaonline.com.br\/site\/rede-municipal-realiza-primeira-avaliacao-de-qualidade-da-educacao-infantil\/","name":"Rede municipal realiza primeira Avalia\u00e7\u00e3o de Qualidade da Educa\u00e7\u00e3o Infantil - A Not\u00edcia Online","description":"Iniciativa tem objetivo de analisar e aperfei\u00e7oar ensino ofertado em creches e pr\u00e9-escolas de Muria\u00e9 Uma iniciativa est\u00e1 auxiliando equipes gestoras a avaliar o ensino ofertado em creches e pr\u00e9-escolas das escolas municipais da Muria\u00e9. A primeira Avalia\u00e7\u00e3o de Qualidade da Educa\u00e7\u00e3o Infantil \u201cAlicerce\u201d ser\u00e1 uma ferramenta de aux\u00edlio para analisar e aperfei\u00e7oar as pr\u00e1ticas","inLanguage":"pt-BR","isPartOf":{"@id":"https:\/\/anoticiaonline.com.br\/site\/#website"},"breadcrumb":{"@id":"https:\/\/anoticiaonline.com.br\/site\/rede-municipal-realiza-primeira-avaliacao-de-qualidade-da-educacao-infantil\/#breadcrumblist"},"author":{"@id":"https:\/\/anoticiaonline.com.br\/site\/author\/juliana\/#author"},"creator":{"@id":"https:\/\/anoticiaonline.com.br\/site\/author\/juliana\/#author"},"image":{"@type":"ImageObject","url":"https:\/\/anoticiaonline.com.br\/site\/wp-content\/uploads\/2018\/10\/DSC_0739.jpg","@id":"https:\/\/anoticiaonline.com.br\/site\/rede-municipal-realiza-primeira-avaliacao-de-qualidade-da-educacao-infantil\/#mainImage","width":1000,"height":681},"primaryImageOfPage":{"@id":"https:\/\/anoticiaonline.com.br\/site\/rede-municipal-realiza-primeira-avaliacao-de-qualidade-da-educacao-infantil\/#mainImage"},"datePublished":"2018-10-10T10:43:40-03:00","dateModified":"2018-10-10T10:43:58-03:00"},{"@type":"WebSite","@id":"https:\/\/anoticiaonline.com.br\/site\/#website","url":"https:\/\/anoticiaonline.com.br\/site\/","name":"A Not\u00edcia Online","description":"Noticias de Muria\u00e9 e regi\u00e3o","inLanguage":"pt-BR","publisher":{"@id":"https:\/\/anoticiaonline.com.br\/site\/#organization"}}]},"og:locale":"pt_BR","og:site_name":"A Not\u00edcia Online - Noticias de Muria\u00e9 e regi\u00e3o","og:type":"article","og:title":"Rede municipal realiza primeira Avalia\u00e7\u00e3o de Qualidade da Educa\u00e7\u00e3o Infantil - A Not\u00edcia Online","og:description":"Iniciativa tem objetivo de analisar e aperfei\u00e7oar ensino ofertado em creches e pr\u00e9-escolas de Muria\u00e9 Uma iniciativa est\u00e1 auxiliando equipes gestoras a avaliar o ensino ofertado em creches e pr\u00e9-escolas das escolas municipais da Muria\u00e9. A primeira Avalia\u00e7\u00e3o de Qualidade da Educa\u00e7\u00e3o Infantil \u201cAlicerce\u201d ser\u00e1 uma ferramenta de aux\u00edlio para analisar e aperfei\u00e7oar as pr\u00e1ticas","og:url":"https:\/\/anoticiaonline.com.br\/site\/rede-municipal-realiza-primeira-avaliacao-de-qualidade-da-educacao-infantil\/","og:image":"https:\/\/scontent-gig4-1.xx.fbcdn.net\/v\/t39.30808-1\/270437624_4564083193639691_6907940295614233970_n.jpg?stp=dst-jpg_s200x200_tt6&#038;_nc_cat=111&#038;ccb=1-7&#038;_nc_sid=f907e8&#038;_nc_ohc=SM1wRlP3lJwQ7kNvwEPuBYA&#038;_nc_oc=AdnqrjDN_BNjSSHWO-GbkIWH6fkGMLw4bqvL_NH6e2wMveX7G-rP2dAqsDSq1mJMOaY&#038;_nc_zt=24&#038;_nc_ht=scontent-gig4-1.xx&#038;_nc_gid=AoBFJeGrT1hVaew_6rchkQ&#038;oh=00_AfX7QmFGhQhG2jAllVgXCiM1ZrWgvtp80-Bfppyexh1QEg&#038;oe=689E923C","og:image:secure_url":"https:\/\/scontent-gig4-1.xx.fbcdn.net\/v\/t39.30808-1\/270437624_4564083193639691_6907940295614233970_n.jpg?stp=dst-jpg_s200x200_tt6&#038;_nc_cat=111&#038;ccb=1-7&#038;_nc_sid=f907e8&#038;_nc_ohc=SM1wRlP3lJwQ7kNvwEPuBYA&#038;_nc_oc=AdnqrjDN_BNjSSHWO-GbkIWH6fkGMLw4bqvL_NH6e2wMveX7G-rP2dAqsDSq1mJMOaY&#038;_nc_zt=24&#038;_nc_ht=scontent-gig4-1.xx&#038;_nc_gid=AoBFJeGrT1hVaew_6rchkQ&#038;oh=00_AfX7QmFGhQhG2jAllVgXCiM1ZrWgvtp80-Bfppyexh1QEg&#038;oe=689E923C","article:published_time":"2018-10-10T13:43:40+00:00","article:modified_time":"2018-10-10T13:43:58+00:00","twitter:card":"summary_large_image","twitter:title":"Rede municipal realiza primeira Avalia\u00e7\u00e3o de Qualidade da Educa\u00e7\u00e3o Infantil - A Not\u00edcia Online","twitter:description":"Iniciativa tem objetivo de analisar e aperfei\u00e7oar ensino ofertado em creches e pr\u00e9-escolas de Muria\u00e9 Uma iniciativa est\u00e1 auxiliando equipes gestoras a avaliar o ensino ofertado em creches e pr\u00e9-escolas das escolas municipais da Muria\u00e9. A primeira Avalia\u00e7\u00e3o de Qualidade da Educa\u00e7\u00e3o Infantil \u201cAlicerce\u201d ser\u00e1 uma ferramenta de aux\u00edlio para analisar e aperfei\u00e7oar as pr\u00e1ticas","twitter:image":"https:\/\/scontent-gig4-1.xx.fbcdn.net\/v\/t39.30808-1\/270437624_4564083193639691_6907940295614233970_n.jpg?stp=dst-jpg_s200x200_tt6&_nc_cat=111&ccb=1-7&_nc_sid=f907e8&_nc_ohc=SM1wRlP3lJwQ7kNvwEPuBYA&_nc_oc=AdnqrjDN_BNjSSHWO-GbkIWH6fkGMLw4bqvL_NH6e2wMveX7G-rP2dAqsDSq1mJMOaY&_nc_zt=24&_nc_ht=scontent-gig4-1.xx&_nc_gid=AoBFJeGrT1hVaew_6rchkQ&oh=00_AfX7QmFGhQhG2jAllVgXCiM1ZrWgvtp80-Bfppyexh1QEg&oe=689E923C"},"aioseo_meta_data":{"post_id":"62745","title":null,"description":null,"keywords":null,"keyphrases":null,"primary_term":null,"canonical_url":null,"og_title":null,"og_description":null,"og_object_type":"default","og_image_type":"default","og_image_url":null,"og_image_width":null,"og_image_height":null,"og_image_custom_url":null,"og_image_custom_fields":null,"og_video":null,"og_custom_url":null,"og_article_section":null,"og_article_tags":null,"twitter_use_og":false,"twitter_card":"default","twitter_image_type":"default","twitter_image_url":null,"twitter_image_custom_url":null,"twitter_image_custom_fields":null,"twitter_title":null,"twitter_description":null,"schema":{"blockGraphs":[],"customGraphs":[],"default":{"data":{"Article":[],"Course":[],"Dataset":[],"FAQPage":[],"Movie":[],"Person":[],"Product":[],"ProductReview":[],"Car":[],"Recipe":[],"Service":[],"SoftwareApplication":[],"WebPage":[]},"graphName":"","isEnabled":true},"graphs":[]},"schema_type":"default","schema_type_options":null,"pillar_content":false,"robots_default":true,"robots_noindex":false,"robots_noarchive":false,"robots_nosnippet":false,"robots_nofollow":false,"robots_noimageindex":false,"robots_noodp":false,"robots_notranslate":false,"robots_max_snippet":null,"robots_max_videopreview":null,"robots_max_imagepreview":"large","priority":null,"frequency":null,"local_seo":null,"breadcrumb_settings":null,"limit_modified_date":false,"ai":null,"created":"2025-08-16 21:49:32","updated":"2025-08-16 21:49:32","focus_keyword":null,"additional_keywords":null,"truseo_locale":null,"seo_analyzer_scan_date":null},"aioseo_breadcrumb":"<div class=\"aioseo-breadcrumbs\"><span class=\"aioseo-breadcrumb\">\n\t\t\t<a href=\"https:\/\/anoticiaonline.com.br\/site\" title=\"Home\">Home<\/a>\n\t\t<\/span><span class=\"aioseo-breadcrumb-separator\">&raquo;<\/span><span class=\"aioseo-breadcrumb\">\n\t\t\t<a href=\"https:\/\/anoticiaonline.com.br\/site\/categoria\/muriae\/\" title=\"Blog\">Blog<\/a>\n\t\t<\/span><span class=\"aioseo-breadcrumb-separator\">&raquo;<\/span><span class=\"aioseo-breadcrumb\">\n\t\t\t<a href=\"https:\/\/anoticiaonline.com.br\/site\/categoria\/muriae\/cotidiano\/\" title=\"Cotidiano\">Cotidiano<\/a>\n\t\t<\/span><span class=\"aioseo-breadcrumb-separator\">&raquo;<\/span><span class=\"aioseo-breadcrumb\">\n\t\t\tRede municipal realiza primeira Avalia\u00e7\u00e3o de Qualidade da Educa\u00e7\u00e3o Infantil\n\t\t<\/span><\/div>","aioseo_breadcrumb_json":[{"label":"Home","link":"https:\/\/anoticiaonline.com.br\/site"},{"label":"Blog","link":"https:\/\/anoticiaonline.com.br\/site\/categoria\/muriae\/"},{"label":"Cotidiano","link":"https:\/\/anoticiaonline.com.br\/site\/categoria\/muriae\/cotidiano\/"},{"label":"Rede municipal realiza primeira Avalia\u00e7\u00e3o de Qualidade da Educa\u00e7\u00e3o Infantil","link":"https:\/\/anoticiaonline.com.br\/site\/rede-municipal-realiza-primeira-avaliacao-de-qualidade-da-educacao-infantil\/"}],"views":168,"_links":{"self":[{"href":"https:\/\/anoticiaonline.com.br\/site\/wp-json\/wp\/v2\/posts\/62745","targetHints":{"allow":["GET"]}}],"collection":[{"href":"https:\/\/anoticiaonline.com.br\/site\/wp-json\/wp\/v2\/posts"}],"about":[{"href":"https:\/\/anoticiaonline.com.br\/site\/wp-json\/wp\/v2\/types\/post"}],"author":[{"embeddable":true,"href":"https:\/\/anoticiaonline.com.br\/site\/wp-json\/wp\/v2\/users\/2"}],"replies":[{"embeddable":true,"href":"https:\/\/anoticiaonline.com.br\/site\/wp-json\/wp\/v2\/comments?post=62745"}],"version-history":[{"count":0,"href":"https:\/\/anoticiaonline.com.br\/site\/wp-json\/wp\/v2\/posts\/62745\/revisions"}],"wp:featuredmedia":[{"embeddable":true,"href":"https:\/\/anoticiaonline.com.br\/site\/wp-json\/wp\/v2\/media\/62748"}],"wp:attachment":[{"href":"https:\/\/anoticiaonline.com.br\/site\/wp-json\/wp\/v2\/media?parent=62745"}],"wp:term":[{"taxonomy":"category","embeddable":true,"href":"https:\/\/anoticiaonline.com.br\/site\/wp-json\/wp\/v2\/categories?post=62745"},{"taxonomy":"post_tag","embeddable":true,"href":"https:\/\/anoticiaonline.com.br\/site\/wp-json\/wp\/v2\/tags?post=62745"}],"curies":[{"name":"wp","href":"https:\/\/api.w.org\/{rel}","templated":true}]}}