{"id":62738,"date":"2018-10-09T16:25:01","date_gmt":"2018-10-09T19:25:01","guid":{"rendered":"http:\/\/anoticiaonline.com.br\/site\/?p=62738"},"modified":"2018-10-09T19:51:47","modified_gmt":"2018-10-09T22:51:47","slug":"transito-e-parcialmente-interditado-no-bairro-augusto-de-abreu-devido-ao-risco-de-colapso-de-galeria","status":"publish","type":"post","link":"https:\/\/anoticiaonline.com.br\/site\/transito-e-parcialmente-interditado-no-bairro-augusto-de-abreu-devido-ao-risco-de-colapso-de-galeria\/","title":{"rendered":"Tr\u00e2nsito \u00e9 parcialmente interditado no Bairro Augusto de Abreu"},"content":{"rendered":"<p>O tr\u00e2nsito na rotat\u00f3ria no bairro Augusto de Abreu, que fica no trevo de acesso \u00e0 BR-116, aos bairros Jo\u00e3o XXIII, Planalto e Condom\u00ednio Residencial Solare, foi alterado. A via est\u00e1 parcialmente interditada para a passagem de ve\u00edculos e pedestres a partir de ter\u00e7a-feira (8). A medida foi tomada devido ao risco de colapso da galeria de \u00e1gua pluvial que corta a Rua Izaltina de Abreu e passa pr\u00f3ximo ao local. Constru\u00edda h\u00e1 mais de 20 anos, a obra n\u00e3o atende os requisitos atuais de engenharia e, por isso, ser\u00e1 parcialmente reconstru\u00edda.<\/p>\n<p>Recentemente, o Demsur identificou a amea\u00e7a e, desde ent\u00e3o, sinalizou e isolou parte da via. Considerando o acumulado de chuva previsto para os pr\u00f3ximos dias, o Demsur encaminhou of\u00edcio ao Departamento Municipal de Transporte e Tr\u00e2nsito (Demuttran) solicitando a interdi\u00e7\u00e3o do local.<\/p>\n<p>A autarquia tamb\u00e9m comunicou aos respons\u00e1veis pelas empresas situadas naquela regi\u00e3o sobre o risco de queda da galeria, as consequ\u00eancias do poss\u00edvel incidente e tamb\u00e9m sobre a interdi\u00e7\u00e3o do local para que tomem as provid\u00eancias necess\u00e1rias.<\/p>\n<p>O Demsur j\u00e1 realizou licita\u00e7\u00e3o para contratar a empresa que ficar\u00e1 respons\u00e1vel pela obra de recupera\u00e7\u00e3o e reformula\u00e7\u00e3o da galeria. Em breve o servi\u00e7o ter\u00e1 in\u00edcio e o local permanecer\u00e1 interditado durante a execu\u00e7\u00e3o da obra.<\/p>\n<p><strong>Mudan\u00e7a no tr\u00e2nsito &#8211; <\/strong>Os condutores que estiverem nas ruas Jos\u00e9 M\u00e1ximo Ribeiro ou Jos\u00e9 Augusto de Abreu, em dire\u00e7\u00e3o a BR-116, devem ficar atentos, ao chegar na rotat\u00f3ria, e seguir a sinaliza\u00e7\u00e3o implantada pelo Demuttran. As altera\u00e7\u00f5es foram feitas de forma a garantir fluidez no tr\u00e2nsito e, principalmente, seguran\u00e7a para pedestres e motoristas.<\/p>\n<p><a href=\"https:\/\/anoticiaonline.com.br\/site\/wp-content\/uploads\/2018\/10\/Tr\u00e2nsito-\u00e9-parcialmente-interditado-no-Bairro-Augusto-de-Abreu-devido-ao-risco-de-colapso-de-galeria-8.jpg\"><img fetchpriority=\"high\" decoding=\"async\" class=\"alignnone size-full wp-image-62739\" src=\"https:\/\/anoticiaonline.com.br\/site\/wp-content\/uploads\/2018\/10\/Tr\u00e2nsito-\u00e9-parcialmente-interditado-no-Bairro-Augusto-de-Abreu-devido-ao-risco-de-colapso-de-galeria-8.jpg\" alt=\"\" width=\"889\" height=\"667\" srcset=\"https:\/\/anoticiaonline.com.br\/site\/wp-content\/uploads\/2018\/10\/Tr\u00e2nsito-\u00e9-parcialmente-interditado-no-Bairro-Augusto-de-Abreu-devido-ao-risco-de-colapso-de-galeria-8.jpg 889w, https:\/\/anoticiaonline.com.br\/site\/wp-content\/uploads\/2018\/10\/Tr\u00e2nsito-\u00e9-parcialmente-interditado-no-Bairro-Augusto-de-Abreu-devido-ao-risco-de-colapso-de-galeria-8-300x225.jpg 300w, https:\/\/anoticiaonline.com.br\/site\/wp-content\/uploads\/2018\/10\/Tr\u00e2nsito-\u00e9-parcialmente-interditado-no-Bairro-Augusto-de-Abreu-devido-ao-risco-de-colapso-de-galeria-8-768x576.jpg 768w, https:\/\/anoticiaonline.com.br\/site\/wp-content\/uploads\/2018\/10\/Tr\u00e2nsito-\u00e9-parcialmente-interditado-no-Bairro-Augusto-de-Abreu-devido-ao-risco-de-colapso-de-galeria-8-105x80.jpg 105w\" sizes=\"(max-width: 889px) 100vw, 889px\" \/><\/a> <a href=\"https:\/\/anoticiaonline.com.br\/site\/wp-content\/uploads\/2018\/10\/Tr\u00e2nsito-\u00e9-parcialmente-interditado-no-Bairro-Augusto-de-Abreu-devido-ao-risco-de-colapso-de-galeria.jpg\"><img decoding=\"async\" class=\"alignnone size-full wp-image-62740\" src=\"https:\/\/anoticiaonline.com.br\/site\/wp-content\/uploads\/2018\/10\/Tr\u00e2nsito-\u00e9-parcialmente-interditado-no-Bairro-Augusto-de-Abreu-devido-ao-risco-de-colapso-de-galeria.jpg\" alt=\"\" width=\"889\" height=\"667\" srcset=\"https:\/\/anoticiaonline.com.br\/site\/wp-content\/uploads\/2018\/10\/Tr\u00e2nsito-\u00e9-parcialmente-interditado-no-Bairro-Augusto-de-Abreu-devido-ao-risco-de-colapso-de-galeria.jpg 889w, https:\/\/anoticiaonline.com.br\/site\/wp-content\/uploads\/2018\/10\/Tr\u00e2nsito-\u00e9-parcialmente-interditado-no-Bairro-Augusto-de-Abreu-devido-ao-risco-de-colapso-de-galeria-300x225.jpg 300w, https:\/\/anoticiaonline.com.br\/site\/wp-content\/uploads\/2018\/10\/Tr\u00e2nsito-\u00e9-parcialmente-interditado-no-Bairro-Augusto-de-Abreu-devido-ao-risco-de-colapso-de-galeria-768x576.jpg 768w, https:\/\/anoticiaonline.com.br\/site\/wp-content\/uploads\/2018\/10\/Tr\u00e2nsito-\u00e9-parcialmente-interditado-no-Bairro-Augusto-de-Abreu-devido-ao-risco-de-colapso-de-galeria-105x80.jpg 105w\" sizes=\"(max-width: 889px) 100vw, 889px\" \/><\/a> <a href=\"https:\/\/anoticiaonline.com.br\/site\/wp-content\/uploads\/2018\/10\/Tr\u00e2nsito-\u00e9-parcialmente-interditado-no-Bairro-Augusto-de-Abreu-devido-ao-risco-de-colapso-de-galeria-2.jpg\"><img decoding=\"async\" class=\"alignnone size-full wp-image-62741\" src=\"https:\/\/anoticiaonline.com.br\/site\/wp-content\/uploads\/2018\/10\/Tr\u00e2nsito-\u00e9-parcialmente-interditado-no-Bairro-Augusto-de-Abreu-devido-ao-risco-de-colapso-de-galeria-2.jpg\" alt=\"\" width=\"889\" height=\"667\" srcset=\"https:\/\/anoticiaonline.com.br\/site\/wp-content\/uploads\/2018\/10\/Tr\u00e2nsito-\u00e9-parcialmente-interditado-no-Bairro-Augusto-de-Abreu-devido-ao-risco-de-colapso-de-galeria-2.jpg 889w, https:\/\/anoticiaonline.com.br\/site\/wp-content\/uploads\/2018\/10\/Tr\u00e2nsito-\u00e9-parcialmente-interditado-no-Bairro-Augusto-de-Abreu-devido-ao-risco-de-colapso-de-galeria-2-300x225.jpg 300w, https:\/\/anoticiaonline.com.br\/site\/wp-content\/uploads\/2018\/10\/Tr\u00e2nsito-\u00e9-parcialmente-interditado-no-Bairro-Augusto-de-Abreu-devido-ao-risco-de-colapso-de-galeria-2-768x576.jpg 768w, https:\/\/anoticiaonline.com.br\/site\/wp-content\/uploads\/2018\/10\/Tr\u00e2nsito-\u00e9-parcialmente-interditado-no-Bairro-Augusto-de-Abreu-devido-ao-risco-de-colapso-de-galeria-2-105x80.jpg 105w\" sizes=\"(max-width: 889px) 100vw, 889px\" \/><\/a><\/p>\n<p>Cr\u00e9ditos: ASCOM Demsur<\/p>\n","protected":false},"excerpt":{"rendered":"<p>O tr\u00e2nsito na rotat\u00f3ria no bairro Augusto de Abreu, que fica no trevo de acesso \u00e0 BR-116, aos bairros Jo\u00e3o XXIII, Planalto e Condom\u00ednio Residencial Solare, foi alterado. A via est\u00e1 parcialmente interditada para a passagem de ve\u00edculos e pedestres a partir de ter\u00e7a-feira (8). A medida foi tomada devido ao risco de colapso da &#8230; <a title=\"Tr\u00e2nsito \u00e9 parcialmente interditado no Bairro Augusto de Abreu\" class=\"read-more\" href=\"https:\/\/anoticiaonline.com.br\/site\/transito-e-parcialmente-interditado-no-bairro-augusto-de-abreu-devido-ao-risco-de-colapso-de-galeria\/\" aria-label=\"Read more about Tr\u00e2nsito \u00e9 parcialmente interditado no Bairro Augusto de Abreu\">Ler mais<\/a><\/p>\n","protected":false},"author":2,"featured_media":62743,"comment_status":"open","ping_status":"open","sticky":false,"template":"","format":"standard","meta":{"_acf_changed":false,"_monsterinsights_skip_tracking":false,"footnotes":""},"categories":[30,2893,45],"tags":[115,74,414],"class_list":["post-62738","post","type-post","status-publish","format-standard","has-post-thumbnail","hentry","category-muriae","category-cotidiano","category-transito","tag-demsur","tag-muriae","tag-transito"],"acf":[],"aioseo_notices":[],"aioseo_head":"\n\t\t<!-- All in One SEO 5.0.0.1 - aioseo.com -->\n\t<meta name=\"description\" content=\"O tr\u00e2nsito na rotat\u00f3ria no bairro Augusto de Abreu, que fica no trevo de acesso \u00e0 BR-116, aos bairros Jo\u00e3o XXIII, Planalto e Condom\u00ednio Residencial Solare, foi alterado. A via est\u00e1 parcialmente interditada para a passagem de ve\u00edculos e pedestres a partir de ter\u00e7a-feira (8). A medida foi tomada devido ao risco de colapso da\" \/>\n\t<meta name=\"robots\" content=\"max-image-preview:large\" \/>\n\t<meta name=\"author\" content=\"Juliana Laviola\"\/>\n\t<link rel=\"canonical\" href=\"https:\/\/anoticiaonline.com.br\/site\/transito-e-parcialmente-interditado-no-bairro-augusto-de-abreu-devido-ao-risco-de-colapso-de-galeria\/\" \/>\n\t<meta name=\"generator\" content=\"All in One SEO (AIOSEO) 5.0.0.1\" \/>\n\t\t<meta property=\"og:locale\" content=\"pt_BR\" \/>\n\t\t<meta property=\"og:site_name\" content=\"A Not\u00edcia Online - Noticias de Muria\u00e9 e regi\u00e3o\" \/>\n\t\t<meta property=\"og:type\" content=\"article\" \/>\n\t\t<meta property=\"og:title\" content=\"Tr\u00e2nsito \u00e9 parcialmente interditado no Bairro Augusto de Abreu - A Not\u00edcia Online\" \/>\n\t\t<meta property=\"og:description\" content=\"O tr\u00e2nsito na rotat\u00f3ria no bairro Augusto de Abreu, que fica no trevo de acesso \u00e0 BR-116, aos bairros Jo\u00e3o XXIII, Planalto e Condom\u00ednio Residencial Solare, foi alterado. A via est\u00e1 parcialmente interditada para a passagem de ve\u00edculos e pedestres a partir de ter\u00e7a-feira (8). A medida foi tomada devido ao risco de colapso da\" \/>\n\t\t<meta property=\"og:url\" content=\"https:\/\/anoticiaonline.com.br\/site\/transito-e-parcialmente-interditado-no-bairro-augusto-de-abreu-devido-ao-risco-de-colapso-de-galeria\/\" \/>\n\t\t<meta property=\"og:image\" content=\"https:\/\/scontent-gig4-1.xx.fbcdn.net\/v\/t39.30808-1\/270437624_4564083193639691_6907940295614233970_n.jpg?stp=dst-jpg_s200x200_tt6&#038;_nc_cat=111&#038;ccb=1-7&#038;_nc_sid=f907e8&#038;_nc_ohc=SM1wRlP3lJwQ7kNvwEPuBYA&#038;_nc_oc=AdnqrjDN_BNjSSHWO-GbkIWH6fkGMLw4bqvL_NH6e2wMveX7G-rP2dAqsDSq1mJMOaY&#038;_nc_zt=24&#038;_nc_ht=scontent-gig4-1.xx&#038;_nc_gid=AoBFJeGrT1hVaew_6rchkQ&#038;oh=00_AfX7QmFGhQhG2jAllVgXCiM1ZrWgvtp80-Bfppyexh1QEg&#038;oe=689E923C\" \/>\n\t\t<meta property=\"og:image:secure_url\" content=\"https:\/\/scontent-gig4-1.xx.fbcdn.net\/v\/t39.30808-1\/270437624_4564083193639691_6907940295614233970_n.jpg?stp=dst-jpg_s200x200_tt6&#038;_nc_cat=111&#038;ccb=1-7&#038;_nc_sid=f907e8&#038;_nc_ohc=SM1wRlP3lJwQ7kNvwEPuBYA&#038;_nc_oc=AdnqrjDN_BNjSSHWO-GbkIWH6fkGMLw4bqvL_NH6e2wMveX7G-rP2dAqsDSq1mJMOaY&#038;_nc_zt=24&#038;_nc_ht=scontent-gig4-1.xx&#038;_nc_gid=AoBFJeGrT1hVaew_6rchkQ&#038;oh=00_AfX7QmFGhQhG2jAllVgXCiM1ZrWgvtp80-Bfppyexh1QEg&#038;oe=689E923C\" \/>\n\t\t<meta property=\"article:published_time\" content=\"2018-10-09T19:25:01+00:00\" \/>\n\t\t<meta property=\"article:modified_time\" content=\"2018-10-09T22:51:47+00:00\" \/>\n\t\t<meta name=\"twitter:card\" content=\"summary_large_image\" \/>\n\t\t<meta name=\"twitter:title\" content=\"Tr\u00e2nsito \u00e9 parcialmente interditado no Bairro Augusto de Abreu - A Not\u00edcia Online\" \/>\n\t\t<meta name=\"twitter:description\" content=\"O tr\u00e2nsito na rotat\u00f3ria no bairro Augusto de Abreu, que fica no trevo de acesso \u00e0 BR-116, aos bairros Jo\u00e3o XXIII, Planalto e Condom\u00ednio Residencial Solare, foi alterado. A via est\u00e1 parcialmente interditada para a passagem de ve\u00edculos e pedestres a partir de ter\u00e7a-feira (8). A medida foi tomada devido ao risco de colapso da\" \/>\n\t\t<meta name=\"twitter:image\" content=\"https:\/\/scontent-gig4-1.xx.fbcdn.net\/v\/t39.30808-1\/270437624_4564083193639691_6907940295614233970_n.jpg?stp=dst-jpg_s200x200_tt6&amp;_nc_cat=111&amp;ccb=1-7&amp;_nc_sid=f907e8&amp;_nc_ohc=SM1wRlP3lJwQ7kNvwEPuBYA&amp;_nc_oc=AdnqrjDN_BNjSSHWO-GbkIWH6fkGMLw4bqvL_NH6e2wMveX7G-rP2dAqsDSq1mJMOaY&amp;_nc_zt=24&amp;_nc_ht=scontent-gig4-1.xx&amp;_nc_gid=AoBFJeGrT1hVaew_6rchkQ&amp;oh=00_AfX7QmFGhQhG2jAllVgXCiM1ZrWgvtp80-Bfppyexh1QEg&amp;oe=689E923C\" \/>\n\t\t<script type=\"application\/ld+json\" class=\"aioseo-schema\">\n\t\t\t{\"@context\":\"https:\\\/\\\/schema.org\",\"@graph\":[{\"@type\":\"BlogPosting\",\"@id\":\"https:\\\/\\\/anoticiaonline.com.br\\\/site\\\/transito-e-parcialmente-interditado-no-bairro-augusto-de-abreu-devido-ao-risco-de-colapso-de-galeria\\\/#blogposting\",\"name\":\"Tr\\u00e2nsito \\u00e9 parcialmente interditado no Bairro Augusto de Abreu - A Not\\u00edcia Online\",\"headline\":\"Tr\\u00e2nsito \\u00e9 parcialmente interditado no Bairro Augusto de Abreu\",\"author\":{\"@id\":\"https:\\\/\\\/anoticiaonline.com.br\\\/site\\\/author\\\/juliana\\\/#author\"},\"publisher\":{\"@id\":\"https:\\\/\\\/anoticiaonline.com.br\\\/site\\\/#organization\"},\"image\":{\"@type\":\"ImageObject\",\"url\":\"https:\\\/\\\/anoticiaonline.com.br\\\/site\\\/wp-content\\\/uploads\\\/2018\\\/10\\\/Sem-t\\u00edtulo-1.jpg\",\"width\":1000,\"height\":350},\"datePublished\":\"2018-10-09T16:25:01-03:00\",\"dateModified\":\"2018-10-09T19:51:47-03:00\",\"inLanguage\":\"pt-BR\",\"mainEntityOfPage\":{\"@id\":\"https:\\\/\\\/anoticiaonline.com.br\\\/site\\\/transito-e-parcialmente-interditado-no-bairro-augusto-de-abreu-devido-ao-risco-de-colapso-de-galeria\\\/#webpage\"},\"isPartOf\":{\"@id\":\"https:\\\/\\\/anoticiaonline.com.br\\\/site\\\/transito-e-parcialmente-interditado-no-bairro-augusto-de-abreu-devido-ao-risco-de-colapso-de-galeria\\\/#webpage\"},\"articleSection\":\"Blog, Cotidiano, Tr\\u00e2nsito, demsur, Muria\\u00e9, tr\\u00e2nsito\"},{\"@type\":\"BreadcrumbList\",\"@id\":\"https:\\\/\\\/anoticiaonline.com.br\\\/site\\\/transito-e-parcialmente-interditado-no-bairro-augusto-de-abreu-devido-ao-risco-de-colapso-de-galeria\\\/#breadcrumblist\",\"itemListElement\":[{\"@type\":\"ListItem\",\"@id\":\"https:\\\/\\\/anoticiaonline.com.br\\\/site#listItem\",\"position\":1,\"name\":\"Home\",\"item\":\"https:\\\/\\\/anoticiaonline.com.br\\\/site\",\"nextItem\":{\"@type\":\"ListItem\",\"@id\":\"https:\\\/\\\/anoticiaonline.com.br\\\/site\\\/categoria\\\/muriae\\\/#listItem\",\"name\":\"Blog\"}},{\"@type\":\"ListItem\",\"@id\":\"https:\\\/\\\/anoticiaonline.com.br\\\/site\\\/categoria\\\/muriae\\\/#listItem\",\"position\":2,\"name\":\"Blog\",\"item\":\"https:\\\/\\\/anoticiaonline.com.br\\\/site\\\/categoria\\\/muriae\\\/\",\"nextItem\":{\"@type\":\"ListItem\",\"@id\":\"https:\\\/\\\/anoticiaonline.com.br\\\/site\\\/categoria\\\/muriae\\\/transito\\\/#listItem\",\"name\":\"Tr\\u00e2nsito\"},\"previousItem\":{\"@type\":\"ListItem\",\"@id\":\"https:\\\/\\\/anoticiaonline.com.br\\\/site#listItem\",\"name\":\"Home\"}},{\"@type\":\"ListItem\",\"@id\":\"https:\\\/\\\/anoticiaonline.com.br\\\/site\\\/categoria\\\/muriae\\\/transito\\\/#listItem\",\"position\":3,\"name\":\"Tr\\u00e2nsito\",\"item\":\"https:\\\/\\\/anoticiaonline.com.br\\\/site\\\/categoria\\\/muriae\\\/transito\\\/\",\"nextItem\":{\"@type\":\"ListItem\",\"@id\":\"https:\\\/\\\/anoticiaonline.com.br\\\/site\\\/transito-e-parcialmente-interditado-no-bairro-augusto-de-abreu-devido-ao-risco-de-colapso-de-galeria\\\/#listItem\",\"name\":\"Tr\\u00e2nsito \\u00e9 parcialmente interditado no Bairro Augusto de Abreu\"},\"previousItem\":{\"@type\":\"ListItem\",\"@id\":\"https:\\\/\\\/anoticiaonline.com.br\\\/site\\\/categoria\\\/muriae\\\/#listItem\",\"name\":\"Blog\"}},{\"@type\":\"ListItem\",\"@id\":\"https:\\\/\\\/anoticiaonline.com.br\\\/site\\\/transito-e-parcialmente-interditado-no-bairro-augusto-de-abreu-devido-ao-risco-de-colapso-de-galeria\\\/#listItem\",\"position\":4,\"name\":\"Tr\\u00e2nsito \\u00e9 parcialmente interditado no Bairro Augusto de Abreu\",\"previousItem\":{\"@type\":\"ListItem\",\"@id\":\"https:\\\/\\\/anoticiaonline.com.br\\\/site\\\/categoria\\\/muriae\\\/transito\\\/#listItem\",\"name\":\"Tr\\u00e2nsito\"}}]},{\"@type\":\"Organization\",\"@id\":\"https:\\\/\\\/anoticiaonline.com.br\\\/site\\\/#organization\",\"name\":\"A Not\\u00edcia Online\",\"description\":\"Noticias de Muria\\u00e9 e regi\\u00e3o\",\"url\":\"https:\\\/\\\/anoticiaonline.com.br\\\/site\\\/\",\"logo\":{\"@type\":\"ImageObject\",\"url\":\"https:\\\/\\\/scontent-gig4-1.xx.fbcdn.net\\\/v\\\/t39.30808-1\\\/270437624_4564083193639691_6907940295614233970_n.jpg?stp=dst-jpg_s200x200_tt6&_nc_cat=111&ccb=1-7&_nc_sid=f907e8&_nc_ohc=SM1wRlP3lJwQ7kNvwEPuBYA&_nc_oc=AdnqrjDN_BNjSSHWO-GbkIWH6fkGMLw4bqvL_NH6e2wMveX7G-rP2dAqsDSq1mJMOaY&_nc_zt=24&_nc_ht=scontent-gig4-1.xx&_nc_gid=AoBFJeGrT1hVaew_6rchkQ&oh=00_AfX7QmFGhQhG2jAllVgXCiM1ZrWgvtp80-Bfppyexh1QEg&oe=689E923C\",\"@id\":\"https:\\\/\\\/anoticiaonline.com.br\\\/site\\\/transito-e-parcialmente-interditado-no-bairro-augusto-de-abreu-devido-ao-risco-de-colapso-de-galeria\\\/#organizationLogo\"},\"image\":{\"@id\":\"https:\\\/\\\/anoticiaonline.com.br\\\/site\\\/transito-e-parcialmente-interditado-no-bairro-augusto-de-abreu-devido-ao-risco-de-colapso-de-galeria\\\/#organizationLogo\"}},{\"@type\":\"Person\",\"@id\":\"https:\\\/\\\/anoticiaonline.com.br\\\/site\\\/author\\\/juliana\\\/#author\",\"url\":\"https:\\\/\\\/anoticiaonline.com.br\\\/site\\\/author\\\/juliana\\\/\",\"name\":\"Juliana Laviola\",\"image\":{\"@type\":\"ImageObject\",\"@id\":\"https:\\\/\\\/anoticiaonline.com.br\\\/site\\\/transito-e-parcialmente-interditado-no-bairro-augusto-de-abreu-devido-ao-risco-de-colapso-de-galeria\\\/#authorImage\",\"url\":\"https:\\\/\\\/secure.gravatar.com\\\/avatar\\\/b8d45f5c699b100dfaf0e543582f38f38bf94cb7ae3a5e9abf8d891a34773335?s=96&d=mm&r=g\",\"width\":96,\"height\":96,\"caption\":\"Juliana Laviola\"}},{\"@type\":\"WebPage\",\"@id\":\"https:\\\/\\\/anoticiaonline.com.br\\\/site\\\/transito-e-parcialmente-interditado-no-bairro-augusto-de-abreu-devido-ao-risco-de-colapso-de-galeria\\\/#webpage\",\"url\":\"https:\\\/\\\/anoticiaonline.com.br\\\/site\\\/transito-e-parcialmente-interditado-no-bairro-augusto-de-abreu-devido-ao-risco-de-colapso-de-galeria\\\/\",\"name\":\"Tr\\u00e2nsito \\u00e9 parcialmente interditado no Bairro Augusto de Abreu - A Not\\u00edcia Online\",\"description\":\"O tr\\u00e2nsito na rotat\\u00f3ria no bairro Augusto de Abreu, que fica no trevo de acesso \\u00e0 BR-116, aos bairros Jo\\u00e3o XXIII, Planalto e Condom\\u00ednio Residencial Solare, foi alterado. A via est\\u00e1 parcialmente interditada para a passagem de ve\\u00edculos e pedestres a partir de ter\\u00e7a-feira (8). A medida foi tomada devido ao risco de colapso da\",\"inLanguage\":\"pt-BR\",\"isPartOf\":{\"@id\":\"https:\\\/\\\/anoticiaonline.com.br\\\/site\\\/#website\"},\"breadcrumb\":{\"@id\":\"https:\\\/\\\/anoticiaonline.com.br\\\/site\\\/transito-e-parcialmente-interditado-no-bairro-augusto-de-abreu-devido-ao-risco-de-colapso-de-galeria\\\/#breadcrumblist\"},\"author\":{\"@id\":\"https:\\\/\\\/anoticiaonline.com.br\\\/site\\\/author\\\/juliana\\\/#author\"},\"creator\":{\"@id\":\"https:\\\/\\\/anoticiaonline.com.br\\\/site\\\/author\\\/juliana\\\/#author\"},\"image\":{\"@type\":\"ImageObject\",\"url\":\"https:\\\/\\\/anoticiaonline.com.br\\\/site\\\/wp-content\\\/uploads\\\/2018\\\/10\\\/Sem-t\\u00edtulo-1.jpg\",\"@id\":\"https:\\\/\\\/anoticiaonline.com.br\\\/site\\\/transito-e-parcialmente-interditado-no-bairro-augusto-de-abreu-devido-ao-risco-de-colapso-de-galeria\\\/#mainImage\",\"width\":1000,\"height\":350},\"primaryImageOfPage\":{\"@id\":\"https:\\\/\\\/anoticiaonline.com.br\\\/site\\\/transito-e-parcialmente-interditado-no-bairro-augusto-de-abreu-devido-ao-risco-de-colapso-de-galeria\\\/#mainImage\"},\"datePublished\":\"2018-10-09T16:25:01-03:00\",\"dateModified\":\"2018-10-09T19:51:47-03:00\"},{\"@type\":\"WebSite\",\"@id\":\"https:\\\/\\\/anoticiaonline.com.br\\\/site\\\/#website\",\"url\":\"https:\\\/\\\/anoticiaonline.com.br\\\/site\\\/\",\"name\":\"A Not\\u00edcia Online\",\"description\":\"Noticias de Muria\\u00e9 e regi\\u00e3o\",\"inLanguage\":\"pt-BR\",\"publisher\":{\"@id\":\"https:\\\/\\\/anoticiaonline.com.br\\\/site\\\/#organization\"}}]}\n\t\t<\/script>\n\t\t<!-- All in One SEO -->\n\n","aioseo_head_json":{"title":"Tr\u00e2nsito \u00e9 parcialmente interditado no Bairro Augusto de Abreu - A Not\u00edcia Online","description":"O tr\u00e2nsito na rotat\u00f3ria no bairro Augusto de Abreu, que fica no trevo de acesso \u00e0 BR-116, aos bairros Jo\u00e3o XXIII, Planalto e Condom\u00ednio Residencial Solare, foi alterado. A via est\u00e1 parcialmente interditada para a passagem de ve\u00edculos e pedestres a partir de ter\u00e7a-feira (8). A medida foi tomada devido ao risco de colapso da","canonical_url":"https:\/\/anoticiaonline.com.br\/site\/transito-e-parcialmente-interditado-no-bairro-augusto-de-abreu-devido-ao-risco-de-colapso-de-galeria\/","robots":"max-image-preview:large","keywords":"","webmasterTools":{"miscellaneous":""},"schema":{"@context":"https:\/\/schema.org","@graph":[{"@type":"BlogPosting","@id":"https:\/\/anoticiaonline.com.br\/site\/transito-e-parcialmente-interditado-no-bairro-augusto-de-abreu-devido-ao-risco-de-colapso-de-galeria\/#blogposting","name":"Tr\u00e2nsito \u00e9 parcialmente interditado no Bairro Augusto de Abreu - A Not\u00edcia Online","headline":"Tr\u00e2nsito \u00e9 parcialmente interditado no Bairro Augusto de Abreu","author":{"@id":"https:\/\/anoticiaonline.com.br\/site\/author\/juliana\/#author"},"publisher":{"@id":"https:\/\/anoticiaonline.com.br\/site\/#organization"},"image":{"@type":"ImageObject","url":"https:\/\/anoticiaonline.com.br\/site\/wp-content\/uploads\/2018\/10\/Sem-t\u00edtulo-1.jpg","width":1000,"height":350},"datePublished":"2018-10-09T16:25:01-03:00","dateModified":"2018-10-09T19:51:47-03:00","inLanguage":"pt-BR","mainEntityOfPage":{"@id":"https:\/\/anoticiaonline.com.br\/site\/transito-e-parcialmente-interditado-no-bairro-augusto-de-abreu-devido-ao-risco-de-colapso-de-galeria\/#webpage"},"isPartOf":{"@id":"https:\/\/anoticiaonline.com.br\/site\/transito-e-parcialmente-interditado-no-bairro-augusto-de-abreu-devido-ao-risco-de-colapso-de-galeria\/#webpage"},"articleSection":"Blog, Cotidiano, Tr\u00e2nsito, demsur, Muria\u00e9, tr\u00e2nsito"},{"@type":"BreadcrumbList","@id":"https:\/\/anoticiaonline.com.br\/site\/transito-e-parcialmente-interditado-no-bairro-augusto-de-abreu-devido-ao-risco-de-colapso-de-galeria\/#breadcrumblist","itemListElement":[{"@type":"ListItem","@id":"https:\/\/anoticiaonline.com.br\/site#listItem","position":1,"name":"Home","item":"https:\/\/anoticiaonline.com.br\/site","nextItem":{"@type":"ListItem","@id":"https:\/\/anoticiaonline.com.br\/site\/categoria\/muriae\/#listItem","name":"Blog"}},{"@type":"ListItem","@id":"https:\/\/anoticiaonline.com.br\/site\/categoria\/muriae\/#listItem","position":2,"name":"Blog","item":"https:\/\/anoticiaonline.com.br\/site\/categoria\/muriae\/","nextItem":{"@type":"ListItem","@id":"https:\/\/anoticiaonline.com.br\/site\/categoria\/muriae\/transito\/#listItem","name":"Tr\u00e2nsito"},"previousItem":{"@type":"ListItem","@id":"https:\/\/anoticiaonline.com.br\/site#listItem","name":"Home"}},{"@type":"ListItem","@id":"https:\/\/anoticiaonline.com.br\/site\/categoria\/muriae\/transito\/#listItem","position":3,"name":"Tr\u00e2nsito","item":"https:\/\/anoticiaonline.com.br\/site\/categoria\/muriae\/transito\/","nextItem":{"@type":"ListItem","@id":"https:\/\/anoticiaonline.com.br\/site\/transito-e-parcialmente-interditado-no-bairro-augusto-de-abreu-devido-ao-risco-de-colapso-de-galeria\/#listItem","name":"Tr\u00e2nsito \u00e9 parcialmente interditado no Bairro Augusto de Abreu"},"previousItem":{"@type":"ListItem","@id":"https:\/\/anoticiaonline.com.br\/site\/categoria\/muriae\/#listItem","name":"Blog"}},{"@type":"ListItem","@id":"https:\/\/anoticiaonline.com.br\/site\/transito-e-parcialmente-interditado-no-bairro-augusto-de-abreu-devido-ao-risco-de-colapso-de-galeria\/#listItem","position":4,"name":"Tr\u00e2nsito \u00e9 parcialmente interditado no Bairro Augusto de Abreu","previousItem":{"@type":"ListItem","@id":"https:\/\/anoticiaonline.com.br\/site\/categoria\/muriae\/transito\/#listItem","name":"Tr\u00e2nsito"}}]},{"@type":"Organization","@id":"https:\/\/anoticiaonline.com.br\/site\/#organization","name":"A Not\u00edcia Online","description":"Noticias de Muria\u00e9 e regi\u00e3o","url":"https:\/\/anoticiaonline.com.br\/site\/","logo":{"@type":"ImageObject","url":"https:\/\/scontent-gig4-1.xx.fbcdn.net\/v\/t39.30808-1\/270437624_4564083193639691_6907940295614233970_n.jpg?stp=dst-jpg_s200x200_tt6&_nc_cat=111&ccb=1-7&_nc_sid=f907e8&_nc_ohc=SM1wRlP3lJwQ7kNvwEPuBYA&_nc_oc=AdnqrjDN_BNjSSHWO-GbkIWH6fkGMLw4bqvL_NH6e2wMveX7G-rP2dAqsDSq1mJMOaY&_nc_zt=24&_nc_ht=scontent-gig4-1.xx&_nc_gid=AoBFJeGrT1hVaew_6rchkQ&oh=00_AfX7QmFGhQhG2jAllVgXCiM1ZrWgvtp80-Bfppyexh1QEg&oe=689E923C","@id":"https:\/\/anoticiaonline.com.br\/site\/transito-e-parcialmente-interditado-no-bairro-augusto-de-abreu-devido-ao-risco-de-colapso-de-galeria\/#organizationLogo"},"image":{"@id":"https:\/\/anoticiaonline.com.br\/site\/transito-e-parcialmente-interditado-no-bairro-augusto-de-abreu-devido-ao-risco-de-colapso-de-galeria\/#organizationLogo"}},{"@type":"Person","@id":"https:\/\/anoticiaonline.com.br\/site\/author\/juliana\/#author","url":"https:\/\/anoticiaonline.com.br\/site\/author\/juliana\/","name":"Juliana Laviola","image":{"@type":"ImageObject","@id":"https:\/\/anoticiaonline.com.br\/site\/transito-e-parcialmente-interditado-no-bairro-augusto-de-abreu-devido-ao-risco-de-colapso-de-galeria\/#authorImage","url":"https:\/\/secure.gravatar.com\/avatar\/b8d45f5c699b100dfaf0e543582f38f38bf94cb7ae3a5e9abf8d891a34773335?s=96&d=mm&r=g","width":96,"height":96,"caption":"Juliana Laviola"}},{"@type":"WebPage","@id":"https:\/\/anoticiaonline.com.br\/site\/transito-e-parcialmente-interditado-no-bairro-augusto-de-abreu-devido-ao-risco-de-colapso-de-galeria\/#webpage","url":"https:\/\/anoticiaonline.com.br\/site\/transito-e-parcialmente-interditado-no-bairro-augusto-de-abreu-devido-ao-risco-de-colapso-de-galeria\/","name":"Tr\u00e2nsito \u00e9 parcialmente interditado no Bairro Augusto de Abreu - A Not\u00edcia Online","description":"O tr\u00e2nsito na rotat\u00f3ria no bairro Augusto de Abreu, que fica no trevo de acesso \u00e0 BR-116, aos bairros Jo\u00e3o XXIII, Planalto e Condom\u00ednio Residencial Solare, foi alterado. A via est\u00e1 parcialmente interditada para a passagem de ve\u00edculos e pedestres a partir de ter\u00e7a-feira (8). A medida foi tomada devido ao risco de colapso da","inLanguage":"pt-BR","isPartOf":{"@id":"https:\/\/anoticiaonline.com.br\/site\/#website"},"breadcrumb":{"@id":"https:\/\/anoticiaonline.com.br\/site\/transito-e-parcialmente-interditado-no-bairro-augusto-de-abreu-devido-ao-risco-de-colapso-de-galeria\/#breadcrumblist"},"author":{"@id":"https:\/\/anoticiaonline.com.br\/site\/author\/juliana\/#author"},"creator":{"@id":"https:\/\/anoticiaonline.com.br\/site\/author\/juliana\/#author"},"image":{"@type":"ImageObject","url":"https:\/\/anoticiaonline.com.br\/site\/wp-content\/uploads\/2018\/10\/Sem-t\u00edtulo-1.jpg","@id":"https:\/\/anoticiaonline.com.br\/site\/transito-e-parcialmente-interditado-no-bairro-augusto-de-abreu-devido-ao-risco-de-colapso-de-galeria\/#mainImage","width":1000,"height":350},"primaryImageOfPage":{"@id":"https:\/\/anoticiaonline.com.br\/site\/transito-e-parcialmente-interditado-no-bairro-augusto-de-abreu-devido-ao-risco-de-colapso-de-galeria\/#mainImage"},"datePublished":"2018-10-09T16:25:01-03:00","dateModified":"2018-10-09T19:51:47-03:00"},{"@type":"WebSite","@id":"https:\/\/anoticiaonline.com.br\/site\/#website","url":"https:\/\/anoticiaonline.com.br\/site\/","name":"A Not\u00edcia Online","description":"Noticias de Muria\u00e9 e regi\u00e3o","inLanguage":"pt-BR","publisher":{"@id":"https:\/\/anoticiaonline.com.br\/site\/#organization"}}]},"og:locale":"pt_BR","og:site_name":"A Not\u00edcia Online - Noticias de Muria\u00e9 e regi\u00e3o","og:type":"article","og:title":"Tr\u00e2nsito \u00e9 parcialmente interditado no Bairro Augusto de Abreu - A Not\u00edcia Online","og:description":"O tr\u00e2nsito na rotat\u00f3ria no bairro Augusto de Abreu, que fica no trevo de acesso \u00e0 BR-116, aos bairros Jo\u00e3o XXIII, Planalto e Condom\u00ednio Residencial Solare, foi alterado. A via est\u00e1 parcialmente interditada para a passagem de ve\u00edculos e pedestres a partir de ter\u00e7a-feira (8). A medida foi tomada devido ao risco de colapso da","og:url":"https:\/\/anoticiaonline.com.br\/site\/transito-e-parcialmente-interditado-no-bairro-augusto-de-abreu-devido-ao-risco-de-colapso-de-galeria\/","og:image":"https:\/\/scontent-gig4-1.xx.fbcdn.net\/v\/t39.30808-1\/270437624_4564083193639691_6907940295614233970_n.jpg?stp=dst-jpg_s200x200_tt6&#038;_nc_cat=111&#038;ccb=1-7&#038;_nc_sid=f907e8&#038;_nc_ohc=SM1wRlP3lJwQ7kNvwEPuBYA&#038;_nc_oc=AdnqrjDN_BNjSSHWO-GbkIWH6fkGMLw4bqvL_NH6e2wMveX7G-rP2dAqsDSq1mJMOaY&#038;_nc_zt=24&#038;_nc_ht=scontent-gig4-1.xx&#038;_nc_gid=AoBFJeGrT1hVaew_6rchkQ&#038;oh=00_AfX7QmFGhQhG2jAllVgXCiM1ZrWgvtp80-Bfppyexh1QEg&#038;oe=689E923C","og:image:secure_url":"https:\/\/scontent-gig4-1.xx.fbcdn.net\/v\/t39.30808-1\/270437624_4564083193639691_6907940295614233970_n.jpg?stp=dst-jpg_s200x200_tt6&#038;_nc_cat=111&#038;ccb=1-7&#038;_nc_sid=f907e8&#038;_nc_ohc=SM1wRlP3lJwQ7kNvwEPuBYA&#038;_nc_oc=AdnqrjDN_BNjSSHWO-GbkIWH6fkGMLw4bqvL_NH6e2wMveX7G-rP2dAqsDSq1mJMOaY&#038;_nc_zt=24&#038;_nc_ht=scontent-gig4-1.xx&#038;_nc_gid=AoBFJeGrT1hVaew_6rchkQ&#038;oh=00_AfX7QmFGhQhG2jAllVgXCiM1ZrWgvtp80-Bfppyexh1QEg&#038;oe=689E923C","article:published_time":"2018-10-09T19:25:01+00:00","article:modified_time":"2018-10-09T22:51:47+00:00","twitter:card":"summary_large_image","twitter:title":"Tr\u00e2nsito \u00e9 parcialmente interditado no Bairro Augusto de Abreu - A Not\u00edcia Online","twitter:description":"O tr\u00e2nsito na rotat\u00f3ria no bairro Augusto de Abreu, que fica no trevo de acesso \u00e0 BR-116, aos bairros Jo\u00e3o XXIII, Planalto e Condom\u00ednio Residencial Solare, foi alterado. A via est\u00e1 parcialmente interditada para a passagem de ve\u00edculos e pedestres a partir de ter\u00e7a-feira (8). A medida foi tomada devido ao risco de colapso da","twitter:image":"https:\/\/scontent-gig4-1.xx.fbcdn.net\/v\/t39.30808-1\/270437624_4564083193639691_6907940295614233970_n.jpg?stp=dst-jpg_s200x200_tt6&_nc_cat=111&ccb=1-7&_nc_sid=f907e8&_nc_ohc=SM1wRlP3lJwQ7kNvwEPuBYA&_nc_oc=AdnqrjDN_BNjSSHWO-GbkIWH6fkGMLw4bqvL_NH6e2wMveX7G-rP2dAqsDSq1mJMOaY&_nc_zt=24&_nc_ht=scontent-gig4-1.xx&_nc_gid=AoBFJeGrT1hVaew_6rchkQ&oh=00_AfX7QmFGhQhG2jAllVgXCiM1ZrWgvtp80-Bfppyexh1QEg&oe=689E923C"},"aioseo_meta_data":{"post_id":"62738","title":null,"description":null,"keywords":null,"keyphrases":null,"primary_term":null,"canonical_url":null,"og_title":null,"og_description":null,"og_object_type":"default","og_image_type":"default","og_image_url":null,"og_image_width":null,"og_image_height":null,"og_image_custom_url":null,"og_image_custom_fields":null,"og_video":null,"og_custom_url":null,"og_article_section":null,"og_article_tags":null,"twitter_use_og":false,"twitter_card":"default","twitter_image_type":"default","twitter_image_url":null,"twitter_image_custom_url":null,"twitter_image_custom_fields":null,"twitter_title":null,"twitter_description":null,"schema":{"blockGraphs":[],"customGraphs":[],"default":{"data":{"Article":[],"Course":[],"Dataset":[],"FAQPage":[],"Movie":[],"Person":[],"Product":[],"ProductReview":[],"Car":[],"Recipe":[],"Service":[],"SoftwareApplication":[],"WebPage":[]},"graphName":"","isEnabled":true},"graphs":[]},"schema_type":"default","schema_type_options":null,"pillar_content":false,"robots_default":true,"robots_noindex":false,"robots_noarchive":false,"robots_nosnippet":false,"robots_nofollow":false,"robots_noimageindex":false,"robots_noodp":false,"robots_notranslate":false,"robots_max_snippet":null,"robots_max_videopreview":null,"robots_max_imagepreview":"large","priority":null,"frequency":null,"local_seo":null,"breadcrumb_settings":null,"limit_modified_date":false,"ai":null,"created":"2025-08-16 21:49:32","updated":"2025-08-16 21:49:32","focus_keyword":null,"additional_keywords":null,"truseo_locale":null,"seo_analyzer_scan_date":null},"aioseo_breadcrumb":"<div class=\"aioseo-breadcrumbs\"><span class=\"aioseo-breadcrumb\">\n\t\t\t<a href=\"https:\/\/anoticiaonline.com.br\/site\" title=\"Home\">Home<\/a>\n\t\t<\/span><span class=\"aioseo-breadcrumb-separator\">&raquo;<\/span><span class=\"aioseo-breadcrumb\">\n\t\t\t<a href=\"https:\/\/anoticiaonline.com.br\/site\/categoria\/muriae\/\" title=\"Blog\">Blog<\/a>\n\t\t<\/span><span class=\"aioseo-breadcrumb-separator\">&raquo;<\/span><span class=\"aioseo-breadcrumb\">\n\t\t\t<a href=\"https:\/\/anoticiaonline.com.br\/site\/categoria\/muriae\/transito\/\" title=\"Tr\u00e2nsito\">Tr\u00e2nsito<\/a>\n\t\t<\/span><span class=\"aioseo-breadcrumb-separator\">&raquo;<\/span><span class=\"aioseo-breadcrumb\">\n\t\t\tTr\u00e2nsito \u00e9 parcialmente interditado no Bairro Augusto de Abreu\n\t\t<\/span><\/div>","aioseo_breadcrumb_json":[{"label":"Home","link":"https:\/\/anoticiaonline.com.br\/site"},{"label":"Blog","link":"https:\/\/anoticiaonline.com.br\/site\/categoria\/muriae\/"},{"label":"Tr\u00e2nsito","link":"https:\/\/anoticiaonline.com.br\/site\/categoria\/muriae\/transito\/"},{"label":"Tr\u00e2nsito \u00e9 parcialmente interditado no Bairro Augusto de Abreu","link":"https:\/\/anoticiaonline.com.br\/site\/transito-e-parcialmente-interditado-no-bairro-augusto-de-abreu-devido-ao-risco-de-colapso-de-galeria\/"}],"views":158,"_links":{"self":[{"href":"https:\/\/anoticiaonline.com.br\/site\/wp-json\/wp\/v2\/posts\/62738","targetHints":{"allow":["GET"]}}],"collection":[{"href":"https:\/\/anoticiaonline.com.br\/site\/wp-json\/wp\/v2\/posts"}],"about":[{"href":"https:\/\/anoticiaonline.com.br\/site\/wp-json\/wp\/v2\/types\/post"}],"author":[{"embeddable":true,"href":"https:\/\/anoticiaonline.com.br\/site\/wp-json\/wp\/v2\/users\/2"}],"replies":[{"embeddable":true,"href":"https:\/\/anoticiaonline.com.br\/site\/wp-json\/wp\/v2\/comments?post=62738"}],"version-history":[{"count":0,"href":"https:\/\/anoticiaonline.com.br\/site\/wp-json\/wp\/v2\/posts\/62738\/revisions"}],"wp:featuredmedia":[{"embeddable":true,"href":"https:\/\/anoticiaonline.com.br\/site\/wp-json\/wp\/v2\/media\/62743"}],"wp:attachment":[{"href":"https:\/\/anoticiaonline.com.br\/site\/wp-json\/wp\/v2\/media?parent=62738"}],"wp:term":[{"taxonomy":"category","embeddable":true,"href":"https:\/\/anoticiaonline.com.br\/site\/wp-json\/wp\/v2\/categories?post=62738"},{"taxonomy":"post_tag","embeddable":true,"href":"https:\/\/anoticiaonline.com.br\/site\/wp-json\/wp\/v2\/tags?post=62738"}],"curies":[{"name":"wp","href":"https:\/\/api.w.org\/{rel}","templated":true}]}}