{"id":62728,"date":"2018-10-08T18:42:27","date_gmt":"2018-10-08T21:42:27","guid":{"rendered":"http:\/\/anoticiaonline.com.br\/site\/?p=62728"},"modified":"2018-10-08T18:42:27","modified_gmt":"2018-10-08T21:42:27","slug":"confira-a-lista-dos-deputados-federais-e-estaduais-eleitos-por-minas-tres-deles-sao-de-muriae","status":"publish","type":"post","link":"https:\/\/anoticiaonline.com.br\/site\/confira-a-lista-dos-deputados-federais-e-estaduais-eleitos-por-minas-tres-deles-sao-de-muriae\/","title":{"rendered":"Confira a lista dos deputados federais e estaduais eleitos por Minas. Tr\u00eas deles s\u00e3o de Muria\u00e9"},"content":{"rendered":"<p><a href=\"https:\/\/anoticiaonline.com.br\/site\/wp-content\/uploads\/2018\/10\/ELEITOS.jpg\"><img fetchpriority=\"high\" decoding=\"async\" class=\"alignnone size-full wp-image-62735\" src=\"https:\/\/anoticiaonline.com.br\/site\/wp-content\/uploads\/2018\/10\/ELEITOS.jpg\" alt=\"\" width=\"1000\" height=\"350\" srcset=\"https:\/\/anoticiaonline.com.br\/site\/wp-content\/uploads\/2018\/10\/ELEITOS.jpg 1000w, https:\/\/anoticiaonline.com.br\/site\/wp-content\/uploads\/2018\/10\/ELEITOS-300x105.jpg 300w, https:\/\/anoticiaonline.com.br\/site\/wp-content\/uploads\/2018\/10\/ELEITOS-768x269.jpg 768w\" sizes=\"(max-width: 1000px) 100vw, 1000px\" \/><\/a><\/p>\n<p>No \u00faltimo domingo (7), 53 deputados federais foram eleitos pelos mineiros para ocuparem a C\u00e2mara em Bras\u00edlia. Para ocuparem a Assembleia Legislativa de Minas Gerais (ALMG), 77 deputados estaduais foram eleitos.<\/p>\n<p>Tr\u00eas parlamentares s\u00e3o de Muria\u00e9 e foram reeleitos pelo povo: o deputado federal, Misael Varella, (PSD), com 128.537 votos; o deputado estadual, Dr. Wilson Batista (PSD), com 62.052 votos; e\u00a0o deputado estadual, Braulio Braz (PTB), com 51.656 votos.<\/p>\n<p>J\u00e1 o atual deputado federal, Renzo Braz, ser\u00e1 o 1\u00ba suplente do senador eleito Rodrigo Pacheco (DEM).<em>\u00a0<\/em><\/p>\n<figure id=\"attachment_62729\" aria-describedby=\"caption-attachment-62729\" style=\"width: 990px\" class=\"wp-caption alignnone\"><a href=\"https:\/\/anoticiaonline.com.br\/site\/wp-content\/uploads\/2018\/10\/Confira-a-lista-dos-deputados-federais-e-estaduais-eleitos-por-Minas.-Tr\u00eas-deles-s\u00e3o-de-Muria\u00e9-3.jpg\"><img decoding=\"async\" class=\"wp-image-62729 size-full\" src=\"https:\/\/anoticiaonline.com.br\/site\/wp-content\/uploads\/2018\/10\/Confira-a-lista-dos-deputados-federais-e-estaduais-eleitos-por-Minas.-Tr\u00eas-deles-s\u00e3o-de-Muria\u00e9-3.jpg\" alt=\"\" width=\"1000\" height=\"667\" srcset=\"https:\/\/anoticiaonline.com.br\/site\/wp-content\/uploads\/2018\/10\/Confira-a-lista-dos-deputados-federais-e-estaduais-eleitos-por-Minas.-Tr\u00eas-deles-s\u00e3o-de-Muria\u00e9-3.jpg 1000w, https:\/\/anoticiaonline.com.br\/site\/wp-content\/uploads\/2018\/10\/Confira-a-lista-dos-deputados-federais-e-estaduais-eleitos-por-Minas.-Tr\u00eas-deles-s\u00e3o-de-Muria\u00e9-3-300x200.jpg 300w, https:\/\/anoticiaonline.com.br\/site\/wp-content\/uploads\/2018\/10\/Confira-a-lista-dos-deputados-federais-e-estaduais-eleitos-por-Minas.-Tr\u00eas-deles-s\u00e3o-de-Muria\u00e9-3-768x512.jpg 768w\" sizes=\"(max-width: 1000px) 100vw, 1000px\" \/><\/a><figcaption id=\"caption-attachment-62729\" class=\"wp-caption-text\">O deputado estadual reeleito, Dr. Wilson Batista, votou no Col\u00e9gio Santa Marcelina neste domingo (7)<\/figcaption><\/figure>\n<figure id=\"attachment_62730\" aria-describedby=\"caption-attachment-62730\" style=\"width: 990px\" class=\"wp-caption alignnone\"><a href=\"https:\/\/anoticiaonline.com.br\/site\/wp-content\/uploads\/2018\/10\/Confira-a-lista-dos-deputados-federais-e-estaduais-eleitos-por-Minas.-Tr\u00eas-deles-s\u00e3o-de-Muria\u00e9.jpeg\"><img decoding=\"async\" class=\"wp-image-62730 size-full\" src=\"https:\/\/anoticiaonline.com.br\/site\/wp-content\/uploads\/2018\/10\/Confira-a-lista-dos-deputados-federais-e-estaduais-eleitos-por-Minas.-Tr\u00eas-deles-s\u00e3o-de-Muria\u00e9.jpeg\" alt=\"\" width=\"1000\" height=\"667\" srcset=\"https:\/\/anoticiaonline.com.br\/site\/wp-content\/uploads\/2018\/10\/Confira-a-lista-dos-deputados-federais-e-estaduais-eleitos-por-Minas.-Tr\u00eas-deles-s\u00e3o-de-Muria\u00e9.jpeg 1000w, https:\/\/anoticiaonline.com.br\/site\/wp-content\/uploads\/2018\/10\/Confira-a-lista-dos-deputados-federais-e-estaduais-eleitos-por-Minas.-Tr\u00eas-deles-s\u00e3o-de-Muria\u00e9-300x200.jpeg 300w, https:\/\/anoticiaonline.com.br\/site\/wp-content\/uploads\/2018\/10\/Confira-a-lista-dos-deputados-federais-e-estaduais-eleitos-por-Minas.-Tr\u00eas-deles-s\u00e3o-de-Muria\u00e9-768x512.jpeg 768w\" sizes=\"(max-width: 1000px) 100vw, 1000px\" \/><\/a><figcaption id=\"caption-attachment-62730\" class=\"wp-caption-text\">O deputado estadual reeleito, Braulio Braz, votou na Escola Olavo Tostes<\/figcaption><\/figure>\n<figure id=\"attachment_62731\" aria-describedby=\"caption-attachment-62731\" style=\"width: 990px\" class=\"wp-caption alignnone\"><a href=\"https:\/\/anoticiaonline.com.br\/site\/wp-content\/uploads\/2018\/10\/Confira-a-lista-dos-deputados-federais-e-estaduais-eleitos-por-Minas.-Tr\u00eas-deles-s\u00e3o-de-Muria\u00e9.jpg\"><img loading=\"lazy\" decoding=\"async\" class=\"wp-image-62731 size-full\" src=\"https:\/\/anoticiaonline.com.br\/site\/wp-content\/uploads\/2018\/10\/Confira-a-lista-dos-deputados-federais-e-estaduais-eleitos-por-Minas.-Tr\u00eas-deles-s\u00e3o-de-Muria\u00e9.jpg\" alt=\"\" width=\"1000\" height=\"667\" srcset=\"https:\/\/anoticiaonline.com.br\/site\/wp-content\/uploads\/2018\/10\/Confira-a-lista-dos-deputados-federais-e-estaduais-eleitos-por-Minas.-Tr\u00eas-deles-s\u00e3o-de-Muria\u00e9.jpg 1000w, https:\/\/anoticiaonline.com.br\/site\/wp-content\/uploads\/2018\/10\/Confira-a-lista-dos-deputados-federais-e-estaduais-eleitos-por-Minas.-Tr\u00eas-deles-s\u00e3o-de-Muria\u00e9-300x200.jpg 300w, https:\/\/anoticiaonline.com.br\/site\/wp-content\/uploads\/2018\/10\/Confira-a-lista-dos-deputados-federais-e-estaduais-eleitos-por-Minas.-Tr\u00eas-deles-s\u00e3o-de-Muria\u00e9-768x512.jpg 768w\" sizes=\"(max-width: 1000px) 100vw, 1000px\" \/><\/a><figcaption id=\"caption-attachment-62731\" class=\"wp-caption-text\">Misael Varella, reeleito deputado federal, votou na Casa da Amizade, no domingo (7)<\/figcaption><\/figure>\n<figure id=\"attachment_62732\" aria-describedby=\"caption-attachment-62732\" style=\"width: 990px\" class=\"wp-caption alignnone\"><a href=\"https:\/\/anoticiaonline.com.br\/site\/wp-content\/uploads\/2018\/10\/Confira-a-lista-dos-deputados-federais-e-estaduais-eleitos-por-Minas.-Tr\u00eas-deles-s\u00e3o-de-Muria\u00e9-2.jpg\"><img loading=\"lazy\" decoding=\"async\" class=\"wp-image-62732 size-full\" src=\"https:\/\/anoticiaonline.com.br\/site\/wp-content\/uploads\/2018\/10\/Confira-a-lista-dos-deputados-federais-e-estaduais-eleitos-por-Minas.-Tr\u00eas-deles-s\u00e3o-de-Muria\u00e9-2.jpg\" alt=\"\" width=\"1000\" height=\"667\" srcset=\"https:\/\/anoticiaonline.com.br\/site\/wp-content\/uploads\/2018\/10\/Confira-a-lista-dos-deputados-federais-e-estaduais-eleitos-por-Minas.-Tr\u00eas-deles-s\u00e3o-de-Muria\u00e9-2.jpg 1000w, https:\/\/anoticiaonline.com.br\/site\/wp-content\/uploads\/2018\/10\/Confira-a-lista-dos-deputados-federais-e-estaduais-eleitos-por-Minas.-Tr\u00eas-deles-s\u00e3o-de-Muria\u00e9-2-300x200.jpg 300w, https:\/\/anoticiaonline.com.br\/site\/wp-content\/uploads\/2018\/10\/Confira-a-lista-dos-deputados-federais-e-estaduais-eleitos-por-Minas.-Tr\u00eas-deles-s\u00e3o-de-Muria\u00e9-2-768x512.jpg 768w\" sizes=\"(max-width: 1000px) 100vw, 1000px\" \/><\/a><figcaption id=\"caption-attachment-62732\" class=\"wp-caption-text\">O deputado federal, Renzo Braz, primeiro suplente do senador eleito Rodrigo Pacheco, votou no Sal\u00e3o Paroquial da Igreja da Barra<\/figcaption><\/figure>\n<p><strong>Confira os 53 deputados federais eleitos em Minas Gerais:<\/strong><\/p>\n<p>Marcelo Alvaro Antonio (PSL)<\/p>\n<p>Reginaldo Lopes (PT)<\/p>\n<p>Andre Janones (Avante)<\/p>\n<p>Paulo Guedes (PT)<\/p>\n<p>Aurea Carolina (PSOL)<\/p>\n<p>Gilberto Abramo (PRB)<\/p>\n<p>Cabo Junio Amaral (PSL)<\/p>\n<p>Eros Biondini (PROS)<\/p>\n<p>Rog\u00e9rio Correia (PT)<\/p>\n<p>Padre Jo\u00e3o (PT)<\/p>\n<p>Rodrigo de Castro (PSDB)<\/p>\n<p>Weliton Prado (PROS)<\/p>\n<p>Misael Varella (PSD)<\/p>\n<p>Herc\u00edlio Coelho Diniz (MDB)<\/p>\n<p>Stefano Aguiar (PSD)<\/p>\n<p>Patrus Ananias (PT)<\/p>\n<p>Z\u00e9 Silva (SD)<\/p>\n<p>Marcelo Aro (PHS)<\/p>\n<p>A\u00e9cio Neves (PSDB)<\/p>\n<p>Eduardo Barbosa (PSDB)<\/p>\n<p>Diego Andrade (PSD)<\/p>\n<p>Lincoln Portela (PR)<\/p>\n<p>Emidinho Madeira (PSB)<\/p>\n<p>Lafayette Andrada (PRB)<\/p>\n<p>Pinheirinho (PP)<\/p>\n<p>Subtenente Gonzaga (PDT)<\/p>\n<p>Margarida Salom\u00e3o (PT)<\/p>\n<p>Dr. M\u00e1rio Heringer (PDT)<\/p>\n<p>Odair Cunha (PT)<\/p>\n<p>Bilac Pinto (DEM)<\/p>\n<p>Fred Costa (Patri)<\/p>\n<p>Domingos S\u00e1vio (PSDB)<\/p>\n<p>Paulo Abi Ackel (PSDB)<\/p>\n<p>Dimas Fabiano (PP)<\/p>\n<p>Tiago Mitraud (Novo)<\/p>\n<p>Vilson da Fetaemg (PSB)<\/p>\n<p>Newton Cardoso Jr (MDB)<\/p>\n<p>Leonardo Monteiro (PT)<\/p>\n<p>Euclydes Pettersen (PSC)<\/p>\n<p>Lucas Gonzalez (Novo)<\/p>\n<p>Fabio Ramalho (MDB)<\/p>\n<p>Doutor Frederico (Patri)<\/p>\n<p>Igor Timo (Pode)<\/p>\n<p>Julio Delgado (PSB)<\/p>\n<p>Mauro Lopes (MDB)<\/p>\n<p>Delegado Marcelo Freitas (PSL)<\/p>\n<p>Franco Cartafina (PHS)<\/p>\n<p>Charlles Evangelista (PSL)<\/p>\n<p>L\u00e9o Motta (PSL)<\/p>\n<p>Luis Tib\u00e9 (Avante)<\/p>\n<p>Al\u00ea Silva (PSL)<\/p>\n<p>Greyce Elias (Avante)<\/p>\n<p>Z\u00e9 Vitor (PMM)<\/p>\n<p><strong>Confira os 77 deputados estaduais eleitos em Minas Gerais: <\/strong><\/p>\n<p>Mauro Tramonte (PRB)<br \/>\nSargento Rodrigues (PTB)<br \/>\nBruno Engler (PSL)<br \/>\nC\u00e1ssio Soares (PSD)<br \/>\nNoraldino Junior (PSC)<br \/>\nCleitinho (PPS)<br \/>\nLeandro Genaro (PSD)<br \/>\nBeatriz Cerqueira (PT)<br \/>\nL\u00e9o Portela (PR)<br \/>\nVirg\u00edlio Guimar\u00e3es (PT)<br \/>\nDelegada Sheila (PSL)<br \/>\nDr. Jean Freire (PT)<br \/>\nCarlos Henrique (PRB)<br \/>\nDelegado Heli Grilo (PSL)<br \/>\nFabio Avelar (Avante)<br \/>\nCristiano Silveira (PT)<br \/>\nArlen Santiago (PTB)<br \/>\nM\u00e1rio Henrique Caixa (PV)<br \/>\nS\u00e1vio Souza Cruz (MDB)<br \/>\nJo\u00e3o Vitor Xavier da Itatiaia (PSDB)<br \/>\nTito Torres (PSDB)<br \/>\nAndr\u00e9 Quint\u00e3o (PT)<br \/>\nAnt\u00f4nio Carlos Arantes (PSDB)<br \/>\nDalmo Ribeiro (PSDB)<br \/>\nMar\u00edlia Campos (PT)<br \/>\nAgostinho Patrus (PV)<br \/>\nRos\u00e2ngela Reis (Podemos)<br \/>\nCharles Santos (PRB)<br \/>\nCarlos Pimenta (PDT)<br \/>\nDr. Hely (PV)<br \/>\nUlysses Gomes (PT)<br \/>\nTadeuzinho (MDB)<br \/>\nDr. Wilson Batista (PSD)<br \/>\nGustavo Valadares (PSDB)<br \/>\nDoorgal Andrada (Patriota)<br \/>\nDuarte Bechir (PSD)<br \/>\nJo\u00e3o Magalh\u00e3es (MDB)<br \/>\nGlaycon Franco (PV)<br \/>\nJo\u00e3o Leite (PSDB)<br \/>\nAlencar da Silveira Jr. (PDT)<br \/>\nIone Pinheiro (DEM)<br \/>\nNeilando Pimenta (Podemos)<br \/>\nElismar Prado (Pros)<br \/>\nThiago Cota (MDB)<br \/>\nCelise Laviola (MDB)<br \/>\nLeon\u00eddio Bou\u00e7as (MDB)<br \/>\nDr. Paulo (Patriota)<br \/>\nBraulio Braz (PTB)<br \/>\nLuiz Humberto Carneiro (PSDB)<br \/>\nLeninha (PT)<br \/>\nGil Pereira (PP)<br \/>\nCoronel Sandro (PSL)<br \/>\nBosco (Avante)<br \/>\nZ\u00e9 Reis (PHS)<br \/>\nDouglas Melo (MDB)<br \/>\nRoberto Andrade (PSB)<br \/>\nIn\u00e1cio Franco (PV)<br \/>\nMarquinho Durval (PT)<br \/>\nBet\u00e3o (PT)<br \/>\nCelinho do Sinttrocel (PCdoB)<br \/>\nGustavo Santana (PR)<br \/>\nLaura Serrano (Novo)<br \/>\nRaul Bel\u00e9m (PSC)<br \/>\nBart\u00f4 do Novo (Novo)<br \/>\nProfessor Wendel Mesquita (SD)<br \/>\nCleiton Oliveira (DC)<br \/>\nOsvaldo Lopes (PHS)<br \/>\nAlberto Pinto Coelho Betinho (SD)<br \/>\nCoronel Henrique (PSL)<br \/>\nRep\u00f3rter Rafael Martins (PRTB)<br \/>\nFernando Pacheco (PHS)<br \/>\nGuilherme da Cunha (Novo)<br \/>\nAna Paula Siqueira (Rede)<br \/>\nProfessor Irineu (PSL)<br \/>\nGustavo Mitre (PSC)<br \/>\nAndreia de Jesus (PSOL)<br \/>\nZ\u00e9 Guilherme (PRP)<\/p>\n","protected":false},"excerpt":{"rendered":"<p>No \u00faltimo domingo (7), 53 deputados federais foram eleitos pelos mineiros para ocuparem a C\u00e2mara em Bras\u00edlia. Para ocuparem a Assembleia Legislativa de Minas Gerais (ALMG), 77 deputados estaduais foram eleitos. Tr\u00eas parlamentares s\u00e3o de Muria\u00e9 e foram reeleitos pelo povo: o deputado federal, Misael Varella, (PSD), com 128.537 votos; o deputado estadual, Dr. Wilson &#8230; <a title=\"Confira a lista dos deputados federais e estaduais eleitos por Minas. Tr\u00eas deles s\u00e3o de Muria\u00e9\" class=\"read-more\" href=\"https:\/\/anoticiaonline.com.br\/site\/confira-a-lista-dos-deputados-federais-e-estaduais-eleitos-por-minas-tres-deles-sao-de-muriae\/\" aria-label=\"Read more about Confira a lista dos deputados federais e estaduais eleitos por Minas. Tr\u00eas deles s\u00e3o de Muria\u00e9\">Ler mais<\/a><\/p>\n","protected":false},"author":2,"featured_media":62735,"comment_status":"open","ping_status":"open","sticky":false,"template":"","format":"standard","meta":{"_acf_changed":false,"_monsterinsights_skip_tracking":false,"footnotes":""},"categories":[30],"tags":[730,2883,419,817,74,3187],"class_list":["post-62728","post","type-post","status-publish","format-standard","has-post-thumbnail","hentry","category-muriae","tag-braulio-braz","tag-eleicoes-2018","tag-minas-gerais","tag-misael-varella","tag-muriae","tag-wilson-batista"],"acf":[],"aioseo_notices":[],"aioseo_head":"\n\t\t<!-- All in One SEO 5.0.0.1 - aioseo.com -->\n\t<meta name=\"description\" content=\"No \u00faltimo domingo (7), 53 deputados federais foram eleitos pelos mineiros para ocuparem a C\u00e2mara em Bras\u00edlia. Para ocuparem a Assembleia Legislativa de Minas Gerais (ALMG), 77 deputados estaduais foram eleitos. Tr\u00eas parlamentares s\u00e3o de Muria\u00e9 e foram reeleitos pelo povo: o deputado federal, Misael Varella, (PSD), com 128.537 votos; o deputado estadual, Dr. Wilson\" \/>\n\t<meta name=\"robots\" content=\"max-image-preview:large\" \/>\n\t<meta name=\"author\" content=\"Juliana Laviola\"\/>\n\t<link rel=\"canonical\" href=\"https:\/\/anoticiaonline.com.br\/site\/confira-a-lista-dos-deputados-federais-e-estaduais-eleitos-por-minas-tres-deles-sao-de-muriae\/\" \/>\n\t<meta name=\"generator\" content=\"All in One SEO (AIOSEO) 5.0.0.1\" \/>\n\t\t<meta property=\"og:locale\" content=\"pt_BR\" \/>\n\t\t<meta property=\"og:site_name\" content=\"A Not\u00edcia Online - Noticias de Muria\u00e9 e regi\u00e3o\" \/>\n\t\t<meta property=\"og:type\" content=\"article\" \/>\n\t\t<meta property=\"og:title\" content=\"Confira a lista dos deputados federais e estaduais eleitos por Minas. Tr\u00eas deles s\u00e3o de Muria\u00e9 - A Not\u00edcia Online\" \/>\n\t\t<meta property=\"og:description\" content=\"No \u00faltimo domingo (7), 53 deputados federais foram eleitos pelos mineiros para ocuparem a C\u00e2mara em Bras\u00edlia. Para ocuparem a Assembleia Legislativa de Minas Gerais (ALMG), 77 deputados estaduais foram eleitos. Tr\u00eas parlamentares s\u00e3o de Muria\u00e9 e foram reeleitos pelo povo: o deputado federal, Misael Varella, (PSD), com 128.537 votos; o deputado estadual, Dr. Wilson\" \/>\n\t\t<meta property=\"og:url\" content=\"https:\/\/anoticiaonline.com.br\/site\/confira-a-lista-dos-deputados-federais-e-estaduais-eleitos-por-minas-tres-deles-sao-de-muriae\/\" \/>\n\t\t<meta property=\"og:image\" content=\"https:\/\/scontent-gig4-1.xx.fbcdn.net\/v\/t39.30808-1\/270437624_4564083193639691_6907940295614233970_n.jpg?stp=dst-jpg_s200x200_tt6&#038;_nc_cat=111&#038;ccb=1-7&#038;_nc_sid=f907e8&#038;_nc_ohc=SM1wRlP3lJwQ7kNvwEPuBYA&#038;_nc_oc=AdnqrjDN_BNjSSHWO-GbkIWH6fkGMLw4bqvL_NH6e2wMveX7G-rP2dAqsDSq1mJMOaY&#038;_nc_zt=24&#038;_nc_ht=scontent-gig4-1.xx&#038;_nc_gid=AoBFJeGrT1hVaew_6rchkQ&#038;oh=00_AfX7QmFGhQhG2jAllVgXCiM1ZrWgvtp80-Bfppyexh1QEg&#038;oe=689E923C\" \/>\n\t\t<meta property=\"og:image:secure_url\" content=\"https:\/\/scontent-gig4-1.xx.fbcdn.net\/v\/t39.30808-1\/270437624_4564083193639691_6907940295614233970_n.jpg?stp=dst-jpg_s200x200_tt6&#038;_nc_cat=111&#038;ccb=1-7&#038;_nc_sid=f907e8&#038;_nc_ohc=SM1wRlP3lJwQ7kNvwEPuBYA&#038;_nc_oc=AdnqrjDN_BNjSSHWO-GbkIWH6fkGMLw4bqvL_NH6e2wMveX7G-rP2dAqsDSq1mJMOaY&#038;_nc_zt=24&#038;_nc_ht=scontent-gig4-1.xx&#038;_nc_gid=AoBFJeGrT1hVaew_6rchkQ&#038;oh=00_AfX7QmFGhQhG2jAllVgXCiM1ZrWgvtp80-Bfppyexh1QEg&#038;oe=689E923C\" \/>\n\t\t<meta property=\"article:published_time\" content=\"2018-10-08T21:42:27+00:00\" \/>\n\t\t<meta property=\"article:modified_time\" content=\"2018-10-08T21:42:27+00:00\" \/>\n\t\t<meta name=\"twitter:card\" content=\"summary_large_image\" \/>\n\t\t<meta name=\"twitter:title\" content=\"Confira a lista dos deputados federais e estaduais eleitos por Minas. Tr\u00eas deles s\u00e3o de Muria\u00e9 - A Not\u00edcia Online\" \/>\n\t\t<meta name=\"twitter:description\" content=\"No \u00faltimo domingo (7), 53 deputados federais foram eleitos pelos mineiros para ocuparem a C\u00e2mara em Bras\u00edlia. Para ocuparem a Assembleia Legislativa de Minas Gerais (ALMG), 77 deputados estaduais foram eleitos. Tr\u00eas parlamentares s\u00e3o de Muria\u00e9 e foram reeleitos pelo povo: o deputado federal, Misael Varella, (PSD), com 128.537 votos; o deputado estadual, Dr. Wilson\" \/>\n\t\t<meta name=\"twitter:image\" content=\"https:\/\/scontent-gig4-1.xx.fbcdn.net\/v\/t39.30808-1\/270437624_4564083193639691_6907940295614233970_n.jpg?stp=dst-jpg_s200x200_tt6&amp;_nc_cat=111&amp;ccb=1-7&amp;_nc_sid=f907e8&amp;_nc_ohc=SM1wRlP3lJwQ7kNvwEPuBYA&amp;_nc_oc=AdnqrjDN_BNjSSHWO-GbkIWH6fkGMLw4bqvL_NH6e2wMveX7G-rP2dAqsDSq1mJMOaY&amp;_nc_zt=24&amp;_nc_ht=scontent-gig4-1.xx&amp;_nc_gid=AoBFJeGrT1hVaew_6rchkQ&amp;oh=00_AfX7QmFGhQhG2jAllVgXCiM1ZrWgvtp80-Bfppyexh1QEg&amp;oe=689E923C\" \/>\n\t\t<script type=\"application\/ld+json\" class=\"aioseo-schema\">\n\t\t\t{\"@context\":\"https:\\\/\\\/schema.org\",\"@graph\":[{\"@type\":\"BlogPosting\",\"@id\":\"https:\\\/\\\/anoticiaonline.com.br\\\/site\\\/confira-a-lista-dos-deputados-federais-e-estaduais-eleitos-por-minas-tres-deles-sao-de-muriae\\\/#blogposting\",\"name\":\"Confira a lista dos deputados federais e estaduais eleitos por Minas. Tr\\u00eas deles s\\u00e3o de Muria\\u00e9 - A Not\\u00edcia Online\",\"headline\":\"Confira a lista dos deputados federais e estaduais eleitos por Minas. Tr\\u00eas deles s\\u00e3o de Muria\\u00e9\",\"author\":{\"@id\":\"https:\\\/\\\/anoticiaonline.com.br\\\/site\\\/author\\\/juliana\\\/#author\"},\"publisher\":{\"@id\":\"https:\\\/\\\/anoticiaonline.com.br\\\/site\\\/#organization\"},\"image\":{\"@type\":\"ImageObject\",\"url\":\"https:\\\/\\\/anoticiaonline.com.br\\\/site\\\/wp-content\\\/uploads\\\/2018\\\/10\\\/ELEITOS.jpg\",\"width\":1000,\"height\":350},\"datePublished\":\"2018-10-08T18:42:27-03:00\",\"dateModified\":\"2018-10-08T18:42:27-03:00\",\"inLanguage\":\"pt-BR\",\"mainEntityOfPage\":{\"@id\":\"https:\\\/\\\/anoticiaonline.com.br\\\/site\\\/confira-a-lista-dos-deputados-federais-e-estaduais-eleitos-por-minas-tres-deles-sao-de-muriae\\\/#webpage\"},\"isPartOf\":{\"@id\":\"https:\\\/\\\/anoticiaonline.com.br\\\/site\\\/confira-a-lista-dos-deputados-federais-e-estaduais-eleitos-por-minas-tres-deles-sao-de-muriae\\\/#webpage\"},\"articleSection\":\"Blog, Braulio Braz, ELEI\\u00c7\\u00d5ES 2018, minas gerais, misael varella, Muria\\u00e9, wilson batista\"},{\"@type\":\"BreadcrumbList\",\"@id\":\"https:\\\/\\\/anoticiaonline.com.br\\\/site\\\/confira-a-lista-dos-deputados-federais-e-estaduais-eleitos-por-minas-tres-deles-sao-de-muriae\\\/#breadcrumblist\",\"itemListElement\":[{\"@type\":\"ListItem\",\"@id\":\"https:\\\/\\\/anoticiaonline.com.br\\\/site#listItem\",\"position\":1,\"name\":\"Home\",\"item\":\"https:\\\/\\\/anoticiaonline.com.br\\\/site\",\"nextItem\":{\"@type\":\"ListItem\",\"@id\":\"https:\\\/\\\/anoticiaonline.com.br\\\/site\\\/categoria\\\/muriae\\\/#listItem\",\"name\":\"Blog\"}},{\"@type\":\"ListItem\",\"@id\":\"https:\\\/\\\/anoticiaonline.com.br\\\/site\\\/categoria\\\/muriae\\\/#listItem\",\"position\":2,\"name\":\"Blog\",\"item\":\"https:\\\/\\\/anoticiaonline.com.br\\\/site\\\/categoria\\\/muriae\\\/\",\"nextItem\":{\"@type\":\"ListItem\",\"@id\":\"https:\\\/\\\/anoticiaonline.com.br\\\/site\\\/confira-a-lista-dos-deputados-federais-e-estaduais-eleitos-por-minas-tres-deles-sao-de-muriae\\\/#listItem\",\"name\":\"Confira a lista dos deputados federais e estaduais eleitos por Minas. Tr\\u00eas deles s\\u00e3o de Muria\\u00e9\"},\"previousItem\":{\"@type\":\"ListItem\",\"@id\":\"https:\\\/\\\/anoticiaonline.com.br\\\/site#listItem\",\"name\":\"Home\"}},{\"@type\":\"ListItem\",\"@id\":\"https:\\\/\\\/anoticiaonline.com.br\\\/site\\\/confira-a-lista-dos-deputados-federais-e-estaduais-eleitos-por-minas-tres-deles-sao-de-muriae\\\/#listItem\",\"position\":3,\"name\":\"Confira a lista dos deputados federais e estaduais eleitos por Minas. Tr\\u00eas deles s\\u00e3o de Muria\\u00e9\",\"previousItem\":{\"@type\":\"ListItem\",\"@id\":\"https:\\\/\\\/anoticiaonline.com.br\\\/site\\\/categoria\\\/muriae\\\/#listItem\",\"name\":\"Blog\"}}]},{\"@type\":\"Organization\",\"@id\":\"https:\\\/\\\/anoticiaonline.com.br\\\/site\\\/#organization\",\"name\":\"A Not\\u00edcia Online\",\"description\":\"Noticias de Muria\\u00e9 e regi\\u00e3o\",\"url\":\"https:\\\/\\\/anoticiaonline.com.br\\\/site\\\/\",\"logo\":{\"@type\":\"ImageObject\",\"url\":\"https:\\\/\\\/scontent-gig4-1.xx.fbcdn.net\\\/v\\\/t39.30808-1\\\/270437624_4564083193639691_6907940295614233970_n.jpg?stp=dst-jpg_s200x200_tt6&_nc_cat=111&ccb=1-7&_nc_sid=f907e8&_nc_ohc=SM1wRlP3lJwQ7kNvwEPuBYA&_nc_oc=AdnqrjDN_BNjSSHWO-GbkIWH6fkGMLw4bqvL_NH6e2wMveX7G-rP2dAqsDSq1mJMOaY&_nc_zt=24&_nc_ht=scontent-gig4-1.xx&_nc_gid=AoBFJeGrT1hVaew_6rchkQ&oh=00_AfX7QmFGhQhG2jAllVgXCiM1ZrWgvtp80-Bfppyexh1QEg&oe=689E923C\",\"@id\":\"https:\\\/\\\/anoticiaonline.com.br\\\/site\\\/confira-a-lista-dos-deputados-federais-e-estaduais-eleitos-por-minas-tres-deles-sao-de-muriae\\\/#organizationLogo\"},\"image\":{\"@id\":\"https:\\\/\\\/anoticiaonline.com.br\\\/site\\\/confira-a-lista-dos-deputados-federais-e-estaduais-eleitos-por-minas-tres-deles-sao-de-muriae\\\/#organizationLogo\"}},{\"@type\":\"Person\",\"@id\":\"https:\\\/\\\/anoticiaonline.com.br\\\/site\\\/author\\\/juliana\\\/#author\",\"url\":\"https:\\\/\\\/anoticiaonline.com.br\\\/site\\\/author\\\/juliana\\\/\",\"name\":\"Juliana Laviola\",\"image\":{\"@type\":\"ImageObject\",\"@id\":\"https:\\\/\\\/anoticiaonline.com.br\\\/site\\\/confira-a-lista-dos-deputados-federais-e-estaduais-eleitos-por-minas-tres-deles-sao-de-muriae\\\/#authorImage\",\"url\":\"https:\\\/\\\/secure.gravatar.com\\\/avatar\\\/b8d45f5c699b100dfaf0e543582f38f38bf94cb7ae3a5e9abf8d891a34773335?s=96&d=mm&r=g\",\"width\":96,\"height\":96,\"caption\":\"Juliana Laviola\"}},{\"@type\":\"WebPage\",\"@id\":\"https:\\\/\\\/anoticiaonline.com.br\\\/site\\\/confira-a-lista-dos-deputados-federais-e-estaduais-eleitos-por-minas-tres-deles-sao-de-muriae\\\/#webpage\",\"url\":\"https:\\\/\\\/anoticiaonline.com.br\\\/site\\\/confira-a-lista-dos-deputados-federais-e-estaduais-eleitos-por-minas-tres-deles-sao-de-muriae\\\/\",\"name\":\"Confira a lista dos deputados federais e estaduais eleitos por Minas. Tr\\u00eas deles s\\u00e3o de Muria\\u00e9 - A Not\\u00edcia Online\",\"description\":\"No \\u00faltimo domingo (7), 53 deputados federais foram eleitos pelos mineiros para ocuparem a C\\u00e2mara em Bras\\u00edlia. Para ocuparem a Assembleia Legislativa de Minas Gerais (ALMG), 77 deputados estaduais foram eleitos. Tr\\u00eas parlamentares s\\u00e3o de Muria\\u00e9 e foram reeleitos pelo povo: o deputado federal, Misael Varella, (PSD), com 128.537 votos; o deputado estadual, Dr. Wilson\",\"inLanguage\":\"pt-BR\",\"isPartOf\":{\"@id\":\"https:\\\/\\\/anoticiaonline.com.br\\\/site\\\/#website\"},\"breadcrumb\":{\"@id\":\"https:\\\/\\\/anoticiaonline.com.br\\\/site\\\/confira-a-lista-dos-deputados-federais-e-estaduais-eleitos-por-minas-tres-deles-sao-de-muriae\\\/#breadcrumblist\"},\"author\":{\"@id\":\"https:\\\/\\\/anoticiaonline.com.br\\\/site\\\/author\\\/juliana\\\/#author\"},\"creator\":{\"@id\":\"https:\\\/\\\/anoticiaonline.com.br\\\/site\\\/author\\\/juliana\\\/#author\"},\"image\":{\"@type\":\"ImageObject\",\"url\":\"https:\\\/\\\/anoticiaonline.com.br\\\/site\\\/wp-content\\\/uploads\\\/2018\\\/10\\\/ELEITOS.jpg\",\"@id\":\"https:\\\/\\\/anoticiaonline.com.br\\\/site\\\/confira-a-lista-dos-deputados-federais-e-estaduais-eleitos-por-minas-tres-deles-sao-de-muriae\\\/#mainImage\",\"width\":1000,\"height\":350},\"primaryImageOfPage\":{\"@id\":\"https:\\\/\\\/anoticiaonline.com.br\\\/site\\\/confira-a-lista-dos-deputados-federais-e-estaduais-eleitos-por-minas-tres-deles-sao-de-muriae\\\/#mainImage\"},\"datePublished\":\"2018-10-08T18:42:27-03:00\",\"dateModified\":\"2018-10-08T18:42:27-03:00\"},{\"@type\":\"WebSite\",\"@id\":\"https:\\\/\\\/anoticiaonline.com.br\\\/site\\\/#website\",\"url\":\"https:\\\/\\\/anoticiaonline.com.br\\\/site\\\/\",\"name\":\"A Not\\u00edcia Online\",\"description\":\"Noticias de Muria\\u00e9 e regi\\u00e3o\",\"inLanguage\":\"pt-BR\",\"publisher\":{\"@id\":\"https:\\\/\\\/anoticiaonline.com.br\\\/site\\\/#organization\"}}]}\n\t\t<\/script>\n\t\t<!-- All in One SEO -->\n\n","aioseo_head_json":{"title":"Confira a lista dos deputados federais e estaduais eleitos por Minas. Tr\u00eas deles s\u00e3o de Muria\u00e9 - A Not\u00edcia Online","description":"No \u00faltimo domingo (7), 53 deputados federais foram eleitos pelos mineiros para ocuparem a C\u00e2mara em Bras\u00edlia. Para ocuparem a Assembleia Legislativa de Minas Gerais (ALMG), 77 deputados estaduais foram eleitos. Tr\u00eas parlamentares s\u00e3o de Muria\u00e9 e foram reeleitos pelo povo: o deputado federal, Misael Varella, (PSD), com 128.537 votos; o deputado estadual, Dr. Wilson","canonical_url":"https:\/\/anoticiaonline.com.br\/site\/confira-a-lista-dos-deputados-federais-e-estaduais-eleitos-por-minas-tres-deles-sao-de-muriae\/","robots":"max-image-preview:large","keywords":"","webmasterTools":{"miscellaneous":""},"schema":{"@context":"https:\/\/schema.org","@graph":[{"@type":"BlogPosting","@id":"https:\/\/anoticiaonline.com.br\/site\/confira-a-lista-dos-deputados-federais-e-estaduais-eleitos-por-minas-tres-deles-sao-de-muriae\/#blogposting","name":"Confira a lista dos deputados federais e estaduais eleitos por Minas. Tr\u00eas deles s\u00e3o de Muria\u00e9 - A Not\u00edcia Online","headline":"Confira a lista dos deputados federais e estaduais eleitos por Minas. Tr\u00eas deles s\u00e3o de Muria\u00e9","author":{"@id":"https:\/\/anoticiaonline.com.br\/site\/author\/juliana\/#author"},"publisher":{"@id":"https:\/\/anoticiaonline.com.br\/site\/#organization"},"image":{"@type":"ImageObject","url":"https:\/\/anoticiaonline.com.br\/site\/wp-content\/uploads\/2018\/10\/ELEITOS.jpg","width":1000,"height":350},"datePublished":"2018-10-08T18:42:27-03:00","dateModified":"2018-10-08T18:42:27-03:00","inLanguage":"pt-BR","mainEntityOfPage":{"@id":"https:\/\/anoticiaonline.com.br\/site\/confira-a-lista-dos-deputados-federais-e-estaduais-eleitos-por-minas-tres-deles-sao-de-muriae\/#webpage"},"isPartOf":{"@id":"https:\/\/anoticiaonline.com.br\/site\/confira-a-lista-dos-deputados-federais-e-estaduais-eleitos-por-minas-tres-deles-sao-de-muriae\/#webpage"},"articleSection":"Blog, Braulio Braz, ELEI\u00c7\u00d5ES 2018, minas gerais, misael varella, Muria\u00e9, wilson batista"},{"@type":"BreadcrumbList","@id":"https:\/\/anoticiaonline.com.br\/site\/confira-a-lista-dos-deputados-federais-e-estaduais-eleitos-por-minas-tres-deles-sao-de-muriae\/#breadcrumblist","itemListElement":[{"@type":"ListItem","@id":"https:\/\/anoticiaonline.com.br\/site#listItem","position":1,"name":"Home","item":"https:\/\/anoticiaonline.com.br\/site","nextItem":{"@type":"ListItem","@id":"https:\/\/anoticiaonline.com.br\/site\/categoria\/muriae\/#listItem","name":"Blog"}},{"@type":"ListItem","@id":"https:\/\/anoticiaonline.com.br\/site\/categoria\/muriae\/#listItem","position":2,"name":"Blog","item":"https:\/\/anoticiaonline.com.br\/site\/categoria\/muriae\/","nextItem":{"@type":"ListItem","@id":"https:\/\/anoticiaonline.com.br\/site\/confira-a-lista-dos-deputados-federais-e-estaduais-eleitos-por-minas-tres-deles-sao-de-muriae\/#listItem","name":"Confira a lista dos deputados federais e estaduais eleitos por Minas. Tr\u00eas deles s\u00e3o de Muria\u00e9"},"previousItem":{"@type":"ListItem","@id":"https:\/\/anoticiaonline.com.br\/site#listItem","name":"Home"}},{"@type":"ListItem","@id":"https:\/\/anoticiaonline.com.br\/site\/confira-a-lista-dos-deputados-federais-e-estaduais-eleitos-por-minas-tres-deles-sao-de-muriae\/#listItem","position":3,"name":"Confira a lista dos deputados federais e estaduais eleitos por Minas. Tr\u00eas deles s\u00e3o de Muria\u00e9","previousItem":{"@type":"ListItem","@id":"https:\/\/anoticiaonline.com.br\/site\/categoria\/muriae\/#listItem","name":"Blog"}}]},{"@type":"Organization","@id":"https:\/\/anoticiaonline.com.br\/site\/#organization","name":"A Not\u00edcia Online","description":"Noticias de Muria\u00e9 e regi\u00e3o","url":"https:\/\/anoticiaonline.com.br\/site\/","logo":{"@type":"ImageObject","url":"https:\/\/scontent-gig4-1.xx.fbcdn.net\/v\/t39.30808-1\/270437624_4564083193639691_6907940295614233970_n.jpg?stp=dst-jpg_s200x200_tt6&_nc_cat=111&ccb=1-7&_nc_sid=f907e8&_nc_ohc=SM1wRlP3lJwQ7kNvwEPuBYA&_nc_oc=AdnqrjDN_BNjSSHWO-GbkIWH6fkGMLw4bqvL_NH6e2wMveX7G-rP2dAqsDSq1mJMOaY&_nc_zt=24&_nc_ht=scontent-gig4-1.xx&_nc_gid=AoBFJeGrT1hVaew_6rchkQ&oh=00_AfX7QmFGhQhG2jAllVgXCiM1ZrWgvtp80-Bfppyexh1QEg&oe=689E923C","@id":"https:\/\/anoticiaonline.com.br\/site\/confira-a-lista-dos-deputados-federais-e-estaduais-eleitos-por-minas-tres-deles-sao-de-muriae\/#organizationLogo"},"image":{"@id":"https:\/\/anoticiaonline.com.br\/site\/confira-a-lista-dos-deputados-federais-e-estaduais-eleitos-por-minas-tres-deles-sao-de-muriae\/#organizationLogo"}},{"@type":"Person","@id":"https:\/\/anoticiaonline.com.br\/site\/author\/juliana\/#author","url":"https:\/\/anoticiaonline.com.br\/site\/author\/juliana\/","name":"Juliana Laviola","image":{"@type":"ImageObject","@id":"https:\/\/anoticiaonline.com.br\/site\/confira-a-lista-dos-deputados-federais-e-estaduais-eleitos-por-minas-tres-deles-sao-de-muriae\/#authorImage","url":"https:\/\/secure.gravatar.com\/avatar\/b8d45f5c699b100dfaf0e543582f38f38bf94cb7ae3a5e9abf8d891a34773335?s=96&d=mm&r=g","width":96,"height":96,"caption":"Juliana Laviola"}},{"@type":"WebPage","@id":"https:\/\/anoticiaonline.com.br\/site\/confira-a-lista-dos-deputados-federais-e-estaduais-eleitos-por-minas-tres-deles-sao-de-muriae\/#webpage","url":"https:\/\/anoticiaonline.com.br\/site\/confira-a-lista-dos-deputados-federais-e-estaduais-eleitos-por-minas-tres-deles-sao-de-muriae\/","name":"Confira a lista dos deputados federais e estaduais eleitos por Minas. Tr\u00eas deles s\u00e3o de Muria\u00e9 - A Not\u00edcia Online","description":"No \u00faltimo domingo (7), 53 deputados federais foram eleitos pelos mineiros para ocuparem a C\u00e2mara em Bras\u00edlia. Para ocuparem a Assembleia Legislativa de Minas Gerais (ALMG), 77 deputados estaduais foram eleitos. Tr\u00eas parlamentares s\u00e3o de Muria\u00e9 e foram reeleitos pelo povo: o deputado federal, Misael Varella, (PSD), com 128.537 votos; o deputado estadual, Dr. Wilson","inLanguage":"pt-BR","isPartOf":{"@id":"https:\/\/anoticiaonline.com.br\/site\/#website"},"breadcrumb":{"@id":"https:\/\/anoticiaonline.com.br\/site\/confira-a-lista-dos-deputados-federais-e-estaduais-eleitos-por-minas-tres-deles-sao-de-muriae\/#breadcrumblist"},"author":{"@id":"https:\/\/anoticiaonline.com.br\/site\/author\/juliana\/#author"},"creator":{"@id":"https:\/\/anoticiaonline.com.br\/site\/author\/juliana\/#author"},"image":{"@type":"ImageObject","url":"https:\/\/anoticiaonline.com.br\/site\/wp-content\/uploads\/2018\/10\/ELEITOS.jpg","@id":"https:\/\/anoticiaonline.com.br\/site\/confira-a-lista-dos-deputados-federais-e-estaduais-eleitos-por-minas-tres-deles-sao-de-muriae\/#mainImage","width":1000,"height":350},"primaryImageOfPage":{"@id":"https:\/\/anoticiaonline.com.br\/site\/confira-a-lista-dos-deputados-federais-e-estaduais-eleitos-por-minas-tres-deles-sao-de-muriae\/#mainImage"},"datePublished":"2018-10-08T18:42:27-03:00","dateModified":"2018-10-08T18:42:27-03:00"},{"@type":"WebSite","@id":"https:\/\/anoticiaonline.com.br\/site\/#website","url":"https:\/\/anoticiaonline.com.br\/site\/","name":"A Not\u00edcia Online","description":"Noticias de Muria\u00e9 e regi\u00e3o","inLanguage":"pt-BR","publisher":{"@id":"https:\/\/anoticiaonline.com.br\/site\/#organization"}}]},"og:locale":"pt_BR","og:site_name":"A Not\u00edcia Online - Noticias de Muria\u00e9 e regi\u00e3o","og:type":"article","og:title":"Confira a lista dos deputados federais e estaduais eleitos por Minas. Tr\u00eas deles s\u00e3o de Muria\u00e9 - A Not\u00edcia Online","og:description":"No \u00faltimo domingo (7), 53 deputados federais foram eleitos pelos mineiros para ocuparem a C\u00e2mara em Bras\u00edlia. Para ocuparem a Assembleia Legislativa de Minas Gerais (ALMG), 77 deputados estaduais foram eleitos. Tr\u00eas parlamentares s\u00e3o de Muria\u00e9 e foram reeleitos pelo povo: o deputado federal, Misael Varella, (PSD), com 128.537 votos; o deputado estadual, Dr. Wilson","og:url":"https:\/\/anoticiaonline.com.br\/site\/confira-a-lista-dos-deputados-federais-e-estaduais-eleitos-por-minas-tres-deles-sao-de-muriae\/","og:image":"https:\/\/scontent-gig4-1.xx.fbcdn.net\/v\/t39.30808-1\/270437624_4564083193639691_6907940295614233970_n.jpg?stp=dst-jpg_s200x200_tt6&#038;_nc_cat=111&#038;ccb=1-7&#038;_nc_sid=f907e8&#038;_nc_ohc=SM1wRlP3lJwQ7kNvwEPuBYA&#038;_nc_oc=AdnqrjDN_BNjSSHWO-GbkIWH6fkGMLw4bqvL_NH6e2wMveX7G-rP2dAqsDSq1mJMOaY&#038;_nc_zt=24&#038;_nc_ht=scontent-gig4-1.xx&#038;_nc_gid=AoBFJeGrT1hVaew_6rchkQ&#038;oh=00_AfX7QmFGhQhG2jAllVgXCiM1ZrWgvtp80-Bfppyexh1QEg&#038;oe=689E923C","og:image:secure_url":"https:\/\/scontent-gig4-1.xx.fbcdn.net\/v\/t39.30808-1\/270437624_4564083193639691_6907940295614233970_n.jpg?stp=dst-jpg_s200x200_tt6&#038;_nc_cat=111&#038;ccb=1-7&#038;_nc_sid=f907e8&#038;_nc_ohc=SM1wRlP3lJwQ7kNvwEPuBYA&#038;_nc_oc=AdnqrjDN_BNjSSHWO-GbkIWH6fkGMLw4bqvL_NH6e2wMveX7G-rP2dAqsDSq1mJMOaY&#038;_nc_zt=24&#038;_nc_ht=scontent-gig4-1.xx&#038;_nc_gid=AoBFJeGrT1hVaew_6rchkQ&#038;oh=00_AfX7QmFGhQhG2jAllVgXCiM1ZrWgvtp80-Bfppyexh1QEg&#038;oe=689E923C","article:published_time":"2018-10-08T21:42:27+00:00","article:modified_time":"2018-10-08T21:42:27+00:00","twitter:card":"summary_large_image","twitter:title":"Confira a lista dos deputados federais e estaduais eleitos por Minas. Tr\u00eas deles s\u00e3o de Muria\u00e9 - A Not\u00edcia Online","twitter:description":"No \u00faltimo domingo (7), 53 deputados federais foram eleitos pelos mineiros para ocuparem a C\u00e2mara em Bras\u00edlia. Para ocuparem a Assembleia Legislativa de Minas Gerais (ALMG), 77 deputados estaduais foram eleitos. Tr\u00eas parlamentares s\u00e3o de Muria\u00e9 e foram reeleitos pelo povo: o deputado federal, Misael Varella, (PSD), com 128.537 votos; o deputado estadual, Dr. Wilson","twitter:image":"https:\/\/scontent-gig4-1.xx.fbcdn.net\/v\/t39.30808-1\/270437624_4564083193639691_6907940295614233970_n.jpg?stp=dst-jpg_s200x200_tt6&_nc_cat=111&ccb=1-7&_nc_sid=f907e8&_nc_ohc=SM1wRlP3lJwQ7kNvwEPuBYA&_nc_oc=AdnqrjDN_BNjSSHWO-GbkIWH6fkGMLw4bqvL_NH6e2wMveX7G-rP2dAqsDSq1mJMOaY&_nc_zt=24&_nc_ht=scontent-gig4-1.xx&_nc_gid=AoBFJeGrT1hVaew_6rchkQ&oh=00_AfX7QmFGhQhG2jAllVgXCiM1ZrWgvtp80-Bfppyexh1QEg&oe=689E923C"},"aioseo_meta_data":{"post_id":"62728","title":null,"description":null,"keywords":null,"keyphrases":null,"primary_term":null,"canonical_url":null,"og_title":null,"og_description":null,"og_object_type":"default","og_image_type":"default","og_image_url":null,"og_image_width":null,"og_image_height":null,"og_image_custom_url":null,"og_image_custom_fields":null,"og_video":null,"og_custom_url":null,"og_article_section":null,"og_article_tags":null,"twitter_use_og":false,"twitter_card":"default","twitter_image_type":"default","twitter_image_url":null,"twitter_image_custom_url":null,"twitter_image_custom_fields":null,"twitter_title":null,"twitter_description":null,"schema":{"blockGraphs":[],"customGraphs":[],"default":{"data":{"Article":[],"Course":[],"Dataset":[],"FAQPage":[],"Movie":[],"Person":[],"Product":[],"ProductReview":[],"Car":[],"Recipe":[],"Service":[],"SoftwareApplication":[],"WebPage":[]},"graphName":"","isEnabled":true},"graphs":[]},"schema_type":"default","schema_type_options":null,"pillar_content":false,"robots_default":true,"robots_noindex":false,"robots_noarchive":false,"robots_nosnippet":false,"robots_nofollow":false,"robots_noimageindex":false,"robots_noodp":false,"robots_notranslate":false,"robots_max_snippet":null,"robots_max_videopreview":null,"robots_max_imagepreview":"large","priority":null,"frequency":null,"local_seo":null,"breadcrumb_settings":null,"limit_modified_date":false,"ai":null,"created":"2025-08-16 21:49:32","updated":"2025-08-16 21:49:32","focus_keyword":null,"additional_keywords":null,"truseo_locale":null,"seo_analyzer_scan_date":null},"aioseo_breadcrumb":"<div class=\"aioseo-breadcrumbs\"><span class=\"aioseo-breadcrumb\">\n\t\t\t<a href=\"https:\/\/anoticiaonline.com.br\/site\" title=\"Home\">Home<\/a>\n\t\t<\/span><span class=\"aioseo-breadcrumb-separator\">&raquo;<\/span><span class=\"aioseo-breadcrumb\">\n\t\t\t<a href=\"https:\/\/anoticiaonline.com.br\/site\/categoria\/muriae\/\" title=\"Blog\">Blog<\/a>\n\t\t<\/span><span class=\"aioseo-breadcrumb-separator\">&raquo;<\/span><span class=\"aioseo-breadcrumb\">\n\t\t\tConfira a lista dos deputados federais e estaduais eleitos por Minas. Tr\u00eas deles s\u00e3o de Muria\u00e9\n\t\t<\/span><\/div>","aioseo_breadcrumb_json":[{"label":"Home","link":"https:\/\/anoticiaonline.com.br\/site"},{"label":"Blog","link":"https:\/\/anoticiaonline.com.br\/site\/categoria\/muriae\/"},{"label":"Confira a lista dos deputados federais e estaduais eleitos por Minas. Tr\u00eas deles s\u00e3o de Muria\u00e9","link":"https:\/\/anoticiaonline.com.br\/site\/confira-a-lista-dos-deputados-federais-e-estaduais-eleitos-por-minas-tres-deles-sao-de-muriae\/"}],"views":239,"_links":{"self":[{"href":"https:\/\/anoticiaonline.com.br\/site\/wp-json\/wp\/v2\/posts\/62728","targetHints":{"allow":["GET"]}}],"collection":[{"href":"https:\/\/anoticiaonline.com.br\/site\/wp-json\/wp\/v2\/posts"}],"about":[{"href":"https:\/\/anoticiaonline.com.br\/site\/wp-json\/wp\/v2\/types\/post"}],"author":[{"embeddable":true,"href":"https:\/\/anoticiaonline.com.br\/site\/wp-json\/wp\/v2\/users\/2"}],"replies":[{"embeddable":true,"href":"https:\/\/anoticiaonline.com.br\/site\/wp-json\/wp\/v2\/comments?post=62728"}],"version-history":[{"count":0,"href":"https:\/\/anoticiaonline.com.br\/site\/wp-json\/wp\/v2\/posts\/62728\/revisions"}],"wp:featuredmedia":[{"embeddable":true,"href":"https:\/\/anoticiaonline.com.br\/site\/wp-json\/wp\/v2\/media\/62735"}],"wp:attachment":[{"href":"https:\/\/anoticiaonline.com.br\/site\/wp-json\/wp\/v2\/media?parent=62728"}],"wp:term":[{"taxonomy":"category","embeddable":true,"href":"https:\/\/anoticiaonline.com.br\/site\/wp-json\/wp\/v2\/categories?post=62728"},{"taxonomy":"post_tag","embeddable":true,"href":"https:\/\/anoticiaonline.com.br\/site\/wp-json\/wp\/v2\/tags?post=62728"}],"curies":[{"name":"wp","href":"https:\/\/api.w.org\/{rel}","templated":true}]}}