{"id":62669,"date":"2018-10-04T19:12:51","date_gmt":"2018-10-04T22:12:51","guid":{"rendered":"http:\/\/anoticiaonline.com.br\/site\/?p=62669"},"modified":"2018-10-04T19:12:51","modified_gmt":"2018-10-04T22:12:51","slug":"luiz-jabor-convida-para-o-lancamento-de-seu-livro-ventos-de-luz","status":"publish","type":"post","link":"https:\/\/anoticiaonline.com.br\/site\/luiz-jabor-convida-para-o-lancamento-de-seu-livro-ventos-de-luz\/","title":{"rendered":"Luiz Jab\u00f4r convida para o lan\u00e7amento de seu livro \u201cVentos de Luz\u201d"},"content":{"rendered":"<p>Luiz Ant\u00f4nio Jab\u00f4r Campos convida todos os muriaeenses para o lan\u00e7amento de seu livro \u201cVentos de Luz\u201d, que acontecer\u00e1 no dia 11 de outubro, a partir das 20h, no Teatro Zaccaria Marques. No local, haver\u00e1 sess\u00e3o de aut\u00f3grafos e venda dos exemplares pelo valor promocional de R$15.<\/p>\n<p><a href=\"https:\/\/anoticiaonline.com.br\/site\/wp-content\/uploads\/2018\/10\/Luiz-Jab\u00f4r-convida-para-o-lan\u00e7amento-de-seu-livro-\u201cVentos-de-Luz\u201d.jpeg\"><img fetchpriority=\"high\" decoding=\"async\" class=\"alignnone size-full wp-image-62670\" src=\"https:\/\/anoticiaonline.com.br\/site\/wp-content\/uploads\/2018\/10\/Luiz-Jab\u00f4r-convida-para-o-lan\u00e7amento-de-seu-livro-\u201cVentos-de-Luz\u201d.jpeg\" alt=\"\" width=\"945\" height=\"667\" srcset=\"https:\/\/anoticiaonline.com.br\/site\/wp-content\/uploads\/2018\/10\/Luiz-Jab\u00f4r-convida-para-o-lan\u00e7amento-de-seu-livro-\u201cVentos-de-Luz\u201d.jpeg 945w, https:\/\/anoticiaonline.com.br\/site\/wp-content\/uploads\/2018\/10\/Luiz-Jab\u00f4r-convida-para-o-lan\u00e7amento-de-seu-livro-\u201cVentos-de-Luz\u201d-300x212.jpeg 300w, https:\/\/anoticiaonline.com.br\/site\/wp-content\/uploads\/2018\/10\/Luiz-Jab\u00f4r-convida-para-o-lan\u00e7amento-de-seu-livro-\u201cVentos-de-Luz\u201d-768x542.jpeg 768w\" sizes=\"(max-width: 945px) 100vw, 945px\" \/><\/a><\/p>\n<p>Durante entrevista ao jornal A Not\u00edcia, Luiz Jab\u00f4r disse que \u201cVentos de Luz\u201d trata-se de um livro de autoajuda, com diversas mensagens ao leitor, que podem ser utilizadas durante momentos de reflex\u00e3o nos per\u00edodos tristes, alegres e at\u00e9 nos mais delicados da vida.<\/p>\n<p>\u201cO nome \u2018Ventos de Luz\u2019 deve-se porque o livro tem como objetivo levar a esperan\u00e7a na vida das pessoas, atrav\u00e9s de curtas mensagens, que permitem o leitor a alcan\u00e7ar a harmonia, a sintonia com Jesus e o despertar para uma nova realidade da vida e dos fatos, j\u00e1 que o sofrimento e a dor n\u00e3o s\u00e3o exclusivos para um ou outro ser humano. Este \u00e9 o meu primeiro livro publicado, mas em breve, ser\u00e1 lan\u00e7ado o segundo volume com outras 288 outras mensagens, mesma quantidade das inseridas neste primeiro\u201d, conta.<\/p>\n<p>Luiz, que n\u00e3o se considera um escritor, diz ainda que, al\u00e9m do segundo volume de Ventos de Luz, livro que contou com a colabora\u00e7\u00e3o de uma corretora ortogr\u00e1fica e de um diagramador, pretende publicar \u201cEncontros e Desencontros\u201d. \u201cTrata-se de um projeto futuro. As palavras v\u00e3o surgindo e vou escrevendo\u201d.<\/p>\n<p>Aqueles que n\u00e3o puderem comparecer ao lan\u00e7amento de \u201cVentos de Luz\u201d, poder\u00e3o garantir seu exemplar por R$20, nas tr\u00eas lojas O Botic\u00e1rio, de Muria\u00e9. Parte dos recursos das vendas ser\u00e1 destinada para a aquisi\u00e7\u00e3o de sextas b\u00e1sicas que ser\u00e3o distribu\u00eddas pelo grupo esp\u00edrita Amor ao Pr\u00f3ximo, no qual Luiz faz parte.<\/p>\n<p><a href=\"https:\/\/anoticiaonline.com.br\/site\/wp-content\/uploads\/2018\/10\/Luiz-Jab\u00f4r-convida-para-o-lan\u00e7amento-de-seu-livro-\u201cVentos-de-Luz\u201d-2.jpg\"><img decoding=\"async\" class=\"alignnone size-full wp-image-62671\" src=\"https:\/\/anoticiaonline.com.br\/site\/wp-content\/uploads\/2018\/10\/Luiz-Jab\u00f4r-convida-para-o-lan\u00e7amento-de-seu-livro-\u201cVentos-de-Luz\u201d-2.jpg\" alt=\"\" width=\"1000\" height=\"667\" srcset=\"https:\/\/anoticiaonline.com.br\/site\/wp-content\/uploads\/2018\/10\/Luiz-Jab\u00f4r-convida-para-o-lan\u00e7amento-de-seu-livro-\u201cVentos-de-Luz\u201d-2.jpg 1000w, https:\/\/anoticiaonline.com.br\/site\/wp-content\/uploads\/2018\/10\/Luiz-Jab\u00f4r-convida-para-o-lan\u00e7amento-de-seu-livro-\u201cVentos-de-Luz\u201d-2-300x200.jpg 300w, https:\/\/anoticiaonline.com.br\/site\/wp-content\/uploads\/2018\/10\/Luiz-Jab\u00f4r-convida-para-o-lan\u00e7amento-de-seu-livro-\u201cVentos-de-Luz\u201d-2-768x512.jpg 768w\" sizes=\"(max-width: 1000px) 100vw, 1000px\" \/><\/a><\/p>\n","protected":false},"excerpt":{"rendered":"<p>Luiz Ant\u00f4nio Jab\u00f4r Campos convida todos os muriaeenses para o lan\u00e7amento de seu livro \u201cVentos de Luz\u201d, que acontecer\u00e1 no dia 11 de outubro, a partir das 20h, no Teatro Zaccaria Marques. No local, haver\u00e1 sess\u00e3o de aut\u00f3grafos e venda dos exemplares pelo valor promocional de R$15. Durante entrevista ao jornal A Not\u00edcia, Luiz Jab\u00f4r &#8230; <a title=\"Luiz Jab\u00f4r convida para o lan\u00e7amento de seu livro \u201cVentos de Luz\u201d\" class=\"read-more\" href=\"https:\/\/anoticiaonline.com.br\/site\/luiz-jabor-convida-para-o-lancamento-de-seu-livro-ventos-de-luz\/\" aria-label=\"Read more about Luiz Jab\u00f4r convida para o lan\u00e7amento de seu livro \u201cVentos de Luz\u201d\">Ler mais<\/a><\/p>\n","protected":false},"author":2,"featured_media":62671,"comment_status":"open","ping_status":"open","sticky":false,"template":"","format":"standard","meta":{"_acf_changed":false,"_monsterinsights_skip_tracking":false,"footnotes":""},"categories":[30,2893,19],"tags":[64,215,216,74],"class_list":["post-62669","post","type-post","status-publish","format-standard","has-post-thumbnail","hentry","category-muriae","category-cotidiano","category-cultura","tag-cultura","tag-lancamento","tag-livro","tag-muriae"],"acf":[],"aioseo_notices":[],"aioseo_head":"\n\t\t<!-- All in One SEO 5.0.0.1 - aioseo.com -->\n\t<meta name=\"description\" content=\"Luiz Ant\u00f4nio Jab\u00f4r Campos convida todos os muriaeenses para o lan\u00e7amento de seu livro \u201cVentos de Luz\u201d, que acontecer\u00e1 no dia 11 de outubro, a partir das 20h, no Teatro Zaccaria Marques. No local, haver\u00e1 sess\u00e3o de aut\u00f3grafos e venda dos exemplares pelo valor promocional de R$15. Durante entrevista ao jornal A Not\u00edcia, Luiz Jab\u00f4r\" \/>\n\t<meta name=\"robots\" content=\"max-image-preview:large\" \/>\n\t<meta name=\"author\" content=\"Juliana Laviola\"\/>\n\t<link rel=\"canonical\" href=\"https:\/\/anoticiaonline.com.br\/site\/luiz-jabor-convida-para-o-lancamento-de-seu-livro-ventos-de-luz\/\" \/>\n\t<meta name=\"generator\" content=\"All in One SEO (AIOSEO) 5.0.0.1\" \/>\n\t\t<meta property=\"og:locale\" content=\"pt_BR\" \/>\n\t\t<meta property=\"og:site_name\" content=\"A Not\u00edcia Online - Noticias de Muria\u00e9 e regi\u00e3o\" \/>\n\t\t<meta property=\"og:type\" content=\"article\" \/>\n\t\t<meta property=\"og:title\" content=\"Luiz Jab\u00f4r convida para o lan\u00e7amento de seu livro \u201cVentos de Luz\u201d - A Not\u00edcia Online\" \/>\n\t\t<meta property=\"og:description\" content=\"Luiz Ant\u00f4nio Jab\u00f4r Campos convida todos os muriaeenses para o lan\u00e7amento de seu livro \u201cVentos de Luz\u201d, que acontecer\u00e1 no dia 11 de outubro, a partir das 20h, no Teatro Zaccaria Marques. No local, haver\u00e1 sess\u00e3o de aut\u00f3grafos e venda dos exemplares pelo valor promocional de R$15. Durante entrevista ao jornal A Not\u00edcia, Luiz Jab\u00f4r\" \/>\n\t\t<meta property=\"og:url\" content=\"https:\/\/anoticiaonline.com.br\/site\/luiz-jabor-convida-para-o-lancamento-de-seu-livro-ventos-de-luz\/\" \/>\n\t\t<meta property=\"og:image\" content=\"https:\/\/scontent-gig4-1.xx.fbcdn.net\/v\/t39.30808-1\/270437624_4564083193639691_6907940295614233970_n.jpg?stp=dst-jpg_s200x200_tt6&#038;_nc_cat=111&#038;ccb=1-7&#038;_nc_sid=f907e8&#038;_nc_ohc=SM1wRlP3lJwQ7kNvwEPuBYA&#038;_nc_oc=AdnqrjDN_BNjSSHWO-GbkIWH6fkGMLw4bqvL_NH6e2wMveX7G-rP2dAqsDSq1mJMOaY&#038;_nc_zt=24&#038;_nc_ht=scontent-gig4-1.xx&#038;_nc_gid=AoBFJeGrT1hVaew_6rchkQ&#038;oh=00_AfX7QmFGhQhG2jAllVgXCiM1ZrWgvtp80-Bfppyexh1QEg&#038;oe=689E923C\" \/>\n\t\t<meta property=\"og:image:secure_url\" content=\"https:\/\/scontent-gig4-1.xx.fbcdn.net\/v\/t39.30808-1\/270437624_4564083193639691_6907940295614233970_n.jpg?stp=dst-jpg_s200x200_tt6&#038;_nc_cat=111&#038;ccb=1-7&#038;_nc_sid=f907e8&#038;_nc_ohc=SM1wRlP3lJwQ7kNvwEPuBYA&#038;_nc_oc=AdnqrjDN_BNjSSHWO-GbkIWH6fkGMLw4bqvL_NH6e2wMveX7G-rP2dAqsDSq1mJMOaY&#038;_nc_zt=24&#038;_nc_ht=scontent-gig4-1.xx&#038;_nc_gid=AoBFJeGrT1hVaew_6rchkQ&#038;oh=00_AfX7QmFGhQhG2jAllVgXCiM1ZrWgvtp80-Bfppyexh1QEg&#038;oe=689E923C\" \/>\n\t\t<meta property=\"article:published_time\" content=\"2018-10-04T22:12:51+00:00\" \/>\n\t\t<meta property=\"article:modified_time\" content=\"2018-10-04T22:12:51+00:00\" \/>\n\t\t<meta name=\"twitter:card\" content=\"summary_large_image\" \/>\n\t\t<meta name=\"twitter:title\" content=\"Luiz Jab\u00f4r convida para o lan\u00e7amento de seu livro \u201cVentos de Luz\u201d - A Not\u00edcia Online\" \/>\n\t\t<meta name=\"twitter:description\" content=\"Luiz Ant\u00f4nio Jab\u00f4r Campos convida todos os muriaeenses para o lan\u00e7amento de seu livro \u201cVentos de Luz\u201d, que acontecer\u00e1 no dia 11 de outubro, a partir das 20h, no Teatro Zaccaria Marques. No local, haver\u00e1 sess\u00e3o de aut\u00f3grafos e venda dos exemplares pelo valor promocional de R$15. Durante entrevista ao jornal A Not\u00edcia, Luiz Jab\u00f4r\" \/>\n\t\t<meta name=\"twitter:image\" content=\"https:\/\/scontent-gig4-1.xx.fbcdn.net\/v\/t39.30808-1\/270437624_4564083193639691_6907940295614233970_n.jpg?stp=dst-jpg_s200x200_tt6&amp;_nc_cat=111&amp;ccb=1-7&amp;_nc_sid=f907e8&amp;_nc_ohc=SM1wRlP3lJwQ7kNvwEPuBYA&amp;_nc_oc=AdnqrjDN_BNjSSHWO-GbkIWH6fkGMLw4bqvL_NH6e2wMveX7G-rP2dAqsDSq1mJMOaY&amp;_nc_zt=24&amp;_nc_ht=scontent-gig4-1.xx&amp;_nc_gid=AoBFJeGrT1hVaew_6rchkQ&amp;oh=00_AfX7QmFGhQhG2jAllVgXCiM1ZrWgvtp80-Bfppyexh1QEg&amp;oe=689E923C\" \/>\n\t\t<script type=\"application\/ld+json\" class=\"aioseo-schema\">\n\t\t\t{\"@context\":\"https:\\\/\\\/schema.org\",\"@graph\":[{\"@type\":\"BlogPosting\",\"@id\":\"https:\\\/\\\/anoticiaonline.com.br\\\/site\\\/luiz-jabor-convida-para-o-lancamento-de-seu-livro-ventos-de-luz\\\/#blogposting\",\"name\":\"Luiz Jab\\u00f4r convida para o lan\\u00e7amento de seu livro \\u201cVentos de Luz\\u201d - A Not\\u00edcia Online\",\"headline\":\"Luiz Jab\\u00f4r convida para o lan\\u00e7amento de seu livro \\u201cVentos de Luz\\u201d\",\"author\":{\"@id\":\"https:\\\/\\\/anoticiaonline.com.br\\\/site\\\/author\\\/juliana\\\/#author\"},\"publisher\":{\"@id\":\"https:\\\/\\\/anoticiaonline.com.br\\\/site\\\/#organization\"},\"image\":{\"@type\":\"ImageObject\",\"url\":\"https:\\\/\\\/anoticiaonline.com.br\\\/site\\\/wp-content\\\/uploads\\\/2018\\\/10\\\/Luiz-Jab\\u00f4r-convida-para-o-lan\\u00e7amento-de-seu-livro-\\u201cVentos-de-Luz\\u201d-2.jpg\",\"width\":1000,\"height\":667},\"datePublished\":\"2018-10-04T19:12:51-03:00\",\"dateModified\":\"2018-10-04T19:12:51-03:00\",\"inLanguage\":\"pt-BR\",\"mainEntityOfPage\":{\"@id\":\"https:\\\/\\\/anoticiaonline.com.br\\\/site\\\/luiz-jabor-convida-para-o-lancamento-de-seu-livro-ventos-de-luz\\\/#webpage\"},\"isPartOf\":{\"@id\":\"https:\\\/\\\/anoticiaonline.com.br\\\/site\\\/luiz-jabor-convida-para-o-lancamento-de-seu-livro-ventos-de-luz\\\/#webpage\"},\"articleSection\":\"Blog, Cotidiano, Cultura, cultura, lan\\u00e7amento, livro, Muria\\u00e9\"},{\"@type\":\"BreadcrumbList\",\"@id\":\"https:\\\/\\\/anoticiaonline.com.br\\\/site\\\/luiz-jabor-convida-para-o-lancamento-de-seu-livro-ventos-de-luz\\\/#breadcrumblist\",\"itemListElement\":[{\"@type\":\"ListItem\",\"@id\":\"https:\\\/\\\/anoticiaonline.com.br\\\/site#listItem\",\"position\":1,\"name\":\"Home\",\"item\":\"https:\\\/\\\/anoticiaonline.com.br\\\/site\",\"nextItem\":{\"@type\":\"ListItem\",\"@id\":\"https:\\\/\\\/anoticiaonline.com.br\\\/site\\\/categoria\\\/muriae\\\/#listItem\",\"name\":\"Blog\"}},{\"@type\":\"ListItem\",\"@id\":\"https:\\\/\\\/anoticiaonline.com.br\\\/site\\\/categoria\\\/muriae\\\/#listItem\",\"position\":2,\"name\":\"Blog\",\"item\":\"https:\\\/\\\/anoticiaonline.com.br\\\/site\\\/categoria\\\/muriae\\\/\",\"nextItem\":{\"@type\":\"ListItem\",\"@id\":\"https:\\\/\\\/anoticiaonline.com.br\\\/site\\\/categoria\\\/muriae\\\/cultura\\\/#listItem\",\"name\":\"Cultura\"},\"previousItem\":{\"@type\":\"ListItem\",\"@id\":\"https:\\\/\\\/anoticiaonline.com.br\\\/site#listItem\",\"name\":\"Home\"}},{\"@type\":\"ListItem\",\"@id\":\"https:\\\/\\\/anoticiaonline.com.br\\\/site\\\/categoria\\\/muriae\\\/cultura\\\/#listItem\",\"position\":3,\"name\":\"Cultura\",\"item\":\"https:\\\/\\\/anoticiaonline.com.br\\\/site\\\/categoria\\\/muriae\\\/cultura\\\/\",\"nextItem\":{\"@type\":\"ListItem\",\"@id\":\"https:\\\/\\\/anoticiaonline.com.br\\\/site\\\/luiz-jabor-convida-para-o-lancamento-de-seu-livro-ventos-de-luz\\\/#listItem\",\"name\":\"Luiz Jab\\u00f4r convida para o lan\\u00e7amento de seu livro \\u201cVentos de Luz\\u201d\"},\"previousItem\":{\"@type\":\"ListItem\",\"@id\":\"https:\\\/\\\/anoticiaonline.com.br\\\/site\\\/categoria\\\/muriae\\\/#listItem\",\"name\":\"Blog\"}},{\"@type\":\"ListItem\",\"@id\":\"https:\\\/\\\/anoticiaonline.com.br\\\/site\\\/luiz-jabor-convida-para-o-lancamento-de-seu-livro-ventos-de-luz\\\/#listItem\",\"position\":4,\"name\":\"Luiz Jab\\u00f4r convida para o lan\\u00e7amento de seu livro \\u201cVentos de Luz\\u201d\",\"previousItem\":{\"@type\":\"ListItem\",\"@id\":\"https:\\\/\\\/anoticiaonline.com.br\\\/site\\\/categoria\\\/muriae\\\/cultura\\\/#listItem\",\"name\":\"Cultura\"}}]},{\"@type\":\"Organization\",\"@id\":\"https:\\\/\\\/anoticiaonline.com.br\\\/site\\\/#organization\",\"name\":\"A Not\\u00edcia Online\",\"description\":\"Noticias de Muria\\u00e9 e regi\\u00e3o\",\"url\":\"https:\\\/\\\/anoticiaonline.com.br\\\/site\\\/\",\"logo\":{\"@type\":\"ImageObject\",\"url\":\"https:\\\/\\\/scontent-gig4-1.xx.fbcdn.net\\\/v\\\/t39.30808-1\\\/270437624_4564083193639691_6907940295614233970_n.jpg?stp=dst-jpg_s200x200_tt6&_nc_cat=111&ccb=1-7&_nc_sid=f907e8&_nc_ohc=SM1wRlP3lJwQ7kNvwEPuBYA&_nc_oc=AdnqrjDN_BNjSSHWO-GbkIWH6fkGMLw4bqvL_NH6e2wMveX7G-rP2dAqsDSq1mJMOaY&_nc_zt=24&_nc_ht=scontent-gig4-1.xx&_nc_gid=AoBFJeGrT1hVaew_6rchkQ&oh=00_AfX7QmFGhQhG2jAllVgXCiM1ZrWgvtp80-Bfppyexh1QEg&oe=689E923C\",\"@id\":\"https:\\\/\\\/anoticiaonline.com.br\\\/site\\\/luiz-jabor-convida-para-o-lancamento-de-seu-livro-ventos-de-luz\\\/#organizationLogo\"},\"image\":{\"@id\":\"https:\\\/\\\/anoticiaonline.com.br\\\/site\\\/luiz-jabor-convida-para-o-lancamento-de-seu-livro-ventos-de-luz\\\/#organizationLogo\"}},{\"@type\":\"Person\",\"@id\":\"https:\\\/\\\/anoticiaonline.com.br\\\/site\\\/author\\\/juliana\\\/#author\",\"url\":\"https:\\\/\\\/anoticiaonline.com.br\\\/site\\\/author\\\/juliana\\\/\",\"name\":\"Juliana Laviola\",\"image\":{\"@type\":\"ImageObject\",\"@id\":\"https:\\\/\\\/anoticiaonline.com.br\\\/site\\\/luiz-jabor-convida-para-o-lancamento-de-seu-livro-ventos-de-luz\\\/#authorImage\",\"url\":\"https:\\\/\\\/secure.gravatar.com\\\/avatar\\\/b8d45f5c699b100dfaf0e543582f38f38bf94cb7ae3a5e9abf8d891a34773335?s=96&d=mm&r=g\",\"width\":96,\"height\":96,\"caption\":\"Juliana Laviola\"}},{\"@type\":\"WebPage\",\"@id\":\"https:\\\/\\\/anoticiaonline.com.br\\\/site\\\/luiz-jabor-convida-para-o-lancamento-de-seu-livro-ventos-de-luz\\\/#webpage\",\"url\":\"https:\\\/\\\/anoticiaonline.com.br\\\/site\\\/luiz-jabor-convida-para-o-lancamento-de-seu-livro-ventos-de-luz\\\/\",\"name\":\"Luiz Jab\\u00f4r convida para o lan\\u00e7amento de seu livro \\u201cVentos de Luz\\u201d - A Not\\u00edcia Online\",\"description\":\"Luiz Ant\\u00f4nio Jab\\u00f4r Campos convida todos os muriaeenses para o lan\\u00e7amento de seu livro \\u201cVentos de Luz\\u201d, que acontecer\\u00e1 no dia 11 de outubro, a partir das 20h, no Teatro Zaccaria Marques. No local, haver\\u00e1 sess\\u00e3o de aut\\u00f3grafos e venda dos exemplares pelo valor promocional de R$15. Durante entrevista ao jornal A Not\\u00edcia, Luiz Jab\\u00f4r\",\"inLanguage\":\"pt-BR\",\"isPartOf\":{\"@id\":\"https:\\\/\\\/anoticiaonline.com.br\\\/site\\\/#website\"},\"breadcrumb\":{\"@id\":\"https:\\\/\\\/anoticiaonline.com.br\\\/site\\\/luiz-jabor-convida-para-o-lancamento-de-seu-livro-ventos-de-luz\\\/#breadcrumblist\"},\"author\":{\"@id\":\"https:\\\/\\\/anoticiaonline.com.br\\\/site\\\/author\\\/juliana\\\/#author\"},\"creator\":{\"@id\":\"https:\\\/\\\/anoticiaonline.com.br\\\/site\\\/author\\\/juliana\\\/#author\"},\"image\":{\"@type\":\"ImageObject\",\"url\":\"https:\\\/\\\/anoticiaonline.com.br\\\/site\\\/wp-content\\\/uploads\\\/2018\\\/10\\\/Luiz-Jab\\u00f4r-convida-para-o-lan\\u00e7amento-de-seu-livro-\\u201cVentos-de-Luz\\u201d-2.jpg\",\"@id\":\"https:\\\/\\\/anoticiaonline.com.br\\\/site\\\/luiz-jabor-convida-para-o-lancamento-de-seu-livro-ventos-de-luz\\\/#mainImage\",\"width\":1000,\"height\":667},\"primaryImageOfPage\":{\"@id\":\"https:\\\/\\\/anoticiaonline.com.br\\\/site\\\/luiz-jabor-convida-para-o-lancamento-de-seu-livro-ventos-de-luz\\\/#mainImage\"},\"datePublished\":\"2018-10-04T19:12:51-03:00\",\"dateModified\":\"2018-10-04T19:12:51-03:00\"},{\"@type\":\"WebSite\",\"@id\":\"https:\\\/\\\/anoticiaonline.com.br\\\/site\\\/#website\",\"url\":\"https:\\\/\\\/anoticiaonline.com.br\\\/site\\\/\",\"name\":\"A Not\\u00edcia Online\",\"description\":\"Noticias de Muria\\u00e9 e regi\\u00e3o\",\"inLanguage\":\"pt-BR\",\"publisher\":{\"@id\":\"https:\\\/\\\/anoticiaonline.com.br\\\/site\\\/#organization\"}}]}\n\t\t<\/script>\n\t\t<!-- All in One SEO -->\n\n","aioseo_head_json":{"title":"Luiz Jab\u00f4r convida para o lan\u00e7amento de seu livro \u201cVentos de Luz\u201d - A Not\u00edcia Online","description":"Luiz Ant\u00f4nio Jab\u00f4r Campos convida todos os muriaeenses para o lan\u00e7amento de seu livro \u201cVentos de Luz\u201d, que acontecer\u00e1 no dia 11 de outubro, a partir das 20h, no Teatro Zaccaria Marques. No local, haver\u00e1 sess\u00e3o de aut\u00f3grafos e venda dos exemplares pelo valor promocional de R$15. Durante entrevista ao jornal A Not\u00edcia, Luiz Jab\u00f4r","canonical_url":"https:\/\/anoticiaonline.com.br\/site\/luiz-jabor-convida-para-o-lancamento-de-seu-livro-ventos-de-luz\/","robots":"max-image-preview:large","keywords":"","webmasterTools":{"miscellaneous":""},"schema":{"@context":"https:\/\/schema.org","@graph":[{"@type":"BlogPosting","@id":"https:\/\/anoticiaonline.com.br\/site\/luiz-jabor-convida-para-o-lancamento-de-seu-livro-ventos-de-luz\/#blogposting","name":"Luiz Jab\u00f4r convida para o lan\u00e7amento de seu livro \u201cVentos de Luz\u201d - A Not\u00edcia Online","headline":"Luiz Jab\u00f4r convida para o lan\u00e7amento de seu livro \u201cVentos de Luz\u201d","author":{"@id":"https:\/\/anoticiaonline.com.br\/site\/author\/juliana\/#author"},"publisher":{"@id":"https:\/\/anoticiaonline.com.br\/site\/#organization"},"image":{"@type":"ImageObject","url":"https:\/\/anoticiaonline.com.br\/site\/wp-content\/uploads\/2018\/10\/Luiz-Jab\u00f4r-convida-para-o-lan\u00e7amento-de-seu-livro-\u201cVentos-de-Luz\u201d-2.jpg","width":1000,"height":667},"datePublished":"2018-10-04T19:12:51-03:00","dateModified":"2018-10-04T19:12:51-03:00","inLanguage":"pt-BR","mainEntityOfPage":{"@id":"https:\/\/anoticiaonline.com.br\/site\/luiz-jabor-convida-para-o-lancamento-de-seu-livro-ventos-de-luz\/#webpage"},"isPartOf":{"@id":"https:\/\/anoticiaonline.com.br\/site\/luiz-jabor-convida-para-o-lancamento-de-seu-livro-ventos-de-luz\/#webpage"},"articleSection":"Blog, Cotidiano, Cultura, cultura, lan\u00e7amento, livro, Muria\u00e9"},{"@type":"BreadcrumbList","@id":"https:\/\/anoticiaonline.com.br\/site\/luiz-jabor-convida-para-o-lancamento-de-seu-livro-ventos-de-luz\/#breadcrumblist","itemListElement":[{"@type":"ListItem","@id":"https:\/\/anoticiaonline.com.br\/site#listItem","position":1,"name":"Home","item":"https:\/\/anoticiaonline.com.br\/site","nextItem":{"@type":"ListItem","@id":"https:\/\/anoticiaonline.com.br\/site\/categoria\/muriae\/#listItem","name":"Blog"}},{"@type":"ListItem","@id":"https:\/\/anoticiaonline.com.br\/site\/categoria\/muriae\/#listItem","position":2,"name":"Blog","item":"https:\/\/anoticiaonline.com.br\/site\/categoria\/muriae\/","nextItem":{"@type":"ListItem","@id":"https:\/\/anoticiaonline.com.br\/site\/categoria\/muriae\/cultura\/#listItem","name":"Cultura"},"previousItem":{"@type":"ListItem","@id":"https:\/\/anoticiaonline.com.br\/site#listItem","name":"Home"}},{"@type":"ListItem","@id":"https:\/\/anoticiaonline.com.br\/site\/categoria\/muriae\/cultura\/#listItem","position":3,"name":"Cultura","item":"https:\/\/anoticiaonline.com.br\/site\/categoria\/muriae\/cultura\/","nextItem":{"@type":"ListItem","@id":"https:\/\/anoticiaonline.com.br\/site\/luiz-jabor-convida-para-o-lancamento-de-seu-livro-ventos-de-luz\/#listItem","name":"Luiz Jab\u00f4r convida para o lan\u00e7amento de seu livro \u201cVentos de Luz\u201d"},"previousItem":{"@type":"ListItem","@id":"https:\/\/anoticiaonline.com.br\/site\/categoria\/muriae\/#listItem","name":"Blog"}},{"@type":"ListItem","@id":"https:\/\/anoticiaonline.com.br\/site\/luiz-jabor-convida-para-o-lancamento-de-seu-livro-ventos-de-luz\/#listItem","position":4,"name":"Luiz Jab\u00f4r convida para o lan\u00e7amento de seu livro \u201cVentos de Luz\u201d","previousItem":{"@type":"ListItem","@id":"https:\/\/anoticiaonline.com.br\/site\/categoria\/muriae\/cultura\/#listItem","name":"Cultura"}}]},{"@type":"Organization","@id":"https:\/\/anoticiaonline.com.br\/site\/#organization","name":"A Not\u00edcia Online","description":"Noticias de Muria\u00e9 e regi\u00e3o","url":"https:\/\/anoticiaonline.com.br\/site\/","logo":{"@type":"ImageObject","url":"https:\/\/scontent-gig4-1.xx.fbcdn.net\/v\/t39.30808-1\/270437624_4564083193639691_6907940295614233970_n.jpg?stp=dst-jpg_s200x200_tt6&_nc_cat=111&ccb=1-7&_nc_sid=f907e8&_nc_ohc=SM1wRlP3lJwQ7kNvwEPuBYA&_nc_oc=AdnqrjDN_BNjSSHWO-GbkIWH6fkGMLw4bqvL_NH6e2wMveX7G-rP2dAqsDSq1mJMOaY&_nc_zt=24&_nc_ht=scontent-gig4-1.xx&_nc_gid=AoBFJeGrT1hVaew_6rchkQ&oh=00_AfX7QmFGhQhG2jAllVgXCiM1ZrWgvtp80-Bfppyexh1QEg&oe=689E923C","@id":"https:\/\/anoticiaonline.com.br\/site\/luiz-jabor-convida-para-o-lancamento-de-seu-livro-ventos-de-luz\/#organizationLogo"},"image":{"@id":"https:\/\/anoticiaonline.com.br\/site\/luiz-jabor-convida-para-o-lancamento-de-seu-livro-ventos-de-luz\/#organizationLogo"}},{"@type":"Person","@id":"https:\/\/anoticiaonline.com.br\/site\/author\/juliana\/#author","url":"https:\/\/anoticiaonline.com.br\/site\/author\/juliana\/","name":"Juliana Laviola","image":{"@type":"ImageObject","@id":"https:\/\/anoticiaonline.com.br\/site\/luiz-jabor-convida-para-o-lancamento-de-seu-livro-ventos-de-luz\/#authorImage","url":"https:\/\/secure.gravatar.com\/avatar\/b8d45f5c699b100dfaf0e543582f38f38bf94cb7ae3a5e9abf8d891a34773335?s=96&d=mm&r=g","width":96,"height":96,"caption":"Juliana Laviola"}},{"@type":"WebPage","@id":"https:\/\/anoticiaonline.com.br\/site\/luiz-jabor-convida-para-o-lancamento-de-seu-livro-ventos-de-luz\/#webpage","url":"https:\/\/anoticiaonline.com.br\/site\/luiz-jabor-convida-para-o-lancamento-de-seu-livro-ventos-de-luz\/","name":"Luiz Jab\u00f4r convida para o lan\u00e7amento de seu livro \u201cVentos de Luz\u201d - A Not\u00edcia Online","description":"Luiz Ant\u00f4nio Jab\u00f4r Campos convida todos os muriaeenses para o lan\u00e7amento de seu livro \u201cVentos de Luz\u201d, que acontecer\u00e1 no dia 11 de outubro, a partir das 20h, no Teatro Zaccaria Marques. No local, haver\u00e1 sess\u00e3o de aut\u00f3grafos e venda dos exemplares pelo valor promocional de R$15. Durante entrevista ao jornal A Not\u00edcia, Luiz Jab\u00f4r","inLanguage":"pt-BR","isPartOf":{"@id":"https:\/\/anoticiaonline.com.br\/site\/#website"},"breadcrumb":{"@id":"https:\/\/anoticiaonline.com.br\/site\/luiz-jabor-convida-para-o-lancamento-de-seu-livro-ventos-de-luz\/#breadcrumblist"},"author":{"@id":"https:\/\/anoticiaonline.com.br\/site\/author\/juliana\/#author"},"creator":{"@id":"https:\/\/anoticiaonline.com.br\/site\/author\/juliana\/#author"},"image":{"@type":"ImageObject","url":"https:\/\/anoticiaonline.com.br\/site\/wp-content\/uploads\/2018\/10\/Luiz-Jab\u00f4r-convida-para-o-lan\u00e7amento-de-seu-livro-\u201cVentos-de-Luz\u201d-2.jpg","@id":"https:\/\/anoticiaonline.com.br\/site\/luiz-jabor-convida-para-o-lancamento-de-seu-livro-ventos-de-luz\/#mainImage","width":1000,"height":667},"primaryImageOfPage":{"@id":"https:\/\/anoticiaonline.com.br\/site\/luiz-jabor-convida-para-o-lancamento-de-seu-livro-ventos-de-luz\/#mainImage"},"datePublished":"2018-10-04T19:12:51-03:00","dateModified":"2018-10-04T19:12:51-03:00"},{"@type":"WebSite","@id":"https:\/\/anoticiaonline.com.br\/site\/#website","url":"https:\/\/anoticiaonline.com.br\/site\/","name":"A Not\u00edcia Online","description":"Noticias de Muria\u00e9 e regi\u00e3o","inLanguage":"pt-BR","publisher":{"@id":"https:\/\/anoticiaonline.com.br\/site\/#organization"}}]},"og:locale":"pt_BR","og:site_name":"A Not\u00edcia Online - Noticias de Muria\u00e9 e regi\u00e3o","og:type":"article","og:title":"Luiz Jab\u00f4r convida para o lan\u00e7amento de seu livro \u201cVentos de Luz\u201d - A Not\u00edcia Online","og:description":"Luiz Ant\u00f4nio Jab\u00f4r Campos convida todos os muriaeenses para o lan\u00e7amento de seu livro \u201cVentos de Luz\u201d, que acontecer\u00e1 no dia 11 de outubro, a partir das 20h, no Teatro Zaccaria Marques. No local, haver\u00e1 sess\u00e3o de aut\u00f3grafos e venda dos exemplares pelo valor promocional de R$15. Durante entrevista ao jornal A Not\u00edcia, Luiz Jab\u00f4r","og:url":"https:\/\/anoticiaonline.com.br\/site\/luiz-jabor-convida-para-o-lancamento-de-seu-livro-ventos-de-luz\/","og:image":"https:\/\/scontent-gig4-1.xx.fbcdn.net\/v\/t39.30808-1\/270437624_4564083193639691_6907940295614233970_n.jpg?stp=dst-jpg_s200x200_tt6&#038;_nc_cat=111&#038;ccb=1-7&#038;_nc_sid=f907e8&#038;_nc_ohc=SM1wRlP3lJwQ7kNvwEPuBYA&#038;_nc_oc=AdnqrjDN_BNjSSHWO-GbkIWH6fkGMLw4bqvL_NH6e2wMveX7G-rP2dAqsDSq1mJMOaY&#038;_nc_zt=24&#038;_nc_ht=scontent-gig4-1.xx&#038;_nc_gid=AoBFJeGrT1hVaew_6rchkQ&#038;oh=00_AfX7QmFGhQhG2jAllVgXCiM1ZrWgvtp80-Bfppyexh1QEg&#038;oe=689E923C","og:image:secure_url":"https:\/\/scontent-gig4-1.xx.fbcdn.net\/v\/t39.30808-1\/270437624_4564083193639691_6907940295614233970_n.jpg?stp=dst-jpg_s200x200_tt6&#038;_nc_cat=111&#038;ccb=1-7&#038;_nc_sid=f907e8&#038;_nc_ohc=SM1wRlP3lJwQ7kNvwEPuBYA&#038;_nc_oc=AdnqrjDN_BNjSSHWO-GbkIWH6fkGMLw4bqvL_NH6e2wMveX7G-rP2dAqsDSq1mJMOaY&#038;_nc_zt=24&#038;_nc_ht=scontent-gig4-1.xx&#038;_nc_gid=AoBFJeGrT1hVaew_6rchkQ&#038;oh=00_AfX7QmFGhQhG2jAllVgXCiM1ZrWgvtp80-Bfppyexh1QEg&#038;oe=689E923C","article:published_time":"2018-10-04T22:12:51+00:00","article:modified_time":"2018-10-04T22:12:51+00:00","twitter:card":"summary_large_image","twitter:title":"Luiz Jab\u00f4r convida para o lan\u00e7amento de seu livro \u201cVentos de Luz\u201d - A Not\u00edcia Online","twitter:description":"Luiz Ant\u00f4nio Jab\u00f4r Campos convida todos os muriaeenses para o lan\u00e7amento de seu livro \u201cVentos de Luz\u201d, que acontecer\u00e1 no dia 11 de outubro, a partir das 20h, no Teatro Zaccaria Marques. No local, haver\u00e1 sess\u00e3o de aut\u00f3grafos e venda dos exemplares pelo valor promocional de R$15. Durante entrevista ao jornal A Not\u00edcia, Luiz Jab\u00f4r","twitter:image":"https:\/\/scontent-gig4-1.xx.fbcdn.net\/v\/t39.30808-1\/270437624_4564083193639691_6907940295614233970_n.jpg?stp=dst-jpg_s200x200_tt6&_nc_cat=111&ccb=1-7&_nc_sid=f907e8&_nc_ohc=SM1wRlP3lJwQ7kNvwEPuBYA&_nc_oc=AdnqrjDN_BNjSSHWO-GbkIWH6fkGMLw4bqvL_NH6e2wMveX7G-rP2dAqsDSq1mJMOaY&_nc_zt=24&_nc_ht=scontent-gig4-1.xx&_nc_gid=AoBFJeGrT1hVaew_6rchkQ&oh=00_AfX7QmFGhQhG2jAllVgXCiM1ZrWgvtp80-Bfppyexh1QEg&oe=689E923C"},"aioseo_meta_data":{"post_id":"62669","title":null,"description":null,"keywords":null,"keyphrases":null,"primary_term":null,"canonical_url":null,"og_title":null,"og_description":null,"og_object_type":"default","og_image_type":"default","og_image_url":null,"og_image_width":null,"og_image_height":null,"og_image_custom_url":null,"og_image_custom_fields":null,"og_video":null,"og_custom_url":null,"og_article_section":null,"og_article_tags":null,"twitter_use_og":false,"twitter_card":"default","twitter_image_type":"default","twitter_image_url":null,"twitter_image_custom_url":null,"twitter_image_custom_fields":null,"twitter_title":null,"twitter_description":null,"schema":{"blockGraphs":[],"customGraphs":[],"default":{"data":{"Article":[],"Course":[],"Dataset":[],"FAQPage":[],"Movie":[],"Person":[],"Product":[],"ProductReview":[],"Car":[],"Recipe":[],"Service":[],"SoftwareApplication":[],"WebPage":[]},"graphName":"","isEnabled":true},"graphs":[]},"schema_type":"default","schema_type_options":null,"pillar_content":false,"robots_default":true,"robots_noindex":false,"robots_noarchive":false,"robots_nosnippet":false,"robots_nofollow":false,"robots_noimageindex":false,"robots_noodp":false,"robots_notranslate":false,"robots_max_snippet":null,"robots_max_videopreview":null,"robots_max_imagepreview":"large","priority":null,"frequency":null,"local_seo":null,"breadcrumb_settings":null,"limit_modified_date":false,"ai":null,"created":"2025-08-16 21:48:19","updated":"2025-08-16 21:48:19","focus_keyword":null,"additional_keywords":null,"truseo_locale":null,"seo_analyzer_scan_date":null},"aioseo_breadcrumb":"<div class=\"aioseo-breadcrumbs\"><span class=\"aioseo-breadcrumb\">\n\t\t\t<a href=\"https:\/\/anoticiaonline.com.br\/site\" title=\"Home\">Home<\/a>\n\t\t<\/span><span class=\"aioseo-breadcrumb-separator\">&raquo;<\/span><span class=\"aioseo-breadcrumb\">\n\t\t\t<a href=\"https:\/\/anoticiaonline.com.br\/site\/categoria\/muriae\/\" title=\"Blog\">Blog<\/a>\n\t\t<\/span><span class=\"aioseo-breadcrumb-separator\">&raquo;<\/span><span class=\"aioseo-breadcrumb\">\n\t\t\t<a href=\"https:\/\/anoticiaonline.com.br\/site\/categoria\/muriae\/cultura\/\" title=\"Cultura\">Cultura<\/a>\n\t\t<\/span><span class=\"aioseo-breadcrumb-separator\">&raquo;<\/span><span class=\"aioseo-breadcrumb\">\n\t\t\tLuiz Jab\u00f4r convida para o lan\u00e7amento de seu livro \u201cVentos de Luz\u201d\n\t\t<\/span><\/div>","aioseo_breadcrumb_json":[{"label":"Home","link":"https:\/\/anoticiaonline.com.br\/site"},{"label":"Blog","link":"https:\/\/anoticiaonline.com.br\/site\/categoria\/muriae\/"},{"label":"Cultura","link":"https:\/\/anoticiaonline.com.br\/site\/categoria\/muriae\/cultura\/"},{"label":"Luiz Jab\u00f4r convida para o lan\u00e7amento de seu livro \u201cVentos de Luz\u201d","link":"https:\/\/anoticiaonline.com.br\/site\/luiz-jabor-convida-para-o-lancamento-de-seu-livro-ventos-de-luz\/"}],"views":154,"_links":{"self":[{"href":"https:\/\/anoticiaonline.com.br\/site\/wp-json\/wp\/v2\/posts\/62669","targetHints":{"allow":["GET"]}}],"collection":[{"href":"https:\/\/anoticiaonline.com.br\/site\/wp-json\/wp\/v2\/posts"}],"about":[{"href":"https:\/\/anoticiaonline.com.br\/site\/wp-json\/wp\/v2\/types\/post"}],"author":[{"embeddable":true,"href":"https:\/\/anoticiaonline.com.br\/site\/wp-json\/wp\/v2\/users\/2"}],"replies":[{"embeddable":true,"href":"https:\/\/anoticiaonline.com.br\/site\/wp-json\/wp\/v2\/comments?post=62669"}],"version-history":[{"count":0,"href":"https:\/\/anoticiaonline.com.br\/site\/wp-json\/wp\/v2\/posts\/62669\/revisions"}],"wp:featuredmedia":[{"embeddable":true,"href":"https:\/\/anoticiaonline.com.br\/site\/wp-json\/wp\/v2\/media\/62671"}],"wp:attachment":[{"href":"https:\/\/anoticiaonline.com.br\/site\/wp-json\/wp\/v2\/media?parent=62669"}],"wp:term":[{"taxonomy":"category","embeddable":true,"href":"https:\/\/anoticiaonline.com.br\/site\/wp-json\/wp\/v2\/categories?post=62669"},{"taxonomy":"post_tag","embeddable":true,"href":"https:\/\/anoticiaonline.com.br\/site\/wp-json\/wp\/v2\/tags?post=62669"}],"curies":[{"name":"wp","href":"https:\/\/api.w.org\/{rel}","templated":true}]}}