{"id":62603,"date":"2018-10-03T17:46:52","date_gmt":"2018-10-03T20:46:52","guid":{"rendered":"http:\/\/anoticiaonline.com.br\/site\/?p=62603"},"modified":"2018-10-03T17:46:52","modified_gmt":"2018-10-03T20:46:52","slug":"loja-proposital-e-inaugurada-em-muriae","status":"publish","type":"post","link":"https:\/\/anoticiaonline.com.br\/site\/loja-proposital-e-inaugurada-em-muriae\/","title":{"rendered":"Loja Proposital \u00e9 inaugurada em Muria\u00e9"},"content":{"rendered":"<p><a href=\"https:\/\/anoticiaonline.com.br\/site\/wp-content\/uploads\/2018\/10\/DSC_1234-1.jpg\"><img fetchpriority=\"high\" decoding=\"async\" class=\"aligncenter size-full wp-image-62604\" src=\"https:\/\/anoticiaonline.com.br\/site\/wp-content\/uploads\/2018\/10\/DSC_1234-1.jpg\" alt=\"\" width=\"1000\" height=\"667\" srcset=\"https:\/\/anoticiaonline.com.br\/site\/wp-content\/uploads\/2018\/10\/DSC_1234-1.jpg 1000w, https:\/\/anoticiaonline.com.br\/site\/wp-content\/uploads\/2018\/10\/DSC_1234-1-300x200.jpg 300w, https:\/\/anoticiaonline.com.br\/site\/wp-content\/uploads\/2018\/10\/DSC_1234-1-768x512.jpg 768w\" sizes=\"(max-width: 1000px) 100vw, 1000px\" \/><\/a>Foi inaugurada, no \u00faltimo s\u00e1bado (29), no cora\u00e7\u00e3o comercial de Muria\u00e9, a Loja Proposital, especializada nas maiores tend\u00eancias da moda, a pre\u00e7os populares, com excelente atendimento.<\/p>\n<p>Dos s\u00f3cios Layla e Bruno Lacerda, que j\u00e1 trabalham no ramo h\u00e1 15 anos na vizinha Leopoldina, a Proposital oferece roupas e acess\u00f3rios femininos de qualidade. \u201cTrabalhamos com toda a linha de jeans, como shorts, saias, cal\u00e7as, al\u00e9m de bolsas, vestidos, pantacourt e todas as tend\u00eancias do mundo da moda\u201d, conta Layla.<\/p>\n<p>Bruno Lacerda disse estar otimista com o cen\u00e1rio comercial de Muria\u00e9. \u201cPercebemos que as pessoas da cidade gostam de se vestir bem e a Proposital possui grandes novidades para o p\u00fablico feminino. Estamos com uma cole\u00e7\u00e3o completa para a primavera e o ver\u00e3o. Espero que todos possam vir conhecer nossas pe\u00e7as e serem atendidos da melhor forma poss\u00edvel\u201d, diz.<\/p>\n<p>Vit\u00f3ria Gomes Soares aproveitou para conferir a nova loja e levou dois vestidos para casa. \u201cAchei a loja maravilhosa, com pe\u00e7as \u00f3timas e pre\u00e7os ainda melhores. Com certeza voltarei mais vezes\u201d, conta.<\/p>\n<p>A loja Proposital est\u00e1 localizada na Rua Dr. Silveira Brum, n\u00famero 26, Centro. WhatsApp: (32) 98883-7635. Instagram: @proposital_55. Vendas \u00e0 vista ou parcelamento no cart\u00e3o de cr\u00e9dito. Hor\u00e1rio de funcionamento: de segunda a sexta, das 9h \u00e0s 19h, e aos s\u00e1bados, das 9h \u00e0s 13h.<\/p>\n<div id='gallery-1' class='gallery galleryid-62603 gallery-columns-1 gallery-size-full'><figure class='gallery-item'>\n\t\t\t<div class='gallery-icon landscape'>\n\t\t\t\t<a href='https:\/\/anoticiaonline.com.br\/site\/wp-content\/uploads\/2018\/10\/DSC_1274.jpg'><img decoding=\"async\" width=\"1000\" height=\"667\" src=\"https:\/\/anoticiaonline.com.br\/site\/wp-content\/uploads\/2018\/10\/DSC_1274.jpg\" class=\"attachment-full size-full\" alt=\"\" srcset=\"https:\/\/anoticiaonline.com.br\/site\/wp-content\/uploads\/2018\/10\/DSC_1274.jpg 1000w, https:\/\/anoticiaonline.com.br\/site\/wp-content\/uploads\/2018\/10\/DSC_1274-300x200.jpg 300w, https:\/\/anoticiaonline.com.br\/site\/wp-content\/uploads\/2018\/10\/DSC_1274-768x512.jpg 768w\" sizes=\"(max-width: 1000px) 100vw, 1000px\" \/><\/a>\n\t\t\t<\/div><\/figure><figure class='gallery-item'>\n\t\t\t<div class='gallery-icon portrait'>\n\t\t\t\t<a href='https:\/\/anoticiaonline.com.br\/site\/wp-content\/uploads\/2018\/10\/DSC_1171.jpg'><img decoding=\"async\" width=\"533\" height=\"800\" src=\"https:\/\/anoticiaonline.com.br\/site\/wp-content\/uploads\/2018\/10\/DSC_1171.jpg\" class=\"attachment-full size-full\" alt=\"\" srcset=\"https:\/\/anoticiaonline.com.br\/site\/wp-content\/uploads\/2018\/10\/DSC_1171.jpg 533w, https:\/\/anoticiaonline.com.br\/site\/wp-content\/uploads\/2018\/10\/DSC_1171-200x300.jpg 200w\" sizes=\"(max-width: 533px) 100vw, 533px\" \/><\/a>\n\t\t\t<\/div><\/figure><figure class='gallery-item'>\n\t\t\t<div class='gallery-icon landscape'>\n\t\t\t\t<a href='https:\/\/anoticiaonline.com.br\/site\/wp-content\/uploads\/2018\/10\/DSC_1152.jpg'><img loading=\"lazy\" decoding=\"async\" width=\"1000\" height=\"667\" src=\"https:\/\/anoticiaonline.com.br\/site\/wp-content\/uploads\/2018\/10\/DSC_1152.jpg\" class=\"attachment-full size-full\" alt=\"\" srcset=\"https:\/\/anoticiaonline.com.br\/site\/wp-content\/uploads\/2018\/10\/DSC_1152.jpg 1000w, https:\/\/anoticiaonline.com.br\/site\/wp-content\/uploads\/2018\/10\/DSC_1152-300x200.jpg 300w, https:\/\/anoticiaonline.com.br\/site\/wp-content\/uploads\/2018\/10\/DSC_1152-768x512.jpg 768w\" sizes=\"(max-width: 1000px) 100vw, 1000px\" \/><\/a>\n\t\t\t<\/div><\/figure><figure class='gallery-item'>\n\t\t\t<div class='gallery-icon landscape'>\n\t\t\t\t<a href='https:\/\/anoticiaonline.com.br\/site\/wp-content\/uploads\/2018\/10\/DSC_1102.jpg'><img loading=\"lazy\" decoding=\"async\" width=\"1000\" height=\"667\" src=\"https:\/\/anoticiaonline.com.br\/site\/wp-content\/uploads\/2018\/10\/DSC_1102.jpg\" class=\"attachment-full size-full\" alt=\"\" srcset=\"https:\/\/anoticiaonline.com.br\/site\/wp-content\/uploads\/2018\/10\/DSC_1102.jpg 1000w, https:\/\/anoticiaonline.com.br\/site\/wp-content\/uploads\/2018\/10\/DSC_1102-300x200.jpg 300w, https:\/\/anoticiaonline.com.br\/site\/wp-content\/uploads\/2018\/10\/DSC_1102-768x512.jpg 768w\" sizes=\"(max-width: 1000px) 100vw, 1000px\" \/><\/a>\n\t\t\t<\/div><\/figure><figure class='gallery-item'>\n\t\t\t<div class='gallery-icon landscape'>\n\t\t\t\t<a href='https:\/\/anoticiaonline.com.br\/site\/wp-content\/uploads\/2018\/10\/DSC_1109.jpg'><img loading=\"lazy\" decoding=\"async\" width=\"1000\" height=\"667\" src=\"https:\/\/anoticiaonline.com.br\/site\/wp-content\/uploads\/2018\/10\/DSC_1109.jpg\" class=\"attachment-full size-full\" alt=\"\" srcset=\"https:\/\/anoticiaonline.com.br\/site\/wp-content\/uploads\/2018\/10\/DSC_1109.jpg 1000w, https:\/\/anoticiaonline.com.br\/site\/wp-content\/uploads\/2018\/10\/DSC_1109-300x200.jpg 300w, https:\/\/anoticiaonline.com.br\/site\/wp-content\/uploads\/2018\/10\/DSC_1109-768x512.jpg 768w\" sizes=\"(max-width: 1000px) 100vw, 1000px\" \/><\/a>\n\t\t\t<\/div><\/figure><figure class='gallery-item'>\n\t\t\t<div class='gallery-icon landscape'>\n\t\t\t\t<a href='https:\/\/anoticiaonline.com.br\/site\/wp-content\/uploads\/2018\/10\/DSC_1129.jpg'><img loading=\"lazy\" decoding=\"async\" width=\"1000\" height=\"667\" src=\"https:\/\/anoticiaonline.com.br\/site\/wp-content\/uploads\/2018\/10\/DSC_1129.jpg\" class=\"attachment-full size-full\" alt=\"\" srcset=\"https:\/\/anoticiaonline.com.br\/site\/wp-content\/uploads\/2018\/10\/DSC_1129.jpg 1000w, https:\/\/anoticiaonline.com.br\/site\/wp-content\/uploads\/2018\/10\/DSC_1129-300x200.jpg 300w, https:\/\/anoticiaonline.com.br\/site\/wp-content\/uploads\/2018\/10\/DSC_1129-768x512.jpg 768w\" sizes=\"(max-width: 1000px) 100vw, 1000px\" \/><\/a>\n\t\t\t<\/div><\/figure><figure class='gallery-item'>\n\t\t\t<div class='gallery-icon landscape'>\n\t\t\t\t<a href='https:\/\/anoticiaonline.com.br\/site\/wp-content\/uploads\/2018\/10\/DSC_1139.jpg'><img loading=\"lazy\" decoding=\"async\" width=\"1000\" height=\"667\" src=\"https:\/\/anoticiaonline.com.br\/site\/wp-content\/uploads\/2018\/10\/DSC_1139.jpg\" class=\"attachment-full size-full\" alt=\"\" srcset=\"https:\/\/anoticiaonline.com.br\/site\/wp-content\/uploads\/2018\/10\/DSC_1139.jpg 1000w, https:\/\/anoticiaonline.com.br\/site\/wp-content\/uploads\/2018\/10\/DSC_1139-300x200.jpg 300w, https:\/\/anoticiaonline.com.br\/site\/wp-content\/uploads\/2018\/10\/DSC_1139-768x512.jpg 768w\" sizes=\"(max-width: 1000px) 100vw, 1000px\" \/><\/a>\n\t\t\t<\/div><\/figure><figure class='gallery-item'>\n\t\t\t<div class='gallery-icon landscape'>\n\t\t\t\t<a href='https:\/\/anoticiaonline.com.br\/site\/wp-content\/uploads\/2018\/10\/DSC_1142.jpg'><img loading=\"lazy\" decoding=\"async\" width=\"1000\" height=\"667\" src=\"https:\/\/anoticiaonline.com.br\/site\/wp-content\/uploads\/2018\/10\/DSC_1142.jpg\" class=\"attachment-full size-full\" alt=\"\" srcset=\"https:\/\/anoticiaonline.com.br\/site\/wp-content\/uploads\/2018\/10\/DSC_1142.jpg 1000w, https:\/\/anoticiaonline.com.br\/site\/wp-content\/uploads\/2018\/10\/DSC_1142-300x200.jpg 300w, https:\/\/anoticiaonline.com.br\/site\/wp-content\/uploads\/2018\/10\/DSC_1142-768x512.jpg 768w\" sizes=\"(max-width: 1000px) 100vw, 1000px\" \/><\/a>\n\t\t\t<\/div><\/figure><figure class='gallery-item'>\n\t\t\t<div class='gallery-icon portrait'>\n\t\t\t\t<a href='https:\/\/anoticiaonline.com.br\/site\/wp-content\/uploads\/2018\/10\/DSC_1148.jpg'><img loading=\"lazy\" decoding=\"async\" width=\"533\" height=\"800\" src=\"https:\/\/anoticiaonline.com.br\/site\/wp-content\/uploads\/2018\/10\/DSC_1148.jpg\" class=\"attachment-full size-full\" alt=\"\" srcset=\"https:\/\/anoticiaonline.com.br\/site\/wp-content\/uploads\/2018\/10\/DSC_1148.jpg 533w, https:\/\/anoticiaonline.com.br\/site\/wp-content\/uploads\/2018\/10\/DSC_1148-200x300.jpg 200w\" sizes=\"(max-width: 533px) 100vw, 533px\" \/><\/a>\n\t\t\t<\/div><\/figure><figure class='gallery-item'>\n\t\t\t<div class='gallery-icon landscape'>\n\t\t\t\t<a href='https:\/\/anoticiaonline.com.br\/site\/wp-content\/uploads\/2018\/10\/DSC_1202.jpg'><img loading=\"lazy\" decoding=\"async\" width=\"1000\" height=\"667\" src=\"https:\/\/anoticiaonline.com.br\/site\/wp-content\/uploads\/2018\/10\/DSC_1202.jpg\" class=\"attachment-full size-full\" alt=\"\" srcset=\"https:\/\/anoticiaonline.com.br\/site\/wp-content\/uploads\/2018\/10\/DSC_1202.jpg 1000w, https:\/\/anoticiaonline.com.br\/site\/wp-content\/uploads\/2018\/10\/DSC_1202-300x200.jpg 300w, https:\/\/anoticiaonline.com.br\/site\/wp-content\/uploads\/2018\/10\/DSC_1202-768x512.jpg 768w\" sizes=\"(max-width: 1000px) 100vw, 1000px\" \/><\/a>\n\t\t\t<\/div><\/figure><figure class='gallery-item'>\n\t\t\t<div class='gallery-icon portrait'>\n\t\t\t\t<a href='https:\/\/anoticiaonline.com.br\/site\/wp-content\/uploads\/2018\/10\/DSC_1245.jpg'><img loading=\"lazy\" decoding=\"async\" width=\"534\" height=\"800\" src=\"https:\/\/anoticiaonline.com.br\/site\/wp-content\/uploads\/2018\/10\/DSC_1245.jpg\" class=\"attachment-full size-full\" alt=\"\" srcset=\"https:\/\/anoticiaonline.com.br\/site\/wp-content\/uploads\/2018\/10\/DSC_1245.jpg 534w, https:\/\/anoticiaonline.com.br\/site\/wp-content\/uploads\/2018\/10\/DSC_1245-200x300.jpg 200w\" sizes=\"(max-width: 534px) 100vw, 534px\" \/><\/a>\n\t\t\t<\/div><\/figure><figure class='gallery-item'>\n\t\t\t<div class='gallery-icon landscape'>\n\t\t\t\t<a href='https:\/\/anoticiaonline.com.br\/site\/wp-content\/uploads\/2018\/10\/DSC_1105.jpg'><img loading=\"lazy\" decoding=\"async\" width=\"1000\" height=\"667\" src=\"https:\/\/anoticiaonline.com.br\/site\/wp-content\/uploads\/2018\/10\/DSC_1105.jpg\" class=\"attachment-full size-full\" alt=\"\" srcset=\"https:\/\/anoticiaonline.com.br\/site\/wp-content\/uploads\/2018\/10\/DSC_1105.jpg 1000w, https:\/\/anoticiaonline.com.br\/site\/wp-content\/uploads\/2018\/10\/DSC_1105-300x200.jpg 300w, https:\/\/anoticiaonline.com.br\/site\/wp-content\/uploads\/2018\/10\/DSC_1105-768x512.jpg 768w\" sizes=\"(max-width: 1000px) 100vw, 1000px\" \/><\/a>\n\t\t\t<\/div><\/figure><figure class='gallery-item'>\n\t\t\t<div class='gallery-icon landscape'>\n\t\t\t\t<a href='https:\/\/anoticiaonline.com.br\/site\/wp-content\/uploads\/2018\/10\/DSC_1183.jpg'><img loading=\"lazy\" decoding=\"async\" width=\"1000\" height=\"666\" src=\"https:\/\/anoticiaonline.com.br\/site\/wp-content\/uploads\/2018\/10\/DSC_1183.jpg\" class=\"attachment-full size-full\" alt=\"\" srcset=\"https:\/\/anoticiaonline.com.br\/site\/wp-content\/uploads\/2018\/10\/DSC_1183.jpg 1000w, https:\/\/anoticiaonline.com.br\/site\/wp-content\/uploads\/2018\/10\/DSC_1183-300x200.jpg 300w, https:\/\/anoticiaonline.com.br\/site\/wp-content\/uploads\/2018\/10\/DSC_1183-768x511.jpg 768w\" sizes=\"(max-width: 1000px) 100vw, 1000px\" \/><\/a>\n\t\t\t<\/div><\/figure>\n\t\t<\/div>\n\n","protected":false},"excerpt":{"rendered":"<p>Foi inaugurada, no \u00faltimo s\u00e1bado (29), no cora\u00e7\u00e3o comercial de Muria\u00e9, a Loja Proposital, especializada nas maiores tend\u00eancias da moda, a pre\u00e7os populares, com excelente atendimento. Dos s\u00f3cios Layla e Bruno Lacerda, que j\u00e1 trabalham no ramo h\u00e1 15 anos na vizinha Leopoldina, a Proposital oferece roupas e acess\u00f3rios femininos de qualidade. \u201cTrabalhamos com toda &#8230; <a title=\"Loja Proposital \u00e9 inaugurada em Muria\u00e9\" class=\"read-more\" href=\"https:\/\/anoticiaonline.com.br\/site\/loja-proposital-e-inaugurada-em-muriae\/\" aria-label=\"Read more about Loja Proposital \u00e9 inaugurada em Muria\u00e9\">Ler mais<\/a><\/p>\n","protected":false},"author":7,"featured_media":62605,"comment_status":"open","ping_status":"open","sticky":false,"template":"","format":"standard","meta":{"_acf_changed":false,"_monsterinsights_skip_tracking":false,"footnotes":""},"categories":[30,24],"tags":[3180,3181],"class_list":["post-62603","post","type-post","status-publish","format-standard","has-post-thumbnail","hentry","category-muriae","category-eventos","tag-loja-proposital","tag-pantacourt"],"acf":[],"aioseo_notices":[],"aioseo_head":"\n\t\t<!-- All in One SEO 5.0.0.1 - aioseo.com -->\n\t<meta name=\"description\" content=\"Foi inaugurada, no \u00faltimo s\u00e1bado (29), no cora\u00e7\u00e3o comercial de Muria\u00e9, a Loja Proposital, especializada nas maiores tend\u00eancias da moda, a pre\u00e7os populares, com excelente atendimento. Dos s\u00f3cios Layla e Bruno Lacerda, que j\u00e1 trabalham no ramo h\u00e1 15 anos na vizinha Leopoldina, a Proposital oferece roupas e acess\u00f3rios femininos de qualidade. \u201cTrabalhamos com toda\" \/>\n\t<meta name=\"robots\" content=\"max-image-preview:large\" \/>\n\t<meta name=\"author\" content=\"Leandro Bebiano\"\/>\n\t<link rel=\"canonical\" href=\"https:\/\/anoticiaonline.com.br\/site\/loja-proposital-e-inaugurada-em-muriae\/\" \/>\n\t<meta name=\"generator\" content=\"All in One SEO (AIOSEO) 5.0.0.1\" \/>\n\t\t<meta property=\"og:locale\" content=\"pt_BR\" \/>\n\t\t<meta property=\"og:site_name\" content=\"A Not\u00edcia Online - Noticias de Muria\u00e9 e regi\u00e3o\" \/>\n\t\t<meta property=\"og:type\" content=\"article\" \/>\n\t\t<meta property=\"og:title\" content=\"Loja Proposital \u00e9 inaugurada em Muria\u00e9 - A Not\u00edcia Online\" \/>\n\t\t<meta property=\"og:description\" content=\"Foi inaugurada, no \u00faltimo s\u00e1bado (29), no cora\u00e7\u00e3o comercial de Muria\u00e9, a Loja Proposital, especializada nas maiores tend\u00eancias da moda, a pre\u00e7os populares, com excelente atendimento. Dos s\u00f3cios Layla e Bruno Lacerda, que j\u00e1 trabalham no ramo h\u00e1 15 anos na vizinha Leopoldina, a Proposital oferece roupas e acess\u00f3rios femininos de qualidade. \u201cTrabalhamos com toda\" \/>\n\t\t<meta property=\"og:url\" content=\"https:\/\/anoticiaonline.com.br\/site\/loja-proposital-e-inaugurada-em-muriae\/\" \/>\n\t\t<meta property=\"og:image\" content=\"https:\/\/scontent-gig4-1.xx.fbcdn.net\/v\/t39.30808-1\/270437624_4564083193639691_6907940295614233970_n.jpg?stp=dst-jpg_s200x200_tt6&#038;_nc_cat=111&#038;ccb=1-7&#038;_nc_sid=f907e8&#038;_nc_ohc=SM1wRlP3lJwQ7kNvwEPuBYA&#038;_nc_oc=AdnqrjDN_BNjSSHWO-GbkIWH6fkGMLw4bqvL_NH6e2wMveX7G-rP2dAqsDSq1mJMOaY&#038;_nc_zt=24&#038;_nc_ht=scontent-gig4-1.xx&#038;_nc_gid=AoBFJeGrT1hVaew_6rchkQ&#038;oh=00_AfX7QmFGhQhG2jAllVgXCiM1ZrWgvtp80-Bfppyexh1QEg&#038;oe=689E923C\" \/>\n\t\t<meta property=\"og:image:secure_url\" content=\"https:\/\/scontent-gig4-1.xx.fbcdn.net\/v\/t39.30808-1\/270437624_4564083193639691_6907940295614233970_n.jpg?stp=dst-jpg_s200x200_tt6&#038;_nc_cat=111&#038;ccb=1-7&#038;_nc_sid=f907e8&#038;_nc_ohc=SM1wRlP3lJwQ7kNvwEPuBYA&#038;_nc_oc=AdnqrjDN_BNjSSHWO-GbkIWH6fkGMLw4bqvL_NH6e2wMveX7G-rP2dAqsDSq1mJMOaY&#038;_nc_zt=24&#038;_nc_ht=scontent-gig4-1.xx&#038;_nc_gid=AoBFJeGrT1hVaew_6rchkQ&#038;oh=00_AfX7QmFGhQhG2jAllVgXCiM1ZrWgvtp80-Bfppyexh1QEg&#038;oe=689E923C\" \/>\n\t\t<meta property=\"article:published_time\" content=\"2018-10-03T20:46:52+00:00\" \/>\n\t\t<meta property=\"article:modified_time\" content=\"2018-10-03T20:46:52+00:00\" \/>\n\t\t<meta name=\"twitter:card\" content=\"summary_large_image\" \/>\n\t\t<meta name=\"twitter:title\" content=\"Loja Proposital \u00e9 inaugurada em Muria\u00e9 - A Not\u00edcia Online\" \/>\n\t\t<meta name=\"twitter:description\" content=\"Foi inaugurada, no \u00faltimo s\u00e1bado (29), no cora\u00e7\u00e3o comercial de Muria\u00e9, a Loja Proposital, especializada nas maiores tend\u00eancias da moda, a pre\u00e7os populares, com excelente atendimento. Dos s\u00f3cios Layla e Bruno Lacerda, que j\u00e1 trabalham no ramo h\u00e1 15 anos na vizinha Leopoldina, a Proposital oferece roupas e acess\u00f3rios femininos de qualidade. \u201cTrabalhamos com toda\" \/>\n\t\t<meta name=\"twitter:image\" content=\"https:\/\/scontent-gig4-1.xx.fbcdn.net\/v\/t39.30808-1\/270437624_4564083193639691_6907940295614233970_n.jpg?stp=dst-jpg_s200x200_tt6&amp;_nc_cat=111&amp;ccb=1-7&amp;_nc_sid=f907e8&amp;_nc_ohc=SM1wRlP3lJwQ7kNvwEPuBYA&amp;_nc_oc=AdnqrjDN_BNjSSHWO-GbkIWH6fkGMLw4bqvL_NH6e2wMveX7G-rP2dAqsDSq1mJMOaY&amp;_nc_zt=24&amp;_nc_ht=scontent-gig4-1.xx&amp;_nc_gid=AoBFJeGrT1hVaew_6rchkQ&amp;oh=00_AfX7QmFGhQhG2jAllVgXCiM1ZrWgvtp80-Bfppyexh1QEg&amp;oe=689E923C\" \/>\n\t\t<script type=\"application\/ld+json\" class=\"aioseo-schema\">\n\t\t\t{\"@context\":\"https:\\\/\\\/schema.org\",\"@graph\":[{\"@type\":\"BlogPosting\",\"@id\":\"https:\\\/\\\/anoticiaonline.com.br\\\/site\\\/loja-proposital-e-inaugurada-em-muriae\\\/#blogposting\",\"name\":\"Loja Proposital \\u00e9 inaugurada em Muria\\u00e9 - A Not\\u00edcia Online\",\"headline\":\"Loja Proposital \\u00e9 inaugurada em Muria\\u00e9\",\"author\":{\"@id\":\"https:\\\/\\\/anoticiaonline.com.br\\\/site\\\/author\\\/leandro\\\/#author\"},\"publisher\":{\"@id\":\"https:\\\/\\\/anoticiaonline.com.br\\\/site\\\/#organization\"},\"image\":{\"@type\":\"ImageObject\",\"url\":\"https:\\\/\\\/anoticiaonline.com.br\\\/site\\\/wp-content\\\/uploads\\\/2018\\\/10\\\/Proposital.jpg\",\"width\":1000,\"height\":350},\"datePublished\":\"2018-10-03T17:46:52-03:00\",\"dateModified\":\"2018-10-03T17:46:52-03:00\",\"inLanguage\":\"pt-BR\",\"mainEntityOfPage\":{\"@id\":\"https:\\\/\\\/anoticiaonline.com.br\\\/site\\\/loja-proposital-e-inaugurada-em-muriae\\\/#webpage\"},\"isPartOf\":{\"@id\":\"https:\\\/\\\/anoticiaonline.com.br\\\/site\\\/loja-proposital-e-inaugurada-em-muriae\\\/#webpage\"},\"articleSection\":\"Blog, Eventos, Loja Proposital, pantacourt\"},{\"@type\":\"BreadcrumbList\",\"@id\":\"https:\\\/\\\/anoticiaonline.com.br\\\/site\\\/loja-proposital-e-inaugurada-em-muriae\\\/#breadcrumblist\",\"itemListElement\":[{\"@type\":\"ListItem\",\"@id\":\"https:\\\/\\\/anoticiaonline.com.br\\\/site#listItem\",\"position\":1,\"name\":\"Home\",\"item\":\"https:\\\/\\\/anoticiaonline.com.br\\\/site\",\"nextItem\":{\"@type\":\"ListItem\",\"@id\":\"https:\\\/\\\/anoticiaonline.com.br\\\/site\\\/categoria\\\/eventos\\\/#listItem\",\"name\":\"Eventos\"}},{\"@type\":\"ListItem\",\"@id\":\"https:\\\/\\\/anoticiaonline.com.br\\\/site\\\/categoria\\\/eventos\\\/#listItem\",\"position\":2,\"name\":\"Eventos\",\"item\":\"https:\\\/\\\/anoticiaonline.com.br\\\/site\\\/categoria\\\/eventos\\\/\",\"nextItem\":{\"@type\":\"ListItem\",\"@id\":\"https:\\\/\\\/anoticiaonline.com.br\\\/site\\\/loja-proposital-e-inaugurada-em-muriae\\\/#listItem\",\"name\":\"Loja Proposital \\u00e9 inaugurada em Muria\\u00e9\"},\"previousItem\":{\"@type\":\"ListItem\",\"@id\":\"https:\\\/\\\/anoticiaonline.com.br\\\/site#listItem\",\"name\":\"Home\"}},{\"@type\":\"ListItem\",\"@id\":\"https:\\\/\\\/anoticiaonline.com.br\\\/site\\\/loja-proposital-e-inaugurada-em-muriae\\\/#listItem\",\"position\":3,\"name\":\"Loja Proposital \\u00e9 inaugurada em Muria\\u00e9\",\"previousItem\":{\"@type\":\"ListItem\",\"@id\":\"https:\\\/\\\/anoticiaonline.com.br\\\/site\\\/categoria\\\/eventos\\\/#listItem\",\"name\":\"Eventos\"}}]},{\"@type\":\"Organization\",\"@id\":\"https:\\\/\\\/anoticiaonline.com.br\\\/site\\\/#organization\",\"name\":\"A Not\\u00edcia Online\",\"description\":\"Noticias de Muria\\u00e9 e regi\\u00e3o\",\"url\":\"https:\\\/\\\/anoticiaonline.com.br\\\/site\\\/\",\"logo\":{\"@type\":\"ImageObject\",\"url\":\"https:\\\/\\\/scontent-gig4-1.xx.fbcdn.net\\\/v\\\/t39.30808-1\\\/270437624_4564083193639691_6907940295614233970_n.jpg?stp=dst-jpg_s200x200_tt6&_nc_cat=111&ccb=1-7&_nc_sid=f907e8&_nc_ohc=SM1wRlP3lJwQ7kNvwEPuBYA&_nc_oc=AdnqrjDN_BNjSSHWO-GbkIWH6fkGMLw4bqvL_NH6e2wMveX7G-rP2dAqsDSq1mJMOaY&_nc_zt=24&_nc_ht=scontent-gig4-1.xx&_nc_gid=AoBFJeGrT1hVaew_6rchkQ&oh=00_AfX7QmFGhQhG2jAllVgXCiM1ZrWgvtp80-Bfppyexh1QEg&oe=689E923C\",\"@id\":\"https:\\\/\\\/anoticiaonline.com.br\\\/site\\\/loja-proposital-e-inaugurada-em-muriae\\\/#organizationLogo\"},\"image\":{\"@id\":\"https:\\\/\\\/anoticiaonline.com.br\\\/site\\\/loja-proposital-e-inaugurada-em-muriae\\\/#organizationLogo\"}},{\"@type\":\"Person\",\"@id\":\"https:\\\/\\\/anoticiaonline.com.br\\\/site\\\/author\\\/leandro\\\/#author\",\"url\":\"https:\\\/\\\/anoticiaonline.com.br\\\/site\\\/author\\\/leandro\\\/\",\"name\":\"Leandro Bebiano\",\"image\":{\"@type\":\"ImageObject\",\"@id\":\"https:\\\/\\\/anoticiaonline.com.br\\\/site\\\/loja-proposital-e-inaugurada-em-muriae\\\/#authorImage\",\"url\":\"https:\\\/\\\/secure.gravatar.com\\\/avatar\\\/99966a20c143db97c8590c2013307c7c234a4cca48ed5657cbb47e22a400bd5f?s=96&d=mm&r=g\",\"width\":96,\"height\":96,\"caption\":\"Leandro Bebiano\"}},{\"@type\":\"WebPage\",\"@id\":\"https:\\\/\\\/anoticiaonline.com.br\\\/site\\\/loja-proposital-e-inaugurada-em-muriae\\\/#webpage\",\"url\":\"https:\\\/\\\/anoticiaonline.com.br\\\/site\\\/loja-proposital-e-inaugurada-em-muriae\\\/\",\"name\":\"Loja Proposital \\u00e9 inaugurada em Muria\\u00e9 - A Not\\u00edcia Online\",\"description\":\"Foi inaugurada, no \\u00faltimo s\\u00e1bado (29), no cora\\u00e7\\u00e3o comercial de Muria\\u00e9, a Loja Proposital, especializada nas maiores tend\\u00eancias da moda, a pre\\u00e7os populares, com excelente atendimento. Dos s\\u00f3cios Layla e Bruno Lacerda, que j\\u00e1 trabalham no ramo h\\u00e1 15 anos na vizinha Leopoldina, a Proposital oferece roupas e acess\\u00f3rios femininos de qualidade. \\u201cTrabalhamos com toda\",\"inLanguage\":\"pt-BR\",\"isPartOf\":{\"@id\":\"https:\\\/\\\/anoticiaonline.com.br\\\/site\\\/#website\"},\"breadcrumb\":{\"@id\":\"https:\\\/\\\/anoticiaonline.com.br\\\/site\\\/loja-proposital-e-inaugurada-em-muriae\\\/#breadcrumblist\"},\"author\":{\"@id\":\"https:\\\/\\\/anoticiaonline.com.br\\\/site\\\/author\\\/leandro\\\/#author\"},\"creator\":{\"@id\":\"https:\\\/\\\/anoticiaonline.com.br\\\/site\\\/author\\\/leandro\\\/#author\"},\"image\":{\"@type\":\"ImageObject\",\"url\":\"https:\\\/\\\/anoticiaonline.com.br\\\/site\\\/wp-content\\\/uploads\\\/2018\\\/10\\\/Proposital.jpg\",\"@id\":\"https:\\\/\\\/anoticiaonline.com.br\\\/site\\\/loja-proposital-e-inaugurada-em-muriae\\\/#mainImage\",\"width\":1000,\"height\":350},\"primaryImageOfPage\":{\"@id\":\"https:\\\/\\\/anoticiaonline.com.br\\\/site\\\/loja-proposital-e-inaugurada-em-muriae\\\/#mainImage\"},\"datePublished\":\"2018-10-03T17:46:52-03:00\",\"dateModified\":\"2018-10-03T17:46:52-03:00\"},{\"@type\":\"WebSite\",\"@id\":\"https:\\\/\\\/anoticiaonline.com.br\\\/site\\\/#website\",\"url\":\"https:\\\/\\\/anoticiaonline.com.br\\\/site\\\/\",\"name\":\"A Not\\u00edcia Online\",\"description\":\"Noticias de Muria\\u00e9 e regi\\u00e3o\",\"inLanguage\":\"pt-BR\",\"publisher\":{\"@id\":\"https:\\\/\\\/anoticiaonline.com.br\\\/site\\\/#organization\"}}]}\n\t\t<\/script>\n\t\t<!-- All in One SEO -->\n\n","aioseo_head_json":{"title":"Loja Proposital \u00e9 inaugurada em Muria\u00e9 - A Not\u00edcia Online","description":"Foi inaugurada, no \u00faltimo s\u00e1bado (29), no cora\u00e7\u00e3o comercial de Muria\u00e9, a Loja Proposital, especializada nas maiores tend\u00eancias da moda, a pre\u00e7os populares, com excelente atendimento. Dos s\u00f3cios Layla e Bruno Lacerda, que j\u00e1 trabalham no ramo h\u00e1 15 anos na vizinha Leopoldina, a Proposital oferece roupas e acess\u00f3rios femininos de qualidade. \u201cTrabalhamos com toda","canonical_url":"https:\/\/anoticiaonline.com.br\/site\/loja-proposital-e-inaugurada-em-muriae\/","robots":"max-image-preview:large","keywords":"","webmasterTools":{"miscellaneous":""},"schema":{"@context":"https:\/\/schema.org","@graph":[{"@type":"BlogPosting","@id":"https:\/\/anoticiaonline.com.br\/site\/loja-proposital-e-inaugurada-em-muriae\/#blogposting","name":"Loja Proposital \u00e9 inaugurada em Muria\u00e9 - A Not\u00edcia Online","headline":"Loja Proposital \u00e9 inaugurada em Muria\u00e9","author":{"@id":"https:\/\/anoticiaonline.com.br\/site\/author\/leandro\/#author"},"publisher":{"@id":"https:\/\/anoticiaonline.com.br\/site\/#organization"},"image":{"@type":"ImageObject","url":"https:\/\/anoticiaonline.com.br\/site\/wp-content\/uploads\/2018\/10\/Proposital.jpg","width":1000,"height":350},"datePublished":"2018-10-03T17:46:52-03:00","dateModified":"2018-10-03T17:46:52-03:00","inLanguage":"pt-BR","mainEntityOfPage":{"@id":"https:\/\/anoticiaonline.com.br\/site\/loja-proposital-e-inaugurada-em-muriae\/#webpage"},"isPartOf":{"@id":"https:\/\/anoticiaonline.com.br\/site\/loja-proposital-e-inaugurada-em-muriae\/#webpage"},"articleSection":"Blog, Eventos, Loja Proposital, pantacourt"},{"@type":"BreadcrumbList","@id":"https:\/\/anoticiaonline.com.br\/site\/loja-proposital-e-inaugurada-em-muriae\/#breadcrumblist","itemListElement":[{"@type":"ListItem","@id":"https:\/\/anoticiaonline.com.br\/site#listItem","position":1,"name":"Home","item":"https:\/\/anoticiaonline.com.br\/site","nextItem":{"@type":"ListItem","@id":"https:\/\/anoticiaonline.com.br\/site\/categoria\/eventos\/#listItem","name":"Eventos"}},{"@type":"ListItem","@id":"https:\/\/anoticiaonline.com.br\/site\/categoria\/eventos\/#listItem","position":2,"name":"Eventos","item":"https:\/\/anoticiaonline.com.br\/site\/categoria\/eventos\/","nextItem":{"@type":"ListItem","@id":"https:\/\/anoticiaonline.com.br\/site\/loja-proposital-e-inaugurada-em-muriae\/#listItem","name":"Loja Proposital \u00e9 inaugurada em Muria\u00e9"},"previousItem":{"@type":"ListItem","@id":"https:\/\/anoticiaonline.com.br\/site#listItem","name":"Home"}},{"@type":"ListItem","@id":"https:\/\/anoticiaonline.com.br\/site\/loja-proposital-e-inaugurada-em-muriae\/#listItem","position":3,"name":"Loja Proposital \u00e9 inaugurada em Muria\u00e9","previousItem":{"@type":"ListItem","@id":"https:\/\/anoticiaonline.com.br\/site\/categoria\/eventos\/#listItem","name":"Eventos"}}]},{"@type":"Organization","@id":"https:\/\/anoticiaonline.com.br\/site\/#organization","name":"A Not\u00edcia Online","description":"Noticias de Muria\u00e9 e regi\u00e3o","url":"https:\/\/anoticiaonline.com.br\/site\/","logo":{"@type":"ImageObject","url":"https:\/\/scontent-gig4-1.xx.fbcdn.net\/v\/t39.30808-1\/270437624_4564083193639691_6907940295614233970_n.jpg?stp=dst-jpg_s200x200_tt6&_nc_cat=111&ccb=1-7&_nc_sid=f907e8&_nc_ohc=SM1wRlP3lJwQ7kNvwEPuBYA&_nc_oc=AdnqrjDN_BNjSSHWO-GbkIWH6fkGMLw4bqvL_NH6e2wMveX7G-rP2dAqsDSq1mJMOaY&_nc_zt=24&_nc_ht=scontent-gig4-1.xx&_nc_gid=AoBFJeGrT1hVaew_6rchkQ&oh=00_AfX7QmFGhQhG2jAllVgXCiM1ZrWgvtp80-Bfppyexh1QEg&oe=689E923C","@id":"https:\/\/anoticiaonline.com.br\/site\/loja-proposital-e-inaugurada-em-muriae\/#organizationLogo"},"image":{"@id":"https:\/\/anoticiaonline.com.br\/site\/loja-proposital-e-inaugurada-em-muriae\/#organizationLogo"}},{"@type":"Person","@id":"https:\/\/anoticiaonline.com.br\/site\/author\/leandro\/#author","url":"https:\/\/anoticiaonline.com.br\/site\/author\/leandro\/","name":"Leandro Bebiano","image":{"@type":"ImageObject","@id":"https:\/\/anoticiaonline.com.br\/site\/loja-proposital-e-inaugurada-em-muriae\/#authorImage","url":"https:\/\/secure.gravatar.com\/avatar\/99966a20c143db97c8590c2013307c7c234a4cca48ed5657cbb47e22a400bd5f?s=96&d=mm&r=g","width":96,"height":96,"caption":"Leandro Bebiano"}},{"@type":"WebPage","@id":"https:\/\/anoticiaonline.com.br\/site\/loja-proposital-e-inaugurada-em-muriae\/#webpage","url":"https:\/\/anoticiaonline.com.br\/site\/loja-proposital-e-inaugurada-em-muriae\/","name":"Loja Proposital \u00e9 inaugurada em Muria\u00e9 - A Not\u00edcia Online","description":"Foi inaugurada, no \u00faltimo s\u00e1bado (29), no cora\u00e7\u00e3o comercial de Muria\u00e9, a Loja Proposital, especializada nas maiores tend\u00eancias da moda, a pre\u00e7os populares, com excelente atendimento. Dos s\u00f3cios Layla e Bruno Lacerda, que j\u00e1 trabalham no ramo h\u00e1 15 anos na vizinha Leopoldina, a Proposital oferece roupas e acess\u00f3rios femininos de qualidade. \u201cTrabalhamos com toda","inLanguage":"pt-BR","isPartOf":{"@id":"https:\/\/anoticiaonline.com.br\/site\/#website"},"breadcrumb":{"@id":"https:\/\/anoticiaonline.com.br\/site\/loja-proposital-e-inaugurada-em-muriae\/#breadcrumblist"},"author":{"@id":"https:\/\/anoticiaonline.com.br\/site\/author\/leandro\/#author"},"creator":{"@id":"https:\/\/anoticiaonline.com.br\/site\/author\/leandro\/#author"},"image":{"@type":"ImageObject","url":"https:\/\/anoticiaonline.com.br\/site\/wp-content\/uploads\/2018\/10\/Proposital.jpg","@id":"https:\/\/anoticiaonline.com.br\/site\/loja-proposital-e-inaugurada-em-muriae\/#mainImage","width":1000,"height":350},"primaryImageOfPage":{"@id":"https:\/\/anoticiaonline.com.br\/site\/loja-proposital-e-inaugurada-em-muriae\/#mainImage"},"datePublished":"2018-10-03T17:46:52-03:00","dateModified":"2018-10-03T17:46:52-03:00"},{"@type":"WebSite","@id":"https:\/\/anoticiaonline.com.br\/site\/#website","url":"https:\/\/anoticiaonline.com.br\/site\/","name":"A Not\u00edcia Online","description":"Noticias de Muria\u00e9 e regi\u00e3o","inLanguage":"pt-BR","publisher":{"@id":"https:\/\/anoticiaonline.com.br\/site\/#organization"}}]},"og:locale":"pt_BR","og:site_name":"A Not\u00edcia Online - Noticias de Muria\u00e9 e regi\u00e3o","og:type":"article","og:title":"Loja Proposital \u00e9 inaugurada em Muria\u00e9 - A Not\u00edcia Online","og:description":"Foi inaugurada, no \u00faltimo s\u00e1bado (29), no cora\u00e7\u00e3o comercial de Muria\u00e9, a Loja Proposital, especializada nas maiores tend\u00eancias da moda, a pre\u00e7os populares, com excelente atendimento. Dos s\u00f3cios Layla e Bruno Lacerda, que j\u00e1 trabalham no ramo h\u00e1 15 anos na vizinha Leopoldina, a Proposital oferece roupas e acess\u00f3rios femininos de qualidade. \u201cTrabalhamos com toda","og:url":"https:\/\/anoticiaonline.com.br\/site\/loja-proposital-e-inaugurada-em-muriae\/","og:image":"https:\/\/scontent-gig4-1.xx.fbcdn.net\/v\/t39.30808-1\/270437624_4564083193639691_6907940295614233970_n.jpg?stp=dst-jpg_s200x200_tt6&#038;_nc_cat=111&#038;ccb=1-7&#038;_nc_sid=f907e8&#038;_nc_ohc=SM1wRlP3lJwQ7kNvwEPuBYA&#038;_nc_oc=AdnqrjDN_BNjSSHWO-GbkIWH6fkGMLw4bqvL_NH6e2wMveX7G-rP2dAqsDSq1mJMOaY&#038;_nc_zt=24&#038;_nc_ht=scontent-gig4-1.xx&#038;_nc_gid=AoBFJeGrT1hVaew_6rchkQ&#038;oh=00_AfX7QmFGhQhG2jAllVgXCiM1ZrWgvtp80-Bfppyexh1QEg&#038;oe=689E923C","og:image:secure_url":"https:\/\/scontent-gig4-1.xx.fbcdn.net\/v\/t39.30808-1\/270437624_4564083193639691_6907940295614233970_n.jpg?stp=dst-jpg_s200x200_tt6&#038;_nc_cat=111&#038;ccb=1-7&#038;_nc_sid=f907e8&#038;_nc_ohc=SM1wRlP3lJwQ7kNvwEPuBYA&#038;_nc_oc=AdnqrjDN_BNjSSHWO-GbkIWH6fkGMLw4bqvL_NH6e2wMveX7G-rP2dAqsDSq1mJMOaY&#038;_nc_zt=24&#038;_nc_ht=scontent-gig4-1.xx&#038;_nc_gid=AoBFJeGrT1hVaew_6rchkQ&#038;oh=00_AfX7QmFGhQhG2jAllVgXCiM1ZrWgvtp80-Bfppyexh1QEg&#038;oe=689E923C","article:published_time":"2018-10-03T20:46:52+00:00","article:modified_time":"2018-10-03T20:46:52+00:00","twitter:card":"summary_large_image","twitter:title":"Loja Proposital \u00e9 inaugurada em Muria\u00e9 - A Not\u00edcia Online","twitter:description":"Foi inaugurada, no \u00faltimo s\u00e1bado (29), no cora\u00e7\u00e3o comercial de Muria\u00e9, a Loja Proposital, especializada nas maiores tend\u00eancias da moda, a pre\u00e7os populares, com excelente atendimento. Dos s\u00f3cios Layla e Bruno Lacerda, que j\u00e1 trabalham no ramo h\u00e1 15 anos na vizinha Leopoldina, a Proposital oferece roupas e acess\u00f3rios femininos de qualidade. \u201cTrabalhamos com toda","twitter:image":"https:\/\/scontent-gig4-1.xx.fbcdn.net\/v\/t39.30808-1\/270437624_4564083193639691_6907940295614233970_n.jpg?stp=dst-jpg_s200x200_tt6&_nc_cat=111&ccb=1-7&_nc_sid=f907e8&_nc_ohc=SM1wRlP3lJwQ7kNvwEPuBYA&_nc_oc=AdnqrjDN_BNjSSHWO-GbkIWH6fkGMLw4bqvL_NH6e2wMveX7G-rP2dAqsDSq1mJMOaY&_nc_zt=24&_nc_ht=scontent-gig4-1.xx&_nc_gid=AoBFJeGrT1hVaew_6rchkQ&oh=00_AfX7QmFGhQhG2jAllVgXCiM1ZrWgvtp80-Bfppyexh1QEg&oe=689E923C"},"aioseo_meta_data":{"post_id":"62603","title":null,"description":null,"keywords":null,"keyphrases":null,"primary_term":null,"canonical_url":null,"og_title":null,"og_description":null,"og_object_type":"default","og_image_type":"default","og_image_url":null,"og_image_width":null,"og_image_height":null,"og_image_custom_url":null,"og_image_custom_fields":null,"og_video":null,"og_custom_url":null,"og_article_section":null,"og_article_tags":null,"twitter_use_og":false,"twitter_card":"default","twitter_image_type":"default","twitter_image_url":null,"twitter_image_custom_url":null,"twitter_image_custom_fields":null,"twitter_title":null,"twitter_description":null,"schema":{"blockGraphs":[],"customGraphs":[],"default":{"data":{"Article":[],"Course":[],"Dataset":[],"FAQPage":[],"Movie":[],"Person":[],"Product":[],"ProductReview":[],"Car":[],"Recipe":[],"Service":[],"SoftwareApplication":[],"WebPage":[]},"graphName":"","isEnabled":true},"graphs":[]},"schema_type":"default","schema_type_options":null,"pillar_content":false,"robots_default":true,"robots_noindex":false,"robots_noarchive":false,"robots_nosnippet":false,"robots_nofollow":false,"robots_noimageindex":false,"robots_noodp":false,"robots_notranslate":false,"robots_max_snippet":null,"robots_max_videopreview":null,"robots_max_imagepreview":"large","priority":null,"frequency":null,"local_seo":null,"breadcrumb_settings":null,"limit_modified_date":false,"ai":null,"created":"2025-08-16 21:48:18","updated":"2025-08-16 21:48:18","focus_keyword":null,"additional_keywords":null,"truseo_locale":null,"seo_analyzer_scan_date":null},"aioseo_breadcrumb":"<div class=\"aioseo-breadcrumbs\"><span class=\"aioseo-breadcrumb\">\n\t\t\t<a href=\"https:\/\/anoticiaonline.com.br\/site\" title=\"Home\">Home<\/a>\n\t\t<\/span><span class=\"aioseo-breadcrumb-separator\">&raquo;<\/span><span class=\"aioseo-breadcrumb\">\n\t\t\t<a href=\"https:\/\/anoticiaonline.com.br\/site\/categoria\/eventos\/\" title=\"Eventos\">Eventos<\/a>\n\t\t<\/span><span class=\"aioseo-breadcrumb-separator\">&raquo;<\/span><span class=\"aioseo-breadcrumb\">\n\t\t\tLoja Proposital \u00e9 inaugurada em Muria\u00e9\n\t\t<\/span><\/div>","aioseo_breadcrumb_json":[{"label":"Home","link":"https:\/\/anoticiaonline.com.br\/site"},{"label":"Eventos","link":"https:\/\/anoticiaonline.com.br\/site\/categoria\/eventos\/"},{"label":"Loja Proposital \u00e9 inaugurada em Muria\u00e9","link":"https:\/\/anoticiaonline.com.br\/site\/loja-proposital-e-inaugurada-em-muriae\/"}],"views":159,"_links":{"self":[{"href":"https:\/\/anoticiaonline.com.br\/site\/wp-json\/wp\/v2\/posts\/62603","targetHints":{"allow":["GET"]}}],"collection":[{"href":"https:\/\/anoticiaonline.com.br\/site\/wp-json\/wp\/v2\/posts"}],"about":[{"href":"https:\/\/anoticiaonline.com.br\/site\/wp-json\/wp\/v2\/types\/post"}],"author":[{"embeddable":true,"href":"https:\/\/anoticiaonline.com.br\/site\/wp-json\/wp\/v2\/users\/7"}],"replies":[{"embeddable":true,"href":"https:\/\/anoticiaonline.com.br\/site\/wp-json\/wp\/v2\/comments?post=62603"}],"version-history":[{"count":0,"href":"https:\/\/anoticiaonline.com.br\/site\/wp-json\/wp\/v2\/posts\/62603\/revisions"}],"wp:featuredmedia":[{"embeddable":true,"href":"https:\/\/anoticiaonline.com.br\/site\/wp-json\/wp\/v2\/media\/62605"}],"wp:attachment":[{"href":"https:\/\/anoticiaonline.com.br\/site\/wp-json\/wp\/v2\/media?parent=62603"}],"wp:term":[{"taxonomy":"category","embeddable":true,"href":"https:\/\/anoticiaonline.com.br\/site\/wp-json\/wp\/v2\/categories?post=62603"},{"taxonomy":"post_tag","embeddable":true,"href":"https:\/\/anoticiaonline.com.br\/site\/wp-json\/wp\/v2\/tags?post=62603"}],"curies":[{"name":"wp","href":"https:\/\/api.w.org\/{rel}","templated":true}]}}