{"id":62600,"date":"2018-10-03T15:26:22","date_gmt":"2018-10-03T18:26:22","guid":{"rendered":"http:\/\/anoticiaonline.com.br\/site\/?p=62600"},"modified":"2018-10-03T15:26:22","modified_gmt":"2018-10-03T18:26:22","slug":"defesa-civil-de-muriae-se-prepara-para-atender-periodo-chuvoso","status":"publish","type":"post","link":"https:\/\/anoticiaonline.com.br\/site\/defesa-civil-de-muriae-se-prepara-para-atender-periodo-chuvoso\/","title":{"rendered":"Defesa Civil de Muria\u00e9 se prepara para atender per\u00edodo chuvoso"},"content":{"rendered":"<p>A Prefeitura de Muria\u00e9, por meio da Coordenadoria Municipal de Prote\u00e7\u00e3o e Defesa Civil (COMPDEC), j\u00e1 tem definidas as estrat\u00e9gias de preven\u00e7\u00e3o e atua\u00e7\u00e3o durante o per\u00edodo chuvoso. O Plano de Conting\u00eancia 2018\/2019 foi apresentado nesta ter\u00e7a-feira (2) aos secret\u00e1rios municipais, cujas secretarias est\u00e3o diretamente envolvidas no atendimento emergencial em caso de enchentes e desastres.<\/p>\n<p>Durante o encontro, que aconteceu no Centro Administrativo, tamb\u00e9m foram definidos os grupos de trabalho que fazem parte do Plano de Conting\u00eancia. Contendo medidas preventivas e de a\u00e7\u00e3o, o documento possui dados de pessoas e institui\u00e7\u00f5es a serem contactadas em caso de inunda\u00e7\u00f5es, enchentes, alagamentos, deslizamento de encostas, entre outros, para atendimento e abrigo \u00e0s v\u00edtimas, assim como a estrutura dispon\u00edvel para atendimento. O objetivo \u00e9 aumentar rapidez na resposta e minimizar danos.<\/p>\n<p>Defesa Civil atua no planejamento, preven\u00e7\u00e3o e resposta a desastres naturais, oferecendo atendimento aos muriaeenses em situa\u00e7\u00f5es de risco. Localizada nas depend\u00eancias do 2\u00ba Pelot\u00e3o do Corpo de Bombeiros desde maio de 2017, por meio de parceria in\u00e9dita no estado entre a Prefeitura e a corpora\u00e7\u00e3o. A popula\u00e7\u00e3o pode entrar em contato com a Defesa Civil pelos telefones 3721-0279, 199 e 98826-9846.<\/p>\n<p><a href=\"https:\/\/anoticiaonline.com.br\/site\/wp-content\/uploads\/2018\/10\/Defesa-Civil-de-Muria\u00e9-se-prepara-para-atender-per\u00edodo-chuvoso.jpg\"><img fetchpriority=\"high\" decoding=\"async\" class=\"alignnone size-full wp-image-62601\" src=\"https:\/\/anoticiaonline.com.br\/site\/wp-content\/uploads\/2018\/10\/Defesa-Civil-de-Muria\u00e9-se-prepara-para-atender-per\u00edodo-chuvoso.jpg\" alt=\"\" width=\"1000\" height=\"667\" srcset=\"https:\/\/anoticiaonline.com.br\/site\/wp-content\/uploads\/2018\/10\/Defesa-Civil-de-Muria\u00e9-se-prepara-para-atender-per\u00edodo-chuvoso.jpg 1000w, https:\/\/anoticiaonline.com.br\/site\/wp-content\/uploads\/2018\/10\/Defesa-Civil-de-Muria\u00e9-se-prepara-para-atender-per\u00edodo-chuvoso-300x200.jpg 300w, https:\/\/anoticiaonline.com.br\/site\/wp-content\/uploads\/2018\/10\/Defesa-Civil-de-Muria\u00e9-se-prepara-para-atender-per\u00edodo-chuvoso-768x512.jpg 768w\" sizes=\"(max-width: 1000px) 100vw, 1000px\" \/><\/a><\/p>\n<p>Cr\u00e9ditos: ASCOM PMM<\/p>\n","protected":false},"excerpt":{"rendered":"<p>A Prefeitura de Muria\u00e9, por meio da Coordenadoria Municipal de Prote\u00e7\u00e3o e Defesa Civil (COMPDEC), j\u00e1 tem definidas as estrat\u00e9gias de preven\u00e7\u00e3o e atua\u00e7\u00e3o durante o per\u00edodo chuvoso. O Plano de Conting\u00eancia 2018\/2019 foi apresentado nesta ter\u00e7a-feira (2) aos secret\u00e1rios municipais, cujas secretarias est\u00e3o diretamente envolvidas no atendimento emergencial em caso de enchentes e desastres. &#8230; <a title=\"Defesa Civil de Muria\u00e9 se prepara para atender per\u00edodo chuvoso\" class=\"read-more\" href=\"https:\/\/anoticiaonline.com.br\/site\/defesa-civil-de-muriae-se-prepara-para-atender-periodo-chuvoso\/\" aria-label=\"Read more about Defesa Civil de Muria\u00e9 se prepara para atender per\u00edodo chuvoso\">Ler mais<\/a><\/p>\n","protected":false},"author":2,"featured_media":62601,"comment_status":"open","ping_status":"open","sticky":false,"template":"","format":"standard","meta":{"_acf_changed":false,"_monsterinsights_skip_tracking":false,"footnotes":""},"categories":[30,2893,1],"tags":[386,882,74],"class_list":["post-62600","post","type-post","status-publish","format-standard","has-post-thumbnail","hentry","category-muriae","category-cotidiano","category-gerais","tag-chuvas","tag-defesa-civil","tag-muriae"],"acf":[],"aioseo_notices":[],"aioseo_head":"\n\t\t<!-- All in One SEO 5.0.0.1 - aioseo.com -->\n\t<meta name=\"description\" content=\"A Prefeitura de Muria\u00e9, por meio da Coordenadoria Municipal de Prote\u00e7\u00e3o e Defesa Civil (COMPDEC), j\u00e1 tem definidas as estrat\u00e9gias de preven\u00e7\u00e3o e atua\u00e7\u00e3o durante o per\u00edodo chuvoso. O Plano de Conting\u00eancia 2018\/2019 foi apresentado nesta ter\u00e7a-feira (2) aos secret\u00e1rios municipais, cujas secretarias est\u00e3o diretamente envolvidas no atendimento emergencial em caso de enchentes e desastres.\" \/>\n\t<meta name=\"robots\" content=\"max-image-preview:large\" \/>\n\t<meta name=\"author\" content=\"Juliana Laviola\"\/>\n\t<link rel=\"canonical\" href=\"https:\/\/anoticiaonline.com.br\/site\/defesa-civil-de-muriae-se-prepara-para-atender-periodo-chuvoso\/\" \/>\n\t<meta name=\"generator\" content=\"All in One SEO (AIOSEO) 5.0.0.1\" \/>\n\t\t<meta property=\"og:locale\" content=\"pt_BR\" \/>\n\t\t<meta property=\"og:site_name\" content=\"A Not\u00edcia Online - Noticias de Muria\u00e9 e regi\u00e3o\" \/>\n\t\t<meta property=\"og:type\" content=\"article\" \/>\n\t\t<meta property=\"og:title\" content=\"Defesa Civil de Muria\u00e9 se prepara para atender per\u00edodo chuvoso - A Not\u00edcia Online\" \/>\n\t\t<meta property=\"og:description\" content=\"A Prefeitura de Muria\u00e9, por meio da Coordenadoria Municipal de Prote\u00e7\u00e3o e Defesa Civil (COMPDEC), j\u00e1 tem definidas as estrat\u00e9gias de preven\u00e7\u00e3o e atua\u00e7\u00e3o durante o per\u00edodo chuvoso. O Plano de Conting\u00eancia 2018\/2019 foi apresentado nesta ter\u00e7a-feira (2) aos secret\u00e1rios municipais, cujas secretarias est\u00e3o diretamente envolvidas no atendimento emergencial em caso de enchentes e desastres.\" \/>\n\t\t<meta property=\"og:url\" content=\"https:\/\/anoticiaonline.com.br\/site\/defesa-civil-de-muriae-se-prepara-para-atender-periodo-chuvoso\/\" \/>\n\t\t<meta property=\"og:image\" content=\"https:\/\/scontent-gig4-1.xx.fbcdn.net\/v\/t39.30808-1\/270437624_4564083193639691_6907940295614233970_n.jpg?stp=dst-jpg_s200x200_tt6&#038;_nc_cat=111&#038;ccb=1-7&#038;_nc_sid=f907e8&#038;_nc_ohc=SM1wRlP3lJwQ7kNvwEPuBYA&#038;_nc_oc=AdnqrjDN_BNjSSHWO-GbkIWH6fkGMLw4bqvL_NH6e2wMveX7G-rP2dAqsDSq1mJMOaY&#038;_nc_zt=24&#038;_nc_ht=scontent-gig4-1.xx&#038;_nc_gid=AoBFJeGrT1hVaew_6rchkQ&#038;oh=00_AfX7QmFGhQhG2jAllVgXCiM1ZrWgvtp80-Bfppyexh1QEg&#038;oe=689E923C\" \/>\n\t\t<meta property=\"og:image:secure_url\" content=\"https:\/\/scontent-gig4-1.xx.fbcdn.net\/v\/t39.30808-1\/270437624_4564083193639691_6907940295614233970_n.jpg?stp=dst-jpg_s200x200_tt6&#038;_nc_cat=111&#038;ccb=1-7&#038;_nc_sid=f907e8&#038;_nc_ohc=SM1wRlP3lJwQ7kNvwEPuBYA&#038;_nc_oc=AdnqrjDN_BNjSSHWO-GbkIWH6fkGMLw4bqvL_NH6e2wMveX7G-rP2dAqsDSq1mJMOaY&#038;_nc_zt=24&#038;_nc_ht=scontent-gig4-1.xx&#038;_nc_gid=AoBFJeGrT1hVaew_6rchkQ&#038;oh=00_AfX7QmFGhQhG2jAllVgXCiM1ZrWgvtp80-Bfppyexh1QEg&#038;oe=689E923C\" \/>\n\t\t<meta property=\"article:published_time\" content=\"2018-10-03T18:26:22+00:00\" \/>\n\t\t<meta property=\"article:modified_time\" content=\"2018-10-03T18:26:22+00:00\" \/>\n\t\t<meta name=\"twitter:card\" content=\"summary_large_image\" \/>\n\t\t<meta name=\"twitter:title\" content=\"Defesa Civil de Muria\u00e9 se prepara para atender per\u00edodo chuvoso - A Not\u00edcia Online\" \/>\n\t\t<meta name=\"twitter:description\" content=\"A Prefeitura de Muria\u00e9, por meio da Coordenadoria Municipal de Prote\u00e7\u00e3o e Defesa Civil (COMPDEC), j\u00e1 tem definidas as estrat\u00e9gias de preven\u00e7\u00e3o e atua\u00e7\u00e3o durante o per\u00edodo chuvoso. O Plano de Conting\u00eancia 2018\/2019 foi apresentado nesta ter\u00e7a-feira (2) aos secret\u00e1rios municipais, cujas secretarias est\u00e3o diretamente envolvidas no atendimento emergencial em caso de enchentes e desastres.\" \/>\n\t\t<meta name=\"twitter:image\" content=\"https:\/\/scontent-gig4-1.xx.fbcdn.net\/v\/t39.30808-1\/270437624_4564083193639691_6907940295614233970_n.jpg?stp=dst-jpg_s200x200_tt6&amp;_nc_cat=111&amp;ccb=1-7&amp;_nc_sid=f907e8&amp;_nc_ohc=SM1wRlP3lJwQ7kNvwEPuBYA&amp;_nc_oc=AdnqrjDN_BNjSSHWO-GbkIWH6fkGMLw4bqvL_NH6e2wMveX7G-rP2dAqsDSq1mJMOaY&amp;_nc_zt=24&amp;_nc_ht=scontent-gig4-1.xx&amp;_nc_gid=AoBFJeGrT1hVaew_6rchkQ&amp;oh=00_AfX7QmFGhQhG2jAllVgXCiM1ZrWgvtp80-Bfppyexh1QEg&amp;oe=689E923C\" \/>\n\t\t<script type=\"application\/ld+json\" class=\"aioseo-schema\">\n\t\t\t{\"@context\":\"https:\\\/\\\/schema.org\",\"@graph\":[{\"@type\":\"BlogPosting\",\"@id\":\"https:\\\/\\\/anoticiaonline.com.br\\\/site\\\/defesa-civil-de-muriae-se-prepara-para-atender-periodo-chuvoso\\\/#blogposting\",\"name\":\"Defesa Civil de Muria\\u00e9 se prepara para atender per\\u00edodo chuvoso - A Not\\u00edcia Online\",\"headline\":\"Defesa Civil de Muria\\u00e9 se prepara para atender per\\u00edodo chuvoso\",\"author\":{\"@id\":\"https:\\\/\\\/anoticiaonline.com.br\\\/site\\\/author\\\/juliana\\\/#author\"},\"publisher\":{\"@id\":\"https:\\\/\\\/anoticiaonline.com.br\\\/site\\\/#organization\"},\"image\":{\"@type\":\"ImageObject\",\"url\":\"https:\\\/\\\/anoticiaonline.com.br\\\/site\\\/wp-content\\\/uploads\\\/2018\\\/10\\\/Defesa-Civil-de-Muria\\u00e9-se-prepara-para-atender-per\\u00edodo-chuvoso.jpg\",\"width\":1000,\"height\":667},\"datePublished\":\"2018-10-03T15:26:22-03:00\",\"dateModified\":\"2018-10-03T15:26:22-03:00\",\"inLanguage\":\"pt-BR\",\"mainEntityOfPage\":{\"@id\":\"https:\\\/\\\/anoticiaonline.com.br\\\/site\\\/defesa-civil-de-muriae-se-prepara-para-atender-periodo-chuvoso\\\/#webpage\"},\"isPartOf\":{\"@id\":\"https:\\\/\\\/anoticiaonline.com.br\\\/site\\\/defesa-civil-de-muriae-se-prepara-para-atender-periodo-chuvoso\\\/#webpage\"},\"articleSection\":\"Blog, Cotidiano, Gerais, chuvas, defesa civil, Muria\\u00e9\"},{\"@type\":\"BreadcrumbList\",\"@id\":\"https:\\\/\\\/anoticiaonline.com.br\\\/site\\\/defesa-civil-de-muriae-se-prepara-para-atender-periodo-chuvoso\\\/#breadcrumblist\",\"itemListElement\":[{\"@type\":\"ListItem\",\"@id\":\"https:\\\/\\\/anoticiaonline.com.br\\\/site#listItem\",\"position\":1,\"name\":\"Home\",\"item\":\"https:\\\/\\\/anoticiaonline.com.br\\\/site\",\"nextItem\":{\"@type\":\"ListItem\",\"@id\":\"https:\\\/\\\/anoticiaonline.com.br\\\/site\\\/categoria\\\/muriae\\\/#listItem\",\"name\":\"Blog\"}},{\"@type\":\"ListItem\",\"@id\":\"https:\\\/\\\/anoticiaonline.com.br\\\/site\\\/categoria\\\/muriae\\\/#listItem\",\"position\":2,\"name\":\"Blog\",\"item\":\"https:\\\/\\\/anoticiaonline.com.br\\\/site\\\/categoria\\\/muriae\\\/\",\"nextItem\":{\"@type\":\"ListItem\",\"@id\":\"https:\\\/\\\/anoticiaonline.com.br\\\/site\\\/categoria\\\/muriae\\\/cotidiano\\\/#listItem\",\"name\":\"Cotidiano\"},\"previousItem\":{\"@type\":\"ListItem\",\"@id\":\"https:\\\/\\\/anoticiaonline.com.br\\\/site#listItem\",\"name\":\"Home\"}},{\"@type\":\"ListItem\",\"@id\":\"https:\\\/\\\/anoticiaonline.com.br\\\/site\\\/categoria\\\/muriae\\\/cotidiano\\\/#listItem\",\"position\":3,\"name\":\"Cotidiano\",\"item\":\"https:\\\/\\\/anoticiaonline.com.br\\\/site\\\/categoria\\\/muriae\\\/cotidiano\\\/\",\"nextItem\":{\"@type\":\"ListItem\",\"@id\":\"https:\\\/\\\/anoticiaonline.com.br\\\/site\\\/defesa-civil-de-muriae-se-prepara-para-atender-periodo-chuvoso\\\/#listItem\",\"name\":\"Defesa Civil de Muria\\u00e9 se prepara para atender per\\u00edodo chuvoso\"},\"previousItem\":{\"@type\":\"ListItem\",\"@id\":\"https:\\\/\\\/anoticiaonline.com.br\\\/site\\\/categoria\\\/muriae\\\/#listItem\",\"name\":\"Blog\"}},{\"@type\":\"ListItem\",\"@id\":\"https:\\\/\\\/anoticiaonline.com.br\\\/site\\\/defesa-civil-de-muriae-se-prepara-para-atender-periodo-chuvoso\\\/#listItem\",\"position\":4,\"name\":\"Defesa Civil de Muria\\u00e9 se prepara para atender per\\u00edodo chuvoso\",\"previousItem\":{\"@type\":\"ListItem\",\"@id\":\"https:\\\/\\\/anoticiaonline.com.br\\\/site\\\/categoria\\\/muriae\\\/cotidiano\\\/#listItem\",\"name\":\"Cotidiano\"}}]},{\"@type\":\"Organization\",\"@id\":\"https:\\\/\\\/anoticiaonline.com.br\\\/site\\\/#organization\",\"name\":\"A Not\\u00edcia Online\",\"description\":\"Noticias de Muria\\u00e9 e regi\\u00e3o\",\"url\":\"https:\\\/\\\/anoticiaonline.com.br\\\/site\\\/\",\"logo\":{\"@type\":\"ImageObject\",\"url\":\"https:\\\/\\\/scontent-gig4-1.xx.fbcdn.net\\\/v\\\/t39.30808-1\\\/270437624_4564083193639691_6907940295614233970_n.jpg?stp=dst-jpg_s200x200_tt6&_nc_cat=111&ccb=1-7&_nc_sid=f907e8&_nc_ohc=SM1wRlP3lJwQ7kNvwEPuBYA&_nc_oc=AdnqrjDN_BNjSSHWO-GbkIWH6fkGMLw4bqvL_NH6e2wMveX7G-rP2dAqsDSq1mJMOaY&_nc_zt=24&_nc_ht=scontent-gig4-1.xx&_nc_gid=AoBFJeGrT1hVaew_6rchkQ&oh=00_AfX7QmFGhQhG2jAllVgXCiM1ZrWgvtp80-Bfppyexh1QEg&oe=689E923C\",\"@id\":\"https:\\\/\\\/anoticiaonline.com.br\\\/site\\\/defesa-civil-de-muriae-se-prepara-para-atender-periodo-chuvoso\\\/#organizationLogo\"},\"image\":{\"@id\":\"https:\\\/\\\/anoticiaonline.com.br\\\/site\\\/defesa-civil-de-muriae-se-prepara-para-atender-periodo-chuvoso\\\/#organizationLogo\"}},{\"@type\":\"Person\",\"@id\":\"https:\\\/\\\/anoticiaonline.com.br\\\/site\\\/author\\\/juliana\\\/#author\",\"url\":\"https:\\\/\\\/anoticiaonline.com.br\\\/site\\\/author\\\/juliana\\\/\",\"name\":\"Juliana Laviola\",\"image\":{\"@type\":\"ImageObject\",\"@id\":\"https:\\\/\\\/anoticiaonline.com.br\\\/site\\\/defesa-civil-de-muriae-se-prepara-para-atender-periodo-chuvoso\\\/#authorImage\",\"url\":\"https:\\\/\\\/secure.gravatar.com\\\/avatar\\\/b8d45f5c699b100dfaf0e543582f38f38bf94cb7ae3a5e9abf8d891a34773335?s=96&d=mm&r=g\",\"width\":96,\"height\":96,\"caption\":\"Juliana Laviola\"}},{\"@type\":\"WebPage\",\"@id\":\"https:\\\/\\\/anoticiaonline.com.br\\\/site\\\/defesa-civil-de-muriae-se-prepara-para-atender-periodo-chuvoso\\\/#webpage\",\"url\":\"https:\\\/\\\/anoticiaonline.com.br\\\/site\\\/defesa-civil-de-muriae-se-prepara-para-atender-periodo-chuvoso\\\/\",\"name\":\"Defesa Civil de Muria\\u00e9 se prepara para atender per\\u00edodo chuvoso - A Not\\u00edcia Online\",\"description\":\"A Prefeitura de Muria\\u00e9, por meio da Coordenadoria Municipal de Prote\\u00e7\\u00e3o e Defesa Civil (COMPDEC), j\\u00e1 tem definidas as estrat\\u00e9gias de preven\\u00e7\\u00e3o e atua\\u00e7\\u00e3o durante o per\\u00edodo chuvoso. O Plano de Conting\\u00eancia 2018\\\/2019 foi apresentado nesta ter\\u00e7a-feira (2) aos secret\\u00e1rios municipais, cujas secretarias est\\u00e3o diretamente envolvidas no atendimento emergencial em caso de enchentes e desastres.\",\"inLanguage\":\"pt-BR\",\"isPartOf\":{\"@id\":\"https:\\\/\\\/anoticiaonline.com.br\\\/site\\\/#website\"},\"breadcrumb\":{\"@id\":\"https:\\\/\\\/anoticiaonline.com.br\\\/site\\\/defesa-civil-de-muriae-se-prepara-para-atender-periodo-chuvoso\\\/#breadcrumblist\"},\"author\":{\"@id\":\"https:\\\/\\\/anoticiaonline.com.br\\\/site\\\/author\\\/juliana\\\/#author\"},\"creator\":{\"@id\":\"https:\\\/\\\/anoticiaonline.com.br\\\/site\\\/author\\\/juliana\\\/#author\"},\"image\":{\"@type\":\"ImageObject\",\"url\":\"https:\\\/\\\/anoticiaonline.com.br\\\/site\\\/wp-content\\\/uploads\\\/2018\\\/10\\\/Defesa-Civil-de-Muria\\u00e9-se-prepara-para-atender-per\\u00edodo-chuvoso.jpg\",\"@id\":\"https:\\\/\\\/anoticiaonline.com.br\\\/site\\\/defesa-civil-de-muriae-se-prepara-para-atender-periodo-chuvoso\\\/#mainImage\",\"width\":1000,\"height\":667},\"primaryImageOfPage\":{\"@id\":\"https:\\\/\\\/anoticiaonline.com.br\\\/site\\\/defesa-civil-de-muriae-se-prepara-para-atender-periodo-chuvoso\\\/#mainImage\"},\"datePublished\":\"2018-10-03T15:26:22-03:00\",\"dateModified\":\"2018-10-03T15:26:22-03:00\"},{\"@type\":\"WebSite\",\"@id\":\"https:\\\/\\\/anoticiaonline.com.br\\\/site\\\/#website\",\"url\":\"https:\\\/\\\/anoticiaonline.com.br\\\/site\\\/\",\"name\":\"A Not\\u00edcia Online\",\"description\":\"Noticias de Muria\\u00e9 e regi\\u00e3o\",\"inLanguage\":\"pt-BR\",\"publisher\":{\"@id\":\"https:\\\/\\\/anoticiaonline.com.br\\\/site\\\/#organization\"}}]}\n\t\t<\/script>\n\t\t<!-- All in One SEO -->\n\n","aioseo_head_json":{"title":"Defesa Civil de Muria\u00e9 se prepara para atender per\u00edodo chuvoso - A Not\u00edcia Online","description":"A Prefeitura de Muria\u00e9, por meio da Coordenadoria Municipal de Prote\u00e7\u00e3o e Defesa Civil (COMPDEC), j\u00e1 tem definidas as estrat\u00e9gias de preven\u00e7\u00e3o e atua\u00e7\u00e3o durante o per\u00edodo chuvoso. O Plano de Conting\u00eancia 2018\/2019 foi apresentado nesta ter\u00e7a-feira (2) aos secret\u00e1rios municipais, cujas secretarias est\u00e3o diretamente envolvidas no atendimento emergencial em caso de enchentes e desastres.","canonical_url":"https:\/\/anoticiaonline.com.br\/site\/defesa-civil-de-muriae-se-prepara-para-atender-periodo-chuvoso\/","robots":"max-image-preview:large","keywords":"","webmasterTools":{"miscellaneous":""},"schema":{"@context":"https:\/\/schema.org","@graph":[{"@type":"BlogPosting","@id":"https:\/\/anoticiaonline.com.br\/site\/defesa-civil-de-muriae-se-prepara-para-atender-periodo-chuvoso\/#blogposting","name":"Defesa Civil de Muria\u00e9 se prepara para atender per\u00edodo chuvoso - A Not\u00edcia Online","headline":"Defesa Civil de Muria\u00e9 se prepara para atender per\u00edodo chuvoso","author":{"@id":"https:\/\/anoticiaonline.com.br\/site\/author\/juliana\/#author"},"publisher":{"@id":"https:\/\/anoticiaonline.com.br\/site\/#organization"},"image":{"@type":"ImageObject","url":"https:\/\/anoticiaonline.com.br\/site\/wp-content\/uploads\/2018\/10\/Defesa-Civil-de-Muria\u00e9-se-prepara-para-atender-per\u00edodo-chuvoso.jpg","width":1000,"height":667},"datePublished":"2018-10-03T15:26:22-03:00","dateModified":"2018-10-03T15:26:22-03:00","inLanguage":"pt-BR","mainEntityOfPage":{"@id":"https:\/\/anoticiaonline.com.br\/site\/defesa-civil-de-muriae-se-prepara-para-atender-periodo-chuvoso\/#webpage"},"isPartOf":{"@id":"https:\/\/anoticiaonline.com.br\/site\/defesa-civil-de-muriae-se-prepara-para-atender-periodo-chuvoso\/#webpage"},"articleSection":"Blog, Cotidiano, Gerais, chuvas, defesa civil, Muria\u00e9"},{"@type":"BreadcrumbList","@id":"https:\/\/anoticiaonline.com.br\/site\/defesa-civil-de-muriae-se-prepara-para-atender-periodo-chuvoso\/#breadcrumblist","itemListElement":[{"@type":"ListItem","@id":"https:\/\/anoticiaonline.com.br\/site#listItem","position":1,"name":"Home","item":"https:\/\/anoticiaonline.com.br\/site","nextItem":{"@type":"ListItem","@id":"https:\/\/anoticiaonline.com.br\/site\/categoria\/muriae\/#listItem","name":"Blog"}},{"@type":"ListItem","@id":"https:\/\/anoticiaonline.com.br\/site\/categoria\/muriae\/#listItem","position":2,"name":"Blog","item":"https:\/\/anoticiaonline.com.br\/site\/categoria\/muriae\/","nextItem":{"@type":"ListItem","@id":"https:\/\/anoticiaonline.com.br\/site\/categoria\/muriae\/cotidiano\/#listItem","name":"Cotidiano"},"previousItem":{"@type":"ListItem","@id":"https:\/\/anoticiaonline.com.br\/site#listItem","name":"Home"}},{"@type":"ListItem","@id":"https:\/\/anoticiaonline.com.br\/site\/categoria\/muriae\/cotidiano\/#listItem","position":3,"name":"Cotidiano","item":"https:\/\/anoticiaonline.com.br\/site\/categoria\/muriae\/cotidiano\/","nextItem":{"@type":"ListItem","@id":"https:\/\/anoticiaonline.com.br\/site\/defesa-civil-de-muriae-se-prepara-para-atender-periodo-chuvoso\/#listItem","name":"Defesa Civil de Muria\u00e9 se prepara para atender per\u00edodo chuvoso"},"previousItem":{"@type":"ListItem","@id":"https:\/\/anoticiaonline.com.br\/site\/categoria\/muriae\/#listItem","name":"Blog"}},{"@type":"ListItem","@id":"https:\/\/anoticiaonline.com.br\/site\/defesa-civil-de-muriae-se-prepara-para-atender-periodo-chuvoso\/#listItem","position":4,"name":"Defesa Civil de Muria\u00e9 se prepara para atender per\u00edodo chuvoso","previousItem":{"@type":"ListItem","@id":"https:\/\/anoticiaonline.com.br\/site\/categoria\/muriae\/cotidiano\/#listItem","name":"Cotidiano"}}]},{"@type":"Organization","@id":"https:\/\/anoticiaonline.com.br\/site\/#organization","name":"A Not\u00edcia Online","description":"Noticias de Muria\u00e9 e regi\u00e3o","url":"https:\/\/anoticiaonline.com.br\/site\/","logo":{"@type":"ImageObject","url":"https:\/\/scontent-gig4-1.xx.fbcdn.net\/v\/t39.30808-1\/270437624_4564083193639691_6907940295614233970_n.jpg?stp=dst-jpg_s200x200_tt6&_nc_cat=111&ccb=1-7&_nc_sid=f907e8&_nc_ohc=SM1wRlP3lJwQ7kNvwEPuBYA&_nc_oc=AdnqrjDN_BNjSSHWO-GbkIWH6fkGMLw4bqvL_NH6e2wMveX7G-rP2dAqsDSq1mJMOaY&_nc_zt=24&_nc_ht=scontent-gig4-1.xx&_nc_gid=AoBFJeGrT1hVaew_6rchkQ&oh=00_AfX7QmFGhQhG2jAllVgXCiM1ZrWgvtp80-Bfppyexh1QEg&oe=689E923C","@id":"https:\/\/anoticiaonline.com.br\/site\/defesa-civil-de-muriae-se-prepara-para-atender-periodo-chuvoso\/#organizationLogo"},"image":{"@id":"https:\/\/anoticiaonline.com.br\/site\/defesa-civil-de-muriae-se-prepara-para-atender-periodo-chuvoso\/#organizationLogo"}},{"@type":"Person","@id":"https:\/\/anoticiaonline.com.br\/site\/author\/juliana\/#author","url":"https:\/\/anoticiaonline.com.br\/site\/author\/juliana\/","name":"Juliana Laviola","image":{"@type":"ImageObject","@id":"https:\/\/anoticiaonline.com.br\/site\/defesa-civil-de-muriae-se-prepara-para-atender-periodo-chuvoso\/#authorImage","url":"https:\/\/secure.gravatar.com\/avatar\/b8d45f5c699b100dfaf0e543582f38f38bf94cb7ae3a5e9abf8d891a34773335?s=96&d=mm&r=g","width":96,"height":96,"caption":"Juliana Laviola"}},{"@type":"WebPage","@id":"https:\/\/anoticiaonline.com.br\/site\/defesa-civil-de-muriae-se-prepara-para-atender-periodo-chuvoso\/#webpage","url":"https:\/\/anoticiaonline.com.br\/site\/defesa-civil-de-muriae-se-prepara-para-atender-periodo-chuvoso\/","name":"Defesa Civil de Muria\u00e9 se prepara para atender per\u00edodo chuvoso - A Not\u00edcia Online","description":"A Prefeitura de Muria\u00e9, por meio da Coordenadoria Municipal de Prote\u00e7\u00e3o e Defesa Civil (COMPDEC), j\u00e1 tem definidas as estrat\u00e9gias de preven\u00e7\u00e3o e atua\u00e7\u00e3o durante o per\u00edodo chuvoso. O Plano de Conting\u00eancia 2018\/2019 foi apresentado nesta ter\u00e7a-feira (2) aos secret\u00e1rios municipais, cujas secretarias est\u00e3o diretamente envolvidas no atendimento emergencial em caso de enchentes e desastres.","inLanguage":"pt-BR","isPartOf":{"@id":"https:\/\/anoticiaonline.com.br\/site\/#website"},"breadcrumb":{"@id":"https:\/\/anoticiaonline.com.br\/site\/defesa-civil-de-muriae-se-prepara-para-atender-periodo-chuvoso\/#breadcrumblist"},"author":{"@id":"https:\/\/anoticiaonline.com.br\/site\/author\/juliana\/#author"},"creator":{"@id":"https:\/\/anoticiaonline.com.br\/site\/author\/juliana\/#author"},"image":{"@type":"ImageObject","url":"https:\/\/anoticiaonline.com.br\/site\/wp-content\/uploads\/2018\/10\/Defesa-Civil-de-Muria\u00e9-se-prepara-para-atender-per\u00edodo-chuvoso.jpg","@id":"https:\/\/anoticiaonline.com.br\/site\/defesa-civil-de-muriae-se-prepara-para-atender-periodo-chuvoso\/#mainImage","width":1000,"height":667},"primaryImageOfPage":{"@id":"https:\/\/anoticiaonline.com.br\/site\/defesa-civil-de-muriae-se-prepara-para-atender-periodo-chuvoso\/#mainImage"},"datePublished":"2018-10-03T15:26:22-03:00","dateModified":"2018-10-03T15:26:22-03:00"},{"@type":"WebSite","@id":"https:\/\/anoticiaonline.com.br\/site\/#website","url":"https:\/\/anoticiaonline.com.br\/site\/","name":"A Not\u00edcia Online","description":"Noticias de Muria\u00e9 e regi\u00e3o","inLanguage":"pt-BR","publisher":{"@id":"https:\/\/anoticiaonline.com.br\/site\/#organization"}}]},"og:locale":"pt_BR","og:site_name":"A Not\u00edcia Online - Noticias de Muria\u00e9 e regi\u00e3o","og:type":"article","og:title":"Defesa Civil de Muria\u00e9 se prepara para atender per\u00edodo chuvoso - A Not\u00edcia Online","og:description":"A Prefeitura de Muria\u00e9, por meio da Coordenadoria Municipal de Prote\u00e7\u00e3o e Defesa Civil (COMPDEC), j\u00e1 tem definidas as estrat\u00e9gias de preven\u00e7\u00e3o e atua\u00e7\u00e3o durante o per\u00edodo chuvoso. O Plano de Conting\u00eancia 2018\/2019 foi apresentado nesta ter\u00e7a-feira (2) aos secret\u00e1rios municipais, cujas secretarias est\u00e3o diretamente envolvidas no atendimento emergencial em caso de enchentes e desastres.","og:url":"https:\/\/anoticiaonline.com.br\/site\/defesa-civil-de-muriae-se-prepara-para-atender-periodo-chuvoso\/","og:image":"https:\/\/scontent-gig4-1.xx.fbcdn.net\/v\/t39.30808-1\/270437624_4564083193639691_6907940295614233970_n.jpg?stp=dst-jpg_s200x200_tt6&#038;_nc_cat=111&#038;ccb=1-7&#038;_nc_sid=f907e8&#038;_nc_ohc=SM1wRlP3lJwQ7kNvwEPuBYA&#038;_nc_oc=AdnqrjDN_BNjSSHWO-GbkIWH6fkGMLw4bqvL_NH6e2wMveX7G-rP2dAqsDSq1mJMOaY&#038;_nc_zt=24&#038;_nc_ht=scontent-gig4-1.xx&#038;_nc_gid=AoBFJeGrT1hVaew_6rchkQ&#038;oh=00_AfX7QmFGhQhG2jAllVgXCiM1ZrWgvtp80-Bfppyexh1QEg&#038;oe=689E923C","og:image:secure_url":"https:\/\/scontent-gig4-1.xx.fbcdn.net\/v\/t39.30808-1\/270437624_4564083193639691_6907940295614233970_n.jpg?stp=dst-jpg_s200x200_tt6&#038;_nc_cat=111&#038;ccb=1-7&#038;_nc_sid=f907e8&#038;_nc_ohc=SM1wRlP3lJwQ7kNvwEPuBYA&#038;_nc_oc=AdnqrjDN_BNjSSHWO-GbkIWH6fkGMLw4bqvL_NH6e2wMveX7G-rP2dAqsDSq1mJMOaY&#038;_nc_zt=24&#038;_nc_ht=scontent-gig4-1.xx&#038;_nc_gid=AoBFJeGrT1hVaew_6rchkQ&#038;oh=00_AfX7QmFGhQhG2jAllVgXCiM1ZrWgvtp80-Bfppyexh1QEg&#038;oe=689E923C","article:published_time":"2018-10-03T18:26:22+00:00","article:modified_time":"2018-10-03T18:26:22+00:00","twitter:card":"summary_large_image","twitter:title":"Defesa Civil de Muria\u00e9 se prepara para atender per\u00edodo chuvoso - A Not\u00edcia Online","twitter:description":"A Prefeitura de Muria\u00e9, por meio da Coordenadoria Municipal de Prote\u00e7\u00e3o e Defesa Civil (COMPDEC), j\u00e1 tem definidas as estrat\u00e9gias de preven\u00e7\u00e3o e atua\u00e7\u00e3o durante o per\u00edodo chuvoso. O Plano de Conting\u00eancia 2018\/2019 foi apresentado nesta ter\u00e7a-feira (2) aos secret\u00e1rios municipais, cujas secretarias est\u00e3o diretamente envolvidas no atendimento emergencial em caso de enchentes e desastres.","twitter:image":"https:\/\/scontent-gig4-1.xx.fbcdn.net\/v\/t39.30808-1\/270437624_4564083193639691_6907940295614233970_n.jpg?stp=dst-jpg_s200x200_tt6&_nc_cat=111&ccb=1-7&_nc_sid=f907e8&_nc_ohc=SM1wRlP3lJwQ7kNvwEPuBYA&_nc_oc=AdnqrjDN_BNjSSHWO-GbkIWH6fkGMLw4bqvL_NH6e2wMveX7G-rP2dAqsDSq1mJMOaY&_nc_zt=24&_nc_ht=scontent-gig4-1.xx&_nc_gid=AoBFJeGrT1hVaew_6rchkQ&oh=00_AfX7QmFGhQhG2jAllVgXCiM1ZrWgvtp80-Bfppyexh1QEg&oe=689E923C"},"aioseo_meta_data":{"post_id":"62600","title":null,"description":null,"keywords":null,"keyphrases":null,"primary_term":null,"canonical_url":null,"og_title":null,"og_description":null,"og_object_type":"default","og_image_type":"default","og_image_url":null,"og_image_width":null,"og_image_height":null,"og_image_custom_url":null,"og_image_custom_fields":null,"og_video":null,"og_custom_url":null,"og_article_section":null,"og_article_tags":null,"twitter_use_og":false,"twitter_card":"default","twitter_image_type":"default","twitter_image_url":null,"twitter_image_custom_url":null,"twitter_image_custom_fields":null,"twitter_title":null,"twitter_description":null,"schema":{"blockGraphs":[],"customGraphs":[],"default":{"data":{"Article":[],"Course":[],"Dataset":[],"FAQPage":[],"Movie":[],"Person":[],"Product":[],"ProductReview":[],"Car":[],"Recipe":[],"Service":[],"SoftwareApplication":[],"WebPage":[]},"graphName":"","isEnabled":true},"graphs":[]},"schema_type":"default","schema_type_options":null,"pillar_content":false,"robots_default":true,"robots_noindex":false,"robots_noarchive":false,"robots_nosnippet":false,"robots_nofollow":false,"robots_noimageindex":false,"robots_noodp":false,"robots_notranslate":false,"robots_max_snippet":null,"robots_max_videopreview":null,"robots_max_imagepreview":"large","priority":null,"frequency":null,"local_seo":null,"breadcrumb_settings":null,"limit_modified_date":false,"ai":null,"created":"2025-08-16 21:48:18","updated":"2025-08-16 21:48:18","focus_keyword":null,"additional_keywords":null,"truseo_locale":null,"seo_analyzer_scan_date":null},"aioseo_breadcrumb":"<div class=\"aioseo-breadcrumbs\"><span class=\"aioseo-breadcrumb\">\n\t\t\t<a href=\"https:\/\/anoticiaonline.com.br\/site\" title=\"Home\">Home<\/a>\n\t\t<\/span><span class=\"aioseo-breadcrumb-separator\">&raquo;<\/span><span class=\"aioseo-breadcrumb\">\n\t\t\t<a href=\"https:\/\/anoticiaonline.com.br\/site\/categoria\/muriae\/\" title=\"Blog\">Blog<\/a>\n\t\t<\/span><span class=\"aioseo-breadcrumb-separator\">&raquo;<\/span><span class=\"aioseo-breadcrumb\">\n\t\t\t<a href=\"https:\/\/anoticiaonline.com.br\/site\/categoria\/muriae\/cotidiano\/\" title=\"Cotidiano\">Cotidiano<\/a>\n\t\t<\/span><span class=\"aioseo-breadcrumb-separator\">&raquo;<\/span><span class=\"aioseo-breadcrumb\">\n\t\t\tDefesa Civil de Muria\u00e9 se prepara para atender per\u00edodo chuvoso\n\t\t<\/span><\/div>","aioseo_breadcrumb_json":[{"label":"Home","link":"https:\/\/anoticiaonline.com.br\/site"},{"label":"Blog","link":"https:\/\/anoticiaonline.com.br\/site\/categoria\/muriae\/"},{"label":"Cotidiano","link":"https:\/\/anoticiaonline.com.br\/site\/categoria\/muriae\/cotidiano\/"},{"label":"Defesa Civil de Muria\u00e9 se prepara para atender per\u00edodo chuvoso","link":"https:\/\/anoticiaonline.com.br\/site\/defesa-civil-de-muriae-se-prepara-para-atender-periodo-chuvoso\/"}],"views":172,"_links":{"self":[{"href":"https:\/\/anoticiaonline.com.br\/site\/wp-json\/wp\/v2\/posts\/62600","targetHints":{"allow":["GET"]}}],"collection":[{"href":"https:\/\/anoticiaonline.com.br\/site\/wp-json\/wp\/v2\/posts"}],"about":[{"href":"https:\/\/anoticiaonline.com.br\/site\/wp-json\/wp\/v2\/types\/post"}],"author":[{"embeddable":true,"href":"https:\/\/anoticiaonline.com.br\/site\/wp-json\/wp\/v2\/users\/2"}],"replies":[{"embeddable":true,"href":"https:\/\/anoticiaonline.com.br\/site\/wp-json\/wp\/v2\/comments?post=62600"}],"version-history":[{"count":0,"href":"https:\/\/anoticiaonline.com.br\/site\/wp-json\/wp\/v2\/posts\/62600\/revisions"}],"wp:featuredmedia":[{"embeddable":true,"href":"https:\/\/anoticiaonline.com.br\/site\/wp-json\/wp\/v2\/media\/62601"}],"wp:attachment":[{"href":"https:\/\/anoticiaonline.com.br\/site\/wp-json\/wp\/v2\/media?parent=62600"}],"wp:term":[{"taxonomy":"category","embeddable":true,"href":"https:\/\/anoticiaonline.com.br\/site\/wp-json\/wp\/v2\/categories?post=62600"},{"taxonomy":"post_tag","embeddable":true,"href":"https:\/\/anoticiaonline.com.br\/site\/wp-json\/wp\/v2\/tags?post=62600"}],"curies":[{"name":"wp","href":"https:\/\/api.w.org\/{rel}","templated":true}]}}