{"id":62596,"date":"2018-10-03T12:31:44","date_gmt":"2018-10-03T15:31:44","guid":{"rendered":"http:\/\/anoticiaonline.com.br\/site\/?p=62596"},"modified":"2018-10-03T12:31:44","modified_gmt":"2018-10-03T15:31:44","slug":"candidatos-de-muriae-tentam-vagas-na-assembleia-legislativa-de-minas-gerais-e-na-camara-dos-deputados","status":"publish","type":"post","link":"https:\/\/anoticiaonline.com.br\/site\/candidatos-de-muriae-tentam-vagas-na-assembleia-legislativa-de-minas-gerais-e-na-camara-dos-deputados\/","title":{"rendered":"Candidatos de Muria\u00e9 tentam vagas na Assembleia Legislativa de Minas Gerais e na C\u00e2mara dos Deputados"},"content":{"rendered":"<p>A Zona da Mata mineira possui 159 candidatos a deputados espalhados por 37 cidades.\u00a0Segundo levantamento feito pelo jornal Tribuna de Minas, 96 nomes tentando uma das 77 cadeiras em jogo na Assembleia Legislativa de Minas Gerais (ALMG) e 63 pleiteando uma das 53 vagas mineiras na C\u00e2mara dos Deputados.<\/p>\n<p>Muria\u00e9 possui, ao todo, 17 candidatos, oito disputam o cargo de deputado federal e nove ao de deputado estadual. Ainda de acordo com o Tribuna de Minas, entre todos os candidatos com domic\u00edlio eleitoral na Zona da Mata, 34 nasceram em Juiz de Fora, 13 em Muri\u00e1e e nove no Rio de Janeiro (capital) e em Ub\u00e1. De acordo com dados do Tribunal Regional Eleitoral (TRE) de Minas Gerais, entre as profiss\u00f5es mais recorrentes entre os candidatos aparecem empres\u00e1rios (14), deputados (11), advogados (10) e m\u00e9dicos (9).<\/p>\n<p>Seguem abaixo os nomes dos candidatos de Muria\u00e9:<\/p>\n<p><strong>Deputado federal:<\/strong><\/p>\n<p>&#8211; Merim Toco (Avante)<\/p>\n<p>&#8211; Juliarina Cruz (Podemos)<\/p>\n<p>&#8211; Lynaldo Silva (Rede)<\/p>\n<p>&#8211; Marley Pe\u00e7anha (PHS)<\/p>\n<p>&#8211; Agente Maycon Ariel (PRTB)<\/p>\n<p>&#8211; Misael Varella (PSD)<\/p>\n<p>&#8211; Paulo Sergio Amaral (PP)<\/p>\n<p>&#8211; Pedro Bandeira (PSL)<\/p>\n<p><strong>Deputado estadual:<\/strong><\/p>\n<p>&#8211; Braulio Braz (PTB)<\/p>\n<p>&#8211; Dr. Carlos Wilson (PHS)<\/p>\n<p>&#8211; Cleuza do Gaspar (Avante)<\/p>\n<p>&#8211; Professor Jo\u00e3o Francisco (PDT)<\/p>\n<p>&#8211; Jos\u00e9 Felix (Avante)<\/p>\n<p>&#8211; Sergio Dias Henriques (PSD)<\/p>\n<p>&#8211; Silvin Soares (PCdoB)<\/p>\n<p>&#8211; Locutor Weliton (PSL)<\/p>\n<p>&#8211; Dr. Wilson Batista (PSD)<\/p>\n<p><a href=\"https:\/\/anoticiaonline.com.br\/site\/wp-content\/uploads\/2018\/10\/Candidatos-de-Muria\u00e9-tentam-vagas-na-Assembleia-Legislativa-de-Minas-Gerais-e-na-C\u00e2mara-dos-Deputados-1.jpeg\"><img fetchpriority=\"high\" decoding=\"async\" class=\"alignnone size-full wp-image-62598\" src=\"https:\/\/anoticiaonline.com.br\/site\/wp-content\/uploads\/2018\/10\/Candidatos-de-Muria\u00e9-tentam-vagas-na-Assembleia-Legislativa-de-Minas-Gerais-e-na-C\u00e2mara-dos-Deputados-1.jpeg\" alt=\"\" width=\"1000\" height=\"484\" srcset=\"https:\/\/anoticiaonline.com.br\/site\/wp-content\/uploads\/2018\/10\/Candidatos-de-Muria\u00e9-tentam-vagas-na-Assembleia-Legislativa-de-Minas-Gerais-e-na-C\u00e2mara-dos-Deputados-1.jpeg 1000w, https:\/\/anoticiaonline.com.br\/site\/wp-content\/uploads\/2018\/10\/Candidatos-de-Muria\u00e9-tentam-vagas-na-Assembleia-Legislativa-de-Minas-Gerais-e-na-C\u00e2mara-dos-Deputados-1-300x145.jpeg 300w, https:\/\/anoticiaonline.com.br\/site\/wp-content\/uploads\/2018\/10\/Candidatos-de-Muria\u00e9-tentam-vagas-na-Assembleia-Legislativa-de-Minas-Gerais-e-na-C\u00e2mara-dos-Deputados-1-768x372.jpeg 768w\" sizes=\"(max-width: 1000px) 100vw, 1000px\" \/><\/a><\/p>\n<p>Cr\u00e9ditos: Jornal Tribuna de Minas<\/p>\n","protected":false},"excerpt":{"rendered":"<p>A Zona da Mata mineira possui 159 candidatos a deputados espalhados por 37 cidades.\u00a0Segundo levantamento feito pelo jornal Tribuna de Minas, 96 nomes tentando uma das 77 cadeiras em jogo na Assembleia Legislativa de Minas Gerais (ALMG) e 63 pleiteando uma das 53 vagas mineiras na C\u00e2mara dos Deputados. Muria\u00e9 possui, ao todo, 17 candidatos, &#8230; <a title=\"Candidatos de Muria\u00e9 tentam vagas na Assembleia Legislativa de Minas Gerais e na C\u00e2mara dos Deputados\" class=\"read-more\" href=\"https:\/\/anoticiaonline.com.br\/site\/candidatos-de-muriae-tentam-vagas-na-assembleia-legislativa-de-minas-gerais-e-na-camara-dos-deputados\/\" aria-label=\"Read more about Candidatos de Muria\u00e9 tentam vagas na Assembleia Legislativa de Minas Gerais e na C\u00e2mara dos Deputados\">Ler mais<\/a><\/p>\n","protected":false},"author":2,"featured_media":62598,"comment_status":"open","ping_status":"open","sticky":false,"template":"","format":"standard","meta":{"_acf_changed":false,"_monsterinsights_skip_tracking":false,"footnotes":""},"categories":[30,2893],"tags":[3178,2883,419,74,3179,3172],"class_list":["post-62596","post","type-post","status-publish","format-standard","has-post-thumbnail","hentry","category-muriae","category-cotidiano","tag-candidatos","tag-eleicoes-2018","tag-minas-gerais","tag-muriae","tag-tribuna-de-minas","tag-tse"],"acf":[],"aioseo_notices":[],"aioseo_head":"\n\t\t<!-- All in One SEO 5.0.0.1 - aioseo.com -->\n\t<meta name=\"description\" content=\"A Zona da Mata mineira possui 159 candidatos a deputados espalhados por 37 cidades. Segundo levantamento feito pelo jornal Tribuna de Minas, 96 nomes tentando uma das 77 cadeiras em jogo na Assembleia Legislativa de Minas Gerais (ALMG) e 63 pleiteando uma das 53 vagas mineiras na C\u00e2mara dos Deputados. Muria\u00e9 possui, ao todo, 17 candidatos,\" \/>\n\t<meta name=\"robots\" content=\"max-image-preview:large\" \/>\n\t<meta name=\"author\" content=\"Juliana Laviola\"\/>\n\t<link rel=\"canonical\" href=\"https:\/\/anoticiaonline.com.br\/site\/candidatos-de-muriae-tentam-vagas-na-assembleia-legislativa-de-minas-gerais-e-na-camara-dos-deputados\/\" \/>\n\t<meta name=\"generator\" content=\"All in One SEO (AIOSEO) 5.0.0.1\" \/>\n\t\t<meta property=\"og:locale\" content=\"pt_BR\" \/>\n\t\t<meta property=\"og:site_name\" content=\"A Not\u00edcia Online - Noticias de Muria\u00e9 e regi\u00e3o\" \/>\n\t\t<meta property=\"og:type\" content=\"article\" \/>\n\t\t<meta property=\"og:title\" content=\"Candidatos de Muria\u00e9 tentam vagas na Assembleia Legislativa de Minas Gerais e na C\u00e2mara dos Deputados - A Not\u00edcia Online\" \/>\n\t\t<meta property=\"og:description\" content=\"A Zona da Mata mineira possui 159 candidatos a deputados espalhados por 37 cidades. Segundo levantamento feito pelo jornal Tribuna de Minas, 96 nomes tentando uma das 77 cadeiras em jogo na Assembleia Legislativa de Minas Gerais (ALMG) e 63 pleiteando uma das 53 vagas mineiras na C\u00e2mara dos Deputados. Muria\u00e9 possui, ao todo, 17 candidatos,\" \/>\n\t\t<meta property=\"og:url\" content=\"https:\/\/anoticiaonline.com.br\/site\/candidatos-de-muriae-tentam-vagas-na-assembleia-legislativa-de-minas-gerais-e-na-camara-dos-deputados\/\" \/>\n\t\t<meta property=\"og:image\" content=\"https:\/\/scontent-gig4-1.xx.fbcdn.net\/v\/t39.30808-1\/270437624_4564083193639691_6907940295614233970_n.jpg?stp=dst-jpg_s200x200_tt6&#038;_nc_cat=111&#038;ccb=1-7&#038;_nc_sid=f907e8&#038;_nc_ohc=SM1wRlP3lJwQ7kNvwEPuBYA&#038;_nc_oc=AdnqrjDN_BNjSSHWO-GbkIWH6fkGMLw4bqvL_NH6e2wMveX7G-rP2dAqsDSq1mJMOaY&#038;_nc_zt=24&#038;_nc_ht=scontent-gig4-1.xx&#038;_nc_gid=AoBFJeGrT1hVaew_6rchkQ&#038;oh=00_AfX7QmFGhQhG2jAllVgXCiM1ZrWgvtp80-Bfppyexh1QEg&#038;oe=689E923C\" \/>\n\t\t<meta property=\"og:image:secure_url\" content=\"https:\/\/scontent-gig4-1.xx.fbcdn.net\/v\/t39.30808-1\/270437624_4564083193639691_6907940295614233970_n.jpg?stp=dst-jpg_s200x200_tt6&#038;_nc_cat=111&#038;ccb=1-7&#038;_nc_sid=f907e8&#038;_nc_ohc=SM1wRlP3lJwQ7kNvwEPuBYA&#038;_nc_oc=AdnqrjDN_BNjSSHWO-GbkIWH6fkGMLw4bqvL_NH6e2wMveX7G-rP2dAqsDSq1mJMOaY&#038;_nc_zt=24&#038;_nc_ht=scontent-gig4-1.xx&#038;_nc_gid=AoBFJeGrT1hVaew_6rchkQ&#038;oh=00_AfX7QmFGhQhG2jAllVgXCiM1ZrWgvtp80-Bfppyexh1QEg&#038;oe=689E923C\" \/>\n\t\t<meta property=\"article:published_time\" content=\"2018-10-03T15:31:44+00:00\" \/>\n\t\t<meta property=\"article:modified_time\" content=\"2018-10-03T15:31:44+00:00\" \/>\n\t\t<meta name=\"twitter:card\" content=\"summary_large_image\" \/>\n\t\t<meta name=\"twitter:title\" content=\"Candidatos de Muria\u00e9 tentam vagas na Assembleia Legislativa de Minas Gerais e na C\u00e2mara dos Deputados - A Not\u00edcia Online\" \/>\n\t\t<meta name=\"twitter:description\" content=\"A Zona da Mata mineira possui 159 candidatos a deputados espalhados por 37 cidades. Segundo levantamento feito pelo jornal Tribuna de Minas, 96 nomes tentando uma das 77 cadeiras em jogo na Assembleia Legislativa de Minas Gerais (ALMG) e 63 pleiteando uma das 53 vagas mineiras na C\u00e2mara dos Deputados. Muria\u00e9 possui, ao todo, 17 candidatos,\" \/>\n\t\t<meta name=\"twitter:image\" content=\"https:\/\/scontent-gig4-1.xx.fbcdn.net\/v\/t39.30808-1\/270437624_4564083193639691_6907940295614233970_n.jpg?stp=dst-jpg_s200x200_tt6&amp;_nc_cat=111&amp;ccb=1-7&amp;_nc_sid=f907e8&amp;_nc_ohc=SM1wRlP3lJwQ7kNvwEPuBYA&amp;_nc_oc=AdnqrjDN_BNjSSHWO-GbkIWH6fkGMLw4bqvL_NH6e2wMveX7G-rP2dAqsDSq1mJMOaY&amp;_nc_zt=24&amp;_nc_ht=scontent-gig4-1.xx&amp;_nc_gid=AoBFJeGrT1hVaew_6rchkQ&amp;oh=00_AfX7QmFGhQhG2jAllVgXCiM1ZrWgvtp80-Bfppyexh1QEg&amp;oe=689E923C\" \/>\n\t\t<script type=\"application\/ld+json\" class=\"aioseo-schema\">\n\t\t\t{\"@context\":\"https:\\\/\\\/schema.org\",\"@graph\":[{\"@type\":\"BlogPosting\",\"@id\":\"https:\\\/\\\/anoticiaonline.com.br\\\/site\\\/candidatos-de-muriae-tentam-vagas-na-assembleia-legislativa-de-minas-gerais-e-na-camara-dos-deputados\\\/#blogposting\",\"name\":\"Candidatos de Muria\\u00e9 tentam vagas na Assembleia Legislativa de Minas Gerais e na C\\u00e2mara dos Deputados - A Not\\u00edcia Online\",\"headline\":\"Candidatos de Muria\\u00e9 tentam vagas na Assembleia Legislativa de Minas Gerais e na C\\u00e2mara dos Deputados\",\"author\":{\"@id\":\"https:\\\/\\\/anoticiaonline.com.br\\\/site\\\/author\\\/juliana\\\/#author\"},\"publisher\":{\"@id\":\"https:\\\/\\\/anoticiaonline.com.br\\\/site\\\/#organization\"},\"image\":{\"@type\":\"ImageObject\",\"url\":\"https:\\\/\\\/anoticiaonline.com.br\\\/site\\\/wp-content\\\/uploads\\\/2018\\\/10\\\/Candidatos-de-Muria\\u00e9-tentam-vagas-na-Assembleia-Legislativa-de-Minas-Gerais-e-na-C\\u00e2mara-dos-Deputados-1.jpeg\",\"width\":1000,\"height\":484},\"datePublished\":\"2018-10-03T12:31:44-03:00\",\"dateModified\":\"2018-10-03T12:31:44-03:00\",\"inLanguage\":\"pt-BR\",\"mainEntityOfPage\":{\"@id\":\"https:\\\/\\\/anoticiaonline.com.br\\\/site\\\/candidatos-de-muriae-tentam-vagas-na-assembleia-legislativa-de-minas-gerais-e-na-camara-dos-deputados\\\/#webpage\"},\"isPartOf\":{\"@id\":\"https:\\\/\\\/anoticiaonline.com.br\\\/site\\\/candidatos-de-muriae-tentam-vagas-na-assembleia-legislativa-de-minas-gerais-e-na-camara-dos-deputados\\\/#webpage\"},\"articleSection\":\"Blog, Cotidiano, candidatos, ELEI\\u00c7\\u00d5ES 2018, minas gerais, Muria\\u00e9, tribuna de minas, tse\"},{\"@type\":\"BreadcrumbList\",\"@id\":\"https:\\\/\\\/anoticiaonline.com.br\\\/site\\\/candidatos-de-muriae-tentam-vagas-na-assembleia-legislativa-de-minas-gerais-e-na-camara-dos-deputados\\\/#breadcrumblist\",\"itemListElement\":[{\"@type\":\"ListItem\",\"@id\":\"https:\\\/\\\/anoticiaonline.com.br\\\/site#listItem\",\"position\":1,\"name\":\"Home\",\"item\":\"https:\\\/\\\/anoticiaonline.com.br\\\/site\",\"nextItem\":{\"@type\":\"ListItem\",\"@id\":\"https:\\\/\\\/anoticiaonline.com.br\\\/site\\\/categoria\\\/muriae\\\/#listItem\",\"name\":\"Blog\"}},{\"@type\":\"ListItem\",\"@id\":\"https:\\\/\\\/anoticiaonline.com.br\\\/site\\\/categoria\\\/muriae\\\/#listItem\",\"position\":2,\"name\":\"Blog\",\"item\":\"https:\\\/\\\/anoticiaonline.com.br\\\/site\\\/categoria\\\/muriae\\\/\",\"nextItem\":{\"@type\":\"ListItem\",\"@id\":\"https:\\\/\\\/anoticiaonline.com.br\\\/site\\\/categoria\\\/muriae\\\/cotidiano\\\/#listItem\",\"name\":\"Cotidiano\"},\"previousItem\":{\"@type\":\"ListItem\",\"@id\":\"https:\\\/\\\/anoticiaonline.com.br\\\/site#listItem\",\"name\":\"Home\"}},{\"@type\":\"ListItem\",\"@id\":\"https:\\\/\\\/anoticiaonline.com.br\\\/site\\\/categoria\\\/muriae\\\/cotidiano\\\/#listItem\",\"position\":3,\"name\":\"Cotidiano\",\"item\":\"https:\\\/\\\/anoticiaonline.com.br\\\/site\\\/categoria\\\/muriae\\\/cotidiano\\\/\",\"nextItem\":{\"@type\":\"ListItem\",\"@id\":\"https:\\\/\\\/anoticiaonline.com.br\\\/site\\\/candidatos-de-muriae-tentam-vagas-na-assembleia-legislativa-de-minas-gerais-e-na-camara-dos-deputados\\\/#listItem\",\"name\":\"Candidatos de Muria\\u00e9 tentam vagas na Assembleia Legislativa de Minas Gerais e na C\\u00e2mara dos Deputados\"},\"previousItem\":{\"@type\":\"ListItem\",\"@id\":\"https:\\\/\\\/anoticiaonline.com.br\\\/site\\\/categoria\\\/muriae\\\/#listItem\",\"name\":\"Blog\"}},{\"@type\":\"ListItem\",\"@id\":\"https:\\\/\\\/anoticiaonline.com.br\\\/site\\\/candidatos-de-muriae-tentam-vagas-na-assembleia-legislativa-de-minas-gerais-e-na-camara-dos-deputados\\\/#listItem\",\"position\":4,\"name\":\"Candidatos de Muria\\u00e9 tentam vagas na Assembleia Legislativa de Minas Gerais e na C\\u00e2mara dos Deputados\",\"previousItem\":{\"@type\":\"ListItem\",\"@id\":\"https:\\\/\\\/anoticiaonline.com.br\\\/site\\\/categoria\\\/muriae\\\/cotidiano\\\/#listItem\",\"name\":\"Cotidiano\"}}]},{\"@type\":\"Organization\",\"@id\":\"https:\\\/\\\/anoticiaonline.com.br\\\/site\\\/#organization\",\"name\":\"A Not\\u00edcia Online\",\"description\":\"Noticias de Muria\\u00e9 e regi\\u00e3o\",\"url\":\"https:\\\/\\\/anoticiaonline.com.br\\\/site\\\/\",\"logo\":{\"@type\":\"ImageObject\",\"url\":\"https:\\\/\\\/scontent-gig4-1.xx.fbcdn.net\\\/v\\\/t39.30808-1\\\/270437624_4564083193639691_6907940295614233970_n.jpg?stp=dst-jpg_s200x200_tt6&_nc_cat=111&ccb=1-7&_nc_sid=f907e8&_nc_ohc=SM1wRlP3lJwQ7kNvwEPuBYA&_nc_oc=AdnqrjDN_BNjSSHWO-GbkIWH6fkGMLw4bqvL_NH6e2wMveX7G-rP2dAqsDSq1mJMOaY&_nc_zt=24&_nc_ht=scontent-gig4-1.xx&_nc_gid=AoBFJeGrT1hVaew_6rchkQ&oh=00_AfX7QmFGhQhG2jAllVgXCiM1ZrWgvtp80-Bfppyexh1QEg&oe=689E923C\",\"@id\":\"https:\\\/\\\/anoticiaonline.com.br\\\/site\\\/candidatos-de-muriae-tentam-vagas-na-assembleia-legislativa-de-minas-gerais-e-na-camara-dos-deputados\\\/#organizationLogo\"},\"image\":{\"@id\":\"https:\\\/\\\/anoticiaonline.com.br\\\/site\\\/candidatos-de-muriae-tentam-vagas-na-assembleia-legislativa-de-minas-gerais-e-na-camara-dos-deputados\\\/#organizationLogo\"}},{\"@type\":\"Person\",\"@id\":\"https:\\\/\\\/anoticiaonline.com.br\\\/site\\\/author\\\/juliana\\\/#author\",\"url\":\"https:\\\/\\\/anoticiaonline.com.br\\\/site\\\/author\\\/juliana\\\/\",\"name\":\"Juliana Laviola\",\"image\":{\"@type\":\"ImageObject\",\"@id\":\"https:\\\/\\\/anoticiaonline.com.br\\\/site\\\/candidatos-de-muriae-tentam-vagas-na-assembleia-legislativa-de-minas-gerais-e-na-camara-dos-deputados\\\/#authorImage\",\"url\":\"https:\\\/\\\/secure.gravatar.com\\\/avatar\\\/b8d45f5c699b100dfaf0e543582f38f38bf94cb7ae3a5e9abf8d891a34773335?s=96&d=mm&r=g\",\"width\":96,\"height\":96,\"caption\":\"Juliana Laviola\"}},{\"@type\":\"WebPage\",\"@id\":\"https:\\\/\\\/anoticiaonline.com.br\\\/site\\\/candidatos-de-muriae-tentam-vagas-na-assembleia-legislativa-de-minas-gerais-e-na-camara-dos-deputados\\\/#webpage\",\"url\":\"https:\\\/\\\/anoticiaonline.com.br\\\/site\\\/candidatos-de-muriae-tentam-vagas-na-assembleia-legislativa-de-minas-gerais-e-na-camara-dos-deputados\\\/\",\"name\":\"Candidatos de Muria\\u00e9 tentam vagas na Assembleia Legislativa de Minas Gerais e na C\\u00e2mara dos Deputados - A Not\\u00edcia Online\",\"description\":\"A Zona da Mata mineira possui 159 candidatos a deputados espalhados por 37 cidades. Segundo levantamento feito pelo jornal Tribuna de Minas, 96 nomes tentando uma das 77 cadeiras em jogo na Assembleia Legislativa de Minas Gerais (ALMG) e 63 pleiteando uma das 53 vagas mineiras na C\\u00e2mara dos Deputados. Muria\\u00e9 possui, ao todo, 17 candidatos,\",\"inLanguage\":\"pt-BR\",\"isPartOf\":{\"@id\":\"https:\\\/\\\/anoticiaonline.com.br\\\/site\\\/#website\"},\"breadcrumb\":{\"@id\":\"https:\\\/\\\/anoticiaonline.com.br\\\/site\\\/candidatos-de-muriae-tentam-vagas-na-assembleia-legislativa-de-minas-gerais-e-na-camara-dos-deputados\\\/#breadcrumblist\"},\"author\":{\"@id\":\"https:\\\/\\\/anoticiaonline.com.br\\\/site\\\/author\\\/juliana\\\/#author\"},\"creator\":{\"@id\":\"https:\\\/\\\/anoticiaonline.com.br\\\/site\\\/author\\\/juliana\\\/#author\"},\"image\":{\"@type\":\"ImageObject\",\"url\":\"https:\\\/\\\/anoticiaonline.com.br\\\/site\\\/wp-content\\\/uploads\\\/2018\\\/10\\\/Candidatos-de-Muria\\u00e9-tentam-vagas-na-Assembleia-Legislativa-de-Minas-Gerais-e-na-C\\u00e2mara-dos-Deputados-1.jpeg\",\"@id\":\"https:\\\/\\\/anoticiaonline.com.br\\\/site\\\/candidatos-de-muriae-tentam-vagas-na-assembleia-legislativa-de-minas-gerais-e-na-camara-dos-deputados\\\/#mainImage\",\"width\":1000,\"height\":484},\"primaryImageOfPage\":{\"@id\":\"https:\\\/\\\/anoticiaonline.com.br\\\/site\\\/candidatos-de-muriae-tentam-vagas-na-assembleia-legislativa-de-minas-gerais-e-na-camara-dos-deputados\\\/#mainImage\"},\"datePublished\":\"2018-10-03T12:31:44-03:00\",\"dateModified\":\"2018-10-03T12:31:44-03:00\"},{\"@type\":\"WebSite\",\"@id\":\"https:\\\/\\\/anoticiaonline.com.br\\\/site\\\/#website\",\"url\":\"https:\\\/\\\/anoticiaonline.com.br\\\/site\\\/\",\"name\":\"A Not\\u00edcia Online\",\"description\":\"Noticias de Muria\\u00e9 e regi\\u00e3o\",\"inLanguage\":\"pt-BR\",\"publisher\":{\"@id\":\"https:\\\/\\\/anoticiaonline.com.br\\\/site\\\/#organization\"}}]}\n\t\t<\/script>\n\t\t<!-- All in One SEO -->\n\n","aioseo_head_json":{"title":"Candidatos de Muria\u00e9 tentam vagas na Assembleia Legislativa de Minas Gerais e na C\u00e2mara dos Deputados - A Not\u00edcia Online","description":"A Zona da Mata mineira possui 159 candidatos a deputados espalhados por 37 cidades. Segundo levantamento feito pelo jornal Tribuna de Minas, 96 nomes tentando uma das 77 cadeiras em jogo na Assembleia Legislativa de Minas Gerais (ALMG) e 63 pleiteando uma das 53 vagas mineiras na C\u00e2mara dos Deputados. Muria\u00e9 possui, ao todo, 17 candidatos,","canonical_url":"https:\/\/anoticiaonline.com.br\/site\/candidatos-de-muriae-tentam-vagas-na-assembleia-legislativa-de-minas-gerais-e-na-camara-dos-deputados\/","robots":"max-image-preview:large","keywords":"","webmasterTools":{"miscellaneous":""},"schema":{"@context":"https:\/\/schema.org","@graph":[{"@type":"BlogPosting","@id":"https:\/\/anoticiaonline.com.br\/site\/candidatos-de-muriae-tentam-vagas-na-assembleia-legislativa-de-minas-gerais-e-na-camara-dos-deputados\/#blogposting","name":"Candidatos de Muria\u00e9 tentam vagas na Assembleia Legislativa de Minas Gerais e na C\u00e2mara dos Deputados - A Not\u00edcia Online","headline":"Candidatos de Muria\u00e9 tentam vagas na Assembleia Legislativa de Minas Gerais e na C\u00e2mara dos Deputados","author":{"@id":"https:\/\/anoticiaonline.com.br\/site\/author\/juliana\/#author"},"publisher":{"@id":"https:\/\/anoticiaonline.com.br\/site\/#organization"},"image":{"@type":"ImageObject","url":"https:\/\/anoticiaonline.com.br\/site\/wp-content\/uploads\/2018\/10\/Candidatos-de-Muria\u00e9-tentam-vagas-na-Assembleia-Legislativa-de-Minas-Gerais-e-na-C\u00e2mara-dos-Deputados-1.jpeg","width":1000,"height":484},"datePublished":"2018-10-03T12:31:44-03:00","dateModified":"2018-10-03T12:31:44-03:00","inLanguage":"pt-BR","mainEntityOfPage":{"@id":"https:\/\/anoticiaonline.com.br\/site\/candidatos-de-muriae-tentam-vagas-na-assembleia-legislativa-de-minas-gerais-e-na-camara-dos-deputados\/#webpage"},"isPartOf":{"@id":"https:\/\/anoticiaonline.com.br\/site\/candidatos-de-muriae-tentam-vagas-na-assembleia-legislativa-de-minas-gerais-e-na-camara-dos-deputados\/#webpage"},"articleSection":"Blog, Cotidiano, candidatos, ELEI\u00c7\u00d5ES 2018, minas gerais, Muria\u00e9, tribuna de minas, tse"},{"@type":"BreadcrumbList","@id":"https:\/\/anoticiaonline.com.br\/site\/candidatos-de-muriae-tentam-vagas-na-assembleia-legislativa-de-minas-gerais-e-na-camara-dos-deputados\/#breadcrumblist","itemListElement":[{"@type":"ListItem","@id":"https:\/\/anoticiaonline.com.br\/site#listItem","position":1,"name":"Home","item":"https:\/\/anoticiaonline.com.br\/site","nextItem":{"@type":"ListItem","@id":"https:\/\/anoticiaonline.com.br\/site\/categoria\/muriae\/#listItem","name":"Blog"}},{"@type":"ListItem","@id":"https:\/\/anoticiaonline.com.br\/site\/categoria\/muriae\/#listItem","position":2,"name":"Blog","item":"https:\/\/anoticiaonline.com.br\/site\/categoria\/muriae\/","nextItem":{"@type":"ListItem","@id":"https:\/\/anoticiaonline.com.br\/site\/categoria\/muriae\/cotidiano\/#listItem","name":"Cotidiano"},"previousItem":{"@type":"ListItem","@id":"https:\/\/anoticiaonline.com.br\/site#listItem","name":"Home"}},{"@type":"ListItem","@id":"https:\/\/anoticiaonline.com.br\/site\/categoria\/muriae\/cotidiano\/#listItem","position":3,"name":"Cotidiano","item":"https:\/\/anoticiaonline.com.br\/site\/categoria\/muriae\/cotidiano\/","nextItem":{"@type":"ListItem","@id":"https:\/\/anoticiaonline.com.br\/site\/candidatos-de-muriae-tentam-vagas-na-assembleia-legislativa-de-minas-gerais-e-na-camara-dos-deputados\/#listItem","name":"Candidatos de Muria\u00e9 tentam vagas na Assembleia Legislativa de Minas Gerais e na C\u00e2mara dos Deputados"},"previousItem":{"@type":"ListItem","@id":"https:\/\/anoticiaonline.com.br\/site\/categoria\/muriae\/#listItem","name":"Blog"}},{"@type":"ListItem","@id":"https:\/\/anoticiaonline.com.br\/site\/candidatos-de-muriae-tentam-vagas-na-assembleia-legislativa-de-minas-gerais-e-na-camara-dos-deputados\/#listItem","position":4,"name":"Candidatos de Muria\u00e9 tentam vagas na Assembleia Legislativa de Minas Gerais e na C\u00e2mara dos Deputados","previousItem":{"@type":"ListItem","@id":"https:\/\/anoticiaonline.com.br\/site\/categoria\/muriae\/cotidiano\/#listItem","name":"Cotidiano"}}]},{"@type":"Organization","@id":"https:\/\/anoticiaonline.com.br\/site\/#organization","name":"A Not\u00edcia Online","description":"Noticias de Muria\u00e9 e regi\u00e3o","url":"https:\/\/anoticiaonline.com.br\/site\/","logo":{"@type":"ImageObject","url":"https:\/\/scontent-gig4-1.xx.fbcdn.net\/v\/t39.30808-1\/270437624_4564083193639691_6907940295614233970_n.jpg?stp=dst-jpg_s200x200_tt6&_nc_cat=111&ccb=1-7&_nc_sid=f907e8&_nc_ohc=SM1wRlP3lJwQ7kNvwEPuBYA&_nc_oc=AdnqrjDN_BNjSSHWO-GbkIWH6fkGMLw4bqvL_NH6e2wMveX7G-rP2dAqsDSq1mJMOaY&_nc_zt=24&_nc_ht=scontent-gig4-1.xx&_nc_gid=AoBFJeGrT1hVaew_6rchkQ&oh=00_AfX7QmFGhQhG2jAllVgXCiM1ZrWgvtp80-Bfppyexh1QEg&oe=689E923C","@id":"https:\/\/anoticiaonline.com.br\/site\/candidatos-de-muriae-tentam-vagas-na-assembleia-legislativa-de-minas-gerais-e-na-camara-dos-deputados\/#organizationLogo"},"image":{"@id":"https:\/\/anoticiaonline.com.br\/site\/candidatos-de-muriae-tentam-vagas-na-assembleia-legislativa-de-minas-gerais-e-na-camara-dos-deputados\/#organizationLogo"}},{"@type":"Person","@id":"https:\/\/anoticiaonline.com.br\/site\/author\/juliana\/#author","url":"https:\/\/anoticiaonline.com.br\/site\/author\/juliana\/","name":"Juliana Laviola","image":{"@type":"ImageObject","@id":"https:\/\/anoticiaonline.com.br\/site\/candidatos-de-muriae-tentam-vagas-na-assembleia-legislativa-de-minas-gerais-e-na-camara-dos-deputados\/#authorImage","url":"https:\/\/secure.gravatar.com\/avatar\/b8d45f5c699b100dfaf0e543582f38f38bf94cb7ae3a5e9abf8d891a34773335?s=96&d=mm&r=g","width":96,"height":96,"caption":"Juliana Laviola"}},{"@type":"WebPage","@id":"https:\/\/anoticiaonline.com.br\/site\/candidatos-de-muriae-tentam-vagas-na-assembleia-legislativa-de-minas-gerais-e-na-camara-dos-deputados\/#webpage","url":"https:\/\/anoticiaonline.com.br\/site\/candidatos-de-muriae-tentam-vagas-na-assembleia-legislativa-de-minas-gerais-e-na-camara-dos-deputados\/","name":"Candidatos de Muria\u00e9 tentam vagas na Assembleia Legislativa de Minas Gerais e na C\u00e2mara dos Deputados - A Not\u00edcia Online","description":"A Zona da Mata mineira possui 159 candidatos a deputados espalhados por 37 cidades. Segundo levantamento feito pelo jornal Tribuna de Minas, 96 nomes tentando uma das 77 cadeiras em jogo na Assembleia Legislativa de Minas Gerais (ALMG) e 63 pleiteando uma das 53 vagas mineiras na C\u00e2mara dos Deputados. Muria\u00e9 possui, ao todo, 17 candidatos,","inLanguage":"pt-BR","isPartOf":{"@id":"https:\/\/anoticiaonline.com.br\/site\/#website"},"breadcrumb":{"@id":"https:\/\/anoticiaonline.com.br\/site\/candidatos-de-muriae-tentam-vagas-na-assembleia-legislativa-de-minas-gerais-e-na-camara-dos-deputados\/#breadcrumblist"},"author":{"@id":"https:\/\/anoticiaonline.com.br\/site\/author\/juliana\/#author"},"creator":{"@id":"https:\/\/anoticiaonline.com.br\/site\/author\/juliana\/#author"},"image":{"@type":"ImageObject","url":"https:\/\/anoticiaonline.com.br\/site\/wp-content\/uploads\/2018\/10\/Candidatos-de-Muria\u00e9-tentam-vagas-na-Assembleia-Legislativa-de-Minas-Gerais-e-na-C\u00e2mara-dos-Deputados-1.jpeg","@id":"https:\/\/anoticiaonline.com.br\/site\/candidatos-de-muriae-tentam-vagas-na-assembleia-legislativa-de-minas-gerais-e-na-camara-dos-deputados\/#mainImage","width":1000,"height":484},"primaryImageOfPage":{"@id":"https:\/\/anoticiaonline.com.br\/site\/candidatos-de-muriae-tentam-vagas-na-assembleia-legislativa-de-minas-gerais-e-na-camara-dos-deputados\/#mainImage"},"datePublished":"2018-10-03T12:31:44-03:00","dateModified":"2018-10-03T12:31:44-03:00"},{"@type":"WebSite","@id":"https:\/\/anoticiaonline.com.br\/site\/#website","url":"https:\/\/anoticiaonline.com.br\/site\/","name":"A Not\u00edcia Online","description":"Noticias de Muria\u00e9 e regi\u00e3o","inLanguage":"pt-BR","publisher":{"@id":"https:\/\/anoticiaonline.com.br\/site\/#organization"}}]},"og:locale":"pt_BR","og:site_name":"A Not\u00edcia Online - Noticias de Muria\u00e9 e regi\u00e3o","og:type":"article","og:title":"Candidatos de Muria\u00e9 tentam vagas na Assembleia Legislativa de Minas Gerais e na C\u00e2mara dos Deputados - A Not\u00edcia Online","og:description":"A Zona da Mata mineira possui 159 candidatos a deputados espalhados por 37 cidades. Segundo levantamento feito pelo jornal Tribuna de Minas, 96 nomes tentando uma das 77 cadeiras em jogo na Assembleia Legislativa de Minas Gerais (ALMG) e 63 pleiteando uma das 53 vagas mineiras na C\u00e2mara dos Deputados. Muria\u00e9 possui, ao todo, 17 candidatos,","og:url":"https:\/\/anoticiaonline.com.br\/site\/candidatos-de-muriae-tentam-vagas-na-assembleia-legislativa-de-minas-gerais-e-na-camara-dos-deputados\/","og:image":"https:\/\/scontent-gig4-1.xx.fbcdn.net\/v\/t39.30808-1\/270437624_4564083193639691_6907940295614233970_n.jpg?stp=dst-jpg_s200x200_tt6&#038;_nc_cat=111&#038;ccb=1-7&#038;_nc_sid=f907e8&#038;_nc_ohc=SM1wRlP3lJwQ7kNvwEPuBYA&#038;_nc_oc=AdnqrjDN_BNjSSHWO-GbkIWH6fkGMLw4bqvL_NH6e2wMveX7G-rP2dAqsDSq1mJMOaY&#038;_nc_zt=24&#038;_nc_ht=scontent-gig4-1.xx&#038;_nc_gid=AoBFJeGrT1hVaew_6rchkQ&#038;oh=00_AfX7QmFGhQhG2jAllVgXCiM1ZrWgvtp80-Bfppyexh1QEg&#038;oe=689E923C","og:image:secure_url":"https:\/\/scontent-gig4-1.xx.fbcdn.net\/v\/t39.30808-1\/270437624_4564083193639691_6907940295614233970_n.jpg?stp=dst-jpg_s200x200_tt6&#038;_nc_cat=111&#038;ccb=1-7&#038;_nc_sid=f907e8&#038;_nc_ohc=SM1wRlP3lJwQ7kNvwEPuBYA&#038;_nc_oc=AdnqrjDN_BNjSSHWO-GbkIWH6fkGMLw4bqvL_NH6e2wMveX7G-rP2dAqsDSq1mJMOaY&#038;_nc_zt=24&#038;_nc_ht=scontent-gig4-1.xx&#038;_nc_gid=AoBFJeGrT1hVaew_6rchkQ&#038;oh=00_AfX7QmFGhQhG2jAllVgXCiM1ZrWgvtp80-Bfppyexh1QEg&#038;oe=689E923C","article:published_time":"2018-10-03T15:31:44+00:00","article:modified_time":"2018-10-03T15:31:44+00:00","twitter:card":"summary_large_image","twitter:title":"Candidatos de Muria\u00e9 tentam vagas na Assembleia Legislativa de Minas Gerais e na C\u00e2mara dos Deputados - A Not\u00edcia Online","twitter:description":"A Zona da Mata mineira possui 159 candidatos a deputados espalhados por 37 cidades. Segundo levantamento feito pelo jornal Tribuna de Minas, 96 nomes tentando uma das 77 cadeiras em jogo na Assembleia Legislativa de Minas Gerais (ALMG) e 63 pleiteando uma das 53 vagas mineiras na C\u00e2mara dos Deputados. Muria\u00e9 possui, ao todo, 17 candidatos,","twitter:image":"https:\/\/scontent-gig4-1.xx.fbcdn.net\/v\/t39.30808-1\/270437624_4564083193639691_6907940295614233970_n.jpg?stp=dst-jpg_s200x200_tt6&_nc_cat=111&ccb=1-7&_nc_sid=f907e8&_nc_ohc=SM1wRlP3lJwQ7kNvwEPuBYA&_nc_oc=AdnqrjDN_BNjSSHWO-GbkIWH6fkGMLw4bqvL_NH6e2wMveX7G-rP2dAqsDSq1mJMOaY&_nc_zt=24&_nc_ht=scontent-gig4-1.xx&_nc_gid=AoBFJeGrT1hVaew_6rchkQ&oh=00_AfX7QmFGhQhG2jAllVgXCiM1ZrWgvtp80-Bfppyexh1QEg&oe=689E923C"},"aioseo_meta_data":{"post_id":"62596","title":null,"description":null,"keywords":null,"keyphrases":null,"primary_term":null,"canonical_url":null,"og_title":null,"og_description":null,"og_object_type":"default","og_image_type":"default","og_image_url":null,"og_image_width":null,"og_image_height":null,"og_image_custom_url":null,"og_image_custom_fields":null,"og_video":null,"og_custom_url":null,"og_article_section":null,"og_article_tags":null,"twitter_use_og":false,"twitter_card":"default","twitter_image_type":"default","twitter_image_url":null,"twitter_image_custom_url":null,"twitter_image_custom_fields":null,"twitter_title":null,"twitter_description":null,"schema":{"blockGraphs":[],"customGraphs":[],"default":{"data":{"Article":[],"Course":[],"Dataset":[],"FAQPage":[],"Movie":[],"Person":[],"Product":[],"ProductReview":[],"Car":[],"Recipe":[],"Service":[],"SoftwareApplication":[],"WebPage":[]},"graphName":"","isEnabled":true},"graphs":[]},"schema_type":"default","schema_type_options":null,"pillar_content":false,"robots_default":true,"robots_noindex":false,"robots_noarchive":false,"robots_nosnippet":false,"robots_nofollow":false,"robots_noimageindex":false,"robots_noodp":false,"robots_notranslate":false,"robots_max_snippet":null,"robots_max_videopreview":null,"robots_max_imagepreview":"large","priority":null,"frequency":null,"local_seo":null,"breadcrumb_settings":null,"limit_modified_date":false,"ai":null,"created":"2025-08-16 21:48:18","updated":"2025-08-16 21:48:18","focus_keyword":null,"additional_keywords":null,"truseo_locale":null,"seo_analyzer_scan_date":null},"aioseo_breadcrumb":"<div class=\"aioseo-breadcrumbs\"><span class=\"aioseo-breadcrumb\">\n\t\t\t<a href=\"https:\/\/anoticiaonline.com.br\/site\" title=\"Home\">Home<\/a>\n\t\t<\/span><span class=\"aioseo-breadcrumb-separator\">&raquo;<\/span><span class=\"aioseo-breadcrumb\">\n\t\t\t<a href=\"https:\/\/anoticiaonline.com.br\/site\/categoria\/muriae\/\" title=\"Blog\">Blog<\/a>\n\t\t<\/span><span class=\"aioseo-breadcrumb-separator\">&raquo;<\/span><span class=\"aioseo-breadcrumb\">\n\t\t\t<a href=\"https:\/\/anoticiaonline.com.br\/site\/categoria\/muriae\/cotidiano\/\" title=\"Cotidiano\">Cotidiano<\/a>\n\t\t<\/span><span class=\"aioseo-breadcrumb-separator\">&raquo;<\/span><span class=\"aioseo-breadcrumb\">\n\t\t\tCandidatos de Muria\u00e9 tentam vagas na Assembleia Legislativa de Minas Gerais e na C\u00e2mara dos Deputados\n\t\t<\/span><\/div>","aioseo_breadcrumb_json":[{"label":"Home","link":"https:\/\/anoticiaonline.com.br\/site"},{"label":"Blog","link":"https:\/\/anoticiaonline.com.br\/site\/categoria\/muriae\/"},{"label":"Cotidiano","link":"https:\/\/anoticiaonline.com.br\/site\/categoria\/muriae\/cotidiano\/"},{"label":"Candidatos de Muria\u00e9 tentam vagas na Assembleia Legislativa de Minas Gerais e na C\u00e2mara dos Deputados","link":"https:\/\/anoticiaonline.com.br\/site\/candidatos-de-muriae-tentam-vagas-na-assembleia-legislativa-de-minas-gerais-e-na-camara-dos-deputados\/"}],"views":160,"_links":{"self":[{"href":"https:\/\/anoticiaonline.com.br\/site\/wp-json\/wp\/v2\/posts\/62596","targetHints":{"allow":["GET"]}}],"collection":[{"href":"https:\/\/anoticiaonline.com.br\/site\/wp-json\/wp\/v2\/posts"}],"about":[{"href":"https:\/\/anoticiaonline.com.br\/site\/wp-json\/wp\/v2\/types\/post"}],"author":[{"embeddable":true,"href":"https:\/\/anoticiaonline.com.br\/site\/wp-json\/wp\/v2\/users\/2"}],"replies":[{"embeddable":true,"href":"https:\/\/anoticiaonline.com.br\/site\/wp-json\/wp\/v2\/comments?post=62596"}],"version-history":[{"count":0,"href":"https:\/\/anoticiaonline.com.br\/site\/wp-json\/wp\/v2\/posts\/62596\/revisions"}],"wp:featuredmedia":[{"embeddable":true,"href":"https:\/\/anoticiaonline.com.br\/site\/wp-json\/wp\/v2\/media\/62598"}],"wp:attachment":[{"href":"https:\/\/anoticiaonline.com.br\/site\/wp-json\/wp\/v2\/media?parent=62596"}],"wp:term":[{"taxonomy":"category","embeddable":true,"href":"https:\/\/anoticiaonline.com.br\/site\/wp-json\/wp\/v2\/categories?post=62596"},{"taxonomy":"post_tag","embeddable":true,"href":"https:\/\/anoticiaonline.com.br\/site\/wp-json\/wp\/v2\/tags?post=62596"}],"curies":[{"name":"wp","href":"https:\/\/api.w.org\/{rel}","templated":true}]}}