{"id":62592,"date":"2018-10-03T10:51:58","date_gmt":"2018-10-03T13:51:58","guid":{"rendered":"http:\/\/anoticiaonline.com.br\/site\/?p=62592"},"modified":"2018-10-03T10:51:58","modified_gmt":"2018-10-03T13:51:58","slug":"eleicoes-2018-muriaeenses-vao-as-urnas-neste-domingo-7","status":"publish","type":"post","link":"https:\/\/anoticiaonline.com.br\/site\/eleicoes-2018-muriaeenses-vao-as-urnas-neste-domingo-7\/","title":{"rendered":"Elei\u00e7\u00f5es 2018: Muriaeenses v\u00e3o \u00e0s urnas neste domingo (7)"},"content":{"rendered":"<p>Neste domingo (7), milhares de muriaeenses ir\u00e3o \u00e0s urnas para escolherem seus candidatos a deputado estadual, deputado federal, senador 1\u00aa vaga, senador 2\u00aa vaga, governador e presidente da Rep\u00fablica. Segue abaixo a listagem completa de se\u00e7\u00f5es do munic\u00edpio. Para saber o local de vota\u00e7\u00e3o, basta o eleitor conferir sua se\u00e7\u00e3o no T\u00edtulo. Para mais informa\u00e7\u00f5es acesse: <a href=\"http:\/\/www.tse.jus.br\/eleitor\/servicos\/titulo-de-eleitor\">http:\/\/www.tse.jus.br\/eleitor\/servicos\/titulo-de-eleitor<\/a>.<\/p>\n<p><a href=\"https:\/\/anoticiaonline.com.br\/site\/wp-content\/uploads\/2018\/10\/Elei\u00e7\u00f5es-2018-Muriaeenses-v\u00e3o-\u00e0s-urnas-neste-domingo-7.jpg\"><img fetchpriority=\"high\" decoding=\"async\" class=\"alignnone size-full wp-image-62593\" src=\"https:\/\/anoticiaonline.com.br\/site\/wp-content\/uploads\/2018\/10\/Elei\u00e7\u00f5es-2018-Muriaeenses-v\u00e3o-\u00e0s-urnas-neste-domingo-7.jpg\" alt=\"\" width=\"1000\" height=\"667\" srcset=\"https:\/\/anoticiaonline.com.br\/site\/wp-content\/uploads\/2018\/10\/Elei\u00e7\u00f5es-2018-Muriaeenses-v\u00e3o-\u00e0s-urnas-neste-domingo-7.jpg 1000w, https:\/\/anoticiaonline.com.br\/site\/wp-content\/uploads\/2018\/10\/Elei\u00e7\u00f5es-2018-Muriaeenses-v\u00e3o-\u00e0s-urnas-neste-domingo-7-300x200.jpg 300w, https:\/\/anoticiaonline.com.br\/site\/wp-content\/uploads\/2018\/10\/Elei\u00e7\u00f5es-2018-Muriaeenses-v\u00e3o-\u00e0s-urnas-neste-domingo-7-768x512.jpg 768w\" sizes=\"(max-width: 1000px) 100vw, 1000px\" \/><\/a><\/p>\n<p><strong>Listagem completa de Se\u00e7\u00f5es da\u00a0187\u00aa Zona Eleitoral (Muria\u00e9-MG)<\/strong><\/p>\n<p>Total geral de se\u00e7\u00f5es: 351<\/p>\n<p>Eleitores: 104.131<\/p>\n<p>Munic\u00edpio: MURIA\u00c9<\/p>\n<p>Totais da zona\/munic\u00edpio Se\u00e7\u00f5es : 252 &#8211; Eleitores : 77325<\/p>\n<p>Se\u00e7\u00e3o(\u00f5es) : 231\/358 &#8211; 240\/353 &#8211; 254\/356 &#8211; 259\/352 &#8211; 281\/349 &#8211; 288\/353 &#8211; 315\/353<br \/>\nLocal : ESCOLA MUNICIPAL CL\u00c9RIA TICON CARNEIRO<br \/>\nEndere\u00e7o : RUA SARA DE JESUS, 19<br \/>\nBairro : SANTANA<br \/>\nN\u00famero de Se\u00e7\u00f5es: 7 \/ Eleitores aptos a votar: 2.474<\/p>\n<p>Se\u00e7\u00e3o(\u00f5es) : 38\/364 &#8211; 39\/361 &#8211; 40\/362 &#8211; 41\/360<br \/>\nLocal : 1023-FUNDARTE &#8211; FUNDA\u00c7\u00c3O DE CULTURA E ARTES DE MURIA\u00c9<br \/>\nEndere\u00e7o : AVENIDA CONSTANTINO PINTO, 400<br \/>\nBairro : CENTRO<br \/>\nN\u00famero de Se\u00e7\u00f5es: 4 \/ Eleitores aptos a votar: 1.447<\/p>\n<p>Se\u00e7\u00e3o(\u00f5es) : 35\/179 &#8211; 36\/177 &#8211; 37\/177 &#8211; 42\/212 &#8211; 43\/177 &#8211; 200\/175 &#8211; 238\/179<br \/>\nLocal : ESCOLA ESTADUAL DR. SILVEIRA BRUM<br \/>\nEndere\u00e7o : RUA PRESIDENTE ARTUR BERNARDES, N 37<br \/>\nBairro : CENTRO<br \/>\nN\u00famero de Se\u00e7\u00f5es: 7 \/ Eleitores aptos a votar: 1.276<\/p>\n<p>Se\u00e7\u00e3o(\u00f5es) : 47\/259 &#8211; 48\/260 &#8211; 49\/258 &#8211; 50\/258 &#8211; 57\/258 &#8211; 58\/270 &#8211; 59\/256 &#8211; 195\/258 &#8211; 264\/256 &#8211; 272\/257<br \/>\nLocal : COL\u00c9GIO S\u00c3O PAULO<br \/>\nEndere\u00e7o : PRA\u00c7A CEL. PACHECO DE MEDEIROS, 74<br \/>\nBairro : CENTRO<br \/>\nN\u00famero de Se\u00e7\u00f5es: 10 \/ Eleitores aptos a votar: 2.590<\/p>\n<p>Se\u00e7\u00e3o(\u00f5es) : 44\/318 &#8211; 45\/317 &#8211; 46\/317 &#8211; 51\/317 &#8211; 53\/318 &#8211; 54\/316 &#8211; 56\/314 &#8211; 246\/313<br \/>\nLocal : COL\u00c9GIO SANTA MARCELINA<br \/>\nEndere\u00e7o : RUA BAR\u00c3O DO MONTE ALTO, 02<br \/>\nBairro : CENTRO<br \/>\nN\u00famero de Se\u00e7\u00f5es: 8 \/ Eleitores aptos a votar: 2.530<\/p>\n<p>Se\u00e7\u00e3o(\u00f5es) : 233\/260<br \/>\nLocal : ESCOLA ESTADUAL JOAQUIM XAVIER DE BARROS FILHO<br \/>\nEndere\u00e7o : RUA PRINCIPAL, S\/N<br \/>\nBairro : CAPETINGA<br \/>\nN\u00famero de Se\u00e7\u00f5es: 1 \/ Eleitores aptos a votar: 260<\/p>\n<p>Se\u00e7\u00e3o(\u00f5es) : 60\/262 &#8211; 61\/253 &#8211; 263\/252 &#8211; 277*\/81<br \/>\nLocal : CASA DA AMIZADE ROTARY CLUBE<br \/>\nEndere\u00e7o : AV. J K, 1189<br \/>\nBairro : CENTRO<br \/>\nN\u00famero de Se\u00e7\u00f5es: 4 \/ Eleitores aptos a votar: 848<\/p>\n<p>Se\u00e7\u00e3o(\u00f5es) : 62\/374 &#8211; 63\/374 &#8211; 64\/379 &#8211; 65\/378 &#8211; 66\/374 &#8211; 67\/373 &#8211; 68\/377 &#8211; 69\/374 &#8211; 208\/373 &#8211; 257\/373<br \/>\nLocal : ESCOLA ESTADUAL DESEMBARGADOR CAN\u00caDO<br \/>\nEndere\u00e7o : RUA SOUZA CASTRO, 88<br \/>\nBairro : BARRA<br \/>\nN\u00famero de Se\u00e7\u00f5es: 10 \/ Eleitores aptos a votar: 3.749<\/p>\n<p>Se\u00e7\u00e3o(\u00f5es) : 70\/354 &#8211; 71\/355 &#8211; 72\/354 &#8211; 73\/351 &#8211; 74\/350 &#8211; 75\/354 &#8211; 76\/353 &#8211; 77\/354 &#8211; 244\/350 &#8211; 273\/351 &#8211; 291\/355<br \/>\nLocal : ESCOLA ESTADUAL DR OLAVO TOSTES<br \/>\nEndere\u00e7o : RUA DOUTOR MARCUS TARC\u00cdSIO, S\/N<br \/>\nBairro : BARRA<br \/>\nN\u00famero de Se\u00e7\u00f5es: 11 \/ Eleitores aptos a votar: 3.881<\/p>\n<p>Se\u00e7\u00e3o(\u00f5es) : 84\/323 &#8211; 85\/321 &#8211; 86\/322 &#8211; 223\/323 &#8211; 285\/319<br \/>\nLocal : SAL\u00c3O DA PAR\u00d3QUIA NOSSA SENHORA DA IMACULADA CONCEI\u00c7\u00c3O<br \/>\nEndere\u00e7o : RUA DR. L\u00cdDIO MIGUEL BANDEIRA DE MELO, S\/N<br \/>\nBairro : BARRA<br \/>\nN\u00famero de Se\u00e7\u00f5es: 5 \/ Eleitores aptos a votar: 1.608<\/p>\n<p>Se\u00e7\u00e3o(\u00f5es) : 87\/366 &#8211; 88\/369 &#8211; 89\/367 &#8211; 90\/365 &#8211; 91\/366 &#8211; 92\/367 &#8211; 93\/367 &#8211; 209\/369 &#8211; 224\/368 &#8211; 274\/366 &#8211; 299\/369 &#8211; 324\/355<br \/>\nLocal : -ESCOLA ESTADUAL DR ORLANDO FLORES<br \/>\nEndere\u00e7o : AV. FRANCISCO DORNELLAS, 100<br \/>\nBairro : DORNELAS<br \/>\nN\u00famero de Se\u00e7\u00f5es: 12 \/ Eleitores aptos a votar: 4.394<\/p>\n<p>Se\u00e7\u00e3o(\u00f5es) : 94\/320 &#8211; 95\/319 &#8211; 96\/318 &#8211; 229\/319 &#8211; 287\/315<br \/>\nLocal : ESCOLA MUNICIPAL MARIA HASTENREITER DORNELAS<br \/>\nEndere\u00e7o : AV. FRANCISCO DORNELAS, 201<br \/>\nBairro : DORNELAS<br \/>\nN\u00famero de Se\u00e7\u00f5es: 5 \/ Eleitores aptos a votar: 1.591<\/p>\n<p>Se\u00e7\u00e3o(\u00f5es) : 83\/290 &#8211; 97\/290 &#8211; 98\/287 &#8211; 99\/286 &#8211; 100\/286 &#8211; 101\/289 &#8211; 102\/288 &#8211; 103\/288 218\/289 &#8211; 222\/289<br \/>\nLocal : ESCOLA ESTADUAL M\u00c1RIO MAC\u00caDO<br \/>\nEndere\u00e7o : RUA ITAGIBA DE OLIVEIRA, S\/N<br \/>\nBairro : BARRA<br \/>\nN\u00famero de Se\u00e7\u00f5es: 10 \/ Eleitores aptos a votar: 2.882<\/p>\n<p>Se\u00e7\u00e3o(\u00f5es) : 104\/333 &#8211; 105\/335 &#8211; 106\/346 &#8211; 210\/349 &#8211; 276\/335 &#8211; 308\/190 &#8211; 316\/187<br \/>\nLocal : ESCOLA MUNICIPAL SEBASTI\u00c3O LAVIOLA<br \/>\nEndere\u00e7o : RUA SIME\u00c3O F\u00c9RES, 276<br \/>\nBairro : SAFIRA<br \/>\nN\u00famero de Se\u00e7\u00f5es: 7 \/ Eleitores aptos a votar: 2.075<\/p>\n<p>Se\u00e7\u00e3o(\u00f5es) : 107\/371 &#8211; 108\/376 &#8211; 109\/371 &#8211; 199\/380 &#8211; 235\/367 &#8211; 262\/372 &#8211; 328\/150<br \/>\nLocal : ESCOLA ESTADUAL PROF JULIETA MAC\u00caDO<br \/>\nEndere\u00e7o : RUA ARIST\u00d3TELES RODRIGUES FERREIRA, S\/N<br \/>\nBairro : PLANALTO<br \/>\nN\u00famero de Se\u00e7\u00f5es: 7 \/ Eleitores aptos a votar: 2.387<\/p>\n<p>Se\u00e7\u00e3o(\u00f5es) : 110\/358 &#8211; 111\/361 &#8211; 112\/363 &#8211; 113\/359 &#8211; 114\/357 &#8211; 115\/361 &#8211; 116\/360 &#8211; 205\/358 &#8211; 221\/361<br \/>\nLocal : ESCOLA MUNICIPAL RICARDO OLIVEIRA MORAIS DE AZEV\u00caDO<br \/>\nEndere\u00e7o : AVENIDA SILV\u00c9RIO CAMPOS, 40<br \/>\nBairro : SAFIRA<br \/>\nN\u00famero de Se\u00e7\u00f5es: 9 \/ Eleitores aptos a votar: 3.238<\/p>\n<p>Se\u00e7\u00e3o(\u00f5es) : 117\/335 &#8211; 118\/329 &#8211; 19\/326 &#8211; 212\/321 &#8211; 242\/326 &#8211; 280\/332 &#8211; 311\/273 &#8211; 323\/140<br \/>\nLocal : ESCOLA ESTADUAL PADRE MAXIMINO BENASSATI PREMEM<br \/>\nEndere\u00e7o : AV. FRANCISCO GOMES CAMPOS, S\/N<br \/>\nBairro : S\u00c3O FRANCISCO<br \/>\nN\u00famero de Se\u00e7\u00f5es: 8 \/ Eleitores aptos a votar: 2.382<\/p>\n<p>Se\u00e7\u00e3o(\u00f5es) : 120\/397 &#8211; 121\/396 &#8211; 122\/396 &#8211; 123\/397 &#8211; 124\/394 &#8211; 243\/398 &#8211; 292\/397 &#8211; 420\/11<br \/>\nLocal : ESCOLA ESTADUAL PROFESSOR ORLANDO DE LIMA FARIA<br \/>\nEndere\u00e7o : RUA DR. RODRIGO DE CASTRO, S\/N<br \/>\nBairro : S\u00c3O FRANCISCO<br \/>\nN\u00famero de Se\u00e7\u00f5es: 8 \/ Eleitores aptos a votar: 2.786<\/p>\n<p>Se\u00e7\u00e3o(\u00f5es) : 125\/283 &#8211; 126\/280 &#8211; 127\/280 &#8211; 128\/284 &#8211; 129\/285 &#8211; 130\/284 &#8211; 131\/281 &#8211; 132\/280 &#8211; 204\/280 &#8211; 206\/285 &#8211; 251\/283 &#8211; 261\/277 &#8211; 267\/281 &#8211; 284\/284 &#8211; 309\/279<br \/>\nLocal : ESCOLA ESTADUAL PROFESSOR GON\u00c7ALVES COUTO<br \/>\nEndere\u00e7o : RUA CORONEL PEREIRA SOBRINHO, S\/N<br \/>\nBairro : PORTO<br \/>\nN\u00famero de Se\u00e7\u00f5es: 15 \/ Eleitores aptos a votar: 4.226<\/p>\n<p>Se\u00e7\u00e3o(\u00f5es) : 133\/334 &#8211; 134\/330 &#8211; 207\/331 &#8211; 226\/335<br \/>\nLocal : SAL\u00c3O PAROQUIAL DO PORTO<br \/>\nEndere\u00e7o : PRA\u00c7A DA MATRIZ DO PORTO<br \/>\nBairro : PORTO<br \/>\nN\u00famero de Se\u00e7\u00f5es: 4 \/ Eleitores aptos a votar: 1.330<\/p>\n<p>Se\u00e7\u00e3o(\u00f5es) : 135\/342 &#8211; 136\/342 &#8211; 137\/342 &#8211; 138\/344 &#8211; 139\/338 &#8211; 140\/341 &#8211; 219\/338 &#8211; 265\/334<br \/>\nLocal : ESCOLA ESTADUAL MARIA AUGUSTA SILVA ARA\u00daJO<br \/>\nEndere\u00e7o : PRA\u00c7A FARMAC\u00caUTICO DOMINGOS CIRIBELI, S\/N<br \/>\nBairro : SANTA TEREZINHA<br \/>\nN\u00famero de Se\u00e7\u00f5es: 8 \/ Eleitores aptos a votar: 2.721<\/p>\n<p>Se\u00e7\u00e3o(\u00f5es) : 141\/288 142\/288 143\/284 225\/289 252\/283<br \/>\nLocal : CENTRO SOCIAL URBANO<br \/>\nEndere\u00e7o : RUA BICAS, S\/N<br \/>\nBairro : SANTA TEREZINHA<br \/>\nN\u00famero de Se\u00e7\u00f5es: 5 \/ Eleitores aptos a votar: 1.432<\/p>\n<p>Se\u00e7\u00e3o(\u00f5es) : 144\/368 &#8211; 145\/358 &#8211; 146\/362 &#8211; 147\/366 &#8211; 202\/361 &#8211; 239\/360 &#8211; 286\/359<br \/>\nLocal : ESCOLA MUNICIPAL PROFESSORA TEREZINHA MARIA OLIVEIRA RIBEIRO<br \/>\nEndere\u00e7o : RUA ARG\u00c9LIA, 90<br \/>\nBairro : S\u00c3O CRIST\u00d3V\u00c3O<br \/>\nN\u00famero de Se\u00e7\u00f5es: 7 \/ Eleitores aptos a votar: 2.534<\/p>\n<p>Se\u00e7\u00e3o(\u00f5es) : 148\/369 &#8211; 149\/374 &#8211; 150\/391 &#8211; 220\/364 &#8211; 279\/378 &#8211; 327\/163<br \/>\nLocal : ESCOLA ESTADUAL JO\u00c3O TEIXEIRA SIQUEIRA (RIBEIR\u00c3O DO VERMELHO)<br \/>\nEndere\u00e7o : RUA ALBERTO CERQUEIRA,S\/N<br \/>\nBairro : VERMELHO<br \/>\nN\u00famero de Se\u00e7\u00f5es: 6 \/ Eleitores aptos a votar: 2.039<\/p>\n<p>Se\u00e7\u00e3o(\u00f5es) : 151\/305 &#8211; 152\/305 &#8211; 153\/305 &#8211; 154\/302 &#8211; 155\/303 &#8211; 230\/305<br \/>\nLocal : PR\u00c9DIO DO CAC &#8211; ESCOLA ESTADUAL PEDRO VICENTE DE FREITAS<br \/>\nEndere\u00e7o : RUA DONA FRAN\u00c7A,S\/N<br \/>\nBairro : BELIS\u00c1RIO<br \/>\nN\u00famero de Se\u00e7\u00f5es: 6 \/ Eleitores aptos a votar: 1.825<\/p>\n<p>Se\u00e7\u00e3o(\u00f5es) : 156\/316 &#8211; 157\/316 &#8211; 158\/315<br \/>\nLocal : ESCOLA ESTADUAL TEM\u00cdSTOCLES EUTR\u00d3PIO<br \/>\nEndere\u00e7o : PRA\u00c7A GOVERNADOR VALADARES, 101, CENTRO<br \/>\nBairro : BOA FAM\u00cdLIA<br \/>\nN\u00famero de Se\u00e7\u00f5es: 3 \/ Eleitores aptos a votar: 947<\/p>\n<p>Se\u00e7\u00e3o(\u00f5es) : 159\/207 &#8211; 213\/209<br \/>\nLocal : ESCOLA ESTADUAL CAPIT\u00c3O LUIZ COUTO<br \/>\nEndere\u00e7o : RUA PRINCIPAL, S\/N<br \/>\nBairro : S\u00c3O FERNANDO<br \/>\nN\u00famero de Se\u00e7\u00f5es: 2 \/ Eleitores aptos a votar: 416<\/p>\n<p>Se\u00e7\u00e3o(\u00f5es) : 160\/221 &#8211; 161\/220 &#8211; 162\/222 &#8211; 270\/221<br \/>\nLocal : ESCOLA ESTADUAL CAPIT\u00c3O ROBERTO JOS\u00c9 FERREIRA<br \/>\nEndere\u00e7o : RUA PRINCIPAL, S\/N<br \/>\nBairro : MACUCO<br \/>\nN\u00famero de Se\u00e7\u00f5es: 4 \/ Eleitores aptos a votar: 884<\/p>\n<p>Se\u00e7\u00e3o(\u00f5es) : 163\/326 &#8211; 164\/322 &#8211; 165\/325 &#8211; 197\/323<br \/>\nLocal : ESCOLA ESTADUAL JO\u00c3O ALVES DE BITTENCOURT<br \/>\nEndere\u00e7o : PRACA ARISTIDES BRAGA,SN<br \/>\nBairro : BOM JESUS DA CACHOEIRA<br \/>\nN\u00famero de Se\u00e7\u00f5es: 4 \/ Eleitores aptos a votar: 1.296<\/p>\n<p>Se\u00e7\u00e3o(\u00f5es) : 166\/316 &#8211; 167\/313 &#8211; 168\/312 &#8211; 169\/313<br \/>\nLocal : ESCOLA ESTADUAL FRANCISCO GOMES CAMPOS<br \/>\nEndere\u00e7o : RUA PRINCIPAL, S\/N<br \/>\nBairro : ITAMURI<br \/>\nN\u00famero de Se\u00e7\u00f5es: 4 \/ Eleitores aptos a votar: 1.254<\/p>\n<p>Se\u00e7\u00e3o(\u00f5es) : 176\/130 &#8211; 177\/131 &#8211; 178\/128 &#8211; 241\/131 &#8211; 268\/131<br \/>\nLocal : ESCOLA MUNICIPAL SILAS URURAI MACEDO<br \/>\nEndere\u00e7o : RUA VEREADOR JACY VARGAS, S\/N<br \/>\nBairro : PIRAPANEMA<br \/>\nN\u00famero de Se\u00e7\u00f5es: 5 \/ Eleitores aptos a votar: 651<\/p>\n<p>Se\u00e7\u00e3o(\u00f5es) : 234\/259<br \/>\nLocal : ESCOLA MUNICIPAL ANT\u00d4NIO FORTINI<br \/>\nEndere\u00e7o : RUA PRINCIPAL, S\/N<br \/>\nBairro : S\u00c3O JO\u00c3O DO GL\u00d3RIA<br \/>\nN\u00famero de Se\u00e7\u00f5es: 1 \/ Eleitores aptos a votar: 259<\/p>\n<p>Se\u00e7\u00e3o(\u00f5es) : 248\/393 &#8211; 258\/397 &#8211; 278\/396 &#8211; 290\/394 &#8211; 306\/395 &#8211; 321\/388 &#8211; 422\/3<br \/>\nLocal : ESCOLA MUNICIPAL GILBERTO JOS\u00c9 TANUS BR\u00c1Z<br \/>\nEndere\u00e7o : RUA NICODEMOS CARDOSO DA SILVA, 458<br \/>\nBairro : JO\u00c3O XXIII<br \/>\nN\u00famero de Se\u00e7\u00f5es: 7 \/ Eleitores aptos a votar: 2.366<\/p>\n<p>Se\u00e7\u00e3o(\u00f5es) : 249\/324 &#8211; 271\/316 &#8211; 307\/305<br \/>\nLocal : ESCOLA MUNICIPAL PROFESSORA ESMERALDA VIANA<br \/>\nEndere\u00e7o : RUA THOMAZ ANT\u00d4NIO GONZAGA, 15<br \/>\nBairro : INCONFID\u00caNCIA I<br \/>\nN\u00famero de Se\u00e7\u00f5es: 3 \/ Eleitores aptos a votar: 945<\/p>\n<p>Se\u00e7\u00e3o(\u00f5es) : 283\/373 &#8211; 298\/348 &#8211; 326\/188<br \/>\nLocal : COL\u00c9GIO ESTADUAL PROFESSOR ANT\u00d4NIO VI\u00c7OSO MAGALH\u00c3ES<br \/>\nEndere\u00e7o : RUA C\u00c2NDIDA GUEDES PEREIRA, S\/N<br \/>\nBairro : S\u00c3O PEDRO<br \/>\nN\u00famero de Se\u00e7\u00f5es: 3 \/ Eleitores aptos a votar: 909<\/p>\n<p>Se\u00e7\u00e3o(\u00f5es) : 293\/349 &#8211; 320\/215<br \/>\nLocal : ESCOLA MUNICIPAL IONYR BASTOS DIAS<br \/>\nEndere\u00e7o : AVENIDA SANTA CATARINA, 75<br \/>\nBairro : PADRE TIAGO (MARAMBAIA)<br \/>\nN\u00famero de Se\u00e7\u00f5es: 2 \/ Eleitores aptos a votar: 564<\/p>\n<p>Zona: 187 Munic\u00edpio: 48771-MURIA\u00c9<br \/>\nSe\u00e7\u00e3o(\u00f5es) : 294\/371 &#8211; 314\/374 &#8211; 331\/148<br \/>\nLocal : ESCOLA MUNICIPAL C\u00c2NDIDO PORTINARI<br \/>\nEndere\u00e7o : AVENIDA ANT\u00d4NIO TURETA, 650<br \/>\nBairro : JOAN\u00d3POLIS<br \/>\nN\u00famero de Se\u00e7\u00f5es: 3 \/ Eleitores aptos a votar: 893<\/p>\n<p>Se\u00e7\u00e3o(\u00f5es) : 81\/293 &#8211; 82\/295 &#8211; 253\/293 &#8211; 256\/293 &#8211; 282\/290 &#8211; 295\/291 &#8211; 302\/293<br \/>\nLocal : ESCOLA MUNICIPAL ODAL\u00c9IA MORAES DE OLIVEIRA<br \/>\nEndere\u00e7o : PRA\u00c7A PAULO CARVALHO<br \/>\nBairro : BARRA<br \/>\nN\u00famero de Se\u00e7\u00f5es: 7 \/ Eleitores aptos a votar: 2.048<\/p>\n<p>Se\u00e7\u00e3o(\u00f5es) : 312\/381 330\/160<br \/>\nLocal : ESCOLA MUNICIPAL NELSON CARDOSO DE MELO<br \/>\nEndere\u00e7o : RUA ABIGAIL NUNES DE MELO, S\/N<br \/>\nBairro : CARDOSO DE MELO<br \/>\nN\u00famero de Se\u00e7\u00f5es: 2 \/ Eleitores aptos a votar: 541<\/p>\n<p>Se\u00e7\u00e3o(\u00f5es) : 310\/187<br \/>\nLocal : ESCOLA MUNICIPAL JOAQUIM RIBEIRO DE CARVALHO (CAIC)<br \/>\nEndere\u00e7o : RUA ANT\u00d4NIO PEREIRA GALV\u00c3O, 555<br \/>\nBairro : ENCOBERTA<br \/>\nN\u00famero de Se\u00e7\u00f5es: 1 \/ Eleitores aptos a votar: 187<\/p>\n<p>Se\u00e7\u00e3o(\u00f5es) : 313\/399 &#8211; 421\/6<br \/>\nLocal : ESCOLA MUNICIPAL MARIA QUIT\u00c9RIA PERES SHELB<br \/>\nEndere\u00e7o : RUA PEDRO DIMAS, S\/N<br \/>\nBairro : S\u00c3O GOTARDO<br \/>\nN\u00famero de Se\u00e7\u00f5es: 2 \/ Eleitores aptos a votar: 405<\/p>\n<p>Se\u00e7\u00e3o(\u00f5es) : 236\/326 &#8211; 289\/332 &#8211; 325\/84<br \/>\nLocal : SESI<br \/>\nEndere\u00e7o : AVENIDA SILV\u00c9RIO CAMPOS, 258<br \/>\nBairro : SAFIRA<br \/>\nN\u00famero de Se\u00e7\u00f5es: 3 \/ Eleitores aptos a votar: 742<\/p>\n<p>Se\u00e7\u00e3o(\u00f5es) : 317\/301<br \/>\nLocal : ESCOLA MUNICIPAL STELLA FIDELES<br \/>\nEndere\u00e7o : RUA B\u00c1RBARA DE ANDRADE, 144<br \/>\nBairro : AEROPORTO<br \/>\nN\u00famero de Se\u00e7\u00f5es: 1 \/ Eleitores aptos a votar: 301<\/p>\n<p>Se\u00e7\u00e3o(\u00f5es) : 78\/337 &#8211; 79\/336 &#8211; 80\/340- 201\/337 &#8211; 250\/334 &#8211; 318\/339<br \/>\nLocal : INSTITUTO FEDERAL DE EDUCA\u00c7\u00c3O, CI\u00caNCIAS E TECNOLOGIA &#8211; IFET<br \/>\nEndere\u00e7o : AVENIDA MONTEIRO DE CASTRO, 550<br \/>\nBairro : BARRA<br \/>\nN\u00famero de Se\u00e7\u00f5es: 6 \/ Eleitores aptos a votar: 2.023<\/p>\n<p>Se\u00e7\u00e3o(\u00f5es) : 52\/259 &#8211; 55\/254 &#8211; 269\/253 &#8211; 275\/256 &#8211; 319\/167<br \/>\nLocal : ESCOLA MUNICIPAL DOUTOR ANT\u00d4NIO CAN\u00caDO<br \/>\nEndere\u00e7o : PRA\u00c7A S\u00c3O PAULO, 110<br \/>\nBairro : CENTRO<br \/>\nN\u00famero de Se\u00e7\u00f5es: 5 \/ Eleitores aptos a votar: 1.189<\/p>\n","protected":false},"excerpt":{"rendered":"<p>Neste domingo (7), milhares de muriaeenses ir\u00e3o \u00e0s urnas para escolherem seus candidatos a deputado estadual, deputado federal, senador 1\u00aa vaga, senador 2\u00aa vaga, governador e presidente da Rep\u00fablica. Segue abaixo a listagem completa de se\u00e7\u00f5es do munic\u00edpio. Para saber o local de vota\u00e7\u00e3o, basta o eleitor conferir sua se\u00e7\u00e3o no T\u00edtulo. Para mais informa\u00e7\u00f5es &#8230; <a title=\"Elei\u00e7\u00f5es 2018: Muriaeenses v\u00e3o \u00e0s urnas neste domingo (7)\" class=\"read-more\" href=\"https:\/\/anoticiaonline.com.br\/site\/eleicoes-2018-muriaeenses-vao-as-urnas-neste-domingo-7\/\" aria-label=\"Read more about Elei\u00e7\u00f5es 2018: Muriaeenses v\u00e3o \u00e0s urnas neste domingo (7)\">Ler mais<\/a><\/p>\n","protected":false},"author":2,"featured_media":62593,"comment_status":"open","ping_status":"open","sticky":false,"template":"","format":"standard","meta":{"_acf_changed":false,"_monsterinsights_skip_tracking":false,"footnotes":""},"categories":[30,2893],"tags":[2883,74,3176,3172,3177],"class_list":["post-62592","post","type-post","status-publish","format-standard","has-post-thumbnail","hentry","category-muriae","category-cotidiano","tag-eleicoes-2018","tag-muriae","tag-secoes","tag-tse","tag-zona-eleitoral"],"acf":[],"aioseo_notices":[],"aioseo_head":"\n\t\t<!-- All in One SEO 5.0.0.1 - aioseo.com -->\n\t<meta name=\"description\" content=\"Neste domingo (7), milhares de muriaeenses ir\u00e3o \u00e0s urnas para escolherem seus candidatos a deputado estadual, deputado federal, senador 1\u00aa vaga, senador 2\u00aa vaga, governador e presidente da Rep\u00fablica. Segue abaixo a listagem completa de se\u00e7\u00f5es do munic\u00edpio. Para saber o local de vota\u00e7\u00e3o, basta o eleitor conferir sua se\u00e7\u00e3o no T\u00edtulo. Para mais informa\u00e7\u00f5es\" \/>\n\t<meta name=\"robots\" content=\"max-image-preview:large\" \/>\n\t<meta name=\"author\" content=\"Juliana Laviola\"\/>\n\t<link rel=\"canonical\" href=\"https:\/\/anoticiaonline.com.br\/site\/eleicoes-2018-muriaeenses-vao-as-urnas-neste-domingo-7\/\" \/>\n\t<meta name=\"generator\" content=\"All in One SEO (AIOSEO) 5.0.0.1\" \/>\n\t\t<meta property=\"og:locale\" content=\"pt_BR\" \/>\n\t\t<meta property=\"og:site_name\" content=\"A Not\u00edcia Online - Noticias de Muria\u00e9 e regi\u00e3o\" \/>\n\t\t<meta property=\"og:type\" content=\"article\" \/>\n\t\t<meta property=\"og:title\" content=\"Elei\u00e7\u00f5es 2018: Muriaeenses v\u00e3o \u00e0s urnas neste domingo (7) - A Not\u00edcia Online\" \/>\n\t\t<meta property=\"og:description\" content=\"Neste domingo (7), milhares de muriaeenses ir\u00e3o \u00e0s urnas para escolherem seus candidatos a deputado estadual, deputado federal, senador 1\u00aa vaga, senador 2\u00aa vaga, governador e presidente da Rep\u00fablica. Segue abaixo a listagem completa de se\u00e7\u00f5es do munic\u00edpio. Para saber o local de vota\u00e7\u00e3o, basta o eleitor conferir sua se\u00e7\u00e3o no T\u00edtulo. Para mais informa\u00e7\u00f5es\" \/>\n\t\t<meta property=\"og:url\" content=\"https:\/\/anoticiaonline.com.br\/site\/eleicoes-2018-muriaeenses-vao-as-urnas-neste-domingo-7\/\" \/>\n\t\t<meta property=\"og:image\" content=\"https:\/\/scontent-gig4-1.xx.fbcdn.net\/v\/t39.30808-1\/270437624_4564083193639691_6907940295614233970_n.jpg?stp=dst-jpg_s200x200_tt6&#038;_nc_cat=111&#038;ccb=1-7&#038;_nc_sid=f907e8&#038;_nc_ohc=SM1wRlP3lJwQ7kNvwEPuBYA&#038;_nc_oc=AdnqrjDN_BNjSSHWO-GbkIWH6fkGMLw4bqvL_NH6e2wMveX7G-rP2dAqsDSq1mJMOaY&#038;_nc_zt=24&#038;_nc_ht=scontent-gig4-1.xx&#038;_nc_gid=AoBFJeGrT1hVaew_6rchkQ&#038;oh=00_AfX7QmFGhQhG2jAllVgXCiM1ZrWgvtp80-Bfppyexh1QEg&#038;oe=689E923C\" \/>\n\t\t<meta property=\"og:image:secure_url\" content=\"https:\/\/scontent-gig4-1.xx.fbcdn.net\/v\/t39.30808-1\/270437624_4564083193639691_6907940295614233970_n.jpg?stp=dst-jpg_s200x200_tt6&#038;_nc_cat=111&#038;ccb=1-7&#038;_nc_sid=f907e8&#038;_nc_ohc=SM1wRlP3lJwQ7kNvwEPuBYA&#038;_nc_oc=AdnqrjDN_BNjSSHWO-GbkIWH6fkGMLw4bqvL_NH6e2wMveX7G-rP2dAqsDSq1mJMOaY&#038;_nc_zt=24&#038;_nc_ht=scontent-gig4-1.xx&#038;_nc_gid=AoBFJeGrT1hVaew_6rchkQ&#038;oh=00_AfX7QmFGhQhG2jAllVgXCiM1ZrWgvtp80-Bfppyexh1QEg&#038;oe=689E923C\" \/>\n\t\t<meta property=\"article:published_time\" content=\"2018-10-03T13:51:58+00:00\" \/>\n\t\t<meta property=\"article:modified_time\" content=\"2018-10-03T13:51:58+00:00\" \/>\n\t\t<meta name=\"twitter:card\" content=\"summary_large_image\" \/>\n\t\t<meta name=\"twitter:title\" content=\"Elei\u00e7\u00f5es 2018: Muriaeenses v\u00e3o \u00e0s urnas neste domingo (7) - A Not\u00edcia Online\" \/>\n\t\t<meta name=\"twitter:description\" content=\"Neste domingo (7), milhares de muriaeenses ir\u00e3o \u00e0s urnas para escolherem seus candidatos a deputado estadual, deputado federal, senador 1\u00aa vaga, senador 2\u00aa vaga, governador e presidente da Rep\u00fablica. Segue abaixo a listagem completa de se\u00e7\u00f5es do munic\u00edpio. Para saber o local de vota\u00e7\u00e3o, basta o eleitor conferir sua se\u00e7\u00e3o no T\u00edtulo. Para mais informa\u00e7\u00f5es\" \/>\n\t\t<meta name=\"twitter:image\" content=\"https:\/\/scontent-gig4-1.xx.fbcdn.net\/v\/t39.30808-1\/270437624_4564083193639691_6907940295614233970_n.jpg?stp=dst-jpg_s200x200_tt6&amp;_nc_cat=111&amp;ccb=1-7&amp;_nc_sid=f907e8&amp;_nc_ohc=SM1wRlP3lJwQ7kNvwEPuBYA&amp;_nc_oc=AdnqrjDN_BNjSSHWO-GbkIWH6fkGMLw4bqvL_NH6e2wMveX7G-rP2dAqsDSq1mJMOaY&amp;_nc_zt=24&amp;_nc_ht=scontent-gig4-1.xx&amp;_nc_gid=AoBFJeGrT1hVaew_6rchkQ&amp;oh=00_AfX7QmFGhQhG2jAllVgXCiM1ZrWgvtp80-Bfppyexh1QEg&amp;oe=689E923C\" \/>\n\t\t<script type=\"application\/ld+json\" class=\"aioseo-schema\">\n\t\t\t{\"@context\":\"https:\\\/\\\/schema.org\",\"@graph\":[{\"@type\":\"BlogPosting\",\"@id\":\"https:\\\/\\\/anoticiaonline.com.br\\\/site\\\/eleicoes-2018-muriaeenses-vao-as-urnas-neste-domingo-7\\\/#blogposting\",\"name\":\"Elei\\u00e7\\u00f5es 2018: Muriaeenses v\\u00e3o \\u00e0s urnas neste domingo (7) - A Not\\u00edcia Online\",\"headline\":\"Elei\\u00e7\\u00f5es 2018: Muriaeenses v\\u00e3o \\u00e0s urnas neste domingo (7)\",\"author\":{\"@id\":\"https:\\\/\\\/anoticiaonline.com.br\\\/site\\\/author\\\/juliana\\\/#author\"},\"publisher\":{\"@id\":\"https:\\\/\\\/anoticiaonline.com.br\\\/site\\\/#organization\"},\"image\":{\"@type\":\"ImageObject\",\"url\":\"https:\\\/\\\/anoticiaonline.com.br\\\/site\\\/wp-content\\\/uploads\\\/2018\\\/10\\\/Elei\\u00e7\\u00f5es-2018-Muriaeenses-v\\u00e3o-\\u00e0s-urnas-neste-domingo-7.jpg\",\"width\":1000,\"height\":667},\"datePublished\":\"2018-10-03T10:51:58-03:00\",\"dateModified\":\"2018-10-03T10:51:58-03:00\",\"inLanguage\":\"pt-BR\",\"mainEntityOfPage\":{\"@id\":\"https:\\\/\\\/anoticiaonline.com.br\\\/site\\\/eleicoes-2018-muriaeenses-vao-as-urnas-neste-domingo-7\\\/#webpage\"},\"isPartOf\":{\"@id\":\"https:\\\/\\\/anoticiaonline.com.br\\\/site\\\/eleicoes-2018-muriaeenses-vao-as-urnas-neste-domingo-7\\\/#webpage\"},\"articleSection\":\"Blog, Cotidiano, ELEI\\u00c7\\u00d5ES 2018, Muria\\u00e9, se\\u00e7\\u00f5es, tse, zona eleitoral\"},{\"@type\":\"BreadcrumbList\",\"@id\":\"https:\\\/\\\/anoticiaonline.com.br\\\/site\\\/eleicoes-2018-muriaeenses-vao-as-urnas-neste-domingo-7\\\/#breadcrumblist\",\"itemListElement\":[{\"@type\":\"ListItem\",\"@id\":\"https:\\\/\\\/anoticiaonline.com.br\\\/site#listItem\",\"position\":1,\"name\":\"Home\",\"item\":\"https:\\\/\\\/anoticiaonline.com.br\\\/site\",\"nextItem\":{\"@type\":\"ListItem\",\"@id\":\"https:\\\/\\\/anoticiaonline.com.br\\\/site\\\/categoria\\\/muriae\\\/#listItem\",\"name\":\"Blog\"}},{\"@type\":\"ListItem\",\"@id\":\"https:\\\/\\\/anoticiaonline.com.br\\\/site\\\/categoria\\\/muriae\\\/#listItem\",\"position\":2,\"name\":\"Blog\",\"item\":\"https:\\\/\\\/anoticiaonline.com.br\\\/site\\\/categoria\\\/muriae\\\/\",\"nextItem\":{\"@type\":\"ListItem\",\"@id\":\"https:\\\/\\\/anoticiaonline.com.br\\\/site\\\/categoria\\\/muriae\\\/cotidiano\\\/#listItem\",\"name\":\"Cotidiano\"},\"previousItem\":{\"@type\":\"ListItem\",\"@id\":\"https:\\\/\\\/anoticiaonline.com.br\\\/site#listItem\",\"name\":\"Home\"}},{\"@type\":\"ListItem\",\"@id\":\"https:\\\/\\\/anoticiaonline.com.br\\\/site\\\/categoria\\\/muriae\\\/cotidiano\\\/#listItem\",\"position\":3,\"name\":\"Cotidiano\",\"item\":\"https:\\\/\\\/anoticiaonline.com.br\\\/site\\\/categoria\\\/muriae\\\/cotidiano\\\/\",\"nextItem\":{\"@type\":\"ListItem\",\"@id\":\"https:\\\/\\\/anoticiaonline.com.br\\\/site\\\/eleicoes-2018-muriaeenses-vao-as-urnas-neste-domingo-7\\\/#listItem\",\"name\":\"Elei\\u00e7\\u00f5es 2018: Muriaeenses v\\u00e3o \\u00e0s urnas neste domingo (7)\"},\"previousItem\":{\"@type\":\"ListItem\",\"@id\":\"https:\\\/\\\/anoticiaonline.com.br\\\/site\\\/categoria\\\/muriae\\\/#listItem\",\"name\":\"Blog\"}},{\"@type\":\"ListItem\",\"@id\":\"https:\\\/\\\/anoticiaonline.com.br\\\/site\\\/eleicoes-2018-muriaeenses-vao-as-urnas-neste-domingo-7\\\/#listItem\",\"position\":4,\"name\":\"Elei\\u00e7\\u00f5es 2018: Muriaeenses v\\u00e3o \\u00e0s urnas neste domingo (7)\",\"previousItem\":{\"@type\":\"ListItem\",\"@id\":\"https:\\\/\\\/anoticiaonline.com.br\\\/site\\\/categoria\\\/muriae\\\/cotidiano\\\/#listItem\",\"name\":\"Cotidiano\"}}]},{\"@type\":\"Organization\",\"@id\":\"https:\\\/\\\/anoticiaonline.com.br\\\/site\\\/#organization\",\"name\":\"A Not\\u00edcia Online\",\"description\":\"Noticias de Muria\\u00e9 e regi\\u00e3o\",\"url\":\"https:\\\/\\\/anoticiaonline.com.br\\\/site\\\/\",\"logo\":{\"@type\":\"ImageObject\",\"url\":\"https:\\\/\\\/scontent-gig4-1.xx.fbcdn.net\\\/v\\\/t39.30808-1\\\/270437624_4564083193639691_6907940295614233970_n.jpg?stp=dst-jpg_s200x200_tt6&_nc_cat=111&ccb=1-7&_nc_sid=f907e8&_nc_ohc=SM1wRlP3lJwQ7kNvwEPuBYA&_nc_oc=AdnqrjDN_BNjSSHWO-GbkIWH6fkGMLw4bqvL_NH6e2wMveX7G-rP2dAqsDSq1mJMOaY&_nc_zt=24&_nc_ht=scontent-gig4-1.xx&_nc_gid=AoBFJeGrT1hVaew_6rchkQ&oh=00_AfX7QmFGhQhG2jAllVgXCiM1ZrWgvtp80-Bfppyexh1QEg&oe=689E923C\",\"@id\":\"https:\\\/\\\/anoticiaonline.com.br\\\/site\\\/eleicoes-2018-muriaeenses-vao-as-urnas-neste-domingo-7\\\/#organizationLogo\"},\"image\":{\"@id\":\"https:\\\/\\\/anoticiaonline.com.br\\\/site\\\/eleicoes-2018-muriaeenses-vao-as-urnas-neste-domingo-7\\\/#organizationLogo\"}},{\"@type\":\"Person\",\"@id\":\"https:\\\/\\\/anoticiaonline.com.br\\\/site\\\/author\\\/juliana\\\/#author\",\"url\":\"https:\\\/\\\/anoticiaonline.com.br\\\/site\\\/author\\\/juliana\\\/\",\"name\":\"Juliana Laviola\",\"image\":{\"@type\":\"ImageObject\",\"@id\":\"https:\\\/\\\/anoticiaonline.com.br\\\/site\\\/eleicoes-2018-muriaeenses-vao-as-urnas-neste-domingo-7\\\/#authorImage\",\"url\":\"https:\\\/\\\/secure.gravatar.com\\\/avatar\\\/b8d45f5c699b100dfaf0e543582f38f38bf94cb7ae3a5e9abf8d891a34773335?s=96&d=mm&r=g\",\"width\":96,\"height\":96,\"caption\":\"Juliana Laviola\"}},{\"@type\":\"WebPage\",\"@id\":\"https:\\\/\\\/anoticiaonline.com.br\\\/site\\\/eleicoes-2018-muriaeenses-vao-as-urnas-neste-domingo-7\\\/#webpage\",\"url\":\"https:\\\/\\\/anoticiaonline.com.br\\\/site\\\/eleicoes-2018-muriaeenses-vao-as-urnas-neste-domingo-7\\\/\",\"name\":\"Elei\\u00e7\\u00f5es 2018: Muriaeenses v\\u00e3o \\u00e0s urnas neste domingo (7) - A Not\\u00edcia Online\",\"description\":\"Neste domingo (7), milhares de muriaeenses ir\\u00e3o \\u00e0s urnas para escolherem seus candidatos a deputado estadual, deputado federal, senador 1\\u00aa vaga, senador 2\\u00aa vaga, governador e presidente da Rep\\u00fablica. Segue abaixo a listagem completa de se\\u00e7\\u00f5es do munic\\u00edpio. Para saber o local de vota\\u00e7\\u00e3o, basta o eleitor conferir sua se\\u00e7\\u00e3o no T\\u00edtulo. Para mais informa\\u00e7\\u00f5es\",\"inLanguage\":\"pt-BR\",\"isPartOf\":{\"@id\":\"https:\\\/\\\/anoticiaonline.com.br\\\/site\\\/#website\"},\"breadcrumb\":{\"@id\":\"https:\\\/\\\/anoticiaonline.com.br\\\/site\\\/eleicoes-2018-muriaeenses-vao-as-urnas-neste-domingo-7\\\/#breadcrumblist\"},\"author\":{\"@id\":\"https:\\\/\\\/anoticiaonline.com.br\\\/site\\\/author\\\/juliana\\\/#author\"},\"creator\":{\"@id\":\"https:\\\/\\\/anoticiaonline.com.br\\\/site\\\/author\\\/juliana\\\/#author\"},\"image\":{\"@type\":\"ImageObject\",\"url\":\"https:\\\/\\\/anoticiaonline.com.br\\\/site\\\/wp-content\\\/uploads\\\/2018\\\/10\\\/Elei\\u00e7\\u00f5es-2018-Muriaeenses-v\\u00e3o-\\u00e0s-urnas-neste-domingo-7.jpg\",\"@id\":\"https:\\\/\\\/anoticiaonline.com.br\\\/site\\\/eleicoes-2018-muriaeenses-vao-as-urnas-neste-domingo-7\\\/#mainImage\",\"width\":1000,\"height\":667},\"primaryImageOfPage\":{\"@id\":\"https:\\\/\\\/anoticiaonline.com.br\\\/site\\\/eleicoes-2018-muriaeenses-vao-as-urnas-neste-domingo-7\\\/#mainImage\"},\"datePublished\":\"2018-10-03T10:51:58-03:00\",\"dateModified\":\"2018-10-03T10:51:58-03:00\"},{\"@type\":\"WebSite\",\"@id\":\"https:\\\/\\\/anoticiaonline.com.br\\\/site\\\/#website\",\"url\":\"https:\\\/\\\/anoticiaonline.com.br\\\/site\\\/\",\"name\":\"A Not\\u00edcia Online\",\"description\":\"Noticias de Muria\\u00e9 e regi\\u00e3o\",\"inLanguage\":\"pt-BR\",\"publisher\":{\"@id\":\"https:\\\/\\\/anoticiaonline.com.br\\\/site\\\/#organization\"}}]}\n\t\t<\/script>\n\t\t<!-- All in One SEO -->\n\n","aioseo_head_json":{"title":"Elei\u00e7\u00f5es 2018: Muriaeenses v\u00e3o \u00e0s urnas neste domingo (7) - A Not\u00edcia Online","description":"Neste domingo (7), milhares de muriaeenses ir\u00e3o \u00e0s urnas para escolherem seus candidatos a deputado estadual, deputado federal, senador 1\u00aa vaga, senador 2\u00aa vaga, governador e presidente da Rep\u00fablica. Segue abaixo a listagem completa de se\u00e7\u00f5es do munic\u00edpio. Para saber o local de vota\u00e7\u00e3o, basta o eleitor conferir sua se\u00e7\u00e3o no T\u00edtulo. Para mais informa\u00e7\u00f5es","canonical_url":"https:\/\/anoticiaonline.com.br\/site\/eleicoes-2018-muriaeenses-vao-as-urnas-neste-domingo-7\/","robots":"max-image-preview:large","keywords":"","webmasterTools":{"miscellaneous":""},"schema":{"@context":"https:\/\/schema.org","@graph":[{"@type":"BlogPosting","@id":"https:\/\/anoticiaonline.com.br\/site\/eleicoes-2018-muriaeenses-vao-as-urnas-neste-domingo-7\/#blogposting","name":"Elei\u00e7\u00f5es 2018: Muriaeenses v\u00e3o \u00e0s urnas neste domingo (7) - A Not\u00edcia Online","headline":"Elei\u00e7\u00f5es 2018: Muriaeenses v\u00e3o \u00e0s urnas neste domingo (7)","author":{"@id":"https:\/\/anoticiaonline.com.br\/site\/author\/juliana\/#author"},"publisher":{"@id":"https:\/\/anoticiaonline.com.br\/site\/#organization"},"image":{"@type":"ImageObject","url":"https:\/\/anoticiaonline.com.br\/site\/wp-content\/uploads\/2018\/10\/Elei\u00e7\u00f5es-2018-Muriaeenses-v\u00e3o-\u00e0s-urnas-neste-domingo-7.jpg","width":1000,"height":667},"datePublished":"2018-10-03T10:51:58-03:00","dateModified":"2018-10-03T10:51:58-03:00","inLanguage":"pt-BR","mainEntityOfPage":{"@id":"https:\/\/anoticiaonline.com.br\/site\/eleicoes-2018-muriaeenses-vao-as-urnas-neste-domingo-7\/#webpage"},"isPartOf":{"@id":"https:\/\/anoticiaonline.com.br\/site\/eleicoes-2018-muriaeenses-vao-as-urnas-neste-domingo-7\/#webpage"},"articleSection":"Blog, Cotidiano, ELEI\u00c7\u00d5ES 2018, Muria\u00e9, se\u00e7\u00f5es, tse, zona eleitoral"},{"@type":"BreadcrumbList","@id":"https:\/\/anoticiaonline.com.br\/site\/eleicoes-2018-muriaeenses-vao-as-urnas-neste-domingo-7\/#breadcrumblist","itemListElement":[{"@type":"ListItem","@id":"https:\/\/anoticiaonline.com.br\/site#listItem","position":1,"name":"Home","item":"https:\/\/anoticiaonline.com.br\/site","nextItem":{"@type":"ListItem","@id":"https:\/\/anoticiaonline.com.br\/site\/categoria\/muriae\/#listItem","name":"Blog"}},{"@type":"ListItem","@id":"https:\/\/anoticiaonline.com.br\/site\/categoria\/muriae\/#listItem","position":2,"name":"Blog","item":"https:\/\/anoticiaonline.com.br\/site\/categoria\/muriae\/","nextItem":{"@type":"ListItem","@id":"https:\/\/anoticiaonline.com.br\/site\/categoria\/muriae\/cotidiano\/#listItem","name":"Cotidiano"},"previousItem":{"@type":"ListItem","@id":"https:\/\/anoticiaonline.com.br\/site#listItem","name":"Home"}},{"@type":"ListItem","@id":"https:\/\/anoticiaonline.com.br\/site\/categoria\/muriae\/cotidiano\/#listItem","position":3,"name":"Cotidiano","item":"https:\/\/anoticiaonline.com.br\/site\/categoria\/muriae\/cotidiano\/","nextItem":{"@type":"ListItem","@id":"https:\/\/anoticiaonline.com.br\/site\/eleicoes-2018-muriaeenses-vao-as-urnas-neste-domingo-7\/#listItem","name":"Elei\u00e7\u00f5es 2018: Muriaeenses v\u00e3o \u00e0s urnas neste domingo (7)"},"previousItem":{"@type":"ListItem","@id":"https:\/\/anoticiaonline.com.br\/site\/categoria\/muriae\/#listItem","name":"Blog"}},{"@type":"ListItem","@id":"https:\/\/anoticiaonline.com.br\/site\/eleicoes-2018-muriaeenses-vao-as-urnas-neste-domingo-7\/#listItem","position":4,"name":"Elei\u00e7\u00f5es 2018: Muriaeenses v\u00e3o \u00e0s urnas neste domingo (7)","previousItem":{"@type":"ListItem","@id":"https:\/\/anoticiaonline.com.br\/site\/categoria\/muriae\/cotidiano\/#listItem","name":"Cotidiano"}}]},{"@type":"Organization","@id":"https:\/\/anoticiaonline.com.br\/site\/#organization","name":"A Not\u00edcia Online","description":"Noticias de Muria\u00e9 e regi\u00e3o","url":"https:\/\/anoticiaonline.com.br\/site\/","logo":{"@type":"ImageObject","url":"https:\/\/scontent-gig4-1.xx.fbcdn.net\/v\/t39.30808-1\/270437624_4564083193639691_6907940295614233970_n.jpg?stp=dst-jpg_s200x200_tt6&_nc_cat=111&ccb=1-7&_nc_sid=f907e8&_nc_ohc=SM1wRlP3lJwQ7kNvwEPuBYA&_nc_oc=AdnqrjDN_BNjSSHWO-GbkIWH6fkGMLw4bqvL_NH6e2wMveX7G-rP2dAqsDSq1mJMOaY&_nc_zt=24&_nc_ht=scontent-gig4-1.xx&_nc_gid=AoBFJeGrT1hVaew_6rchkQ&oh=00_AfX7QmFGhQhG2jAllVgXCiM1ZrWgvtp80-Bfppyexh1QEg&oe=689E923C","@id":"https:\/\/anoticiaonline.com.br\/site\/eleicoes-2018-muriaeenses-vao-as-urnas-neste-domingo-7\/#organizationLogo"},"image":{"@id":"https:\/\/anoticiaonline.com.br\/site\/eleicoes-2018-muriaeenses-vao-as-urnas-neste-domingo-7\/#organizationLogo"}},{"@type":"Person","@id":"https:\/\/anoticiaonline.com.br\/site\/author\/juliana\/#author","url":"https:\/\/anoticiaonline.com.br\/site\/author\/juliana\/","name":"Juliana Laviola","image":{"@type":"ImageObject","@id":"https:\/\/anoticiaonline.com.br\/site\/eleicoes-2018-muriaeenses-vao-as-urnas-neste-domingo-7\/#authorImage","url":"https:\/\/secure.gravatar.com\/avatar\/b8d45f5c699b100dfaf0e543582f38f38bf94cb7ae3a5e9abf8d891a34773335?s=96&d=mm&r=g","width":96,"height":96,"caption":"Juliana Laviola"}},{"@type":"WebPage","@id":"https:\/\/anoticiaonline.com.br\/site\/eleicoes-2018-muriaeenses-vao-as-urnas-neste-domingo-7\/#webpage","url":"https:\/\/anoticiaonline.com.br\/site\/eleicoes-2018-muriaeenses-vao-as-urnas-neste-domingo-7\/","name":"Elei\u00e7\u00f5es 2018: Muriaeenses v\u00e3o \u00e0s urnas neste domingo (7) - A Not\u00edcia Online","description":"Neste domingo (7), milhares de muriaeenses ir\u00e3o \u00e0s urnas para escolherem seus candidatos a deputado estadual, deputado federal, senador 1\u00aa vaga, senador 2\u00aa vaga, governador e presidente da Rep\u00fablica. Segue abaixo a listagem completa de se\u00e7\u00f5es do munic\u00edpio. Para saber o local de vota\u00e7\u00e3o, basta o eleitor conferir sua se\u00e7\u00e3o no T\u00edtulo. Para mais informa\u00e7\u00f5es","inLanguage":"pt-BR","isPartOf":{"@id":"https:\/\/anoticiaonline.com.br\/site\/#website"},"breadcrumb":{"@id":"https:\/\/anoticiaonline.com.br\/site\/eleicoes-2018-muriaeenses-vao-as-urnas-neste-domingo-7\/#breadcrumblist"},"author":{"@id":"https:\/\/anoticiaonline.com.br\/site\/author\/juliana\/#author"},"creator":{"@id":"https:\/\/anoticiaonline.com.br\/site\/author\/juliana\/#author"},"image":{"@type":"ImageObject","url":"https:\/\/anoticiaonline.com.br\/site\/wp-content\/uploads\/2018\/10\/Elei\u00e7\u00f5es-2018-Muriaeenses-v\u00e3o-\u00e0s-urnas-neste-domingo-7.jpg","@id":"https:\/\/anoticiaonline.com.br\/site\/eleicoes-2018-muriaeenses-vao-as-urnas-neste-domingo-7\/#mainImage","width":1000,"height":667},"primaryImageOfPage":{"@id":"https:\/\/anoticiaonline.com.br\/site\/eleicoes-2018-muriaeenses-vao-as-urnas-neste-domingo-7\/#mainImage"},"datePublished":"2018-10-03T10:51:58-03:00","dateModified":"2018-10-03T10:51:58-03:00"},{"@type":"WebSite","@id":"https:\/\/anoticiaonline.com.br\/site\/#website","url":"https:\/\/anoticiaonline.com.br\/site\/","name":"A Not\u00edcia Online","description":"Noticias de Muria\u00e9 e regi\u00e3o","inLanguage":"pt-BR","publisher":{"@id":"https:\/\/anoticiaonline.com.br\/site\/#organization"}}]},"og:locale":"pt_BR","og:site_name":"A Not\u00edcia Online - Noticias de Muria\u00e9 e regi\u00e3o","og:type":"article","og:title":"Elei\u00e7\u00f5es 2018: Muriaeenses v\u00e3o \u00e0s urnas neste domingo (7) - A Not\u00edcia Online","og:description":"Neste domingo (7), milhares de muriaeenses ir\u00e3o \u00e0s urnas para escolherem seus candidatos a deputado estadual, deputado federal, senador 1\u00aa vaga, senador 2\u00aa vaga, governador e presidente da Rep\u00fablica. Segue abaixo a listagem completa de se\u00e7\u00f5es do munic\u00edpio. Para saber o local de vota\u00e7\u00e3o, basta o eleitor conferir sua se\u00e7\u00e3o no T\u00edtulo. Para mais informa\u00e7\u00f5es","og:url":"https:\/\/anoticiaonline.com.br\/site\/eleicoes-2018-muriaeenses-vao-as-urnas-neste-domingo-7\/","og:image":"https:\/\/scontent-gig4-1.xx.fbcdn.net\/v\/t39.30808-1\/270437624_4564083193639691_6907940295614233970_n.jpg?stp=dst-jpg_s200x200_tt6&#038;_nc_cat=111&#038;ccb=1-7&#038;_nc_sid=f907e8&#038;_nc_ohc=SM1wRlP3lJwQ7kNvwEPuBYA&#038;_nc_oc=AdnqrjDN_BNjSSHWO-GbkIWH6fkGMLw4bqvL_NH6e2wMveX7G-rP2dAqsDSq1mJMOaY&#038;_nc_zt=24&#038;_nc_ht=scontent-gig4-1.xx&#038;_nc_gid=AoBFJeGrT1hVaew_6rchkQ&#038;oh=00_AfX7QmFGhQhG2jAllVgXCiM1ZrWgvtp80-Bfppyexh1QEg&#038;oe=689E923C","og:image:secure_url":"https:\/\/scontent-gig4-1.xx.fbcdn.net\/v\/t39.30808-1\/270437624_4564083193639691_6907940295614233970_n.jpg?stp=dst-jpg_s200x200_tt6&#038;_nc_cat=111&#038;ccb=1-7&#038;_nc_sid=f907e8&#038;_nc_ohc=SM1wRlP3lJwQ7kNvwEPuBYA&#038;_nc_oc=AdnqrjDN_BNjSSHWO-GbkIWH6fkGMLw4bqvL_NH6e2wMveX7G-rP2dAqsDSq1mJMOaY&#038;_nc_zt=24&#038;_nc_ht=scontent-gig4-1.xx&#038;_nc_gid=AoBFJeGrT1hVaew_6rchkQ&#038;oh=00_AfX7QmFGhQhG2jAllVgXCiM1ZrWgvtp80-Bfppyexh1QEg&#038;oe=689E923C","article:published_time":"2018-10-03T13:51:58+00:00","article:modified_time":"2018-10-03T13:51:58+00:00","twitter:card":"summary_large_image","twitter:title":"Elei\u00e7\u00f5es 2018: Muriaeenses v\u00e3o \u00e0s urnas neste domingo (7) - A Not\u00edcia Online","twitter:description":"Neste domingo (7), milhares de muriaeenses ir\u00e3o \u00e0s urnas para escolherem seus candidatos a deputado estadual, deputado federal, senador 1\u00aa vaga, senador 2\u00aa vaga, governador e presidente da Rep\u00fablica. Segue abaixo a listagem completa de se\u00e7\u00f5es do munic\u00edpio. Para saber o local de vota\u00e7\u00e3o, basta o eleitor conferir sua se\u00e7\u00e3o no T\u00edtulo. Para mais informa\u00e7\u00f5es","twitter:image":"https:\/\/scontent-gig4-1.xx.fbcdn.net\/v\/t39.30808-1\/270437624_4564083193639691_6907940295614233970_n.jpg?stp=dst-jpg_s200x200_tt6&_nc_cat=111&ccb=1-7&_nc_sid=f907e8&_nc_ohc=SM1wRlP3lJwQ7kNvwEPuBYA&_nc_oc=AdnqrjDN_BNjSSHWO-GbkIWH6fkGMLw4bqvL_NH6e2wMveX7G-rP2dAqsDSq1mJMOaY&_nc_zt=24&_nc_ht=scontent-gig4-1.xx&_nc_gid=AoBFJeGrT1hVaew_6rchkQ&oh=00_AfX7QmFGhQhG2jAllVgXCiM1ZrWgvtp80-Bfppyexh1QEg&oe=689E923C"},"aioseo_meta_data":{"post_id":"62592","title":null,"description":null,"keywords":null,"keyphrases":null,"primary_term":null,"canonical_url":null,"og_title":null,"og_description":null,"og_object_type":"default","og_image_type":"default","og_image_url":null,"og_image_width":null,"og_image_height":null,"og_image_custom_url":null,"og_image_custom_fields":null,"og_video":null,"og_custom_url":null,"og_article_section":null,"og_article_tags":null,"twitter_use_og":false,"twitter_card":"default","twitter_image_type":"default","twitter_image_url":null,"twitter_image_custom_url":null,"twitter_image_custom_fields":null,"twitter_title":null,"twitter_description":null,"schema":{"blockGraphs":[],"customGraphs":[],"default":{"data":{"Article":[],"Course":[],"Dataset":[],"FAQPage":[],"Movie":[],"Person":[],"Product":[],"ProductReview":[],"Car":[],"Recipe":[],"Service":[],"SoftwareApplication":[],"WebPage":[]},"graphName":"","isEnabled":true},"graphs":[]},"schema_type":"default","schema_type_options":null,"pillar_content":false,"robots_default":true,"robots_noindex":false,"robots_noarchive":false,"robots_nosnippet":false,"robots_nofollow":false,"robots_noimageindex":false,"robots_noodp":false,"robots_notranslate":false,"robots_max_snippet":null,"robots_max_videopreview":null,"robots_max_imagepreview":"large","priority":null,"frequency":null,"local_seo":null,"breadcrumb_settings":null,"limit_modified_date":false,"ai":null,"created":"2025-08-16 21:48:18","updated":"2025-08-16 21:48:18","focus_keyword":null,"additional_keywords":null,"truseo_locale":null,"seo_analyzer_scan_date":null},"aioseo_breadcrumb":"<div class=\"aioseo-breadcrumbs\"><span class=\"aioseo-breadcrumb\">\n\t\t\t<a href=\"https:\/\/anoticiaonline.com.br\/site\" title=\"Home\">Home<\/a>\n\t\t<\/span><span class=\"aioseo-breadcrumb-separator\">&raquo;<\/span><span class=\"aioseo-breadcrumb\">\n\t\t\t<a href=\"https:\/\/anoticiaonline.com.br\/site\/categoria\/muriae\/\" title=\"Blog\">Blog<\/a>\n\t\t<\/span><span class=\"aioseo-breadcrumb-separator\">&raquo;<\/span><span class=\"aioseo-breadcrumb\">\n\t\t\t<a href=\"https:\/\/anoticiaonline.com.br\/site\/categoria\/muriae\/cotidiano\/\" title=\"Cotidiano\">Cotidiano<\/a>\n\t\t<\/span><span class=\"aioseo-breadcrumb-separator\">&raquo;<\/span><span class=\"aioseo-breadcrumb\">\n\t\t\tElei\u00e7\u00f5es 2018: Muriaeenses v\u00e3o \u00e0s urnas neste domingo (7)\n\t\t<\/span><\/div>","aioseo_breadcrumb_json":[{"label":"Home","link":"https:\/\/anoticiaonline.com.br\/site"},{"label":"Blog","link":"https:\/\/anoticiaonline.com.br\/site\/categoria\/muriae\/"},{"label":"Cotidiano","link":"https:\/\/anoticiaonline.com.br\/site\/categoria\/muriae\/cotidiano\/"},{"label":"Elei\u00e7\u00f5es 2018: Muriaeenses v\u00e3o \u00e0s urnas neste domingo (7)","link":"https:\/\/anoticiaonline.com.br\/site\/eleicoes-2018-muriaeenses-vao-as-urnas-neste-domingo-7\/"}],"views":151,"_links":{"self":[{"href":"https:\/\/anoticiaonline.com.br\/site\/wp-json\/wp\/v2\/posts\/62592","targetHints":{"allow":["GET"]}}],"collection":[{"href":"https:\/\/anoticiaonline.com.br\/site\/wp-json\/wp\/v2\/posts"}],"about":[{"href":"https:\/\/anoticiaonline.com.br\/site\/wp-json\/wp\/v2\/types\/post"}],"author":[{"embeddable":true,"href":"https:\/\/anoticiaonline.com.br\/site\/wp-json\/wp\/v2\/users\/2"}],"replies":[{"embeddable":true,"href":"https:\/\/anoticiaonline.com.br\/site\/wp-json\/wp\/v2\/comments?post=62592"}],"version-history":[{"count":0,"href":"https:\/\/anoticiaonline.com.br\/site\/wp-json\/wp\/v2\/posts\/62592\/revisions"}],"wp:featuredmedia":[{"embeddable":true,"href":"https:\/\/anoticiaonline.com.br\/site\/wp-json\/wp\/v2\/media\/62593"}],"wp:attachment":[{"href":"https:\/\/anoticiaonline.com.br\/site\/wp-json\/wp\/v2\/media?parent=62592"}],"wp:term":[{"taxonomy":"category","embeddable":true,"href":"https:\/\/anoticiaonline.com.br\/site\/wp-json\/wp\/v2\/categories?post=62592"},{"taxonomy":"post_tag","embeddable":true,"href":"https:\/\/anoticiaonline.com.br\/site\/wp-json\/wp\/v2\/tags?post=62592"}],"curies":[{"name":"wp","href":"https:\/\/api.w.org\/{rel}","templated":true}]}}