{"id":62527,"date":"2018-10-02T16:19:57","date_gmt":"2018-10-02T19:19:57","guid":{"rendered":"http:\/\/anoticiaonline.com.br\/site\/?p=62527"},"modified":"2018-10-02T16:19:57","modified_gmt":"2018-10-02T19:19:57","slug":"faltam-5-dias-eleitores-nao-podem-ser-presos-a-partir-de-hoje-2","status":"publish","type":"post","link":"https:\/\/anoticiaonline.com.br\/site\/faltam-5-dias-eleitores-nao-podem-ser-presos-a-partir-de-hoje-2\/","title":{"rendered":"Faltam 5 dias: eleitores n\u00e3o podem ser presos a partir de hoje (2)"},"content":{"rendered":"<p>Eleitor s\u00f3 poder\u00e1 ser preso ou detido em flagrante delito, ou em virtude de senten\u00e7a criminal condenat\u00f3ria por crime inafian\u00e7\u00e1vel, ou por desrespeito a salvo-conduto.<\/p>\n<p>A partir desta ter\u00e7a-feira (2) e at\u00e9 48 horas depois do t\u00e9rmino da vota\u00e7\u00e3o, nenhum eleitor poder\u00e1 ser preso ou detido, salvo em flagrante delito, ou em virtude de senten\u00e7a criminal condenat\u00f3ria por crime inafian\u00e7\u00e1vel, ou, ainda, por desrespeito a salvo-conduto. A determina\u00e7\u00e3o consta do artigo 236 do C\u00f3digo Eleitoral (<a href=\"http:\/\/www.planalto.gov.br\/ccivil_03\/leis\/L4737.htm\">Lei n\u00ba 4.737\/1965<\/a>).<\/p>\n<p>No dia da elei\u00e7\u00e3o, constituem crimes arregimentar outros eleitores ou realizar propaganda de boca de urna, bem como utilizar alto-falante e amplificador de som, promover com\u00edcio ou carreata e divulgar qualquer esp\u00e9cie de propaganda de partido pol\u00edtico ou candidato. Tamb\u00e9m \u00e9 vedada, no dia da elei\u00e7\u00e3o, a publica\u00e7\u00e3o de novos conte\u00fados ou o impulsionamento de conte\u00fados nas aplica\u00e7\u00f5es de Internet de que trata o\u00a0<a href=\"http:\/\/www.planalto.gov.br\/ccivil_03\/leis\/l9504.htm#art57b\">art. 57-B da Lei n\u00ba 9.504\/1997<\/a>, podendo ser mantidos em funcionamento as aplica\u00e7\u00f5es e os conte\u00fados publicados anteriormente. Essas regras constam do artigo 81 da\u00a0<a href=\"http:\/\/www.tse.jus.br\/legislacao-tse\/res\/2017\/RES235512017.html\">Resolu\u00e7\u00e3o TSE n\u00ba 23.551\/2017<\/a>.<\/p>\n<p>O mesmo dispositivo estabelece a puni\u00e7\u00e3o para quem for flagrado praticando esses crimes: deten\u00e7\u00e3o de seis meses a um ano, com a alternativa de presta\u00e7\u00e3o de servi\u00e7os \u00e0 comunidade pelo mesmo per\u00edodo, e multa no valor de R$ 5.320,50 at\u00e9 R$ 15.961,50.<\/p>\n<p><a href=\"https:\/\/anoticiaonline.com.br\/site\/wp-content\/uploads\/2018\/10\/Faltam-5-dias-eleitores-n\u00e3o-podem-ser-presos-a-partir-de-hoje-2.jpeg\"><img fetchpriority=\"high\" decoding=\"async\" class=\"alignnone size-full wp-image-62528\" src=\"https:\/\/anoticiaonline.com.br\/site\/wp-content\/uploads\/2018\/10\/Faltam-5-dias-eleitores-n\u00e3o-podem-ser-presos-a-partir-de-hoje-2.jpeg\" alt=\"\" width=\"1000\" height=\"484\" srcset=\"https:\/\/anoticiaonline.com.br\/site\/wp-content\/uploads\/2018\/10\/Faltam-5-dias-eleitores-n\u00e3o-podem-ser-presos-a-partir-de-hoje-2.jpeg 1000w, https:\/\/anoticiaonline.com.br\/site\/wp-content\/uploads\/2018\/10\/Faltam-5-dias-eleitores-n\u00e3o-podem-ser-presos-a-partir-de-hoje-2-300x145.jpeg 300w, https:\/\/anoticiaonline.com.br\/site\/wp-content\/uploads\/2018\/10\/Faltam-5-dias-eleitores-n\u00e3o-podem-ser-presos-a-partir-de-hoje-2-768x372.jpeg 768w\" sizes=\"(max-width: 1000px) 100vw, 1000px\" \/><\/a><\/p>\n<p>Cr\u00e9ditos: EM\/RR www.tse.jus.br<\/p>\n","protected":false},"excerpt":{"rendered":"<p>Eleitor s\u00f3 poder\u00e1 ser preso ou detido em flagrante delito, ou em virtude de senten\u00e7a criminal condenat\u00f3ria por crime inafian\u00e7\u00e1vel, ou por desrespeito a salvo-conduto. A partir desta ter\u00e7a-feira (2) e at\u00e9 48 horas depois do t\u00e9rmino da vota\u00e7\u00e3o, nenhum eleitor poder\u00e1 ser preso ou detido, salvo em flagrante delito, ou em virtude de senten\u00e7a &#8230; <a title=\"Faltam 5 dias: eleitores n\u00e3o podem ser presos a partir de hoje (2)\" class=\"read-more\" href=\"https:\/\/anoticiaonline.com.br\/site\/faltam-5-dias-eleitores-nao-podem-ser-presos-a-partir-de-hoje-2\/\" aria-label=\"Read more about Faltam 5 dias: eleitores n\u00e3o podem ser presos a partir de hoje (2)\">Ler mais<\/a><\/p>\n","protected":false},"author":2,"featured_media":62528,"comment_status":"open","ping_status":"open","sticky":false,"template":"","format":"standard","meta":{"_acf_changed":false,"_monsterinsights_skip_tracking":false,"footnotes":""},"categories":[30,2893,1],"tags":[2883,74,3172],"class_list":["post-62527","post","type-post","status-publish","format-standard","has-post-thumbnail","hentry","category-muriae","category-cotidiano","category-gerais","tag-eleicoes-2018","tag-muriae","tag-tse"],"acf":[],"aioseo_notices":[],"aioseo_head":"\n\t\t<!-- All in One SEO 5.0.0.1 - aioseo.com -->\n\t<meta name=\"description\" content=\"Eleitor s\u00f3 poder\u00e1 ser preso ou detido em flagrante delito, ou em virtude de senten\u00e7a criminal condenat\u00f3ria por crime inafian\u00e7\u00e1vel, ou por desrespeito a salvo-conduto. A partir desta ter\u00e7a-feira (2) e at\u00e9 48 horas depois do t\u00e9rmino da vota\u00e7\u00e3o, nenhum eleitor poder\u00e1 ser preso ou detido, salvo em flagrante delito, ou em virtude de senten\u00e7a\" \/>\n\t<meta name=\"robots\" content=\"max-image-preview:large\" \/>\n\t<meta name=\"author\" content=\"Juliana Laviola\"\/>\n\t<link rel=\"canonical\" href=\"https:\/\/anoticiaonline.com.br\/site\/faltam-5-dias-eleitores-nao-podem-ser-presos-a-partir-de-hoje-2\/\" \/>\n\t<meta name=\"generator\" content=\"All in One SEO (AIOSEO) 5.0.0.1\" \/>\n\t\t<meta property=\"og:locale\" content=\"pt_BR\" \/>\n\t\t<meta property=\"og:site_name\" content=\"A Not\u00edcia Online - Noticias de Muria\u00e9 e regi\u00e3o\" \/>\n\t\t<meta property=\"og:type\" content=\"article\" \/>\n\t\t<meta property=\"og:title\" content=\"Faltam 5 dias: eleitores n\u00e3o podem ser presos a partir de hoje (2) - A Not\u00edcia Online\" \/>\n\t\t<meta property=\"og:description\" content=\"Eleitor s\u00f3 poder\u00e1 ser preso ou detido em flagrante delito, ou em virtude de senten\u00e7a criminal condenat\u00f3ria por crime inafian\u00e7\u00e1vel, ou por desrespeito a salvo-conduto. A partir desta ter\u00e7a-feira (2) e at\u00e9 48 horas depois do t\u00e9rmino da vota\u00e7\u00e3o, nenhum eleitor poder\u00e1 ser preso ou detido, salvo em flagrante delito, ou em virtude de senten\u00e7a\" \/>\n\t\t<meta property=\"og:url\" content=\"https:\/\/anoticiaonline.com.br\/site\/faltam-5-dias-eleitores-nao-podem-ser-presos-a-partir-de-hoje-2\/\" \/>\n\t\t<meta property=\"og:image\" content=\"https:\/\/scontent-gig4-1.xx.fbcdn.net\/v\/t39.30808-1\/270437624_4564083193639691_6907940295614233970_n.jpg?stp=dst-jpg_s200x200_tt6&#038;_nc_cat=111&#038;ccb=1-7&#038;_nc_sid=f907e8&#038;_nc_ohc=SM1wRlP3lJwQ7kNvwEPuBYA&#038;_nc_oc=AdnqrjDN_BNjSSHWO-GbkIWH6fkGMLw4bqvL_NH6e2wMveX7G-rP2dAqsDSq1mJMOaY&#038;_nc_zt=24&#038;_nc_ht=scontent-gig4-1.xx&#038;_nc_gid=AoBFJeGrT1hVaew_6rchkQ&#038;oh=00_AfX7QmFGhQhG2jAllVgXCiM1ZrWgvtp80-Bfppyexh1QEg&#038;oe=689E923C\" \/>\n\t\t<meta property=\"og:image:secure_url\" content=\"https:\/\/scontent-gig4-1.xx.fbcdn.net\/v\/t39.30808-1\/270437624_4564083193639691_6907940295614233970_n.jpg?stp=dst-jpg_s200x200_tt6&#038;_nc_cat=111&#038;ccb=1-7&#038;_nc_sid=f907e8&#038;_nc_ohc=SM1wRlP3lJwQ7kNvwEPuBYA&#038;_nc_oc=AdnqrjDN_BNjSSHWO-GbkIWH6fkGMLw4bqvL_NH6e2wMveX7G-rP2dAqsDSq1mJMOaY&#038;_nc_zt=24&#038;_nc_ht=scontent-gig4-1.xx&#038;_nc_gid=AoBFJeGrT1hVaew_6rchkQ&#038;oh=00_AfX7QmFGhQhG2jAllVgXCiM1ZrWgvtp80-Bfppyexh1QEg&#038;oe=689E923C\" \/>\n\t\t<meta property=\"article:published_time\" content=\"2018-10-02T19:19:57+00:00\" \/>\n\t\t<meta property=\"article:modified_time\" content=\"2018-10-02T19:19:57+00:00\" \/>\n\t\t<meta name=\"twitter:card\" content=\"summary_large_image\" \/>\n\t\t<meta name=\"twitter:title\" content=\"Faltam 5 dias: eleitores n\u00e3o podem ser presos a partir de hoje (2) - A Not\u00edcia Online\" \/>\n\t\t<meta name=\"twitter:description\" content=\"Eleitor s\u00f3 poder\u00e1 ser preso ou detido em flagrante delito, ou em virtude de senten\u00e7a criminal condenat\u00f3ria por crime inafian\u00e7\u00e1vel, ou por desrespeito a salvo-conduto. A partir desta ter\u00e7a-feira (2) e at\u00e9 48 horas depois do t\u00e9rmino da vota\u00e7\u00e3o, nenhum eleitor poder\u00e1 ser preso ou detido, salvo em flagrante delito, ou em virtude de senten\u00e7a\" \/>\n\t\t<meta name=\"twitter:image\" content=\"https:\/\/scontent-gig4-1.xx.fbcdn.net\/v\/t39.30808-1\/270437624_4564083193639691_6907940295614233970_n.jpg?stp=dst-jpg_s200x200_tt6&amp;_nc_cat=111&amp;ccb=1-7&amp;_nc_sid=f907e8&amp;_nc_ohc=SM1wRlP3lJwQ7kNvwEPuBYA&amp;_nc_oc=AdnqrjDN_BNjSSHWO-GbkIWH6fkGMLw4bqvL_NH6e2wMveX7G-rP2dAqsDSq1mJMOaY&amp;_nc_zt=24&amp;_nc_ht=scontent-gig4-1.xx&amp;_nc_gid=AoBFJeGrT1hVaew_6rchkQ&amp;oh=00_AfX7QmFGhQhG2jAllVgXCiM1ZrWgvtp80-Bfppyexh1QEg&amp;oe=689E923C\" \/>\n\t\t<script type=\"application\/ld+json\" class=\"aioseo-schema\">\n\t\t\t{\"@context\":\"https:\\\/\\\/schema.org\",\"@graph\":[{\"@type\":\"BlogPosting\",\"@id\":\"https:\\\/\\\/anoticiaonline.com.br\\\/site\\\/faltam-5-dias-eleitores-nao-podem-ser-presos-a-partir-de-hoje-2\\\/#blogposting\",\"name\":\"Faltam 5 dias: eleitores n\\u00e3o podem ser presos a partir de hoje (2) - A Not\\u00edcia Online\",\"headline\":\"Faltam 5 dias: eleitores n\\u00e3o podem ser presos a partir de hoje (2)\",\"author\":{\"@id\":\"https:\\\/\\\/anoticiaonline.com.br\\\/site\\\/author\\\/juliana\\\/#author\"},\"publisher\":{\"@id\":\"https:\\\/\\\/anoticiaonline.com.br\\\/site\\\/#organization\"},\"image\":{\"@type\":\"ImageObject\",\"url\":\"https:\\\/\\\/anoticiaonline.com.br\\\/site\\\/wp-content\\\/uploads\\\/2018\\\/10\\\/Faltam-5-dias-eleitores-n\\u00e3o-podem-ser-presos-a-partir-de-hoje-2.jpeg\",\"width\":1000,\"height\":484},\"datePublished\":\"2018-10-02T16:19:57-03:00\",\"dateModified\":\"2018-10-02T16:19:57-03:00\",\"inLanguage\":\"pt-BR\",\"mainEntityOfPage\":{\"@id\":\"https:\\\/\\\/anoticiaonline.com.br\\\/site\\\/faltam-5-dias-eleitores-nao-podem-ser-presos-a-partir-de-hoje-2\\\/#webpage\"},\"isPartOf\":{\"@id\":\"https:\\\/\\\/anoticiaonline.com.br\\\/site\\\/faltam-5-dias-eleitores-nao-podem-ser-presos-a-partir-de-hoje-2\\\/#webpage\"},\"articleSection\":\"Blog, Cotidiano, Gerais, ELEI\\u00c7\\u00d5ES 2018, Muria\\u00e9, tse\"},{\"@type\":\"BreadcrumbList\",\"@id\":\"https:\\\/\\\/anoticiaonline.com.br\\\/site\\\/faltam-5-dias-eleitores-nao-podem-ser-presos-a-partir-de-hoje-2\\\/#breadcrumblist\",\"itemListElement\":[{\"@type\":\"ListItem\",\"@id\":\"https:\\\/\\\/anoticiaonline.com.br\\\/site#listItem\",\"position\":1,\"name\":\"Home\",\"item\":\"https:\\\/\\\/anoticiaonline.com.br\\\/site\",\"nextItem\":{\"@type\":\"ListItem\",\"@id\":\"https:\\\/\\\/anoticiaonline.com.br\\\/site\\\/categoria\\\/muriae\\\/#listItem\",\"name\":\"Blog\"}},{\"@type\":\"ListItem\",\"@id\":\"https:\\\/\\\/anoticiaonline.com.br\\\/site\\\/categoria\\\/muriae\\\/#listItem\",\"position\":2,\"name\":\"Blog\",\"item\":\"https:\\\/\\\/anoticiaonline.com.br\\\/site\\\/categoria\\\/muriae\\\/\",\"nextItem\":{\"@type\":\"ListItem\",\"@id\":\"https:\\\/\\\/anoticiaonline.com.br\\\/site\\\/categoria\\\/muriae\\\/cotidiano\\\/#listItem\",\"name\":\"Cotidiano\"},\"previousItem\":{\"@type\":\"ListItem\",\"@id\":\"https:\\\/\\\/anoticiaonline.com.br\\\/site#listItem\",\"name\":\"Home\"}},{\"@type\":\"ListItem\",\"@id\":\"https:\\\/\\\/anoticiaonline.com.br\\\/site\\\/categoria\\\/muriae\\\/cotidiano\\\/#listItem\",\"position\":3,\"name\":\"Cotidiano\",\"item\":\"https:\\\/\\\/anoticiaonline.com.br\\\/site\\\/categoria\\\/muriae\\\/cotidiano\\\/\",\"nextItem\":{\"@type\":\"ListItem\",\"@id\":\"https:\\\/\\\/anoticiaonline.com.br\\\/site\\\/faltam-5-dias-eleitores-nao-podem-ser-presos-a-partir-de-hoje-2\\\/#listItem\",\"name\":\"Faltam 5 dias: eleitores n\\u00e3o podem ser presos a partir de hoje (2)\"},\"previousItem\":{\"@type\":\"ListItem\",\"@id\":\"https:\\\/\\\/anoticiaonline.com.br\\\/site\\\/categoria\\\/muriae\\\/#listItem\",\"name\":\"Blog\"}},{\"@type\":\"ListItem\",\"@id\":\"https:\\\/\\\/anoticiaonline.com.br\\\/site\\\/faltam-5-dias-eleitores-nao-podem-ser-presos-a-partir-de-hoje-2\\\/#listItem\",\"position\":4,\"name\":\"Faltam 5 dias: eleitores n\\u00e3o podem ser presos a partir de hoje (2)\",\"previousItem\":{\"@type\":\"ListItem\",\"@id\":\"https:\\\/\\\/anoticiaonline.com.br\\\/site\\\/categoria\\\/muriae\\\/cotidiano\\\/#listItem\",\"name\":\"Cotidiano\"}}]},{\"@type\":\"Organization\",\"@id\":\"https:\\\/\\\/anoticiaonline.com.br\\\/site\\\/#organization\",\"name\":\"A Not\\u00edcia Online\",\"description\":\"Noticias de Muria\\u00e9 e regi\\u00e3o\",\"url\":\"https:\\\/\\\/anoticiaonline.com.br\\\/site\\\/\",\"logo\":{\"@type\":\"ImageObject\",\"url\":\"https:\\\/\\\/scontent-gig4-1.xx.fbcdn.net\\\/v\\\/t39.30808-1\\\/270437624_4564083193639691_6907940295614233970_n.jpg?stp=dst-jpg_s200x200_tt6&_nc_cat=111&ccb=1-7&_nc_sid=f907e8&_nc_ohc=SM1wRlP3lJwQ7kNvwEPuBYA&_nc_oc=AdnqrjDN_BNjSSHWO-GbkIWH6fkGMLw4bqvL_NH6e2wMveX7G-rP2dAqsDSq1mJMOaY&_nc_zt=24&_nc_ht=scontent-gig4-1.xx&_nc_gid=AoBFJeGrT1hVaew_6rchkQ&oh=00_AfX7QmFGhQhG2jAllVgXCiM1ZrWgvtp80-Bfppyexh1QEg&oe=689E923C\",\"@id\":\"https:\\\/\\\/anoticiaonline.com.br\\\/site\\\/faltam-5-dias-eleitores-nao-podem-ser-presos-a-partir-de-hoje-2\\\/#organizationLogo\"},\"image\":{\"@id\":\"https:\\\/\\\/anoticiaonline.com.br\\\/site\\\/faltam-5-dias-eleitores-nao-podem-ser-presos-a-partir-de-hoje-2\\\/#organizationLogo\"}},{\"@type\":\"Person\",\"@id\":\"https:\\\/\\\/anoticiaonline.com.br\\\/site\\\/author\\\/juliana\\\/#author\",\"url\":\"https:\\\/\\\/anoticiaonline.com.br\\\/site\\\/author\\\/juliana\\\/\",\"name\":\"Juliana Laviola\",\"image\":{\"@type\":\"ImageObject\",\"@id\":\"https:\\\/\\\/anoticiaonline.com.br\\\/site\\\/faltam-5-dias-eleitores-nao-podem-ser-presos-a-partir-de-hoje-2\\\/#authorImage\",\"url\":\"https:\\\/\\\/secure.gravatar.com\\\/avatar\\\/b8d45f5c699b100dfaf0e543582f38f38bf94cb7ae3a5e9abf8d891a34773335?s=96&d=mm&r=g\",\"width\":96,\"height\":96,\"caption\":\"Juliana Laviola\"}},{\"@type\":\"WebPage\",\"@id\":\"https:\\\/\\\/anoticiaonline.com.br\\\/site\\\/faltam-5-dias-eleitores-nao-podem-ser-presos-a-partir-de-hoje-2\\\/#webpage\",\"url\":\"https:\\\/\\\/anoticiaonline.com.br\\\/site\\\/faltam-5-dias-eleitores-nao-podem-ser-presos-a-partir-de-hoje-2\\\/\",\"name\":\"Faltam 5 dias: eleitores n\\u00e3o podem ser presos a partir de hoje (2) - A Not\\u00edcia Online\",\"description\":\"Eleitor s\\u00f3 poder\\u00e1 ser preso ou detido em flagrante delito, ou em virtude de senten\\u00e7a criminal condenat\\u00f3ria por crime inafian\\u00e7\\u00e1vel, ou por desrespeito a salvo-conduto. A partir desta ter\\u00e7a-feira (2) e at\\u00e9 48 horas depois do t\\u00e9rmino da vota\\u00e7\\u00e3o, nenhum eleitor poder\\u00e1 ser preso ou detido, salvo em flagrante delito, ou em virtude de senten\\u00e7a\",\"inLanguage\":\"pt-BR\",\"isPartOf\":{\"@id\":\"https:\\\/\\\/anoticiaonline.com.br\\\/site\\\/#website\"},\"breadcrumb\":{\"@id\":\"https:\\\/\\\/anoticiaonline.com.br\\\/site\\\/faltam-5-dias-eleitores-nao-podem-ser-presos-a-partir-de-hoje-2\\\/#breadcrumblist\"},\"author\":{\"@id\":\"https:\\\/\\\/anoticiaonline.com.br\\\/site\\\/author\\\/juliana\\\/#author\"},\"creator\":{\"@id\":\"https:\\\/\\\/anoticiaonline.com.br\\\/site\\\/author\\\/juliana\\\/#author\"},\"image\":{\"@type\":\"ImageObject\",\"url\":\"https:\\\/\\\/anoticiaonline.com.br\\\/site\\\/wp-content\\\/uploads\\\/2018\\\/10\\\/Faltam-5-dias-eleitores-n\\u00e3o-podem-ser-presos-a-partir-de-hoje-2.jpeg\",\"@id\":\"https:\\\/\\\/anoticiaonline.com.br\\\/site\\\/faltam-5-dias-eleitores-nao-podem-ser-presos-a-partir-de-hoje-2\\\/#mainImage\",\"width\":1000,\"height\":484},\"primaryImageOfPage\":{\"@id\":\"https:\\\/\\\/anoticiaonline.com.br\\\/site\\\/faltam-5-dias-eleitores-nao-podem-ser-presos-a-partir-de-hoje-2\\\/#mainImage\"},\"datePublished\":\"2018-10-02T16:19:57-03:00\",\"dateModified\":\"2018-10-02T16:19:57-03:00\"},{\"@type\":\"WebSite\",\"@id\":\"https:\\\/\\\/anoticiaonline.com.br\\\/site\\\/#website\",\"url\":\"https:\\\/\\\/anoticiaonline.com.br\\\/site\\\/\",\"name\":\"A Not\\u00edcia Online\",\"description\":\"Noticias de Muria\\u00e9 e regi\\u00e3o\",\"inLanguage\":\"pt-BR\",\"publisher\":{\"@id\":\"https:\\\/\\\/anoticiaonline.com.br\\\/site\\\/#organization\"}}]}\n\t\t<\/script>\n\t\t<!-- All in One SEO -->\n\n","aioseo_head_json":{"title":"Faltam 5 dias: eleitores n\u00e3o podem ser presos a partir de hoje (2) - A Not\u00edcia Online","description":"Eleitor s\u00f3 poder\u00e1 ser preso ou detido em flagrante delito, ou em virtude de senten\u00e7a criminal condenat\u00f3ria por crime inafian\u00e7\u00e1vel, ou por desrespeito a salvo-conduto. A partir desta ter\u00e7a-feira (2) e at\u00e9 48 horas depois do t\u00e9rmino da vota\u00e7\u00e3o, nenhum eleitor poder\u00e1 ser preso ou detido, salvo em flagrante delito, ou em virtude de senten\u00e7a","canonical_url":"https:\/\/anoticiaonline.com.br\/site\/faltam-5-dias-eleitores-nao-podem-ser-presos-a-partir-de-hoje-2\/","robots":"max-image-preview:large","keywords":"","webmasterTools":{"miscellaneous":""},"schema":{"@context":"https:\/\/schema.org","@graph":[{"@type":"BlogPosting","@id":"https:\/\/anoticiaonline.com.br\/site\/faltam-5-dias-eleitores-nao-podem-ser-presos-a-partir-de-hoje-2\/#blogposting","name":"Faltam 5 dias: eleitores n\u00e3o podem ser presos a partir de hoje (2) - A Not\u00edcia Online","headline":"Faltam 5 dias: eleitores n\u00e3o podem ser presos a partir de hoje (2)","author":{"@id":"https:\/\/anoticiaonline.com.br\/site\/author\/juliana\/#author"},"publisher":{"@id":"https:\/\/anoticiaonline.com.br\/site\/#organization"},"image":{"@type":"ImageObject","url":"https:\/\/anoticiaonline.com.br\/site\/wp-content\/uploads\/2018\/10\/Faltam-5-dias-eleitores-n\u00e3o-podem-ser-presos-a-partir-de-hoje-2.jpeg","width":1000,"height":484},"datePublished":"2018-10-02T16:19:57-03:00","dateModified":"2018-10-02T16:19:57-03:00","inLanguage":"pt-BR","mainEntityOfPage":{"@id":"https:\/\/anoticiaonline.com.br\/site\/faltam-5-dias-eleitores-nao-podem-ser-presos-a-partir-de-hoje-2\/#webpage"},"isPartOf":{"@id":"https:\/\/anoticiaonline.com.br\/site\/faltam-5-dias-eleitores-nao-podem-ser-presos-a-partir-de-hoje-2\/#webpage"},"articleSection":"Blog, Cotidiano, Gerais, ELEI\u00c7\u00d5ES 2018, Muria\u00e9, tse"},{"@type":"BreadcrumbList","@id":"https:\/\/anoticiaonline.com.br\/site\/faltam-5-dias-eleitores-nao-podem-ser-presos-a-partir-de-hoje-2\/#breadcrumblist","itemListElement":[{"@type":"ListItem","@id":"https:\/\/anoticiaonline.com.br\/site#listItem","position":1,"name":"Home","item":"https:\/\/anoticiaonline.com.br\/site","nextItem":{"@type":"ListItem","@id":"https:\/\/anoticiaonline.com.br\/site\/categoria\/muriae\/#listItem","name":"Blog"}},{"@type":"ListItem","@id":"https:\/\/anoticiaonline.com.br\/site\/categoria\/muriae\/#listItem","position":2,"name":"Blog","item":"https:\/\/anoticiaonline.com.br\/site\/categoria\/muriae\/","nextItem":{"@type":"ListItem","@id":"https:\/\/anoticiaonline.com.br\/site\/categoria\/muriae\/cotidiano\/#listItem","name":"Cotidiano"},"previousItem":{"@type":"ListItem","@id":"https:\/\/anoticiaonline.com.br\/site#listItem","name":"Home"}},{"@type":"ListItem","@id":"https:\/\/anoticiaonline.com.br\/site\/categoria\/muriae\/cotidiano\/#listItem","position":3,"name":"Cotidiano","item":"https:\/\/anoticiaonline.com.br\/site\/categoria\/muriae\/cotidiano\/","nextItem":{"@type":"ListItem","@id":"https:\/\/anoticiaonline.com.br\/site\/faltam-5-dias-eleitores-nao-podem-ser-presos-a-partir-de-hoje-2\/#listItem","name":"Faltam 5 dias: eleitores n\u00e3o podem ser presos a partir de hoje (2)"},"previousItem":{"@type":"ListItem","@id":"https:\/\/anoticiaonline.com.br\/site\/categoria\/muriae\/#listItem","name":"Blog"}},{"@type":"ListItem","@id":"https:\/\/anoticiaonline.com.br\/site\/faltam-5-dias-eleitores-nao-podem-ser-presos-a-partir-de-hoje-2\/#listItem","position":4,"name":"Faltam 5 dias: eleitores n\u00e3o podem ser presos a partir de hoje (2)","previousItem":{"@type":"ListItem","@id":"https:\/\/anoticiaonline.com.br\/site\/categoria\/muriae\/cotidiano\/#listItem","name":"Cotidiano"}}]},{"@type":"Organization","@id":"https:\/\/anoticiaonline.com.br\/site\/#organization","name":"A Not\u00edcia Online","description":"Noticias de Muria\u00e9 e regi\u00e3o","url":"https:\/\/anoticiaonline.com.br\/site\/","logo":{"@type":"ImageObject","url":"https:\/\/scontent-gig4-1.xx.fbcdn.net\/v\/t39.30808-1\/270437624_4564083193639691_6907940295614233970_n.jpg?stp=dst-jpg_s200x200_tt6&_nc_cat=111&ccb=1-7&_nc_sid=f907e8&_nc_ohc=SM1wRlP3lJwQ7kNvwEPuBYA&_nc_oc=AdnqrjDN_BNjSSHWO-GbkIWH6fkGMLw4bqvL_NH6e2wMveX7G-rP2dAqsDSq1mJMOaY&_nc_zt=24&_nc_ht=scontent-gig4-1.xx&_nc_gid=AoBFJeGrT1hVaew_6rchkQ&oh=00_AfX7QmFGhQhG2jAllVgXCiM1ZrWgvtp80-Bfppyexh1QEg&oe=689E923C","@id":"https:\/\/anoticiaonline.com.br\/site\/faltam-5-dias-eleitores-nao-podem-ser-presos-a-partir-de-hoje-2\/#organizationLogo"},"image":{"@id":"https:\/\/anoticiaonline.com.br\/site\/faltam-5-dias-eleitores-nao-podem-ser-presos-a-partir-de-hoje-2\/#organizationLogo"}},{"@type":"Person","@id":"https:\/\/anoticiaonline.com.br\/site\/author\/juliana\/#author","url":"https:\/\/anoticiaonline.com.br\/site\/author\/juliana\/","name":"Juliana Laviola","image":{"@type":"ImageObject","@id":"https:\/\/anoticiaonline.com.br\/site\/faltam-5-dias-eleitores-nao-podem-ser-presos-a-partir-de-hoje-2\/#authorImage","url":"https:\/\/secure.gravatar.com\/avatar\/b8d45f5c699b100dfaf0e543582f38f38bf94cb7ae3a5e9abf8d891a34773335?s=96&d=mm&r=g","width":96,"height":96,"caption":"Juliana Laviola"}},{"@type":"WebPage","@id":"https:\/\/anoticiaonline.com.br\/site\/faltam-5-dias-eleitores-nao-podem-ser-presos-a-partir-de-hoje-2\/#webpage","url":"https:\/\/anoticiaonline.com.br\/site\/faltam-5-dias-eleitores-nao-podem-ser-presos-a-partir-de-hoje-2\/","name":"Faltam 5 dias: eleitores n\u00e3o podem ser presos a partir de hoje (2) - A Not\u00edcia Online","description":"Eleitor s\u00f3 poder\u00e1 ser preso ou detido em flagrante delito, ou em virtude de senten\u00e7a criminal condenat\u00f3ria por crime inafian\u00e7\u00e1vel, ou por desrespeito a salvo-conduto. A partir desta ter\u00e7a-feira (2) e at\u00e9 48 horas depois do t\u00e9rmino da vota\u00e7\u00e3o, nenhum eleitor poder\u00e1 ser preso ou detido, salvo em flagrante delito, ou em virtude de senten\u00e7a","inLanguage":"pt-BR","isPartOf":{"@id":"https:\/\/anoticiaonline.com.br\/site\/#website"},"breadcrumb":{"@id":"https:\/\/anoticiaonline.com.br\/site\/faltam-5-dias-eleitores-nao-podem-ser-presos-a-partir-de-hoje-2\/#breadcrumblist"},"author":{"@id":"https:\/\/anoticiaonline.com.br\/site\/author\/juliana\/#author"},"creator":{"@id":"https:\/\/anoticiaonline.com.br\/site\/author\/juliana\/#author"},"image":{"@type":"ImageObject","url":"https:\/\/anoticiaonline.com.br\/site\/wp-content\/uploads\/2018\/10\/Faltam-5-dias-eleitores-n\u00e3o-podem-ser-presos-a-partir-de-hoje-2.jpeg","@id":"https:\/\/anoticiaonline.com.br\/site\/faltam-5-dias-eleitores-nao-podem-ser-presos-a-partir-de-hoje-2\/#mainImage","width":1000,"height":484},"primaryImageOfPage":{"@id":"https:\/\/anoticiaonline.com.br\/site\/faltam-5-dias-eleitores-nao-podem-ser-presos-a-partir-de-hoje-2\/#mainImage"},"datePublished":"2018-10-02T16:19:57-03:00","dateModified":"2018-10-02T16:19:57-03:00"},{"@type":"WebSite","@id":"https:\/\/anoticiaonline.com.br\/site\/#website","url":"https:\/\/anoticiaonline.com.br\/site\/","name":"A Not\u00edcia Online","description":"Noticias de Muria\u00e9 e regi\u00e3o","inLanguage":"pt-BR","publisher":{"@id":"https:\/\/anoticiaonline.com.br\/site\/#organization"}}]},"og:locale":"pt_BR","og:site_name":"A Not\u00edcia Online - Noticias de Muria\u00e9 e regi\u00e3o","og:type":"article","og:title":"Faltam 5 dias: eleitores n\u00e3o podem ser presos a partir de hoje (2) - A Not\u00edcia Online","og:description":"Eleitor s\u00f3 poder\u00e1 ser preso ou detido em flagrante delito, ou em virtude de senten\u00e7a criminal condenat\u00f3ria por crime inafian\u00e7\u00e1vel, ou por desrespeito a salvo-conduto. A partir desta ter\u00e7a-feira (2) e at\u00e9 48 horas depois do t\u00e9rmino da vota\u00e7\u00e3o, nenhum eleitor poder\u00e1 ser preso ou detido, salvo em flagrante delito, ou em virtude de senten\u00e7a","og:url":"https:\/\/anoticiaonline.com.br\/site\/faltam-5-dias-eleitores-nao-podem-ser-presos-a-partir-de-hoje-2\/","og:image":"https:\/\/scontent-gig4-1.xx.fbcdn.net\/v\/t39.30808-1\/270437624_4564083193639691_6907940295614233970_n.jpg?stp=dst-jpg_s200x200_tt6&#038;_nc_cat=111&#038;ccb=1-7&#038;_nc_sid=f907e8&#038;_nc_ohc=SM1wRlP3lJwQ7kNvwEPuBYA&#038;_nc_oc=AdnqrjDN_BNjSSHWO-GbkIWH6fkGMLw4bqvL_NH6e2wMveX7G-rP2dAqsDSq1mJMOaY&#038;_nc_zt=24&#038;_nc_ht=scontent-gig4-1.xx&#038;_nc_gid=AoBFJeGrT1hVaew_6rchkQ&#038;oh=00_AfX7QmFGhQhG2jAllVgXCiM1ZrWgvtp80-Bfppyexh1QEg&#038;oe=689E923C","og:image:secure_url":"https:\/\/scontent-gig4-1.xx.fbcdn.net\/v\/t39.30808-1\/270437624_4564083193639691_6907940295614233970_n.jpg?stp=dst-jpg_s200x200_tt6&#038;_nc_cat=111&#038;ccb=1-7&#038;_nc_sid=f907e8&#038;_nc_ohc=SM1wRlP3lJwQ7kNvwEPuBYA&#038;_nc_oc=AdnqrjDN_BNjSSHWO-GbkIWH6fkGMLw4bqvL_NH6e2wMveX7G-rP2dAqsDSq1mJMOaY&#038;_nc_zt=24&#038;_nc_ht=scontent-gig4-1.xx&#038;_nc_gid=AoBFJeGrT1hVaew_6rchkQ&#038;oh=00_AfX7QmFGhQhG2jAllVgXCiM1ZrWgvtp80-Bfppyexh1QEg&#038;oe=689E923C","article:published_time":"2018-10-02T19:19:57+00:00","article:modified_time":"2018-10-02T19:19:57+00:00","twitter:card":"summary_large_image","twitter:title":"Faltam 5 dias: eleitores n\u00e3o podem ser presos a partir de hoje (2) - A Not\u00edcia Online","twitter:description":"Eleitor s\u00f3 poder\u00e1 ser preso ou detido em flagrante delito, ou em virtude de senten\u00e7a criminal condenat\u00f3ria por crime inafian\u00e7\u00e1vel, ou por desrespeito a salvo-conduto. A partir desta ter\u00e7a-feira (2) e at\u00e9 48 horas depois do t\u00e9rmino da vota\u00e7\u00e3o, nenhum eleitor poder\u00e1 ser preso ou detido, salvo em flagrante delito, ou em virtude de senten\u00e7a","twitter:image":"https:\/\/scontent-gig4-1.xx.fbcdn.net\/v\/t39.30808-1\/270437624_4564083193639691_6907940295614233970_n.jpg?stp=dst-jpg_s200x200_tt6&_nc_cat=111&ccb=1-7&_nc_sid=f907e8&_nc_ohc=SM1wRlP3lJwQ7kNvwEPuBYA&_nc_oc=AdnqrjDN_BNjSSHWO-GbkIWH6fkGMLw4bqvL_NH6e2wMveX7G-rP2dAqsDSq1mJMOaY&_nc_zt=24&_nc_ht=scontent-gig4-1.xx&_nc_gid=AoBFJeGrT1hVaew_6rchkQ&oh=00_AfX7QmFGhQhG2jAllVgXCiM1ZrWgvtp80-Bfppyexh1QEg&oe=689E923C"},"aioseo_meta_data":{"post_id":"62527","title":null,"description":null,"keywords":null,"keyphrases":null,"primary_term":null,"canonical_url":null,"og_title":null,"og_description":null,"og_object_type":"default","og_image_type":"default","og_image_url":null,"og_image_width":null,"og_image_height":null,"og_image_custom_url":null,"og_image_custom_fields":null,"og_video":null,"og_custom_url":null,"og_article_section":null,"og_article_tags":null,"twitter_use_og":false,"twitter_card":"default","twitter_image_type":"default","twitter_image_url":null,"twitter_image_custom_url":null,"twitter_image_custom_fields":null,"twitter_title":null,"twitter_description":null,"schema":{"blockGraphs":[],"customGraphs":[],"default":{"data":{"Article":[],"Course":[],"Dataset":[],"FAQPage":[],"Movie":[],"Person":[],"Product":[],"ProductReview":[],"Car":[],"Recipe":[],"Service":[],"SoftwareApplication":[],"WebPage":[]},"graphName":"","isEnabled":true},"graphs":[]},"schema_type":"default","schema_type_options":null,"pillar_content":false,"robots_default":true,"robots_noindex":false,"robots_noarchive":false,"robots_nosnippet":false,"robots_nofollow":false,"robots_noimageindex":false,"robots_noodp":false,"robots_notranslate":false,"robots_max_snippet":null,"robots_max_videopreview":null,"robots_max_imagepreview":"large","priority":null,"frequency":null,"local_seo":null,"breadcrumb_settings":null,"limit_modified_date":false,"ai":null,"created":"2025-08-16 21:47:29","updated":"2025-08-16 21:47:29","focus_keyword":null,"additional_keywords":null,"truseo_locale":null,"seo_analyzer_scan_date":null},"aioseo_breadcrumb":"<div class=\"aioseo-breadcrumbs\"><span class=\"aioseo-breadcrumb\">\n\t\t\t<a href=\"https:\/\/anoticiaonline.com.br\/site\" title=\"Home\">Home<\/a>\n\t\t<\/span><span class=\"aioseo-breadcrumb-separator\">&raquo;<\/span><span class=\"aioseo-breadcrumb\">\n\t\t\t<a href=\"https:\/\/anoticiaonline.com.br\/site\/categoria\/muriae\/\" title=\"Blog\">Blog<\/a>\n\t\t<\/span><span class=\"aioseo-breadcrumb-separator\">&raquo;<\/span><span class=\"aioseo-breadcrumb\">\n\t\t\t<a href=\"https:\/\/anoticiaonline.com.br\/site\/categoria\/muriae\/cotidiano\/\" title=\"Cotidiano\">Cotidiano<\/a>\n\t\t<\/span><span class=\"aioseo-breadcrumb-separator\">&raquo;<\/span><span class=\"aioseo-breadcrumb\">\n\t\t\tFaltam 5 dias: eleitores n\u00e3o podem ser presos a partir de hoje (2)\n\t\t<\/span><\/div>","aioseo_breadcrumb_json":[{"label":"Home","link":"https:\/\/anoticiaonline.com.br\/site"},{"label":"Blog","link":"https:\/\/anoticiaonline.com.br\/site\/categoria\/muriae\/"},{"label":"Cotidiano","link":"https:\/\/anoticiaonline.com.br\/site\/categoria\/muriae\/cotidiano\/"},{"label":"Faltam 5 dias: eleitores n\u00e3o podem ser presos a partir de hoje (2)","link":"https:\/\/anoticiaonline.com.br\/site\/faltam-5-dias-eleitores-nao-podem-ser-presos-a-partir-de-hoje-2\/"}],"views":144,"_links":{"self":[{"href":"https:\/\/anoticiaonline.com.br\/site\/wp-json\/wp\/v2\/posts\/62527","targetHints":{"allow":["GET"]}}],"collection":[{"href":"https:\/\/anoticiaonline.com.br\/site\/wp-json\/wp\/v2\/posts"}],"about":[{"href":"https:\/\/anoticiaonline.com.br\/site\/wp-json\/wp\/v2\/types\/post"}],"author":[{"embeddable":true,"href":"https:\/\/anoticiaonline.com.br\/site\/wp-json\/wp\/v2\/users\/2"}],"replies":[{"embeddable":true,"href":"https:\/\/anoticiaonline.com.br\/site\/wp-json\/wp\/v2\/comments?post=62527"}],"version-history":[{"count":0,"href":"https:\/\/anoticiaonline.com.br\/site\/wp-json\/wp\/v2\/posts\/62527\/revisions"}],"wp:featuredmedia":[{"embeddable":true,"href":"https:\/\/anoticiaonline.com.br\/site\/wp-json\/wp\/v2\/media\/62528"}],"wp:attachment":[{"href":"https:\/\/anoticiaonline.com.br\/site\/wp-json\/wp\/v2\/media?parent=62527"}],"wp:term":[{"taxonomy":"category","embeddable":true,"href":"https:\/\/anoticiaonline.com.br\/site\/wp-json\/wp\/v2\/categories?post=62527"},{"taxonomy":"post_tag","embeddable":true,"href":"https:\/\/anoticiaonline.com.br\/site\/wp-json\/wp\/v2\/tags?post=62527"}],"curies":[{"name":"wp","href":"https:\/\/api.w.org\/{rel}","templated":true}]}}